{"id":3944,"date":"2022-08-10T08:30:00","date_gmt":"2022-08-10T07:30:00","guid":{"rendered":"https:\/\/endorfeen.com\/?p=3944"},"modified":"2023-08-18T11:02:28","modified_gmt":"2023-08-18T10:02:28","slug":"la-tete-de-la-muraillette-entre-muzelle-et-lauvitel","status":"publish","type":"post","link":"https:\/\/endorfeen.com\/fr\/la-tete-de-la-muraillette-entre-muzelle-et-lauvitel\/","title":{"rendered":"La T\u00eate de la Muraillette, entre Muzelle et Lauvitel"},"content":{"rendered":"\n<p>T\u00eate de la Muraillette, ou comment \u00e9chapper \u00e0 la chaleur.<\/p>\n\n\n\n<p>La France est en train de vivre ses journ\u00e9es les plus chaudes jamais enregistr\u00e9es, s\u00fbrement encore plus chaudes que celles de la canicule de 2003 : plus de 40 degr\u00e9s dans le Bordelais, \u00e0 Nantes, dans la Vall\u00e9e du Rh\u00f4ne et m\u00eame en Bretagne ! Alors qu&rsquo;une grande partie de l&rsquo;Europe occidentale suffoque, partir en montagne pour trouver de la fraicheur devient presque une n\u00e9cessit\u00e9. En effet, la cuvette grenobloise n&rsquo;est pas \u00e9pargn\u00e9e, la barre des 40\u00b0C ayant \u00e9t\u00e9 atteinte ce mardi 19 juillet, avec un ressenti de 46\u00b0C.<\/p>\n\n\n\n<p>Aller \u00e0 1000m ? C&rsquo;est 34\u00b0C qui vous attendront.<\/p>\n\n\n\n<p>Aller \u00e0 1500m ? Vous cuirez tout autant.<\/p>\n\n\n\n<h2 class=\"wp-block-heading\">Les Ecrins et la T\u00eate de la Muraillette<\/h2>\n\n\n\n<p>Seule solution, passer la barre des 2000m et s&rsquo;\u00e9chapper des massifs entourant la m\u00e9tropole de Grenoble. C&rsquo;est l\u00e0 que le Massif des Ecrins devient une porte de sortie int\u00e9ressante pour fuir le sauna des plaines. Des for\u00eats, de l&rsquo;eau, de l&rsquo;air et de l&rsquo;altitude, le m\u00e9lange id\u00e9al pour diviser par deux les litres de transpiration et dormir sereinement le temps d&rsquo;une nuit en haute montagne. Et quoi de mieux qu&rsquo;un itin\u00e9raire reliant deux des plus beaux lacs du Massif des Ecrins ? C&rsquo;est ce que je vous propose avec l&rsquo;ascension de la T\u00eate de la Muraillette 3019m, un des premiers 3000 du massif en partant du Nord-Ouest, entour\u00e9 par le Lac de la Muzelle et le Lauvitel.<\/p>\n\n\n\n<p>Ce sommet me narguait depuis quelques temps puisqu&rsquo;une ascension a \u00e9t\u00e9 tent\u00e9e \u00e0 l&rsquo;automne 2019 mais emp\u00each\u00e9e par la neige qui s&rsquo;\u00e9tait invit\u00e9 d\u00e8s 2000m. Cette fois c&rsquo;est la bonne, plus de neige, m\u00eame plus de glacier, que du caillou !<\/p>\n\n\n\n<p>Ce circuit d&rsquo;environ 25km peut se r\u00e9aliser en une seule journ\u00e9e, mais dans le but de profiter de la fraicheur des cimes, une nuit sera r\u00e9alis\u00e9e \u00e0 mi-parcours, l&rsquo;occasion de profiter du coucher et du lever du soleil sur le Massif des Ecrins.<\/p>\n\n\n\n<h2 class=\"wp-block-heading\">Savoir prendre son temps<\/h2>\n\n\n\n<p>L&rsquo;itin\u00e9raire sera effectu\u00e9 dans le sens Muzelle puis Lauvitel, mais il est tout \u00e0 fait concevable de le r\u00e9aliser en sens inverse. De plus, le bivouac sera mont\u00e9 au niveau du Col du Vallon, bien entendu il peut \u00eatre install\u00e9 soit au Lac de la Muzelle soit au Lauvitel, bien que le terrain soit assez restreint autour de ce dernier. N\u00e9anmoins, un bivouac au col a pour avantage de couper la randonn\u00e9e en deux parties globalement \u00e9gales. De plus, il s&rsquo;agit du point le plus haut, un peu plus de 2500m, o\u00f9 une tente peut \u00eatre install\u00e9e, le sentier menant \u00e0 la T\u00eate de la Muraillette empruntant par la suite pierriers et ar\u00eates. Ainsi, on pourra profiter d&rsquo;un maximum de fraicheur.<\/p>\n\n\n\n<p>Pour d\u00e9buter la randonn\u00e9e, il faut se rendre dans la Vall\u00e9e du V\u00e9n\u00e9on qui s&rsquo;enfonce vers le coeur du Massif des Ecrins, en direction du village de la B\u00e9rarde. Apr\u00e8s le petit village de V\u00e9nosc, il faut se garer au parking juste avant le hameau de l&rsquo;Alleau. Situ\u00e9 \u00e0 900m, la chaleur est encore \u00e9touffante et m\u00eame si on d\u00e9bute en sous-bois et en longeant un torrent, la liqu\u00e9faction n&rsquo;est pas tr\u00e8s loin. Quelle bonne id\u00e9e un d\u00e9part \u00e0 la mi-journ\u00e9e !<\/p>\n\n\n\n<figure class=\"wp-block-image alignwide size-large\"><img decoding=\"async\" src=\"https:\/\/express.adobe.com\/page\/vZgUapAl9p4kr\/images\/38f3438e-9d3a-4172-af58-ac2f6c0a1df8.jpg?asset_id=4ae2471c-c602-459d-bed9-70736dbae0b6&amp;img_etag=%222a76a273191370d4a5dc0226a02e0943%22&amp;size=1024\" alt=\"tete de la muraillette\"\/><\/figure>\n\n\n\n<p>Quelques minutes apr\u00e8s le d\u00e9part, on peut bifurquer l\u00e9g\u00e8rement du sentier principal pour se rendre pr\u00e8s de la Cascade de la Muzelle. Mais c&rsquo;est un cul-de-sac, il faut bien revenir sur ses pas pour reprendre le fil de l&rsquo;ascension.<\/p>\n\n\n\n<figure class=\"wp-block-image alignwide size-large\"><img decoding=\"async\" src=\"https:\/\/express.adobe.com\/page\/vZgUapAl9p4kr\/images\/68973223-9b24-4646-9a15-7560d1f01243.jpg?asset_id=66153b4d-81ce-48a2-b24e-ce63b86fc818&amp;img_etag=%229e1fd492eb2740c3b0f024c3cb565ced%22&amp;size=1024\" alt=\"tete de la muraillette\"\/><\/figure>\n\n\n\n<h2 class=\"wp-block-heading\">La mont\u00e9e<\/h2>\n\n\n\n<p>On commence \u00e0 bien surplomber la Vall\u00e9e du V\u00e9n\u00e9on d\u00e8s les premiers quarts d&rsquo;heure. Il faut dire que la premi\u00e8re partie de la mont\u00e9e vers le Lac de la Muzelle est assez rude, surtout sous cette chaleur.<\/p>\n\n\n\n<figure class=\"wp-block-image alignwide size-large\"><img decoding=\"async\" src=\"https:\/\/express.adobe.com\/page\/vZgUapAl9p4kr\/images\/d292290a-16f2-495c-97b1-4c77e2c4b566.jpg?asset_id=cc70af72-ec8f-40ec-a899-5f1dc119c9f8&amp;img_etag=%22c691c0cc0431cb415a14625b6f880ddc%22&amp;size=1024\" alt=\"\"\/><\/figure>\n\n\n\n<figure class=\"wp-block-image alignwide size-large\"><img decoding=\"async\" src=\"https:\/\/express.adobe.com\/page\/vZgUapAl9p4kr\/images\/2629824c-5ca5-41ca-a88e-7eafa7aaa39c.jpg?asset_id=ce6276a0-7fb5-4646-8035-43bbe5080453&amp;img_etag=%22dc478d08a99545c5d844f630dffb3b8e%22&amp;size=1024\" alt=\"\"\/><\/figure>\n\n\n\n<p>On met rapidement pied dans le coeur du Parc National des Ecrins. Les petits drapeaux tricolores indiquant les d\u00e9limitations de l&rsquo;espace prot\u00e9g\u00e9.<\/p>\n\n\n\n<figure class=\"wp-block-image alignwide size-large\"><img decoding=\"async\" src=\"https:\/\/express.adobe.com\/page\/vZgUapAl9p4kr\/images\/f9e7c866-8fac-47f3-a659-5954d55cf96f.jpg?asset_id=31976a67-5f63-4f05-b840-7770543093a7&amp;img_etag=%22ff53f4a55ecd3ef274adcc8a93e251ec%22&amp;size=1024\" alt=\"tete de la muraillette\"\/><\/figure>\n\n\n\n<p>Avec la chaleur, les gourdes sont vite \u00e0 sec. Le joliment nomm\u00e9 Ruisseau de la Pisse, coulant au fond du Vallon de la Muzelle, permet un ravitaillement en eau \u00e0 de nombreux moments lors de l&rsquo;ascension.<\/p>\n\n\n\n<figure class=\"wp-block-image alignwide size-large\"><img decoding=\"async\" src=\"https:\/\/express.adobe.com\/page\/vZgUapAl9p4kr\/images\/3ddbc504-627b-4b43-afe8-52c8df09bfd5.jpg?asset_id=1a71250d-cefb-489f-86f6-901e42614294&amp;img_etag=%22873cf968b16ddaf390925b1a10ecac93%22&amp;size=1024\" alt=\"tete de la muraillette\"\/><\/figure>\n\n\n\n<p>Une fois sorti de la for\u00eat, la pente s&rsquo;adoucit jusqu&rsquo;au Cirque du Clot du Selat fermant le vallon. Au-dessus du cirque, l&rsquo;objectif du lendemain : la T\u00eate de la Muraillette.<\/p>\n\n\n\n<figure class=\"wp-block-image alignwide size-large\"><img decoding=\"async\" src=\"https:\/\/express.adobe.com\/page\/vZgUapAl9p4kr\/images\/cb2a93c9-9d2b-4be9-afd3-499ed69e85de.jpg?asset_id=4fad6090-a870-4fa9-9c53-95daaf1a4398&amp;img_etag=%229ac955d75475a469b5881e5dff0bb066%22&amp;size=1024\" alt=\"tete de la muraillette\"\/><\/figure>\n\n\n\n<p>A la recherche de la fraicheur, les moutons ont pris d&rsquo;assaut ce petit mont.<\/p>\n\n\n\n<figure class=\"wp-block-image alignwide size-large\"><img decoding=\"async\" src=\"https:\/\/express.adobe.com\/page\/vZgUapAl9p4kr\/images\/30610cd8-8e61-4b45-a5cb-0d5935009865.jpg?asset_id=a3598cd4-4ee0-42ab-93ed-5730876d7eb7&amp;img_etag=%224378132b000894cc47da31d74a5140c4%22&amp;size=1024\" alt=\"\"\/><\/figure>\n\n\n\n<figure class=\"wp-block-image alignwide size-large\"><img decoding=\"async\" src=\"https:\/\/express.adobe.com\/page\/vZgUapAl9p4kr\/images\/9ab96b35-9ce8-46b5-a98c-66e20f8997f5.jpg?asset_id=e6d7e869-903d-4af5-b685-31885c4b8e9a&amp;img_etag=%22cf9cae0d9dabfa16f44d9fc390c282c5%22&amp;size=1024\" alt=\"\"\/><\/figure>\n\n\n\n<p>Apr\u00e8s le vallon, la pente repart de plus belle. Les cimes des Grandes-Rousses apparaissent dans notre dos, puis c&rsquo;est au tour de la station des Deux Alpes.<\/p>\n\n\n\n<figure class=\"wp-block-image alignwide size-large\"><img decoding=\"async\" src=\"https:\/\/express.adobe.com\/page\/vZgUapAl9p4kr\/images\/c5037d00-2334-4232-93c3-e688ab55a315.jpg?asset_id=2f7f2fab-32a7-4c55-b527-18116fd446bb&amp;img_etag=%22c8d97839cb1cbdacb167d90123b3fb2d%22&amp;size=1024\" alt=\"tete de la muraillette\"\/><\/figure>\n\n\n\n<p>Derri\u00e8re une ar\u00eate, la reine des lieux se dresse avec son glacier suspendu : la Roche de la Muzelle 3465m<\/p>\n\n\n\n<figure class=\"wp-block-image alignwide size-large\"><img decoding=\"async\" src=\"https:\/\/express.adobe.com\/page\/vZgUapAl9p4kr\/images\/818d439d-fbcd-4bf0-a3fc-7522344ef678.jpg?asset_id=306bcbef-5dc5-49b8-8d83-61758a7531a8&amp;img_etag=%227bc30360ecc949c752a57eae16ac4cdc%22&amp;size=1024\" alt=\"tete de la muraillette\"\/><\/figure>\n\n\n\n<p>Quelques sommets des Ecrins sortent \u00e9galement de l&rsquo;ar\u00eate comme le R\u00e2teau 3809m et l&rsquo;Aiguille du Plat de la Selle 3596m.<\/p>\n\n\n\n<figure class=\"wp-block-image alignwide size-large\"><img decoding=\"async\" src=\"https:\/\/express.adobe.com\/page\/vZgUapAl9p4kr\/images\/e1880e46-17f4-4097-b02a-02370e01167a.jpg?asset_id=d2426460-4d4a-4f84-9cb3-6d9f94f87c0f&amp;img_etag=%22141b99ccec141413149f90a87b1e8e54%22&amp;size=1024\" alt=\"\"\/><\/figure>\n\n\n\n<p>Peu avant le Refuge de la Muzelle, au niveau des tourbi\u00e8res, quelques \u00e2nes et mulets paissent dans l&rsquo;alpage. S\u00fbrement des compagnons de sortie pour les amateurs de treks organis\u00e9s.<\/p>\n\n\n\n<figure class=\"wp-block-image alignwide size-large\"><img decoding=\"async\" src=\"https:\/\/express.adobe.com\/page\/vZgUapAl9p4kr\/images\/c1b1856a-d1b2-4bc2-90d0-3587f985e202.jpg?asset_id=3b0b12b3-9ccd-44aa-9f3a-cc904b824c27&amp;img_etag=%22d69c5e5071d609e876317ddafed58688%22&amp;size=1024\" alt=\"tete de la muraillette\"\/><\/figure>\n\n\n\n<p>Avec le Pic du Mas de la Grave 3020m en toile de fond.<\/p>\n\n\n\n<figure class=\"wp-block-image alignwide size-large\"><img decoding=\"async\" src=\"https:\/\/express.adobe.com\/page\/vZgUapAl9p4kr\/images\/271dc507-53d8-418d-acc3-2fd91daaa2f3.jpg?asset_id=ddadb50a-71ab-4b9b-8062-366bba5969ea&amp;img_etag=%22259727ad585de7d837274025741b2001%22&amp;size=1024\" alt=\"tete de la muraillette\"\/><\/figure>\n\n\n\n<p>Quelques nuages flirtent avec les sommets, laissant par moment les rayons du soleil frapper par-ci par-l\u00e0 les parois des Ecrins.<\/p>\n\n\n\n<h2 class=\"wp-block-heading\">Vers le bivouac sur notre itin\u00e9raire de la T\u00eate de la Muraillette<\/h2>\n\n\n\n<figure class=\"wp-block-image alignwide size-large\"><img decoding=\"async\" src=\"https:\/\/express.adobe.com\/page\/vZgUapAl9p4kr\/images\/6b2c5b83-5b2a-4571-89e0-5889b89b71c0.jpg?asset_id=632c5cda-932c-45c0-87b3-2f16fa48d96b&amp;img_etag=%22aff26eb0a3f1c6b33aea5be5c002bd4e%22&amp;size=1024\" alt=\"tete de la muraillette\"\/><\/figure>\n\n\n\n<p>Arriv\u00e9e au Lac de la Muzelle 2105m entour\u00e9 de ses trois pics : la Roche de la Muzelle \u00e0 gauche, le Pic du Clapier du Peyron et la T\u00eate de la Muraillette \u00e0 droite. Au centre, le Col de la Muzelle.<\/p>\n\n\n\n<p>Une fois au lac, on peut directement se diriger vers le Col du Vallon, lieu d&rsquo;installation pour le bivouac. Mais ce serait dommage de ne pas partir sur les hauteurs du Refuge de la Muzelle pour le belv\u00e9d\u00e8re sur le lac et les merveilles g\u00e9ologiques qui s&rsquo;y cachent.<\/p>\n\n\n\n<figure class=\"wp-block-image alignwide size-large\"><img decoding=\"async\" src=\"https:\/\/express.adobe.com\/page\/vZgUapAl9p4kr\/images\/de16d85e-78ec-4c29-bf58-63691328bdd7.jpg?asset_id=4ecd7c1c-b90e-439d-835b-172644c4561c&amp;img_etag=%22ce232e82f683a4ed07878ebf84e2e640%22&amp;size=1024\" alt=\"tete de la muraillette\"\/><\/figure>\n\n\n\n<p>On prend donc la direction de la voie normale de l&rsquo;ascension de la Roche de la Muzelle. Sur 500m de d\u00e9nivel\u00e9s, le sentier est totalement randonnable. Le sommet n&rsquo;est pas indiqu\u00e9 sur les panneaux, il faut suivre la Roche Perc\u00e9e.<\/p>\n\n\n\n<figure class=\"wp-block-image alignwide size-large\"><img decoding=\"async\" src=\"https:\/\/express.adobe.com\/page\/vZgUapAl9p4kr\/images\/6cbd1f55-b853-4653-b7d1-71600b970f65.jpg?asset_id=d70419fb-05be-4be7-ba59-627519138e08&amp;img_etag=%228221b53b590d407c6afc78fdde51669f%22&amp;size=1024\" alt=\"tete de la muraillette\"\/><\/figure>\n\n\n\n<p>Premier piton rocheux au dessus du lac.<\/p>\n\n\n\n<p>On passe rapidement les arches, le soleil n&rsquo;\u00e9tant pas au rendez-vous. Le paysage sera plus spectaculaire \u00e0 la descente, quand les nuages se seront dissip\u00e9s au dessus de la Muzelle. On se content pour le moment d&rsquo;\u00e9tonnants reflets sur les eaux du lac.<\/p>\n\n\n\n<figure class=\"wp-block-image alignwide size-large\"><img decoding=\"async\" src=\"https:\/\/express.adobe.com\/page\/vZgUapAl9p4kr\/images\/4cebdbfa-4350-49bb-a4e8-468c6d63ebd0.jpg?asset_id=6faac53e-9a7f-41db-be4c-124f8d4f29c9&amp;img_etag=%2290428b208f534276ef8c05e033b5c1cb%22&amp;size=1024\" alt=\"tete de la muraillette\"\/><\/figure>\n\n\n\n<p>La cime de la T\u00eate de la Muraillette et une partie du ciel se refl\u00e8tent merveilleusement bien dans le Lac de la Muzelle.<\/p>\n\n\n\n<figure class=\"wp-block-image alignwide size-large\"><img decoding=\"async\" src=\"https:\/\/express.adobe.com\/page\/vZgUapAl9p4kr\/images\/9ea2f48f-2abf-4d66-b71d-0e5680633b48.jpg?asset_id=26a7ebf1-3469-43d5-8b89-f02c8ea984ad&amp;img_etag=%225860c234cc989db271efbdfa8509d8f2%22&amp;size=1024\" alt=\"tete de la muraillette\"\/><\/figure>\n\n\n\n<p>Avec le Refuge cette fois-ci.<\/p>\n\n\n\n<figure class=\"wp-block-image alignwide size-large\"><img decoding=\"async\" src=\"https:\/\/express.adobe.com\/page\/vZgUapAl9p4kr\/images\/05896730-74a6-404d-9c1f-7512f8ab33a0.jpg?asset_id=1dc836c3-9823-4662-849a-643eeac63097&amp;img_etag=%22f8e60aa9efa3328e56428f6170152ca3%22&amp;size=1024\" alt=\"\"\/><\/figure>\n\n\n\n<figure class=\"wp-block-image alignwide size-large\"><img decoding=\"async\" src=\"https:\/\/express.adobe.com\/page\/vZgUapAl9p4kr\/images\/9b9ba6f5-c713-4666-b6e1-83c54c13f094.jpg?asset_id=714d5bd5-59b3-4172-9b6c-b142a6bb1b3c&amp;img_etag=%22fb988bd62825af21ff206cfd6324eb01%22&amp;size=1024\" alt=\"\"\/><\/figure>\n\n\n\n<p>Sans et avec les rayons du soleil.<\/p>\n\n\n\n<figure class=\"wp-block-image alignwide size-large\"><img decoding=\"async\" src=\"https:\/\/express.adobe.com\/page\/vZgUapAl9p4kr\/images\/68386b57-c8f2-4523-b7be-5f60647f9ab9.jpg?asset_id=a8932206-dc0d-4440-9c15-8921ed96db80&amp;img_etag=%22d4d0a4f94f5cadde82817bcb67f1cb62%22&amp;size=1024\" alt=\"tete de la muraillette\"\/><\/figure>\n\n\n\n<p>T\u00eate de la Muraillette et Lac de la Muzelle.<\/p>\n\n\n\n<figure class=\"wp-block-image alignwide size-large\"><img decoding=\"async\" src=\"https:\/\/express.adobe.com\/page\/vZgUapAl9p4kr\/images\/e7093cca-d0e0-4984-8e94-82879e7f6399.jpg?asset_id=0658baa2-b880-4362-82ec-1aa0d1f6a725&amp;img_etag=%228274c54aaedf1e940b444e61e575cc80%22&amp;size=1024\" alt=\"\"\/><\/figure>\n\n\n\n<figure class=\"wp-block-image alignwide size-large\"><img decoding=\"async\" src=\"https:\/\/express.adobe.com\/page\/vZgUapAl9p4kr\/images\/56c856b4-fb1a-4401-b2c2-2daafa0d7d36.jpg?asset_id=256ede73-b219-4b35-8cc5-a3216d619911&amp;img_etag=%220b7de783edb26c7bd0c550ba927f1dad%22&amp;size=1024\" alt=\"\"\/><\/figure>\n\n\n\n<p>Le Refuge de la Muzelle et l&rsquo;alimentation du lac par le Ruisseau des Cabanes. C&rsquo;est de ce c\u00f4t\u00e9 du lac que le bivouac est autoris\u00e9.<\/p>\n\n\n\n<figure class=\"wp-block-image alignwide size-large\"><img decoding=\"async\" src=\"https:\/\/express.adobe.com\/page\/vZgUapAl9p4kr\/images\/f2aa7285-4b36-4798-8fef-7be2296b219f.jpg?asset_id=2fd61dc3-7950-4b85-b965-e22b58a6b0ef&amp;img_etag=%2296d59a4dc291f49570266abaabc2f958%22&amp;size=1024\" alt=\"\"\/><\/figure>\n\n\n\n<figure class=\"wp-block-image alignwide size-large\"><img decoding=\"async\" src=\"https:\/\/express.adobe.com\/page\/vZgUapAl9p4kr\/images\/7939e560-d4d6-4259-9dbc-949b4b4fa7f5.jpg?asset_id=3f50fadf-2d4e-47d2-a9f3-8dabce246df5&amp;img_etag=%229467ad80767a2bcf0ef9a8e299d7898c%22&amp;size=1024\" alt=\"\"\/><\/figure>\n\n\n\n<p>Une premi\u00e8re arche surplombant le lac, sur les cartes elle se nomme \u00a0\u00bbla chemin\u00e9e de f\u00e9e\u00a0\u00bb. Il est possible de se rendre au coeur du rocher pour s&rsquo;immortaliser le temps d&rsquo;un instant.<\/p>\n\n\n\n<h2 class=\"wp-block-heading\">En prenant de la hauteur<\/h2>\n\n\n\n<p>Apr\u00e8s l&rsquo;arche, on peut encore continuer la mont\u00e9e afin de se rapprocher du Glacier de la Muzelle et d&rsquo;agrandir le panorama au-del\u00e0 du Cirque \u00e9ponyme.<\/p>\n\n\n\n<figure class=\"wp-block-image alignwide size-large\"><img decoding=\"async\" src=\"https:\/\/express.adobe.com\/page\/vZgUapAl9p4kr\/images\/edc24f34-256c-441e-a3f2-997ef6481cdc.jpg?asset_id=0b120159-c703-4314-bf19-93c50024f90c&amp;img_etag=%222cd4ed0cf2aba3e43852447ca2e8d4e6%22&amp;size=1024\" alt=\"tete de la muraillette\"\/><\/figure>\n\n\n\n<p>Entre Grandes-Rousses, Arves et Ecrins.<\/p>\n\n\n\n<figure class=\"wp-block-image alignwide size-large\"><img decoding=\"async\" src=\"https:\/\/express.adobe.com\/page\/vZgUapAl9p4kr\/images\/0db6f508-889b-46af-ba6a-ef31075de7b1.jpg?asset_id=f5a660f9-69c9-4821-89ef-db44e4e56692&amp;img_etag=%22fd1df5dec724083ed1c65c460f2d04d1%22&amp;size=1024\" alt=\"tete de la muraillette\"\/><\/figure>\n\n\n\n<p>La Pointe de Malhaubert et le Rochail se d\u00e9voilent derri\u00e8re le Col du Vallon \u00e0 gauche. Au centre, les Trois Pics de Belledonne apparaissent \u00e0 c\u00f4t\u00e9 de l&rsquo;Aiguille de V\u00e9nosc.<\/p>\n\n\n\n<figure class=\"wp-block-image alignfull size-large\"><img decoding=\"async\" src=\"https:\/\/express.adobe.com\/page\/vZgUapAl9p4kr\/images\/85199de6-45b8-4918-9dd0-7d0da0f51946.jpg?asset_id=c6940b46-6c3c-4a6c-8838-e7d068b4eb35&amp;img_etag=%22e7963309a5511be6049f33fb80572e25%22&amp;size=1024\" alt=\"tete de la muraillette\"\/><\/figure>\n\n\n\n<figure class=\"wp-block-gallery alignwide has-nested-images columns-default is-cropped wp-block-gallery-1 is-layout-flex wp-block-gallery-is-layout-flex\">\n<figure class=\"wp-block-image alignwide size-large\"><img decoding=\"async\" src=\"https:\/\/express.adobe.com\/page\/vZgUapAl9p4kr\/images\/df59ea94-aef2-4dfa-9a0d-b8fde7527f94.jpg?asset_id=3dc78841-59a3-4937-9a7f-cf926d1bfb52&amp;img_etag=%22098d7c803172c14cffaf47c3fabd3a33%22&amp;size=1024\" alt=\"\"\/><\/figure>\n\n\n\n<figure class=\"wp-block-image alignwide size-large\"><img decoding=\"async\" src=\"https:\/\/express.adobe.com\/page\/vZgUapAl9p4kr\/images\/b8d378e8-c602-436a-89fd-e94a51067372.jpg?asset_id=7bd7a8ce-df9c-47e5-82db-50024892e49b&amp;img_etag=%22a7ac4599d8238adad5872507bb21fe62%22&amp;size=1024\" alt=\"\"\/><\/figure>\n<\/figure>\n\n\n\n<p>Front glaciaire et falaise Ouest.<\/p>\n\n\n\n<figure class=\"wp-block-image alignwide size-large\"><img decoding=\"async\" src=\"https:\/\/express.adobe.com\/page\/vZgUapAl9p4kr\/images\/678cb6c1-e4b3-450d-b0ca-569cf6960a19.jpg?asset_id=11f0da80-05fa-4685-876f-be6181ce80ce&amp;img_etag=%22087c2889b43bf60e80775865f90d59f3%22&amp;size=1024\" alt=\"\"\/><\/figure>\n\n\n\n<figure class=\"wp-block-image alignwide size-large\"><img decoding=\"async\" src=\"https:\/\/express.adobe.com\/page\/vZgUapAl9p4kr\/images\/6f2e7838-94c6-4752-b4d1-abdecdc7f2d5.jpg?asset_id=03c21ba5-29bc-4b01-9710-c25ea554223b&amp;img_etag=%2259d98dffd796e10d1844857af5ced9f4%22&amp;size=1024\" alt=\"\"\/><\/figure>\n\n\n\n<p>Au del\u00e0 de ces pentes herbeuses, le sentier d&rsquo;alpinisme d\u00e9bute pour l&rsquo;ascension de la Roche de la Muzelle. Il est temps de stopper notre progression pour retrouver le Lac de la Muzelle. Il reste encore la mont\u00e9e vers le Col du Vallon \u00e0 effectuer avant la tomb\u00e9e de la nuit.<\/p>\n\n\n\n<figure class=\"wp-block-image alignfull size-large\"><img decoding=\"async\" src=\"https:\/\/express.adobe.com\/page\/vZgUapAl9p4kr\/images\/e84a4c8a-7563-4315-a3db-ea73f1a33f59.jpg?asset_id=5efd8c6b-ea94-4bb7-bda7-6ae3f647fc1d&amp;img_etag=%22d807afe87839cf46871916c738f1f7d0%22&amp;size=1024\" alt=\"tete de la muraillette\"\/><\/figure>\n\n\n\n<p>Sur le fil de l&rsquo;ar\u00eate, en direction des Deux Alpes.<\/p>\n\n\n\n<figure class=\"wp-block-gallery alignwide has-nested-images columns-default is-cropped wp-block-gallery-2 is-layout-flex wp-block-gallery-is-layout-flex\">\n<figure class=\"wp-block-image alignwide size-large\"><img decoding=\"async\" src=\"https:\/\/express.adobe.com\/page\/vZgUapAl9p4kr\/images\/7353f780-3d04-4e5d-9599-63a1afb5b376.jpg?asset_id=98d067f4-fa82-4c04-b269-a89782234f04&amp;img_etag=%22ab247ac78ed13cfaf20034de634d01d3%22&amp;size=1024\" alt=\"\"\/><\/figure>\n\n\n\n<figure class=\"wp-block-image alignwide size-large\"><img decoding=\"async\" src=\"https:\/\/express.adobe.com\/page\/vZgUapAl9p4kr\/images\/ed9c908e-bd9a-49a9-b140-68049e354f46.jpg?asset_id=44982e2c-ad20-439a-895d-06b858a7c624&amp;img_etag=%2234ccf211bc286b94b8d432859914c649%22&amp;size=1024\" alt=\"\"\/><\/figure>\n<\/figure>\n\n\n\n<p>Avant les arches, on repasse pr\u00e8s de ce cairn dont les abords accueillent quelques brins de G\u00e9n\u00e9pi. Mais pas touche ! C&rsquo;est le Parc National ici !<\/p>\n\n\n\n<figure class=\"wp-block-image alignwide size-large\"><img decoding=\"async\" src=\"https:\/\/express.adobe.com\/page\/vZgUapAl9p4kr\/images\/e3b060c4-3499-46aa-bc04-bd67d6cc7937.jpg?asset_id=9de13ba5-98c6-4fe7-a8d6-4e30b502bae3&amp;img_etag=%22c59a87e29ec4618b034d056539b102dc%22&amp;size=1024\" alt=\"tete de la muraillette\"\/><\/figure>\n\n\n\n<p>Le sentier descend progressivement vers le Refuge de la Muzelle. C&rsquo;est dans les pitons rocheux au-dessus du refuge que se cachent les deux arches.<\/p>\n\n\n\n<figure class=\"wp-block-image alignwide size-large\"><img decoding=\"async\" src=\"https:\/\/express.adobe.com\/page\/vZgUapAl9p4kr\/images\/4402ab90-e915-4761-a76f-2f1dfed379d6.jpg?asset_id=d9b1b5f9-2ae1-4b4a-b329-b9b2bdb88bf6&amp;img_etag=%226d1e19536a9d083a7fb61e4e65ef2c35%22&amp;size=1024\" alt=\"tete de la muraillette\"\/><\/figure>\n\n\n\n<p>Pour celle-ci, c&rsquo;est carr\u00e9ment le sentier qui y passe \u00e0 travers. C&rsquo;est la fameuse Roche Perc\u00e9e indiqu\u00e9e par les panneaux du refuge.<\/p>\n\n\n\n<figure class=\"wp-block-image alignwide size-large\"><img decoding=\"async\" src=\"https:\/\/express.adobe.com\/page\/vZgUapAl9p4kr\/images\/d4ca8428-4a20-41ba-a818-4b1389bddb7d.jpg?asset_id=ff8e404b-fc7e-4850-8b53-afd0ee12aa5a&amp;img_etag=%2299f986eb9d0b27d539ac5e4fd1c110a7%22&amp;size=1024\" alt=\"tete de la muraillette\"\/><\/figure>\n\n\n\n<p>L&rsquo;arche et la Roche de la Muzelle.<\/p>\n\n\n\n<figure class=\"wp-block-image alignwide size-large\"><img decoding=\"async\" src=\"https:\/\/express.adobe.com\/page\/vZgUapAl9p4kr\/images\/3e811589-dbae-4d43-abc5-fbf79d5442b8.jpg?asset_id=f83c6f13-7016-4e6c-a31f-46fa1b947fe6&amp;img_etag=%226926d7095d8696158cb49f66e9ada588%22&amp;size=1024\" alt=\"tete de la muraillette\"\/><\/figure>\n\n\n\n<p>On retrouve le Refuge de la Muzelle. Pour les chanceux qui y dormiront, c&rsquo;est d\u00e9j\u00e0 l&rsquo;heure du diner. Quant \u00e0 nous, on poursuit sur les bords du lac avant de partir sur la droite, laissant le sentier montant vers le Col de la Muzelle.<\/p>\n\n\n\n<figure class=\"wp-block-image alignwide size-large\"><img decoding=\"async\" src=\"https:\/\/express.adobe.com\/page\/vZgUapAl9p4kr\/images\/66b8a108-8589-4ff0-89c2-5f0e7b81c019.jpg?asset_id=942dd5dd-287a-40c8-bb97-1098df036f6c&amp;img_etag=%22646160286b143f8f7a4a2772f879a0f1%22&amp;size=1024\" alt=\"tete de la muraillette\"\/><\/figure>\n\n\n\n<p>Pour donner une id\u00e9e du crochet vers le Glacier de la Muzelle, nous avons atteint la cr\u00eate rocheuse pile au centre de la photo.<\/p>\n\n\n\n<h2 class=\"wp-block-heading\">Passer le col du Vallon<\/h2>\n\n\n\n<p>C&rsquo;est 400m de d\u00e9nivel\u00e9s positifs qu&rsquo;il reste \u00e0 effectuer entre le Lac de la Muzelle et le Col du Vallon. Dans un premier temps, on traverse un \u00e9boulis de gros blocs avant d&rsquo;atteindre les gradins herbeux o\u00f9 un d\u00e9fil\u00e9 de lacets nous attend pour finalement d\u00e9boucher au col. Les marmottes nous accompagnent durant l&rsquo;ascension.<\/p>\n\n\n\n<figure class=\"wp-block-gallery alignwide has-nested-images columns-default is-cropped wp-block-gallery-3 is-layout-flex wp-block-gallery-is-layout-flex\">\n<figure class=\"wp-block-image alignwide size-large\"><img decoding=\"async\" src=\"https:\/\/express.adobe.com\/page\/vZgUapAl9p4kr\/images\/6e5102ad-f3b1-40cc-baaa-b5c3468b81a2.jpg?asset_id=005b4de9-5201-446b-80ee-73bf69a40012&amp;img_etag=%222032c2cc6e250328420a7ce75fdb7b81%22&amp;size=1024\" alt=\"tete de la muraillette\"\/><\/figure>\n\n\n\n<figure class=\"wp-block-image alignwide size-large\"><img decoding=\"async\" src=\"https:\/\/express.adobe.com\/page\/vZgUapAl9p4kr\/images\/1f9ff36e-c631-44ea-a90c-718c1439a0c1.jpg?asset_id=a7bd1f61-7f94-4957-9012-cfff5666e9b1&amp;img_etag=%2271620eef5ac31c66a86df298875b16b4%22&amp;size=1024\" alt=\"tete de la muraillette\"\/><\/figure>\n<\/figure>\n\n\n\n<p>Un orage inattendu semble se former sur le Sud du Massif des Ecrins. La pr\u00e9sence de r\u00e9seau permet de confirmer l&rsquo;instabilit\u00e9 sur les Hautes-Alpes mais elle est en voie de dissipation.<\/p>\n\n\n\n<figure class=\"wp-block-image alignwide size-large\"><img decoding=\"async\" src=\"https:\/\/express.adobe.com\/page\/vZgUapAl9p4kr\/images\/933516d9-dda4-449e-ba14-26581290df23.jpg?asset_id=b6b79683-21bd-4e91-9a39-afde1c1ecd31&amp;img_etag=%22072d4e2aa55a5caa4a8d3f7a58be54d7%22&amp;size=1024\" alt=\"tete de la muraillette\"\/><\/figure>\n\n\n\n<p>Aux quelques cris des marmottes du coin, il ne faut pas h\u00e9siter \u00e0 lever les yeux vers le ciel. Ce n&rsquo;est pas moins d&rsquo;une dizaine de vautours fauves qui se sont envol\u00e9s de la paroi de la T\u00eate de la Muraillette \u00e0 la recherche de leur diner. On les devine dans le ciel lugubre surplombant les Ecrins.<\/p>\n\n\n\n<figure class=\"wp-block-image alignwide size-large\"><img decoding=\"async\" src=\"https:\/\/express.adobe.com\/page\/vZgUapAl9p4kr\/images\/8b8a1874-3a4d-4f56-beb2-d7315bc6d518.jpg?asset_id=3bfa045a-646c-4ab3-a05b-5a9f8971cead&amp;img_etag=%22f2127065c1276b397231abf593219726%22&amp;size=1024\" alt=\"tete de la muraillette\"\/><\/figure>\n\n\n\n<p>Une fois au Col du Vallon 2540m, notre regard plonge vers la Vall\u00e9e de la Romanche et le Bourg d&rsquo;Oisans. La vall\u00e9e est stri\u00e9e par les rayons du soleil s&rsquo;affaissant peu \u00e0 peu.<\/p>\n\n\n\n<p>L&rsquo;orage des Hautes-Alpes a cr\u00e9\u00e9 une enclume gigantesque au-dessus du Massif des Ecrins. Une enclume est le nom donn\u00e9 \u00e0 la partie la plus haute d&rsquo;une cumulonimbus s&rsquo;\u00e9talant dans l&rsquo;atmosph\u00e8re. Bien que l&rsquo;orage frappe \u00e0 un endroit, elle et son ombre peuvent l&rsquo;\u00e9taler sur des superficies bien plus larges. Celle-ci a recouvert une bonne partie du Sud-Est de l&rsquo;Is\u00e8re. En descendant vers l&rsquo;horizon, le soleil devrait donc refaire une apparition sous peu.<\/p>\n\n\n\n<figure class=\"wp-block-image alignwide size-large\"><img decoding=\"async\" src=\"https:\/\/express.adobe.com\/page\/vZgUapAl9p4kr\/images\/e1dd5196-29f4-4565-b1d6-31e46410e4cf.jpg?asset_id=22589449-f29f-4f67-b9cf-e356734e1358&amp;img_etag=%22826764bdbb1bb668aa573fcd2a445375%22&amp;size=1024\" alt=\"tete de la muraillette\"\/><\/figure>\n\n\n\n<p>Depuis le Col du Vallon on aper\u00e7oit que trop peu la Roche de la Muzelle. En arpentant sur quelques dizaines de m\u00e8tres le sentier qui suit les ar\u00eates et m\u00e8ne \u00e0 l&rsquo;Aiguille de V\u00e9nosc, on peut b\u00e9n\u00e9ficier d&rsquo;une plus ample vue sur le sommet comme on peut le voir sur cette photo. En attendant que le soleil r\u00e9apparaisse, le diner est servi !<\/p>\n\n\n\n<figure class=\"wp-block-image alignwide size-large\"><img decoding=\"async\" src=\"https:\/\/express.adobe.com\/page\/vZgUapAl9p4kr\/images\/fd7baa78-9dda-44a4-af72-c08aa7a29a4c.jpg?asset_id=07b9af1f-37d7-49c8-88a2-100ec33408af&amp;img_etag=%222290836e9b0b871991365c0707f57f6f%22&amp;size=1024\" alt=\"tete de la muraillette\"\/><\/figure>\n\n\n\n<p>Il n&rsquo;aura pas fallu attendre tr\u00e8s longtemps avant que les rayons illuminent la face Ouest de l&rsquo;Aiguille de V\u00e9nosc. Planter la tente attendra, place \u00e0 l&rsquo;appareil photo !<\/p>\n\n\n\n<figure class=\"wp-block-image alignwide size-large\"><img decoding=\"async\" src=\"https:\/\/express.adobe.com\/page\/vZgUapAl9p4kr\/images\/cf019037-9019-4f85-a5a0-a06346bd45ac.jpg?asset_id=8c156209-a9ef-4d4f-835b-e338c4466aba&amp;img_etag=%22575e77445d90a0bb2f8ff6addd11f8fd%22&amp;size=1024\" alt=\"tete de la muraillette\"\/><\/figure>\n\n\n\n<p>Petit \u00e0 petit, le soleil se d\u00e9gage de l&rsquo;ombre de l&rsquo;enclume. A l&rsquo;inverse d&rsquo;un lever du soleil, l&rsquo;illumination commence par le bas.<\/p>\n\n\n\n<figure class=\"wp-block-image alignwide size-large\"><img decoding=\"async\" src=\"https:\/\/express.adobe.com\/page\/vZgUapAl9p4kr\/images\/7f7ac317-3c0e-406e-bc9b-024c6482012a.jpg?asset_id=152f3ae1-7c53-4848-a29e-1deb658873ea&amp;img_etag=%2215fb1cf9fde95609d0148176424bd98b%22&amp;size=1024\" alt=\"tete de la muraillette\"\/><\/figure>\n\n\n\n<p>La T\u00eate de la Muraillette et son ombre sur la face Ouest de la Roche de la Muzelle. Le reste des Ecrins attend patiemment les premiers rayons.<\/p>\n\n\n\n<figure class=\"wp-block-image alignwide size-large\"><img decoding=\"async\" src=\"https:\/\/express.adobe.com\/page\/vZgUapAl9p4kr\/images\/4972f0cd-32a3-4041-8998-a9543f70a1c7.jpg?asset_id=efa625ae-1204-4e41-9da3-1e1728330043&amp;img_etag=%225ae06c10bc29cc072391e3931a048ecb%22&amp;size=1024\" alt=\"tete de la muraillette\"\/><\/figure>\n\n\n\n<p>Le Lac de la Muzelle n&rsquo;aura malheureusement pas eu le droit \u00e0 quelques lueurs.<\/p>\n\n\n\n<figure class=\"wp-block-image alignwide size-large\"><img decoding=\"async\" src=\"https:\/\/express.adobe.com\/page\/vZgUapAl9p4kr\/images\/c6429c11-2374-4230-9bd9-e5043743f53b.jpg?asset_id=f0aa0e45-5915-4811-84aa-c49d39f2c55f&amp;img_etag=%223721d0446a99ca1f36ece1c0c98ec338%22&amp;size=1024\" alt=\"tete de la muraillette\"\/><\/figure>\n\n\n\n<p>Alors que les Aiguilles d&rsquo;Arves (\u00e0 gauche) et la Barre des Ecrins (\u00e0 droite) sont dans l&rsquo;obscurit\u00e9, les montagnes entourant le Vallon du Diable au centre profitent des rayons.<\/p>\n\n\n\n<figure class=\"wp-block-image alignwide size-large\"><img decoding=\"async\" src=\"https:\/\/express.adobe.com\/page\/vZgUapAl9p4kr\/images\/b0dcd8ff-75af-4535-a791-ba3542168f15.jpg?asset_id=8dc04657-924c-4f42-b698-c2d432008363&amp;img_etag=%220816f4ae19187ab2e040539043919761%22&amp;size=1024\" alt=\"tete de la muraillette\"\/><\/figure>\n\n\n\n<p>Un peu plus tard, la Barre des Ecrins est baign\u00e9e par la luminosit\u00e9.<\/p>\n\n\n\n<figure class=\"wp-block-image alignwide size-large\"><img decoding=\"async\" src=\"https:\/\/express.adobe.com\/page\/vZgUapAl9p4kr\/images\/d796279f-dea4-4d62-89b3-42a55857e11e.jpg?asset_id=071e4a8a-a3f4-4c46-96f5-d944a8979d68&amp;img_etag=%221aba8e72c1b0a9767b668e057241a158%22&amp;size=1024\" alt=\"\"\/><\/figure>\n\n\n\n<figure class=\"wp-block-image alignwide size-large\"><img decoding=\"async\" src=\"https:\/\/express.adobe.com\/page\/vZgUapAl9p4kr\/images\/6c5a95a4-085b-4076-b430-e9cbb292c367.jpg?asset_id=9fc58228-f75d-4d78-bbc7-6c6a763afe1b&amp;img_etag=%228b4d15c59b36958fe8cd6fbb224e2826%22&amp;size=1024\" alt=\"\"\/><\/figure>\n\n\n\n<p>L&rsquo;Aiguille du Plat de la Selle a quelques minutes d&rsquo;intervalle.<\/p>\n\n\n\n<p>Quelques clich\u00e9s de la luminosit\u00e9 sur la Roche de la Muzelle et son glacier :<\/p>\n\n\n\n<figure class=\"wp-block-gallery alignwide has-nested-images columns-default is-cropped wp-block-gallery-4 is-layout-flex wp-block-gallery-is-layout-flex\">\n<figure class=\"wp-block-image alignwide size-large\"><img decoding=\"async\" src=\"https:\/\/express.adobe.com\/page\/vZgUapAl9p4kr\/images\/18f370e4-e6e1-45aa-80f8-3cd28e8685dd.jpg?asset_id=6b2b541f-1c45-4d38-a9ef-00020a604ad4&amp;img_etag=%22f34770cfed32d5032a768ad95c650d80%22&amp;size=1024\" alt=\"tete de la muraillette\"\/><\/figure>\n\n\n\n<figure class=\"wp-block-image alignwide size-large\"><img decoding=\"async\" src=\"https:\/\/express.adobe.com\/page\/vZgUapAl9p4kr\/images\/5ce92eb9-64da-4fca-91da-a15cfe2a411a.jpg?asset_id=001cf0b6-5db7-401e-9c03-da0a216dc6dc&amp;img_etag=%22464deaf4e5057019c2cc849d8380d8fe%22&amp;size=1024\" alt=\"tete de la muraillette\"\/><\/figure>\n\n\n\n<figure class=\"wp-block-image alignwide size-large\"><img decoding=\"async\" src=\"https:\/\/express.adobe.com\/page\/vZgUapAl9p4kr\/images\/ffd363ed-d482-4529-bbc5-0953f2a0748e.jpg?asset_id=a3215ef6-98f2-4c9e-90bc-d4b8273ab3ee&amp;img_etag=%2289abf2b69fc877349787bd35e094e56e%22&amp;size=1024\" alt=\"tete de la muraillette\"\/><\/figure>\n<\/figure>\n\n\n\n<p>Quelques clich\u00e9s de la luminosit\u00e9 sur la T\u00eate de la Muraillette :<\/p>\n\n\n\n<figure class=\"wp-block-gallery alignwide has-nested-images columns-default is-cropped wp-block-gallery-5 is-layout-flex wp-block-gallery-is-layout-flex\">\n<figure class=\"wp-block-image alignwide size-large\"><img decoding=\"async\" src=\"https:\/\/express.adobe.com\/page\/vZgUapAl9p4kr\/images\/ce09020b-9cae-4207-a750-d906e61279bf.jpg?asset_id=b93828a8-0d50-4cda-8129-7d3fe11ad026&amp;img_etag=%2267b92fb5870a4c654f7eee3aa943610d%22&amp;size=1024\" alt=\"tete de la muraillette\"\/><\/figure>\n\n\n\n<figure class=\"wp-block-image alignwide size-large\"><img decoding=\"async\" src=\"https:\/\/express.adobe.com\/page\/vZgUapAl9p4kr\/images\/90dc5cb0-969d-4380-8eb1-5a90c1dc6be1.jpg?asset_id=ff540d0f-834f-4acd-bde8-b38c9938364a&amp;img_etag=%22c0dea5975af3ccb2c238e83d3f525605%22&amp;size=1024\" alt=\"tete de la muraillette\"\/><\/figure>\n\n\n\n<figure class=\"wp-block-image alignwide size-large\"><img decoding=\"async\" src=\"https:\/\/express.adobe.com\/page\/vZgUapAl9p4kr\/images\/e4ac0fe1-5796-4741-8a01-d75efd0a850b.jpg?asset_id=e8e0174e-993f-4acc-a910-e7ede72ea6db&amp;img_etag=%2285a7763f3b531088e9a6eb18195ed32f%22&amp;size=1024\" alt=\"tete de la muraillette\"\/><\/figure>\n<\/figure>\n\n\n\n<p>Le Glacier du Peyron est dans un \u00e9tat moribond. M\u00eame les cartes IGN, pourtant assez conciliantes avec l&rsquo;\u00e9tat des glaciers alpins, indiquent \u00a0\u00bbancien Glacier du Peyron\u00a0\u00bb.<\/p>\n\n\n\n<figure class=\"wp-block-image alignwide size-large\"><img decoding=\"async\" src=\"https:\/\/express.adobe.com\/page\/vZgUapAl9p4kr\/images\/305aa2a5-ebf4-45c6-93c6-bfe01db8554d.jpg?asset_id=d9178e93-b918-4728-ac3e-1097ea85a092&amp;img_etag=%22fd2ae5f3e9e4d356f497ccb6e17049bf%22&amp;size=1024\" alt=\"tete de la muraillette\"\/><\/figure>\n\n\n\n<p>Puis le soleil finit par se cacher derri\u00e8re la Pointe de Malhaubert. On aper\u00e7oit bien l&rsquo;enclume de l&rsquo;orage hautalpin encore pr\u00e9sente dans le ciel is\u00e9rois.<\/p>\n\n\n\n<figure class=\"wp-block-image alignwide size-large\"><img decoding=\"async\" src=\"https:\/\/express.adobe.com\/page\/vZgUapAl9p4kr\/images\/3b6f1f32-6a6f-44f3-b460-1778e8d160d8.jpg?asset_id=f5a57b56-171b-4f02-af90-3b16718da4f9&amp;img_etag=%22c302e334acf59072dd43d180323780e7%22&amp;size=1024\" alt=\"tete de la muraillette\"\/><\/figure>\n\n\n\n<figure class=\"wp-block-image alignwide size-large\"><img decoding=\"async\" src=\"https:\/\/express.adobe.com\/page\/vZgUapAl9p4kr\/images\/9ab668d2-0506-4e3d-9cca-8f21b8dedea8.jpg?asset_id=aa3d9575-a8b6-4025-a3eb-3ef8fc6bc5d2&amp;img_etag=%22e4dbd355d34b855920e3773039a4d10f%22&amp;size=1024\" alt=\"tete de la muraillette\"\/><\/figure>\n\n\n\n<p>Ambiance caniculaire sur la Chaine de Belledonne.<\/p>\n\n\n\n<p>Il est temps de monter la tente dans un creux sous le Col du Vallon, une petite source permet le ravitaillement en eau. Un avantage avant une nuit en bivouac et une ascension \u00e0 l&rsquo;aube. Mais un \u00e9v\u00e9nement vient rapidement interrompre l&rsquo;installation du bivouac.<\/p>\n\n\n\n<p>Les rayons du soleil, apr\u00e8s avoir fuit les cimes, s&rsquo;engouffrent sous les nuages de l&rsquo;enclume. C&rsquo;est un festival c\u00e9leste qui apparait peu \u00e0 peu au-dessus de l&rsquo;Ouest des Ecrins et de Belledonne.<\/p>\n\n\n\n<figure class=\"wp-block-image alignwide size-large\"><img decoding=\"async\" src=\"https:\/\/express.adobe.com\/page\/vZgUapAl9p4kr\/images\/b6e513d0-3d58-4e48-9bd1-dbbbf9009a01.jpg?asset_id=02f29946-b664-4175-8525-3e1f35f88c26&amp;img_etag=%22dd7a472a50e7a4d2f6f467501c6ae972%22&amp;size=1024\" alt=\"tete de la muraillette\"\/><\/figure>\n\n\n\n<p>En zoomant un peu plus sur le trio d&rsquo;en face : la Pointe de Confolens, la Pointe de Malhaubert et le Rochail.<\/p>\n\n\n\n<figure class=\"wp-block-image alignwide size-large\"><img decoding=\"async\" src=\"https:\/\/express.adobe.com\/page\/vZgUapAl9p4kr\/images\/d244ea96-67a3-4990-9ddc-428142349539.jpg?asset_id=b9f6f5bf-eb19-4f25-a14d-0d46a4e31892&amp;img_etag=%22615e78b51f985037721172cca32b783e%22&amp;size=1024\" alt=\"tete de la muraillette\"\/><\/figure>\n\n\n\n<p>Ce spectacle inattendu se poursuit quelques minutes encore puis s&rsquo;estompe pour laisser place \u00e0 un ciel \u00e9toil\u00e9 l\u00e9g\u00e8rement voil\u00e9. Il faut retourner au bivouac afin de finir son installation, \u00e0 la frontale cette fois-ci.<\/p>\n\n\n\n<figure class=\"wp-block-image alignwide size-large\"><img decoding=\"async\" src=\"https:\/\/express.adobe.com\/page\/vZgUapAl9p4kr\/images\/934da2fb-992f-4816-896e-1458b2217b5e.jpg?asset_id=f1f858da-6381-49cc-b578-bc451ead2a72&amp;img_etag=%221e7b3855de33c1a09924250ce9552a3a%22&amp;size=1024\" alt=\"tete de la muraillette\"\/><\/figure>\n\n\n\n<p>Au-dessus de l&rsquo;ar\u00eate menant \u00e0 la T\u00eate de la Muraillette.<\/p>\n\n\n\n<p>En direction de Belledonne et de la Vall\u00e9e de la Romanche.<\/p>\n\n\n\n<figure class=\"wp-block-image alignwide size-large\"><img decoding=\"async\" src=\"https:\/\/express.adobe.com\/page\/vZgUapAl9p4kr\/images\/4cb7520b-6d49-4be4-b153-b2babde56dea.jpg?asset_id=58f3c7d1-ea71-404e-90b7-6c45aacc166a&amp;img_etag=%22258bc4f45d275725d3cbef8e43546199%22&amp;size=1024\" alt=\"tete de la muraillette\"\/><\/figure>\n\n\n\n<p>Quelques minutes plus tard, le Rivier d&rsquo;Allemont et l&rsquo;Alpe d&rsquo;Huez s&rsquo;illuminent \u00e0 leur tour.<\/p>\n\n\n\n<figure class=\"wp-block-image alignwide size-large\"><img decoding=\"async\" src=\"https:\/\/express.adobe.com\/page\/vZgUapAl9p4kr\/images\/35f0a652-ea6e-454f-955d-03f760ce06eb.jpg?asset_id=049d4512-58aa-449c-8f1b-5f76c2836a17&amp;img_etag=%2278705846d21827a7750a1a59a32d5297%22&amp;size=1024\" alt=\"\"\/><\/figure>\n\n\n\n<figure class=\"wp-block-image alignwide size-large\"><img decoding=\"async\" src=\"https:\/\/express.adobe.com\/page\/vZgUapAl9p4kr\/images\/58ab0389-c573-4b60-b85a-0a33e2a1ab38.jpg?asset_id=6a8c2ce6-94ef-4cfd-942a-e36b5366209b&amp;img_etag=%227d4d3c0e8590b103f268cebd196ab129%22&amp;size=1024\" alt=\"\"\/><\/figure>\n\n\n\n<p>Par\u00e9 pour une petite nuit \u00e0 la \u00a0\u00bbfra\u00eeche\u00a0\u00bb. A 2500m et avec une polaire, on a encore chaud&#8230;<\/p>\n\n\n\n<figure class=\"wp-block-gallery alignwide has-nested-images columns-default is-cropped wp-block-gallery-6 is-layout-flex wp-block-gallery-is-layout-flex\">\n<figure class=\"wp-block-image alignwide size-large\"><img decoding=\"async\" src=\"https:\/\/express.adobe.com\/page\/vZgUapAl9p4kr\/images\/ffb1fd3d-7423-4e9e-a52d-67b6d2d1dcdf.jpg?asset_id=82e19984-15ce-4b87-8590-d92777573dd8&amp;img_etag=%226e424c09d1037fa9fbd9eafee4f79926%22&amp;size=1024\" alt=\"tete de la muraillette\"\/><\/figure>\n\n\n\n<figure class=\"wp-block-image alignwide size-large\"><img decoding=\"async\" src=\"https:\/\/express.adobe.com\/page\/vZgUapAl9p4kr\/images\/880d8e2e-3769-4f79-b67e-e9cb01567f4a.jpg?asset_id=8672c99e-0b2c-41fd-9c5a-7baf7929e189&amp;img_etag=%2205d00aa8cd1bf1a95e002078b6dd9ee5%22&amp;size=1024\" alt=\"tete de la muraillette\"\/><\/figure>\n<\/figure>\n\n\n\n<p>Sous les restes du Glacier du Peyron, de nombreux \u00e9boulis se produisent. Une fois dans la tente, leur fracas peut surprendre mais pas de danger au niveau du bivouac, les rochers partent dans la pente de l&rsquo;autre c\u00f4t\u00e9 du Col du Vallon.<\/p>\n\n\n\n<p>4h40, c&rsquo;est l&rsquo;heure du r\u00e9veil. En s&rsquo;\u00e9tant coucher \u00e0 23h \u00e0 cause de la beaut\u00e9 du ciel au-dessus des Ecrins, se lever est un peu rude. Rarement une nuit de bivouac n&rsquo;a \u00e9t\u00e9 aussi chaude : pas besoin de chaussettes, pas besoin de collants, pas besoin de polaire ni d&rsquo;enfiler le sac de couchage jusqu&rsquo;aux bras. M\u00eame \u00e0 5h du matin, sortir de la tente n&rsquo;est pas difficile tant l&rsquo;atmosph\u00e8re \u00e0 2500m est temp\u00e9r\u00e9e.<\/p>\n\n\n\n<p>Apr\u00e8s avoir remball\u00e9 la tente, l&rsquo;Est commence d\u00e9j\u00e0 \u00e0 se parer de couleurs chaudes, signes que le soleil commence son inexorable ascension. Pour nous aussi, c&rsquo;est le d\u00e9but de l&rsquo;ascension, \u00e0 la frontale. Depuis le Col du Vallon, il faut suivre une l\u00e9g\u00e8re sente vers le Sud puis, une fois dans le pierrier, il suffit de suivre les nombreux cairns pr\u00e9sents dans la pente et qui nous conduisent jusqu&rsquo;\u00e0 l&rsquo;ar\u00eate de la T\u00eate de la Muraillette. Aucune difficult\u00e9 \u00e0 pr\u00e9voir.<\/p>\n\n\n\n<figure class=\"wp-block-image alignwide size-large\"><img decoding=\"async\" src=\"https:\/\/express.adobe.com\/page\/vZgUapAl9p4kr\/images\/d9b316e0-d854-435d-ba77-920fec4388d4.jpg?asset_id=9a028fb2-0abc-4e9c-a562-d6092654ead3&amp;img_etag=%22c4ec732213aa85c86bd50852d019cb5f%22&amp;size=1024\" alt=\"tete de la muraillette\"\/><\/figure>\n\n\n\n<p>Des Aiguilles d&rsquo;Arves \u00e0 la Barre des Ecrins, les cimes se d\u00e9calquent parfaitement dans le ciel.<\/p>\n\n\n\n<figure class=\"wp-block-gallery alignwide has-nested-images columns-default is-cropped wp-block-gallery-7 is-layout-flex wp-block-gallery-is-layout-flex\">\n<figure class=\"wp-block-image alignwide size-large\"><img decoding=\"async\" src=\"https:\/\/express.adobe.com\/page\/vZgUapAl9p4kr\/images\/1ba1c4dc-2a7d-435e-b0e3-f7fe9a454306.jpg?asset_id=1e68d122-5325-455e-b0e9-c0fc7c852a89&amp;img_etag=%22d7c0a9607cf3b025ec6f7b38cea61096%22&amp;size=1024\" alt=\"\"\/><\/figure>\n\n\n\n<figure class=\"wp-block-image alignwide size-large\"><img decoding=\"async\" src=\"https:\/\/express.adobe.com\/page\/vZgUapAl9p4kr\/images\/f091c57a-6c56-4463-8ccb-542356910277.jpg?asset_id=c77baba4-7bf8-4f0c-aa34-088237f38508&amp;img_etag=%22796585f29c5f2223342a4d8ee5a404c4%22&amp;size=1024\" alt=\"\"\/><\/figure>\n\n\n\n<figure class=\"wp-block-image alignwide size-large\"><img decoding=\"async\" src=\"https:\/\/express.adobe.com\/page\/vZgUapAl9p4kr\/images\/9f948100-06f8-4cb2-87e6-b6ca13af4d4d.jpg?asset_id=13b75fb7-cc5a-40ab-bf10-6821036c2f0c&amp;img_etag=%2252c39c9b0b384095861029791307e383%22&amp;size=1024\" alt=\"\"\/><\/figure>\n<\/figure>\n\n\n\n<p>Pic du Mas de la Grave \/ Aiguilles d&rsquo;Arves et Aiguille du Gol\u00e9on \/ Aiguille de V\u00e9nosc. Tous attendent les premiers rayons.<\/p>\n\n\n\n<figure class=\"wp-block-gallery alignwide has-nested-images columns-default is-cropped wp-block-gallery-8 is-layout-flex wp-block-gallery-is-layout-flex\">\n<figure class=\"wp-block-image alignwide size-large\"><img decoding=\"async\" src=\"https:\/\/express.adobe.com\/page\/vZgUapAl9p4kr\/images\/b304c506-a972-4dfd-affb-d8b4b28043d1.jpg?asset_id=a0abdef8-6747-4c82-9b36-1987604d417c&amp;img_etag=%2202690e3e0524cba2239f1deba3cd4a58%22&amp;size=1024\" alt=\"\"\/><\/figure>\n\n\n\n<figure class=\"wp-block-image alignwide size-large\"><img decoding=\"async\" src=\"https:\/\/express.adobe.com\/page\/vZgUapAl9p4kr\/images\/273d0752-61ca-46f7-9559-5f5f1b868b29.jpg?asset_id=781cc976-25d9-4076-92c2-480601e4a4c8&amp;img_etag=%22c6b7379241979feae522aba7d49e4023%22&amp;size=1024\" alt=\"\"\/><\/figure>\n<\/figure>\n\n\n\n<p>Alors que le soleil menace de frapper les Aiguilles d&rsquo;Arves d&rsquo;une minute \u00e0 l&rsquo;autre, la Lune et l&rsquo;obscurit\u00e9 dominent la T\u00eate de la Muraillette.<\/p>\n\n\n\n<figure class=\"wp-block-image alignwide size-large\"><img decoding=\"async\" src=\"https:\/\/express.adobe.com\/page\/vZgUapAl9p4kr\/images\/4610ec06-1856-4af7-a02b-f2d8f55836f4.jpg?asset_id=bac3263d-6d58-4811-9179-c20e77afd2e1&amp;img_etag=%224fd41290c28f52971f0e81f3a4dc99db%22&amp;size=1024\" alt=\"tete de la muraillette\"\/><\/figure>\n\n\n\n<p>Dentelle des Ecrins. Entre le D\u00f4me de la Lauze et la Barre.<\/p>\n\n\n\n<figure class=\"wp-block-image alignwide size-large\"><img decoding=\"async\" src=\"https:\/\/express.adobe.com\/page\/vZgUapAl9p4kr\/images\/3c72f9de-cf36-4b8e-ac94-741281b345e6.jpg?asset_id=6d3f53ff-37f5-4689-89c3-31ae7d0b3780&amp;img_etag=%223c5ae331ee1ab6aa707959611682e4d4%22&amp;size=1024\" alt=\"tete de la muraillette\"\/><\/figure>\n\n\n\n<p>Tranquillement, on atteint l&rsquo;ar\u00eate de la T\u00eate de la Muraillette. D&rsquo;autres montagnes \u00e9mergent : le D\u00e9voluy dans le creux \u00e0 gauche, suivi du Signal du Lauvitel, du Grand Armet dans le Massif du Taillefer et de la Pointe de Malhaubert.<\/p>\n\n\n\n<figure class=\"wp-block-gallery alignwide has-nested-images columns-default is-cropped wp-block-gallery-9 is-layout-flex wp-block-gallery-is-layout-flex\">\n<figure class=\"wp-block-image alignwide size-large\"><img decoding=\"async\" src=\"https:\/\/express.adobe.com\/page\/vZgUapAl9p4kr\/images\/10b99358-76a6-4122-b3d4-62da08e28d15.jpg?asset_id=197847ae-da3b-4f3f-acc3-0ee2b2b5664f&amp;img_etag=%225968a660ee48a3c1962950a19ea0318b%22&amp;size=1024\" alt=\"\"\/><\/figure>\n\n\n\n<figure class=\"wp-block-image alignwide size-large\"><img decoding=\"async\" src=\"https:\/\/express.adobe.com\/page\/vZgUapAl9p4kr\/images\/1e125320-28c0-4f2d-a58b-4043eaaf7ef9.jpg?asset_id=31a4a528-d45d-4e7d-ba1f-c03b4f2a7d9e&amp;img_etag=%22c0d31c17273cb59988f571aa1bb991cf%22&amp;size=1024\" alt=\"\"\/><\/figure>\n<\/figure>\n\n\n\n<p>Le Pic du Clapier du Peyron et son petit Glacier des Pisses \/ Le Lauvitel.<\/p>\n\n\n\n<p>De l&rsquo;autre c\u00f4t\u00e9 de l&rsquo;ar\u00eate, on surplombe la R\u00e9serve Int\u00e9grale du Lauvitel. Il s&rsquo;agit de la zone du Parc National des Ecrins la plus r\u00e9glement\u00e9e. Son acc\u00e8s est strictement interdit et aucun sentier de randonn\u00e9e et voie d&rsquo;alpinisme ne la traversent. <\/p>\n\n\n\n<p>Il y a m\u00eame des capteurs de mouvements, non seulement pour suivre les migrations des esp\u00e8ces sauvages mais \u00e9galement pour arr\u00eater les contrevenants. Seuls quelques scientifiques et personnels du parc ont pu fouler la partie situ\u00e9e au bord du rivage Sud du Lauvitel depuis 1995, date de sa cr\u00e9ation. Son but ? Voir le fonctionnement et les \u00e9volutions de la nature sans interf\u00e9rences humaines. Situ\u00e9e entre 1500 et 3000m d&rsquo;altitude, cette r\u00e9serve permet une approche globale de l&rsquo;espace montagnard. <\/p>\n\n\n\n<p>Pour l&rsquo;anecdote, 1922 marque la date du dernier arbre coup\u00e9 sur cette zone et c&rsquo;est dans les ann\u00e9es 1950 que les derniers troupeaux paissent sur ces pentes. En 1975, ce territoire de 700 hectares est c\u00e9d\u00e9 \u00e0 l&rsquo;Etat puis c&rsquo;est autour du concept de \u00a0\u00bblibre \u00e9volution\u00a0\u00bb que la r\u00e9serve est n\u00e9e au milieu des ann\u00e9es 1990. Au-del\u00e0 de l&rsquo;\u00e9tude de la biodiversit\u00e9 et des recherches arch\u00e9ologiques (des alpages sans p\u00e2turages, un enneigement sans damage, une for\u00eat sans coupe), le changement climatique est au coeur des \u00e9tudes scientifiques concernant cette zone qui repr\u00e9sente parfaitement les Alpes du Nord sur une toute petite \u00e9chelle. <\/p>\n\n\n\n<p>Ainsi les deux bords du Lauvitel sont l&rsquo;objet de tous les extr\u00eames : aucune interf\u00e9rence humaine c\u00f4t\u00e9 Sud alors que le rivage Nord est l&rsquo;un des lieux les plus touristiques du Parc National des Ecrins. En France, seule la R\u00e9serve int\u00e9grale marine de Port-Cros met en place une telle r\u00e9glementation.<\/p>\n\n\n\n<p>Pour la toponymie, on dit Lauvitel et non Lac Lauvitel ou Lac du Lauvitel car \u00a0\u00bbLau\u00a0\u00bb signifie \u00a0\u00bbLac\u00a0\u00bb et \u00a0\u00bbVitel\u00a0\u00bb signifie \u00a0\u00bbEau\u00a0\u00bb. Ainsi, pour \u00e9viter la tautologie revenant \u00e0 dire \u00a0\u00bbLac Lac\u00a0\u00bb, il est pr\u00e9f\u00e9rable de n&rsquo;utiliser que \u00a0\u00bbLauvitel\u00a0\u00bb pour d\u00e9signer ce lac.<\/p>\n\n\n\n<figure class=\"wp-block-image alignwide size-large\"><img decoding=\"async\" src=\"https:\/\/express.adobe.com\/page\/vZgUapAl9p4kr\/images\/3d3086ab-c225-4ffd-884d-bac0dda0c218.jpg?asset_id=48a39389-9b93-47c8-92c7-63795332b896&amp;img_etag=%223add3492cb899f793d54809e95d7b0de%22&amp;size=1024\" alt=\"tete de la muraillette\"\/><\/figure>\n\n\n\n<p>C&rsquo;est fait ! Les premiers rayons illuminent les cr\u00eates du Nord-Ouest des Ecrins. Plus que quelques secondes avant notre tour.<\/p>\n\n\n\n<figure class=\"wp-block-gallery alignwide has-nested-images columns-default is-cropped wp-block-gallery-10 is-layout-flex wp-block-gallery-is-layout-flex\">\n<figure class=\"wp-block-image alignwide size-large\"><img decoding=\"async\" src=\"https:\/\/express.adobe.com\/page\/vZgUapAl9p4kr\/images\/22559718-8d20-4e22-8cc2-cbd782110686.jpg?asset_id=8b8c3fd1-856d-4b40-b8f3-057589c24175&amp;img_etag=%229635182268fc6f6c1698895bf4505fa9%22&amp;size=1024\" alt=\"\"\/><\/figure>\n\n\n\n<figure class=\"wp-block-image alignwide size-large\"><img decoding=\"async\" src=\"https:\/\/express.adobe.com\/page\/vZgUapAl9p4kr\/images\/1363c05e-e686-4412-8dbc-279d29bc0e25.jpg?asset_id=9ebfe3f2-195d-4d3b-ac85-d5cb5cf02b17&amp;img_etag=%22b854f476beb121afe8d42ec49cf58c60%22&amp;size=1024\" alt=\"\"\/><\/figure>\n<\/figure>\n\n\n\n<p>Alors que l&rsquo;Obiou et le Grand Ferrand se parent de rouge p\u00e2le, le Glacier de la Girose nous laisse enfin entrevoir les premi\u00e8res lueurs.<\/p>\n\n\n\n<figure class=\"wp-block-image alignwide size-large\"><img decoding=\"async\" src=\"https:\/\/express.adobe.com\/page\/vZgUapAl9p4kr\/images\/69831f9e-5375-4f19-b299-d8e1e3f976c3.jpg?asset_id=c17a57be-1607-4860-9d42-4229bc3e3198&amp;img_etag=%228cddafd4e6902cdc65c204c79436aa98%22&amp;size=1024\" alt=\"tete de la muraillette\"\/><\/figure>\n\n\n\n<p>L&rsquo;ar\u00eate se r\u00e9tr\u00e9cit un peu mais rien de bien vertigineux. Les blocs sont stables.<\/p>\n\n\n\n<figure class=\"wp-block-image alignwide size-large\"><img decoding=\"async\" src=\"https:\/\/express.adobe.com\/page\/vZgUapAl9p4kr\/images\/a67f7d5e-9194-4239-8330-1e1d3c5d0f66.jpg?asset_id=d7f16fa7-ca6c-486d-a434-583208082e58&amp;img_etag=%221feb5b1eaa401e22dee348aec755479c%22&amp;size=1024\" alt=\"tete de la muraillette\"\/><\/figure>\n\n\n\n<p>Timide rayon sommital sur le Pic du Clapier du Peyron.<\/p>\n\n\n\n<figure class=\"wp-block-image alignwide size-large\"><img decoding=\"async\" src=\"https:\/\/express.adobe.com\/page\/vZgUapAl9p4kr\/images\/8aa63984-49e1-4671-9e73-2dc857385f34.jpg?asset_id=5ff6c749-a3af-46ea-8213-94e7402ff274&amp;img_etag=%2245708066406ea90d2930481d084f0538%22&amp;size=1024\" alt=\"tete de la muraillette\"\/><\/figure>\n\n\n\n<p>Seuls le fond de la Vall\u00e9e de la Romanche ainsi que le Col du Vallon restent dans l&rsquo;obscurit\u00e9.<\/p>\n\n\n\n<figure class=\"wp-block-image alignwide size-large\"><img decoding=\"async\" src=\"https:\/\/express.adobe.com\/page\/vZgUapAl9p4kr\/images\/9c1b2f95-1223-4c27-ba3c-1eb7eb1e043d.jpg?asset_id=8e2c6889-8308-4c5e-9720-7dc9ccf309de&amp;img_etag=%22c488ebb6ccb72b28c8637062ad4aa8a6%22&amp;size=1024\" alt=\"tete de la muraillette\"\/><\/figure>\n\n\n\n<p>Sommet en vue !<\/p>\n\n\n\n<figure class=\"wp-block-image alignwide size-large\"><img decoding=\"async\" src=\"https:\/\/express.adobe.com\/page\/vZgUapAl9p4kr\/images\/05a14bb8-2977-4a2e-b288-24f794cfb02f.jpg?asset_id=3b68e288-217e-4a5d-b69f-b3fd20376440&amp;img_etag=%22f26f2ce29e7cd8976a26de4a8c80057a%22&amp;size=1024\" alt=\"\"\/><\/figure>\n\n\n\n<figure class=\"wp-block-image alignwide size-large\"><img decoding=\"async\" src=\"https:\/\/express.adobe.com\/page\/vZgUapAl9p4kr\/images\/16f24680-e4b5-40d7-bca4-c433f9378816.jpg?asset_id=a25391ae-b8ce-41f3-90e3-bfcbdac370b5&amp;img_etag=%2292ff2ab7e3b1e065e563279f54a91190%22&amp;size=1024\" alt=\"\"\/><\/figure>\n\n\n\n<p>Prolongement de l&rsquo;ar\u00eate vers la Pointe de Malhaubert \/ Les Grandes-Rousses prolongent l&rsquo;Aiguille de V\u00e9nosc.<\/p>\n\n\n\n<figure class=\"wp-block-image alignwide size-large\"><img decoding=\"async\" src=\"https:\/\/express.adobe.com\/page\/vZgUapAl9p4kr\/images\/a96f4d8b-a089-4798-b756-f979739ac1ef.jpg?asset_id=6ab53d27-25e6-422c-97d1-4b547531e62b&amp;img_etag=%224bc6c479a0ec82d87f118b1d07fe81bc%22&amp;size=1024\" alt=\"tete de la muraillette\"\/><\/figure>\n\n\n\n<p>Le sommet de la T\u00eate de la Muraillette 3019m est atteint \u00e0 6h34. Le panorama s&rsquo;ouvre \u00e0 360\u00b0. Les principaux absents sont les deux lacs du parcours : le Lac de la Muzelle et le Lauvitel.<\/p>\n\n\n\n<figure class=\"wp-block-image alignwide size-large\"><img decoding=\"async\" src=\"https:\/\/express.adobe.com\/page\/vZgUapAl9p4kr\/images\/90d80bea-97de-4cc8-b0b3-bca5f84fdcd3.jpg?asset_id=ed5adcd0-63af-4fea-912b-4d325ab81835&amp;img_etag=%22b1e03b6b7437c64780dc22278b7a8ed5%22&amp;size=1024\" alt=\"tete de la muraillette\"\/><\/figure>\n\n\n\n<p>Les rayons transper\u00e7ant les vall\u00e9es des Ecrins : \u00e0 gauche la Meije prend la forme du R\u00e2teau. Au centre, la Grande Ruine se dresse \u00e0 c\u00f4t\u00e9 de l&rsquo;Aiguille du Plat de la Selle.<\/p>\n\n\n\n<figure class=\"wp-block-image alignwide size-large\"><img decoding=\"async\" src=\"https:\/\/express.adobe.com\/page\/vZgUapAl9p4kr\/images\/f72a6650-1741-441a-83cc-726236bdfd70.jpg?asset_id=7f73f154-a94f-44ce-8cec-8aa9f5189503&amp;img_etag=%225b9c604e0e25ffe4759bb2daaa53066d%22&amp;size=1024\" alt=\"\"\/><\/figure>\n\n\n\n<figure class=\"wp-block-image alignwide size-large\"><img decoding=\"async\" src=\"https:\/\/express.adobe.com\/page\/vZgUapAl9p4kr\/images\/7915ebe4-3ff9-42d9-a4ed-8ad9df7d3019.jpg?asset_id=811a22e7-4fd7-4ed0-ad9a-36423a4a8cb2&amp;img_etag=%22f61682495aca1d78a514ff87c9d13237%22&amp;size=1024\" alt=\"\"\/><\/figure>\n\n\n\n<p>Le Pic du Clapier du Peyron 3169m \/ L&rsquo;Aiguille de V\u00e9nosc 2830m<\/p>\n\n\n\n<figure class=\"wp-block-image alignwide size-large\"><img decoding=\"async\" src=\"https:\/\/express.adobe.com\/page\/vZgUapAl9p4kr\/images\/2955defc-d768-4886-b323-9cbab989e06d.jpg?asset_id=47dde111-27a7-442c-8615-a676a730724c&amp;img_etag=%226c53b375de7e320c2bd3f7c2693e1d8f%22&amp;size=1024\" alt=\"tete de la muraillette\"\/><\/figure>\n\n\n\n<p>Le cairn sommital et le panorama vers l&rsquo;Ouest. M\u00eame quelques sommets du Vercors et de la Chartreuse sont visibles \u00e0 travers le voile d&rsquo;une journ\u00e9e qui s&rsquo;annonce une nouvelle fois caniculaire.<\/p>\n\n\n\n<p>Du sommet, on entend par moment des rochers qui d\u00e9gringolent. En y regardant de plus pr\u00e8s, il s&rsquo;agissait en r\u00e9alit\u00e9 de quelques bouquetins d\u00e9fiant la gravit\u00e9 dans la paroi Nord. Trop loin pour les photographier malheureusement, il n&rsquo;avait que faire de cet individu tout \u00e9bouriff\u00e9 au sommet de la T\u00eate de la Muraillette.<\/p>\n\n\n\n<p>Le petit vent frais du sommet dissuade de sortir le petit d\u00e9jeuner. Quelques instants au sommet pour profiter du panorama puis c&rsquo;est parti pour la longue et rude descente vers le Lauvitel, 1500m plus bas. Pour cela, on reprend le m\u00eame itin\u00e9raire jusqu&rsquo;au Col du Vallon avant de basculer du c\u00f4t\u00e9 Ouest de l&rsquo;Aiguille de V\u00e9nosc, \u00e0 l&rsquo;ombre fort heureusement.<\/p>\n\n\n\n<figure class=\"wp-block-image alignwide size-large\"><img decoding=\"async\" src=\"https:\/\/express.adobe.com\/page\/vZgUapAl9p4kr\/images\/ccd58af0-576b-471c-8b17-6dfaec8700be.jpg?asset_id=f6bab13a-36ac-492b-89c3-46c7b4ee4986&amp;img_etag=%227990b2f223b6c6c2e701db512cca4902%22&amp;size=1024\" alt=\"tete de la muraillette\"\/><\/figure>\n\n\n\n<p>Les dalles rocheuses permettant l&rsquo;acc\u00e8s \u00e0 l&rsquo;ar\u00eate de la T\u00eate de la Muraillette. La Lune est encore parmi nous.<\/p>\n\n\n\n<figure class=\"wp-block-image alignwide size-large\"><img decoding=\"async\" src=\"https:\/\/express.adobe.com\/page\/vZgUapAl9p4kr\/images\/cdc1a968-2255-4a78-9426-2afeab8d8ae3.jpg?asset_id=f336bf37-cd44-4400-bde8-33b667b9b374&amp;img_etag=%224c34bd33e811f4025e00b5be3e04c2b6%22&amp;size=1024\" alt=\"tete de la muraillette\"\/><\/figure>\n\n\n\n<p>Dernier regard en direction du Vallon du Diable et de la Meije depuis le Col du Vallon.<\/p>\n\n\n\n<figure class=\"wp-block-image alignwide size-large\"><img decoding=\"async\" src=\"https:\/\/express.adobe.com\/page\/vZgUapAl9p4kr\/images\/4a8fa5b6-cab2-4ee8-8fb6-e1257ea018a7.jpg?asset_id=2fce7725-aef9-4a2d-a8d9-a4f50b909170&amp;img_etag=%2230dc77cfcd7183269cb882ac9d3d1bdc%22&amp;size=1024\" alt=\"tete de la muraillette\"\/><\/figure>\n\n\n\n<p>Mi ombre, mi soleil sur le lieu du bivouac. On part \u00e0 l&rsquo;ombre maintenant. Encore 1000m de d\u00e9nivel\u00e9s n\u00e9gatifs avant le Lauvitel.<\/p>\n\n\n\n<figure class=\"wp-block-image alignwide size-large\"><img decoding=\"async\" src=\"https:\/\/express.adobe.com\/page\/vZgUapAl9p4kr\/images\/cfa969ce-74cd-4730-a098-d31e8553863f.jpg?asset_id=bbd39b8a-c117-48bf-aaba-37d13bc8f4cb&amp;img_etag=%22ecf14877f4d559943e423edc5b742831%22&amp;size=1024\" alt=\"tete de la muraillette\"\/><\/figure>\n\n\n\n<p>Les grosses marmottes du Lauvitel. Au niveau du lac et du fait de leur caract\u00e8re peu farouche, des panneaux indiquant l&rsquo;interdiction de les nourrir ont \u00e9t\u00e9 install\u00e9s par le Parc National.<\/p>\n\n\n\n<figure class=\"wp-block-image alignwide size-large\"><img decoding=\"async\" src=\"https:\/\/express.adobe.com\/page\/vZgUapAl9p4kr\/images\/3709a821-c92e-4a6e-88e5-168218e8ff1d.jpg?asset_id=9cca4330-bbe7-4e8b-aef2-af10a0adf05e&amp;img_etag=%2289cf0b212cffd38bfd627269686c0e32%22&amp;size=1024\" alt=\"tete de la muraillette\"\/><\/figure>\n\n\n\n<p>La Vall\u00e9e de la Romanche retrouve enfin sa luminosit\u00e9. Dans la journ\u00e9e, il est fort probable qu&rsquo;elle aurait pr\u00e9f\u00e9r\u00e9 rester dans l&rsquo;ombre de la montagne.<\/p>\n\n\n\n<figure class=\"wp-block-image alignwide size-large\"><img decoding=\"async\" src=\"https:\/\/express.adobe.com\/page\/vZgUapAl9p4kr\/images\/6195695b-c9c2-4e28-99e7-1f5dd5b4312f.jpg?asset_id=4a2f635f-f88f-40d7-bf79-6b7fe28d61e0&amp;img_etag=%22d61d601932dd1e08442510edc09db87f%22&amp;size=1024\" alt=\"tete de la muraillette\"\/><\/figure>\n\n\n\n<p>Quelques vagues silhouettes s&rsquo;aper\u00e7oivent par moment sur la face Ouest de l&rsquo;Aiguille de V\u00e9nosc. Ici, probablement un chamois.<\/p>\n\n\n\n<figure class=\"wp-block-image alignwide size-large\"><img decoding=\"async\" src=\"https:\/\/express.adobe.com\/page\/vZgUapAl9p4kr\/images\/4499cbc7-cb96-451f-b18c-4e59fdcd8ca1.jpg?asset_id=ffc97855-9e39-4acb-9e87-8e2a07e9e6c1&amp;img_etag=%224ed2ba91ab3603a51bbe1428a267f429%22&amp;size=1024\" alt=\"tete de la muraillette\"\/><\/figure>\n\n\n\n<p>Puis apr\u00e8s quelques dizaines de zigzags dans les pentes abruptes de l&rsquo;Aiguille de V\u00e9nosc, le rivage Ouest du Lauvitel apparait au fond du vallon. A en voir le reflet des parois chutant dans ses eaux, le vent est faible ce matin-l\u00e0 sur le plus grand lac du Massif des Ecrins.<\/p>\n\n\n\n<figure class=\"wp-block-image alignwide size-large\"><img decoding=\"async\" src=\"https:\/\/express.adobe.com\/page\/vZgUapAl9p4kr\/images\/7bf342b9-eae5-4cd4-8d51-0955771675b2.jpg?asset_id=0a0e34bc-bfa4-40e7-822e-0cbd9d848cc8&amp;img_etag=%22d613954bd4974677d3df9b4107e69fdb%22&amp;size=1024\" alt=\"tete de la muraillette\"\/><\/figure>\n\n\n\n<figure class=\"wp-block-image alignwide size-large\"><img decoding=\"async\" src=\"https:\/\/express.adobe.com\/page\/vZgUapAl9p4kr\/images\/4160c347-ba6d-4279-ac9f-0acfbc25397f.jpg?asset_id=2203d349-c451-428c-8206-6099bc369f5e&amp;img_etag=%224a4ee726c994af7df9852cc281f05838%22&amp;size=1024\" alt=\"\"\/><\/figure>\n\n\n\n<figure class=\"wp-block-image alignwide size-large\"><img decoding=\"async\" src=\"https:\/\/express.adobe.com\/page\/vZgUapAl9p4kr\/images\/73a862d2-6a20-4a2f-8eca-67cc6dbbee24.jpg?asset_id=9c4466bb-30e3-4d0b-bad3-bf2650b530db&amp;img_etag=%22dfe0de59e1088c246d462486da969dcd%22&amp;size=1024\" alt=\"\"\/><\/figure>\n\n\n\n<p>1500m de chute s\u00e9parent la surface du Lauvitel du sommet de la Pointe de Malhaubert 3049m.<\/p>\n\n\n\n<figure class=\"wp-block-image alignwide size-large\"><img decoding=\"async\" src=\"https:\/\/express.adobe.com\/page\/vZgUapAl9p4kr\/images\/e13f9dcc-4955-498f-a36d-d4d3858b25cd.jpg?asset_id=02c61ec7-624b-436d-b0e0-8ce4a12db28e&amp;img_etag=%2237568ddf2f967e0cb00320c948d81c20%22&amp;size=1024\" alt=\"tete de la muraillette\"\/><\/figure>\n\n\n\n<p>200m au-dessus du lac, le sentier devient l\u00e9g\u00e8rement plus vertigineux en traversant un couloir d&rsquo;avalanche. Le sentier a \u00e9t\u00e9 refait l&rsquo;ann\u00e9e derni\u00e8re par les agents du Parc National des Ecrins avec quelques c\u00e2bles et quelques escaliers. Ce parcours \u00e9tant particuli\u00e8rement foul\u00e9 puisque faisant partie du GR54 : le Grand Tour de l&rsquo;Oisans et des Ecrins.<\/p>\n\n\n\n<figure class=\"wp-block-image alignwide size-large\"><img decoding=\"async\" src=\"https:\/\/express.adobe.com\/page\/vZgUapAl9p4kr\/images\/b4fa058f-5082-4d28-9585-3eeafe50aa68.jpg?asset_id=35bf7ce3-6778-41c2-aacc-b20ec36a00f4&amp;img_etag=%221b986ce5cd2a10f1e54b80ed3a0a1724%22&amp;size=1024\" alt=\"tete de la muraillette\"\/><\/figure>\n\n\n\n<figure class=\"wp-block-image alignwide size-large\"><img decoding=\"async\" src=\"https:\/\/express.adobe.com\/page\/vZgUapAl9p4kr\/images\/8806f6d0-8486-4888-aa9e-2906ffaa8dc8.jpg?asset_id=532db7e1-7179-43f8-8d15-08d4a8f22119&amp;img_etag=%22b1934b2cf2eb0f9acb98c9bfaf04ba76%22&amp;size=1024\" alt=\"tete de la muraillette\"\/><\/figure>\n\n\n\n<p>On fait face \u00e0 la R\u00e9serve int\u00e9grale.<\/p>\n\n\n\n<h2 class=\"wp-block-heading\">Notre itin\u00e9raire de la T\u00eate de la Muraillette : lac Lauvitel<\/h2>\n\n\n\n<p>Sur les bords du Lauvitel 1510m, c&rsquo;est enfin l&rsquo;heure du petit d\u00e9jeuner. Les quelques l\u00e8ve-t\u00f4t et les quelques randonneurs ayant bivouaqu\u00e9 pr\u00e8s du lac n&rsquo;h\u00e9sitent pas se baigner dans ses eaux translucides. L&rsquo;eau y est particuli\u00e8rement bonne, la faible altitude et les fortes chaleurs estivales ayant aid\u00e9. En tout cas, elle l&rsquo;est en surface car le Lauvitel peut atteindre une profondeur de 68m !<\/p>\n\n\n\n<figure class=\"wp-block-image alignwide size-large\"><img decoding=\"async\" src=\"https:\/\/express.adobe.com\/page\/vZgUapAl9p4kr\/images\/22fd1f06-f564-4e20-800a-47ee6c913317.jpg?asset_id=9b9d34e9-0a34-4d8b-812f-61b6d729354a&amp;img_etag=%2241f04528ac59f9190f2801dab86d2cb5%22&amp;size=1024\" alt=\"tete de la muraillette\"\/><\/figure>\n\n\n\n<p>La chaleur est d\u00e9j\u00e0 pr\u00e9sente et cela ne va faire qu&#8217;empirer. Il ne reste plus que 600m de d\u00e9nivel\u00e9s n\u00e9gatifs pour atteindre le fond de vall\u00e9e. Heureusement, il s&rsquo;agit majoritairement d&rsquo;un sentier en sous bois o\u00f9 coulent de nombreux ruisseaux. Deux sentiers m\u00e8nent au d\u00e9part du Lauvitel, les deux partant \u00e0 la parall\u00e8le de chaque c\u00f4t\u00e9 du vallon. Qu&rsquo;importe celui que vous choisissez.<\/p>\n\n\n\n<p>Une fois au d\u00e9part du Lauvitel, au petit hameau de La Danch\u00e8re, la voiture n&rsquo;est pas encore atteinte. Il faut maintenant relier le hameau du L&rsquo;Alleau, pr\u00e8s de V\u00e9nosc. Pour se faire, un sentier balis\u00e9 remonte le V\u00e9n\u00e9on en longeant le pied de l&rsquo;Aiguille de V\u00e9nosc. Vers la mi-chemin, le sentier est malheureusement ferm\u00e9 \u00e0 cause d&rsquo;\u00e9boulements. Il faut donc traverser le V\u00e9n\u00e9on et emprunter la voie verte jusqu&rsquo;\u00e0 la voiture. Ou alors vous pouvez faire du stop !<\/p>\n\n\n\n<figure class=\"wp-block-gallery alignwide has-nested-images columns-default is-cropped wp-block-gallery-11 is-layout-flex wp-block-gallery-is-layout-flex\">\n<figure class=\"wp-block-image alignwide size-large\"><img decoding=\"async\" src=\"https:\/\/express.adobe.com\/page\/vZgUapAl9p4kr\/images\/90a230c3-0f31-4447-bc80-ae184cc100fb.jpg?asset_id=35bf8380-36a0-4933-ab72-a0d6f441916d&amp;img_etag=%22a855f85a098266c4f2aafdea7f3bec76%22&amp;size=1024\" alt=\"\"\/><\/figure>\n\n\n\n<figure class=\"wp-block-image alignwide size-large\"><img decoding=\"async\" src=\"https:\/\/express.adobe.com\/page\/vZgUapAl9p4kr\/images\/604fe84f-393f-405f-8f6f-7458b2079673.jpg?asset_id=9640cff7-a764-4609-8a0f-8933e0d46b60&amp;img_etag=%223c01edbbcfe5a62b47fc8c0538aad228%22&amp;size=1024\" alt=\"\"\/><\/figure>\n\n\n\n<figure class=\"wp-block-image alignwide size-large\"><img decoding=\"async\" src=\"https:\/\/express.adobe.com\/page\/vZgUapAl9p4kr\/images\/88aa3eb5-afaa-4631-8848-683c1637841d.jpg?asset_id=bf219dbb-a5cd-444c-b6ea-aa88ee6c55b7&amp;img_etag=%22dffd314601a4ebe467e6747d402f4581%22&amp;size=1024\" alt=\"\"\/><\/figure>\n\n\n\n<figure class=\"wp-block-image alignwide size-large\"><img decoding=\"async\" src=\"https:\/\/express.adobe.com\/page\/vZgUapAl9p4kr\/images\/91144d80-0766-43af-9746-6ef48a00056f.jpg?asset_id=ee978a1c-5441-4186-ab32-cf4a3ca33fb9&amp;img_etag=%223e1415ba44a29c75190af2db5e8d0646%22&amp;size=1024\" alt=\"\"\/><\/figure>\n<\/figure>\n\n\n\n<h2 class=\"wp-block-heading\">Bouclons la boucle<\/h2>\n\n\n\n<p>La couleur du V\u00e9n\u00e9on adoucit cette lente travers\u00e9e vers la voiture. Sa couleur tient du fait qu&rsquo;il est aliment\u00e9 par des dizaines de glaciers du coeur du Massif des Ecrins. Au fond de la Vall\u00e9e, il se jettera dans la Romanche.<\/p>\n\n\n\n<p>Vers 12h30, la boucle est boucl\u00e9e, plus de 24km de randonn\u00e9e et 2700m de d\u00e9nivel\u00e9s positifs et n\u00e9gatifs aval\u00e9s en quasiment 24h puisque la veille, le d\u00e9part s&rsquo;est effectu\u00e9 vers 13h30. La particularit\u00e9 de ce tour est que le gros du d\u00e9nivel\u00e9 positif est r\u00e9alis\u00e9 le premier jour avec plus de 2000m d&rsquo;ascension et le gros du d\u00e9nivel\u00e9 n\u00e9gatif est r\u00e9alis\u00e9 quant \u00e0 lui la seconde journ\u00e9e, avec l\u00e0 aussi plus de 2000m de descente. Ce tour peut \u00eatre raccourci en \u00e9vitant les arches de la Muzelle ou l&rsquo;ascension du sommet. Il peut \u00eatre \u00e9galement allong\u00e9 en y rajoutant la travers\u00e9e des ar\u00eates de l&rsquo;Aiguille de V\u00e9nosc ou l&rsquo;ascension du Col de la Muzelle. Bref, les choix sont nombreux pour partir \u00e0 la rencontre de deux des plus beaux lacs du d\u00e9partement de l&rsquo;Is\u00e8re.<\/p>\n\n\n\n<p>En vall\u00e9e, la chaleur est \u00e9crasante. Et cela ne donne pas envie de traverser la m\u00e9tropole grenobloise. On y regrette vite le petit vent frais \u00e0 3000m d&rsquo;altitude. Les 40\u00b0C seront de nouveau fr\u00f4l\u00e9s ce jour-l\u00e0 en Is\u00e8re. M\u00eame les quelques orages pr\u00e9vus en fin de journ\u00e9e pr\u00e8s des reliefs n&rsquo;y changeront rien. S&rsquo;hydrater et suer, tel est notre quotidien pour la semaine \u00e0 venir.<\/p>\n\n\n\n<h2 class=\"wp-block-heading\">T\u00eate de la Muraillette, l&rsquo;itin\u00e9raire de la randonn\u00e9e :<\/h2>\n\n\n\n<figure class=\"wp-block-image alignwide size-large\"><img decoding=\"async\" src=\"https:\/\/express.adobe.com\/page\/vZgUapAl9p4kr\/images\/212afb5a-791a-400e-b2bc-b80445fca163.jpg?asset_id=f1b8bed4-5f9d-415d-8062-b70933bbc3b8&amp;img_etag=%22a9b5a9861178a98c2682abeba5518a79%22&amp;size=1024\" alt=\"tete de la muraillette\"\/><\/figure>\n","protected":false},"excerpt":{"rendered":"<p>T\u00eate de la Muraillette, ou comment \u00e9chapper \u00e0 la chaleur. La France est en train de vivre ses journ\u00e9es les plus chaudes jamais enregistr\u00e9es, s\u00fbrement encore plus chaudes que celles de la canicule de 2003 : plus de 40 degr\u00e9s dans le Bordelais, \u00e0 Nantes, dans la Vall\u00e9e du Rh\u00f4ne et m\u00eame en Bretagne ! &hellip;<\/p>\n","protected":false},"author":61,"featured_media":3953,"comment_status":"open","ping_status":"open","sticky":false,"template":"","format":"standard","meta":{"_acf_changed":false,"_genesis_hide_title":false,"_genesis_hide_breadcrumbs":false,"_genesis_hide_singular_image":false,"_genesis_hide_footer_widgets":false,"_genesis_custom_body_class":"","_genesis_custom_post_class":"","_genesis_layout":"","footnotes":""},"categories":[170],"tags":[324,654,174],"sponsor":[1087],"class_list":{"2":"type-post","7":"category-aventures","8":"tag-france-fr","9":"tag-lesecrins-fr","10":"tag-randonnee","11":"sponsor-endorfeen","12":"entry"},"yoast_head":"<!-- This site is optimized with the Yoast SEO Premium plugin v26.2 (Yoast SEO v26.2) - https:\/\/yoast.com\/wordpress\/plugins\/seo\/ -->\n<title>La T\u00eate de la Muraillette, entre Muzelle et Lauvitel - endorfeen<\/title>\n<meta name=\"description\" content=\"T\u00eate de la Muraillette : La France est en train de vivre ses journ\u00e9es les plus chaudes jamais enregistr\u00e9es, s\u00fbrement encore plus chaudes...\" \/>\n<meta name=\"robots\" content=\"index, follow, max-snippet:-1, max-image-preview:large, max-video-preview:-1\" \/>\n<link rel=\"canonical\" href=\"https:\/\/endorfeen.com\/fr\/la-tete-de-la-muraillette-entre-muzelle-et-lauvitel\/\" \/>\n<meta property=\"og:locale\" content=\"fr_FR\" \/>\n<meta property=\"og:type\" content=\"article\" \/>\n<meta property=\"og:title\" content=\"La T\u00eate de la Muraillette, entre Muzelle et Lauvitel\" \/>\n<meta property=\"og:description\" content=\"T\u00eate de la Muraillette : La France est en train de vivre ses journ\u00e9es les plus chaudes jamais enregistr\u00e9es, s\u00fbrement encore plus chaudes...\" \/>\n<meta property=\"og:url\" content=\"https:\/\/endorfeen.com\/fr\/la-tete-de-la-muraillette-entre-muzelle-et-lauvitel\/\" \/>\n<meta property=\"og:site_name\" content=\"endorfeen\" \/>\n<meta property=\"article:author\" content=\"https:\/\/www.facebook.com\/nicolas.thiers.18\/\" \/>\n<meta property=\"article:published_time\" content=\"2022-08-10T07:30:00+00:00\" \/>\n<meta property=\"article:modified_time\" content=\"2023-08-18T10:02:28+00:00\" \/>\n<meta property=\"og:image\" content=\"https:\/\/endorfeen.com\/wp-content\/uploads\/2022\/08\/3ddbc504-627b-4b43-afe8-52c8df09bfd5-e1660236122528.jpeg\" \/>\n\t<meta property=\"og:image:width\" content=\"1926\" \/>\n\t<meta property=\"og:image:height\" content=\"1305\" \/>\n\t<meta property=\"og:image:type\" content=\"image\/jpeg\" \/>\n<meta name=\"author\" content=\"Nicolas Thiers\" \/>\n<meta name=\"twitter:card\" content=\"summary_large_image\" \/>\n<meta name=\"twitter:creator\" content=\"@https:\/\/twitter.com\/NThiers38\" \/>\n<meta name=\"twitter:label1\" content=\"\u00c9crit par\" \/>\n\t<meta name=\"twitter:data1\" content=\"Nicolas Thiers\" \/>\n\t<meta name=\"twitter:label2\" content=\"Dur\u00e9e de lecture estim\u00e9e\" \/>\n\t<meta name=\"twitter:data2\" content=\"40 minutes\" \/>\n<script type=\"application\/ld+json\" class=\"yoast-schema-graph\">{\"@context\":\"https:\/\/schema.org\",\"@graph\":[{\"@type\":\"Article\",\"@id\":\"https:\/\/endorfeen.com\/fr\/la-tete-de-la-muraillette-entre-muzelle-et-lauvitel\/#article\",\"isPartOf\":{\"@id\":\"https:\/\/endorfeen.com\/fr\/la-tete-de-la-muraillette-entre-muzelle-et-lauvitel\/\"},\"author\":{\"name\":\"Nicolas Thiers\",\"@id\":\"https:\/\/endorfeen.com\/fr\/#\/schema\/person\/89cd72e7df9a1a080c58d3a3ab66739e\"},\"headline\":\"La T\u00eate de la Muraillette, entre Muzelle et Lauvitel\",\"datePublished\":\"2022-08-10T07:30:00+00:00\",\"dateModified\":\"2023-08-18T10:02:28+00:00\",\"mainEntityOfPage\":{\"@id\":\"https:\/\/endorfeen.com\/fr\/la-tete-de-la-muraillette-entre-muzelle-et-lauvitel\/\"},\"wordCount\":4255,\"commentCount\":0,\"publisher\":{\"@id\":\"https:\/\/endorfeen.com\/fr\/#organization\"},\"image\":{\"@id\":\"https:\/\/endorfeen.com\/fr\/la-tete-de-la-muraillette-entre-muzelle-et-lauvitel\/#primaryimage\"},\"thumbnailUrl\":\"https:\/\/endorfeen.com\/wp-content\/uploads\/2022\/08\/3ddbc504-627b-4b43-afe8-52c8df09bfd5-e1660236122528.jpeg\",\"keywords\":[\"#france\",\"#lesecrins\",\"#randonn\u00e9e\"],\"articleSection\":[\"Aventures\"],\"inLanguage\":\"fr-FR\",\"potentialAction\":[{\"@type\":\"CommentAction\",\"name\":\"Comment\",\"target\":[\"https:\/\/endorfeen.com\/fr\/la-tete-de-la-muraillette-entre-muzelle-et-lauvitel\/#respond\"]}]},{\"@type\":\"WebPage\",\"@id\":\"https:\/\/endorfeen.com\/fr\/la-tete-de-la-muraillette-entre-muzelle-et-lauvitel\/\",\"url\":\"https:\/\/endorfeen.com\/fr\/la-tete-de-la-muraillette-entre-muzelle-et-lauvitel\/\",\"name\":\"La T\u00eate de la Muraillette, entre Muzelle et Lauvitel - endorfeen\",\"isPartOf\":{\"@id\":\"https:\/\/endorfeen.com\/fr\/#website\"},\"primaryImageOfPage\":{\"@id\":\"https:\/\/endorfeen.com\/fr\/la-tete-de-la-muraillette-entre-muzelle-et-lauvitel\/#primaryimage\"},\"image\":{\"@id\":\"https:\/\/endorfeen.com\/fr\/la-tete-de-la-muraillette-entre-muzelle-et-lauvitel\/#primaryimage\"},\"thumbnailUrl\":\"https:\/\/endorfeen.com\/wp-content\/uploads\/2022\/08\/3ddbc504-627b-4b43-afe8-52c8df09bfd5-e1660236122528.jpeg\",\"datePublished\":\"2022-08-10T07:30:00+00:00\",\"dateModified\":\"2023-08-18T10:02:28+00:00\",\"description\":\"T\u00eate de la Muraillette : La France est en train de vivre ses journ\u00e9es les plus chaudes jamais enregistr\u00e9es, s\u00fbrement encore plus chaudes...\",\"breadcrumb\":{\"@id\":\"https:\/\/endorfeen.com\/fr\/la-tete-de-la-muraillette-entre-muzelle-et-lauvitel\/#breadcrumb\"},\"inLanguage\":\"fr-FR\",\"potentialAction\":[{\"@type\":\"ReadAction\",\"target\":[\"https:\/\/endorfeen.com\/fr\/la-tete-de-la-muraillette-entre-muzelle-et-lauvitel\/\"]}]},{\"@type\":\"ImageObject\",\"inLanguage\":\"fr-FR\",\"@id\":\"https:\/\/endorfeen.com\/fr\/la-tete-de-la-muraillette-entre-muzelle-et-lauvitel\/#primaryimage\",\"url\":\"https:\/\/endorfeen.com\/wp-content\/uploads\/2022\/08\/3ddbc504-627b-4b43-afe8-52c8df09bfd5-e1660236122528.jpeg\",\"contentUrl\":\"https:\/\/endorfeen.com\/wp-content\/uploads\/2022\/08\/3ddbc504-627b-4b43-afe8-52c8df09bfd5-e1660236122528.jpeg\",\"width\":1926,\"height\":1305,\"caption\":\"T\u00eate de la Muraillette\"},{\"@type\":\"BreadcrumbList\",\"@id\":\"https:\/\/endorfeen.com\/fr\/la-tete-de-la-muraillette-entre-muzelle-et-lauvitel\/#breadcrumb\",\"itemListElement\":[{\"@type\":\"ListItem\",\"position\":1,\"name\":\"Home\",\"item\":\"https:\/\/endorfeen.com\/fr\/\"},{\"@type\":\"ListItem\",\"position\":2,\"name\":\"La T\u00eate de la Muraillette, entre Muzelle et Lauvitel\"}]},{\"@type\":\"WebSite\",\"@id\":\"https:\/\/endorfeen.com\/fr\/#website\",\"url\":\"https:\/\/endorfeen.com\/fr\/\",\"name\":\"endorfeen\",\"description\":\"The Media For Sustainable Outdoors.\",\"publisher\":{\"@id\":\"https:\/\/endorfeen.com\/fr\/#organization\"},\"potentialAction\":[{\"@type\":\"SearchAction\",\"target\":{\"@type\":\"EntryPoint\",\"urlTemplate\":\"https:\/\/endorfeen.com\/fr\/?s={search_term_string}\"},\"query-input\":{\"@type\":\"PropertyValueSpecification\",\"valueRequired\":true,\"valueName\":\"search_term_string\"}}],\"inLanguage\":\"fr-FR\"},{\"@type\":\"Organization\",\"@id\":\"https:\/\/endorfeen.com\/fr\/#organization\",\"name\":\"endorfeen\",\"url\":\"https:\/\/endorfeen.com\/fr\/\",\"logo\":{\"@type\":\"ImageObject\",\"inLanguage\":\"fr-FR\",\"@id\":\"https:\/\/endorfeen.com\/fr\/#\/schema\/logo\/image\/\",\"url\":\"https:\/\/endorfeen.com\/wp-content\/uploads\/2022\/06\/Circle-endorfeen-site-icon-circled-1000-x-1000-300psi.png\",\"contentUrl\":\"https:\/\/endorfeen.com\/wp-content\/uploads\/2022\/06\/Circle-endorfeen-site-icon-circled-1000-x-1000-300psi.png\",\"width\":1000,\"height\":1000,\"caption\":\"endorfeen\"},\"image\":{\"@id\":\"https:\/\/endorfeen.com\/fr\/#\/schema\/logo\/image\/\"}},{\"@type\":\"Person\",\"@id\":\"https:\/\/endorfeen.com\/fr\/#\/schema\/person\/89cd72e7df9a1a080c58d3a3ab66739e\",\"name\":\"Nicolas Thiers\",\"image\":{\"@type\":\"ImageObject\",\"inLanguage\":\"fr-FR\",\"@id\":\"https:\/\/endorfeen.com\/fr\/#\/schema\/person\/image\/\",\"url\":\"https:\/\/secure.gravatar.com\/avatar\/79c4fee88c3c56f0952b04608cc4351d834397f90d700f98f739c4169974e6c5?s=96&d=mm&r=g\",\"contentUrl\":\"https:\/\/secure.gravatar.com\/avatar\/79c4fee88c3c56f0952b04608cc4351d834397f90d700f98f739c4169974e6c5?s=96&d=mm&r=g\",\"caption\":\"Nicolas Thiers\"},\"sameAs\":[\"https:\/\/www.facebook.com\/nicolas.thiers.18\/\",\"https:\/\/www.instagram.com\/nico_thiers\/\",\"https:\/\/www.linkedin.com\/in\/nicolas-thiers-44742513b\/\",\"https:\/\/x.com\/https:\/\/twitter.com\/NThiers38\"],\"url\":\"https:\/\/endorfeen.com\/fr\/linkto\/nicolas-thiers\/\"}]}<\/script>\n<!-- \/ Yoast SEO Premium plugin. -->","yoast_head_json":{"title":"La T\u00eate de la Muraillette, entre Muzelle et Lauvitel - endorfeen","description":"T\u00eate de la Muraillette : La France est en train de vivre ses journ\u00e9es les plus chaudes jamais enregistr\u00e9es, s\u00fbrement encore plus chaudes...","robots":{"index":"index","follow":"follow","max-snippet":"max-snippet:-1","max-image-preview":"max-image-preview:large","max-video-preview":"max-video-preview:-1"},"canonical":"https:\/\/endorfeen.com\/fr\/la-tete-de-la-muraillette-entre-muzelle-et-lauvitel\/","og_locale":"fr_FR","og_type":"article","og_title":"La T\u00eate de la Muraillette, entre Muzelle et Lauvitel","og_description":"T\u00eate de la Muraillette : La France est en train de vivre ses journ\u00e9es les plus chaudes jamais enregistr\u00e9es, s\u00fbrement encore plus chaudes...","og_url":"https:\/\/endorfeen.com\/fr\/la-tete-de-la-muraillette-entre-muzelle-et-lauvitel\/","og_site_name":"endorfeen","article_author":"https:\/\/www.facebook.com\/nicolas.thiers.18\/","article_published_time":"2022-08-10T07:30:00+00:00","article_modified_time":"2023-08-18T10:02:28+00:00","og_image":[{"width":1926,"height":1305,"url":"https:\/\/endorfeen.com\/wp-content\/uploads\/2022\/08\/3ddbc504-627b-4b43-afe8-52c8df09bfd5-e1660236122528.jpeg","type":"image\/jpeg"}],"author":"Nicolas Thiers","twitter_card":"summary_large_image","twitter_creator":"@https:\/\/twitter.com\/NThiers38","twitter_misc":{"\u00c9crit par":"Nicolas Thiers","Dur\u00e9e de lecture estim\u00e9e":"40 minutes"},"schema":{"@context":"https:\/\/schema.org","@graph":[{"@type":"Article","@id":"https:\/\/endorfeen.com\/fr\/la-tete-de-la-muraillette-entre-muzelle-et-lauvitel\/#article","isPartOf":{"@id":"https:\/\/endorfeen.com\/fr\/la-tete-de-la-muraillette-entre-muzelle-et-lauvitel\/"},"author":{"name":"Nicolas Thiers","@id":"https:\/\/endorfeen.com\/fr\/#\/schema\/person\/89cd72e7df9a1a080c58d3a3ab66739e"},"headline":"La T\u00eate de la Muraillette, entre Muzelle et Lauvitel","datePublished":"2022-08-10T07:30:00+00:00","dateModified":"2023-08-18T10:02:28+00:00","mainEntityOfPage":{"@id":"https:\/\/endorfeen.com\/fr\/la-tete-de-la-muraillette-entre-muzelle-et-lauvitel\/"},"wordCount":4255,"commentCount":0,"publisher":{"@id":"https:\/\/endorfeen.com\/fr\/#organization"},"image":{"@id":"https:\/\/endorfeen.com\/fr\/la-tete-de-la-muraillette-entre-muzelle-et-lauvitel\/#primaryimage"},"thumbnailUrl":"https:\/\/endorfeen.com\/wp-content\/uploads\/2022\/08\/3ddbc504-627b-4b43-afe8-52c8df09bfd5-e1660236122528.jpeg","keywords":["#france","#lesecrins","#randonn\u00e9e"],"articleSection":["Aventures"],"inLanguage":"fr-FR","potentialAction":[{"@type":"CommentAction","name":"Comment","target":["https:\/\/endorfeen.com\/fr\/la-tete-de-la-muraillette-entre-muzelle-et-lauvitel\/#respond"]}]},{"@type":"WebPage","@id":"https:\/\/endorfeen.com\/fr\/la-tete-de-la-muraillette-entre-muzelle-et-lauvitel\/","url":"https:\/\/endorfeen.com\/fr\/la-tete-de-la-muraillette-entre-muzelle-et-lauvitel\/","name":"La T\u00eate de la Muraillette, entre Muzelle et Lauvitel - endorfeen","isPartOf":{"@id":"https:\/\/endorfeen.com\/fr\/#website"},"primaryImageOfPage":{"@id":"https:\/\/endorfeen.com\/fr\/la-tete-de-la-muraillette-entre-muzelle-et-lauvitel\/#primaryimage"},"image":{"@id":"https:\/\/endorfeen.com\/fr\/la-tete-de-la-muraillette-entre-muzelle-et-lauvitel\/#primaryimage"},"thumbnailUrl":"https:\/\/endorfeen.com\/wp-content\/uploads\/2022\/08\/3ddbc504-627b-4b43-afe8-52c8df09bfd5-e1660236122528.jpeg","datePublished":"2022-08-10T07:30:00+00:00","dateModified":"2023-08-18T10:02:28+00:00","description":"T\u00eate de la Muraillette : La France est en train de vivre ses journ\u00e9es les plus chaudes jamais enregistr\u00e9es, s\u00fbrement encore plus chaudes...","breadcrumb":{"@id":"https:\/\/endorfeen.com\/fr\/la-tete-de-la-muraillette-entre-muzelle-et-lauvitel\/#breadcrumb"},"inLanguage":"fr-FR","potentialAction":[{"@type":"ReadAction","target":["https:\/\/endorfeen.com\/fr\/la-tete-de-la-muraillette-entre-muzelle-et-lauvitel\/"]}]},{"@type":"ImageObject","inLanguage":"fr-FR","@id":"https:\/\/endorfeen.com\/fr\/la-tete-de-la-muraillette-entre-muzelle-et-lauvitel\/#primaryimage","url":"https:\/\/endorfeen.com\/wp-content\/uploads\/2022\/08\/3ddbc504-627b-4b43-afe8-52c8df09bfd5-e1660236122528.jpeg","contentUrl":"https:\/\/endorfeen.com\/wp-content\/uploads\/2022\/08\/3ddbc504-627b-4b43-afe8-52c8df09bfd5-e1660236122528.jpeg","width":1926,"height":1305,"caption":"T\u00eate de la Muraillette"},{"@type":"BreadcrumbList","@id":"https:\/\/endorfeen.com\/fr\/la-tete-de-la-muraillette-entre-muzelle-et-lauvitel\/#breadcrumb","itemListElement":[{"@type":"ListItem","position":1,"name":"Home","item":"https:\/\/endorfeen.com\/fr\/"},{"@type":"ListItem","position":2,"name":"La T\u00eate de la Muraillette, entre Muzelle et Lauvitel"}]},{"@type":"WebSite","@id":"https:\/\/endorfeen.com\/fr\/#website","url":"https:\/\/endorfeen.com\/fr\/","name":"endorfeen","description":"The Media For Sustainable Outdoors.","publisher":{"@id":"https:\/\/endorfeen.com\/fr\/#organization"},"potentialAction":[{"@type":"SearchAction","target":{"@type":"EntryPoint","urlTemplate":"https:\/\/endorfeen.com\/fr\/?s={search_term_string}"},"query-input":{"@type":"PropertyValueSpecification","valueRequired":true,"valueName":"search_term_string"}}],"inLanguage":"fr-FR"},{"@type":"Organization","@id":"https:\/\/endorfeen.com\/fr\/#organization","name":"endorfeen","url":"https:\/\/endorfeen.com\/fr\/","logo":{"@type":"ImageObject","inLanguage":"fr-FR","@id":"https:\/\/endorfeen.com\/fr\/#\/schema\/logo\/image\/","url":"https:\/\/endorfeen.com\/wp-content\/uploads\/2022\/06\/Circle-endorfeen-site-icon-circled-1000-x-1000-300psi.png","contentUrl":"https:\/\/endorfeen.com\/wp-content\/uploads\/2022\/06\/Circle-endorfeen-site-icon-circled-1000-x-1000-300psi.png","width":1000,"height":1000,"caption":"endorfeen"},"image":{"@id":"https:\/\/endorfeen.com\/fr\/#\/schema\/logo\/image\/"}},{"@type":"Person","@id":"https:\/\/endorfeen.com\/fr\/#\/schema\/person\/89cd72e7df9a1a080c58d3a3ab66739e","name":"Nicolas Thiers","image":{"@type":"ImageObject","inLanguage":"fr-FR","@id":"https:\/\/endorfeen.com\/fr\/#\/schema\/person\/image\/","url":"https:\/\/secure.gravatar.com\/avatar\/79c4fee88c3c56f0952b04608cc4351d834397f90d700f98f739c4169974e6c5?s=96&d=mm&r=g","contentUrl":"https:\/\/secure.gravatar.com\/avatar\/79c4fee88c3c56f0952b04608cc4351d834397f90d700f98f739c4169974e6c5?s=96&d=mm&r=g","caption":"Nicolas Thiers"},"sameAs":["https:\/\/www.facebook.com\/nicolas.thiers.18\/","https:\/\/www.instagram.com\/nico_thiers\/","https:\/\/www.linkedin.com\/in\/nicolas-thiers-44742513b\/","https:\/\/x.com\/https:\/\/twitter.com\/NThiers38"],"url":"https:\/\/endorfeen.com\/fr\/linkto\/nicolas-thiers\/"}]}},"featured_image_src":"https:\/\/endorfeen.com\/wp-content\/uploads\/2022\/08\/3ddbc504-627b-4b43-afe8-52c8df09bfd5-e1660236122528-600x400.jpeg","featured_image_src_square":"https:\/\/endorfeen.com\/wp-content\/uploads\/2022\/08\/3ddbc504-627b-4b43-afe8-52c8df09bfd5-e1660236122528-600x600.jpeg","author_info":{"display_name":"Nicolas Thiers","author_link":"https:\/\/endorfeen.com\/fr\/linkto\/nicolas-thiers\/"},"acf":[],"_links":{"self":[{"href":"https:\/\/endorfeen.com\/fr\/wp-json\/wp\/v2\/posts\/3944","targetHints":{"allow":["GET"]}}],"collection":[{"href":"https:\/\/endorfeen.com\/fr\/wp-json\/wp\/v2\/posts"}],"about":[{"href":"https:\/\/endorfeen.com\/fr\/wp-json\/wp\/v2\/types\/post"}],"author":[{"embeddable":true,"href":"https:\/\/endorfeen.com\/fr\/wp-json\/wp\/v2\/users\/61"}],"replies":[{"embeddable":true,"href":"https:\/\/endorfeen.com\/fr\/wp-json\/wp\/v2\/comments?post=3944"}],"version-history":[{"count":0,"href":"https:\/\/endorfeen.com\/fr\/wp-json\/wp\/v2\/posts\/3944\/revisions"}],"wp:featuredmedia":[{"embeddable":true,"href":"https:\/\/endorfeen.com\/fr\/wp-json\/wp\/v2\/media\/3953"}],"wp:attachment":[{"href":"https:\/\/endorfeen.com\/fr\/wp-json\/wp\/v2\/media?parent=3944"}],"wp:term":[{"taxonomy":"category","embeddable":true,"href":"https:\/\/endorfeen.com\/fr\/wp-json\/wp\/v2\/categories?post=3944"},{"taxonomy":"post_tag","embeddable":true,"href":"https:\/\/endorfeen.com\/fr\/wp-json\/wp\/v2\/tags?post=3944"},{"taxonomy":"sponsor","embeddable":true,"href":"https:\/\/endorfeen.com\/fr\/wp-json\/wp\/v2\/sponsor?post=3944"}],"curies":[{"name":"wp","href":"https:\/\/api.w.org\/{rel}","templated":true}]}}