{"id":3938,"date":"2023-02-08T08:30:00","date_gmt":"2023-02-08T08:30:00","guid":{"rendered":"https:\/\/endorfeen.com\/?p=3938"},"modified":"2023-08-18T11:02:22","modified_gmt":"2023-08-18T10:02:22","slug":"road-trip-en-islande-sur-la-terre-de-feu-et-de-glace","status":"publish","type":"post","link":"https:\/\/endorfeen.com\/fr\/road-trip-en-islande-sur-la-terre-de-feu-et-de-glace\/","title":{"rendered":"Road trip en Islande, sur la terre de feu et de glace"},"content":{"rendered":"\n<p>L&rsquo;Islande est un autre monde. Totalement diff\u00e9rent des autres pays europ\u00e9ens, ce petit pays \u00e0 l&rsquo;extr\u00eame Nord du Vieux Continent promet un d\u00e9paysement total. Sur ses 100 000km2, une immense diversit\u00e9 de paysages se succ\u00e8dent au fil des kilom\u00e8tres que l&rsquo;on parcourt pour effectuer le tour de l&rsquo;\u00eele. Les plus grands glaciers et les plus grands volcans du continent europ\u00e9en sont pr\u00e9sents en Islande. <\/p>\n\n\n\n<p>Le contraste chaud et froid se retrouve tout au long d&rsquo;un p\u00e9riple d&rsquo;environ 2000km en suivant la Route n\u00b01 qui suit grosso modo les c\u00f4tes islandaises. <\/p>\n\n\n\n<p>Le d\u00e9paysement tient aussi du fait de la faible densit\u00e9 de population. 300 000 habitants peuplent cette \u00eele, ce qui est comparable \u00e0 la population de la Corse alors m\u00eame que cette derni\u00e8re est 11 fois moins grande. Mise \u00e0 part la capitale Reykjavik, les villes sont de petites tailles et l&rsquo;on enchaine parfois des dizaines de kilom\u00e8tres sans apercevoir aucune habitation.<\/p>\n\n\n\n<p>C&rsquo;est une aventure de 10 jours que je vous propose sur cette terre de feu et de glace en faisant un tour quasi complet de l&rsquo;Islande. R\u00e9alis\u00e9e au milieu du mois de mai, la climat est moins hostile que l&rsquo;hiver ou l&rsquo;automne mais la contrepartie sera faite de nuits courtes et donc de l&rsquo;absence d&rsquo;aurores bor\u00e9ales dans le ciel islandais. Mais nos yeux se satisferont des autres merveilles que nous propose ce pays si particulier. Et cette exp\u00e9dition commence \u00e9videmment par la principale porte d&rsquo;entr\u00e9e du pays : la capitale Reykjavik.<\/p>\n\n\n\n<h2 class=\"wp-block-heading\">Jour 1 de notre Road Trip en Islande : A la d\u00e9couverte de la capitale islandaise<\/h2>\n\n\n\n<p>Nous commen\u00e7ons notre road trip en Islande depuis Reykjavik, qui se situe au Sud-Ouest de l&rsquo;\u00eele. Elle recense un tiers de la population du pays mais, une fois dans ces rues, on est loin de l&rsquo;ambiance des grandes villes europ\u00e9ennes. Ce qui nous frappe, c&rsquo;est le calme de cette ville qui constitue pourtant un des poumons \u00e9conomiques de la R\u00e9publique d&rsquo;Islande.<\/p>\n\n\n\n<figure class=\"wp-block-gallery alignwide has-nested-images columns-default is-cropped wp-block-gallery-1 is-layout-flex wp-block-gallery-is-layout-flex\">\n<figure class=\"wp-block-image alignwide size-large\"><img decoding=\"async\" src=\"https:\/\/express.adobe.com\/page\/zWwQx3TBRtmrW\/images\/833f39e9-46d4-436c-a7d6-a5ec6f78171d.jpg?asset_id=98d780aa-c36d-47d0-a108-ea9375c88ac7&amp;img_etag=%22c2c8358ac9375bbac30622976b9f0279%22&amp;size=1024\" alt=\"d\u00e9but de notre road trip en Islande\" \/><figcaption>D\u00e8s la route allant de l&rsquo;a\u00e9roport de Keflav\u00edk jusqu&rsquo;\u00e0 la capitale, on remarque de suite cette imposante construction au centre de la ville : Hallgr\u00edmskirkja. Sa fl\u00e8che atteint quasiment 75 m\u00e8tres de hauteur. Elle \u00e9tonne par sa sp\u00e9cificit\u00e9 architecturale<\/figcaption><\/figure>\n\n\n\n<figure class=\"wp-block-image alignwide size-large\"><img decoding=\"async\" src=\"https:\/\/express.adobe.com\/page\/zWwQx3TBRtmrW\/images\/ea74925c-3fd4-4f14-8725-20ef9791d85a.jpg?asset_id=f18890cd-4a7f-4b71-879f-ffe568a33c98&amp;img_etag=%22bd54a727dc8fc3e5c70dddbd3cc6fec2%22&amp;size=1024\" alt=\"\" \/><\/figure>\n<\/figure>\n\n\n\n<figure class=\"wp-block-image alignwide size-large\"><img decoding=\"async\" src=\"https:\/\/express.adobe.com\/page\/zWwQx3TBRtmrW\/images\/2ce8640a-b907-4901-9e85-8cdc766cd046.jpg?asset_id=07992727-9ad3-402d-a09d-ea48959df325&amp;img_etag=%22319a7829ee17524148cf00e14a978668%22&amp;size=1024\" alt=\"road trip en Islande\" \/><figcaption>Le lac Tj\u00f6rnin avec en arri\u00e8re-plan la Fr\u00edkirkja<\/figcaption><\/figure>\n\n\n\n<p>Cette ville est un m\u00e9lange d&rsquo;architecture traditionnelle et de modernit\u00e9 alliant maisons en bois, grosses structures modernes et street-art.<\/p>\n\n\n\n<figure class=\"wp-block-gallery alignwide has-nested-images columns-default is-cropped wp-block-gallery-2 is-layout-flex wp-block-gallery-is-layout-flex\">\n<figure class=\"wp-block-image alignwide size-large\"><img decoding=\"async\" src=\"https:\/\/express.adobe.com\/page\/zWwQx3TBRtmrW\/images\/895602dd-3877-4d14-862e-9245c7e19aa9.jpg?asset_id=6df44ea7-cac7-4aca-b9b9-6fe267b6b567&amp;img_etag=%2246846f07677cbdbfbae3fcebe85185d1%22&amp;size=1024\" alt=\"road trip en Islande\" \/><figcaption>La Harpa est un centre culturel situ\u00e9 pr\u00e8s du port de Reykjavik<\/figcaption><\/figure>\n\n\n\n<figure class=\"wp-block-image alignwide size-large\"><img decoding=\"async\" src=\"https:\/\/express.adobe.com\/page\/zWwQx3TBRtmrW\/images\/603add23-c4e2-44ac-abf4-23380a1c3e92.jpg?asset_id=159df6d2-65f4-4b6b-a651-afaf78393084&amp;img_etag=%226892ac4a8d0b3ec6dc7dac3e6d58731f%22&amp;size=1024\" alt=\"road trip en Islande\" \/><\/figure>\n\n\n\n<figure class=\"wp-block-image alignwide size-large\"><img decoding=\"async\" src=\"https:\/\/express.adobe.com\/page\/zWwQx3TBRtmrW\/images\/ab77be86-8b2c-4b43-97eb-50e8180c2166.jpg?asset_id=e0e5cf34-19ce-4625-854a-9a3e019a7758&amp;img_etag=%22a78c16e71391f2a355eea1b80fe6e558%22&amp;size=1024\" alt=\"\" \/><figcaption>Le Voyageur du Soleil est une oeuvre d&rsquo;art au bord de la baie de la capitale cr\u00e9\u00e9e par J\u00f3n Gunnar \u00c1rnason en 1990<\/figcaption><\/figure>\n\n\n\n<figure class=\"wp-block-image alignwide size-large\"><img decoding=\"async\" src=\"https:\/\/express.adobe.com\/page\/zWwQx3TBRtmrW\/images\/6eaa6966-cbab-46c9-abd0-eb3f942aa4f3.jpg?asset_id=1870fbb6-10ed-4f20-a3b2-83a0670eca80&amp;img_etag=%2277c12c8b5dc5355f1e135de970845705%22&amp;size=1024\" alt=\"road trip en Islande\" \/><figcaption>Nombreuses sont les fa\u00e7ades o\u00f9 le street-art est pr\u00e9sent<\/figcaption><\/figure>\n\n\n\n<figure class=\"wp-block-image alignwide size-large\"><img decoding=\"async\" src=\"https:\/\/express.adobe.com\/page\/zWwQx3TBRtmrW\/images\/177f2b88-6fd2-453c-8c84-09993293d61e.jpg?asset_id=54ebba41-08d4-4da7-8917-c73269f86725&amp;img_etag=%222b26fbe49141172a299681e6fffc0a3e%22&amp;size=1024\" alt=\"\" \/><figcaption>Depuis le Perlan, un mus\u00e9e sur les hauteurs de la ville, on peut avoir un panorama sur Reykjavik<\/figcaption><\/figure>\n<\/figure>\n\n\n\n<figure class=\"wp-block-image alignfull size-large\"><img decoding=\"async\" src=\"https:\/\/express.adobe.com\/page\/zWwQx3TBRtmrW\/images\/6cf82bee-0330-4a00-aebf-c1b3c014c1fb.jpg?asset_id=8c13d379-a9b8-48a3-9f10-eb0dcfe78a63&amp;img_etag=%22fb41f1d568ecb6c7d74b54e2cd832a19%22&amp;size=1024\" alt=\"\" \/><\/figure>\n\n\n\n<p>La capitale islandaise \u00e9tant relativement de taille modeste, une journ\u00e9e suffit pour arpenter ses rues. C&rsquo;est apr\u00e8s cette visite de Reykjavik que le road trip commence.<\/p>\n\n\n\n<h2 class=\"wp-block-heading\">Jour 2 de notre Road Trip en Islande : Le Cercle d&rsquo;Or<\/h2>\n\n\n\n<p>D\u00e8s que l&rsquo;on quitte la capitale, les habitations et les infrastructures se rar\u00e9fient dans le paysage islandais et tout au long de notre road trip en Islande. A quelques dizaines de kilom\u00e8tres de Reykjavik, on atteint un des points touristiques majeurs de l&rsquo;\u00eele : le Cercle d&rsquo;Or. Cette zone comportent plusieurs sites que l&rsquo;on traversera les uns apr\u00e8s les autres.<\/p>\n\n\n\n<p>Tout d&rsquo;abord le Parc National de \u00deingvellir.<\/p>\n\n\n\n<figure class=\"wp-block-image alignwide size-large\"><img decoding=\"async\" src=\"https:\/\/express.adobe.com\/page\/zWwQx3TBRtmrW\/images\/13630937-47ad-4441-b818-55b0b3822fb4.jpg?asset_id=9aeeaf9d-705c-46ea-b15c-ccab84233cf7&amp;img_etag=%223fbd812792ef5adbd9d5c9c89616198c%22&amp;size=1024\" alt=\"\" \/><\/figure>\n\n\n\n<p>Aux abords de ce Parc National, on trouve une faille g\u00e9ologique que l&rsquo;on aper\u00e7oit bien sur la partie gauche de la photo. Cette faille traverse en r\u00e9alit\u00e9 la totalit\u00e9 de l&rsquo;Islande. C&rsquo;est ici que la plaque Eurasienne et Nord-Am\u00e9ricaine se rencontre. Ainsi l&rsquo;Islande a la particularit\u00e9 de se situer g\u00e9ographiquement \u00e0 la fois en Europe mais \u00e9galement en Am\u00e9rique du Nord. En plus de cela, cette faille bouge de quelques centim\u00e8tres chaque ann\u00e9e.<\/p>\n\n\n\n<figure class=\"wp-block-gallery alignwide has-nested-images columns-default is-cropped wp-block-gallery-3 is-layout-flex wp-block-gallery-is-layout-flex\">\n<figure class=\"wp-block-image alignwide size-large\"><img decoding=\"async\" src=\"https:\/\/express.adobe.com\/page\/zWwQx3TBRtmrW\/images\/e812ab8e-6e4f-44b1-a2d9-aabfe55bf7b9.jpg?asset_id=b7a2a110-a607-44df-a87b-4e6ece42f925&amp;img_etag=%22f401740d2307875c805ad46133e1a946%22&amp;size=1024\" alt=\"\" \/><figcaption>Un sentier permet de longer cette faille<\/figcaption><\/figure>\n\n\n\n<figure class=\"wp-block-image alignwide size-large\"><img decoding=\"async\" src=\"https:\/\/express.adobe.com\/page\/zWwQx3TBRtmrW\/images\/fbb91e29-de48-4eca-a858-f2980f16b7d6.jpg?asset_id=cbfe351f-c78c-43b1-a68a-2da2b004f016&amp;img_etag=%2282e779d242e78e613c613dbe8190f811%22&amp;size=1024\" alt=\"\" \/><\/figure>\n\n\n\n<figure class=\"wp-block-image alignwide size-large\"><img decoding=\"async\" src=\"https:\/\/express.adobe.com\/page\/zWwQx3TBRtmrW\/images\/b9fec070-2aee-4884-8dd9-ec3c8fd771ba.jpg?asset_id=cdb4ca02-59d1-4d95-9c69-60f5f42552bd&amp;img_etag=%22489374fa59c6ce6ed016f7fe555d890e%22&amp;size=1024\" alt=\"\" \/><\/figure>\n\n\n\n<figure class=\"wp-block-image alignwide size-large\"><img decoding=\"async\" src=\"https:\/\/express.adobe.com\/page\/zWwQx3TBRtmrW\/images\/f1497c5e-2a2d-4f3d-b8ef-2426f740fa71.jpg?asset_id=54b3495c-4ec5-448d-937c-23565162a8a5&amp;img_etag=%22dcb0d59a1f9b69db4ffaa5f4f8f7ec26%22&amp;size=1024\" alt=\"\" \/><figcaption>\u00d6xar\u00e1rfoss<\/figcaption><\/figure>\n\n\n\n<figure class=\"wp-block-image alignwide size-large\"><img decoding=\"async\" src=\"https:\/\/express.adobe.com\/page\/zWwQx3TBRtmrW\/images\/510a099f-59e2-453a-a4a9-1c7df0411b98.jpg?asset_id=f627a5d5-51e5-480a-a103-ba000fe6fc86&amp;img_etag=%22cc26ee9ac66697d1d62b84ccc6584537%22&amp;size=1024\" alt=\"\" \/><figcaption>Une petite \u00e9glise tr\u00f4ne non loin de la faille<\/figcaption><\/figure>\n<\/figure>\n\n\n\n<p>Le prochain coin de ce Cercle d&rsquo;Or nous conduit \u00e0 une des attractions touristiques les plus pris\u00e9es de l&rsquo;\u00eele : les Geysers.<\/p>\n\n\n\n<figure class=\"wp-block-image alignwide size-large\"><img decoding=\"async\" src=\"https:\/\/express.adobe.com\/page\/zWwQx3TBRtmrW\/images\/5a0184d0-57ba-416f-9513-6c56f19b2098.jpg?asset_id=ffbe18ad-b3b0-41d4-8c24-8381dcd95f80&amp;img_etag=%22f48747ef930ac00a26ce328292ca73aa%22&amp;size=1024\" alt=\"\" \/><\/figure>\n\n\n\n<p>Le champ g\u00e9othermique de Geysir est constitu\u00e9 de plusieurs geysers mais certains sont endormis tels que Geysir. Seul Strokkur est encore actif. Son \u00e9ruption a lieu environ toutes les une minute trente.<\/p>\n\n\n\n<figure class=\"wp-block-gallery alignwide has-nested-images columns-default is-cropped wp-block-gallery-4 is-layout-flex wp-block-gallery-is-layout-flex\">\n<figure class=\"wp-block-image alignwide size-large\"><img decoding=\"async\" src=\"https:\/\/express.adobe.com\/page\/zWwQx3TBRtmrW\/images\/73e18ef0-5107-463f-a681-5920cf396c46.jpg?asset_id=6963bec6-1393-4fdf-9242-73f37c1b9e24&amp;img_etag=%22c30ab061f9443e3c23539dcd97601031%22&amp;size=1024\" alt=\"road trip en Islande\" \/><\/figure>\n\n\n\n<figure class=\"wp-block-image alignwide size-large\"><img decoding=\"async\" src=\"https:\/\/express.adobe.com\/page\/zWwQx3TBRtmrW\/images\/5d80852f-9eec-41c7-9197-27ee6ed8a5d5.jpg?asset_id=4c797618-896d-4208-8b75-7a6b851ff1b4&amp;img_etag=%22a22cc5684a04877fa74c67d026966f5d%22&amp;size=1024\" alt=\"road trip en Islande\" \/><figcaption>On peut grimper sur les hauteurs de ce champ g\u00e9othermique pour contempler la vue des environs<\/figcaption><\/figure>\n\n\n\n<figure class=\"wp-block-image alignwide size-large\"><img decoding=\"async\" src=\"https:\/\/express.adobe.com\/page\/zWwQx3TBRtmrW\/images\/a17f952c-4821-41eb-a078-ab413f3ff3cb.jpg?asset_id=88782ae9-0fd2-44c2-a13d-fc961e1fa3b7&amp;img_etag=%22c552d12539ad2f8c918b6cb9c69d1b5f%22&amp;size=1024\" alt=\"road trip en Islande\" \/><figcaption>L&rsquo;\u00e9tendue des paysages est impressionnante. C&rsquo;est un univers aride malgr\u00e9 des pr\u00e9cipitations abondantes tout au long de l&rsquo;ann\u00e9e. Il n&rsquo;y a pratiquement pas de for\u00eats sur l&rsquo;\u00eele. La d\u00e9forestation a fait rage au cours des si\u00e8cles pr\u00e9c\u00e9dents pour la construction d&rsquo;habitations. Aujourd&rsquo;hui, le gouvernement islandais tente des r\u00e9implanter un espace forestier sur l&rsquo;\u00eele mais les conditions climatiques ralentissent leur expansion<\/figcaption><\/figure>\n<\/figure>\n\n\n\n<p>Apr\u00e8s les geysers, c&rsquo;est au tour des cascades islandaises d&rsquo;\u00eatre \u00e0 l&rsquo;honneur. Elles seront bien repr\u00e9sent\u00e9es par la Cascade de Gullfoss.<\/p>\n\n\n\n<figure class=\"wp-block-gallery alignwide has-nested-images columns-default is-cropped wp-block-gallery-5 is-layout-flex wp-block-gallery-is-layout-flex\">\n<figure class=\"wp-block-image alignwide size-large\"><img decoding=\"async\" src=\"https:\/\/express.adobe.com\/page\/zWwQx3TBRtmrW\/images\/eb5a8cba-7227-483c-9d16-2c508fad65a8.jpg?asset_id=76a1ba94-f0b2-4add-97e8-f25f7490fe6a&amp;img_etag=%228ede33dc89eecc102dd4375291a9fe11%22&amp;size=1024\" alt=\"road trip en Islande\" \/><figcaption>Son nom provient de l&rsquo;arc en ciel que l&rsquo;on aper\u00e7oit non loin de ses tumultes. Elle est d&rsquo;une hauteur de 32 m\u00e8tres<\/figcaption><\/figure>\n\n\n\n<figure class=\"wp-block-image alignwide size-large\"><img decoding=\"async\" src=\"https:\/\/express.adobe.com\/page\/zWwQx3TBRtmrW\/images\/b7d29ea8-a413-4a27-a21e-74eb6c045cb4.jpg?asset_id=c324979f-d989-4288-862f-995ab10c9779&amp;img_etag=%2250a0354c1090266d60c5c3353a14f50e%22&amp;size=1024\" alt=\"road trip en Islande\" \/><\/figure>\n\n\n\n<figure class=\"wp-block-image alignwide size-large\"><img decoding=\"async\" src=\"https:\/\/express.adobe.com\/page\/zWwQx3TBRtmrW\/images\/019fd7b0-4874-4f86-be7b-560f24414334.jpg?asset_id=ad91dfce-6a5a-40f2-a277-96caf689ecfd&amp;img_etag=%22f0c5eaccc11da6eb0031d962af75d508%22&amp;size=1024\" alt=\"road trip en Islande\" \/><figcaption>Malgr\u00e9 notre pr\u00e9sence au mois de mai, certains de ses rebords sont encore gel\u00e9s<\/figcaption><\/figure>\n<\/figure>\n\n\n\n<p>Le Cercle d&rsquo;Or se termine par une autre sp\u00e9cificit\u00e9 g\u00e9ologique islandaise : les volcans. Certes, on se dirige vers un volcan inactif mais son crat\u00e8re vaut le d\u00e9tour.<\/p>\n\n\n\n<figure class=\"wp-block-gallery alignwide has-nested-images columns-default is-cropped wp-block-gallery-6 is-layout-flex wp-block-gallery-is-layout-flex\">\n<figure class=\"wp-block-image alignwide size-large\"><img decoding=\"async\" src=\"https:\/\/express.adobe.com\/page\/zWwQx3TBRtmrW\/images\/2b25dda9-4692-49fc-aeac-53000c0a9772.jpg?asset_id=de6dd0c2-d75a-4881-8e5a-b76542d5e7f8&amp;img_etag=%22872dfc71abd2a8e933556ca7b147bf03%22&amp;size=1024\" alt=\"road trip en Islande\" \/><figcaption>Voici le Crat\u00e8re de Keri\u00f0 dont le fond est occup\u00e9 par un lac. On peut effectuer le tour de ce crat\u00e8re sur ses cr\u00eates<\/figcaption><\/figure>\n\n\n\n<figure class=\"wp-block-image alignwide size-large\"><img decoding=\"async\" src=\"https:\/\/express.adobe.com\/page\/zWwQx3TBRtmrW\/images\/3d520705-17fd-4f91-b679-954f1c110a05.jpg?asset_id=9ffee6ae-a059-4319-a8af-b4af1a37abdc&amp;img_etag=%22da549e25db6ea7b942a0b61858bf5ac9%22&amp;size=1024\" alt=\"road trip en Islande\" \/><\/figure>\n\n\n\n<figure class=\"wp-block-image alignwide size-large\"><img decoding=\"async\" src=\"https:\/\/express.adobe.com\/page\/zWwQx3TBRtmrW\/images\/9300b54e-7e8e-49e0-a369-01658aff86bb.jpg?asset_id=8b52e24c-d8c4-4b71-9fbe-0fbf5673d6b9&amp;img_etag=%227666d69a9d60650241ad1538d2ea1806%22&amp;size=1024\" alt=\"road trip en Islande\" \/><figcaption>Cette journ\u00e9e dans le Cercle d&rsquo;Or se termine par une contemplation des quelques collines fumantes non loin de Selfoss avant de se poser \u00e0 notre premier village-\u00e9tape : Hella<\/figcaption><\/figure>\n<\/figure>\n\n\n\n<h2 class=\"wp-block-heading\">Jour 3 et 4 de notre Road Trip en Islande: La route des cascades<\/h2>\n\n\n\n<p>Les cascades islandaises sont les plus importantes d&rsquo;Europe. Entre le village de Hella et celui de V\u00edk i Myrdal, deux d&rsquo;entre elles se trouvent \u00e0 proximit\u00e9 de la route : Seljalandsfoss et Sk\u00f3gafoss. Mais ces deux merveilles ne constitueront pas la totalit\u00e9 de nos arr\u00eats dans la r\u00e9gion puisque d&rsquo;autres points de vue s&rsquo;y trouvent.<\/p>\n\n\n\n<figure class=\"wp-block-gallery alignwide has-nested-images columns-default is-cropped wp-block-gallery-7 is-layout-flex wp-block-gallery-is-layout-flex\">\n<figure class=\"wp-block-image alignwide size-large\"><img decoding=\"async\" src=\"https:\/\/express.adobe.com\/page\/zWwQx3TBRtmrW\/images\/a17eb5ea-78ec-43c6-9454-becadbfd8a93.jpg?asset_id=100f83c1-6613-44d0-9baa-e2a2ea9b6b7b&amp;img_etag=%2232a4ce11955a4633f6dea16c79415660%22&amp;size=1024\" alt=\"road trip en Islande\" \/><figcaption>Haute de 65m, Seljalandsfoss poss\u00e8de un sentier permettant de faire enti\u00e8rement le tour de cette chute d&rsquo;eau<\/figcaption><\/figure>\n\n\n\n<figure class=\"wp-block-image alignwide size-large\"><img decoding=\"async\" src=\"https:\/\/express.adobe.com\/page\/zWwQx3TBRtmrW\/images\/e211e7d5-a45a-4d92-b76a-ee87d2364f3d.jpg?asset_id=4dff8fdd-6117-42c4-b00d-a8194b32593f&amp;img_etag=%22d5882a71663c164b3a43602ea3f38c86%22&amp;size=1024\" alt=\"road trip en Islande\" \/><\/figure>\n\n\n\n<figure class=\"wp-block-image alignwide size-large\"><img decoding=\"async\" src=\"https:\/\/express.adobe.com\/page\/zWwQx3TBRtmrW\/images\/dd020eb6-cfbd-43fe-80f3-d152f1b7c66e.jpg?asset_id=fd671e6b-355e-4668-b107-396da7c11eea&amp;img_etag=%224171d62e7b4e2261cd523d80a4951c8b%22&amp;size=1024\" alt=\"cascade road trip en Islande\" \/><\/figure>\n<\/figure>\n\n\n\n<p>C&rsquo;est ensuite au tour de Sk\u00f3gafoss.<\/p>\n\n\n\n<figure class=\"wp-block-gallery alignwide has-nested-images columns-default is-cropped wp-block-gallery-8 is-layout-flex wp-block-gallery-is-layout-flex\">\n<figure class=\"wp-block-image alignwide size-large\"><img decoding=\"async\" src=\"https:\/\/express.adobe.com\/page\/zWwQx3TBRtmrW\/images\/74f05ec2-4b7f-44bb-87e3-5830a2f43c81.jpg?asset_id=f89fa955-8ff7-4d9c-ac7b-9fd63919c0d7&amp;img_etag=%22efc1e566a59599200793b1a8ab0f757e%22&amp;size=1024\" alt=\"road trip en Islande\" \/><figcaption>Cette cascade est plus impressionnante que la premi\u00e8re puisque plus large. On peut ensuite grimper sur la droite<\/figcaption><\/figure>\n\n\n\n<figure class=\"wp-block-image alignwide size-large\"><img decoding=\"async\" src=\"https:\/\/express.adobe.com\/page\/zWwQx3TBRtmrW\/images\/c2c1cad4-58c8-4ca7-a50b-69f65b846241.jpg?asset_id=45dc6c42-7337-4088-90e4-88d7ab498dcd&amp;img_etag=%22290b7d1731ee1f21dac0cec3920f2f04%22&amp;size=1024\" alt=\"road trip en Islande\" \/><\/figure>\n\n\n\n<figure class=\"wp-block-image alignwide size-large\"><img decoding=\"async\" src=\"https:\/\/express.adobe.com\/page\/zWwQx3TBRtmrW\/images\/f388365c-cc7a-48dc-b4f2-ec83f8975451.jpg?asset_id=a21b00b7-6fdf-41ce-a9a8-17ef6c75e12d&amp;img_etag=%224eb7a63d17b78d1e78da91b29a0758d6%22&amp;size=1024\" alt=\"road trip en Islande\" \/><\/figure>\n<\/figure>\n\n\n\n<p>Non loin de cette cascade, une petite marche de 45 minutes nous permet d&rsquo;atteindre un site quelque peu inhabituel : S\u00f3lheimasandur.<\/p>\n\n\n\n<figure class=\"wp-block-gallery alignwide has-nested-images columns-default is-cropped wp-block-gallery-9 is-layout-flex wp-block-gallery-is-layout-flex\">\n<figure class=\"wp-block-image alignwide size-large\"><img decoding=\"async\" src=\"https:\/\/express.adobe.com\/page\/zWwQx3TBRtmrW\/images\/f67585cf-99b8-47e6-86d2-8724d3fce20d.jpg?asset_id=4f989c95-862c-4721-a749-f1e6c508ca45&amp;img_etag=%22052ed1959e63cc507398ddd5f3ad9476%22&amp;size=1024\" alt=\"road trip en Islande\" \/><figcaption>C&rsquo;est en suivant cette piste plate que l&rsquo;on va atteindre une \u00e9pave au milieu d&rsquo;une plage, non pas d&rsquo;un bateau mais d&rsquo;un avion<\/figcaption><\/figure>\n\n\n\n<figure class=\"wp-block-image alignwide size-large\"><img decoding=\"async\" src=\"https:\/\/express.adobe.com\/page\/zWwQx3TBRtmrW\/images\/65d9d176-88db-412b-8ea1-b5a63f893cf4.jpg?asset_id=6ca0337c-e726-4c13-b0f1-fc28526033e2&amp;img_etag=%22fe37a89753f1a67e2a29b2133ce9f7e2%22&amp;size=1024\" alt=\"road trip en Islande\" \/><figcaption>Derri\u00e8re l&rsquo;\u00e9pave de cette avion, le volcan Eyjafjallaj\u00f6kull, le m\u00eame qui a provoqu\u00e9 l&rsquo;arr\u00eat quasi total du trafic a\u00e9rien au dessus de l&rsquo;Europe en raison de son nuage de cendres lors de son \u00e9ruption de 2010<\/figcaption><\/figure>\n\n\n\n<figure class=\"wp-block-image alignwide size-large\"><img decoding=\"async\" src=\"https:\/\/express.adobe.com\/page\/zWwQx3TBRtmrW\/images\/57338841-f86a-46ee-8926-fcdfcd6efd4f.jpg?asset_id=728d5e27-76f4-4c72-8fc2-dbb8cd9023dd&amp;img_etag=%2218a6439926ae11d9b9fd9ee8fb523780%22&amp;size=1024\" alt=\"road trip en Islande\" \/><figcaption>Cette avion appartenant \u00e0 l&rsquo;arm\u00e9e de l&rsquo;air \u00e9tasunienne a \u00e9t\u00e9 victime d&rsquo;un accident en novembre 1972 au dessus de l&rsquo;Islande et s&rsquo;est pos\u00e9 sur cette plage. Le pilote a tout d&rsquo;abord fait \u00e9tat d&rsquo;un manque de carburant mais quelques temps plus tard, un agriculteur islandais a retrouv\u00e9 du carburant au sein de la carcasse. Ainsi, une d\u00e9faillance humaine semble \u00eatre \u00e0 l&rsquo;origine de ce crash<\/figcaption><\/figure>\n<\/figure>\n\n\n\n<p>On va rester avec ces plages de sable noir mais cette fois avec un belv\u00e9d\u00e8re situ\u00e9 en hauteur : la p\u00e9ninsule de Dyrh\u00f3laey.<\/p>\n\n\n\n<figure class=\"wp-block-gallery alignwide has-nested-images columns-default is-cropped wp-block-gallery-10 is-layout-flex wp-block-gallery-is-layout-flex\">\n<figure class=\"wp-block-image alignwide size-large\"><img decoding=\"async\" src=\"https:\/\/express.adobe.com\/page\/zWwQx3TBRtmrW\/images\/d9b61b3a-fee7-4464-b3cf-ccd0041d99bc.jpg?asset_id=52f1722b-a1ed-4abb-b67b-00f23d3c4565&amp;img_etag=%22f09ca2eb45f98b0333211d2ce0e1dfab%22&amp;size=1024\" alt=\"\" \/><figcaption>Malgr\u00e9 un puissant vent, la vue au dessus de cette plage de sable noir est magnifique<\/figcaption><\/figure>\n\n\n\n<figure class=\"wp-block-image alignwide size-large\"><img decoding=\"async\" src=\"https:\/\/express.adobe.com\/page\/zWwQx3TBRtmrW\/images\/664b6e06-e1f2-4861-a251-d4188757c5ed.jpg?asset_id=8b72852b-1985-4fd8-ab10-a8e669736454&amp;img_etag=%22b226f77bc2fe525d94c04e614238e964%22&amp;size=1024\" alt=\"\" \/><figcaption>La temp\u00eate n&rsquo;est plus tr\u00e8s loin<\/figcaption><\/figure>\n\n\n\n<figure class=\"wp-block-image alignwide size-large\"><img decoding=\"async\" src=\"https:\/\/express.adobe.com\/page\/zWwQx3TBRtmrW\/images\/87d96ebe-2bfd-4a97-adcf-94e54b0ba23e.jpg?asset_id=9cc38193-c940-454b-b6fb-4edeeaedf445&amp;img_etag=%2249395cec5c29580247145f59a9addb3e%22&amp;size=1024\" alt=\"\" \/><figcaption>Les Arches de Dyrh\u00f3laey<\/figcaption><\/figure>\n<\/figure>\n\n\n\n<figure class=\"wp-block-gallery alignwide has-nested-images columns-default is-cropped wp-block-gallery-11 is-layout-flex wp-block-gallery-is-layout-flex\">\n<figure class=\"wp-block-image alignwide size-large\"><img decoding=\"async\" src=\"https:\/\/express.adobe.com\/page\/zWwQx3TBRtmrW\/images\/3167cdb2-b594-43dd-b4c6-845341ce4a75.jpg?asset_id=eae2addd-5bc0-473b-92bc-98b7e48e325b&amp;img_etag=%22687f3f7ba41f2cfd5eae66a0fae1ea75%22&amp;size=1024\" alt=\"\" \/><figcaption>Apr\u00e8s ce bon bol d&rsquo;air, c&rsquo;est en face que nous nous dirigeons, vers Reynisdrangar<\/figcaption><\/figure>\n\n\n\n<figure class=\"wp-block-image alignwide size-large\"><img decoding=\"async\" src=\"https:\/\/express.adobe.com\/page\/zWwQx3TBRtmrW\/images\/423a326a-f6d0-477b-a4b7-65453d39b4b4.jpg?asset_id=a0ace310-924c-43e4-b193-d7396c421e27&amp;img_etag=%2264d4890fc765eefa4f5e3d307a715df6%22&amp;size=1024\" alt=\"\" \/><figcaption>Les dents de la mer<\/figcaption><\/figure>\n\n\n\n<figure class=\"wp-block-image alignwide size-large\"><img decoding=\"async\" src=\"https:\/\/express.adobe.com\/page\/zWwQx3TBRtmrW\/images\/5fcc80f2-2c38-43eb-9a5f-a2388eb19758.jpg?asset_id=b1b07cae-7e20-4e5e-932d-3dfccc974a80&amp;img_etag=%22955ee540729d7d6ca446d148c58ab9e6%22&amp;size=1024\" alt=\"\" \/><figcaption>Au pied de la falaise, d&rsquo;\u00e9tranges formes g\u00e9ologiques sortent du sable<\/figcaption><\/figure>\n\n\n\n<figure class=\"wp-block-image alignwide size-large\"><img decoding=\"async\" src=\"https:\/\/express.adobe.com\/page\/zWwQx3TBRtmrW\/images\/45f36853-2098-41c7-8a73-b0d77058b25b.jpg?asset_id=e26f9dba-f7ce-4151-8c55-91e0be11c69b&amp;img_etag=%22248316d4d68f1ea2f7edaf2faf909d9b%22&amp;size=1024\" alt=\"\" \/><\/figure>\n<\/figure>\n\n\n\n<p>Malgr\u00e9 la pluie qui a d\u00e9cid\u00e9 de se m\u00ealer au vent, nous nous dirigeons maintenant du c\u00f4t\u00e9 des terres, avec un glacier en ligne de mire : le glacier de S\u00f3lheimaj\u00f6kulll.<\/p>\n\n\n\n<figure class=\"wp-block-gallery alignwide has-nested-images columns-default is-cropped wp-block-gallery-12 is-layout-flex wp-block-gallery-is-layout-flex\">\n<figure class=\"wp-block-image alignwide size-large\"><img decoding=\"async\" src=\"https:\/\/express.adobe.com\/page\/zWwQx3TBRtmrW\/images\/21773630-d2bd-48bd-9a53-5a27209a5eab.jpg?asset_id=b7fb7635-b24a-4bac-8b48-99e92cd4467a&amp;img_etag=%2244376aab0bdd0b6ee1dc602c84df665b%22&amp;size=1024\" alt=\"\" \/><figcaption>Tout d&rsquo;abord, le glacier n&rsquo;est pas visible, seuls ses icebergs nous indiquent sa proximit\u00e9<\/figcaption><\/figure>\n\n\n\n<figure class=\"wp-block-image alignwide size-large\"><img decoding=\"async\" src=\"https:\/\/express.adobe.com\/page\/zWwQx3TBRtmrW\/images\/3417c01a-f0ac-485e-b278-ea50c909dcb1.jpg?asset_id=90d873fa-7e4b-4751-a632-145bf1dfd665&amp;img_etag=%220cb66485cb0b76bf5bee3c800c7da080%22&amp;size=1024\" alt=\"\" \/><\/figure>\n\n\n\n<figure class=\"wp-block-image alignwide size-large\"><img decoding=\"async\" src=\"https:\/\/express.adobe.com\/page\/zWwQx3TBRtmrW\/images\/a2e10cbe-2511-466e-b17b-4f086367b842.jpg?asset_id=d481ea2c-9886-491f-acbf-bb21bb78c561&amp;img_etag=%22937e6dd4c1e252cdbdf5a245d6e81fda%22&amp;size=1024\" alt=\"\" \/><figcaption>Voil\u00e0 le g\u00e9ant de glace<\/figcaption><\/figure>\n<\/figure>\n\n\n\n<p>Apr\u00e8s ces diff\u00e9rents points magnifiques, il nous faut maintenant passer au village de V\u00edk i Myrdal avec sa c\u00e9l\u00e8bre petite \u00e9glise rouge.<\/p>\n\n\n\n<figure class=\"wp-block-image alignwide size-large\"><img decoding=\"async\" src=\"https:\/\/express.adobe.com\/page\/zWwQx3TBRtmrW\/images\/0d32a3fe-e330-4757-9cae-536711351de7.jpg?asset_id=9435ae47-1d4c-4b87-90c4-be1457154349&amp;img_etag=%224f5e611b4a7fd68d0d660c0ba06dfe2f%22&amp;size=1024\" alt=\"\" \/><\/figure>\n\n\n\n<h2 class=\"wp-block-heading\">Jour 5 : La route des glaciers<\/h2>\n\n\n\n<p>Le beau temps est revenu sur le Sud de l&rsquo;Islande, id\u00e9al pour aller contempler les langues glaciaires qui d\u00e9gringolent de la calotte du Vatnaj\u00f6kull jusque sur les plaines.<\/p>\n\n\n\n<figure class=\"wp-block-gallery alignwide has-nested-images columns-default is-cropped wp-block-gallery-13 is-layout-flex wp-block-gallery-is-layout-flex\">\n<figure class=\"wp-block-image alignwide size-large\"><img decoding=\"async\" src=\"https:\/\/express.adobe.com\/page\/zWwQx3TBRtmrW\/images\/0d32118c-aae3-42a0-bcab-39fe23d443e2.jpg?asset_id=ee317d15-997a-4186-b610-62fbf02c73ca&amp;img_etag=%22e12cf818cce42b5a31c8b30b71669c9b%22&amp;size=1024\" alt=\"\" \/><figcaption>On observe au loin un immense glacier. C&rsquo;est un morceau du Vatnaj\u00f6kull. Cette calotte glaciaire recouvre 13% de l&rsquo;Islande et forme ainsi le plus grand glacier d&rsquo;Europe.<\/figcaption><\/figure>\n\n\n\n<figure class=\"wp-block-image alignwide size-large\"><img decoding=\"async\" src=\"https:\/\/express.adobe.com\/page\/zWwQx3TBRtmrW\/images\/baf40081-7199-4eb6-b03e-70f41f298ba1.jpg?asset_id=917c2b73-142a-410d-87d2-6934447d4741&amp;img_etag=%2205e91d8df42af904d587b54beaa5ee5b%22&amp;size=1024\" alt=\"\" \/><figcaption>On passe \u00e9galement pr\u00e8s de la c\u00e9l\u00e8bre montagne de L\u00f3magn\u00fapur<\/figcaption><\/figure>\n\n\n\n<figure class=\"wp-block-image alignwide size-large\"><img decoding=\"async\" src=\"https:\/\/express.adobe.com\/page\/zWwQx3TBRtmrW\/images\/aff10a5c-88d3-4675-86d1-b2db9d9c1290.jpg?asset_id=4e946be8-9b8d-4cfa-93b1-0abcd1febc2b&amp;img_etag=%22f9e7528e6cc0dce2c397e2d3d846f8a3%22&amp;size=1024\" alt=\"\" \/><figcaption>Puis, on se rapproche des langues glaciaires. Ici le glacier de Sk\u00e1lafellsj\u00f6kull. On va se rapprocher de ce glacier et entamer une petite randonn\u00e9e pour atteindre un point de vue au dessus de celui ci<\/figcaption><\/figure>\n\n\n\n<figure class=\"wp-block-image alignwide size-large\"><img decoding=\"async\" src=\"https:\/\/express.adobe.com\/page\/zWwQx3TBRtmrW\/images\/38f5324a-326c-4568-9b5c-73a429b7403c.jpg?asset_id=4d57859b-8810-42cf-bdcc-53fef610693f&amp;img_etag=%22df78c16a86bb0284b338981d95f7331f%22&amp;size=1024\" alt=\"\" \/><figcaption>En prenant un peu de hauteur, on aper\u00e7oit de nouveau l&rsquo;impressionnante langue glaciaire du d\u00e9but de journ\u00e9e<\/figcaption><\/figure>\n\n\n\n<figure class=\"wp-block-image alignwide size-large\"><img decoding=\"async\" src=\"https:\/\/express.adobe.com\/page\/zWwQx3TBRtmrW\/images\/0101fb97-0bdf-44f0-a7c4-8ad7a30cb71e.jpg?asset_id=a0195e97-fd55-4932-bb87-af3536b683fe&amp;img_etag=%22a551861d1683f04cc860f1e9a7c233c8%22&amp;size=1024\" alt=\"\" \/><figcaption>Ces pentes sont un festival de couleurs<\/figcaption><\/figure>\n<\/figure>\n\n\n\n<figure class=\"wp-block-gallery alignwide has-nested-images columns-default is-cropped wp-block-gallery-14 is-layout-flex wp-block-gallery-is-layout-flex\">\n<figure class=\"wp-block-image alignwide size-large\"><img decoding=\"async\" src=\"https:\/\/express.adobe.com\/page\/zWwQx3TBRtmrW\/images\/663d7ec9-26da-4dab-a4e7-267c3c597686.jpg?asset_id=78695daa-ef19-4d51-8d32-92d679776581&amp;img_etag=%22407297360a982634eb589519ea7a4af7%22&amp;size=1024\" alt=\"\" \/><figcaption>Puis, au milieu d&rsquo;un vallon, la Cascade de Svartifoss se d\u00e9voile<\/figcaption><\/figure>\n\n\n\n<figure class=\"wp-block-image alignwide size-large\"><img decoding=\"async\" src=\"https:\/\/express.adobe.com\/page\/zWwQx3TBRtmrW\/images\/afa19598-570d-4dd8-b677-b626eacc3837.jpg?asset_id=6432e773-15bb-4072-b60d-a411807817d2&amp;img_etag=%22a0d5cd49ad05c1c08c57fc9af582ed0e%22&amp;size=1024\" alt=\"\" \/><figcaption>Son petit cirque est une merveille g\u00e9ologique<\/figcaption><\/figure>\n\n\n\n<figure class=\"wp-block-image alignwide size-large\"><img decoding=\"async\" src=\"https:\/\/express.adobe.com\/page\/zWwQx3TBRtmrW\/images\/796a4ad7-b939-40ab-91cf-f761205c5343.jpg?asset_id=49f4aca5-26ca-40a3-8c46-731b7d83816e&amp;img_etag=%222160cec84bb5fabe8dbf6347ef8a04e4%22&amp;size=1024\" alt=\"\" \/><figcaption>De retour sur le sentier en direction du belv\u00e9d\u00e8re. Au centre le Hvannadalshnj\u00fakur 2110m, le point culminant de l&rsquo;\u00eele<\/figcaption><\/figure>\n\n\n\n<figure class=\"wp-block-image alignwide size-large\"><img decoding=\"async\" src=\"https:\/\/express.adobe.com\/page\/zWwQx3TBRtmrW\/images\/ce869c23-f7d5-421d-bcf6-2260a90e8323.jpg?asset_id=036499c5-4a05-498f-bc8e-fb6661d6bb08&amp;img_etag=%2255197984c5c1cc145ed9c4dea1275ca6%22&amp;size=1024\" alt=\"\" \/><figcaption>Voil\u00e0 la r\u00e9compense : le glacier de Sk\u00e1lafellsj\u00f6kull<\/figcaption><\/figure>\n<\/figure>\n\n\n\n<figure class=\"wp-block-gallery alignwide has-nested-images columns-default is-cropped wp-block-gallery-15 is-layout-flex wp-block-gallery-is-layout-flex\">\n<figure class=\"wp-block-image alignwide size-large\"><img decoding=\"async\" src=\"https:\/\/express.adobe.com\/page\/zWwQx3TBRtmrW\/images\/883c2722-eda1-4feb-9f85-7484fd696eee.jpg?asset_id=0908e202-5f26-4e2f-a0e2-04094fedf320&amp;img_etag=%22d469c5ddea69f3d6623f470c7990ee31%22&amp;size=1024\" alt=\"\" \/><figcaption>Une cord\u00e9e est visible au centre de la photo<\/figcaption><\/figure>\n\n\n\n<figure class=\"wp-block-image alignwide size-large\"><img decoding=\"async\" src=\"https:\/\/express.adobe.com\/page\/zWwQx3TBRtmrW\/images\/8b82b502-3c4d-4832-be5b-7e193e4467ac.jpg?asset_id=6dd35949-45eb-4d5a-a04e-44d25e482d04&amp;img_etag=%22f366e110df2bc9ed4c65545544869e7c%22&amp;size=1024\" alt=\"\" \/><figcaption>La glacier finit sa course dans un immense lac de fonte<\/figcaption><\/figure>\n\n\n\n<figure class=\"wp-block-image alignwide size-large\"><img decoding=\"async\" src=\"https:\/\/express.adobe.com\/page\/zWwQx3TBRtmrW\/images\/8bcbc0b2-0d26-4188-bb48-2ad6b0e53560.jpg?asset_id=71c3b71f-6919-45cf-9be4-21aa05a6c0af&amp;img_etag=%22d85d841bfdc62a7fafdee8ab128c3478%22&amp;size=1024\" alt=\"\" \/><\/figure>\n<\/figure>\n\n\n\n<p>Apr\u00e8s ces moments d&rsquo;\u00e9blouissement devant ce glacier, nous nous rendons aupr\u00e8s d&rsquo;une autre langue glaciaire, elle aussi issue du Vatnaj\u00f6kull. Mais cette fois ci, cet autre glacier rejoint directement l&rsquo;oc\u00e9an.<\/p>\n\n\n\n<figure class=\"wp-block-gallery alignwide has-nested-images columns-default is-cropped wp-block-gallery-16 is-layout-flex wp-block-gallery-is-layout-flex\">\n<figure class=\"wp-block-image alignwide size-large\"><img decoding=\"async\" src=\"https:\/\/express.adobe.com\/page\/zWwQx3TBRtmrW\/images\/b272ce44-ab7b-4868-a401-51e594ba2032.jpg?asset_id=43ca6038-a737-419d-99e9-adc867895d18&amp;img_etag=%22f53b7c4f458d295f9b56f1a80f12ad8a%22&amp;size=1024\" alt=\"\" \/><figcaption>Ici, on se situe au niveau du lagon du J\u00f6kuls\u00e1rl\u00f3n. Au loin, on devine le glacier du Brei\u00f0amerkurj\u00f6kull<\/figcaption><\/figure>\n\n\n\n<figure class=\"wp-block-image alignwide size-large\"><img decoding=\"async\" src=\"https:\/\/express.adobe.com\/page\/zWwQx3TBRtmrW\/images\/c7770653-3aa1-47a8-b03b-6ab053a5a4bf.jpg?asset_id=d751dd8e-93f8-47cf-8592-c54ad7c3ebe7&amp;img_etag=%22a49575ae0202594eab482779b9110e90%22&amp;size=1024\" alt=\"\" \/><figcaption>Souvent, on entend les icebergs s&rsquo;entrechoquer, se retourner ou se casser<\/figcaption><\/figure>\n\n\n\n<figure class=\"wp-block-image alignwide size-large\"><img decoding=\"async\" src=\"https:\/\/express.adobe.com\/page\/zWwQx3TBRtmrW\/images\/5022a3bb-39a2-4140-9067-0cc3bc874615.jpg?asset_id=217a9c7e-090c-47b5-a755-78abd0f8bd21&amp;img_etag=%22b880d4562a72d24d0bdd731fd4352229%22&amp;size=1024\" alt=\"\" \/><figcaption>Au milieu de ces sculptures de glace, quelques phoques batifolent dans l&rsquo;eau glaciale<\/figcaption><\/figure>\n<\/figure>\n\n\n\n<p>Ce lagon a la particularit\u00e9 d&rsquo;\u00eatre ouvert sur l&rsquo;oc\u00e9an. Ainsi, une fois assez r\u00e9duits par la fonte, les icebergs s&rsquo;\u00e9chappent vers l&rsquo;oc\u00e9an. Cependant, le ressac les ram\u00e8ne vers la c\u00f4te. Ainsi est n\u00e9e la plage de diamants.<\/p>\n\n\n\n<figure class=\"wp-block-gallery alignwide has-nested-images columns-default is-cropped wp-block-gallery-17 is-layout-flex wp-block-gallery-is-layout-flex\">\n<figure class=\"wp-block-image alignwide size-large\"><img decoding=\"async\" src=\"https:\/\/express.adobe.com\/page\/zWwQx3TBRtmrW\/images\/d774acec-3205-406c-bcfe-9873c456ddec.jpg?asset_id=435b8507-f0e3-42fb-89f5-f546450db5bc&amp;img_etag=%22286df4a0f00f4f1db7d32b986207961e%22&amp;size=1024\" alt=\"\" \/><\/figure>\n\n\n\n<figure class=\"wp-block-image alignwide size-large\"><img decoding=\"async\" src=\"https:\/\/express.adobe.com\/page\/zWwQx3TBRtmrW\/images\/e29b7fba-f844-4efa-b89b-4e9e071ba546.jpg?asset_id=073d3cf3-5ba4-4711-b11d-3335ace23202&amp;img_etag=%227d49341457656f22cb83b15d20bdb748%22&amp;size=1024\" alt=\"\" \/><figcaption>Les morceaux de glace viennent s&rsquo;\u00e9chouer sur cette plage, contrastant avec le noir du sable<\/figcaption><\/figure>\n\n\n\n<figure class=\"wp-block-image alignwide size-large\"><img decoding=\"async\" src=\"https:\/\/express.adobe.com\/page\/zWwQx3TBRtmrW\/images\/96632860-aba9-4e1d-9bb7-d19018386eec.jpg?asset_id=0726e5e2-12ac-463c-bd29-3e6d81b8b030&amp;img_etag=%229c35308cea7884211b516d984bc8b561%22&amp;size=1024\" alt=\"\" \/><\/figure>\n<\/figure>\n\n\n\n<p>Apr\u00e8s ces exp\u00e9riences gel\u00e9es, nous voulions contempler la fameuse montagne de Vestrahorn. Malheureusement, la n\u00e9bulosit\u00e9 ne nous a pas permis d&rsquo;apercevoir ces falaises tombant dans l&rsquo;oc\u00e9an.<\/p>\n\n\n\n<figure class=\"wp-block-image alignwide size-large\"><img decoding=\"async\" src=\"https:\/\/express.adobe.com\/page\/zWwQx3TBRtmrW\/images\/d0924661-34a9-4438-bfdb-892943432f1c.jpg?asset_id=4dde7f93-d25a-4dcf-841d-92218947b87b&amp;img_etag=%223b059eaa495b5ecfa89e272c9706d595%22&amp;size=1024\" alt=\"\" \/><figcaption>Aper\u00e7u de la route c\u00f4ti\u00e8re avant qu&rsquo;elle nous fasse rentrer davantage dans les terres<\/figcaption><\/figure>\n\n\n\n<p>C&rsquo;est tout de m\u00eame apr\u00e8s en avoir pris plein la vue que nous nous rendons \u00e0 notre nouvelle ville-\u00e9tape : Egilssta\u00f0ir.<\/p>\n\n\n\n<figure class=\"wp-block-image alignwide size-large\"><img decoding=\"async\" src=\"https:\/\/express.adobe.com\/page\/zWwQx3TBRtmrW\/images\/37df5e99-ae7d-481a-bdb4-3b0f943282ab.jpg?asset_id=6553939f-027a-4f09-923d-68e350849240&amp;img_etag=%2253c357ba9ed53368146e91c0edb43eb8%22&amp;size=1024\" alt=\"\" \/><\/figure>\n\n\n\n<h2 class=\"wp-block-heading\">Jour 6 : Des fjords de l&rsquo;Est \u00e0 la c\u00f4te Nord de l&rsquo;\u00eele<\/h2>\n\n\n\n<p>Durant cette 6\u00e8me journ\u00e9e, un petit tour dans les fjords de l&rsquo;Est nous am\u00e8ne au petit village de Sey\u00f0isfj\u00f6r\u00f0ur. Une route de montagne nous y am\u00e8ne. Apr\u00e8s une mont\u00e9e et un col, on descend rapidement au fond de la vall\u00e9e o\u00f9 se trouve le village et le fjord.<\/p>\n\n\n\n<figure class=\"wp-block-gallery alignwide has-nested-images columns-default is-cropped wp-block-gallery-18 is-layout-flex wp-block-gallery-is-layout-flex\">\n<figure class=\"wp-block-image alignwide size-large\"><img decoding=\"async\" src=\"https:\/\/express.adobe.com\/page\/zWwQx3TBRtmrW\/images\/fe60b9f1-2b7b-4ebe-8996-d410260899b1.jpg?asset_id=b7e39cba-7dad-4c84-b763-331542fe6367&amp;img_etag=%22c0fb8cf575796557d96105923fa2cc74%22&amp;size=1024\" alt=\"\" \/><figcaption>La neige est encore bien pr\u00e9sente sur les cimes. On aper\u00e7oit le village et le fjord.<\/figcaption><\/figure>\n\n\n\n<figure class=\"wp-block-image alignwide size-large\"><img decoding=\"async\" src=\"https:\/\/express.adobe.com\/page\/zWwQx3TBRtmrW\/images\/132c6127-489a-4544-b59c-c4dfa301b191.jpg?asset_id=3df9ac9a-548f-42de-80af-4ad7511b049b&amp;img_etag=%223c40f92f9765c237ed05ee9adc487207%22&amp;size=1024\" alt=\"\" \/><\/figure>\n\n\n\n<figure class=\"wp-block-image alignwide size-large\"><img decoding=\"async\" src=\"https:\/\/express.adobe.com\/page\/zWwQx3TBRtmrW\/images\/b0bca81a-8a56-4a61-9bbf-5e1ca94ff8b5.jpg?asset_id=7cc00ba9-0001-4e2b-b91b-4069ebcd7cf4&amp;img_etag=%2201552b6029750e507e40d253cb63d6ec%22&amp;size=1024\" alt=\"\" \/><figcaption>C&rsquo;est notamment cette rue qui nous a attir\u00e9 vers ce petit village islandais. La \u00ab\u00a0Regnboga Vegur\u00a0\u00bb &#8212; la Route Arc en Ciel &#8212; en soutien \u00e0 la communaut\u00e9 LGBT<\/figcaption><\/figure>\n\n\n\n<figure class=\"wp-block-image alignwide size-large\"><img decoding=\"async\" src=\"https:\/\/express.adobe.com\/page\/zWwQx3TBRtmrW\/images\/11081077-0b63-4a8c-8ab4-7debe9214191.jpg?asset_id=6e31b09f-2acf-4f47-8e6c-4207d9566a8b&amp;img_etag=%22be265fea05f94da7c3234a8e7444e1a1%22&amp;size=1024\" alt=\"\" \/><figcaption>Les quelques habitations se refl\u00e8tent dans les eaux calmes du fjord<\/figcaption><\/figure>\n<\/figure>\n\n\n\n<figure class=\"wp-block-image alignfull size-large\"><img decoding=\"async\" src=\"https:\/\/express.adobe.com\/page\/zWwQx3TBRtmrW\/images\/44024939-aac8-4750-984d-e4b64152cd1c.jpg?asset_id=d4efcd6d-d6c9-4118-8daa-2eb3699ac796&amp;img_etag=%22d686f1dbb53150f67f5d6c1c7939921b%22&amp;size=1024\" alt=\"\" \/><\/figure>\n\n\n\n<p>Apr\u00e8s ce petit d\u00e9tour, on retourne en direction des terres. C&rsquo;est la seule partie de la route qui se situe non pas sur les c\u00f4tes islandaises mais dans les terres. L&rsquo;ambiance devient de plus en plus d\u00e9sertique.<\/p>\n\n\n\n<p>Et c&rsquo;est au milieu d&rsquo;un d\u00e9sert de pierres que l&rsquo;on trouve la cascade la plus puissante d&rsquo;Europe : Dettifoss.<\/p>\n\n\n\n<figure class=\"wp-block-gallery has-nested-images columns-default is-cropped wp-block-gallery-19 is-layout-flex wp-block-gallery-is-layout-flex\">\n<figure class=\"wp-block-image alignfull size-large\"><img decoding=\"async\" src=\"https:\/\/express.adobe.com\/page\/zWwQx3TBRtmrW\/images\/3d9a51d0-219b-4297-8672-edc5d2801125.jpg?asset_id=c63fd7cd-8771-49c6-84e2-d0dcbb7b5a47&amp;img_etag=%22a486d83124d5aaca471f45db0caa5801%22&amp;size=1024\" alt=\"\" \/><\/figure>\n\n\n\n<figure class=\"wp-block-image alignwide size-large\"><img decoding=\"async\" src=\"https:\/\/express.adobe.com\/page\/zWwQx3TBRtmrW\/images\/20ce4c11-6190-4137-be50-e9ac0c2bffc2.jpg?asset_id=0fd45cdb-dfa5-48cc-992f-ae0715ecca89&amp;img_etag=%22adf4fd97179f80f87fc444c5e29d1ed3%22&amp;size=1024\" alt=\"\" \/><figcaption>L&rsquo;arc en ciel form\u00e9 par Dettifoss<\/figcaption><\/figure>\n\n\n\n<figure class=\"wp-block-image alignwide size-large\"><img decoding=\"async\" src=\"https:\/\/express.adobe.com\/page\/zWwQx3TBRtmrW\/images\/ffdaa77d-add7-44ac-9251-cb7e3fe35c30.jpg?asset_id=29218645-8249-483f-943c-e37613856110&amp;img_etag=%2258f9f231133724bdb75127ffe2639bb4%22&amp;size=1024\" alt=\"\" \/><figcaption>Outre la cascade et la rivi\u00e8re au fond du vallon, la paysage est aride<\/figcaption><\/figure>\n\n\n\n<figure class=\"wp-block-image alignwide size-large\"><img decoding=\"async\" src=\"https:\/\/express.adobe.com\/page\/zWwQx3TBRtmrW\/images\/2f30d487-cdb9-48dc-99fe-ff5d16573a83.jpg?asset_id=c3403a16-d2c7-4016-aa0c-81f607fd77fd&amp;img_etag=%227af337aadb8476b84381959a4dcd2abb%22&amp;size=1024\" alt=\"\" \/><figcaption>Une ambiance quasi lunaire<\/figcaption><\/figure>\n\n\n\n<figure class=\"wp-block-image alignwide size-large\"><img decoding=\"async\" src=\"https:\/\/express.adobe.com\/page\/zWwQx3TBRtmrW\/images\/c91d8191-5ee3-411b-860d-7659610379b9.jpg?asset_id=071a984b-4998-4679-94e3-d43f5a7d314a&amp;img_etag=%22804af05748d0082744c564847cea164a%22&amp;size=1024\" alt=\"\" \/><figcaption>Un peu plus en amont de Dettifoss, c&rsquo;est la cascade de Selfoss<\/figcaption><\/figure>\n<\/figure>\n\n\n\n<p>Apr\u00e8s les terres arides, on rejoint de nouveau la c\u00f4te en direction de la p\u00e9ninsule de Tj\u00f6rneshreppur. Cette fois, c&rsquo;est la c\u00f4te Nord de l&rsquo;Islande.<\/p>\n\n\n\n<figure class=\"wp-block-gallery alignwide has-nested-images columns-default is-cropped wp-block-gallery-20 is-layout-flex wp-block-gallery-is-layout-flex\">\n<figure class=\"wp-block-image alignwide size-large\"><img decoding=\"async\" src=\"https:\/\/express.adobe.com\/page\/zWwQx3TBRtmrW\/images\/beaa5a45-b691-447b-8f5f-31a8b645ddf1.jpg?asset_id=d155a5ac-78d2-4e01-844d-5432311c9dd4&amp;img_etag=%22849d4a544b13c5d27d63308b2d4d0ee8%22&amp;size=1024\" alt=\"\" \/><\/figure>\n\n\n\n<figure class=\"wp-block-image alignwide size-large\"><img decoding=\"async\" src=\"https:\/\/express.adobe.com\/page\/zWwQx3TBRtmrW\/images\/f7fd78d7-4bc7-4ec8-bdaf-82d1a8be892b.jpg?asset_id=68fa5c71-95be-4c82-92ce-1b5eca342a01&amp;img_etag=%22bb8447e38d20cf088fe443d336018bb5%22&amp;size=1024\" alt=\"\" \/><\/figure>\n\n\n\n<figure class=\"wp-block-image alignwide size-large\"><img decoding=\"async\" src=\"https:\/\/express.adobe.com\/page\/zWwQx3TBRtmrW\/images\/bcb54d30-6f9a-47b1-869f-7b0f752abfdd.jpg?asset_id=358d6258-98a3-40d6-b301-034698a9d157&amp;img_etag=%22e24055fbba2c5cf6db4001aea9af787c%22&amp;size=1024\" alt=\"\" \/><\/figure>\n<\/figure>\n\n\n\n<p>En parcourant cette p\u00e9ninsule, on descend ensuite plus au Sud-Est vers notre nouvelle ville-\u00e9tape : Akureyri, la deuxi\u00e8me ville du pays.<\/p>\n\n\n\n<h2 class=\"wp-block-heading\">Jour 7 : La r\u00e9gion de M\u00fdvatn<\/h2>\n\n\n\n<p>Au lieu de continuer notre p\u00e9riple en longeant la c\u00f4te, on rebrousse chemin de nouveau \u00e0 l&rsquo;Est, dans les terres. Nous sommes attir\u00e9s par une zone volcanique majeure de l&rsquo;Islande : le Lac de M\u00fdvatn et Krafla.<\/p>\n\n\n\n<figure class=\"wp-block-gallery alignwide has-nested-images columns-default is-cropped wp-block-gallery-21 is-layout-flex wp-block-gallery-is-layout-flex\">\n<figure class=\"wp-block-image alignwide size-large\"><img decoding=\"async\" src=\"https:\/\/express.adobe.com\/page\/zWwQx3TBRtmrW\/images\/7b3dd7bb-6b61-424f-8f40-752cdc432043.jpg?asset_id=a79081fd-9466-4de5-8619-813f7a97abca&amp;img_etag=%2299d4d36434a09990c7dbd72c773a816d%22&amp;size=1024\" alt=\"\" \/><figcaption>Notre premier arr\u00eat se fait au niveau du crat\u00e8re de V\u00edti sous le volcan de Krafla, un des plus importants volcans de l&rsquo;\u00eele<\/figcaption><\/figure>\n\n\n\n<figure class=\"wp-block-image alignwide size-large\"><img decoding=\"async\" src=\"https:\/\/express.adobe.com\/page\/zWwQx3TBRtmrW\/images\/da644393-c8a6-4765-b8ae-289b11bff072.jpg?asset_id=a7f4b777-d028-4b73-b1e3-d77c0c5bc3b7&amp;img_etag=%22b6a2fd8d70d0a6875b2d840507cad6dc%22&amp;size=1024\" alt=\"\" \/><figcaption>L\u00e0 aussi, on peut effectuer le tour du crat\u00e8re via son ar\u00eate<\/figcaption><\/figure>\n\n\n\n<figure class=\"wp-block-image alignwide size-large\"><img decoding=\"async\" src=\"https:\/\/express.adobe.com\/page\/zWwQx3TBRtmrW\/images\/4f73985a-7011-42de-acf6-ee92f0803fbd.jpg?asset_id=e1b2e7fa-ab38-4bee-a9db-36409092035a&amp;img_etag=%22968c03588b20f36ea80867e7525ccf83%22&amp;size=1024\" alt=\"\" \/><figcaption>Les chemin\u00e9es de soufre sont nombreuses dans ces montagnes<\/figcaption><\/figure>\n<\/figure>\n\n\n\n<p>Apr\u00e8s avoir err\u00e9 autour du lac de V\u00edti, on s&rsquo;appr\u00eate \u00e0 arpenter les champs de lave de Krafla.<\/p>\n\n\n\n<figure class=\"wp-block-gallery alignwide has-nested-images columns-default is-cropped wp-block-gallery-22 is-layout-flex wp-block-gallery-is-layout-flex\">\n<figure class=\"wp-block-image alignwide size-large\"><img decoding=\"async\" src=\"https:\/\/express.adobe.com\/page\/zWwQx3TBRtmrW\/images\/6310721f-ed34-4a7b-95a5-060639e7e065.jpg?asset_id=ad79d380-436b-4ac2-ad97-eda7b3afe1dc&amp;img_etag=%2231937cb9d5f2b5dad321ec2f81a4f4bb%22&amp;size=1024\" alt=\"\" \/><figcaption>Le principal champ de lave se situe tout autour de cette butte orang\u00e9e<\/figcaption><\/figure>\n\n\n\n<figure class=\"wp-block-image alignwide size-large\"><img decoding=\"async\" src=\"https:\/\/express.adobe.com\/page\/zWwQx3TBRtmrW\/images\/a1daad02-1191-4b6c-b92c-8cb1c0f558ca.jpg?asset_id=cc0ecfbd-9848-4530-bbfc-4b0a2e48049d&amp;img_etag=%22fa5b33aa947d247ed28fdaff2fffef3e%22&amp;size=1024\" alt=\"\" \/><\/figure>\n\n\n\n<figure class=\"wp-block-image alignwide size-large\"><img decoding=\"async\" src=\"https:\/\/express.adobe.com\/page\/zWwQx3TBRtmrW\/images\/8ca0674e-65ce-4800-be9b-08098e39078c.jpg?asset_id=3620a1fd-8226-45eb-96ac-9641314e3010&amp;img_etag=%22b5a18cef7c85ba5412aac676aab795e9%22&amp;size=1024\" alt=\"\" \/><\/figure>\n\n\n\n<figure class=\"wp-block-image alignwide size-large\"><img decoding=\"async\" src=\"https:\/\/express.adobe.com\/page\/zWwQx3TBRtmrW\/images\/d993ccb8-dd38-4329-b0a3-5066e3132bf8.jpg?asset_id=939836a4-8be8-4c2b-ba34-70a8d4fc2bac&amp;img_etag=%2270c1a152a622f3d0ab98867789bf6783%22&amp;size=1024\" alt=\"\" \/><\/figure>\n\n\n\n<figure class=\"wp-block-image alignwide size-large\"><img decoding=\"async\" src=\"https:\/\/express.adobe.com\/page\/zWwQx3TBRtmrW\/images\/70c18bd5-e355-43fd-b119-253002d427b8.jpg?asset_id=6912bac6-1f09-4a31-859a-76d851b49dbd&amp;img_etag=%22e20086979b3a93e82aae99019af33f9f%22&amp;size=1024\" alt=\"\" \/><\/figure>\n<\/figure>\n\n\n\n<p>Un sentier est am\u00e9nag\u00e9 afin d&rsquo;\u00e9viter les crevasses et certains points chauds. Des fumerolles s&rsquo;\u00e9chappent du sous sols \u00e0 des endroits mais l&rsquo;odeur de soufre n&rsquo;est pas trop pr\u00e9sente.<\/p>\n\n\n\n<p>Cette odeur sera davantage pr\u00e9sente, et m\u00eame d\u00e9rangeante, lors de notre prochaine \u00e9tape : le site g\u00e9othermique de Hverir.<\/p>\n\n\n\n<figure class=\"wp-block-gallery alignwide has-nested-images columns-default is-cropped wp-block-gallery-23 is-layout-flex wp-block-gallery-is-layout-flex\">\n<figure class=\"wp-block-image alignwide size-large\"><img decoding=\"async\" src=\"https:\/\/express.adobe.com\/page\/zWwQx3TBRtmrW\/images\/0e1f5b3b-e1db-4ac1-86cc-3106477d3be5.jpg?asset_id=bb118372-04ac-4965-a5aa-5a2873ca3746&amp;img_etag=%22b3c2284061e2e6c53d24b68cba45fb23%22&amp;size=1024\" alt=\"\" \/><figcaption>Sur ce site, ce sont de v\u00e9ritables bassins de boue en \u00e9bullition<\/figcaption><\/figure>\n\n\n\n<figure class=\"wp-block-image alignwide size-large\"><img decoding=\"async\" src=\"https:\/\/express.adobe.com\/page\/zWwQx3TBRtmrW\/images\/e021bf34-ec26-459e-9c5b-119448619eec.jpg?asset_id=e4eea436-e615-418a-9fa1-0f63c0751c96&amp;img_etag=%224ba183dcd5bc85b83607a1d14853a44e%22&amp;size=1024\" alt=\"\" \/><figcaption>L&rsquo;odeur est par endroit difficile \u00e0 supporter<\/figcaption><\/figure>\n\n\n\n<figure class=\"wp-block-image alignwide size-large\"><img decoding=\"async\" src=\"https:\/\/express.adobe.com\/page\/zWwQx3TBRtmrW\/images\/f12a1170-6a2b-483c-9ff0-e00c75839c65.jpg?asset_id=fe814757-b93a-4702-ae87-93b817855fd9&amp;img_etag=%22cf9570674ca62d470d9923385d50c067%22&amp;size=1024\" alt=\"\" \/><figcaption>Chemin\u00e9e de soufre<\/figcaption><\/figure>\n<\/figure>\n\n\n\n<p>Pour avoir un point de vue d&rsquo;ensemble du site, nous d\u00e9cidons de grimper sur le Mont Namafjall juste au dessus de Hverir.<\/p>\n\n\n\n<figure class=\"wp-block-gallery alignwide has-nested-images columns-default is-cropped wp-block-gallery-24 is-layout-flex wp-block-gallery-is-layout-flex\">\n<figure class=\"wp-block-image alignwide size-large\"><img decoding=\"async\" src=\"https:\/\/express.adobe.com\/page\/zWwQx3TBRtmrW\/images\/d8e4053f-d1c1-4419-98bb-9111001c891e.jpg?asset_id=f45531ab-db8d-47b3-a7d7-da5aae3687cc&amp;img_etag=%22e7f520fe9dadb64330bac0e4531e6a8f%22&amp;size=1024\" alt=\"\" \/><\/figure>\n\n\n\n<figure class=\"wp-block-image alignwide size-large\"><img decoding=\"async\" src=\"https:\/\/express.adobe.com\/page\/zWwQx3TBRtmrW\/images\/b27b20ab-d514-4802-a7e1-0b07c1cfbc9b.jpg?asset_id=c42f20c9-561f-4c39-bc58-b9bfaf63405a&amp;img_etag=%22b5f34c10e7f9358bd4704584dd088448%22&amp;size=1024\" alt=\"\" \/><figcaption>En fonction des nuages ou du soleil, la couleur de la montagne change du tout au tout<\/figcaption><\/figure>\n\n\n\n<figure class=\"wp-block-image alignwide size-large\"><img decoding=\"async\" src=\"https:\/\/express.adobe.com\/page\/zWwQx3TBRtmrW\/images\/5c9f2ba4-2b47-4699-8b15-b5a70ce13999.jpg?asset_id=a3cdf303-ab87-4d72-99f1-82037fc5ef06&amp;img_etag=%22e9b90f14b9afcadc7a525c1b1081ec6c%22&amp;size=1024\" alt=\"road trip en Islande\" \/><figcaption>Avec cette ambiance d\u00e9sertique, on a du mal \u00e0 se rendre compte que l&rsquo;on se situe sur l&rsquo;un des endroits recevant le plus de pr\u00e9cipitations d&rsquo;Europe<\/figcaption><\/figure>\n<\/figure>\n\n\n\n<figure class=\"wp-block-gallery alignwide has-nested-images columns-default is-cropped wp-block-gallery-25 is-layout-flex wp-block-gallery-is-layout-flex\">\n<figure class=\"wp-block-image alignwide size-large\"><img decoding=\"async\" src=\"https:\/\/express.adobe.com\/page\/zWwQx3TBRtmrW\/images\/1e00c12b-6559-42a7-874c-db0436ce18e5.jpg?asset_id=564f9b93-bcbc-4bcc-bcd3-1e14621fe1b7&amp;img_etag=%2233f14ea8bb13e7905c310908cc83c155%22&amp;size=1024\" alt=\"road trip en Islande\" \/><\/figure>\n\n\n\n<figure class=\"wp-block-image alignwide size-large\"><img decoding=\"async\" src=\"https:\/\/express.adobe.com\/page\/zWwQx3TBRtmrW\/images\/e5e9b58a-1907-4303-9bf5-653e0610bd23.jpg?asset_id=45456f8c-8435-496a-bd67-f0ade4ec97b6&amp;img_etag=%22f0f8bfbea60267cfb80df6fe8505fab6%22&amp;size=1024\" alt=\"road trip en Islande\" \/><figcaption>De l&rsquo;autre c\u00f4t\u00e9 de la montagne, on aper\u00e7oit le Lac M\u00fdvatn<\/figcaption><\/figure>\n\n\n\n<figure class=\"wp-block-image alignwide size-large\"><img decoding=\"async\" src=\"https:\/\/express.adobe.com\/page\/zWwQx3TBRtmrW\/images\/b49c3cd1-aa48-4c97-9e38-bc58487c4a62.jpg?asset_id=2af2b3e3-fdd2-4e39-a82d-bdc8de33c74c&amp;img_etag=%223e4f786d38aa9792fb38dbdd99c51ef3%22&amp;size=1024\" alt=\"road trip en Islande\" \/><\/figure>\n<\/figure>\n\n\n\n<p>Apr\u00e8s une baignade dans un bassin d&rsquo;eau chaude, on effectue le tour du Lac M\u00fdvatn en voiture.<\/p>\n\n\n\n<figure class=\"wp-block-image alignwide size-large\"><img decoding=\"async\" src=\"https:\/\/express.adobe.com\/page\/zWwQx3TBRtmrW\/images\/e8773be5-8059-4c6b-a923-de3f93736696.jpg?asset_id=bca3fcae-c1ed-45b5-ab3b-7ae05b56f38b&amp;img_etag=%2202750e29b11079f18c5411507d6c8442%22&amp;size=1024\" alt=\"road trip en Islande\" \/><figcaption>Ce lac d&rsquo;origine volcanique est parsem\u00e9 de nombreux crat\u00e8res. Certaines de ses baies sont m\u00eame compos\u00e9es d&rsquo;eau naturellement chaude<\/figcaption><\/figure>\n\n\n\n<figure class=\"wp-block-image alignwide size-large\"><img decoding=\"async\" src=\"https:\/\/express.adobe.com\/page\/zWwQx3TBRtmrW\/images\/331d7526-4f5e-4518-8e37-6dc30c9da189.jpg?asset_id=4395eb1e-eae1-4153-aba2-827b79132393&amp;img_etag=%2247aa69e414987e86e63a26ed50db0213%22&amp;size=1024\" alt=\"road trip en Islande : cascade\" \/><figcaption>On s&rsquo;arr\u00eate \u00e9galement pour contempler la Cascade de Go\u00f0afoss<\/figcaption><\/figure>\n\n\n\n<p>Puis, on retourne \u00e0 Akureyri pour une deuxi\u00e8me nuit. Le coucher de soleil nous en mettra plein les yeux.<\/p>\n\n\n\n<figure class=\"wp-block-image alignwide size-large\"><img decoding=\"async\" src=\"https:\/\/express.adobe.com\/page\/zWwQx3TBRtmrW\/images\/a71e77d4-54bb-4d2d-b859-7f6236644cc8.jpg?asset_id=66aa6e34-5faf-441e-95f1-c5f3855d2240&amp;img_etag=%22dcc8ded868475f745592a7b1e30e5cef%22&amp;size=1024\" alt=\"road trip en Islande\" \/><\/figure>\n\n\n\n<figure class=\"wp-block-image alignwide size-large\"><img decoding=\"async\" src=\"https:\/\/express.adobe.com\/page\/zWwQx3TBRtmrW\/images\/e9170474-6e52-41ac-abde-33e8039203ce.jpg?asset_id=a992ba22-49d9-4be8-bcb8-7795e08ffc46&amp;img_etag=%22b0ade8cf4ec55206d431d8ef7980a0e6%22&amp;size=1024\" alt=\"road trip en Islande\" \/><\/figure>\n\n\n\n<p>Aux alentours de 23h, le ciel islandais s&rsquo;enflamme. A cette p\u00e9riode de l&rsquo;ann\u00e9e, il ne fait jamais nuit noire. Les lumi\u00e8res du coucher et du lever de soleil se relaient successivement.<\/p>\n\n\n\n<h2 class=\"wp-block-heading\">Jour 8 : Les p\u00e9ninsules du Nord de l&rsquo;\u00eele<\/h2>\n\n\n\n<p>On va tout d&rsquo;abord longer le c\u00f4t\u00e9 Est de la p\u00e9ninsule de Tr\u00f6llaskagi en direction du village de Siglufj\u00f6r\u00f0ur, \u00e0 l&rsquo;extr\u00eame Nord de la p\u00e9ninsule.<\/p>\n\n\n\n<figure class=\"wp-block-image alignwide size-large\"><img decoding=\"async\" src=\"https:\/\/express.adobe.com\/page\/zWwQx3TBRtmrW\/images\/bca3d53d-5d52-4235-a64d-d88a9615a75a.jpg?asset_id=82d021fc-cd37-4a0b-9b52-0b093e43e02a&amp;img_etag=%22c7967a433d478e89e14fe0c029eb9374%22&amp;size=1024\" alt=\"\" \/><figcaption>Au d\u00e9part de notre logement pr\u00e8s d&rsquo;Akureyri, on aper\u00e7oit m\u00eame des baleines (les deux bosses centrales) pr\u00e8s des bateaux de touristes au milieu du fjord<\/figcaption><\/figure>\n\n\n\n<figure class=\"wp-block-image alignfull size-large\"><img decoding=\"async\" src=\"https:\/\/express.adobe.com\/page\/zWwQx3TBRtmrW\/images\/4466782b-8763-480c-8f90-aadcd0b47616.jpg?asset_id=92d67840-a7d8-4660-b2c1-3ee2ade496dd&amp;img_etag=%22da9654ea0872c9dda0ea4342d9b909e5%22&amp;size=1024\" alt=\"\" \/><figcaption>Avant d&rsquo;atteindre la pointe de la p\u00e9ninsule, le fjord Eyjafj\u00f6r\u00f0ur s&rsquo;\u00e9lance du Nord vers le Sud avec les montagnes de la p\u00e9ninsule de Flateyjarskagi<\/figcaption><\/figure>\n\n\n\n<figure class=\"wp-block-gallery alignwide has-nested-images columns-default is-cropped wp-block-gallery-26 is-layout-flex wp-block-gallery-is-layout-flex\">\n<figure class=\"wp-block-image alignwide size-large\"><img decoding=\"async\" src=\"https:\/\/express.adobe.com\/page\/zWwQx3TBRtmrW\/images\/3844f3f8-56d9-4cd4-b4d6-44eca14efbc3.jpg?asset_id=204730ba-d32f-4e0f-99c8-b25d3ff812c0&amp;img_etag=%22de5618ea60f89eb1a06cb613be595519%22&amp;size=1024\" alt=\"\" \/><figcaption>On s&rsquo;approche du village de Siglufj\u00f6r\u00f0ur<\/figcaption><\/figure>\n\n\n\n<figure class=\"wp-block-image alignwide size-large\"><img decoding=\"async\" src=\"https:\/\/express.adobe.com\/page\/zWwQx3TBRtmrW\/images\/1cb5ce15-40b9-4fd9-8904-6c360ea7aa86.jpg?asset_id=623ace13-367d-4941-a35d-cda401f76ff2&amp;img_etag=%22901feb31c90c9770399addbcfdf2d857%22&amp;size=1024\" alt=\"\" \/><\/figure>\n\n\n\n<figure class=\"wp-block-image alignwide size-large\"><img decoding=\"async\" src=\"https:\/\/express.adobe.com\/page\/zWwQx3TBRtmrW\/images\/59d0f511-a2db-4a21-ae9f-63fa032fbd61.jpg?asset_id=1fa1b942-d7df-41f4-95e5-c1810483b44f&amp;img_etag=%22790db0ee0b656bcdac5c8354ae07f46e%22&amp;size=1024\" alt=\"\" \/><\/figure>\n<\/figure>\n\n\n\n<p>Ensuite, on bascule sur le flanc Ouest de la p\u00e9ninsule.<\/p>\n\n\n\n<figure class=\"wp-block-image alignwide size-large\"><img decoding=\"async\" src=\"https:\/\/express.adobe.com\/page\/zWwQx3TBRtmrW\/images\/be576618-037d-4b7d-9528-2f1e4772040a.jpg?asset_id=11726d34-b066-4898-b7b3-e24338d92810&amp;img_etag=%22370043ddd1e99425200efec176530d8a%22&amp;size=1024\" alt=\"\" \/><\/figure>\n\n\n\n<figure class=\"wp-block-image alignwide size-large\"><img decoding=\"async\" src=\"https:\/\/express.adobe.com\/page\/zWwQx3TBRtmrW\/images\/01e22938-e181-41c3-a2dc-e9c2561d0a07.jpg?asset_id=3dc8746a-cca5-416f-98d5-739aa67a1cd8&amp;img_etag=%22c044d3631d6fed556c7254cb5f622f33%22&amp;size=1024\" alt=\"\" \/><\/figure>\n\n\n\n<p>Le temps va devenir maussade au fur et \u00e0 mesure de la journ\u00e9e, mais nous abandonnerons pas un des objectifs du jour : le rocher de Hv\u00edtserkur.<\/p>\n\n\n\n<figure class=\"wp-block-image alignwide size-large\"><img decoding=\"async\" src=\"https:\/\/express.adobe.com\/page\/zWwQx3TBRtmrW\/images\/7cb496d0-c774-4262-9d84-25f658a0c578.jpg?asset_id=f3a201b3-2bfc-459b-a2a7-efe2b547f585&amp;img_etag=%228557b37a2e0030fb31e34a22c59e2fb9%22&amp;size=1024\" alt=\"\" \/><figcaption>Seul sur sa plage, ce rocher tr\u00f4ne les pieds dans l&rsquo;eau. Compos\u00e9 de roche volcanique, ce rocher doit faire face aux \u00e9l\u00e9ments naturels souvent hostiles dans cette r\u00e9gion. L&rsquo;\u00e9rosion au gr\u00e9 des mar\u00e9es et des intemp\u00e9ries y est importante, c&rsquo;est pourquoi ce rocher risque de s&rsquo;effondrer dans peu de temps. Les habitants du coin ont m\u00eame rajout\u00e9 un peu de b\u00e9ton \u00e0 sa base pour le consolider. C&rsquo;est \u00e9galement un lieu de vie pour de nombreux esp\u00e8ces d&rsquo;oiseaux<\/figcaption><\/figure>\n\n\n\n<p>Certains y voient un rhinoc\u00e9ros, d&rsquo;autres un \u00e9l\u00e9phant ou un gorille. L&rsquo;imagination est totale quant \u00e0 la l&rsquo;apparence de ce rocher.<\/p>\n\n\n\n<figure class=\"wp-block-gallery alignwide has-nested-images columns-default is-cropped wp-block-gallery-27 is-layout-flex wp-block-gallery-is-layout-flex\">\n<figure class=\"wp-block-image alignwide size-large\"><img decoding=\"async\" src=\"https:\/\/express.adobe.com\/page\/zWwQx3TBRtmrW\/images\/497b5bdc-79b8-4be5-b636-c8b395d219e9.jpg?asset_id=28f5faa2-272a-4335-8985-11357b67c33c&amp;img_etag=%220428213409f4f86db9cc403ebe505fdf%22&amp;size=1024\" alt=\"\" \/><\/figure>\n\n\n\n<figure class=\"wp-block-image alignwide size-large\"><img decoding=\"async\" src=\"https:\/\/express.adobe.com\/page\/zWwQx3TBRtmrW\/images\/5b8cd507-d319-431e-ab62-7c9d8f5cbec5.jpg?asset_id=6236284a-d8f0-46cf-b1e8-570f42dcc01a&amp;img_etag=%22add97c5b4f4830307c79b864e96e55a9%22&amp;size=1024\" alt=\"\" \/><\/figure>\n\n\n\n<figure class=\"wp-block-image alignwide size-large\"><img decoding=\"async\" src=\"https:\/\/express.adobe.com\/page\/zWwQx3TBRtmrW\/images\/925e4986-5db5-49f2-b5f6-f8fdd17c922d.jpg?asset_id=d8c658d8-4cb7-4d36-a6ef-69861e66050a&amp;img_etag=%227b77d42a06d6030076ea4c2240426310%22&amp;size=1024\" alt=\"\" \/><\/figure>\n<\/figure>\n\n\n\n<p>Plus loin sur la plage, quelques points blancs attirent notre attention.<\/p>\n\n\n\n<figure class=\"wp-block-image alignwide size-large\"><img decoding=\"async\" src=\"https:\/\/express.adobe.com\/page\/zWwQx3TBRtmrW\/images\/88c6c04c-3436-4ed5-88ea-390b6bf31ff4.jpg?asset_id=21bae37c-11b7-446a-a096-b2388566a632&amp;img_etag=%2238d25a22baf58e06033c9004dd0501ba%22&amp;size=1024\" alt=\"\" \/><\/figure>\n\n\n\n<figure class=\"wp-block-image alignwide size-large\"><img decoding=\"async\" src=\"https:\/\/express.adobe.com\/page\/zWwQx3TBRtmrW\/images\/9cbf6707-47b9-4ef2-953b-9c75aa679e7b.jpg?asset_id=79668c6d-b223-4f25-b1ef-a85a090179e6&amp;img_etag=%22fbc45bfa6707ff71a9f7294d7605c0db%22&amp;size=1024\" alt=\"\" \/><\/figure>\n\n\n\n<p>Un groupe de phoques bien ronds et bien gras faisaient la sieste sur un banc de sable.<\/p>\n\n\n\n<p>Apr\u00e8s cette heureuse surprise, il nous faut reprendre la route dans une ambiance lugubre en direction de notre avant dernier logement islandais, pr\u00e8s du hameau de Sta\u00f0ur.<\/p>\n\n\n\n<figure class=\"wp-block-image alignwide size-large\"><img decoding=\"async\" src=\"https:\/\/express.adobe.com\/page\/zWwQx3TBRtmrW\/images\/30a07055-0d99-4d72-aef8-212aeb31c13f.jpg?asset_id=3630113d-3de9-47ee-b169-d0b4c16e40ec&amp;img_etag=%22be1ddf71fe6915019c70695a07984efa%22&amp;size=1024\" alt=\"\" \/><figcaption>Sur la route, nous croisons de nombreux troupeaux de chevaux islandais. Il y a environs 50 000 individus sur l&rsquo;\u00eele<\/figcaption><\/figure>\n\n\n\n<h2 class=\"wp-block-heading\">Jour 9 : La p\u00e9ninsule de Sn\u00e6fellsnes<\/h2>\n\n\n\n<p>Par manque de temps (et de moyens \u00e9galement), nous ne pourrons d\u00e9couvrir la p\u00e9ninsule de Vestfir\u00f0ir au Nord-Ouest de l&rsquo;Islande. On continue donc notre tour en nous dirigeant vers la p\u00e9ninsule de Sn\u00e6fellsnes totalement \u00e0 l&rsquo;Ouest du pays. On commence par une halte au petit village de Stykkisholmur. L\u00e0 encore, les activit\u00e9s humaines sont peu bruyantes contrairement aux oiseaux marins qui peuplent les lieux.<\/p>\n\n\n\n<figure class=\"wp-block-gallery alignwide has-nested-images columns-default is-cropped wp-block-gallery-28 is-layout-flex wp-block-gallery-is-layout-flex\">\n<figure class=\"wp-block-image alignwide size-large\"><img decoding=\"async\" src=\"https:\/\/express.adobe.com\/page\/zWwQx3TBRtmrW\/images\/ade18c78-0b56-4a5e-ba11-2a6d7cb185d1.jpg?asset_id=53dc97ed-d935-48ce-b979-4b1926b00005&amp;img_etag=%223627e1d5ad8f2f630bc964970ceb9bf6%22&amp;size=1024\" alt=\"\" \/><\/figure>\n\n\n\n<figure class=\"wp-block-image alignwide size-large\"><img decoding=\"async\" src=\"https:\/\/express.adobe.com\/page\/zWwQx3TBRtmrW\/images\/ec0bba07-ba19-4886-838f-85544fd00297.jpg?asset_id=85cdd91d-5ae5-4192-b885-bf3ac874246c&amp;img_etag=%225ff35dba03f6b892a65497976c7c425b%22&amp;size=1024\" alt=\"\" \/><\/figure>\n\n\n\n<figure class=\"wp-block-image alignwide size-large\"><img decoding=\"async\" src=\"https:\/\/express.adobe.com\/page\/zWwQx3TBRtmrW\/images\/faf5bf0f-f58b-469b-84ea-464b429d7f3a.jpg?asset_id=0f376bf8-f717-4369-b04f-10ae368775ae&amp;img_etag=%227429c7a2d7076bbd98f95de49ada94bb%22&amp;size=1024\" alt=\"\" \/><figcaption>On profite d&rsquo;une petite balade sur le littoral avant de reprendre la route. Le temps doit se d\u00e9t\u00e9riorer dans les heures \u00e0 venir<\/figcaption><\/figure>\n<\/figure>\n\n\n\n<p>La suite de la travers\u00e9e de cette p\u00e9ninsule nous am\u00e8nera \u00e0 un des coins les plus photographi\u00e9s de l&rsquo;Islande : la montagne de Kirkjufell.<\/p>\n\n\n\n<figure class=\"wp-block-image alignwide size-large\"><img decoding=\"async\" src=\"https:\/\/express.adobe.com\/page\/zWwQx3TBRtmrW\/images\/8664da00-9561-4439-b741-4be7709f6168.jpg?asset_id=e2474f20-ba6c-4ba2-b558-e12bc999d588&amp;img_etag=%22a9846ee5c3efaedeaa9c517be97d08e5%22&amp;size=1024\" alt=\"road trip en Islande : cascade\" \/><figcaption>Cette montagne a \u00e9t\u00e9 rendue c\u00e9l\u00e8bre par sa forme atypique. Elle a \u00e9galement servi de d\u00e9cor pour un \u00e9pisode de la s\u00e9rie Game of Thrones<\/figcaption><\/figure>\n\n\n\n<p>On atteint bient\u00f4t l&rsquo;extr\u00e9mit\u00e9 Ouest de la p\u00e9ninsule. La pluie commence \u00e0 tomber. On va enchainer certains spots plut\u00f4t sympas malgr\u00e9 le temps.<\/p>\n\n\n\n<figure class=\"wp-block-gallery alignwide has-nested-images columns-default is-cropped wp-block-gallery-29 is-layout-flex wp-block-gallery-is-layout-flex\">\n<figure class=\"wp-block-image alignwide size-large\"><img decoding=\"async\" src=\"https:\/\/express.adobe.com\/page\/zWwQx3TBRtmrW\/images\/059f867a-2b4a-4a94-90ae-4f09ad661efe.jpg?asset_id=ad39a4cd-6d4d-4119-a7db-53ca820360a0&amp;img_etag=%22a163ae5cfd36780c43d44adca260d03f%22&amp;size=1024\" alt=\"road trip en Islande : plage\" \/><\/figure>\n\n\n\n<figure class=\"wp-block-image alignwide size-large\"><img decoding=\"async\" src=\"https:\/\/express.adobe.com\/page\/zWwQx3TBRtmrW\/images\/810f832e-c3e6-44f0-b35f-d9106c182481.jpg?asset_id=8b8190d3-b536-483c-8ebc-0f000d42565f&amp;img_etag=%22fbf2e244587e5c9fe29927de342924b9%22&amp;size=1024\" alt=\"road trip en Islande : plage\" \/><figcaption>La plage de Skar\u00f0sv\u00edk<\/figcaption><\/figure>\n\n\n\n<figure class=\"wp-block-image alignwide size-large\"><img decoding=\"async\" src=\"https:\/\/express.adobe.com\/page\/zWwQx3TBRtmrW\/images\/81fb8233-3897-4dae-8273-d524f68e829d.jpg?asset_id=1ed130d5-a4cd-4fb0-ba7d-352cef2a108a&amp;img_etag=%22d9f24827ff36a053d05f5385d0231c1b%22&amp;size=1024\" alt=\"\" \/><\/figure>\n\n\n\n<figure class=\"wp-block-image alignwide size-large\"><img decoding=\"async\" src=\"https:\/\/express.adobe.com\/page\/zWwQx3TBRtmrW\/images\/f964e8a5-dc2a-4ef9-ac7a-f52ea9deccff.jpg?asset_id=e4042833-b988-4e10-a099-709c0f9bce26&amp;img_etag=%2253a3308cf98648745c7472ad2a91fbda%22&amp;size=1024\" alt=\"\" \/><\/figure>\n<\/figure>\n\n\n\n<p>Notre road trip en Islande nous am\u00e8ne maintenant sur la c\u00f4te Sud de la p\u00e9ninsule de Sn\u00e6fellsnes. A d\u00e9faut d&rsquo;apercevoir le volcan, on va se contenter de ses effets sur la g\u00e9ologie du coin.<\/p>\n\n\n\n<figure class=\"wp-block-gallery alignwide has-nested-images columns-default is-cropped wp-block-gallery-30 is-layout-flex wp-block-gallery-is-layout-flex\">\n<figure class=\"wp-block-image alignwide size-large\"><img decoding=\"async\" src=\"https:\/\/express.adobe.com\/page\/zWwQx3TBRtmrW\/images\/4baca15f-6068-429b-bad2-904c85b5e51e.jpg?asset_id=0ae1a5d2-4ddc-40c7-bdfe-ba6145265989&amp;img_etag=%227152131955a2e0466ff0fd543aa077c4%22&amp;size=1024\" alt=\"road trip en Islande : la c\u00f4te\" \/><\/figure>\n\n\n\n<figure class=\"wp-block-image alignwide size-large\"><img decoding=\"async\" src=\"https:\/\/express.adobe.com\/page\/zWwQx3TBRtmrW\/images\/7dd7e0a8-91cb-475f-9922-7063d61a6c64.jpg?asset_id=aa050b99-7cb6-4d96-b945-72f591147cc8&amp;img_etag=%2249d7aba11e5268415720826c2fc8ffdf%22&amp;size=1024\" alt=\"road trip en Islande : la c\u00f4te\" \/><\/figure>\n\n\n\n<figure class=\"wp-block-image alignwide size-large\"><img decoding=\"async\" src=\"https:\/\/express.adobe.com\/page\/zWwQx3TBRtmrW\/images\/46fdb21f-44cc-485d-b9cd-46a1a623fd95.jpg?asset_id=7661e135-9a25-42ca-b5bf-67a898783994&amp;img_etag=%22188a58df09fedb71900f51ac31280db3%22&amp;size=1024\" alt=\"road trip en Islande : la c\u00f4te\" \/><\/figure>\n\n\n\n<figure class=\"wp-block-image alignwide size-large\"><img decoding=\"async\" src=\"https:\/\/express.adobe.com\/page\/zWwQx3TBRtmrW\/images\/2e5422f8-3b43-4ae5-b3d8-b44312fceea1.jpg?asset_id=3ac849d8-7eed-4bee-8172-b1ad46a5fcfb&amp;img_etag=%2217b132dee38fc253c4e9b9e211d06b3e%22&amp;size=1024\" alt=\"road trip en Islande : la c\u00f4te\" \/><\/figure>\n\n\n\n<figure class=\"wp-block-image alignwide size-large\"><img decoding=\"async\" src=\"https:\/\/express.adobe.com\/page\/zWwQx3TBRtmrW\/images\/f5c96644-be13-4e94-a218-09ed7cdd25ac.jpg?asset_id=1f9dc0c2-a9a9-4276-9b9e-e9435c0d121f&amp;img_etag=%223ccb62f21048f6153fdb7422a3c29d7c%22&amp;size=1024\" alt=\"road trip en Islande : la c\u00f4te\" \/><\/figure>\n<\/figure>\n\n\n\n<p>Notre derni\u00e8re nuit aura lieu \u00e0 mi-chemin entre la p\u00e9ninsule et Reykjavik. Au pays des trolls islandais.<\/p>\n\n\n\n<figure class=\"wp-block-image alignwide size-large\"><img decoding=\"async\" src=\"https:\/\/express.adobe.com\/page\/zWwQx3TBRtmrW\/images\/3932e86c-5e6a-4f4e-83cc-0b0db1d095aa.jpg?asset_id=146d78b6-4723-49c7-8085-60363f442fa2&amp;img_etag=%228800c474d27e66c1f22dbc97347ce695%22&amp;size=1024\" alt=\"road trip en Islande : statue\" \/><\/figure>\n\n\n\n<h2 class=\"wp-block-heading\">Jour 10 de notre road trip en Islande : Le retour sur Reykjavik<\/h2>\n\n\n\n<p>Pour notre derni\u00e8re journ\u00e9e de notre road trip en Islande, on ne se contentera pas de faire la route jusqu&rsquo;\u00e0 la capitale islandaise. Il reste d&rsquo;autres coins \u00e0 d\u00e9couvrir.<\/p>\n\n\n\n<figure class=\"wp-block-gallery alignwide has-nested-images columns-default is-cropped wp-block-gallery-31 is-layout-flex wp-block-gallery-is-layout-flex\">\n<figure class=\"wp-block-image alignwide size-large\"><img decoding=\"async\" src=\"https:\/\/express.adobe.com\/page\/zWwQx3TBRtmrW\/images\/e6fb50b7-c570-4ad9-bd38-aceaf20fd82f.jpg?asset_id=d49b7c65-9edc-496a-9be2-9fa6344419a8&amp;img_etag=%22a12e36c2157f1579afba50f4c6ca93c8%22&amp;size=1024\" alt=\"road trip en Islande : cascades\" \/><\/figure>\n\n\n\n<figure class=\"wp-block-image alignwide size-large\"><img decoding=\"async\" src=\"https:\/\/express.adobe.com\/page\/zWwQx3TBRtmrW\/images\/8a3361c4-dec4-437d-a4f8-ca510954d686.jpg?asset_id=b22a9980-52b5-4815-add1-96ca6a7ea842&amp;img_etag=%226022e03451464544b2948e8837d1a22e%22&amp;size=1024\" alt=\"road trip en Islande : cascades\" \/><\/figure>\n\n\n\n<figure class=\"wp-block-image alignwide size-large\"><img decoding=\"async\" src=\"https:\/\/express.adobe.com\/page\/zWwQx3TBRtmrW\/images\/90659383-c033-457c-b875-651f7e4b3cee.jpg?asset_id=a4f70775-b1f0-4396-8745-c4f0ab55b46c&amp;img_etag=%22b96b5d7f830f10b4428b3bbd135dc46e%22&amp;size=1024\" alt=\"Road trip en Islande : l'arriv\u00e9e\" \/><\/figure>\n<\/figure>\n\n\n\n<p>Bien que nous ayons vu de nombreuses et magnifiques choses dans ce tour de l&rsquo;Islande, il reste encore \u00e9norm\u00e9ment de coins \u00e0 d\u00e9couvrir sur la Terre de Glace. Chaque saison a son lot de surprises modifiant les paysages mais \u00e9galement leur acc\u00e8s. La petite R\u00e9publique nordique n&rsquo;a pas fini de nous en mettre plein les yeux.<\/p>\n\n\n\n<h2 class=\"wp-block-heading\">Itin\u00e9raire de notre road trip en Islande :<\/h2>\n\n\n\n<figure class=\"wp-block-image alignwide size-large\"><img decoding=\"async\" src=\"https:\/\/express.adobe.com\/page\/zWwQx3TBRtmrW\/images\/dae16290-f939-47cf-9438-d61c2e8edde3.png?asset_id=529d2bb2-990e-46db-bf1a-ff62661a96b5&amp;img_etag=%2213db1e82878a203bae9cfd11d304cbc8%22&amp;size=1024\" alt=\"road trip en Islande\" \/><\/figure>\n","protected":false},"excerpt":{"rendered":"<p>L&rsquo;Islande est un autre monde. Totalement diff\u00e9rent des autres pays europ\u00e9ens, ce petit pays \u00e0 l&rsquo;extr\u00eame Nord du Vieux Continent promet un d\u00e9paysement total. Sur ses 100 000km2, une immense diversit\u00e9 de paysages se succ\u00e8dent au fil des kilom\u00e8tres que l&rsquo;on parcourt pour effectuer le tour de l&rsquo;\u00eele. Les plus grands glaciers et les plus &hellip;<\/p>\n","protected":false},"author":61,"featured_media":3940,"comment_status":"open","ping_status":"open","sticky":false,"template":"","format":"standard","meta":{"_acf_changed":false,"_genesis_hide_title":false,"_genesis_hide_breadcrumbs":false,"_genesis_hide_singular_image":false,"_genesis_hide_footer_widgets":false,"_genesis_custom_body_class":"","_genesis_custom_post_class":"","_genesis_layout":"","footnotes":""},"categories":[170],"tags":[370,371],"sponsor":[1087],"class_list":{"2":"type-post","7":"category-aventures","8":"tag-islande","9":"tag-roadtrip","10":"sponsor-endorfeen","11":"entry"},"yoast_head":"<!-- This site is optimized with the Yoast SEO Premium plugin v26.2 (Yoast SEO v26.2) - https:\/\/yoast.com\/wordpress\/plugins\/seo\/ -->\n<title>Road trip en Islande, sur la terre de feu et de glace - endorfeen<\/title>\n<meta name=\"description\" content=\"Road trip en Islande: L&#039;Islande est un autre monde. Totalement diff\u00e9rent des autres pays europ\u00e9ens, ce petit pays \u00e0 l&#039;extr\u00eame Nord du...\" \/>\n<meta name=\"robots\" content=\"index, follow, max-snippet:-1, max-image-preview:large, max-video-preview:-1\" \/>\n<link rel=\"canonical\" href=\"https:\/\/endorfeen.com\/fr\/road-trip-en-islande-sur-la-terre-de-feu-et-de-glace\/\" \/>\n<meta property=\"og:locale\" content=\"fr_FR\" \/>\n<meta property=\"og:type\" content=\"article\" \/>\n<meta property=\"og:title\" content=\"Road trip en Islande, sur la terre de feu et de glace\" \/>\n<meta property=\"og:description\" content=\"Road trip en Islande: L&#039;Islande est un autre monde. Totalement diff\u00e9rent des autres pays europ\u00e9ens, ce petit pays \u00e0 l&#039;extr\u00eame Nord du...\" \/>\n<meta property=\"og:url\" content=\"https:\/\/endorfeen.com\/fr\/road-trip-en-islande-sur-la-terre-de-feu-et-de-glace\/\" \/>\n<meta property=\"og:site_name\" content=\"endorfeen\" \/>\n<meta property=\"article:author\" content=\"https:\/\/www.facebook.com\/nicolas.thiers.18\/\" \/>\n<meta property=\"article:published_time\" content=\"2023-02-08T08:30:00+00:00\" \/>\n<meta property=\"article:modified_time\" content=\"2023-08-18T10:02:22+00:00\" \/>\n<meta property=\"og:image\" content=\"https:\/\/endorfeen.com\/wp-content\/uploads\/2022\/08\/road-trip-islande.jpeg\" \/>\n\t<meta property=\"og:image:width\" content=\"2560\" \/>\n\t<meta property=\"og:image:height\" content=\"1920\" \/>\n\t<meta property=\"og:image:type\" content=\"image\/jpeg\" \/>\n<meta name=\"author\" content=\"Nicolas Thiers\" \/>\n<meta name=\"twitter:card\" content=\"summary_large_image\" \/>\n<meta name=\"twitter:creator\" content=\"@https:\/\/twitter.com\/NThiers38\" \/>\n<meta name=\"twitter:label1\" content=\"\u00c9crit par\" \/>\n\t<meta name=\"twitter:data1\" content=\"Nicolas Thiers\" \/>\n\t<meta name=\"twitter:label2\" content=\"Dur\u00e9e de lecture estim\u00e9e\" \/>\n\t<meta name=\"twitter:data2\" content=\"42 minutes\" \/>\n<script type=\"application\/ld+json\" class=\"yoast-schema-graph\">{\"@context\":\"https:\/\/schema.org\",\"@graph\":[{\"@type\":\"Article\",\"@id\":\"https:\/\/endorfeen.com\/fr\/road-trip-en-islande-sur-la-terre-de-feu-et-de-glace\/#article\",\"isPartOf\":{\"@id\":\"https:\/\/endorfeen.com\/fr\/road-trip-en-islande-sur-la-terre-de-feu-et-de-glace\/\"},\"author\":{\"name\":\"Nicolas Thiers\",\"@id\":\"https:\/\/endorfeen.com\/fr\/#\/schema\/person\/89cd72e7df9a1a080c58d3a3ab66739e\"},\"headline\":\"Road trip en Islande, sur la terre de feu et de glace\",\"datePublished\":\"2023-02-08T08:30:00+00:00\",\"dateModified\":\"2023-08-18T10:02:22+00:00\",\"mainEntityOfPage\":{\"@id\":\"https:\/\/endorfeen.com\/fr\/road-trip-en-islande-sur-la-terre-de-feu-et-de-glace\/\"},\"wordCount\":3344,\"commentCount\":0,\"publisher\":{\"@id\":\"https:\/\/endorfeen.com\/fr\/#organization\"},\"image\":{\"@id\":\"https:\/\/endorfeen.com\/fr\/road-trip-en-islande-sur-la-terre-de-feu-et-de-glace\/#primaryimage\"},\"thumbnailUrl\":\"https:\/\/endorfeen.com\/wp-content\/uploads\/2022\/08\/road-trip-islande.jpeg\",\"keywords\":[\"#islande\",\"#roadtrip\"],\"articleSection\":[\"Aventures\"],\"inLanguage\":\"fr-FR\",\"potentialAction\":[{\"@type\":\"CommentAction\",\"name\":\"Comment\",\"target\":[\"https:\/\/endorfeen.com\/fr\/road-trip-en-islande-sur-la-terre-de-feu-et-de-glace\/#respond\"]}]},{\"@type\":\"WebPage\",\"@id\":\"https:\/\/endorfeen.com\/fr\/road-trip-en-islande-sur-la-terre-de-feu-et-de-glace\/\",\"url\":\"https:\/\/endorfeen.com\/fr\/road-trip-en-islande-sur-la-terre-de-feu-et-de-glace\/\",\"name\":\"Road trip en Islande, sur la terre de feu et de glace - endorfeen\",\"isPartOf\":{\"@id\":\"https:\/\/endorfeen.com\/fr\/#website\"},\"primaryImageOfPage\":{\"@id\":\"https:\/\/endorfeen.com\/fr\/road-trip-en-islande-sur-la-terre-de-feu-et-de-glace\/#primaryimage\"},\"image\":{\"@id\":\"https:\/\/endorfeen.com\/fr\/road-trip-en-islande-sur-la-terre-de-feu-et-de-glace\/#primaryimage\"},\"thumbnailUrl\":\"https:\/\/endorfeen.com\/wp-content\/uploads\/2022\/08\/road-trip-islande.jpeg\",\"datePublished\":\"2023-02-08T08:30:00+00:00\",\"dateModified\":\"2023-08-18T10:02:22+00:00\",\"description\":\"Road trip en Islande: L'Islande est un autre monde. Totalement diff\u00e9rent des autres pays europ\u00e9ens, ce petit pays \u00e0 l'extr\u00eame Nord du...\",\"breadcrumb\":{\"@id\":\"https:\/\/endorfeen.com\/fr\/road-trip-en-islande-sur-la-terre-de-feu-et-de-glace\/#breadcrumb\"},\"inLanguage\":\"fr-FR\",\"potentialAction\":[{\"@type\":\"ReadAction\",\"target\":[\"https:\/\/endorfeen.com\/fr\/road-trip-en-islande-sur-la-terre-de-feu-et-de-glace\/\"]}]},{\"@type\":\"ImageObject\",\"inLanguage\":\"fr-FR\",\"@id\":\"https:\/\/endorfeen.com\/fr\/road-trip-en-islande-sur-la-terre-de-feu-et-de-glace\/#primaryimage\",\"url\":\"https:\/\/endorfeen.com\/wp-content\/uploads\/2022\/08\/road-trip-islande.jpeg\",\"contentUrl\":\"https:\/\/endorfeen.com\/wp-content\/uploads\/2022\/08\/road-trip-islande.jpeg\",\"width\":2048,\"height\":1536,\"caption\":\"road trip islande\"},{\"@type\":\"BreadcrumbList\",\"@id\":\"https:\/\/endorfeen.com\/fr\/road-trip-en-islande-sur-la-terre-de-feu-et-de-glace\/#breadcrumb\",\"itemListElement\":[{\"@type\":\"ListItem\",\"position\":1,\"name\":\"Home\",\"item\":\"https:\/\/endorfeen.com\/fr\/\"},{\"@type\":\"ListItem\",\"position\":2,\"name\":\"Road trip en Islande, sur la terre de feu et de glace\"}]},{\"@type\":\"WebSite\",\"@id\":\"https:\/\/endorfeen.com\/fr\/#website\",\"url\":\"https:\/\/endorfeen.com\/fr\/\",\"name\":\"endorfeen\",\"description\":\"The Media For Sustainable Outdoors.\",\"publisher\":{\"@id\":\"https:\/\/endorfeen.com\/fr\/#organization\"},\"potentialAction\":[{\"@type\":\"SearchAction\",\"target\":{\"@type\":\"EntryPoint\",\"urlTemplate\":\"https:\/\/endorfeen.com\/fr\/?s={search_term_string}\"},\"query-input\":{\"@type\":\"PropertyValueSpecification\",\"valueRequired\":true,\"valueName\":\"search_term_string\"}}],\"inLanguage\":\"fr-FR\"},{\"@type\":\"Organization\",\"@id\":\"https:\/\/endorfeen.com\/fr\/#organization\",\"name\":\"endorfeen\",\"url\":\"https:\/\/endorfeen.com\/fr\/\",\"logo\":{\"@type\":\"ImageObject\",\"inLanguage\":\"fr-FR\",\"@id\":\"https:\/\/endorfeen.com\/fr\/#\/schema\/logo\/image\/\",\"url\":\"https:\/\/endorfeen.com\/wp-content\/uploads\/2022\/06\/Circle-endorfeen-site-icon-circled-1000-x-1000-300psi.png\",\"contentUrl\":\"https:\/\/endorfeen.com\/wp-content\/uploads\/2022\/06\/Circle-endorfeen-site-icon-circled-1000-x-1000-300psi.png\",\"width\":1000,\"height\":1000,\"caption\":\"endorfeen\"},\"image\":{\"@id\":\"https:\/\/endorfeen.com\/fr\/#\/schema\/logo\/image\/\"}},{\"@type\":\"Person\",\"@id\":\"https:\/\/endorfeen.com\/fr\/#\/schema\/person\/89cd72e7df9a1a080c58d3a3ab66739e\",\"name\":\"Nicolas Thiers\",\"image\":{\"@type\":\"ImageObject\",\"inLanguage\":\"fr-FR\",\"@id\":\"https:\/\/endorfeen.com\/fr\/#\/schema\/person\/image\/\",\"url\":\"https:\/\/secure.gravatar.com\/avatar\/79c4fee88c3c56f0952b04608cc4351d834397f90d700f98f739c4169974e6c5?s=96&d=mm&r=g\",\"contentUrl\":\"https:\/\/secure.gravatar.com\/avatar\/79c4fee88c3c56f0952b04608cc4351d834397f90d700f98f739c4169974e6c5?s=96&d=mm&r=g\",\"caption\":\"Nicolas Thiers\"},\"sameAs\":[\"https:\/\/www.facebook.com\/nicolas.thiers.18\/\",\"https:\/\/www.instagram.com\/nico_thiers\/\",\"https:\/\/www.linkedin.com\/in\/nicolas-thiers-44742513b\/\",\"https:\/\/x.com\/https:\/\/twitter.com\/NThiers38\"],\"url\":\"https:\/\/endorfeen.com\/fr\/linkto\/nicolas-thiers\/\"}]}<\/script>\n<!-- \/ Yoast SEO Premium plugin. -->","yoast_head_json":{"title":"Road trip en Islande, sur la terre de feu et de glace - endorfeen","description":"Road trip en Islande: L'Islande est un autre monde. Totalement diff\u00e9rent des autres pays europ\u00e9ens, ce petit pays \u00e0 l'extr\u00eame Nord du...","robots":{"index":"index","follow":"follow","max-snippet":"max-snippet:-1","max-image-preview":"max-image-preview:large","max-video-preview":"max-video-preview:-1"},"canonical":"https:\/\/endorfeen.com\/fr\/road-trip-en-islande-sur-la-terre-de-feu-et-de-glace\/","og_locale":"fr_FR","og_type":"article","og_title":"Road trip en Islande, sur la terre de feu et de glace","og_description":"Road trip en Islande: L'Islande est un autre monde. Totalement diff\u00e9rent des autres pays europ\u00e9ens, ce petit pays \u00e0 l'extr\u00eame Nord du...","og_url":"https:\/\/endorfeen.com\/fr\/road-trip-en-islande-sur-la-terre-de-feu-et-de-glace\/","og_site_name":"endorfeen","article_author":"https:\/\/www.facebook.com\/nicolas.thiers.18\/","article_published_time":"2023-02-08T08:30:00+00:00","article_modified_time":"2023-08-18T10:02:22+00:00","og_image":[{"width":2560,"height":1920,"url":"https:\/\/endorfeen.com\/wp-content\/uploads\/2022\/08\/road-trip-islande.jpeg","type":"image\/jpeg"}],"author":"Nicolas Thiers","twitter_card":"summary_large_image","twitter_creator":"@https:\/\/twitter.com\/NThiers38","twitter_misc":{"\u00c9crit par":"Nicolas Thiers","Dur\u00e9e de lecture estim\u00e9e":"42 minutes"},"schema":{"@context":"https:\/\/schema.org","@graph":[{"@type":"Article","@id":"https:\/\/endorfeen.com\/fr\/road-trip-en-islande-sur-la-terre-de-feu-et-de-glace\/#article","isPartOf":{"@id":"https:\/\/endorfeen.com\/fr\/road-trip-en-islande-sur-la-terre-de-feu-et-de-glace\/"},"author":{"name":"Nicolas Thiers","@id":"https:\/\/endorfeen.com\/fr\/#\/schema\/person\/89cd72e7df9a1a080c58d3a3ab66739e"},"headline":"Road trip en Islande, sur la terre de feu et de glace","datePublished":"2023-02-08T08:30:00+00:00","dateModified":"2023-08-18T10:02:22+00:00","mainEntityOfPage":{"@id":"https:\/\/endorfeen.com\/fr\/road-trip-en-islande-sur-la-terre-de-feu-et-de-glace\/"},"wordCount":3344,"commentCount":0,"publisher":{"@id":"https:\/\/endorfeen.com\/fr\/#organization"},"image":{"@id":"https:\/\/endorfeen.com\/fr\/road-trip-en-islande-sur-la-terre-de-feu-et-de-glace\/#primaryimage"},"thumbnailUrl":"https:\/\/endorfeen.com\/wp-content\/uploads\/2022\/08\/road-trip-islande.jpeg","keywords":["#islande","#roadtrip"],"articleSection":["Aventures"],"inLanguage":"fr-FR","potentialAction":[{"@type":"CommentAction","name":"Comment","target":["https:\/\/endorfeen.com\/fr\/road-trip-en-islande-sur-la-terre-de-feu-et-de-glace\/#respond"]}]},{"@type":"WebPage","@id":"https:\/\/endorfeen.com\/fr\/road-trip-en-islande-sur-la-terre-de-feu-et-de-glace\/","url":"https:\/\/endorfeen.com\/fr\/road-trip-en-islande-sur-la-terre-de-feu-et-de-glace\/","name":"Road trip en Islande, sur la terre de feu et de glace - endorfeen","isPartOf":{"@id":"https:\/\/endorfeen.com\/fr\/#website"},"primaryImageOfPage":{"@id":"https:\/\/endorfeen.com\/fr\/road-trip-en-islande-sur-la-terre-de-feu-et-de-glace\/#primaryimage"},"image":{"@id":"https:\/\/endorfeen.com\/fr\/road-trip-en-islande-sur-la-terre-de-feu-et-de-glace\/#primaryimage"},"thumbnailUrl":"https:\/\/endorfeen.com\/wp-content\/uploads\/2022\/08\/road-trip-islande.jpeg","datePublished":"2023-02-08T08:30:00+00:00","dateModified":"2023-08-18T10:02:22+00:00","description":"Road trip en Islande: L'Islande est un autre monde. Totalement diff\u00e9rent des autres pays europ\u00e9ens, ce petit pays \u00e0 l'extr\u00eame Nord du...","breadcrumb":{"@id":"https:\/\/endorfeen.com\/fr\/road-trip-en-islande-sur-la-terre-de-feu-et-de-glace\/#breadcrumb"},"inLanguage":"fr-FR","potentialAction":[{"@type":"ReadAction","target":["https:\/\/endorfeen.com\/fr\/road-trip-en-islande-sur-la-terre-de-feu-et-de-glace\/"]}]},{"@type":"ImageObject","inLanguage":"fr-FR","@id":"https:\/\/endorfeen.com\/fr\/road-trip-en-islande-sur-la-terre-de-feu-et-de-glace\/#primaryimage","url":"https:\/\/endorfeen.com\/wp-content\/uploads\/2022\/08\/road-trip-islande.jpeg","contentUrl":"https:\/\/endorfeen.com\/wp-content\/uploads\/2022\/08\/road-trip-islande.jpeg","width":2048,"height":1536,"caption":"road trip islande"},{"@type":"BreadcrumbList","@id":"https:\/\/endorfeen.com\/fr\/road-trip-en-islande-sur-la-terre-de-feu-et-de-glace\/#breadcrumb","itemListElement":[{"@type":"ListItem","position":1,"name":"Home","item":"https:\/\/endorfeen.com\/fr\/"},{"@type":"ListItem","position":2,"name":"Road trip en Islande, sur la terre de feu et de glace"}]},{"@type":"WebSite","@id":"https:\/\/endorfeen.com\/fr\/#website","url":"https:\/\/endorfeen.com\/fr\/","name":"endorfeen","description":"The Media For Sustainable Outdoors.","publisher":{"@id":"https:\/\/endorfeen.com\/fr\/#organization"},"potentialAction":[{"@type":"SearchAction","target":{"@type":"EntryPoint","urlTemplate":"https:\/\/endorfeen.com\/fr\/?s={search_term_string}"},"query-input":{"@type":"PropertyValueSpecification","valueRequired":true,"valueName":"search_term_string"}}],"inLanguage":"fr-FR"},{"@type":"Organization","@id":"https:\/\/endorfeen.com\/fr\/#organization","name":"endorfeen","url":"https:\/\/endorfeen.com\/fr\/","logo":{"@type":"ImageObject","inLanguage":"fr-FR","@id":"https:\/\/endorfeen.com\/fr\/#\/schema\/logo\/image\/","url":"https:\/\/endorfeen.com\/wp-content\/uploads\/2022\/06\/Circle-endorfeen-site-icon-circled-1000-x-1000-300psi.png","contentUrl":"https:\/\/endorfeen.com\/wp-content\/uploads\/2022\/06\/Circle-endorfeen-site-icon-circled-1000-x-1000-300psi.png","width":1000,"height":1000,"caption":"endorfeen"},"image":{"@id":"https:\/\/endorfeen.com\/fr\/#\/schema\/logo\/image\/"}},{"@type":"Person","@id":"https:\/\/endorfeen.com\/fr\/#\/schema\/person\/89cd72e7df9a1a080c58d3a3ab66739e","name":"Nicolas Thiers","image":{"@type":"ImageObject","inLanguage":"fr-FR","@id":"https:\/\/endorfeen.com\/fr\/#\/schema\/person\/image\/","url":"https:\/\/secure.gravatar.com\/avatar\/79c4fee88c3c56f0952b04608cc4351d834397f90d700f98f739c4169974e6c5?s=96&d=mm&r=g","contentUrl":"https:\/\/secure.gravatar.com\/avatar\/79c4fee88c3c56f0952b04608cc4351d834397f90d700f98f739c4169974e6c5?s=96&d=mm&r=g","caption":"Nicolas Thiers"},"sameAs":["https:\/\/www.facebook.com\/nicolas.thiers.18\/","https:\/\/www.instagram.com\/nico_thiers\/","https:\/\/www.linkedin.com\/in\/nicolas-thiers-44742513b\/","https:\/\/x.com\/https:\/\/twitter.com\/NThiers38"],"url":"https:\/\/endorfeen.com\/fr\/linkto\/nicolas-thiers\/"}]}},"featured_image_src":"https:\/\/endorfeen.com\/wp-content\/uploads\/2022\/08\/road-trip-islande-600x400.jpeg","featured_image_src_square":"https:\/\/endorfeen.com\/wp-content\/uploads\/2022\/08\/road-trip-islande-600x600.jpeg","author_info":{"display_name":"Nicolas Thiers","author_link":"https:\/\/endorfeen.com\/fr\/linkto\/nicolas-thiers\/"},"acf":[],"_links":{"self":[{"href":"https:\/\/endorfeen.com\/fr\/wp-json\/wp\/v2\/posts\/3938","targetHints":{"allow":["GET"]}}],"collection":[{"href":"https:\/\/endorfeen.com\/fr\/wp-json\/wp\/v2\/posts"}],"about":[{"href":"https:\/\/endorfeen.com\/fr\/wp-json\/wp\/v2\/types\/post"}],"author":[{"embeddable":true,"href":"https:\/\/endorfeen.com\/fr\/wp-json\/wp\/v2\/users\/61"}],"replies":[{"embeddable":true,"href":"https:\/\/endorfeen.com\/fr\/wp-json\/wp\/v2\/comments?post=3938"}],"version-history":[{"count":0,"href":"https:\/\/endorfeen.com\/fr\/wp-json\/wp\/v2\/posts\/3938\/revisions"}],"wp:featuredmedia":[{"embeddable":true,"href":"https:\/\/endorfeen.com\/fr\/wp-json\/wp\/v2\/media\/3940"}],"wp:attachment":[{"href":"https:\/\/endorfeen.com\/fr\/wp-json\/wp\/v2\/media?parent=3938"}],"wp:term":[{"taxonomy":"category","embeddable":true,"href":"https:\/\/endorfeen.com\/fr\/wp-json\/wp\/v2\/categories?post=3938"},{"taxonomy":"post_tag","embeddable":true,"href":"https:\/\/endorfeen.com\/fr\/wp-json\/wp\/v2\/tags?post=3938"},{"taxonomy":"sponsor","embeddable":true,"href":"https:\/\/endorfeen.com\/fr\/wp-json\/wp\/v2\/sponsor?post=3938"}],"curies":[{"name":"wp","href":"https:\/\/api.w.org\/{rel}","templated":true}]}}