{"id":3930,"date":"2023-01-11T16:51:00","date_gmt":"2023-01-11T16:51:00","guid":{"rendered":"https:\/\/endorfeen.com\/?p=3930"},"modified":"2023-08-18T11:02:25","modified_gmt":"2023-08-18T10:02:25","slug":"le-grand-nord-norvegien-itinerance-dans-le-comte-de-troms","status":"publish","type":"post","link":"https:\/\/endorfeen.com\/fr\/le-grand-nord-norvegien-itinerance-dans-le-comte-de-troms\/","title":{"rendered":"Le Grand Nord Norv\u00e9gien, itin\u00e9rance dans le Comt\u00e9 de Troms"},"content":{"rendered":"\n<p>La Norv\u00e8ge, \u00e0 la diff\u00e9rence de ces voisins scandinaves, b\u00e9n\u00e9ficie de paysages beaucoup plus vari\u00e9s : aux grandes plaines laponnes et aux immenses for\u00eats bor\u00e9ales s&rsquo;ajoutent les fjords et les montagnes abruptes tombant dans la mer de Norv\u00e8ge ou l&rsquo;Oc\u00e9an Arctique. Ce sont des avantages dont ne b\u00e9n\u00e9ficient pas ou peu la Su\u00e8de et la Finlande o\u00f9 la topographie est beaucoup moins diff\u00e9renci\u00e9e. Le Grand Nord Norv\u00e9gien rassemble tous ces aspects, ce qui en fait un endroit unique en Scandinavie.<\/p>\n\n\n\n<p>Notre voyage nous conduit dans le Comt\u00e9 du Troms, l&rsquo;avant dernier comt\u00e9 norv\u00e9gien avant la fronti\u00e8re russe, m\u00eame si ce dernier avec le Comt\u00e9 du Finnmark ont fusionn\u00e9 depuis le 1er janvier 2020. C&rsquo;est dans la ville de Troms\u00f8, au coeur de cette r\u00e9gion, que notre p\u00e9riple d\u00e9bute. On se situe ainsi 300km au-del\u00e0 du cercle polaire arctique, au d\u00e9but du mois de f\u00e9vrier. La nuit polaire s&rsquo;est termin\u00e9e \u00e0 la mi-janvier, le soleil apparait ainsi 5 \u00e0 6 heures par jour, quand il fait beau. Ces quelques heures de soleil seront un avantage pour certaines sorties pr\u00e9vues lors de cette semaine de d\u00e9couverte de la Laponie norv\u00e9gienne.<\/p>\n\n\n\n<p>Le climat est relativement rude \u00e0 cette p\u00e9riode de l&rsquo;ann\u00e9e. En se situant au del\u00e0 du cercle polaire, les temp\u00e9ratures hivernales sont souvent n\u00e9gatives. Cependant, la majorit\u00e9 des villes norv\u00e9giennes se trouvant sur la c\u00f4te, les conditions ne sont pas aussi difficiles qu&rsquo;\u00e0 l&rsquo;int\u00e9rieur des terres. <\/p>\n\n\n\n<p>En effet, le Gulf Stream dans l&rsquo;Oc\u00e9an Atlantique rabat la chaleur oc\u00e9anique et les pr\u00e9cipitations sur les c\u00f4tes norv\u00e9giennes. C&rsquo;est pourquoi, m\u00eame en hiver, il n&rsquo;est pas rare d&rsquo;avoir des temp\u00e9ratures l\u00e9g\u00e8rement positives \u00e0 Troms\u00f8. Mais aller dans le Nord de la Norv\u00e8ge pour avoir des temp\u00e9ratures positives et m\u00eame de la pluie n&rsquo;a pas grand int\u00e9r\u00eat. Et pour tout vous dire, nous sommes tomb\u00e9s la bonne semaine. De plus, \u00e0 cette p\u00e9riode de l&rsquo;ann\u00e9e, les aurores bor\u00e9ales dansent dans le ciel norv\u00e9gien. Nous avons donc pri\u00e9 pour que la couverture nuageuse soit la plus faible possible. Les aurores bor\u00e9ales ont lieu toute l&rsquo;ann\u00e9e, or \u00e0 la fin du printemps et surtout en \u00e9t\u00e9, la pr\u00e9sence du soleil quasiment toute la journ\u00e9e emp\u00eache de les apercevoir. La meilleure p\u00e9riode pour les contempler s&rsquo;\u00e9tale du mois d&rsquo;octobre au mois de mars.<\/p>\n\n\n\n<p>Mais avant cela, il faut se rendre \u00e0 Troms\u00f8. Il n&rsquo;y a pas de vols directs depuis la France. Il faut faire une escale soit par Oslo, soit par Bergen. C&rsquo;est par cette derni\u00e8re que nous d\u00e9collerons pour Troms\u00f8.<\/p>\n\n\n\n<figure class=\"wp-block-image alignwide size-large\"><img decoding=\"async\" src=\"https:\/\/express.adobe.com\/page\/YvFNxn7XNZMOz\/images\/c2e09b85-c8f2-429e-91cc-b76fcf880ac7.jpg?asset_id=5f9ae572-8ca0-4277-ae1f-a6731b280798&amp;img_etag=%220aa0b9f8751599f516987f40228bda07%22&amp;size=2560\" alt=\"\" \/><\/figure>\n\n\n\n<p>D\u00e8s notre arriv\u00e9e \u00e0 l&rsquo;a\u00e9roport de Troms\u00f8, une fois notre voiture de location en main, nous nous rendons \u00e0 notre logement pour la semaine, dans le village de Kaldfjord, \u00e0 l&rsquo;Ouest de la ville. Puis, apr\u00e8s nous \u00eatre install\u00e9s, nous d\u00e9cidons de partir directement \u00e0 la d\u00e9couverte des environs lors d&rsquo;un road trip improvis\u00e9 entre fjords et montagnes.<\/p>\n\n\n\n<figure class=\"wp-block-image alignwide size-large\"><img decoding=\"async\" src=\"https:\/\/express.adobe.com\/page\/YvFNxn7XNZMOz\/images\/aaccb0d5-7da7-48a1-891e-87be76e8bd35.jpg?asset_id=83ed78d2-a2b4-47bf-a2df-eb016679395f&amp;img_etag=%22e597bb8f9249f0c1695487b5d52dde28%22&amp;size=2560\" alt=\"\" \/><figcaption>Fjord en direction du petit village de Tromvik<\/figcaption><\/figure>\n\n\n\n<figure class=\"wp-block-image alignwide size-large\"><img decoding=\"async\" src=\"https:\/\/express.adobe.com\/page\/YvFNxn7XNZMOz\/images\/330c76d9-96b4-475d-8476-7c6480b5d112.jpg?asset_id=929046a6-1f79-4fbb-b9a0-ec0c2ecbaead&amp;img_etag=%22bf7902d5301b35c6699c87e7817110a0%22&amp;size=2560\" alt=\"\" \/><figcaption>La c\u00f4te norv\u00e9gienne est loin d&rsquo;\u00eatre lin\u00e9aire, il faut \u00e0 chaque fois traverser une \u00eele, passer un col, contourner un fjord pour atteindre le lieu souhait\u00e9<\/figcaption><\/figure>\n\n\n\n<p>C&rsquo;est justement au moment de passer un col, que le Grand Nord norv\u00e9gien nous offre notre premi\u00e8re surprise sur l&rsquo;une des pentes de ces montagnes.<\/p>\n\n\n\n<figure class=\"wp-block-image alignwide size-large\"><img decoding=\"async\" src=\"https:\/\/express.adobe.com\/page\/YvFNxn7XNZMOz\/images\/d92f7d20-adfd-4355-997a-258489236794.jpg?asset_id=b42ae899-dbb0-4e15-bf18-d4b6977a4f63&amp;img_etag=%22ea9d0bdf8ef5c30768fc23a543d03a4b%22&amp;size=2560\" alt=\"\" \/><\/figure>\n\n\n\n<figure class=\"wp-block-image alignwide size-large\"><img decoding=\"async\" src=\"https:\/\/express.adobe.com\/page\/YvFNxn7XNZMOz\/images\/ec23cc9c-b232-4314-afce-26c1af9599f5.jpg?asset_id=3e87650f-f7cf-4ed7-8fa5-dad77fb3816a&amp;img_etag=%22e7b4f907bb555aef6acbdb902f51805e%22&amp;size=2560\" alt=\"\" \/><\/figure>\n\n\n\n<p>Un troupeau de rennes \u00e9tait un train de gratter le sol gel\u00e9 \u00e0 la recherche de quelques v\u00e9g\u00e9taux. Nous avons \u00e9t\u00e9 d&rsquo;autant plus surpris que nous avions entendu dire qu&rsquo;il \u00e9tait assez rare de voir des rennes en libert\u00e9 puisque la quasi totalit\u00e9 de l&rsquo;esp\u00e8ce \u00e9tait d\u00e9tenue en grande partie en \u00e9levage notamment par la communaut\u00e9 Sami. Quoiqu&rsquo;il en soit, cette quinzaine d&rsquo;individus non loin de la route nous a rendu plus qu&rsquo;heureux.<\/p>\n\n\n\n<figure class=\"wp-block-image alignwide size-large\"><img decoding=\"async\" src=\"https:\/\/express.adobe.com\/page\/YvFNxn7XNZMOz\/images\/597ca1ee-48cb-42d8-9848-de6f62b57f46.jpg?asset_id=a8b99b3f-8462-457c-b134-d2b6391f8955&amp;img_etag=%220575fdcec477531dce47ff99cad62edf%22&amp;size=2560\" alt=\"\" \/><figcaption>Ils n&rsquo;\u00e9taient m\u00eame pas si loin que cela. Bien qu&rsquo;il ait fallu s&rsquo;\u00e9loigner de la route de quelques dizaines de m\u00e8tres<\/figcaption><\/figure>\n\n\n\n<p>Apr\u00e8s les avoir mitraill\u00e9s avec l&rsquo;appareil photo, nous reprenons la route, sans objectif quelconque. Nous profitons des quelques heures de luminosit\u00e9.<\/p>\n\n\n\n<figure class=\"wp-block-image alignwide size-large\"><img decoding=\"async\" src=\"https:\/\/express.adobe.com\/page\/YvFNxn7XNZMOz\/images\/efd9166a-e9f7-4f25-a98a-75710b0afc6a.jpg?asset_id=93a33cc1-931f-4214-8f0f-8083facdba65&amp;img_etag=%22f803218db4c8d9799c950b7198a7ead8%22&amp;size=2560\" alt=\"\" \/><figcaption>M\u00eame sans nuages, le soleil est tellement bas que les pics montagneux le cachent le plus souvent<br><a href=\"https:\/\/express.adobe.com\/page\/YvFNxn7XNZMOz\/images\/c2561f5c-de20-4fb7-b350-ec61314eef44.jpg?asset_id=d1312c72-720d-4b1c-8a2a-a22ab3af1069&amp;img_etag=%229b9ebf8336e311c8849f4b93e00ff1a9%22&amp;size=1024\" target=\"_blank\" rel=\"noreferrer noopener\"><\/a><\/figcaption><\/figure>\n\n\n\n<figure class=\"wp-block-image alignwide size-large\"><img decoding=\"async\" src=\"https:\/\/express.adobe.com\/page\/YvFNxn7XNZMOz\/images\/c2561f5c-de20-4fb7-b350-ec61314eef44.jpg?asset_id=d1312c72-720d-4b1c-8a2a-a22ab3af1069&amp;img_etag=%229b9ebf8336e311c8849f4b93e00ff1a9%22&amp;size=2560\" alt=\"\" \/><\/figure>\n\n\n\n<p>La d\u00e9ambulation a dur\u00e9 quelques heures jusqu&rsquo;au coucher du soleil aux alentours de 15h30. Nous d\u00e9cidons de faire un tour dans la ville de Troms\u00f8.<\/p>\n\n\n\n<figure class=\"wp-block-image alignwide size-large\"><img decoding=\"async\" src=\"https:\/\/express.adobe.com\/page\/YvFNxn7XNZMOz\/images\/30b78b42-4e4b-46f9-85a4-cbb96f42ba88.jpg?asset_id=613cafc5-2fbf-44e4-8f8a-a4aeb099f57f&amp;img_etag=%22b9be2814b0156b76137dbd950b8f5bfd%22&amp;size=2560\" alt=\"\" \/><figcaption>Sur la route, nous passons pr\u00e8s du Ersfjord non loin de notre logement<\/figcaption><\/figure>\n\n\n\n<figure class=\"wp-block-image alignwide size-large\"><img decoding=\"async\" src=\"https:\/\/express.adobe.com\/page\/YvFNxn7XNZMOz\/images\/ff7094ce-7522-4fb2-b731-c595e4188290.jpg?asset_id=0b134986-9a4c-43d7-8c4e-8a46546751cf&amp;img_etag=%22a11caa35f0560574e0edced605d95e1e%22&amp;size=2560\" alt=\"\" \/><\/figure>\n\n\n\n<p>L&rsquo;ambiance dans la ville de Troms\u00f8 est assez sp\u00e9ciale. On se sentirait presque dans un village nord-am\u00e9ricain du genre country. Pourtant les Norv\u00e9giens la surnomme \u00a0\u00bbLe Paris du Nord\u00a0\u00bb. Elle est \u00e9galement appel\u00e9 la Capitale de l&rsquo;Arctique. C&rsquo;est en effet la ville de plus de 50 000 habitants la plus septentrionale du monde. Au-del\u00e0 des magasins et des sculptures de glace, la ville n&rsquo;est pas extraordinairement anim\u00e9e, il faut dire qu&rsquo;il n&rsquo;est que 17h. On se dirige donc vers le port pour admirer la vue. Notez que la majorit\u00e9 de la ville de Troms\u00f8 se situe sur une \u00eele au milieu d&rsquo;un fjord reli\u00e9e par deux grands ponts de part et d&rsquo;autre.<\/p>\n\n\n\n<p>Le ciel est clair en cette fin d&rsquo;apr\u00e8s midi qui ressemble \u00e9trangement \u00e0 un d\u00e9but de soir\u00e9e tant la nuit est d\u00e9j\u00e0 pr\u00e9sente. Nous scrutons le ciel \u00e0 la recherche d&rsquo;une lueur verte. Les aurores bor\u00e9ales, bien qu&rsquo;\u00e9tant l&rsquo;attraction majeure dans ces r\u00e9gions du monde, sont plut\u00f4t difficiles \u00e0 apercevoir. Il faut qu&rsquo;elles soient d&rsquo;une certaine intensit\u00e9 pour \u00eatre visibles \u00e0 l&rsquo;oeil nu. La plupart du temps, on aper\u00e7oit seulement une sorte de voile nuageux gris\u00e2tre qui bouge plus rapidement dans le ciel, c&rsquo;est pourtant bel et bien une aurore bor\u00e9ale. C&rsquo;est seulement lors de forte activit\u00e9 magn\u00e9tique solaire que les aurores deviennent plus intenses. Cela peut donc \u00eatre parfois frustrant. C&rsquo;est d&rsquo;ailleurs en observant le ciel et en voyant un faible voile nuageux, que l&rsquo;on commence \u00e0 fixer nos yeux vers les cieux. Est-ce un voile nuageux ? Ou bien une aurore qui se forme ?<\/p>\n\n\n\n<figure class=\"wp-block-image alignwide size-large\"><img decoding=\"async\" src=\"https:\/\/express.adobe.com\/page\/YvFNxn7XNZMOz\/images\/1995f9bf-982a-485c-9132-8f029ee91cdf.jpg?asset_id=07c20220-b7a5-49bd-8062-4d750d6e0acb&amp;img_etag=%2208e711aa4933b18c5fea82d341bf5c80%22&amp;size=2560\" alt=\"\" \/><\/figure>\n\n\n\n<p>Des rennes puis des aurores bor\u00e9ales d\u00e8s la premi\u00e8re journ\u00e9e. Loin d&rsquo;\u00eatre rassasi\u00e9s et dans l&rsquo;excitation du moment, nous d\u00e9cidons de partir \u00e0 la chasse aux aurores en prenant la voiture et ce fut une excellente id\u00e9e.<\/p>\n\n\n\n<p>Les meilleurs endroits pour les observer se situent loin de la pollution lumineuse des villes. C&rsquo;est d&rsquo;ailleurs au milieu de nulle part, sur une \u00eele \u00e0 une vingtaine de kilom\u00e8tres de Troms\u00f8 que nous stoppons notre route. On s&rsquo;installe au milieu d&rsquo;un champ recouvert de neige, et nous attendons. Puis soudain !<\/p>\n\n\n\n<figure class=\"wp-block-image alignwide size-large\"><img decoding=\"async\" src=\"https:\/\/express.adobe.com\/page\/YvFNxn7XNZMOz\/images\/6fb25710-bb89-4b82-926a-9768bcbbc32e.jpg?asset_id=94a8577c-6d47-4e98-b9ed-204adca5cc4f&amp;img_etag=%22d6cb648c1dd43b28c1702e9f5067b23a%22&amp;size=2560\" alt=\"\" \/><figcaption>Le bal des aurores commen\u00e7a. Leur puissance \u00e9tait telle qu&rsquo;elles illuminaient les montagnes environnantes. Aux plus fortes intensit\u00e9s, des teintes de violet se m\u00ealaient au vert. Ce spectacle \u00e9tait extr\u00eamement \u00e9mouvant, c&rsquo;\u00e9tait bien plus que l&rsquo;objectif d&rsquo;un voyage que de pouvoir observer ce ph\u00e9nom\u00e8ne si \u00e9trange et si magique, c&rsquo;\u00e9tait un r\u00eave. Nous sommes rest\u00e9s scotch\u00e9s au milieu de ce champ, m\u00eame la sensation de froid avait disparu.<\/figcaption><\/figure>\n\n\n\n<p>Le spectacle a continu\u00e9 \u00e0 divers endroits sur notre route.<\/p>\n\n\n\n<figure class=\"wp-block-image alignwide size-large\"><img decoding=\"async\" src=\"https:\/\/express.adobe.com\/page\/YvFNxn7XNZMOz\/images\/d2fcef62-89b7-4d37-bfbe-0f64faa8ebf3.jpg?asset_id=e243d982-8e67-4977-8f79-af19d519fa01&amp;img_etag=%2208f89fd6a4965619f9899375845258da%22&amp;size=2560\" alt=\"\" \/><\/figure>\n\n\n\n<figure class=\"wp-block-image alignwide size-large\"><img decoding=\"async\" src=\"https:\/\/express.adobe.com\/page\/YvFNxn7XNZMOz\/images\/7c24038b-ed77-4d74-a3ab-f6bdb982846a.jpg?asset_id=c0586a6c-df61-4987-9a3c-460576227e6b&amp;img_etag=%223b894d7dfd1016439865746c4d06e31f%22&amp;size=2560\" alt=\"\" \/><\/figure>\n\n\n\n<p>Le lendemain, c&rsquo;est une petite randonn\u00e9e sur les hauteurs de Troms\u00f8 qui nous attend. Nous nous attaquons au Mont Fl\u00f8ya 671m, accessible \u00e9galement en t\u00e9l\u00e9ph\u00e9rique depuis le ville de Troms\u00f8. Cette montagne offre un panorama exceptionnel sur la ville et ses environs.<\/p>\n\n\n\n<figure class=\"wp-block-image alignwide size-large\"><img decoding=\"async\" src=\"https:\/\/express.adobe.com\/page\/YvFNxn7XNZMOz\/images\/df4e9dc0-446a-4e17-aeb4-83d8afe80d4f.jpg?asset_id=fb76e56b-b3ea-4294-b374-305cbc822176&amp;img_etag=%225c4768aa667961f7183a5919e1571673%22&amp;size=2560\" alt=\"\" \/><figcaption>Pour y aller, on passe d&rsquo;abord pr\u00e8s de la Cath\u00e9drale de l&rsquo;Arctique. Petite merveille architecturale.<\/figcaption><\/figure>\n\n\n\n<figure class=\"wp-block-image alignwide size-large\"><img decoding=\"async\" src=\"https:\/\/express.adobe.com\/page\/YvFNxn7XNZMOz\/images\/a7d11062-1672-4dfe-b84c-28a3898a0d8a.jpg?asset_id=666f090d-20ca-473f-9bc7-2cc1c6106c21&amp;img_etag=%2204106a28c5e49e6132db5968cf12d6b9%22&amp;size=2560\" alt=\"\" \/><\/figure>\n\n\n\n<figure class=\"wp-block-image alignwide size-large\"><img decoding=\"async\" src=\"https:\/\/express.adobe.com\/page\/YvFNxn7XNZMOz\/images\/e35388a5-7488-4880-8044-b6a82fe6b34c.jpg?asset_id=7bb3a9c0-290d-4ae1-bcaa-7736ec3b4abc&amp;img_etag=%22831b2f43640fb9cdaf35306323baa65e%22&amp;size=2560\" alt=\"\" \/><figcaption>Pour d\u00e9marrer cette marche, il faut traverser l&rsquo;\u00eele o\u00f9 se situe la majeure partie de la ville pour aller sur le continent<\/figcaption><\/figure>\n\n\n\n<figure class=\"wp-block-image alignwide size-large\"><img decoding=\"async\" src=\"https:\/\/express.adobe.com\/page\/YvFNxn7XNZMOz\/images\/a2b70694-e0cc-4359-950a-059561927fdc.jpg?asset_id=a56e7fba-05e7-4204-b151-58fc6c0ce6cd&amp;img_etag=%22c90aaedbaa102db4521212017fbd0d49%22&amp;size=2560\" alt=\"\" \/><\/figure>\n\n\n\n<figure class=\"wp-block-image alignwide size-large\"><img decoding=\"async\" src=\"https:\/\/express.adobe.com\/page\/YvFNxn7XNZMOz\/images\/9a7b3cbf-2fd4-48d5-8c23-70b8394da6d6.jpg?asset_id=04c6898c-aa85-4a90-98d7-00f061d7fdee&amp;img_etag=%227874b1570525ce32cb3eb3721132d0a2%22&amp;size=2560\" alt=\"\" \/><figcaption>Les montagnes au loin scintillent. C&rsquo;est comme si une lumi\u00e8re de lever ou de coucher du soleil \u00e9tait pr\u00e9sente tout au long de la journ\u00e9e<\/figcaption><\/figure>\n\n\n\n<figure class=\"wp-block-image alignwide size-large\"><img decoding=\"async\" src=\"https:\/\/express.adobe.com\/page\/YvFNxn7XNZMOz\/images\/f6e094cb-5187-40b2-9440-2ddeb1a31eb5.jpg?asset_id=5220bfb8-bd74-48a1-9183-7b5a75d6eab4&amp;img_etag=%220fce277078d930f19726d92064ab7fcb%22&amp;size=2560\" alt=\"\" \/><figcaption>On voit de mieux en mieux l&rsquo;\u00eele de Troms\u00f8ya<\/figcaption><\/figure>\n\n\n\n<figure class=\"wp-block-image alignfull size-large\"><img loading=\"lazy\" decoding=\"async\" width=\"1024\" height=\"537\" src=\"https:\/\/endorfeen.com\/wp-content\/uploads\/2022\/08\/71795d50-e30b-4891-b90c-98521adb6ea0-1024x537.jpeg\" alt=\"Grand Nord Norv\u00e9gien\" class=\"wp-image-3932\" srcset=\"https:\/\/endorfeen.com\/wp-content\/uploads\/2022\/08\/71795d50-e30b-4891-b90c-98521adb6ea0-300x157.jpeg 300w, https:\/\/endorfeen.com\/wp-content\/uploads\/2022\/08\/71795d50-e30b-4891-b90c-98521adb6ea0-768x403.jpeg 768w, https:\/\/endorfeen.com\/wp-content\/uploads\/2022\/08\/71795d50-e30b-4891-b90c-98521adb6ea0-1024x537.jpeg 1024w, https:\/\/endorfeen.com\/wp-content\/uploads\/2022\/08\/71795d50-e30b-4891-b90c-98521adb6ea0-1536x806.jpeg 1536w, https:\/\/endorfeen.com\/wp-content\/uploads\/2022\/08\/71795d50-e30b-4891-b90c-98521adb6ea0-2048x1074.jpeg 2048w\" sizes=\"auto, (max-width: 1024px) 100vw, 1024px\" \/><figcaption>Vue d&rsquo;ensemble sur Troms\u00f8 depuis le Mont Fl\u00f8ya<\/figcaption><\/figure>\n\n\n\n<figure class=\"wp-block-image alignwide size-large\"><img decoding=\"async\" src=\"https:\/\/express.adobe.com\/page\/YvFNxn7XNZMOz\/images\/6576579b-7c6b-4d7c-a3c2-e6a42240e4e8.jpg?asset_id=060b2547-9bd2-406e-8a5e-4468a2cd0036&amp;img_etag=%22d940a6f06145ed2035b695f3e85e45a6%22&amp;size=2560\" alt=\"\" \/><figcaption>On d\u00e9cide de monter un peu plus haut pour voir de l&rsquo;autre c\u00f4t\u00e9<\/figcaption><\/figure>\n\n\n\n<figure class=\"wp-block-image alignfull size-large\"><img decoding=\"async\" src=\"https:\/\/express.adobe.com\/page\/YvFNxn7XNZMOz\/images\/a70e1d05-3b57-4bc5-829b-92a26a9e7b70.jpg?asset_id=e49c37fa-336c-4d51-8174-e4d2fedcf413&amp;img_etag=%22ef096614fd408b8229b535ff605f24f0%22&amp;size=2560\" alt=\"\" \/><figcaption>On se retrouve dans un paradis blanc face au Tromsdalstinden 1238m<\/figcaption><\/figure>\n\n\n\n<figure class=\"wp-block-image alignwide size-large\"><img decoding=\"async\" src=\"https:\/\/express.adobe.com\/page\/YvFNxn7XNZMOz\/images\/dc005ae2-bb07-4a7a-9003-d765d3501215.jpg?asset_id=5ba33b53-a4fe-4e42-bc7d-702929321427&amp;img_etag=%22c997e1b7cfe7f94fdbb4cb4fc0f75be0%22&amp;size=2560\" alt=\"\" \/><\/figure>\n\n\n\n<p>La nuit arrivant, nous repartons pour une chasse aux aurores en direction de l&rsquo;archipel de Sommar\u00f8y. Cette fois-ci, les aurores sont moins intenses que la veille. Mais le rendu sur les photographies reste sublime.<\/p>\n\n\n\n<figure class=\"wp-block-image alignwide size-large\"><img decoding=\"async\" src=\"https:\/\/express.adobe.com\/page\/YvFNxn7XNZMOz\/images\/3624a617-f817-4a0b-bd1b-a46ac73e4e77.jpg?asset_id=f65082b0-ad17-452a-beb5-59e2c9513ce5&amp;img_etag=%22653aa0c3eabd4e5ce12ee90292d394c3%22&amp;size=2560\" alt=\"\" \/><\/figure>\n\n\n\n<figure class=\"wp-block-image alignwide size-large\"><img decoding=\"async\" src=\"https:\/\/express.adobe.com\/page\/YvFNxn7XNZMOz\/images\/99135fad-f11f-4be3-9562-d19c0c3c0c0f.jpg?asset_id=97a3a3f1-53a1-4817-9c4d-3097a4a9c237&amp;img_etag=%227c0fff8e69be2c6b74a518c812e7b7e6%22&amp;size=2560\" alt=\"\" \/><\/figure>\n\n\n\n<p>Pour la suite de notre p\u00e9riple et pour s&rsquo;\u00e9loigner de la ville de Troms\u00f8 nous avions le choix entre deux destinations diff\u00e9rentes : les Alpes de Lyngen, un massif montagneux \u00e0 l&rsquo;Est de Troms\u00f8, et l&rsquo;\u00eele de Senja. C&rsquo;est cette derni\u00e8re option que nous avons choisi. Le lendemain matin nous partons en direction de cette \u00eele qui, bien que peu connue pour l&rsquo;instant, commence \u00e0 faire fureur sur les r\u00e9seaux sociaux. C&rsquo;est un trajet de 3h qui nous attend sur les routes enneig\u00e9es du Nord de la Norv\u00e8ge.<\/p>\n\n\n\n<figure class=\"wp-block-image alignwide size-large\"><img decoding=\"async\" src=\"https:\/\/express.adobe.com\/page\/YvFNxn7XNZMOz\/images\/ace3350f-25a7-42f9-93c1-7fc389fa86c3.jpg?asset_id=10bdbd17-5593-49b1-9382-538cccbb8860&amp;img_etag=%22041f5d789a72b6103309a19cc837e950%22&amp;size=2560\" alt=\"\" \/><figcaption>Sur la route, le soleil se l\u00e8ve tout doucement derri\u00e8re les pics montagneux<\/figcaption><\/figure>\n\n\n\n<figure class=\"wp-block-image alignwide size-large\"><img decoding=\"async\" src=\"https:\/\/express.adobe.com\/page\/YvFNxn7XNZMOz\/images\/52299874-d230-4740-8ca3-7188c562d939.jpg?asset_id=38d845db-fe19-4a0e-a04e-400cf70e540d&amp;img_etag=%22f083df2dded33f1e095ca9685341b075%22&amp;size=2560\" alt=\"\" \/><figcaption>La magie des routes norv\u00e9giennes<\/figcaption><\/figure>\n\n\n\n<figure class=\"wp-block-image alignwide size-large\"><img decoding=\"async\" src=\"https:\/\/express.adobe.com\/page\/YvFNxn7XNZMOz\/images\/b50331e4-4ce3-487c-b8b8-330184057c7c.jpg?asset_id=ee4838ff-575c-442b-afab-0ff2039fd9b7&amp;img_etag=%228f19abcdf71cdb50026581bd5d92830b%22&amp;size=2560\" alt=\"\" \/><figcaption>Arriv\u00e9s sur Senja, le temps est assez couvert mais nous entamons tout de m\u00eame notre road trip sur l&rsquo;\u00eele. Ici, le Bergsfjord<\/figcaption><\/figure>\n\n\n\n<figure class=\"wp-block-image alignwide size-large\"><img decoding=\"async\" src=\"https:\/\/express.adobe.com\/page\/YvFNxn7XNZMOz\/images\/bfb8d8ae-3489-473f-b90f-1df9ee2641bc.jpg?asset_id=873d1291-ed90-465d-8090-f0ee54b99bdf&amp;img_etag=%22ad6f272b005c05945452ff7a4acc113f%22&amp;size=2560\" alt=\"\" \/><figcaption>Le vent soufflait fort, le ressenti \u00e9tait donc tr\u00e8s bas<\/figcaption><\/figure>\n\n\n\n<figure class=\"wp-block-image alignwide size-large\"><img decoding=\"async\" src=\"https:\/\/express.adobe.com\/page\/YvFNxn7XNZMOz\/images\/62fe955c-7587-40d7-9af6-245f3be8dba7.jpg?asset_id=16baf90c-6af2-4fc4-8885-df4d1723bae3&amp;img_etag=%22f13cbbcff613d02fc0f2210dd001bf83%22&amp;size=2560\" alt=\"\" \/><figcaption>Les montagnes de Senja, bien que peu \u00e9lev\u00e9es, nous font penser \u00e0 un environnement de tr\u00e8s haute montagne<\/figcaption><\/figure>\n\n\n\n<figure class=\"wp-block-image alignwide size-large\"><img decoding=\"async\" src=\"https:\/\/express.adobe.com\/page\/YvFNxn7XNZMOz\/images\/4e321635-65f8-4ed4-8faa-78619cbb22a4.jpg?asset_id=f82e592b-ad53-445f-8ea1-76b4c0a57e7e&amp;img_etag=%226a70836ce75677ea3291ecfa64b6a48f%22&amp;size=2560\" alt=\"\" \/><figcaption>Une des particularit\u00e9s de Senja est d&rsquo;avoir d&rsquo;immenses falaises tombant directement dans l&rsquo;Oc\u00e9an Arctique<\/figcaption><\/figure>\n\n\n\n<figure class=\"wp-block-image alignfull size-large\"><img decoding=\"async\" src=\"https:\/\/express.adobe.com\/page\/YvFNxn7XNZMOz\/images\/a571192c-4125-443f-b6ee-3f3c278acfdc.jpg?asset_id=9a63c194-a1e5-420e-91e4-b49caba810a5&amp;img_etag=%22cc44c110e12dda472540b08cea5d02e4%22&amp;size=2560\" alt=\"\" \/><figcaption>Les Dents du Diables depuis le belv\u00e9d\u00e8re du Tungeneset<\/figcaption><\/figure>\n\n\n\n<p>On enchaine les cols et les contournements de fjords, notamment sur la partie Nord de l&rsquo;\u00eele.<\/p>\n\n\n\n<figure class=\"wp-block-image alignwide size-large\"><img decoding=\"async\" src=\"https:\/\/express.adobe.com\/page\/YvFNxn7XNZMOz\/images\/99a89e63-88fd-41d9-870e-87ddc74eb48a.jpg?asset_id=58237da6-35ca-4ce2-b3d3-07dfca1a4b49&amp;img_etag=%22199dd5ea558f9b528cc958d8a672dde2%22&amp;size=2560\" alt=\"\" \/><figcaption>Le Pic de Segla depuis l&rsquo;autre versant avec son nuage lenticulaire au dessus de sa cime<\/figcaption><\/figure>\n\n\n\n<p>Notre derni\u00e8re \u00e9tape sera le petit village insulaire de Hus\u00f8y.<\/p>\n\n\n\n<figure class=\"wp-block-image alignwide size-large\"><img decoding=\"async\" src=\"https:\/\/express.adobe.com\/page\/YvFNxn7XNZMOz\/images\/4cccaca4-b0ad-408c-99f2-cb6132c475ef.jpg?asset_id=3a6c56b1-fcd3-450a-9054-7fe664e1ead9&amp;img_etag=%221f4e6e5d5d6dae8c76e1d0d7dea0bfad%22&amp;size=2560\" alt=\"\" \/><\/figure>\n\n\n\n<p>Comme dit pr\u00e9c\u00e9demment, nous sommes partis sur l&rsquo;\u00eele de Senja pour deux jours. Or nous n&rsquo;avons pas r\u00e9serv\u00e9 de logement \u00e0 l&rsquo;avance puisque nous attendions d&rsquo;\u00eatre s\u00fbrs au niveau de la m\u00e9t\u00e9o. Nous avions choisi de trouver une sorte de refuge &#8212; on parle d&rsquo;ailleurs de cabine ou \u00a0\u00bbhytta\u00a0\u00bb en norv\u00e9gien &#8212; qui nous servirait pour la nuit. <\/p>\n\n\n\n<p>En Norv\u00e8ge, la plupart des refuges ne sont pas gard\u00e9s. A la diff\u00e9rence de la France par exemple o\u00f9 il faut r\u00e9server et o\u00f9 les refuges sont tenus, en tout cas pour les plus importants, la Norv\u00e8ge b\u00e9n\u00e9ficie d&rsquo;un dense r\u00e9seau de cabines sur tout son territoire. A l&rsquo;int\u00e9rieur de ces cabines il y a des lits bien \u00e9videmment mais \u00e9galement de la nourriture. Il peut ne pas y avoir de syst\u00e8me de r\u00e9servation : premier arriv\u00e9, premier servi. Cependant, si l&rsquo;on dort et\/ou si l&rsquo;on prend de la nourriture lors d&rsquo;un s\u00e9jour dans cette cabine, il faut remplir une fiche en sp\u00e9cifiant le nombre de nuits et ce que l&rsquo;on a consomm\u00e9 comme nourriture, y ajouter son num\u00e9ro de carte bancaire et mettre la fiche dans une urne. Ce syst\u00e8me est totalement bas\u00e9 sur la confiance et semble fonctionner dans ce pays scandinave.<\/p>\n\n\n\n<p>Avant de partir nous avons donc v\u00e9rifi\u00e9 si il y avait des refuges sur Senja. Seulement un \u00e9tait pr\u00e9sent en plein centre de l&rsquo;\u00eele : Senjabu. Apr\u00e8s une premi\u00e8re journ\u00e9e sur les routes de l&rsquo;\u00eele, c&rsquo;est donc \u00e0 la nuit tomb\u00e9e que nous nous rendons \u00e0 Senjabu. C&rsquo;est d&rsquo;ailleurs en y allant que nous atteindrons la temp\u00e9rature la plus basse de notre aventure nordique : -17\u00b0C.<\/p>\n\n\n\n<p>Vient le moment des confessions. Arriv\u00e9s devant la porte de Senjabu, nous nous sommes rendus compte qu&rsquo;elle \u00e9tait en travaux et donc ferm\u00e9e pour l&rsquo;hiver. Un cadenas bloquait l&rsquo;entr\u00e9e. Mais nous n&rsquo;avions nulle part o\u00f9 dormir, sauf dans la voiture, ce qui n&rsquo;enchantait personne au vu de la temp\u00e9rature ext\u00e9rieure. Nous sommes donc rentr\u00e9s par effraction&#8230; Le cadenas n&rsquo;a pas \u00e9t\u00e9 tr\u00e8s solide et nous avons pu profiter d&rsquo;un lit plut\u00f4t confortable. A l&rsquo;int\u00e9rieur du refuge, il y faisait moins quatre degr\u00e9s. Gr\u00e2ce au feu de bois, nous avons r\u00e9ussi \u00e0 faire monter la temp\u00e9rature jusqu&rsquo;\u00e0 12 degr\u00e9s, pas plus.<\/p>\n\n\n\n<figure class=\"wp-block-image alignwide size-large\"><img decoding=\"async\" src=\"https:\/\/express.adobe.com\/page\/YvFNxn7XNZMOz\/images\/6a4ed43a-74d1-4cb2-85d7-12ad9754f9d5.jpg?asset_id=e5d6bf95-8d28-42db-bd30-066480dcf874&amp;img_etag=%22fb3fd8979932f7b53e747e5d2b85edc9%22&amp;size=2560\" alt=\"\" \/><figcaption>On s&rsquo;est quand m\u00eame bien marr\u00e9. Remarquez que c&rsquo;est assez confortable comme installation<\/figcaption><\/figure>\n\n\n\n<p>Pour le second jour sur l&rsquo;\u00eele, nous nous sommes r\u00e9veill\u00e9s assez t\u00f4t. Nous avions emprunt\u00e9 des raquettes \u00e0 notre logement pr\u00e8s de Troms\u00f8 pour effectuer une randonn\u00e9e sur l&rsquo;\u00eele. C&rsquo;est en direction du village de Fjordgard que nous nous rendons, attir\u00e9s par l&rsquo;un des points de vue les plus c\u00e9l\u00e8bres de Senja : Hesten face au Pic de Segla.<\/p>\n\n\n\n<figure class=\"wp-block-image alignwide size-large\"><img decoding=\"async\" src=\"https:\/\/express.adobe.com\/page\/YvFNxn7XNZMOz\/images\/5e0bbd5d-0c54-4d6b-8428-50046686cce0.jpg?asset_id=f1fafe3e-0d4f-41fd-b4b6-0fc07bf37a1c&amp;img_etag=%22b0047f9fd58a303853e66ad5cbd4b7eb%22&amp;size=2560\" alt=\"\" \/><figcaption>C&rsquo;est sous l&rsquo;imposante falaise de Segla que nous montons pour atteindre la montagne en face de ce pic rocheux<\/figcaption><\/figure>\n\n\n\n<figure class=\"wp-block-image alignwide size-large\"><img decoding=\"async\" src=\"https:\/\/express.adobe.com\/page\/YvFNxn7XNZMOz\/images\/dad0f5ec-1de9-41b0-9423-eeac1e739593.jpg?asset_id=ee5870fe-4219-4c41-ab76-5cfe6a42fafe&amp;img_etag=%22f344e26f144b7e48e9f0c3feddae78d9%22&amp;size=2560\" alt=\"\" \/><\/figure>\n\n\n\n<figure class=\"wp-block-image alignwide size-large\"><img decoding=\"async\" src=\"https:\/\/express.adobe.com\/page\/YvFNxn7XNZMOz\/images\/0b0a84e5-23d5-4375-9a2b-513855bae487.jpg?asset_id=1842c36a-a1c8-4c42-9da8-38607fca35d8&amp;img_etag=%22cc4ac69851abaf3f999d9fa287e40a72%22&amp;size=2560\" alt=\"\" \/><figcaption>A ce moment l\u00e0, voulant rejoindre l&rsquo;ar\u00eate, nous avions clairement mal calcul\u00e9 l&rsquo;inclinaison et la duret\u00e9 de la neige pour traverser. Trop glissant et donc trop dangereux, un demi tour improvis\u00e9 pour retrouver le col juste avant s&rsquo;est impos\u00e9. Nous avons quand m\u00eame pu b\u00e9n\u00e9ficier d&rsquo;une vue \u00e0 couper le souffle<\/figcaption><\/figure>\n\n\n\n<figure class=\"wp-block-image alignwide size-large\"><img decoding=\"async\" src=\"https:\/\/express.adobe.com\/page\/YvFNxn7XNZMOz\/images\/7efe7a53-1fb4-4257-9b5c-a19ca87c8dc9.jpg?asset_id=fad6016a-14ad-4c9e-9163-fa8b42db09a0&amp;img_etag=%2292ea086345054c98179b9023d877763a%22&amp;size=2560\" alt=\"\" \/><figcaption>Le Pic de Segla change de forme d\u00e8s que l&rsquo;on bouge de quelques dizaines de m\u00e8tres<\/figcaption><\/figure>\n\n\n\n<figure class=\"wp-block-image alignfull size-large\"><img decoding=\"async\" src=\"https:\/\/express.adobe.com\/page\/YvFNxn7XNZMOz\/images\/85668c72-4752-4e56-8d39-0563d68358ca.jpg?asset_id=d170fb91-a783-4229-bdf6-32dfd530c003&amp;img_etag=%22734c057ce4584cba0c6f24ec49c53e0c%22&amp;size=2560\" alt=\"\" \/><figcaption>Le lever de soleil \u00e0 Hesten<\/figcaption><\/figure>\n\n\n\n<figure class=\"wp-block-image alignwide size-large\"><img decoding=\"async\" src=\"https:\/\/express.adobe.com\/page\/YvFNxn7XNZMOz\/images\/f632e9c2-4f71-452b-9372-b03130d37a70.jpg?asset_id=b0c4159f-1ea0-44ed-bdf9-005ee0f1803f&amp;img_etag=%22c3ba26416fcb156a09d8e3998d7607e2%22&amp;size=2560\" alt=\"\" \/><figcaption>On se rapproche de l&rsquo;imposante cime. Puis vient le moment de la descente parce que les temp\u00e9ratures sont glaciales et le ressenti n\u00e9gatif est accentu\u00e9 par le vent fort<\/figcaption><\/figure>\n\n\n\n<p>Apr\u00e8s cette fraiche parenth\u00e8se, on reprend la route et on continue notre tour de l&rsquo;\u00eele, cette fois plus au Sud.<\/p>\n\n\n\n<figure class=\"wp-block-image alignwide size-large\"><img decoding=\"async\" src=\"https:\/\/express.adobe.com\/page\/YvFNxn7XNZMOz\/images\/d3eca0d2-b658-4397-bfdc-cf2de149d7db.jpg?asset_id=d31d9a80-bc56-4083-a6a6-5dcfe2cbbbbb&amp;img_etag=%226ee05b241d9c8b7af67076c02e7bc171%22&amp;size=2560\" alt=\"\" \/><figcaption>Le petit archipel de Hamn vu du ciel<\/figcaption><\/figure>\n\n\n\n<p>La nuit arrive, il nous reste encore 3h de route jusqu&rsquo;\u00e0 Troms\u00f8. Quelques l\u00e9g\u00e8res aurores bor\u00e9ales nous accompagneront durant le trajet.<\/p>\n\n\n\n<p>Le lendemain, de retour dans la r\u00e9gion de Troms\u00f8, nous \u00e9tions cens\u00e9s faire un tour en chiens de traineau. Mais \u00e7a, c&rsquo;\u00e9tait si mon acolyte avait envoy\u00e9 la bonne adresse mail et la bonne date \u00e0 l&rsquo;organisme. C&rsquo;est donc de loin que nous apercevrons les mushers et leurs chiens. On reprend alors la route vers des coins encore inconnus.<\/p>\n\n\n\n<figure class=\"wp-block-image alignwide size-large\"><img decoding=\"async\" src=\"https:\/\/express.adobe.com\/page\/YvFNxn7XNZMOz\/images\/916ccb20-cd70-4bb4-bec1-664ab6b6b615.jpg?asset_id=9eedcb31-8223-4232-9edc-81d2c803c56b&amp;img_etag=%22f2066a8ec36889678dd4ff66ec35f947%22&amp;size=2560\" alt=\"\" \/><figcaption>L&rsquo;\u00eele de H\u00e5k\u00f8ya \u00e0 l&rsquo;Est de Troms\u00f8<\/figcaption><\/figure>\n\n\n\n<p>Lors de l&rsquo;avant derni\u00e8re journ\u00e9e dans le Grand Nord Norv\u00e9gien, il s&rsquo;est mis \u00e0 neiger. L&rsquo;ambiance \u00e9tait tout autre. Le programme tient tout de m\u00eame, nous nous rendons sur les \u00eeles de Sommar\u00f8y, un des derniers archipels avant le large de l&rsquo;Oc\u00e9an Arctique.<\/p>\n\n\n\n<figure class=\"wp-block-image alignfull size-large\"><img decoding=\"async\" src=\"https:\/\/express.adobe.com\/page\/YvFNxn7XNZMOz\/images\/ab37b61d-1bf7-4f1a-a9fc-a8d0dbdbab36.jpg?asset_id=83cd76d0-b52d-4a56-a692-06732315cc6f&amp;img_etag=%223858bdc97b8c063187537e0e33038f97%22&amp;size=2560\" alt=\"\" \/><figcaption>Le Coeur de l&rsquo;Oc\u00e9an Arctique<\/figcaption><\/figure>\n\n\n\n<p>Sur le retour, le temps s&rsquo;est encore d\u00e9t\u00e9rior\u00e9, la neige tombe dru mais c&rsquo;est le Nord, donc ce n&rsquo;est pas grave.<\/p>\n\n\n\n<p>Avant de partir dans le Nord de la Norv\u00e8ge, nous nous sommes lanc\u00e9s un petit d\u00e9fi : se baigner dans l&rsquo;Oc\u00e9an Arctique. Cela a \u00e9t\u00e9 chose faite l&rsquo;avant dernier soir, sur les bords d&rsquo;un fjord. Contrairement \u00e0 ce que l&rsquo;on peut penser, le plus dur n&rsquo;est pas de rentrer dans l&rsquo;eau mais d&rsquo;en sortir. En effet, vous aurez remarqu\u00e9 que l&rsquo;eau des fjords n&rsquo;est pas gel\u00e9e, elle est donc l\u00e9g\u00e8rement (tr\u00e8s l\u00e9g\u00e8rement) positive contrairement \u00e0 l&rsquo;air ext\u00e9rieur. Mais sortir de l&rsquo;eau c&rsquo;est une chose, sortir de l&rsquo;eau et mettre les pieds dans la neige et marcher pour retrouver la voiture, s&rsquo;en est une autre ! Nos pieds nous en veulent encore.<\/p>\n\n\n\n<p>Arrive malheureusement le dernier jour de notre p\u00e9riple dans le Grand Nord Norv\u00e9gien, nous allons errer dans la capitale de l&rsquo;Arctique une derni\u00e8re fois.<\/p>\n\n\n\n<p><a href=\"https:\/\/express.adobe.com\/page\/YvFNxn7XNZMOz\/images\/c19c3f07-3248-4549-bbb3-a809ef064eb3.jpg?asset_id=06fd4da9-0c84-49d6-98ec-5957ca2de7c8&amp;img_etag=%2282a52cc13ab9a618dc38b95de619c8dc%22&amp;size=1024\" target=\"_blank\" rel=\"noreferrer noopener\"><\/a><\/p>\n\n\n\n<p><a href=\"https:\/\/express.adobe.com\/page\/YvFNxn7XNZMOz\/images\/02e1ea4a-4e33-49ad-b4c5-3ac615c9f926.jpg?asset_id=64724347-e50a-47b7-91b6-93fc5061e4a2&amp;img_etag=%228fe032dbe41dc9fd55f5e4fa86912d95%22&amp;size=1024\" target=\"_blank\" rel=\"noreferrer noopener\"><\/a><\/p>\n","protected":false},"excerpt":{"rendered":"<p>La Norv\u00e8ge, \u00e0 la diff\u00e9rence de ces voisins scandinaves, b\u00e9n\u00e9ficie de paysages beaucoup plus vari\u00e9s : aux grandes plaines laponnes et aux immenses for\u00eats bor\u00e9ales s&rsquo;ajoutent les fjords et les montagnes abruptes tombant dans la mer de Norv\u00e8ge ou l&rsquo;Oc\u00e9an Arctique. Ce sont des avantages dont ne b\u00e9n\u00e9ficient pas ou peu la Su\u00e8de et la &hellip;<\/p>\n","protected":false},"author":61,"featured_media":3931,"comment_status":"open","ping_status":"open","sticky":false,"template":"","format":"standard","meta":{"_acf_changed":false,"_genesis_hide_title":false,"_genesis_hide_breadcrumbs":false,"_genesis_hide_singular_image":false,"_genesis_hide_footer_widgets":false,"_genesis_custom_body_class":"","_genesis_custom_post_class":"","_genesis_layout":"","footnotes":""},"categories":[170],"tags":[270],"sponsor":[1087],"class_list":{"2":"type-post","7":"category-aventures","8":"tag-norvege","9":"sponsor-endorfeen","10":"entry"},"yoast_head":"<!-- This site is optimized with the Yoast SEO Premium plugin v26.2 (Yoast SEO v26.2) - https:\/\/yoast.com\/wordpress\/plugins\/seo\/ -->\n<title>Le Grand Nord Norv\u00e9gien - endorfeen<\/title>\n<meta name=\"description\" content=\"Grand Nord Norv\u00e9gien: La Norv\u00e8ge, \u00e0 la diff\u00e9rence de ces voisins scandinaves, b\u00e9n\u00e9ficie de paysages beaucoup plus vari\u00e9s : aux grandes...\" \/>\n<meta name=\"robots\" content=\"index, follow, max-snippet:-1, max-image-preview:large, max-video-preview:-1\" \/>\n<link rel=\"canonical\" href=\"https:\/\/endorfeen.com\/fr\/le-grand-nord-norvegien-itinerance-dans-le-comte-de-troms\/\" \/>\n<meta property=\"og:locale\" content=\"fr_FR\" \/>\n<meta property=\"og:type\" content=\"article\" \/>\n<meta property=\"og:title\" content=\"Le Grand Nord Norv\u00e9gien, itin\u00e9rance dans le Comt\u00e9 de Troms\" \/>\n<meta property=\"og:description\" content=\"Grand Nord Norv\u00e9gien: La Norv\u00e8ge, \u00e0 la diff\u00e9rence de ces voisins scandinaves, b\u00e9n\u00e9ficie de paysages beaucoup plus vari\u00e9s : aux grandes...\" \/>\n<meta property=\"og:url\" content=\"https:\/\/endorfeen.com\/fr\/le-grand-nord-norvegien-itinerance-dans-le-comte-de-troms\/\" \/>\n<meta property=\"og:site_name\" content=\"endorfeen\" \/>\n<meta property=\"article:author\" content=\"https:\/\/www.facebook.com\/nicolas.thiers.18\/\" \/>\n<meta property=\"article:published_time\" content=\"2023-01-11T16:51:00+00:00\" \/>\n<meta property=\"article:modified_time\" content=\"2023-08-18T10:02:25+00:00\" \/>\n<meta property=\"og:image\" content=\"https:\/\/endorfeen.com\/wp-content\/uploads\/2022\/08\/71795d50-e30b-4891-b90c-98521adb6ea0.jpeg\" \/>\n\t<meta property=\"og:image:width\" content=\"2560\" \/>\n\t<meta property=\"og:image:height\" content=\"1343\" \/>\n\t<meta property=\"og:image:type\" content=\"image\/jpeg\" \/>\n<meta name=\"author\" content=\"Nicolas Thiers\" \/>\n<meta name=\"twitter:card\" content=\"summary_large_image\" \/>\n<meta name=\"twitter:creator\" content=\"@https:\/\/twitter.com\/NThiers38\" \/>\n<meta name=\"twitter:label1\" content=\"\u00c9crit par\" \/>\n\t<meta name=\"twitter:data1\" content=\"Nicolas Thiers\" \/>\n\t<meta name=\"twitter:label2\" content=\"Dur\u00e9e de lecture estim\u00e9e\" \/>\n\t<meta name=\"twitter:data2\" content=\"22 minutes\" \/>\n<script type=\"application\/ld+json\" class=\"yoast-schema-graph\">{\"@context\":\"https:\/\/schema.org\",\"@graph\":[{\"@type\":\"Article\",\"@id\":\"https:\/\/endorfeen.com\/fr\/le-grand-nord-norvegien-itinerance-dans-le-comte-de-troms\/#article\",\"isPartOf\":{\"@id\":\"https:\/\/endorfeen.com\/fr\/le-grand-nord-norvegien-itinerance-dans-le-comte-de-troms\/\"},\"author\":{\"name\":\"Nicolas Thiers\",\"@id\":\"https:\/\/endorfeen.com\/fr\/#\/schema\/person\/89cd72e7df9a1a080c58d3a3ab66739e\"},\"headline\":\"Le Grand Nord Norv\u00e9gien, itin\u00e9rance dans le Comt\u00e9 de Troms\",\"datePublished\":\"2023-01-11T16:51:00+00:00\",\"dateModified\":\"2023-08-18T10:02:25+00:00\",\"mainEntityOfPage\":{\"@id\":\"https:\/\/endorfeen.com\/fr\/le-grand-nord-norvegien-itinerance-dans-le-comte-de-troms\/\"},\"wordCount\":2768,\"commentCount\":0,\"publisher\":{\"@id\":\"https:\/\/endorfeen.com\/fr\/#organization\"},\"image\":{\"@id\":\"https:\/\/endorfeen.com\/fr\/le-grand-nord-norvegien-itinerance-dans-le-comte-de-troms\/#primaryimage\"},\"thumbnailUrl\":\"https:\/\/endorfeen.com\/wp-content\/uploads\/2022\/08\/71795d50-e30b-4891-b90c-98521adb6ea0.jpeg\",\"keywords\":[\"#Norv\u00e8ge\"],\"articleSection\":[\"Aventures\"],\"inLanguage\":\"fr-FR\",\"potentialAction\":[{\"@type\":\"CommentAction\",\"name\":\"Comment\",\"target\":[\"https:\/\/endorfeen.com\/fr\/le-grand-nord-norvegien-itinerance-dans-le-comte-de-troms\/#respond\"]}]},{\"@type\":\"WebPage\",\"@id\":\"https:\/\/endorfeen.com\/fr\/le-grand-nord-norvegien-itinerance-dans-le-comte-de-troms\/\",\"url\":\"https:\/\/endorfeen.com\/fr\/le-grand-nord-norvegien-itinerance-dans-le-comte-de-troms\/\",\"name\":\"Le Grand Nord Norv\u00e9gien - endorfeen\",\"isPartOf\":{\"@id\":\"https:\/\/endorfeen.com\/fr\/#website\"},\"primaryImageOfPage\":{\"@id\":\"https:\/\/endorfeen.com\/fr\/le-grand-nord-norvegien-itinerance-dans-le-comte-de-troms\/#primaryimage\"},\"image\":{\"@id\":\"https:\/\/endorfeen.com\/fr\/le-grand-nord-norvegien-itinerance-dans-le-comte-de-troms\/#primaryimage\"},\"thumbnailUrl\":\"https:\/\/endorfeen.com\/wp-content\/uploads\/2022\/08\/71795d50-e30b-4891-b90c-98521adb6ea0.jpeg\",\"datePublished\":\"2023-01-11T16:51:00+00:00\",\"dateModified\":\"2023-08-18T10:02:25+00:00\",\"description\":\"Grand Nord Norv\u00e9gien: La Norv\u00e8ge, \u00e0 la diff\u00e9rence de ces voisins scandinaves, b\u00e9n\u00e9ficie de paysages beaucoup plus vari\u00e9s : aux grandes...\",\"breadcrumb\":{\"@id\":\"https:\/\/endorfeen.com\/fr\/le-grand-nord-norvegien-itinerance-dans-le-comte-de-troms\/#breadcrumb\"},\"inLanguage\":\"fr-FR\",\"potentialAction\":[{\"@type\":\"ReadAction\",\"target\":[\"https:\/\/endorfeen.com\/fr\/le-grand-nord-norvegien-itinerance-dans-le-comte-de-troms\/\"]}]},{\"@type\":\"ImageObject\",\"inLanguage\":\"fr-FR\",\"@id\":\"https:\/\/endorfeen.com\/fr\/le-grand-nord-norvegien-itinerance-dans-le-comte-de-troms\/#primaryimage\",\"url\":\"https:\/\/endorfeen.com\/wp-content\/uploads\/2022\/08\/71795d50-e30b-4891-b90c-98521adb6ea0.jpeg\",\"contentUrl\":\"https:\/\/endorfeen.com\/wp-content\/uploads\/2022\/08\/71795d50-e30b-4891-b90c-98521adb6ea0.jpeg\",\"width\":2048,\"height\":1074,\"caption\":\"Grand Nord Norv\u00e9gien\"},{\"@type\":\"BreadcrumbList\",\"@id\":\"https:\/\/endorfeen.com\/fr\/le-grand-nord-norvegien-itinerance-dans-le-comte-de-troms\/#breadcrumb\",\"itemListElement\":[{\"@type\":\"ListItem\",\"position\":1,\"name\":\"Home\",\"item\":\"https:\/\/endorfeen.com\/fr\/\"},{\"@type\":\"ListItem\",\"position\":2,\"name\":\"Le Grand Nord Norv\u00e9gien, itin\u00e9rance dans le Comt\u00e9 de Troms\"}]},{\"@type\":\"WebSite\",\"@id\":\"https:\/\/endorfeen.com\/fr\/#website\",\"url\":\"https:\/\/endorfeen.com\/fr\/\",\"name\":\"endorfeen\",\"description\":\"The Media For Sustainable Outdoors.\",\"publisher\":{\"@id\":\"https:\/\/endorfeen.com\/fr\/#organization\"},\"potentialAction\":[{\"@type\":\"SearchAction\",\"target\":{\"@type\":\"EntryPoint\",\"urlTemplate\":\"https:\/\/endorfeen.com\/fr\/?s={search_term_string}\"},\"query-input\":{\"@type\":\"PropertyValueSpecification\",\"valueRequired\":true,\"valueName\":\"search_term_string\"}}],\"inLanguage\":\"fr-FR\"},{\"@type\":\"Organization\",\"@id\":\"https:\/\/endorfeen.com\/fr\/#organization\",\"name\":\"endorfeen\",\"url\":\"https:\/\/endorfeen.com\/fr\/\",\"logo\":{\"@type\":\"ImageObject\",\"inLanguage\":\"fr-FR\",\"@id\":\"https:\/\/endorfeen.com\/fr\/#\/schema\/logo\/image\/\",\"url\":\"https:\/\/endorfeen.com\/wp-content\/uploads\/2022\/06\/Circle-endorfeen-site-icon-circled-1000-x-1000-300psi.png\",\"contentUrl\":\"https:\/\/endorfeen.com\/wp-content\/uploads\/2022\/06\/Circle-endorfeen-site-icon-circled-1000-x-1000-300psi.png\",\"width\":1000,\"height\":1000,\"caption\":\"endorfeen\"},\"image\":{\"@id\":\"https:\/\/endorfeen.com\/fr\/#\/schema\/logo\/image\/\"}},{\"@type\":\"Person\",\"@id\":\"https:\/\/endorfeen.com\/fr\/#\/schema\/person\/89cd72e7df9a1a080c58d3a3ab66739e\",\"name\":\"Nicolas Thiers\",\"image\":{\"@type\":\"ImageObject\",\"inLanguage\":\"fr-FR\",\"@id\":\"https:\/\/endorfeen.com\/fr\/#\/schema\/person\/image\/\",\"url\":\"https:\/\/secure.gravatar.com\/avatar\/79c4fee88c3c56f0952b04608cc4351d834397f90d700f98f739c4169974e6c5?s=96&d=mm&r=g\",\"contentUrl\":\"https:\/\/secure.gravatar.com\/avatar\/79c4fee88c3c56f0952b04608cc4351d834397f90d700f98f739c4169974e6c5?s=96&d=mm&r=g\",\"caption\":\"Nicolas Thiers\"},\"sameAs\":[\"https:\/\/www.facebook.com\/nicolas.thiers.18\/\",\"https:\/\/www.instagram.com\/nico_thiers\/\",\"https:\/\/www.linkedin.com\/in\/nicolas-thiers-44742513b\/\",\"https:\/\/x.com\/https:\/\/twitter.com\/NThiers38\"],\"url\":\"https:\/\/endorfeen.com\/fr\/linkto\/nicolas-thiers\/\"}]}<\/script>\n<!-- \/ Yoast SEO Premium plugin. -->","yoast_head_json":{"title":"Le Grand Nord Norv\u00e9gien - endorfeen","description":"Grand Nord Norv\u00e9gien: La Norv\u00e8ge, \u00e0 la diff\u00e9rence de ces voisins scandinaves, b\u00e9n\u00e9ficie de paysages beaucoup plus vari\u00e9s : aux grandes...","robots":{"index":"index","follow":"follow","max-snippet":"max-snippet:-1","max-image-preview":"max-image-preview:large","max-video-preview":"max-video-preview:-1"},"canonical":"https:\/\/endorfeen.com\/fr\/le-grand-nord-norvegien-itinerance-dans-le-comte-de-troms\/","og_locale":"fr_FR","og_type":"article","og_title":"Le Grand Nord Norv\u00e9gien, itin\u00e9rance dans le Comt\u00e9 de Troms","og_description":"Grand Nord Norv\u00e9gien: La Norv\u00e8ge, \u00e0 la diff\u00e9rence de ces voisins scandinaves, b\u00e9n\u00e9ficie de paysages beaucoup plus vari\u00e9s : aux grandes...","og_url":"https:\/\/endorfeen.com\/fr\/le-grand-nord-norvegien-itinerance-dans-le-comte-de-troms\/","og_site_name":"endorfeen","article_author":"https:\/\/www.facebook.com\/nicolas.thiers.18\/","article_published_time":"2023-01-11T16:51:00+00:00","article_modified_time":"2023-08-18T10:02:25+00:00","og_image":[{"width":2560,"height":1343,"url":"https:\/\/endorfeen.com\/wp-content\/uploads\/2022\/08\/71795d50-e30b-4891-b90c-98521adb6ea0.jpeg","type":"image\/jpeg"}],"author":"Nicolas Thiers","twitter_card":"summary_large_image","twitter_creator":"@https:\/\/twitter.com\/NThiers38","twitter_misc":{"\u00c9crit par":"Nicolas Thiers","Dur\u00e9e de lecture estim\u00e9e":"22 minutes"},"schema":{"@context":"https:\/\/schema.org","@graph":[{"@type":"Article","@id":"https:\/\/endorfeen.com\/fr\/le-grand-nord-norvegien-itinerance-dans-le-comte-de-troms\/#article","isPartOf":{"@id":"https:\/\/endorfeen.com\/fr\/le-grand-nord-norvegien-itinerance-dans-le-comte-de-troms\/"},"author":{"name":"Nicolas Thiers","@id":"https:\/\/endorfeen.com\/fr\/#\/schema\/person\/89cd72e7df9a1a080c58d3a3ab66739e"},"headline":"Le Grand Nord Norv\u00e9gien, itin\u00e9rance dans le Comt\u00e9 de Troms","datePublished":"2023-01-11T16:51:00+00:00","dateModified":"2023-08-18T10:02:25+00:00","mainEntityOfPage":{"@id":"https:\/\/endorfeen.com\/fr\/le-grand-nord-norvegien-itinerance-dans-le-comte-de-troms\/"},"wordCount":2768,"commentCount":0,"publisher":{"@id":"https:\/\/endorfeen.com\/fr\/#organization"},"image":{"@id":"https:\/\/endorfeen.com\/fr\/le-grand-nord-norvegien-itinerance-dans-le-comte-de-troms\/#primaryimage"},"thumbnailUrl":"https:\/\/endorfeen.com\/wp-content\/uploads\/2022\/08\/71795d50-e30b-4891-b90c-98521adb6ea0.jpeg","keywords":["#Norv\u00e8ge"],"articleSection":["Aventures"],"inLanguage":"fr-FR","potentialAction":[{"@type":"CommentAction","name":"Comment","target":["https:\/\/endorfeen.com\/fr\/le-grand-nord-norvegien-itinerance-dans-le-comte-de-troms\/#respond"]}]},{"@type":"WebPage","@id":"https:\/\/endorfeen.com\/fr\/le-grand-nord-norvegien-itinerance-dans-le-comte-de-troms\/","url":"https:\/\/endorfeen.com\/fr\/le-grand-nord-norvegien-itinerance-dans-le-comte-de-troms\/","name":"Le Grand Nord Norv\u00e9gien - endorfeen","isPartOf":{"@id":"https:\/\/endorfeen.com\/fr\/#website"},"primaryImageOfPage":{"@id":"https:\/\/endorfeen.com\/fr\/le-grand-nord-norvegien-itinerance-dans-le-comte-de-troms\/#primaryimage"},"image":{"@id":"https:\/\/endorfeen.com\/fr\/le-grand-nord-norvegien-itinerance-dans-le-comte-de-troms\/#primaryimage"},"thumbnailUrl":"https:\/\/endorfeen.com\/wp-content\/uploads\/2022\/08\/71795d50-e30b-4891-b90c-98521adb6ea0.jpeg","datePublished":"2023-01-11T16:51:00+00:00","dateModified":"2023-08-18T10:02:25+00:00","description":"Grand Nord Norv\u00e9gien: La Norv\u00e8ge, \u00e0 la diff\u00e9rence de ces voisins scandinaves, b\u00e9n\u00e9ficie de paysages beaucoup plus vari\u00e9s : aux grandes...","breadcrumb":{"@id":"https:\/\/endorfeen.com\/fr\/le-grand-nord-norvegien-itinerance-dans-le-comte-de-troms\/#breadcrumb"},"inLanguage":"fr-FR","potentialAction":[{"@type":"ReadAction","target":["https:\/\/endorfeen.com\/fr\/le-grand-nord-norvegien-itinerance-dans-le-comte-de-troms\/"]}]},{"@type":"ImageObject","inLanguage":"fr-FR","@id":"https:\/\/endorfeen.com\/fr\/le-grand-nord-norvegien-itinerance-dans-le-comte-de-troms\/#primaryimage","url":"https:\/\/endorfeen.com\/wp-content\/uploads\/2022\/08\/71795d50-e30b-4891-b90c-98521adb6ea0.jpeg","contentUrl":"https:\/\/endorfeen.com\/wp-content\/uploads\/2022\/08\/71795d50-e30b-4891-b90c-98521adb6ea0.jpeg","width":2048,"height":1074,"caption":"Grand Nord Norv\u00e9gien"},{"@type":"BreadcrumbList","@id":"https:\/\/endorfeen.com\/fr\/le-grand-nord-norvegien-itinerance-dans-le-comte-de-troms\/#breadcrumb","itemListElement":[{"@type":"ListItem","position":1,"name":"Home","item":"https:\/\/endorfeen.com\/fr\/"},{"@type":"ListItem","position":2,"name":"Le Grand Nord Norv\u00e9gien, itin\u00e9rance dans le Comt\u00e9 de Troms"}]},{"@type":"WebSite","@id":"https:\/\/endorfeen.com\/fr\/#website","url":"https:\/\/endorfeen.com\/fr\/","name":"endorfeen","description":"The Media For Sustainable Outdoors.","publisher":{"@id":"https:\/\/endorfeen.com\/fr\/#organization"},"potentialAction":[{"@type":"SearchAction","target":{"@type":"EntryPoint","urlTemplate":"https:\/\/endorfeen.com\/fr\/?s={search_term_string}"},"query-input":{"@type":"PropertyValueSpecification","valueRequired":true,"valueName":"search_term_string"}}],"inLanguage":"fr-FR"},{"@type":"Organization","@id":"https:\/\/endorfeen.com\/fr\/#organization","name":"endorfeen","url":"https:\/\/endorfeen.com\/fr\/","logo":{"@type":"ImageObject","inLanguage":"fr-FR","@id":"https:\/\/endorfeen.com\/fr\/#\/schema\/logo\/image\/","url":"https:\/\/endorfeen.com\/wp-content\/uploads\/2022\/06\/Circle-endorfeen-site-icon-circled-1000-x-1000-300psi.png","contentUrl":"https:\/\/endorfeen.com\/wp-content\/uploads\/2022\/06\/Circle-endorfeen-site-icon-circled-1000-x-1000-300psi.png","width":1000,"height":1000,"caption":"endorfeen"},"image":{"@id":"https:\/\/endorfeen.com\/fr\/#\/schema\/logo\/image\/"}},{"@type":"Person","@id":"https:\/\/endorfeen.com\/fr\/#\/schema\/person\/89cd72e7df9a1a080c58d3a3ab66739e","name":"Nicolas Thiers","image":{"@type":"ImageObject","inLanguage":"fr-FR","@id":"https:\/\/endorfeen.com\/fr\/#\/schema\/person\/image\/","url":"https:\/\/secure.gravatar.com\/avatar\/79c4fee88c3c56f0952b04608cc4351d834397f90d700f98f739c4169974e6c5?s=96&d=mm&r=g","contentUrl":"https:\/\/secure.gravatar.com\/avatar\/79c4fee88c3c56f0952b04608cc4351d834397f90d700f98f739c4169974e6c5?s=96&d=mm&r=g","caption":"Nicolas Thiers"},"sameAs":["https:\/\/www.facebook.com\/nicolas.thiers.18\/","https:\/\/www.instagram.com\/nico_thiers\/","https:\/\/www.linkedin.com\/in\/nicolas-thiers-44742513b\/","https:\/\/x.com\/https:\/\/twitter.com\/NThiers38"],"url":"https:\/\/endorfeen.com\/fr\/linkto\/nicolas-thiers\/"}]}},"featured_image_src":"https:\/\/endorfeen.com\/wp-content\/uploads\/2022\/08\/71795d50-e30b-4891-b90c-98521adb6ea0-600x400.jpeg","featured_image_src_square":"https:\/\/endorfeen.com\/wp-content\/uploads\/2022\/08\/71795d50-e30b-4891-b90c-98521adb6ea0-600x600.jpeg","author_info":{"display_name":"Nicolas Thiers","author_link":"https:\/\/endorfeen.com\/fr\/linkto\/nicolas-thiers\/"},"acf":[],"_links":{"self":[{"href":"https:\/\/endorfeen.com\/fr\/wp-json\/wp\/v2\/posts\/3930","targetHints":{"allow":["GET"]}}],"collection":[{"href":"https:\/\/endorfeen.com\/fr\/wp-json\/wp\/v2\/posts"}],"about":[{"href":"https:\/\/endorfeen.com\/fr\/wp-json\/wp\/v2\/types\/post"}],"author":[{"embeddable":true,"href":"https:\/\/endorfeen.com\/fr\/wp-json\/wp\/v2\/users\/61"}],"replies":[{"embeddable":true,"href":"https:\/\/endorfeen.com\/fr\/wp-json\/wp\/v2\/comments?post=3930"}],"version-history":[{"count":0,"href":"https:\/\/endorfeen.com\/fr\/wp-json\/wp\/v2\/posts\/3930\/revisions"}],"wp:featuredmedia":[{"embeddable":true,"href":"https:\/\/endorfeen.com\/fr\/wp-json\/wp\/v2\/media\/3931"}],"wp:attachment":[{"href":"https:\/\/endorfeen.com\/fr\/wp-json\/wp\/v2\/media?parent=3930"}],"wp:term":[{"taxonomy":"category","embeddable":true,"href":"https:\/\/endorfeen.com\/fr\/wp-json\/wp\/v2\/categories?post=3930"},{"taxonomy":"post_tag","embeddable":true,"href":"https:\/\/endorfeen.com\/fr\/wp-json\/wp\/v2\/tags?post=3930"},{"taxonomy":"sponsor","embeddable":true,"href":"https:\/\/endorfeen.com\/fr\/wp-json\/wp\/v2\/sponsor?post=3930"}],"curies":[{"name":"wp","href":"https:\/\/api.w.org\/{rel}","templated":true}]}}