{"id":3639,"date":"2022-07-17T21:02:00","date_gmt":"2022-07-17T20:02:00","guid":{"rendered":"https:\/\/endorfeen.com\/?p=3639"},"modified":"2023-08-18T11:02:32","modified_gmt":"2023-08-18T10:02:32","slug":"ascension-du-cervin","status":"publish","type":"post","link":"https:\/\/endorfeen.com\/fr\/ascension-du-cervin\/","title":{"rendered":"Ascension du Cervin \u00e0 4478m d&rsquo;altitude : une aventure v\u00e9cue par M\u00e9dine"},"content":{"rendered":"\n<p><strong>L&rsquo;ascension du Cervin.<\/strong> Un weekend de libre et une tr\u00e8s grande envie de repartir en Haute montagne. J\u2019ai pens\u00e9 tout de suite \u00e0 Christophe. Lors de notre derni\u00e8re grande voie \u00e0 l\u2019ar\u00eate sud Weissentein (R\u00f6ti), on s\u2019\u00e9tait promis de refaire une sortie.<\/p>\n\n\n\n<p>Christophe me propose de faire l&rsquo;ascension du Cervin (Matterhorn). Il avait d\u00e9j\u00e0 r\u00e9serv\u00e9 le refuge et attendait l\u2019occasion d\u2019y aller. Apr\u00e8s avoir consult\u00e9 le topo j\u2019accepte avec joie sans trop savoir \u00e0 quoi m\u2019attendre. Une course en AD ? c\u2019est dans ma zone de confort.<\/p>\n\n\n\n<figure class=\"wp-block-image alignwide size-large\"><img loading=\"lazy\" decoding=\"async\" width=\"1024\" height=\"768\" src=\"https:\/\/endorfeen.com\/wp-content\/uploads\/2022\/07\/image_3201990_20211107_ob_ae7f65_img-94641630240621118-1024x768.jpeg\" alt=\"D\u00e9but Ascension Cervin\" class=\"wp-image-3654\" srcset=\"https:\/\/endorfeen.com\/wp-content\/uploads\/2022\/07\/image_3201990_20211107_ob_ae7f65_img-94641630240621118-300x225.jpeg 300w, https:\/\/endorfeen.com\/wp-content\/uploads\/2022\/07\/image_3201990_20211107_ob_ae7f65_img-94641630240621118-400x300.jpeg 400w, https:\/\/endorfeen.com\/wp-content\/uploads\/2022\/07\/image_3201990_20211107_ob_ae7f65_img-94641630240621118-768x576.jpeg 768w, https:\/\/endorfeen.com\/wp-content\/uploads\/2022\/07\/image_3201990_20211107_ob_ae7f65_img-94641630240621118-800x600.jpeg 800w, https:\/\/endorfeen.com\/wp-content\/uploads\/2022\/07\/image_3201990_20211107_ob_ae7f65_img-94641630240621118-1024x768.jpeg 1024w, https:\/\/endorfeen.com\/wp-content\/uploads\/2022\/07\/image_3201990_20211107_ob_ae7f65_img-94641630240621118-1200x900.jpeg 1200w, https:\/\/endorfeen.com\/wp-content\/uploads\/2022\/07\/image_3201990_20211107_ob_ae7f65_img-94641630240621118-1536x1152.jpeg 1536w, https:\/\/endorfeen.com\/wp-content\/uploads\/2022\/07\/image_3201990_20211107_ob_ae7f65_img-94641630240621118.jpeg 1600w\" sizes=\"auto, (max-width: 1024px) 100vw, 1024px\" \/><\/figure>\n\n\n\n<p>La m\u00e9t\u00e9o annonce du beau temps samedi et surtout dimanche, mais le refuge est complet samedi soir. Nous prenons le risque de r\u00e9server des places pour vendredi soir.<\/p>\n\n\n\n<h2 class=\"wp-block-heading\">En route pour l&rsquo;ascension du Cervin<\/h2>\n\n\n\n<p>Nous voil\u00e0 en route pour Zermatt en Suisse. Ce village n\u2019est pas accessible en voiture. Nous laissons notre v\u00e9hicule dans l\u2019un des parkings de T\u00e4sch. De l\u00e0 nous prenons un train. Apr\u00e8s avoir rapidement travers\u00e9 le village nous empruntons un chemin de randonn\u00e9e avec tout le long vue sur le Cervin. Cette montagne est magnifique et impressionnante, un pic pyramidal, \u00e0 la forme reconnaissable entre toutes. Une forme pyramidale reprise par le chocolat Toblerone. Pour le petit clin d\u2019\u0153il, Christophe en a apport\u00e9.<\/p>\n\n\n\n<figure class=\"wp-block-image alignwide size-large\"><img loading=\"lazy\" decoding=\"async\" width=\"1024\" height=\"461\" src=\"https:\/\/endorfeen.com\/wp-content\/uploads\/2022\/07\/image_3201990_20211107_ob_cb7420_20210828-062814-1024x461.jpeg\" alt=\"Grimpe au Cervin\" class=\"wp-image-3652\" srcset=\"https:\/\/endorfeen.com\/wp-content\/uploads\/2022\/07\/image_3201990_20211107_ob_cb7420_20210828-062814-300x135.jpeg 300w, https:\/\/endorfeen.com\/wp-content\/uploads\/2022\/07\/image_3201990_20211107_ob_cb7420_20210828-062814-768x346.jpeg 768w, https:\/\/endorfeen.com\/wp-content\/uploads\/2022\/07\/image_3201990_20211107_ob_cb7420_20210828-062814-1024x461.jpeg 1024w, https:\/\/endorfeen.com\/wp-content\/uploads\/2022\/07\/image_3201990_20211107_ob_cb7420_20210828-062814-1536x691.jpeg 1536w, https:\/\/endorfeen.com\/wp-content\/uploads\/2022\/07\/image_3201990_20211107_ob_cb7420_20210828-062814.jpeg 1600w\" sizes=\"auto, (max-width: 1024px) 100vw, 1024px\" \/><\/figure>\n\n\n\n<p>Finalement, nous arrivons \u00e0 la cabane du H\u00f6rnli situ\u00e9 \u00e0 3260 m d\u2019altitude. Apr\u00e8s avoir valid\u00e9 notre r\u00e9servation, et pris possession de notre chambre nous d\u00e9cidons de boire un verre avant le repas. Je suis \u00e9tonn\u00e9e de voir que tous les guides sont accueillis dans une salle ouverte \u00e0 part. On leur offre un ap\u00e9ro et surtout je constate que lors du repas ils ne mangent pas dans la m\u00eame salle que nous avec leurs clients. C\u2019est la premi\u00e8re fois que je pratique l\u2019alpinisme en Suisse et j\u2019avoue que je suis un peu d\u00e9\u00e7ue de l\u2019ambiance au refuge. La nourriture me fait penser \u00e0 celle servit dans les caf\u00e9t\u00e9rias, rien \u00e0 voir avec le bon repas montagnard, soupe, tome\u2026 Et les guides mangent \u00e0 part et honn\u00eatement je ne crois pas qu\u2019ils ont la m\u00eame nourriture que nous.<\/p>\n\n\n\n<p>On nous a impos\u00e9 un petit d\u00e9jeun\u00e9 \u00e0 4h du matin. Les guides et leurs clients mangent et partent avant nous. La porte de sortie est bloqu\u00e9e et nous sommes tous entass\u00e9s devant \u00e0 attendre que les guides prennent de l\u2019avance sur nous.<\/p>\n\n\n\n<figure class=\"wp-block-image alignwide size-large\"><img loading=\"lazy\" decoding=\"async\" width=\"768\" height=\"1024\" src=\"https:\/\/endorfeen.com\/wp-content\/uploads\/2022\/07\/image_3201990_20211107_ob_72d040_img-94191630248018001-768x1024.jpeg\" alt=\"Happy face au Cervin\" class=\"wp-image-3650\" srcset=\"https:\/\/endorfeen.com\/wp-content\/uploads\/2022\/07\/image_3201990_20211107_ob_72d040_img-94191630248018001-225x300.jpeg 225w, https:\/\/endorfeen.com\/wp-content\/uploads\/2022\/07\/image_3201990_20211107_ob_72d040_img-94191630248018001-768x1024.jpeg 768w, https:\/\/endorfeen.com\/wp-content\/uploads\/2022\/07\/image_3201990_20211107_ob_72d040_img-94191630248018001-1152x1536.jpeg 1152w, https:\/\/endorfeen.com\/wp-content\/uploads\/2022\/07\/image_3201990_20211107_ob_72d040_img-94191630248018001.jpeg 1200w\" sizes=\"auto, (max-width: 768px) 100vw, 768px\" \/><\/figure>\n\n\n\n<h2 class=\"wp-block-heading\">L&rsquo;ascension du Cervin &#8211; un d\u00e9but pas si \u00e9vident<\/h2>\n\n\n\n<p>Enfin on a le droit de partir. Nous suivons le sentier qui m\u00e8ne au pied du ressaut \u00e9quip\u00e9 de cordes fixes. C\u2019est un long moment d\u2019attente et Christophe et moi sommes presque les derniers. Et l\u00e0 commence un chemin en zigzag tr\u00e8s mal indiqu\u00e9. Ce premier tiers de la voie est tr\u00e8s pomatoire, les cairns sont rares est les traces partent un peu dans tout les sens. On perdra d\u00e9j\u00e0 au moins une heure sur le temps indiqu\u00e9 sur le topo. Le temps est magnifique, le soleil brille.<\/p>\n\n\n\n<figure class=\"wp-block-image alignwide size-large\"><img loading=\"lazy\" decoding=\"async\" width=\"1024\" height=\"768\" src=\"https:\/\/endorfeen.com\/wp-content\/uploads\/2022\/07\/image_3201990_20211107_ob_b1acf2_img-94251630248017362-1024x768.jpeg\" alt=\"\" class=\"wp-image-3648\" srcset=\"https:\/\/endorfeen.com\/wp-content\/uploads\/2022\/07\/image_3201990_20211107_ob_b1acf2_img-94251630248017362-300x225.jpeg 300w, https:\/\/endorfeen.com\/wp-content\/uploads\/2022\/07\/image_3201990_20211107_ob_b1acf2_img-94251630248017362-400x300.jpeg 400w, https:\/\/endorfeen.com\/wp-content\/uploads\/2022\/07\/image_3201990_20211107_ob_b1acf2_img-94251630248017362-768x576.jpeg 768w, https:\/\/endorfeen.com\/wp-content\/uploads\/2022\/07\/image_3201990_20211107_ob_b1acf2_img-94251630248017362-800x600.jpeg 800w, https:\/\/endorfeen.com\/wp-content\/uploads\/2022\/07\/image_3201990_20211107_ob_b1acf2_img-94251630248017362-1024x768.jpeg 1024w, https:\/\/endorfeen.com\/wp-content\/uploads\/2022\/07\/image_3201990_20211107_ob_b1acf2_img-94251630248017362-1200x900.jpeg 1200w, https:\/\/endorfeen.com\/wp-content\/uploads\/2022\/07\/image_3201990_20211107_ob_b1acf2_img-94251630248017362-1536x1152.jpeg 1536w, https:\/\/endorfeen.com\/wp-content\/uploads\/2022\/07\/image_3201990_20211107_ob_b1acf2_img-94251630248017362.jpeg 1600w\" sizes=\"auto, (max-width: 1024px) 100vw, 1024px\" \/><\/figure>\n\n\n\n<h2 class=\"wp-block-heading\">L&rsquo;arriv\u00e9e au Sommet<\/h2>\n\n\n\n<p>Nous arrivons juste en dessous de l\u2019abri Solvay situ\u00e9 \u00e0 4000 m d\u2019altitude et nous commen\u00e7ons \u00e0 croiser les guides qui redescendent du sommet. Le rocher est strat\u00e9 \u00e0 l\u2019horizontale et les prises de mains manque. Et c\u2019est pour cette raison que de nombreuses cordes fixes sont install\u00e9es. <\/p>\n\n\n\n<p>Alors que je suis en t\u00eate sans aucun point d\u2019assurage car impossible d\u2019en mettre un \u00e0 cet endroit, un client se retourne et me bouscule avec son sac \u00e0 dos. Grosse frayeur et j\u2019ai eu juste le temps de contr\u00f4ler mon d\u00e9s\u00e9quilibre. On n\u2019est pas les bienvenus et on nous le fait bien sentir. Un h\u00e9licopt\u00e8re viendra secourir une cord\u00e9e \u00e9puis\u00e9e. La mont\u00e9 est longue et enfin on arrive au sommet \u00e0 4 478m. Je suis heureuse et pleine de gratitude devant la beaut\u00e9 du paysage qui nous entoure. Je partage ma joie avec mon compagnon de cord\u00e9e. Le temps de faire quelques photos et on commence \u00e0 redescendre.<\/p>\n\n\n\n<figure class=\"wp-block-image alignwide size-large\"><img loading=\"lazy\" decoding=\"async\" width=\"1024\" height=\"768\" src=\"https:\/\/endorfeen.com\/wp-content\/uploads\/2022\/07\/image_3201990_20211107_ob_a33d86_img-94391630248017351-1024x768.jpeg\" alt=\"\" class=\"wp-image-3646\" srcset=\"https:\/\/endorfeen.com\/wp-content\/uploads\/2022\/07\/image_3201990_20211107_ob_a33d86_img-94391630248017351-300x225.jpeg 300w, https:\/\/endorfeen.com\/wp-content\/uploads\/2022\/07\/image_3201990_20211107_ob_a33d86_img-94391630248017351-400x300.jpeg 400w, https:\/\/endorfeen.com\/wp-content\/uploads\/2022\/07\/image_3201990_20211107_ob_a33d86_img-94391630248017351-768x576.jpeg 768w, https:\/\/endorfeen.com\/wp-content\/uploads\/2022\/07\/image_3201990_20211107_ob_a33d86_img-94391630248017351-800x600.jpeg 800w, https:\/\/endorfeen.com\/wp-content\/uploads\/2022\/07\/image_3201990_20211107_ob_a33d86_img-94391630248017351-1024x768.jpeg 1024w, https:\/\/endorfeen.com\/wp-content\/uploads\/2022\/07\/image_3201990_20211107_ob_a33d86_img-94391630248017351-1200x900.jpeg 1200w, https:\/\/endorfeen.com\/wp-content\/uploads\/2022\/07\/image_3201990_20211107_ob_a33d86_img-94391630248017351-1536x1152.jpeg 1536w, https:\/\/endorfeen.com\/wp-content\/uploads\/2022\/07\/image_3201990_20211107_ob_a33d86_img-94391630248017351.jpeg 1600w\" sizes=\"auto, (max-width: 1024px) 100vw, 1024px\" \/><\/figure>\n\n\n\n<h2 class=\"wp-block-heading\">Une red\u00e9cente un peu difficile<\/h2>\n\n\n\n<p>Nous faisons partie des derni\u00e8res cord\u00e9es \u00e0 redescendre et le mauvais temps commence \u00e0 arriver. D\u2019abord le brouillard, puis le vent et la neige. Finalement, nous arrivons \u00e0 l\u2019abri Solvay et nous sommes 4 cord\u00e9es. Nous nous demandons si c\u2019est prudent de continuer \u00e0 descendre. Une cord\u00e9e de fran\u00e7ais restera \u00e0 l\u2019abri. Enfin, nous progressons avec 2 cord\u00e9es de suisses. La nuit tombe, les traces sont recouvertes par la neige et la d\u00e9sescalade devient difficile.<\/p>\n\n\n\n<figure class=\"wp-block-image alignwide size-large\"><img loading=\"lazy\" decoding=\"async\" width=\"1024\" height=\"461\" src=\"https:\/\/endorfeen.com\/wp-content\/uploads\/2022\/07\/image_3201990_20211107_ob_531241_20210828-074214-1024x461.jpeg\" alt=\"\" class=\"wp-image-3644\" srcset=\"https:\/\/endorfeen.com\/wp-content\/uploads\/2022\/07\/image_3201990_20211107_ob_531241_20210828-074214-300x135.jpeg 300w, https:\/\/endorfeen.com\/wp-content\/uploads\/2022\/07\/image_3201990_20211107_ob_531241_20210828-074214-768x346.jpeg 768w, https:\/\/endorfeen.com\/wp-content\/uploads\/2022\/07\/image_3201990_20211107_ob_531241_20210828-074214-1024x461.jpeg 1024w, https:\/\/endorfeen.com\/wp-content\/uploads\/2022\/07\/image_3201990_20211107_ob_531241_20210828-074214-1536x691.jpeg 1536w, https:\/\/endorfeen.com\/wp-content\/uploads\/2022\/07\/image_3201990_20211107_ob_531241_20210828-074214.jpeg 1600w\" sizes=\"auto, (max-width: 1024px) 100vw, 1024px\" \/><\/figure>\n\n\n\n<p>Nous arrivons \u00e0 200 m\u00e8tres au-dessus du refuge et nous n\u2019arrivons plus \u00e0 savoir o\u00f9 passer. Un des alpinistes suisses d\u00e9cide d\u2019appeler le refuge pour les pr\u00e9venir que nous sommes encore bloqu\u00e9s dans la montagne. On nous dit de ne surtout pas bouger de l\u2019endroit, que \u00e7a risque d\u2019\u00eatre dangereux. On nous envoie 3 guides pour nous r\u00e9cup\u00e9rer. Nous savons que \u00e7a risque d\u2019\u00eatre long. Nous sommes frigorifi\u00e9s par la temp\u00eate.<\/p>\n\n\n\n<figure class=\"wp-block-image alignwide size-large\"><img loading=\"lazy\" decoding=\"async\" width=\"1024\" height=\"461\" src=\"https:\/\/endorfeen.com\/wp-content\/uploads\/2022\/07\/image_3201990_20211107_ob_427490_20210828-090849-1024x461.jpeg\" alt=\"Ciel d\u00e9gag\u00e9 Cervin\" class=\"wp-image-3642\" srcset=\"https:\/\/endorfeen.com\/wp-content\/uploads\/2022\/07\/image_3201990_20211107_ob_427490_20210828-090849-300x135.jpeg 300w, https:\/\/endorfeen.com\/wp-content\/uploads\/2022\/07\/image_3201990_20211107_ob_427490_20210828-090849-768x346.jpeg 768w, https:\/\/endorfeen.com\/wp-content\/uploads\/2022\/07\/image_3201990_20211107_ob_427490_20210828-090849-1024x461.jpeg 1024w, https:\/\/endorfeen.com\/wp-content\/uploads\/2022\/07\/image_3201990_20211107_ob_427490_20210828-090849-1536x691.jpeg 1536w, https:\/\/endorfeen.com\/wp-content\/uploads\/2022\/07\/image_3201990_20211107_ob_427490_20210828-090849.jpeg 1600w\" sizes=\"auto, (max-width: 1024px) 100vw, 1024px\" \/><\/figure>\n\n\n\n<p>Les 2 plus jeunes alpinistes ont l\u2019id\u00e9e de construire un abri \u00e0 l\u2019aide de cailloux. Nous nous blottissons les uns contre les autres pour nous tenir chaud. Nous partageons nos derniers encas. Les guides sont arriv\u00e9s et se sont r\u00e9partis les 3 cord\u00e9es. C\u2019\u00e9tait incroyable ! J\u2019avais l\u2019impression d\u2019avoir un GPS qui m\u2019indiquait la voie dans le noir : Dans 3 m\u00e8tres prend \u00e0 droite, met ton pied sur la prise \u00e0 gauche, met la main droite sur le rocher et descend ton pied de 10 cm\u2026. En tout cas on a compris qu\u2019on n\u2019aurait jamais r\u00e9ussi \u00e0 redescendre seules.<\/p>\n\n\n\n<p>Nous avons pass\u00e9s une deuxi\u00e8me nuit au refuge et le lendemain nous constatons que personnes n\u2019est parti. Et c\u2019est bien normal avec la neige qui est tomb\u00e9 la veille. Heureusement que nous sommes partis vendredi vu le changement de m\u00e9t\u00e9o.<\/p>\n\n\n\n<figure class=\"wp-block-image alignwide size-large\"><img loading=\"lazy\" decoding=\"async\" width=\"1024\" height=\"461\" src=\"https:\/\/endorfeen.com\/wp-content\/uploads\/2022\/07\/image_3201990_20211107_ob_16263b_20210828-125252-1024x461.jpeg\" alt=\"Quand on fait l'ascension du Cervin\" class=\"wp-image-3640\" srcset=\"https:\/\/endorfeen.com\/wp-content\/uploads\/2022\/07\/image_3201990_20211107_ob_16263b_20210828-125252-300x135.jpeg 300w, https:\/\/endorfeen.com\/wp-content\/uploads\/2022\/07\/image_3201990_20211107_ob_16263b_20210828-125252-768x346.jpeg 768w, https:\/\/endorfeen.com\/wp-content\/uploads\/2022\/07\/image_3201990_20211107_ob_16263b_20210828-125252-1024x461.jpeg 1024w, https:\/\/endorfeen.com\/wp-content\/uploads\/2022\/07\/image_3201990_20211107_ob_16263b_20210828-125252-1536x691.jpeg 1536w, https:\/\/endorfeen.com\/wp-content\/uploads\/2022\/07\/image_3201990_20211107_ob_16263b_20210828-125252.jpeg 1600w\" sizes=\"auto, (max-width: 1024px) 100vw, 1024px\" \/><\/figure>\n\n\n\n<h2 class=\"wp-block-heading\">L&rsquo;ascension du Cervin, accessible \u00e0 tous?<\/h2>\n\n\n\n<p>Je raconte ma m\u00e9saventure \u00e0 Ozan en rentant et je vois qu\u2019il n\u2019est absolument pas choqu\u00e9. Il me r\u00e9pond simplement \u00ab pourquoi tu crois que c\u2019est un sommet qui ne m\u2019a jamais attir\u00e9 ? c\u2019est r\u00e9put\u00e9 pour \u00eatre la voie r\u00e9serv\u00e9e aux guides \u00bb Et il m\u2019indique que si je lisais un peu les forums je m\u2019en rendrais vite compte. Effectivement les internautes accusent m\u00eame les guides de d\u00e9truire les cairns pour d\u00e9courager les alpinistes autonomes.<\/p>\n\n\n\n<p>Malgr\u00e9 que ma premi\u00e8re exp\u00e9rience en Suisse m\u2019ait laiss\u00e9 un go\u00fbt amer car on est loin de la montagne accessible \u00e0 tous, je reste sur la fiert\u00e9 d\u2019avoir gravi ce beau sommet.<\/p>\n","protected":false},"excerpt":{"rendered":"<p>L&rsquo;ascension du Cervin. Un weekend de libre et une tr\u00e8s grande envie de repartir en Haute montagne. J\u2019ai pens\u00e9 tout de suite \u00e0 Christophe. Lors de notre derni\u00e8re grande voie \u00e0 l\u2019ar\u00eate sud Weissentein (R\u00f6ti), on s\u2019\u00e9tait promis de refaire une sortie. Christophe me propose de faire l&rsquo;ascension du Cervin (Matterhorn). Il avait d\u00e9j\u00e0 r\u00e9serv\u00e9 &hellip;<\/p>\n","protected":false},"author":19,"featured_media":3656,"comment_status":"open","ping_status":"open","sticky":false,"template":"","format":"standard","meta":{"_acf_changed":false,"_genesis_hide_title":false,"_genesis_hide_breadcrumbs":false,"_genesis_hide_singular_image":false,"_genesis_hide_footer_widgets":false,"_genesis_custom_body_class":"","_genesis_custom_post_class":"","_genesis_layout":"","footnotes":""},"categories":[170],"tags":[171,328,340],"sponsor":[1087],"class_list":{"2":"type-post","7":"category-aventures","8":"tag-cervin","9":"tag-italie","10":"tag-suisse-fr","11":"sponsor-endorfeen","12":"entry"},"yoast_head":"<!-- This site is optimized with the Yoast SEO Premium plugin v26.2 (Yoast SEO v26.2) - https:\/\/yoast.com\/wordpress\/plugins\/seo\/ -->\n<title>Ascension du Cervin - endorfeen<\/title>\n<meta name=\"description\" content=\"Ascension du Cervin: un weekend de libre et une tr\u00e8s grande envie de repartir en Haute montagne. J\u2019ai pens\u00e9 tout de suite \u00e0 Christop...\" \/>\n<meta name=\"robots\" content=\"index, follow, max-snippet:-1, max-image-preview:large, max-video-preview:-1\" \/>\n<link rel=\"canonical\" href=\"https:\/\/endorfeen.com\/fr\/ascension-du-cervin\/\" \/>\n<meta property=\"og:locale\" content=\"fr_FR\" \/>\n<meta property=\"og:type\" content=\"article\" \/>\n<meta property=\"og:title\" content=\"Ascension du Cervin \u00e0 4478m d&#039;altitude : une aventure v\u00e9cue par M\u00e9dine\" \/>\n<meta property=\"og:description\" content=\"Ascension du Cervin: un weekend de libre et une tr\u00e8s grande envie de repartir en Haute montagne. J\u2019ai pens\u00e9 tout de suite \u00e0 Christop...\" \/>\n<meta property=\"og:url\" content=\"https:\/\/endorfeen.com\/fr\/ascension-du-cervin\/\" \/>\n<meta property=\"og:site_name\" content=\"endorfeen\" \/>\n<meta property=\"article:published_time\" content=\"2022-07-17T20:02:00+00:00\" \/>\n<meta property=\"article:modified_time\" content=\"2023-08-18T10:02:32+00:00\" \/>\n<meta property=\"og:image\" content=\"https:\/\/endorfeen.com\/wp-content\/uploads\/2022\/07\/image_3201990_20211107_ob_04db7e_img-94311630248017357.jpeg\" \/>\n\t<meta property=\"og:image:width\" content=\"1600\" \/>\n\t<meta property=\"og:image:height\" content=\"1200\" \/>\n\t<meta property=\"og:image:type\" content=\"image\/jpeg\" \/>\n<meta name=\"author\" content=\"M\u00e9dine Kara\" \/>\n<meta name=\"twitter:card\" content=\"summary_large_image\" \/>\n<meta name=\"twitter:label1\" content=\"\u00c9crit par\" \/>\n\t<meta name=\"twitter:data1\" content=\"M\u00e9dine Kara\" \/>\n\t<meta name=\"twitter:label2\" content=\"Dur\u00e9e de lecture estim\u00e9e\" \/>\n\t<meta name=\"twitter:data2\" content=\"7 minutes\" \/>\n<script type=\"application\/ld+json\" class=\"yoast-schema-graph\">{\"@context\":\"https:\/\/schema.org\",\"@graph\":[{\"@type\":\"Article\",\"@id\":\"https:\/\/endorfeen.com\/fr\/ascension-du-cervin\/#article\",\"isPartOf\":{\"@id\":\"https:\/\/endorfeen.com\/fr\/ascension-du-cervin\/\"},\"author\":{\"name\":\"M\u00e9dine Kara\",\"@id\":\"https:\/\/endorfeen.com\/fr\/#\/schema\/person\/8abb61b073da6c707005bc98dbf5aaf2\"},\"headline\":\"Ascension du Cervin \u00e0 4478m d&rsquo;altitude : une aventure v\u00e9cue par M\u00e9dine\",\"datePublished\":\"2022-07-17T20:02:00+00:00\",\"dateModified\":\"2023-08-18T10:02:32+00:00\",\"mainEntityOfPage\":{\"@id\":\"https:\/\/endorfeen.com\/fr\/ascension-du-cervin\/\"},\"wordCount\":1157,\"commentCount\":0,\"publisher\":{\"@id\":\"https:\/\/endorfeen.com\/fr\/#organization\"},\"image\":{\"@id\":\"https:\/\/endorfeen.com\/fr\/ascension-du-cervin\/#primaryimage\"},\"thumbnailUrl\":\"https:\/\/endorfeen.com\/wp-content\/uploads\/2022\/07\/image_3201990_20211107_ob_04db7e_img-94311630248017357.jpeg\",\"keywords\":[\"#cervin\",\"#italie\",\"#suisse\"],\"articleSection\":[\"Aventures\"],\"inLanguage\":\"fr-FR\",\"potentialAction\":[{\"@type\":\"CommentAction\",\"name\":\"Comment\",\"target\":[\"https:\/\/endorfeen.com\/fr\/ascension-du-cervin\/#respond\"]}]},{\"@type\":\"WebPage\",\"@id\":\"https:\/\/endorfeen.com\/fr\/ascension-du-cervin\/\",\"url\":\"https:\/\/endorfeen.com\/fr\/ascension-du-cervin\/\",\"name\":\"Ascension du Cervin - endorfeen\",\"isPartOf\":{\"@id\":\"https:\/\/endorfeen.com\/fr\/#website\"},\"primaryImageOfPage\":{\"@id\":\"https:\/\/endorfeen.com\/fr\/ascension-du-cervin\/#primaryimage\"},\"image\":{\"@id\":\"https:\/\/endorfeen.com\/fr\/ascension-du-cervin\/#primaryimage\"},\"thumbnailUrl\":\"https:\/\/endorfeen.com\/wp-content\/uploads\/2022\/07\/image_3201990_20211107_ob_04db7e_img-94311630248017357.jpeg\",\"datePublished\":\"2022-07-17T20:02:00+00:00\",\"dateModified\":\"2023-08-18T10:02:32+00:00\",\"description\":\"Ascension du Cervin: un weekend de libre et une tr\u00e8s grande envie de repartir en Haute montagne. J\u2019ai pens\u00e9 tout de suite \u00e0 Christop...\",\"breadcrumb\":{\"@id\":\"https:\/\/endorfeen.com\/fr\/ascension-du-cervin\/#breadcrumb\"},\"inLanguage\":\"fr-FR\",\"potentialAction\":[{\"@type\":\"ReadAction\",\"target\":[\"https:\/\/endorfeen.com\/fr\/ascension-du-cervin\/\"]}]},{\"@type\":\"ImageObject\",\"inLanguage\":\"fr-FR\",\"@id\":\"https:\/\/endorfeen.com\/fr\/ascension-du-cervin\/#primaryimage\",\"url\":\"https:\/\/endorfeen.com\/wp-content\/uploads\/2022\/07\/image_3201990_20211107_ob_04db7e_img-94311630248017357.jpeg\",\"contentUrl\":\"https:\/\/endorfeen.com\/wp-content\/uploads\/2022\/07\/image_3201990_20211107_ob_04db7e_img-94311630248017357.jpeg\",\"width\":1600,\"height\":1200,\"caption\":\"Ascension du Cervin\"},{\"@type\":\"BreadcrumbList\",\"@id\":\"https:\/\/endorfeen.com\/fr\/ascension-du-cervin\/#breadcrumb\",\"itemListElement\":[{\"@type\":\"ListItem\",\"position\":1,\"name\":\"Home\",\"item\":\"https:\/\/endorfeen.com\/fr\/\"},{\"@type\":\"ListItem\",\"position\":2,\"name\":\"Ascension du Cervin \u00e0 4478m d&#8217;altitude : une aventure v\u00e9cue par M\u00e9dine\"}]},{\"@type\":\"WebSite\",\"@id\":\"https:\/\/endorfeen.com\/fr\/#website\",\"url\":\"https:\/\/endorfeen.com\/fr\/\",\"name\":\"endorfeen\",\"description\":\"The Media For Sustainable Outdoors.\",\"publisher\":{\"@id\":\"https:\/\/endorfeen.com\/fr\/#organization\"},\"potentialAction\":[{\"@type\":\"SearchAction\",\"target\":{\"@type\":\"EntryPoint\",\"urlTemplate\":\"https:\/\/endorfeen.com\/fr\/?s={search_term_string}\"},\"query-input\":{\"@type\":\"PropertyValueSpecification\",\"valueRequired\":true,\"valueName\":\"search_term_string\"}}],\"inLanguage\":\"fr-FR\"},{\"@type\":\"Organization\",\"@id\":\"https:\/\/endorfeen.com\/fr\/#organization\",\"name\":\"endorfeen\",\"url\":\"https:\/\/endorfeen.com\/fr\/\",\"logo\":{\"@type\":\"ImageObject\",\"inLanguage\":\"fr-FR\",\"@id\":\"https:\/\/endorfeen.com\/fr\/#\/schema\/logo\/image\/\",\"url\":\"https:\/\/endorfeen.com\/wp-content\/uploads\/2022\/06\/Circle-endorfeen-site-icon-circled-1000-x-1000-300psi.png\",\"contentUrl\":\"https:\/\/endorfeen.com\/wp-content\/uploads\/2022\/06\/Circle-endorfeen-site-icon-circled-1000-x-1000-300psi.png\",\"width\":1000,\"height\":1000,\"caption\":\"endorfeen\"},\"image\":{\"@id\":\"https:\/\/endorfeen.com\/fr\/#\/schema\/logo\/image\/\"}},{\"@type\":\"Person\",\"@id\":\"https:\/\/endorfeen.com\/fr\/#\/schema\/person\/8abb61b073da6c707005bc98dbf5aaf2\",\"name\":\"M\u00e9dine Kara\",\"image\":{\"@type\":\"ImageObject\",\"inLanguage\":\"fr-FR\",\"@id\":\"https:\/\/endorfeen.com\/fr\/#\/schema\/person\/image\/\",\"url\":\"https:\/\/secure.gravatar.com\/avatar\/c8e9720bbf6ab2ce3dc6ecb9fc96003c52f118def94fa3deccc862c7a110bb7f?s=96&d=mm&r=g\",\"contentUrl\":\"https:\/\/secure.gravatar.com\/avatar\/c8e9720bbf6ab2ce3dc6ecb9fc96003c52f118def94fa3deccc862c7a110bb7f?s=96&d=mm&r=g\",\"caption\":\"M\u00e9dine Kara\"},\"description\":\"Leading the CAF Girls \/ Grand-Est, a Group of women, affiliated with the Alpine Club of the Grand Est region whose goal is to promote female mountaineering \u26cf\ufe0f \ud83d\udc60\",\"sameAs\":[\"https:\/\/www.instagram.com\/made_in_kara\/\"],\"url\":\"https:\/\/endorfeen.com\/fr\/linkto\/medinekara\/\"}]}<\/script>\n<!-- \/ Yoast SEO Premium plugin. -->","yoast_head_json":{"title":"Ascension du Cervin - endorfeen","description":"Ascension du Cervin: un weekend de libre et une tr\u00e8s grande envie de repartir en Haute montagne. J\u2019ai pens\u00e9 tout de suite \u00e0 Christop...","robots":{"index":"index","follow":"follow","max-snippet":"max-snippet:-1","max-image-preview":"max-image-preview:large","max-video-preview":"max-video-preview:-1"},"canonical":"https:\/\/endorfeen.com\/fr\/ascension-du-cervin\/","og_locale":"fr_FR","og_type":"article","og_title":"Ascension du Cervin \u00e0 4478m d'altitude : une aventure v\u00e9cue par M\u00e9dine","og_description":"Ascension du Cervin: un weekend de libre et une tr\u00e8s grande envie de repartir en Haute montagne. J\u2019ai pens\u00e9 tout de suite \u00e0 Christop...","og_url":"https:\/\/endorfeen.com\/fr\/ascension-du-cervin\/","og_site_name":"endorfeen","article_published_time":"2022-07-17T20:02:00+00:00","article_modified_time":"2023-08-18T10:02:32+00:00","og_image":[{"width":1600,"height":1200,"url":"https:\/\/endorfeen.com\/wp-content\/uploads\/2022\/07\/image_3201990_20211107_ob_04db7e_img-94311630248017357.jpeg","type":"image\/jpeg"}],"author":"M\u00e9dine Kara","twitter_card":"summary_large_image","twitter_misc":{"\u00c9crit par":"M\u00e9dine Kara","Dur\u00e9e de lecture estim\u00e9e":"7 minutes"},"schema":{"@context":"https:\/\/schema.org","@graph":[{"@type":"Article","@id":"https:\/\/endorfeen.com\/fr\/ascension-du-cervin\/#article","isPartOf":{"@id":"https:\/\/endorfeen.com\/fr\/ascension-du-cervin\/"},"author":{"name":"M\u00e9dine Kara","@id":"https:\/\/endorfeen.com\/fr\/#\/schema\/person\/8abb61b073da6c707005bc98dbf5aaf2"},"headline":"Ascension du Cervin \u00e0 4478m d&rsquo;altitude : une aventure v\u00e9cue par M\u00e9dine","datePublished":"2022-07-17T20:02:00+00:00","dateModified":"2023-08-18T10:02:32+00:00","mainEntityOfPage":{"@id":"https:\/\/endorfeen.com\/fr\/ascension-du-cervin\/"},"wordCount":1157,"commentCount":0,"publisher":{"@id":"https:\/\/endorfeen.com\/fr\/#organization"},"image":{"@id":"https:\/\/endorfeen.com\/fr\/ascension-du-cervin\/#primaryimage"},"thumbnailUrl":"https:\/\/endorfeen.com\/wp-content\/uploads\/2022\/07\/image_3201990_20211107_ob_04db7e_img-94311630248017357.jpeg","keywords":["#cervin","#italie","#suisse"],"articleSection":["Aventures"],"inLanguage":"fr-FR","potentialAction":[{"@type":"CommentAction","name":"Comment","target":["https:\/\/endorfeen.com\/fr\/ascension-du-cervin\/#respond"]}]},{"@type":"WebPage","@id":"https:\/\/endorfeen.com\/fr\/ascension-du-cervin\/","url":"https:\/\/endorfeen.com\/fr\/ascension-du-cervin\/","name":"Ascension du Cervin - endorfeen","isPartOf":{"@id":"https:\/\/endorfeen.com\/fr\/#website"},"primaryImageOfPage":{"@id":"https:\/\/endorfeen.com\/fr\/ascension-du-cervin\/#primaryimage"},"image":{"@id":"https:\/\/endorfeen.com\/fr\/ascension-du-cervin\/#primaryimage"},"thumbnailUrl":"https:\/\/endorfeen.com\/wp-content\/uploads\/2022\/07\/image_3201990_20211107_ob_04db7e_img-94311630248017357.jpeg","datePublished":"2022-07-17T20:02:00+00:00","dateModified":"2023-08-18T10:02:32+00:00","description":"Ascension du Cervin: un weekend de libre et une tr\u00e8s grande envie de repartir en Haute montagne. J\u2019ai pens\u00e9 tout de suite \u00e0 Christop...","breadcrumb":{"@id":"https:\/\/endorfeen.com\/fr\/ascension-du-cervin\/#breadcrumb"},"inLanguage":"fr-FR","potentialAction":[{"@type":"ReadAction","target":["https:\/\/endorfeen.com\/fr\/ascension-du-cervin\/"]}]},{"@type":"ImageObject","inLanguage":"fr-FR","@id":"https:\/\/endorfeen.com\/fr\/ascension-du-cervin\/#primaryimage","url":"https:\/\/endorfeen.com\/wp-content\/uploads\/2022\/07\/image_3201990_20211107_ob_04db7e_img-94311630248017357.jpeg","contentUrl":"https:\/\/endorfeen.com\/wp-content\/uploads\/2022\/07\/image_3201990_20211107_ob_04db7e_img-94311630248017357.jpeg","width":1600,"height":1200,"caption":"Ascension du Cervin"},{"@type":"BreadcrumbList","@id":"https:\/\/endorfeen.com\/fr\/ascension-du-cervin\/#breadcrumb","itemListElement":[{"@type":"ListItem","position":1,"name":"Home","item":"https:\/\/endorfeen.com\/fr\/"},{"@type":"ListItem","position":2,"name":"Ascension du Cervin \u00e0 4478m d&#8217;altitude : une aventure v\u00e9cue par M\u00e9dine"}]},{"@type":"WebSite","@id":"https:\/\/endorfeen.com\/fr\/#website","url":"https:\/\/endorfeen.com\/fr\/","name":"endorfeen","description":"The Media For Sustainable Outdoors.","publisher":{"@id":"https:\/\/endorfeen.com\/fr\/#organization"},"potentialAction":[{"@type":"SearchAction","target":{"@type":"EntryPoint","urlTemplate":"https:\/\/endorfeen.com\/fr\/?s={search_term_string}"},"query-input":{"@type":"PropertyValueSpecification","valueRequired":true,"valueName":"search_term_string"}}],"inLanguage":"fr-FR"},{"@type":"Organization","@id":"https:\/\/endorfeen.com\/fr\/#organization","name":"endorfeen","url":"https:\/\/endorfeen.com\/fr\/","logo":{"@type":"ImageObject","inLanguage":"fr-FR","@id":"https:\/\/endorfeen.com\/fr\/#\/schema\/logo\/image\/","url":"https:\/\/endorfeen.com\/wp-content\/uploads\/2022\/06\/Circle-endorfeen-site-icon-circled-1000-x-1000-300psi.png","contentUrl":"https:\/\/endorfeen.com\/wp-content\/uploads\/2022\/06\/Circle-endorfeen-site-icon-circled-1000-x-1000-300psi.png","width":1000,"height":1000,"caption":"endorfeen"},"image":{"@id":"https:\/\/endorfeen.com\/fr\/#\/schema\/logo\/image\/"}},{"@type":"Person","@id":"https:\/\/endorfeen.com\/fr\/#\/schema\/person\/8abb61b073da6c707005bc98dbf5aaf2","name":"M\u00e9dine Kara","image":{"@type":"ImageObject","inLanguage":"fr-FR","@id":"https:\/\/endorfeen.com\/fr\/#\/schema\/person\/image\/","url":"https:\/\/secure.gravatar.com\/avatar\/c8e9720bbf6ab2ce3dc6ecb9fc96003c52f118def94fa3deccc862c7a110bb7f?s=96&d=mm&r=g","contentUrl":"https:\/\/secure.gravatar.com\/avatar\/c8e9720bbf6ab2ce3dc6ecb9fc96003c52f118def94fa3deccc862c7a110bb7f?s=96&d=mm&r=g","caption":"M\u00e9dine Kara"},"description":"Leading the CAF Girls \/ Grand-Est, a Group of women, affiliated with the Alpine Club of the Grand Est region whose goal is to promote female mountaineering \u26cf\ufe0f \ud83d\udc60","sameAs":["https:\/\/www.instagram.com\/made_in_kara\/"],"url":"https:\/\/endorfeen.com\/fr\/linkto\/medinekara\/"}]}},"featured_image_src":"https:\/\/endorfeen.com\/wp-content\/uploads\/2022\/07\/image_3201990_20211107_ob_04db7e_img-94311630248017357-600x400.jpeg","featured_image_src_square":"https:\/\/endorfeen.com\/wp-content\/uploads\/2022\/07\/image_3201990_20211107_ob_04db7e_img-94311630248017357-600x600.jpeg","author_info":{"display_name":"M\u00e9dine Kara","author_link":"https:\/\/endorfeen.com\/fr\/linkto\/medinekara\/"},"acf":[],"_links":{"self":[{"href":"https:\/\/endorfeen.com\/fr\/wp-json\/wp\/v2\/posts\/3639","targetHints":{"allow":["GET"]}}],"collection":[{"href":"https:\/\/endorfeen.com\/fr\/wp-json\/wp\/v2\/posts"}],"about":[{"href":"https:\/\/endorfeen.com\/fr\/wp-json\/wp\/v2\/types\/post"}],"author":[{"embeddable":true,"href":"https:\/\/endorfeen.com\/fr\/wp-json\/wp\/v2\/users\/19"}],"replies":[{"embeddable":true,"href":"https:\/\/endorfeen.com\/fr\/wp-json\/wp\/v2\/comments?post=3639"}],"version-history":[{"count":0,"href":"https:\/\/endorfeen.com\/fr\/wp-json\/wp\/v2\/posts\/3639\/revisions"}],"wp:featuredmedia":[{"embeddable":true,"href":"https:\/\/endorfeen.com\/fr\/wp-json\/wp\/v2\/media\/3656"}],"wp:attachment":[{"href":"https:\/\/endorfeen.com\/fr\/wp-json\/wp\/v2\/media?parent=3639"}],"wp:term":[{"taxonomy":"category","embeddable":true,"href":"https:\/\/endorfeen.com\/fr\/wp-json\/wp\/v2\/categories?post=3639"},{"taxonomy":"post_tag","embeddable":true,"href":"https:\/\/endorfeen.com\/fr\/wp-json\/wp\/v2\/tags?post=3639"},{"taxonomy":"sponsor","embeddable":true,"href":"https:\/\/endorfeen.com\/fr\/wp-json\/wp\/v2\/sponsor?post=3639"}],"curies":[{"name":"wp","href":"https:\/\/api.w.org\/{rel}","templated":true}]}}