{"id":2930,"date":"2022-08-02T16:54:00","date_gmt":"2022-08-02T15:54:00","guid":{"rendered":"https:\/\/endorfeen.com\/?p=2930"},"modified":"2023-08-18T11:02:30","modified_gmt":"2023-08-18T10:02:30","slug":"le-bilan-thermique-terrestre-ce-que-vous-devez-savoir","status":"publish","type":"post","link":"https:\/\/endorfeen.com\/fr\/le-bilan-thermique-terrestre-ce-que-vous-devez-savoir\/","title":{"rendered":"Le bilan thermique terrestre, ce que vous devez savoir"},"content":{"rendered":"\n<p>Le bilan thermique terrestre est le r\u00e9sultat de transferts d&rsquo;\u00e9nergie entre la Terre et l&rsquo;espace. Notre plan\u00e8te est habitable car son bilan \u00e9nerg\u00e9tique permet de maintenir la temp\u00e9rature de sa surface relativement stable. En fait, la temp\u00e9rature de la Terre est un exercice d\u2019\u00e9quilibre entre l\u2019\u00e9nergie rayonnante qu\u2019elle re\u00e7oit du Soleil et plusieurs m\u00e9canismes qui transf\u00e8rent la chaleur entre la surface, l\u2019atmosph\u00e8re et l\u2019espace. Dans cet article nous allons voir de quoi il s&rsquo;agit et analyser ses composants en d\u00e9tail, car cela est indispensable pour comprendre quels facteurs peuvent influencer la temp\u00e9rature et donc le climat de la plan\u00e8te. <\/p>\n\n\n\n<p><strong>Chaque seconde la Terre re\u00e7oit des quantit\u00e9s \u00e9normes d&rsquo;\u00e9nergie sous forme de rayons solaires, alors comment se fait-il qu&rsquo;elle ne devient pas constamment plus chaude ?<\/strong><\/p>\n\n\n\n<p>Pensez \u00e0 la derni\u00e8re fois que vous \u00e9tiez tr\u00e8s pr\u00e8s de quelqu\u2019un. Vous pouviez ressentir leur chaleur, n\u2019est-ce pas ? Cela parce que tous les corps \u00e9mettent de l\u2019\u00e9nergie sous forme de radiation. Plus la temp\u00e9rature d\u2019un corps est haute, plus il \u00e9met de l\u2019\u00e9nergie. Dans notre syst\u00e8me solaire le corps le plus chaud est le Soleil. C\u2019est le Soleil qui produit la quasi-totalit\u00e9 de l\u2019\u00e9nergie que nous recevons sur la Terre, sous forme de rayons solaires. Mais la Terre aussi, en tant que corps avec une certaine temp\u00e9rature, \u00e9met de l\u2019\u00e9nergie dans l\u2019espace, sous forme de rayonnement infrarouge et c\u2019est cela qui permet \u00e0 la Terre de \u00ab&nbsp;r\u00e9guler&nbsp;\u00bb sa temp\u00e9rature.<\/p>\n\n\n\n<figure class=\"wp-block-image alignwide size-large\"><img loading=\"lazy\" decoding=\"async\" width=\"1024\" height=\"785\" src=\"https:\/\/endorfeen.com\/wp-content\/uploads\/2022\/06\/kseniia-zaitseva-qTR_sMede2Q-unsplash-1024x785.jpg\" alt=\"Photo by Kseniia Zaitseva\" class=\"wp-image-3408\" srcset=\"https:\/\/endorfeen.com\/wp-content\/uploads\/2022\/06\/kseniia-zaitseva-qTR_sMede2Q-unsplash-300x230.jpg 300w, https:\/\/endorfeen.com\/wp-content\/uploads\/2022\/06\/kseniia-zaitseva-qTR_sMede2Q-unsplash-768x589.jpg 768w, https:\/\/endorfeen.com\/wp-content\/uploads\/2022\/06\/kseniia-zaitseva-qTR_sMede2Q-unsplash-1024x785.jpg 1024w, https:\/\/endorfeen.com\/wp-content\/uploads\/2022\/06\/kseniia-zaitseva-qTR_sMede2Q-unsplash-1536x1177.jpg 1536w, https:\/\/endorfeen.com\/wp-content\/uploads\/2022\/06\/kseniia-zaitseva-qTR_sMede2Q-unsplash-scaled.jpg 2048w\" sizes=\"auto, (max-width: 1024px) 100vw, 1024px\" \/><figcaption>Photo by&nbsp;Kseniia Zaitseva<\/figcaption><\/figure>\n\n\n\n<h2 class=\"wp-block-heading\">Comprendre le bilan thermique terrestre &#8211; tous les corps tendent vers l&rsquo;\u00e9quilibre thermique<\/h2>\n\n\n\n<p>Pour comprendre la relation entre l\u2019\u00e9nergie re\u00e7ue par un corps et sa temp\u00e9rature imaginons une pierre illumin\u00e9e par le soleil. Or, lorsque des rayons d\u2019\u00e9nergie, tels que les rayons solaires, frappent une surface une partie de l\u2019\u00e9nergie qu\u2019ils transportent&nbsp;sera&nbsp;absorb\u00e9e et transform\u00e9e&nbsp;en \u00e9nergie thermique (une autre partie sera r\u00e9fl\u00e9chie et va donc repartir dans l\u2019espace). Notre pierre absorbe donc l\u2019\u00e9nergie radiative qu\u2019elle re\u00e7oit du soleil et la transforme en chaleur. Ceci fera augmenter sa temp\u00e9rature. En m\u00eame temps, plus la temp\u00e9rature de la pierre augmente, plus elle \u00e9met de l\u2019\u00e9nergie \u00e0 son tour.  <\/p>\n\n\n\n<p>Ainsi, m\u00eame si notre pierre continue de recevoir de l&rsquo;\u00e9nergie, il devient de plus en plus difficile d\u2019augmenter sa temp\u00e9rature car en m\u00eame temps elle \u00e9met de la chaleur et perd de plus en plus d&rsquo;\u00e9nergie au b\u00e9n\u00e9fice de l&rsquo;environnement. Apr\u00e8s un certain temps,  un \u00e9quilibre \u00e9nerg\u00e9tique s&rsquo;\u00e9tablit : la pierre \u00e9met tout autant d&rsquo;\u00e9nergie qu&rsquo;elle en re\u00e7oit et sa temp\u00e9rature cesse de croitre et reste stable.<\/p>\n\n\n\n<p>De m\u00eame, la temp\u00e9rature de tout objet qui a atteint l&rsquo;\u00e9quilibre thermique reste la m\u00eame tant qu&rsquo;il n&rsquo;y a pas un changement dans l\u2019apport en \u00e9nergie. Si l\u2019apport en \u00e9nergie augmente, la temp\u00e9rature de l\u2019objet augmentera aussi, jusqu&rsquo;\u00e0 ce qu&rsquo;un nouvel \u00e9quilibre thermique soit \u00e9tabli. Au contraire, si l\u2019apport en \u00e9nergie diminue, la temp\u00e9rature baissera jusqu&rsquo;\u00e0 atteindre un nouvel \u00e9quilibre \u00e9nerg\u00e9tique.<\/p>\n\n\n\n<p>Globalement, notre plan\u00e8te se trouve aussi en \u00e9quilibre thermique. Cela signifie qu\u2019elle re\u00e7oit tout autant d\u2019\u00e9nergie du soleil qu\u2019elle en d\u00e9gage dans l\u2019espace. Puisque la quantit\u00e9 d\u2019\u00e9nergie que nous recevons du soleil varie tr\u00e8s peu dans le temps, \u00e0 priori, notre plan\u00e8te devrait garder une temp\u00e9rature stable. <\/p>\n\n\n\n<p><strong>On peut d\u00e8s lors se poser la question :&nbsp;si le bilan radiatif terrestre est \u00e0 l\u2019\u00e9quilibre, pourquoi la temp\u00e9rature est-elle en train d\u2019augmenter ? d\u2019o\u00f9 vient le probl\u00e8me du r\u00e9chauffement climatique ?<\/strong><\/p>\n\n\n\n<p>Pour comprendre le probl\u00e8me, il faut distinguer entre l&rsquo;\u00e9nergie qui arrive au sommet de l&rsquo;atmosph\u00e8re et celle qui arrive \u00e0 la surface de la plan\u00e8te et consid\u00e9rer les \u00e9changes d&rsquo;\u00e9nergie entre la surface et l&rsquo;atmosph\u00e8re.<\/p>\n\n\n\n<h2 class=\"wp-block-heading\">Combien d&rsquo;\u00e9nergie arrive \u00e0 la surface de la Terre ?<\/h2>\n\n\n\n<p>Les scientifiques quantifient le flux d\u2019\u00e9nergie qui arrive au sommet de l\u2019atmosph\u00e8re \u00e0 <a href=\"https:\/\/planet-terre.ens-lyon.fr\/ressource\/bilan-radiatif-terre3.xml#:~:text=Il%20d%C3%A9pend%20aussi%20de%20la,%2Fm2)%20sont%20absorb%C3%A9s.\" target=\"_blank\" rel=\"noreferrer noopener\">340 watts par m\u00e8tre carr\u00e9<\/a>. Cela signifie que chaque m\u00e8tre carr\u00e9 re\u00e7oit en moyenne 340 joules, ou 80 calories d\u2019\u00e9nergie toutes les secondes. Puisque, comme on vient de voir, la plan\u00e8te est en \u00e9quilibre thermique cela signifie qu\u2019\u00e0 son tour, au sommet de l\u2019atmosph\u00e8re, la plan\u00e8te \u00e9met vers l\u2019espace 340 watts par m\u00e8tre carr\u00e9. Mais puisque nous ne vivons pas au sommet de l\u2019atmosph\u00e8re, il nous faut analyser combien de cette \u00e9nergie arrive et quitte la surface de la Terre.<\/p>\n\n\n\n<p>En effet 340 watts ne correspondent pas \u00e0 l\u2019\u00e9nergie qui peut effectivement \u00eatre absorb\u00e9e et transform\u00e9e en chaleur par la surface terrestre. Une partie des rayons solaires est r\u00e9fl\u00e9chie directement par l\u2019atmosph\u00e8re et repart aussit\u00f4t vers l\u2019espace sans jamais \u00eatre transform\u00e9e en chaleur. Une autre partie des rayons est intercept\u00e9e et absorb\u00e9e par l\u2019atmosph\u00e8re. Par cons\u00e9quent, il y a seulement une partie de l\u2019\u00e9nergie solaire qui parvient \u00e0 traverser l\u2019atmosph\u00e8re et arrive jusqu\u2019\u00e0 la surface. Toutefois, cela ne correspond pas encore \u00e0 l\u2019\u00e9nergie absorb\u00e9e par la surface terrestre, car la surface aussi r\u00e9fl\u00e9chit une partie des rayons.<\/p>\n\n\n\n<h3 class=\"wp-block-heading\">L&rsquo;alb\u00e9do ou le pouvoir r\u00e9fl\u00e9chissant<\/h3>\n\n\n\n<p>L&rsquo;alb\u00e9do de la Terre nous donne la proportion entre l&rsquo;\u00e9nergie r\u00e9fl\u00e9chie et l&rsquo;\u00e9nergie solaire re\u00e7ue par la plan\u00e8te. L\u2019alb\u00e9do d&rsquo;un corps ou d&rsquo;une surface d\u00e9pend de sa composition et se manifeste par sa couleur. Notamment, une surface est blanche si elle r\u00e9fl\u00e9chit la plupart de la lumi\u00e8re. Plus elle absorbe, plus elle sera fonc\u00e9e.<\/p>\n\n\n\n<p>Vu sa composition tr\u00e8s h\u00e9t\u00e9rog\u00e8ne, la surface de la Terre a un pouvoir r\u00e9fl\u00e9chissant tr\u00e8s vari\u00e9. Par exemple, les surfaces recouvertes de neige et de glace sont beaucoup plus r\u00e9fl\u00e9chissantes que les for\u00eats et les oc\u00e9ans. Les zones urbaines, au contraire sont habituellement des zones avec un bas pouvoir r\u00e9fl\u00e9chissant et qui ont donc plut\u00f4t la tendance \u00e0 absorber les rayons et les transformer en chaleur.  Dans l&rsquo;atmosph\u00e8re aussi, l\u2019alb\u00e9do peut varier significativement en fonction de la couverture nuageuse. Certains types de nuages, g\u00e9n\u00e9ralement celles qui se trouvent \u00e0 des basses altitudes, ont un pouvoir r\u00e9fl\u00e9chissant tr\u00e8s \u00e9lev\u00e9. Actuellement, en moyenne, l\u2019alb\u00e9do de notre plan\u00e8te est aux alentours de 30%.  Cela signifie que seulement 70% de l&rsquo;\u00e9nergie solaire qui arrive au sommet de l&rsquo;atmosph\u00e8re est absorb\u00e9e et transform\u00e9e en chaleur. <\/p>\n\n\n\n<p>Ainsi, en moyenne, des 340 watts par m\u00e8tre carr\u00e9 qui arrivent, environ 76 watts sont r\u00e9fl\u00e9chis par l&rsquo;atmosph\u00e8re et 24 watts sont r\u00e9fl\u00e9chis par la surface. De plus 78 watts sont absorb\u00e9s dans l&rsquo;atmosph\u00e8re avant d&rsquo;atteindre la surface. Pour finir, moins de la moiti\u00e9 du flux, c&rsquo;est-\u00e0-dire 161 watts sont absorb\u00e9s par la surface.<\/p>\n\n\n\n<figure class=\"wp-block-image alignwide size-large\"><img loading=\"lazy\" decoding=\"async\" width=\"1024\" height=\"764\" src=\"https:\/\/endorfeen.com\/wp-content\/uploads\/2022\/06\/bilan-1024x764.jpg\" alt=\"\" class=\"wp-image-3576\" srcset=\"https:\/\/endorfeen.com\/wp-content\/uploads\/2022\/06\/bilan-300x224.jpg 300w, https:\/\/endorfeen.com\/wp-content\/uploads\/2022\/06\/bilan-768x573.jpg 768w, https:\/\/endorfeen.com\/wp-content\/uploads\/2022\/06\/bilan-1024x764.jpg 1024w, https:\/\/endorfeen.com\/wp-content\/uploads\/2022\/06\/bilan.jpg 1211w\" sizes=\"auto, (max-width: 1024px) 100vw, 1024px\" \/><figcaption>Repr\u00e9sentation sch\u00e9matique du bilan thermique de la Terre. (Source des donn\u00e9es Loeb et al, J. Clim., 2009; Trenberth et al., BAMS, 2009)<\/figcaption><\/figure>\n\n\n\n<h2 class=\"wp-block-heading\">Les \u00e9changes d\u2019\u00e9nergie \u00e0 la surface de la terre<\/h2>\n\n\n\n<p>Examinons maintenant ce qui se passe avec l\u2019\u00e9nergie \u00e9mise par la Terre vers l\u2019espace. \u00c0 pr\u00e9sent, la surface de la Terre a une temp\u00e9rature moyenne de15\u00b0 Celsius. Cela signifie qu\u2019en moyenne, la surface de la Terre \u00e9met vers l\u2019atmosph\u00e8re 398 watts par m\u00e8tre carr\u00e9. Au contraire de l\u2019\u00e9nergie solaire qui arrive sur la Terre principalement sous forme de rayons visibles , l\u2019\u00e9nergie radiative de la Terre prend la forme de rayonnement infrarouge. Cela est d\u00fb au fait que la temp\u00e9rature de la Terre est beaucoup plus basse que&nbsp;celle&nbsp;du Soleil.<\/p>\n\n\n\n<h4 class=\"wp-block-heading\">Le r\u00f4le des gaz \u00e0 effet de serre<\/h4>\n\n\n\n<p>L&rsquo;atmosph\u00e8re, et plus pr\u00e9cis\u00e9ment les gaz \u00e0 effet de serre pr\u00e9sents dans l&rsquo;atmosph\u00e8re, sont beaucoup plus efficaces \u00e0 absorber les rayons infrarouges que les rayons solaires. Ainsi, de toute l&rsquo;\u00e9nergie \u00e9mise par la surface de la Terre, seulement 40 watts parviennent \u00e0 traverser l&rsquo;atmosph\u00e8re et s&rsquo;\u00e9chapper directement. Tout le reste est absorb\u00e9 par les mol\u00e9cules de gaz \u00e0 effet de serre dans l&rsquo;atmosph\u00e8re. Cela fait augmenter significativement la temp\u00e9rature des gaz qui forment l&rsquo;atmosph\u00e8re.<\/p>\n\n\n\n<p>Les mol\u00e9cules de gaz vont \u00e9mettre \u00e0 leur tour davantage de radiations. Puisque les mol\u00e9cules de gaz \u00e9mettent dans toutes les directions, la radiation \u00e9mise est soit renvoy\u00e9e vers la surface, soit absorb\u00e9e et transf\u00e9r\u00e9e par des mol\u00e9cules de gaz qui se trouvent plus en altitude. Ce processus se r\u00e9p\u00e8te jusqu&rsquo;\u00e0 une hauteur de cinq ou six kilom\u00e8tres. Pass\u00e9 cette altitude, la concentration de gaz devient plus faible et la radiation peut finalement s&rsquo;\u00e9chapper vers l\u2019espace.<\/p>\n\n\n\n<p>\u00c0 pr\u00e9sent, le r\u00e9sultat est qu\u2019environ 200 watts repartent dans l&rsquo;espace, tandis que 342 sont redirig\u00e9s vers la surface terrestre.  Cette valeur d\u00e9pend fortement de la concentration de gaz \u00e0 effet de serre. Plus cette concentration est importante plus d&rsquo;\u00e9nergie est intercept\u00e9e et r\u00e9\u00e9mise vers la surface. <\/p>\n\n\n\n<p>Nous voyons alors que m\u00eame si la quantit\u00e9 d&rsquo;\u00e9nergie solaire re\u00e7ue au sommet de l&rsquo;atmosph\u00e8re reste stable,  la quantit\u00e9 d&rsquo;\u00e9nergie re\u00e7ue par la surface de la Terre, et donc sa <strong>temp\u00e9rature d&rsquo;\u00e9quilibre, d\u00e9pend de facteurs qui peuvent varier. Ces facteurs sont par exemple,  la concentration de gaz \u00e0 effet de serre dans l&rsquo;atmosph\u00e8re, ou l\u2019alb\u00e9do qui change lorsque des surfaces couvertes de glace disparaissent.<\/strong><\/p>\n\n\n\n<h2 class=\"wp-block-heading\">Quel est le rapport entre le bilan thermique terrestre et le climat (ou la m\u00e9t\u00e9o) ?<\/h2>\n\n\n\n<p>Jusqu&rsquo;\u00e0 pr\u00e9sent nous avons abord\u00e9 le sujet d&rsquo;\u00e9changes de chaleur qui se font gr\u00e2ce \u00e0 des radiations (rayons de lumi\u00e8re dans le cas du soleil et rayons infrarouges dans le cas de la surface Terre et de l&rsquo;atmosph\u00e8re).  Or, si nous  analysons les flux entre la surface de la Terre et l&rsquo;atmosph\u00e8re nous remarquerons que la surface re\u00e7oit environ 100 watts par m\u00e8tre carr\u00e9 de plus que ce qu&rsquo;elle \u00e9met. Afin d\u2019obtenir le bilan \u00e9nerg\u00e9tique \u00e0 la surface, il faut donc un autre moyen que les rayons infrarouges pour lib\u00e9rer de l&rsquo;\u00e9nergie de la surface \u00e0 l&rsquo;atmosph\u00e8re.<\/p>\n\n\n\n<p>En r\u00e9alit\u00e9, il existe deux autres moyens pour transf\u00e9rer cet exc\u00e8s d\u2019\u00e9nergie. Le premier et l&rsquo;\u00e9vaporation de l\u2019eau. Lorsque l&rsquo;eau \u00e0 la surface de la terre se transforme en vapeur et monte dans l&rsquo;atmosph\u00e8re, elle emporte avec elle de l&rsquo;\u00e9nergie sous forme de chaleur latente. Une fois que la vapeur condense et forme des nuages, cette chaleur, qui correspond \u00e0 80 watts par m\u00e8tre carr\u00e9, est lib\u00e9r\u00e9e dans l&rsquo;atmosph\u00e8re.<\/p>\n\n\n\n<p>Le second moyen permettant de transf\u00e9rer l\u2019exc\u00e8s d\u2019\u00e9nergie (approximativement 20 watts) de la surface terrestre \u00e0 l&rsquo;atmosph\u00e8re est la circulation atmosph\u00e9rique (\u00ab\u00a0les vents\u201d). L\u2019air, au contact avec la surface, se r\u00e9chauffe. Lorsqu&rsquo;il circule dans l&rsquo;atmosph\u00e8re, il emm\u00e8ne avec lui de la chaleur.<\/p>\n\n\n\n<p><strong>Ainsi, la cycle \u00e9vaporation\/pr\u00e9cipitation et la circulation atmosph\u00e9rique (intensit\u00e9 et direction des vents) deviennent aussi deux pi\u00e8ces du puzzle intrins\u00e8quement li\u00e9es au bilan \u00e9nerg\u00e9tique de la Terre. <\/strong><\/p>\n\n\n\n<figure class=\"wp-block-embed is-type-video is-provider-youtube wp-block-embed-youtube wp-embed-aspect-16-9 wp-has-aspect-ratio\"><div class=\"wp-block-embed__wrapper\">\n<iframe loading=\"lazy\" title=\"Le bilan thermique de la Terre expliqu\u00e9\" width=\"800\" height=\"450\" src=\"https:\/\/www.youtube.com\/embed\/34oua7cIcso?feature=oembed\" frameborder=\"0\" allow=\"accelerometer; autoplay; clipboard-write; encrypted-media; gyroscope; picture-in-picture\" allowfullscreen><\/iframe>\n<\/div><\/figure>\n\n\n\n\n","protected":false},"excerpt":{"rendered":"<p>Le bilan thermique terrestre est le r\u00e9sultat de transferts d&rsquo;\u00e9nergie entre la Terre et l&rsquo;espace. Notre plan\u00e8te est habitable car son bilan \u00e9nerg\u00e9tique permet de maintenir la temp\u00e9rature de sa surface relativement stable. En fait, la temp\u00e9rature de la Terre est un exercice d\u2019\u00e9quilibre entre l\u2019\u00e9nergie rayonnante qu\u2019elle re\u00e7oit du Soleil et plusieurs m\u00e9canismes qui &hellip;<\/p>\n","protected":false},"author":22,"featured_media":2940,"comment_status":"open","ping_status":"open","sticky":false,"template":"","format":"standard","meta":{"_acf_changed":false,"_genesis_hide_title":false,"_genesis_hide_breadcrumbs":false,"_genesis_hide_singular_image":false,"_genesis_hide_footer_widgets":false,"_genesis_custom_body_class":"","_genesis_custom_post_class":"","_genesis_layout":"","footnotes":""},"categories":[261],"tags":[271],"sponsor":[1087],"class_list":{"2":"type-post","7":"category-durabilite","8":"tag-planete","9":"sponsor-endorfeen","10":"entry"},"yoast_head":"<!-- This site is optimized with the Yoast SEO Premium plugin v26.2 (Yoast SEO v26.2) - https:\/\/yoast.com\/wordpress\/plugins\/seo\/ -->\n<title>Le bilan thermique terrestre, ce que vous devez savoir - endorfeen<\/title>\n<meta name=\"description\" content=\"Bilan thermique terrestre: Notre plan\u00e8te est habitable car son bilan \u00e9nerg\u00e9tique permet de maintenir la temp\u00e9rature de sa surface relative...\" \/>\n<meta name=\"robots\" content=\"index, follow, max-snippet:-1, max-image-preview:large, max-video-preview:-1\" \/>\n<link rel=\"canonical\" href=\"https:\/\/endorfeen.com\/fr\/le-bilan-thermique-terrestre-ce-que-vous-devez-savoir\/\" \/>\n<meta property=\"og:locale\" content=\"fr_FR\" \/>\n<meta property=\"og:type\" content=\"article\" \/>\n<meta property=\"og:title\" content=\"Le bilan thermique terrestre, ce que vous devez savoir\" \/>\n<meta property=\"og:description\" content=\"Bilan thermique terrestre: Notre plan\u00e8te est habitable car son bilan \u00e9nerg\u00e9tique permet de maintenir la temp\u00e9rature de sa surface relative...\" \/>\n<meta property=\"og:url\" content=\"https:\/\/endorfeen.com\/fr\/le-bilan-thermique-terrestre-ce-que-vous-devez-savoir\/\" \/>\n<meta property=\"og:site_name\" content=\"endorfeen\" \/>\n<meta property=\"article:published_time\" content=\"2022-08-02T15:54:00+00:00\" \/>\n<meta property=\"article:modified_time\" content=\"2023-08-18T10:02:30+00:00\" \/>\n<meta property=\"og:image\" content=\"https:\/\/endorfeen.com\/wp-content\/uploads\/2022\/05\/nasa-yZygONrUBe8-unsplash.jpg\" \/>\n\t<meta property=\"og:image:width\" content=\"1502\" \/>\n\t<meta property=\"og:image:height\" content=\"1000\" \/>\n\t<meta property=\"og:image:type\" content=\"image\/jpeg\" \/>\n<meta name=\"author\" content=\"Katja Simpson\" \/>\n<meta name=\"twitter:card\" content=\"summary_large_image\" \/>\n<meta name=\"twitter:label1\" content=\"\u00c9crit par\" \/>\n\t<meta name=\"twitter:data1\" content=\"Katja Simpson\" \/>\n\t<meta name=\"twitter:label2\" content=\"Dur\u00e9e de lecture estim\u00e9e\" \/>\n\t<meta name=\"twitter:data2\" content=\"8 minutes\" \/>\n<script type=\"application\/ld+json\" class=\"yoast-schema-graph\">{\"@context\":\"https:\/\/schema.org\",\"@graph\":[{\"@type\":\"Article\",\"@id\":\"https:\/\/endorfeen.com\/fr\/le-bilan-thermique-terrestre-ce-que-vous-devez-savoir\/#article\",\"isPartOf\":{\"@id\":\"https:\/\/endorfeen.com\/fr\/le-bilan-thermique-terrestre-ce-que-vous-devez-savoir\/\"},\"author\":{\"name\":\"Katja Simpson\",\"@id\":\"https:\/\/endorfeen.com\/fr\/#\/schema\/person\/13a73d15f9b9cf6de61bfebc529ad070\"},\"headline\":\"Le bilan thermique terrestre, ce que vous devez savoir\",\"datePublished\":\"2022-08-02T15:54:00+00:00\",\"dateModified\":\"2023-08-18T10:02:30+00:00\",\"mainEntityOfPage\":{\"@id\":\"https:\/\/endorfeen.com\/fr\/le-bilan-thermique-terrestre-ce-que-vous-devez-savoir\/\"},\"wordCount\":1987,\"commentCount\":0,\"publisher\":{\"@id\":\"https:\/\/endorfeen.com\/fr\/#organization\"},\"image\":{\"@id\":\"https:\/\/endorfeen.com\/fr\/le-bilan-thermique-terrestre-ce-que-vous-devez-savoir\/#primaryimage\"},\"thumbnailUrl\":\"https:\/\/endorfeen.com\/wp-content\/uploads\/2022\/05\/nasa-yZygONrUBe8-unsplash.jpg\",\"keywords\":[\"#plan\u00e8te\"],\"articleSection\":[\"Durabilit\u00e9\"],\"inLanguage\":\"fr-FR\",\"potentialAction\":[{\"@type\":\"CommentAction\",\"name\":\"Comment\",\"target\":[\"https:\/\/endorfeen.com\/fr\/le-bilan-thermique-terrestre-ce-que-vous-devez-savoir\/#respond\"]}]},{\"@type\":\"WebPage\",\"@id\":\"https:\/\/endorfeen.com\/fr\/le-bilan-thermique-terrestre-ce-que-vous-devez-savoir\/\",\"url\":\"https:\/\/endorfeen.com\/fr\/le-bilan-thermique-terrestre-ce-que-vous-devez-savoir\/\",\"name\":\"Le bilan thermique terrestre, ce que vous devez savoir - endorfeen\",\"isPartOf\":{\"@id\":\"https:\/\/endorfeen.com\/fr\/#website\"},\"primaryImageOfPage\":{\"@id\":\"https:\/\/endorfeen.com\/fr\/le-bilan-thermique-terrestre-ce-que-vous-devez-savoir\/#primaryimage\"},\"image\":{\"@id\":\"https:\/\/endorfeen.com\/fr\/le-bilan-thermique-terrestre-ce-que-vous-devez-savoir\/#primaryimage\"},\"thumbnailUrl\":\"https:\/\/endorfeen.com\/wp-content\/uploads\/2022\/05\/nasa-yZygONrUBe8-unsplash.jpg\",\"datePublished\":\"2022-08-02T15:54:00+00:00\",\"dateModified\":\"2023-08-18T10:02:30+00:00\",\"description\":\"Bilan thermique terrestre: Notre plan\u00e8te est habitable car son bilan \u00e9nerg\u00e9tique permet de maintenir la temp\u00e9rature de sa surface relative...\",\"breadcrumb\":{\"@id\":\"https:\/\/endorfeen.com\/fr\/le-bilan-thermique-terrestre-ce-que-vous-devez-savoir\/#breadcrumb\"},\"inLanguage\":\"fr-FR\",\"potentialAction\":[{\"@type\":\"ReadAction\",\"target\":[\"https:\/\/endorfeen.com\/fr\/le-bilan-thermique-terrestre-ce-que-vous-devez-savoir\/\"]}]},{\"@type\":\"ImageObject\",\"inLanguage\":\"fr-FR\",\"@id\":\"https:\/\/endorfeen.com\/fr\/le-bilan-thermique-terrestre-ce-que-vous-devez-savoir\/#primaryimage\",\"url\":\"https:\/\/endorfeen.com\/wp-content\/uploads\/2022\/05\/nasa-yZygONrUBe8-unsplash.jpg\",\"contentUrl\":\"https:\/\/endorfeen.com\/wp-content\/uploads\/2022\/05\/nasa-yZygONrUBe8-unsplash.jpg\",\"width\":1502,\"height\":1000,\"caption\":\"le bilan radiatif terrestre - terre vue de l'espace\"},{\"@type\":\"BreadcrumbList\",\"@id\":\"https:\/\/endorfeen.com\/fr\/le-bilan-thermique-terrestre-ce-que-vous-devez-savoir\/#breadcrumb\",\"itemListElement\":[{\"@type\":\"ListItem\",\"position\":1,\"name\":\"Home\",\"item\":\"https:\/\/endorfeen.com\/fr\/\"},{\"@type\":\"ListItem\",\"position\":2,\"name\":\"Le bilan thermique terrestre, ce que vous devez savoir\"}]},{\"@type\":\"WebSite\",\"@id\":\"https:\/\/endorfeen.com\/fr\/#website\",\"url\":\"https:\/\/endorfeen.com\/fr\/\",\"name\":\"endorfeen\",\"description\":\"The Media For Sustainable Outdoors.\",\"publisher\":{\"@id\":\"https:\/\/endorfeen.com\/fr\/#organization\"},\"potentialAction\":[{\"@type\":\"SearchAction\",\"target\":{\"@type\":\"EntryPoint\",\"urlTemplate\":\"https:\/\/endorfeen.com\/fr\/?s={search_term_string}\"},\"query-input\":{\"@type\":\"PropertyValueSpecification\",\"valueRequired\":true,\"valueName\":\"search_term_string\"}}],\"inLanguage\":\"fr-FR\"},{\"@type\":\"Organization\",\"@id\":\"https:\/\/endorfeen.com\/fr\/#organization\",\"name\":\"endorfeen\",\"url\":\"https:\/\/endorfeen.com\/fr\/\",\"logo\":{\"@type\":\"ImageObject\",\"inLanguage\":\"fr-FR\",\"@id\":\"https:\/\/endorfeen.com\/fr\/#\/schema\/logo\/image\/\",\"url\":\"https:\/\/endorfeen.com\/wp-content\/uploads\/2022\/06\/Circle-endorfeen-site-icon-circled-1000-x-1000-300psi.png\",\"contentUrl\":\"https:\/\/endorfeen.com\/wp-content\/uploads\/2022\/06\/Circle-endorfeen-site-icon-circled-1000-x-1000-300psi.png\",\"width\":1000,\"height\":1000,\"caption\":\"endorfeen\"},\"image\":{\"@id\":\"https:\/\/endorfeen.com\/fr\/#\/schema\/logo\/image\/\"}},{\"@type\":\"Person\",\"@id\":\"https:\/\/endorfeen.com\/fr\/#\/schema\/person\/13a73d15f9b9cf6de61bfebc529ad070\",\"name\":\"Katja Simpson\",\"image\":{\"@type\":\"ImageObject\",\"inLanguage\":\"fr-FR\",\"@id\":\"https:\/\/endorfeen.com\/fr\/#\/schema\/person\/image\/\",\"url\":\"https:\/\/secure.gravatar.com\/avatar\/ecf93d312927e33d6b9c1042a5049c0face201260ec0ca0d787c14be12b1bd81?s=96&d=mm&r=g\",\"contentUrl\":\"https:\/\/secure.gravatar.com\/avatar\/ecf93d312927e33d6b9c1042a5049c0face201260ec0ca0d787c14be12b1bd81?s=96&d=mm&r=g\",\"caption\":\"Katja Simpson\"},\"description\":\"Growing up in the beautiful region of Ticino (Switzerland), Katja developed a love for the outdoors that led her to study geology at the ETH in Zurich, where she later obtained a PhD in Earth Sciences . Her research and teaching interests focus on the interactions between humans and the natural environment. She shares her expertise in topics such as climate, water, and geology in a youtube channel dedicated to scientific outreach and education .\",\"sameAs\":[\"https:\/\/www.youtube.com\/brightblue\"],\"url\":\"https:\/\/endorfeen.com\/fr\/linkto\/katjasimpson\/\"}]}<\/script>\n<!-- \/ Yoast SEO Premium plugin. -->","yoast_head_json":{"title":"Le bilan thermique terrestre, ce que vous devez savoir - endorfeen","description":"Bilan thermique terrestre: Notre plan\u00e8te est habitable car son bilan \u00e9nerg\u00e9tique permet de maintenir la temp\u00e9rature de sa surface relative...","robots":{"index":"index","follow":"follow","max-snippet":"max-snippet:-1","max-image-preview":"max-image-preview:large","max-video-preview":"max-video-preview:-1"},"canonical":"https:\/\/endorfeen.com\/fr\/le-bilan-thermique-terrestre-ce-que-vous-devez-savoir\/","og_locale":"fr_FR","og_type":"article","og_title":"Le bilan thermique terrestre, ce que vous devez savoir","og_description":"Bilan thermique terrestre: Notre plan\u00e8te est habitable car son bilan \u00e9nerg\u00e9tique permet de maintenir la temp\u00e9rature de sa surface relative...","og_url":"https:\/\/endorfeen.com\/fr\/le-bilan-thermique-terrestre-ce-que-vous-devez-savoir\/","og_site_name":"endorfeen","article_published_time":"2022-08-02T15:54:00+00:00","article_modified_time":"2023-08-18T10:02:30+00:00","og_image":[{"width":1502,"height":1000,"url":"https:\/\/endorfeen.com\/wp-content\/uploads\/2022\/05\/nasa-yZygONrUBe8-unsplash.jpg","type":"image\/jpeg"}],"author":"Katja Simpson","twitter_card":"summary_large_image","twitter_misc":{"\u00c9crit par":"Katja Simpson","Dur\u00e9e de lecture estim\u00e9e":"8 minutes"},"schema":{"@context":"https:\/\/schema.org","@graph":[{"@type":"Article","@id":"https:\/\/endorfeen.com\/fr\/le-bilan-thermique-terrestre-ce-que-vous-devez-savoir\/#article","isPartOf":{"@id":"https:\/\/endorfeen.com\/fr\/le-bilan-thermique-terrestre-ce-que-vous-devez-savoir\/"},"author":{"name":"Katja Simpson","@id":"https:\/\/endorfeen.com\/fr\/#\/schema\/person\/13a73d15f9b9cf6de61bfebc529ad070"},"headline":"Le bilan thermique terrestre, ce que vous devez savoir","datePublished":"2022-08-02T15:54:00+00:00","dateModified":"2023-08-18T10:02:30+00:00","mainEntityOfPage":{"@id":"https:\/\/endorfeen.com\/fr\/le-bilan-thermique-terrestre-ce-que-vous-devez-savoir\/"},"wordCount":1987,"commentCount":0,"publisher":{"@id":"https:\/\/endorfeen.com\/fr\/#organization"},"image":{"@id":"https:\/\/endorfeen.com\/fr\/le-bilan-thermique-terrestre-ce-que-vous-devez-savoir\/#primaryimage"},"thumbnailUrl":"https:\/\/endorfeen.com\/wp-content\/uploads\/2022\/05\/nasa-yZygONrUBe8-unsplash.jpg","keywords":["#plan\u00e8te"],"articleSection":["Durabilit\u00e9"],"inLanguage":"fr-FR","potentialAction":[{"@type":"CommentAction","name":"Comment","target":["https:\/\/endorfeen.com\/fr\/le-bilan-thermique-terrestre-ce-que-vous-devez-savoir\/#respond"]}]},{"@type":"WebPage","@id":"https:\/\/endorfeen.com\/fr\/le-bilan-thermique-terrestre-ce-que-vous-devez-savoir\/","url":"https:\/\/endorfeen.com\/fr\/le-bilan-thermique-terrestre-ce-que-vous-devez-savoir\/","name":"Le bilan thermique terrestre, ce que vous devez savoir - endorfeen","isPartOf":{"@id":"https:\/\/endorfeen.com\/fr\/#website"},"primaryImageOfPage":{"@id":"https:\/\/endorfeen.com\/fr\/le-bilan-thermique-terrestre-ce-que-vous-devez-savoir\/#primaryimage"},"image":{"@id":"https:\/\/endorfeen.com\/fr\/le-bilan-thermique-terrestre-ce-que-vous-devez-savoir\/#primaryimage"},"thumbnailUrl":"https:\/\/endorfeen.com\/wp-content\/uploads\/2022\/05\/nasa-yZygONrUBe8-unsplash.jpg","datePublished":"2022-08-02T15:54:00+00:00","dateModified":"2023-08-18T10:02:30+00:00","description":"Bilan thermique terrestre: Notre plan\u00e8te est habitable car son bilan \u00e9nerg\u00e9tique permet de maintenir la temp\u00e9rature de sa surface relative...","breadcrumb":{"@id":"https:\/\/endorfeen.com\/fr\/le-bilan-thermique-terrestre-ce-que-vous-devez-savoir\/#breadcrumb"},"inLanguage":"fr-FR","potentialAction":[{"@type":"ReadAction","target":["https:\/\/endorfeen.com\/fr\/le-bilan-thermique-terrestre-ce-que-vous-devez-savoir\/"]}]},{"@type":"ImageObject","inLanguage":"fr-FR","@id":"https:\/\/endorfeen.com\/fr\/le-bilan-thermique-terrestre-ce-que-vous-devez-savoir\/#primaryimage","url":"https:\/\/endorfeen.com\/wp-content\/uploads\/2022\/05\/nasa-yZygONrUBe8-unsplash.jpg","contentUrl":"https:\/\/endorfeen.com\/wp-content\/uploads\/2022\/05\/nasa-yZygONrUBe8-unsplash.jpg","width":1502,"height":1000,"caption":"le bilan radiatif terrestre - terre vue de l'espace"},{"@type":"BreadcrumbList","@id":"https:\/\/endorfeen.com\/fr\/le-bilan-thermique-terrestre-ce-que-vous-devez-savoir\/#breadcrumb","itemListElement":[{"@type":"ListItem","position":1,"name":"Home","item":"https:\/\/endorfeen.com\/fr\/"},{"@type":"ListItem","position":2,"name":"Le bilan thermique terrestre, ce que vous devez savoir"}]},{"@type":"WebSite","@id":"https:\/\/endorfeen.com\/fr\/#website","url":"https:\/\/endorfeen.com\/fr\/","name":"endorfeen","description":"The Media For Sustainable Outdoors.","publisher":{"@id":"https:\/\/endorfeen.com\/fr\/#organization"},"potentialAction":[{"@type":"SearchAction","target":{"@type":"EntryPoint","urlTemplate":"https:\/\/endorfeen.com\/fr\/?s={search_term_string}"},"query-input":{"@type":"PropertyValueSpecification","valueRequired":true,"valueName":"search_term_string"}}],"inLanguage":"fr-FR"},{"@type":"Organization","@id":"https:\/\/endorfeen.com\/fr\/#organization","name":"endorfeen","url":"https:\/\/endorfeen.com\/fr\/","logo":{"@type":"ImageObject","inLanguage":"fr-FR","@id":"https:\/\/endorfeen.com\/fr\/#\/schema\/logo\/image\/","url":"https:\/\/endorfeen.com\/wp-content\/uploads\/2022\/06\/Circle-endorfeen-site-icon-circled-1000-x-1000-300psi.png","contentUrl":"https:\/\/endorfeen.com\/wp-content\/uploads\/2022\/06\/Circle-endorfeen-site-icon-circled-1000-x-1000-300psi.png","width":1000,"height":1000,"caption":"endorfeen"},"image":{"@id":"https:\/\/endorfeen.com\/fr\/#\/schema\/logo\/image\/"}},{"@type":"Person","@id":"https:\/\/endorfeen.com\/fr\/#\/schema\/person\/13a73d15f9b9cf6de61bfebc529ad070","name":"Katja Simpson","image":{"@type":"ImageObject","inLanguage":"fr-FR","@id":"https:\/\/endorfeen.com\/fr\/#\/schema\/person\/image\/","url":"https:\/\/secure.gravatar.com\/avatar\/ecf93d312927e33d6b9c1042a5049c0face201260ec0ca0d787c14be12b1bd81?s=96&d=mm&r=g","contentUrl":"https:\/\/secure.gravatar.com\/avatar\/ecf93d312927e33d6b9c1042a5049c0face201260ec0ca0d787c14be12b1bd81?s=96&d=mm&r=g","caption":"Katja Simpson"},"description":"Growing up in the beautiful region of Ticino (Switzerland), Katja developed a love for the outdoors that led her to study geology at the ETH in Zurich, where she later obtained a PhD in Earth Sciences . Her research and teaching interests focus on the interactions between humans and the natural environment. She shares her expertise in topics such as climate, water, and geology in a youtube channel dedicated to scientific outreach and education .","sameAs":["https:\/\/www.youtube.com\/brightblue"],"url":"https:\/\/endorfeen.com\/fr\/linkto\/katjasimpson\/"}]}},"featured_image_src":"https:\/\/endorfeen.com\/wp-content\/uploads\/2022\/05\/nasa-yZygONrUBe8-unsplash-600x400.jpg","featured_image_src_square":"https:\/\/endorfeen.com\/wp-content\/uploads\/2022\/05\/nasa-yZygONrUBe8-unsplash-600x600.jpg","author_info":{"display_name":"Katja Simpson","author_link":"https:\/\/endorfeen.com\/fr\/linkto\/katjasimpson\/"},"acf":[],"_links":{"self":[{"href":"https:\/\/endorfeen.com\/fr\/wp-json\/wp\/v2\/posts\/2930","targetHints":{"allow":["GET"]}}],"collection":[{"href":"https:\/\/endorfeen.com\/fr\/wp-json\/wp\/v2\/posts"}],"about":[{"href":"https:\/\/endorfeen.com\/fr\/wp-json\/wp\/v2\/types\/post"}],"author":[{"embeddable":true,"href":"https:\/\/endorfeen.com\/fr\/wp-json\/wp\/v2\/users\/22"}],"replies":[{"embeddable":true,"href":"https:\/\/endorfeen.com\/fr\/wp-json\/wp\/v2\/comments?post=2930"}],"version-history":[{"count":0,"href":"https:\/\/endorfeen.com\/fr\/wp-json\/wp\/v2\/posts\/2930\/revisions"}],"wp:featuredmedia":[{"embeddable":true,"href":"https:\/\/endorfeen.com\/fr\/wp-json\/wp\/v2\/media\/2940"}],"wp:attachment":[{"href":"https:\/\/endorfeen.com\/fr\/wp-json\/wp\/v2\/media?parent=2930"}],"wp:term":[{"taxonomy":"category","embeddable":true,"href":"https:\/\/endorfeen.com\/fr\/wp-json\/wp\/v2\/categories?post=2930"},{"taxonomy":"post_tag","embeddable":true,"href":"https:\/\/endorfeen.com\/fr\/wp-json\/wp\/v2\/tags?post=2930"},{"taxonomy":"sponsor","embeddable":true,"href":"https:\/\/endorfeen.com\/fr\/wp-json\/wp\/v2\/sponsor?post=2930"}],"curies":[{"name":"wp","href":"https:\/\/api.w.org\/{rel}","templated":true}]}}