{"id":2896,"date":"2022-07-21T16:18:00","date_gmt":"2022-07-21T15:18:00","guid":{"rendered":"https:\/\/endorfeen.com\/?p=2896"},"modified":"2023-08-18T11:02:31","modified_gmt":"2023-08-18T10:02:31","slug":"anthony-castelle-photographe-outdoor","status":"publish","type":"post","link":"https:\/\/endorfeen.com\/fr\/anthony-castelle-photographe-outdoor\/","title":{"rendered":"Anthony Castelle &#8211; Photographe Outdoor"},"content":{"rendered":"\n<p class=\"is-style-default has-black-color has-text-color\">La montagne, ma passion depuis toujours. Originaire de Paris, ma vie a soudainement bascul\u00e9 en montagne \u00e0 Chamonix pour y vivre et pratiquer tous ces sports incroyables. La photographie est venue tr\u00e8s rapidement car elle me permet d&rsquo;explorer la montagne dans toute sa beaut\u00e9. Ce qui est incroyable c&rsquo;est que chaque jour la lumi\u00e8re, les couleurs, les ambiances changent sans arr\u00eat ce qui nous donne des photos spectaculaires ! <\/p>\n\n\n\n<p class=\"is-style-default has-black-color has-text-color\">Ce qu&rsquo;il me pla\u00eet le plus dans ce milieu c&rsquo;est de pouvoir rencontrer du beau monde comme par exemple les athl\u00e8tes de diff\u00e9rentes disciplines sportives et de pouvoir les suivre dans leurs aventures. Je r\u00eave d&rsquo;explorer le monde en qu\u00eate des plus beaux endroits que m\u00e8re nature nous cache et de ramener des images afin de faire voyager les gens.<\/p>\n\n\n\n<h2 class=\"wp-block-heading\">endorfeen : d&rsquo;o\u00f9 viens-tu ?<\/h2>\n\n\n\n<p>Je viens de la capitale fran\u00e7aise en r\u00e9gion parisienne.<\/p>\n\n\n\n<figure class=\"wp-block-image alignwide size-large\"><img loading=\"lazy\" decoding=\"async\" width=\"683\" height=\"1024\" src=\"https:\/\/endorfeen.com\/wp-content\/uploads\/2022\/07\/E550A67A-C545-4B86-94B1-236BD1B626D6-683x1024.jpeg\" alt=\"\" class=\"wp-image-3614\" srcset=\"https:\/\/endorfeen.com\/wp-content\/uploads\/2022\/07\/E550A67A-C545-4B86-94B1-236BD1B626D6-200x300.jpeg 200w, https:\/\/endorfeen.com\/wp-content\/uploads\/2022\/07\/E550A67A-C545-4B86-94B1-236BD1B626D6-683x1024.jpeg 683w, https:\/\/endorfeen.com\/wp-content\/uploads\/2022\/07\/E550A67A-C545-4B86-94B1-236BD1B626D6-768x1152.jpeg 768w, https:\/\/endorfeen.com\/wp-content\/uploads\/2022\/07\/E550A67A-C545-4B86-94B1-236BD1B626D6-1024x1536.jpeg 1024w, https:\/\/endorfeen.com\/wp-content\/uploads\/2022\/07\/E550A67A-C545-4B86-94B1-236BD1B626D6.jpeg 1365w\" sizes=\"auto, (max-width: 683px) 100vw, 683px\" \/><\/figure>\n\n\n\n<h2 class=\"wp-block-heading\">endorfeen : que fais-tu aujourd&rsquo;hui ?<\/h2>\n\n\n\n<p>Aujourd\u2019hui je suis photographe freelance et je travaille pour quelques marques et \u00e9v\u00e9nements sportifs en haute savoie , j\u2019aime shooter de l\u2019action pour mettre en sc\u00e8ne des athl\u00e8tes dans leurs disciplines sportives, j\u2019aime aussi jouer avec les ambiances et les paysages autour de la montagne.<\/p>\n\n\n\n<p>Chaque jour les ambiances changent selon la m\u00e9t\u00e9o (nuages, neiges, vent etc..) et les couleurs changent avec les saisons comme par exemple l\u2019automne qui nous donne des images splendides avec l\u2019orange des arbres et la puret\u00e9 de la montagne .<\/p>\n\n\n\n<p>Une chose que j\u2019aime faire dans mon m\u00e9tier c\u2019est la retouche photo, j\u2019aime fa\u00e7onner une image pour la rendre encore plus belle !<\/p>\n\n\n\n<h2 class=\"wp-block-heading\">endorfeen : d&rsquo;o\u00f9 vient ta passion pour la montagne ?<\/h2>\n\n\n\n<p>Ma passion de la montagne a commenc\u00e9 depuis que j\u2019ai l\u2019\u00e2ge de tenir des skis dans la main !<\/p>\n\n\n\n<p>Tous les ans j\u2019allais skier en famille \u00e0 Chamonix et d\u00e8s que je repartais c\u2019\u00e9tait la d\u00e9prime pendant 10 jours car je n\u2019aimais pas retourner dans la grande ville, entourr\u00e9 de grue.<br>Jamais je me lasserai d\u2019un tel milieu !<\/p>\n\n\n\n<figure class=\"wp-block-image alignwide size-large\"><img loading=\"lazy\" decoding=\"async\" width=\"639\" height=\"1024\" src=\"https:\/\/endorfeen.com\/wp-content\/uploads\/2022\/07\/AC9CD0D7-D01F-48A7-A9D1-DB25E8F0CE20-639x1024.jpeg\" alt=\"\" class=\"wp-image-3616\" srcset=\"https:\/\/endorfeen.com\/wp-content\/uploads\/2022\/07\/AC9CD0D7-D01F-48A7-A9D1-DB25E8F0CE20-187x300.jpeg 187w, https:\/\/endorfeen.com\/wp-content\/uploads\/2022\/07\/AC9CD0D7-D01F-48A7-A9D1-DB25E8F0CE20-639x1024.jpeg 639w, https:\/\/endorfeen.com\/wp-content\/uploads\/2022\/07\/AC9CD0D7-D01F-48A7-A9D1-DB25E8F0CE20-768x1232.jpeg 768w, https:\/\/endorfeen.com\/wp-content\/uploads\/2022\/07\/AC9CD0D7-D01F-48A7-A9D1-DB25E8F0CE20-958x1536.jpeg 958w, https:\/\/endorfeen.com\/wp-content\/uploads\/2022\/07\/AC9CD0D7-D01F-48A7-A9D1-DB25E8F0CE20.jpeg 1277w\" sizes=\"auto, (max-width: 639px) 100vw, 639px\" \/><\/figure>\n\n\n\n<h2 class=\"wp-block-heading\">endorfeen : comment as-tu d\u00e9couvert la photographie ?<\/h2>\n\n\n\n<p>La photographie est venue naturellement compl\u00e9ter mes aventures en montagne autour d\u2019une randonn\u00e9e ou d\u2019un \u00e9v\u00e9nement sportif.<\/p>\n\n\n\n<p>C\u2019est devenu une passion car la photographie me permet d\u2019explorer la montagne dans toute sa splendeur et d\u2019en ramener des images dont on n&rsquo;a pas l\u2019habitude de voir ! J\u2019ai commenc\u00e9 seul avec mon bo\u00eetier et presque tous les jours j\u2019allais marcher pour photographier du paysage.<\/p>\n\n\n\n<p>Aujourd\u2019hui je suis heureux de conna\u00eetre d\u2019autres photographes avec qui j\u2019ai pu travailler.<\/p>\n\n\n\n<h2 class=\"wp-block-heading\">endorfeen : est-ce que tu as des mentors ?<\/h2>\n\n\n\n<p>Le gars qui m\u2019a inspir\u00e9 et qui m\u2019\u00e9pate encore aujourd\u2019hui c\u2019est Mathis Dumas car il a un talent monstrueux pour mettre en avant la beaut\u00e9 de la montagne et la beaut\u00e9 du sport car il est photographe et guide de haute montagne ce qui lui permet de combiner alpinisme et photo donc forc\u00e9ment on retrouve des images fantastiques .<\/p>\n\n\n\n<p>Un grand respect \u00e0 lui !!<\/p>\n\n\n\n<blockquote class=\"wp-block-quote is-style-plain is-layout-flow wp-block-quote-is-layout-flow\"><p>Il ne s&rsquo;agit pas de transmettre une vision, mais de toucher les gens \u00e0 travers une image<\/p><cite>Ansel Adams<\/cite><\/blockquote>\n\n\n\n<h2 class=\"wp-block-heading\">endorfeen : quel est ton meilleur souvenir de montagne ?<\/h2>\n\n\n\n<p>Mon meilleur souvenir \u00e0 ce jour c\u2019\u00e9tait pendant un shooting pour l\u2019utmb avec The North Face . C\u2019\u00e9tait une exp\u00e9rience vraiment int\u00e9ressante pour moi .<\/p>\n\n\n\n<p>Suivre les athl\u00e8tes et les shooter dans leurs courses c\u2019est vraiment palpitant car il faut d\u00e9finir des points int\u00e9ressant pour shooter et d\u00e8s qu\u2019on a fini ce point il faut tr\u00e8s rapidement se rendre \u00e0 l\u2019autre point plus loin avant que l\u2019athl\u00e8te ne d\u00e9passe ce point donc c\u2019est une course pour les photographes aussi .<\/p>\n\n\n\n<p>Le soir pour aller prendre des photos de la ligne d\u2019arriv\u00e9e c\u2019\u00e9tait tellement juste qu\u2019on a carr\u00e9ment gar\u00e9 la voiture en biais dans une rue et couru pour ne surtout pas rater le grand moment \u00e9mouvant de la ligne d\u2019arriv\u00e9e pour l\u2019athl\u00e8te !<\/p>\n\n\n\n<figure class=\"wp-block-image alignwide size-large\"><img loading=\"lazy\" decoding=\"async\" width=\"683\" height=\"1024\" src=\"https:\/\/endorfeen.com\/wp-content\/uploads\/2022\/07\/A1CF4C71-A298-4D2D-8234-A50F00125421-683x1024.jpeg\" alt=\"\" class=\"wp-image-3618\" srcset=\"https:\/\/endorfeen.com\/wp-content\/uploads\/2022\/07\/A1CF4C71-A298-4D2D-8234-A50F00125421-200x300.jpeg 200w, https:\/\/endorfeen.com\/wp-content\/uploads\/2022\/07\/A1CF4C71-A298-4D2D-8234-A50F00125421-683x1024.jpeg 683w, https:\/\/endorfeen.com\/wp-content\/uploads\/2022\/07\/A1CF4C71-A298-4D2D-8234-A50F00125421-768x1152.jpeg 768w, https:\/\/endorfeen.com\/wp-content\/uploads\/2022\/07\/A1CF4C71-A298-4D2D-8234-A50F00125421-1024x1536.jpeg 1024w, https:\/\/endorfeen.com\/wp-content\/uploads\/2022\/07\/A1CF4C71-A298-4D2D-8234-A50F00125421-1365x2048.jpeg 1365w, https:\/\/endorfeen.com\/wp-content\/uploads\/2022\/07\/A1CF4C71-A298-4D2D-8234-A50F00125421-scaled.jpeg 1366w\" sizes=\"auto, (max-width: 683px) 100vw, 683px\" \/><\/figure>\n\n\n\n<h2 class=\"wp-block-heading\">endorfeen : quel a \u00e9t\u00e9 le plus beau projet sur lequel tu as \u00e9t\u00e9 amen\u00e9 \u00e0 travailler ?<\/h2>\n\n\n\n<p>Le meilleur projet auquel j\u2019ai particip\u00e9 reste le plaisir de shooter entre potes lors d\u2019une journ\u00e9e v\u00e9lo l\u2019\u00e9t\u00e9 ou en ski l\u2019hiver .<\/p>\n\n\n\n<p>Cet hiver j\u2019ai particip\u00e9 \u00e0 une journ\u00e9e freeride organis\u00e9e par The North Face aux grands montets \u00e0 Chamonix et c\u2019\u00e9tait vraiment chouette de prendre des images de poudreuse avec des gars qui savent skier et rendre le moment magique !!<\/p>\n\n\n\n<h2 class=\"wp-block-heading\">endorfeen : c&rsquo;est quoi une semaine \u00ab\u00a0type\u00a0\u00bb pour toi ?<\/h2>\n\n\n\n<p>La semaine type pour moi c\u2019est de pouvoir participer \u00e0 plusieurs projets dans la semaine afin d\u2019\u00eatre le plus polyvalent possible !<\/p>\n","protected":false},"excerpt":{"rendered":"<p>La montagne, ma passion depuis toujours. Originaire de Paris, ma vie a soudainement bascul\u00e9 en montagne \u00e0 Chamonix pour y vivre et pratiquer tous ces sports incroyables. La photographie est venue tr\u00e8s rapidement car elle me permet d&rsquo;explorer la montagne dans toute sa beaut\u00e9. Ce qui est incroyable c&rsquo;est que chaque jour la lumi\u00e8re, les &hellip;<\/p>\n","protected":false},"author":15,"featured_media":3610,"comment_status":"open","ping_status":"open","sticky":false,"template":"","format":"standard","meta":{"_acf_changed":false,"_genesis_hide_title":false,"_genesis_hide_breadcrumbs":false,"_genesis_hide_singular_image":false,"_genesis_hide_footer_widgets":false,"_genesis_custom_body_class":"","_genesis_custom_post_class":"","_genesis_layout":"","footnotes":""},"categories":[158,149],"tags":[166],"sponsor":[1087],"class_list":{"2":"type-post","7":"category-prophetes","8":"category-non-classifiee","9":"tag-photographie","10":"sponsor-endorfeen","11":"entry"},"yoast_head":"<!-- This site is optimized with the Yoast SEO Premium plugin v26.2 (Yoast SEO v26.2) - https:\/\/yoast.com\/wordpress\/plugins\/seo\/ -->\n<title>Anthony Castelle - Photographe Outdoor - endorfeen<\/title>\n<meta name=\"description\" content=\"La montagne, ma passion depuis toujours. Originaire de Paris, ma vie a soudainement bascul\u00e9 en montagne \u00e0 Chamonix pour y vivre et...\" \/>\n<meta name=\"robots\" content=\"index, follow, max-snippet:-1, max-image-preview:large, max-video-preview:-1\" \/>\n<link rel=\"canonical\" href=\"https:\/\/endorfeen.com\/fr\/anthony-castelle-photographe-outdoor\/\" \/>\n<meta property=\"og:locale\" content=\"fr_FR\" \/>\n<meta property=\"og:type\" content=\"article\" \/>\n<meta property=\"og:title\" content=\"Anthony Castelle - Photographe Outdoor\" \/>\n<meta property=\"og:description\" content=\"La montagne, ma passion depuis toujours. Originaire de Paris, ma vie a soudainement bascul\u00e9 en montagne \u00e0 Chamonix pour y vivre et...\" \/>\n<meta property=\"og:url\" content=\"https:\/\/endorfeen.com\/fr\/anthony-castelle-photographe-outdoor\/\" \/>\n<meta property=\"og:site_name\" content=\"endorfeen\" \/>\n<meta property=\"article:published_time\" content=\"2022-07-21T15:18:00+00:00\" \/>\n<meta property=\"article:modified_time\" content=\"2023-08-18T10:02:31+00:00\" \/>\n<meta property=\"og:image\" content=\"https:\/\/endorfeen.com\/wp-content\/uploads\/2022\/07\/1B3C3AA6-EE50-4557-8777-B69FB61288C7-1024x730.jpeg\" \/>\n\t<meta property=\"og:image:width\" content=\"1024\" \/>\n\t<meta property=\"og:image:height\" content=\"730\" \/>\n\t<meta property=\"og:image:type\" content=\"image\/jpeg\" \/>\n<meta name=\"author\" content=\"Anthony Castelle\" \/>\n<meta name=\"twitter:card\" content=\"summary_large_image\" \/>\n<meta name=\"twitter:label1\" content=\"\u00c9crit par\" \/>\n\t<meta name=\"twitter:data1\" content=\"Anthony Castelle\" \/>\n\t<meta name=\"twitter:label2\" content=\"Dur\u00e9e de lecture estim\u00e9e\" \/>\n\t<meta name=\"twitter:data2\" content=\"4 minutes\" \/>\n<script type=\"application\/ld+json\" class=\"yoast-schema-graph\">{\"@context\":\"https:\/\/schema.org\",\"@graph\":[{\"@type\":\"Article\",\"@id\":\"https:\/\/endorfeen.com\/fr\/anthony-castelle-photographe-outdoor\/#article\",\"isPartOf\":{\"@id\":\"https:\/\/endorfeen.com\/fr\/anthony-castelle-photographe-outdoor\/\"},\"author\":{\"name\":\"Anthony Castelle\",\"@id\":\"https:\/\/endorfeen.com\/fr\/#\/schema\/person\/c212632e87ce45f63501effbda7a4230\"},\"headline\":\"Anthony Castelle &#8211; Photographe Outdoor\",\"datePublished\":\"2022-07-21T15:18:00+00:00\",\"dateModified\":\"2023-08-18T10:02:31+00:00\",\"mainEntityOfPage\":{\"@id\":\"https:\/\/endorfeen.com\/fr\/anthony-castelle-photographe-outdoor\/\"},\"wordCount\":817,\"commentCount\":0,\"publisher\":{\"@id\":\"https:\/\/endorfeen.com\/fr\/#organization\"},\"image\":{\"@id\":\"https:\/\/endorfeen.com\/fr\/anthony-castelle-photographe-outdoor\/#primaryimage\"},\"thumbnailUrl\":\"https:\/\/endorfeen.com\/wp-content\/uploads\/2022\/07\/1B3C3AA6-EE50-4557-8777-B69FB61288C7.jpeg\",\"keywords\":[\"#photographie\"],\"articleSection\":[\"Proph\u00e8tes\",\"Non classifi\u00e9(e)\"],\"inLanguage\":\"fr-FR\",\"potentialAction\":[{\"@type\":\"CommentAction\",\"name\":\"Comment\",\"target\":[\"https:\/\/endorfeen.com\/fr\/anthony-castelle-photographe-outdoor\/#respond\"]}]},{\"@type\":\"WebPage\",\"@id\":\"https:\/\/endorfeen.com\/fr\/anthony-castelle-photographe-outdoor\/\",\"url\":\"https:\/\/endorfeen.com\/fr\/anthony-castelle-photographe-outdoor\/\",\"name\":\"Anthony Castelle - Photographe Outdoor - endorfeen\",\"isPartOf\":{\"@id\":\"https:\/\/endorfeen.com\/fr\/#website\"},\"primaryImageOfPage\":{\"@id\":\"https:\/\/endorfeen.com\/fr\/anthony-castelle-photographe-outdoor\/#primaryimage\"},\"image\":{\"@id\":\"https:\/\/endorfeen.com\/fr\/anthony-castelle-photographe-outdoor\/#primaryimage\"},\"thumbnailUrl\":\"https:\/\/endorfeen.com\/wp-content\/uploads\/2022\/07\/1B3C3AA6-EE50-4557-8777-B69FB61288C7.jpeg\",\"datePublished\":\"2022-07-21T15:18:00+00:00\",\"dateModified\":\"2023-08-18T10:02:31+00:00\",\"description\":\"La montagne, ma passion depuis toujours. Originaire de Paris, ma vie a soudainement bascul\u00e9 en montagne \u00e0 Chamonix pour y vivre et...\",\"breadcrumb\":{\"@id\":\"https:\/\/endorfeen.com\/fr\/anthony-castelle-photographe-outdoor\/#breadcrumb\"},\"inLanguage\":\"fr-FR\",\"potentialAction\":[{\"@type\":\"ReadAction\",\"target\":[\"https:\/\/endorfeen.com\/fr\/anthony-castelle-photographe-outdoor\/\"]}]},{\"@type\":\"ImageObject\",\"inLanguage\":\"fr-FR\",\"@id\":\"https:\/\/endorfeen.com\/fr\/anthony-castelle-photographe-outdoor\/#primaryimage\",\"url\":\"https:\/\/endorfeen.com\/wp-content\/uploads\/2022\/07\/1B3C3AA6-EE50-4557-8777-B69FB61288C7.jpeg\",\"contentUrl\":\"https:\/\/endorfeen.com\/wp-content\/uploads\/2022\/07\/1B3C3AA6-EE50-4557-8777-B69FB61288C7.jpeg\",\"width\":2048,\"height\":1459,\"caption\":\"Anto Castelle\"},{\"@type\":\"BreadcrumbList\",\"@id\":\"https:\/\/endorfeen.com\/fr\/anthony-castelle-photographe-outdoor\/#breadcrumb\",\"itemListElement\":[{\"@type\":\"ListItem\",\"position\":1,\"name\":\"Home\",\"item\":\"https:\/\/endorfeen.com\/fr\/\"},{\"@type\":\"ListItem\",\"position\":2,\"name\":\"Anthony Castelle &#8211; Photographe Outdoor\"}]},{\"@type\":\"WebSite\",\"@id\":\"https:\/\/endorfeen.com\/fr\/#website\",\"url\":\"https:\/\/endorfeen.com\/fr\/\",\"name\":\"endorfeen\",\"description\":\"The Media For Sustainable Outdoors.\",\"publisher\":{\"@id\":\"https:\/\/endorfeen.com\/fr\/#organization\"},\"potentialAction\":[{\"@type\":\"SearchAction\",\"target\":{\"@type\":\"EntryPoint\",\"urlTemplate\":\"https:\/\/endorfeen.com\/fr\/?s={search_term_string}\"},\"query-input\":{\"@type\":\"PropertyValueSpecification\",\"valueRequired\":true,\"valueName\":\"search_term_string\"}}],\"inLanguage\":\"fr-FR\"},{\"@type\":\"Organization\",\"@id\":\"https:\/\/endorfeen.com\/fr\/#organization\",\"name\":\"endorfeen\",\"url\":\"https:\/\/endorfeen.com\/fr\/\",\"logo\":{\"@type\":\"ImageObject\",\"inLanguage\":\"fr-FR\",\"@id\":\"https:\/\/endorfeen.com\/fr\/#\/schema\/logo\/image\/\",\"url\":\"https:\/\/endorfeen.com\/wp-content\/uploads\/2022\/06\/Circle-endorfeen-site-icon-circled-1000-x-1000-300psi.png\",\"contentUrl\":\"https:\/\/endorfeen.com\/wp-content\/uploads\/2022\/06\/Circle-endorfeen-site-icon-circled-1000-x-1000-300psi.png\",\"width\":1000,\"height\":1000,\"caption\":\"endorfeen\"},\"image\":{\"@id\":\"https:\/\/endorfeen.com\/fr\/#\/schema\/logo\/image\/\"}},{\"@type\":\"Person\",\"@id\":\"https:\/\/endorfeen.com\/fr\/#\/schema\/person\/c212632e87ce45f63501effbda7a4230\",\"name\":\"Anthony Castelle\",\"image\":{\"@type\":\"ImageObject\",\"inLanguage\":\"fr-FR\",\"@id\":\"https:\/\/endorfeen.com\/fr\/#\/schema\/person\/image\/\",\"url\":\"https:\/\/secure.gravatar.com\/avatar\/f908c3e324b3c3361e71f1065791e0f814d28d323fa44873a642914ca7ae7753?s=96&d=mm&r=g\",\"contentUrl\":\"https:\/\/secure.gravatar.com\/avatar\/f908c3e324b3c3361e71f1065791e0f814d28d323fa44873a642914ca7ae7753?s=96&d=mm&r=g\",\"caption\":\"Anthony Castelle\"},\"description\":\"Je suis n\u00e9 et j\u2019ai grandi en r\u00e9gion parisienne . Tout commence par une passion , le ski . D\u00e9j\u00e0 depuis tout petit le ski me faisait vivre des moments incroyables \u00e0 travers la vall\u00e9e de Chamonix . un jour j\u2019ai d\u00e9cid\u00e9 de m\u2019installer en montagne dans ma vall\u00e9e favorite et d\u2019y vivre . La photographie est devenue tr\u00e8s rapidement ma passion car elle me permet d\u2019explorer la montagne dans toute sa splendeur.\",\"sameAs\":[\"https:\/\/www.anthonycastelle.com\/\",\"https:\/\/www.instagram.com\/antocastelle\/\"],\"url\":\"https:\/\/endorfeen.com\/fr\/linkto\/antocastelle\/\"}]}<\/script>\n<!-- \/ Yoast SEO Premium plugin. -->","yoast_head_json":{"title":"Anthony Castelle - Photographe Outdoor - endorfeen","description":"La montagne, ma passion depuis toujours. Originaire de Paris, ma vie a soudainement bascul\u00e9 en montagne \u00e0 Chamonix pour y vivre et...","robots":{"index":"index","follow":"follow","max-snippet":"max-snippet:-1","max-image-preview":"max-image-preview:large","max-video-preview":"max-video-preview:-1"},"canonical":"https:\/\/endorfeen.com\/fr\/anthony-castelle-photographe-outdoor\/","og_locale":"fr_FR","og_type":"article","og_title":"Anthony Castelle - Photographe Outdoor","og_description":"La montagne, ma passion depuis toujours. Originaire de Paris, ma vie a soudainement bascul\u00e9 en montagne \u00e0 Chamonix pour y vivre et...","og_url":"https:\/\/endorfeen.com\/fr\/anthony-castelle-photographe-outdoor\/","og_site_name":"endorfeen","article_published_time":"2022-07-21T15:18:00+00:00","article_modified_time":"2023-08-18T10:02:31+00:00","og_image":[{"width":1024,"height":730,"url":"https:\/\/endorfeen.com\/wp-content\/uploads\/2022\/07\/1B3C3AA6-EE50-4557-8777-B69FB61288C7-1024x730.jpeg","type":"image\/jpeg"}],"author":"Anthony Castelle","twitter_card":"summary_large_image","twitter_misc":{"\u00c9crit par":"Anthony Castelle","Dur\u00e9e de lecture estim\u00e9e":"4 minutes"},"schema":{"@context":"https:\/\/schema.org","@graph":[{"@type":"Article","@id":"https:\/\/endorfeen.com\/fr\/anthony-castelle-photographe-outdoor\/#article","isPartOf":{"@id":"https:\/\/endorfeen.com\/fr\/anthony-castelle-photographe-outdoor\/"},"author":{"name":"Anthony Castelle","@id":"https:\/\/endorfeen.com\/fr\/#\/schema\/person\/c212632e87ce45f63501effbda7a4230"},"headline":"Anthony Castelle &#8211; Photographe Outdoor","datePublished":"2022-07-21T15:18:00+00:00","dateModified":"2023-08-18T10:02:31+00:00","mainEntityOfPage":{"@id":"https:\/\/endorfeen.com\/fr\/anthony-castelle-photographe-outdoor\/"},"wordCount":817,"commentCount":0,"publisher":{"@id":"https:\/\/endorfeen.com\/fr\/#organization"},"image":{"@id":"https:\/\/endorfeen.com\/fr\/anthony-castelle-photographe-outdoor\/#primaryimage"},"thumbnailUrl":"https:\/\/endorfeen.com\/wp-content\/uploads\/2022\/07\/1B3C3AA6-EE50-4557-8777-B69FB61288C7.jpeg","keywords":["#photographie"],"articleSection":["Proph\u00e8tes","Non classifi\u00e9(e)"],"inLanguage":"fr-FR","potentialAction":[{"@type":"CommentAction","name":"Comment","target":["https:\/\/endorfeen.com\/fr\/anthony-castelle-photographe-outdoor\/#respond"]}]},{"@type":"WebPage","@id":"https:\/\/endorfeen.com\/fr\/anthony-castelle-photographe-outdoor\/","url":"https:\/\/endorfeen.com\/fr\/anthony-castelle-photographe-outdoor\/","name":"Anthony Castelle - Photographe Outdoor - endorfeen","isPartOf":{"@id":"https:\/\/endorfeen.com\/fr\/#website"},"primaryImageOfPage":{"@id":"https:\/\/endorfeen.com\/fr\/anthony-castelle-photographe-outdoor\/#primaryimage"},"image":{"@id":"https:\/\/endorfeen.com\/fr\/anthony-castelle-photographe-outdoor\/#primaryimage"},"thumbnailUrl":"https:\/\/endorfeen.com\/wp-content\/uploads\/2022\/07\/1B3C3AA6-EE50-4557-8777-B69FB61288C7.jpeg","datePublished":"2022-07-21T15:18:00+00:00","dateModified":"2023-08-18T10:02:31+00:00","description":"La montagne, ma passion depuis toujours. Originaire de Paris, ma vie a soudainement bascul\u00e9 en montagne \u00e0 Chamonix pour y vivre et...","breadcrumb":{"@id":"https:\/\/endorfeen.com\/fr\/anthony-castelle-photographe-outdoor\/#breadcrumb"},"inLanguage":"fr-FR","potentialAction":[{"@type":"ReadAction","target":["https:\/\/endorfeen.com\/fr\/anthony-castelle-photographe-outdoor\/"]}]},{"@type":"ImageObject","inLanguage":"fr-FR","@id":"https:\/\/endorfeen.com\/fr\/anthony-castelle-photographe-outdoor\/#primaryimage","url":"https:\/\/endorfeen.com\/wp-content\/uploads\/2022\/07\/1B3C3AA6-EE50-4557-8777-B69FB61288C7.jpeg","contentUrl":"https:\/\/endorfeen.com\/wp-content\/uploads\/2022\/07\/1B3C3AA6-EE50-4557-8777-B69FB61288C7.jpeg","width":2048,"height":1459,"caption":"Anto Castelle"},{"@type":"BreadcrumbList","@id":"https:\/\/endorfeen.com\/fr\/anthony-castelle-photographe-outdoor\/#breadcrumb","itemListElement":[{"@type":"ListItem","position":1,"name":"Home","item":"https:\/\/endorfeen.com\/fr\/"},{"@type":"ListItem","position":2,"name":"Anthony Castelle &#8211; Photographe Outdoor"}]},{"@type":"WebSite","@id":"https:\/\/endorfeen.com\/fr\/#website","url":"https:\/\/endorfeen.com\/fr\/","name":"endorfeen","description":"The Media For Sustainable Outdoors.","publisher":{"@id":"https:\/\/endorfeen.com\/fr\/#organization"},"potentialAction":[{"@type":"SearchAction","target":{"@type":"EntryPoint","urlTemplate":"https:\/\/endorfeen.com\/fr\/?s={search_term_string}"},"query-input":{"@type":"PropertyValueSpecification","valueRequired":true,"valueName":"search_term_string"}}],"inLanguage":"fr-FR"},{"@type":"Organization","@id":"https:\/\/endorfeen.com\/fr\/#organization","name":"endorfeen","url":"https:\/\/endorfeen.com\/fr\/","logo":{"@type":"ImageObject","inLanguage":"fr-FR","@id":"https:\/\/endorfeen.com\/fr\/#\/schema\/logo\/image\/","url":"https:\/\/endorfeen.com\/wp-content\/uploads\/2022\/06\/Circle-endorfeen-site-icon-circled-1000-x-1000-300psi.png","contentUrl":"https:\/\/endorfeen.com\/wp-content\/uploads\/2022\/06\/Circle-endorfeen-site-icon-circled-1000-x-1000-300psi.png","width":1000,"height":1000,"caption":"endorfeen"},"image":{"@id":"https:\/\/endorfeen.com\/fr\/#\/schema\/logo\/image\/"}},{"@type":"Person","@id":"https:\/\/endorfeen.com\/fr\/#\/schema\/person\/c212632e87ce45f63501effbda7a4230","name":"Anthony Castelle","image":{"@type":"ImageObject","inLanguage":"fr-FR","@id":"https:\/\/endorfeen.com\/fr\/#\/schema\/person\/image\/","url":"https:\/\/secure.gravatar.com\/avatar\/f908c3e324b3c3361e71f1065791e0f814d28d323fa44873a642914ca7ae7753?s=96&d=mm&r=g","contentUrl":"https:\/\/secure.gravatar.com\/avatar\/f908c3e324b3c3361e71f1065791e0f814d28d323fa44873a642914ca7ae7753?s=96&d=mm&r=g","caption":"Anthony Castelle"},"description":"Je suis n\u00e9 et j\u2019ai grandi en r\u00e9gion parisienne . Tout commence par une passion , le ski . D\u00e9j\u00e0 depuis tout petit le ski me faisait vivre des moments incroyables \u00e0 travers la vall\u00e9e de Chamonix . un jour j\u2019ai d\u00e9cid\u00e9 de m\u2019installer en montagne dans ma vall\u00e9e favorite et d\u2019y vivre . La photographie est devenue tr\u00e8s rapidement ma passion car elle me permet d\u2019explorer la montagne dans toute sa splendeur.","sameAs":["https:\/\/www.anthonycastelle.com\/","https:\/\/www.instagram.com\/antocastelle\/"],"url":"https:\/\/endorfeen.com\/fr\/linkto\/antocastelle\/"}]}},"featured_image_src":"https:\/\/endorfeen.com\/wp-content\/uploads\/2022\/07\/1B3C3AA6-EE50-4557-8777-B69FB61288C7-600x400.jpeg","featured_image_src_square":"https:\/\/endorfeen.com\/wp-content\/uploads\/2022\/07\/1B3C3AA6-EE50-4557-8777-B69FB61288C7-600x600.jpeg","author_info":{"display_name":"Anthony Castelle","author_link":"https:\/\/endorfeen.com\/fr\/linkto\/antocastelle\/"},"acf":[],"_links":{"self":[{"href":"https:\/\/endorfeen.com\/fr\/wp-json\/wp\/v2\/posts\/2896","targetHints":{"allow":["GET"]}}],"collection":[{"href":"https:\/\/endorfeen.com\/fr\/wp-json\/wp\/v2\/posts"}],"about":[{"href":"https:\/\/endorfeen.com\/fr\/wp-json\/wp\/v2\/types\/post"}],"author":[{"embeddable":true,"href":"https:\/\/endorfeen.com\/fr\/wp-json\/wp\/v2\/users\/15"}],"replies":[{"embeddable":true,"href":"https:\/\/endorfeen.com\/fr\/wp-json\/wp\/v2\/comments?post=2896"}],"version-history":[{"count":0,"href":"https:\/\/endorfeen.com\/fr\/wp-json\/wp\/v2\/posts\/2896\/revisions"}],"wp:featuredmedia":[{"embeddable":true,"href":"https:\/\/endorfeen.com\/fr\/wp-json\/wp\/v2\/media\/3610"}],"wp:attachment":[{"href":"https:\/\/endorfeen.com\/fr\/wp-json\/wp\/v2\/media?parent=2896"}],"wp:term":[{"taxonomy":"category","embeddable":true,"href":"https:\/\/endorfeen.com\/fr\/wp-json\/wp\/v2\/categories?post=2896"},{"taxonomy":"post_tag","embeddable":true,"href":"https:\/\/endorfeen.com\/fr\/wp-json\/wp\/v2\/tags?post=2896"},{"taxonomy":"sponsor","embeddable":true,"href":"https:\/\/endorfeen.com\/fr\/wp-json\/wp\/v2\/sponsor?post=2896"}],"curies":[{"name":"wp","href":"https:\/\/api.w.org\/{rel}","templated":true}]}}