{"id":2693,"date":"2022-04-08T10:32:54","date_gmt":"2022-04-08T09:32:54","guid":{"rendered":"https:\/\/endorfeen.com\/?p=2693"},"modified":"2023-08-18T11:02:40","modified_gmt":"2023-08-18T10:02:40","slug":"eiger-nordwand-alpi-stop","status":"publish","type":"post","link":"https:\/\/endorfeen.com\/fr\/eiger-nordwand-alpi-stop\/","title":{"rendered":"Eiger Nordwand, Alpi-stop"},"content":{"rendered":"\n<p>L&rsquo;Alpi-stop a \u00e9t\u00e9 invent\u00e9 lors de l&rsquo;ascension de l&rsquo;Eiger, en mars 2022 !<\/p>\n\n\n\n<h2 class=\"wp-block-heading\">Le plan initial<\/h2>\n\n\n\n<p>Apr\u00e8s une tentative infructueuse en janvier avec Etienne Potof, je d\u00e9cide d\u2019y retourner avec mon compagnon de cord\u00e9e f\u00e9tiche et fid\u00e8le Lucien Boucansaud. Il faut croire que le sort s\u2019acharne et Lucien malade d\u00e9cide d\u2019arr\u00eater \u00e0 la bouche de train (premi\u00e8re gare du train qui monte \u00e0 la Jungfraujoch) au bout de 4h de grimpe. <\/p>\n\n\n\n<p>Je lui demande si \u00e7a ne le d\u00e9range pas que je continue et il m\u2019y encourage, mais seul, c&rsquo;est une connerie\u202f! C\u2019est alors que je d\u00e9cide de faire appel aux deux cord\u00e9es qui nous suivent, et si par hasard ils sont d\u2019accord de me prendre avec eux\u2026 ? J\u2019ai nomm\u00e9 \u00e7a l\u2019alpistop, comme quand tu tends le pouce \u00e0 l\u2019entr\u00e9e de l\u2019autoroute, mais l\u00e0 il fait nuit et on est en pleine face nord. Une d\u2019entre elles (des Allemands) abandonne et repart avec Lucien (il faut savoir qu\u2019on s\u2019\u00e9tait perdus pendant deux heures) et la seconde accepte. <\/p>\n\n\n<div class=\"wp-container wp-block-custom-gallery alignfull- has-xl-margin-top- has-xl-margin-bottom-\"><div class=\"image-wrapper\"><div class=\"asset-container\"><div class=\"asset-imageToggle\"><figure class=\"image-container\"><img decoding=\"async\" src=\"https:\/\/endorfeen.com\/wp-content\/uploads\/2022\/04\/277082173_989275585322580_7833635976192733290_n.jpeg\" \/><\/figure><\/div><\/div><\/div><div class=\"image-wrapper\"><div class=\"asset-container\"><div class=\"asset-imageToggle\"><figure class=\"image-container\"><img decoding=\"async\" src=\"https:\/\/endorfeen.com\/wp-content\/uploads\/2022\/04\/277116308_1400836583720144_7841398509576921598_n.jpeg\" \/><\/figure><\/div><\/div><\/div><div class=\"image-wrapper\"><div class=\"asset-container\"><div class=\"asset-imageToggle\"><figure class=\"image-container\"><img decoding=\"async\" src=\"https:\/\/endorfeen.com\/wp-content\/uploads\/2022\/04\/277318667_1137870333679224_4889670383940219936_n.jpeg\" \/><\/figure><\/div><\/div><\/div><\/div>\n\n\n<h2 class=\"wp-block-heading\">L&rsquo;ascension<\/h2>\n\n\n\n<p>Ce n\u2019est rien que <a href=\"https:\/\/www.instagram.com\/christophedumarest\/\" target=\"_blank\" rel=\"noreferrer noopener\">Christophe Dumarest<\/a> avec son client Didier. Ce dernier me dit\u00a0: il faudrait vraiment pas aimer la montagne pour refuser de te prendre sur notre corde ! G\u00e9nial ! Lucien en s\u00e9curit\u00e9 au train, me voici parti faire un tutorat d\u2019anthologie avec un guide et une cord\u00e9e en or. Nous grimpons en fl\u00e8che et r\u00e9partissons les longueurs. Et, c&rsquo;est dans la bonne humeur et la joie d\u2019\u00eatre \u00e0 nouveau dans cette immense face sauvage que nous arriveront au sommet autour de 20h30. En plus d\u2019une belle aventure, j\u2019ai v\u00e9cu un vrai bel enseignement in situ. <\/p>\n\n\n\n<p>Merci Christophe. Pur esprit !<\/p>\n\n\n\n<p>Au passage, je cl\u00f4ture la trilogie des face nord des Alpes &#8211; Eiger, Grandes Jorasses et Cervin &#8211; qui me tenait tant \u00e0 c\u0153ur. J\u2019ai r\u00e9solu aujourd\u2019hui le dernier probl\u00e8me (pas des miens) des Alpes (ce qui se disait en 1938 pour le clin d\u2019\u0153il historique) \ud83d\ude09<\/p>\n\n\n\n<figure class=\"wp-block-gallery alignwide has-nested-images columns-default is-cropped wp-block-gallery-1 is-layout-flex wp-block-gallery-is-layout-flex\">\n<figure class=\"wp-block-image size-large\"><img loading=\"lazy\" decoding=\"async\" width=\"640\" height=\"798\" data-id=\"2707\" src=\"https:\/\/endorfeen.com\/wp-content\/uploads\/2022\/04\/276969775_336926695125725_8920991961140623841_n.jpeg\" alt=\"Sleeping on the Eiger\" class=\"wp-image-2707\" srcset=\"https:\/\/endorfeen.com\/wp-content\/uploads\/2022\/04\/276969775_336926695125725_8920991961140623841_n-241x300.jpeg 241w, https:\/\/endorfeen.com\/wp-content\/uploads\/2022\/04\/276969775_336926695125725_8920991961140623841_n.jpeg 640w\" sizes=\"auto, (max-width: 640px) 100vw, 640px\" \/><figcaption>credit: Christophe Dumarest<\/figcaption><\/figure>\n\n\n\n<figure class=\"wp-block-image size-large\"><img loading=\"lazy\" decoding=\"async\" width=\"640\" height=\"800\" data-id=\"2713\" src=\"https:\/\/endorfeen.com\/wp-content\/uploads\/2022\/04\/276987103_519720219510014_4316442045853440000_n.jpeg\" alt=\"Hanged on the Eiger\" class=\"wp-image-2713\" srcset=\"https:\/\/endorfeen.com\/wp-content\/uploads\/2022\/04\/276987103_519720219510014_4316442045853440000_n-240x300.jpeg 240w, https:\/\/endorfeen.com\/wp-content\/uploads\/2022\/04\/276987103_519720219510014_4316442045853440000_n.jpeg 640w\" sizes=\"auto, (max-width: 640px) 100vw, 640px\" \/><\/figure>\n<\/figure>\n\n\n\n<p>Bravo \u00e0 l\u2019ing\u00e9niosit\u00e9 et la folie des hommes qui brav\u00e8rent un pareil chantier \u00e0 l\u2019\u00e9poque.<\/p>\n","protected":false},"excerpt":{"rendered":"<p>L&rsquo;Alpi-stop a \u00e9t\u00e9 invent\u00e9 lors de l&rsquo;ascension de l&rsquo;Eiger, en mars 2022 ! Le plan initial Apr\u00e8s une tentative infructueuse en janvier avec Etienne Potof, je d\u00e9cide d\u2019y retourner avec mon compagnon de cord\u00e9e f\u00e9tiche et fid\u00e8le Lucien Boucansaud. Il faut croire que le sort s\u2019acharne et Lucien malade d\u00e9cide d\u2019arr\u00eater \u00e0 la bouche de &hellip;<\/p>\n","protected":false},"author":3,"featured_media":2697,"comment_status":"open","ping_status":"open","sticky":false,"template":"","format":"standard","meta":{"_acf_changed":false,"_genesis_hide_title":false,"_genesis_hide_breadcrumbs":false,"_genesis_hide_singular_image":false,"_genesis_hide_footer_widgets":false,"_genesis_custom_body_class":"","_genesis_custom_post_class":"","_genesis_layout":"","footnotes":""},"categories":[170,156],"tags":[251],"sponsor":[1087],"class_list":{"2":"type-post","7":"category-aventures","8":"category-lieux","9":"tag-eiger-2","10":"sponsor-endorfeen","11":"entry"},"yoast_head":"<!-- This site is optimized with the Yoast SEO Premium plugin v26.2 (Yoast SEO v26.2) - https:\/\/yoast.com\/wordpress\/plugins\/seo\/ -->\n<title>Eiger Nordwand, Alpi-stop - endorfeen<\/title>\n<meta name=\"description\" content=\"Eiger Nordwand, l&#039;invention de l&#039;Alpi Stop. Apr\u00e8s une tentative infructueuse en janvier avec Etienne Potof, je d\u00e9cide d\u2019y retourner avec...\" \/>\n<meta name=\"robots\" content=\"index, follow, max-snippet:-1, max-image-preview:large, max-video-preview:-1\" \/>\n<link rel=\"canonical\" href=\"https:\/\/endorfeen.com\/fr\/eiger-nordwand-alpi-stop\/\" \/>\n<meta property=\"og:locale\" content=\"fr_FR\" \/>\n<meta property=\"og:type\" content=\"article\" \/>\n<meta property=\"og:title\" content=\"Eiger Nordwand, Alpi-stop\" \/>\n<meta property=\"og:description\" content=\"Eiger Nordwand, l&#039;invention de l&#039;Alpi Stop. Apr\u00e8s une tentative infructueuse en janvier avec Etienne Potof, je d\u00e9cide d\u2019y retourner avec...\" \/>\n<meta property=\"og:url\" content=\"https:\/\/endorfeen.com\/fr\/eiger-nordwand-alpi-stop\/\" \/>\n<meta property=\"og:site_name\" content=\"endorfeen\" \/>\n<meta property=\"article:published_time\" content=\"2022-04-08T09:32:54+00:00\" \/>\n<meta property=\"article:modified_time\" content=\"2023-08-18T10:02:40+00:00\" \/>\n<meta property=\"og:image\" content=\"https:\/\/endorfeen.com\/wp-content\/uploads\/2022\/04\/277216945_134498032474196_404652462804288856_n.jpeg\" \/>\n\t<meta property=\"og:image:width\" content=\"1500\" \/>\n\t<meta property=\"og:image:height\" content=\"1216\" \/>\n\t<meta property=\"og:image:type\" content=\"image\/jpeg\" \/>\n<meta name=\"author\" content=\"Guillaume Pierrel\" \/>\n<meta name=\"twitter:card\" content=\"summary_large_image\" \/>\n<meta name=\"twitter:label1\" content=\"\u00c9crit par\" \/>\n\t<meta name=\"twitter:data1\" content=\"Guillaume Pierrel\" \/>\n\t<meta name=\"twitter:label2\" content=\"Dur\u00e9e de lecture estim\u00e9e\" \/>\n\t<meta name=\"twitter:data2\" content=\"2 minutes\" \/>\n<script type=\"application\/ld+json\" class=\"yoast-schema-graph\">{\"@context\":\"https:\/\/schema.org\",\"@graph\":[{\"@type\":\"Article\",\"@id\":\"https:\/\/endorfeen.com\/fr\/eiger-nordwand-alpi-stop\/#article\",\"isPartOf\":{\"@id\":\"https:\/\/endorfeen.com\/fr\/eiger-nordwand-alpi-stop\/\"},\"author\":{\"name\":\"Guillaume Pierrel\",\"@id\":\"https:\/\/endorfeen.com\/fr\/#\/schema\/person\/2bb7a7d2de562a924a5dc4cef03ac1cb\"},\"headline\":\"Eiger Nordwand, Alpi-stop\",\"datePublished\":\"2022-04-08T09:32:54+00:00\",\"dateModified\":\"2023-08-18T10:02:40+00:00\",\"mainEntityOfPage\":{\"@id\":\"https:\/\/endorfeen.com\/fr\/eiger-nordwand-alpi-stop\/\"},\"wordCount\":379,\"commentCount\":0,\"publisher\":{\"@id\":\"https:\/\/endorfeen.com\/fr\/#organization\"},\"image\":{\"@id\":\"https:\/\/endorfeen.com\/fr\/eiger-nordwand-alpi-stop\/#primaryimage\"},\"thumbnailUrl\":\"https:\/\/endorfeen.com\/wp-content\/uploads\/2022\/04\/277216945_134498032474196_404652462804288856_n.jpeg\",\"keywords\":[\"#eiger\"],\"articleSection\":[\"Aventures\",\"Lieux\"],\"inLanguage\":\"fr-FR\",\"potentialAction\":[{\"@type\":\"CommentAction\",\"name\":\"Comment\",\"target\":[\"https:\/\/endorfeen.com\/fr\/eiger-nordwand-alpi-stop\/#respond\"]}]},{\"@type\":\"WebPage\",\"@id\":\"https:\/\/endorfeen.com\/fr\/eiger-nordwand-alpi-stop\/\",\"url\":\"https:\/\/endorfeen.com\/fr\/eiger-nordwand-alpi-stop\/\",\"name\":\"Eiger Nordwand, Alpi-stop - endorfeen\",\"isPartOf\":{\"@id\":\"https:\/\/endorfeen.com\/fr\/#website\"},\"primaryImageOfPage\":{\"@id\":\"https:\/\/endorfeen.com\/fr\/eiger-nordwand-alpi-stop\/#primaryimage\"},\"image\":{\"@id\":\"https:\/\/endorfeen.com\/fr\/eiger-nordwand-alpi-stop\/#primaryimage\"},\"thumbnailUrl\":\"https:\/\/endorfeen.com\/wp-content\/uploads\/2022\/04\/277216945_134498032474196_404652462804288856_n.jpeg\",\"datePublished\":\"2022-04-08T09:32:54+00:00\",\"dateModified\":\"2023-08-18T10:02:40+00:00\",\"description\":\"Eiger Nordwand, l'invention de l'Alpi Stop. Apr\u00e8s une tentative infructueuse en janvier avec Etienne Potof, je d\u00e9cide d\u2019y retourner avec...\",\"breadcrumb\":{\"@id\":\"https:\/\/endorfeen.com\/fr\/eiger-nordwand-alpi-stop\/#breadcrumb\"},\"inLanguage\":\"fr-FR\",\"potentialAction\":[{\"@type\":\"ReadAction\",\"target\":[\"https:\/\/endorfeen.com\/fr\/eiger-nordwand-alpi-stop\/\"]}]},{\"@type\":\"ImageObject\",\"inLanguage\":\"fr-FR\",\"@id\":\"https:\/\/endorfeen.com\/fr\/eiger-nordwand-alpi-stop\/#primaryimage\",\"url\":\"https:\/\/endorfeen.com\/wp-content\/uploads\/2022\/04\/277216945_134498032474196_404652462804288856_n.jpeg\",\"contentUrl\":\"https:\/\/endorfeen.com\/wp-content\/uploads\/2022\/04\/277216945_134498032474196_404652462804288856_n.jpeg\",\"width\":1500,\"height\":1216,\"caption\":\"Eiger Nordwand, Alpi-stop\"},{\"@type\":\"BreadcrumbList\",\"@id\":\"https:\/\/endorfeen.com\/fr\/eiger-nordwand-alpi-stop\/#breadcrumb\",\"itemListElement\":[{\"@type\":\"ListItem\",\"position\":1,\"name\":\"Home\",\"item\":\"https:\/\/endorfeen.com\/fr\/\"},{\"@type\":\"ListItem\",\"position\":2,\"name\":\"Eiger Nordwand, Alpi-stop\"}]},{\"@type\":\"WebSite\",\"@id\":\"https:\/\/endorfeen.com\/fr\/#website\",\"url\":\"https:\/\/endorfeen.com\/fr\/\",\"name\":\"endorfeen\",\"description\":\"The Media For Sustainable Outdoors.\",\"publisher\":{\"@id\":\"https:\/\/endorfeen.com\/fr\/#organization\"},\"potentialAction\":[{\"@type\":\"SearchAction\",\"target\":{\"@type\":\"EntryPoint\",\"urlTemplate\":\"https:\/\/endorfeen.com\/fr\/?s={search_term_string}\"},\"query-input\":{\"@type\":\"PropertyValueSpecification\",\"valueRequired\":true,\"valueName\":\"search_term_string\"}}],\"inLanguage\":\"fr-FR\"},{\"@type\":\"Organization\",\"@id\":\"https:\/\/endorfeen.com\/fr\/#organization\",\"name\":\"endorfeen\",\"url\":\"https:\/\/endorfeen.com\/fr\/\",\"logo\":{\"@type\":\"ImageObject\",\"inLanguage\":\"fr-FR\",\"@id\":\"https:\/\/endorfeen.com\/fr\/#\/schema\/logo\/image\/\",\"url\":\"https:\/\/endorfeen.com\/wp-content\/uploads\/2022\/06\/Circle-endorfeen-site-icon-circled-1000-x-1000-300psi.png\",\"contentUrl\":\"https:\/\/endorfeen.com\/wp-content\/uploads\/2022\/06\/Circle-endorfeen-site-icon-circled-1000-x-1000-300psi.png\",\"width\":1000,\"height\":1000,\"caption\":\"endorfeen\"},\"image\":{\"@id\":\"https:\/\/endorfeen.com\/fr\/#\/schema\/logo\/image\/\"}},{\"@type\":\"Person\",\"@id\":\"https:\/\/endorfeen.com\/fr\/#\/schema\/person\/2bb7a7d2de562a924a5dc4cef03ac1cb\",\"name\":\"Guillaume Pierrel\",\"image\":{\"@type\":\"ImageObject\",\"inLanguage\":\"fr-FR\",\"@id\":\"https:\/\/endorfeen.com\/fr\/#\/schema\/person\/image\/\",\"url\":\"https:\/\/secure.gravatar.com\/avatar\/c26616f5eb6f57ab0395b3de5e237f6fd0e913701d1f498fdb4fb60e2bfacb1d?s=96&d=mm&r=g\",\"contentUrl\":\"https:\/\/secure.gravatar.com\/avatar\/c26616f5eb6f57ab0395b3de5e237f6fd0e913701d1f498fdb4fb60e2bfacb1d?s=96&d=mm&r=g\",\"caption\":\"Guillaume Pierrel\"},\"description\":\"skieur - alpiniste \ud83c\udfd4r\u00e9alisateur du film d\u2019aventure \u00ab\u00a0\u00f4\u2019parizad\u00a0\u00bb \ud83c\udfa5\u2b07\ufe0fAlpes Fran\u00e7aises \ud83c\uddeb\ud83c\uddf7\",\"sameAs\":[\"https:\/\/www.guidingepicexperiences.com\/\",\"https:\/\/www.instagram.com\/guillaume_pierrel\/\"],\"url\":\"https:\/\/endorfeen.com\/fr\/linkto\/guillaume-pierrel\/\"}]}<\/script>\n<!-- \/ Yoast SEO Premium plugin. -->","yoast_head_json":{"title":"Eiger Nordwand, Alpi-stop - endorfeen","description":"Eiger Nordwand, l'invention de l'Alpi Stop. Apr\u00e8s une tentative infructueuse en janvier avec Etienne Potof, je d\u00e9cide d\u2019y retourner avec...","robots":{"index":"index","follow":"follow","max-snippet":"max-snippet:-1","max-image-preview":"max-image-preview:large","max-video-preview":"max-video-preview:-1"},"canonical":"https:\/\/endorfeen.com\/fr\/eiger-nordwand-alpi-stop\/","og_locale":"fr_FR","og_type":"article","og_title":"Eiger Nordwand, Alpi-stop","og_description":"Eiger Nordwand, l'invention de l'Alpi Stop. Apr\u00e8s une tentative infructueuse en janvier avec Etienne Potof, je d\u00e9cide d\u2019y retourner avec...","og_url":"https:\/\/endorfeen.com\/fr\/eiger-nordwand-alpi-stop\/","og_site_name":"endorfeen","article_published_time":"2022-04-08T09:32:54+00:00","article_modified_time":"2023-08-18T10:02:40+00:00","og_image":[{"width":1500,"height":1216,"url":"https:\/\/endorfeen.com\/wp-content\/uploads\/2022\/04\/277216945_134498032474196_404652462804288856_n.jpeg","type":"image\/jpeg"}],"author":"Guillaume Pierrel","twitter_card":"summary_large_image","twitter_misc":{"\u00c9crit par":"Guillaume Pierrel","Dur\u00e9e de lecture estim\u00e9e":"2 minutes"},"schema":{"@context":"https:\/\/schema.org","@graph":[{"@type":"Article","@id":"https:\/\/endorfeen.com\/fr\/eiger-nordwand-alpi-stop\/#article","isPartOf":{"@id":"https:\/\/endorfeen.com\/fr\/eiger-nordwand-alpi-stop\/"},"author":{"name":"Guillaume Pierrel","@id":"https:\/\/endorfeen.com\/fr\/#\/schema\/person\/2bb7a7d2de562a924a5dc4cef03ac1cb"},"headline":"Eiger Nordwand, Alpi-stop","datePublished":"2022-04-08T09:32:54+00:00","dateModified":"2023-08-18T10:02:40+00:00","mainEntityOfPage":{"@id":"https:\/\/endorfeen.com\/fr\/eiger-nordwand-alpi-stop\/"},"wordCount":379,"commentCount":0,"publisher":{"@id":"https:\/\/endorfeen.com\/fr\/#organization"},"image":{"@id":"https:\/\/endorfeen.com\/fr\/eiger-nordwand-alpi-stop\/#primaryimage"},"thumbnailUrl":"https:\/\/endorfeen.com\/wp-content\/uploads\/2022\/04\/277216945_134498032474196_404652462804288856_n.jpeg","keywords":["#eiger"],"articleSection":["Aventures","Lieux"],"inLanguage":"fr-FR","potentialAction":[{"@type":"CommentAction","name":"Comment","target":["https:\/\/endorfeen.com\/fr\/eiger-nordwand-alpi-stop\/#respond"]}]},{"@type":"WebPage","@id":"https:\/\/endorfeen.com\/fr\/eiger-nordwand-alpi-stop\/","url":"https:\/\/endorfeen.com\/fr\/eiger-nordwand-alpi-stop\/","name":"Eiger Nordwand, Alpi-stop - endorfeen","isPartOf":{"@id":"https:\/\/endorfeen.com\/fr\/#website"},"primaryImageOfPage":{"@id":"https:\/\/endorfeen.com\/fr\/eiger-nordwand-alpi-stop\/#primaryimage"},"image":{"@id":"https:\/\/endorfeen.com\/fr\/eiger-nordwand-alpi-stop\/#primaryimage"},"thumbnailUrl":"https:\/\/endorfeen.com\/wp-content\/uploads\/2022\/04\/277216945_134498032474196_404652462804288856_n.jpeg","datePublished":"2022-04-08T09:32:54+00:00","dateModified":"2023-08-18T10:02:40+00:00","description":"Eiger Nordwand, l'invention de l'Alpi Stop. Apr\u00e8s une tentative infructueuse en janvier avec Etienne Potof, je d\u00e9cide d\u2019y retourner avec...","breadcrumb":{"@id":"https:\/\/endorfeen.com\/fr\/eiger-nordwand-alpi-stop\/#breadcrumb"},"inLanguage":"fr-FR","potentialAction":[{"@type":"ReadAction","target":["https:\/\/endorfeen.com\/fr\/eiger-nordwand-alpi-stop\/"]}]},{"@type":"ImageObject","inLanguage":"fr-FR","@id":"https:\/\/endorfeen.com\/fr\/eiger-nordwand-alpi-stop\/#primaryimage","url":"https:\/\/endorfeen.com\/wp-content\/uploads\/2022\/04\/277216945_134498032474196_404652462804288856_n.jpeg","contentUrl":"https:\/\/endorfeen.com\/wp-content\/uploads\/2022\/04\/277216945_134498032474196_404652462804288856_n.jpeg","width":1500,"height":1216,"caption":"Eiger Nordwand, Alpi-stop"},{"@type":"BreadcrumbList","@id":"https:\/\/endorfeen.com\/fr\/eiger-nordwand-alpi-stop\/#breadcrumb","itemListElement":[{"@type":"ListItem","position":1,"name":"Home","item":"https:\/\/endorfeen.com\/fr\/"},{"@type":"ListItem","position":2,"name":"Eiger Nordwand, Alpi-stop"}]},{"@type":"WebSite","@id":"https:\/\/endorfeen.com\/fr\/#website","url":"https:\/\/endorfeen.com\/fr\/","name":"endorfeen","description":"The Media For Sustainable Outdoors.","publisher":{"@id":"https:\/\/endorfeen.com\/fr\/#organization"},"potentialAction":[{"@type":"SearchAction","target":{"@type":"EntryPoint","urlTemplate":"https:\/\/endorfeen.com\/fr\/?s={search_term_string}"},"query-input":{"@type":"PropertyValueSpecification","valueRequired":true,"valueName":"search_term_string"}}],"inLanguage":"fr-FR"},{"@type":"Organization","@id":"https:\/\/endorfeen.com\/fr\/#organization","name":"endorfeen","url":"https:\/\/endorfeen.com\/fr\/","logo":{"@type":"ImageObject","inLanguage":"fr-FR","@id":"https:\/\/endorfeen.com\/fr\/#\/schema\/logo\/image\/","url":"https:\/\/endorfeen.com\/wp-content\/uploads\/2022\/06\/Circle-endorfeen-site-icon-circled-1000-x-1000-300psi.png","contentUrl":"https:\/\/endorfeen.com\/wp-content\/uploads\/2022\/06\/Circle-endorfeen-site-icon-circled-1000-x-1000-300psi.png","width":1000,"height":1000,"caption":"endorfeen"},"image":{"@id":"https:\/\/endorfeen.com\/fr\/#\/schema\/logo\/image\/"}},{"@type":"Person","@id":"https:\/\/endorfeen.com\/fr\/#\/schema\/person\/2bb7a7d2de562a924a5dc4cef03ac1cb","name":"Guillaume Pierrel","image":{"@type":"ImageObject","inLanguage":"fr-FR","@id":"https:\/\/endorfeen.com\/fr\/#\/schema\/person\/image\/","url":"https:\/\/secure.gravatar.com\/avatar\/c26616f5eb6f57ab0395b3de5e237f6fd0e913701d1f498fdb4fb60e2bfacb1d?s=96&d=mm&r=g","contentUrl":"https:\/\/secure.gravatar.com\/avatar\/c26616f5eb6f57ab0395b3de5e237f6fd0e913701d1f498fdb4fb60e2bfacb1d?s=96&d=mm&r=g","caption":"Guillaume Pierrel"},"description":"skieur - alpiniste \ud83c\udfd4r\u00e9alisateur du film d\u2019aventure \u00ab\u00a0\u00f4\u2019parizad\u00a0\u00bb \ud83c\udfa5\u2b07\ufe0fAlpes Fran\u00e7aises \ud83c\uddeb\ud83c\uddf7","sameAs":["https:\/\/www.guidingepicexperiences.com\/","https:\/\/www.instagram.com\/guillaume_pierrel\/"],"url":"https:\/\/endorfeen.com\/fr\/linkto\/guillaume-pierrel\/"}]}},"featured_image_src":"https:\/\/endorfeen.com\/wp-content\/uploads\/2022\/04\/277216945_134498032474196_404652462804288856_n-600x400.jpeg","featured_image_src_square":"https:\/\/endorfeen.com\/wp-content\/uploads\/2022\/04\/277216945_134498032474196_404652462804288856_n-600x600.jpeg","author_info":{"display_name":"Guillaume Pierrel","author_link":"https:\/\/endorfeen.com\/fr\/linkto\/guillaume-pierrel\/"},"acf":[],"_links":{"self":[{"href":"https:\/\/endorfeen.com\/fr\/wp-json\/wp\/v2\/posts\/2693","targetHints":{"allow":["GET"]}}],"collection":[{"href":"https:\/\/endorfeen.com\/fr\/wp-json\/wp\/v2\/posts"}],"about":[{"href":"https:\/\/endorfeen.com\/fr\/wp-json\/wp\/v2\/types\/post"}],"author":[{"embeddable":true,"href":"https:\/\/endorfeen.com\/fr\/wp-json\/wp\/v2\/users\/3"}],"replies":[{"embeddable":true,"href":"https:\/\/endorfeen.com\/fr\/wp-json\/wp\/v2\/comments?post=2693"}],"version-history":[{"count":0,"href":"https:\/\/endorfeen.com\/fr\/wp-json\/wp\/v2\/posts\/2693\/revisions"}],"wp:featuredmedia":[{"embeddable":true,"href":"https:\/\/endorfeen.com\/fr\/wp-json\/wp\/v2\/media\/2697"}],"wp:attachment":[{"href":"https:\/\/endorfeen.com\/fr\/wp-json\/wp\/v2\/media?parent=2693"}],"wp:term":[{"taxonomy":"category","embeddable":true,"href":"https:\/\/endorfeen.com\/fr\/wp-json\/wp\/v2\/categories?post=2693"},{"taxonomy":"post_tag","embeddable":true,"href":"https:\/\/endorfeen.com\/fr\/wp-json\/wp\/v2\/tags?post=2693"},{"taxonomy":"sponsor","embeddable":true,"href":"https:\/\/endorfeen.com\/fr\/wp-json\/wp\/v2\/sponsor?post=2693"}],"curies":[{"name":"wp","href":"https:\/\/api.w.org\/{rel}","templated":true}]}}