{"id":1917,"date":"2021-03-25T08:00:00","date_gmt":"2021-03-25T08:00:00","guid":{"rendered":"https:\/\/endorfeen.com\/la-plus-haute-montagne-de-crete\/"},"modified":"2023-08-18T11:02:48","modified_gmt":"2023-08-18T10:02:48","slug":"la-plus-haute-montagne-de-crete","status":"publish","type":"post","link":"https:\/\/endorfeen.com\/fr\/la-plus-haute-montagne-de-crete\/","title":{"rendered":"La plus haute montagne de Cr\u00e8te"},"content":{"rendered":"\n<div class=\"wp-block-group has-md-content-width has-sm-padding-top has-sm-padding-bottom\"><div class=\"wp-block-group__inner-container is-layout-flow wp-block-group-is-layout-flow\">\n<p>Vous vous demandez peut \u00eatre quelle est la plus haute montagne de Cr\u00e8te ? L&rsquo;\u00eele peut \u00eatre la combinaison parfaite de journ\u00e9es de farniente \u00e0 la plage et d&rsquo;activit\u00e9s en plein air. Le mont Ida ou Psiloritis peut \u00eatre un objectif en soi. Bien qu&rsquo;elle ne soit pas n\u00e9cessairement \u00e9lev\u00e9e pour un r\u00e9f\u00e9rentiel alpin, l&rsquo;ascension peut \u00eatre difficile.<\/p>\n\n\n\n<p>En g\u00e9n\u00e9ral, la Cr\u00e8te est une \u00eele tr\u00e8s montagneuse et couverte de six grandes cha\u00eenes de montagnes qui pourraient \u00eatre votre prochain terrain de jeu.<\/p>\n<\/div><\/div>\n\n\n\n<div class=\"wp-block-group\"><div class=\"wp-block-group__inner-container is-layout-flow wp-block-group-is-layout-flow\">\n<figure class=\"wp-block-gallery alignwide has-nested-images columns-default is-cropped wp-block-gallery-1 is-layout-flex wp-block-gallery-is-layout-flex\">\n<figure class=\"wp-block-image size-large\"><img loading=\"lazy\" decoding=\"async\" width=\"731\" height=\"1024\" data-id=\"1698\" src=\"https:\/\/endorfeen.com\/wp-content\/uploads\/2021\/02\/Psiloritis-@photo_peti-731x1024.jpg\" alt=\"Psiloritis-@photo_peti\" class=\"wp-image-1698\" srcset=\"https:\/\/endorfeen.com\/wp-content\/uploads\/2021\/02\/Psiloritis-@photo_peti-214x300.jpg 214w, https:\/\/endorfeen.com\/wp-content\/uploads\/2021\/02\/Psiloritis-@photo_peti-300x420.jpg 300w, https:\/\/endorfeen.com\/wp-content\/uploads\/2021\/02\/Psiloritis-@photo_peti-600x840.jpg 600w, https:\/\/endorfeen.com\/wp-content\/uploads\/2021\/02\/Psiloritis-@photo_peti-731x1024.jpg 731w, https:\/\/endorfeen.com\/wp-content\/uploads\/2021\/02\/Psiloritis-@photo_peti-768x1076.jpg 768w, https:\/\/endorfeen.com\/wp-content\/uploads\/2021\/02\/Psiloritis-@photo_peti.jpg 964w\" sizes=\"auto, (max-width: 731px) 100vw, 731px\" \/><figcaption>cr\u00e9dits : <a href=\"https:\/\/www.instagram.com\/photo_peti\/\" target=\"_blank\" rel=\"noreferrer noopener nofollow\">@photo_peti<\/a><\/figcaption><\/figure>\n\n\n\n<figure class=\"wp-block-image size-large\"><img loading=\"lazy\" decoding=\"async\" width=\"731\" height=\"1024\" data-id=\"1699\" src=\"https:\/\/endorfeen.com\/wp-content\/uploads\/2021\/02\/Psiloritis-highest-mountain-in-crete-@constantinos.k-731x1024.jpg\" alt=\"Psiloritis-highest-mountain-in-crete-@constantinos.k\" class=\"wp-image-1699\" srcset=\"https:\/\/endorfeen.com\/wp-content\/uploads\/2021\/02\/Psiloritis-highest-mountain-in-crete-@constantinos.k-214x300.jpg 214w, https:\/\/endorfeen.com\/wp-content\/uploads\/2021\/02\/Psiloritis-highest-mountain-in-crete-@constantinos.k-300x420.jpg 300w, https:\/\/endorfeen.com\/wp-content\/uploads\/2021\/02\/Psiloritis-highest-mountain-in-crete-@constantinos.k-600x840.jpg 600w, https:\/\/endorfeen.com\/wp-content\/uploads\/2021\/02\/Psiloritis-highest-mountain-in-crete-@constantinos.k-731x1024.jpg 731w, https:\/\/endorfeen.com\/wp-content\/uploads\/2021\/02\/Psiloritis-highest-mountain-in-crete-@constantinos.k-768x1076.jpg 768w, https:\/\/endorfeen.com\/wp-content\/uploads\/2021\/02\/Psiloritis-highest-mountain-in-crete-@constantinos.k.jpg 771w\" sizes=\"auto, (max-width: 731px) 100vw, 731px\" \/><figcaption>cr\u00e9dits&nbsp;: <a href=\"https:\/\/www.instagram.com\/constantinos.k\/\" target=\"_blank\" rel=\"noreferrer noopener nofollow\">@constantinos.k<\/a><\/figcaption><\/figure>\n<\/figure>\n<\/div><\/div>\n\n\n\n<div class=\"wp-block-group has-md-content-width has-sm-padding-top has-sm-padding-bottom\"><div class=\"wp-block-group__inner-container is-layout-flow wp-block-group-is-layout-flow\">\n<h2 class=\"wp-block-heading\" id=\"about-mount-ida-psiloritis-the-highest-mountain-in-crete\">\u00c0 propos du mont Ida (Psiloritis), la plus haute montagne de Cr\u00e8te<\/h2>\n\n\n\n<p>Le mont Ida est la plus haute montagne de Cr\u00e8te. Il mesure 2 456 m (8 058 pieds) de haut. Il est \u00e9galement appel\u00e9 Psiloritis (en grec : \u03a8\u03b7\u03bb\u03bf\u03c1\u03b5\u03af\u03c4\u03b7\u03c2, \u00ab le plus haut \u00bb), le nom de la cha\u00eene de montagnes o\u00f9 se trouve le mont Ida.<\/p>\n\n\n\n<p>La montagne domine la plaine de la Messara. Il existe plusieurs itin\u00e9raires pour faire l&rsquo;ascension. La plus int\u00e9ressante et la plus sauvage de toutes part de Fourfouras, au bord de la vall\u00e9e d&rsquo;Amari.<\/p>\n\n\n\n<p>Certaines des plus hautes caract\u00e9ristiques montagneuses de la Cr\u00e8te sont le plateau de Nida et la for\u00eat de Ruva dans la partie orientale.<\/p>\n\n\n\n<p>Le mont Ida \u00e9tait autrefois sacr\u00e9. Selon la mythologie grecque, Rh\u00e9a a donn\u00e9 naissance \u00e0 Zeus dans l&rsquo;une des grottes de Psiloritis. Elle le confia aux Na\u00efades pour le prot\u00e9ger de son p\u00e8re Cronos, qui mangeait ses enfants.<\/p>\n\n\n\n<h2 class=\"wp-block-heading\" id=\"the-route-to-the-summit-hiking-on-psiloritis\">La route vers le sommet\/randonn\u00e9e sur le Psiloritis<\/h2>\n\n\n\n<h3 class=\"wp-block-heading\" id=\"what-to-bring\">Ce qu&rsquo;il faut apporter <\/h3>\n\n\n\n<p>Pendant l&rsquo;\u00e9t\u00e9, la temp\u00e9rature est toujours inf\u00e9rieure d&rsquo;au moins dix degr\u00e9s Celsius au niveau de la mer. Il n&rsquo;est pas rare d&rsquo;avoir besoin d&rsquo;une veste m\u00eame en juillet, ao\u00fbt quand tout le monde est allong\u00e9 sur une plage. La neige reste jusqu&rsquo;\u00e0 la fin du mois de juin, alors planifiez vos \u00e9quipements en cons\u00e9quence.<\/p>\n\n\n\n<h3 class=\"wp-block-heading\" id=\"how-to-get-to-the-summit-of-the-highest-mountain-in-crete\">Comment se rendre au sommet de la plus haute montagne de Cr\u00e8te<\/h3>\n\n\n\n<p>La balade commence sur le plateau de Nida. C&rsquo;est la plus haute de Cr\u00e8te (altitude moyenne de 1 400 m \/ 4 593 pieds). Vous emprunterez un chemin de terre qui monte en passant par Ideon Antron, o\u00f9 se trouve une grotte fascinante. <\/p>\n\n\n\n<p>Le sentier europ\u00e9en E4 vous m\u00e8nera \u00e0 Akolita, un plateau inf\u00e9rieur. De l\u00e0, vous pourrez voir de nombreuses Mitata. Les bergers utilisaient ces huttes en pierre comme protection contre la pluie, le froid ou le vent ainsi que comme stockage pour le fromage et le lait.<\/p>\n\n\n\n<p>Depuis Akolita, continuez jusqu&rsquo;au sommet, jusqu&rsquo;\u00e0 un deuxi\u00e8me couloir, juste apr\u00e8s le col \u00ab\u00a0tou sela digeni\u00a0\u00bb et le sommet appel\u00e9 \u00ab\u00a0Mavri Korfi\u00a0\u00bb (sommet noir). Vous profiterez d&rsquo;un paysage particuli\u00e8rement sauvage et aurez enfin les yeux riv\u00e9s sur le sommet.<\/p>\n\n\n\n<p>Une fois en haut, la vue est \u00e0 couper le souffle. Vous pourrez voir toute l&rsquo;\u00eele : \u00e0 l&rsquo;ouest, les Montagnes Blanches, \u00e0 l&rsquo;est, la cha\u00eene de Dikti, au sud, la plaine de la Messara.<\/p>\n\n\n\n<p>La descente suivra le sentier europ\u00e9en E4 jusqu&rsquo;\u00e0 Kalogrades, un autre plateau, juste en face du mont Kedros (1 777 m \/ 5 830 pieds) o\u00f9 vous profiterez d&rsquo;une vue fantastique sur les \u00eeles Paximadia. Apr\u00e8s cela, vous emprunterez un chemin de terre (13km) qui vous conduira \u00e0 Kourout\u00e8s, votre destination finale. <\/p>\n\n\n\n<h3 class=\"wp-block-heading\" id=\"e4-hiking-trail\">Sentier de randonn\u00e9e E4<\/h3>\n\n\n\n<p>Le sentier europ\u00e9en E4 est un sentier de randonn\u00e9e de 10 450 km (6 493 mi) qui va d&rsquo;ouest en est. Il commence en Espagne, puis passe par la France, la Suisse, l&rsquo;Allemagne, l&rsquo;Autriche, la Hongrie, la Roumanie, la Bulgarie, la Gr\u00e8ce (en passant par la Cr\u00e8te), jusqu&rsquo;\u00e0 Chypre.<\/p>\n\n\n\n<p>Il existe un grand itin\u00e9raire de trekking ou de randonn\u00e9e sur l&rsquo;\u00eele grecque de Cr\u00e8te, qui fait partie du sentier europ\u00e9en longue distance E4. Le sentier E4 couvre les Montagnes Blanches (Lefki Ori), le Mont Psiloritis (Mont Ida) et le Mont Dikti. Le sentier E4 est long de 320 km.<\/p>\n\n\n\n<h2 class=\"wp-block-heading\" id=\"the-highest-mountain-ranges-in-crete\">Les plus hautes cha\u00eenes de montagnes de Cr\u00e8te<\/h2>\n\n\n\n<p>La Cr\u00e8te est une \u00eele montagneuse et couverte de montagnes relativement hautes. Les montagnes cr\u00e9toises sont principalement regroup\u00e9es en six cha\u00eenes principales: la cha\u00eene Dikti \u00e0 Lassithi, les Montagnes Blanches (Lefka Ori) \u00e0 La Can\u00e9e, la cha\u00eene Idi (Psiloritis) au centre de la Cr\u00e8te, la cha\u00eene Asterousia (sud), la cha\u00eene Thrypti et le mont Kedros.<\/p>\n\n\n\n<h3 class=\"wp-block-heading\" id=\"dikti-range\">Gamme Dikti<\/h3>\n\n\n\n<p>La cha\u00eene Dikti est situ\u00e9e entre H\u00e9raklion et Lassithi. Le plus haut sommet est Spathi \u00e0 2 148 m (7 047 pieds). Il y a deux autres montagnes de plus de 2 000 m (6 562 pieds).<\/p>\n\n\n\n<p>Le plateau de Lassithi est le plus haut de Cr\u00e8te. Il est situ\u00e9 au c\u0153ur de la cha\u00eene de montagnes \u00e0 une altitude de 850 m (2 789 pieds), entour\u00e9 d&rsquo;une s\u00e9rie de petits plateaux comme Katharo, Limnakaro, Mari, Lapathos, Omalos, Erganos et Nisimos. Une cabane de montagne a \u00e9t\u00e9 construite sur Limnakaro, \u00e0 partir de laquelle les randonneurs montent \u00e0 Spathi.<\/p>\n\n\n\n<p>Les diff\u00e9rentes gorges sont les caract\u00e9ristiques les plus excitantes de la r\u00e9gion. Havgas et Kalamafka sont les principaux mais ne manquez pas les petits canyons comme Sarakina, Adrianos, Ambelos, Roza et Kritsa.<\/p>\n\n\n\n<p>Les montagnes Dikti abritent une faune et une flore diversifi\u00e9es. Oliviers, pins et caroubiers couvrent les parties basses. Au sud-est, la for\u00eat de Selakano est la plus grande pin\u00e8de de Cr\u00e8te.<\/p>\n<\/div><\/div>\n\n\n\n<div class=\"wp-block-columns alignfull are-vertically-aligned-center is-layout-flex wp-container-core-columns-is-layout-9d6595d7 wp-block-columns-is-layout-flex\">\n<div class=\"wp-block-column is-vertically-aligned-center is-layout-flow wp-block-column-is-layout-flow\">\n<figure class=\"wp-block-image size-large\"><img loading=\"lazy\" decoding=\"async\" width=\"731\" height=\"1024\" src=\"https:\/\/endorfeen.com\/wp-content\/uploads\/2021\/02\/Crete-Lefka-Ori-White-Mountain-@manousos_ch-731x1024.jpg\" alt=\"\" class=\"wp-image-1701\" srcset=\"https:\/\/endorfeen.com\/wp-content\/uploads\/2021\/02\/Crete-Lefka-Ori-White-Mountain-@manousos_ch-214x300.jpg 214w, https:\/\/endorfeen.com\/wp-content\/uploads\/2021\/02\/Crete-Lefka-Ori-White-Mountain-@manousos_ch-300x420.jpg 300w, https:\/\/endorfeen.com\/wp-content\/uploads\/2021\/02\/Crete-Lefka-Ori-White-Mountain-@manousos_ch-600x840.jpg 600w, https:\/\/endorfeen.com\/wp-content\/uploads\/2021\/02\/Crete-Lefka-Ori-White-Mountain-@manousos_ch-731x1024.jpg 731w, https:\/\/endorfeen.com\/wp-content\/uploads\/2021\/02\/Crete-Lefka-Ori-White-Mountain-@manousos_ch-768x1076.jpg 768w, https:\/\/endorfeen.com\/wp-content\/uploads\/2021\/02\/Crete-Lefka-Ori-White-Mountain-@manousos_ch.jpg 964w\" sizes=\"auto, (max-width: 731px) 100vw, 731px\" \/><figcaption>cr\u00e9dits : <a href=\"https:\/\/www.instagram.com\/manousos_ch\/\" target=\"_blank\" rel=\"noreferrer noopener nofollow\">@manousos_ch<\/a><\/figcaption><\/figure>\n<\/div>\n\n\n\n<div class=\"wp-block-column is-vertically-aligned-center is-layout-flow wp-block-column-is-layout-flow\">\n<h3 class=\"wp-block-heading\" id=\"the-white-mountains\">Les Montagnes Blanches<\/h3>\n\n\n\n<p>Les Montagnes Blanches ou Lefka Ori couvrent une grande partie du centre de la Cr\u00e8te occidentale. Ils sont la caract\u00e9ristique essentielle de la r\u00e9gion. Ils tirent leur nom du fait que la neige les recouvre jusqu&rsquo;\u00e0 la fin du printemps. En \u00e9t\u00e9, les sommets apparaissent blancs car les roches sont majoritairement calcaires.<\/p>\n\n\n\n<p>Le plus haut sommet de la cha\u00eene est Pachnes \u00e0 2 453 m (8 048 pieds). C&rsquo;est le 2e plus haut sommet de Cr\u00e8te apr\u00e8s le mont Ida, qui n&rsquo;est que de 3 m (10 pieds) plus haut.<\/p>\n\n\n\n<p>Plus de 30 sommets, appel\u00e9s sori (amas), d\u00e9passent 2 000 m (6 562 pieds). Il existe \u00e9galement une cinquantaine de gorges, la plus c\u00e9l\u00e8bre \u00e9tant celle de Samarie.<\/p>\n\n\n\n<p>Les hauts plateaux au milieu des montagnes sont une caract\u00e9ristique essentielle de cette cha\u00eene. Le plus populaire est le plateau d&rsquo;Omalos. C&rsquo;est une plaine circulaire entour\u00e9e de montagnes, \u00e0 une altitude de 1 100 m (3 609 pieds).<\/p>\n\n\n\n<p>Il n&rsquo;y a que quelques routes jusqu&rsquo;aux Montagnes Blanches : la route vers Omalos et celle vers Chora Sfakion \u00e0 travers le plateau d&rsquo;Askifou.<\/p>\n\n\n\n<p>Il y a aussi des chemins de terre plus haut dans les montagnes. La seule fa\u00e7on d&rsquo;avoir une v\u00e9ritable exp\u00e9rience de cette cha\u00eene de montagnes est de marcher.<\/p>\n\n\n\n<p>Les parties centrale et m\u00e9ridionale de la cha\u00eene de montagnes sont techniquement un d\u00e9sert. Il cr\u00e9e un paysage lunaire unique \u00e0 1 800 m (5 906 pieds).<\/p>\n<\/div>\n<\/div>\n\n\n\n<div class=\"wp-block-group has-md-content-width has-sm-padding-top has-sm-padding-bottom\"><div class=\"wp-block-group__inner-container is-layout-flow wp-block-group-is-layout-flow\">\n<h3 class=\"wp-block-heading\" id=\"the-idi-range-psiloritis\">La gamme Idi (Psiloritis)<\/h3>\n\n\n\n<p>La chapelle de Timios Stavros marque le plus haut sommet de l&rsquo;\u00eele \u00e0 2 456 m (8 058 pieds). La beaut\u00e9 brute de cette cha\u00eene de montagnes est frappante : grottes magnifiques, formations rocheuses impressionnantes, gorges profondes, petits plateaux, bois, petits villages suspendus au-dessus des pr\u00e9cipices.<\/p>\n\n\n\n<p>Psiloritis \u00e9tait la montagne sacr\u00e9e des Minoens. De nombreux mythes sont attach\u00e9s ou li\u00e9s au pic. L&rsquo;\u00e9ducation du dieu Zeus \u00e9tait associ\u00e9e \u00e0 la grotte d&rsquo;Id\u00e9on. Dans le pass\u00e9, Psiloritis \u00e9tait couvert de for\u00eats denses.<\/p>\n\n\n\n<p>Il existe de nombreuses grottes sur Psiloritis. Les deux principaux, ouverts au public, sont Sfendoni pr\u00e8s de Zoniana et Gerontospilios autour de Melidoni. <\/p>\n\n\n\n<p>Psiloritis est un immense r\u00e9servoir d&rsquo;eau alimentant plusieurs sources d&rsquo;eau et lacs. Parmi eux, le lac Zaros, le barrage de Faneromeni et les sources d&rsquo;Almiros \u00e0 Ellinoperamata.<\/p>\n\n\n\n<p>Il est \u00e9galement possible d&rsquo;explorer quelques gorges comme Vorizia, Zoniana, Keri, Kroussonas, Vromonero, Asites et Platania. La plus belle est la gorge des Gafaris \u00e0 Rouvas. <\/p>\n\n\n\n<h3 class=\"wp-block-heading\" id=\"the-asterousia-range\">La gamme Ast\u00e9rousia<\/h3>\n\n\n\n<p>Les rochers et les falaises abruptes et impressionnantes tombant dans la mer donnent une ambiance myst\u00e9rieuse \u00e0 la cha\u00eene d&rsquo;Asterousia.<\/p>\n\n\n\n<p>La cha\u00eene d&rsquo;Asterousia est situ\u00e9e dans le sud de la Cr\u00e8te et s\u00e9pare la plaine de Messara de la mer de Libye. Elle est bord\u00e9e par le village baln\u00e9aire de Tsoutsouras, \u00e0 l&rsquo;est, et par le cap Lithino, \u00e0 l&rsquo;ouest.<\/p>\n\n\n\n<p>La cha\u00eene d&rsquo;Asterousia n&rsquo;est pas exceptionnellement haute : Kofinas, la plus haute montagne, culmine \u00e0 1 231 m (4 039 pieds). Cependant, en raison du terrain accident\u00e9, des canyons et des ravins escarp\u00e9s, il est assez difficile \u00e0 explorer.<\/p>\n\n\n\n<p>Des temp\u00e9ratures \u00e9lev\u00e9es, des paysages secs et une v\u00e9g\u00e9tation basse caract\u00e9risent la r\u00e9gion. Les ch\u00e8vres mangent presque imm\u00e9diatement les quelques arbres qui ont du mal \u00e0 pousser sur ces terres arides.<\/p>\n\n\n\n<h3 class=\"wp-block-heading\" id=\"thrypti-range-sitia-mountains\">Cha\u00eene de Thrypti\/ Montagnes de Sitia<\/h3>\n\n\n\n<p>La cha\u00eene de Thrypti (ou montagnes de Sitia) est la cinqui\u00e8me cha\u00eene de montagnes la plus \u00e9tendue de Cr\u00e8te. Il est aussi appel\u00e9 Aori. Le plus haut sommet du groupe de montagnes est Stavromenos (1 476 m \/ 4 843 pieds).<\/p>\n\n\n\n<p>La gamme est situ\u00e9e \u00e0 Lasithi dans l&rsquo;est de la Cr\u00e8te. Il s&rsquo;\u00e9tend entre Ierapetra au sud-ouest et Sitia au nord-est. <\/p>\n\n\n\n<p>Une belle for\u00eat de pins couvre toute la gamme. Malheureusement, il a r\u00e9tr\u00e9ci au fil des ans en raison de la pr\u00e9sence humaine et de plusieurs incendies.<\/p>\n\n\n\n<p>Pr\u00e8s du plateau de Thrypti commencent les imposantes gorges sauvages de Ha et Mesonas. Sur le versant sud de ces montagnes, se trouvent certains des villages les plus pittoresques de Cr\u00e8te, tels que le luxuriant village d&rsquo;Orino et la station baln\u00e9aire de Makrygialos. Il y a aussi les fantastiques gorges vertes de Pefki, Mylonas et Orino.<\/p>\n\n\n\n<p>En raison de la morphologie accident\u00e9e et des conditions climatiques id\u00e9ales, la r\u00e9gion de Thripti abrite plusieurs esp\u00e8ces de flore end\u00e9miques telles que l&rsquo;arhontoxylo, l&rsquo;aladania, l&rsquo;an\u00e9mone blanche cr\u00e9toise et le cyclamen cr\u00e9tois. Enfin, les parois des canyons, notamment l&rsquo;inaccessible gorge de Ha, abritent des rapaces menac\u00e9s comme le gypa\u00e8te barbu et l&rsquo;aigle royal.<\/p>\n<\/div><\/div>\n\n\n\n<div class=\"wp-block-columns alignfull are-vertically-aligned-center is-layout-flex wp-container-core-columns-is-layout-9d6595d7 wp-block-columns-is-layout-flex\">\n<div class=\"wp-block-column is-vertically-aligned-center is-layout-flow wp-block-column-is-layout-flow\">\n<figure class=\"wp-block-image size-large\"><img loading=\"lazy\" decoding=\"async\" width=\"731\" height=\"1024\" src=\"https:\/\/endorfeen.com\/wp-content\/uploads\/2021\/02\/Mount-Kedros-One-of-the-highest-mountain-in-Crete-731x1024.jpg\" alt=\"\" class=\"wp-image-1702\" srcset=\"https:\/\/endorfeen.com\/wp-content\/uploads\/2021\/02\/Mount-Kedros-One-of-the-highest-mountain-in-Crete-214x300.jpg 214w, https:\/\/endorfeen.com\/wp-content\/uploads\/2021\/02\/Mount-Kedros-One-of-the-highest-mountain-in-Crete-300x420.jpg 300w, https:\/\/endorfeen.com\/wp-content\/uploads\/2021\/02\/Mount-Kedros-One-of-the-highest-mountain-in-Crete-600x840.jpg 600w, https:\/\/endorfeen.com\/wp-content\/uploads\/2021\/02\/Mount-Kedros-One-of-the-highest-mountain-in-Crete-731x1024.jpg 731w, https:\/\/endorfeen.com\/wp-content\/uploads\/2021\/02\/Mount-Kedros-One-of-the-highest-mountain-in-Crete-768x1076.jpg 768w, https:\/\/endorfeen.com\/wp-content\/uploads\/2021\/02\/Mount-Kedros-One-of-the-highest-mountain-in-Crete.jpg 771w\" sizes=\"auto, (max-width: 731px) 100vw, 731px\" \/><figcaption>cr\u00e9dits&nbsp;: <a href=\"https:\/\/www.instagram.com\/juergen.hoenack\/\" target=\"_blank\" rel=\"noreferrer noopener nofollow\">@juergen.hoenack<\/a><\/figcaption><\/figure>\n<\/div>\n\n\n\n<div class=\"wp-block-column is-vertically-aligned-center is-layout-flow wp-block-column-is-layout-flow\">\n<div class=\"wp-block-group has-md-content-width has-sm-padding-top has-sm-padding-bottom has-xl-margin-right has-xl-margin-left\"><div class=\"wp-block-group__inner-container is-layout-flow wp-block-group-is-layout-flow\">\n<h3 class=\"wp-block-heading\" id=\"mount-kedros\">Mont K\u00e9dros<\/h3>\n\n\n\n<p>La cha\u00eene de Kedros est situ\u00e9e dans la partie centrale de la Cr\u00e8te, au sud-est de Psiloritis, pr\u00e8s d&rsquo;Amari. Il tire son nom de \u00ab\u00a0le c\u00e8dre\u00a0\u00bb. Dans l&rsquo;Antiquit\u00e9, la cha\u00eene de montagnes \u00e9tait couverte d&rsquo;une for\u00eat de c\u00e8dres, qui a lentement disparu \u00e0 cause de l&rsquo;exploitation et des incendies.<\/p>\n\n\n\n<p>La cha\u00eene de montagnes est compos\u00e9e de 3 monts principaux : Samitos (au nord) le plus petit (1 014 m \/ 3 327 pieds), le mont Kedros (1 776 m \/ 5 827 pieds) et Asiderotos (1 179 m \/ 3 868 pieds) pr\u00e8s de la mer.<\/p>\n\n\n\n<p>Le mont Kedros est connu pour ses sources d&rsquo;eau abondantes (\u00ab\u00a0101 sources\u00a0\u00bb). Chaque ann\u00e9e, \u00e0 la fin de l&rsquo;hiver, de nombreuses chutes d&rsquo;eau apparaissent suite \u00e0 la fonte des neiges.<\/p>\n\n\n\n<p>La montagne b\u00e9n\u00e9ficie d&rsquo;une biodiversit\u00e9 extraordinaire et appartient au r\u00e9seau Natura 2000.<\/p>\n<\/div><\/div>\n<\/div>\n<\/div>\n\n\n\n<div class=\"wp-block-group has-md-content-width has-sm-padding-top has-sm-padding-bottom\"><div class=\"wp-block-group__inner-container is-layout-flow wp-block-group-is-layout-flow\">\n<h2 class=\"wp-block-heading\" id=\"frequently-asked-questions-about-mount-ida-psiloritis-the-highest-mountain-in-crete\">Foire aux questions sur le mont Ida (Psiloritis), la plus haute montagne de Cr\u00e8te<\/h2>\n\n\n\n<h3 class=\"wp-block-heading\" id=\"does-crete-have-mountains\">La Cr\u00e8te a-t-elle des montagnes ?<\/h3>\n\n\n\n<p>La Cr\u00e8te est une \u00eele grecque montagneuse grecque. Elle est principalement couverte de montagnes que l&rsquo;on peut regrouper en six grands massifs montagneux :<\/p>\n\n\n\n<ul class=\"wp-block-list\"><li>la gamme Dikti \u00e0 Lassithi<\/li><li>les Montagnes Blanches (Lefka Ori) \u00e0 La Can\u00e9e<\/li><li>la cha\u00eene Idi (Psiloritis) au centre de la Cr\u00e8te<\/li><li>la cha\u00eene d&rsquo;Asterousia (sud)<\/li><li>la Gamme Thrypti<\/li><li>Mont K\u00e9dros<\/li><\/ul>\n\n\n\n<h3 class=\"wp-block-heading\" id=\"how-tall-is-mount-ida\">Quelle est la hauteur du mont Ida&nbsp;?<\/h3>\n\n\n\n<p>Le mont Ida ou Psiloritis est la plus haute montagne de Cr\u00e8te. Il est situ\u00e9 au centre de la Cr\u00e8te et mesure 2 456 m (8 058 pieds) de haut.<\/p>\n<\/div><\/div>\n\n\n","protected":false},"excerpt":{"rendered":"<p>Vous vous demandez peut \u00eatre quelle est la plus haute montagne de Cr\u00e8te ? L&rsquo;\u00eele peut \u00eatre la combinaison parfaite de journ\u00e9es de farniente \u00e0 la plage et d&rsquo;activit\u00e9s en plein air. Le mont Ida ou Psiloritis peut \u00eatre un objectif en soi. Bien qu&rsquo;elle ne soit pas n\u00e9cessairement \u00e9lev\u00e9e pour un r\u00e9f\u00e9rentiel alpin, l&rsquo;ascension &hellip;<\/p>\n","protected":false},"author":1,"featured_media":1700,"comment_status":"closed","ping_status":"closed","sticky":false,"template":"","format":"standard","meta":{"_acf_changed":false,"_genesis_hide_title":false,"_genesis_hide_breadcrumbs":false,"_genesis_hide_singular_image":false,"_genesis_hide_footer_widgets":false,"_genesis_custom_body_class":"","_genesis_custom_post_class":"","_genesis_layout":"","footnotes":""},"categories":[156,606],"tags":[179,169,181],"sponsor":[1087],"class_list":{"2":"type-post","7":"category-lieux","8":"category-montagnes","9":"tag-grece","10":"tag-montagnes","11":"tag-montagnes-fr","12":"sponsor-endorfeen","13":"entry"},"yoast_head":"<!-- This site is optimized with the Yoast SEO Premium plugin v26.2 (Yoast SEO v26.2) - https:\/\/yoast.com\/wordpress\/plugins\/seo\/ -->\n<title>La plus haute montagne de Cr\u00e8te vaut le d\u00e9tour - endorfeen<\/title>\n<meta name=\"description\" content=\"Vous vous demandez quelle est la plus haute montagne de Cr\u00e8te ? L&#039;\u00eele peut \u00eatre la combinaison parfaite de journ\u00e9es de farniente...\" \/>\n<meta name=\"robots\" content=\"index, follow, max-snippet:-1, max-image-preview:large, max-video-preview:-1\" \/>\n<link rel=\"canonical\" href=\"https:\/\/endorfeen.com\/fr\/la-plus-haute-montagne-de-crete\/\" \/>\n<meta property=\"og:locale\" content=\"fr_FR\" \/>\n<meta property=\"og:type\" content=\"article\" \/>\n<meta property=\"og:title\" content=\"La plus haute montagne de Cr\u00e8te\" \/>\n<meta property=\"og:description\" content=\"Vous vous demandez quelle est la plus haute montagne de Cr\u00e8te ? L&#039;\u00eele peut \u00eatre la combinaison parfaite de journ\u00e9es de farniente...\" \/>\n<meta property=\"og:url\" content=\"https:\/\/endorfeen.com\/fr\/la-plus-haute-montagne-de-crete\/\" \/>\n<meta property=\"og:site_name\" content=\"endorfeen\" \/>\n<meta property=\"article:author\" content=\"http:\/\/www.facebook.com\/endorfeen-583261049007200\" \/>\n<meta property=\"article:published_time\" content=\"2021-03-25T08:00:00+00:00\" \/>\n<meta property=\"article:modified_time\" content=\"2023-08-18T10:02:48+00:00\" \/>\n<meta property=\"og:image\" content=\"https:\/\/endorfeen.com\/wp-content\/uploads\/2021\/02\/Psiloritis.jpg\" \/>\n\t<meta property=\"og:image:width\" content=\"1688\" \/>\n\t<meta property=\"og:image:height\" content=\"1206\" \/>\n\t<meta property=\"og:image:type\" content=\"image\/jpeg\" \/>\n<meta name=\"author\" content=\"Thomas Viguier\" \/>\n<meta name=\"twitter:card\" content=\"summary_large_image\" \/>\n<meta name=\"twitter:creator\" content=\"@https:\/\/twitter.com\/endorfeen_\" \/>\n<meta name=\"twitter:label1\" content=\"\u00c9crit par\" \/>\n\t<meta name=\"twitter:data1\" content=\"Thomas Viguier\" \/>\n\t<meta name=\"twitter:label2\" content=\"Dur\u00e9e de lecture estim\u00e9e\" \/>\n\t<meta name=\"twitter:data2\" content=\"9 minutes\" \/>\n<script type=\"application\/ld+json\" class=\"yoast-schema-graph\">{\"@context\":\"https:\/\/schema.org\",\"@graph\":[{\"@type\":\"Article\",\"@id\":\"https:\/\/endorfeen.com\/fr\/la-plus-haute-montagne-de-crete\/#article\",\"isPartOf\":{\"@id\":\"https:\/\/endorfeen.com\/fr\/la-plus-haute-montagne-de-crete\/\"},\"author\":{\"name\":\"Thomas Viguier\",\"@id\":\"https:\/\/endorfeen.com\/fr\/#\/schema\/person\/67e5d1d04ce51a42bb2ba3c1ee004f9e\"},\"headline\":\"La plus haute montagne de Cr\u00e8te\",\"datePublished\":\"2021-03-25T08:00:00+00:00\",\"dateModified\":\"2023-08-18T10:02:48+00:00\",\"mainEntityOfPage\":{\"@id\":\"https:\/\/endorfeen.com\/fr\/la-plus-haute-montagne-de-crete\/\"},\"wordCount\":1988,\"publisher\":{\"@id\":\"https:\/\/endorfeen.com\/fr\/#organization\"},\"image\":{\"@id\":\"https:\/\/endorfeen.com\/fr\/la-plus-haute-montagne-de-crete\/#primaryimage\"},\"thumbnailUrl\":\"https:\/\/endorfeen.com\/wp-content\/uploads\/2021\/02\/Psiloritis.jpg\",\"keywords\":[\"#Grece\",\"#montagnes\",\"Montagnes\"],\"articleSection\":[\"Lieux\",\"Montagnes\"],\"inLanguage\":\"fr-FR\"},{\"@type\":\"WebPage\",\"@id\":\"https:\/\/endorfeen.com\/fr\/la-plus-haute-montagne-de-crete\/\",\"url\":\"https:\/\/endorfeen.com\/fr\/la-plus-haute-montagne-de-crete\/\",\"name\":\"La plus haute montagne de Cr\u00e8te vaut le d\u00e9tour - endorfeen\",\"isPartOf\":{\"@id\":\"https:\/\/endorfeen.com\/fr\/#website\"},\"primaryImageOfPage\":{\"@id\":\"https:\/\/endorfeen.com\/fr\/la-plus-haute-montagne-de-crete\/#primaryimage\"},\"image\":{\"@id\":\"https:\/\/endorfeen.com\/fr\/la-plus-haute-montagne-de-crete\/#primaryimage\"},\"thumbnailUrl\":\"https:\/\/endorfeen.com\/wp-content\/uploads\/2021\/02\/Psiloritis.jpg\",\"datePublished\":\"2021-03-25T08:00:00+00:00\",\"dateModified\":\"2023-08-18T10:02:48+00:00\",\"description\":\"Vous vous demandez quelle est la plus haute montagne de Cr\u00e8te ? L'\u00eele peut \u00eatre la combinaison parfaite de journ\u00e9es de farniente...\",\"breadcrumb\":{\"@id\":\"https:\/\/endorfeen.com\/fr\/la-plus-haute-montagne-de-crete\/#breadcrumb\"},\"inLanguage\":\"fr-FR\",\"potentialAction\":[{\"@type\":\"ReadAction\",\"target\":[\"https:\/\/endorfeen.com\/fr\/la-plus-haute-montagne-de-crete\/\"]}]},{\"@type\":\"ImageObject\",\"inLanguage\":\"fr-FR\",\"@id\":\"https:\/\/endorfeen.com\/fr\/la-plus-haute-montagne-de-crete\/#primaryimage\",\"url\":\"https:\/\/endorfeen.com\/wp-content\/uploads\/2021\/02\/Psiloritis.jpg\",\"contentUrl\":\"https:\/\/endorfeen.com\/wp-content\/uploads\/2021\/02\/Psiloritis.jpg\",\"width\":1688,\"height\":1206,\"caption\":\"cr\u00e9dits&nbsp;: https:\/\/www.stemajourneys.com\/psiloritis\"},{\"@type\":\"BreadcrumbList\",\"@id\":\"https:\/\/endorfeen.com\/fr\/la-plus-haute-montagne-de-crete\/#breadcrumb\",\"itemListElement\":[{\"@type\":\"ListItem\",\"position\":1,\"name\":\"Home\",\"item\":\"https:\/\/endorfeen.com\/fr\/\"},{\"@type\":\"ListItem\",\"position\":2,\"name\":\"La plus haute montagne de Cr\u00e8te\"}]},{\"@type\":\"WebSite\",\"@id\":\"https:\/\/endorfeen.com\/fr\/#website\",\"url\":\"https:\/\/endorfeen.com\/fr\/\",\"name\":\"endorfeen\",\"description\":\"The Media For Sustainable Outdoors.\",\"publisher\":{\"@id\":\"https:\/\/endorfeen.com\/fr\/#organization\"},\"potentialAction\":[{\"@type\":\"SearchAction\",\"target\":{\"@type\":\"EntryPoint\",\"urlTemplate\":\"https:\/\/endorfeen.com\/fr\/?s={search_term_string}\"},\"query-input\":{\"@type\":\"PropertyValueSpecification\",\"valueRequired\":true,\"valueName\":\"search_term_string\"}}],\"inLanguage\":\"fr-FR\"},{\"@type\":\"Organization\",\"@id\":\"https:\/\/endorfeen.com\/fr\/#organization\",\"name\":\"endorfeen\",\"url\":\"https:\/\/endorfeen.com\/fr\/\",\"logo\":{\"@type\":\"ImageObject\",\"inLanguage\":\"fr-FR\",\"@id\":\"https:\/\/endorfeen.com\/fr\/#\/schema\/logo\/image\/\",\"url\":\"https:\/\/endorfeen.com\/wp-content\/uploads\/2022\/06\/Circle-endorfeen-site-icon-circled-1000-x-1000-300psi.png\",\"contentUrl\":\"https:\/\/endorfeen.com\/wp-content\/uploads\/2022\/06\/Circle-endorfeen-site-icon-circled-1000-x-1000-300psi.png\",\"width\":1000,\"height\":1000,\"caption\":\"endorfeen\"},\"image\":{\"@id\":\"https:\/\/endorfeen.com\/fr\/#\/schema\/logo\/image\/\"}},{\"@type\":\"Person\",\"@id\":\"https:\/\/endorfeen.com\/fr\/#\/schema\/person\/67e5d1d04ce51a42bb2ba3c1ee004f9e\",\"name\":\"Thomas Viguier\",\"image\":{\"@type\":\"ImageObject\",\"inLanguage\":\"fr-FR\",\"@id\":\"https:\/\/endorfeen.com\/fr\/#\/schema\/person\/image\/\",\"url\":\"https:\/\/secure.gravatar.com\/avatar\/0a306c7e99e00df5d99c2c5d01d3308bccf257ab82d30f23cc0862ed35c57419?s=96&d=mm&r=g\",\"contentUrl\":\"https:\/\/secure.gravatar.com\/avatar\/0a306c7e99e00df5d99c2c5d01d3308bccf257ab82d30f23cc0862ed35c57419?s=96&d=mm&r=g\",\"caption\":\"Thomas Viguier\"},\"description\":\"Everyone has a story to tell. endorfeen is built as a collaborative platform, giving the voice to anyone with a story to tell.If you have things you want to share, register here.\",\"sameAs\":[\"https:\/\/endorfeen.com\",\"http:\/\/www.facebook.com\/endorfeen-583261049007200\",\"http:\/\/www.instagram.com\/endorfeen_\/\",\"https:\/\/fi.pinterest.com\/endorfeen_\/\",\"https:\/\/x.com\/https:\/\/twitter.com\/endorfeen_\"],\"url\":\"https:\/\/endorfeen.com\/fr\/linkto\/thomas-viguier\/\"}]}<\/script>\n<!-- \/ Yoast SEO Premium plugin. -->","yoast_head_json":{"title":"La plus haute montagne de Cr\u00e8te vaut le d\u00e9tour - endorfeen","description":"Vous vous demandez quelle est la plus haute montagne de Cr\u00e8te ? L'\u00eele peut \u00eatre la combinaison parfaite de journ\u00e9es de farniente...","robots":{"index":"index","follow":"follow","max-snippet":"max-snippet:-1","max-image-preview":"max-image-preview:large","max-video-preview":"max-video-preview:-1"},"canonical":"https:\/\/endorfeen.com\/fr\/la-plus-haute-montagne-de-crete\/","og_locale":"fr_FR","og_type":"article","og_title":"La plus haute montagne de Cr\u00e8te","og_description":"Vous vous demandez quelle est la plus haute montagne de Cr\u00e8te ? L'\u00eele peut \u00eatre la combinaison parfaite de journ\u00e9es de farniente...","og_url":"https:\/\/endorfeen.com\/fr\/la-plus-haute-montagne-de-crete\/","og_site_name":"endorfeen","article_author":"http:\/\/www.facebook.com\/endorfeen-583261049007200","article_published_time":"2021-03-25T08:00:00+00:00","article_modified_time":"2023-08-18T10:02:48+00:00","og_image":[{"width":1688,"height":1206,"url":"https:\/\/endorfeen.com\/wp-content\/uploads\/2021\/02\/Psiloritis.jpg","type":"image\/jpeg"}],"author":"Thomas Viguier","twitter_card":"summary_large_image","twitter_creator":"@https:\/\/twitter.com\/endorfeen_","twitter_misc":{"\u00c9crit par":"Thomas Viguier","Dur\u00e9e de lecture estim\u00e9e":"9 minutes"},"schema":{"@context":"https:\/\/schema.org","@graph":[{"@type":"Article","@id":"https:\/\/endorfeen.com\/fr\/la-plus-haute-montagne-de-crete\/#article","isPartOf":{"@id":"https:\/\/endorfeen.com\/fr\/la-plus-haute-montagne-de-crete\/"},"author":{"name":"Thomas Viguier","@id":"https:\/\/endorfeen.com\/fr\/#\/schema\/person\/67e5d1d04ce51a42bb2ba3c1ee004f9e"},"headline":"La plus haute montagne de Cr\u00e8te","datePublished":"2021-03-25T08:00:00+00:00","dateModified":"2023-08-18T10:02:48+00:00","mainEntityOfPage":{"@id":"https:\/\/endorfeen.com\/fr\/la-plus-haute-montagne-de-crete\/"},"wordCount":1988,"publisher":{"@id":"https:\/\/endorfeen.com\/fr\/#organization"},"image":{"@id":"https:\/\/endorfeen.com\/fr\/la-plus-haute-montagne-de-crete\/#primaryimage"},"thumbnailUrl":"https:\/\/endorfeen.com\/wp-content\/uploads\/2021\/02\/Psiloritis.jpg","keywords":["#Grece","#montagnes","Montagnes"],"articleSection":["Lieux","Montagnes"],"inLanguage":"fr-FR"},{"@type":"WebPage","@id":"https:\/\/endorfeen.com\/fr\/la-plus-haute-montagne-de-crete\/","url":"https:\/\/endorfeen.com\/fr\/la-plus-haute-montagne-de-crete\/","name":"La plus haute montagne de Cr\u00e8te vaut le d\u00e9tour - endorfeen","isPartOf":{"@id":"https:\/\/endorfeen.com\/fr\/#website"},"primaryImageOfPage":{"@id":"https:\/\/endorfeen.com\/fr\/la-plus-haute-montagne-de-crete\/#primaryimage"},"image":{"@id":"https:\/\/endorfeen.com\/fr\/la-plus-haute-montagne-de-crete\/#primaryimage"},"thumbnailUrl":"https:\/\/endorfeen.com\/wp-content\/uploads\/2021\/02\/Psiloritis.jpg","datePublished":"2021-03-25T08:00:00+00:00","dateModified":"2023-08-18T10:02:48+00:00","description":"Vous vous demandez quelle est la plus haute montagne de Cr\u00e8te ? L'\u00eele peut \u00eatre la combinaison parfaite de journ\u00e9es de farniente...","breadcrumb":{"@id":"https:\/\/endorfeen.com\/fr\/la-plus-haute-montagne-de-crete\/#breadcrumb"},"inLanguage":"fr-FR","potentialAction":[{"@type":"ReadAction","target":["https:\/\/endorfeen.com\/fr\/la-plus-haute-montagne-de-crete\/"]}]},{"@type":"ImageObject","inLanguage":"fr-FR","@id":"https:\/\/endorfeen.com\/fr\/la-plus-haute-montagne-de-crete\/#primaryimage","url":"https:\/\/endorfeen.com\/wp-content\/uploads\/2021\/02\/Psiloritis.jpg","contentUrl":"https:\/\/endorfeen.com\/wp-content\/uploads\/2021\/02\/Psiloritis.jpg","width":1688,"height":1206,"caption":"cr\u00e9dits&nbsp;: https:\/\/www.stemajourneys.com\/psiloritis"},{"@type":"BreadcrumbList","@id":"https:\/\/endorfeen.com\/fr\/la-plus-haute-montagne-de-crete\/#breadcrumb","itemListElement":[{"@type":"ListItem","position":1,"name":"Home","item":"https:\/\/endorfeen.com\/fr\/"},{"@type":"ListItem","position":2,"name":"La plus haute montagne de Cr\u00e8te"}]},{"@type":"WebSite","@id":"https:\/\/endorfeen.com\/fr\/#website","url":"https:\/\/endorfeen.com\/fr\/","name":"endorfeen","description":"The Media For Sustainable Outdoors.","publisher":{"@id":"https:\/\/endorfeen.com\/fr\/#organization"},"potentialAction":[{"@type":"SearchAction","target":{"@type":"EntryPoint","urlTemplate":"https:\/\/endorfeen.com\/fr\/?s={search_term_string}"},"query-input":{"@type":"PropertyValueSpecification","valueRequired":true,"valueName":"search_term_string"}}],"inLanguage":"fr-FR"},{"@type":"Organization","@id":"https:\/\/endorfeen.com\/fr\/#organization","name":"endorfeen","url":"https:\/\/endorfeen.com\/fr\/","logo":{"@type":"ImageObject","inLanguage":"fr-FR","@id":"https:\/\/endorfeen.com\/fr\/#\/schema\/logo\/image\/","url":"https:\/\/endorfeen.com\/wp-content\/uploads\/2022\/06\/Circle-endorfeen-site-icon-circled-1000-x-1000-300psi.png","contentUrl":"https:\/\/endorfeen.com\/wp-content\/uploads\/2022\/06\/Circle-endorfeen-site-icon-circled-1000-x-1000-300psi.png","width":1000,"height":1000,"caption":"endorfeen"},"image":{"@id":"https:\/\/endorfeen.com\/fr\/#\/schema\/logo\/image\/"}},{"@type":"Person","@id":"https:\/\/endorfeen.com\/fr\/#\/schema\/person\/67e5d1d04ce51a42bb2ba3c1ee004f9e","name":"Thomas Viguier","image":{"@type":"ImageObject","inLanguage":"fr-FR","@id":"https:\/\/endorfeen.com\/fr\/#\/schema\/person\/image\/","url":"https:\/\/secure.gravatar.com\/avatar\/0a306c7e99e00df5d99c2c5d01d3308bccf257ab82d30f23cc0862ed35c57419?s=96&d=mm&r=g","contentUrl":"https:\/\/secure.gravatar.com\/avatar\/0a306c7e99e00df5d99c2c5d01d3308bccf257ab82d30f23cc0862ed35c57419?s=96&d=mm&r=g","caption":"Thomas Viguier"},"description":"Everyone has a story to tell. endorfeen is built as a collaborative platform, giving the voice to anyone with a story to tell.If you have things you want to share, register here.","sameAs":["https:\/\/endorfeen.com","http:\/\/www.facebook.com\/endorfeen-583261049007200","http:\/\/www.instagram.com\/endorfeen_\/","https:\/\/fi.pinterest.com\/endorfeen_\/","https:\/\/x.com\/https:\/\/twitter.com\/endorfeen_"],"url":"https:\/\/endorfeen.com\/fr\/linkto\/thomas-viguier\/"}]}},"featured_image_src":"https:\/\/endorfeen.com\/wp-content\/uploads\/2021\/02\/Psiloritis-600x400.jpg","featured_image_src_square":"https:\/\/endorfeen.com\/wp-content\/uploads\/2021\/02\/Psiloritis-600x600.jpg","author_info":{"display_name":"Thomas Viguier","author_link":"https:\/\/endorfeen.com\/fr\/linkto\/thomas-viguier\/"},"acf":[],"_links":{"self":[{"href":"https:\/\/endorfeen.com\/fr\/wp-json\/wp\/v2\/posts\/1917","targetHints":{"allow":["GET"]}}],"collection":[{"href":"https:\/\/endorfeen.com\/fr\/wp-json\/wp\/v2\/posts"}],"about":[{"href":"https:\/\/endorfeen.com\/fr\/wp-json\/wp\/v2\/types\/post"}],"author":[{"embeddable":true,"href":"https:\/\/endorfeen.com\/fr\/wp-json\/wp\/v2\/users\/1"}],"replies":[{"embeddable":true,"href":"https:\/\/endorfeen.com\/fr\/wp-json\/wp\/v2\/comments?post=1917"}],"version-history":[{"count":0,"href":"https:\/\/endorfeen.com\/fr\/wp-json\/wp\/v2\/posts\/1917\/revisions"}],"wp:featuredmedia":[{"embeddable":true,"href":"https:\/\/endorfeen.com\/fr\/wp-json\/wp\/v2\/media\/1700"}],"wp:attachment":[{"href":"https:\/\/endorfeen.com\/fr\/wp-json\/wp\/v2\/media?parent=1917"}],"wp:term":[{"taxonomy":"category","embeddable":true,"href":"https:\/\/endorfeen.com\/fr\/wp-json\/wp\/v2\/categories?post=1917"},{"taxonomy":"post_tag","embeddable":true,"href":"https:\/\/endorfeen.com\/fr\/wp-json\/wp\/v2\/tags?post=1917"},{"taxonomy":"sponsor","embeddable":true,"href":"https:\/\/endorfeen.com\/fr\/wp-json\/wp\/v2\/sponsor?post=1917"}],"curies":[{"name":"wp","href":"https:\/\/api.w.org\/{rel}","templated":true}]}}