{"id":1914,"date":"2021-03-09T08:30:00","date_gmt":"2021-03-09T08:30:00","guid":{"rendered":"https:\/\/endorfeen.com\/enric-rabert-freerider-de-catalogne\/"},"modified":"2023-08-18T11:02:54","modified_gmt":"2023-08-18T10:02:54","slug":"enric-rabert-freerider-de-catalogne","status":"publish","type":"post","link":"https:\/\/endorfeen.com\/fr\/enric-rabert-freerider-de-catalogne\/","title":{"rendered":"Enric Rabert, freerider de Catalogne"},"content":{"rendered":"\n<p>Enric Rabert est un freeskieur espagnol qui monte sur Rip&rsquo;n Wud. Il a commenc\u00e9 \u00e0 skier tr\u00e8s jeune, en participant d&rsquo;abord \u00e0 des courses alpines.<\/p>\n\n<p>Il participe d\u00e9sormais au Freeride World Qualifier. Enric s&rsquo;est lanc\u00e9 dans le freeride pour renouer avec la nature et s&rsquo;affranchir des r\u00e8gles qui accompagnent la course alpine.<\/p>\n\n<p>Soutenu par Rip&rsquo;n Wud, Peak Performance, Desperados, Skiz1700, Purenees Poles et Ozona Crossfit, c&rsquo;est un athl\u00e8te motiv\u00e9. Le ski est une passion, pas un m\u00e9tier.<\/p>\n\n<h4 class=\"wp-block-heading\">Suivez Enric Rabert sur<\/h4>\n\n<p><a href=\"https:\/\/www.instagram.com\/enrikoroberto\/\" target=\"_blank\" rel=\"noreferrer noopener\">Instagram<\/a><\/p>\n\n<div style=\"color:#ddd\" class=\"wp-block-genesis-blocks-gb-spacer gb-block-spacer gb-divider-solid gb-divider-size-1\"><hr style=\"height:30px\"><\/div>\n\n<figure class=\"wp-block-gallery alignwide has-nested-images columns-default is-cropped wp-block-gallery-1 is-layout-flex wp-block-gallery-is-layout-flex\">\n<figure class=\"wp-block-image size-large\"><img loading=\"lazy\" decoding=\"async\" width=\"1024\" height=\"732\" data-id=\"1707\" src=\"https:\/\/endorfeen.com\/wp-content\/uploads\/2021\/02\/Enrik-Roberto-Freeskier-3-1024x732.jpg\" alt=\"Enric Rabert - Freeskieur 3\" class=\"wp-image-1707\" srcset=\"https:\/\/endorfeen.com\/wp-content\/uploads\/2021\/02\/Enrik-Roberto-Freeskier-3-240x171.jpg 240w, https:\/\/endorfeen.com\/wp-content\/uploads\/2021\/02\/Enrik-Roberto-Freeskier-3-300x214.jpg 300w, https:\/\/endorfeen.com\/wp-content\/uploads\/2021\/02\/Enrik-Roberto-Freeskier-3-600x429.jpg 600w, https:\/\/endorfeen.com\/wp-content\/uploads\/2021\/02\/Enrik-Roberto-Freeskier-3-768x549.jpg 768w, https:\/\/endorfeen.com\/wp-content\/uploads\/2021\/02\/Enrik-Roberto-Freeskier-3-1024x732.jpg 1024w, https:\/\/endorfeen.com\/wp-content\/uploads\/2021\/02\/Enrik-Roberto-Freeskier-3-1536x1097.jpg 1536w, https:\/\/endorfeen.com\/wp-content\/uploads\/2021\/02\/Enrik-Roberto-Freeskier-3.jpg 2000w\" sizes=\"auto, (max-width: 1024px) 100vw, 1024px\" \/><\/figure>\n\n\n\n<figure class=\"wp-block-image size-large\"><img loading=\"lazy\" decoding=\"async\" width=\"1024\" height=\"732\" data-id=\"1706\" src=\"https:\/\/endorfeen.com\/wp-content\/uploads\/2021\/02\/Enrik-Roberto-Freeskier-4-1024x732.jpg\" alt=\"Enric Rabert - Freeskieur 4\" class=\"wp-image-1706\" srcset=\"https:\/\/endorfeen.com\/wp-content\/uploads\/2021\/02\/Enrik-Roberto-Freeskier-4-240x172.jpg 240w, https:\/\/endorfeen.com\/wp-content\/uploads\/2021\/02\/Enrik-Roberto-Freeskier-4-300x215.jpg 300w, https:\/\/endorfeen.com\/wp-content\/uploads\/2021\/02\/Enrik-Roberto-Freeskier-4-600x429.jpg 600w, https:\/\/endorfeen.com\/wp-content\/uploads\/2021\/02\/Enrik-Roberto-Freeskier-4-768x549.jpg 768w, https:\/\/endorfeen.com\/wp-content\/uploads\/2021\/02\/Enrik-Roberto-Freeskier-4-1024x732.jpg 1024w, https:\/\/endorfeen.com\/wp-content\/uploads\/2021\/02\/Enrik-Roberto-Freeskier-4-1536x1099.jpg 1536w, https:\/\/endorfeen.com\/wp-content\/uploads\/2021\/02\/Enrik-Roberto-Freeskier-4.jpg 1998w\" sizes=\"auto, (max-width: 1024px) 100vw, 1024px\" \/><\/figure>\n<\/figure>\n\n<div class=\"wp-block-group has-md-content-width has-sm-padding-top has-sm-padding-bottom\"><div class=\"wp-block-group__inner-container is-layout-flow wp-block-group-is-layout-flow\">\n<h5 class=\"wp-block-heading\">Quel est ton parcours de skieur ?<\/h5>\n\n\n\n<p>Je viens d&rsquo;une petite ville pr\u00e8s de Barcelone, en Catalogne. J&rsquo;ai commenc\u00e9 \u00e0 skier tr\u00e8s t\u00f4t, sur des skis courts en plastique.<\/p>\n\n\n\n<p>Vers l&rsquo;\u00e2ge de huit ans, j&rsquo;ai commenc\u00e9 \u00e0 participer \u00e0 des courses de ski alpin et j&rsquo;ai termin\u00e9 dans des comp\u00e9titions FIS jusqu&rsquo;\u00e0 mes 20 ans.<\/p>\n\n\n\n<p>Malheureusement, quand je suis all\u00e9 \u00e0 l&rsquo;universit\u00e9, j&rsquo;ai d\u00fb arr\u00eater la comp\u00e9tition car je n&rsquo;avais pas assez de temps pour m&rsquo;entra\u00eener, mais ne vous m\u00e9prenez pas, je suis content d&rsquo;avoir \u00e9tudi\u00e9 (rires).<\/p>\n\n\n\n<p>J&rsquo;ai continu\u00e9 \u00e0 skier beaucoup \u2013 tous les week-ends.<\/p>\n\n\n\n<h5 class=\"wp-block-heading\">Qu&rsquo;avez-vous fait lorsque vous avez arr\u00eat\u00e9 la comp\u00e9tition ? O\u00f9 as-tu ski\u00e9 ?<\/h5>\n\n\n\n<p>J&rsquo;ai quitt\u00e9 le ski alpin et j&rsquo;ai commenc\u00e9 le ski libre. J&rsquo;aimais la course, mais elle comportait trop de r\u00e8gles. Pour moi, c&rsquo;\u00e9tait un peu une d\u00e9connexion avec l&rsquo;environnement, la montagne et la nature.<\/p>\n\n\n\n<p>L&rsquo;Espagne n&rsquo;est pas le pays le plus enneig\u00e9 d&rsquo;Europe. Si vous pensez \u00ab montagnes \u00bb et \u00ab neige \u00bb, vous ne pensez pas \u00e0 l&rsquo;Espagne. Bien s\u00fbr, j&rsquo;ai ski\u00e9 en Espagne, mais j&rsquo;ai beaucoup voyag\u00e9 et je continue de le faire. Je vais en Suisse, en France, en Italie ou en Andorre, par exemple.<\/p>\n<\/div><\/div>\n\n<div class=\"wp-block-group\"><div class=\"wp-block-group__inner-container is-layout-flow wp-block-group-is-layout-flow\">\n<figure class=\"wp-block-gallery alignwide has-nested-images columns-default is-cropped wp-block-gallery-2 is-layout-flex wp-block-gallery-is-layout-flex\">\n<figure class=\"wp-block-image size-large\"><img loading=\"lazy\" decoding=\"async\" width=\"732\" height=\"1024\" data-id=\"1708\" src=\"https:\/\/endorfeen.com\/wp-content\/uploads\/2021\/02\/Enrik-Roberto-Freeskier-2-732x1024.jpg\" alt=\"Enric Rabert - Freeskieur 2\" class=\"wp-image-1708\" srcset=\"https:\/\/endorfeen.com\/wp-content\/uploads\/2021\/02\/Enrik-Roberto-Freeskier-2-129x180.jpg 129w, https:\/\/endorfeen.com\/wp-content\/uploads\/2021\/02\/Enrik-Roberto-Freeskier-2-214x300.jpg 214w, https:\/\/endorfeen.com\/wp-content\/uploads\/2021\/02\/Enrik-Roberto-Freeskier-2-300x420.jpg 300w, https:\/\/endorfeen.com\/wp-content\/uploads\/2021\/02\/Enrik-Roberto-Freeskier-2-600x840.jpg 600w, https:\/\/endorfeen.com\/wp-content\/uploads\/2021\/02\/Enrik-Roberto-Freeskier-2-732x1024.jpg 732w, https:\/\/endorfeen.com\/wp-content\/uploads\/2021\/02\/Enrik-Roberto-Freeskier-2-768x1075.jpg 768w, https:\/\/endorfeen.com\/wp-content\/uploads\/2021\/02\/Enrik-Roberto-Freeskier-2-1097x1536.jpg 1097w, https:\/\/endorfeen.com\/wp-content\/uploads\/2021\/02\/Enrik-Roberto-Freeskier-2.jpg 1429w\" sizes=\"auto, (max-width: 732px) 100vw, 732px\" \/><\/figure>\n\n\n\n<figure class=\"wp-block-image size-large\"><img loading=\"lazy\" decoding=\"async\" width=\"732\" height=\"1024\" data-id=\"1705\" src=\"https:\/\/endorfeen.com\/wp-content\/uploads\/2021\/02\/Enrik-Roberto-Freeskier-5-732x1024.jpg\" alt=\"Enric Rabert - descente\" class=\"wp-image-1705\" srcset=\"https:\/\/endorfeen.com\/wp-content\/uploads\/2021\/02\/Enrik-Roberto-Freeskier-5-129x180.jpg 129w, https:\/\/endorfeen.com\/wp-content\/uploads\/2021\/02\/Enrik-Roberto-Freeskier-5-214x300.jpg 214w, https:\/\/endorfeen.com\/wp-content\/uploads\/2021\/02\/Enrik-Roberto-Freeskier-5-300x420.jpg 300w, https:\/\/endorfeen.com\/wp-content\/uploads\/2021\/02\/Enrik-Roberto-Freeskier-5-600x840.jpg 600w, https:\/\/endorfeen.com\/wp-content\/uploads\/2021\/02\/Enrik-Roberto-Freeskier-5-732x1024.jpg 732w, https:\/\/endorfeen.com\/wp-content\/uploads\/2021\/02\/Enrik-Roberto-Freeskier-5-768x1075.jpg 768w, https:\/\/endorfeen.com\/wp-content\/uploads\/2021\/02\/Enrik-Roberto-Freeskier-5-1097x1536.jpg 1097w, https:\/\/endorfeen.com\/wp-content\/uploads\/2021\/02\/Enrik-Roberto-Freeskier-5.jpg 1429w\" sizes=\"auto, (max-width: 732px) 100vw, 732px\" \/><figcaption>@speedypx avec @montpackers<\/figcaption><\/figure>\n<\/figure>\n<\/div><\/div>\n\n<div class=\"wp-block-group has-md-content-width has-sm-padding-top has-sm-padding-bottom\"><div class=\"wp-block-group__inner-container is-layout-flow wp-block-group-is-layout-flow\">\n<h5 class=\"wp-block-heading\">On t&rsquo;a vu skier avec Rip&rsquo;n Wud ; c&rsquo;est une petite marque, bas\u00e9e en France, comment l&rsquo;as-tu d\u00e9couvert ?<\/h5>\n\n\n\n<p>L&rsquo;un des premiers skis que j&rsquo;ai eu apr\u00e8s les courses FIS s&rsquo;est perdu apr\u00e8s quelques virages au Mont Gel\u00e9 (Verbier, Suisse).<\/p>\n\n\n\n<p>Puis est arriv\u00e9 un moment o\u00f9 j&rsquo;ai d\u00fb approfondir mes tests, alors j&rsquo;ai essay\u00e9 toutes sortes de skis. Rien n&rsquo;a fonctionn\u00e9 pour moi. Venant du ski alpin, je cherchais quelque chose de \u00ab\u00a0plus rigide\u00a0\u00bb que les skis l\u00e9gers que l&rsquo;on voit aujourd&rsquo;hui en Freeride, et je ne trouvais pas le bon fit o\u00f9 je pouvais me sentir \u00e0 l&rsquo;aise.<\/p>\n\n\n\n<p>Apr\u00e8s de nombreux essais, j&rsquo;ai trouv\u00e9 Rip&rsquo;n Wud. J&rsquo;ai contact\u00e9 le propri\u00e9taire de la marque. Il a expliqu\u00e9 leur vision. J&rsquo;ai tout de suite adh\u00e9r\u00e9 et j&rsquo;ai achet\u00e9 ma premi\u00e8re paire sans m\u00eame l&rsquo;avoir essay\u00e9e. <\/p>\n\n\n\n<p>Les skis correspondaient exactement \u00e0 ce que je cherchais. C&rsquo;\u00e9tait un match parfait. Apr\u00e8s 6 ans d&rsquo;utilisation, j&rsquo;ai eu la chance de signer un contrat pro avec eux.<\/p>\n\n\n\n<h5 class=\"wp-block-heading\">Avez-vous d&rsquo;autres sponsors ?<\/h5>\n\n\n\n<p>Oui, je le fais, Peak Performance, Purenees Poles et Skiz 1700 me sponsorisent. Ils me donnent du mat\u00e9riel, mais je ne pense pas que je passerais \u00e0 l&rsquo;\u00e9tape suivante pour \u00eatre pay\u00e9 pour courir. Je skie parce que j&rsquo;aime \u00e7a. Je ne voudrais pas que le ski devienne mon m\u00e9tier, \u00e7a ne me conviendrait pas.<\/p>\n\n\n\n<p>Ma situation actuelle est parfaite; Je re\u00e7ois des \u00e9quipements fantastiques mais je garde ma \u00ab\u00a0libert\u00e9\u00a0\u00bb. Je compte aussi sur le soutien de la bi\u00e8re Desperados qui m&rsquo;a aid\u00e9 \u00e0 d\u00e9velopper quelques projets que j&rsquo;avais en t\u00eate depuis de nombreuses ann\u00e9es !<\/p>\n<\/div><\/div>\n\n<div class=\"wp-block-group\"><div class=\"wp-block-group__inner-container is-layout-flow wp-block-group-is-layout-flow\">\n<figure class=\"wp-block-gallery alignwide has-nested-images columns-default is-cropped wp-block-gallery-3 is-layout-flex wp-block-gallery-is-layout-flex\">\n<figure class=\"wp-block-image size-large\"><img loading=\"lazy\" decoding=\"async\" width=\"732\" height=\"1024\" data-id=\"1704\" src=\"https:\/\/endorfeen.com\/wp-content\/uploads\/2021\/02\/Enrik-Roberto-Freeskier-6-732x1024.jpg\" alt=\"Henri Rabert\" class=\"wp-image-1704\" srcset=\"https:\/\/endorfeen.com\/wp-content\/uploads\/2021\/02\/Enrik-Roberto-Freeskier-6-129x180.jpg 129w, https:\/\/endorfeen.com\/wp-content\/uploads\/2021\/02\/Enrik-Roberto-Freeskier-6-214x300.jpg 214w, https:\/\/endorfeen.com\/wp-content\/uploads\/2021\/02\/Enrik-Roberto-Freeskier-6-300x420.jpg 300w, https:\/\/endorfeen.com\/wp-content\/uploads\/2021\/02\/Enrik-Roberto-Freeskier-6-600x840.jpg 600w, https:\/\/endorfeen.com\/wp-content\/uploads\/2021\/02\/Enrik-Roberto-Freeskier-6-732x1024.jpg 732w, https:\/\/endorfeen.com\/wp-content\/uploads\/2021\/02\/Enrik-Roberto-Freeskier-6-768x1075.jpg 768w, https:\/\/endorfeen.com\/wp-content\/uploads\/2021\/02\/Enrik-Roberto-Freeskier-6-1097x1536.jpg 1097w, https:\/\/endorfeen.com\/wp-content\/uploads\/2021\/02\/Enrik-Roberto-Freeskier-6.jpg 1429w\" sizes=\"auto, (max-width: 732px) 100vw, 732px\" \/><figcaption>@speedypx avec @montpackers<\/figcaption><\/figure>\n\n\n\n<figure class=\"wp-block-image size-large\"><img loading=\"lazy\" decoding=\"async\" width=\"731\" height=\"1024\" data-id=\"1709\" src=\"https:\/\/endorfeen.com\/wp-content\/uploads\/2021\/02\/Enrik-Roberto-Freeskier-731x1024.jpg\" alt=\"\" class=\"wp-image-1709\" srcset=\"https:\/\/endorfeen.com\/wp-content\/uploads\/2021\/02\/Enrik-Roberto-Freeskier-129x180.jpg 129w, https:\/\/endorfeen.com\/wp-content\/uploads\/2021\/02\/Enrik-Roberto-Freeskier-214x300.jpg 214w, https:\/\/endorfeen.com\/wp-content\/uploads\/2021\/02\/Enrik-Roberto-Freeskier-300x420.jpg 300w, https:\/\/endorfeen.com\/wp-content\/uploads\/2021\/02\/Enrik-Roberto-Freeskier-600x840.jpg 600w, https:\/\/endorfeen.com\/wp-content\/uploads\/2021\/02\/Enrik-Roberto-Freeskier-731x1024.jpg 731w, https:\/\/endorfeen.com\/wp-content\/uploads\/2021\/02\/Enrik-Roberto-Freeskier-768x1075.jpg 768w, https:\/\/endorfeen.com\/wp-content\/uploads\/2021\/02\/Enrik-Roberto-Freeskier-1097x1536.jpg 1097w, https:\/\/endorfeen.com\/wp-content\/uploads\/2021\/02\/Enrik-Roberto-Freeskier.jpg 1125w\" sizes=\"auto, (max-width: 731px) 100vw, 731px\" \/><\/figure>\n<\/figure>\n<\/div><\/div>\n\n<div class=\"wp-block-group has-md-content-width has-sm-padding-top has-sm-padding-bottom\"><div class=\"wp-block-group__inner-container is-layout-flow wp-block-group-is-layout-flow\">\n<h5 class=\"wp-block-heading\">Votre famille skie-t-elle aussi beaucoup ?<\/h5>\n\n\n\n<p>Oui, mes parents \u00e9taient skieurs, mais ma m\u00e8re a arr\u00eat\u00e9 il y a quelques ann\u00e9es apr\u00e8s que ma petite s\u0153ur a eu un accident et a failli finir en fauteuil roulant.<\/p>\n\n\n\n<p>Mais mon p\u00e8re, mon oncle et mes cousins skient toujours beaucoup ! (quand le COVID n&rsquo;\u00e9tait pas l\u00e0).<\/p>\n\n\n\n<h5 class=\"wp-block-heading\">Il semble que vous ayez v\u00e9cu une exp\u00e9rience traumatisante, comment y faites-vous face\u00a0?<\/h5>\n\n\n\n<p>Eh bien, oui d&rsquo;une certaine mani\u00e8re. Des amis \u00e0 moi sont d\u00e9c\u00e9d\u00e9s en skiant. Et aussi j&rsquo;ai vu trop d&rsquo;accidents malheureusement.<\/p>\n\n\n\n<p>Cela vous oblige \u00e0 rester debout et \u00e0 r\u00e9fl\u00e9chir \u00e0 deux fois avant de faire quelque chose. Mais je suppose que cela me donne une motivation suppl\u00e9mentaire pour skier; c&rsquo;est ma fa\u00e7on \u00e0 moi de leur rendre hommage tout en faisant quelque chose que nous avons appr\u00e9ci\u00e9 autant qu&rsquo;ensemble.<\/p>\n\n\n\n<p>Aussi, pour pr\u00e9venir les blessures et minimiser les risques, je m&rsquo;entra\u00eene tous les jours. Je vais \u00e0 la salle de gym dans un centre Crossfit o\u00f9 je planifie tout mon entra\u00eenement, combinant Crossfit avec des exercices de gym r\u00e9guliers aux skieurs. Moi, \u00e9videmment, je skie autant que je peux. Tous les entra\u00eenements contribuent \u00e0 renforcer la confiance et \u00e0 s&rsquo;am\u00e9liorer chaque saison.<\/p>\n<\/div><\/div>\n","protected":false},"excerpt":{"rendered":"<p>Enric Rabert est un freeskieur espagnol qui monte sur Rip&rsquo;n Wud. Il a commenc\u00e9 \u00e0 skier tr\u00e8s jeune, en participant d&rsquo;abord \u00e0 des courses alpines. Il participe d\u00e9sormais au Freeride World Qualifier. Enric s&rsquo;est lanc\u00e9 dans le freeride pour renouer avec la nature et s&rsquo;affranchir des r\u00e8gles qui accompagnent la course alpine. Soutenu par Rip&rsquo;n &hellip;<\/p>\n","protected":false},"author":1,"featured_media":1703,"comment_status":"closed","ping_status":"closed","sticky":false,"template":"","format":"standard","meta":{"_acf_changed":false,"_genesis_hide_title":false,"_genesis_hide_breadcrumbs":false,"_genesis_hide_singular_image":false,"_genesis_hide_footer_widgets":false,"_genesis_custom_body_class":"","_genesis_custom_post_class":"","_genesis_layout":"","footnotes":""},"categories":[158],"tags":[162],"sponsor":[1087],"class_list":{"2":"type-post","7":"category-prophetes","8":"tag-freeride-fr","9":"sponsor-endorfeen","10":"entry"},"yoast_head":"<!-- This site is optimized with the Yoast SEO Premium plugin v26.2 (Yoast SEO v26.2) - https:\/\/yoast.com\/wordpress\/plugins\/seo\/ -->\n<title>de Enric Rabert, freerider de Catalogne , en comp\u00e9tition sur le endorfeen -<\/title>\n<meta name=\"description\" content=\"Enric Rabert est un freeskieur espagnol. Il a commenc\u00e9 \u00e0 skier tr\u00e8s jeune, participant d&#039;abord \u00e0 des courses alpines. Il participe maintenant au FWQ.\" \/>\n<meta name=\"robots\" content=\"index, follow, max-snippet:-1, max-image-preview:large, max-video-preview:-1\" \/>\n<link rel=\"canonical\" href=\"https:\/\/endorfeen.com\/fr\/enric-rabert-freerider-de-catalogne\/\" \/>\n<meta property=\"og:locale\" content=\"fr_FR\" \/>\n<meta property=\"og:type\" content=\"article\" \/>\n<meta property=\"og:title\" content=\"Enric Rabert, freerider de Catalogne\" \/>\n<meta property=\"og:description\" content=\"Enric Rabert est un freeskieur espagnol. Il a commenc\u00e9 \u00e0 skier tr\u00e8s jeune, participant d&#039;abord \u00e0 des courses alpines. Il participe maintenant au FWQ.\" \/>\n<meta property=\"og:url\" content=\"https:\/\/endorfeen.com\/fr\/enric-rabert-freerider-de-catalogne\/\" \/>\n<meta property=\"og:site_name\" content=\"endorfeen\" \/>\n<meta property=\"article:author\" content=\"http:\/\/www.facebook.com\/endorfeen-583261049007200\" \/>\n<meta property=\"article:published_time\" content=\"2021-03-09T08:30:00+00:00\" \/>\n<meta property=\"article:modified_time\" content=\"2023-08-18T10:02:54+00:00\" \/>\n<meta property=\"og:image\" content=\"https:\/\/endorfeen.com\/wp-content\/uploads\/2021\/02\/Enrik-Roberto-Freeskier-Captura-de-pantalla.jpg\" \/>\n\t<meta property=\"og:image:width\" content=\"2000\" \/>\n\t<meta property=\"og:image:height\" content=\"1429\" \/>\n\t<meta property=\"og:image:type\" content=\"image\/jpeg\" \/>\n<meta name=\"author\" content=\"Thomas Viguier\" \/>\n<meta name=\"twitter:card\" content=\"summary_large_image\" \/>\n<meta name=\"twitter:creator\" content=\"@https:\/\/twitter.com\/endorfeen_\" \/>\n<meta name=\"twitter:label1\" content=\"\u00c9crit par\" \/>\n\t<meta name=\"twitter:data1\" content=\"Thomas Viguier\" \/>\n\t<meta name=\"twitter:label2\" content=\"Dur\u00e9e de lecture estim\u00e9e\" \/>\n\t<meta name=\"twitter:data2\" content=\"4 minutes\" \/>\n<script type=\"application\/ld+json\" class=\"yoast-schema-graph\">{\"@context\":\"https:\/\/schema.org\",\"@graph\":[{\"@type\":\"Article\",\"@id\":\"https:\/\/endorfeen.com\/fr\/enric-rabert-freerider-de-catalogne\/#article\",\"isPartOf\":{\"@id\":\"https:\/\/endorfeen.com\/fr\/enric-rabert-freerider-de-catalogne\/\"},\"author\":{\"name\":\"Thomas Viguier\",\"@id\":\"https:\/\/endorfeen.com\/fr\/#\/schema\/person\/67e5d1d04ce51a42bb2ba3c1ee004f9e\"},\"headline\":\"Enric Rabert, freerider de Catalogne\",\"datePublished\":\"2021-03-09T08:30:00+00:00\",\"dateModified\":\"2023-08-18T10:02:54+00:00\",\"mainEntityOfPage\":{\"@id\":\"https:\/\/endorfeen.com\/fr\/enric-rabert-freerider-de-catalogne\/\"},\"wordCount\":839,\"publisher\":{\"@id\":\"https:\/\/endorfeen.com\/fr\/#organization\"},\"image\":{\"@id\":\"https:\/\/endorfeen.com\/fr\/enric-rabert-freerider-de-catalogne\/#primaryimage\"},\"thumbnailUrl\":\"https:\/\/endorfeen.com\/wp-content\/uploads\/2021\/02\/Enrik-Roberto-Freeskier-Captura-de-pantalla.jpg\",\"keywords\":[\"#freeride\"],\"articleSection\":[\"Proph\u00e8tes\"],\"inLanguage\":\"fr-FR\"},{\"@type\":\"WebPage\",\"@id\":\"https:\/\/endorfeen.com\/fr\/enric-rabert-freerider-de-catalogne\/\",\"url\":\"https:\/\/endorfeen.com\/fr\/enric-rabert-freerider-de-catalogne\/\",\"name\":\"de Enric Rabert, freerider de Catalogne , en comp\u00e9tition sur le endorfeen -\",\"isPartOf\":{\"@id\":\"https:\/\/endorfeen.com\/fr\/#website\"},\"primaryImageOfPage\":{\"@id\":\"https:\/\/endorfeen.com\/fr\/enric-rabert-freerider-de-catalogne\/#primaryimage\"},\"image\":{\"@id\":\"https:\/\/endorfeen.com\/fr\/enric-rabert-freerider-de-catalogne\/#primaryimage\"},\"thumbnailUrl\":\"https:\/\/endorfeen.com\/wp-content\/uploads\/2021\/02\/Enrik-Roberto-Freeskier-Captura-de-pantalla.jpg\",\"datePublished\":\"2021-03-09T08:30:00+00:00\",\"dateModified\":\"2023-08-18T10:02:54+00:00\",\"description\":\"Enric Rabert est un freeskieur espagnol. Il a commenc\u00e9 \u00e0 skier tr\u00e8s jeune, participant d'abord \u00e0 des courses alpines. Il participe maintenant au FWQ.\",\"breadcrumb\":{\"@id\":\"https:\/\/endorfeen.com\/fr\/enric-rabert-freerider-de-catalogne\/#breadcrumb\"},\"inLanguage\":\"fr-FR\",\"potentialAction\":[{\"@type\":\"ReadAction\",\"target\":[\"https:\/\/endorfeen.com\/fr\/enric-rabert-freerider-de-catalogne\/\"]}]},{\"@type\":\"ImageObject\",\"inLanguage\":\"fr-FR\",\"@id\":\"https:\/\/endorfeen.com\/fr\/enric-rabert-freerider-de-catalogne\/#primaryimage\",\"url\":\"https:\/\/endorfeen.com\/wp-content\/uploads\/2021\/02\/Enrik-Roberto-Freeskier-Captura-de-pantalla.jpg\",\"contentUrl\":\"https:\/\/endorfeen.com\/wp-content\/uploads\/2021\/02\/Enrik-Roberto-Freeskier-Captura-de-pantalla.jpg\",\"width\":2000,\"height\":1429,\"caption\":\"Enric Rabert - Freeskieur - Captura de pantalla\"},{\"@type\":\"BreadcrumbList\",\"@id\":\"https:\/\/endorfeen.com\/fr\/enric-rabert-freerider-de-catalogne\/#breadcrumb\",\"itemListElement\":[{\"@type\":\"ListItem\",\"position\":1,\"name\":\"Home\",\"item\":\"https:\/\/endorfeen.com\/fr\/\"},{\"@type\":\"ListItem\",\"position\":2,\"name\":\"Enric Rabert, freerider de Catalogne\"}]},{\"@type\":\"WebSite\",\"@id\":\"https:\/\/endorfeen.com\/fr\/#website\",\"url\":\"https:\/\/endorfeen.com\/fr\/\",\"name\":\"endorfeen\",\"description\":\"The Media For Sustainable Outdoors.\",\"publisher\":{\"@id\":\"https:\/\/endorfeen.com\/fr\/#organization\"},\"potentialAction\":[{\"@type\":\"SearchAction\",\"target\":{\"@type\":\"EntryPoint\",\"urlTemplate\":\"https:\/\/endorfeen.com\/fr\/?s={search_term_string}\"},\"query-input\":{\"@type\":\"PropertyValueSpecification\",\"valueRequired\":true,\"valueName\":\"search_term_string\"}}],\"inLanguage\":\"fr-FR\"},{\"@type\":\"Organization\",\"@id\":\"https:\/\/endorfeen.com\/fr\/#organization\",\"name\":\"endorfeen\",\"url\":\"https:\/\/endorfeen.com\/fr\/\",\"logo\":{\"@type\":\"ImageObject\",\"inLanguage\":\"fr-FR\",\"@id\":\"https:\/\/endorfeen.com\/fr\/#\/schema\/logo\/image\/\",\"url\":\"https:\/\/endorfeen.com\/wp-content\/uploads\/2022\/06\/Circle-endorfeen-site-icon-circled-1000-x-1000-300psi.png\",\"contentUrl\":\"https:\/\/endorfeen.com\/wp-content\/uploads\/2022\/06\/Circle-endorfeen-site-icon-circled-1000-x-1000-300psi.png\",\"width\":1000,\"height\":1000,\"caption\":\"endorfeen\"},\"image\":{\"@id\":\"https:\/\/endorfeen.com\/fr\/#\/schema\/logo\/image\/\"}},{\"@type\":\"Person\",\"@id\":\"https:\/\/endorfeen.com\/fr\/#\/schema\/person\/67e5d1d04ce51a42bb2ba3c1ee004f9e\",\"name\":\"Thomas Viguier\",\"image\":{\"@type\":\"ImageObject\",\"inLanguage\":\"fr-FR\",\"@id\":\"https:\/\/endorfeen.com\/fr\/#\/schema\/person\/image\/\",\"url\":\"https:\/\/secure.gravatar.com\/avatar\/0a306c7e99e00df5d99c2c5d01d3308bccf257ab82d30f23cc0862ed35c57419?s=96&d=mm&r=g\",\"contentUrl\":\"https:\/\/secure.gravatar.com\/avatar\/0a306c7e99e00df5d99c2c5d01d3308bccf257ab82d30f23cc0862ed35c57419?s=96&d=mm&r=g\",\"caption\":\"Thomas Viguier\"},\"description\":\"Everyone has a story to tell. endorfeen is built as a collaborative platform, giving the voice to anyone with a story to tell.If you have things you want to share, register here.\",\"sameAs\":[\"https:\/\/endorfeen.com\",\"http:\/\/www.facebook.com\/endorfeen-583261049007200\",\"http:\/\/www.instagram.com\/endorfeen_\/\",\"https:\/\/fi.pinterest.com\/endorfeen_\/\",\"https:\/\/x.com\/https:\/\/twitter.com\/endorfeen_\"],\"url\":\"https:\/\/endorfeen.com\/fr\/linkto\/thomas-viguier\/\"}]}<\/script>\n<!-- \/ Yoast SEO Premium plugin. -->","yoast_head_json":{"title":"de Enric Rabert, freerider de Catalogne , en comp\u00e9tition sur le endorfeen -","description":"Enric Rabert est un freeskieur espagnol. Il a commenc\u00e9 \u00e0 skier tr\u00e8s jeune, participant d'abord \u00e0 des courses alpines. Il participe maintenant au FWQ.","robots":{"index":"index","follow":"follow","max-snippet":"max-snippet:-1","max-image-preview":"max-image-preview:large","max-video-preview":"max-video-preview:-1"},"canonical":"https:\/\/endorfeen.com\/fr\/enric-rabert-freerider-de-catalogne\/","og_locale":"fr_FR","og_type":"article","og_title":"Enric Rabert, freerider de Catalogne","og_description":"Enric Rabert est un freeskieur espagnol. Il a commenc\u00e9 \u00e0 skier tr\u00e8s jeune, participant d'abord \u00e0 des courses alpines. Il participe maintenant au FWQ.","og_url":"https:\/\/endorfeen.com\/fr\/enric-rabert-freerider-de-catalogne\/","og_site_name":"endorfeen","article_author":"http:\/\/www.facebook.com\/endorfeen-583261049007200","article_published_time":"2021-03-09T08:30:00+00:00","article_modified_time":"2023-08-18T10:02:54+00:00","og_image":[{"width":2000,"height":1429,"url":"https:\/\/endorfeen.com\/wp-content\/uploads\/2021\/02\/Enrik-Roberto-Freeskier-Captura-de-pantalla.jpg","type":"image\/jpeg"}],"author":"Thomas Viguier","twitter_card":"summary_large_image","twitter_creator":"@https:\/\/twitter.com\/endorfeen_","twitter_misc":{"\u00c9crit par":"Thomas Viguier","Dur\u00e9e de lecture estim\u00e9e":"4 minutes"},"schema":{"@context":"https:\/\/schema.org","@graph":[{"@type":"Article","@id":"https:\/\/endorfeen.com\/fr\/enric-rabert-freerider-de-catalogne\/#article","isPartOf":{"@id":"https:\/\/endorfeen.com\/fr\/enric-rabert-freerider-de-catalogne\/"},"author":{"name":"Thomas Viguier","@id":"https:\/\/endorfeen.com\/fr\/#\/schema\/person\/67e5d1d04ce51a42bb2ba3c1ee004f9e"},"headline":"Enric Rabert, freerider de Catalogne","datePublished":"2021-03-09T08:30:00+00:00","dateModified":"2023-08-18T10:02:54+00:00","mainEntityOfPage":{"@id":"https:\/\/endorfeen.com\/fr\/enric-rabert-freerider-de-catalogne\/"},"wordCount":839,"publisher":{"@id":"https:\/\/endorfeen.com\/fr\/#organization"},"image":{"@id":"https:\/\/endorfeen.com\/fr\/enric-rabert-freerider-de-catalogne\/#primaryimage"},"thumbnailUrl":"https:\/\/endorfeen.com\/wp-content\/uploads\/2021\/02\/Enrik-Roberto-Freeskier-Captura-de-pantalla.jpg","keywords":["#freeride"],"articleSection":["Proph\u00e8tes"],"inLanguage":"fr-FR"},{"@type":"WebPage","@id":"https:\/\/endorfeen.com\/fr\/enric-rabert-freerider-de-catalogne\/","url":"https:\/\/endorfeen.com\/fr\/enric-rabert-freerider-de-catalogne\/","name":"de Enric Rabert, freerider de Catalogne , en comp\u00e9tition sur le endorfeen -","isPartOf":{"@id":"https:\/\/endorfeen.com\/fr\/#website"},"primaryImageOfPage":{"@id":"https:\/\/endorfeen.com\/fr\/enric-rabert-freerider-de-catalogne\/#primaryimage"},"image":{"@id":"https:\/\/endorfeen.com\/fr\/enric-rabert-freerider-de-catalogne\/#primaryimage"},"thumbnailUrl":"https:\/\/endorfeen.com\/wp-content\/uploads\/2021\/02\/Enrik-Roberto-Freeskier-Captura-de-pantalla.jpg","datePublished":"2021-03-09T08:30:00+00:00","dateModified":"2023-08-18T10:02:54+00:00","description":"Enric Rabert est un freeskieur espagnol. Il a commenc\u00e9 \u00e0 skier tr\u00e8s jeune, participant d'abord \u00e0 des courses alpines. Il participe maintenant au FWQ.","breadcrumb":{"@id":"https:\/\/endorfeen.com\/fr\/enric-rabert-freerider-de-catalogne\/#breadcrumb"},"inLanguage":"fr-FR","potentialAction":[{"@type":"ReadAction","target":["https:\/\/endorfeen.com\/fr\/enric-rabert-freerider-de-catalogne\/"]}]},{"@type":"ImageObject","inLanguage":"fr-FR","@id":"https:\/\/endorfeen.com\/fr\/enric-rabert-freerider-de-catalogne\/#primaryimage","url":"https:\/\/endorfeen.com\/wp-content\/uploads\/2021\/02\/Enrik-Roberto-Freeskier-Captura-de-pantalla.jpg","contentUrl":"https:\/\/endorfeen.com\/wp-content\/uploads\/2021\/02\/Enrik-Roberto-Freeskier-Captura-de-pantalla.jpg","width":2000,"height":1429,"caption":"Enric Rabert - Freeskieur - Captura de pantalla"},{"@type":"BreadcrumbList","@id":"https:\/\/endorfeen.com\/fr\/enric-rabert-freerider-de-catalogne\/#breadcrumb","itemListElement":[{"@type":"ListItem","position":1,"name":"Home","item":"https:\/\/endorfeen.com\/fr\/"},{"@type":"ListItem","position":2,"name":"Enric Rabert, freerider de Catalogne"}]},{"@type":"WebSite","@id":"https:\/\/endorfeen.com\/fr\/#website","url":"https:\/\/endorfeen.com\/fr\/","name":"endorfeen","description":"The Media For Sustainable Outdoors.","publisher":{"@id":"https:\/\/endorfeen.com\/fr\/#organization"},"potentialAction":[{"@type":"SearchAction","target":{"@type":"EntryPoint","urlTemplate":"https:\/\/endorfeen.com\/fr\/?s={search_term_string}"},"query-input":{"@type":"PropertyValueSpecification","valueRequired":true,"valueName":"search_term_string"}}],"inLanguage":"fr-FR"},{"@type":"Organization","@id":"https:\/\/endorfeen.com\/fr\/#organization","name":"endorfeen","url":"https:\/\/endorfeen.com\/fr\/","logo":{"@type":"ImageObject","inLanguage":"fr-FR","@id":"https:\/\/endorfeen.com\/fr\/#\/schema\/logo\/image\/","url":"https:\/\/endorfeen.com\/wp-content\/uploads\/2022\/06\/Circle-endorfeen-site-icon-circled-1000-x-1000-300psi.png","contentUrl":"https:\/\/endorfeen.com\/wp-content\/uploads\/2022\/06\/Circle-endorfeen-site-icon-circled-1000-x-1000-300psi.png","width":1000,"height":1000,"caption":"endorfeen"},"image":{"@id":"https:\/\/endorfeen.com\/fr\/#\/schema\/logo\/image\/"}},{"@type":"Person","@id":"https:\/\/endorfeen.com\/fr\/#\/schema\/person\/67e5d1d04ce51a42bb2ba3c1ee004f9e","name":"Thomas Viguier","image":{"@type":"ImageObject","inLanguage":"fr-FR","@id":"https:\/\/endorfeen.com\/fr\/#\/schema\/person\/image\/","url":"https:\/\/secure.gravatar.com\/avatar\/0a306c7e99e00df5d99c2c5d01d3308bccf257ab82d30f23cc0862ed35c57419?s=96&d=mm&r=g","contentUrl":"https:\/\/secure.gravatar.com\/avatar\/0a306c7e99e00df5d99c2c5d01d3308bccf257ab82d30f23cc0862ed35c57419?s=96&d=mm&r=g","caption":"Thomas Viguier"},"description":"Everyone has a story to tell. endorfeen is built as a collaborative platform, giving the voice to anyone with a story to tell.If you have things you want to share, register here.","sameAs":["https:\/\/endorfeen.com","http:\/\/www.facebook.com\/endorfeen-583261049007200","http:\/\/www.instagram.com\/endorfeen_\/","https:\/\/fi.pinterest.com\/endorfeen_\/","https:\/\/x.com\/https:\/\/twitter.com\/endorfeen_"],"url":"https:\/\/endorfeen.com\/fr\/linkto\/thomas-viguier\/"}]}},"featured_image_src":"https:\/\/endorfeen.com\/wp-content\/uploads\/2021\/02\/Enrik-Roberto-Freeskier-Captura-de-pantalla-600x400.jpg","featured_image_src_square":"https:\/\/endorfeen.com\/wp-content\/uploads\/2021\/02\/Enrik-Roberto-Freeskier-Captura-de-pantalla-600x600.jpg","author_info":{"display_name":"Thomas Viguier","author_link":"https:\/\/endorfeen.com\/fr\/linkto\/thomas-viguier\/"},"acf":[],"_links":{"self":[{"href":"https:\/\/endorfeen.com\/fr\/wp-json\/wp\/v2\/posts\/1914","targetHints":{"allow":["GET"]}}],"collection":[{"href":"https:\/\/endorfeen.com\/fr\/wp-json\/wp\/v2\/posts"}],"about":[{"href":"https:\/\/endorfeen.com\/fr\/wp-json\/wp\/v2\/types\/post"}],"author":[{"embeddable":true,"href":"https:\/\/endorfeen.com\/fr\/wp-json\/wp\/v2\/users\/1"}],"replies":[{"embeddable":true,"href":"https:\/\/endorfeen.com\/fr\/wp-json\/wp\/v2\/comments?post=1914"}],"version-history":[{"count":0,"href":"https:\/\/endorfeen.com\/fr\/wp-json\/wp\/v2\/posts\/1914\/revisions"}],"wp:featuredmedia":[{"embeddable":true,"href":"https:\/\/endorfeen.com\/fr\/wp-json\/wp\/v2\/media\/1703"}],"wp:attachment":[{"href":"https:\/\/endorfeen.com\/fr\/wp-json\/wp\/v2\/media?parent=1914"}],"wp:term":[{"taxonomy":"category","embeddable":true,"href":"https:\/\/endorfeen.com\/fr\/wp-json\/wp\/v2\/categories?post=1914"},{"taxonomy":"post_tag","embeddable":true,"href":"https:\/\/endorfeen.com\/fr\/wp-json\/wp\/v2\/tags?post=1914"},{"taxonomy":"sponsor","embeddable":true,"href":"https:\/\/endorfeen.com\/fr\/wp-json\/wp\/v2\/sponsor?post=1914"}],"curies":[{"name":"wp","href":"https:\/\/api.w.org\/{rel}","templated":true}]}}