{"id":1906,"date":"2021-04-21T08:00:00","date_gmt":"2021-04-21T07:00:00","guid":{"rendered":"https:\/\/endorfeen.com\/maxime-laine-et-les-engages\/"},"modified":"2023-08-18T11:02:44","modified_gmt":"2023-08-18T10:02:44","slug":"maxime-laine-et-les-engages","status":"publish","type":"post","link":"https:\/\/endorfeen.com\/fr\/maxime-laine-et-les-engages\/","title":{"rendered":"Maxime Lain\u00e9 et \u00ab\u00a0les engag\u00e9s\u00a0\u00bb"},"content":{"rendered":"\n<p>Maxime Lain\u00e9 et son groupe \u00ab les engag\u00e9s \u00bb vous feront certainement vous demander \u00ab est-ce que je peux aussi le faire \u00bb ?<\/p>\n\n\n\n<p>Si vous pensez pouvoir en faire \u00ab plus \u00bb dans votre vie ; si vous pensez que votre vie a peut-\u00eatre besoin d&rsquo;un peu de piment ; Maxime saura vous inspirer. Les \u00ab engag\u00e9s \u00bb, ils ne pr\u00e9tendent pas \u00eatre le prochain Mike Horn. <\/p>\n\n\n\n<p>Ils m\u00e8nent une vie \u00ab\u00a0ordinaire\u00a0\u00bb mais ont aussi d\u00e9cid\u00e9 d&rsquo;y inclure un peu d&rsquo;aventure.<\/p>\n\n\n\n<p>Ils d\u00e9montrent que l&rsquo;aventure ne doit pas \u00eatre le luxe de quelques individus sur cette plan\u00e8te.<\/p>\n\n\n\n<h4 class=\"wp-block-heading\" id=\"follow-maxime-laine-on\">Suivez Maxime Lain\u00e9 sur<\/h4>\n\n\n\n<p><a href=\"https:\/\/www.instagram.com\/maxime_laine\/\" target=\"_blank\" rel=\"noreferrer noopener\">Instagram<\/a> | <a href=\"https:\/\/www.instagram.com\/les.engages\/\" target=\"_blank\" rel=\"noreferrer noopener\">Les Engag\u00e9s<\/a><\/p>\n\n\n\n<hr class=\"wp-block-separator has-css-opacity\"\/>\n\n\n\n<div class=\"wp-block-group has-md-content-width has-sm-padding-top has-sm-padding-bottom\"><div class=\"wp-block-group__inner-container is-layout-flow wp-block-group-is-layout-flow\">\n<h2 class=\"wp-block-heading\" id=\"before-joining-les-engages\">Avant de rejoindre \u00ab\u00a0les engag\u00e9s\u00a0\u00bb<\/h2>\n\n\n\n<h5 class=\"wp-block-heading\" id=\"can-you-tell-us-a-bit-about-your-background\">Pouvez-vous nous parler un peu de votre parcours ?<\/h5>\n\n\n\n<p>J&rsquo;ai grandi \u00e0 la campagne et j&rsquo;ai pass\u00e9 beaucoup de temps \u00e0 la montagne pendant les saisons d&rsquo;hiver. Mon p\u00e8re \u00e9tait moniteur de ski, j&rsquo;ai donc commenc\u00e9 \u00e0 skier tr\u00e8s jeune et j&rsquo;ai aussi commenc\u00e9 \u00e0 grimper assez t\u00f4t.<\/p>\n\n\n\n<p>J&rsquo;ai tout mis \u00ab de c\u00f4t\u00e9 \u00bb pour mes \u00e9tudes. J&rsquo;ai fait une \u00e9cole de commerce en France et j&rsquo;ai eu la chance de voyager en Australie, o\u00f9 j&rsquo;ai fait beaucoup de surf. L&rsquo;Australie est un pays plut\u00f4t centr\u00e9 sur la nature, donc m\u00eame si je ne skiais pas, j&rsquo;\u00e9tais l\u00e0-bas, dans la nature, assez souvent.<\/p>\n\n\n\n<h5 class=\"wp-block-heading\" id=\"what-s-your-full-time-occupation\">Quelle est votre occupation \u00e0 temps plein ?<\/h5>\n\n\n\n<p>Je travaille pour notre entreprise familiale. Nous fabriquons des produits d&rsquo;hygi\u00e8ne et les distribuons dans les centres de sant\u00e9 et de soins comme les h\u00f4pitaux, les maisons de retraite ou les pharmacies.<\/p>\n\n\n\n<p>Avant cela, j&rsquo;ai cr\u00e9\u00e9 Weesurf, une startup dans le domaine du surf. Il s&rsquo;agissait d&rsquo;une application combinant pr\u00e9visions m\u00e9t\u00e9o et spots de surf id\u00e9aux. Nous avions lev\u00e9 des fonds, et l&rsquo;aventure a dur\u00e9 quatre ans. Malheureusement, cela n&rsquo;a pas r\u00e9pondu \u00e0 nos attentes et nous avons d\u00e9cid\u00e9 de mettre fin \u00e0 l&rsquo;activit\u00e9.<\/p>\n<\/div><\/div>\n\n\n\n<figure class=\"wp-block-gallery alignwide has-nested-images columns-default is-cropped wp-block-gallery-1 is-layout-flex wp-block-gallery-is-layout-flex\">\n<figure class=\"wp-block-image size-large\"><img loading=\"lazy\" decoding=\"async\" width=\"732\" height=\"1024\" data-id=\"1862\" src=\"https:\/\/endorfeen.com\/wp-content\/uploads\/2021\/04\/maxime-laine-les-engages-732x1024.jpg\" alt=\"Maxime Lain\u00e9 avec Les Engag\u00e9s\" class=\"wp-image-1862\" srcset=\"https:\/\/endorfeen.com\/wp-content\/uploads\/2021\/04\/maxime-laine-les-engages-129x180.jpg 129w, https:\/\/endorfeen.com\/wp-content\/uploads\/2021\/04\/maxime-laine-les-engages-214x300.jpg 214w, https:\/\/endorfeen.com\/wp-content\/uploads\/2021\/04\/maxime-laine-les-engages-300x420.jpg 300w, https:\/\/endorfeen.com\/wp-content\/uploads\/2021\/04\/maxime-laine-les-engages-600x840.jpg 600w, https:\/\/endorfeen.com\/wp-content\/uploads\/2021\/04\/maxime-laine-les-engages-732x1024.jpg 732w, https:\/\/endorfeen.com\/wp-content\/uploads\/2021\/04\/maxime-laine-les-engages-768x1075.jpg 768w, https:\/\/endorfeen.com\/wp-content\/uploads\/2021\/04\/maxime-laine-les-engages-1097x1536.jpg 1097w, https:\/\/endorfeen.com\/wp-content\/uploads\/2021\/04\/maxime-laine-les-engages.jpg 1429w\" sizes=\"auto, (max-width: 732px) 100vw, 732px\" \/><\/figure>\n\n\n\n<figure class=\"wp-block-image size-large\"><img loading=\"lazy\" decoding=\"async\" width=\"732\" height=\"1024\" data-id=\"1863\" src=\"https:\/\/endorfeen.com\/wp-content\/uploads\/2021\/04\/Les-engages-732x1024.jpg\" alt=\"Tentes en temp\u00eate\" class=\"wp-image-1863\" srcset=\"https:\/\/endorfeen.com\/wp-content\/uploads\/2021\/04\/Les-engages-129x180.jpg 129w, https:\/\/endorfeen.com\/wp-content\/uploads\/2021\/04\/Les-engages-214x300.jpg 214w, https:\/\/endorfeen.com\/wp-content\/uploads\/2021\/04\/Les-engages-300x420.jpg 300w, https:\/\/endorfeen.com\/wp-content\/uploads\/2021\/04\/Les-engages-600x840.jpg 600w, https:\/\/endorfeen.com\/wp-content\/uploads\/2021\/04\/Les-engages-732x1024.jpg 732w, https:\/\/endorfeen.com\/wp-content\/uploads\/2021\/04\/Les-engages-768x1075.jpg 768w, https:\/\/endorfeen.com\/wp-content\/uploads\/2021\/04\/Les-engages-1097x1536.jpg 1097w, https:\/\/endorfeen.com\/wp-content\/uploads\/2021\/04\/Les-engages.jpg 1429w\" sizes=\"auto, (max-width: 732px) 100vw, 732px\" \/><\/figure>\n<\/figure>\n\n\n\n<div class=\"wp-block-group has-md-content-width has-sm-padding-top has-sm-padding-bottom\"><div class=\"wp-block-group__inner-container is-layout-flow wp-block-group-is-layout-flow\">\n<h2 class=\"wp-block-heading\" id=\"maxime-laine-one-of-the-founders-of-les-engages\">Maxime Laine, l&rsquo;un des fondateurs de \u00ab\u00a0les engag\u00e9s\u00a0\u00bb <\/h2>\n\n\n\n<h5 class=\"wp-block-heading\" id=\"how-did-your-group-les-engages-come-up\">Comment est n\u00e9 votre groupe \u00ab les engag\u00e9s \u00bb ?<\/h5>\n\n\n\n<p>Avec Weesurf, nous avons \u00e9t\u00e9 incub\u00e9s \u00e0 Station F &#8211; l&rsquo;un des plus grands, sinon le plus grand incubateur de Startup au monde. Nous avions un syst\u00e8me de chat interne, regroupant plus de 1 000 personnes. Un jour, l&rsquo;un des membres (Thomas, qui fait partie des \u00ab\u00a0engag\u00e9s\u00a0\u00bb) poste \u00ab\u00a0y a-t-il quelqu&rsquo;un qui veut m&rsquo;accompagner, pour une exp\u00e9dition, au Groenland ?\u00a0\u00bb.<\/p>\n\n\n\n<p>J&rsquo;ai tout de suite r\u00e9pondu \u00ab\u00a0oui\u00a0\u00bb, sans m\u00eame le dire \u00e0 ma copine, pensant qu&rsquo;il fallait que je sois le premier \u00e0 r\u00e9agir car des tonnes de personnes seraient ravies de participer \u00e0 un plan comme celui l\u00e0 &#8211; j&rsquo;ai fini par \u00eatre le seul (rires).<\/p>\n\n\n\n<p>Je suis all\u00e9 boire un verre avec Thomas et, en mai 2018, nous sommes partis pour notre premi\u00e8re exp\u00e9dition au Groenland. Il nous a fallu six mois pour nous organiser, et au final, nous \u00e9tions un groupe de cinq et un guide.<\/p>\n\n\n\n<p>Le Groenland n&rsquo;\u00e9tait pas tr\u00e8s technique. Thomas et moi avons rencontr\u00e9 Valentin pendant le voyage. Nous avons d\u00e9cid\u00e9 de former \u00ab les Engag\u00e9s \u00bb.<\/p>\n\n\n\n<h5 class=\"wp-block-heading\" id=\"what-is-the-vision-behind-les-engages\">Quelle est la vision derri\u00e8re les engag\u00e9s?<\/h5>\n\n\n\n<p>Deux choses communes nous animent. La premi\u00e8re est l&rsquo;envie de d\u00e9couvrir le monde. La seconde est la volont\u00e9 de d\u00e9montrer que l&rsquo;aventure n&rsquo;est pas quelque chose \u00ab d&rsquo;extraordinaire \u00bb. Nous voulons montrer que cela fait partie de la vie ordinaire.<\/p>\n\n\n\n<p>Plus important encore, nous voulons d\u00e9montrer qu&rsquo;en s&rsquo;engageant en \u00e9quipe, vous pouvez r\u00e9aliser une vision qui vous d\u00e9passe.<\/p>\n\n\n\n<h5 class=\"wp-block-heading\" id=\"after-you-decided-to-create-les-engages-where-did-you-go\">Apr\u00e8s avoir d\u00e9cid\u00e9 de cr\u00e9er \u00ab les engag\u00e9s \u00bb, o\u00f9 \u00eates-vous all\u00e9s ?<\/h5>\n\n\n\n<p>En 2019, nous avons d\u00e9cid\u00e9 de gravir l&rsquo;Aconcagua sans guide.<\/p>\n\n\n\n<h5 class=\"wp-block-heading\" id=\"isn-t-it-considered-dangerous\">N&rsquo;est-il pas consid\u00e9r\u00e9 comme dangereux ?<\/h5>\n\n\n\n<p>Pas vraiment. Il faut bien se pr\u00e9parer, mais il n&rsquo;y a pas de glacier, donc pas de crevasses, c&rsquo;est l&rsquo;un des plus gros dangers en haute montagne.<\/p>\n\n\n\n<p>Maintenant, nous l&rsquo;avons fait; Je pense que l&rsquo;Aconcagua est un excellent moyen de d\u00e9buter la haute montagne. C&rsquo;est un \u00ab\u00a0facile\u00a0\u00bb.<\/p>\n\n\n\n<h5 class=\"wp-block-heading\" id=\"what-did-you-do-in-2020\">Qu&rsquo;avez-vous fait en 2020 ?<\/h5>\n\n\n\n<p>Nous voulions aller dans un endroit froid, alors nous avons choisi d&rsquo;aller au Cap Nord, au nord du cercle polaire arctique, en plein hiver. C&rsquo;\u00e9tait une mission difficile car vous passez trois semaines dans la nuit. Il devient tr\u00e8s d\u00e9licat de s&rsquo;y retrouver et de trouver son itin\u00e9raire. Parfois, vous ne voyez litt\u00e9ralement rien et vous \u00eates sur des terres mouvantes.<\/p>\n\n\n\n<p>L&rsquo;exp\u00e9dition nous a pris trois semaines et nous sommes revenus en janvier.<\/p>\n<\/div><\/div>\n\n\n\n<figure class=\"wp-block-gallery alignwide has-nested-images columns-default is-cropped wp-block-gallery-2 is-layout-flex wp-block-gallery-is-layout-flex\">\n<figure class=\"wp-block-image size-large\"><img loading=\"lazy\" decoding=\"async\" width=\"732\" height=\"1024\" data-id=\"1860\" src=\"https:\/\/endorfeen.com\/wp-content\/uploads\/2021\/04\/les-engages-2-732x1024.jpg\" alt=\"Les Engag\u00e9s - Groenland\" class=\"wp-image-1860\" srcset=\"https:\/\/endorfeen.com\/wp-content\/uploads\/2021\/04\/les-engages-2-129x180.jpg 129w, https:\/\/endorfeen.com\/wp-content\/uploads\/2021\/04\/les-engages-2-214x300.jpg 214w, https:\/\/endorfeen.com\/wp-content\/uploads\/2021\/04\/les-engages-2-300x420.jpg 300w, https:\/\/endorfeen.com\/wp-content\/uploads\/2021\/04\/les-engages-2-600x840.jpg 600w, https:\/\/endorfeen.com\/wp-content\/uploads\/2021\/04\/les-engages-2-732x1024.jpg 732w, https:\/\/endorfeen.com\/wp-content\/uploads\/2021\/04\/les-engages-2-768x1075.jpg 768w, https:\/\/endorfeen.com\/wp-content\/uploads\/2021\/04\/les-engages-2-1097x1536.jpg 1097w, https:\/\/endorfeen.com\/wp-content\/uploads\/2021\/04\/les-engages-2.jpg 1429w\" sizes=\"auto, (max-width: 732px) 100vw, 732px\" \/><\/figure>\n\n\n\n<figure class=\"wp-block-image size-large\"><img loading=\"lazy\" decoding=\"async\" width=\"732\" height=\"1024\" data-id=\"1861\" src=\"https:\/\/endorfeen.com\/wp-content\/uploads\/2021\/04\/Maxime-Laine-les-engages-2-732x1024.jpg\" alt=\"Cours d'escalade\" class=\"wp-image-1861\" srcset=\"https:\/\/endorfeen.com\/wp-content\/uploads\/2021\/04\/Maxime-Laine-les-engages-2-129x180.jpg 129w, https:\/\/endorfeen.com\/wp-content\/uploads\/2021\/04\/Maxime-Laine-les-engages-2-214x300.jpg 214w, https:\/\/endorfeen.com\/wp-content\/uploads\/2021\/04\/Maxime-Laine-les-engages-2-300x420.jpg 300w, https:\/\/endorfeen.com\/wp-content\/uploads\/2021\/04\/Maxime-Laine-les-engages-2-600x840.jpg 600w, https:\/\/endorfeen.com\/wp-content\/uploads\/2021\/04\/Maxime-Laine-les-engages-2-732x1024.jpg 732w, https:\/\/endorfeen.com\/wp-content\/uploads\/2021\/04\/Maxime-Laine-les-engages-2-768x1075.jpg 768w, https:\/\/endorfeen.com\/wp-content\/uploads\/2021\/04\/Maxime-Laine-les-engages-2-1097x1536.jpg 1097w, https:\/\/endorfeen.com\/wp-content\/uploads\/2021\/04\/Maxime-Laine-les-engages-2.jpg 1429w\" sizes=\"auto, (max-width: 732px) 100vw, 732px\" \/><\/figure>\n<\/figure>\n\n\n\n<div class=\"wp-block-group has-md-content-width has-sm-padding-top has-sm-padding-bottom\"><div class=\"wp-block-group__inner-container is-layout-flow wp-block-group-is-layout-flow\">\n<h2 class=\"wp-block-heading\" id=\"what-the-future-hold-for-les-engages\">Quel avenir pour \u00ab\u00a0les engag\u00e9s\u00a0\u00bb<\/h2>\n\n\n\n<h5 class=\"wp-block-heading\" id=\"do-you-know-what-your-next-project-s-going-to-be\">Savez-vous quel sera votre prochain projet ?<\/h5>\n\n\n\n<p>Oui! Nous pr\u00e9voyons d&rsquo;aller \u00e0 Narranjo de Bulnes, en Espagne. Nous voulions vivre l&rsquo;exp\u00e9rience d&rsquo;escalader un \u00ab big wall \u00bb. Le parcours n&rsquo;est pas super technique.<\/p>\n\n\n\n<p>Parce que nous y dormirons, cela demande beaucoup de pr\u00e9paration, notamment avec l&rsquo;\u00e9quipement, plus pr\u00e9cis\u00e9ment avec le portaledge.<\/p>\n\n\n\n<h5 class=\"wp-block-heading\" id=\"did-you-follow-any-specific-training-to-have-the-confidence-to-go-on-those-adventures\">Avez-vous suivi une formation sp\u00e9cifique pour avoir la confiance n\u00e9cessaire pour vous lancer dans ces aventures ?<\/h5>\n\n\n\n<p>Pas vraiment. Nous sommes des gens tr\u00e8s amateurs de plein air, nous avons donc accumul\u00e9 une certaine exp\u00e9rience sur le terrain, dans les montagnes, par exemple.<\/p>\n\n\n\n<p>A part \u00e7a, j&rsquo;ai suivi une formation de secourisme \u00e0 l&rsquo;h\u00f4pital de Chamonix.<\/p>\n\n\n\n<h5 class=\"wp-block-heading\" id=\"how-do-you-choose-your-expeditions\">Comment choisissez-vous vos exp\u00e9ditions ?<\/h5>\n\n\n\n<p>Nous aimons d\u00e9couvrir de nouveaux endroits et de nouveaux environnements, donc d&rsquo;une mani\u00e8re g\u00e9n\u00e9rale, nous essayons de trouver un panel diversifi\u00e9 de choses que nous ferons.<\/p>\n\n\n\n<p>En parall\u00e8le, nous voulons aussi qu&rsquo;ils soient un challenge. Nous ne sommes pas fous, nous n&rsquo;allons donc pas choisir des projets impossibles ou dangereux. Nous voulons juste nous poser la question, \u00ab\u00a0pouvons-nous le faire?\u00a0\u00bb.<\/p>\n\n\n\n<p>Si je devais donner deux raisons : premi\u00e8rement, ce doit \u00eatre un projet qui r\u00e9sonne en nous et nous passionne, deuxi\u00e8mement, ce doit \u00eatre quelque chose que nous ne pourrions pas faire seuls et o\u00f9 nous ne pouvons r\u00e9ussir qu&rsquo;en \u00e9quipe.<\/p>\n<\/div><\/div>\n\n\n\n<div class=\"wp-block-columns alignfull are-vertically-aligned-center is-layout-flex wp-container-core-columns-is-layout-9d6595d7 wp-block-columns-is-layout-flex\">\n<div class=\"wp-block-column is-vertically-aligned-center is-layout-flow wp-block-column-is-layout-flow\">\n<figure class=\"wp-block-image size-large\"><img loading=\"lazy\" decoding=\"async\" width=\"732\" height=\"1024\" src=\"https:\/\/endorfeen.com\/wp-content\/uploads\/2021\/04\/Les-Engages-storm-732x1024.jpg\" alt=\"\" class=\"wp-image-1864\" srcset=\"https:\/\/endorfeen.com\/wp-content\/uploads\/2021\/04\/Les-Engages-storm-129x180.jpg 129w, https:\/\/endorfeen.com\/wp-content\/uploads\/2021\/04\/Les-Engages-storm-214x300.jpg 214w, https:\/\/endorfeen.com\/wp-content\/uploads\/2021\/04\/Les-Engages-storm-300x420.jpg 300w, https:\/\/endorfeen.com\/wp-content\/uploads\/2021\/04\/Les-Engages-storm-600x840.jpg 600w, https:\/\/endorfeen.com\/wp-content\/uploads\/2021\/04\/Les-Engages-storm-732x1024.jpg 732w, https:\/\/endorfeen.com\/wp-content\/uploads\/2021\/04\/Les-Engages-storm-768x1075.jpg 768w, https:\/\/endorfeen.com\/wp-content\/uploads\/2021\/04\/Les-Engages-storm-1097x1536.jpg 1097w, https:\/\/endorfeen.com\/wp-content\/uploads\/2021\/04\/Les-Engages-storm.jpg 1429w\" sizes=\"auto, (max-width: 732px) 100vw, 732px\" \/><\/figure>\n<\/div>\n\n\n\n<div class=\"wp-block-column is-vertically-aligned-center is-layout-flow wp-block-column-is-layout-flow\">\n<div class=\"wp-block-group has-md-content-width has-sm-padding-top has-sm-padding-bottom has-xxxxl-margin-right has-xl-margin-left\"><div class=\"wp-block-group__inner-container is-layout-flow wp-block-group-is-layout-flow\">\n<h5 class=\"wp-block-heading\" id=\"do-you-have-any-sponsors\">Avez-vous des sponsors ?<\/h5>\n\n\n\n<p>Pour notre premi\u00e8re exp\u00e9dition, nous avons r\u00e9colt\u00e9 un peu d&rsquo;argent, mais cela n&rsquo;a pas tout couvert. Nous avons alors trouv\u00e9 des marques et des professionnels pour nous aider \u00e0 nous \u00e9quiper, comme le Vieux Campeur.<\/p>\n\n\n\n<p>Concernant le financement, nous serions ravis d&rsquo;arriver \u00e0 trouver des partenaires qui pourraient couvrir les frais de nos exp\u00e9ditions parce qu&rsquo;elles sont loin d&rsquo;\u00eatre gratuites.<\/p>\n<\/div><\/div>\n<\/div>\n<\/div>\n\n\n\n<div class=\"wp-block-group has-md-content-width has-sm-padding-top has-sm-padding-bottom\"><div class=\"wp-block-group__inner-container is-layout-flow wp-block-group-is-layout-flow\">\n<h5 class=\"wp-block-heading\" id=\"how-much-do-you-usually-budget\">Quel est votre budget habituel ?<\/h5>\n\n\n\n<p>Cela depend du projet. Pour vous donner un exemple, nous aimerions traverser le Groenland avec des cerfs-volants. Cela prendrait plus ou moins 40 jours et repr\u00e9senterait un budget d&rsquo;environ 30K\u20ac par personne.<\/p>\n\n\n\n<p>Ce qui est cher ce n&rsquo;est pas le s\u00e9jour sur place. Une fois au Groenland, au milieu de nulle part, vous ne d\u00e9penserez pas tant que \u00e7a en bars et h\u00f4tels (rires).<\/p>\n\n\n\n<p>Ce qui peut co\u00fbter cher, c&rsquo;est la logistique. Il n&rsquo;y a g\u00e9n\u00e9ralement pas d&rsquo;a\u00e9roport o\u00f9 nous voulons aller. Cela signifie que nous devons trouver des moyens de transporter notre \u00e9quipement dans une r\u00e9gion tr\u00e8s \u00e9loign\u00e9e. Pour ce projet, par exemple, nous avons besoin d&rsquo;environ 120 kg de mat\u00e9riel par personne.<\/p>\n\n\n\n<p>En plus de la logistique et du transport, nous devons payer les permis et les assurances. Ce n&rsquo;est pas gratuit !<\/p>\n<\/div><\/div>\n\n\n","protected":false},"excerpt":{"rendered":"<p>Maxime Lain\u00e9 et son groupe \u00ab les engag\u00e9s \u00bb vous feront certainement vous demander \u00ab est-ce que je peux aussi le faire \u00bb ? Si vous pensez pouvoir en faire \u00ab plus \u00bb dans votre vie ; si vous pensez que votre vie a peut-\u00eatre besoin d&rsquo;un peu de piment ; Maxime saura vous inspirer. &hellip;<\/p>\n","protected":false},"author":1,"featured_media":1870,"comment_status":"closed","ping_status":"closed","sticky":false,"template":"","format":"standard","meta":{"_acf_changed":false,"_genesis_hide_title":false,"_genesis_hide_breadcrumbs":false,"_genesis_hide_singular_image":false,"_genesis_hide_footer_widgets":false,"_genesis_custom_body_class":"","_genesis_custom_post_class":"","_genesis_layout":"","footnotes":""},"categories":[158],"tags":[177],"sponsor":[1087],"class_list":{"2":"type-post","7":"category-prophetes","8":"tag-aventure","9":"sponsor-endorfeen","10":"entry"},"yoast_head":"<!-- This site is optimized with the Yoast SEO Premium plugin v26.2 (Yoast SEO v26.2) - https:\/\/yoast.com\/wordpress\/plugins\/seo\/ -->\n<title>Maxime Lain\u00e9 et &quot;les engag\u00e9s&quot; - endorfeen<\/title>\n<meta name=\"description\" content=\"Maxime Lain\u00e9 et son groupe \u00ab les engag\u00e9s \u00bb vous feront certainement vous demander \u00ab est-ce que je peux aussi le faire \u00bb ? Si vous pen...\" \/>\n<meta name=\"robots\" content=\"index, follow, max-snippet:-1, max-image-preview:large, max-video-preview:-1\" \/>\n<link rel=\"canonical\" href=\"https:\/\/endorfeen.com\/fr\/maxime-laine-et-les-engages\/\" \/>\n<meta property=\"og:locale\" content=\"fr_FR\" \/>\n<meta property=\"og:type\" content=\"article\" \/>\n<meta property=\"og:title\" content=\"Maxime Lain\u00e9 et &quot;les engag\u00e9s&quot;\" \/>\n<meta property=\"og:description\" content=\"Maxime Lain\u00e9 et son groupe \u00ab les engag\u00e9s \u00bb vous feront certainement vous demander \u00ab est-ce que je peux aussi le faire \u00bb ? Si vous pen...\" \/>\n<meta property=\"og:url\" content=\"https:\/\/endorfeen.com\/fr\/maxime-laine-et-les-engages\/\" \/>\n<meta property=\"og:site_name\" content=\"endorfeen\" \/>\n<meta property=\"article:author\" content=\"http:\/\/www.facebook.com\/endorfeen-583261049007200\" \/>\n<meta property=\"article:published_time\" content=\"2021-04-21T07:00:00+00:00\" \/>\n<meta property=\"article:modified_time\" content=\"2023-08-18T10:02:44+00:00\" \/>\n<meta property=\"og:image\" content=\"https:\/\/endorfeen.com\/wp-content\/uploads\/2021\/04\/Maxime_laine-profile-picture-2-e1619093736815.jpg\" \/>\n\t<meta property=\"og:image:width\" content=\"1536\" \/>\n\t<meta property=\"og:image:height\" content=\"1096\" \/>\n\t<meta property=\"og:image:type\" content=\"image\/jpeg\" \/>\n<meta name=\"author\" content=\"Thomas Viguier\" \/>\n<meta name=\"twitter:card\" content=\"summary_large_image\" \/>\n<meta name=\"twitter:creator\" content=\"@https:\/\/twitter.com\/endorfeen_\" \/>\n<meta name=\"twitter:label1\" content=\"\u00c9crit par\" \/>\n\t<meta name=\"twitter:data1\" content=\"Thomas Viguier\" \/>\n\t<meta name=\"twitter:label2\" content=\"Dur\u00e9e de lecture estim\u00e9e\" \/>\n\t<meta name=\"twitter:data2\" content=\"6 minutes\" \/>\n<script type=\"application\/ld+json\" class=\"yoast-schema-graph\">{\"@context\":\"https:\/\/schema.org\",\"@graph\":[{\"@type\":\"Article\",\"@id\":\"https:\/\/endorfeen.com\/fr\/maxime-laine-et-les-engages\/#article\",\"isPartOf\":{\"@id\":\"https:\/\/endorfeen.com\/fr\/maxime-laine-et-les-engages\/\"},\"author\":{\"name\":\"Thomas Viguier\",\"@id\":\"https:\/\/endorfeen.com\/fr\/#\/schema\/person\/67e5d1d04ce51a42bb2ba3c1ee004f9e\"},\"headline\":\"Maxime Lain\u00e9 et \u00ab\u00a0les engag\u00e9s\u00a0\u00bb\",\"datePublished\":\"2021-04-21T07:00:00+00:00\",\"dateModified\":\"2023-08-18T10:02:44+00:00\",\"mainEntityOfPage\":{\"@id\":\"https:\/\/endorfeen.com\/fr\/maxime-laine-et-les-engages\/\"},\"wordCount\":1256,\"publisher\":{\"@id\":\"https:\/\/endorfeen.com\/fr\/#organization\"},\"image\":{\"@id\":\"https:\/\/endorfeen.com\/fr\/maxime-laine-et-les-engages\/#primaryimage\"},\"thumbnailUrl\":\"https:\/\/endorfeen.com\/wp-content\/uploads\/2021\/04\/Maxime_laine-profile-picture-2-e1619093736815.jpg\",\"keywords\":[\"#aventure\"],\"articleSection\":[\"Proph\u00e8tes\"],\"inLanguage\":\"fr-FR\"},{\"@type\":\"WebPage\",\"@id\":\"https:\/\/endorfeen.com\/fr\/maxime-laine-et-les-engages\/\",\"url\":\"https:\/\/endorfeen.com\/fr\/maxime-laine-et-les-engages\/\",\"name\":\"Maxime Lain\u00e9 et \\\"les engag\u00e9s\\\" - endorfeen\",\"isPartOf\":{\"@id\":\"https:\/\/endorfeen.com\/fr\/#website\"},\"primaryImageOfPage\":{\"@id\":\"https:\/\/endorfeen.com\/fr\/maxime-laine-et-les-engages\/#primaryimage\"},\"image\":{\"@id\":\"https:\/\/endorfeen.com\/fr\/maxime-laine-et-les-engages\/#primaryimage\"},\"thumbnailUrl\":\"https:\/\/endorfeen.com\/wp-content\/uploads\/2021\/04\/Maxime_laine-profile-picture-2-e1619093736815.jpg\",\"datePublished\":\"2021-04-21T07:00:00+00:00\",\"dateModified\":\"2023-08-18T10:02:44+00:00\",\"description\":\"Maxime Lain\u00e9 et son groupe \u00ab les engag\u00e9s \u00bb vous feront certainement vous demander \u00ab est-ce que je peux aussi le faire \u00bb ? Si vous pen...\",\"breadcrumb\":{\"@id\":\"https:\/\/endorfeen.com\/fr\/maxime-laine-et-les-engages\/#breadcrumb\"},\"inLanguage\":\"fr-FR\",\"potentialAction\":[{\"@type\":\"ReadAction\",\"target\":[\"https:\/\/endorfeen.com\/fr\/maxime-laine-et-les-engages\/\"]}]},{\"@type\":\"ImageObject\",\"inLanguage\":\"fr-FR\",\"@id\":\"https:\/\/endorfeen.com\/fr\/maxime-laine-et-les-engages\/#primaryimage\",\"url\":\"https:\/\/endorfeen.com\/wp-content\/uploads\/2021\/04\/Maxime_laine-profile-picture-2-e1619093736815.jpg\",\"contentUrl\":\"https:\/\/endorfeen.com\/wp-content\/uploads\/2021\/04\/Maxime_laine-profile-picture-2-e1619093736815.jpg\",\"width\":1536,\"height\":1096,\"caption\":\"Maxime_laine - photo-de-profil-2\"},{\"@type\":\"BreadcrumbList\",\"@id\":\"https:\/\/endorfeen.com\/fr\/maxime-laine-et-les-engages\/#breadcrumb\",\"itemListElement\":[{\"@type\":\"ListItem\",\"position\":1,\"name\":\"Home\",\"item\":\"https:\/\/endorfeen.com\/fr\/\"},{\"@type\":\"ListItem\",\"position\":2,\"name\":\"Maxime Lain\u00e9 et &#8220;les engag\u00e9s&#8221;\"}]},{\"@type\":\"WebSite\",\"@id\":\"https:\/\/endorfeen.com\/fr\/#website\",\"url\":\"https:\/\/endorfeen.com\/fr\/\",\"name\":\"endorfeen\",\"description\":\"The Media For Sustainable Outdoors.\",\"publisher\":{\"@id\":\"https:\/\/endorfeen.com\/fr\/#organization\"},\"potentialAction\":[{\"@type\":\"SearchAction\",\"target\":{\"@type\":\"EntryPoint\",\"urlTemplate\":\"https:\/\/endorfeen.com\/fr\/?s={search_term_string}\"},\"query-input\":{\"@type\":\"PropertyValueSpecification\",\"valueRequired\":true,\"valueName\":\"search_term_string\"}}],\"inLanguage\":\"fr-FR\"},{\"@type\":\"Organization\",\"@id\":\"https:\/\/endorfeen.com\/fr\/#organization\",\"name\":\"endorfeen\",\"url\":\"https:\/\/endorfeen.com\/fr\/\",\"logo\":{\"@type\":\"ImageObject\",\"inLanguage\":\"fr-FR\",\"@id\":\"https:\/\/endorfeen.com\/fr\/#\/schema\/logo\/image\/\",\"url\":\"https:\/\/endorfeen.com\/wp-content\/uploads\/2022\/06\/Circle-endorfeen-site-icon-circled-1000-x-1000-300psi.png\",\"contentUrl\":\"https:\/\/endorfeen.com\/wp-content\/uploads\/2022\/06\/Circle-endorfeen-site-icon-circled-1000-x-1000-300psi.png\",\"width\":1000,\"height\":1000,\"caption\":\"endorfeen\"},\"image\":{\"@id\":\"https:\/\/endorfeen.com\/fr\/#\/schema\/logo\/image\/\"}},{\"@type\":\"Person\",\"@id\":\"https:\/\/endorfeen.com\/fr\/#\/schema\/person\/67e5d1d04ce51a42bb2ba3c1ee004f9e\",\"name\":\"Thomas Viguier\",\"image\":{\"@type\":\"ImageObject\",\"inLanguage\":\"fr-FR\",\"@id\":\"https:\/\/endorfeen.com\/fr\/#\/schema\/person\/image\/\",\"url\":\"https:\/\/secure.gravatar.com\/avatar\/0a306c7e99e00df5d99c2c5d01d3308bccf257ab82d30f23cc0862ed35c57419?s=96&d=mm&r=g\",\"contentUrl\":\"https:\/\/secure.gravatar.com\/avatar\/0a306c7e99e00df5d99c2c5d01d3308bccf257ab82d30f23cc0862ed35c57419?s=96&d=mm&r=g\",\"caption\":\"Thomas Viguier\"},\"description\":\"Everyone has a story to tell. endorfeen is built as a collaborative platform, giving the voice to anyone with a story to tell.If you have things you want to share, register here.\",\"sameAs\":[\"https:\/\/endorfeen.com\",\"http:\/\/www.facebook.com\/endorfeen-583261049007200\",\"http:\/\/www.instagram.com\/endorfeen_\/\",\"https:\/\/fi.pinterest.com\/endorfeen_\/\",\"https:\/\/x.com\/https:\/\/twitter.com\/endorfeen_\"],\"url\":\"https:\/\/endorfeen.com\/fr\/linkto\/thomas-viguier\/\"}]}<\/script>\n<!-- \/ Yoast SEO Premium plugin. -->","yoast_head_json":{"title":"Maxime Lain\u00e9 et \"les engag\u00e9s\" - endorfeen","description":"Maxime Lain\u00e9 et son groupe \u00ab les engag\u00e9s \u00bb vous feront certainement vous demander \u00ab est-ce que je peux aussi le faire \u00bb ? Si vous pen...","robots":{"index":"index","follow":"follow","max-snippet":"max-snippet:-1","max-image-preview":"max-image-preview:large","max-video-preview":"max-video-preview:-1"},"canonical":"https:\/\/endorfeen.com\/fr\/maxime-laine-et-les-engages\/","og_locale":"fr_FR","og_type":"article","og_title":"Maxime Lain\u00e9 et \"les engag\u00e9s\"","og_description":"Maxime Lain\u00e9 et son groupe \u00ab les engag\u00e9s \u00bb vous feront certainement vous demander \u00ab est-ce que je peux aussi le faire \u00bb ? Si vous pen...","og_url":"https:\/\/endorfeen.com\/fr\/maxime-laine-et-les-engages\/","og_site_name":"endorfeen","article_author":"http:\/\/www.facebook.com\/endorfeen-583261049007200","article_published_time":"2021-04-21T07:00:00+00:00","article_modified_time":"2023-08-18T10:02:44+00:00","og_image":[{"width":1536,"height":1096,"url":"https:\/\/endorfeen.com\/wp-content\/uploads\/2021\/04\/Maxime_laine-profile-picture-2-e1619093736815.jpg","type":"image\/jpeg"}],"author":"Thomas Viguier","twitter_card":"summary_large_image","twitter_creator":"@https:\/\/twitter.com\/endorfeen_","twitter_misc":{"\u00c9crit par":"Thomas Viguier","Dur\u00e9e de lecture estim\u00e9e":"6 minutes"},"schema":{"@context":"https:\/\/schema.org","@graph":[{"@type":"Article","@id":"https:\/\/endorfeen.com\/fr\/maxime-laine-et-les-engages\/#article","isPartOf":{"@id":"https:\/\/endorfeen.com\/fr\/maxime-laine-et-les-engages\/"},"author":{"name":"Thomas Viguier","@id":"https:\/\/endorfeen.com\/fr\/#\/schema\/person\/67e5d1d04ce51a42bb2ba3c1ee004f9e"},"headline":"Maxime Lain\u00e9 et \u00ab\u00a0les engag\u00e9s\u00a0\u00bb","datePublished":"2021-04-21T07:00:00+00:00","dateModified":"2023-08-18T10:02:44+00:00","mainEntityOfPage":{"@id":"https:\/\/endorfeen.com\/fr\/maxime-laine-et-les-engages\/"},"wordCount":1256,"publisher":{"@id":"https:\/\/endorfeen.com\/fr\/#organization"},"image":{"@id":"https:\/\/endorfeen.com\/fr\/maxime-laine-et-les-engages\/#primaryimage"},"thumbnailUrl":"https:\/\/endorfeen.com\/wp-content\/uploads\/2021\/04\/Maxime_laine-profile-picture-2-e1619093736815.jpg","keywords":["#aventure"],"articleSection":["Proph\u00e8tes"],"inLanguage":"fr-FR"},{"@type":"WebPage","@id":"https:\/\/endorfeen.com\/fr\/maxime-laine-et-les-engages\/","url":"https:\/\/endorfeen.com\/fr\/maxime-laine-et-les-engages\/","name":"Maxime Lain\u00e9 et \"les engag\u00e9s\" - endorfeen","isPartOf":{"@id":"https:\/\/endorfeen.com\/fr\/#website"},"primaryImageOfPage":{"@id":"https:\/\/endorfeen.com\/fr\/maxime-laine-et-les-engages\/#primaryimage"},"image":{"@id":"https:\/\/endorfeen.com\/fr\/maxime-laine-et-les-engages\/#primaryimage"},"thumbnailUrl":"https:\/\/endorfeen.com\/wp-content\/uploads\/2021\/04\/Maxime_laine-profile-picture-2-e1619093736815.jpg","datePublished":"2021-04-21T07:00:00+00:00","dateModified":"2023-08-18T10:02:44+00:00","description":"Maxime Lain\u00e9 et son groupe \u00ab les engag\u00e9s \u00bb vous feront certainement vous demander \u00ab est-ce que je peux aussi le faire \u00bb ? Si vous pen...","breadcrumb":{"@id":"https:\/\/endorfeen.com\/fr\/maxime-laine-et-les-engages\/#breadcrumb"},"inLanguage":"fr-FR","potentialAction":[{"@type":"ReadAction","target":["https:\/\/endorfeen.com\/fr\/maxime-laine-et-les-engages\/"]}]},{"@type":"ImageObject","inLanguage":"fr-FR","@id":"https:\/\/endorfeen.com\/fr\/maxime-laine-et-les-engages\/#primaryimage","url":"https:\/\/endorfeen.com\/wp-content\/uploads\/2021\/04\/Maxime_laine-profile-picture-2-e1619093736815.jpg","contentUrl":"https:\/\/endorfeen.com\/wp-content\/uploads\/2021\/04\/Maxime_laine-profile-picture-2-e1619093736815.jpg","width":1536,"height":1096,"caption":"Maxime_laine - photo-de-profil-2"},{"@type":"BreadcrumbList","@id":"https:\/\/endorfeen.com\/fr\/maxime-laine-et-les-engages\/#breadcrumb","itemListElement":[{"@type":"ListItem","position":1,"name":"Home","item":"https:\/\/endorfeen.com\/fr\/"},{"@type":"ListItem","position":2,"name":"Maxime Lain\u00e9 et &#8220;les engag\u00e9s&#8221;"}]},{"@type":"WebSite","@id":"https:\/\/endorfeen.com\/fr\/#website","url":"https:\/\/endorfeen.com\/fr\/","name":"endorfeen","description":"The Media For Sustainable Outdoors.","publisher":{"@id":"https:\/\/endorfeen.com\/fr\/#organization"},"potentialAction":[{"@type":"SearchAction","target":{"@type":"EntryPoint","urlTemplate":"https:\/\/endorfeen.com\/fr\/?s={search_term_string}"},"query-input":{"@type":"PropertyValueSpecification","valueRequired":true,"valueName":"search_term_string"}}],"inLanguage":"fr-FR"},{"@type":"Organization","@id":"https:\/\/endorfeen.com\/fr\/#organization","name":"endorfeen","url":"https:\/\/endorfeen.com\/fr\/","logo":{"@type":"ImageObject","inLanguage":"fr-FR","@id":"https:\/\/endorfeen.com\/fr\/#\/schema\/logo\/image\/","url":"https:\/\/endorfeen.com\/wp-content\/uploads\/2022\/06\/Circle-endorfeen-site-icon-circled-1000-x-1000-300psi.png","contentUrl":"https:\/\/endorfeen.com\/wp-content\/uploads\/2022\/06\/Circle-endorfeen-site-icon-circled-1000-x-1000-300psi.png","width":1000,"height":1000,"caption":"endorfeen"},"image":{"@id":"https:\/\/endorfeen.com\/fr\/#\/schema\/logo\/image\/"}},{"@type":"Person","@id":"https:\/\/endorfeen.com\/fr\/#\/schema\/person\/67e5d1d04ce51a42bb2ba3c1ee004f9e","name":"Thomas Viguier","image":{"@type":"ImageObject","inLanguage":"fr-FR","@id":"https:\/\/endorfeen.com\/fr\/#\/schema\/person\/image\/","url":"https:\/\/secure.gravatar.com\/avatar\/0a306c7e99e00df5d99c2c5d01d3308bccf257ab82d30f23cc0862ed35c57419?s=96&d=mm&r=g","contentUrl":"https:\/\/secure.gravatar.com\/avatar\/0a306c7e99e00df5d99c2c5d01d3308bccf257ab82d30f23cc0862ed35c57419?s=96&d=mm&r=g","caption":"Thomas Viguier"},"description":"Everyone has a story to tell. endorfeen is built as a collaborative platform, giving the voice to anyone with a story to tell.If you have things you want to share, register here.","sameAs":["https:\/\/endorfeen.com","http:\/\/www.facebook.com\/endorfeen-583261049007200","http:\/\/www.instagram.com\/endorfeen_\/","https:\/\/fi.pinterest.com\/endorfeen_\/","https:\/\/x.com\/https:\/\/twitter.com\/endorfeen_"],"url":"https:\/\/endorfeen.com\/fr\/linkto\/thomas-viguier\/"}]}},"featured_image_src":"https:\/\/endorfeen.com\/wp-content\/uploads\/2021\/04\/Maxime_laine-profile-picture-2-600x400.jpg","featured_image_src_square":"https:\/\/endorfeen.com\/wp-content\/uploads\/2021\/04\/Maxime_laine-profile-picture-2-600x600.jpg","author_info":{"display_name":"Thomas Viguier","author_link":"https:\/\/endorfeen.com\/fr\/linkto\/thomas-viguier\/"},"acf":[],"_links":{"self":[{"href":"https:\/\/endorfeen.com\/fr\/wp-json\/wp\/v2\/posts\/1906","targetHints":{"allow":["GET"]}}],"collection":[{"href":"https:\/\/endorfeen.com\/fr\/wp-json\/wp\/v2\/posts"}],"about":[{"href":"https:\/\/endorfeen.com\/fr\/wp-json\/wp\/v2\/types\/post"}],"author":[{"embeddable":true,"href":"https:\/\/endorfeen.com\/fr\/wp-json\/wp\/v2\/users\/1"}],"replies":[{"embeddable":true,"href":"https:\/\/endorfeen.com\/fr\/wp-json\/wp\/v2\/comments?post=1906"}],"version-history":[{"count":0,"href":"https:\/\/endorfeen.com\/fr\/wp-json\/wp\/v2\/posts\/1906\/revisions"}],"wp:featuredmedia":[{"embeddable":true,"href":"https:\/\/endorfeen.com\/fr\/wp-json\/wp\/v2\/media\/1870"}],"wp:attachment":[{"href":"https:\/\/endorfeen.com\/fr\/wp-json\/wp\/v2\/media?parent=1906"}],"wp:term":[{"taxonomy":"category","embeddable":true,"href":"https:\/\/endorfeen.com\/fr\/wp-json\/wp\/v2\/categories?post=1906"},{"taxonomy":"post_tag","embeddable":true,"href":"https:\/\/endorfeen.com\/fr\/wp-json\/wp\/v2\/tags?post=1906"},{"taxonomy":"sponsor","embeddable":true,"href":"https:\/\/endorfeen.com\/fr\/wp-json\/wp\/v2\/sponsor?post=1906"}],"curies":[{"name":"wp","href":"https:\/\/api.w.org\/{rel}","templated":true}]}}