{"id":1902,"date":"2021-04-06T08:00:00","date_gmt":"2021-04-06T07:00:00","guid":{"rendered":"https:\/\/endorfeen.com\/arnaud-cottet-skieur-et-entrepreneur\/"},"modified":"2023-08-18T11:02:45","modified_gmt":"2023-08-18T10:02:45","slug":"arnaud-cottet-skieur-et-entrepreneur","status":"publish","type":"post","link":"https:\/\/endorfeen.com\/fr\/arnaud-cottet-skieur-et-entrepreneur\/","title":{"rendered":"Arnaud Cottet, skieur et entrepreneur"},"content":{"rendered":"\n<h2 class=\"wp-block-heading\" id=\"arnaud-cottet\">Arnaud Cottet<\/h2>\n\n<p>Arnaud Cottet est un free-skieur et entrepreneur suisse. Depuis son plus jeune \u00e2ge, il a fond\u00e9 et consacr\u00e9 sa vie \u00e0 la montagne et au ski.<\/p>\n\n<p>Du ski alpin au freestyle, Arnaud est aujourd&rsquo;hui photographe, vid\u00e9aste et fondateur de la marque de lunettes de soleil &#8211; Glacier Optics.<\/p>\n\n<p>Il a particip\u00e9 \u00e0 de nombreux projets ski et montagne en Europe et \u00e0 l&rsquo;\u00e9tranger. \u00ab\u00a0We ride in Iran\u00a0\u00bb \u00e9tait l&rsquo;un de ses grands projets, o\u00f9 il a contribu\u00e9 \u00e0 d\u00e9velopper la sc\u00e8ne et la communaut\u00e9 freeride en Iran.<\/p>\n\n<p>Si vous voulez comprendre comment allier vie professionnelle et passion, Arnaud peut \u00eatre votre mod\u00e8le.<\/p>\n\n<h4 class=\"wp-block-heading\" id=\"follow-arnaud-cottet-on\">Suivez Arnaud Cottet sur<\/h4>\n\n<p><a href=\"https:\/\/www.instagram.com\/arnaudcottet\/\">Instagram<\/a> | <a href=\"http:\/\/www.arnaudcottet.com\/\" target=\"_blank\" rel=\"noreferrer noopener\">Site Web<\/a> | <a href=\"https:\/\/endorfeen.com\/fr\/?p=1904\">Glacier Optics<\/a><\/p>\n\n<div class=\"wp-block-columns is-layout-flex wp-container-core-columns-is-layout-9d6595d7 wp-block-columns-is-layout-flex\">\n<div class=\"wp-block-column is-layout-flow wp-block-column-is-layout-flow\" style=\"flex-basis:100%\"><\/div>\n<\/div>\n\n<div class=\"wp-block-group\"><div class=\"wp-block-group__inner-container is-layout-flow wp-block-group-is-layout-flow\">\n<figure class=\"wp-block-gallery alignwide has-nested-images columns-default is-cropped wp-block-gallery-1 is-layout-flex wp-block-gallery-is-layout-flex\">\n<figure class=\"wp-block-image size-large\"><img loading=\"lazy\" decoding=\"async\" width=\"1024\" height=\"731\" data-id=\"1846\" src=\"https:\/\/endorfeen.com\/wp-content\/uploads\/2021\/03\/Arnaud-Cottet-Profile-5-2-1024x731.jpg\" alt=\"Arnaud Cottet - Profil 2\" class=\"wp-image-1846\" srcset=\"https:\/\/endorfeen.com\/wp-content\/uploads\/2021\/03\/Arnaud-Cottet-Profile-5-2-240x171.jpg 240w, https:\/\/endorfeen.com\/wp-content\/uploads\/2021\/03\/Arnaud-Cottet-Profile-5-2-300x214.jpg 300w, https:\/\/endorfeen.com\/wp-content\/uploads\/2021\/03\/Arnaud-Cottet-Profile-5-2-600x428.jpg 600w, https:\/\/endorfeen.com\/wp-content\/uploads\/2021\/03\/Arnaud-Cottet-Profile-5-2-768x548.jpg 768w, https:\/\/endorfeen.com\/wp-content\/uploads\/2021\/03\/Arnaud-Cottet-Profile-5-2-1024x731.jpg 1024w, https:\/\/endorfeen.com\/wp-content\/uploads\/2021\/03\/Arnaud-Cottet-Profile-5-2-1536x1096.jpg 1536w, https:\/\/endorfeen.com\/wp-content\/uploads\/2021\/03\/Arnaud-Cottet-Profile-5-2.jpg 1681w\" sizes=\"auto, (max-width: 1024px) 100vw, 1024px\" \/><figcaption>Cr\u00e9dits : Ruedi Fl\u00fcck<\/figcaption><\/figure>\n\n\n\n<figure class=\"wp-block-image size-large\"><img loading=\"lazy\" decoding=\"async\" width=\"1024\" height=\"731\" data-id=\"1845\" src=\"https:\/\/endorfeen.com\/wp-content\/uploads\/2021\/03\/Arnaud-Cottet-Profile-3-2-1024x731.jpg\" alt=\"Arnaud Cottet - Profil 3\" class=\"wp-image-1845\" srcset=\"https:\/\/endorfeen.com\/wp-content\/uploads\/2021\/03\/Arnaud-Cottet-Profile-3-2-240x171.jpg 240w, https:\/\/endorfeen.com\/wp-content\/uploads\/2021\/03\/Arnaud-Cottet-Profile-3-2-300x214.jpg 300w, https:\/\/endorfeen.com\/wp-content\/uploads\/2021\/03\/Arnaud-Cottet-Profile-3-2-600x429.jpg 600w, https:\/\/endorfeen.com\/wp-content\/uploads\/2021\/03\/Arnaud-Cottet-Profile-3-2-768x549.jpg 768w, https:\/\/endorfeen.com\/wp-content\/uploads\/2021\/03\/Arnaud-Cottet-Profile-3-2-1024x731.jpg 1024w, https:\/\/endorfeen.com\/wp-content\/uploads\/2021\/03\/Arnaud-Cottet-Profile-3-2-1536x1097.jpg 1536w, https:\/\/endorfeen.com\/wp-content\/uploads\/2021\/03\/Arnaud-Cottet-Profile-3-2.jpg 1680w\" sizes=\"auto, (max-width: 1024px) 100vw, 1024px\" \/><figcaption>Cr\u00e9dits : Ruedi Fl\u00fcck<\/figcaption><\/figure>\n<\/figure>\n<\/div><\/div>\n\n<div class=\"wp-block-group has-md-content-width has-sm-padding-top has-sm-padding-bottom\"><div class=\"wp-block-group__inner-container is-layout-flow wp-block-group-is-layout-flow\">\n<h2 class=\"wp-block-heading\" id=\"arnaud-cottet-the-skier\">Arnaud Cottet, le skieur<\/h2>\n\n\n\n<h5 class=\"wp-block-heading\" id=\"can-you-give-us-a-short-introduction\">Peux-tu nous faire une petite pr\u00e9sentation ?<\/h5>\n\n\n\n<p>Je suis suisse et j&rsquo;ai toujours v\u00e9cu en Suisse. Je voyage depuis des ann\u00e9es \u00e0 travers le monde pour le ski. Principalement pour des exp\u00e9ditions \u00e0 ski, mais aussi en tant que juge de ski freestyle.<\/p>\n\n\n\n<p>J&rsquo;ai surtout ski\u00e9 dans le Valais et dans les Alpes vaudoises. Plus jeune, j&rsquo;ai fait pas mal de ski alpin, puis de skicross et enfin de freestyle. J&rsquo;avais un bon niveau puisque j&rsquo;ai particip\u00e9 \u00e0 la coupe du monde de ski cross vers l&rsquo;\u00e2ge de 20 ans.<\/p>\n\n\n\n<p>Apr\u00e8s cela, j&rsquo;ai arr\u00eat\u00e9 le ski alpin et je suis pass\u00e9 au freestyle. Je me suis inscrit au Geneva Freestyle Club, qui \u00e9tait le seul club \u00e0 l&rsquo;\u00e9poque (rires).<\/p>\n\n\n\n<p>Le Club m&rsquo;a permis de rencontrer des gens avec qui j&rsquo;ai commenc\u00e9 \u00e0 organiser des voyages \u2013 principalement des projets orient\u00e9s freeride. Ce fut une excellente courbe d&rsquo;apprentissage pour moi, car je tra\u00eenais avec des personnes g\u00e9n\u00e9ralement plus \u00e2g\u00e9es et inspirantes.<\/p>\n\n\n\n<p>J&rsquo;ai \u00e9tudi\u00e9 l&rsquo;entreprenariat \u00e0 l&rsquo;Ecole Sup\u00e9rieure de Commerce de Fribourg. En parall\u00e8le, j&rsquo;avais de nombreux projets diff\u00e9rents avec le ski, pour lesquels j&rsquo;ai commenc\u00e9 \u00e0 produire des vid\u00e9os.<\/p>\n\n\n\n<h5 class=\"wp-block-heading\" id=\"can-you-tell-us-more-about-we-ride-in-iran\">Peux-tu nous en dire plus sur \u00ab We Ride in Iran \u00bb ?<\/h5>\n\n\n\n<p>En 2012, je suis all\u00e9 pour la premi\u00e8re fois en Iran avec mon ami Benoit Goncerut. Avec une radio suisse, nous voulions faire d\u00e9couvrir aux gens ce que c&rsquo;\u00e9tait que de skier en Iran. Plus que cela, c&rsquo;\u00e9tait aussi pour rencontrer les locaux et en savoir plus sur l&rsquo;Iran et les Iraniens. C&rsquo;est ainsi qu&rsquo;est n\u00e9 le projet We ride in Iran.<\/p>\n\n\n\n<p>Nous y avons pass\u00e9 deux mois. Quand nous sommes revenus, les gens ont hallucin\u00e9 quand nous leur avons dit que nous avions pass\u00e9 tellement de temps en Iran (ils pensaient que c&rsquo;\u00e9tait un endroit dangereux) et ensuite quand ils ont vu les photos et les vid\u00e9os.<\/p>\n\n\n\n<p>Apr\u00e8s ce premier voyage, nous avions rencontr\u00e9 et sommes devenus amis avec quelques personnes l\u00e0-bas. Nous sommes retourn\u00e9s plusieurs fois en Iran pour organiser un <a href=\"https:\/\/vimeo.com\/225677160\" target=\"_blank\" rel=\"noreferrer noopener\">championnat de freestyle<\/a>. Nous avons eu l&rsquo;aide de la F\u00e9d\u00e9ration Suisse de Ski.<\/p>\n\n\n\n<h5 class=\"wp-block-heading\" id=\"was-it-challenging-to-organise-all-of-this-there-how-much-is-skiing-developed-in-iran\">\u00c9tait-ce difficile d&rsquo;organiser tout cela l\u00e0-bas ? \u00c0 quel point le ski est-il d\u00e9velopp\u00e9 en Iran ?<\/h5>\n\n\n\n<p>Tout prend beaucoup de temps. Toutes les infrastructures et les \u00e9quipements sont assez anciens. Cela dit, pas mal de gens font du ski, g\u00e9n\u00e9ralement les plus riches de T\u00e9h\u00e9ran ou les habitants de la montagne. L&rsquo;hiver, lorsque vous quittez T\u00e9h\u00e9ran pour aller \u00e0 la montagne, vous avez un embouteillage pour vous rendre sur les pistes de ski !<\/p>\n\n\n\n<p>On pense g\u00e9n\u00e9ralement \u00e0 l&rsquo;Iran comme \u00e9tant un pays \u00ab\u00a0chaud\u00a0\u00bb et \u00ab\u00a0d\u00e9setique\u00a0\u00bb, donc on ne pense pas tout de suite aux montagnes ou \u00e0 la neige, mais ce n&rsquo;est pas la r\u00e9alit\u00e9 ; les gens aiment la montagne et le ski.<\/p>\n<\/div><\/div>\n\n<div class=\"wp-block-group\"><div class=\"wp-block-group__inner-container is-layout-flow wp-block-group-is-layout-flow\">\n<figure class=\"wp-block-gallery alignwide has-nested-images columns-default is-cropped wp-block-gallery-2 is-layout-flex wp-block-gallery-is-layout-flex\">\n<figure class=\"wp-block-image size-large\"><img loading=\"lazy\" decoding=\"async\" width=\"670\" height=\"938\" data-id=\"1843\" src=\"https:\/\/endorfeen.com\/wp-content\/uploads\/2021\/03\/Arnaud-Cottet-Profile-2-2.jpg\" alt=\"Arnaud Cottet - Profil 4\" class=\"wp-image-1843\" srcset=\"https:\/\/endorfeen.com\/wp-content\/uploads\/2021\/03\/Arnaud-Cottet-Profile-2-2-129x180.jpg 129w, https:\/\/endorfeen.com\/wp-content\/uploads\/2021\/03\/Arnaud-Cottet-Profile-2-2-214x300.jpg 214w, https:\/\/endorfeen.com\/wp-content\/uploads\/2021\/03\/Arnaud-Cottet-Profile-2-2-300x420.jpg 300w, https:\/\/endorfeen.com\/wp-content\/uploads\/2021\/03\/Arnaud-Cottet-Profile-2-2-600x840.jpg 600w, https:\/\/endorfeen.com\/wp-content\/uploads\/2021\/03\/Arnaud-Cottet-Profile-2-2.jpg 670w\" sizes=\"auto, (max-width: 670px) 100vw, 670px\" \/><figcaption>Cr\u00e9dits : Ruedi Fl\u00fcck<\/figcaption><\/figure>\n\n\n\n<figure class=\"wp-block-image size-large\"><img loading=\"lazy\" decoding=\"async\" width=\"670\" height=\"938\" data-id=\"1842\" src=\"https:\/\/endorfeen.com\/wp-content\/uploads\/2021\/03\/Arnaud-Cottet-Profile-4-2.jpg\" alt=\"Arnaud Cottet - Profil 5\" class=\"wp-image-1842\" srcset=\"https:\/\/endorfeen.com\/wp-content\/uploads\/2021\/03\/Arnaud-Cottet-Profile-4-2-129x180.jpg 129w, https:\/\/endorfeen.com\/wp-content\/uploads\/2021\/03\/Arnaud-Cottet-Profile-4-2-214x300.jpg 214w, https:\/\/endorfeen.com\/wp-content\/uploads\/2021\/03\/Arnaud-Cottet-Profile-4-2-300x420.jpg 300w, https:\/\/endorfeen.com\/wp-content\/uploads\/2021\/03\/Arnaud-Cottet-Profile-4-2-600x840.jpg 600w, https:\/\/endorfeen.com\/wp-content\/uploads\/2021\/03\/Arnaud-Cottet-Profile-4-2.jpg 670w\" sizes=\"auto, (max-width: 670px) 100vw, 670px\" \/><figcaption>Cr\u00e9dits : Ruedi Fl\u00fcck<\/figcaption><\/figure>\n<\/figure>\n<\/div><\/div>\n\n<div class=\"wp-block-group has-md-content-width has-sm-padding-top has-sm-padding-bottom\"><div class=\"wp-block-group__inner-container is-layout-flow wp-block-group-is-layout-flow\">\n<h2 class=\"wp-block-heading\" id=\"arnaud-the-entrepreneur\">Arnaud, l&rsquo;entrepreneur<\/h2>\n\n\n\n<h5 class=\"wp-block-heading\" id=\"what-do-you-do-to-earn-a-living\">Que fais-tu pour gagner ta vie ?<\/h5>\n\n\n\n<p>Je fais plusieurs choses. Gr\u00e2ce \u00e0 ma formation en ski freestyle, je suis juge. Je voyage pas mal \u00e0 travers le monde pour diff\u00e9rentes comp\u00e9titions. C&rsquo;est assez s\u00e9rieux car j&rsquo;ai \u00e9t\u00e9 juge pour les derniers Jeux Olympiques.<\/p>\n\n\n\n<p>Depuis 2012, je suis enseignant. J&rsquo;enseigne g\u00e9n\u00e9ralement en septembre, octobre, novembre, mai et juin, ce qui me laisse beaucoup de temps pendant les mois d&rsquo;hiver pour skier, juger, travailler sur d&rsquo;autres projets.<\/p>\n\n\n\n<p>Enfin, en 2018, j&rsquo;ai lanc\u00e9 une marque de lunettes de soleil, Glacier Optics. Nous produisons, autant que possible, localement.<\/p>\n\n\n\n<h5 class=\"wp-block-heading\" id=\"how-do-you-become-a-judge\">Comment devient-on juge ?<\/h5>\n\n\n\n<p>Le freestyle est un petit monde. J&rsquo;ai commenc\u00e9 la comp\u00e9tition, et tu rencontres des gens. Tr\u00e8s vite, j&rsquo;ai fait connaissance avec la F\u00e9d\u00e9ration en Suisse. De fil en aiguille, on vous propose de juger, et c&rsquo;est vraiment tout (sourire).<\/p>\n<\/div><\/div>\n\n<div class=\"wp-block-columns alignfull are-vertically-aligned-center is-layout-flex wp-container-core-columns-is-layout-9d6595d7 wp-block-columns-is-layout-flex\">\n<div class=\"wp-block-column is-vertically-aligned-center is-layout-flow wp-block-column-is-layout-flow\">\n<figure class=\"wp-block-image size-large\"><img loading=\"lazy\" decoding=\"async\" width=\"731\" height=\"1024\" src=\"https:\/\/endorfeen.com\/wp-content\/uploads\/2021\/03\/Arnaud-Cottet-Profile-6-731x1024.jpg\" alt=\"\" class=\"wp-image-1847\" srcset=\"https:\/\/endorfeen.com\/wp-content\/uploads\/2021\/03\/Arnaud-Cottet-Profile-6-129x180.jpg 129w, https:\/\/endorfeen.com\/wp-content\/uploads\/2021\/03\/Arnaud-Cottet-Profile-6-214x300.jpg 214w, https:\/\/endorfeen.com\/wp-content\/uploads\/2021\/03\/Arnaud-Cottet-Profile-6-300x420.jpg 300w, https:\/\/endorfeen.com\/wp-content\/uploads\/2021\/03\/Arnaud-Cottet-Profile-6-600x840.jpg 600w, https:\/\/endorfeen.com\/wp-content\/uploads\/2021\/03\/Arnaud-Cottet-Profile-6-731x1024.jpg 731w, https:\/\/endorfeen.com\/wp-content\/uploads\/2021\/03\/Arnaud-Cottet-Profile-6-768x1075.jpg 768w, https:\/\/endorfeen.com\/wp-content\/uploads\/2021\/03\/Arnaud-Cottet-Profile-6-1097x1536.jpg 1097w, https:\/\/endorfeen.com\/wp-content\/uploads\/2021\/03\/Arnaud-Cottet-Profile-6-1463x2048.jpg 1463w, https:\/\/endorfeen.com\/wp-content\/uploads\/2021\/03\/Arnaud-Cottet-Profile-6.jpg 1500w\" sizes=\"auto, (max-width: 731px) 100vw, 731px\" \/><\/figure>\n<\/div>\n\n\n\n<div class=\"wp-block-column is-vertically-aligned-center is-layout-flow wp-block-column-is-layout-flow\">\n<div class=\"wp-block-group has-md-content-width has-sm-padding-top has-sm-padding-bottom has-xl-margin-right has-xl-margin-left\"><div class=\"wp-block-group__inner-container is-layout-flow wp-block-group-is-layout-flow\">\n<h5 class=\"wp-block-heading\" id=\"how-did-you-get-the-idea-for-glacier-optics\">Comment t&rsquo;es venue l&rsquo;id\u00e9e de lancer Glacier Optics ?<\/h5>\n\n\n\n<p>En 2018, j&rsquo;\u00e9tais en Alaska. Le temps \u00e9tait assez mauvais, donc nous n&rsquo;avions pas tellement de faire beaucoup de sorties, alors nous avons commenc\u00e9 \u00e0 r\u00e9fl\u00e9chir.<\/p>\n\n\n\n<p>A mon retour, avec mon ami Benoit Goncerut, nous avons eu l&rsquo;id\u00e9e de lancer une marque de lunettes de soleil avec la vision de renouer avec les sources et les origines de l&rsquo;alpinisme. Nous voulions ramener cet esprit des grandes premi\u00e8res ascensions.<\/p>\n\n\n\n<p>Plus qu&rsquo;un simple produit, nous avons lanc\u00e9 Glacier Optics pour raconter une histoire.<\/p>\n<\/div><\/div>\n<\/div>\n<\/div>\n","protected":false},"excerpt":{"rendered":"<p>Arnaud Cottet Arnaud Cottet est un free-skieur et entrepreneur suisse. Depuis son plus jeune \u00e2ge, il a fond\u00e9 et consacr\u00e9 sa vie \u00e0 la montagne et au ski. Du ski alpin au freestyle, Arnaud est aujourd&rsquo;hui photographe, vid\u00e9aste et fondateur de la marque de lunettes de soleil &#8211; Glacier Optics. Il a particip\u00e9 \u00e0 de &hellip;<\/p>\n","protected":false},"author":1,"featured_media":1844,"comment_status":"closed","ping_status":"closed","sticky":false,"template":"","format":"standard","meta":{"_acf_changed":false,"_genesis_hide_title":false,"_genesis_hide_breadcrumbs":false,"_genesis_hide_singular_image":false,"_genesis_hide_footer_widgets":false,"_genesis_custom_body_class":"","_genesis_custom_post_class":"","_genesis_layout":"","footnotes":""},"categories":[158],"tags":[162,163],"sponsor":[1087],"class_list":{"2":"type-post","7":"category-prophetes","8":"tag-freeride-fr","9":"tag-marque","10":"sponsor-endorfeen","11":"entry"},"yoast_head":"<!-- This site is optimized with the Yoast SEO Premium plugin v26.2 (Yoast SEO v26.2) - https:\/\/yoast.com\/wordpress\/plugins\/seo\/ -->\n<title>Arnaud Cottet, skieur et entrepreneur - endorfeen<\/title>\n<meta name=\"description\" content=\"Arnaud Cottet est un free-skieur et entrepreneur suisse. Depuis son plus jeune \u00e2ge, il a fond\u00e9 et consacr\u00e9 sa vie \u00e0 la montagne et au ski.\" \/>\n<meta name=\"robots\" content=\"index, follow, max-snippet:-1, max-image-preview:large, max-video-preview:-1\" \/>\n<link rel=\"canonical\" href=\"https:\/\/endorfeen.com\/fr\/arnaud-cottet-skieur-et-entrepreneur\/\" \/>\n<meta property=\"og:locale\" content=\"fr_FR\" \/>\n<meta property=\"og:type\" content=\"article\" \/>\n<meta property=\"og:title\" content=\"Arnaud Cottet, skieur et entrepreneur\" \/>\n<meta property=\"og:description\" content=\"Arnaud Cottet est un free-skieur et entrepreneur suisse. Depuis son plus jeune \u00e2ge, il a fond\u00e9 et consacr\u00e9 sa vie \u00e0 la montagne et au ski.\" \/>\n<meta property=\"og:url\" content=\"https:\/\/endorfeen.com\/fr\/arnaud-cottet-skieur-et-entrepreneur\/\" \/>\n<meta property=\"og:site_name\" content=\"endorfeen\" \/>\n<meta property=\"article:author\" content=\"http:\/\/www.facebook.com\/endorfeen-583261049007200\" \/>\n<meta property=\"article:published_time\" content=\"2021-04-06T07:00:00+00:00\" \/>\n<meta property=\"article:modified_time\" content=\"2023-08-18T10:02:45+00:00\" \/>\n<meta property=\"og:image\" content=\"https:\/\/endorfeen.com\/wp-content\/uploads\/2021\/03\/Arnaud-Cottet-Profile-2.jpg\" \/>\n\t<meta property=\"og:image:width\" content=\"1681\" \/>\n\t<meta property=\"og:image:height\" content=\"1200\" \/>\n\t<meta property=\"og:image:type\" content=\"image\/jpeg\" \/>\n<meta name=\"author\" content=\"Thomas Viguier\" \/>\n<meta name=\"twitter:card\" content=\"summary_large_image\" \/>\n<meta name=\"twitter:creator\" content=\"@https:\/\/twitter.com\/endorfeen_\" \/>\n<meta name=\"twitter:label1\" content=\"\u00c9crit par\" \/>\n\t<meta name=\"twitter:data1\" content=\"Thomas Viguier\" \/>\n\t<meta name=\"twitter:label2\" content=\"Dur\u00e9e de lecture estim\u00e9e\" \/>\n\t<meta name=\"twitter:data2\" content=\"4 minutes\" \/>\n<script type=\"application\/ld+json\" class=\"yoast-schema-graph\">{\"@context\":\"https:\/\/schema.org\",\"@graph\":[{\"@type\":\"Article\",\"@id\":\"https:\/\/endorfeen.com\/fr\/arnaud-cottet-skieur-et-entrepreneur\/#article\",\"isPartOf\":{\"@id\":\"https:\/\/endorfeen.com\/fr\/arnaud-cottet-skieur-et-entrepreneur\/\"},\"author\":{\"name\":\"Thomas Viguier\",\"@id\":\"https:\/\/endorfeen.com\/fr\/#\/schema\/person\/67e5d1d04ce51a42bb2ba3c1ee004f9e\"},\"headline\":\"Arnaud Cottet, skieur et entrepreneur\",\"datePublished\":\"2021-04-06T07:00:00+00:00\",\"dateModified\":\"2023-08-18T10:02:45+00:00\",\"mainEntityOfPage\":{\"@id\":\"https:\/\/endorfeen.com\/fr\/arnaud-cottet-skieur-et-entrepreneur\/\"},\"wordCount\":901,\"publisher\":{\"@id\":\"https:\/\/endorfeen.com\/fr\/#organization\"},\"image\":{\"@id\":\"https:\/\/endorfeen.com\/fr\/arnaud-cottet-skieur-et-entrepreneur\/#primaryimage\"},\"thumbnailUrl\":\"https:\/\/endorfeen.com\/wp-content\/uploads\/2021\/03\/Arnaud-Cottet-Profile-2.jpg\",\"keywords\":[\"#freeride\",\"#Marque\"],\"articleSection\":[\"Proph\u00e8tes\"],\"inLanguage\":\"fr-FR\"},{\"@type\":\"WebPage\",\"@id\":\"https:\/\/endorfeen.com\/fr\/arnaud-cottet-skieur-et-entrepreneur\/\",\"url\":\"https:\/\/endorfeen.com\/fr\/arnaud-cottet-skieur-et-entrepreneur\/\",\"name\":\"Arnaud Cottet, skieur et entrepreneur - endorfeen\",\"isPartOf\":{\"@id\":\"https:\/\/endorfeen.com\/fr\/#website\"},\"primaryImageOfPage\":{\"@id\":\"https:\/\/endorfeen.com\/fr\/arnaud-cottet-skieur-et-entrepreneur\/#primaryimage\"},\"image\":{\"@id\":\"https:\/\/endorfeen.com\/fr\/arnaud-cottet-skieur-et-entrepreneur\/#primaryimage\"},\"thumbnailUrl\":\"https:\/\/endorfeen.com\/wp-content\/uploads\/2021\/03\/Arnaud-Cottet-Profile-2.jpg\",\"datePublished\":\"2021-04-06T07:00:00+00:00\",\"dateModified\":\"2023-08-18T10:02:45+00:00\",\"description\":\"Arnaud Cottet est un free-skieur et entrepreneur suisse. Depuis son plus jeune \u00e2ge, il a fond\u00e9 et consacr\u00e9 sa vie \u00e0 la montagne et au ski.\",\"breadcrumb\":{\"@id\":\"https:\/\/endorfeen.com\/fr\/arnaud-cottet-skieur-et-entrepreneur\/#breadcrumb\"},\"inLanguage\":\"fr-FR\",\"potentialAction\":[{\"@type\":\"ReadAction\",\"target\":[\"https:\/\/endorfeen.com\/fr\/arnaud-cottet-skieur-et-entrepreneur\/\"]}]},{\"@type\":\"ImageObject\",\"inLanguage\":\"fr-FR\",\"@id\":\"https:\/\/endorfeen.com\/fr\/arnaud-cottet-skieur-et-entrepreneur\/#primaryimage\",\"url\":\"https:\/\/endorfeen.com\/wp-content\/uploads\/2021\/03\/Arnaud-Cottet-Profile-2.jpg\",\"contentUrl\":\"https:\/\/endorfeen.com\/wp-content\/uploads\/2021\/03\/Arnaud-Cottet-Profile-2.jpg\",\"width\":1681,\"height\":1200,\"caption\":\"Ski Afghanistan\"},{\"@type\":\"BreadcrumbList\",\"@id\":\"https:\/\/endorfeen.com\/fr\/arnaud-cottet-skieur-et-entrepreneur\/#breadcrumb\",\"itemListElement\":[{\"@type\":\"ListItem\",\"position\":1,\"name\":\"Home\",\"item\":\"https:\/\/endorfeen.com\/fr\/\"},{\"@type\":\"ListItem\",\"position\":2,\"name\":\"Arnaud Cottet, skieur et entrepreneur\"}]},{\"@type\":\"WebSite\",\"@id\":\"https:\/\/endorfeen.com\/fr\/#website\",\"url\":\"https:\/\/endorfeen.com\/fr\/\",\"name\":\"endorfeen\",\"description\":\"The Media For Sustainable Outdoors.\",\"publisher\":{\"@id\":\"https:\/\/endorfeen.com\/fr\/#organization\"},\"potentialAction\":[{\"@type\":\"SearchAction\",\"target\":{\"@type\":\"EntryPoint\",\"urlTemplate\":\"https:\/\/endorfeen.com\/fr\/?s={search_term_string}\"},\"query-input\":{\"@type\":\"PropertyValueSpecification\",\"valueRequired\":true,\"valueName\":\"search_term_string\"}}],\"inLanguage\":\"fr-FR\"},{\"@type\":\"Organization\",\"@id\":\"https:\/\/endorfeen.com\/fr\/#organization\",\"name\":\"endorfeen\",\"url\":\"https:\/\/endorfeen.com\/fr\/\",\"logo\":{\"@type\":\"ImageObject\",\"inLanguage\":\"fr-FR\",\"@id\":\"https:\/\/endorfeen.com\/fr\/#\/schema\/logo\/image\/\",\"url\":\"https:\/\/endorfeen.com\/wp-content\/uploads\/2022\/06\/Circle-endorfeen-site-icon-circled-1000-x-1000-300psi.png\",\"contentUrl\":\"https:\/\/endorfeen.com\/wp-content\/uploads\/2022\/06\/Circle-endorfeen-site-icon-circled-1000-x-1000-300psi.png\",\"width\":1000,\"height\":1000,\"caption\":\"endorfeen\"},\"image\":{\"@id\":\"https:\/\/endorfeen.com\/fr\/#\/schema\/logo\/image\/\"}},{\"@type\":\"Person\",\"@id\":\"https:\/\/endorfeen.com\/fr\/#\/schema\/person\/67e5d1d04ce51a42bb2ba3c1ee004f9e\",\"name\":\"Thomas Viguier\",\"image\":{\"@type\":\"ImageObject\",\"inLanguage\":\"fr-FR\",\"@id\":\"https:\/\/endorfeen.com\/fr\/#\/schema\/person\/image\/\",\"url\":\"https:\/\/secure.gravatar.com\/avatar\/0a306c7e99e00df5d99c2c5d01d3308bccf257ab82d30f23cc0862ed35c57419?s=96&d=mm&r=g\",\"contentUrl\":\"https:\/\/secure.gravatar.com\/avatar\/0a306c7e99e00df5d99c2c5d01d3308bccf257ab82d30f23cc0862ed35c57419?s=96&d=mm&r=g\",\"caption\":\"Thomas Viguier\"},\"description\":\"Everyone has a story to tell. endorfeen is built as a collaborative platform, giving the voice to anyone with a story to tell.If you have things you want to share, register here.\",\"sameAs\":[\"https:\/\/endorfeen.com\",\"http:\/\/www.facebook.com\/endorfeen-583261049007200\",\"http:\/\/www.instagram.com\/endorfeen_\/\",\"https:\/\/fi.pinterest.com\/endorfeen_\/\",\"https:\/\/x.com\/https:\/\/twitter.com\/endorfeen_\"],\"url\":\"https:\/\/endorfeen.com\/fr\/linkto\/thomas-viguier\/\"}]}<\/script>\n<!-- \/ Yoast SEO Premium plugin. -->","yoast_head_json":{"title":"Arnaud Cottet, skieur et entrepreneur - endorfeen","description":"Arnaud Cottet est un free-skieur et entrepreneur suisse. Depuis son plus jeune \u00e2ge, il a fond\u00e9 et consacr\u00e9 sa vie \u00e0 la montagne et au ski.","robots":{"index":"index","follow":"follow","max-snippet":"max-snippet:-1","max-image-preview":"max-image-preview:large","max-video-preview":"max-video-preview:-1"},"canonical":"https:\/\/endorfeen.com\/fr\/arnaud-cottet-skieur-et-entrepreneur\/","og_locale":"fr_FR","og_type":"article","og_title":"Arnaud Cottet, skieur et entrepreneur","og_description":"Arnaud Cottet est un free-skieur et entrepreneur suisse. Depuis son plus jeune \u00e2ge, il a fond\u00e9 et consacr\u00e9 sa vie \u00e0 la montagne et au ski.","og_url":"https:\/\/endorfeen.com\/fr\/arnaud-cottet-skieur-et-entrepreneur\/","og_site_name":"endorfeen","article_author":"http:\/\/www.facebook.com\/endorfeen-583261049007200","article_published_time":"2021-04-06T07:00:00+00:00","article_modified_time":"2023-08-18T10:02:45+00:00","og_image":[{"width":1681,"height":1200,"url":"https:\/\/endorfeen.com\/wp-content\/uploads\/2021\/03\/Arnaud-Cottet-Profile-2.jpg","type":"image\/jpeg"}],"author":"Thomas Viguier","twitter_card":"summary_large_image","twitter_creator":"@https:\/\/twitter.com\/endorfeen_","twitter_misc":{"\u00c9crit par":"Thomas Viguier","Dur\u00e9e de lecture estim\u00e9e":"4 minutes"},"schema":{"@context":"https:\/\/schema.org","@graph":[{"@type":"Article","@id":"https:\/\/endorfeen.com\/fr\/arnaud-cottet-skieur-et-entrepreneur\/#article","isPartOf":{"@id":"https:\/\/endorfeen.com\/fr\/arnaud-cottet-skieur-et-entrepreneur\/"},"author":{"name":"Thomas Viguier","@id":"https:\/\/endorfeen.com\/fr\/#\/schema\/person\/67e5d1d04ce51a42bb2ba3c1ee004f9e"},"headline":"Arnaud Cottet, skieur et entrepreneur","datePublished":"2021-04-06T07:00:00+00:00","dateModified":"2023-08-18T10:02:45+00:00","mainEntityOfPage":{"@id":"https:\/\/endorfeen.com\/fr\/arnaud-cottet-skieur-et-entrepreneur\/"},"wordCount":901,"publisher":{"@id":"https:\/\/endorfeen.com\/fr\/#organization"},"image":{"@id":"https:\/\/endorfeen.com\/fr\/arnaud-cottet-skieur-et-entrepreneur\/#primaryimage"},"thumbnailUrl":"https:\/\/endorfeen.com\/wp-content\/uploads\/2021\/03\/Arnaud-Cottet-Profile-2.jpg","keywords":["#freeride","#Marque"],"articleSection":["Proph\u00e8tes"],"inLanguage":"fr-FR"},{"@type":"WebPage","@id":"https:\/\/endorfeen.com\/fr\/arnaud-cottet-skieur-et-entrepreneur\/","url":"https:\/\/endorfeen.com\/fr\/arnaud-cottet-skieur-et-entrepreneur\/","name":"Arnaud Cottet, skieur et entrepreneur - endorfeen","isPartOf":{"@id":"https:\/\/endorfeen.com\/fr\/#website"},"primaryImageOfPage":{"@id":"https:\/\/endorfeen.com\/fr\/arnaud-cottet-skieur-et-entrepreneur\/#primaryimage"},"image":{"@id":"https:\/\/endorfeen.com\/fr\/arnaud-cottet-skieur-et-entrepreneur\/#primaryimage"},"thumbnailUrl":"https:\/\/endorfeen.com\/wp-content\/uploads\/2021\/03\/Arnaud-Cottet-Profile-2.jpg","datePublished":"2021-04-06T07:00:00+00:00","dateModified":"2023-08-18T10:02:45+00:00","description":"Arnaud Cottet est un free-skieur et entrepreneur suisse. Depuis son plus jeune \u00e2ge, il a fond\u00e9 et consacr\u00e9 sa vie \u00e0 la montagne et au ski.","breadcrumb":{"@id":"https:\/\/endorfeen.com\/fr\/arnaud-cottet-skieur-et-entrepreneur\/#breadcrumb"},"inLanguage":"fr-FR","potentialAction":[{"@type":"ReadAction","target":["https:\/\/endorfeen.com\/fr\/arnaud-cottet-skieur-et-entrepreneur\/"]}]},{"@type":"ImageObject","inLanguage":"fr-FR","@id":"https:\/\/endorfeen.com\/fr\/arnaud-cottet-skieur-et-entrepreneur\/#primaryimage","url":"https:\/\/endorfeen.com\/wp-content\/uploads\/2021\/03\/Arnaud-Cottet-Profile-2.jpg","contentUrl":"https:\/\/endorfeen.com\/wp-content\/uploads\/2021\/03\/Arnaud-Cottet-Profile-2.jpg","width":1681,"height":1200,"caption":"Ski Afghanistan"},{"@type":"BreadcrumbList","@id":"https:\/\/endorfeen.com\/fr\/arnaud-cottet-skieur-et-entrepreneur\/#breadcrumb","itemListElement":[{"@type":"ListItem","position":1,"name":"Home","item":"https:\/\/endorfeen.com\/fr\/"},{"@type":"ListItem","position":2,"name":"Arnaud Cottet, skieur et entrepreneur"}]},{"@type":"WebSite","@id":"https:\/\/endorfeen.com\/fr\/#website","url":"https:\/\/endorfeen.com\/fr\/","name":"endorfeen","description":"The Media For Sustainable Outdoors.","publisher":{"@id":"https:\/\/endorfeen.com\/fr\/#organization"},"potentialAction":[{"@type":"SearchAction","target":{"@type":"EntryPoint","urlTemplate":"https:\/\/endorfeen.com\/fr\/?s={search_term_string}"},"query-input":{"@type":"PropertyValueSpecification","valueRequired":true,"valueName":"search_term_string"}}],"inLanguage":"fr-FR"},{"@type":"Organization","@id":"https:\/\/endorfeen.com\/fr\/#organization","name":"endorfeen","url":"https:\/\/endorfeen.com\/fr\/","logo":{"@type":"ImageObject","inLanguage":"fr-FR","@id":"https:\/\/endorfeen.com\/fr\/#\/schema\/logo\/image\/","url":"https:\/\/endorfeen.com\/wp-content\/uploads\/2022\/06\/Circle-endorfeen-site-icon-circled-1000-x-1000-300psi.png","contentUrl":"https:\/\/endorfeen.com\/wp-content\/uploads\/2022\/06\/Circle-endorfeen-site-icon-circled-1000-x-1000-300psi.png","width":1000,"height":1000,"caption":"endorfeen"},"image":{"@id":"https:\/\/endorfeen.com\/fr\/#\/schema\/logo\/image\/"}},{"@type":"Person","@id":"https:\/\/endorfeen.com\/fr\/#\/schema\/person\/67e5d1d04ce51a42bb2ba3c1ee004f9e","name":"Thomas Viguier","image":{"@type":"ImageObject","inLanguage":"fr-FR","@id":"https:\/\/endorfeen.com\/fr\/#\/schema\/person\/image\/","url":"https:\/\/secure.gravatar.com\/avatar\/0a306c7e99e00df5d99c2c5d01d3308bccf257ab82d30f23cc0862ed35c57419?s=96&d=mm&r=g","contentUrl":"https:\/\/secure.gravatar.com\/avatar\/0a306c7e99e00df5d99c2c5d01d3308bccf257ab82d30f23cc0862ed35c57419?s=96&d=mm&r=g","caption":"Thomas Viguier"},"description":"Everyone has a story to tell. endorfeen is built as a collaborative platform, giving the voice to anyone with a story to tell.If you have things you want to share, register here.","sameAs":["https:\/\/endorfeen.com","http:\/\/www.facebook.com\/endorfeen-583261049007200","http:\/\/www.instagram.com\/endorfeen_\/","https:\/\/fi.pinterest.com\/endorfeen_\/","https:\/\/x.com\/https:\/\/twitter.com\/endorfeen_"],"url":"https:\/\/endorfeen.com\/fr\/linkto\/thomas-viguier\/"}]}},"featured_image_src":"https:\/\/endorfeen.com\/wp-content\/uploads\/2021\/03\/Arnaud-Cottet-Profile-2-600x400.jpg","featured_image_src_square":"https:\/\/endorfeen.com\/wp-content\/uploads\/2021\/03\/Arnaud-Cottet-Profile-2-600x600.jpg","author_info":{"display_name":"Thomas Viguier","author_link":"https:\/\/endorfeen.com\/fr\/linkto\/thomas-viguier\/"},"acf":[],"_links":{"self":[{"href":"https:\/\/endorfeen.com\/fr\/wp-json\/wp\/v2\/posts\/1902","targetHints":{"allow":["GET"]}}],"collection":[{"href":"https:\/\/endorfeen.com\/fr\/wp-json\/wp\/v2\/posts"}],"about":[{"href":"https:\/\/endorfeen.com\/fr\/wp-json\/wp\/v2\/types\/post"}],"author":[{"embeddable":true,"href":"https:\/\/endorfeen.com\/fr\/wp-json\/wp\/v2\/users\/1"}],"replies":[{"embeddable":true,"href":"https:\/\/endorfeen.com\/fr\/wp-json\/wp\/v2\/comments?post=1902"}],"version-history":[{"count":0,"href":"https:\/\/endorfeen.com\/fr\/wp-json\/wp\/v2\/posts\/1902\/revisions"}],"wp:featuredmedia":[{"embeddable":true,"href":"https:\/\/endorfeen.com\/fr\/wp-json\/wp\/v2\/media\/1844"}],"wp:attachment":[{"href":"https:\/\/endorfeen.com\/fr\/wp-json\/wp\/v2\/media?parent=1902"}],"wp:term":[{"taxonomy":"category","embeddable":true,"href":"https:\/\/endorfeen.com\/fr\/wp-json\/wp\/v2\/categories?post=1902"},{"taxonomy":"post_tag","embeddable":true,"href":"https:\/\/endorfeen.com\/fr\/wp-json\/wp\/v2\/tags?post=1902"},{"taxonomy":"sponsor","embeddable":true,"href":"https:\/\/endorfeen.com\/fr\/wp-json\/wp\/v2\/sponsor?post=1902"}],"curies":[{"name":"wp","href":"https:\/\/api.w.org\/{rel}","templated":true}]}}