{"id":1888,"date":"2021-01-05T14:16:38","date_gmt":"2021-01-05T14:16:38","guid":{"rendered":"https:\/\/endorfeen.com\/jacques-balmat-mont-blanc\/"},"modified":"2023-08-18T11:03:05","modified_gmt":"2023-08-18T10:03:05","slug":"jacques-balmat-mont-blanc","status":"publish","type":"post","link":"https:\/\/endorfeen.com\/fr\/jacques-balmat-mont-blanc\/","title":{"rendered":"Jacques Balmat, Mont Blanc"},"content":{"rendered":"\n<div class=\"wp-block-group has-md-content-width has-sm-padding-top has-sm-padding-bottom\"><div class=\"wp-block-group__inner-container is-layout-flow wp-block-group-is-layout-flow\">\n<p>Jacques Balmat ou \u00ab\u00a0Mont-Blanc\u00a0\u00bb est n\u00e9 en 1762 dans la vall\u00e9e de Chamonix. <\/p>\n\n\n\n<p>Le 8 ao\u00fbt 1796, avec son associ\u00e9, le docteur Michel-Gabriel Paccard, il marque l&rsquo;histoire avec la premi\u00e8re ascension du Mont-Blanc.<\/p>\n\n\n\n<p>Jacques Balmat conduit Horace-B\u00e9n\u00e9dict de Saussure au sommet de la montagne l&rsquo;ann\u00e9e suivante.<\/p>\n\n\n\n<p>C&rsquo;\u00e9tait un chasseur de chamois et de cristal mais avant tout un homme amoureux des montagnes chamoniardes. Il a particip\u00e9 \u00e0 la cr\u00e9ation de la c\u00e9l\u00e8bre \u00ab\u00a0Compagnie des Guides\u00a0\u00bb \u00e0 Chamonix, \u00e9tant l&rsquo;un des premiers guides.<\/p>\n\n\n\n<p>Ajoutant \u00e0 la l\u00e9gende, il est mort d&rsquo;une mort myst\u00e9rieuse.<\/p>\n\n\n\n<h2 class=\"wp-block-heading\">De la chasse au quartz \u00e0 la chasse \u00e0 la plus haute montagne d&rsquo;Europe<\/h2>\n\n\n\n<p>Jacques Balmat est n\u00e9 le 19 janvier 1762, au hameau \u00ab\u00a0Les P\u00e9lerins\u00a0\u00bb, dans la vall\u00e9e de Chamonix. Deux ans plus t\u00f4t, Horace-B\u00e9n\u00e9dict de Saussure, contemplant le Mont-Blanc, avait promis une r\u00e9compense \u00e0 celui qui trouverait un chemin jusqu&rsquo;au sommet de la montagne. <\/p>\n\n\n\n<p>Balmat est n\u00e9 dans une famille de paysans. La vie paysanne est rude dans la vall\u00e9e : r\u00e9colter des r\u00e9coltes faibles \u00e0 cause de l&rsquo;altitude et du terrain escarp\u00e9, g\u00e9rer la transhumance chaque ann\u00e9e, couper du bois&#8230; \u00ab\u00a0Balmat\u00a0\u00bb est un nom assez courant dans la r\u00e9gion, mais Jacques Balmat \u00e9tait diff\u00e9rent. Il \u00e9tait instruit et savait lire et \u00e9crire.<\/p>\n\n\n\n<p>Il \u00e9tait chasseur de chamois et de cristal. Alors qu&rsquo;il avait une r\u00e9putation (il vendit un minerai de quartz \u00e0 <a href=\"https:\/\/en.wikipedia.org\/wiki\/Johann_Wolfgang_von_Goethe\" target=\"_blank\" rel=\"noreferrer noopener\">Goethe<\/a> en 1779), ce qu&rsquo;il pouvait gagner de ces activit\u00e9s ne suffisait pas \u00e0 subvenir aux besoins de sa famille. Attir\u00e9 par le d\u00e9fi et la r\u00e9compense du Saussure, il d\u00e9cide de mettre ses comp\u00e9tences au service d&rsquo;un autre objectif : l&rsquo;ascension du Mont-Blanc.<\/p>\n\n\n\n<h2 class=\"wp-block-heading\">La r\u00e9v\u00e9lation de Jacques Balmat et la premi\u00e8re ascension<\/h2>\n\n\n\n<p>Un jour, il croise un groupe de 3 grimpeurs qui vont bivouaquer \u00e0 <a href=\"https:\/\/lensscaper.wordpress.com\/2012\/12\/19\/montagne-de-la-cote-in-the-steps-of-balmat-and-paccard\/\" target=\"_blank\" rel=\"noreferrer noopener\">la Montagne de la C\u00f4te<\/a> . Ils sont en route pour rejoindre deux autres guides, de St Gervais, au sommet de l&rsquo; <a href=\"https:\/\/www.summitpost.org\/aiguille-du-go-ter\/154225\" target=\"_blank\" rel=\"noreferrer noopener\">Aiguille du Gouter<\/a> . <\/p>\n\n\n\n<p>Balmat les rejoint. Malgr\u00e9 leurs r\u00e9ticences, Jacques Balmat les pousse jusqu&rsquo;au D\u00f4me du Gouter, puis vers le sommet du Mont-Blanc. Balmat se retrouve \u00e0 califourchon sur une ar\u00eate tr\u00e8s expos\u00e9e, pour s&rsquo;apercevoir que son groupe l&rsquo;a abandonn\u00e9. Il d\u00e9cide de rebrousser chemin. <\/p>\n\n\n\n<p>Comme il est trop tard pour regagner le campement, il est oblig\u00e9 de passer la nuit sur le glacier en tapant du pied pour s&rsquo;assurer qu&rsquo;il ne g\u00e8le pas. Alors que cette nuit semble interminable et douloureuse, il en grandit : il apprend qu&rsquo;on peut passer la nuit sur un glacier et il sait d\u00e9sormais que le Mont-Blanc est \u00e0 sa port\u00e9e.<\/p>\n\n\n\n<p>Il commence \u00e0 chercher un partenaire. Il choisit le Dr Paccard, qui a soign\u00e9 sa fille auparavant. Balmat savait qu&rsquo;il \u00e9tait un alpiniste exp\u00e9riment\u00e9. Michel-Gabriel Paccard acquiesce rapidement.<\/p>\n\n\n\n<p>Ils d\u00e9cident d&rsquo;\u00eatre tr\u00e8s discrets sur leurs projets et conviennent de se s\u00e9parer et de se retrouver au bivouac de la Montagne de la C\u00f4te. Pour leur ascension, ils n&rsquo;avaient ni corde, ni piolet, ni crampons. Leur seul outil est <a href=\"https:\/\/endorfeen.com\/avant-le-piolet-cetait-lalpenstock\/?lang=fr\" target=\"_blank\" rel=\"noreferrer noopener\">un Alpenstock, une longue perche en bois<\/a> . Ils transportent \u00e9galement une charge d&rsquo;\u00e9quipement scientifique comprenant un barom\u00e8tre, un thermom\u00e8tre et un t\u00e9lescope.<\/p>\n\n\n\n<p>Le 8 ao\u00fbt 1786, ils quittent le bivouac vers 4 heures du matin. A 18h23, ils atteignent ensemble le sommet de \u00ab\u00a0la Taupin\u00e8re\u00a0\u00bb (\u00ab\u00a0taupini\u00e8re\u00a0\u00bb) comme Balmat appelait le Mont-Blanc. Paccard s&rsquo;est assur\u00e9 que deux t\u00e9moins les suivaient depuis la vall\u00e9e \u00e0 l&rsquo;aide d&rsquo;un t\u00e9lescope. Il prend aussi son temps pour prendre quelques mesures. Il est 18h57 lorsque les deux hommes quittent le sommet.<\/p>\n\n\n\n<p>En descendant, Paccard perd le chapeau qui le prot\u00e8ge du soleil. Aid\u00e9 par Balmat, il arrivera presque aveugle dans la vall\u00e9e.<\/p>\n<\/div><\/div>\n\n\n\n<div class=\"wp-block-group has-lg-content-width\"><div class=\"wp-block-group__inner-container is-layout-flow wp-block-group-is-layout-flow\">\n<div class=\"wp-block-columns is-layout-flex wp-container-core-columns-is-layout-9d6595d7 wp-block-columns-is-layout-flex\">\n<div class=\"wp-block-column is-layout-flow wp-block-column-is-layout-flow\" style=\"flex-basis:100%\">\n<figure class=\"wp-block-gallery alignwide has-nested-images columns-default is-cropped wp-block-gallery-1 is-layout-flex wp-block-gallery-is-layout-flex\">\n<figure class=\"wp-block-image size-large\"><img loading=\"lazy\" decoding=\"async\" width=\"508\" height=\"711\" data-id=\"1627\" src=\"https:\/\/endorfeen.com\/wp-content\/uploads\/2020\/12\/Statue-Jacques-Balmat-and-HB-Saussure.jpg\" alt=\"Statues de HB De Saussure et Jacques Balmat \u00e0 Chamonix, France, Europe.\" class=\"wp-image-1627\" srcset=\"https:\/\/endorfeen.com\/wp-content\/uploads\/2020\/12\/Statue-Jacques-Balmat-and-HB-Saussure-214x300.jpg 214w, https:\/\/endorfeen.com\/wp-content\/uploads\/2020\/12\/Statue-Jacques-Balmat-and-HB-Saussure-300x420.jpg 300w, https:\/\/endorfeen.com\/wp-content\/uploads\/2020\/12\/Statue-Jacques-Balmat-and-HB-Saussure.jpg 508w\" sizes=\"auto, (max-width: 508px) 100vw, 508px\" \/><\/figure>\n\n\n\n<figure class=\"wp-block-image size-large\"><img loading=\"lazy\" decoding=\"async\" width=\"634\" height=\"887\" data-id=\"1628\" src=\"https:\/\/endorfeen.com\/wp-content\/uploads\/2020\/12\/Jacques-Balmat-le-premier-guide-au-Mont-Blanc.jpg\" alt=\"Jacques Balmat, premier guide du Mont-Blanc\" class=\"wp-image-1628\" srcset=\"https:\/\/endorfeen.com\/wp-content\/uploads\/2020\/12\/Jacques-Balmat-le-premier-guide-au-Mont-Blanc-214x300.jpg 214w, https:\/\/endorfeen.com\/wp-content\/uploads\/2020\/12\/Jacques-Balmat-le-premier-guide-au-Mont-Blanc-300x420.jpg 300w, https:\/\/endorfeen.com\/wp-content\/uploads\/2020\/12\/Jacques-Balmat-le-premier-guide-au-Mont-Blanc-600x839.jpg 600w, https:\/\/endorfeen.com\/wp-content\/uploads\/2020\/12\/Jacques-Balmat-le-premier-guide-au-Mont-Blanc.jpg 634w\" sizes=\"auto, (max-width: 634px) 100vw, 634px\" \/><\/figure>\n<\/figure>\n<\/div>\n<\/div>\n<\/div><\/div>\n\n\n\n<div class=\"wp-block-group has-md-content-width has-sm-padding-top has-sm-padding-bottom\"><div class=\"wp-block-group__inner-container is-layout-flow wp-block-group-is-layout-flow\">\n<h2 class=\"wp-block-heading\">La fin de l&rsquo;amiti\u00e9 Balmat\/Paccard et la deuxi\u00e8me ascension<\/h2>\n\n\n\n<p>Le r\u00e9cit de la premi\u00e8re ascension du Mont Blanc a \u00e9t\u00e9 progressivement d\u00e9menti et manipul\u00e9 pour valoriser un homme (Balmat) et rabaisser son compagnon (Paccard).<\/p>\n\n\n\n<p>L&rsquo;instigateur de cette fausse d\u00e9claration \u00e9tait Marc-Th\u00e9odore Bourrit, un autre voyageur alpin qui n&rsquo;avait lui-m\u00eame pas r\u00e9ussi \u00e0 trouver un itin\u00e9raire vers le sommet du Mont Blanc et qui a \u00e9crit des r\u00e9cits de l&rsquo;ascension r\u00e9ussie d\u00e9nigrant le r\u00f4le jou\u00e9 par Paccard et promouvant Balmat comme le leader \u00ab plus courageux et plus en forme \u00bb. . En fait, c&rsquo;\u00e9tait Paccard qui \u00e9tait le chef des deux et qui avait atteint le sommet le premier. Malheureusement, le mal \u00e9tait fait maintenant, et Balmat continuait \u00e0 se vanter d&rsquo;une mani\u00e8re vaniteuse de sa part dans l&rsquo;ascension, et Chamonix a choisi de le croire. Cela a rompu l&rsquo;amiti\u00e9 Paccard\/Balmat.<\/p>\n\n\n\n<p>Il appartient \u00e0 Balmat de conduire Saussure au sommet le 3 ao\u00fbt 1787. Il y trouvera sa v\u00e9ritable cons\u00e9cration. Le Roi de Sardaigne (Chamonix appartenait au royaume de Sardaigne) lui d\u00e9cerne le nom de \u00ab\u00a0Balmat le Mont-Blanc\u00a0\u00bb. Cela lui conf\u00e8re une forte notori\u00e9t\u00e9.<\/p>\n\n\n\n<p>Malgr\u00e9 son nouveau statut, Balmat ne changera pas son mode de vie. Il gravira 11 fois le Mont-Blanc, avec des clients comme guide ou pour son propre plaisir. Il conduira Marie Paradis en 1809 au sommet de la montagne. Elle deviendra la premi\u00e8re femme \u00e0 gravir avec succ\u00e8s les plus hautes montagnes des Alpes.<\/p>\n\n\n\n<p>Jacques Balmat gravit le Mont-Blanc, pour la derni\u00e8re fois, en 1817. En 1821 lorsque la \u00ab\u00a0Compagnie des Guides de Chamonix\u00a0\u00bb est cr\u00e9\u00e9e, son nom est le premier des 34 guides.<\/p>\n\n\n\n<p>Il meurt dans la montagne \u00e0 72 ans. Personne ne retrouvera jamais son corps.<\/p>\n<\/div><\/div>\n","protected":false},"excerpt":{"rendered":"<p>Jacques Balmat ou \u00ab\u00a0Mont-Blanc\u00a0\u00bb est n\u00e9 en 1762 dans la vall\u00e9e de Chamonix. Le 8 ao\u00fbt 1796, avec son associ\u00e9, le docteur Michel-Gabriel Paccard, il marque l&rsquo;histoire avec la premi\u00e8re ascension du Mont-Blanc. Jacques Balmat conduit Horace-B\u00e9n\u00e9dict de Saussure au sommet de la montagne l&rsquo;ann\u00e9e suivante. C&rsquo;\u00e9tait un chasseur de chamois et de cristal mais &hellip;<\/p>\n","protected":false},"author":1,"featured_media":1629,"comment_status":"closed","ping_status":"closed","sticky":false,"template":"","format":"standard","meta":{"_acf_changed":false,"_genesis_hide_title":false,"_genesis_hide_breadcrumbs":false,"_genesis_hide_singular_image":false,"_genesis_hide_footer_widgets":false,"_genesis_custom_body_class":"","_genesis_custom_post_class":"","_genesis_layout":"","footnotes":""},"categories":[156,158],"tags":[164,161],"sponsor":[1087],"class_list":{"2":"type-post","7":"category-lieux","8":"category-prophetes","9":"tag-guider","10":"tag-histoire","11":"sponsor-endorfeen","12":"entry"},"yoast_head":"<!-- This site is optimized with the Yoast SEO Premium plugin v26.2 (Yoast SEO v26.2) - https:\/\/yoast.com\/wordpress\/plugins\/seo\/ -->\n<title>Jacques Balmat, premier homme sur le Mont-Blanc - endorfeen<\/title>\n<meta name=\"description\" content=\"Jacques Balmat est n\u00e9 le 19 janvier 1762, au hameau &quot;Les P\u00e9lerins&quot;, dans la vall\u00e9e de Chamonix. Deux ans plus t\u00f4t (...) lire la suite\" \/>\n<meta name=\"robots\" content=\"index, follow, max-snippet:-1, max-image-preview:large, max-video-preview:-1\" \/>\n<link rel=\"canonical\" href=\"https:\/\/endorfeen.com\/fr\/jacques-balmat-mont-blanc\/\" \/>\n<meta property=\"og:locale\" content=\"fr_FR\" \/>\n<meta property=\"og:type\" content=\"article\" \/>\n<meta property=\"og:title\" content=\"Jacques Balmat, Mont Blanc\" \/>\n<meta property=\"og:description\" content=\"Jacques Balmat est n\u00e9 le 19 janvier 1762, au hameau &quot;Les P\u00e9lerins&quot;, dans la vall\u00e9e de Chamonix. Deux ans plus t\u00f4t (...) lire la suite\" \/>\n<meta property=\"og:url\" content=\"https:\/\/endorfeen.com\/fr\/jacques-balmat-mont-blanc\/\" \/>\n<meta property=\"og:site_name\" content=\"endorfeen\" \/>\n<meta property=\"article:author\" content=\"http:\/\/www.facebook.com\/endorfeen-583261049007200\" \/>\n<meta property=\"article:published_time\" content=\"2021-01-05T14:16:38+00:00\" \/>\n<meta property=\"article:modified_time\" content=\"2023-08-18T10:03:05+00:00\" \/>\n<meta property=\"og:image\" content=\"https:\/\/endorfeen.com\/wp-content\/uploads\/2020\/12\/Jacques-Balmat-and-Paccard-1024x731.jpg\" \/>\n\t<meta property=\"og:image:width\" content=\"1024\" \/>\n\t<meta property=\"og:image:height\" content=\"731\" \/>\n\t<meta property=\"og:image:type\" content=\"image\/jpeg\" \/>\n<meta name=\"author\" content=\"Thomas Viguier\" \/>\n<meta name=\"twitter:card\" content=\"summary_large_image\" \/>\n<meta name=\"twitter:creator\" content=\"@https:\/\/twitter.com\/endorfeen_\" \/>\n<meta name=\"twitter:label1\" content=\"\u00c9crit par\" \/>\n\t<meta name=\"twitter:data1\" content=\"Thomas Viguier\" \/>\n\t<meta name=\"twitter:label2\" content=\"Dur\u00e9e de lecture estim\u00e9e\" \/>\n\t<meta name=\"twitter:data2\" content=\"5 minutes\" \/>\n<script type=\"application\/ld+json\" class=\"yoast-schema-graph\">{\"@context\":\"https:\/\/schema.org\",\"@graph\":[{\"@type\":\"Article\",\"@id\":\"https:\/\/endorfeen.com\/fr\/jacques-balmat-mont-blanc\/#article\",\"isPartOf\":{\"@id\":\"https:\/\/endorfeen.com\/fr\/jacques-balmat-mont-blanc\/\"},\"author\":{\"name\":\"Thomas Viguier\",\"@id\":\"https:\/\/endorfeen.com\/fr\/#\/schema\/person\/67e5d1d04ce51a42bb2ba3c1ee004f9e\"},\"headline\":\"Jacques Balmat, Mont Blanc\",\"datePublished\":\"2021-01-05T14:16:38+00:00\",\"dateModified\":\"2023-08-18T10:03:05+00:00\",\"mainEntityOfPage\":{\"@id\":\"https:\/\/endorfeen.com\/fr\/jacques-balmat-mont-blanc\/\"},\"wordCount\":956,\"publisher\":{\"@id\":\"https:\/\/endorfeen.com\/fr\/#organization\"},\"image\":{\"@id\":\"https:\/\/endorfeen.com\/fr\/jacques-balmat-mont-blanc\/#primaryimage\"},\"thumbnailUrl\":\"https:\/\/endorfeen.com\/wp-content\/uploads\/2020\/12\/Jacques-Balmat-and-Paccard.jpg\",\"keywords\":[\"#guide\",\"#histoire\"],\"articleSection\":[\"Lieux\",\"Proph\u00e8tes\"],\"inLanguage\":\"fr-FR\"},{\"@type\":\"WebPage\",\"@id\":\"https:\/\/endorfeen.com\/fr\/jacques-balmat-mont-blanc\/\",\"url\":\"https:\/\/endorfeen.com\/fr\/jacques-balmat-mont-blanc\/\",\"name\":\"Jacques Balmat, premier homme sur le Mont-Blanc - endorfeen\",\"isPartOf\":{\"@id\":\"https:\/\/endorfeen.com\/fr\/#website\"},\"primaryImageOfPage\":{\"@id\":\"https:\/\/endorfeen.com\/fr\/jacques-balmat-mont-blanc\/#primaryimage\"},\"image\":{\"@id\":\"https:\/\/endorfeen.com\/fr\/jacques-balmat-mont-blanc\/#primaryimage\"},\"thumbnailUrl\":\"https:\/\/endorfeen.com\/wp-content\/uploads\/2020\/12\/Jacques-Balmat-and-Paccard.jpg\",\"datePublished\":\"2021-01-05T14:16:38+00:00\",\"dateModified\":\"2023-08-18T10:03:05+00:00\",\"description\":\"Jacques Balmat est n\u00e9 le 19 janvier 1762, au hameau \\\"Les P\u00e9lerins\\\", dans la vall\u00e9e de Chamonix. Deux ans plus t\u00f4t (...) lire la suite\",\"breadcrumb\":{\"@id\":\"https:\/\/endorfeen.com\/fr\/jacques-balmat-mont-blanc\/#breadcrumb\"},\"inLanguage\":\"fr-FR\",\"potentialAction\":[{\"@type\":\"ReadAction\",\"target\":[\"https:\/\/endorfeen.com\/fr\/jacques-balmat-mont-blanc\/\"]}]},{\"@type\":\"ImageObject\",\"inLanguage\":\"fr-FR\",\"@id\":\"https:\/\/endorfeen.com\/fr\/jacques-balmat-mont-blanc\/#primaryimage\",\"url\":\"https:\/\/endorfeen.com\/wp-content\/uploads\/2020\/12\/Jacques-Balmat-and-Paccard.jpg\",\"contentUrl\":\"https:\/\/endorfeen.com\/wp-content\/uploads\/2020\/12\/Jacques-Balmat-and-Paccard.jpg\",\"width\":1879,\"height\":1342,\"caption\":\"Jacques Balmat et Paccard\"},{\"@type\":\"BreadcrumbList\",\"@id\":\"https:\/\/endorfeen.com\/fr\/jacques-balmat-mont-blanc\/#breadcrumb\",\"itemListElement\":[{\"@type\":\"ListItem\",\"position\":1,\"name\":\"Home\",\"item\":\"https:\/\/endorfeen.com\/fr\/\"},{\"@type\":\"ListItem\",\"position\":2,\"name\":\"Jacques Balmat, Mont Blanc\"}]},{\"@type\":\"WebSite\",\"@id\":\"https:\/\/endorfeen.com\/fr\/#website\",\"url\":\"https:\/\/endorfeen.com\/fr\/\",\"name\":\"endorfeen\",\"description\":\"The Media For Sustainable Outdoors.\",\"publisher\":{\"@id\":\"https:\/\/endorfeen.com\/fr\/#organization\"},\"potentialAction\":[{\"@type\":\"SearchAction\",\"target\":{\"@type\":\"EntryPoint\",\"urlTemplate\":\"https:\/\/endorfeen.com\/fr\/?s={search_term_string}\"},\"query-input\":{\"@type\":\"PropertyValueSpecification\",\"valueRequired\":true,\"valueName\":\"search_term_string\"}}],\"inLanguage\":\"fr-FR\"},{\"@type\":\"Organization\",\"@id\":\"https:\/\/endorfeen.com\/fr\/#organization\",\"name\":\"endorfeen\",\"url\":\"https:\/\/endorfeen.com\/fr\/\",\"logo\":{\"@type\":\"ImageObject\",\"inLanguage\":\"fr-FR\",\"@id\":\"https:\/\/endorfeen.com\/fr\/#\/schema\/logo\/image\/\",\"url\":\"https:\/\/endorfeen.com\/wp-content\/uploads\/2022\/06\/Circle-endorfeen-site-icon-circled-1000-x-1000-300psi.png\",\"contentUrl\":\"https:\/\/endorfeen.com\/wp-content\/uploads\/2022\/06\/Circle-endorfeen-site-icon-circled-1000-x-1000-300psi.png\",\"width\":1000,\"height\":1000,\"caption\":\"endorfeen\"},\"image\":{\"@id\":\"https:\/\/endorfeen.com\/fr\/#\/schema\/logo\/image\/\"}},{\"@type\":\"Person\",\"@id\":\"https:\/\/endorfeen.com\/fr\/#\/schema\/person\/67e5d1d04ce51a42bb2ba3c1ee004f9e\",\"name\":\"Thomas Viguier\",\"image\":{\"@type\":\"ImageObject\",\"inLanguage\":\"fr-FR\",\"@id\":\"https:\/\/endorfeen.com\/fr\/#\/schema\/person\/image\/\",\"url\":\"https:\/\/secure.gravatar.com\/avatar\/0a306c7e99e00df5d99c2c5d01d3308bccf257ab82d30f23cc0862ed35c57419?s=96&d=mm&r=g\",\"contentUrl\":\"https:\/\/secure.gravatar.com\/avatar\/0a306c7e99e00df5d99c2c5d01d3308bccf257ab82d30f23cc0862ed35c57419?s=96&d=mm&r=g\",\"caption\":\"Thomas Viguier\"},\"description\":\"Everyone has a story to tell. endorfeen is built as a collaborative platform, giving the voice to anyone with a story to tell.If you have things you want to share, register here.\",\"sameAs\":[\"https:\/\/endorfeen.com\",\"http:\/\/www.facebook.com\/endorfeen-583261049007200\",\"http:\/\/www.instagram.com\/endorfeen_\/\",\"https:\/\/fi.pinterest.com\/endorfeen_\/\",\"https:\/\/x.com\/https:\/\/twitter.com\/endorfeen_\"],\"url\":\"https:\/\/endorfeen.com\/fr\/linkto\/thomas-viguier\/\"}]}<\/script>\n<!-- \/ Yoast SEO Premium plugin. -->","yoast_head_json":{"title":"Jacques Balmat, premier homme sur le Mont-Blanc - endorfeen","description":"Jacques Balmat est n\u00e9 le 19 janvier 1762, au hameau \"Les P\u00e9lerins\", dans la vall\u00e9e de Chamonix. Deux ans plus t\u00f4t (...) lire la suite","robots":{"index":"index","follow":"follow","max-snippet":"max-snippet:-1","max-image-preview":"max-image-preview:large","max-video-preview":"max-video-preview:-1"},"canonical":"https:\/\/endorfeen.com\/fr\/jacques-balmat-mont-blanc\/","og_locale":"fr_FR","og_type":"article","og_title":"Jacques Balmat, Mont Blanc","og_description":"Jacques Balmat est n\u00e9 le 19 janvier 1762, au hameau \"Les P\u00e9lerins\", dans la vall\u00e9e de Chamonix. Deux ans plus t\u00f4t (...) lire la suite","og_url":"https:\/\/endorfeen.com\/fr\/jacques-balmat-mont-blanc\/","og_site_name":"endorfeen","article_author":"http:\/\/www.facebook.com\/endorfeen-583261049007200","article_published_time":"2021-01-05T14:16:38+00:00","article_modified_time":"2023-08-18T10:03:05+00:00","og_image":[{"width":1024,"height":731,"url":"https:\/\/endorfeen.com\/wp-content\/uploads\/2020\/12\/Jacques-Balmat-and-Paccard-1024x731.jpg","type":"image\/jpeg"}],"author":"Thomas Viguier","twitter_card":"summary_large_image","twitter_creator":"@https:\/\/twitter.com\/endorfeen_","twitter_misc":{"\u00c9crit par":"Thomas Viguier","Dur\u00e9e de lecture estim\u00e9e":"5 minutes"},"schema":{"@context":"https:\/\/schema.org","@graph":[{"@type":"Article","@id":"https:\/\/endorfeen.com\/fr\/jacques-balmat-mont-blanc\/#article","isPartOf":{"@id":"https:\/\/endorfeen.com\/fr\/jacques-balmat-mont-blanc\/"},"author":{"name":"Thomas Viguier","@id":"https:\/\/endorfeen.com\/fr\/#\/schema\/person\/67e5d1d04ce51a42bb2ba3c1ee004f9e"},"headline":"Jacques Balmat, Mont Blanc","datePublished":"2021-01-05T14:16:38+00:00","dateModified":"2023-08-18T10:03:05+00:00","mainEntityOfPage":{"@id":"https:\/\/endorfeen.com\/fr\/jacques-balmat-mont-blanc\/"},"wordCount":956,"publisher":{"@id":"https:\/\/endorfeen.com\/fr\/#organization"},"image":{"@id":"https:\/\/endorfeen.com\/fr\/jacques-balmat-mont-blanc\/#primaryimage"},"thumbnailUrl":"https:\/\/endorfeen.com\/wp-content\/uploads\/2020\/12\/Jacques-Balmat-and-Paccard.jpg","keywords":["#guide","#histoire"],"articleSection":["Lieux","Proph\u00e8tes"],"inLanguage":"fr-FR"},{"@type":"WebPage","@id":"https:\/\/endorfeen.com\/fr\/jacques-balmat-mont-blanc\/","url":"https:\/\/endorfeen.com\/fr\/jacques-balmat-mont-blanc\/","name":"Jacques Balmat, premier homme sur le Mont-Blanc - endorfeen","isPartOf":{"@id":"https:\/\/endorfeen.com\/fr\/#website"},"primaryImageOfPage":{"@id":"https:\/\/endorfeen.com\/fr\/jacques-balmat-mont-blanc\/#primaryimage"},"image":{"@id":"https:\/\/endorfeen.com\/fr\/jacques-balmat-mont-blanc\/#primaryimage"},"thumbnailUrl":"https:\/\/endorfeen.com\/wp-content\/uploads\/2020\/12\/Jacques-Balmat-and-Paccard.jpg","datePublished":"2021-01-05T14:16:38+00:00","dateModified":"2023-08-18T10:03:05+00:00","description":"Jacques Balmat est n\u00e9 le 19 janvier 1762, au hameau \"Les P\u00e9lerins\", dans la vall\u00e9e de Chamonix. Deux ans plus t\u00f4t (...) lire la suite","breadcrumb":{"@id":"https:\/\/endorfeen.com\/fr\/jacques-balmat-mont-blanc\/#breadcrumb"},"inLanguage":"fr-FR","potentialAction":[{"@type":"ReadAction","target":["https:\/\/endorfeen.com\/fr\/jacques-balmat-mont-blanc\/"]}]},{"@type":"ImageObject","inLanguage":"fr-FR","@id":"https:\/\/endorfeen.com\/fr\/jacques-balmat-mont-blanc\/#primaryimage","url":"https:\/\/endorfeen.com\/wp-content\/uploads\/2020\/12\/Jacques-Balmat-and-Paccard.jpg","contentUrl":"https:\/\/endorfeen.com\/wp-content\/uploads\/2020\/12\/Jacques-Balmat-and-Paccard.jpg","width":1879,"height":1342,"caption":"Jacques Balmat et Paccard"},{"@type":"BreadcrumbList","@id":"https:\/\/endorfeen.com\/fr\/jacques-balmat-mont-blanc\/#breadcrumb","itemListElement":[{"@type":"ListItem","position":1,"name":"Home","item":"https:\/\/endorfeen.com\/fr\/"},{"@type":"ListItem","position":2,"name":"Jacques Balmat, Mont Blanc"}]},{"@type":"WebSite","@id":"https:\/\/endorfeen.com\/fr\/#website","url":"https:\/\/endorfeen.com\/fr\/","name":"endorfeen","description":"The Media For Sustainable Outdoors.","publisher":{"@id":"https:\/\/endorfeen.com\/fr\/#organization"},"potentialAction":[{"@type":"SearchAction","target":{"@type":"EntryPoint","urlTemplate":"https:\/\/endorfeen.com\/fr\/?s={search_term_string}"},"query-input":{"@type":"PropertyValueSpecification","valueRequired":true,"valueName":"search_term_string"}}],"inLanguage":"fr-FR"},{"@type":"Organization","@id":"https:\/\/endorfeen.com\/fr\/#organization","name":"endorfeen","url":"https:\/\/endorfeen.com\/fr\/","logo":{"@type":"ImageObject","inLanguage":"fr-FR","@id":"https:\/\/endorfeen.com\/fr\/#\/schema\/logo\/image\/","url":"https:\/\/endorfeen.com\/wp-content\/uploads\/2022\/06\/Circle-endorfeen-site-icon-circled-1000-x-1000-300psi.png","contentUrl":"https:\/\/endorfeen.com\/wp-content\/uploads\/2022\/06\/Circle-endorfeen-site-icon-circled-1000-x-1000-300psi.png","width":1000,"height":1000,"caption":"endorfeen"},"image":{"@id":"https:\/\/endorfeen.com\/fr\/#\/schema\/logo\/image\/"}},{"@type":"Person","@id":"https:\/\/endorfeen.com\/fr\/#\/schema\/person\/67e5d1d04ce51a42bb2ba3c1ee004f9e","name":"Thomas Viguier","image":{"@type":"ImageObject","inLanguage":"fr-FR","@id":"https:\/\/endorfeen.com\/fr\/#\/schema\/person\/image\/","url":"https:\/\/secure.gravatar.com\/avatar\/0a306c7e99e00df5d99c2c5d01d3308bccf257ab82d30f23cc0862ed35c57419?s=96&d=mm&r=g","contentUrl":"https:\/\/secure.gravatar.com\/avatar\/0a306c7e99e00df5d99c2c5d01d3308bccf257ab82d30f23cc0862ed35c57419?s=96&d=mm&r=g","caption":"Thomas Viguier"},"description":"Everyone has a story to tell. endorfeen is built as a collaborative platform, giving the voice to anyone with a story to tell.If you have things you want to share, register here.","sameAs":["https:\/\/endorfeen.com","http:\/\/www.facebook.com\/endorfeen-583261049007200","http:\/\/www.instagram.com\/endorfeen_\/","https:\/\/fi.pinterest.com\/endorfeen_\/","https:\/\/x.com\/https:\/\/twitter.com\/endorfeen_"],"url":"https:\/\/endorfeen.com\/fr\/linkto\/thomas-viguier\/"}]}},"featured_image_src":"https:\/\/endorfeen.com\/wp-content\/uploads\/2020\/12\/Jacques-Balmat-and-Paccard-600x400.jpg","featured_image_src_square":"https:\/\/endorfeen.com\/wp-content\/uploads\/2020\/12\/Jacques-Balmat-and-Paccard-600x600.jpg","author_info":{"display_name":"Thomas Viguier","author_link":"https:\/\/endorfeen.com\/fr\/linkto\/thomas-viguier\/"},"acf":[],"_links":{"self":[{"href":"https:\/\/endorfeen.com\/fr\/wp-json\/wp\/v2\/posts\/1888","targetHints":{"allow":["GET"]}}],"collection":[{"href":"https:\/\/endorfeen.com\/fr\/wp-json\/wp\/v2\/posts"}],"about":[{"href":"https:\/\/endorfeen.com\/fr\/wp-json\/wp\/v2\/types\/post"}],"author":[{"embeddable":true,"href":"https:\/\/endorfeen.com\/fr\/wp-json\/wp\/v2\/users\/1"}],"replies":[{"embeddable":true,"href":"https:\/\/endorfeen.com\/fr\/wp-json\/wp\/v2\/comments?post=1888"}],"version-history":[{"count":0,"href":"https:\/\/endorfeen.com\/fr\/wp-json\/wp\/v2\/posts\/1888\/revisions"}],"wp:featuredmedia":[{"embeddable":true,"href":"https:\/\/endorfeen.com\/fr\/wp-json\/wp\/v2\/media\/1629"}],"wp:attachment":[{"href":"https:\/\/endorfeen.com\/fr\/wp-json\/wp\/v2\/media?parent=1888"}],"wp:term":[{"taxonomy":"category","embeddable":true,"href":"https:\/\/endorfeen.com\/fr\/wp-json\/wp\/v2\/categories?post=1888"},{"taxonomy":"post_tag","embeddable":true,"href":"https:\/\/endorfeen.com\/fr\/wp-json\/wp\/v2\/tags?post=1888"},{"taxonomy":"sponsor","embeddable":true,"href":"https:\/\/endorfeen.com\/fr\/wp-json\/wp\/v2\/sponsor?post=1888"}],"curies":[{"name":"wp","href":"https:\/\/api.w.org\/{rel}","templated":true}]}}