{"id":1887,"date":"2021-03-16T08:00:00","date_gmt":"2021-03-16T08:00:00","guid":{"rendered":"https:\/\/endorfeen.com\/victor-de-haro-le-skieur-derriere-whitecristal-skis\/"},"modified":"2023-08-18T11:02:52","modified_gmt":"2023-08-18T10:02:52","slug":"victor-de-haro-le-skieur-derriere-whitecristal-skis","status":"publish","type":"post","link":"https:\/\/endorfeen.com\/fr\/victor-de-haro-le-skieur-derriere-whitecristal-skis\/","title":{"rendered":"Victor de Haro, le skieur derri\u00e8re WhiteCristal Skis"},"content":{"rendered":"\n<div class=\"wp-block-group has-md-content-width\"><div class=\"wp-block-group__inner-container is-layout-flow wp-block-group-is-layout-flow\">\n<p>Victor De Haro est le directeur g\u00e9n\u00e9ral de WhiteCristal Skis, mais c&rsquo;est avant tout un free-skieur fran\u00e7ais dont l&rsquo;amour pour le sport l&rsquo;a guid\u00e9 toute sa vie.<\/p>\n\n\n\n<p>Baign\u00e9 tr\u00e8s jeune dans une culture free-ride, il fait \u00e9galement preuve d&rsquo;un fort esprit entrepreneurial lorsqu&rsquo;il prend en 2019 la direction de WhiteCristal Skis, l&rsquo;une des marques de ski free-ride underground nich\u00e9e dans les Alpes fran\u00e7aises.<\/p>\n\n\n\n<p>Si vous vous demandez comment on se retrouve \u00e0 diriger une marque de ski, lisez ce qui suit.<\/p>\n\n\n\n<h4 class=\"wp-block-heading\">Suivez Victor de Haro sur<\/h4>\n\n\n\n<p><a href=\"https:\/\/www.instagram.com\/guillaume_pierrel\/\" target=\"_blank\" rel=\"noreferrer noopener nofollow\">Instagram<\/a> | <a href=\"https:\/\/www.whitecristal.fr\/\" target=\"_blank\" rel=\"noreferrer noopener nofollow\">Skis WhiteCristal<\/a><\/p>\n\n\n\n<h2 class=\"wp-block-heading\">Le parcours de Victor de Haro comme free-skieur<\/h2>\n\n\n\n<h5 class=\"wp-block-heading\">Peux-tu nous donner une introduction rapide ? Quel est ton parcours de skieur ?<\/h5>\n\n\n\n<p>Je suis n\u00e9 \u00e0 Mont\u00e9limar, France. J&rsquo;ai commenc\u00e9 \u00e0 skier tr\u00e8s jeune. Heureusement, mon oncle, qui aimait le ski, m&rsquo;a emmen\u00e9 avec lui et m&rsquo;a tout montr\u00e9 quand j&rsquo;avais environ 12 ans.<\/p>\n\n\n\n<p>Ma deuxi\u00e8me passion est la photographie. Je suis particuli\u00e8rement attir\u00e9 par la technique et la photographie argentique.<\/p>\n\n\n\n<p>Il y a quinze ans, ma famille a d\u00e9m\u00e9nag\u00e9 \u00e0 St Etienne. C&rsquo;est alors que j&rsquo;ai r\u00e9alis\u00e9 que je n&rsquo;avais pas un \u00e9tat d&rsquo;esprit acad\u00e9mique. Disons-le de cette fa\u00e7on &#8211; je n&rsquo;\u00e9tais pas le premier de la classe (rires).<\/p>\n\n\n\n<p>A cette \u00e9poque, j&rsquo;ai rencontr\u00e9 Thomas, qui est devenu l&rsquo;un de mes meilleurs amis. Il a ski\u00e9 et skie exceptionnellement bien. Ses parents avaient un camion, alors nous voyagions dans leur fourgonnette \u00e0 travers les montagnes, skiant beaucoup !<\/p>\n\n\n\n<p>Au lyc\u00e9e, je me suis int\u00e9ress\u00e9 \u00e0 la vid\u00e9o. En parall\u00e8le du lyc\u00e9e, j&rsquo;ai d\u00e9cid\u00e9 d&rsquo;aller \u00e9tudier la r\u00e9alisation vid\u00e9o dans une \u00e9cole \u00e0 Lyon, FR. Cela signifiait aussi que je skiais tous les week-ends.<\/p>\n\n\n\n<p>Vers 2012, nous avons form\u00e9 \u00ab\u00a0Crew-Ton\u00a0\u00bb. C&rsquo;est essentiellement une bande de potes, des free-riders, dont Thomas, Luc, Margerie (ancienne championne de Freeride). Nous \u00e9tions tous tr\u00e8s proches de cette marque WhiteCristal et voyions Pilou comme une sorte de mentor.<\/p>\n\n\n\n<h5 class=\"wp-block-heading\">Comment avez-vous connu les skis WhiteCristal, qui est d\u00e9sormais la marque que vous dirigez ?<\/h5>\n\n\n\n<p>En 2013, j&rsquo;ai rencontr\u00e9 Pilou. Il \u00e9tait le cr\u00e9ateur original de WhiteCristal Skis. Il \u00e9tait beaucoup plus \u00e2g\u00e9 que nous et une v\u00e9ritable l\u00e9gende du ski.<\/p>\n\n\n\n<p>Je cherchais des sponsors, alors la premi\u00e8re chose que j&rsquo;ai faite a \u00e9t\u00e9 de contacter Pilou. \u00c7a ne s&rsquo;est pas pass\u00e9 aussi bien que je l&rsquo;avais pr\u00e9vu (rires). Apr\u00e8s avoir un peu insist\u00e9, il a dit oui.<\/p>\n<\/div><\/div>\n\n<div class=\"wp-block-group\"><div class=\"wp-block-group__inner-container is-layout-flow wp-block-group-is-layout-flow\">\n<figure class=\"wp-block-gallery alignwide has-nested-images columns-default is-cropped wp-block-gallery-1 is-layout-flex wp-block-gallery-is-layout-flex\">\n<figure class=\"wp-block-image size-large\"><img loading=\"lazy\" decoding=\"async\" width=\"732\" height=\"1024\" data-id=\"1823\" src=\"https:\/\/endorfeen.com\/wp-content\/uploads\/2021\/03\/Victor-de-Haro-WhiteCristal-4-732x1024.jpg\" alt=\"Victor de Haro - WhiteCristal 4\" class=\"wp-image-1823\" srcset=\"https:\/\/endorfeen.com\/wp-content\/uploads\/2021\/03\/Victor-de-Haro-WhiteCristal-4-129x180.jpg 129w, https:\/\/endorfeen.com\/wp-content\/uploads\/2021\/03\/Victor-de-Haro-WhiteCristal-4-214x300.jpg 214w, https:\/\/endorfeen.com\/wp-content\/uploads\/2021\/03\/Victor-de-Haro-WhiteCristal-4-300x420.jpg 300w, https:\/\/endorfeen.com\/wp-content\/uploads\/2021\/03\/Victor-de-Haro-WhiteCristal-4-600x840.jpg 600w, https:\/\/endorfeen.com\/wp-content\/uploads\/2021\/03\/Victor-de-Haro-WhiteCristal-4-732x1024.jpg 732w, https:\/\/endorfeen.com\/wp-content\/uploads\/2021\/03\/Victor-de-Haro-WhiteCristal-4-768x1075.jpg 768w, https:\/\/endorfeen.com\/wp-content\/uploads\/2021\/03\/Victor-de-Haro-WhiteCristal-4-1097x1536.jpg 1097w, https:\/\/endorfeen.com\/wp-content\/uploads\/2021\/03\/Victor-de-Haro-WhiteCristal-4.jpg 1143w\" sizes=\"auto, (max-width: 732px) 100vw, 732px\" \/><\/figure>\n\n\n\n<figure class=\"wp-block-image size-large\"><img loading=\"lazy\" decoding=\"async\" width=\"732\" height=\"1024\" data-id=\"1822\" src=\"https:\/\/endorfeen.com\/wp-content\/uploads\/2021\/03\/Victor-de-Haro-WhiteCristal-3-732x1024.jpg\" alt=\"Victor de Haro - WhiteCristal 3\" class=\"wp-image-1822\" srcset=\"https:\/\/endorfeen.com\/wp-content\/uploads\/2021\/03\/Victor-de-Haro-WhiteCristal-3-129x180.jpg 129w, https:\/\/endorfeen.com\/wp-content\/uploads\/2021\/03\/Victor-de-Haro-WhiteCristal-3-214x300.jpg 214w, https:\/\/endorfeen.com\/wp-content\/uploads\/2021\/03\/Victor-de-Haro-WhiteCristal-3-300x420.jpg 300w, https:\/\/endorfeen.com\/wp-content\/uploads\/2021\/03\/Victor-de-Haro-WhiteCristal-3-600x840.jpg 600w, https:\/\/endorfeen.com\/wp-content\/uploads\/2021\/03\/Victor-de-Haro-WhiteCristal-3-732x1024.jpg 732w, https:\/\/endorfeen.com\/wp-content\/uploads\/2021\/03\/Victor-de-Haro-WhiteCristal-3-768x1075.jpg 768w, https:\/\/endorfeen.com\/wp-content\/uploads\/2021\/03\/Victor-de-Haro-WhiteCristal-3-1097x1536.jpg 1097w, https:\/\/endorfeen.com\/wp-content\/uploads\/2021\/03\/Victor-de-Haro-WhiteCristal-3.jpg 1143w\" sizes=\"auto, (max-width: 732px) 100vw, 732px\" \/><\/figure>\n<\/figure>\n<\/div><\/div>\n\n<div class=\"wp-block-group has-md-content-width has-sm-padding-top has-sm-padding-bottom\"><div class=\"wp-block-group__inner-container is-layout-flow wp-block-group-is-layout-flow\">\n<h2 class=\"wp-block-heading\">Comment sa relation avec WhiteCristal a \u00e9volu\u00e9 au fil du temps<\/h2>\n\n\n\n<h5 class=\"wp-block-heading\">Comment as-tu fini par diriger l&rsquo;affaire ?<\/h5>\n\n\n\n<p>En 2019, Pilou m&rsquo;a appel\u00e9 et m&rsquo;a dit qu&rsquo;il voulait arr\u00eater WhiteCristal et m&rsquo;a demand\u00e9 si je souhaitais prendre la rel\u00e8ve.<\/p>\n\n\n\n<p>J&rsquo;ai dit oui !<\/p>\n\n\n\n<h5 class=\"wp-block-heading\">Quel est l&rsquo;esprit de la marque ?<\/h5>\n\n\n\n<p>Aujourd&rsquo;hui, WhiteCristal est une marque de ski freeride g\u00e9r\u00e9e par des skieurs pour des skieurs. Nous ne proposons pas beaucoup de types de skis. Nous n&rsquo;en avons que quatre et nous en fabriquons aussi sur mesure. C&rsquo;est relativement \u00ab niche \u00bb d&rsquo;une certaine mani\u00e8re ; nous ciblons les personnes qui savent ce qu&rsquo;elles veulent.<\/p>\n\n\n\n<h5 class=\"wp-block-heading\">Quelle est l&rsquo;histoire derri\u00e8re WhiteCristal ?<\/h5>\n\n\n\n<p>Tout a commenc\u00e9 lorsque Pilou skiait pour une autre marque de ski. Il est parti pour un projet au Canada et a eu l&rsquo;id\u00e9e de descendre au Chili. Quand il est arriv\u00e9 en Argentine, il avait cass\u00e9 tous les skis qu&rsquo;il avait.<\/p>\n\n\n\n<p>L\u00e0, il rencontre deux fr\u00e8res. Leur p\u00e8re avait un atelier o\u00f9 ils pouvaient r\u00e9parer leurs skis. C&rsquo;est \u00e0 cette \u00e9poque qu&rsquo;il a eu l&rsquo;id\u00e9e d&rsquo;en faire.<\/p>\n\n\n\n<p>De retour en France, ils lancent WhiteCristal. Ils concevaient tout en France, et les skis \u00e9taient fabriqu\u00e9s en Argentine, \u00e0 Bariloche.<\/p>\n\n\n\n<p>\u00c0 un moment donn\u00e9, l&rsquo;un des deux Argentins a voulu arr\u00eater de fabriquer des skis. Saisissant l&rsquo;opportunit\u00e9, l&rsquo;autre d\u00e9cide de venir en Europe et de continuer la production. Il cr\u00e9e un nouvel atelier dans la Sierra Nevada, en Espagne.<\/p>\n<\/div><\/div>\n\n<div class=\"wp-block-group\"><div class=\"wp-block-group__inner-container is-layout-flow wp-block-group-is-layout-flow\">\n<figure class=\"wp-block-gallery alignwide has-nested-images columns-default is-cropped wp-block-gallery-2 is-layout-flex wp-block-gallery-is-layout-flex\">\n<figure class=\"wp-block-image size-large\"><img loading=\"lazy\" decoding=\"async\" width=\"732\" height=\"1024\" data-id=\"1820\" src=\"https:\/\/endorfeen.com\/wp-content\/uploads\/2021\/03\/Victor-de-Haro-WhiteCristal-1-732x1024.jpg\" alt=\"Victor de Haro - WhiteCristal 1\" class=\"wp-image-1820\" srcset=\"https:\/\/endorfeen.com\/wp-content\/uploads\/2021\/03\/Victor-de-Haro-WhiteCristal-1-129x180.jpg 129w, https:\/\/endorfeen.com\/wp-content\/uploads\/2021\/03\/Victor-de-Haro-WhiteCristal-1-214x300.jpg 214w, https:\/\/endorfeen.com\/wp-content\/uploads\/2021\/03\/Victor-de-Haro-WhiteCristal-1-300x420.jpg 300w, https:\/\/endorfeen.com\/wp-content\/uploads\/2021\/03\/Victor-de-Haro-WhiteCristal-1-600x840.jpg 600w, https:\/\/endorfeen.com\/wp-content\/uploads\/2021\/03\/Victor-de-Haro-WhiteCristal-1-732x1024.jpg 732w, https:\/\/endorfeen.com\/wp-content\/uploads\/2021\/03\/Victor-de-Haro-WhiteCristal-1-768x1075.jpg 768w, https:\/\/endorfeen.com\/wp-content\/uploads\/2021\/03\/Victor-de-Haro-WhiteCristal-1-1097x1536.jpg 1097w, https:\/\/endorfeen.com\/wp-content\/uploads\/2021\/03\/Victor-de-Haro-WhiteCristal-1.jpg 1143w\" sizes=\"auto, (max-width: 732px) 100vw, 732px\" \/><\/figure>\n\n\n\n<figure class=\"wp-block-image size-large\"><img loading=\"lazy\" decoding=\"async\" width=\"732\" height=\"1024\" data-id=\"1821\" src=\"https:\/\/endorfeen.com\/wp-content\/uploads\/2021\/03\/Victor-de-Haro-WhiteCristal-2-732x1024.jpg\" alt=\"Victor de Haro - WhiteCristal 2\" class=\"wp-image-1821\" srcset=\"https:\/\/endorfeen.com\/wp-content\/uploads\/2021\/03\/Victor-de-Haro-WhiteCristal-2-129x180.jpg 129w, https:\/\/endorfeen.com\/wp-content\/uploads\/2021\/03\/Victor-de-Haro-WhiteCristal-2-214x300.jpg 214w, https:\/\/endorfeen.com\/wp-content\/uploads\/2021\/03\/Victor-de-Haro-WhiteCristal-2-300x420.jpg 300w, https:\/\/endorfeen.com\/wp-content\/uploads\/2021\/03\/Victor-de-Haro-WhiteCristal-2-600x840.jpg 600w, https:\/\/endorfeen.com\/wp-content\/uploads\/2021\/03\/Victor-de-Haro-WhiteCristal-2-732x1024.jpg 732w, https:\/\/endorfeen.com\/wp-content\/uploads\/2021\/03\/Victor-de-Haro-WhiteCristal-2-768x1075.jpg 768w, https:\/\/endorfeen.com\/wp-content\/uploads\/2021\/03\/Victor-de-Haro-WhiteCristal-2-1097x1536.jpg 1097w, https:\/\/endorfeen.com\/wp-content\/uploads\/2021\/03\/Victor-de-Haro-WhiteCristal-2.jpg 1143w\" sizes=\"auto, (max-width: 732px) 100vw, 732px\" \/><\/figure>\n<\/figure>\n<\/div><\/div>\n","protected":false},"excerpt":{"rendered":"<p>Victor De Haro est le directeur g\u00e9n\u00e9ral de WhiteCristal Skis, mais c&rsquo;est avant tout un free-skieur fran\u00e7ais dont l&rsquo;amour pour le sport l&rsquo;a guid\u00e9 toute sa vie. Baign\u00e9 tr\u00e8s jeune dans une culture free-ride, il fait \u00e9galement preuve d&rsquo;un fort esprit entrepreneurial lorsqu&rsquo;il prend en 2019 la direction de WhiteCristal Skis, l&rsquo;une des marques de &hellip;<\/p>\n","protected":false},"author":1,"featured_media":1824,"comment_status":"closed","ping_status":"closed","sticky":false,"template":"","format":"standard","meta":{"_acf_changed":false,"_genesis_hide_title":false,"_genesis_hide_breadcrumbs":false,"_genesis_hide_singular_image":false,"_genesis_hide_footer_widgets":false,"_genesis_custom_body_class":"","_genesis_custom_post_class":"","_genesis_layout":"","footnotes":""},"categories":[158],"tags":[162,163],"sponsor":[1087],"class_list":{"2":"type-post","7":"category-prophetes","8":"tag-freeride-fr","9":"tag-marque","10":"sponsor-endorfeen","11":"entry"},"yoast_head":"<!-- This site is optimized with the Yoast SEO Premium plugin v26.2 (Yoast SEO v26.2) - https:\/\/yoast.com\/wordpress\/plugins\/seo\/ -->\n<title>Victor de Haro, le skieur derri\u00e8re WhiteCristal Skis - endorfeen<\/title>\n<meta name=\"description\" content=\"Victor De Haro est avant tout un free-skieur fran\u00e7ais dont l&#039;amour pour le sport l&#039;a guid\u00e9 toute sa vie.\" \/>\n<meta name=\"robots\" content=\"index, follow, max-snippet:-1, max-image-preview:large, max-video-preview:-1\" \/>\n<link rel=\"canonical\" href=\"https:\/\/endorfeen.com\/fr\/victor-de-haro-le-skieur-derriere-whitecristal-skis\/\" \/>\n<meta property=\"og:locale\" content=\"fr_FR\" \/>\n<meta property=\"og:type\" content=\"article\" \/>\n<meta property=\"og:title\" content=\"Victor de Haro, le skieur derri\u00e8re WhiteCristal Skis\" \/>\n<meta property=\"og:description\" content=\"Victor De Haro est avant tout un free-skieur fran\u00e7ais dont l&#039;amour pour le sport l&#039;a guid\u00e9 toute sa vie.\" \/>\n<meta property=\"og:url\" content=\"https:\/\/endorfeen.com\/fr\/victor-de-haro-le-skieur-derriere-whitecristal-skis\/\" \/>\n<meta property=\"og:site_name\" content=\"endorfeen\" \/>\n<meta property=\"article:author\" content=\"http:\/\/www.facebook.com\/endorfeen-583261049007200\" \/>\n<meta property=\"article:published_time\" content=\"2021-03-16T08:00:00+00:00\" \/>\n<meta property=\"article:modified_time\" content=\"2023-08-18T10:02:52+00:00\" \/>\n<meta property=\"og:image\" content=\"https:\/\/endorfeen.com\/wp-content\/uploads\/2021\/03\/Victor-de-Haro-WhiteCristal-5-1024x732.jpg\" \/>\n\t<meta property=\"og:image:width\" content=\"1024\" \/>\n\t<meta property=\"og:image:height\" content=\"732\" \/>\n\t<meta property=\"og:image:type\" content=\"image\/jpeg\" \/>\n<meta name=\"author\" content=\"Thomas Viguier\" \/>\n<meta name=\"twitter:card\" content=\"summary_large_image\" \/>\n<meta name=\"twitter:creator\" content=\"@https:\/\/twitter.com\/endorfeen_\" \/>\n<meta name=\"twitter:label1\" content=\"\u00c9crit par\" \/>\n\t<meta name=\"twitter:data1\" content=\"Thomas Viguier\" \/>\n\t<meta name=\"twitter:label2\" content=\"Dur\u00e9e de lecture estim\u00e9e\" \/>\n\t<meta name=\"twitter:data2\" content=\"3 minutes\" \/>\n<script type=\"application\/ld+json\" class=\"yoast-schema-graph\">{\"@context\":\"https:\/\/schema.org\",\"@graph\":[{\"@type\":\"Article\",\"@id\":\"https:\/\/endorfeen.com\/fr\/victor-de-haro-le-skieur-derriere-whitecristal-skis\/#article\",\"isPartOf\":{\"@id\":\"https:\/\/endorfeen.com\/fr\/victor-de-haro-le-skieur-derriere-whitecristal-skis\/\"},\"author\":{\"name\":\"Thomas Viguier\",\"@id\":\"https:\/\/endorfeen.com\/fr\/#\/schema\/person\/67e5d1d04ce51a42bb2ba3c1ee004f9e\"},\"headline\":\"Victor de Haro, le skieur derri\u00e8re WhiteCristal Skis\",\"datePublished\":\"2021-03-16T08:00:00+00:00\",\"dateModified\":\"2023-08-18T10:02:52+00:00\",\"mainEntityOfPage\":{\"@id\":\"https:\/\/endorfeen.com\/fr\/victor-de-haro-le-skieur-derriere-whitecristal-skis\/\"},\"wordCount\":703,\"publisher\":{\"@id\":\"https:\/\/endorfeen.com\/fr\/#organization\"},\"image\":{\"@id\":\"https:\/\/endorfeen.com\/fr\/victor-de-haro-le-skieur-derriere-whitecristal-skis\/#primaryimage\"},\"thumbnailUrl\":\"https:\/\/endorfeen.com\/wp-content\/uploads\/2021\/03\/Victor-de-Haro-WhiteCristal-5.jpg\",\"keywords\":[\"#freeride\",\"#Marque\"],\"articleSection\":[\"Proph\u00e8tes\"],\"inLanguage\":\"fr-FR\"},{\"@type\":\"WebPage\",\"@id\":\"https:\/\/endorfeen.com\/fr\/victor-de-haro-le-skieur-derriere-whitecristal-skis\/\",\"url\":\"https:\/\/endorfeen.com\/fr\/victor-de-haro-le-skieur-derriere-whitecristal-skis\/\",\"name\":\"Victor de Haro, le skieur derri\u00e8re WhiteCristal Skis - endorfeen\",\"isPartOf\":{\"@id\":\"https:\/\/endorfeen.com\/fr\/#website\"},\"primaryImageOfPage\":{\"@id\":\"https:\/\/endorfeen.com\/fr\/victor-de-haro-le-skieur-derriere-whitecristal-skis\/#primaryimage\"},\"image\":{\"@id\":\"https:\/\/endorfeen.com\/fr\/victor-de-haro-le-skieur-derriere-whitecristal-skis\/#primaryimage\"},\"thumbnailUrl\":\"https:\/\/endorfeen.com\/wp-content\/uploads\/2021\/03\/Victor-de-Haro-WhiteCristal-5.jpg\",\"datePublished\":\"2021-03-16T08:00:00+00:00\",\"dateModified\":\"2023-08-18T10:02:52+00:00\",\"description\":\"Victor De Haro est avant tout un free-skieur fran\u00e7ais dont l'amour pour le sport l'a guid\u00e9 toute sa vie.\",\"breadcrumb\":{\"@id\":\"https:\/\/endorfeen.com\/fr\/victor-de-haro-le-skieur-derriere-whitecristal-skis\/#breadcrumb\"},\"inLanguage\":\"fr-FR\",\"potentialAction\":[{\"@type\":\"ReadAction\",\"target\":[\"https:\/\/endorfeen.com\/fr\/victor-de-haro-le-skieur-derriere-whitecristal-skis\/\"]}]},{\"@type\":\"ImageObject\",\"inLanguage\":\"fr-FR\",\"@id\":\"https:\/\/endorfeen.com\/fr\/victor-de-haro-le-skieur-derriere-whitecristal-skis\/#primaryimage\",\"url\":\"https:\/\/endorfeen.com\/wp-content\/uploads\/2021\/03\/Victor-de-Haro-WhiteCristal-5.jpg\",\"contentUrl\":\"https:\/\/endorfeen.com\/wp-content\/uploads\/2021\/03\/Victor-de-Haro-WhiteCristal-5.jpg\",\"width\":1600,\"height\":1143,\"caption\":\"Victor de Haro - WhiteCristal skis 5\"},{\"@type\":\"BreadcrumbList\",\"@id\":\"https:\/\/endorfeen.com\/fr\/victor-de-haro-le-skieur-derriere-whitecristal-skis\/#breadcrumb\",\"itemListElement\":[{\"@type\":\"ListItem\",\"position\":1,\"name\":\"Home\",\"item\":\"https:\/\/endorfeen.com\/fr\/\"},{\"@type\":\"ListItem\",\"position\":2,\"name\":\"Victor de Haro, le skieur derri\u00e8re WhiteCristal Skis\"}]},{\"@type\":\"WebSite\",\"@id\":\"https:\/\/endorfeen.com\/fr\/#website\",\"url\":\"https:\/\/endorfeen.com\/fr\/\",\"name\":\"endorfeen\",\"description\":\"The Media For Sustainable Outdoors.\",\"publisher\":{\"@id\":\"https:\/\/endorfeen.com\/fr\/#organization\"},\"potentialAction\":[{\"@type\":\"SearchAction\",\"target\":{\"@type\":\"EntryPoint\",\"urlTemplate\":\"https:\/\/endorfeen.com\/fr\/?s={search_term_string}\"},\"query-input\":{\"@type\":\"PropertyValueSpecification\",\"valueRequired\":true,\"valueName\":\"search_term_string\"}}],\"inLanguage\":\"fr-FR\"},{\"@type\":\"Organization\",\"@id\":\"https:\/\/endorfeen.com\/fr\/#organization\",\"name\":\"endorfeen\",\"url\":\"https:\/\/endorfeen.com\/fr\/\",\"logo\":{\"@type\":\"ImageObject\",\"inLanguage\":\"fr-FR\",\"@id\":\"https:\/\/endorfeen.com\/fr\/#\/schema\/logo\/image\/\",\"url\":\"https:\/\/endorfeen.com\/wp-content\/uploads\/2022\/06\/Circle-endorfeen-site-icon-circled-1000-x-1000-300psi.png\",\"contentUrl\":\"https:\/\/endorfeen.com\/wp-content\/uploads\/2022\/06\/Circle-endorfeen-site-icon-circled-1000-x-1000-300psi.png\",\"width\":1000,\"height\":1000,\"caption\":\"endorfeen\"},\"image\":{\"@id\":\"https:\/\/endorfeen.com\/fr\/#\/schema\/logo\/image\/\"}},{\"@type\":\"Person\",\"@id\":\"https:\/\/endorfeen.com\/fr\/#\/schema\/person\/67e5d1d04ce51a42bb2ba3c1ee004f9e\",\"name\":\"Thomas Viguier\",\"image\":{\"@type\":\"ImageObject\",\"inLanguage\":\"fr-FR\",\"@id\":\"https:\/\/endorfeen.com\/fr\/#\/schema\/person\/image\/\",\"url\":\"https:\/\/secure.gravatar.com\/avatar\/0a306c7e99e00df5d99c2c5d01d3308bccf257ab82d30f23cc0862ed35c57419?s=96&d=mm&r=g\",\"contentUrl\":\"https:\/\/secure.gravatar.com\/avatar\/0a306c7e99e00df5d99c2c5d01d3308bccf257ab82d30f23cc0862ed35c57419?s=96&d=mm&r=g\",\"caption\":\"Thomas Viguier\"},\"description\":\"Everyone has a story to tell. endorfeen is built as a collaborative platform, giving the voice to anyone with a story to tell.If you have things you want to share, register here.\",\"sameAs\":[\"https:\/\/endorfeen.com\",\"http:\/\/www.facebook.com\/endorfeen-583261049007200\",\"http:\/\/www.instagram.com\/endorfeen_\/\",\"https:\/\/fi.pinterest.com\/endorfeen_\/\",\"https:\/\/x.com\/https:\/\/twitter.com\/endorfeen_\"],\"url\":\"https:\/\/endorfeen.com\/fr\/linkto\/thomas-viguier\/\"}]}<\/script>\n<!-- \/ Yoast SEO Premium plugin. -->","yoast_head_json":{"title":"Victor de Haro, le skieur derri\u00e8re WhiteCristal Skis - endorfeen","description":"Victor De Haro est avant tout un free-skieur fran\u00e7ais dont l'amour pour le sport l'a guid\u00e9 toute sa vie.","robots":{"index":"index","follow":"follow","max-snippet":"max-snippet:-1","max-image-preview":"max-image-preview:large","max-video-preview":"max-video-preview:-1"},"canonical":"https:\/\/endorfeen.com\/fr\/victor-de-haro-le-skieur-derriere-whitecristal-skis\/","og_locale":"fr_FR","og_type":"article","og_title":"Victor de Haro, le skieur derri\u00e8re WhiteCristal Skis","og_description":"Victor De Haro est avant tout un free-skieur fran\u00e7ais dont l'amour pour le sport l'a guid\u00e9 toute sa vie.","og_url":"https:\/\/endorfeen.com\/fr\/victor-de-haro-le-skieur-derriere-whitecristal-skis\/","og_site_name":"endorfeen","article_author":"http:\/\/www.facebook.com\/endorfeen-583261049007200","article_published_time":"2021-03-16T08:00:00+00:00","article_modified_time":"2023-08-18T10:02:52+00:00","og_image":[{"width":1024,"height":732,"url":"https:\/\/endorfeen.com\/wp-content\/uploads\/2021\/03\/Victor-de-Haro-WhiteCristal-5-1024x732.jpg","type":"image\/jpeg"}],"author":"Thomas Viguier","twitter_card":"summary_large_image","twitter_creator":"@https:\/\/twitter.com\/endorfeen_","twitter_misc":{"\u00c9crit par":"Thomas Viguier","Dur\u00e9e de lecture estim\u00e9e":"3 minutes"},"schema":{"@context":"https:\/\/schema.org","@graph":[{"@type":"Article","@id":"https:\/\/endorfeen.com\/fr\/victor-de-haro-le-skieur-derriere-whitecristal-skis\/#article","isPartOf":{"@id":"https:\/\/endorfeen.com\/fr\/victor-de-haro-le-skieur-derriere-whitecristal-skis\/"},"author":{"name":"Thomas Viguier","@id":"https:\/\/endorfeen.com\/fr\/#\/schema\/person\/67e5d1d04ce51a42bb2ba3c1ee004f9e"},"headline":"Victor de Haro, le skieur derri\u00e8re WhiteCristal Skis","datePublished":"2021-03-16T08:00:00+00:00","dateModified":"2023-08-18T10:02:52+00:00","mainEntityOfPage":{"@id":"https:\/\/endorfeen.com\/fr\/victor-de-haro-le-skieur-derriere-whitecristal-skis\/"},"wordCount":703,"publisher":{"@id":"https:\/\/endorfeen.com\/fr\/#organization"},"image":{"@id":"https:\/\/endorfeen.com\/fr\/victor-de-haro-le-skieur-derriere-whitecristal-skis\/#primaryimage"},"thumbnailUrl":"https:\/\/endorfeen.com\/wp-content\/uploads\/2021\/03\/Victor-de-Haro-WhiteCristal-5.jpg","keywords":["#freeride","#Marque"],"articleSection":["Proph\u00e8tes"],"inLanguage":"fr-FR"},{"@type":"WebPage","@id":"https:\/\/endorfeen.com\/fr\/victor-de-haro-le-skieur-derriere-whitecristal-skis\/","url":"https:\/\/endorfeen.com\/fr\/victor-de-haro-le-skieur-derriere-whitecristal-skis\/","name":"Victor de Haro, le skieur derri\u00e8re WhiteCristal Skis - endorfeen","isPartOf":{"@id":"https:\/\/endorfeen.com\/fr\/#website"},"primaryImageOfPage":{"@id":"https:\/\/endorfeen.com\/fr\/victor-de-haro-le-skieur-derriere-whitecristal-skis\/#primaryimage"},"image":{"@id":"https:\/\/endorfeen.com\/fr\/victor-de-haro-le-skieur-derriere-whitecristal-skis\/#primaryimage"},"thumbnailUrl":"https:\/\/endorfeen.com\/wp-content\/uploads\/2021\/03\/Victor-de-Haro-WhiteCristal-5.jpg","datePublished":"2021-03-16T08:00:00+00:00","dateModified":"2023-08-18T10:02:52+00:00","description":"Victor De Haro est avant tout un free-skieur fran\u00e7ais dont l'amour pour le sport l'a guid\u00e9 toute sa vie.","breadcrumb":{"@id":"https:\/\/endorfeen.com\/fr\/victor-de-haro-le-skieur-derriere-whitecristal-skis\/#breadcrumb"},"inLanguage":"fr-FR","potentialAction":[{"@type":"ReadAction","target":["https:\/\/endorfeen.com\/fr\/victor-de-haro-le-skieur-derriere-whitecristal-skis\/"]}]},{"@type":"ImageObject","inLanguage":"fr-FR","@id":"https:\/\/endorfeen.com\/fr\/victor-de-haro-le-skieur-derriere-whitecristal-skis\/#primaryimage","url":"https:\/\/endorfeen.com\/wp-content\/uploads\/2021\/03\/Victor-de-Haro-WhiteCristal-5.jpg","contentUrl":"https:\/\/endorfeen.com\/wp-content\/uploads\/2021\/03\/Victor-de-Haro-WhiteCristal-5.jpg","width":1600,"height":1143,"caption":"Victor de Haro - WhiteCristal skis 5"},{"@type":"BreadcrumbList","@id":"https:\/\/endorfeen.com\/fr\/victor-de-haro-le-skieur-derriere-whitecristal-skis\/#breadcrumb","itemListElement":[{"@type":"ListItem","position":1,"name":"Home","item":"https:\/\/endorfeen.com\/fr\/"},{"@type":"ListItem","position":2,"name":"Victor de Haro, le skieur derri\u00e8re WhiteCristal Skis"}]},{"@type":"WebSite","@id":"https:\/\/endorfeen.com\/fr\/#website","url":"https:\/\/endorfeen.com\/fr\/","name":"endorfeen","description":"The Media For Sustainable Outdoors.","publisher":{"@id":"https:\/\/endorfeen.com\/fr\/#organization"},"potentialAction":[{"@type":"SearchAction","target":{"@type":"EntryPoint","urlTemplate":"https:\/\/endorfeen.com\/fr\/?s={search_term_string}"},"query-input":{"@type":"PropertyValueSpecification","valueRequired":true,"valueName":"search_term_string"}}],"inLanguage":"fr-FR"},{"@type":"Organization","@id":"https:\/\/endorfeen.com\/fr\/#organization","name":"endorfeen","url":"https:\/\/endorfeen.com\/fr\/","logo":{"@type":"ImageObject","inLanguage":"fr-FR","@id":"https:\/\/endorfeen.com\/fr\/#\/schema\/logo\/image\/","url":"https:\/\/endorfeen.com\/wp-content\/uploads\/2022\/06\/Circle-endorfeen-site-icon-circled-1000-x-1000-300psi.png","contentUrl":"https:\/\/endorfeen.com\/wp-content\/uploads\/2022\/06\/Circle-endorfeen-site-icon-circled-1000-x-1000-300psi.png","width":1000,"height":1000,"caption":"endorfeen"},"image":{"@id":"https:\/\/endorfeen.com\/fr\/#\/schema\/logo\/image\/"}},{"@type":"Person","@id":"https:\/\/endorfeen.com\/fr\/#\/schema\/person\/67e5d1d04ce51a42bb2ba3c1ee004f9e","name":"Thomas Viguier","image":{"@type":"ImageObject","inLanguage":"fr-FR","@id":"https:\/\/endorfeen.com\/fr\/#\/schema\/person\/image\/","url":"https:\/\/secure.gravatar.com\/avatar\/0a306c7e99e00df5d99c2c5d01d3308bccf257ab82d30f23cc0862ed35c57419?s=96&d=mm&r=g","contentUrl":"https:\/\/secure.gravatar.com\/avatar\/0a306c7e99e00df5d99c2c5d01d3308bccf257ab82d30f23cc0862ed35c57419?s=96&d=mm&r=g","caption":"Thomas Viguier"},"description":"Everyone has a story to tell. endorfeen is built as a collaborative platform, giving the voice to anyone with a story to tell.If you have things you want to share, register here.","sameAs":["https:\/\/endorfeen.com","http:\/\/www.facebook.com\/endorfeen-583261049007200","http:\/\/www.instagram.com\/endorfeen_\/","https:\/\/fi.pinterest.com\/endorfeen_\/","https:\/\/x.com\/https:\/\/twitter.com\/endorfeen_"],"url":"https:\/\/endorfeen.com\/fr\/linkto\/thomas-viguier\/"}]}},"featured_image_src":"https:\/\/endorfeen.com\/wp-content\/uploads\/2021\/03\/Victor-de-Haro-WhiteCristal-5-600x400.jpg","featured_image_src_square":"https:\/\/endorfeen.com\/wp-content\/uploads\/2021\/03\/Victor-de-Haro-WhiteCristal-5-600x600.jpg","author_info":{"display_name":"Thomas Viguier","author_link":"https:\/\/endorfeen.com\/fr\/linkto\/thomas-viguier\/"},"acf":[],"_links":{"self":[{"href":"https:\/\/endorfeen.com\/fr\/wp-json\/wp\/v2\/posts\/1887","targetHints":{"allow":["GET"]}}],"collection":[{"href":"https:\/\/endorfeen.com\/fr\/wp-json\/wp\/v2\/posts"}],"about":[{"href":"https:\/\/endorfeen.com\/fr\/wp-json\/wp\/v2\/types\/post"}],"author":[{"embeddable":true,"href":"https:\/\/endorfeen.com\/fr\/wp-json\/wp\/v2\/users\/1"}],"replies":[{"embeddable":true,"href":"https:\/\/endorfeen.com\/fr\/wp-json\/wp\/v2\/comments?post=1887"}],"version-history":[{"count":0,"href":"https:\/\/endorfeen.com\/fr\/wp-json\/wp\/v2\/posts\/1887\/revisions"}],"wp:featuredmedia":[{"embeddable":true,"href":"https:\/\/endorfeen.com\/fr\/wp-json\/wp\/v2\/media\/1824"}],"wp:attachment":[{"href":"https:\/\/endorfeen.com\/fr\/wp-json\/wp\/v2\/media?parent=1887"}],"wp:term":[{"taxonomy":"category","embeddable":true,"href":"https:\/\/endorfeen.com\/fr\/wp-json\/wp\/v2\/categories?post=1887"},{"taxonomy":"post_tag","embeddable":true,"href":"https:\/\/endorfeen.com\/fr\/wp-json\/wp\/v2\/tags?post=1887"},{"taxonomy":"sponsor","embeddable":true,"href":"https:\/\/endorfeen.com\/fr\/wp-json\/wp\/v2\/sponsor?post=1887"}],"curies":[{"name":"wp","href":"https:\/\/api.w.org\/{rel}","templated":true}]}}