{"id":1886,"date":"2020-12-22T19:16:20","date_gmt":"2020-12-22T19:16:20","guid":{"rendered":"https:\/\/endorfeen.com\/avant-le-piolet-cetait-lalpenstock\/"},"modified":"2023-08-18T11:03:05","modified_gmt":"2023-08-18T10:03:05","slug":"avant-le-piolet-cetait-lalpenstock","status":"publish","type":"post","link":"https:\/\/endorfeen.com\/fr\/avant-le-piolet-cetait-lalpenstock\/","title":{"rendered":"Avant le piolet, il y avait l&rsquo;Alpenstock"},"content":{"rendered":"\n<div class=\"wp-block-group has-md-content-width has-sm-padding-top has-sm-padding-bottom\"><div class=\"wp-block-group__inner-container is-layout-flow wp-block-group-is-layout-flow\">\n<h2 class=\"wp-block-heading\">Un b\u00e2ton en bois sur le Mont-Blanc<\/h2>\n\n\n\n<p><a href=\"https:\/\/endorfeen.com\/?p=1888&amp;lang=fr\">Jacques Balmat<\/a> et son confr\u00e8re le Docteur Paccard furent les premiers \u00e0 gravir le Mont-Blanc en 1786 avec succ\u00e8s. Ils portaient un alpenstock avec eux. C&rsquo;est un long b\u00e2ton en bois \u00e0 pointe d&rsquo;acier, utilis\u00e9 par les alpinistes. Il est consid\u00e9r\u00e9 comme l&rsquo;anc\u00eatre du piolet moderne.<\/p>\n\n\n\n<p>Le b\u00e2ton d&rsquo;escalade \u00e9tait en bois de h\u00eatre, d&rsquo;if ou de sapin. Ils pr\u00e9sentent tous des caract\u00e9ristiques diff\u00e9rentes (poids et rigidit\u00e9).<\/p>\n\n\n\n<p>L&rsquo;alpenstock de Balmat \u00e9tait un gros b\u00e2ton de 3 m\u00e8tres. Lorsque Saussure fit son ascension (en ao\u00fbt 1787), il en avait un de 2,6 m\u00e8tres avec lui. Bien que personne ne connaisse son inventeur, l&rsquo;alpenstock a \u00e9t\u00e9 le premier outil universellement utilis\u00e9 par les alpinistes.<\/p>\n<\/div><\/div>\n\n\n\n<div class=\"wp-block-group has-lg-content-width\"><div class=\"wp-block-group__inner-container is-layout-flow wp-block-group-is-layout-flow\">\n<div class=\"wp-block-columns is-layout-flex wp-container-core-columns-is-layout-9d6595d7 wp-block-columns-is-layout-flex\">\n<div class=\"wp-block-column is-layout-flow wp-block-column-is-layout-flow\" style=\"flex-basis:100%\"><\/div>\n<\/div>\n<\/div><\/div>\n\n\n\n<figure class=\"wp-block-gallery columns-2 is-cropped wp-block-gallery-1 is-layout-flex wp-block-gallery-is-layout-flex\"><ul class=\"blocks-gallery-grid\"><li class=\"blocks-gallery-item\"><figure><img loading=\"lazy\" decoding=\"async\" width=\"476\" height=\"667\" src=\"https:\/\/endorfeen.com\/wp-content\/uploads\/2020\/12\/Jacques-Balmat-1788-2.jpg\" alt=\"Jacques Balmat - 1788 - utilisant un alpenstock\" data-id=\"492\" data-full-url=\"https:\/\/endorfeen.com\/wp-content\/uploads\/2020\/12\/Jacques-Balmat-1788-2.jpg\" data-link=\"https:\/\/endorfeen.com\/jacques-balmat-1788-2\/\" class=\"wp-image-1623\" srcset=\"https:\/\/endorfeen.com\/wp-content\/uploads\/2020\/12\/Jacques-Balmat-1788-2-214x300.jpg 214w, https:\/\/endorfeen.com\/wp-content\/uploads\/2020\/12\/Jacques-Balmat-1788-2-300x420.jpg 300w, https:\/\/endorfeen.com\/wp-content\/uploads\/2020\/12\/Jacques-Balmat-1788-2.jpg 476w\" sizes=\"auto, (max-width: 476px) 100vw, 476px\" \/><\/figure><\/li><li class=\"blocks-gallery-item\"><figure><img loading=\"lazy\" decoding=\"async\" width=\"714\" height=\"1000\" src=\"https:\/\/endorfeen.com\/wp-content\/uploads\/2020\/12\/Portrait-Jacques-Balmat-1788-Bacler-dArve.jpg\" alt=\"Portrait de Jacques Balmat - montrant sa hache ixe et alpenstock\" data-id=\"495\" data-full-url=\"https:\/\/endorfeen.com\/wp-content\/uploads\/2020\/12\/Portrait-Jacques-Balmat-1788-Bacler-dArve.jpg\" data-link=\"https:\/\/endorfeen.com\/portrait-jacques-balmat-1788-bacler-darve\/\" class=\"wp-image-1626\" srcset=\"https:\/\/endorfeen.com\/wp-content\/uploads\/2020\/12\/Portrait-Jacques-Balmat-1788-Bacler-dArve-214x300.jpg 214w, https:\/\/endorfeen.com\/wp-content\/uploads\/2020\/12\/Portrait-Jacques-Balmat-1788-Bacler-dArve-300x420.jpg 300w, https:\/\/endorfeen.com\/wp-content\/uploads\/2020\/12\/Portrait-Jacques-Balmat-1788-Bacler-dArve-600x840.jpg 600w, https:\/\/endorfeen.com\/wp-content\/uploads\/2020\/12\/Portrait-Jacques-Balmat-1788-Bacler-dArve.jpg 714w\" sizes=\"auto, (max-width: 714px) 100vw, 714px\" \/><\/figure><\/li><\/ul><\/figure>\n\n\n\n<div class=\"wp-block-group has-md-content-width has-sm-padding-top has-sm-padding-bottom\"><div class=\"wp-block-group__inner-container is-layout-flow wp-block-group-is-layout-flow\">\n<h2 class=\"wp-block-heading\">L&rsquo;Alpenstock et le plus ancien piolet<\/h2>\n\n\n\n<p>Josias Simmler, th\u00e9ologien et classiciste suisse, auteur du premier livre consacr\u00e9 uniquement aux Alpes (XVIe si\u00e8cle), mentionnait d\u00e9j\u00e0 l&rsquo;existence et l&rsquo;utilisation de l&rsquo;Alpenstock (\u00ab l&rsquo;alpinus baculus \u00bb).<\/p>\n\n\n\n<p>Il est utilis\u00e9 comme support dans les pentes raides ou pour sonder les glaciers et les crevasses. En raison de sa longueur, l&rsquo;alpiniste l&rsquo;utiliserait \u00e9galement pour aider un autre grimpeur. L&rsquo;Alpenstock n&rsquo;est pas un outil de martelage ni d&rsquo;ancrage. Les alpinistes utilisaient tr\u00e8s souvent une petite hache pour tailler des marches dans la neige ou la glace par exemple.<\/p>\n\n\n\n<p>D\u00e8s le XVIIIe si\u00e8cle, l&rsquo;association de l&rsquo;Alpenstock et du piolet donne naissance aux premiers piolets.<\/p>\n\n\n\n<p>Jusqu&rsquo;en 1870, l&rsquo;habitude \u00e9tait pour le guide d&rsquo;utiliser un piolet et pour le touriste d&rsquo;utiliser l&rsquo;alpenstock. La longueur de la perche avait beaucoup diminu\u00e9. En 1875, l&rsquo;Alpenstock \u00e9tait un b\u00e2ton de bois de 1,8m \u00e0 2m, tel que d\u00e9crit par la Soci\u00e9t\u00e9 de Tourisme Dauphin\u00e9. Fabriqu\u00e9 en bois r\u00e9sistant, il doit permettre au grimpeur de se tenir dessus sans le casser.<\/p>\n<\/div><\/div>\n\n\n\n<figure class=\"wp-block-gallery alignwide columns-2 is-cropped wp-block-gallery-2 is-layout-flex wp-block-gallery-is-layout-flex\"><ul class=\"blocks-gallery-grid\"><li class=\"blocks-gallery-item\"><figure><img loading=\"lazy\" decoding=\"async\" width=\"1024\" height=\"731\" src=\"https:\/\/endorfeen.com\/wp-content\/uploads\/2020\/12\/Alpenstock-steel-point-1024x731.jpg\" alt=\"\" data-id=\"491\" data-full-url=\"https:\/\/endorfeen.com\/wp-content\/uploads\/2020\/12\/Alpenstock-steel-point.jpg\" data-link=\"https:\/\/endorfeen.com\/alpenstock-steel-point\/\" class=\"wp-image-1622\" srcset=\"https:\/\/endorfeen.com\/wp-content\/uploads\/2020\/12\/Alpenstock-steel-point-300x214.jpg 300w, https:\/\/endorfeen.com\/wp-content\/uploads\/2020\/12\/Alpenstock-steel-point-600x429.jpg 600w, https:\/\/endorfeen.com\/wp-content\/uploads\/2020\/12\/Alpenstock-steel-point-768x549.jpg 768w, https:\/\/endorfeen.com\/wp-content\/uploads\/2020\/12\/Alpenstock-steel-point-1024x731.jpg 1024w, https:\/\/endorfeen.com\/wp-content\/uploads\/2020\/12\/Alpenstock-steel-point.jpg 1071w\" sizes=\"auto, (max-width: 1024px) 100vw, 1024px\" \/><\/figure><\/li><li class=\"blocks-gallery-item\"><figure><img loading=\"lazy\" decoding=\"async\" width=\"1000\" height=\"714\" src=\"https:\/\/endorfeen.com\/wp-content\/uploads\/2020\/12\/Alpinists-with-Alpenstocks.jpg\" alt=\"\" data-id=\"490\" data-full-url=\"https:\/\/endorfeen.com\/wp-content\/uploads\/2020\/12\/Alpinists-with-Alpenstocks.jpg\" data-link=\"https:\/\/endorfeen.com\/alpinists-with-alpenstocks\/\" class=\"wp-image-1621\" srcset=\"https:\/\/endorfeen.com\/wp-content\/uploads\/2020\/12\/Alpinists-with-Alpenstocks-300x214.jpg 300w, https:\/\/endorfeen.com\/wp-content\/uploads\/2020\/12\/Alpinists-with-Alpenstocks-600x428.jpg 600w, https:\/\/endorfeen.com\/wp-content\/uploads\/2020\/12\/Alpinists-with-Alpenstocks-768x548.jpg 768w, https:\/\/endorfeen.com\/wp-content\/uploads\/2020\/12\/Alpinists-with-Alpenstocks.jpg 1000w\" sizes=\"auto, (max-width: 1000px) 100vw, 1000px\" \/><\/figure><\/li><\/ul><\/figure>\n\n\n\n<div class=\"wp-block-group has-md-content-width has-sm-padding-top has-sm-padding-bottom\"><div class=\"wp-block-group__inner-container is-layout-flow wp-block-group-is-layout-flow\">\n<h2 class=\"wp-block-heading\">Sa fin<\/h2>\n\n\n\n<p>Alors qu&rsquo;il \u00e9tait encore utilis\u00e9 par certains, dans certaines vall\u00e9es, l&rsquo;alpenstock a disparu des montagnes apr\u00e8s la Seconde Guerre mondiale.<\/p>\n\n\n\n<p>L&rsquo;une des derni\u00e8res histoires impliquant l&rsquo;anc\u00eatre du piolet est l&rsquo;\u00e9vasion du caporal Anton H\u00f6rnle des Gebirgsj\u00e4ger (\u00ab\u00a0chasseurs de montagne\u00a0\u00bb). Il est fait prisonnier \u00e0 l&rsquo;hiver 1944-45 par des alpinistes fran\u00e7ais, Jacques Boell, un officier des troupes alpines, Alain Le Ray, et le capitaine St\u00e9phane.<\/p>\n\n\n\n<p>Alors que l&rsquo;alpiniste allemand se trouvait sur la \u00ab pointe de Ronce \u00bb (3 612 m), il se fait arr\u00eater par le groupe fran\u00e7ais. Apr\u00e8s avoir pass\u00e9 du temps ensemble, Anton H\u00f6rnle, profite d&rsquo;un bref moment d&rsquo;inattention, pour saisir son alpenstock et d\u00e9valer une pente tr\u00e8s raide (plus de 40 degr\u00e9s), perdant les soldats fran\u00e7ais derri\u00e8re lui.<\/p>\n\n\n\n<p>Bien qu&rsquo;utilis\u00e9 pendant des si\u00e8cles, le piolet plus moderne a rapidement remplac\u00e9 l&rsquo;alpenstock en toutes occasions.<\/p>\n<\/div><\/div>\n\n\n","protected":false},"excerpt":{"rendered":"<p>Un b\u00e2ton en bois sur le Mont-Blanc Jacques Balmat et son confr\u00e8re le Docteur Paccard furent les premiers \u00e0 gravir le Mont-Blanc en 1786 avec succ\u00e8s. Ils portaient un alpenstock avec eux. C&rsquo;est un long b\u00e2ton en bois \u00e0 pointe d&rsquo;acier, utilis\u00e9 par les alpinistes. Il est consid\u00e9r\u00e9 comme l&rsquo;anc\u00eatre du piolet moderne. Le b\u00e2ton &hellip;<\/p>\n","protected":false},"author":1,"featured_media":1624,"comment_status":"closed","ping_status":"closed","sticky":false,"template":"","format":"standard","meta":{"_acf_changed":false,"_genesis_hide_title":false,"_genesis_hide_breadcrumbs":false,"_genesis_hide_singular_image":false,"_genesis_hide_footer_widgets":false,"_genesis_custom_body_class":"","_genesis_custom_post_class":"","_genesis_layout":"","footnotes":""},"categories":[160],"tags":[161],"sponsor":[1087],"class_list":{"2":"type-post","7":"category-apparatus-fr","8":"tag-histoire","9":"sponsor-endorfeen","10":"entry"},"yoast_head":"<!-- This site is optimized with the Yoast SEO Premium plugin v26.2 (Yoast SEO v26.2) - https:\/\/yoast.com\/wordpress\/plugins\/seo\/ -->\n<title>Alpenstock - savez-vous ce que cela pourrait \u00eatre ? endorfeen -<\/title>\n<meta name=\"description\" content=\"Jacques Balmat et son confr\u00e8re le Dr Paccard, premiers \u00e0 r\u00e9ussir l&#039;ascension du Mont-Blanc en 1786, poss\u00e9daient un alpenstock. Utilis\u00e9 une fois par tous les alpinistes..\" \/>\n<meta name=\"robots\" content=\"index, follow, max-snippet:-1, max-image-preview:large, max-video-preview:-1\" \/>\n<link rel=\"canonical\" href=\"https:\/\/endorfeen.com\/fr\/avant-le-piolet-cetait-lalpenstock\/\" \/>\n<meta property=\"og:locale\" content=\"fr_FR\" \/>\n<meta property=\"og:type\" content=\"article\" \/>\n<meta property=\"og:title\" content=\"Avant le piolet, il y avait l&#039;Alpenstock\" \/>\n<meta property=\"og:description\" content=\"Jacques Balmat et son confr\u00e8re le Dr Paccard, premiers \u00e0 r\u00e9ussir l&#039;ascension du Mont-Blanc en 1786, poss\u00e9daient un alpenstock. Utilis\u00e9 une fois par tous les alpinistes..\" \/>\n<meta property=\"og:url\" content=\"https:\/\/endorfeen.com\/fr\/avant-le-piolet-cetait-lalpenstock\/\" \/>\n<meta property=\"og:site_name\" content=\"endorfeen\" \/>\n<meta property=\"article:author\" content=\"http:\/\/www.facebook.com\/endorfeen-583261049007200\" \/>\n<meta property=\"article:published_time\" content=\"2020-12-22T19:16:20+00:00\" \/>\n<meta property=\"article:modified_time\" content=\"2023-08-18T10:03:05+00:00\" \/>\n<meta property=\"og:image\" content=\"https:\/\/endorfeen.com\/wp-content\/uploads\/2020\/12\/Descent_from_Mont-Blanc_in_1787.0.0-2.jpg\" \/>\n\t<meta property=\"og:image:width\" content=\"1650\" \/>\n\t<meta property=\"og:image:height\" content=\"1179\" \/>\n\t<meta property=\"og:image:type\" content=\"image\/jpeg\" \/>\n<meta name=\"author\" content=\"Thomas Viguier\" \/>\n<meta name=\"twitter:card\" content=\"summary_large_image\" \/>\n<meta name=\"twitter:creator\" content=\"@https:\/\/twitter.com\/endorfeen_\" \/>\n<meta name=\"twitter:label1\" content=\"\u00c9crit par\" \/>\n\t<meta name=\"twitter:data1\" content=\"Thomas Viguier\" \/>\n\t<meta name=\"twitter:label2\" content=\"Dur\u00e9e de lecture estim\u00e9e\" \/>\n\t<meta name=\"twitter:data2\" content=\"3 minutes\" \/>\n<script type=\"application\/ld+json\" class=\"yoast-schema-graph\">{\"@context\":\"https:\/\/schema.org\",\"@graph\":[{\"@type\":\"Article\",\"@id\":\"https:\/\/endorfeen.com\/fr\/avant-le-piolet-cetait-lalpenstock\/#article\",\"isPartOf\":{\"@id\":\"https:\/\/endorfeen.com\/fr\/avant-le-piolet-cetait-lalpenstock\/\"},\"author\":{\"name\":\"Thomas Viguier\",\"@id\":\"https:\/\/endorfeen.com\/fr\/#\/schema\/person\/67e5d1d04ce51a42bb2ba3c1ee004f9e\"},\"headline\":\"Avant le piolet, il y avait l&rsquo;Alpenstock\",\"datePublished\":\"2020-12-22T19:16:20+00:00\",\"dateModified\":\"2023-08-18T10:03:05+00:00\",\"mainEntityOfPage\":{\"@id\":\"https:\/\/endorfeen.com\/fr\/avant-le-piolet-cetait-lalpenstock\/\"},\"wordCount\":496,\"publisher\":{\"@id\":\"https:\/\/endorfeen.com\/fr\/#organization\"},\"image\":{\"@id\":\"https:\/\/endorfeen.com\/fr\/avant-le-piolet-cetait-lalpenstock\/#primaryimage\"},\"thumbnailUrl\":\"https:\/\/endorfeen.com\/wp-content\/uploads\/2020\/12\/Descent_from_Mont-Blanc_in_1787.0.0-2.jpg\",\"keywords\":[\"#histoire\"],\"articleSection\":[\"Apparatus\"],\"inLanguage\":\"fr-FR\"},{\"@type\":\"WebPage\",\"@id\":\"https:\/\/endorfeen.com\/fr\/avant-le-piolet-cetait-lalpenstock\/\",\"url\":\"https:\/\/endorfeen.com\/fr\/avant-le-piolet-cetait-lalpenstock\/\",\"name\":\"Alpenstock - savez-vous ce que cela pourrait \u00eatre ? endorfeen -\",\"isPartOf\":{\"@id\":\"https:\/\/endorfeen.com\/fr\/#website\"},\"primaryImageOfPage\":{\"@id\":\"https:\/\/endorfeen.com\/fr\/avant-le-piolet-cetait-lalpenstock\/#primaryimage\"},\"image\":{\"@id\":\"https:\/\/endorfeen.com\/fr\/avant-le-piolet-cetait-lalpenstock\/#primaryimage\"},\"thumbnailUrl\":\"https:\/\/endorfeen.com\/wp-content\/uploads\/2020\/12\/Descent_from_Mont-Blanc_in_1787.0.0-2.jpg\",\"datePublished\":\"2020-12-22T19:16:20+00:00\",\"dateModified\":\"2023-08-18T10:03:05+00:00\",\"description\":\"Jacques Balmat et son confr\u00e8re le Dr Paccard, premiers \u00e0 r\u00e9ussir l'ascension du Mont-Blanc en 1786, poss\u00e9daient un alpenstock. Utilis\u00e9 une fois par tous les alpinistes..\",\"breadcrumb\":{\"@id\":\"https:\/\/endorfeen.com\/fr\/avant-le-piolet-cetait-lalpenstock\/#breadcrumb\"},\"inLanguage\":\"fr-FR\",\"potentialAction\":[{\"@type\":\"ReadAction\",\"target\":[\"https:\/\/endorfeen.com\/fr\/avant-le-piolet-cetait-lalpenstock\/\"]}]},{\"@type\":\"ImageObject\",\"inLanguage\":\"fr-FR\",\"@id\":\"https:\/\/endorfeen.com\/fr\/avant-le-piolet-cetait-lalpenstock\/#primaryimage\",\"url\":\"https:\/\/endorfeen.com\/wp-content\/uploads\/2020\/12\/Descent_from_Mont-Blanc_in_1787.0.0-2.jpg\",\"contentUrl\":\"https:\/\/endorfeen.com\/wp-content\/uploads\/2020\/12\/Descent_from_Mont-Blanc_in_1787.0.0-2.jpg\",\"width\":1650,\"height\":1179,\"caption\":\"Utilisation de l'Alpenstock lors de la Descente du Mont-Blanc en 1787\"},{\"@type\":\"BreadcrumbList\",\"@id\":\"https:\/\/endorfeen.com\/fr\/avant-le-piolet-cetait-lalpenstock\/#breadcrumb\",\"itemListElement\":[{\"@type\":\"ListItem\",\"position\":1,\"name\":\"Home\",\"item\":\"https:\/\/endorfeen.com\/fr\/\"},{\"@type\":\"ListItem\",\"position\":2,\"name\":\"Avant le piolet, il y avait l&#8217;Alpenstock\"}]},{\"@type\":\"WebSite\",\"@id\":\"https:\/\/endorfeen.com\/fr\/#website\",\"url\":\"https:\/\/endorfeen.com\/fr\/\",\"name\":\"endorfeen\",\"description\":\"The Media For Sustainable Outdoors.\",\"publisher\":{\"@id\":\"https:\/\/endorfeen.com\/fr\/#organization\"},\"potentialAction\":[{\"@type\":\"SearchAction\",\"target\":{\"@type\":\"EntryPoint\",\"urlTemplate\":\"https:\/\/endorfeen.com\/fr\/?s={search_term_string}\"},\"query-input\":{\"@type\":\"PropertyValueSpecification\",\"valueRequired\":true,\"valueName\":\"search_term_string\"}}],\"inLanguage\":\"fr-FR\"},{\"@type\":\"Organization\",\"@id\":\"https:\/\/endorfeen.com\/fr\/#organization\",\"name\":\"endorfeen\",\"url\":\"https:\/\/endorfeen.com\/fr\/\",\"logo\":{\"@type\":\"ImageObject\",\"inLanguage\":\"fr-FR\",\"@id\":\"https:\/\/endorfeen.com\/fr\/#\/schema\/logo\/image\/\",\"url\":\"https:\/\/endorfeen.com\/wp-content\/uploads\/2022\/06\/Circle-endorfeen-site-icon-circled-1000-x-1000-300psi.png\",\"contentUrl\":\"https:\/\/endorfeen.com\/wp-content\/uploads\/2022\/06\/Circle-endorfeen-site-icon-circled-1000-x-1000-300psi.png\",\"width\":1000,\"height\":1000,\"caption\":\"endorfeen\"},\"image\":{\"@id\":\"https:\/\/endorfeen.com\/fr\/#\/schema\/logo\/image\/\"}},{\"@type\":\"Person\",\"@id\":\"https:\/\/endorfeen.com\/fr\/#\/schema\/person\/67e5d1d04ce51a42bb2ba3c1ee004f9e\",\"name\":\"Thomas Viguier\",\"image\":{\"@type\":\"ImageObject\",\"inLanguage\":\"fr-FR\",\"@id\":\"https:\/\/endorfeen.com\/fr\/#\/schema\/person\/image\/\",\"url\":\"https:\/\/secure.gravatar.com\/avatar\/0a306c7e99e00df5d99c2c5d01d3308bccf257ab82d30f23cc0862ed35c57419?s=96&d=mm&r=g\",\"contentUrl\":\"https:\/\/secure.gravatar.com\/avatar\/0a306c7e99e00df5d99c2c5d01d3308bccf257ab82d30f23cc0862ed35c57419?s=96&d=mm&r=g\",\"caption\":\"Thomas Viguier\"},\"description\":\"Everyone has a story to tell. endorfeen is built as a collaborative platform, giving the voice to anyone with a story to tell.If you have things you want to share, register here.\",\"sameAs\":[\"https:\/\/endorfeen.com\",\"http:\/\/www.facebook.com\/endorfeen-583261049007200\",\"http:\/\/www.instagram.com\/endorfeen_\/\",\"https:\/\/fi.pinterest.com\/endorfeen_\/\",\"https:\/\/x.com\/https:\/\/twitter.com\/endorfeen_\"],\"url\":\"https:\/\/endorfeen.com\/fr\/linkto\/thomas-viguier\/\"}]}<\/script>\n<!-- \/ Yoast SEO Premium plugin. -->","yoast_head_json":{"title":"Alpenstock - savez-vous ce que cela pourrait \u00eatre ? endorfeen -","description":"Jacques Balmat et son confr\u00e8re le Dr Paccard, premiers \u00e0 r\u00e9ussir l'ascension du Mont-Blanc en 1786, poss\u00e9daient un alpenstock. Utilis\u00e9 une fois par tous les alpinistes..","robots":{"index":"index","follow":"follow","max-snippet":"max-snippet:-1","max-image-preview":"max-image-preview:large","max-video-preview":"max-video-preview:-1"},"canonical":"https:\/\/endorfeen.com\/fr\/avant-le-piolet-cetait-lalpenstock\/","og_locale":"fr_FR","og_type":"article","og_title":"Avant le piolet, il y avait l'Alpenstock","og_description":"Jacques Balmat et son confr\u00e8re le Dr Paccard, premiers \u00e0 r\u00e9ussir l'ascension du Mont-Blanc en 1786, poss\u00e9daient un alpenstock. Utilis\u00e9 une fois par tous les alpinistes..","og_url":"https:\/\/endorfeen.com\/fr\/avant-le-piolet-cetait-lalpenstock\/","og_site_name":"endorfeen","article_author":"http:\/\/www.facebook.com\/endorfeen-583261049007200","article_published_time":"2020-12-22T19:16:20+00:00","article_modified_time":"2023-08-18T10:03:05+00:00","og_image":[{"width":1650,"height":1179,"url":"https:\/\/endorfeen.com\/wp-content\/uploads\/2020\/12\/Descent_from_Mont-Blanc_in_1787.0.0-2.jpg","type":"image\/jpeg"}],"author":"Thomas Viguier","twitter_card":"summary_large_image","twitter_creator":"@https:\/\/twitter.com\/endorfeen_","twitter_misc":{"\u00c9crit par":"Thomas Viguier","Dur\u00e9e de lecture estim\u00e9e":"3 minutes"},"schema":{"@context":"https:\/\/schema.org","@graph":[{"@type":"Article","@id":"https:\/\/endorfeen.com\/fr\/avant-le-piolet-cetait-lalpenstock\/#article","isPartOf":{"@id":"https:\/\/endorfeen.com\/fr\/avant-le-piolet-cetait-lalpenstock\/"},"author":{"name":"Thomas Viguier","@id":"https:\/\/endorfeen.com\/fr\/#\/schema\/person\/67e5d1d04ce51a42bb2ba3c1ee004f9e"},"headline":"Avant le piolet, il y avait l&rsquo;Alpenstock","datePublished":"2020-12-22T19:16:20+00:00","dateModified":"2023-08-18T10:03:05+00:00","mainEntityOfPage":{"@id":"https:\/\/endorfeen.com\/fr\/avant-le-piolet-cetait-lalpenstock\/"},"wordCount":496,"publisher":{"@id":"https:\/\/endorfeen.com\/fr\/#organization"},"image":{"@id":"https:\/\/endorfeen.com\/fr\/avant-le-piolet-cetait-lalpenstock\/#primaryimage"},"thumbnailUrl":"https:\/\/endorfeen.com\/wp-content\/uploads\/2020\/12\/Descent_from_Mont-Blanc_in_1787.0.0-2.jpg","keywords":["#histoire"],"articleSection":["Apparatus"],"inLanguage":"fr-FR"},{"@type":"WebPage","@id":"https:\/\/endorfeen.com\/fr\/avant-le-piolet-cetait-lalpenstock\/","url":"https:\/\/endorfeen.com\/fr\/avant-le-piolet-cetait-lalpenstock\/","name":"Alpenstock - savez-vous ce que cela pourrait \u00eatre ? endorfeen -","isPartOf":{"@id":"https:\/\/endorfeen.com\/fr\/#website"},"primaryImageOfPage":{"@id":"https:\/\/endorfeen.com\/fr\/avant-le-piolet-cetait-lalpenstock\/#primaryimage"},"image":{"@id":"https:\/\/endorfeen.com\/fr\/avant-le-piolet-cetait-lalpenstock\/#primaryimage"},"thumbnailUrl":"https:\/\/endorfeen.com\/wp-content\/uploads\/2020\/12\/Descent_from_Mont-Blanc_in_1787.0.0-2.jpg","datePublished":"2020-12-22T19:16:20+00:00","dateModified":"2023-08-18T10:03:05+00:00","description":"Jacques Balmat et son confr\u00e8re le Dr Paccard, premiers \u00e0 r\u00e9ussir l'ascension du Mont-Blanc en 1786, poss\u00e9daient un alpenstock. Utilis\u00e9 une fois par tous les alpinistes..","breadcrumb":{"@id":"https:\/\/endorfeen.com\/fr\/avant-le-piolet-cetait-lalpenstock\/#breadcrumb"},"inLanguage":"fr-FR","potentialAction":[{"@type":"ReadAction","target":["https:\/\/endorfeen.com\/fr\/avant-le-piolet-cetait-lalpenstock\/"]}]},{"@type":"ImageObject","inLanguage":"fr-FR","@id":"https:\/\/endorfeen.com\/fr\/avant-le-piolet-cetait-lalpenstock\/#primaryimage","url":"https:\/\/endorfeen.com\/wp-content\/uploads\/2020\/12\/Descent_from_Mont-Blanc_in_1787.0.0-2.jpg","contentUrl":"https:\/\/endorfeen.com\/wp-content\/uploads\/2020\/12\/Descent_from_Mont-Blanc_in_1787.0.0-2.jpg","width":1650,"height":1179,"caption":"Utilisation de l'Alpenstock lors de la Descente du Mont-Blanc en 1787"},{"@type":"BreadcrumbList","@id":"https:\/\/endorfeen.com\/fr\/avant-le-piolet-cetait-lalpenstock\/#breadcrumb","itemListElement":[{"@type":"ListItem","position":1,"name":"Home","item":"https:\/\/endorfeen.com\/fr\/"},{"@type":"ListItem","position":2,"name":"Avant le piolet, il y avait l&#8217;Alpenstock"}]},{"@type":"WebSite","@id":"https:\/\/endorfeen.com\/fr\/#website","url":"https:\/\/endorfeen.com\/fr\/","name":"endorfeen","description":"The Media For Sustainable Outdoors.","publisher":{"@id":"https:\/\/endorfeen.com\/fr\/#organization"},"potentialAction":[{"@type":"SearchAction","target":{"@type":"EntryPoint","urlTemplate":"https:\/\/endorfeen.com\/fr\/?s={search_term_string}"},"query-input":{"@type":"PropertyValueSpecification","valueRequired":true,"valueName":"search_term_string"}}],"inLanguage":"fr-FR"},{"@type":"Organization","@id":"https:\/\/endorfeen.com\/fr\/#organization","name":"endorfeen","url":"https:\/\/endorfeen.com\/fr\/","logo":{"@type":"ImageObject","inLanguage":"fr-FR","@id":"https:\/\/endorfeen.com\/fr\/#\/schema\/logo\/image\/","url":"https:\/\/endorfeen.com\/wp-content\/uploads\/2022\/06\/Circle-endorfeen-site-icon-circled-1000-x-1000-300psi.png","contentUrl":"https:\/\/endorfeen.com\/wp-content\/uploads\/2022\/06\/Circle-endorfeen-site-icon-circled-1000-x-1000-300psi.png","width":1000,"height":1000,"caption":"endorfeen"},"image":{"@id":"https:\/\/endorfeen.com\/fr\/#\/schema\/logo\/image\/"}},{"@type":"Person","@id":"https:\/\/endorfeen.com\/fr\/#\/schema\/person\/67e5d1d04ce51a42bb2ba3c1ee004f9e","name":"Thomas Viguier","image":{"@type":"ImageObject","inLanguage":"fr-FR","@id":"https:\/\/endorfeen.com\/fr\/#\/schema\/person\/image\/","url":"https:\/\/secure.gravatar.com\/avatar\/0a306c7e99e00df5d99c2c5d01d3308bccf257ab82d30f23cc0862ed35c57419?s=96&d=mm&r=g","contentUrl":"https:\/\/secure.gravatar.com\/avatar\/0a306c7e99e00df5d99c2c5d01d3308bccf257ab82d30f23cc0862ed35c57419?s=96&d=mm&r=g","caption":"Thomas Viguier"},"description":"Everyone has a story to tell. endorfeen is built as a collaborative platform, giving the voice to anyone with a story to tell.If you have things you want to share, register here.","sameAs":["https:\/\/endorfeen.com","http:\/\/www.facebook.com\/endorfeen-583261049007200","http:\/\/www.instagram.com\/endorfeen_\/","https:\/\/fi.pinterest.com\/endorfeen_\/","https:\/\/x.com\/https:\/\/twitter.com\/endorfeen_"],"url":"https:\/\/endorfeen.com\/fr\/linkto\/thomas-viguier\/"}]}},"featured_image_src":"https:\/\/endorfeen.com\/wp-content\/uploads\/2020\/12\/Descent_from_Mont-Blanc_in_1787.0.0-2-600x400.jpg","featured_image_src_square":"https:\/\/endorfeen.com\/wp-content\/uploads\/2020\/12\/Descent_from_Mont-Blanc_in_1787.0.0-2-600x600.jpg","author_info":{"display_name":"Thomas Viguier","author_link":"https:\/\/endorfeen.com\/fr\/linkto\/thomas-viguier\/"},"acf":[],"_links":{"self":[{"href":"https:\/\/endorfeen.com\/fr\/wp-json\/wp\/v2\/posts\/1886","targetHints":{"allow":["GET"]}}],"collection":[{"href":"https:\/\/endorfeen.com\/fr\/wp-json\/wp\/v2\/posts"}],"about":[{"href":"https:\/\/endorfeen.com\/fr\/wp-json\/wp\/v2\/types\/post"}],"author":[{"embeddable":true,"href":"https:\/\/endorfeen.com\/fr\/wp-json\/wp\/v2\/users\/1"}],"replies":[{"embeddable":true,"href":"https:\/\/endorfeen.com\/fr\/wp-json\/wp\/v2\/comments?post=1886"}],"version-history":[{"count":0,"href":"https:\/\/endorfeen.com\/fr\/wp-json\/wp\/v2\/posts\/1886\/revisions"}],"wp:featuredmedia":[{"embeddable":true,"href":"https:\/\/endorfeen.com\/fr\/wp-json\/wp\/v2\/media\/1624"}],"wp:attachment":[{"href":"https:\/\/endorfeen.com\/fr\/wp-json\/wp\/v2\/media?parent=1886"}],"wp:term":[{"taxonomy":"category","embeddable":true,"href":"https:\/\/endorfeen.com\/fr\/wp-json\/wp\/v2\/categories?post=1886"},{"taxonomy":"post_tag","embeddable":true,"href":"https:\/\/endorfeen.com\/fr\/wp-json\/wp\/v2\/tags?post=1886"},{"taxonomy":"sponsor","embeddable":true,"href":"https:\/\/endorfeen.com\/fr\/wp-json\/wp\/v2\/sponsor?post=1886"}],"curies":[{"name":"wp","href":"https:\/\/api.w.org\/{rel}","templated":true}]}}