{"id":1885,"date":"2021-03-04T08:00:00","date_gmt":"2021-03-04T08:00:00","guid":{"rendered":"https:\/\/endorfeen.com\/faical-bourkiba-lalpiniste-marocain\/"},"modified":"2023-08-18T11:02:54","modified_gmt":"2023-08-18T10:02:54","slug":"faical-bourkiba-lalpiniste-marocain","status":"publish","type":"post","link":"https:\/\/endorfeen.com\/fr\/faical-bourkiba-lalpiniste-marocain\/","title":{"rendered":"Fai\u00e7al Bourkiba, l&rsquo;alpiniste marocain"},"content":{"rendered":"\n<h2 class=\"wp-block-heading\">Fa\u00ef\u00e7al Bourkiba<\/h2>\n\n\n\n<p>Fai\u00e7al Bourkiba est un grimpeur et alpiniste marocain. Il est \u00e9galement moniteur au Club Alpin Fran\u00e7ais de Casablanca.<\/p>\n\n\n\n<p>Fai\u00e7al appartient \u00e0 ce petit groupe de jeunes Marocains qui participe \u00e0 d\u00e9velopper la pratique de l&rsquo;escalade et de l&rsquo;alpinisme dans un pays couvert de montagnes mais o\u00f9 les gens ne sont pas grimpeurs \u00e0 l&rsquo;origine.<\/p>\n\n\n\n<figure class=\"wp-block-image alignwide size-large\"><img loading=\"lazy\" decoding=\"async\" width=\"1024\" height=\"731\" src=\"https:\/\/endorfeen.com\/wp-content\/uploads\/2021\/03\/Faic\u0327al-Bourkiba-Climbing-Morocco-Morocks-4-1024x731.jpg\" alt=\"\" class=\"wp-image-1796\" srcset=\"https:\/\/endorfeen.com\/wp-content\/uploads\/2021\/03\/Faic\u0327al-Bourkiba-Climbing-Morocco-Morocks-4-240x171.jpg 240w, https:\/\/endorfeen.com\/wp-content\/uploads\/2021\/03\/Faic\u0327al-Bourkiba-Climbing-Morocco-Morocks-4-300x214.jpg 300w, https:\/\/endorfeen.com\/wp-content\/uploads\/2021\/03\/Faic\u0327al-Bourkiba-Climbing-Morocco-Morocks-4-scaled-600x428.jpg 600w, https:\/\/endorfeen.com\/wp-content\/uploads\/2021\/03\/Faic\u0327al-Bourkiba-Climbing-Morocco-Morocks-4-768x549.jpg 768w, https:\/\/endorfeen.com\/wp-content\/uploads\/2021\/03\/Faic\u0327al-Bourkiba-Climbing-Morocco-Morocks-4-1024x731.jpg 1024w, https:\/\/endorfeen.com\/wp-content\/uploads\/2021\/03\/Faic\u0327al-Bourkiba-Climbing-Morocco-Morocks-4-1536x1097.jpg 1536w, https:\/\/endorfeen.com\/wp-content\/uploads\/2021\/03\/Faic\u0327al-Bourkiba-Climbing-Morocco-Morocks-4-2048x1463.jpg 2048w\" sizes=\"auto, (max-width: 1024px) 100vw, 1024px\" \/><\/figure>\n\n\n\n<p>Les \u00e9quipements et infrastructures manquent encore, mais rien ne semble pouvoir l&rsquo;arr\u00eater. Anim\u00e9 d&rsquo;une v\u00e9ritable passion et d&rsquo;un c\u0153ur g\u00e9n\u00e9reux, Fai\u00e7al est l&rsquo;un des moteurs de la sc\u00e8ne moderne de l&rsquo;escalade marocaine.<\/p>\n\n\n\n<h4 class=\"wp-block-heading\">Suivez Fai\u00e7al Bourkiba sur<\/h4>\n\n\n\n<p><a href=\"https:\/\/www.instagram.com\/faical_fay\/\" target=\"_blank\" rel=\"noreferrer noopener nofollow\">Instagram<\/a><\/p>\n\n\n\n<div style=\"color:#ddd\" class=\"wp-block-genesis-blocks-gb-spacer gb-block-spacer gb-divider-solid gb-divider-size-1\"><hr style=\"height:30px\"\/><\/div>\n\n\n\n<figure class=\"wp-block-gallery alignwide has-nested-images columns-default is-cropped wp-block-gallery-1 is-layout-flex wp-block-gallery-is-layout-flex\">\n<figure class=\"wp-block-image size-large\"><img loading=\"lazy\" decoding=\"async\" width=\"1024\" height=\"731\" data-id=\"1798\" src=\"https:\/\/endorfeen.com\/wp-content\/uploads\/2021\/03\/Faic\u0327al-Bourkiba-Climbing-Morocco-Morocks-2-1024x731.jpg\" alt=\"\" class=\"wp-image-1798\" srcset=\"https:\/\/endorfeen.com\/wp-content\/uploads\/2021\/03\/Faic\u0327al-Bourkiba-Climbing-Morocco-Morocks-2-240x171.jpg 240w, https:\/\/endorfeen.com\/wp-content\/uploads\/2021\/03\/Faic\u0327al-Bourkiba-Climbing-Morocco-Morocks-2-300x214.jpg 300w, https:\/\/endorfeen.com\/wp-content\/uploads\/2021\/03\/Faic\u0327al-Bourkiba-Climbing-Morocco-Morocks-2-600x428.jpg 600w, https:\/\/endorfeen.com\/wp-content\/uploads\/2021\/03\/Faic\u0327al-Bourkiba-Climbing-Morocco-Morocks-2-768x548.jpg 768w, https:\/\/endorfeen.com\/wp-content\/uploads\/2021\/03\/Faic\u0327al-Bourkiba-Climbing-Morocco-Morocks-2-1024x731.jpg 1024w, https:\/\/endorfeen.com\/wp-content\/uploads\/2021\/03\/Faic\u0327al-Bourkiba-Climbing-Morocco-Morocks-2.jpg 1080w\" sizes=\"auto, (max-width: 1024px) 100vw, 1024px\" \/><\/figure>\n\n\n\n<figure class=\"wp-block-image size-large\"><img loading=\"lazy\" decoding=\"async\" width=\"1024\" height=\"731\" data-id=\"1794\" src=\"https:\/\/endorfeen.com\/wp-content\/uploads\/2021\/03\/Faic\u0327al-Bourkiba-Climbing-Morocco-Morocks-6-1024x731.jpg\" alt=\"Fai\u00e7al Bourkiba - Escalade Maroc - Morocks 6\" class=\"wp-image-1794\" srcset=\"https:\/\/endorfeen.com\/wp-content\/uploads\/2021\/03\/Faic\u0327al-Bourkiba-Climbing-Morocco-Morocks-6-240x171.jpg 240w, https:\/\/endorfeen.com\/wp-content\/uploads\/2021\/03\/Faic\u0327al-Bourkiba-Climbing-Morocco-Morocks-6-300x214.jpg 300w, https:\/\/endorfeen.com\/wp-content\/uploads\/2021\/03\/Faic\u0327al-Bourkiba-Climbing-Morocco-Morocks-6-600x428.jpg 600w, https:\/\/endorfeen.com\/wp-content\/uploads\/2021\/03\/Faic\u0327al-Bourkiba-Climbing-Morocco-Morocks-6-768x548.jpg 768w, https:\/\/endorfeen.com\/wp-content\/uploads\/2021\/03\/Faic\u0327al-Bourkiba-Climbing-Morocco-Morocks-6-1024x731.jpg 1024w, https:\/\/endorfeen.com\/wp-content\/uploads\/2021\/03\/Faic\u0327al-Bourkiba-Climbing-Morocco-Morocks-6.jpg 1080w\" sizes=\"auto, (max-width: 1024px) 100vw, 1024px\" \/><\/figure>\n<\/figure>\n\n\n\n<div class=\"wp-block-group has-md-content-width has-sm-padding-top has-sm-padding-bottom\"><div class=\"wp-block-group__inner-container is-layout-flow wp-block-group-is-layout-flow\">\n<h2 class=\"wp-block-heading\">Le Maroc devient petit \u00e0 petit un terrain de jeux d&rsquo;escalade<\/h2>\n\n\n\n<h5 class=\"wp-block-heading\">Pouvez-vous nous donner un peu de contexte?<\/h5>\n\n\n\n<p>Je viens de Casablanca. Je ne viens pas d&rsquo;une famille sportive; personne dans ma famille ne pratique de sport ; Je suis le seul.<\/p>\n\n\n\n<p>Pour moi, tout a commenc\u00e9 relativement r\u00e9cemment. En 2009, mon fr\u00e8re m&rsquo;a offert un appareil photo. Le truc c&rsquo;est qu&rsquo;\u00e0 Casablanca, pour des raisons de permis, il est interdit de prendre des photos. Pour cette raison, j&rsquo;ai commenc\u00e9 \u00e0 voyager \u00e0 travers le pays pour utiliser mon appareil photo (rires)&nbsp;!<\/p>\n\n\n\n<p>J&rsquo;ai commenc\u00e9 la randonn\u00e9e, puis je suis pass\u00e9 \u00e0 des activit\u00e9s plus difficiles (escalade, alpinisme) et je suis finalement devenu accro. Les montagnes \u00e9taient et sont ma passion.<\/p>\n\n\n\n<p>Tout est all\u00e9 tr\u00e8s vite. En 2014, j&rsquo;avais d\u00e9j\u00e0 touch\u00e9 les diff\u00e9rents 4 000 sommets de l&rsquo;Atlas.<\/p>\n\n\n\n<p>En 2018, j&rsquo;ai rejoint le Club Alpin Fran\u00e7ais de Casablanca. J&rsquo;ai enseign\u00e9 l&rsquo;escalade et j&rsquo;ai emmen\u00e9 des groupes pour des excursions d&rsquo;alpinisme.<\/p>\n\n\n\n<p>En 2020, j&rsquo;ai contact\u00e9 la marque italienne Grivel. Je cherchais un partenaire pour m&rsquo;aider \u00e0 d\u00e9velopper la culture de l&rsquo;escalade au Maroc. Ils ont r\u00e9pondu positivement \u00e0 ma demande, et nous avons produit un film jusqu&rsquo;\u00e0 pr\u00e9sent, \u00ab\u00a0Morocks\u00a0\u00bb.<\/p>\n\n\n\n<p>Mon objectif est de d\u00e9velopper 2 \u00e0 3 projets par an, car je travaille \u00e9galement \u00e0 plein temps en tant que responsable logistique internationale.<\/p>\n<\/div><\/div>\n\n\n\n<div class=\"wp-block-columns alignfull are-vertically-aligned-center is-layout-flex wp-container-core-columns-is-layout-9d6595d7 wp-block-columns-is-layout-flex\">\n<div class=\"wp-block-column is-vertically-aligned-center is-layout-flow wp-block-column-is-layout-flow\">\n<figure class=\"wp-block-gallery columns-1 is-cropped wp-block-gallery-2 is-layout-flex wp-block-gallery-is-layout-flex\"><ul class=\"blocks-gallery-grid\"><li class=\"blocks-gallery-item\"><figure><img loading=\"lazy\" decoding=\"async\" width=\"731\" height=\"1024\" src=\"https:\/\/endorfeen.com\/wp-content\/uploads\/2021\/03\/icethm-731x1024.jpg\" alt=\"Fai&#xE7;al Bourkiba - Cascade de Glace au Maroc\" data-id=\"1346\" data-full-url=\"https:\/\/endorfeen.com\/wp-content\/uploads\/2021\/03\/icethm-scaled.jpg\" data-link=\"https:\/\/endorfeen.com\/?attachment_id=1346\" class=\"wp-image-1800\" srcset=\"https:\/\/endorfeen.com\/wp-content\/uploads\/2021\/03\/icethm-129x180.jpg 129w, https:\/\/endorfeen.com\/wp-content\/uploads\/2021\/03\/icethm-214x300.jpg 214w, https:\/\/endorfeen.com\/wp-content\/uploads\/2021\/03\/icethm-scaled-300x420.jpg 300w, https:\/\/endorfeen.com\/wp-content\/uploads\/2021\/03\/icethm-scaled-600x840.jpg 600w, https:\/\/endorfeen.com\/wp-content\/uploads\/2021\/03\/icethm-731x1024.jpg 731w, https:\/\/endorfeen.com\/wp-content\/uploads\/2021\/03\/icethm-768x1075.jpg 768w, https:\/\/endorfeen.com\/wp-content\/uploads\/2021\/03\/icethm-1097x1536.jpg 1097w, https:\/\/endorfeen.com\/wp-content\/uploads\/2021\/03\/icethm-1463x2048.jpg 1463w, https:\/\/endorfeen.com\/wp-content\/uploads\/2021\/03\/icethm-scaled.jpg 1828w\" sizes=\"auto, (max-width: 731px) 100vw, 731px\" \/><\/figure><\/li><\/ul><\/figure>\n<\/div>\n\n\n\n<div class=\"wp-block-column is-vertically-aligned-center is-layout-flow wp-block-column-is-layout-flow\">\n<div class=\"wp-block-group has-md-content-width has-sm-padding-top has-sm-padding-bottom has-xl-margin-right has-xl-margin-left\"><div class=\"wp-block-group__inner-container is-layout-flow wp-block-group-is-layout-flow\">\n<h5 class=\"wp-block-heading\">Comment sont les montagnes au Maroc ?<\/h5>\n\n\n\n<p>L&rsquo;alpinisme et l&rsquo;escalade au Maroc sont beaucoup plus sauvages que dans les Alpes \u00e0 certains \u00e9gards. Vous n&rsquo;avez pas beaucoup de Refuge\/cabane ici, seulement trois&nbsp;! Lorsque vous d\u00e9cidez de sortir, cela demande un peu plus de logistique car, la plupart du temps, vous partez pour quelques jours. L&rsquo;excursion d&rsquo;une journ\u00e9e est rare.<\/p>\n\n\n\n<p>Une autre chose est que vous n&rsquo;avez pas de service de secours. Si vous avez un probl\u00e8me en montagne, vous \u00eates seul. Nous n&rsquo;avons pas la m\u00eame infrastructure au Maroc qu&rsquo;en France ou en Italie, par exemple.<\/p>\n\n\n\n<p>Habituellement, vous mettriez votre \u00ab\u00a0camp de base\u00a0\u00bb dans le village le plus proche. Si vous avez un probl\u00e8me, c&rsquo;est le village le plus proche qui tentera de vous secourir. Je pense que vous devez redoubler de prudence lorsque vous pr\u00e9voyez d&rsquo;aller \u00e0 la montagne.<\/p>\n<\/div><\/div>\n<\/div>\n<\/div>\n\n\n\n<div class=\"wp-block-group has-md-content-width has-sm-padding-top has-sm-padding-bottom\"><div class=\"wp-block-group__inner-container is-layout-flow wp-block-group-is-layout-flow\">\n<h5 class=\"wp-block-heading\">Avez-vous eu des mauvais moments \/ effrayants dans les montagnes&nbsp;?<\/h5>\n\n\n\n<p>Oui, un couple. Je peux vous donner un exemple. Une fois, en 2015, je descendais un couloir et j&rsquo;avais cass\u00e9 un de mes crampons, donc c&rsquo;\u00e9tait assez difficile. J&rsquo;ai gliss\u00e9 et j&rsquo;ai fait une chute de 60 m &#8211; j&rsquo;\u00e9tais seul, ce qui \u00e9tait une grave erreur.<\/p>\n\n\n\n<p>Quand j&rsquo;ai r\u00e9ussi \u00e0 me ressaisir, il faisait d\u00e9j\u00e0 nuit. Je devais rentrer au village vers 14h et y arriver \u00e0 1h du matin ! Et apr\u00e8s \u00e7a, je suis rentr\u00e9 \u00e0 Casablanca, je suis arriv\u00e9 \u00e0 6h20 et je suis all\u00e9 au bureau \u00e0 8h (rires).<\/p>\n<\/div><\/div>\n\n\n\n<div class=\"wp-block-group\"><div class=\"wp-block-group__inner-container is-layout-flow wp-block-group-is-layout-flow\">\n<figure class=\"wp-block-gallery has-nested-images columns-default is-cropped wp-block-gallery-3 is-layout-flex wp-block-gallery-is-layout-flex\">\n<figure class=\"wp-block-image size-large\"><img loading=\"lazy\" decoding=\"async\" width=\"731\" height=\"1024\" data-id=\"1795\" src=\"https:\/\/endorfeen.com\/wp-content\/uploads\/2021\/03\/Faic\u0327al-Bourkiba-Climbing-Morocco-Morocks-5-731x1024.jpg\" alt=\"Fai\u00e7al Bourkiba - Escalade Maroc - Morocks 5\" class=\"wp-image-1795\" srcset=\"https:\/\/endorfeen.com\/wp-content\/uploads\/2021\/03\/Faic\u0327al-Bourkiba-Climbing-Morocco-Morocks-5-129x180.jpg 129w, https:\/\/endorfeen.com\/wp-content\/uploads\/2021\/03\/Faic\u0327al-Bourkiba-Climbing-Morocco-Morocks-5-214x300.jpg 214w, https:\/\/endorfeen.com\/wp-content\/uploads\/2021\/03\/Faic\u0327al-Bourkiba-Climbing-Morocco-Morocks-5-scaled-300x420.jpg 300w, https:\/\/endorfeen.com\/wp-content\/uploads\/2021\/03\/Faic\u0327al-Bourkiba-Climbing-Morocco-Morocks-5-scaled-600x840.jpg 600w, https:\/\/endorfeen.com\/wp-content\/uploads\/2021\/03\/Faic\u0327al-Bourkiba-Climbing-Morocco-Morocks-5-731x1024.jpg 731w, https:\/\/endorfeen.com\/wp-content\/uploads\/2021\/03\/Faic\u0327al-Bourkiba-Climbing-Morocco-Morocks-5-768x1075.jpg 768w, https:\/\/endorfeen.com\/wp-content\/uploads\/2021\/03\/Faic\u0327al-Bourkiba-Climbing-Morocco-Morocks-5-1097x1536.jpg 1097w, https:\/\/endorfeen.com\/wp-content\/uploads\/2021\/03\/Faic\u0327al-Bourkiba-Climbing-Morocco-Morocks-5-1463x2048.jpg 1463w, https:\/\/endorfeen.com\/wp-content\/uploads\/2021\/03\/Faic\u0327al-Bourkiba-Climbing-Morocco-Morocks-5-scaled.jpg 1828w\" sizes=\"auto, (max-width: 731px) 100vw, 731px\" \/><\/figure>\n\n\n\n<figure class=\"wp-block-image size-large\"><img loading=\"lazy\" decoding=\"async\" width=\"732\" height=\"1024\" data-id=\"1797\" src=\"https:\/\/endorfeen.com\/wp-content\/uploads\/2021\/03\/Faic\u0327al-Bourkiba-Climbing-Morocco-Morocks-3-732x1024.jpg\" alt=\"Fai\u00e7al Bourkiba - Escalade Maroc - Morocks 3\" class=\"wp-image-1797\" srcset=\"https:\/\/endorfeen.com\/wp-content\/uploads\/2021\/03\/Faic\u0327al-Bourkiba-Climbing-Morocco-Morocks-3-129x180.jpg 129w, https:\/\/endorfeen.com\/wp-content\/uploads\/2021\/03\/Faic\u0327al-Bourkiba-Climbing-Morocco-Morocks-3-214x300.jpg 214w, https:\/\/endorfeen.com\/wp-content\/uploads\/2021\/03\/Faic\u0327al-Bourkiba-Climbing-Morocco-Morocks-3-300x420.jpg 300w, https:\/\/endorfeen.com\/wp-content\/uploads\/2021\/03\/Faic\u0327al-Bourkiba-Climbing-Morocco-Morocks-3-600x840.jpg 600w, https:\/\/endorfeen.com\/wp-content\/uploads\/2021\/03\/Faic\u0327al-Bourkiba-Climbing-Morocco-Morocks-3-732x1024.jpg 732w, https:\/\/endorfeen.com\/wp-content\/uploads\/2021\/03\/Faic\u0327al-Bourkiba-Climbing-Morocco-Morocks-3-768x1075.jpg 768w, https:\/\/endorfeen.com\/wp-content\/uploads\/2021\/03\/Faic\u0327al-Bourkiba-Climbing-Morocco-Morocks-3.jpg 944w\" sizes=\"auto, (max-width: 732px) 100vw, 732px\" \/><\/figure>\n<\/figure>\n<\/div><\/div>\n\n\n\n<div class=\"wp-block-group has-md-content-width has-sm-padding-top has-sm-padding-bottom\"><div class=\"wp-block-group__inner-container is-layout-flow wp-block-group-is-layout-flow\">\n<h2 class=\"wp-block-heading\">Fai\u00e7al Bourkiba appartient \u00e0 ce groupe de Marocains qui poussent la discipline<\/h2>\n\n\n\n<h5 class=\"wp-block-heading\">Qu&rsquo;est-ce que Morocks ? Qu&rsquo;avez-vous d\u00e9couvert ?<\/h5>\n\n\n\n<p>Morocks est le premier projet que j&rsquo;ai r\u00e9alis\u00e9 avec Grivel. Le Maroc ne vient pas \u00e0 l&rsquo;esprit quand on pense \u00e0 l&rsquo;alpinisme ou \u00e0 l&rsquo;escalade. D&rsquo;une certaine mani\u00e8re, c&rsquo;est bizarre parce que les montagnes nous entourent, et elles ne sont pas basses. En m\u00eame temps, les Marocains n&rsquo;ont pas de pass\u00e9 dans l&rsquo;escalade.<\/p>\n\n\n\n<p>Avec Morocks, je voulais montrer au monde que le Maroc pouvait \u00eatre une excellente destination d&rsquo;alpinisme.<\/p>\n\n\n\n<p>J&rsquo;ai d\u00e9couvert que les gens dans les montagnes grimpaient pour aller sauver leurs ch\u00e8vres. L&rsquo;escalade n&rsquo;\u00e9tait pas un sport. Ils n&rsquo;avaient aucun \u00e9quipement. Ils grimpaient en sandales ! Ce n&rsquo;\u00e9tait donc qu&rsquo;une activit\u00e9 que vous feriez par pure extr\u00eame n\u00e9cessit\u00e9.<\/p>\n<\/div><\/div>\n\n\n\n<div class=\"wp-block-columns alignfull are-vertically-aligned-center is-layout-flex wp-container-core-columns-is-layout-9d6595d7 wp-block-columns-is-layout-flex\">\n<div class=\"wp-block-column is-vertically-aligned-center is-layout-flow wp-block-column-is-layout-flow\">\n<figure class=\"wp-block-gallery has-nested-images columns-default is-cropped wp-block-gallery-4 is-layout-flex wp-block-gallery-is-layout-flex\">\n<figure class=\"wp-block-image size-large\"><img loading=\"lazy\" decoding=\"async\" width=\"1024\" height=\"731\" data-id=\"1799\" src=\"https:\/\/endorfeen.com\/wp-content\/uploads\/2021\/03\/Faic\u0327al-Bourkiba-Climbing-Morocco-Morocks-1-1024x731.jpg\" alt=\"\" class=\"wp-image-1799\" srcset=\"https:\/\/endorfeen.com\/wp-content\/uploads\/2021\/03\/Faic\u0327al-Bourkiba-Climbing-Morocco-Morocks-1-240x171.jpg 240w, https:\/\/endorfeen.com\/wp-content\/uploads\/2021\/03\/Faic\u0327al-Bourkiba-Climbing-Morocco-Morocks-1-300x214.jpg 300w, https:\/\/endorfeen.com\/wp-content\/uploads\/2021\/03\/Faic\u0327al-Bourkiba-Climbing-Morocco-Morocks-1-600x428.jpg 600w, https:\/\/endorfeen.com\/wp-content\/uploads\/2021\/03\/Faic\u0327al-Bourkiba-Climbing-Morocco-Morocks-1-768x548.jpg 768w, https:\/\/endorfeen.com\/wp-content\/uploads\/2021\/03\/Faic\u0327al-Bourkiba-Climbing-Morocco-Morocks-1-1024x731.jpg 1024w, https:\/\/endorfeen.com\/wp-content\/uploads\/2021\/03\/Faic\u0327al-Bourkiba-Climbing-Morocco-Morocks-1.jpg 1080w\" sizes=\"auto, (max-width: 1024px) 100vw, 1024px\" \/><\/figure>\n<\/figure>\n<\/div>\n\n\n\n<div class=\"wp-block-column is-vertically-aligned-center is-layout-flow wp-block-column-is-layout-flow\">\n<div class=\"wp-block-group has-md-content-width has-sm-padding-top has-sm-padding-bottom has-xl-margin-right has-xl-margin-left\"><div class=\"wp-block-group__inner-container is-layout-flow wp-block-group-is-layout-flow\">\n<h5 class=\"wp-block-heading\">Quelle est la taille de la communaut\u00e9 d&rsquo;escalade maintenant&nbsp;? Qu&rsquo;est ce qui a chang\u00e9?<\/h5>\n\n\n\n<p>Tout a commenc\u00e9 avec les Fran\u00e7ais, venus pour l&rsquo;escalade sportive. Vers 2000, 2004, la montagne est devenue un peu plus populaire parmi les jeunes locaux. Le d\u00e9veloppement est lent car nous manquons d&rsquo;infrastructures et d&rsquo;acc\u00e8s \u00e0 l&rsquo;\u00e9quipement.<\/p>\n\n\n\n<p>Nous devons aller \u00e0 l&rsquo;\u00e9tranger pour acheter du mat\u00e9riel. G\u00e9n\u00e9ralement, quand l&rsquo;un de nous y va, il y va avec une liste de courses (rires).<\/p>\n<\/div><\/div>\n<\/div>\n<\/div>\n\n\n\n<div class=\"wp-block-group has-md-content-width has-sm-padding-top has-sm-padding-bottom\"><div class=\"wp-block-group__inner-container is-layout-flow wp-block-group-is-layout-flow\">\n<h5 class=\"wp-block-heading\">Avez-vous un grand groupe de personnes avec qui vous sortez?<\/h5>\n\n\n\n<p>Eh bien, pas si gros. Heureusement, ma copine fait de l&rsquo;escalade aussi (rires). Sinon, je tra\u00eene g\u00e9n\u00e9ralement avec un noyau dur de 4 ou 5 partenaires principaux.<\/p>\n\n\n\n<h5 class=\"wp-block-heading\">O\u00f9 recommanderiez-vous \u00e0 quelqu&rsquo;un qui vient pour un voyage d&rsquo;escalade d&rsquo;aller en premier&nbsp;?<\/h5>\n\n\n\n<p>C&rsquo;est une question difficile ! Vous avez tellement d&rsquo;endroits o\u00f9 aller! Vous pouvez vous rendre \u00e0 Imlil, pas trop loin de Marrakech. Vous avez aussi Azilal, qui est une r\u00e9gion tr\u00e8s sauvage, extr\u00eamement belle.<\/p>\n\n\n\n<h5 class=\"wp-block-heading\">Avez-vous des projets sp\u00e9cifiques hors du Maroc ?<\/h5>\n\n\n\n<p>Les 82 sommets de 4 000 m\u00e8tres dans les Alpes, c&rsquo;est quelque chose que j&rsquo;adorerais faire. J&rsquo;ai propos\u00e9 ce projet \u00e0 Grivel, alors je croise les doigts (rires).<\/p>\n\n\n\n<p>J&rsquo;aimerais escalader le mont Ararat, en Turquie, un volcan de plus de 5 000.<\/p>\n<\/div><\/div>\n\n\n\n<figure class=\"wp-block-embed is-type-video is-provider-youtube wp-block-embed-youtube wp-embed-aspect-16-9 wp-has-aspect-ratio\"><div class=\"wp-block-embed__wrapper\">\n<iframe loading=\"lazy\" title=\"MOROCKS - CLIMBING IN MOROCCO\" width=\"800\" height=\"450\" src=\"https:\/\/www.youtube.com\/embed\/2bbMH-ThoOs?feature=oembed\" frameborder=\"0\" allow=\"accelerometer; autoplay; clipboard-write; encrypted-media; gyroscope; picture-in-picture\" allowfullscreen><\/iframe>\n<\/div><\/figure>\n\n\n","protected":false},"excerpt":{"rendered":"<p>Fa\u00ef\u00e7al Bourkiba Fai\u00e7al Bourkiba est un grimpeur et alpiniste marocain. Il est \u00e9galement moniteur au Club Alpin Fran\u00e7ais de Casablanca. Fai\u00e7al appartient \u00e0 ce petit groupe de jeunes Marocains qui participe \u00e0 d\u00e9velopper la pratique de l&rsquo;escalade et de l&rsquo;alpinisme dans un pays couvert de montagnes mais o\u00f9 les gens ne sont pas grimpeurs \u00e0 &hellip;<\/p>\n","protected":false},"author":1,"featured_media":1796,"comment_status":"closed","ping_status":"closed","sticky":false,"template":"","format":"standard","meta":{"_acf_changed":false,"_genesis_hide_title":false,"_genesis_hide_breadcrumbs":false,"_genesis_hide_singular_image":false,"_genesis_hide_footer_widgets":false,"_genesis_custom_body_class":"","_genesis_custom_post_class":"","_genesis_layout":"","footnotes":""},"categories":[158],"tags":[159],"sponsor":[1087],"class_list":{"2":"type-post","7":"category-prophetes","8":"tag-escalade","9":"sponsor-endorfeen","10":"entry"},"yoast_head":"<!-- This site is optimized with the Yoast SEO Premium plugin v26.2 (Yoast SEO v26.2) - https:\/\/yoast.com\/wordpress\/plugins\/seo\/ -->\n<title>Fai\u00e7al Bourkiba, l&#039;alpiniste marocain - endorfeen<\/title>\n<meta name=\"description\" content=\"Fai\u00e7al Bourkiba est un grimpeur et alpiniste marocain. Il est \u00e9galement moniteur au Club Alpin Fran\u00e7ais de Casablanca.\" \/>\n<meta name=\"robots\" content=\"index, follow, max-snippet:-1, max-image-preview:large, max-video-preview:-1\" \/>\n<link rel=\"canonical\" href=\"https:\/\/endorfeen.com\/fr\/faical-bourkiba-lalpiniste-marocain\/\" \/>\n<meta property=\"og:locale\" content=\"fr_FR\" \/>\n<meta property=\"og:type\" content=\"article\" \/>\n<meta property=\"og:title\" content=\"Fai\u00e7al Bourkiba, l&#039;alpiniste marocain\" \/>\n<meta property=\"og:description\" content=\"Fai\u00e7al Bourkiba est un grimpeur et alpiniste marocain. Il est \u00e9galement moniteur au Club Alpin Fran\u00e7ais de Casablanca.\" \/>\n<meta property=\"og:url\" content=\"https:\/\/endorfeen.com\/fr\/faical-bourkiba-lalpiniste-marocain\/\" \/>\n<meta property=\"og:site_name\" content=\"endorfeen\" \/>\n<meta property=\"article:author\" content=\"http:\/\/www.facebook.com\/endorfeen-583261049007200\" \/>\n<meta property=\"article:published_time\" content=\"2021-03-04T08:00:00+00:00\" \/>\n<meta property=\"article:modified_time\" content=\"2023-08-18T10:02:54+00:00\" \/>\n<meta property=\"og:image\" content=\"https:\/\/endorfeen.com\/wp-content\/uploads\/2021\/03\/Faic\u0327al-Bourkiba-Climbing-Morocco-Morocks-4-scaled.jpg\" \/>\n\t<meta property=\"og:image:width\" content=\"2560\" \/>\n\t<meta property=\"og:image:height\" content=\"1828\" \/>\n\t<meta property=\"og:image:type\" content=\"image\/jpeg\" \/>\n<meta name=\"author\" content=\"Thomas Viguier\" \/>\n<meta name=\"twitter:card\" content=\"summary_large_image\" \/>\n<meta name=\"twitter:creator\" content=\"@https:\/\/twitter.com\/endorfeen_\" \/>\n<meta name=\"twitter:label1\" content=\"\u00c9crit par\" \/>\n\t<meta name=\"twitter:data1\" content=\"Thomas Viguier\" \/>\n\t<meta name=\"twitter:label2\" content=\"Dur\u00e9e de lecture estim\u00e9e\" \/>\n\t<meta name=\"twitter:data2\" content=\"6 minutes\" \/>\n<script type=\"application\/ld+json\" class=\"yoast-schema-graph\">{\"@context\":\"https:\/\/schema.org\",\"@graph\":[{\"@type\":\"Article\",\"@id\":\"https:\/\/endorfeen.com\/fr\/faical-bourkiba-lalpiniste-marocain\/#article\",\"isPartOf\":{\"@id\":\"https:\/\/endorfeen.com\/fr\/faical-bourkiba-lalpiniste-marocain\/\"},\"author\":{\"name\":\"Thomas Viguier\",\"@id\":\"https:\/\/endorfeen.com\/fr\/#\/schema\/person\/67e5d1d04ce51a42bb2ba3c1ee004f9e\"},\"headline\":\"Fai\u00e7al Bourkiba, l&rsquo;alpiniste marocain\",\"datePublished\":\"2021-03-04T08:00:00+00:00\",\"dateModified\":\"2023-08-18T10:02:54+00:00\",\"mainEntityOfPage\":{\"@id\":\"https:\/\/endorfeen.com\/fr\/faical-bourkiba-lalpiniste-marocain\/\"},\"wordCount\":989,\"publisher\":{\"@id\":\"https:\/\/endorfeen.com\/fr\/#organization\"},\"image\":{\"@id\":\"https:\/\/endorfeen.com\/fr\/faical-bourkiba-lalpiniste-marocain\/#primaryimage\"},\"thumbnailUrl\":\"https:\/\/endorfeen.com\/wp-content\/uploads\/2021\/03\/Faic\u0327al-Bourkiba-Climbing-Morocco-Morocks-4-scaled.jpg\",\"keywords\":[\"#escalade\"],\"articleSection\":[\"Proph\u00e8tes\"],\"inLanguage\":\"fr-FR\"},{\"@type\":\"WebPage\",\"@id\":\"https:\/\/endorfeen.com\/fr\/faical-bourkiba-lalpiniste-marocain\/\",\"url\":\"https:\/\/endorfeen.com\/fr\/faical-bourkiba-lalpiniste-marocain\/\",\"name\":\"Fai\u00e7al Bourkiba, l'alpiniste marocain - endorfeen\",\"isPartOf\":{\"@id\":\"https:\/\/endorfeen.com\/fr\/#website\"},\"primaryImageOfPage\":{\"@id\":\"https:\/\/endorfeen.com\/fr\/faical-bourkiba-lalpiniste-marocain\/#primaryimage\"},\"image\":{\"@id\":\"https:\/\/endorfeen.com\/fr\/faical-bourkiba-lalpiniste-marocain\/#primaryimage\"},\"thumbnailUrl\":\"https:\/\/endorfeen.com\/wp-content\/uploads\/2021\/03\/Faic\u0327al-Bourkiba-Climbing-Morocco-Morocks-4-scaled.jpg\",\"datePublished\":\"2021-03-04T08:00:00+00:00\",\"dateModified\":\"2023-08-18T10:02:54+00:00\",\"description\":\"Fai\u00e7al Bourkiba est un grimpeur et alpiniste marocain. Il est \u00e9galement moniteur au Club Alpin Fran\u00e7ais de Casablanca.\",\"breadcrumb\":{\"@id\":\"https:\/\/endorfeen.com\/fr\/faical-bourkiba-lalpiniste-marocain\/#breadcrumb\"},\"inLanguage\":\"fr-FR\",\"potentialAction\":[{\"@type\":\"ReadAction\",\"target\":[\"https:\/\/endorfeen.com\/fr\/faical-bourkiba-lalpiniste-marocain\/\"]}]},{\"@type\":\"ImageObject\",\"inLanguage\":\"fr-FR\",\"@id\":\"https:\/\/endorfeen.com\/fr\/faical-bourkiba-lalpiniste-marocain\/#primaryimage\",\"url\":\"https:\/\/endorfeen.com\/wp-content\/uploads\/2021\/03\/Faic\u0327al-Bourkiba-Climbing-Morocco-Morocks-4-scaled.jpg\",\"contentUrl\":\"https:\/\/endorfeen.com\/wp-content\/uploads\/2021\/03\/Faic\u0327al-Bourkiba-Climbing-Morocco-Morocks-4-scaled.jpg\",\"width\":2560,\"height\":1828},{\"@type\":\"BreadcrumbList\",\"@id\":\"https:\/\/endorfeen.com\/fr\/faical-bourkiba-lalpiniste-marocain\/#breadcrumb\",\"itemListElement\":[{\"@type\":\"ListItem\",\"position\":1,\"name\":\"Home\",\"item\":\"https:\/\/endorfeen.com\/fr\/\"},{\"@type\":\"ListItem\",\"position\":2,\"name\":\"Fai\u00e7al Bourkiba, l&#8217;alpiniste marocain\"}]},{\"@type\":\"WebSite\",\"@id\":\"https:\/\/endorfeen.com\/fr\/#website\",\"url\":\"https:\/\/endorfeen.com\/fr\/\",\"name\":\"endorfeen\",\"description\":\"The Media For Sustainable Outdoors.\",\"publisher\":{\"@id\":\"https:\/\/endorfeen.com\/fr\/#organization\"},\"potentialAction\":[{\"@type\":\"SearchAction\",\"target\":{\"@type\":\"EntryPoint\",\"urlTemplate\":\"https:\/\/endorfeen.com\/fr\/?s={search_term_string}\"},\"query-input\":{\"@type\":\"PropertyValueSpecification\",\"valueRequired\":true,\"valueName\":\"search_term_string\"}}],\"inLanguage\":\"fr-FR\"},{\"@type\":\"Organization\",\"@id\":\"https:\/\/endorfeen.com\/fr\/#organization\",\"name\":\"endorfeen\",\"url\":\"https:\/\/endorfeen.com\/fr\/\",\"logo\":{\"@type\":\"ImageObject\",\"inLanguage\":\"fr-FR\",\"@id\":\"https:\/\/endorfeen.com\/fr\/#\/schema\/logo\/image\/\",\"url\":\"https:\/\/endorfeen.com\/wp-content\/uploads\/2022\/06\/Circle-endorfeen-site-icon-circled-1000-x-1000-300psi.png\",\"contentUrl\":\"https:\/\/endorfeen.com\/wp-content\/uploads\/2022\/06\/Circle-endorfeen-site-icon-circled-1000-x-1000-300psi.png\",\"width\":1000,\"height\":1000,\"caption\":\"endorfeen\"},\"image\":{\"@id\":\"https:\/\/endorfeen.com\/fr\/#\/schema\/logo\/image\/\"}},{\"@type\":\"Person\",\"@id\":\"https:\/\/endorfeen.com\/fr\/#\/schema\/person\/67e5d1d04ce51a42bb2ba3c1ee004f9e\",\"name\":\"Thomas Viguier\",\"image\":{\"@type\":\"ImageObject\",\"inLanguage\":\"fr-FR\",\"@id\":\"https:\/\/endorfeen.com\/fr\/#\/schema\/person\/image\/\",\"url\":\"https:\/\/secure.gravatar.com\/avatar\/0a306c7e99e00df5d99c2c5d01d3308bccf257ab82d30f23cc0862ed35c57419?s=96&d=mm&r=g\",\"contentUrl\":\"https:\/\/secure.gravatar.com\/avatar\/0a306c7e99e00df5d99c2c5d01d3308bccf257ab82d30f23cc0862ed35c57419?s=96&d=mm&r=g\",\"caption\":\"Thomas Viguier\"},\"description\":\"Everyone has a story to tell. endorfeen is built as a collaborative platform, giving the voice to anyone with a story to tell.If you have things you want to share, register here.\",\"sameAs\":[\"https:\/\/endorfeen.com\",\"http:\/\/www.facebook.com\/endorfeen-583261049007200\",\"http:\/\/www.instagram.com\/endorfeen_\/\",\"https:\/\/fi.pinterest.com\/endorfeen_\/\",\"https:\/\/x.com\/https:\/\/twitter.com\/endorfeen_\"],\"url\":\"https:\/\/endorfeen.com\/fr\/linkto\/thomas-viguier\/\"}]}<\/script>\n<!-- \/ Yoast SEO Premium plugin. -->","yoast_head_json":{"title":"Fai\u00e7al Bourkiba, l'alpiniste marocain - endorfeen","description":"Fai\u00e7al Bourkiba est un grimpeur et alpiniste marocain. Il est \u00e9galement moniteur au Club Alpin Fran\u00e7ais de Casablanca.","robots":{"index":"index","follow":"follow","max-snippet":"max-snippet:-1","max-image-preview":"max-image-preview:large","max-video-preview":"max-video-preview:-1"},"canonical":"https:\/\/endorfeen.com\/fr\/faical-bourkiba-lalpiniste-marocain\/","og_locale":"fr_FR","og_type":"article","og_title":"Fai\u00e7al Bourkiba, l'alpiniste marocain","og_description":"Fai\u00e7al Bourkiba est un grimpeur et alpiniste marocain. Il est \u00e9galement moniteur au Club Alpin Fran\u00e7ais de Casablanca.","og_url":"https:\/\/endorfeen.com\/fr\/faical-bourkiba-lalpiniste-marocain\/","og_site_name":"endorfeen","article_author":"http:\/\/www.facebook.com\/endorfeen-583261049007200","article_published_time":"2021-03-04T08:00:00+00:00","article_modified_time":"2023-08-18T10:02:54+00:00","og_image":[{"width":2560,"height":1828,"url":"https:\/\/endorfeen.com\/wp-content\/uploads\/2021\/03\/Faic\u0327al-Bourkiba-Climbing-Morocco-Morocks-4-scaled.jpg","type":"image\/jpeg"}],"author":"Thomas Viguier","twitter_card":"summary_large_image","twitter_creator":"@https:\/\/twitter.com\/endorfeen_","twitter_misc":{"\u00c9crit par":"Thomas Viguier","Dur\u00e9e de lecture estim\u00e9e":"6 minutes"},"schema":{"@context":"https:\/\/schema.org","@graph":[{"@type":"Article","@id":"https:\/\/endorfeen.com\/fr\/faical-bourkiba-lalpiniste-marocain\/#article","isPartOf":{"@id":"https:\/\/endorfeen.com\/fr\/faical-bourkiba-lalpiniste-marocain\/"},"author":{"name":"Thomas Viguier","@id":"https:\/\/endorfeen.com\/fr\/#\/schema\/person\/67e5d1d04ce51a42bb2ba3c1ee004f9e"},"headline":"Fai\u00e7al Bourkiba, l&rsquo;alpiniste marocain","datePublished":"2021-03-04T08:00:00+00:00","dateModified":"2023-08-18T10:02:54+00:00","mainEntityOfPage":{"@id":"https:\/\/endorfeen.com\/fr\/faical-bourkiba-lalpiniste-marocain\/"},"wordCount":989,"publisher":{"@id":"https:\/\/endorfeen.com\/fr\/#organization"},"image":{"@id":"https:\/\/endorfeen.com\/fr\/faical-bourkiba-lalpiniste-marocain\/#primaryimage"},"thumbnailUrl":"https:\/\/endorfeen.com\/wp-content\/uploads\/2021\/03\/Faic\u0327al-Bourkiba-Climbing-Morocco-Morocks-4-scaled.jpg","keywords":["#escalade"],"articleSection":["Proph\u00e8tes"],"inLanguage":"fr-FR"},{"@type":"WebPage","@id":"https:\/\/endorfeen.com\/fr\/faical-bourkiba-lalpiniste-marocain\/","url":"https:\/\/endorfeen.com\/fr\/faical-bourkiba-lalpiniste-marocain\/","name":"Fai\u00e7al Bourkiba, l'alpiniste marocain - endorfeen","isPartOf":{"@id":"https:\/\/endorfeen.com\/fr\/#website"},"primaryImageOfPage":{"@id":"https:\/\/endorfeen.com\/fr\/faical-bourkiba-lalpiniste-marocain\/#primaryimage"},"image":{"@id":"https:\/\/endorfeen.com\/fr\/faical-bourkiba-lalpiniste-marocain\/#primaryimage"},"thumbnailUrl":"https:\/\/endorfeen.com\/wp-content\/uploads\/2021\/03\/Faic\u0327al-Bourkiba-Climbing-Morocco-Morocks-4-scaled.jpg","datePublished":"2021-03-04T08:00:00+00:00","dateModified":"2023-08-18T10:02:54+00:00","description":"Fai\u00e7al Bourkiba est un grimpeur et alpiniste marocain. Il est \u00e9galement moniteur au Club Alpin Fran\u00e7ais de Casablanca.","breadcrumb":{"@id":"https:\/\/endorfeen.com\/fr\/faical-bourkiba-lalpiniste-marocain\/#breadcrumb"},"inLanguage":"fr-FR","potentialAction":[{"@type":"ReadAction","target":["https:\/\/endorfeen.com\/fr\/faical-bourkiba-lalpiniste-marocain\/"]}]},{"@type":"ImageObject","inLanguage":"fr-FR","@id":"https:\/\/endorfeen.com\/fr\/faical-bourkiba-lalpiniste-marocain\/#primaryimage","url":"https:\/\/endorfeen.com\/wp-content\/uploads\/2021\/03\/Faic\u0327al-Bourkiba-Climbing-Morocco-Morocks-4-scaled.jpg","contentUrl":"https:\/\/endorfeen.com\/wp-content\/uploads\/2021\/03\/Faic\u0327al-Bourkiba-Climbing-Morocco-Morocks-4-scaled.jpg","width":2560,"height":1828},{"@type":"BreadcrumbList","@id":"https:\/\/endorfeen.com\/fr\/faical-bourkiba-lalpiniste-marocain\/#breadcrumb","itemListElement":[{"@type":"ListItem","position":1,"name":"Home","item":"https:\/\/endorfeen.com\/fr\/"},{"@type":"ListItem","position":2,"name":"Fai\u00e7al Bourkiba, l&#8217;alpiniste marocain"}]},{"@type":"WebSite","@id":"https:\/\/endorfeen.com\/fr\/#website","url":"https:\/\/endorfeen.com\/fr\/","name":"endorfeen","description":"The Media For Sustainable Outdoors.","publisher":{"@id":"https:\/\/endorfeen.com\/fr\/#organization"},"potentialAction":[{"@type":"SearchAction","target":{"@type":"EntryPoint","urlTemplate":"https:\/\/endorfeen.com\/fr\/?s={search_term_string}"},"query-input":{"@type":"PropertyValueSpecification","valueRequired":true,"valueName":"search_term_string"}}],"inLanguage":"fr-FR"},{"@type":"Organization","@id":"https:\/\/endorfeen.com\/fr\/#organization","name":"endorfeen","url":"https:\/\/endorfeen.com\/fr\/","logo":{"@type":"ImageObject","inLanguage":"fr-FR","@id":"https:\/\/endorfeen.com\/fr\/#\/schema\/logo\/image\/","url":"https:\/\/endorfeen.com\/wp-content\/uploads\/2022\/06\/Circle-endorfeen-site-icon-circled-1000-x-1000-300psi.png","contentUrl":"https:\/\/endorfeen.com\/wp-content\/uploads\/2022\/06\/Circle-endorfeen-site-icon-circled-1000-x-1000-300psi.png","width":1000,"height":1000,"caption":"endorfeen"},"image":{"@id":"https:\/\/endorfeen.com\/fr\/#\/schema\/logo\/image\/"}},{"@type":"Person","@id":"https:\/\/endorfeen.com\/fr\/#\/schema\/person\/67e5d1d04ce51a42bb2ba3c1ee004f9e","name":"Thomas Viguier","image":{"@type":"ImageObject","inLanguage":"fr-FR","@id":"https:\/\/endorfeen.com\/fr\/#\/schema\/person\/image\/","url":"https:\/\/secure.gravatar.com\/avatar\/0a306c7e99e00df5d99c2c5d01d3308bccf257ab82d30f23cc0862ed35c57419?s=96&d=mm&r=g","contentUrl":"https:\/\/secure.gravatar.com\/avatar\/0a306c7e99e00df5d99c2c5d01d3308bccf257ab82d30f23cc0862ed35c57419?s=96&d=mm&r=g","caption":"Thomas Viguier"},"description":"Everyone has a story to tell. endorfeen is built as a collaborative platform, giving the voice to anyone with a story to tell.If you have things you want to share, register here.","sameAs":["https:\/\/endorfeen.com","http:\/\/www.facebook.com\/endorfeen-583261049007200","http:\/\/www.instagram.com\/endorfeen_\/","https:\/\/fi.pinterest.com\/endorfeen_\/","https:\/\/x.com\/https:\/\/twitter.com\/endorfeen_"],"url":"https:\/\/endorfeen.com\/fr\/linkto\/thomas-viguier\/"}]}},"featured_image_src":"https:\/\/endorfeen.com\/wp-content\/uploads\/2021\/03\/Faic\u0327al-Bourkiba-Climbing-Morocco-Morocks-4-600x400.jpg","featured_image_src_square":"https:\/\/endorfeen.com\/wp-content\/uploads\/2021\/03\/Faic\u0327al-Bourkiba-Climbing-Morocco-Morocks-4-600x600.jpg","author_info":{"display_name":"Thomas Viguier","author_link":"https:\/\/endorfeen.com\/fr\/linkto\/thomas-viguier\/"},"acf":[],"_links":{"self":[{"href":"https:\/\/endorfeen.com\/fr\/wp-json\/wp\/v2\/posts\/1885","targetHints":{"allow":["GET"]}}],"collection":[{"href":"https:\/\/endorfeen.com\/fr\/wp-json\/wp\/v2\/posts"}],"about":[{"href":"https:\/\/endorfeen.com\/fr\/wp-json\/wp\/v2\/types\/post"}],"author":[{"embeddable":true,"href":"https:\/\/endorfeen.com\/fr\/wp-json\/wp\/v2\/users\/1"}],"replies":[{"embeddable":true,"href":"https:\/\/endorfeen.com\/fr\/wp-json\/wp\/v2\/comments?post=1885"}],"version-history":[{"count":0,"href":"https:\/\/endorfeen.com\/fr\/wp-json\/wp\/v2\/posts\/1885\/revisions"}],"wp:featuredmedia":[{"embeddable":true,"href":"https:\/\/endorfeen.com\/fr\/wp-json\/wp\/v2\/media\/1796"}],"wp:attachment":[{"href":"https:\/\/endorfeen.com\/fr\/wp-json\/wp\/v2\/media?parent=1885"}],"wp:term":[{"taxonomy":"category","embeddable":true,"href":"https:\/\/endorfeen.com\/fr\/wp-json\/wp\/v2\/categories?post=1885"},{"taxonomy":"post_tag","embeddable":true,"href":"https:\/\/endorfeen.com\/fr\/wp-json\/wp\/v2\/tags?post=1885"},{"taxonomy":"sponsor","embeddable":true,"href":"https:\/\/endorfeen.com\/fr\/wp-json\/wp\/v2\/sponsor?post=1885"}],"curies":[{"name":"wp","href":"https:\/\/api.w.org\/{rel}","templated":true}]}}