{"id":16017,"date":"2024-02-11T08:00:00","date_gmt":"2024-02-11T08:00:00","guid":{"rendered":"https:\/\/endorfeen.com\/steep-dreams-fay-manners-on-aiguille-du-moine\/"},"modified":"2024-02-13T11:40:24","modified_gmt":"2024-02-13T11:40:24","slug":"reves-audacieux-fay-manners-sur-laiguille-du-moine","status":"publish","type":"post","link":"https:\/\/endorfeen.com\/fr\/reves-audacieux-fay-manners-sur-laiguille-du-moine\/","title":{"rendered":"R\u00eaves Audacieux : Fay Manners sur l&rsquo;Aiguille du Moine"},"content":{"rendered":"\n<p><strong>Fay Manners<\/strong>, une skieuse qui a d\u00e9couvert sa passion pour le ski de pente raide apr\u00e8s avoir d\u00e9m\u00e9nag\u00e9 \u00e0 Chamonix il y a huit ans, a entrepris un projet ambitieux sur l&rsquo;Aiguille du Moine. Le ski de pente raide a repr\u00e9sent\u00e9 un nouveau d\u00e9fi qu&rsquo;elle a appris \u00e0 ch\u00e9rir. En raison de conditions d\u00e9favorables pour l&rsquo;escalade sur glace cette saison, Manners a d\u00e9cid\u00e9 de se tourner vers une entreprise personnelle de ski pour conqu\u00e9rir des pentes escarp\u00e9es.<\/p>\n\n\n\n<p>Son projet d\u00e9crit un objectif audacieux de skier trois descentes abruptes embl\u00e9matiques dans les Alpes. Cette entreprise ne concerne pas seulement le ski; elle implique \u00e9galement de d\u00e9buter les ascensions depuis la vall\u00e9e et de faire du v\u00e9lo entre ces pentes monumentales. Pr\u00e9vue pour la fin de saison &#8211; d&rsquo;avril \u00e0 juin, selon les conditions m\u00e9t\u00e9orologiques &#8211; cette initiative repr\u00e9sente un m\u00e9lange d&rsquo;endurance, de comp\u00e9tence et d&rsquo;adaptation environnementale.<\/p>\n\n\n\n<p>\u00ab\u00a0En l&rsquo;absence d&rsquo;opportunit\u00e9s d&rsquo;escalade sur glace, j&rsquo;ai vu une chance de me d\u00e9fier moi-m\u00eame avec des objectifs de ski en pente raide\u00a0\u00bb, a expliqu\u00e9 Manners. Son enthousiasme pour le projet est palpable, refl\u00e9tant une connexion profonde avec les montagnes et une poursuite incessante de la croissance personnelle au milieu de la grandeur alpine.<\/p>\n\n\n\n<h3 class=\"wp-block-heading\" id=\"h-la-conception-du-projet-de-ski-sur-l-aiguille-du-moine\">La Conception du Projet de Ski sur l&rsquo;Aiguille du Moine<\/h3>\n\n\n\n<p>Le lancement du projet de Fay Manners sur l&rsquo;Aiguille du Moine a commenc\u00e9 avec une collaboration qui allait \u00e9tablir un nouveau standard pour ses exploits en ski. En collaborant avec The North Face, Manners a \u00e9t\u00e9 encourag\u00e9e \u00e0 am\u00e9liorer ses comp\u00e9tences en ski de pente sous la tutelle des athl\u00e8tes renomm\u00e9s <a href=\"https:\/\/en.wikipedia.org\/wiki\/Math%C3%A9o_Jacquemoud\" target=\"_blank\" rel=\"noreferrer noopener\">Math\u00e9o Jacquemoud<\/a>, Tom Lafaille et <a href=\"https:\/\/endorfeen.com\/fr\/guillaume-pierrel-plus-que-votre-guide-chamoniard-moyen\/\">Guillaume Pierrel<\/a>. Jacquemoud, connu pour son expertise exceptionnelle en ski-alpinisme et son endurance; Lafaille, un skieur de pente aguerri avec une riche exp\u00e9rience sur les terrains difficiles de Chamonix; et <a href=\"https:\/\/endorfeen.com\/fr\/cho-polu-ascension-epique-sur-les-traces-dhillary-et-bohigas\/\">Pierrel, qui, entre autres, a r\u00e9cemment ski\u00e9 le Cho Polu<\/a>, ont offert \u00e0 Manners une occasion in\u00e9gal\u00e9e d&rsquo;am\u00e9liorer sa condition physique et sa ma\u00eetrise technique.<\/p>\n\n\n\n<figure class=\"wp-block-image size-large is-resized\"><img loading=\"lazy\" decoding=\"async\" width=\"768\" height=\"1024\" src=\"https:\/\/endorfeen.com\/wp-content\/uploads\/2024\/02\/Aiguille-du-Moine-\u00a9-Fay-Manners-768x1024.jpg\" alt=\"\" class=\"wp-image-15993\" style=\"width:820px;height:auto\" srcset=\"https:\/\/endorfeen.com\/wp-content\/uploads\/2024\/02\/Aiguille-du-Moine-\u00a9-Fay-Manners-225x300.jpg 225w, https:\/\/endorfeen.com\/wp-content\/uploads\/2024\/02\/Aiguille-du-Moine-\u00a9-Fay-Manners-768x1024.jpg 768w, https:\/\/endorfeen.com\/wp-content\/uploads\/2024\/02\/Aiguille-du-Moine-\u00a9-Fay-Manners-1152x1536.jpg 1152w, https:\/\/endorfeen.com\/wp-content\/uploads\/2024\/02\/Aiguille-du-Moine-\u00a9-Fay-Manners-scaled.jpg 1536w\" sizes=\"auto, (max-width: 768px) 100vw, 768px\" \/><\/figure>\n\n\n\n<p>L&rsquo;ambition de Manners a \u00e9t\u00e9 davantage aliment\u00e9e par une <a href=\"https:\/\/www.youtube.com\/watch?v=MWGBLg9ndTc&amp;ab_channel=SevenDoc\" target=\"_blank\" rel=\"noreferrer noopener\">vid\u00e9o captivante de la descente de Jean-Marc Bovin sur la face sud<\/a>, qui, malgr\u00e9 son allure redoutable, a catalys\u00e9 son engagement \u00e0 affronter les parois abruptes et embl\u00e9matiques des Alpes. \u00ab\u00a0Ma r\u00e9action initiale \u00e9tait un m\u00e9lange de crainte et d&rsquo;intimidation, mais reconnaissant cela comme une opportunit\u00e9 id\u00e9ale pour s&rsquo;entra\u00eener, cela correspondait parfaitement \u00e0 mon objectif de la saison,\u00a0\u00bb se souvient Manners.<\/p>\n\n\n\n<p>Le projet a pris de l&rsquo;ampleur lorsque Lafaille a identifi\u00e9 une fen\u00eatre m\u00e9t\u00e9orologique pr\u00e9sentant des conditions id\u00e9ales pour leur ascension. Cette p\u00e9riode de neige printani\u00e8re transformationnelle et l&rsquo;importance de la ligne pour Lafaille, qui avait d\u00e9j\u00e0 guid\u00e9 sur la montagne, ont soulign\u00e9 la nature significative de l&rsquo;entreprise. Alors que le duo se pr\u00e9parait pour leur voyage, leurs efforts symbolisaient un d\u00e9fi personnel et une ambition partag\u00e9e de conqu\u00e9rir l&rsquo;une des descentes les plus v\u00e9n\u00e9r\u00e9es des Alpes.<\/p>\n\n\n\n<h3 class=\"wp-block-heading\" id=\"h-anticipation-et-strategie-preparation-pour-l-aiguille-du-moine\">Anticipation et Strat\u00e9gie : Pr\u00e9paration pour l&rsquo;Aiguille du Moine<\/h3>\n\n\n\n<p>Dans les jours pr\u00e9c\u00e9dant leur descente ambitieuse de l&rsquo;Aiguille du Moine, Fay Manners et son \u00e9quipe ont d\u00e9montr\u00e9 l&rsquo;essence de la pr\u00e9paration et de la pr\u00e9voyance. Avant ce d\u00e9fi, ils avaient achev\u00e9 la premi\u00e8re r\u00e9p\u00e9tition d&rsquo;une route &#8211; \u00ab\u00a0Y&rsquo;a pas foule\u00a0\u00bb dans le bassin d&rsquo;Argenti\u00e8re, initialement \u00e9tablie par Vivian Bruchez. Cette premi\u00e8re tentative a servi d&rsquo;\u00e9chauffement et a solidifi\u00e9 leur partenariat, instaurant un ton confiant pour la t\u00e2che plus intimidante \u00e0 venir.<\/p>\n\n\n\n<figure class=\"wp-block-image alignwide size-large\"><img loading=\"lazy\" decoding=\"async\" width=\"1024\" height=\"768\" src=\"https:\/\/endorfeen.com\/wp-content\/uploads\/2024\/02\/Tom-L.-and-Fay-M.-in-the-Argentiere-Bassin-\u00a9-Fay-Manners-1024x768.jpg\" alt=\"Tom Lafaille et Fay Manners dans le bassin d'Argenti\u00e8re - \u00a9 Fay Manners\" class=\"wp-image-15981\" srcset=\"https:\/\/endorfeen.com\/wp-content\/uploads\/2024\/02\/Tom-L.-and-Fay-M.-in-the-Argentiere-Bassin-\u00a9-Fay-Manners-300x225.jpg 300w, https:\/\/endorfeen.com\/wp-content\/uploads\/2024\/02\/Tom-L.-and-Fay-M.-in-the-Argentiere-Bassin-\u00a9-Fay-Manners-400x300.jpg 400w, https:\/\/endorfeen.com\/wp-content\/uploads\/2024\/02\/Tom-L.-and-Fay-M.-in-the-Argentiere-Bassin-\u00a9-Fay-Manners-768x576.jpg 768w, https:\/\/endorfeen.com\/wp-content\/uploads\/2024\/02\/Tom-L.-and-Fay-M.-in-the-Argentiere-Bassin-\u00a9-Fay-Manners-800x600.jpg 800w, https:\/\/endorfeen.com\/wp-content\/uploads\/2024\/02\/Tom-L.-and-Fay-M.-in-the-Argentiere-Bassin-\u00a9-Fay-Manners-1024x768.jpg 1024w, https:\/\/endorfeen.com\/wp-content\/uploads\/2024\/02\/Tom-L.-and-Fay-M.-in-the-Argentiere-Bassin-\u00a9-Fay-Manners-1200x900.jpg 1200w, https:\/\/endorfeen.com\/wp-content\/uploads\/2024\/02\/Tom-L.-and-Fay-M.-in-the-Argentiere-Bassin-\u00a9-Fay-Manners-1536x1152.jpg 1536w, https:\/\/endorfeen.com\/wp-content\/uploads\/2024\/02\/Tom-L.-and-Fay-M.-in-the-Argentiere-Bassin-\u00a9-Fay-Manners-scaled.jpg 2048w\" sizes=\"auto, (max-width: 1024px) 100vw, 1024px\" \/><figcaption class=\"wp-element-caption\">Tom Lafaille et Fay Manners dans le bassin d&rsquo;Argenti\u00e8re &#8211; \u00a9 Fay Manners<\/figcaption><\/figure>\n\n\n\n<p>Reconnaissant les difficult\u00e9s potentielles pos\u00e9es par la chaleur du jour, qui pourrait compromettre les conditions de leur descente, l&rsquo;\u00e9quipe a opt\u00e9 pour une approche proactive. Ils ont gravi la montagne un jour plus t\u00f4t, passant la nuit dans un refuge de montagne pour commencer leur ascension dans les conditions optimales de la fermet\u00e9 matinale. Cette strat\u00e9gie leur a donn\u00e9 amplement le temps de rep\u00e9rer l&rsquo;itin\u00e9raire, d&rsquo;identifier les points n\u00e9cessaires pour les rappels et de s&rsquo;assurer que tout \u00e9tait en place pour une descente en toute s\u00e9curit\u00e9.<\/p>\n\n\n\n<figure class=\"wp-block-image alignwide size-large\"><img loading=\"lazy\" decoding=\"async\" width=\"768\" height=\"1024\" src=\"https:\/\/endorfeen.com\/wp-content\/uploads\/2024\/02\/Tom-Lafaille-and-Fay-Manners-in-the-Argentiere-Bassin-\u00a9-Fay-Manners-768x1024.jpg\" alt=\" class=\" class=\"wp-image-15983\" srcset=\"https:\/\/endorfeen.com\/wp-content\/uploads\/2024\/02\/Tom-Lafaille-and-Fay-Manners-in-the-Argentiere-Bassin-\u00a9-Fay-Manners-225x300.jpg 225w, https:\/\/endorfeen.com\/wp-content\/uploads\/2024\/02\/Tom-Lafaille-and-Fay-Manners-in-the-Argentiere-Bassin-\u00a9-Fay-Manners-768x1024.jpg 768w, https:\/\/endorfeen.com\/wp-content\/uploads\/2024\/02\/Tom-Lafaille-and-Fay-Manners-in-the-Argentiere-Bassin-\u00a9-Fay-Manners-1152x1536.jpg 1152w, https:\/\/endorfeen.com\/wp-content\/uploads\/2024\/02\/Tom-Lafaille-and-Fay-Manners-in-the-Argentiere-Bassin-\u00a9-Fay-Manners-scaled.jpg 1536w\" sizes=\"auto, (max-width: 768px) 100vw, 768px\" \/><figcaption class=\"wp-element-caption\">Tom Lafaille sur l&rsquo;Aiguille du Moine &#8211; \u00a9 Fay Manners<\/figcaption><\/figure>\n\n\n\n<p>Manners a soulign\u00e9 l&rsquo;importance de cette phase de pr\u00e9paration, affirmant, \u00ab\u00a0Nous pensions qu&rsquo;il serait assez difficile de g\u00e9rer la descente enti\u00e8re dans de bonnes conditions en utilisant la permi\u00e8re remont\u00e9e m\u00e9canique. Alors, rester dans le refuge et commencer t\u00f4t \u00e9tait notre meilleur pari pour une neige parfaite.\u00a0\u00bb Cette approche calcul\u00e9e souligne la planification m\u00e9ticuleuse et l&rsquo;adaptabilit\u00e9 requises dans le ski de haute montagne, o\u00f9 la nature impr\u00e9visible de la montagne exige le respect et une r\u00e9flexion soign\u00e9e. Gr\u00e2ce \u00e0 leur pr\u00e9paration assidue, Manners et son \u00e9quipe ont illustr\u00e9 le m\u00e9lange de passion et de prudence qui caract\u00e9rise la communaut\u00e9 des passionn\u00e9s de plein air.<\/p>\n\n\n\n<h3 class=\"wp-block-heading\" id=\"h-naviguer-aiguille-du-moine\">Naviguer Aiguille du Moine<\/h3>\n\n\n\n<p>Leur voyage a commenc\u00e9 par une nuit au Couvercle, un refuge douillet qui leur a offert un bref r\u00e9pit avant l&rsquo;importante t\u00e2che \u00e0 venir. Ce pr\u00e9lude \u00e0 leur aventure a instaur\u00e9 une ambiance r\u00e9confortante et laiss\u00e9 pr\u00e9sager de la difficult\u00e9 du trajet, car m\u00eame les alpinistes chevronn\u00e9s pr\u00e9sents dans la cabane ont puis\u00e9 de l&rsquo;inspiration de leur audacieuse entreprise.<\/p>\n\n\n\n<p>Partant \u00e0 l&rsquo;aube, vers 5 heures du matin, l&rsquo;\u00e9quipe a \u00e9t\u00e9 imm\u00e9diatement confront\u00e9e \u00e0 la dure r\u00e9alit\u00e9 de leur d\u00e9fi. La phase initiale de leur ascension impliquait de naviguer sur une dalle rocheuse \u00e0 peine recouverte de neige dans l&rsquo;obscurit\u00e9, une \u00e9preuve qui pr\u00e9sageait la nature exigeante de l&rsquo;itin\u00e9raire. L&rsquo;utilisation de deux piolets et de crampons d\u00e8s le d\u00e9but soulignait la pente abrupte et l&rsquo;exposition auxquelles ils \u00e9taient sur le point de faire face.<\/p>\n\n\n\n<figure class=\"wp-block-image alignwide size-large\"><img loading=\"lazy\" decoding=\"async\" width=\"768\" height=\"1024\" src=\"https:\/\/endorfeen.com\/wp-content\/uploads\/2024\/02\/Photo-28-01-2024-16-16-52-768x1024.jpg\" alt=\"Aiguille du Moine - \u00a9 Fay Manners\" class=\"wp-image-15989\" srcset=\"https:\/\/endorfeen.com\/wp-content\/uploads\/2024\/02\/Photo-28-01-2024-16-16-52-225x300.jpg 225w, https:\/\/endorfeen.com\/wp-content\/uploads\/2024\/02\/Photo-28-01-2024-16-16-52-768x1024.jpg 768w, https:\/\/endorfeen.com\/wp-content\/uploads\/2024\/02\/Photo-28-01-2024-16-16-52-1152x1536.jpg 1152w, https:\/\/endorfeen.com\/wp-content\/uploads\/2024\/02\/Photo-28-01-2024-16-16-52-scaled.jpg 1536w\" sizes=\"auto, (max-width: 768px) 100vw, 768px\" \/><figcaption class=\"wp-element-caption\">\u00a9 Fay Manners<\/figcaption><\/figure>\n\n\n\n<p>Manners a d\u00e9crit l&rsquo;exp\u00e9rience troublante de traverser des dalles glac\u00e9es et de placer des protections sur des sections pr\u00e9caires. Un moment particuli\u00e8rement tendu est survenu lorsque Tom Lafaille, en t\u00eate de l&rsquo;ascension, a d\u00fb concevoir un assurage improvis\u00e9 \u00e0 partir de ses piolets, mettant en \u00e9vidence l&rsquo;adaptabilit\u00e9 requise dans de telles conditions extr\u00eames. Leur mont\u00e9e a \u00e9t\u00e9 ponctu\u00e9e par l&rsquo;\u00e9tablissement de deux points d&rsquo;abseil critiques, un mouvement strat\u00e9gique qui a assur\u00e9 leur descente en toute s\u00e9curit\u00e9 au milieu des conditions changeantes de la montagne.<\/p>\n\n\n\n<p>Au fur et \u00e0 mesure qu&rsquo;ils s&rsquo;\u00e9levaient, la nature intimidante de leur t\u00e2che devenait de plus en plus \u00e9vidente. La n\u00e9cessit\u00e9 de cr\u00e9er un <a href=\"https:\/\/en.wikipedia.org\/wiki\/Abalakov_thread\" target=\"_blank\" rel=\"noreferrer noopener\">ancrage Abalakov<\/a> pour le rappel illustrait les r\u00e9alit\u00e9s s\u00e9v\u00e8res du ski de haute montagne, o\u00f9 la pr\u00e9paration et la s\u00e9curit\u00e9 sont primordiales. Ce travail pr\u00e9paratoire minutieux \u00e9tait crucial pour leur succ\u00e8s et leur s\u00e9curit\u00e9 dans l&rsquo;incertitude de l&rsquo;obscurit\u00e9 d&rsquo;avant l&rsquo;aube.<\/p>\n\n\n\n<p>En atteignant le sommet, le duo a fait face \u00e0 un d\u00e9fi impr\u00e9vu : une couverture nuageuse persistante qui a retard\u00e9 l&rsquo;assouplissement de la neige, essentiel pour une descente en toute s\u00e9curit\u00e9 &#8211; la p\u00e9riode d&rsquo;attente, remplie d&rsquo;anticipation et d&rsquo;anxi\u00e9t\u00e9, a mis \u00e0 l&rsquo;\u00e9preuve leur patience et leur d\u00e9termination. \u00ab\u00a0J&rsquo;esp\u00e8re que la neige va s&rsquo;assouplir,\u00a0\u00bb a r\u00e9fl\u00e9chi Manners lors de ce moment tendu, capturant le m\u00e9lange d&rsquo;espoir et d&rsquo;appr\u00e9hension qui caract\u00e9rise de telles entreprises \u00e0 haut risque.<\/p>\n\n\n\n<h3 class=\"wp-block-heading\" id=\"h-descente-en-douceur-maitrise-de-l-aiguille-du-moine\">Descente en Douceur : Ma\u00eetrise de l&rsquo;Aiguille du Moine<\/h3>\n\n\n\n<p>Lorsque le moment est venu de descendre l&rsquo;Aiguille du Moine, l&rsquo;atmosph\u00e8re \u00e9tait charg\u00e9e d&rsquo;anticipation. Tom Lafaille, un v\u00e9t\u00e9ran aguerri du ski de pente raide, a marqu\u00e9 une pause au sommet, contemplant la descente. Ce moment d&rsquo;h\u00e9sitation a soulign\u00e9 l&rsquo;immense d\u00e9fi qui les attendait. Fay Manners, observant la r\u00e9flexion de Lafaille, ressentait de l&rsquo;admiration et de la crainte, r\u00e9alisant l&rsquo;ampleur de ce qu&rsquo;ils s&rsquo;appr\u00eataient \u00e0 entreprendre.<\/p>\n\n\n\n<figure class=\"wp-block-image size-large is-resized\"><img loading=\"lazy\" decoding=\"async\" width=\"768\" height=\"1024\" src=\"https:\/\/endorfeen.com\/wp-content\/uploads\/2024\/02\/Smooth-but-steep-\u00a9-Fay-Manners-768x1024.jpg\" alt=\"Douce mais abrupte - \u00a9 Fay Manners\" class=\"wp-image-15991\" style=\"width:805px;height:auto\" srcset=\"https:\/\/endorfeen.com\/wp-content\/uploads\/2024\/02\/Smooth-but-steep-\u00a9-Fay-Manners-225x300.jpg 225w, https:\/\/endorfeen.com\/wp-content\/uploads\/2024\/02\/Smooth-but-steep-\u00a9-Fay-Manners-768x1024.jpg 768w, https:\/\/endorfeen.com\/wp-content\/uploads\/2024\/02\/Smooth-but-steep-\u00a9-Fay-Manners-1152x1536.jpg 1152w, https:\/\/endorfeen.com\/wp-content\/uploads\/2024\/02\/Smooth-but-steep-\u00a9-Fay-Manners-scaled.jpg 1536w\" sizes=\"auto, (max-width: 768px) 100vw, 768px\" \/><figcaption class=\"wp-element-caption\">Douce mais abrupte &#8211; \u00a9 Fay Manners<\/figcaption><\/figure>\n\n\n\n<p>Cependant, alors qu&rsquo;ils amor\u00e7aient leur descente, la peur s&rsquo;est rapidement dissip\u00e9e, remplac\u00e9e par une mont\u00e9e d&rsquo;adr\u00e9naline et de confiance. Manners a d\u00e9crit la transformation de mani\u00e8re vivante, \u00ab\u00a0Apr\u00e8s quelques virages saut\u00e9s, la neige semblait incroyablement douce et lisse sous nos skis, signalant que nous \u00e9tions sur la bonne voie.\u00a0\u00bb Bien que bref d&rsquo;environ 400 m\u00e8tres, cette partie initiale du voyage a constitu\u00e9 un test significatif de leurs comp\u00e9tences et de leur d\u00e9termination.<\/p>\n\n\n\n<p>La descente s&rsquo;est r\u00e9v\u00e9l\u00e9e \u00e9tonnamment rapide, gr\u00e2ce \u00e0 deux descentes en rappel strat\u00e9giquement plac\u00e9es qui ont facilit\u00e9 leur progression. Manners a not\u00e9 : \u00ab\u00a0La descente a fil\u00e9 \u00e0 toute vitesse. Il s&rsquo;agissait de descendre \u00e0 ski, de g\u00e9rer les cordes rapidement et de continuer notre voyage.\u00a0\u00bb La pr\u00e9paration minutieuse et les conditions de neige fermes qui avaient facilit\u00e9 leur ascension ont maintenant contribu\u00e9 \u00e0 une descente douce et exaltante.<\/p>\n\n\n\n<p>En r\u00e9fl\u00e9chissant \u00e0 cette exp\u00e9rience, Manners a ressenti un profond sentiment d&rsquo;accomplissement et de soulagement, \u00ab\u00a0C&rsquo;\u00e9tait vraiment sp\u00e9cial\u00a0\u00bb.<\/p>\n\n\n\n<h3 class=\"wp-block-heading\" id=\"h-l-approche-de-fay-manners-au-ski-de-pente-raide\">L&rsquo;approche de Fay Manners au ski de pente raide<\/h3>\n\n\n\n<p>Pour Fay Manners, se pr\u00e9parer \u00e0 une descente abrupte est un exercice de pr\u00e9paration mentale et physique, m\u00e9langeant ses exp\u00e9riences vari\u00e9es en ski, escalade sur glace et escalade mixte. Malgr\u00e9 avoir consacr\u00e9 trois \u00e0 quatre ans au ski de pente raide, Manners reconna\u00eet son d\u00e9fi unique, surtout lorsqu&rsquo;il n&rsquo;est pas pratiqu\u00e9 exclusivement. \u00ab\u00a0Pour quelqu&rsquo;un comme moi, qui \u00e9quilibre le ski de pente raide avec l&rsquo;escalade sur glace et mixte, la pr\u00e9paration mentale prend une importance plus grande,\u00a0\u00bb note Manners, mettant en \u00e9vidence l&rsquo;approche nuanc\u00e9e requise pour de telles entreprises.<\/p>\n\n\n\n<figure class=\"wp-block-image size-large is-resized wp--15985\"><img loading=\"lazy\" decoding=\"async\" width=\"768\" height=\"1024\" src=\"https:\/\/endorfeen.com\/wp-content\/uploads\/2024\/02\/Aiguille-de-Pierre-Joseph-\u00a9-Fay-Manners-768x1024.jpg\" alt=\"Aiguille de Pierre Joseph - \u00a9 Fay Manners\" class=\"wp-image-15985\" style=\"width:813px;height:auto\" srcset=\"https:\/\/endorfeen.com\/wp-content\/uploads\/2024\/02\/Aiguille-de-Pierre-Joseph-\u00a9-Fay-Manners-225x300.jpg 225w, https:\/\/endorfeen.com\/wp-content\/uploads\/2024\/02\/Aiguille-de-Pierre-Joseph-\u00a9-Fay-Manners-768x1024.jpg 768w, https:\/\/endorfeen.com\/wp-content\/uploads\/2024\/02\/Aiguille-de-Pierre-Joseph-\u00a9-Fay-Manners-1152x1536.jpg 1152w, https:\/\/endorfeen.com\/wp-content\/uploads\/2024\/02\/Aiguille-de-Pierre-Joseph-\u00a9-Fay-Manners-scaled.jpg 1536w\" sizes=\"auto, (max-width: 768px) 100vw, 768px\" \/><figcaption class=\"wp-element-caption\">Aiguille de Pierre Joseph &#8211; \u00a9 Tom Lafaille<\/figcaption><\/figure>\n\n\n\n<p>En pr\u00e9vision de la descente de l&rsquo;Aiguille du Moine, Manners et Tom Lafaille ont entrepris une sortie de ski pr\u00e9paratoire la veille, visant le Couloir Ouest sur la Pierre Joseph. Ce choix strat\u00e9gique a servi d&rsquo;amor\u00e7age pour leurs conditions et d\u00e9fis. \u00ab\u00a0Skier une ligne rarement parcourue, comme celle de Pierre Joseph, aide \u00e0 renforcer la confiance n\u00e9cessaire pour des objectifs plus intimidants,\u00a0\u00bb explique-t-elle. Cette accumulation m\u00e9thodique d&rsquo;exp\u00e9rience souligne l&rsquo;importance de la familiarit\u00e9 avec les conditions et les nuances de la montagne, permettant \u00e0 Manners d&rsquo;aborder son objectif principal avec une confiance accrue.<\/p>\n\n\n\n<figure class=\"wp-block-image size-large is-resized wp--15987\"><img loading=\"lazy\" decoding=\"async\" width=\"768\" height=\"1024\" src=\"https:\/\/endorfeen.com\/wp-content\/uploads\/2024\/02\/Skiing-down-Aiguille-de-Pierre-Joseph-\u00a9-Fay-Manners-768x1024.jpg\" alt=\"Descente en ski de l'Aiguille de Pierre Joseph - \u00a9 Fay Manners\" class=\"wp-image-15987\" style=\"width:807px;height:auto\" srcset=\"https:\/\/endorfeen.com\/wp-content\/uploads\/2024\/02\/Skiing-down-Aiguille-de-Pierre-Joseph-\u00a9-Fay-Manners-225x300.jpg 225w, https:\/\/endorfeen.com\/wp-content\/uploads\/2024\/02\/Skiing-down-Aiguille-de-Pierre-Joseph-\u00a9-Fay-Manners-768x1024.jpg 768w, https:\/\/endorfeen.com\/wp-content\/uploads\/2024\/02\/Skiing-down-Aiguille-de-Pierre-Joseph-\u00a9-Fay-Manners-1152x1536.jpg 1152w, https:\/\/endorfeen.com\/wp-content\/uploads\/2024\/02\/Skiing-down-Aiguille-de-Pierre-Joseph-\u00a9-Fay-Manners-scaled.jpg 1536w\" sizes=\"auto, (max-width: 768px) 100vw, 768px\" \/><figcaption class=\"wp-element-caption\">Tom en train de descendre l&rsquo;Aiguille de Pierre Joseph en ski &#8211; \u00a9 Fay Manners<\/figcaption><\/figure>\n\n\n\n<p>Cette phase pr\u00e9paratoire ne concerne pas uniquement l&rsquo;acclimatation physique, mais aussi la force mentale. Pour Manners, le contraste entre les vastes pistes ouvertes de Pierre Joseph et les terrains exigeants de l&rsquo;Aiguille du Moine offrait un pr\u00e9cieux changement de perspective, lui permettant de s&rsquo;adapter \u00e0 divers degr\u00e9s de pente et d&rsquo;exposition.<\/p>\n\n\n\n<div style=\"height:30px\" aria-hidden=\"true\" class=\"wp-block-spacer\"><\/div>\n\n\n\n<p>Dans le sillage de l&rsquo;audacieuse descente de l&rsquo;Aiguille du Moine par Fay Manners et Tom Lafaille, leur p\u00e9riple a non seulement marqu\u00e9 une \u00e9tape personnelle importante mais a \u00e9galement \u00e9tabli un nouveau record dans la communaut\u00e9 du ski de pente raide. Inspir\u00e9s par leur exploit, trois autres skieurs (Aur\u00e9lien Lardy, Jules Soci\u00e9 et Damien Arnaud) ont depuis d\u00e9j\u00e0 suivi leurs traces, naviguant sur la m\u00eame ligne difficile et contribuant \u00e0 l&rsquo;h\u00e9ritage de cette descente remarquable. Cet effet d&rsquo;entra\u00eenement souligne l&rsquo;impact de la r\u00e9alisation de Manners et Lafaille, inspirant d&rsquo;autres \u00e0 explorer les limites de leurs propres capacit\u00e9s.<\/p>\n\n\n\n<p>Le partenariat entre Manners et Lafaille, n\u00e9 d&rsquo;une rencontre fortuite dans une cabane de montagne lors de leurs aventures respectives, a fleuri en une collaboration dynamique. Leur passion commune pour la conqu\u00eate des descentes les plus redoutables des Alpes a conduit \u00e0 la planification de futurs projets, chacun visant \u00e0 repousser les limites dans le domaine du ski de pente raide. Ce partenariat en constante \u00e9volution refl\u00e8te non seulement un respect mutuel pour les comp\u00e9tences de chacun, mais aussi une vision partag\u00e9e pour explorer les territoires inexplor\u00e9s du ski alpin.<\/p>\n","protected":false},"excerpt":{"rendered":"<p>Fay Manners, une skieuse qui a d\u00e9couvert sa passion pour le ski de pente raide apr\u00e8s avoir d\u00e9m\u00e9nag\u00e9 \u00e0 Chamonix il y a huit ans, a entrepris un projet ambitieux sur l&rsquo;Aiguille du Moine. Le ski de pente raide a repr\u00e9sent\u00e9 un nouveau d\u00e9fi qu&rsquo;elle a appris \u00e0 ch\u00e9rir. En raison de conditions d\u00e9favorables pour &hellip;<\/p>\n","protected":false},"author":30,"featured_media":15996,"comment_status":"open","ping_status":"open","sticky":false,"template":"","format":"standard","meta":{"_acf_changed":false,"_genesis_hide_title":false,"_genesis_hide_breadcrumbs":false,"_genesis_hide_singular_image":false,"_genesis_hide_footer_widgets":false,"_genesis_custom_body_class":"","_genesis_custom_post_class":"","_genesis_layout":"","footnotes":""},"categories":[170],"tags":[176,182,256,680],"sponsor":[],"class_list":{"2":"type-post","7":"category-aventures","8":"tag-alpinisme-fr","9":"tag-chamonix","10":"tag-mountaineering-2","11":"tag-penteraide","12":"entry"},"yoast_head":"<!-- This site is optimized with the Yoast SEO Premium plugin v26.2 (Yoast SEO v26.2) - https:\/\/yoast.com\/wordpress\/plugins\/seo\/ -->\n<title>R\u00eaves Audacieux : Fay Manners sur l&#039;Aiguille du Moine - endorfeen<\/title>\n<meta name=\"description\" content=\"Fay Manners, passionn\u00e9e de ski de pente raide \u00e0 Chamonix, vise 3 descentes alpines avec v\u00e9lo entre elles. Partenariat avec The North Face...\" \/>\n<meta name=\"robots\" content=\"index, follow, max-snippet:-1, max-image-preview:large, max-video-preview:-1\" \/>\n<link rel=\"canonical\" href=\"https:\/\/endorfeen.com\/fr\/reves-audacieux-fay-manners-sur-laiguille-du-moine\/\" \/>\n<meta property=\"og:locale\" content=\"fr_FR\" \/>\n<meta property=\"og:type\" content=\"article\" \/>\n<meta property=\"og:title\" content=\"R\u00eaves Audacieux : Fay Manners sur l&#039;Aiguille du Moine\" \/>\n<meta property=\"og:description\" content=\"Fay Manners, passionn\u00e9e de ski de pente raide \u00e0 Chamonix, vise 3 descentes alpines avec v\u00e9lo entre elles. Partenariat avec The North Face...\" \/>\n<meta property=\"og:url\" content=\"https:\/\/endorfeen.com\/fr\/reves-audacieux-fay-manners-sur-laiguille-du-moine\/\" \/>\n<meta property=\"og:site_name\" content=\"endorfeen\" \/>\n<meta property=\"article:author\" content=\"http:\/\/www.facebook.com\/endorfeen-583261049007200\" \/>\n<meta property=\"article:published_time\" content=\"2024-02-11T08:00:00+00:00\" \/>\n<meta property=\"article:modified_time\" content=\"2024-02-13T11:40:24+00:00\" \/>\n<meta property=\"og:image\" content=\"https:\/\/endorfeen.com\/wp-content\/uploads\/2024\/02\/Fay-Manners-scaled.jpg\" \/>\n\t<meta property=\"og:image:width\" content=\"2560\" \/>\n\t<meta property=\"og:image:height\" content=\"1920\" \/>\n\t<meta property=\"og:image:type\" content=\"image\/jpeg\" \/>\n<meta name=\"author\" content=\"Thomas Viguier\" \/>\n<meta name=\"twitter:card\" content=\"summary_large_image\" \/>\n<meta name=\"twitter:creator\" content=\"@https:\/\/twitter.com\/endorfeen_\" \/>\n<meta name=\"twitter:label1\" content=\"\u00c9crit par\" \/>\n\t<meta name=\"twitter:data1\" content=\"Thomas Viguier\" \/>\n\t<meta name=\"twitter:label2\" content=\"Dur\u00e9e de lecture estim\u00e9e\" \/>\n\t<meta name=\"twitter:data2\" content=\"10 minutes\" \/>\n<script type=\"application\/ld+json\" class=\"yoast-schema-graph\">{\"@context\":\"https:\/\/schema.org\",\"@graph\":[{\"@type\":\"Article\",\"@id\":\"https:\/\/endorfeen.com\/fr\/reves-audacieux-fay-manners-sur-laiguille-du-moine\/#article\",\"isPartOf\":{\"@id\":\"https:\/\/endorfeen.com\/fr\/reves-audacieux-fay-manners-sur-laiguille-du-moine\/\"},\"author\":{\"name\":\"Thomas Viguier\",\"@id\":\"https:\/\/endorfeen.com\/fr\/#\/schema\/person\/76a61f8eb41d36fffdec1b376fcf19aa\"},\"headline\":\"R\u00eaves Audacieux : Fay Manners sur l&rsquo;Aiguille du Moine\",\"datePublished\":\"2024-02-11T08:00:00+00:00\",\"dateModified\":\"2024-02-13T11:40:24+00:00\",\"mainEntityOfPage\":{\"@id\":\"https:\/\/endorfeen.com\/fr\/reves-audacieux-fay-manners-sur-laiguille-du-moine\/\"},\"wordCount\":2103,\"commentCount\":0,\"publisher\":{\"@id\":\"https:\/\/endorfeen.com\/fr\/#organization\"},\"image\":{\"@id\":\"https:\/\/endorfeen.com\/fr\/reves-audacieux-fay-manners-sur-laiguille-du-moine\/#primaryimage\"},\"thumbnailUrl\":\"https:\/\/endorfeen.com\/wp-content\/uploads\/2024\/02\/Fay-Manners-scaled.jpg\",\"keywords\":[\"#Alpinisme\",\"#chamonix\",\"#mountaineering\",\"#PenteRaide\"],\"articleSection\":[\"Aventures\"],\"inLanguage\":\"fr-FR\",\"potentialAction\":[{\"@type\":\"CommentAction\",\"name\":\"Comment\",\"target\":[\"https:\/\/endorfeen.com\/fr\/reves-audacieux-fay-manners-sur-laiguille-du-moine\/#respond\"]}]},{\"@type\":\"WebPage\",\"@id\":\"https:\/\/endorfeen.com\/fr\/reves-audacieux-fay-manners-sur-laiguille-du-moine\/\",\"url\":\"https:\/\/endorfeen.com\/fr\/reves-audacieux-fay-manners-sur-laiguille-du-moine\/\",\"name\":\"R\u00eaves Audacieux : Fay Manners sur l'Aiguille du Moine - endorfeen\",\"isPartOf\":{\"@id\":\"https:\/\/endorfeen.com\/fr\/#website\"},\"primaryImageOfPage\":{\"@id\":\"https:\/\/endorfeen.com\/fr\/reves-audacieux-fay-manners-sur-laiguille-du-moine\/#primaryimage\"},\"image\":{\"@id\":\"https:\/\/endorfeen.com\/fr\/reves-audacieux-fay-manners-sur-laiguille-du-moine\/#primaryimage\"},\"thumbnailUrl\":\"https:\/\/endorfeen.com\/wp-content\/uploads\/2024\/02\/Fay-Manners-scaled.jpg\",\"datePublished\":\"2024-02-11T08:00:00+00:00\",\"dateModified\":\"2024-02-13T11:40:24+00:00\",\"description\":\"Fay Manners, passionn\u00e9e de ski de pente raide \u00e0 Chamonix, vise 3 descentes alpines avec v\u00e9lo entre elles. Partenariat avec The North Face...\",\"breadcrumb\":{\"@id\":\"https:\/\/endorfeen.com\/fr\/reves-audacieux-fay-manners-sur-laiguille-du-moine\/#breadcrumb\"},\"inLanguage\":\"fr-FR\",\"potentialAction\":[{\"@type\":\"ReadAction\",\"target\":[\"https:\/\/endorfeen.com\/fr\/reves-audacieux-fay-manners-sur-laiguille-du-moine\/\"]}]},{\"@type\":\"ImageObject\",\"inLanguage\":\"fr-FR\",\"@id\":\"https:\/\/endorfeen.com\/fr\/reves-audacieux-fay-manners-sur-laiguille-du-moine\/#primaryimage\",\"url\":\"https:\/\/endorfeen.com\/wp-content\/uploads\/2024\/02\/Fay-Manners-scaled.jpg\",\"contentUrl\":\"https:\/\/endorfeen.com\/wp-content\/uploads\/2024\/02\/Fay-Manners-scaled.jpg\",\"width\":2560,\"height\":1920},{\"@type\":\"BreadcrumbList\",\"@id\":\"https:\/\/endorfeen.com\/fr\/reves-audacieux-fay-manners-sur-laiguille-du-moine\/#breadcrumb\",\"itemListElement\":[{\"@type\":\"ListItem\",\"position\":1,\"name\":\"Home\",\"item\":\"https:\/\/endorfeen.com\/fr\/\"},{\"@type\":\"ListItem\",\"position\":2,\"name\":\"R\u00eaves Audacieux : Fay Manners sur l&#8217;Aiguille du Moine\"}]},{\"@type\":\"WebSite\",\"@id\":\"https:\/\/endorfeen.com\/fr\/#website\",\"url\":\"https:\/\/endorfeen.com\/fr\/\",\"name\":\"endorfeen\",\"description\":\"The Media For Sustainable Outdoors.\",\"publisher\":{\"@id\":\"https:\/\/endorfeen.com\/fr\/#organization\"},\"potentialAction\":[{\"@type\":\"SearchAction\",\"target\":{\"@type\":\"EntryPoint\",\"urlTemplate\":\"https:\/\/endorfeen.com\/fr\/?s={search_term_string}\"},\"query-input\":{\"@type\":\"PropertyValueSpecification\",\"valueRequired\":true,\"valueName\":\"search_term_string\"}}],\"inLanguage\":\"fr-FR\"},{\"@type\":\"Organization\",\"@id\":\"https:\/\/endorfeen.com\/fr\/#organization\",\"name\":\"endorfeen\",\"url\":\"https:\/\/endorfeen.com\/fr\/\",\"logo\":{\"@type\":\"ImageObject\",\"inLanguage\":\"fr-FR\",\"@id\":\"https:\/\/endorfeen.com\/fr\/#\/schema\/logo\/image\/\",\"url\":\"https:\/\/endorfeen.com\/wp-content\/uploads\/2022\/06\/Circle-endorfeen-site-icon-circled-1000-x-1000-300psi.png\",\"contentUrl\":\"https:\/\/endorfeen.com\/wp-content\/uploads\/2022\/06\/Circle-endorfeen-site-icon-circled-1000-x-1000-300psi.png\",\"width\":1000,\"height\":1000,\"caption\":\"endorfeen\"},\"image\":{\"@id\":\"https:\/\/endorfeen.com\/fr\/#\/schema\/logo\/image\/\"}},{\"@type\":\"Person\",\"@id\":\"https:\/\/endorfeen.com\/fr\/#\/schema\/person\/76a61f8eb41d36fffdec1b376fcf19aa\",\"name\":\"Thomas Viguier\",\"image\":{\"@type\":\"ImageObject\",\"inLanguage\":\"fr-FR\",\"@id\":\"https:\/\/endorfeen.com\/fr\/#\/schema\/person\/image\/\",\"url\":\"https:\/\/secure.gravatar.com\/avatar\/3c24e541f6f82c052219429c60a8948b1c9ad8eda6daf26af0a100594146ab1a?s=96&d=mm&r=g\",\"contentUrl\":\"https:\/\/secure.gravatar.com\/avatar\/3c24e541f6f82c052219429c60a8948b1c9ad8eda6daf26af0a100594146ab1a?s=96&d=mm&r=g\",\"caption\":\"Thomas Viguier\"},\"description\":\"Everyone has a story to tell. endorfeen is built as a collaborative platform, giving the voice to anyone with a story to tell. If you have things you want to share, register here.\",\"sameAs\":[\"https:\/\/www.endorfeen.com\/\",\"http:\/\/www.facebook.com\/endorfeen-583261049007200\",\"http:\/\/www.instagram.com\/endorfeen_\/\",\"https:\/\/fi.pinterest.com\/endorfeen_\/\",\"https:\/\/x.com\/https:\/\/twitter.com\/endorfeen_\"],\"url\":\"https:\/\/endorfeen.com\/fr\/linkto\/endorfeen-mag\/\"}]}<\/script>\n<!-- \/ Yoast SEO Premium plugin. -->","yoast_head_json":{"title":"R\u00eaves Audacieux : Fay Manners sur l'Aiguille du Moine - endorfeen","description":"Fay Manners, passionn\u00e9e de ski de pente raide \u00e0 Chamonix, vise 3 descentes alpines avec v\u00e9lo entre elles. Partenariat avec The North Face...","robots":{"index":"index","follow":"follow","max-snippet":"max-snippet:-1","max-image-preview":"max-image-preview:large","max-video-preview":"max-video-preview:-1"},"canonical":"https:\/\/endorfeen.com\/fr\/reves-audacieux-fay-manners-sur-laiguille-du-moine\/","og_locale":"fr_FR","og_type":"article","og_title":"R\u00eaves Audacieux : Fay Manners sur l'Aiguille du Moine","og_description":"Fay Manners, passionn\u00e9e de ski de pente raide \u00e0 Chamonix, vise 3 descentes alpines avec v\u00e9lo entre elles. Partenariat avec The North Face...","og_url":"https:\/\/endorfeen.com\/fr\/reves-audacieux-fay-manners-sur-laiguille-du-moine\/","og_site_name":"endorfeen","article_author":"http:\/\/www.facebook.com\/endorfeen-583261049007200","article_published_time":"2024-02-11T08:00:00+00:00","article_modified_time":"2024-02-13T11:40:24+00:00","og_image":[{"width":2560,"height":1920,"url":"https:\/\/endorfeen.com\/wp-content\/uploads\/2024\/02\/Fay-Manners-scaled.jpg","type":"image\/jpeg"}],"author":"Thomas Viguier","twitter_card":"summary_large_image","twitter_creator":"@https:\/\/twitter.com\/endorfeen_","twitter_misc":{"\u00c9crit par":"Thomas Viguier","Dur\u00e9e de lecture estim\u00e9e":"10 minutes"},"schema":{"@context":"https:\/\/schema.org","@graph":[{"@type":"Article","@id":"https:\/\/endorfeen.com\/fr\/reves-audacieux-fay-manners-sur-laiguille-du-moine\/#article","isPartOf":{"@id":"https:\/\/endorfeen.com\/fr\/reves-audacieux-fay-manners-sur-laiguille-du-moine\/"},"author":{"name":"Thomas Viguier","@id":"https:\/\/endorfeen.com\/fr\/#\/schema\/person\/76a61f8eb41d36fffdec1b376fcf19aa"},"headline":"R\u00eaves Audacieux : Fay Manners sur l&rsquo;Aiguille du Moine","datePublished":"2024-02-11T08:00:00+00:00","dateModified":"2024-02-13T11:40:24+00:00","mainEntityOfPage":{"@id":"https:\/\/endorfeen.com\/fr\/reves-audacieux-fay-manners-sur-laiguille-du-moine\/"},"wordCount":2103,"commentCount":0,"publisher":{"@id":"https:\/\/endorfeen.com\/fr\/#organization"},"image":{"@id":"https:\/\/endorfeen.com\/fr\/reves-audacieux-fay-manners-sur-laiguille-du-moine\/#primaryimage"},"thumbnailUrl":"https:\/\/endorfeen.com\/wp-content\/uploads\/2024\/02\/Fay-Manners-scaled.jpg","keywords":["#Alpinisme","#chamonix","#mountaineering","#PenteRaide"],"articleSection":["Aventures"],"inLanguage":"fr-FR","potentialAction":[{"@type":"CommentAction","name":"Comment","target":["https:\/\/endorfeen.com\/fr\/reves-audacieux-fay-manners-sur-laiguille-du-moine\/#respond"]}]},{"@type":"WebPage","@id":"https:\/\/endorfeen.com\/fr\/reves-audacieux-fay-manners-sur-laiguille-du-moine\/","url":"https:\/\/endorfeen.com\/fr\/reves-audacieux-fay-manners-sur-laiguille-du-moine\/","name":"R\u00eaves Audacieux : Fay Manners sur l'Aiguille du Moine - endorfeen","isPartOf":{"@id":"https:\/\/endorfeen.com\/fr\/#website"},"primaryImageOfPage":{"@id":"https:\/\/endorfeen.com\/fr\/reves-audacieux-fay-manners-sur-laiguille-du-moine\/#primaryimage"},"image":{"@id":"https:\/\/endorfeen.com\/fr\/reves-audacieux-fay-manners-sur-laiguille-du-moine\/#primaryimage"},"thumbnailUrl":"https:\/\/endorfeen.com\/wp-content\/uploads\/2024\/02\/Fay-Manners-scaled.jpg","datePublished":"2024-02-11T08:00:00+00:00","dateModified":"2024-02-13T11:40:24+00:00","description":"Fay Manners, passionn\u00e9e de ski de pente raide \u00e0 Chamonix, vise 3 descentes alpines avec v\u00e9lo entre elles. Partenariat avec The North Face...","breadcrumb":{"@id":"https:\/\/endorfeen.com\/fr\/reves-audacieux-fay-manners-sur-laiguille-du-moine\/#breadcrumb"},"inLanguage":"fr-FR","potentialAction":[{"@type":"ReadAction","target":["https:\/\/endorfeen.com\/fr\/reves-audacieux-fay-manners-sur-laiguille-du-moine\/"]}]},{"@type":"ImageObject","inLanguage":"fr-FR","@id":"https:\/\/endorfeen.com\/fr\/reves-audacieux-fay-manners-sur-laiguille-du-moine\/#primaryimage","url":"https:\/\/endorfeen.com\/wp-content\/uploads\/2024\/02\/Fay-Manners-scaled.jpg","contentUrl":"https:\/\/endorfeen.com\/wp-content\/uploads\/2024\/02\/Fay-Manners-scaled.jpg","width":2560,"height":1920},{"@type":"BreadcrumbList","@id":"https:\/\/endorfeen.com\/fr\/reves-audacieux-fay-manners-sur-laiguille-du-moine\/#breadcrumb","itemListElement":[{"@type":"ListItem","position":1,"name":"Home","item":"https:\/\/endorfeen.com\/fr\/"},{"@type":"ListItem","position":2,"name":"R\u00eaves Audacieux : Fay Manners sur l&#8217;Aiguille du Moine"}]},{"@type":"WebSite","@id":"https:\/\/endorfeen.com\/fr\/#website","url":"https:\/\/endorfeen.com\/fr\/","name":"endorfeen","description":"The Media For Sustainable Outdoors.","publisher":{"@id":"https:\/\/endorfeen.com\/fr\/#organization"},"potentialAction":[{"@type":"SearchAction","target":{"@type":"EntryPoint","urlTemplate":"https:\/\/endorfeen.com\/fr\/?s={search_term_string}"},"query-input":{"@type":"PropertyValueSpecification","valueRequired":true,"valueName":"search_term_string"}}],"inLanguage":"fr-FR"},{"@type":"Organization","@id":"https:\/\/endorfeen.com\/fr\/#organization","name":"endorfeen","url":"https:\/\/endorfeen.com\/fr\/","logo":{"@type":"ImageObject","inLanguage":"fr-FR","@id":"https:\/\/endorfeen.com\/fr\/#\/schema\/logo\/image\/","url":"https:\/\/endorfeen.com\/wp-content\/uploads\/2022\/06\/Circle-endorfeen-site-icon-circled-1000-x-1000-300psi.png","contentUrl":"https:\/\/endorfeen.com\/wp-content\/uploads\/2022\/06\/Circle-endorfeen-site-icon-circled-1000-x-1000-300psi.png","width":1000,"height":1000,"caption":"endorfeen"},"image":{"@id":"https:\/\/endorfeen.com\/fr\/#\/schema\/logo\/image\/"}},{"@type":"Person","@id":"https:\/\/endorfeen.com\/fr\/#\/schema\/person\/76a61f8eb41d36fffdec1b376fcf19aa","name":"Thomas Viguier","image":{"@type":"ImageObject","inLanguage":"fr-FR","@id":"https:\/\/endorfeen.com\/fr\/#\/schema\/person\/image\/","url":"https:\/\/secure.gravatar.com\/avatar\/3c24e541f6f82c052219429c60a8948b1c9ad8eda6daf26af0a100594146ab1a?s=96&d=mm&r=g","contentUrl":"https:\/\/secure.gravatar.com\/avatar\/3c24e541f6f82c052219429c60a8948b1c9ad8eda6daf26af0a100594146ab1a?s=96&d=mm&r=g","caption":"Thomas Viguier"},"description":"Everyone has a story to tell. endorfeen is built as a collaborative platform, giving the voice to anyone with a story to tell. If you have things you want to share, register here.","sameAs":["https:\/\/www.endorfeen.com\/","http:\/\/www.facebook.com\/endorfeen-583261049007200","http:\/\/www.instagram.com\/endorfeen_\/","https:\/\/fi.pinterest.com\/endorfeen_\/","https:\/\/x.com\/https:\/\/twitter.com\/endorfeen_"],"url":"https:\/\/endorfeen.com\/fr\/linkto\/endorfeen-mag\/"}]}},"featured_image_src":"https:\/\/endorfeen.com\/wp-content\/uploads\/2024\/02\/Fay-Manners-600x400.jpg","featured_image_src_square":"https:\/\/endorfeen.com\/wp-content\/uploads\/2024\/02\/Fay-Manners-600x600.jpg","author_info":{"display_name":"Thomas Viguier","author_link":"https:\/\/endorfeen.com\/fr\/linkto\/endorfeen-mag\/"},"acf":[],"_links":{"self":[{"href":"https:\/\/endorfeen.com\/fr\/wp-json\/wp\/v2\/posts\/16017","targetHints":{"allow":["GET"]}}],"collection":[{"href":"https:\/\/endorfeen.com\/fr\/wp-json\/wp\/v2\/posts"}],"about":[{"href":"https:\/\/endorfeen.com\/fr\/wp-json\/wp\/v2\/types\/post"}],"author":[{"embeddable":true,"href":"https:\/\/endorfeen.com\/fr\/wp-json\/wp\/v2\/users\/30"}],"replies":[{"embeddable":true,"href":"https:\/\/endorfeen.com\/fr\/wp-json\/wp\/v2\/comments?post=16017"}],"version-history":[{"count":0,"href":"https:\/\/endorfeen.com\/fr\/wp-json\/wp\/v2\/posts\/16017\/revisions"}],"wp:featuredmedia":[{"embeddable":true,"href":"https:\/\/endorfeen.com\/fr\/wp-json\/wp\/v2\/media\/15996"}],"wp:attachment":[{"href":"https:\/\/endorfeen.com\/fr\/wp-json\/wp\/v2\/media?parent=16017"}],"wp:term":[{"taxonomy":"category","embeddable":true,"href":"https:\/\/endorfeen.com\/fr\/wp-json\/wp\/v2\/categories?post=16017"},{"taxonomy":"post_tag","embeddable":true,"href":"https:\/\/endorfeen.com\/fr\/wp-json\/wp\/v2\/tags?post=16017"},{"taxonomy":"sponsor","embeddable":true,"href":"https:\/\/endorfeen.com\/fr\/wp-json\/wp\/v2\/sponsor?post=16017"}],"curies":[{"name":"wp","href":"https:\/\/api.w.org\/{rel}","templated":true}]}}