{"id":14497,"date":"2023-10-17T22:46:40","date_gmt":"2023-10-17T21:46:40","guid":{"rendered":"https:\/\/endorfeen.com\/switzerlands-controversial-glacier-excavation-for-world-ski-championships\/"},"modified":"2023-10-18T18:53:45","modified_gmt":"2023-10-18T17:53:45","slug":"la-controverse-sur-lexcavation-du-glacier-en-suisse-pour-les-championnats-du-monde-de-ski","status":"publish","type":"post","link":"https:\/\/endorfeen.com\/fr\/la-controverse-sur-lexcavation-du-glacier-en-suisse-pour-les-championnats-du-monde-de-ski\/","title":{"rendered":"La Controverse sur l&rsquo;Excavation du Glacier en Suisse pour les Championnats du Monde de Ski"},"content":{"rendered":"\n<p>Haut-dessus de la charmante ville de Zermatt, le majestueux glacier de Theodul s&rsquo;\u00e9tend et brille, un t\u00e9moignage glac\u00e9 de la grandeur de la nature. Situ\u00e9 dans le canton du Valais, ce glacier, connu sous divers noms tels que Theodule Glacier en anglais, Theodulgletscher en allemand, Glacier du Th\u00e9odule en fran\u00e7ais et Ghiacciaio del Teodulo en italien, sert de symbole embl\u00e9matique des Alpes.<\/p>\n\n\n\n<p>Descendant de l&rsquo;imposant Breithorn, qui culmine \u00e0 4 164 m\u00e8tres, le glacier de Th\u00e9odule se divise en deux branches distinctes. Le haut glacier de Th\u00e9odule (Oberer Theodulgletscher) d\u00e9borde sur un plateau pr\u00e8s du Trockener Steg, partageant l&rsquo;espace avec le glacier de Furgg. Le bas glacier de Th\u00e9odule (Unterer Theodulgletscher), quant \u00e0 lui, s&rsquo;\u00e9tend jusqu&rsquo;\u00e0 ce qu&rsquo;il plane \u00e0 environ 2 500 m\u00e8tres au-dessus du glacier de Gorner. Il est \u00e0 noter que l&rsquo;immense bassin du glacier touche \u00e0 la fois le territoire suisse et la r\u00e9gion italienne de la Vall\u00e9e d&rsquo;Aoste. De plus, le col de Th\u00e9odule, un important passage alpin, divise ce glacier, marquant la fronti\u00e8re entre la Suisse et l&rsquo;Italie et forgeant une liaison entre Zermatt et Breuil-Cervinia. L&#8217;embl\u00e9matique Cervin, avec sa forme pyramidale caract\u00e9ristique, projette son ombre sur le c\u00f4t\u00e9 ouest du glacier.<\/p>\n\n\n\n<p>Pourtant, une d\u00e9cision controvers\u00e9e menace de ternir cette beaut\u00e9 immacul\u00e9e. Les Suisses creusent le glacier, un geste per\u00e7u par beaucoup comme une anomalie \u00e9cologique. La raison de cette entreprise significative ?  Creuser une piste de ski pour les prochains championnats du monde de ski pr\u00e9vus pour mi-novembre. Certains consid\u00e8rent cela comme le reflet de priorit\u00e9s mal plac\u00e9es, surtout dans le contexte des pr\u00e9occupations pressantes concernant le changement climatique.<\/p>\n\n\n\n<p>L&rsquo;attrait financier de l&rsquo;\u00e9v\u00e9nement, qui devrait g\u00e9n\u00e9rer plus de cent millions de francs suisses uniquement gr\u00e2ce \u00e0 la publicit\u00e9, semble \u00e9clipser les implications \u00e9cologiques d&rsquo;une telle entreprise. De plus, des rapports sugg\u00e8rent que les activit\u00e9s d&rsquo;excavation ont empi\u00e9t\u00e9 sur des zones prot\u00e9g\u00e9es. Bien que les organisateurs pr\u00e9tendent poss\u00e9der les permis n\u00e9cessaires, ils se sont abstenus de rendre ces documents publics, ce qui entra\u00eene des ambigu\u00eft\u00e9s concernant la l\u00e9galit\u00e9 du projet.<\/p>\n\n\n\n<p>Le silence de la municipalit\u00e9 de Zermatt alimente davantage ces incertitudes. Mais plus que les potentielles implications juridiques, ce sont les pr\u00e9occupations environnementales qui pr\u00e9dominent. La r\u00e9alit\u00e9 troublante est que les projections indiquent que la taille du glacier diminuera de moiti\u00e9 d&rsquo;ici 2028.<\/p>\n\n\n\n<p>De nombreuses voix se sont \u00e9lev\u00e9es pour protester contre cette initiative. Notamment celle d&rsquo;Alexis Pinturault, triple champion du monde, qui a exprim\u00e9 son d\u00e9sarroi, d\u00e9clarant que l&rsquo;\u00e9v\u00e9nement est d\u00e9connect\u00e9 de l&rsquo;\u00e9poque actuelle et a provoqu\u00e9 une stup\u00e9faction g\u00e9n\u00e9rale. Il a soulign\u00e9 le caract\u00e8re mal avis\u00e9 de l&rsquo;endommagement d&rsquo;un <a href=\"https:\/\/endorfeen.com\/what-is-a-glacier\/\">glacier<\/a> pour une simple comp\u00e9tition. Le point de vue de Pinturault refl\u00e8te un sentiment plus large: la n\u00e9cessit\u00e9 de s&rsquo;adapter au changement climatique, peut-\u00eatre en modifiant les calendriers de comp\u00e9tition plut\u00f4t que de s&rsquo;accrocher impitoyablement \u00e0 des dates fixes au d\u00e9triment de la nature.<\/p>\n\n\n\n<p>Avec des t\u00e9l\u00e9ph\u00e9riques luxueux, dot\u00e9s de syst\u00e8mes de chauffage, pr\u00eats \u00e0 transporter les visiteurs au sommet des pistes nouvellement am\u00e9nag\u00e9es, on ne peut s&#8217;emp\u00eacher de r\u00e9fl\u00e9chir au co\u00fbt d&rsquo;un tel luxe &#8211; non pas en termes mon\u00e9taires, mais dans le contexte de la nature et de la durabilit\u00e9.<\/p>\n","protected":false},"excerpt":{"rendered":"<p>Haut-dessus de la charmante ville de Zermatt, le majestueux glacier de Theodul s&rsquo;\u00e9tend et brille, un t\u00e9moignage glac\u00e9 de la grandeur de la nature. Situ\u00e9 dans le canton du Valais, ce glacier, connu sous divers noms tels que Theodule Glacier en anglais, Theodulgletscher en allemand, Glacier du Th\u00e9odule en fran\u00e7ais et Ghiacciaio del Teodulo en &hellip;<\/p>\n","protected":false},"author":30,"featured_media":14496,"comment_status":"open","ping_status":"open","sticky":false,"template":"","format":"standard","meta":{"_acf_changed":false,"_genesis_hide_title":false,"_genesis_hide_breadcrumbs":false,"_genesis_hide_singular_image":false,"_genesis_hide_footer_widgets":false,"_genesis_custom_body_class":"","_genesis_custom_post_class":"","_genesis_layout":"","footnotes":""},"categories":[261],"tags":[640],"sponsor":[],"class_list":{"2":"type-post","7":"category-durabilite","8":"tag-glacier-fr","9":"entry"},"yoast_head":"<!-- This site is optimized with the Yoast SEO Premium plugin v26.2 (Yoast SEO v26.2) - https:\/\/yoast.com\/wordpress\/plugins\/seo\/ -->\n<title>La Controverse sur l&#039;Excavation du Glacier en Suisse pour les Championnats du Monde de Ski - endorfeen<\/title>\n<meta name=\"description\" content=\"Haut-dessus de la charmante ville de Zermatt, le majestueux glacier de Theodul s&#039;\u00e9tend et brille, un t\u00e9moignage glac\u00e9 de la...\" \/>\n<meta name=\"robots\" content=\"index, follow, max-snippet:-1, max-image-preview:large, max-video-preview:-1\" \/>\n<link rel=\"canonical\" href=\"https:\/\/endorfeen.com\/fr\/la-controverse-sur-lexcavation-du-glacier-en-suisse-pour-les-championnats-du-monde-de-ski\/\" \/>\n<meta property=\"og:locale\" content=\"fr_FR\" \/>\n<meta property=\"og:type\" content=\"article\" \/>\n<meta property=\"og:title\" content=\"La Controverse sur l&#039;Excavation du Glacier en Suisse pour les Championnats du Monde de Ski\" \/>\n<meta property=\"og:description\" content=\"Haut-dessus de la charmante ville de Zermatt, le majestueux glacier de Theodul s&#039;\u00e9tend et brille, un t\u00e9moignage glac\u00e9 de la...\" \/>\n<meta property=\"og:url\" content=\"https:\/\/endorfeen.com\/fr\/la-controverse-sur-lexcavation-du-glacier-en-suisse-pour-les-championnats-du-monde-de-ski\/\" \/>\n<meta property=\"og:site_name\" content=\"endorfeen\" \/>\n<meta property=\"article:author\" content=\"http:\/\/www.facebook.com\/endorfeen-583261049007200\" \/>\n<meta property=\"article:published_time\" content=\"2023-10-17T21:46:40+00:00\" \/>\n<meta property=\"article:modified_time\" content=\"2023-10-18T17:53:45+00:00\" \/>\n<meta property=\"og:image\" content=\"https:\/\/endorfeen.com\/wp-content\/uploads\/2023\/10\/Theodul-Glacier-PoW.jpeg\" \/>\n\t<meta property=\"og:image:width\" content=\"2001\" \/>\n\t<meta property=\"og:image:height\" content=\"1332\" \/>\n\t<meta property=\"og:image:type\" content=\"image\/jpeg\" \/>\n<meta name=\"author\" content=\"Thomas Viguier\" \/>\n<meta name=\"twitter:card\" content=\"summary_large_image\" \/>\n<meta name=\"twitter:creator\" content=\"@https:\/\/twitter.com\/endorfeen_\" \/>\n<meta name=\"twitter:label1\" content=\"\u00c9crit par\" \/>\n\t<meta name=\"twitter:data1\" content=\"Thomas Viguier\" \/>\n\t<meta name=\"twitter:label2\" content=\"Dur\u00e9e de lecture estim\u00e9e\" \/>\n\t<meta name=\"twitter:data2\" content=\"3 minutes\" \/>\n<script type=\"application\/ld+json\" class=\"yoast-schema-graph\">{\"@context\":\"https:\/\/schema.org\",\"@graph\":[{\"@type\":\"Article\",\"@id\":\"https:\/\/endorfeen.com\/fr\/la-controverse-sur-lexcavation-du-glacier-en-suisse-pour-les-championnats-du-monde-de-ski\/#article\",\"isPartOf\":{\"@id\":\"https:\/\/endorfeen.com\/fr\/la-controverse-sur-lexcavation-du-glacier-en-suisse-pour-les-championnats-du-monde-de-ski\/\"},\"author\":{\"name\":\"Thomas Viguier\",\"@id\":\"https:\/\/endorfeen.com\/fr\/#\/schema\/person\/76a61f8eb41d36fffdec1b376fcf19aa\"},\"headline\":\"La Controverse sur l&rsquo;Excavation du Glacier en Suisse pour les Championnats du Monde de Ski\",\"datePublished\":\"2023-10-17T21:46:40+00:00\",\"dateModified\":\"2023-10-18T17:53:45+00:00\",\"mainEntityOfPage\":{\"@id\":\"https:\/\/endorfeen.com\/fr\/la-controverse-sur-lexcavation-du-glacier-en-suisse-pour-les-championnats-du-monde-de-ski\/\"},\"wordCount\":619,\"commentCount\":0,\"publisher\":{\"@id\":\"https:\/\/endorfeen.com\/fr\/#organization\"},\"image\":{\"@id\":\"https:\/\/endorfeen.com\/fr\/la-controverse-sur-lexcavation-du-glacier-en-suisse-pour-les-championnats-du-monde-de-ski\/#primaryimage\"},\"thumbnailUrl\":\"https:\/\/endorfeen.com\/wp-content\/uploads\/2023\/10\/Theodul-Glacier-PoW.jpeg\",\"keywords\":[\"#Glacier\"],\"articleSection\":[\"Durabilit\u00e9\"],\"inLanguage\":\"fr-FR\",\"potentialAction\":[{\"@type\":\"CommentAction\",\"name\":\"Comment\",\"target\":[\"https:\/\/endorfeen.com\/fr\/la-controverse-sur-lexcavation-du-glacier-en-suisse-pour-les-championnats-du-monde-de-ski\/#respond\"]}]},{\"@type\":\"WebPage\",\"@id\":\"https:\/\/endorfeen.com\/fr\/la-controverse-sur-lexcavation-du-glacier-en-suisse-pour-les-championnats-du-monde-de-ski\/\",\"url\":\"https:\/\/endorfeen.com\/fr\/la-controverse-sur-lexcavation-du-glacier-en-suisse-pour-les-championnats-du-monde-de-ski\/\",\"name\":\"La Controverse sur l'Excavation du Glacier en Suisse pour les Championnats du Monde de Ski - endorfeen\",\"isPartOf\":{\"@id\":\"https:\/\/endorfeen.com\/fr\/#website\"},\"primaryImageOfPage\":{\"@id\":\"https:\/\/endorfeen.com\/fr\/la-controverse-sur-lexcavation-du-glacier-en-suisse-pour-les-championnats-du-monde-de-ski\/#primaryimage\"},\"image\":{\"@id\":\"https:\/\/endorfeen.com\/fr\/la-controverse-sur-lexcavation-du-glacier-en-suisse-pour-les-championnats-du-monde-de-ski\/#primaryimage\"},\"thumbnailUrl\":\"https:\/\/endorfeen.com\/wp-content\/uploads\/2023\/10\/Theodul-Glacier-PoW.jpeg\",\"datePublished\":\"2023-10-17T21:46:40+00:00\",\"dateModified\":\"2023-10-18T17:53:45+00:00\",\"description\":\"Haut-dessus de la charmante ville de Zermatt, le majestueux glacier de Theodul s'\u00e9tend et brille, un t\u00e9moignage glac\u00e9 de la...\",\"breadcrumb\":{\"@id\":\"https:\/\/endorfeen.com\/fr\/la-controverse-sur-lexcavation-du-glacier-en-suisse-pour-les-championnats-du-monde-de-ski\/#breadcrumb\"},\"inLanguage\":\"fr-FR\",\"potentialAction\":[{\"@type\":\"ReadAction\",\"target\":[\"https:\/\/endorfeen.com\/fr\/la-controverse-sur-lexcavation-du-glacier-en-suisse-pour-les-championnats-du-monde-de-ski\/\"]}]},{\"@type\":\"ImageObject\",\"inLanguage\":\"fr-FR\",\"@id\":\"https:\/\/endorfeen.com\/fr\/la-controverse-sur-lexcavation-du-glacier-en-suisse-pour-les-championnats-du-monde-de-ski\/#primaryimage\",\"url\":\"https:\/\/endorfeen.com\/wp-content\/uploads\/2023\/10\/Theodul-Glacier-PoW.jpeg\",\"contentUrl\":\"https:\/\/endorfeen.com\/wp-content\/uploads\/2023\/10\/Theodul-Glacier-PoW.jpeg\",\"width\":2001,\"height\":1332,\"caption\":\"\u00a9 PoW\"},{\"@type\":\"BreadcrumbList\",\"@id\":\"https:\/\/endorfeen.com\/fr\/la-controverse-sur-lexcavation-du-glacier-en-suisse-pour-les-championnats-du-monde-de-ski\/#breadcrumb\",\"itemListElement\":[{\"@type\":\"ListItem\",\"position\":1,\"name\":\"Home\",\"item\":\"https:\/\/endorfeen.com\/fr\/\"},{\"@type\":\"ListItem\",\"position\":2,\"name\":\"La Controverse sur l&#8217;Excavation du Glacier en Suisse pour les Championnats du Monde de Ski\"}]},{\"@type\":\"WebSite\",\"@id\":\"https:\/\/endorfeen.com\/fr\/#website\",\"url\":\"https:\/\/endorfeen.com\/fr\/\",\"name\":\"endorfeen\",\"description\":\"The Media For Sustainable Outdoors.\",\"publisher\":{\"@id\":\"https:\/\/endorfeen.com\/fr\/#organization\"},\"potentialAction\":[{\"@type\":\"SearchAction\",\"target\":{\"@type\":\"EntryPoint\",\"urlTemplate\":\"https:\/\/endorfeen.com\/fr\/?s={search_term_string}\"},\"query-input\":{\"@type\":\"PropertyValueSpecification\",\"valueRequired\":true,\"valueName\":\"search_term_string\"}}],\"inLanguage\":\"fr-FR\"},{\"@type\":\"Organization\",\"@id\":\"https:\/\/endorfeen.com\/fr\/#organization\",\"name\":\"endorfeen\",\"url\":\"https:\/\/endorfeen.com\/fr\/\",\"logo\":{\"@type\":\"ImageObject\",\"inLanguage\":\"fr-FR\",\"@id\":\"https:\/\/endorfeen.com\/fr\/#\/schema\/logo\/image\/\",\"url\":\"https:\/\/endorfeen.com\/wp-content\/uploads\/2022\/06\/Circle-endorfeen-site-icon-circled-1000-x-1000-300psi.png\",\"contentUrl\":\"https:\/\/endorfeen.com\/wp-content\/uploads\/2022\/06\/Circle-endorfeen-site-icon-circled-1000-x-1000-300psi.png\",\"width\":1000,\"height\":1000,\"caption\":\"endorfeen\"},\"image\":{\"@id\":\"https:\/\/endorfeen.com\/fr\/#\/schema\/logo\/image\/\"}},{\"@type\":\"Person\",\"@id\":\"https:\/\/endorfeen.com\/fr\/#\/schema\/person\/76a61f8eb41d36fffdec1b376fcf19aa\",\"name\":\"Thomas Viguier\",\"image\":{\"@type\":\"ImageObject\",\"inLanguage\":\"fr-FR\",\"@id\":\"https:\/\/endorfeen.com\/fr\/#\/schema\/person\/image\/\",\"url\":\"https:\/\/secure.gravatar.com\/avatar\/3c24e541f6f82c052219429c60a8948b1c9ad8eda6daf26af0a100594146ab1a?s=96&d=mm&r=g\",\"contentUrl\":\"https:\/\/secure.gravatar.com\/avatar\/3c24e541f6f82c052219429c60a8948b1c9ad8eda6daf26af0a100594146ab1a?s=96&d=mm&r=g\",\"caption\":\"Thomas Viguier\"},\"description\":\"Everyone has a story to tell. endorfeen is built as a collaborative platform, giving the voice to anyone with a story to tell. If you have things you want to share, register here.\",\"sameAs\":[\"https:\/\/www.endorfeen.com\/\",\"http:\/\/www.facebook.com\/endorfeen-583261049007200\",\"http:\/\/www.instagram.com\/endorfeen_\/\",\"https:\/\/fi.pinterest.com\/endorfeen_\/\",\"https:\/\/x.com\/https:\/\/twitter.com\/endorfeen_\"],\"url\":\"https:\/\/endorfeen.com\/fr\/linkto\/endorfeen-mag\/\"}]}<\/script>\n<!-- \/ Yoast SEO Premium plugin. -->","yoast_head_json":{"title":"La Controverse sur l'Excavation du Glacier en Suisse pour les Championnats du Monde de Ski - endorfeen","description":"Haut-dessus de la charmante ville de Zermatt, le majestueux glacier de Theodul s'\u00e9tend et brille, un t\u00e9moignage glac\u00e9 de la...","robots":{"index":"index","follow":"follow","max-snippet":"max-snippet:-1","max-image-preview":"max-image-preview:large","max-video-preview":"max-video-preview:-1"},"canonical":"https:\/\/endorfeen.com\/fr\/la-controverse-sur-lexcavation-du-glacier-en-suisse-pour-les-championnats-du-monde-de-ski\/","og_locale":"fr_FR","og_type":"article","og_title":"La Controverse sur l'Excavation du Glacier en Suisse pour les Championnats du Monde de Ski","og_description":"Haut-dessus de la charmante ville de Zermatt, le majestueux glacier de Theodul s'\u00e9tend et brille, un t\u00e9moignage glac\u00e9 de la...","og_url":"https:\/\/endorfeen.com\/fr\/la-controverse-sur-lexcavation-du-glacier-en-suisse-pour-les-championnats-du-monde-de-ski\/","og_site_name":"endorfeen","article_author":"http:\/\/www.facebook.com\/endorfeen-583261049007200","article_published_time":"2023-10-17T21:46:40+00:00","article_modified_time":"2023-10-18T17:53:45+00:00","og_image":[{"width":2001,"height":1332,"url":"https:\/\/endorfeen.com\/wp-content\/uploads\/2023\/10\/Theodul-Glacier-PoW.jpeg","type":"image\/jpeg"}],"author":"Thomas Viguier","twitter_card":"summary_large_image","twitter_creator":"@https:\/\/twitter.com\/endorfeen_","twitter_misc":{"\u00c9crit par":"Thomas Viguier","Dur\u00e9e de lecture estim\u00e9e":"3 minutes"},"schema":{"@context":"https:\/\/schema.org","@graph":[{"@type":"Article","@id":"https:\/\/endorfeen.com\/fr\/la-controverse-sur-lexcavation-du-glacier-en-suisse-pour-les-championnats-du-monde-de-ski\/#article","isPartOf":{"@id":"https:\/\/endorfeen.com\/fr\/la-controverse-sur-lexcavation-du-glacier-en-suisse-pour-les-championnats-du-monde-de-ski\/"},"author":{"name":"Thomas Viguier","@id":"https:\/\/endorfeen.com\/fr\/#\/schema\/person\/76a61f8eb41d36fffdec1b376fcf19aa"},"headline":"La Controverse sur l&rsquo;Excavation du Glacier en Suisse pour les Championnats du Monde de Ski","datePublished":"2023-10-17T21:46:40+00:00","dateModified":"2023-10-18T17:53:45+00:00","mainEntityOfPage":{"@id":"https:\/\/endorfeen.com\/fr\/la-controverse-sur-lexcavation-du-glacier-en-suisse-pour-les-championnats-du-monde-de-ski\/"},"wordCount":619,"commentCount":0,"publisher":{"@id":"https:\/\/endorfeen.com\/fr\/#organization"},"image":{"@id":"https:\/\/endorfeen.com\/fr\/la-controverse-sur-lexcavation-du-glacier-en-suisse-pour-les-championnats-du-monde-de-ski\/#primaryimage"},"thumbnailUrl":"https:\/\/endorfeen.com\/wp-content\/uploads\/2023\/10\/Theodul-Glacier-PoW.jpeg","keywords":["#Glacier"],"articleSection":["Durabilit\u00e9"],"inLanguage":"fr-FR","potentialAction":[{"@type":"CommentAction","name":"Comment","target":["https:\/\/endorfeen.com\/fr\/la-controverse-sur-lexcavation-du-glacier-en-suisse-pour-les-championnats-du-monde-de-ski\/#respond"]}]},{"@type":"WebPage","@id":"https:\/\/endorfeen.com\/fr\/la-controverse-sur-lexcavation-du-glacier-en-suisse-pour-les-championnats-du-monde-de-ski\/","url":"https:\/\/endorfeen.com\/fr\/la-controverse-sur-lexcavation-du-glacier-en-suisse-pour-les-championnats-du-monde-de-ski\/","name":"La Controverse sur l'Excavation du Glacier en Suisse pour les Championnats du Monde de Ski - endorfeen","isPartOf":{"@id":"https:\/\/endorfeen.com\/fr\/#website"},"primaryImageOfPage":{"@id":"https:\/\/endorfeen.com\/fr\/la-controverse-sur-lexcavation-du-glacier-en-suisse-pour-les-championnats-du-monde-de-ski\/#primaryimage"},"image":{"@id":"https:\/\/endorfeen.com\/fr\/la-controverse-sur-lexcavation-du-glacier-en-suisse-pour-les-championnats-du-monde-de-ski\/#primaryimage"},"thumbnailUrl":"https:\/\/endorfeen.com\/wp-content\/uploads\/2023\/10\/Theodul-Glacier-PoW.jpeg","datePublished":"2023-10-17T21:46:40+00:00","dateModified":"2023-10-18T17:53:45+00:00","description":"Haut-dessus de la charmante ville de Zermatt, le majestueux glacier de Theodul s'\u00e9tend et brille, un t\u00e9moignage glac\u00e9 de la...","breadcrumb":{"@id":"https:\/\/endorfeen.com\/fr\/la-controverse-sur-lexcavation-du-glacier-en-suisse-pour-les-championnats-du-monde-de-ski\/#breadcrumb"},"inLanguage":"fr-FR","potentialAction":[{"@type":"ReadAction","target":["https:\/\/endorfeen.com\/fr\/la-controverse-sur-lexcavation-du-glacier-en-suisse-pour-les-championnats-du-monde-de-ski\/"]}]},{"@type":"ImageObject","inLanguage":"fr-FR","@id":"https:\/\/endorfeen.com\/fr\/la-controverse-sur-lexcavation-du-glacier-en-suisse-pour-les-championnats-du-monde-de-ski\/#primaryimage","url":"https:\/\/endorfeen.com\/wp-content\/uploads\/2023\/10\/Theodul-Glacier-PoW.jpeg","contentUrl":"https:\/\/endorfeen.com\/wp-content\/uploads\/2023\/10\/Theodul-Glacier-PoW.jpeg","width":2001,"height":1332,"caption":"\u00a9 PoW"},{"@type":"BreadcrumbList","@id":"https:\/\/endorfeen.com\/fr\/la-controverse-sur-lexcavation-du-glacier-en-suisse-pour-les-championnats-du-monde-de-ski\/#breadcrumb","itemListElement":[{"@type":"ListItem","position":1,"name":"Home","item":"https:\/\/endorfeen.com\/fr\/"},{"@type":"ListItem","position":2,"name":"La Controverse sur l&#8217;Excavation du Glacier en Suisse pour les Championnats du Monde de Ski"}]},{"@type":"WebSite","@id":"https:\/\/endorfeen.com\/fr\/#website","url":"https:\/\/endorfeen.com\/fr\/","name":"endorfeen","description":"The Media For Sustainable Outdoors.","publisher":{"@id":"https:\/\/endorfeen.com\/fr\/#organization"},"potentialAction":[{"@type":"SearchAction","target":{"@type":"EntryPoint","urlTemplate":"https:\/\/endorfeen.com\/fr\/?s={search_term_string}"},"query-input":{"@type":"PropertyValueSpecification","valueRequired":true,"valueName":"search_term_string"}}],"inLanguage":"fr-FR"},{"@type":"Organization","@id":"https:\/\/endorfeen.com\/fr\/#organization","name":"endorfeen","url":"https:\/\/endorfeen.com\/fr\/","logo":{"@type":"ImageObject","inLanguage":"fr-FR","@id":"https:\/\/endorfeen.com\/fr\/#\/schema\/logo\/image\/","url":"https:\/\/endorfeen.com\/wp-content\/uploads\/2022\/06\/Circle-endorfeen-site-icon-circled-1000-x-1000-300psi.png","contentUrl":"https:\/\/endorfeen.com\/wp-content\/uploads\/2022\/06\/Circle-endorfeen-site-icon-circled-1000-x-1000-300psi.png","width":1000,"height":1000,"caption":"endorfeen"},"image":{"@id":"https:\/\/endorfeen.com\/fr\/#\/schema\/logo\/image\/"}},{"@type":"Person","@id":"https:\/\/endorfeen.com\/fr\/#\/schema\/person\/76a61f8eb41d36fffdec1b376fcf19aa","name":"Thomas Viguier","image":{"@type":"ImageObject","inLanguage":"fr-FR","@id":"https:\/\/endorfeen.com\/fr\/#\/schema\/person\/image\/","url":"https:\/\/secure.gravatar.com\/avatar\/3c24e541f6f82c052219429c60a8948b1c9ad8eda6daf26af0a100594146ab1a?s=96&d=mm&r=g","contentUrl":"https:\/\/secure.gravatar.com\/avatar\/3c24e541f6f82c052219429c60a8948b1c9ad8eda6daf26af0a100594146ab1a?s=96&d=mm&r=g","caption":"Thomas Viguier"},"description":"Everyone has a story to tell. endorfeen is built as a collaborative platform, giving the voice to anyone with a story to tell. If you have things you want to share, register here.","sameAs":["https:\/\/www.endorfeen.com\/","http:\/\/www.facebook.com\/endorfeen-583261049007200","http:\/\/www.instagram.com\/endorfeen_\/","https:\/\/fi.pinterest.com\/endorfeen_\/","https:\/\/x.com\/https:\/\/twitter.com\/endorfeen_"],"url":"https:\/\/endorfeen.com\/fr\/linkto\/endorfeen-mag\/"}]}},"featured_image_src":"https:\/\/endorfeen.com\/wp-content\/uploads\/2023\/10\/Theodul-Glacier-PoW-600x400.jpeg","featured_image_src_square":"https:\/\/endorfeen.com\/wp-content\/uploads\/2023\/10\/Theodul-Glacier-PoW-600x600.jpeg","author_info":{"display_name":"Thomas Viguier","author_link":"https:\/\/endorfeen.com\/fr\/linkto\/endorfeen-mag\/"},"acf":[],"_links":{"self":[{"href":"https:\/\/endorfeen.com\/fr\/wp-json\/wp\/v2\/posts\/14497","targetHints":{"allow":["GET"]}}],"collection":[{"href":"https:\/\/endorfeen.com\/fr\/wp-json\/wp\/v2\/posts"}],"about":[{"href":"https:\/\/endorfeen.com\/fr\/wp-json\/wp\/v2\/types\/post"}],"author":[{"embeddable":true,"href":"https:\/\/endorfeen.com\/fr\/wp-json\/wp\/v2\/users\/30"}],"replies":[{"embeddable":true,"href":"https:\/\/endorfeen.com\/fr\/wp-json\/wp\/v2\/comments?post=14497"}],"version-history":[{"count":0,"href":"https:\/\/endorfeen.com\/fr\/wp-json\/wp\/v2\/posts\/14497\/revisions"}],"wp:featuredmedia":[{"embeddable":true,"href":"https:\/\/endorfeen.com\/fr\/wp-json\/wp\/v2\/media\/14496"}],"wp:attachment":[{"href":"https:\/\/endorfeen.com\/fr\/wp-json\/wp\/v2\/media?parent=14497"}],"wp:term":[{"taxonomy":"category","embeddable":true,"href":"https:\/\/endorfeen.com\/fr\/wp-json\/wp\/v2\/categories?post=14497"},{"taxonomy":"post_tag","embeddable":true,"href":"https:\/\/endorfeen.com\/fr\/wp-json\/wp\/v2\/tags?post=14497"},{"taxonomy":"sponsor","embeddable":true,"href":"https:\/\/endorfeen.com\/fr\/wp-json\/wp\/v2\/sponsor?post=14497"}],"curies":[{"name":"wp","href":"https:\/\/api.w.org\/{rel}","templated":true}]}}