{"id":14481,"date":"2023-10-17T20:27:02","date_gmt":"2023-10-17T19:27:02","guid":{"rendered":"https:\/\/endorfeen.com\/?p=14481"},"modified":"2023-10-17T20:46:35","modified_gmt":"2023-10-17T19:46:35","slug":"cho-polu-ascension-epique-sur-les-traces-dhillary-et-bohigas","status":"publish","type":"post","link":"https:\/\/endorfeen.com\/fr\/cho-polu-ascension-epique-sur-les-traces-dhillary-et-bohigas\/","title":{"rendered":"Cho Polu : Ascension \u00c9pique sur les Traces d&rsquo;Hillary et Bohigas"},"content":{"rendered":"\n<p>Dans le majestueux Khumbu Himal, le Cho Polu se dresse \u00e0 6 700 m\u00e8tres, attirant depuis longtemps les passionn\u00e9s d&rsquo;alpinisme du monde entier. R\u00e9cemment, David Goettler, Lucien Boucansaud et Guillaume Pierrel ont relev\u00e9 le d\u00e9fi, empruntant la voie trac\u00e9e en 2011 par Jordi Corominas et Elena Maria Parga. Cette route audacieuse se fraie un chemin directement le long de la vertigineuse face ouest avant de rejoindre l&rsquo;ar\u00eate sud, menant au sommet.<\/p>\n\n\n\n<figure class=\"wp-block-image alignwide size-large\"><img loading=\"lazy\" decoding=\"async\" width=\"1024\" height=\"768\" src=\"https:\/\/endorfeen.com\/wp-content\/uploads\/2023\/10\/WhatsApp-Image-2023-10-17-at-12.21.14-1-1024x768.jpeg\" alt=\"\" class=\"wp-image-14482\" srcset=\"https:\/\/endorfeen.com\/wp-content\/uploads\/2023\/10\/WhatsApp-Image-2023-10-17-at-12.21.14-1-300x225.jpeg 300w, https:\/\/endorfeen.com\/wp-content\/uploads\/2023\/10\/WhatsApp-Image-2023-10-17-at-12.21.14-1-400x300.jpeg 400w, https:\/\/endorfeen.com\/wp-content\/uploads\/2023\/10\/WhatsApp-Image-2023-10-17-at-12.21.14-1-768x576.jpeg 768w, https:\/\/endorfeen.com\/wp-content\/uploads\/2023\/10\/WhatsApp-Image-2023-10-17-at-12.21.14-1-800x600.jpeg 800w, https:\/\/endorfeen.com\/wp-content\/uploads\/2023\/10\/WhatsApp-Image-2023-10-17-at-12.21.14-1-1024x768.jpeg 1024w, https:\/\/endorfeen.com\/wp-content\/uploads\/2023\/10\/WhatsApp-Image-2023-10-17-at-12.21.14-1-1200x900.jpeg 1200w, https:\/\/endorfeen.com\/wp-content\/uploads\/2023\/10\/WhatsApp-Image-2023-10-17-at-12.21.14-1-1536x1152.jpeg 1536w, https:\/\/endorfeen.com\/wp-content\/uploads\/2023\/10\/WhatsApp-Image-2023-10-17-at-12.21.14-1.jpeg 2048w\" sizes=\"auto, (max-width: 1024px) 100vw, 1024px\" \/><figcaption class=\"wp-element-caption\">L&rsquo;itin\u00e9raire &#8211; \u00a9 Lucien Boucansaud<\/figcaption><\/figure>\n\n\n\n<h3 class=\"wp-block-heading\" id=\"h-ascension-du-cho-polu-une-aventure-entre-courage-et-determination\"><strong>Ascension du Cho Polu : Une aventure entre courage et d\u00e9termination<\/strong><\/h3>\n\n\n\n<p>Le 10 octobre 2023, une \u00e9quipe compos\u00e9e de David Goettler, Lucien Boucansaud et Guillaume Pierrel a gravit le Cho Polu, ajoutant ainsi une nouvelle page \u00e0 l&rsquo;histoire de l&rsquo;alpinisme. Cette troisi\u00e8me ascension du Cho Polu s&rsquo;est r\u00e9v\u00e9l\u00e9e \u00eatre \u00e0 la fois une \u00e9preuve physique et mentale.<\/p>\n\n\n\n<figure class=\"wp-block-image alignwide size-large\"><img loading=\"lazy\" decoding=\"async\" width=\"768\" height=\"1024\" src=\"https:\/\/endorfeen.com\/wp-content\/uploads\/2023\/10\/WhatsApp-Image-2023-10-17-at-12.21.15-1-768x1024.jpeg\" alt=\"\" class=\"wp-image-14486\" srcset=\"https:\/\/endorfeen.com\/wp-content\/uploads\/2023\/10\/WhatsApp-Image-2023-10-17-at-12.21.15-1-225x300.jpeg 225w, https:\/\/endorfeen.com\/wp-content\/uploads\/2023\/10\/WhatsApp-Image-2023-10-17-at-12.21.15-1-768x1024.jpeg 768w, https:\/\/endorfeen.com\/wp-content\/uploads\/2023\/10\/WhatsApp-Image-2023-10-17-at-12.21.15-1-1152x1536.jpeg 1152w, https:\/\/endorfeen.com\/wp-content\/uploads\/2023\/10\/WhatsApp-Image-2023-10-17-at-12.21.15-1.jpeg 1536w\" sizes=\"auto, (max-width: 768px) 100vw, 768px\" \/><\/figure>\n\n\n\n<p>Avant de se lancer dans cette aventure, l&rsquo;\u00e9quipe a d\u00fbment pr\u00e9par\u00e9 son ascension. \u00ab\u00a0On a fait une acclimatation avec une nuit au sommet de l&rsquo;Island Peak \u00e0 six mille cent\u00a0\u00bb, d\u00e9clare Guillaume Pierrel. Pour parfaire leur acclimatation, ils ont aussi explor\u00e9 la vall\u00e9e du Kumbo et la branche de la vall\u00e9e de Chouk, o\u00f9 ils ont couru sur des petits sommets atteignant des altitudes de 5 800 m\u00e8tres.<\/p>\n\n\n\n<p>Cependant, les conditions m\u00e9t\u00e9orologiques ont pr\u00e9sent\u00e9 des d\u00e9fis. \u00ab\u00a0Il y avait \u00e9norm\u00e9ment de neige, beaucoup de plaques \u00e0 vent, donc des avalanches de plaques \u00e0 vent\u00a0\u00bb, se rem\u00e9more Pierrel. Malgr\u00e9 les dangers potentiels, l&rsquo;\u00e9quipe s&rsquo;est mise en qu\u00eate d&rsquo;une voie possible. Ils se sont finalement rabattus sur une face particuli\u00e8rement raide avec des spines. Pierrel la d\u00e9crit comme \u00ab\u00a0tr\u00e8s sauvage\u00a0\u00bb et partage son \u00e9merveillement devant une \u00ab\u00a0belle nuit \u00e9toil\u00e9e\u00a0\u00bb lors de leur bivouac.<\/p>\n\n\n\n<figure class=\"wp-block-image alignwide size-large\"><img loading=\"lazy\" decoding=\"async\" width=\"768\" height=\"1024\" src=\"https:\/\/endorfeen.com\/wp-content\/uploads\/2023\/10\/WhatsApp-Image-2023-10-17-at-12.21.15-768x1024.jpeg\" alt=\"\" class=\"wp-image-14484\" srcset=\"https:\/\/endorfeen.com\/wp-content\/uploads\/2023\/10\/WhatsApp-Image-2023-10-17-at-12.21.15-225x300.jpeg 225w, https:\/\/endorfeen.com\/wp-content\/uploads\/2023\/10\/WhatsApp-Image-2023-10-17-at-12.21.15-768x1024.jpeg 768w, https:\/\/endorfeen.com\/wp-content\/uploads\/2023\/10\/WhatsApp-Image-2023-10-17-at-12.21.15-1152x1536.jpeg 1152w, https:\/\/endorfeen.com\/wp-content\/uploads\/2023\/10\/WhatsApp-Image-2023-10-17-at-12.21.15.jpeg 1536w\" sizes=\"auto, (max-width: 768px) 100vw, 768px\" \/><figcaption class=\"wp-element-caption\">Bivouac dans un trou \u00e0 neige, -25 degr\u00e9s \u00e0 l\u2019ext\u00e9rieur &#8211; \u00a9 Lucien Boucansaud<\/figcaption><\/figure>\n\n\n\n<p>Apr\u00e8s une pr\u00e9paration minutieuse, l&rsquo;\u00e9quipe s&rsquo;est lanc\u00e9e \u00e0 l&rsquo;assaut de la montagne. Leur marche s&rsquo;est av\u00e9r\u00e9e difficile \u00e0 cause de la neige (progression compliqu\u00e9e dans 50 centim\u00e8tres de neige fraiche, n\u00e9cessitant une alternance pour faire la trace) ponctu\u00e9e de moments de brouillard, de longues travers\u00e9es et de p\u00e9riodes d&rsquo;escalade. Cependant, Guillaume Pierrel note un aspect particuli\u00e8rement frappant : \u00ab\u00a0C&rsquo;est vraiment une super exp\u00e9rience. On est en solo, on ne s&rsquo;accorde pas. C&rsquo;est plus simple de ne pas \u00eatre encord\u00e9, on est plus efficace, \u00e7a avance plus vite.\u00a0\u00bb<\/p>\n\n\n\n<p>L&rsquo;ascension finale vers le sommet s&rsquo;est av\u00e9r\u00e9e particuli\u00e8rement ardue. \u00ab\u00a0De six mille quatre, on prend la route en direction du sommet. On fait deux pas. On s&rsquo;arr\u00eate pour reprendre notre respiration\u00a0\u00bb, d\u00e9crit Pierrel. Mais malgr\u00e9 les d\u00e9fis, l&rsquo;\u00e9quipe est parvenue au sommet, o\u00f9 elle a \u00e9t\u00e9 accueillie par un vent glacial et un brouillard \u00e9pais.<\/p>\n\n\n\n<p>La descente, elle aussi, ne fut pas sans p\u00e9rils. Craignant les chutes de pierres, l&rsquo;\u00e9quipe a d\u00e9cid\u00e9 de passer la nuit \u00e0 une altitude de 6 400 m\u00e8tres. \u00ab\u00a0C&rsquo;\u00e9tait une nuit inoubliable. Tr\u00e8s froid, grosse gal\u00e8re, tr\u00e8s fatigu\u00e9\u00a0\u00bb, raconte Pierrel. Malgr\u00e9 tout, le matin suivant, ils ont pris la route du retour, r\u00e9cup\u00e9rant leurs sacs au pied de la face avant de revenir au village de Chouk.<\/p>\n\n\n\n<figure class=\"wp-block-image alignwide size-large\"><img loading=\"lazy\" decoding=\"async\" width=\"576\" height=\"1024\" src=\"https:\/\/endorfeen.com\/wp-content\/uploads\/2023\/10\/WhatsApp-Image-2023-10-17-at-20.25.18-576x1024.jpeg\" alt=\"\" class=\"wp-image-14490\" srcset=\"https:\/\/endorfeen.com\/wp-content\/uploads\/2023\/10\/WhatsApp-Image-2023-10-17-at-20.25.18-169x300.jpeg 169w, https:\/\/endorfeen.com\/wp-content\/uploads\/2023\/10\/WhatsApp-Image-2023-10-17-at-20.25.18-576x1024.jpeg 576w, https:\/\/endorfeen.com\/wp-content\/uploads\/2023\/10\/WhatsApp-Image-2023-10-17-at-20.25.18-768x1365.jpeg 768w, https:\/\/endorfeen.com\/wp-content\/uploads\/2023\/10\/WhatsApp-Image-2023-10-17-at-20.25.18-864x1536.jpeg 864w, https:\/\/endorfeen.com\/wp-content\/uploads\/2023\/10\/WhatsApp-Image-2023-10-17-at-20.25.18.jpeg 1152w\" sizes=\"auto, (max-width: 576px) 100vw, 576px\" \/><\/figure>\n\n\n\n<p>Leur p\u00e9riple a \u00e9t\u00e9 document\u00e9 \u00e0 l&rsquo;aide de divers \u00e9quipements, notamment des drones, des appareils photo et des GoPros. Pierrel tease \u00e9galement une \u00ab\u00a0petite surprise en suppl\u00e9ment\u00a0\u00bb sans donner plus de d\u00e9tails.<\/p>\n\n\n\n<p>\u00c0 leur retour, une r\u00e9ception chaleureuse les attendait au lodge : \u00ab\u00a0Ils nous attendaient avec un gros g\u00e2teau\u00a0\u00bb. Cette ascension du Cho Polu est le parfait t\u00e9moignage du courage, de la d\u00e9termination et de l&rsquo;esprit d&rsquo;aventure de ces alpinistes passionn\u00e9s.<\/p>\n\n\n\n<h2 class=\"wp-block-heading\" id=\"h-enigmes-de-cho-polu-entre-histoire-et-ascensions\">\u00c9nigmes de Cho Polu : Entre Histoire et Ascensions<\/h2>\n\n\n\n<p>Au printemps 1954, Edmund Hillary, accompagn\u00e9 d&rsquo;une \u00e9quipe du New Zealand Alpine Club ainsi que de quelques grimpeurs britanniques, se rend dans la r\u00e9gion himalayenne. Ils conqui\u00e8rent plusieurs sommets durant leur exp\u00e9dition. Dans un ouvrage paru deux ans plus tard, Hillary rapporte que le grimpeur Kiwi, Norman Hardie, a effectu\u00e9 la premi\u00e8re ascension du Cho Polu le 3 juin, grimpant sous une visibilit\u00e9 r\u00e9duite par la cr\u00eate nord depuis l&rsquo;est.<\/p>\n\n\n\n<p>L&rsquo;Index Himalayen attribue \u00e0 Edmund Hillary et George Lowe la premi\u00e8re ascension en 1954, une information corrobor\u00e9e en 1955 par les publications Mountain World et le New Zealand Alpine Journal. Dans leur ouvrage \u00ab\u00a0East of Everest\u00a0\u00bb, Hillary et Gregory mentionnent que Hillary, avec Sirdar Urkien, a gravi un pic de glace en forme de d\u00f4me de 22,060 pieds le 3 juin 1954, montagne que les habitants d&rsquo;Imja d\u00e9signeraient sous le nom de Cho Polu. Cependant, la nature exacte de cette ascension de 1954 reste incertaine. La base de donn\u00e9es Himalayan et les r\u00e9dacteurs du American Alpine Journal concordent pour dire que la premi\u00e8re ascension reconnue du Cho Polu a \u00e9t\u00e9 r\u00e9alis\u00e9e \u00e0 l&rsquo;automne 1984 par le grimpeur espagnol Nil Bohigas, de mani\u00e8re non autoris\u00e9e, en passant par la face nord et la cr\u00eate nord-est.<\/p>\n","protected":false},"excerpt":{"rendered":"<p>Dans le majestueux Khumbu Himal, le Cho Polu se dresse \u00e0 6 700 m\u00e8tres, attirant depuis longtemps les passionn\u00e9s d&rsquo;alpinisme du monde entier. R\u00e9cemment, David Goettler, Lucien Boucansaud et Guillaume Pierrel ont relev\u00e9 le d\u00e9fi, empruntant la voie trac\u00e9e en 2011 par Jordi Corominas et Elena Maria Parga. Cette route audacieuse se fraie un chemin &hellip;<\/p>\n","protected":false},"author":30,"featured_media":14488,"comment_status":"open","ping_status":"open","sticky":false,"template":"","format":"standard","meta":{"_acf_changed":false,"_genesis_hide_title":false,"_genesis_hide_breadcrumbs":false,"_genesis_hide_singular_image":false,"_genesis_hide_footer_widgets":false,"_genesis_custom_body_class":"","_genesis_custom_post_class":"","_genesis_layout":"","footnotes":""},"categories":[170],"tags":[176,173],"sponsor":[1087],"class_list":{"2":"type-post","7":"category-aventures","8":"tag-alpinisme-fr","9":"tag-himalaya","10":"sponsor-endorfeen","11":"entry"},"yoast_head":"<!-- This site is optimized with the Yoast SEO Premium plugin v26.2 (Yoast SEO v26.2) - https:\/\/yoast.com\/wordpress\/plugins\/seo\/ -->\n<title>Cho Polu : Ascension \u00c9pique sur les Traces d&#039;Hillary et Bohigas - endorfeen<\/title>\n<meta name=\"description\" content=\"Dans le majestueux Khumbu Himal, le Cho Polu se dresse \u00e0 6 700 m\u00e8tres, attirant depuis longtemps les passionn\u00e9s d&#039;alpinisme du monde...\" \/>\n<meta name=\"robots\" content=\"index, follow, max-snippet:-1, max-image-preview:large, max-video-preview:-1\" \/>\n<link rel=\"canonical\" href=\"https:\/\/endorfeen.com\/fr\/cho-polu-ascension-epique-sur-les-traces-dhillary-et-bohigas\/\" \/>\n<meta property=\"og:locale\" content=\"fr_FR\" \/>\n<meta property=\"og:type\" content=\"article\" \/>\n<meta property=\"og:title\" content=\"Cho Polu : Ascension \u00c9pique sur les Traces d&#039;Hillary et Bohigas\" \/>\n<meta property=\"og:description\" content=\"Dans le majestueux Khumbu Himal, le Cho Polu se dresse \u00e0 6 700 m\u00e8tres, attirant depuis longtemps les passionn\u00e9s d&#039;alpinisme du monde...\" \/>\n<meta property=\"og:url\" content=\"https:\/\/endorfeen.com\/fr\/cho-polu-ascension-epique-sur-les-traces-dhillary-et-bohigas\/\" \/>\n<meta property=\"og:site_name\" content=\"endorfeen\" \/>\n<meta property=\"article:author\" content=\"http:\/\/www.facebook.com\/endorfeen-583261049007200\" \/>\n<meta property=\"article:published_time\" content=\"2023-10-17T19:27:02+00:00\" \/>\n<meta property=\"article:modified_time\" content=\"2023-10-17T19:46:35+00:00\" \/>\n<meta property=\"og:image\" content=\"https:\/\/endorfeen.com\/wp-content\/uploads\/2023\/10\/WhatsApp-Image-2023-10-17-at-20.24.56.jpeg\" \/>\n\t<meta property=\"og:image:width\" content=\"1152\" \/>\n\t<meta property=\"og:image:height\" content=\"855\" \/>\n\t<meta property=\"og:image:type\" content=\"image\/jpeg\" \/>\n<meta name=\"author\" content=\"Thomas Viguier\" \/>\n<meta name=\"twitter:card\" content=\"summary_large_image\" \/>\n<meta name=\"twitter:creator\" content=\"@https:\/\/twitter.com\/endorfeen_\" \/>\n<meta name=\"twitter:label1\" content=\"\u00c9crit par\" \/>\n\t<meta name=\"twitter:data1\" content=\"Thomas Viguier\" \/>\n\t<meta name=\"twitter:label2\" content=\"Dur\u00e9e de lecture estim\u00e9e\" \/>\n\t<meta name=\"twitter:data2\" content=\"5 minutes\" \/>\n<script type=\"application\/ld+json\" class=\"yoast-schema-graph\">{\"@context\":\"https:\/\/schema.org\",\"@graph\":[{\"@type\":\"Article\",\"@id\":\"https:\/\/endorfeen.com\/fr\/cho-polu-ascension-epique-sur-les-traces-dhillary-et-bohigas\/#article\",\"isPartOf\":{\"@id\":\"https:\/\/endorfeen.com\/fr\/cho-polu-ascension-epique-sur-les-traces-dhillary-et-bohigas\/\"},\"author\":{\"name\":\"Thomas Viguier\",\"@id\":\"https:\/\/endorfeen.com\/fr\/#\/schema\/person\/76a61f8eb41d36fffdec1b376fcf19aa\"},\"headline\":\"Cho Polu : Ascension \u00c9pique sur les Traces d&rsquo;Hillary et Bohigas\",\"datePublished\":\"2023-10-17T19:27:02+00:00\",\"dateModified\":\"2023-10-17T19:46:35+00:00\",\"mainEntityOfPage\":{\"@id\":\"https:\/\/endorfeen.com\/fr\/cho-polu-ascension-epique-sur-les-traces-dhillary-et-bohigas\/\"},\"wordCount\":872,\"commentCount\":0,\"publisher\":{\"@id\":\"https:\/\/endorfeen.com\/fr\/#organization\"},\"image\":{\"@id\":\"https:\/\/endorfeen.com\/fr\/cho-polu-ascension-epique-sur-les-traces-dhillary-et-bohigas\/#primaryimage\"},\"thumbnailUrl\":\"https:\/\/endorfeen.com\/wp-content\/uploads\/2023\/10\/WhatsApp-Image-2023-10-17-at-20.24.56.jpeg\",\"keywords\":[\"#Alpinisme\",\"#himalaya\"],\"articleSection\":[\"Aventures\"],\"inLanguage\":\"fr-FR\",\"potentialAction\":[{\"@type\":\"CommentAction\",\"name\":\"Comment\",\"target\":[\"https:\/\/endorfeen.com\/fr\/cho-polu-ascension-epique-sur-les-traces-dhillary-et-bohigas\/#respond\"]}]},{\"@type\":\"WebPage\",\"@id\":\"https:\/\/endorfeen.com\/fr\/cho-polu-ascension-epique-sur-les-traces-dhillary-et-bohigas\/\",\"url\":\"https:\/\/endorfeen.com\/fr\/cho-polu-ascension-epique-sur-les-traces-dhillary-et-bohigas\/\",\"name\":\"Cho Polu : Ascension \u00c9pique sur les Traces d'Hillary et Bohigas - endorfeen\",\"isPartOf\":{\"@id\":\"https:\/\/endorfeen.com\/fr\/#website\"},\"primaryImageOfPage\":{\"@id\":\"https:\/\/endorfeen.com\/fr\/cho-polu-ascension-epique-sur-les-traces-dhillary-et-bohigas\/#primaryimage\"},\"image\":{\"@id\":\"https:\/\/endorfeen.com\/fr\/cho-polu-ascension-epique-sur-les-traces-dhillary-et-bohigas\/#primaryimage\"},\"thumbnailUrl\":\"https:\/\/endorfeen.com\/wp-content\/uploads\/2023\/10\/WhatsApp-Image-2023-10-17-at-20.24.56.jpeg\",\"datePublished\":\"2023-10-17T19:27:02+00:00\",\"dateModified\":\"2023-10-17T19:46:35+00:00\",\"description\":\"Dans le majestueux Khumbu Himal, le Cho Polu se dresse \u00e0 6 700 m\u00e8tres, attirant depuis longtemps les passionn\u00e9s d'alpinisme du monde...\",\"breadcrumb\":{\"@id\":\"https:\/\/endorfeen.com\/fr\/cho-polu-ascension-epique-sur-les-traces-dhillary-et-bohigas\/#breadcrumb\"},\"inLanguage\":\"fr-FR\",\"potentialAction\":[{\"@type\":\"ReadAction\",\"target\":[\"https:\/\/endorfeen.com\/fr\/cho-polu-ascension-epique-sur-les-traces-dhillary-et-bohigas\/\"]}]},{\"@type\":\"ImageObject\",\"inLanguage\":\"fr-FR\",\"@id\":\"https:\/\/endorfeen.com\/fr\/cho-polu-ascension-epique-sur-les-traces-dhillary-et-bohigas\/#primaryimage\",\"url\":\"https:\/\/endorfeen.com\/wp-content\/uploads\/2023\/10\/WhatsApp-Image-2023-10-17-at-20.24.56.jpeg\",\"contentUrl\":\"https:\/\/endorfeen.com\/wp-content\/uploads\/2023\/10\/WhatsApp-Image-2023-10-17-at-20.24.56.jpeg\",\"width\":1152,\"height\":855,\"caption\":\"\u00a9 Guillaume Pierrel\"},{\"@type\":\"BreadcrumbList\",\"@id\":\"https:\/\/endorfeen.com\/fr\/cho-polu-ascension-epique-sur-les-traces-dhillary-et-bohigas\/#breadcrumb\",\"itemListElement\":[{\"@type\":\"ListItem\",\"position\":1,\"name\":\"Home\",\"item\":\"https:\/\/endorfeen.com\/fr\/\"},{\"@type\":\"ListItem\",\"position\":2,\"name\":\"Cho Polu : Ascension \u00c9pique sur les Traces d&#8217;Hillary et Bohigas\"}]},{\"@type\":\"WebSite\",\"@id\":\"https:\/\/endorfeen.com\/fr\/#website\",\"url\":\"https:\/\/endorfeen.com\/fr\/\",\"name\":\"endorfeen\",\"description\":\"The Media For Sustainable Outdoors.\",\"publisher\":{\"@id\":\"https:\/\/endorfeen.com\/fr\/#organization\"},\"potentialAction\":[{\"@type\":\"SearchAction\",\"target\":{\"@type\":\"EntryPoint\",\"urlTemplate\":\"https:\/\/endorfeen.com\/fr\/?s={search_term_string}\"},\"query-input\":{\"@type\":\"PropertyValueSpecification\",\"valueRequired\":true,\"valueName\":\"search_term_string\"}}],\"inLanguage\":\"fr-FR\"},{\"@type\":\"Organization\",\"@id\":\"https:\/\/endorfeen.com\/fr\/#organization\",\"name\":\"endorfeen\",\"url\":\"https:\/\/endorfeen.com\/fr\/\",\"logo\":{\"@type\":\"ImageObject\",\"inLanguage\":\"fr-FR\",\"@id\":\"https:\/\/endorfeen.com\/fr\/#\/schema\/logo\/image\/\",\"url\":\"https:\/\/endorfeen.com\/wp-content\/uploads\/2022\/06\/Circle-endorfeen-site-icon-circled-1000-x-1000-300psi.png\",\"contentUrl\":\"https:\/\/endorfeen.com\/wp-content\/uploads\/2022\/06\/Circle-endorfeen-site-icon-circled-1000-x-1000-300psi.png\",\"width\":1000,\"height\":1000,\"caption\":\"endorfeen\"},\"image\":{\"@id\":\"https:\/\/endorfeen.com\/fr\/#\/schema\/logo\/image\/\"}},{\"@type\":\"Person\",\"@id\":\"https:\/\/endorfeen.com\/fr\/#\/schema\/person\/76a61f8eb41d36fffdec1b376fcf19aa\",\"name\":\"Thomas Viguier\",\"image\":{\"@type\":\"ImageObject\",\"inLanguage\":\"fr-FR\",\"@id\":\"https:\/\/endorfeen.com\/fr\/#\/schema\/person\/image\/\",\"url\":\"https:\/\/secure.gravatar.com\/avatar\/3c24e541f6f82c052219429c60a8948b1c9ad8eda6daf26af0a100594146ab1a?s=96&d=mm&r=g\",\"contentUrl\":\"https:\/\/secure.gravatar.com\/avatar\/3c24e541f6f82c052219429c60a8948b1c9ad8eda6daf26af0a100594146ab1a?s=96&d=mm&r=g\",\"caption\":\"Thomas Viguier\"},\"description\":\"Everyone has a story to tell. endorfeen is built as a collaborative platform, giving the voice to anyone with a story to tell. If you have things you want to share, register here.\",\"sameAs\":[\"https:\/\/www.endorfeen.com\/\",\"http:\/\/www.facebook.com\/endorfeen-583261049007200\",\"http:\/\/www.instagram.com\/endorfeen_\/\",\"https:\/\/fi.pinterest.com\/endorfeen_\/\",\"https:\/\/x.com\/https:\/\/twitter.com\/endorfeen_\"],\"url\":\"https:\/\/endorfeen.com\/fr\/linkto\/endorfeen-mag\/\"}]}<\/script>\n<!-- \/ Yoast SEO Premium plugin. -->","yoast_head_json":{"title":"Cho Polu : Ascension \u00c9pique sur les Traces d'Hillary et Bohigas - endorfeen","description":"Dans le majestueux Khumbu Himal, le Cho Polu se dresse \u00e0 6 700 m\u00e8tres, attirant depuis longtemps les passionn\u00e9s d'alpinisme du monde...","robots":{"index":"index","follow":"follow","max-snippet":"max-snippet:-1","max-image-preview":"max-image-preview:large","max-video-preview":"max-video-preview:-1"},"canonical":"https:\/\/endorfeen.com\/fr\/cho-polu-ascension-epique-sur-les-traces-dhillary-et-bohigas\/","og_locale":"fr_FR","og_type":"article","og_title":"Cho Polu : Ascension \u00c9pique sur les Traces d'Hillary et Bohigas","og_description":"Dans le majestueux Khumbu Himal, le Cho Polu se dresse \u00e0 6 700 m\u00e8tres, attirant depuis longtemps les passionn\u00e9s d'alpinisme du monde...","og_url":"https:\/\/endorfeen.com\/fr\/cho-polu-ascension-epique-sur-les-traces-dhillary-et-bohigas\/","og_site_name":"endorfeen","article_author":"http:\/\/www.facebook.com\/endorfeen-583261049007200","article_published_time":"2023-10-17T19:27:02+00:00","article_modified_time":"2023-10-17T19:46:35+00:00","og_image":[{"width":1152,"height":855,"url":"https:\/\/endorfeen.com\/wp-content\/uploads\/2023\/10\/WhatsApp-Image-2023-10-17-at-20.24.56.jpeg","type":"image\/jpeg"}],"author":"Thomas Viguier","twitter_card":"summary_large_image","twitter_creator":"@https:\/\/twitter.com\/endorfeen_","twitter_misc":{"\u00c9crit par":"Thomas Viguier","Dur\u00e9e de lecture estim\u00e9e":"5 minutes"},"schema":{"@context":"https:\/\/schema.org","@graph":[{"@type":"Article","@id":"https:\/\/endorfeen.com\/fr\/cho-polu-ascension-epique-sur-les-traces-dhillary-et-bohigas\/#article","isPartOf":{"@id":"https:\/\/endorfeen.com\/fr\/cho-polu-ascension-epique-sur-les-traces-dhillary-et-bohigas\/"},"author":{"name":"Thomas Viguier","@id":"https:\/\/endorfeen.com\/fr\/#\/schema\/person\/76a61f8eb41d36fffdec1b376fcf19aa"},"headline":"Cho Polu : Ascension \u00c9pique sur les Traces d&rsquo;Hillary et Bohigas","datePublished":"2023-10-17T19:27:02+00:00","dateModified":"2023-10-17T19:46:35+00:00","mainEntityOfPage":{"@id":"https:\/\/endorfeen.com\/fr\/cho-polu-ascension-epique-sur-les-traces-dhillary-et-bohigas\/"},"wordCount":872,"commentCount":0,"publisher":{"@id":"https:\/\/endorfeen.com\/fr\/#organization"},"image":{"@id":"https:\/\/endorfeen.com\/fr\/cho-polu-ascension-epique-sur-les-traces-dhillary-et-bohigas\/#primaryimage"},"thumbnailUrl":"https:\/\/endorfeen.com\/wp-content\/uploads\/2023\/10\/WhatsApp-Image-2023-10-17-at-20.24.56.jpeg","keywords":["#Alpinisme","#himalaya"],"articleSection":["Aventures"],"inLanguage":"fr-FR","potentialAction":[{"@type":"CommentAction","name":"Comment","target":["https:\/\/endorfeen.com\/fr\/cho-polu-ascension-epique-sur-les-traces-dhillary-et-bohigas\/#respond"]}]},{"@type":"WebPage","@id":"https:\/\/endorfeen.com\/fr\/cho-polu-ascension-epique-sur-les-traces-dhillary-et-bohigas\/","url":"https:\/\/endorfeen.com\/fr\/cho-polu-ascension-epique-sur-les-traces-dhillary-et-bohigas\/","name":"Cho Polu : Ascension \u00c9pique sur les Traces d'Hillary et Bohigas - endorfeen","isPartOf":{"@id":"https:\/\/endorfeen.com\/fr\/#website"},"primaryImageOfPage":{"@id":"https:\/\/endorfeen.com\/fr\/cho-polu-ascension-epique-sur-les-traces-dhillary-et-bohigas\/#primaryimage"},"image":{"@id":"https:\/\/endorfeen.com\/fr\/cho-polu-ascension-epique-sur-les-traces-dhillary-et-bohigas\/#primaryimage"},"thumbnailUrl":"https:\/\/endorfeen.com\/wp-content\/uploads\/2023\/10\/WhatsApp-Image-2023-10-17-at-20.24.56.jpeg","datePublished":"2023-10-17T19:27:02+00:00","dateModified":"2023-10-17T19:46:35+00:00","description":"Dans le majestueux Khumbu Himal, le Cho Polu se dresse \u00e0 6 700 m\u00e8tres, attirant depuis longtemps les passionn\u00e9s d'alpinisme du monde...","breadcrumb":{"@id":"https:\/\/endorfeen.com\/fr\/cho-polu-ascension-epique-sur-les-traces-dhillary-et-bohigas\/#breadcrumb"},"inLanguage":"fr-FR","potentialAction":[{"@type":"ReadAction","target":["https:\/\/endorfeen.com\/fr\/cho-polu-ascension-epique-sur-les-traces-dhillary-et-bohigas\/"]}]},{"@type":"ImageObject","inLanguage":"fr-FR","@id":"https:\/\/endorfeen.com\/fr\/cho-polu-ascension-epique-sur-les-traces-dhillary-et-bohigas\/#primaryimage","url":"https:\/\/endorfeen.com\/wp-content\/uploads\/2023\/10\/WhatsApp-Image-2023-10-17-at-20.24.56.jpeg","contentUrl":"https:\/\/endorfeen.com\/wp-content\/uploads\/2023\/10\/WhatsApp-Image-2023-10-17-at-20.24.56.jpeg","width":1152,"height":855,"caption":"\u00a9 Guillaume Pierrel"},{"@type":"BreadcrumbList","@id":"https:\/\/endorfeen.com\/fr\/cho-polu-ascension-epique-sur-les-traces-dhillary-et-bohigas\/#breadcrumb","itemListElement":[{"@type":"ListItem","position":1,"name":"Home","item":"https:\/\/endorfeen.com\/fr\/"},{"@type":"ListItem","position":2,"name":"Cho Polu : Ascension \u00c9pique sur les Traces d&#8217;Hillary et Bohigas"}]},{"@type":"WebSite","@id":"https:\/\/endorfeen.com\/fr\/#website","url":"https:\/\/endorfeen.com\/fr\/","name":"endorfeen","description":"The Media For Sustainable Outdoors.","publisher":{"@id":"https:\/\/endorfeen.com\/fr\/#organization"},"potentialAction":[{"@type":"SearchAction","target":{"@type":"EntryPoint","urlTemplate":"https:\/\/endorfeen.com\/fr\/?s={search_term_string}"},"query-input":{"@type":"PropertyValueSpecification","valueRequired":true,"valueName":"search_term_string"}}],"inLanguage":"fr-FR"},{"@type":"Organization","@id":"https:\/\/endorfeen.com\/fr\/#organization","name":"endorfeen","url":"https:\/\/endorfeen.com\/fr\/","logo":{"@type":"ImageObject","inLanguage":"fr-FR","@id":"https:\/\/endorfeen.com\/fr\/#\/schema\/logo\/image\/","url":"https:\/\/endorfeen.com\/wp-content\/uploads\/2022\/06\/Circle-endorfeen-site-icon-circled-1000-x-1000-300psi.png","contentUrl":"https:\/\/endorfeen.com\/wp-content\/uploads\/2022\/06\/Circle-endorfeen-site-icon-circled-1000-x-1000-300psi.png","width":1000,"height":1000,"caption":"endorfeen"},"image":{"@id":"https:\/\/endorfeen.com\/fr\/#\/schema\/logo\/image\/"}},{"@type":"Person","@id":"https:\/\/endorfeen.com\/fr\/#\/schema\/person\/76a61f8eb41d36fffdec1b376fcf19aa","name":"Thomas Viguier","image":{"@type":"ImageObject","inLanguage":"fr-FR","@id":"https:\/\/endorfeen.com\/fr\/#\/schema\/person\/image\/","url":"https:\/\/secure.gravatar.com\/avatar\/3c24e541f6f82c052219429c60a8948b1c9ad8eda6daf26af0a100594146ab1a?s=96&d=mm&r=g","contentUrl":"https:\/\/secure.gravatar.com\/avatar\/3c24e541f6f82c052219429c60a8948b1c9ad8eda6daf26af0a100594146ab1a?s=96&d=mm&r=g","caption":"Thomas Viguier"},"description":"Everyone has a story to tell. endorfeen is built as a collaborative platform, giving the voice to anyone with a story to tell. If you have things you want to share, register here.","sameAs":["https:\/\/www.endorfeen.com\/","http:\/\/www.facebook.com\/endorfeen-583261049007200","http:\/\/www.instagram.com\/endorfeen_\/","https:\/\/fi.pinterest.com\/endorfeen_\/","https:\/\/x.com\/https:\/\/twitter.com\/endorfeen_"],"url":"https:\/\/endorfeen.com\/fr\/linkto\/endorfeen-mag\/"}]}},"featured_image_src":"https:\/\/endorfeen.com\/wp-content\/uploads\/2023\/10\/WhatsApp-Image-2023-10-17-at-20.24.56-600x400.jpeg","featured_image_src_square":"https:\/\/endorfeen.com\/wp-content\/uploads\/2023\/10\/WhatsApp-Image-2023-10-17-at-20.24.56-600x600.jpeg","author_info":{"display_name":"Thomas Viguier","author_link":"https:\/\/endorfeen.com\/fr\/linkto\/endorfeen-mag\/"},"acf":[],"_links":{"self":[{"href":"https:\/\/endorfeen.com\/fr\/wp-json\/wp\/v2\/posts\/14481","targetHints":{"allow":["GET"]}}],"collection":[{"href":"https:\/\/endorfeen.com\/fr\/wp-json\/wp\/v2\/posts"}],"about":[{"href":"https:\/\/endorfeen.com\/fr\/wp-json\/wp\/v2\/types\/post"}],"author":[{"embeddable":true,"href":"https:\/\/endorfeen.com\/fr\/wp-json\/wp\/v2\/users\/30"}],"replies":[{"embeddable":true,"href":"https:\/\/endorfeen.com\/fr\/wp-json\/wp\/v2\/comments?post=14481"}],"version-history":[{"count":0,"href":"https:\/\/endorfeen.com\/fr\/wp-json\/wp\/v2\/posts\/14481\/revisions"}],"wp:featuredmedia":[{"embeddable":true,"href":"https:\/\/endorfeen.com\/fr\/wp-json\/wp\/v2\/media\/14488"}],"wp:attachment":[{"href":"https:\/\/endorfeen.com\/fr\/wp-json\/wp\/v2\/media?parent=14481"}],"wp:term":[{"taxonomy":"category","embeddable":true,"href":"https:\/\/endorfeen.com\/fr\/wp-json\/wp\/v2\/categories?post=14481"},{"taxonomy":"post_tag","embeddable":true,"href":"https:\/\/endorfeen.com\/fr\/wp-json\/wp\/v2\/tags?post=14481"},{"taxonomy":"sponsor","embeddable":true,"href":"https:\/\/endorfeen.com\/fr\/wp-json\/wp\/v2\/sponsor?post=14481"}],"curies":[{"name":"wp","href":"https:\/\/api.w.org\/{rel}","templated":true}]}}