{"id":14450,"date":"2023-10-13T10:13:21","date_gmt":"2023-10-13T09:13:21","guid":{"rendered":"https:\/\/endorfeen.com\/remembering-tof-henry-a-remarkable-skier-and-adventurer\/"},"modified":"2023-10-13T11:11:00","modified_gmt":"2023-10-13T10:11:00","slug":"en-souvenir-de-tof-henry-un-skieur-et-aventurier-remarquable","status":"publish","type":"post","link":"https:\/\/endorfeen.com\/fr\/en-souvenir-de-tof-henry-un-skieur-et-aventurier-remarquable\/","title":{"rendered":"En Souvenir de Tof Henry : Un Skieur et Aventurier Remarquable"},"content":{"rendered":"\n<p><a href=\"https:\/\/www.biobiochile.cl\/noticias\/nacional\/region-de-los-lagos\/2023\/10\/11\/amp\/entregan-identidades-de-los-dos-turistas-fallecidos-tras-avalancha-en-volcan-puntiagudo.shtml\" target=\"_blank\" rel=\"noreferrer noopener\">Au cours d&rsquo;une journ\u00e9e de tristesse, le 11 octobre 2023<\/a>, l&rsquo;esprit d&rsquo;aventure de Christophe \u00ab\u00a0Tof\u00a0\u00bb Henry a \u00e9t\u00e9 tragiquement r\u00e9duit au silence au milieu des pistes enneig\u00e9es du volcan Puntiagudo au Chili. Le monde a non seulement perdu un skieur exceptionnellement talentueux mais aussi un homme dont le z\u00e8le pour la vie et l&rsquo;esprit audacieux ont sculpt\u00e9 son h\u00e9ritage dans les sommets enneig\u00e9s qu&rsquo;il a travers\u00e9s.<\/p>\n\n\n\n<p>N\u00e9 en 1984 \u00e0 Chamonix, en France, Henry a forg\u00e9 son nom au milieu des pics vertigineux du Mont Blanc, embrassant les d\u00e9fis et se fa\u00e7onnant une image d&rsquo;un skieur rapide, efficace et esth\u00e9tiquement averti. Pascal Tournaire, un photographe de montagne chevronn\u00e9 qui a occasionnellement travaill\u00e9 avec Henry, admirait sa capacit\u00e9 \u00e0 skier \u00ab\u00a0\u00e0 Mach 10\u00a0\u00bb, exprimant que m\u00eame dans des conditions cro\u00fbt\u00e9es, Henry semblait glisser \u00e0 travers une poudreuse de r\u00eave. La presse sp\u00e9cialis\u00e9e le saluait souvent comme une l\u00e9gende, refl\u00e9tant les sentiments de ceux qui ont assist\u00e9 \u00e0 ses exploits dans les terrains redoutables.<\/p>\n\n\n\n<figure class=\"wp-block-image alignwide size-large wp--14446\"><img loading=\"lazy\" decoding=\"async\" width=\"819\" height=\"1024\" src=\"https:\/\/endorfeen.com\/wp-content\/uploads\/2023\/10\/Tof-Henry-819x1024.jpeg\" alt=\"Tof Henry\" class=\"wp-image-14446\" srcset=\"https:\/\/endorfeen.com\/wp-content\/uploads\/2023\/10\/Tof-Henry-240x300.jpeg 240w, https:\/\/endorfeen.com\/wp-content\/uploads\/2023\/10\/Tof-Henry-768x960.jpeg 768w, https:\/\/endorfeen.com\/wp-content\/uploads\/2023\/10\/Tof-Henry-819x1024.jpeg 819w, https:\/\/endorfeen.com\/wp-content\/uploads\/2023\/10\/Tof-Henry.jpeg 1080w\" sizes=\"auto, (max-width: 819px) 100vw, 819px\" \/><figcaption class=\"wp-element-caption\"><a href=\"https:\/\/www.instagram.com\/tof_henry\/\" target=\"_blank\" rel=\"noreferrer noopener\">Tof Henry<\/a><\/figcaption><\/figure>\n\n\n\n<p>La qu\u00eate d&rsquo;aventure de Tof ne connaissait pas de limites, ce qui l&rsquo;a amen\u00e9 \u00e0 entreprendre une exp\u00e9dition audacieuse au Chili, o\u00f9 lui, accompagn\u00e9 du photographe Mathurin Vauthier et de guides locaux, a explor\u00e9 plusieurs descentes magnifiques, notamment une premi\u00e8re remarquable au Cerro Castillo. Dans les semaines pr\u00e9c\u00e9dant l&rsquo;incident tragique, il a partag\u00e9 des r\u00e9cits de ses escapades et bivouacs \u00e0 travers les hauteurs du Cerro Solo \u00e0 El Chalten, en Patagonie Argentine, avec ses abonn\u00e9s sur les r\u00e9seaux sociaux.<\/p>\n\n\n\n<p>Mais les pistes de ski du volcan Puntiagudo au Chili, qui culminent \u00e0 2 493 m\u00e8tres, ont mis un terme abrupt et tragique aux voyages de Tof. Les premiers reportages des m\u00e9dias chiliens d\u00e9voilent une histoire d\u00e9chirante d&rsquo;une avalanche qui aurait projet\u00e9 lui et le c\u00e9l\u00e8bre guide de montagne IFMGA chilien Juan Senoret hors d&rsquo;une falaise, mettant fin de mani\u00e8re catastrophique \u00e0 leur exp\u00e9dition. Mathurin Vauthier, bien qu&rsquo;il ait \u00e9t\u00e9 bless\u00e9 lors de l&rsquo;incident, est parvenu \u00e0 descendre la montagne de mani\u00e8re autonome.<\/p>\n\n\n\n<p>De retour \u00e0 Chamonix, les \u00e9chos des exploits de Tof r\u00e9sonnent, immortalis\u00e9s par les r\u00e9cits et les images v\u00e9n\u00e9r\u00e9es de ses descentes audacieuses. Son impact profond sur la communaut\u00e9 du ski est exprim\u00e9 par <a href=\"https:\/\/www.facebook.com\/pepapy.millet\" target=\"_blank\" rel=\"noreferrer noopener\">Paul Edouard Millet<\/a>, un ami proche et compagnon d&rsquo;aventure, qui a soulign\u00e9 comment Tof, avec sa joie contagieuse et sa passion sans entrave pour la montagne, \u00e9tait souvent le premier point de contact pour les guides qui cherchaient des informations sur les conditions de neige en altitude sup\u00e9rieure.<\/p>\n\n\n\n<p>Tof n&rsquo;avait pas seulement grav\u00e9 son nom dans les annales de l&rsquo;histoire du ski, mais avait \u00e9galement \u00e9tabli un h\u00e9ritage de bravoure, illustr\u00e9 par sa premi\u00e8re ascension et descente en ski de la face nord de l&rsquo;Aiguille de Triolet en 2018, aux c\u00f4t\u00e9s de Jonathan Charlet. Sa transition d&rsquo;un coureur \u00e0 un skieur de grandes montagnes a ouvert un monde o\u00f9 son esprit sans limites a trouv\u00e9 une r\u00e9sonance au milieu des lignes abruptes et difficiles qu&rsquo;il osait naviguer. Tof \u00e9tait c\u00e9l\u00e9br\u00e9 comme \u00ab\u00a0le skieur le plus rapide de Chamonix\u00a0\u00bb par le regrett\u00e9 Andreas Fransson, soulignant ses comp\u00e9tences remarquables et l&rsquo;admiration qu&rsquo;il suscitait au sein de sa communaut\u00e9.<\/p>\n\n\n\n<p>Malgr\u00e9 le deuil, l&rsquo;h\u00e9ritage de Tof est destin\u00e9 \u00e0 inspirer des g\u00e9n\u00e9rations de skieurs et d&rsquo;aventuriers, incarnant un ethos o\u00f9 la passion, le courage et la poursuite incessante de ses r\u00eaves s&rsquo;entrelacent. La douleur de sa perte est r\u00e9pandue, mais les souvenirs de ses aventures audacieuses et de ce sourire inlassablement \u00e9nergique resteront grav\u00e9s dans le monde du ski.<\/p>\n\n\n\n<p>En m\u00e9moire de Tof Henry, la communaut\u00e9 du ski \u00e0 travers le monde s&rsquo;unit pour adresser ses sinc\u00e8res condol\u00e9ances \u00e0 sa famille, ses amis et \u00e0 Mathurin en cette p\u00e9riode profond\u00e9ment douloureuse. Alors que la neige recouvre les pentes qu&rsquo;il a autrefois conquises, les r\u00e9cits de ses exploits continueront de susciter l&rsquo;inspiration et de r\u00e9sonner parmi les pics et les vall\u00e9es, immortalisant la l\u00e9gende d&rsquo;un homme qui skiait avec tout son c\u0153ur et son \u00e2me. Puise-t-il skier en paix.<\/p>\n","protected":false},"excerpt":{"rendered":"<p>Au cours d&rsquo;une journ\u00e9e de tristesse, le 11 octobre 2023, l&rsquo;esprit d&rsquo;aventure de Christophe \u00ab\u00a0Tof\u00a0\u00bb Henry a \u00e9t\u00e9 tragiquement r\u00e9duit au silence au milieu des pistes enneig\u00e9es du volcan Puntiagudo au Chili. Le monde a non seulement perdu un skieur exceptionnellement talentueux mais aussi un homme dont le z\u00e8le pour la vie et l&rsquo;esprit audacieux &hellip;<\/p>\n","protected":false},"author":30,"featured_media":14449,"comment_status":"open","ping_status":"open","sticky":false,"template":"","format":"standard","meta":{"_acf_changed":false,"_genesis_hide_title":false,"_genesis_hide_breadcrumbs":false,"_genesis_hide_singular_image":false,"_genesis_hide_footer_widgets":false,"_genesis_custom_body_class":"","_genesis_custom_post_class":"","_genesis_layout":"","footnotes":""},"categories":[170],"tags":[162],"sponsor":[],"class_list":{"2":"type-post","7":"category-aventures","8":"tag-freeride-fr","9":"entry"},"yoast_head":"<!-- This site is optimized with the Yoast SEO Premium plugin v26.2 (Yoast SEO v26.2) - https:\/\/yoast.com\/wordpress\/plugins\/seo\/ -->\n<title>En Souvenir de Tof Henry : Un Skieur et Aventurier Remarquable - endorfeen<\/title>\n<meta name=\"description\" content=\"En une journ\u00e9e m\u00e9lancolique, le 11 octobre 2023, l&#039;esprit aventureux de Christophe &quot;Tof&quot; Henry a \u00e9t\u00e9 tragiquement \u00e9teint au milieu...\" \/>\n<meta name=\"robots\" content=\"index, follow, max-snippet:-1, max-image-preview:large, max-video-preview:-1\" \/>\n<link rel=\"canonical\" href=\"https:\/\/endorfeen.com\/fr\/en-souvenir-de-tof-henry-un-skieur-et-aventurier-remarquable\/\" \/>\n<meta property=\"og:locale\" content=\"fr_FR\" \/>\n<meta property=\"og:type\" content=\"article\" \/>\n<meta property=\"og:title\" content=\"En Souvenir de Tof Henry : Un Skieur et Aventurier Remarquable\" \/>\n<meta property=\"og:description\" content=\"En une journ\u00e9e m\u00e9lancolique, le 11 octobre 2023, l&#039;esprit aventureux de Christophe &quot;Tof&quot; Henry a \u00e9t\u00e9 tragiquement \u00e9teint au milieu...\" \/>\n<meta property=\"og:url\" content=\"https:\/\/endorfeen.com\/fr\/en-souvenir-de-tof-henry-un-skieur-et-aventurier-remarquable\/\" \/>\n<meta property=\"og:site_name\" content=\"endorfeen\" \/>\n<meta property=\"article:author\" content=\"http:\/\/www.facebook.com\/endorfeen-583261049007200\" \/>\n<meta property=\"article:published_time\" content=\"2023-10-13T09:13:21+00:00\" \/>\n<meta property=\"article:modified_time\" content=\"2023-10-13T10:11:00+00:00\" \/>\n<meta property=\"og:image\" content=\"https:\/\/endorfeen.com\/wp-content\/uploads\/2023\/10\/Tof-Henry-Ski.jpeg\" \/>\n\t<meta property=\"og:image:width\" content=\"1080\" \/>\n\t<meta property=\"og:image:height\" content=\"854\" \/>\n\t<meta property=\"og:image:type\" content=\"image\/jpeg\" \/>\n<meta name=\"author\" content=\"Thomas Viguier\" \/>\n<meta name=\"twitter:card\" content=\"summary_large_image\" \/>\n<meta name=\"twitter:creator\" content=\"@https:\/\/twitter.com\/endorfeen_\" \/>\n<meta name=\"twitter:label1\" content=\"\u00c9crit par\" \/>\n\t<meta name=\"twitter:data1\" content=\"Thomas Viguier\" \/>\n\t<meta name=\"twitter:label2\" content=\"Dur\u00e9e de lecture estim\u00e9e\" \/>\n\t<meta name=\"twitter:data2\" content=\"4 minutes\" \/>\n<script type=\"application\/ld+json\" class=\"yoast-schema-graph\">{\"@context\":\"https:\/\/schema.org\",\"@graph\":[{\"@type\":\"Article\",\"@id\":\"https:\/\/endorfeen.com\/fr\/en-souvenir-de-tof-henry-un-skieur-et-aventurier-remarquable\/#article\",\"isPartOf\":{\"@id\":\"https:\/\/endorfeen.com\/fr\/en-souvenir-de-tof-henry-un-skieur-et-aventurier-remarquable\/\"},\"author\":{\"name\":\"Thomas Viguier\",\"@id\":\"https:\/\/endorfeen.com\/fr\/#\/schema\/person\/76a61f8eb41d36fffdec1b376fcf19aa\"},\"headline\":\"En Souvenir de Tof Henry : Un Skieur et Aventurier Remarquable\",\"datePublished\":\"2023-10-13T09:13:21+00:00\",\"dateModified\":\"2023-10-13T10:11:00+00:00\",\"mainEntityOfPage\":{\"@id\":\"https:\/\/endorfeen.com\/fr\/en-souvenir-de-tof-henry-un-skieur-et-aventurier-remarquable\/\"},\"wordCount\":735,\"commentCount\":0,\"publisher\":{\"@id\":\"https:\/\/endorfeen.com\/fr\/#organization\"},\"image\":{\"@id\":\"https:\/\/endorfeen.com\/fr\/en-souvenir-de-tof-henry-un-skieur-et-aventurier-remarquable\/#primaryimage\"},\"thumbnailUrl\":\"https:\/\/endorfeen.com\/wp-content\/uploads\/2023\/10\/Tof-Henry-Ski.jpeg\",\"keywords\":[\"#freeride\"],\"articleSection\":[\"Aventures\"],\"inLanguage\":\"fr-FR\",\"potentialAction\":[{\"@type\":\"CommentAction\",\"name\":\"Comment\",\"target\":[\"https:\/\/endorfeen.com\/fr\/en-souvenir-de-tof-henry-un-skieur-et-aventurier-remarquable\/#respond\"]}]},{\"@type\":\"WebPage\",\"@id\":\"https:\/\/endorfeen.com\/fr\/en-souvenir-de-tof-henry-un-skieur-et-aventurier-remarquable\/\",\"url\":\"https:\/\/endorfeen.com\/fr\/en-souvenir-de-tof-henry-un-skieur-et-aventurier-remarquable\/\",\"name\":\"En Souvenir de Tof Henry : Un Skieur et Aventurier Remarquable - endorfeen\",\"isPartOf\":{\"@id\":\"https:\/\/endorfeen.com\/fr\/#website\"},\"primaryImageOfPage\":{\"@id\":\"https:\/\/endorfeen.com\/fr\/en-souvenir-de-tof-henry-un-skieur-et-aventurier-remarquable\/#primaryimage\"},\"image\":{\"@id\":\"https:\/\/endorfeen.com\/fr\/en-souvenir-de-tof-henry-un-skieur-et-aventurier-remarquable\/#primaryimage\"},\"thumbnailUrl\":\"https:\/\/endorfeen.com\/wp-content\/uploads\/2023\/10\/Tof-Henry-Ski.jpeg\",\"datePublished\":\"2023-10-13T09:13:21+00:00\",\"dateModified\":\"2023-10-13T10:11:00+00:00\",\"description\":\"En une journ\u00e9e m\u00e9lancolique, le 11 octobre 2023, l'esprit aventureux de Christophe \\\"Tof\\\" Henry a \u00e9t\u00e9 tragiquement \u00e9teint au milieu...\",\"breadcrumb\":{\"@id\":\"https:\/\/endorfeen.com\/fr\/en-souvenir-de-tof-henry-un-skieur-et-aventurier-remarquable\/#breadcrumb\"},\"inLanguage\":\"fr-FR\",\"potentialAction\":[{\"@type\":\"ReadAction\",\"target\":[\"https:\/\/endorfeen.com\/fr\/en-souvenir-de-tof-henry-un-skieur-et-aventurier-remarquable\/\"]}]},{\"@type\":\"ImageObject\",\"inLanguage\":\"fr-FR\",\"@id\":\"https:\/\/endorfeen.com\/fr\/en-souvenir-de-tof-henry-un-skieur-et-aventurier-remarquable\/#primaryimage\",\"url\":\"https:\/\/endorfeen.com\/wp-content\/uploads\/2023\/10\/Tof-Henry-Ski.jpeg\",\"contentUrl\":\"https:\/\/endorfeen.com\/wp-content\/uploads\/2023\/10\/Tof-Henry-Ski.jpeg\",\"width\":1080,\"height\":854,\"caption\":\"Tof Henry\"},{\"@type\":\"BreadcrumbList\",\"@id\":\"https:\/\/endorfeen.com\/fr\/en-souvenir-de-tof-henry-un-skieur-et-aventurier-remarquable\/#breadcrumb\",\"itemListElement\":[{\"@type\":\"ListItem\",\"position\":1,\"name\":\"Home\",\"item\":\"https:\/\/endorfeen.com\/fr\/\"},{\"@type\":\"ListItem\",\"position\":2,\"name\":\"En Souvenir de Tof Henry : Un Skieur et Aventurier Remarquable\"}]},{\"@type\":\"WebSite\",\"@id\":\"https:\/\/endorfeen.com\/fr\/#website\",\"url\":\"https:\/\/endorfeen.com\/fr\/\",\"name\":\"endorfeen\",\"description\":\"The Media For Sustainable Outdoors.\",\"publisher\":{\"@id\":\"https:\/\/endorfeen.com\/fr\/#organization\"},\"potentialAction\":[{\"@type\":\"SearchAction\",\"target\":{\"@type\":\"EntryPoint\",\"urlTemplate\":\"https:\/\/endorfeen.com\/fr\/?s={search_term_string}\"},\"query-input\":{\"@type\":\"PropertyValueSpecification\",\"valueRequired\":true,\"valueName\":\"search_term_string\"}}],\"inLanguage\":\"fr-FR\"},{\"@type\":\"Organization\",\"@id\":\"https:\/\/endorfeen.com\/fr\/#organization\",\"name\":\"endorfeen\",\"url\":\"https:\/\/endorfeen.com\/fr\/\",\"logo\":{\"@type\":\"ImageObject\",\"inLanguage\":\"fr-FR\",\"@id\":\"https:\/\/endorfeen.com\/fr\/#\/schema\/logo\/image\/\",\"url\":\"https:\/\/endorfeen.com\/wp-content\/uploads\/2022\/06\/Circle-endorfeen-site-icon-circled-1000-x-1000-300psi.png\",\"contentUrl\":\"https:\/\/endorfeen.com\/wp-content\/uploads\/2022\/06\/Circle-endorfeen-site-icon-circled-1000-x-1000-300psi.png\",\"width\":1000,\"height\":1000,\"caption\":\"endorfeen\"},\"image\":{\"@id\":\"https:\/\/endorfeen.com\/fr\/#\/schema\/logo\/image\/\"}},{\"@type\":\"Person\",\"@id\":\"https:\/\/endorfeen.com\/fr\/#\/schema\/person\/76a61f8eb41d36fffdec1b376fcf19aa\",\"name\":\"Thomas Viguier\",\"image\":{\"@type\":\"ImageObject\",\"inLanguage\":\"fr-FR\",\"@id\":\"https:\/\/endorfeen.com\/fr\/#\/schema\/person\/image\/\",\"url\":\"https:\/\/secure.gravatar.com\/avatar\/3c24e541f6f82c052219429c60a8948b1c9ad8eda6daf26af0a100594146ab1a?s=96&d=mm&r=g\",\"contentUrl\":\"https:\/\/secure.gravatar.com\/avatar\/3c24e541f6f82c052219429c60a8948b1c9ad8eda6daf26af0a100594146ab1a?s=96&d=mm&r=g\",\"caption\":\"Thomas Viguier\"},\"description\":\"Everyone has a story to tell. endorfeen is built as a collaborative platform, giving the voice to anyone with a story to tell. If you have things you want to share, register here.\",\"sameAs\":[\"https:\/\/www.endorfeen.com\/\",\"http:\/\/www.facebook.com\/endorfeen-583261049007200\",\"http:\/\/www.instagram.com\/endorfeen_\/\",\"https:\/\/fi.pinterest.com\/endorfeen_\/\",\"https:\/\/x.com\/https:\/\/twitter.com\/endorfeen_\"],\"url\":\"https:\/\/endorfeen.com\/fr\/linkto\/endorfeen-mag\/\"}]}<\/script>\n<!-- \/ Yoast SEO Premium plugin. -->","yoast_head_json":{"title":"En Souvenir de Tof Henry : Un Skieur et Aventurier Remarquable - endorfeen","description":"En une journ\u00e9e m\u00e9lancolique, le 11 octobre 2023, l'esprit aventureux de Christophe \"Tof\" Henry a \u00e9t\u00e9 tragiquement \u00e9teint au milieu...","robots":{"index":"index","follow":"follow","max-snippet":"max-snippet:-1","max-image-preview":"max-image-preview:large","max-video-preview":"max-video-preview:-1"},"canonical":"https:\/\/endorfeen.com\/fr\/en-souvenir-de-tof-henry-un-skieur-et-aventurier-remarquable\/","og_locale":"fr_FR","og_type":"article","og_title":"En Souvenir de Tof Henry : Un Skieur et Aventurier Remarquable","og_description":"En une journ\u00e9e m\u00e9lancolique, le 11 octobre 2023, l'esprit aventureux de Christophe \"Tof\" Henry a \u00e9t\u00e9 tragiquement \u00e9teint au milieu...","og_url":"https:\/\/endorfeen.com\/fr\/en-souvenir-de-tof-henry-un-skieur-et-aventurier-remarquable\/","og_site_name":"endorfeen","article_author":"http:\/\/www.facebook.com\/endorfeen-583261049007200","article_published_time":"2023-10-13T09:13:21+00:00","article_modified_time":"2023-10-13T10:11:00+00:00","og_image":[{"width":1080,"height":854,"url":"https:\/\/endorfeen.com\/wp-content\/uploads\/2023\/10\/Tof-Henry-Ski.jpeg","type":"image\/jpeg"}],"author":"Thomas Viguier","twitter_card":"summary_large_image","twitter_creator":"@https:\/\/twitter.com\/endorfeen_","twitter_misc":{"\u00c9crit par":"Thomas Viguier","Dur\u00e9e de lecture estim\u00e9e":"4 minutes"},"schema":{"@context":"https:\/\/schema.org","@graph":[{"@type":"Article","@id":"https:\/\/endorfeen.com\/fr\/en-souvenir-de-tof-henry-un-skieur-et-aventurier-remarquable\/#article","isPartOf":{"@id":"https:\/\/endorfeen.com\/fr\/en-souvenir-de-tof-henry-un-skieur-et-aventurier-remarquable\/"},"author":{"name":"Thomas Viguier","@id":"https:\/\/endorfeen.com\/fr\/#\/schema\/person\/76a61f8eb41d36fffdec1b376fcf19aa"},"headline":"En Souvenir de Tof Henry : Un Skieur et Aventurier Remarquable","datePublished":"2023-10-13T09:13:21+00:00","dateModified":"2023-10-13T10:11:00+00:00","mainEntityOfPage":{"@id":"https:\/\/endorfeen.com\/fr\/en-souvenir-de-tof-henry-un-skieur-et-aventurier-remarquable\/"},"wordCount":735,"commentCount":0,"publisher":{"@id":"https:\/\/endorfeen.com\/fr\/#organization"},"image":{"@id":"https:\/\/endorfeen.com\/fr\/en-souvenir-de-tof-henry-un-skieur-et-aventurier-remarquable\/#primaryimage"},"thumbnailUrl":"https:\/\/endorfeen.com\/wp-content\/uploads\/2023\/10\/Tof-Henry-Ski.jpeg","keywords":["#freeride"],"articleSection":["Aventures"],"inLanguage":"fr-FR","potentialAction":[{"@type":"CommentAction","name":"Comment","target":["https:\/\/endorfeen.com\/fr\/en-souvenir-de-tof-henry-un-skieur-et-aventurier-remarquable\/#respond"]}]},{"@type":"WebPage","@id":"https:\/\/endorfeen.com\/fr\/en-souvenir-de-tof-henry-un-skieur-et-aventurier-remarquable\/","url":"https:\/\/endorfeen.com\/fr\/en-souvenir-de-tof-henry-un-skieur-et-aventurier-remarquable\/","name":"En Souvenir de Tof Henry : Un Skieur et Aventurier Remarquable - endorfeen","isPartOf":{"@id":"https:\/\/endorfeen.com\/fr\/#website"},"primaryImageOfPage":{"@id":"https:\/\/endorfeen.com\/fr\/en-souvenir-de-tof-henry-un-skieur-et-aventurier-remarquable\/#primaryimage"},"image":{"@id":"https:\/\/endorfeen.com\/fr\/en-souvenir-de-tof-henry-un-skieur-et-aventurier-remarquable\/#primaryimage"},"thumbnailUrl":"https:\/\/endorfeen.com\/wp-content\/uploads\/2023\/10\/Tof-Henry-Ski.jpeg","datePublished":"2023-10-13T09:13:21+00:00","dateModified":"2023-10-13T10:11:00+00:00","description":"En une journ\u00e9e m\u00e9lancolique, le 11 octobre 2023, l'esprit aventureux de Christophe \"Tof\" Henry a \u00e9t\u00e9 tragiquement \u00e9teint au milieu...","breadcrumb":{"@id":"https:\/\/endorfeen.com\/fr\/en-souvenir-de-tof-henry-un-skieur-et-aventurier-remarquable\/#breadcrumb"},"inLanguage":"fr-FR","potentialAction":[{"@type":"ReadAction","target":["https:\/\/endorfeen.com\/fr\/en-souvenir-de-tof-henry-un-skieur-et-aventurier-remarquable\/"]}]},{"@type":"ImageObject","inLanguage":"fr-FR","@id":"https:\/\/endorfeen.com\/fr\/en-souvenir-de-tof-henry-un-skieur-et-aventurier-remarquable\/#primaryimage","url":"https:\/\/endorfeen.com\/wp-content\/uploads\/2023\/10\/Tof-Henry-Ski.jpeg","contentUrl":"https:\/\/endorfeen.com\/wp-content\/uploads\/2023\/10\/Tof-Henry-Ski.jpeg","width":1080,"height":854,"caption":"Tof Henry"},{"@type":"BreadcrumbList","@id":"https:\/\/endorfeen.com\/fr\/en-souvenir-de-tof-henry-un-skieur-et-aventurier-remarquable\/#breadcrumb","itemListElement":[{"@type":"ListItem","position":1,"name":"Home","item":"https:\/\/endorfeen.com\/fr\/"},{"@type":"ListItem","position":2,"name":"En Souvenir de Tof Henry : Un Skieur et Aventurier Remarquable"}]},{"@type":"WebSite","@id":"https:\/\/endorfeen.com\/fr\/#website","url":"https:\/\/endorfeen.com\/fr\/","name":"endorfeen","description":"The Media For Sustainable Outdoors.","publisher":{"@id":"https:\/\/endorfeen.com\/fr\/#organization"},"potentialAction":[{"@type":"SearchAction","target":{"@type":"EntryPoint","urlTemplate":"https:\/\/endorfeen.com\/fr\/?s={search_term_string}"},"query-input":{"@type":"PropertyValueSpecification","valueRequired":true,"valueName":"search_term_string"}}],"inLanguage":"fr-FR"},{"@type":"Organization","@id":"https:\/\/endorfeen.com\/fr\/#organization","name":"endorfeen","url":"https:\/\/endorfeen.com\/fr\/","logo":{"@type":"ImageObject","inLanguage":"fr-FR","@id":"https:\/\/endorfeen.com\/fr\/#\/schema\/logo\/image\/","url":"https:\/\/endorfeen.com\/wp-content\/uploads\/2022\/06\/Circle-endorfeen-site-icon-circled-1000-x-1000-300psi.png","contentUrl":"https:\/\/endorfeen.com\/wp-content\/uploads\/2022\/06\/Circle-endorfeen-site-icon-circled-1000-x-1000-300psi.png","width":1000,"height":1000,"caption":"endorfeen"},"image":{"@id":"https:\/\/endorfeen.com\/fr\/#\/schema\/logo\/image\/"}},{"@type":"Person","@id":"https:\/\/endorfeen.com\/fr\/#\/schema\/person\/76a61f8eb41d36fffdec1b376fcf19aa","name":"Thomas Viguier","image":{"@type":"ImageObject","inLanguage":"fr-FR","@id":"https:\/\/endorfeen.com\/fr\/#\/schema\/person\/image\/","url":"https:\/\/secure.gravatar.com\/avatar\/3c24e541f6f82c052219429c60a8948b1c9ad8eda6daf26af0a100594146ab1a?s=96&d=mm&r=g","contentUrl":"https:\/\/secure.gravatar.com\/avatar\/3c24e541f6f82c052219429c60a8948b1c9ad8eda6daf26af0a100594146ab1a?s=96&d=mm&r=g","caption":"Thomas Viguier"},"description":"Everyone has a story to tell. endorfeen is built as a collaborative platform, giving the voice to anyone with a story to tell. If you have things you want to share, register here.","sameAs":["https:\/\/www.endorfeen.com\/","http:\/\/www.facebook.com\/endorfeen-583261049007200","http:\/\/www.instagram.com\/endorfeen_\/","https:\/\/fi.pinterest.com\/endorfeen_\/","https:\/\/x.com\/https:\/\/twitter.com\/endorfeen_"],"url":"https:\/\/endorfeen.com\/fr\/linkto\/endorfeen-mag\/"}]}},"featured_image_src":"https:\/\/endorfeen.com\/wp-content\/uploads\/2023\/10\/Tof-Henry-Ski-600x400.jpeg","featured_image_src_square":"https:\/\/endorfeen.com\/wp-content\/uploads\/2023\/10\/Tof-Henry-Ski-600x600.jpeg","author_info":{"display_name":"Thomas Viguier","author_link":"https:\/\/endorfeen.com\/fr\/linkto\/endorfeen-mag\/"},"acf":[],"_links":{"self":[{"href":"https:\/\/endorfeen.com\/fr\/wp-json\/wp\/v2\/posts\/14450","targetHints":{"allow":["GET"]}}],"collection":[{"href":"https:\/\/endorfeen.com\/fr\/wp-json\/wp\/v2\/posts"}],"about":[{"href":"https:\/\/endorfeen.com\/fr\/wp-json\/wp\/v2\/types\/post"}],"author":[{"embeddable":true,"href":"https:\/\/endorfeen.com\/fr\/wp-json\/wp\/v2\/users\/30"}],"replies":[{"embeddable":true,"href":"https:\/\/endorfeen.com\/fr\/wp-json\/wp\/v2\/comments?post=14450"}],"version-history":[{"count":0,"href":"https:\/\/endorfeen.com\/fr\/wp-json\/wp\/v2\/posts\/14450\/revisions"}],"wp:featuredmedia":[{"embeddable":true,"href":"https:\/\/endorfeen.com\/fr\/wp-json\/wp\/v2\/media\/14449"}],"wp:attachment":[{"href":"https:\/\/endorfeen.com\/fr\/wp-json\/wp\/v2\/media?parent=14450"}],"wp:term":[{"taxonomy":"category","embeddable":true,"href":"https:\/\/endorfeen.com\/fr\/wp-json\/wp\/v2\/categories?post=14450"},{"taxonomy":"post_tag","embeddable":true,"href":"https:\/\/endorfeen.com\/fr\/wp-json\/wp\/v2\/tags?post=14450"},{"taxonomy":"sponsor","embeddable":true,"href":"https:\/\/endorfeen.com\/fr\/wp-json\/wp\/v2\/sponsor?post=14450"}],"curies":[{"name":"wp","href":"https:\/\/api.w.org\/{rel}","templated":true}]}}