{"id":14219,"date":"2023-09-25T08:00:00","date_gmt":"2023-09-25T07:00:00","guid":{"rendered":"https:\/\/endorfeen.com\/?p=14219"},"modified":"2023-11-17T16:06:47","modified_gmt":"2023-11-17T16:06:47","slug":"randonnee-a-marseille","status":"publish","type":"post","link":"https:\/\/endorfeen.com\/fr\/randonnee-a-marseille\/","title":{"rendered":"Randonn\u00e9e \u00e0 Marseille"},"content":{"rendered":"\n<p>Faire de la randonn\u00e9e \u00e0 Marseille permet de d\u00e9couvrir une multitude de sentiers qui offrent une immersion dans la splendeur de la nature proven\u00e7ale et m\u00e9diterran\u00e9enne. B\u00e9n\u00e9ficiant d&rsquo;un climat agr\u00e9able, de paysages c\u00f4tiers \u00e0 couper le souffle, et d&rsquo;une Provence qui a inspir\u00e9 de nombreux artistes, cette r\u00e9gion est un v\u00e9ritable paradis pour les amateurs de randonn\u00e9e. En effet, en randonn\u00e9e \u00e0 Marseille et en Provence, vous trouverez une grande vari\u00e9t\u00e9 de circuits de adapt\u00e9s \u00e0 toutes les saisons\u00a0; allant des c\u00e9l\u00e8bres Calanques, au majestueux massif du Garlaban, en passant par la mystique <a href=\"https:\/\/endorfeen.com\/fr\/randonnee-au-massif-sainte-baume\/\">Sainte-Baume<\/a>, il y en a pour tous les go\u00fbts.<\/p>\n\n\n\n<h2 class=\"wp-block-heading\" id=\"h-randonnees-a-marseille-entre-preservation-et-decouverte-des-calanques\">Randonn\u00e9es \u00e0 Marseille : entre pr\u00e9servation et d\u00e9couverte des Calanques<\/h2>\n\n\n\n<p>Les Calanques, reconnues pour leur beaut\u00e9 exceptionnelle et leurs eaux turquoise, sont incontournables lorsqu&rsquo;on parle de randonn\u00e9e \u00e0 Marseille. Cependant, en raison de leur renomm\u00e9e croissante, ces sites sont de plus en plus fr\u00e9quent\u00e9s par les touristes, ce qui peut parfois rendre l&rsquo;acc\u00e8s difficile. Pour faire face \u00e0 cette surfr\u00e9quentation, des campagnes de sensibilisation ont \u00e9t\u00e9 lanc\u00e9es par le Comit\u00e9 r\u00e9gional de tourisme en partenariat avec les parcs locaux.<\/p>\n\n\n\n<p>D\u2019ailleurs, notons dans le cadre du Plan Climat \u00ab\u00a0Une COP d\u2019avance\u00a0\u00bb, l\u2019application <a href=\"https:\/\/www.waze.com\/fr\/live-map\/\"><strong>Waze <\/strong><\/a>permet \u00e0 ses utilisateurs de suivre en temps r\u00e9el le niveau de fr\u00e9quentation des sites de randonn\u00e9e \u00e0 Marseille, ce qui leur permet de choisir des cr\u00e9neaux horaires moins achaland\u00e9s ou des destinations alternatives.<\/p>\n\n\n\n<p>Ainsi, pour les amateurs de marche et de nature, des endroits tels que la <strong><a href=\"https:\/\/fr.wikipedia.org\/wiki\/Calanque_de_Sugiton\" target=\"_blank\" rel=\"noreferrer noopener\">Calanque de Sugiton<\/a><\/strong> (environ une heure de marche aller-retour) et la <strong><a href=\"https:\/\/fr.wikipedia.org\/wiki\/Calanque_d%27En-Vau\" target=\"_blank\" rel=\"noreferrer noopener\">Calanque d&rsquo;En-Vau<\/a><\/strong> sont des incontournables. Les plus aventureux pourront \u00e9galement se lancer dans une randonn\u00e9e \u00e9pique qui relie<strong> <\/strong>la ville de Cassis \u00e0 Marseille en passant par les Calanques, une excursion de 11 heures \u00e0 travers le cadre m\u00e9diterran\u00e9en.<\/p>\n\n\n\n<figure class=\"wp-block-gallery has-nested-images columns-default is-cropped wp-block-gallery-1 is-layout-flex wp-block-gallery-is-layout-flex\">\n<figure class=\"wp-block-image size-large\"><img loading=\"lazy\" decoding=\"async\" width=\"1024\" height=\"682\" data-id=\"14230\" src=\"https:\/\/endorfeen.com\/wp-content\/uploads\/2023\/09\/parc-national-des-calanques-1-1024x682.jpg\" alt=\"\" class=\"wp-image-14230\" srcset=\"https:\/\/endorfeen.com\/wp-content\/uploads\/2023\/09\/parc-national-des-calanques-1-300x200.jpg 300w, https:\/\/endorfeen.com\/wp-content\/uploads\/2023\/09\/parc-national-des-calanques-1-600x400.jpg 600w, https:\/\/endorfeen.com\/wp-content\/uploads\/2023\/09\/parc-national-des-calanques-1-768x512.jpg 768w, https:\/\/endorfeen.com\/wp-content\/uploads\/2023\/09\/parc-national-des-calanques-1-1024x682.jpg 1024w, https:\/\/endorfeen.com\/wp-content\/uploads\/2023\/09\/parc-national-des-calanques-1-1536x1023.jpg 1536w, https:\/\/endorfeen.com\/wp-content\/uploads\/2023\/09\/parc-national-des-calanques-1-scaled.jpg 2048w\" sizes=\"auto, (max-width: 1024px) 100vw, 1024px\" \/><\/figure>\n<figcaption class=\"blocks-gallery-caption wp-element-caption\">Parc national des Calanques &#8211; \u00a9 Lobachad<\/figcaption><\/figure>\n\n\n\n<h3 class=\"wp-block-heading\" id=\"h-les-calanques-un-voyage-a-travers-les-siecles-de-beaute-naturelle\">Les Calanques : un voyage \u00e0 travers les si\u00e8cles de beaut\u00e9 naturelle<\/h3>\n\n\n\n<p>L&rsquo;histoire des Calanques est tout aussi fascinante que leur beaut\u00e9. Form\u00e9es lors de l&rsquo;\u00e8re secondaire, elles ont plus de 100 millions d&rsquo;ann\u00e9es et leurs roches sont d&rsquo;origine s\u00e9dimentaire. En effet, il y a environ 60 millions d&rsquo;ann\u00e9es, ces roches ont \u00e9merg\u00e9 \u00e0 la suite du mouvement des plaques tectoniques, et depuis lors, elles ont \u00e9t\u00e9 sculpt\u00e9es par l&rsquo;\u00e9rosion et les variations climatiques.<\/p>\n\n\n\n<p>Depuis, au cours des mill\u00e9naires, les p\u00e9riodes chaudes ont contribu\u00e9 \u00e0 la formation de grottes, d&rsquo;avens et de rivi\u00e8res souterraines, tandis que les p\u00e9riodes de glaciation ont abaiss\u00e9 le niveau de la mer et expos\u00e9 des paysages difficilement imaginables, recouverts de steppe, de gen\u00e9vriers et de pins sylvestres, ainsi que d&rsquo;une faune vari\u00e9e.<\/p>\n\n\n\n<p>Aujourd&rsquo;hui, les Calanques nous offrent des reliefs accident\u00e9s, des vall\u00e9es profondes et \u00e9troites, et des panoramas vertigineux qui t\u00e9moignent de leur histoire g\u00e9ologique unique, \u00e0 la beaut\u00e9 incontestable.<\/p>\n\n\n\n<h3 class=\"wp-block-heading\" id=\"h-le-parc-national-des-calanques-un-tresor-fragile-a-proteger\">Le Parc National des Calanques : un tr\u00e9sor fragile \u00e0 prot\u00e9ger<\/h3>\n\n\n\n<p>Le <strong><a href=\"https:\/\/www.calanques-parcnational.fr\/fr\" target=\"_blank\" rel=\"noreferrer noopener\">Parc National des Calanques<\/a><\/strong>, situ\u00e9 entre Marseille et La Ciotat en France, est un joyau de la nature, class\u00e9 depuis 2012. Il occupe une place unique en Europe en \u00e9tant \u00e0 la fois terrestre, marin, insulaire et p\u00e9riurbain. Avec ses 5 000 hectares de paysages \u00e0 couper le souffle et ses 20 kilom\u00e8tres de c\u00f4tes, il offre une exp\u00e9rience exceptionnelle aux visiteurs.<\/p>\n\n\n\n<p>En effet, cette aire marine et terrestre prot\u00e9g\u00e9e en M\u00e9diterran\u00e9e attire plus de 3 millions de visiteurs chaque ann\u00e9e\u2026 Ainsi, la pr\u00e9servation de son \u00e9quilibre fragile et la r\u00e9gulation de la fr\u00e9quentation sont des enjeux cruciaux pour garantir la qualit\u00e9 environnementale du site tout en permettant aux visiteurs de le d\u00e9couvrir pleinement. De ce fait, avant de vous aventurer dans ce massif exceptionnel, que ce soit sur terre ou en mer, il est essentiel de se renseigner sur les conditions d&rsquo;acc\u00e8s en temps r\u00e9el. D\u2019ailleurs, des mesures sont en place pour s&rsquo;assurer que les activit\u00e9s dans le parc ne nuisent pas de mani\u00e8re irr\u00e9versible \u00e0 la nature environnante, particuli\u00e8rement dans les espaces maritimes, qui repr\u00e9sentent plus de 90 % de la superficie totale du Parc National des Calanques.<\/p>\n\n\n\n<h3 class=\"wp-block-heading\" id=\"h-la-diversite-naturelle-des-calanques\">La diversit\u00e9 naturelle des calanques<\/h3>\n\n\n\n<p>V\u00e9ritable tr\u00e9sor de biodiversit\u00e9, le Parc National de Calanques abrite une multitude d&rsquo;esp\u00e8ces fascinantes. Parmi les habitants ail\u00e9s du parc, pas moins de <strong>80 esp\u00e8ces d&rsquo;oiseaux<\/strong> ont \u00e9t\u00e9 r\u00e9pertori\u00e9es, avec l&rsquo;aigle de Bonelli en tant que figure embl\u00e9matique. Aussi, ce parc abrite une grande vari\u00e9t\u00e9 de reptiles, tels que le l\u00e9zard ocell\u00e9, qui d\u00e9tient le record du plus grand l\u00e9zard d&rsquo;Europe avec ses 80 cm de long, ainsi que le petit gecko nocturne, que l&rsquo;on peut trouver dans l&rsquo;archipel de Riou.<\/p>\n\n\n\n<p>Le monde v\u00e9g\u00e9tal n&rsquo;est pas en reste, avec plus de <strong>900 esp\u00e8ces v\u00e9g\u00e9tales<\/strong> recens\u00e9es, dont 38 sont prot\u00e9g\u00e9es et 43 sont consid\u00e9r\u00e9es comme remarquables. Les cr\u00eates rocheuses et les \u00e9boulis sont le domaine du gen\u00eat de Lobel, un petit arbuste \u00e9pineux qui r\u00e9siste aux vents gr\u00e2ce \u00e0 sa forme en coussinet. Par ailleurs, le pin d&rsquo;Alep, le romarin, le thym et le ciste de Montpellier sont autant d&rsquo;\u00e9l\u00e9ments familiers qui contribuent \u00e0 la beaut\u00e9 naturelle des Calanques. Enfin, sous les eaux marines, le Parc National des Calanques abrite plus de <strong>60 esp\u00e8ces marines<\/strong> patrimoniales. On y trouve une grande vari\u00e9t\u00e9 de poissons, tels que le sar, les girelles et la saupe, ainsi que des gorgones jaunes. Plus au large, et de plus en plus fr\u00e9quemment depuis la p\u00e9riode de confinement, on peut observer le dauphin et le rorqual, le deuxi\u00e8me plus grand animal marin vivant sur la plan\u00e8te apr\u00e8s la baleine bleue.<\/p>\n\n\n\n<h3 class=\"wp-block-heading\" id=\"h-la-mission-du-parc-national-des-calanques-protection-accueil-et-sensibilisation\">La mission du Parc National des Calanques : protection, accueil et sensibilisation<\/h3>\n\n\n\n<p>L&rsquo;\u00e9tablissement public du Parc National des Calanques, sous la tutelle du minist\u00e8re charg\u00e9 de l&rsquo;environnement, a pour mission essentielle de transmettre les valeurs inh\u00e9rentes aux Parcs Nationaux. Sa responsabilit\u00e9 principale est d&rsquo;assurer la gestion harmonieuse du territoire du Parc National, en \u00e9quilibrant la protection de l&rsquo;environnement, le respect des caract\u00e9ristiques du site et l&rsquo;accueil de tous les publics. Il \u0153uvre \u00e9galement en faveur du d\u00e9veloppement durable et de la promotion du territoire.<\/p>\n\n\n\n<p>Afin d\u2019atteindre ces objectifs, l&rsquo;\u00e9tablissement s&rsquo;appuie sur diverses mesures de gestion&nbsp;; comme&nbsp;: l&rsquo;am\u00e9nagement et l&rsquo;entretien des milieux naturels, la mise en place d\u2019une r\u00e9glementation sp\u00e9ciale qui encadre les usages du parc, et la sensibilisation des visiteurs \u00e0 l&rsquo;importance de pr\u00e9server ce pr\u00e9cieux patrimoine naturel.<\/p>\n\n\n\n<p>De plus, au sein de l&rsquo;\u00e9quipe du Parc National des Calanques, des gardes moniteurs jouent un r\u00f4le central sur le terrain. En effet, ils sont charg\u00e9s d\u2019observer la faune et la flore quotidiennement, d\u2019informer les visiteurs sur les r\u00e8gles en vigueur, de g\u00e9rer les activit\u00e9s, et d\u2019effectuer des contr\u00f4les pour assurer le respect des r\u00e9glementations.<\/p>\n\n\n\n<figure class=\"wp-block-gallery has-nested-images columns-default is-cropped wp-block-gallery-2 is-layout-flex wp-block-gallery-is-layout-flex\">\n<figure class=\"wp-block-image size-large\"><img loading=\"lazy\" decoding=\"async\" width=\"1024\" height=\"683\" data-id=\"14222\" src=\"https:\/\/endorfeen.com\/wp-content\/uploads\/2023\/09\/randonnee-marseille-1-1024x683.jpg\" alt=\"Randonn\u00e9e Marseille vue sur les Calanques.\" class=\"wp-image-14222\" srcset=\"https:\/\/endorfeen.com\/wp-content\/uploads\/2023\/09\/randonnee-marseille-1-300x200.jpg 300w, https:\/\/endorfeen.com\/wp-content\/uploads\/2023\/09\/randonnee-marseille-1-600x400.jpg 600w, https:\/\/endorfeen.com\/wp-content\/uploads\/2023\/09\/randonnee-marseille-1-768x512.jpg 768w, https:\/\/endorfeen.com\/wp-content\/uploads\/2023\/09\/randonnee-marseille-1-1024x683.jpg 1024w, https:\/\/endorfeen.com\/wp-content\/uploads\/2023\/09\/randonnee-marseille-1-1536x1024.jpg 1536w, https:\/\/endorfeen.com\/wp-content\/uploads\/2023\/09\/randonnee-marseille-1-scaled.jpg 2048w\" sizes=\"auto, (max-width: 1024px) 100vw, 1024px\" \/><\/figure>\n<figcaption class=\"blocks-gallery-caption wp-element-caption\">Les calanques de Marseille &#8211; \u00a9<a href=\"https:\/\/unsplash.com\/fr\/@arakotozafy\"> <\/a>Antoine Rakotozafy<\/figcaption><\/figure>\n\n\n\n<h3 class=\"wp-block-heading\" id=\"h-la-calanque-d-en-vau\">La Calanque d\u2019En-Vau<\/h3>\n\n\n\n<p>La Calanque d&rsquo;En Vau est souvent consid\u00e9r\u00e9e comme la plus belle de toutes. Elle se caract\u00e9rise par une petite plage de galets nich\u00e9e entre deux imposantes falaises, cr\u00e9ant ainsi une v\u00e9ritable oasis de s\u00e9r\u00e9nit\u00e9. Surnomm\u00e9e \u00ab\u00a0La Perle des Calanques\u00a0\u00bb, cette destination attire de nombreux visiteurs pendant la saison estivale gr\u00e2ce \u00e0 la fusion saisissante de ses eaux turquoise et indigo avec les majestueuses parois rocheuses qui l&rsquo;entourent.<\/p>\n\n\n\n<p>En randonn\u00e9e \u00e0 Marseille et pour atteindre ce joyau cach\u00e9, les visiteurs peuvent emprunter un sentier qui s&rsquo;\u00e9tend sur environ<strong> 7 kilom\u00e8tres<\/strong>, offrant des vues panoramiques spectaculaires sur la M\u00e9diterran\u00e9e tout au long de l&rsquo;ascension. Consid\u00e9r\u00e9e comme difficile et d\u2019une altitude mod\u00e9r\u00e9e, cette randonn\u00e9e demeure accessible \u00e0 la plupart des marcheurs, et dure environ <strong>3 heures<\/strong>.<\/p>\n\n\n\n<h3 class=\"wp-block-heading\" id=\"h-la-calanque-de-sormiou\">La Calanque de Sormiou<\/h3>\n\n\n\n<p>La Calanque de Sormiou, qui est g\u00e9n\u00e9ralement le coup de c\u0153ur des visiteurs, est non seulement la plus grande calanque de Marseille, mais elle offre \u00e9galement un cadre paradisiaque pour admirer la splendeur de la ville. Nich\u00e9e entre des reliefs montagneux et de vastes espaces naturels, cette calanque dispose \u00e9galement d&rsquo;une plage aux eaux turquoise, parfaite pour la baignade. Pour explorer la Calanque de Sormiou \u00e0 pied, vous pouvez choisir de partir depuis le parking des Baumettes ou de La Cayolle, et pr\u00e9voir une randonn\u00e9e d&rsquo;environ une heure. Le sentier de randonn\u00e9e est accessible \u00e0 tous, que vous soyez un marcheur chevronn\u00e9 ou non. Cependant, il convient de noter que la randonn\u00e9e peut \u00eatre un peu escarp\u00e9e par endroits, mais elle est globalement de <strong>difficult\u00e9 mod\u00e9r\u00e9e<\/strong>.<\/p>\n\n\n\n<h3 class=\"wp-block-heading\" id=\"h-la-calanque-de-callelongue\">La Calanque de Callelongue<\/h3>\n\n\n\n<p>La Calanque de Callelongue, la premi\u00e8re calanque du massif de Marseille en direction de Cassis, est situ\u00e9e dans le quartier pittoresque des Goudes, \u00e0 l&rsquo;extr\u00e9mit\u00e9 sud-est du 8\u00e8me arrondissement de Marseille. Ce qui la rend unique, c&rsquo;est son atmosph\u00e8re de village de p\u00eacheurs, caract\u00e9ris\u00e9e par ses charmants cabanons et son petit port pittoresque.<\/p>\n\n\n\n<p>Par ailleurs, cette calanque est facilement accessible gr\u00e2ce \u00e0 un sentier de randonn\u00e9e d&rsquo;environ <strong>2,7 kilom\u00e8tres<\/strong>, ce qui \u00e9quivaut \u00e0 une agr\u00e9able promenade d&rsquo;environ <strong>2 heures<\/strong> pour la plupart des randonneurs. Cette randonn\u00e9e est class\u00e9e comme de niveau vert, ce qui signifie qu&rsquo;elle est adapt\u00e9e aux personnes de tous les niveaux de condition physique, y compris les d\u00e9butants et les familles avec enfants.<\/p>\n\n\n\n<h2 class=\"wp-block-heading\" id=\"h-randonnee-a-marseille-a-la-decouverte-des-tresors-urbains\">Randonn\u00e9e \u00e0 Marseille : \u00e0 la d\u00e9couverte des tr\u00e9sors urbains<\/h2>\n\n\n\n<figure class=\"wp-block-gallery has-nested-images columns-default is-cropped wp-block-gallery-3 is-layout-flex wp-block-gallery-is-layout-flex\">\n<figure class=\"wp-block-image size-large\"><img loading=\"lazy\" decoding=\"async\" width=\"1024\" height=\"683\" data-id=\"14226\" src=\"https:\/\/endorfeen.com\/wp-content\/uploads\/2023\/09\/le-vieux-port-de-marseille-1024x683.jpg\" alt=\"Vue sur le vieux port de Marseille.\" class=\"wp-image-14226\" srcset=\"https:\/\/endorfeen.com\/wp-content\/uploads\/2023\/09\/le-vieux-port-de-marseille-300x200.jpg 300w, https:\/\/endorfeen.com\/wp-content\/uploads\/2023\/09\/le-vieux-port-de-marseille-600x400.jpg 600w, https:\/\/endorfeen.com\/wp-content\/uploads\/2023\/09\/le-vieux-port-de-marseille-768x512.jpg 768w, https:\/\/endorfeen.com\/wp-content\/uploads\/2023\/09\/le-vieux-port-de-marseille-1024x683.jpg 1024w, https:\/\/endorfeen.com\/wp-content\/uploads\/2023\/09\/le-vieux-port-de-marseille-1536x1024.jpg 1536w, https:\/\/endorfeen.com\/wp-content\/uploads\/2023\/09\/le-vieux-port-de-marseille-scaled.jpg 2048w\" sizes=\"auto, (max-width: 1024px) 100vw, 1024px\" \/><\/figure>\n<figcaption class=\"blocks-gallery-caption wp-element-caption\">Le vieux port de Marseille &#8211; \u00a9 Elisa Schmidt<\/figcaption><\/figure>\n\n\n\n<p>Pour les amateurs de randonn\u00e9e \u00e0 Marseille, la ville en propose \u00e9galement \u00e0 offrir sur le c\u00f4t\u00e9 urbain. En effet, \u00e0 l&rsquo;int\u00e9rieur de la ville c\u00f4ti\u00e8re, des joyaux tels que le Vallon des Auffes, Malmousque et le Panier attendent d&rsquo;\u00eatre explor\u00e9s. Aussi, la Corniche Kennedy offre une vue panoramique spectaculaire sur la rade, sur une distance de <strong>3,7 kilom\u00e8tres<\/strong>. Il y a \u00e9galement le sentier m\u00e9tropolitain de randonn\u00e9e p\u00e9destre <strong>GR2013<\/strong> qui traverse les quartiers de Marseille du Sud-Est au Nord-Ouest, mettant en avant l&rsquo;architecture, l&rsquo;activit\u00e9 humaine et les zones naturelles.<\/p>\n\n\n\n<p>Vous l\u2019aurez donc compris, chaque quartier de Marseille a son histoire et offre la possibilit\u00e9 de faire des randonn\u00e9es urbaines qui permettent de d\u00e9couvrir des \u00e9l\u00e9ments tels que des h\u00f4tels particuliers, des bastides somptueuses, des lieux de culte vari\u00e9s, des cabanons de p\u00eacheurs, des endroits insolites, des jardins cach\u00e9s et des habitants hauts en couleur. Notons que chaque randonn\u00e9e urbaine est accompagn\u00e9e d&rsquo;indications sur la distance et le temps de marche. Parfois, une petite pause pour admirer le panorama est bienvenue apr\u00e8s avoir gravi une colline ou des escaliers.<\/p>\n\n\n\n<h3 class=\"wp-block-heading\" id=\"h-de-la-canebiere-au-palais-du-pharo-un-voyage-a-travers-le-vieux-marseille\">De la Canebi\u00e8re au Palais du Pharo : un voyage \u00e0 travers le Vieux Marseille<\/h3>\n\n\n\n<p>Le parcours d\u00e9bute sur la c\u00e9l\u00e8bre Canebi\u00e8re, une art\u00e8re charg\u00e9e d&rsquo;histoire bord\u00e9e par des fa\u00e7ades majestueuses. \u00c0 l&rsquo;apog\u00e9e de sa splendeur, cette avenue accueillait de prestigieux h\u00f4tels et les plus \u00e9l\u00e9gants caf\u00e9s de Marseille. En y pratiquant une randonn\u00e9e urbaine, vous aurez l&rsquo;occasion de d\u00e9couvrir le Palais de la Bourse avant de rejoindre le Cours Estienne d&rsquo;Orves.<\/p>\n\n\n\n<p>Il y a \u00e9galement les Arcenaulx, anciens entrep\u00f4ts de l&rsquo;arsenal des gal\u00e8res royales de l&rsquo;\u00e9poque de Louis XIV, qui forment une v\u00e9ritable cit\u00e9 dans la ville. Parall\u00e8lement, la rue Sainte conduit \u00e0 l&rsquo;Abbaye Saint-Victor. Ensuite, vous suivrez le chemin menant au Fort Saint-Nicolas, datant du XVIIe si\u00e8cle et con\u00e7u par le Chevalier de Clerville. Une fois au <a href=\"https:\/\/palaisdupharo.marseille.fr\/\" target=\"_blank\" rel=\"noreferrer noopener\">Palais du Pharo<\/a>, vous pourrez traverser le jardin public qui offre d&rsquo;autres panoramas magnifiques de Marseille.<\/p>\n\n\n\n<h3 class=\"wp-block-heading\" id=\"h-exploration-des-rues-commercantes-et-des-tresors-du-second-empire\">Exploration des rues commer\u00e7antes et des tr\u00e9sors du second empire<\/h3>\n\n\n\n<p>Lors d\u2019une randonn\u00e9e en plein c\u0153ur de Marseille, le parcours vous conduira \u00e0 travers les art\u00e8res commer\u00e7antes du centre-ville. Ainsi, en levant les yeux, vous apercevrez de magnifiques fa\u00e7ades datant des XVIIIe et XIXe si\u00e8cles, qui t\u00e9moignent d&rsquo;une \u00e9poque de grandeur r\u00e9volue. D\u2019ailleurs, certains commerces ont pr\u00e9serv\u00e9 des \u00e9l\u00e9ments architecturaux tels que des escaliers, des rampes, des marbres et des dorures, h\u00e9ritage des anciennes demeures priv\u00e9es.<\/p>\n\n\n\n<p>Ainsi, en traversant la place du G\u00e9n\u00e9ral de Gaulle, puis en empruntant la rue Saint-Ferr\u00e9ol, qui d\u00e9bouche sur la place de la Pr\u00e9fecture, o\u00f9 vous pourrez admirez son \u00e9difice qui incarne la puissance du Second Empire.<\/p>\n\n\n\n<h3 class=\"wp-block-heading\" id=\"h-a-la-decouverte-de-noailles-et-du-palais-longchamp\">\u00c0 la d\u00e9couverte de Noailles et du Palais Longchamp<\/h3>\n\n\n\n<p>La randonn\u00e9e urbaine \u00e0 Marseille peut \u00e9galement d\u00e9buter sur la Canebi\u00e8re et vous mener jusqu&rsquo;au majestueux Palais Longchamp, et ce, en traversant le quartier anim\u00e9 de Noailles.<\/p>\n\n\n\n<p>En effet, au c\u0153ur de cette effervescence color\u00e9e, vous pourrez plonger dans les riches cultures m\u00e9diterran\u00e9ennes en explorant les \u00e9tals vari\u00e9s, ou encore en visitant <a href=\"https:\/\/fr.wikipedia.org\/wiki\/%C3%89glise_Saint-Vincent-de-Paul_de_Marseille\" target=\"_blank\" rel=\"noreferrer noopener\">l<\/a>&lsquo;\u00e9glise Saint-Vincent de Paul, \u00e9galement connue sous le nom de \u00ab\u00a0les R\u00e9form\u00e9s\u00a0\u00bb en r\u00e9f\u00e9rence \u00e0 son emplacement qui \u00e9tait autrefois la chapelle des Augustins R\u00e9form\u00e9s. D\u2019ailleurs, les deux fl\u00e8ches de cette \u00e9glise s&rsquo;\u00e9l\u00e8vent \u00e0 une hauteur impressionnante de 70 m\u00e8tres<strong> <\/strong>au-dessus de la Canebi\u00e8re.<\/p>\n\n\n\n<p>Pour conclure cette agr\u00e9able balade, vous d\u00e9couvrirez le Palais Longchamp, \u00e9rig\u00e9 pour c\u00e9l\u00e9brer l&rsquo;acheminement des eaux de la Durance vers Marseille. La dur\u00e9e totale de cette randonn\u00e9e vous permettra de profiter pleinement de ces sites pittoresques et culturels.<\/p>\n\n\n\n<h3 class=\"wp-block-heading\" id=\"h-l-architecture-emblematique-de-marseille-du-mucem-au-frac\">L&rsquo;Architecture embl\u00e9matique de Marseille : Du Mucem au FRAC<\/h3>\n\n\n\n<p>Cet itin\u00e9raire de randonn\u00e9e \u00e0 Marseille inclut divers \u00e9l\u00e9ments architecturaux embl\u00e9matiques qui contribuent \u00e0 la configuration actuelle du paysage urbain de la ville de Marseille. En effet, il commence par la d\u00e9couverte du <a href=\"https:\/\/www.mucem.org\/\" target=\"_blank\" rel=\"noreferrer noopener\">Mucem<\/a><strong> <\/strong>et de la Villa M\u00e9diterran\u00e9e, deux espaces mus\u00e9aux inaugur\u00e9s en 2013, \u00e0 l&rsquo;occasion de la d\u00e9signation de la ville en tant que Capitale Europ\u00e9enne de la Culture. Il y a \u00e9galement la cath\u00e9drale monumentale de la Major, qui constitue un point d&rsquo;int\u00e9r\u00eat majeur sur le parcours.<\/p>\n\n\n\n<p>Ensuite, la promenade urbaine se poursuit en direction du b\u00e2timent historique des Docks et des Terrasses du Port. Puis, la randonn\u00e9e urbaine se poursuit vers le Cepac Silo, un ancien silo portuaire \u00e0 grains transform\u00e9 en salle de spectacle. Enfin, cette exploration se cl\u00f4ture avec le <a href=\"https:\/\/fracsud.org\/\" target=\"_blank\" rel=\"noreferrer noopener\">FRAC<\/a> \u00ab <a href=\"https:\/\/www.marseille-tourisme.com\/decouvrez-marseille\/culture-et-patrimoine\/musees\/le-fond-regional-dart-contemporain-frac\/\">Le&nbsp;Fond R\u00e9gional d&rsquo;Art Contemporain<\/a>&nbsp;\u00bb, dont la fa\u00e7ade est caract\u00e9ris\u00e9e par un motif de verre pixelis\u00e9.<\/p>\n\n\n\n<p>Ainsi, cette balade permet de d\u00e9couvrir ces \u00e9l\u00e9ments architecturaux remarquables qui marquent le paysage de la ville.<\/p>\n\n\n\n<h3 class=\"wp-block-heading\" id=\"h-notre-dame-de-la-garde-et-le-roucas-blanc-randonnee-a-marseille-avec-vue\">Notre-Dame-de-la-Garde et le Roucas Blanc : randonn\u00e9e \u00e0 Marseille avec vue<\/h3>\n\n\n\n<p>Apr\u00e8s avoir explor\u00e9 Notre-Dame-de-la-Garde, poursuivez votre d\u00e9couverte en direction du quartier du Roucas Blanc.<\/p>\n\n\n\n<p>Ce quartier pittoresque se compose d&rsquo;un labyrinthe de ruelles \u00e9troites qui ne peuvent \u00eatre parcourues qu&rsquo;\u00e0 pied, et qui offre des panoramas magnifiques sur la ville. En empruntant les rues en mont\u00e9e et les petites ruelles en pente, vous atteindrez la Corniche Kennedy ainsi que la Plage du Proph\u00e8te.<\/p>\n\n\n\n<p>Cette derni\u00e8re, avec son sable fin et ses eaux turquoise, repr\u00e9sente une agr\u00e9able r\u00e9compense apr\u00e8s un itin\u00e9raire assez exigeant sur le plan physique. Ainsi, cette randonn\u00e9e urbaine \u00e0 Marseille est v\u00e9ritablement l&rsquo;une des plus impressionnantes.<\/p>\n\n\n\n<h3 class=\"wp-block-heading\" id=\"h-vauban-tradition-et-modernite-sur-les-contreforts-de-la-colline-de-la-garde\">Vauban : tradition et modernit\u00e9 sur les contreforts de la Colline de la Garde<\/h3>\n\n\n\n<p>Nich\u00e9 sur les flancs de la Colline de la Garde, le quartier de Vauban marie habilement tradition et modernit\u00e9. Dans une atmosph\u00e8re de \u00ab village \u00bb, il abrite des \u00e9piceries renomm\u00e9es et des boutiques de cr\u00e9ateurs.<\/p>\n\n\n\n<p>Le point de d\u00e9part de cette randonn\u00e9e urbaine se situe au d\u00e9but du sentier qui descend \u00e0 c\u00f4t\u00e9 de la grande croix, au pied de Notre-Dame-de-la-Garde, l\u00e0 o\u00f9 autrefois le funiculaire prenait son d\u00e9part. Des panneaux de signalisation pour les pi\u00e9tons permettent de suivre facilement cet itin\u00e9raire en descente qui vous m\u00e8ne \u00e0 travers des ruelles discr\u00e8tes et des escaliers peu connus, typiques de l&rsquo;authenticit\u00e9 marseillaise.<\/p>\n\n\n\n<h2 class=\"wp-block-heading\" id=\"h-a-la-decouverte-des-massifs-naturels-pour-pratiquer-la-randonnee-a-marseille\">\u00c0 la d\u00e9couverte des massifs naturels pour pratiquer la randonn\u00e9e \u00e0 Marseille<\/h2>\n\n\n\n<figure class=\"wp-block-gallery has-nested-images columns-default is-cropped wp-block-gallery-4 is-layout-flex wp-block-gallery-is-layout-flex\">\n<figure class=\"wp-block-image size-large\"><img loading=\"lazy\" decoding=\"async\" width=\"1024\" height=\"680\" data-id=\"14228\" src=\"https:\/\/endorfeen.com\/wp-content\/uploads\/2023\/09\/montagnes-a-marseille-1024x680.jpg\" alt=\"\" class=\"wp-image-14228\" srcset=\"https:\/\/endorfeen.com\/wp-content\/uploads\/2023\/09\/montagnes-a-marseille-300x199.jpg 300w, https:\/\/endorfeen.com\/wp-content\/uploads\/2023\/09\/montagnes-a-marseille-768x510.jpg 768w, https:\/\/endorfeen.com\/wp-content\/uploads\/2023\/09\/montagnes-a-marseille-1024x680.jpg 1024w, https:\/\/endorfeen.com\/wp-content\/uploads\/2023\/09\/montagnes-a-marseille-1536x1020.jpg 1536w, https:\/\/endorfeen.com\/wp-content\/uploads\/2023\/09\/montagnes-a-marseille-scaled.jpg 2048w\" sizes=\"auto, (max-width: 1024px) 100vw, 1024px\" \/><\/figure>\n<figcaption class=\"blocks-gallery-caption wp-element-caption\">Vue panoramique sur les montagnes \u00e0 Marseille &#8211; \u00a9 wirestock<\/figcaption><\/figure>\n\n\n\n<p>Marseille est entour\u00e9e de massifs naturels, notamment le massif du Garlaban situ\u00e9 pr\u00e8s d&rsquo;Aubagne, qui offre aux randonneurs l&rsquo;opportunit\u00e9 de suivre les traces de <a href=\"https:\/\/en.wikipedia.org\/wiki\/Marcel_Pagnol\" target=\"_blank\" rel=\"noreferrer noopener nofollow\">Marcel Pagnol<\/a>. De plus, on trouve d&rsquo;autres massifs tels que l\u2019Etoile, la Nerthe et la cha\u00eene Saint Cyr, qui proposent des itin\u00e9raires de randonn\u00e9e alternatifs, offrant des vues panoramiques pittoresques sur la ville et ses environs.<\/p>\n\n\n\n<p>Le rocher imposant du Garlaban, culminant \u00e0 714 m\u00e8tres, surplombe Aubagne et la vall\u00e9e de l&rsquo;Huveaune. Sa renomm\u00e9e nationale et internationale d\u00e9coule en grande partie de son r\u00f4le dans les \u0153uvres de Marcel Pagnol. Ce massif s&rsquo;\u00e9tend sur les collines de Marseille, Allauch et Aubagne, avec le charmant village de la Treille au c\u0153ur de la r\u00e9gion. Les nombreuses randonn\u00e9es propos\u00e9es dans ce massif vous permettront de marcher sur les traces des souvenirs d&rsquo;enfance de Marcel Pagnol, qui demeurent intacts \u00e0 ce jour. Pour une exp\u00e9rience encore plus insolite, la compagnie de com\u00e9diens \u00ab\u00a0Dans la Cour des Grands\u00a0\u00bb organise des randonn\u00e9es th\u00e9\u00e2trales centr\u00e9es sur l&rsquo;univers de l&rsquo;enfant du pays. Cette ann\u00e9e, la troupe interpr\u00e8te l&rsquo;histoire du film \u00ab\u00a0Le Schpountz\u00a0\u00bb lors d&rsquo;un circuit p\u00e9destre in\u00e9dit de 10 km dans le domaine d\u00e9partemental de Pichauris.<\/p>\n\n\n\n<h3 class=\"wp-block-heading\" id=\"h-le-massif-du-garlaban-entre-legendes-et-panoramas-majestueux\">Le Massif du Garlaban : entre l\u00e9gendes et panoramas majestueux<\/h3>\n\n\n\n<p><strong>Le massif du Garlaban<\/strong>, une \u00e9tendue de roche calcaire couvrant <strong>8000 hectares<\/strong> et traversant plusieurs communes, suscite deux interpr\u00e9tations quant \u00e0 son nom selon les experts.<\/p>\n\n\n\n<p>En effet, selon la premi\u00e8re, \u00ab\u00a0Gar\u00a0\u00bb signifierait \u00ab\u00a0sommet\u00a0\u00bb en arabe et \u00ab\u00a0laban\u00a0\u00bb \u00ab\u00a0blanc\u00a0\u00bb en h\u00e9breu, ce qui expliquerait l&rsquo;origine du nom donn\u00e9 par les marins ph\u00e9niciens. Cette explication concorde avec l&rsquo;apparence de cette montagne calcaire. D&rsquo;autre part, en langue proven\u00e7ale, \u00ab\u00a0gardia\u00a0\u00bb se rapporte \u00e0 \u00ab\u00a0la vigie\u00a0\u00bb et \u00ab\u00a0laban\u00a0\u00bb \u00e9voque la \u00ab\u00a0grotte\u00a0\u00bb, une explication tout aussi valable pour ceux qui scrutent la nature \u00e0 la recherche des rares points d&rsquo;eau dans ces espaces fragiles.<\/p>\n\n\n\n<p>Ainsi, le massif comprend plusieurs sommets, dont le Garlaban, qui a donn\u00e9 son nom \u00e0 l&rsquo;ensemble. Bien que ce ne soit pas <strong>le point culminant avec ses 714 m\u00e8tres<\/strong>, il domine une vaste plaine o\u00f9 se trouve la ville d&rsquo;Aubagne, le fleuve Huveaune et des quartiers marseillais rendus c\u00e9l\u00e8bres par Marcel Pagnol, tels que la Barasse, les Camoins et la Treille.<\/p>\n\n\n\n<p>Il faut savoir \u00e9galement que, par le pass\u00e9, il servait de point de rep\u00e8re essentiel pour les navigateurs arrivant de la mer. Et aujourd&rsquo;hui encore, malgr\u00e9 l&rsquo;urbanisation croissante et la construction de b\u00e2timents de toutes hauteurs, le Garlaban continue de se fondre naturellement dans le paysage. Ainsi, depuis son sommet, les randonneurs peuvent jouir d&rsquo;une vue panoramique exceptionnelle sur Marseille et la mer M\u00e9diterran\u00e9e.<\/p>\n\n\n\n<h3 class=\"wp-block-heading\" id=\"h-les-lieux-qui-ont-inspire-les-chefs-d-oeuvre-de-marcel-pagnol\">Les lieux qui ont inspir\u00e9 les chefs-d\u2019\u0153uvre de Marcel Pagnol<\/h3>\n\n\n\n<p>Marcel Pagnol, c\u00e9l\u00e8bre pour ses personnages inoubliables et ses sc\u00e8nes m\u00e9morables, a consacr\u00e9 une partie substantielle de son \u0153uvre aux romans autobiographiques. \u00ab\u00a0La Gloire de mon p\u00e8re,\u00a0\u00bb \u00ab\u00a0Le Ch\u00e2teau de ma m\u00e8re\u00a0\u00bb et \u00ab\u00a0Le Temps des secrets\u00a0\u00bb sont inextricablement li\u00e9s aux lieux qui ont marqu\u00e9 l&rsquo;enfance de l&rsquo;\u00e9crivain.<\/p>\n\n\n\n<p>En effet, malgr\u00e9 les 125 ann\u00e9es qui nous s\u00e9parent de la naissance de Pagnol et la r\u00e9duction significative du massif forestier du Garlaban due aux nombreux incendies du vingti\u00e8me si\u00e8cle, les vestiges, les grottes, le chant des cigales et les parfums de la garrigue perdurent. Ces paysages ont indiscutablement influenc\u00e9 la vie de l\u2019\u00e9crivain, orientant ses choix litt\u00e9raires et cin\u00e9matographiques. Ils ont servi de source d&rsquo;inspiration principale pour la r\u00e9daction de ses m\u00e9moires, et de nombreux films ont naturellement \u00e9t\u00e9 tourn\u00e9s dans ce cadre naturel.<\/p>\n\n\n\n<p>Ainsi, le massif du Garlaban abrite divers sentiers de randonn\u00e9e \u00e0 Marseille, associ\u00e9s \u00e0 l&rsquo;\u0153uvre de Pagnol, notamment les barres de Saint-Esprit et les ruines de la ferme du film \u00ab\u00a0Ang\u00e8le,\u00a0\u00bb le puits de Raimu rendu c\u00e9l\u00e8bre par \u00ab\u00a0La Fille du Puisatier,\u00a0\u00bb la baume Sourne, la Grotte de Manon des sources, et le Taoum\u00e9, o\u00f9 se trouve la grotte du Grosibou d\u00e9crite dans sa trilogie.<\/p>\n\n\n\n<p>Par ailleurs, les hauteurs de la Treille offrent un panorama exceptionnel sur le massif du Garlaban, ainsi que la Bastide Neuve, lou\u00e9e chaque \u00e9t\u00e9 par la famille Pagnol, avec le figuier toujours pr\u00e9sent, t\u00e9moignant de ces souvenirs intacts.<\/p>\n\n\n\n<h3 class=\"wp-block-heading\" id=\"h-deux-itineraires-pour-decouvrir-le-garlaban\">Deux itin\u00e9raires pour d\u00e9couvrir le Garlaban<\/h3>\n\n\n\n<p>L&rsquo;ascension du Garlaban offre deux options depuis Aubagne ou Marseille, chacune proposant des parcours de longueurs variables et pouvant \u00eatre r\u00e9alis\u00e9s dans les deux sens. Les itin\u00e9raires d\u00e9crits ci-dessous partent d&rsquo;Aubagne.<\/p>\n\n\n\n<p><strong>Le premier itin\u00e9raire<\/strong>, qui s&rsquo;\u00e9tend sur une distance de <strong>10 kilom\u00e8tres<\/strong>, permet d&rsquo;explorer plusieurs sites embl\u00e9matiques du patrimoine proven\u00e7al. Il inclut la d\u00e9couverte de la Font de Mai, la ferme d&rsquo;Ang\u00e8le, le Mas de Massacan, le puits de Raimu, et les barres du Saint-Esprit. De l\u00e0, vous pouvez \u00e9galement poursuivre votre chemin pour atteindre la grotte de Manon, \u00e9galement connue sous le nom de grotte du Plantier, c\u00e9l\u00e8bre pour avoir accueilli plusieurs sc\u00e8nes du film \u00ab\u00a0Manon des Sources\u00a0\u00bb de Marcel Pagnol.<\/p>\n\n\n\n<p><strong>Un deuxi\u00e8me itin\u00e9raire<\/strong>, un peu plus long avec une distance de <strong>18 kilom\u00e8tres<\/strong>, vous emm\u00e8ne \u00e0 la d\u00e9couverte de la r\u00e9gion en partant de la Font de Mai jusqu&rsquo;au puits de Raimu, en passant par le pic du Taoum\u00e9 et le Garlaban. Le trajet commence \u00e0 la Font de Mai, se dirige vers la Bastide Neuve, traverse le col du Sauvage, passe par le Jas de Baptiste, la grotte du Grosibou, le pic du Taoum\u00e9 (667 m\u00e8tres), la Baume Sourne, le puits du M\u00fbrier, le plan de l&rsquo;Aigue (ou de l&rsquo;Aigle), le sommet du Garlaban (714 m\u00e8tres), la grotte de Manon, le Mas de Massacan, pour enfin aboutir au puits de Raimu.<\/p>\n\n\n\n<h2 class=\"wp-block-heading\" id=\"h-la-cote-bleue-randonnees-pittoresques-au-bord-de-la-mer\">La C\u00f4te Bleue : randonn\u00e9es pittoresques au bord de la mer<\/h2>\n\n\n\n<figure class=\"wp-block-gallery has-nested-images columns-default is-cropped wp-block-gallery-5 is-layout-flex wp-block-gallery-is-layout-flex\">\n<figure class=\"wp-block-image size-large\"><img loading=\"lazy\" decoding=\"async\" width=\"1024\" height=\"576\" data-id=\"14232\" src=\"https:\/\/endorfeen.com\/wp-content\/uploads\/2023\/09\/cote-bleue-randonnee-marseille-1024x576.jpg\" alt=\"C\u00f4te bleue Marseille\" class=\"wp-image-14232\" srcset=\"https:\/\/endorfeen.com\/wp-content\/uploads\/2023\/09\/cote-bleue-randonnee-marseille-300x169.jpg 300w, https:\/\/endorfeen.com\/wp-content\/uploads\/2023\/09\/cote-bleue-randonnee-marseille-768x432.jpg 768w, https:\/\/endorfeen.com\/wp-content\/uploads\/2023\/09\/cote-bleue-randonnee-marseille-1024x576.jpg 1024w, https:\/\/endorfeen.com\/wp-content\/uploads\/2023\/09\/cote-bleue-randonnee-marseille-1536x864.jpg 1536w, https:\/\/endorfeen.com\/wp-content\/uploads\/2023\/09\/cote-bleue-randonnee-marseille-scaled.jpg 2048w\" sizes=\"auto, (max-width: 1024px) 100vw, 1024px\" \/><\/figure>\n<figcaption class=\"blocks-gallery-caption wp-element-caption\">C\u00f4te Bleue &#8211; \u00a9 Dj\u00e9 Marseille<\/figcaption><\/figure>\n\n\n\n<p>La C\u00f4te Bleue, moins c\u00e9l\u00e8bre que les calanques mais tout aussi charmante et pittoresque, offre de magnifiques possibilit\u00e9s de randonn\u00e9e. Vous pouvez profiter de superbes randonn\u00e9es le long de la c\u00f4te face \u00e0 Marseille, offrant une exp\u00e9rience plus accessible et plus facile que les sentiers du massif des Calanques.<\/p>\n\n\n\n<h3 class=\"wp-block-heading\" id=\"h-randonnee-a-marseille-sur-la-cote-bleue-decouverte-d-une-facade-maritime-splendide\">Randonn\u00e9e \u00e0 Marseille sur la C\u00f4te Bleue : d\u00e9couverte d&rsquo;une fa\u00e7ade maritime splendide<\/h3>\n\n\n\n<p>La C\u00f4te Bleue est une \u00e9tendue de <strong>28 km de calcaire blanc<\/strong> s&rsquo;\u00e9tendant de Marseille \u00e0 Martigues, et qui repr\u00e9sente la fa\u00e7ade maritime de la cha\u00eene de l&rsquo;Estaque, \u00e9galement connue sous le nom de cha\u00eene de la Nerthe.<\/p>\n\n\n\n<p>Pour explorer cette belle r\u00e9gion, la randonn\u00e9e est incontestablement le meilleur moyen, en particulier gr\u00e2ce au sentier des douaniers. En effet, ce sentier vous permet de vous approcher au plus pr\u00e8s de ses c\u00f4tes escarp\u00e9es et de d\u00e9couvrir ses superbes criques, entour\u00e9es de la typique garrigue m\u00e9diterran\u00e9enne, o\u00f9 l&rsquo;on trouve des plantes comme le thym, le romarin et les cistes. Vous rencontrerez \u00e9galement des pins maritimes d&rsquo;Alep, des parasols, des ch\u00eanes verts et des kerm\u00e8s au cours de votre exploration.<\/p>\n\n\n\n<h3 class=\"wp-block-heading\" id=\"h-les-sentiers-des-douaniers-randonnees-sceniques-le-long-de-la-cote-bleue\">Les sentiers des douaniers : randonn\u00e9es sc\u00e9niques le long de la C\u00f4te Bleue<\/h3>\n\n\n\n<p>En 1789, en pleine R\u00e9volution, les taxes sur les \u00e9toffes, le tissu, l&rsquo;alcool et le tabac \u00e9taient tellement \u00e9lev\u00e9es que la contrebande devenait courante. Pour contrer cela, l&rsquo;\u00c9tat a mis en place un syst\u00e8me de surveillance c\u00f4ti\u00e8re le long des littoraux, confi\u00e9 aux douaniers. Le tout premier sentier des douaniers a \u00e9t\u00e9 cr\u00e9\u00e9 en 1791 sur les c\u00f4tes bretonnes, puis s&rsquo;est \u00e9tendu aux autres c\u00f4tes fran\u00e7aises. De nos jours, ces sentiers sont devenus des destinations pris\u00e9es des randonneurs.<\/p>\n\n\n\n<p>Ainsi, si vous souhaitez d\u00e9couvrir Marseille sous un angle diff\u00e9rent, rendez-vous le long de la C\u00f4te Bleue, en face des Calanques. Cette r\u00e9gion poss\u00e8de \u00e9galement ses propres calanques, comme Niolon ou M\u00e9jean, qui sont accessibles apr\u00e8s des marches relativement courtes. Les sentiers de randonn\u00e9e pr\u00e8s de la petite commune de Sausset-les-Pins offrent quatre parcours de 1h30 \u00e0 3h30, permettant d&rsquo;explorer \u00e0 la fois le littoral et l&rsquo;int\u00e9rieur des terres.<\/p>\n\n\n\n<p>La plupart de ces randonn\u00e9es vous donnent m\u00eame la possibilit\u00e9 de combiner les deux aspects. La nature que vous d\u00e9couvrirez est exceptionnellement pr\u00e9serv\u00e9e et embaume l&rsquo;air, il est donc essentiel de la pr\u00e9server pour profiter des panoramas magnifiques de la rade de Marseille qui s&rsquo;offriront \u00e0 vous.<\/p>\n\n\n\n<h3 class=\"wp-block-heading\" id=\"h-le-gr-de-la-cote-bleue-une-randonnee-a-marseille-des-plus-accessibles\">Le GR de la C\u00f4te Bleue : une randonn\u00e9e \u00e0 Marseille des plus accessibles<\/h3>\n\n\n\n<p>En 2018, le vaste sentier de la C\u00f4te Bleue a \u00e9t\u00e9 officiellement inaugur\u00e9 gr\u00e2ce \u00e0 la collaboration des communes d&rsquo;Ensu\u00e8s-la-Redonne, Carry-le-Rouet, Sausset-les-Pins et Martigues, unissant leurs efforts pour valoriser leur patrimoine existant, notamment le sentier des douaniers, dans le but de stimuler le tourisme.<\/p>\n\n\n\n<p>Ce GR \u00ab&nbsp;<strong>Grande Randonn\u00e9e<\/strong>&nbsp;\u00bb, un itin\u00e9raire totalisant<strong> 62 km<\/strong>, est constitu\u00e9 de 17 boucles d&rsquo;une longueur variant de 2 \u00e0 12 km, offrant diff\u00e9rents niveaux de d\u00e9nivel\u00e9 pour satisfaire une vari\u00e9t\u00e9 de randonneurs. Il se confond par moments avec le sentier des douaniers pr\u00e9existant. Sa grande force r\u00e9side dans sa facilit\u00e9 d&rsquo;acc\u00e8s, car chaque \u00e9tape peut \u00eatre entreprise depuis une gare en utilisant le TER Marseille &#8211; Miramas.<\/p>\n\n\n\n<p>Pour ceux qui souhaitent parcourir l&rsquo;int\u00e9gralit\u00e9 du sentier, pr\u00e9voyez de marcher pendant 3 \u00e0 4 jours. Pour les familles et les promeneurs, quelques recommandations : le Sentier du L\u00e9zard au d\u00e9part de Carry-le-Rouet, am\u00e9nag\u00e9 avec des passerelles et des rampes, ou le sentier de la Couronne \u00e0 la plage de Sainte Croix, \u00e9galement facile et divertissant gr\u00e2ce \u00e0 son parcours sant\u00e9.<\/p>\n\n\n\n<p>Aussi, le circuit de Niolon \u00e0 La Redonne est certainement l&rsquo;un des plus fr\u00e9quent\u00e9s. Il commence \u00e0 la gare de Niolon et traverse de nombreuses calanques (Erevine, M\u00e9jean, Figui\u00e8res, les Anth\u00e9nors, entre autres) jusqu&rsquo;\u00e0 La Redonne, o\u00f9 vous pouvez reprendre le train. Pr\u00e9voyez environ 3 heures de marche avec quelques passages plus exigeants.<\/p>\n\n\n\n<h2 class=\"wp-block-heading\" id=\"h-exploration-des-massifs-provencaux-sainte-baume-sainte-victoire-et-cezanne\">Exploration des massifs proven\u00e7aux : Sainte-Baume, Sainte-Victoire et C\u00e9zanne<\/h2>\n\n\n\n<figure class=\"wp-block-gallery has-nested-images columns-default is-cropped wp-block-gallery-6 is-layout-flex wp-block-gallery-is-layout-flex\">\n<figure class=\"wp-block-image size-large\"><img loading=\"lazy\" decoding=\"async\" width=\"1024\" height=\"683\" data-id=\"14234\" src=\"https:\/\/endorfeen.com\/wp-content\/uploads\/2023\/09\/randonne-marseille-sainte-victoire-1024x683.jpg\" alt=\"\" class=\"wp-image-14234\" srcset=\"https:\/\/endorfeen.com\/wp-content\/uploads\/2023\/09\/randonne-marseille-sainte-victoire-300x200.jpg 300w, https:\/\/endorfeen.com\/wp-content\/uploads\/2023\/09\/randonne-marseille-sainte-victoire-600x400.jpg 600w, https:\/\/endorfeen.com\/wp-content\/uploads\/2023\/09\/randonne-marseille-sainte-victoire-768x512.jpg 768w, https:\/\/endorfeen.com\/wp-content\/uploads\/2023\/09\/randonne-marseille-sainte-victoire-1024x683.jpg 1024w, https:\/\/endorfeen.com\/wp-content\/uploads\/2023\/09\/randonne-marseille-sainte-victoire-1536x1024.jpg 1536w, https:\/\/endorfeen.com\/wp-content\/uploads\/2023\/09\/randonne-marseille-sainte-victoire-scaled.jpg 2048w\" sizes=\"auto, (max-width: 1024px) 100vw, 1024px\" \/><\/figure>\n<figcaption class=\"blocks-gallery-caption wp-element-caption\">Sainte-Victoire &#8211; \u00a9 Nicolas Lafargue<\/figcaption><\/figure>\n\n\n\n<h3 class=\"wp-block-heading\" id=\"h-randonnee-dans-le-massif-de-la-sainte-baume\">Randonn\u00e9e dans le massif de la Sainte-Baume<\/h3>\n\n\n\n<p>La <strong><a href=\"https:\/\/endorfeen.com\/fr\/randonnee-au-massif-sainte-baume\/\">Sainte Baume<\/a><\/strong>, situ\u00e9e en Provence, est un v\u00e9ritable tr\u00e9sor naturel qui se distingue parmi les autres reliefs gr\u00e2ce \u00e0 sa roche calcaire qui s&rsquo;\u00e9l\u00e8ve \u00e0 une altitude de <strong>1100 m\u00e8tres<\/strong>. Une grande partie de la montagne est recouverte d&rsquo;une dense for\u00eat de feuillus, ce qui contribue \u00e0 offrir un environnement plus frais, humide et abrit\u00e9 du vent. Une petite route traverse ce massif, permettant aux visiteurs d&rsquo;atteindre le col de l&rsquo;Espigoulier, d&rsquo;o\u00f9 ils pourront jouir d&rsquo;une vue panoramique spectaculaire sur Marseille et la mer.<\/p>\n\n\n\n<p>Ainsi, la <a href=\"https:\/\/endorfeen.com\/fr\/randonnee-au-massif-sainte-baume\/\">Sainte Baume<\/a> est un joyau unique de la Provence, tant pour sa riche faune, sa flore diverse que pour son histoire fascinante. En effet, ce massif se pr\u00e9sente sous la forme d&rsquo;une imposante cr\u00eate de roches calcaires qui s&rsquo;\u00e9tend sur plus de 14 kilom\u00e8tres d&rsquo;est en ouest, offrant ainsi de superbes possibilit\u00e9s de randonn\u00e9es paisibles en plein air.<\/p>\n\n\n\n<p>L&rsquo;une des randonn\u00e9es incontournables dans la r\u00e9gion de la <a href=\"https:\/\/endorfeen.com\/fr\/randonnee-au-massif-sainte-baume\/\">Sainte Baume<\/a> m\u00e8ne \u00e0 la Grotte de Sainte Marie Madeleine. Apr\u00e8s une mont\u00e9e d&rsquo;environ 40 minutes sur un sentier sinueux et un escalier bord\u00e9 par une reconstitution grandeur nature de la Crucifixion de J\u00e9sus, les randonneurs atteindront l&rsquo;esplanade de la grotte, offrant une vue exceptionnellement belle. De plus, il existe d&rsquo;autres itin\u00e9raires tels que la randonn\u00e9e du Saint-Pilon, d&rsquo;une dur\u00e9e de 3 heures et 30 minutes, ou celle du Pic de Bertagne, l\u00e9g\u00e8rement plus courte mais un peu plus difficile.<\/p>\n\n\n\n<p>En outre, la montagne Sainte-Victoire, \u00e9galement ch\u00e9rie des Aixois, est une ic\u00f4ne de la Provence qui marque le d\u00e9but du Pays d&rsquo;Aix. Une promenade dans ces paysages magnifiques, immortalis\u00e9s par Paul C\u00e9zanne, vous plongera au c\u0153ur de l&rsquo;essence m\u00eame de la Provence.<\/p>\n\n\n\n<p>Aux c\u00f4t\u00e9s du Mont Ventoux et de la <a href=\"https:\/\/endorfeen.com\/fr\/randonnee-au-massif-sainte-baume\/\">Sainte-Baume<\/a>, <a href=\"https:\/\/fr.wikipedia.org\/wiki\/Montagne_Sainte-Victoire\" target=\"_blank\" rel=\"noreferrer noopener\">la montagne Sainte-Victoire<\/a> est l&rsquo;un des symboles embl\u00e9matiques de la Provence et marque le commencement du Pays d&rsquo;Aix. Si vous \u00eates de passage \u00e0 Aix-en-Provence, une randonn\u00e9e dans cette r\u00e9gion est incontournable. Selon l&rsquo;itin\u00e9raire choisi, vous pourrez d\u00e9couvrir le patrimoine religieux que renferme la montagne Sainte-Victoire, comme son prieur\u00e9 du XVIIe si\u00e8cle, la Croix de Provence perch\u00e9e sur la pointe occidentale du massif, ou encore l&rsquo;Ermitage Saint-Ser, une petite chapelle construite \u00e0 l&rsquo;entr\u00e9e d&rsquo;une grotte. Les panoramas \u00e0 couper le souffle, immortalis\u00e9s \u00e0 maintes reprises par Paul C\u00e9zanne, laisseront des souvenirs imp\u00e9rissables dans votre m\u00e9moire.<\/p>\n\n\n\n<h3 class=\"wp-block-heading\" id=\"h-la-via-cordata-a-marseille-entre-randonnee-et-escalade\">La Via Cordata \u00e0 Marseille : entre randonn\u00e9e et escalade<\/h3>\n\n\n\n<p>Dans la lign\u00e9e des Via Ferratas, des itin\u00e9raires sportifs m\u00ealant randonn\u00e9e p\u00e9destre et escalade, la Via Cordata gagne en popularit\u00e9 \u00e0 Marseille. Vous avez le choix entre trois parcours distincts dans les calanques de Sormiou, Callelongue et En-Vau, ainsi que deux autres du c\u00f4t\u00e9 du Cap Canaille et de la calanque de Figuerolles.<\/p>\n\n\n\n<p>Ce type de randonn\u00e9e verticale offre une exp\u00e9rience diff\u00e9rente de la promenade traditionnelle en permettant d&rsquo;acc\u00e9der \u00e0 des passages a\u00e9riens souvent encore \u00e0 l&rsquo;\u00e9tat sauvage. Cela se fait gr\u00e2ce \u00e0 l&rsquo;utilisation de cordages install\u00e9s et d\u00e9sinstall\u00e9s au fur et \u00e0 mesure de la progression. Il s&rsquo;agit d&rsquo;une activit\u00e9 insolite et originale \u00e0 partager entre amis, voire en famille, car certains parcours sont adapt\u00e9s aux enfants \u00e0 partir de 8 ans.<\/p>\n\n\n\n<h3 class=\"wp-block-heading\" id=\"h-randonnee-a-marseille-a-la-decouverte-de-la-presqu-ile-de-giens\">Randonn\u00e9e \u00e0 Marseille : \u00e0 la d\u00e9couverte de la Presqu\u2019\u00eele de Giens<\/h3>\n\n\n\n<p>La Presqu\u2019\u00eele de Giens d\u00e9voile des paysages naturels tout \u00e0 fait remarquables, caract\u00e9ris\u00e9s par une eau turquoise et des formations rocheuses drap\u00e9es de v\u00e9g\u00e9tation luxuriante.<\/p>\n\n\n\n<p>Le chemin de randonn\u00e9e qui ceinture la presqu\u2019\u00eele en suivant le sentier du littoral s&rsquo;\u00e9tend sur environ 7 kilom\u00e8tres. Il est ouvert aux randonneurs de tous niveaux, qu&rsquo;ils soient novices ou aguerris. Cependant, il est essentiel de rester vigilant en marchant pr\u00e8s des falaises, qui ont \u00e9t\u00e9 \u00e9rod\u00e9es par les \u00e9l\u00e9ments naturels. Pour acc\u00e9der \u00e0 ce magnifique site, il vous faudra passer par la ville d\u2019Hy\u00e8res et suivre la route <strong>D.197<\/strong> jusqu&rsquo;au rond-point de la Badine. De l\u00e0, dirigez-vous vers le petit port de la Madrague. Cette balade est une exp\u00e9rience \u00e0 ne pas manquer, id\u00e9ale \u00e0 partager avec des amis ou en famille.<\/p>\n\n\n\n<h3 class=\"wp-block-heading\" id=\"h-randonnee-a-mormoiron-un-voyage-au-coeur-des-ocres-provencales\">Randonn\u00e9e \u00e0 Mormoiron : un voyage au c\u0153ur des Ocres Proven\u00e7ales<\/h3>\n\n\n\n<p>Pour contempler les couleurs \u00e9tonnantes des ocres de Mormoiron, le point de d\u00e9part de votre exploration se trouve au plan d\u2019eau des Salettes. \u00c0 cet endroit, le panorama se m\u00e9tamorphose \u00e0 mesure que vous avancez, vous emmenant \u00e0 travers des \u00e9tendues de sable blanc, de petits canyons de sable rouge, de magnifiques arches d\u2019ocre jaune, pour finalement vous conduire vers des champs de vignes et d&rsquo;oliviers. Cette randonn\u00e9e, longue de 7 kilom\u00e8tres, vous demandera environ 2 heures et 30 minutes pour \u00eatre parcourue. Elle vous ouvrira les portes d&rsquo;un paysage proven\u00e7al exceptionnel, digne des plus belles cartes postales. Relativement facile, elle constitue l&rsquo;excursion id\u00e9ale pour une journ\u00e9e en famille, m\u00eame avec des enfants.<\/p>\n\n\n\n<h2 class=\"wp-block-heading\" id=\"h-conclusion\">Conclusion<\/h2>\n\n\n\n<p>En somme, il est clair a que la randonn\u00e9e \u00e0 Marseille offre une multitude d&rsquo;opportunit\u00e9s qui captivent les amoureux de la nature et les passionn\u00e9s d&rsquo;aventure. Des sentiers c\u00f4tiers aux sommets escarp\u00e9s, cette ville m\u00e9diterran\u00e9enne \u00e9blouit par sa diversit\u00e9.<\/p>\n\n\n\n<p>Ainsi, que vous recherchiez des vues panoramiques, des exp\u00e9riences culturelles ou simplement un moment de d\u00e9tente en plein air, Marseille r\u00e9pondra \u00e0 toutes vos attentes.<\/p>\n\n\n\n<p>Pr\u00e9parez-vous \u00e0 explorer cette destination exceptionnelle \u00e0 pied et \u00e0 d\u00e9couvrir la beaut\u00e9 naturelle qui fait le charme unique de la r\u00e9gion.<\/p>\n","protected":false},"excerpt":{"rendered":"<p>Les sentiers de randonn\u00e9e \u00e0 Marseille permettent de d\u00e9couvrir les Calanques et le massif du Garlaban, deux tr\u00e9sors naturels incontournables de la r\u00e9gion m\u00e9diterran\u00e9enne.<\/p>\n","protected":false},"author":379,"featured_media":14236,"comment_status":"open","ping_status":"open","sticky":false,"template":"","format":"standard","meta":{"_acf_changed":false,"_genesis_hide_title":false,"_genesis_hide_breadcrumbs":false,"_genesis_hide_singular_image":false,"_genesis_hide_footer_widgets":false,"_genesis_custom_body_class":"","_genesis_custom_post_class":"","_genesis_layout":"","footnotes":""},"categories":[170],"tags":[174],"sponsor":[1087],"class_list":{"2":"type-post","7":"category-aventures","8":"tag-randonnee","9":"sponsor-endorfeen","10":"entry"},"yoast_head":"<!-- This site is optimized with the Yoast SEO Premium plugin v26.2 (Yoast SEO v26.2) - https:\/\/yoast.com\/wordpress\/plugins\/seo\/ -->\n<title>Randonn\u00e9e \u00e0 Marseille - endorfeen<\/title>\n<meta name=\"description\" content=\"Vous souhaitez faire une randonn\u00e9e \u00e0 Marseille ? Retrouvez ici toutes les informations sur les diff\u00e9rents itin\u00e9raires disponibles.\" \/>\n<meta name=\"robots\" content=\"index, follow, max-snippet:-1, max-image-preview:large, max-video-preview:-1\" \/>\n<link rel=\"canonical\" href=\"https:\/\/endorfeen.com\/fr\/randonnee-a-marseille\/\" \/>\n<meta property=\"og:locale\" content=\"fr_FR\" \/>\n<meta property=\"og:type\" content=\"article\" \/>\n<meta property=\"og:title\" content=\"Randonn\u00e9e \u00e0 Marseille\" \/>\n<meta property=\"og:description\" content=\"Vous souhaitez faire une randonn\u00e9e \u00e0 Marseille ? Retrouvez ici toutes les informations sur les diff\u00e9rents itin\u00e9raires disponibles.\" \/>\n<meta property=\"og:url\" content=\"https:\/\/endorfeen.com\/fr\/randonnee-a-marseille\/\" \/>\n<meta property=\"og:site_name\" content=\"endorfeen\" \/>\n<meta property=\"article:published_time\" content=\"2023-09-25T07:00:00+00:00\" \/>\n<meta property=\"article:modified_time\" content=\"2023-11-17T16:06:47+00:00\" \/>\n<meta property=\"og:image\" content=\"https:\/\/endorfeen.com\/wp-content\/uploads\/2023\/09\/Randonne-a-Marseille-scaled.jpg\" \/>\n\t<meta property=\"og:image:width\" content=\"2048\" \/>\n\t<meta property=\"og:image:height\" content=\"1152\" \/>\n\t<meta property=\"og:image:type\" content=\"image\/jpeg\" \/>\n<meta name=\"author\" content=\"Yasmine Madiou\" \/>\n<meta name=\"twitter:card\" content=\"summary_large_image\" \/>\n<meta name=\"twitter:label1\" content=\"\u00c9crit par\" \/>\n\t<meta name=\"twitter:data1\" content=\"Yasmine Madiou\" \/>\n\t<meta name=\"twitter:label2\" content=\"Dur\u00e9e de lecture estim\u00e9e\" \/>\n\t<meta name=\"twitter:data2\" content=\"23 minutes\" \/>\n<script type=\"application\/ld+json\" class=\"yoast-schema-graph\">{\"@context\":\"https:\/\/schema.org\",\"@graph\":[{\"@type\":\"Article\",\"@id\":\"https:\/\/endorfeen.com\/fr\/randonnee-a-marseille\/#article\",\"isPartOf\":{\"@id\":\"https:\/\/endorfeen.com\/fr\/randonnee-a-marseille\/\"},\"author\":{\"name\":\"Yasmine Madiou\",\"@id\":\"https:\/\/endorfeen.com\/fr\/#\/schema\/person\/d88b6d6fd680c39c46e4a412f9d490b4\"},\"headline\":\"Randonn\u00e9e \u00e0 Marseille\",\"datePublished\":\"2023-09-25T07:00:00+00:00\",\"dateModified\":\"2023-11-17T16:06:47+00:00\",\"mainEntityOfPage\":{\"@id\":\"https:\/\/endorfeen.com\/fr\/randonnee-a-marseille\/\"},\"wordCount\":5494,\"commentCount\":0,\"publisher\":{\"@id\":\"https:\/\/endorfeen.com\/fr\/#organization\"},\"image\":{\"@id\":\"https:\/\/endorfeen.com\/fr\/randonnee-a-marseille\/#primaryimage\"},\"thumbnailUrl\":\"https:\/\/endorfeen.com\/wp-content\/uploads\/2023\/09\/Randonne-a-Marseille-scaled.jpg\",\"keywords\":[\"#randonn\u00e9e\"],\"articleSection\":[\"Aventures\"],\"inLanguage\":\"fr-FR\",\"potentialAction\":[{\"@type\":\"CommentAction\",\"name\":\"Comment\",\"target\":[\"https:\/\/endorfeen.com\/fr\/randonnee-a-marseille\/#respond\"]}]},{\"@type\":\"WebPage\",\"@id\":\"https:\/\/endorfeen.com\/fr\/randonnee-a-marseille\/\",\"url\":\"https:\/\/endorfeen.com\/fr\/randonnee-a-marseille\/\",\"name\":\"Randonn\u00e9e \u00e0 Marseille - endorfeen\",\"isPartOf\":{\"@id\":\"https:\/\/endorfeen.com\/fr\/#website\"},\"primaryImageOfPage\":{\"@id\":\"https:\/\/endorfeen.com\/fr\/randonnee-a-marseille\/#primaryimage\"},\"image\":{\"@id\":\"https:\/\/endorfeen.com\/fr\/randonnee-a-marseille\/#primaryimage\"},\"thumbnailUrl\":\"https:\/\/endorfeen.com\/wp-content\/uploads\/2023\/09\/Randonne-a-Marseille-scaled.jpg\",\"datePublished\":\"2023-09-25T07:00:00+00:00\",\"dateModified\":\"2023-11-17T16:06:47+00:00\",\"description\":\"Vous souhaitez faire une randonn\u00e9e \u00e0 Marseille ? Retrouvez ici toutes les informations sur les diff\u00e9rents itin\u00e9raires disponibles.\",\"breadcrumb\":{\"@id\":\"https:\/\/endorfeen.com\/fr\/randonnee-a-marseille\/#breadcrumb\"},\"inLanguage\":\"fr-FR\",\"potentialAction\":[{\"@type\":\"ReadAction\",\"target\":[\"https:\/\/endorfeen.com\/fr\/randonnee-a-marseille\/\"]}]},{\"@type\":\"ImageObject\",\"inLanguage\":\"fr-FR\",\"@id\":\"https:\/\/endorfeen.com\/fr\/randonnee-a-marseille\/#primaryimage\",\"url\":\"https:\/\/endorfeen.com\/wp-content\/uploads\/2023\/09\/Randonne-a-Marseille-scaled.jpg\",\"contentUrl\":\"https:\/\/endorfeen.com\/wp-content\/uploads\/2023\/09\/Randonne-a-Marseille-scaled.jpg\",\"width\":2048,\"height\":1152,\"caption\":\"Vue sur Marseille.\"},{\"@type\":\"BreadcrumbList\",\"@id\":\"https:\/\/endorfeen.com\/fr\/randonnee-a-marseille\/#breadcrumb\",\"itemListElement\":[{\"@type\":\"ListItem\",\"position\":1,\"name\":\"Home\",\"item\":\"https:\/\/endorfeen.com\/fr\/\"},{\"@type\":\"ListItem\",\"position\":2,\"name\":\"Randonn\u00e9e \u00e0 Marseille\"}]},{\"@type\":\"WebSite\",\"@id\":\"https:\/\/endorfeen.com\/fr\/#website\",\"url\":\"https:\/\/endorfeen.com\/fr\/\",\"name\":\"endorfeen\",\"description\":\"The Media For Sustainable Outdoors.\",\"publisher\":{\"@id\":\"https:\/\/endorfeen.com\/fr\/#organization\"},\"potentialAction\":[{\"@type\":\"SearchAction\",\"target\":{\"@type\":\"EntryPoint\",\"urlTemplate\":\"https:\/\/endorfeen.com\/fr\/?s={search_term_string}\"},\"query-input\":{\"@type\":\"PropertyValueSpecification\",\"valueRequired\":true,\"valueName\":\"search_term_string\"}}],\"inLanguage\":\"fr-FR\"},{\"@type\":\"Organization\",\"@id\":\"https:\/\/endorfeen.com\/fr\/#organization\",\"name\":\"endorfeen\",\"url\":\"https:\/\/endorfeen.com\/fr\/\",\"logo\":{\"@type\":\"ImageObject\",\"inLanguage\":\"fr-FR\",\"@id\":\"https:\/\/endorfeen.com\/fr\/#\/schema\/logo\/image\/\",\"url\":\"https:\/\/endorfeen.com\/wp-content\/uploads\/2022\/06\/Circle-endorfeen-site-icon-circled-1000-x-1000-300psi.png\",\"contentUrl\":\"https:\/\/endorfeen.com\/wp-content\/uploads\/2022\/06\/Circle-endorfeen-site-icon-circled-1000-x-1000-300psi.png\",\"width\":1000,\"height\":1000,\"caption\":\"endorfeen\"},\"image\":{\"@id\":\"https:\/\/endorfeen.com\/fr\/#\/schema\/logo\/image\/\"}},{\"@type\":\"Person\",\"@id\":\"https:\/\/endorfeen.com\/fr\/#\/schema\/person\/d88b6d6fd680c39c46e4a412f9d490b4\",\"name\":\"Yasmine Madiou\",\"image\":{\"@type\":\"ImageObject\",\"inLanguage\":\"fr-FR\",\"@id\":\"https:\/\/endorfeen.com\/fr\/#\/schema\/person\/image\/\",\"url\":\"https:\/\/secure.gravatar.com\/avatar\/116795de3a5f4d25f2700d2c0f1ae6aa1063110e86d70ecb4d479b96c0c05d34?s=96&d=mm&r=g\",\"contentUrl\":\"https:\/\/secure.gravatar.com\/avatar\/116795de3a5f4d25f2700d2c0f1ae6aa1063110e86d70ecb4d479b96c0c05d34?s=96&d=mm&r=g\",\"caption\":\"Yasmine Madiou\"},\"url\":\"https:\/\/endorfeen.com\/fr\/linkto\/yasmine-madiou\/\"}]}<\/script>\n<!-- \/ Yoast SEO Premium plugin. -->","yoast_head_json":{"title":"Randonn\u00e9e \u00e0 Marseille - endorfeen","description":"Vous souhaitez faire une randonn\u00e9e \u00e0 Marseille ? Retrouvez ici toutes les informations sur les diff\u00e9rents itin\u00e9raires disponibles.","robots":{"index":"index","follow":"follow","max-snippet":"max-snippet:-1","max-image-preview":"max-image-preview:large","max-video-preview":"max-video-preview:-1"},"canonical":"https:\/\/endorfeen.com\/fr\/randonnee-a-marseille\/","og_locale":"fr_FR","og_type":"article","og_title":"Randonn\u00e9e \u00e0 Marseille","og_description":"Vous souhaitez faire une randonn\u00e9e \u00e0 Marseille ? Retrouvez ici toutes les informations sur les diff\u00e9rents itin\u00e9raires disponibles.","og_url":"https:\/\/endorfeen.com\/fr\/randonnee-a-marseille\/","og_site_name":"endorfeen","article_published_time":"2023-09-25T07:00:00+00:00","article_modified_time":"2023-11-17T16:06:47+00:00","og_image":[{"width":2048,"height":1152,"url":"https:\/\/endorfeen.com\/wp-content\/uploads\/2023\/09\/Randonne-a-Marseille-scaled.jpg","type":"image\/jpeg"}],"author":"Yasmine Madiou","twitter_card":"summary_large_image","twitter_misc":{"\u00c9crit par":"Yasmine Madiou","Dur\u00e9e de lecture estim\u00e9e":"23 minutes"},"schema":{"@context":"https:\/\/schema.org","@graph":[{"@type":"Article","@id":"https:\/\/endorfeen.com\/fr\/randonnee-a-marseille\/#article","isPartOf":{"@id":"https:\/\/endorfeen.com\/fr\/randonnee-a-marseille\/"},"author":{"name":"Yasmine Madiou","@id":"https:\/\/endorfeen.com\/fr\/#\/schema\/person\/d88b6d6fd680c39c46e4a412f9d490b4"},"headline":"Randonn\u00e9e \u00e0 Marseille","datePublished":"2023-09-25T07:00:00+00:00","dateModified":"2023-11-17T16:06:47+00:00","mainEntityOfPage":{"@id":"https:\/\/endorfeen.com\/fr\/randonnee-a-marseille\/"},"wordCount":5494,"commentCount":0,"publisher":{"@id":"https:\/\/endorfeen.com\/fr\/#organization"},"image":{"@id":"https:\/\/endorfeen.com\/fr\/randonnee-a-marseille\/#primaryimage"},"thumbnailUrl":"https:\/\/endorfeen.com\/wp-content\/uploads\/2023\/09\/Randonne-a-Marseille-scaled.jpg","keywords":["#randonn\u00e9e"],"articleSection":["Aventures"],"inLanguage":"fr-FR","potentialAction":[{"@type":"CommentAction","name":"Comment","target":["https:\/\/endorfeen.com\/fr\/randonnee-a-marseille\/#respond"]}]},{"@type":"WebPage","@id":"https:\/\/endorfeen.com\/fr\/randonnee-a-marseille\/","url":"https:\/\/endorfeen.com\/fr\/randonnee-a-marseille\/","name":"Randonn\u00e9e \u00e0 Marseille - endorfeen","isPartOf":{"@id":"https:\/\/endorfeen.com\/fr\/#website"},"primaryImageOfPage":{"@id":"https:\/\/endorfeen.com\/fr\/randonnee-a-marseille\/#primaryimage"},"image":{"@id":"https:\/\/endorfeen.com\/fr\/randonnee-a-marseille\/#primaryimage"},"thumbnailUrl":"https:\/\/endorfeen.com\/wp-content\/uploads\/2023\/09\/Randonne-a-Marseille-scaled.jpg","datePublished":"2023-09-25T07:00:00+00:00","dateModified":"2023-11-17T16:06:47+00:00","description":"Vous souhaitez faire une randonn\u00e9e \u00e0 Marseille ? Retrouvez ici toutes les informations sur les diff\u00e9rents itin\u00e9raires disponibles.","breadcrumb":{"@id":"https:\/\/endorfeen.com\/fr\/randonnee-a-marseille\/#breadcrumb"},"inLanguage":"fr-FR","potentialAction":[{"@type":"ReadAction","target":["https:\/\/endorfeen.com\/fr\/randonnee-a-marseille\/"]}]},{"@type":"ImageObject","inLanguage":"fr-FR","@id":"https:\/\/endorfeen.com\/fr\/randonnee-a-marseille\/#primaryimage","url":"https:\/\/endorfeen.com\/wp-content\/uploads\/2023\/09\/Randonne-a-Marseille-scaled.jpg","contentUrl":"https:\/\/endorfeen.com\/wp-content\/uploads\/2023\/09\/Randonne-a-Marseille-scaled.jpg","width":2048,"height":1152,"caption":"Vue sur Marseille."},{"@type":"BreadcrumbList","@id":"https:\/\/endorfeen.com\/fr\/randonnee-a-marseille\/#breadcrumb","itemListElement":[{"@type":"ListItem","position":1,"name":"Home","item":"https:\/\/endorfeen.com\/fr\/"},{"@type":"ListItem","position":2,"name":"Randonn\u00e9e \u00e0 Marseille"}]},{"@type":"WebSite","@id":"https:\/\/endorfeen.com\/fr\/#website","url":"https:\/\/endorfeen.com\/fr\/","name":"endorfeen","description":"The Media For Sustainable Outdoors.","publisher":{"@id":"https:\/\/endorfeen.com\/fr\/#organization"},"potentialAction":[{"@type":"SearchAction","target":{"@type":"EntryPoint","urlTemplate":"https:\/\/endorfeen.com\/fr\/?s={search_term_string}"},"query-input":{"@type":"PropertyValueSpecification","valueRequired":true,"valueName":"search_term_string"}}],"inLanguage":"fr-FR"},{"@type":"Organization","@id":"https:\/\/endorfeen.com\/fr\/#organization","name":"endorfeen","url":"https:\/\/endorfeen.com\/fr\/","logo":{"@type":"ImageObject","inLanguage":"fr-FR","@id":"https:\/\/endorfeen.com\/fr\/#\/schema\/logo\/image\/","url":"https:\/\/endorfeen.com\/wp-content\/uploads\/2022\/06\/Circle-endorfeen-site-icon-circled-1000-x-1000-300psi.png","contentUrl":"https:\/\/endorfeen.com\/wp-content\/uploads\/2022\/06\/Circle-endorfeen-site-icon-circled-1000-x-1000-300psi.png","width":1000,"height":1000,"caption":"endorfeen"},"image":{"@id":"https:\/\/endorfeen.com\/fr\/#\/schema\/logo\/image\/"}},{"@type":"Person","@id":"https:\/\/endorfeen.com\/fr\/#\/schema\/person\/d88b6d6fd680c39c46e4a412f9d490b4","name":"Yasmine Madiou","image":{"@type":"ImageObject","inLanguage":"fr-FR","@id":"https:\/\/endorfeen.com\/fr\/#\/schema\/person\/image\/","url":"https:\/\/secure.gravatar.com\/avatar\/116795de3a5f4d25f2700d2c0f1ae6aa1063110e86d70ecb4d479b96c0c05d34?s=96&d=mm&r=g","contentUrl":"https:\/\/secure.gravatar.com\/avatar\/116795de3a5f4d25f2700d2c0f1ae6aa1063110e86d70ecb4d479b96c0c05d34?s=96&d=mm&r=g","caption":"Yasmine Madiou"},"url":"https:\/\/endorfeen.com\/fr\/linkto\/yasmine-madiou\/"}]}},"featured_image_src":"https:\/\/endorfeen.com\/wp-content\/uploads\/2023\/09\/Randonne-a-Marseille-600x400.jpg","featured_image_src_square":"https:\/\/endorfeen.com\/wp-content\/uploads\/2023\/09\/Randonne-a-Marseille-600x600.jpg","author_info":{"display_name":"Yasmine Madiou","author_link":"https:\/\/endorfeen.com\/fr\/linkto\/yasmine-madiou\/"},"acf":[],"_links":{"self":[{"href":"https:\/\/endorfeen.com\/fr\/wp-json\/wp\/v2\/posts\/14219","targetHints":{"allow":["GET"]}}],"collection":[{"href":"https:\/\/endorfeen.com\/fr\/wp-json\/wp\/v2\/posts"}],"about":[{"href":"https:\/\/endorfeen.com\/fr\/wp-json\/wp\/v2\/types\/post"}],"author":[{"embeddable":true,"href":"https:\/\/endorfeen.com\/fr\/wp-json\/wp\/v2\/users\/379"}],"replies":[{"embeddable":true,"href":"https:\/\/endorfeen.com\/fr\/wp-json\/wp\/v2\/comments?post=14219"}],"version-history":[{"count":0,"href":"https:\/\/endorfeen.com\/fr\/wp-json\/wp\/v2\/posts\/14219\/revisions"}],"wp:featuredmedia":[{"embeddable":true,"href":"https:\/\/endorfeen.com\/fr\/wp-json\/wp\/v2\/media\/14236"}],"wp:attachment":[{"href":"https:\/\/endorfeen.com\/fr\/wp-json\/wp\/v2\/media?parent=14219"}],"wp:term":[{"taxonomy":"category","embeddable":true,"href":"https:\/\/endorfeen.com\/fr\/wp-json\/wp\/v2\/categories?post=14219"},{"taxonomy":"post_tag","embeddable":true,"href":"https:\/\/endorfeen.com\/fr\/wp-json\/wp\/v2\/tags?post=14219"},{"taxonomy":"sponsor","embeddable":true,"href":"https:\/\/endorfeen.com\/fr\/wp-json\/wp\/v2\/sponsor?post=14219"}],"curies":[{"name":"wp","href":"https:\/\/api.w.org\/{rel}","templated":true}]}}