{"id":14119,"date":"2023-09-08T08:00:00","date_gmt":"2023-09-08T07:00:00","guid":{"rendered":"https:\/\/endorfeen.com\/alpine-adventures-unearthing-the-gems-of-the-french-alps\/"},"modified":"2023-09-12T16:45:24","modified_gmt":"2023-09-12T15:45:24","slug":"aventures-alpines-a-la-decouverte-des-joyaux-des-alpes-francaises","status":"publish","type":"post","link":"https:\/\/endorfeen.com\/fr\/aventures-alpines-a-la-decouverte-des-joyaux-des-alpes-francaises\/","title":{"rendered":"Aventures Alpines : \u00c0 la D\u00e9couverte des Joyaux des Alpes Fran\u00e7aises"},"content":{"rendered":"\n<p>Constituant une partie distinctive de la majestueuse cha\u00eene alpine, qui s&rsquo;implante noblement \u00e0 l&rsquo;int\u00e9rieur des fronti\u00e8res fran\u00e7aises, les Alpes fran\u00e7aises sont nich\u00e9es dans les illustres r\u00e9gions d&rsquo;Auvergne-Rh\u00f4ne-Alpes et de Provence-Alpes-C\u00f4te d&rsquo;Azur. Des portions de ces cha\u00eenes alpines, y compris l&rsquo;imposant massif du Mont Blanc, \u00e9tendent leur grandeur au-del\u00e0 de la France, s&rsquo;\u00e9tendant jusqu&rsquo;aux nations voisines de la Suisse et de l&rsquo;Italie.<\/p>\n\n\n\n<p>S&rsquo;\u00e9levant \u00e0 une hauteur impressionnante de 4 808 m\u00e8tres, le Mont Blanc ou Monte Bianco, situ\u00e9 \u00e0 la fronti\u00e8re Italie-France, r\u00e8gne en tant que sommet de la puissante cha\u00eene des Alpes et le pic le plus \u00e9lev\u00e9 de l&rsquo;Europe de l&rsquo;Ouest.<\/p>\n\n\n\n<figure class=\"wp-block-image alignwide size-large wp--13799\"><img loading=\"lazy\" decoding=\"async\" width=\"1024\" height=\"683\" src=\"https:\/\/endorfeen.com\/wp-content\/uploads\/2023\/08\/jean-baptiste-d-Vt_NMElEF2c-unsplash-1024x683.jpg\" alt=\"Mont Blanc\" class=\"wp-image-13799\" srcset=\"https:\/\/endorfeen.com\/wp-content\/uploads\/2023\/08\/jean-baptiste-d-Vt_NMElEF2c-unsplash-300x200.jpg 300w, https:\/\/endorfeen.com\/wp-content\/uploads\/2023\/08\/jean-baptiste-d-Vt_NMElEF2c-unsplash-600x400.jpg 600w, https:\/\/endorfeen.com\/wp-content\/uploads\/2023\/08\/jean-baptiste-d-Vt_NMElEF2c-unsplash-768x512.jpg 768w, https:\/\/endorfeen.com\/wp-content\/uploads\/2023\/08\/jean-baptiste-d-Vt_NMElEF2c-unsplash-1024x683.jpg 1024w, https:\/\/endorfeen.com\/wp-content\/uploads\/2023\/08\/jean-baptiste-d-Vt_NMElEF2c-unsplash-1536x1024.jpg 1536w, https:\/\/endorfeen.com\/wp-content\/uploads\/2023\/08\/jean-baptiste-d-Vt_NMElEF2c-unsplash-scaled.jpg 2048w\" sizes=\"auto, (max-width: 1024px) 100vw, 1024px\" \/><figcaption class=\"wp-element-caption\">Mont Blanc &#8211; \u00a9 Jean-Baptiste D.<\/figcaption><\/figure>\n\n\n\n<p>Les principales villes parsem\u00e9es dans le paysage des Alpes fran\u00e7aises comprennent des noms tels que Grenoble, Chamonix, Annecy, Chamb\u00e9ry, \u00c9vian-les-Bains et Albertville.<\/p>\n\n\n\n<p>Les Alpes, en tant que principale cha\u00eene de montagnes en Europe, se dressent de mani\u00e8re imposante parmi les cha\u00eenes les plus longues et les plus hautes du monde, s&rsquo;\u00e9tendant sur plus de 700 miles \u00e0 travers un total de huit pays. Avec le Mont Blanc situ\u00e9 pr\u00e8s des fronti\u00e8res de la France avec l&rsquo;Italie et la Suisse, cette r\u00e9gion, compl\u00e9t\u00e9e par sa proximit\u00e9 avec le lac L\u00e9man, offre certains des centres de ski, des villages alpins et des perspectives de vacances les plus visuellement agr\u00e9ables au monde.<\/p>\n\n\n\n<p>Bien que ne constituant pas une condition pr\u00e9alable pour le plaisir touristique, le ski est un aspect int\u00e9gral de la culture inh\u00e9rente des Alpes fran\u00e7aises, compl\u00e9t\u00e9 par la tradition de l&rsquo;apr\u00e8s-ski, une exp\u00e9rience qui suit une fois les skis retir\u00e9s. Les saisons estivales annoncent l&#8217;embl\u00e9matique Tour de France, un \u00e9v\u00e9nement cycliste masculin renomm\u00e9 qui serpente \u00e0 travers les Alpes. Les visiteurs peuvent profiter des propri\u00e9t\u00e9s curatives des sources chaudes naturelles, apr\u00e8s une journ\u00e9e remplie d&rsquo;escapades de ski, de voyages en t\u00e9l\u00e9ph\u00e9rique, ou simplement de moments de d\u00e9tente dans la splendeur alpine. Glissez dans vos fixations de ski, emballez vos bottes de randonn\u00e9e et dirigez-vous vers ces destinations remarquables dans les idylliques Alpes fran\u00e7aises, un premier choix parmi les lieux de vacances en France.<\/p>\n\n\n\n<h2 class=\"wp-block-heading\" id=\"h-chamonix-le-coeur-de-l-aventure-alpine-dans-les-alpes-francaises\">Chamonix: Le C\u0153ur de l&rsquo;Aventure Alpine dans les Alpes Fran\u00e7aises<\/h2>\n\n\n\n<p>En 1924, les premiers Jeux Olympiques d&rsquo;hiver ont eu lieu \u00e0 Chamonix-Mont-Blanc, une ville plus famili\u00e8rement connue sous le nom de Chamonix. Nich\u00e9e au c\u0153ur du d\u00e9partement de la Haute-Savoie en France, une subdivision dans le contexte plus large de la r\u00e9gion Auvergne-Rh\u00f4ne-Alpes, elle parall\u00e9lise l&rsquo;organisation des comt\u00e9s \u00e0 l&rsquo;int\u00e9rieur des \u00e9tats am\u00e9ricains. Un si\u00e8cle plus tard, ce coin pittoresque du sud-est de la France, encadr\u00e9 par l&rsquo;Italie et la Suisse, continue d&rsquo;attirer une all\u00e9geance mondiale de visiteurs qui recherchent la cr\u00e8me de la cr\u00e8me du ski ou qui veulent simplement admirer ses paysages enneig\u00e9s.<\/p>\n\n\n\n<p>Localiser le t\u00e9l\u00e9ph\u00e9rique le plus haut du pays \u00e0 Chamonix, au sommet de l&rsquo;Aiguille du Midi, n&rsquo;est pas une mince affaire. Les skieurs intr\u00e9pides et ceux qui ont simplement le courage de monter plus de 3850 m\u00e8tres pour atteindre le point de d\u00e9part de la Vall\u00e9e Blanche. Cette r\u00e9gion \u00ab\u00a0hors-piste\u00a0\u00bb des Alpes fran\u00e7aises, o\u00f9 les pistes restent intactes et non pr\u00e9par\u00e9es pour le ski, offre des opportunit\u00e9s de ski sur glacier et des points de vue astronomiques nich\u00e9s au pied de la cha\u00eene de montagnes du massif du Mont Blanc.<\/p>\n\n\n\n<figure class=\"wp-block-image alignwide size-large\"><img loading=\"lazy\" decoding=\"async\" width=\"1024\" height=\"631\" src=\"https:\/\/endorfeen.com\/wp-content\/uploads\/2023\/08\/ameya-sawant-ZpucR2gGylg-unsplash-1024x631.jpg\" alt=\"Aiguille du Midi\" class=\"wp-image-13801\" srcset=\"https:\/\/endorfeen.com\/wp-content\/uploads\/2023\/08\/ameya-sawant-ZpucR2gGylg-unsplash-300x185.jpg 300w, https:\/\/endorfeen.com\/wp-content\/uploads\/2023\/08\/ameya-sawant-ZpucR2gGylg-unsplash-768x474.jpg 768w, https:\/\/endorfeen.com\/wp-content\/uploads\/2023\/08\/ameya-sawant-ZpucR2gGylg-unsplash-1024x631.jpg 1024w, https:\/\/endorfeen.com\/wp-content\/uploads\/2023\/08\/ameya-sawant-ZpucR2gGylg-unsplash-1536x947.jpg 1536w, https:\/\/endorfeen.com\/wp-content\/uploads\/2023\/08\/ameya-sawant-ZpucR2gGylg-unsplash-scaled.jpg 2048w\" sizes=\"auto, (max-width: 1024px) 100vw, 1024px\" \/><figcaption class=\"wp-element-caption\">Aiguille du Midi &#8211; \u00a9 Ameya Sawant<\/figcaption><\/figure>\n\n\n\n<p>Un voyage en train parfaitement adapt\u00e9 \u00e0 ceux qui ne sont pas friands de ski se trouve avec le train Montenvers-Mer de Glace. Ce charmant train \u00e0 cr\u00e9maill\u00e8re de couleur cerise transporte les passagers de Chamonix \u00e0 Montenvers, permettant aux visiteurs d&rsquo;acc\u00e9der \u00e0 la Mer de Glace, le plus grand glacier de France. Une exploration d&rsquo;une grotte de glace nich\u00e9e au sein du glacier vous attend, offrant un aper\u00e7u de ses r\u00e9cits historiques et environnementaux face aux r\u00e9alit\u00e9s du changement climatique. Une fois leur curiosit\u00e9 rassasi\u00e9e, les visiteurs peuvent se retirer au chaud dans le restaurant Refuge du Montenvers pour un repas traditionnel avant de repartir vers Chamonix.<\/p>\n\n\n\n<p>Le hameau de Chamonix se trouve sereinement dans la vall\u00e9e de Chamonix, au pied du Mont Blanc, le sommet le plus \u00e9lev\u00e9 des Alpes, redoutable dans sa gloire couverte de neige de 4 807 m\u00e8tres, m\u00eame pendant les affres de l&rsquo;\u00e9t\u00e9. <\/p>\n\n\n\n<p>La personnalit\u00e9 distincte de ce village de haute montagne attire un assortiment mondial de touristes, s\u00e9duits par ses magnifiques panoramas alpins et la perspective de participer \u00e0 une myriade d&rsquo;activit\u00e9s de plein air, allant du ski et de la randonn\u00e9e \u00e0 l&rsquo;alpinisme, au v\u00e9lo et au golf.<\/p>\n\n\n\n<p>Chamonix sert de tremplin \u00e0 une station de ski de renomm\u00e9e internationale, salu\u00e9e comme offrant certaines des meilleures opportunit\u00e9s de ski en Europe. La zone de la station s&rsquo;\u00e9tend sur 23 kilom\u00e8tres le long de la Vall\u00e9e de Chamonix entre Les Houches et Argenti\u00e8re.<\/p>\n\n\n\n<p>Nich\u00e9 au milieu des fermes, des for\u00eats verdoyantes et des prairies alpines, Les Houches, un regroupement de charmants hameaux, offre un havre de paix idyllique pour les vacanciers, en particulier les familles, qui trouvent l&rsquo;ambiance traditionnelle du village de montagne et une multitude d&rsquo;activit\u00e9s pour enfants particuli\u00e8rement attrayantes. Les Houches dispose d&rsquo;une gamme d&rsquo;options d&rsquo;h\u00e9bergement, allant des h\u00f4tels et chalets disponibles \u00e0 la location \u00e0 divers restaurants et magasins.<\/p>\n\n\n\n<figure class=\"wp-block-image alignwide size-large\"><img loading=\"lazy\" decoding=\"async\" width=\"1024\" height=\"681\" src=\"https:\/\/endorfeen.com\/wp-content\/uploads\/2023\/08\/jeroen-roegist-nK5YKUzNan4-unsplash-1024x681.jpg\" alt=\"Parc Animalier de Merlet, Les Houches\" class=\"wp-image-13803\" srcset=\"https:\/\/endorfeen.com\/wp-content\/uploads\/2023\/08\/jeroen-roegist-nK5YKUzNan4-unsplash-300x200.jpg 300w, https:\/\/endorfeen.com\/wp-content\/uploads\/2023\/08\/jeroen-roegist-nK5YKUzNan4-unsplash-600x400.jpg 600w, https:\/\/endorfeen.com\/wp-content\/uploads\/2023\/08\/jeroen-roegist-nK5YKUzNan4-unsplash-768x511.jpg 768w, https:\/\/endorfeen.com\/wp-content\/uploads\/2023\/08\/jeroen-roegist-nK5YKUzNan4-unsplash-1024x681.jpg 1024w, https:\/\/endorfeen.com\/wp-content\/uploads\/2023\/08\/jeroen-roegist-nK5YKUzNan4-unsplash-1536x1022.jpg 1536w, https:\/\/endorfeen.com\/wp-content\/uploads\/2023\/08\/jeroen-roegist-nK5YKUzNan4-unsplash-scaled.jpg 2048w\" sizes=\"auto, (max-width: 1024px) 100vw, 1024px\" \/><figcaption class=\"wp-element-caption\">Parc Animalier de Merlet, Les Houches &#8211; \u00a9 Jeroen Roegist<\/figcaption><\/figure>\n\n\n\n<p>Chamonix est une destination incontournable, notamment pour le pic de l&rsquo;Aiguille du Midi, qui revendique une altitude de 3 842 m\u00e8tres et offre une vue in\u00e9gal\u00e9e sur le Mont Blanc et le Glacier des Bossons. Un trajet en t\u00e9l\u00e9ph\u00e9rique de 20 minutes au-dessus de la haute montagne permet aux visiteurs de se rendre du centre de Chamonix \u00e0 l&rsquo;Aiguille du Midi.<\/p>\n\n\n\n<p>La t\u00e9l\u00e9cabine panoramique du Mont-Blanc offre un itin\u00e9raire alternatif vers un paysage \u00e0 couper le souffle, sa trajectoire traversant des chutes de glace et des crevasses et offrant des points de vue vers la Pointe Helbronner en Italie.<\/p>\n\n\n\n<h2 class=\"wp-block-heading\" id=\"h-explorez-annecy-une-ville-feerique-dans-les-alpes-francaises\">Explorez Annecy : Une ville f\u00e9erique dans les Alpes fran\u00e7aises<\/h2>\n\n\n\n<p>Nich\u00e9e \u00e0 c\u00f4t\u00e9 d&rsquo;un lac serein, avec les majestueuses montagnes couronn\u00e9es de neige comme toile de fond, Annecy appara\u00eet comme une vision pittoresque tout droit sortie d&rsquo;un livre de contes. D&rsquo;\u00e9l\u00e9gants cygnes blancs flottent sans effort au milieu des canaux sinueux de la rivi\u00e8re Thiou, qui \u00e9merge du lac et serpente \u00e0 travers la partie vintage de la ville.<\/p>\n\n\n\n<figure class=\"wp-block-image alignwide size-large wp--13805\"><img loading=\"lazy\" decoding=\"async\" width=\"1024\" height=\"708\" src=\"https:\/\/endorfeen.com\/wp-content\/uploads\/2023\/08\/kevin-bessat-OxXAUrIFBRg-unsplash-1024x708.jpg\" alt=\"Annecy\" class=\"wp-image-13805\" srcset=\"https:\/\/endorfeen.com\/wp-content\/uploads\/2023\/08\/kevin-bessat-OxXAUrIFBRg-unsplash-300x207.jpg 300w, https:\/\/endorfeen.com\/wp-content\/uploads\/2023\/08\/kevin-bessat-OxXAUrIFBRg-unsplash-768x531.jpg 768w, https:\/\/endorfeen.com\/wp-content\/uploads\/2023\/08\/kevin-bessat-OxXAUrIFBRg-unsplash-1024x708.jpg 1024w, https:\/\/endorfeen.com\/wp-content\/uploads\/2023\/08\/kevin-bessat-OxXAUrIFBRg-unsplash-1536x1062.jpg 1536w, https:\/\/endorfeen.com\/wp-content\/uploads\/2023\/08\/kevin-bessat-OxXAUrIFBRg-unsplash-scaled.jpg 2048w\" sizes=\"auto, (max-width: 1024px) 100vw, 1024px\" \/><figcaption class=\"wp-element-caption\">Annecy &#8211; \u00a9 Kevin Bessat<\/figcaption><\/figure>\n\n\n\n<p>Le centre historique d&rsquo;Annecy s\u00e9duit les visiteurs par sa beaut\u00e9 captivante et son attrait intemporel. De nombreux \u00e9difices m\u00e9ritent d&rsquo;\u00eatre appr\u00e9ci\u00e9s, avec de nombreux balcons orn\u00e9s de g\u00e9raniums vibrants. Les sinueux chemins de dallages invitent \u00e0 une promenade nonchalante, tandis que les canaux d&rsquo;eau parsem\u00e9s de petits ponts amplifient son charme de conte de f\u00e9es.<\/p>\n\n\n\n<p>Au sein de ce quartier antique, un site unique o\u00f9 fl\u00e2ner est le long de la Rue Sainte-Claire. Ce boulevard remarquable, orn\u00e9 de b\u00e2timents de style arcade datant du 16\u00e8me au 18\u00e8me si\u00e8cle, accueille d\u00e9sormais un \u00e9ventail de boutiques et de restaurants.<\/p>\n\n\n\n<p>Dissimul\u00e9s au milieu des rues m\u00e9di\u00e9vales d&rsquo;Annecy se trouvent de nombreux joyaux architecturaux. Annecy s&rsquo;enorgueillit de deux \u00e9glises illustres, l&rsquo;\u00e9glise Saint-Maurice du XVe si\u00e8cle et la Cath\u00e9drale Saint-Pierre du XVIe si\u00e8cle.<\/p>\n\n\n\n<p>Le Palais de l&rsquo;\u00cele du XIIe si\u00e8cle, incrust\u00e9 sur un \u00eelot au sein du Canal du Thiou, est un incontournable dans la vieille ville. \u00c0 l&rsquo;origine une prison, cet \u00e9difice a ensuite servi de Palais de Justice. Actuellement, le Palais de l&rsquo;\u00cele accueille diverses expositions mettant en \u00e9vidence l&rsquo;architecture r\u00e9gionale et les r\u00e9cits pass\u00e9s.<\/p>\n\n\n\n<p>Une autre attraction de renom \u00e0 Annecy est le Ch\u00e2teau d&rsquo;Annecy, remontant au XIIIe si\u00e8cle, autrefois habit\u00e9 par les Comtes de Gen\u00e8ve. Aujourd&rsquo;hui, le ch\u00e2teau est un mus\u00e9e pr\u00e9sentant l&rsquo;histoire locale, des sculptures m\u00e9di\u00e9vales, des \u0153uvres d&rsquo;art paysagistes et de l&rsquo;art moderne.<\/p>\n\n\n\n<p>Les passionn\u00e9s d&rsquo;animation devraient prendre un moment pour se promener depuis le ch\u00e2teau en direction du Mus\u00e9e du Film d&rsquo;Animation, qui pr\u00e9sente des expositions d\u00e9taillant le processus de production de films d&rsquo;animation.<\/p>\n\n\n\n<p>Lorsque le climat se radoucit, le Lac d&rsquo;Annecy attire de nombreux vacanciers. Au printemps, le lac fourmille de vie et les fleurs en pot rehaussent le charme de la promenade au bord du lac.<\/p>\n\n\n\n<p>Les visiteurs peuvent se promener le long des rives du lac qui longent l&rsquo;Avenue d&rsquo;Albigny, envelopp\u00e9s par des platanes et \u00e9quip\u00e9s d&rsquo;un chemin accueillant les cyclistes et les pi\u00e9tons. Cet itin\u00e9raire s&rsquo;\u00e9tend sur environ un kilom\u00e8tre le long du lac, culminant au Parc Charles-Bosson, un parc en bord de l&rsquo;eau offrant des bancs pr\u00e8s du bord de l&rsquo;eau et une vaste \u00e9tendue verdoyante id\u00e9ale pour les pique-niques.<\/p>\n\n\n\n<p>L&rsquo;Imp\u00e9rial Palace, un h\u00f4tel l\u00e9gendaire de la Belle \u00c9poque, est situ\u00e9 juste au-del\u00e0 du Parc Charles-Bosson sur l&rsquo;Avenue d&rsquo;Albigny, dans un magnifique paysage verdoyant avec un jardin de roses. Cet h\u00f4tel quatre \u00e9toiles arbore des chambres de style contemporain, des salons \u00e9l\u00e9gants, un restaurant gastronomique, un centre de bien-\u00eatre, un spa et des services de conciergerie.<\/p>\n\n\n\n<h2 class=\"wp-block-heading\" id=\"h-elegance-alpine-aix-les-bains-et-son-charme-restaurateur\">\u00c9l\u00e9gance Alpine : Aix-les-Bains et Son Charme Restaurateur<\/h2>\n\n\n\n<p>Nich\u00e9e sur les rives orientales du Lac du Bourget, le plus grand lac naturel de France, Aix-les-Bains brille en tant que station prestigieuse de Savoie au c\u0153ur de la r\u00e9gion Auvergne-Rh\u00f4ne-Alpes. Historiquement, cette ville idyllique a accueilli des personnalit\u00e9s \u00e9minentes et la royaut\u00e9, dont le c\u00e9l\u00e8bre auteur am\u00e9ricain Mark Twain. Les eaux glaciaires immacul\u00e9es du Lac du Bourget offrent un d\u00e9cor serein, que l&rsquo;on appr\u00e9cie au mieux lors d&rsquo;une promenade tranquille le long de l&rsquo;ombrag\u00e9e Esplanade du Lac. De l\u00e0, on peut apercevoir les paysages alpins accident\u00e9s, notamment l&rsquo;Abbaye d&rsquo;Hautecombe, lieu de s\u00e9pulture de nombreux membres de la Maison de Savoie. Le Mont Revard se dresse comme un t\u00e9moignage des falaises calcaires de la r\u00e9gion, offrant un vaste r\u00e9seau de pistes de ski de fond en hiver. En \u00e9t\u00e9, ce terrain difficile est investi par des cyclistes exp\u00e9riment\u00e9s, ayant \u00e9t\u00e9 le t\u00e9moin de nombreuses \u00e9preuves du Tour de France. Les vues panoramiques du sommet, dit-on, sont vraiment \u00e0 couper le souffle.<\/p>\n\n\n\n<figure class=\"wp-block-image alignwide size-large wp--13807\"><img loading=\"lazy\" decoding=\"async\" width=\"1024\" height=\"683\" src=\"https:\/\/endorfeen.com\/wp-content\/uploads\/2023\/08\/satyam-kapoor-1WKfLV6VZlg-unsplash-1024x683.jpg\" alt=\"Aix-les-Bains - Satyam Kapoor\" class=\"wp-image-13807\" srcset=\"https:\/\/endorfeen.com\/wp-content\/uploads\/2023\/08\/satyam-kapoor-1WKfLV6VZlg-unsplash-300x200.jpg 300w, https:\/\/endorfeen.com\/wp-content\/uploads\/2023\/08\/satyam-kapoor-1WKfLV6VZlg-unsplash-600x400.jpg 600w, https:\/\/endorfeen.com\/wp-content\/uploads\/2023\/08\/satyam-kapoor-1WKfLV6VZlg-unsplash-768x512.jpg 768w, https:\/\/endorfeen.com\/wp-content\/uploads\/2023\/08\/satyam-kapoor-1WKfLV6VZlg-unsplash-1024x683.jpg 1024w, https:\/\/endorfeen.com\/wp-content\/uploads\/2023\/08\/satyam-kapoor-1WKfLV6VZlg-unsplash-1536x1024.jpg 1536w, https:\/\/endorfeen.com\/wp-content\/uploads\/2023\/08\/satyam-kapoor-1WKfLV6VZlg-unsplash-scaled.jpg 2048w\" sizes=\"auto, (max-width: 1024px) 100vw, 1024px\" \/><figcaption class=\"wp-element-caption\">\u00a9 Satyam Kapoor<\/figcaption><\/figure>\n\n\n\n<p>Pour une retraite plus paisible, on peut se plonger dans les tr\u00e9sors du Mus\u00e9e Faure, qui pr\u00e9sente les \u0153uvres exquises de Rodin et une s\u00e9lection de chefs-d&rsquo;\u0153uvre impressionnistes. Sinon, immergez-vous dans l&rsquo;\u00e9treinte rajeunissante des c\u00e9l\u00e8bres bains thermaux de la ville. La splendeur architecturale d&rsquo;Aix-les-Bains fusionne harmonieusement les \u00e9poques, depuis les impressionnants vestiges romains, comme le Temple de Diane, jusqu&rsquo;aux fastueux \u00e9difices de la Belle \u00c9poque comme le Casino Grand Cercle et l&rsquo;\u00e9l\u00e9gant h\u00f4tel Le Mirabeau.<\/p>\n\n\n\n<p>Situ\u00e9 au milieu des majestueux contours alpins pr\u00e8s du Lac du Bourget, Aix-les-Bains se distingue en tant que station thermale de premier ordre. Ses environnements pastorales, ses panoramas \u00e0 couper le souffle et son milieu tranquille font de lui un sanctuaire pour le bien-\u00eatre.<\/p>\n\n\n\n<p>Les sources d&rsquo;eau chaude, riches en min\u00e9raux, de la ville, r\u00e9put\u00e9es pour leurs propri\u00e9t\u00e9s curatives, sont recherch\u00e9es depuis l&rsquo;\u00e9poque des Romains, des vestiges comme l&rsquo;Arc de Campanus t\u00e9moignant de cet h\u00e9ritage.<\/p>\n\n\n\n<p>La modernit\u00e9 s&rsquo;associe \u00e0 la tradition au Marina Adelphia Spa et H\u00f4tel, o\u00f9 des installations de bien-\u00eatre de pointe coexistent avec un spa opulent dot\u00e9 d&rsquo;un sauna, d&rsquo;un jacuzzi et d&rsquo;un hammam. L&rsquo;h\u00f4tel se fait aussi une fiert\u00e9 de son restaurant gastronomique qui sert des plats fran\u00e7ais d\u00e9licieux. Le Domaine de Marlioz offre une combinaison similaire de luxe et de bien-\u00eatre, comprenant deux h\u00f4tels et disposant de bains th\u00e9rapeutiques situ\u00e9s au milieu d&rsquo;un parc tranquille, son couvert \u00e9tant assur\u00e9 par des arbres anciens. Pour une exp\u00e9rience vraiment th\u00e9rapeutique, les Thermes Chevalley, situ\u00e9s face \u00e0 un pittoresque paysage montagneux, offrent une gamme de soins dans des piscines remplies d&rsquo;eaux thermales connues pour att\u00e9nuer une multitude de maux.<\/p>\n\n\n\n<p>Architecturalement, Aix-les-Bains est une toile d&rsquo;histoire, son horizon domin\u00e9 par des structures rappelant l&rsquo;\u00e9l\u00e9gance de la Belle \u00c9poque. Le Ch\u00e2teau des Marquis d&rsquo;Aix du XV\u00e8me si\u00e8cle, qui sert aujourd&rsquo;hui de Mairie, expose un magnifique escalier Renaissance r\u00e9alis\u00e9 \u00e0 partir de ma\u00e7onnerie romaine.<\/p>\n\n\n\n<p>Pour les amateurs d&rsquo;art, le Mus\u00e9e Faure, nich\u00e9 dans une magnifique villa sur le Boulevard des C\u00f4tes, offre une collection enviable qui s&rsquo;\u00e9tend des peintures impressionnistes aux majestueuses sculptures de Rodin, en passant par d&rsquo;exquises c\u00e9ramiques en fa\u00efence.<\/p>\n\n\n\n<h2 class=\"wp-block-heading\" id=\"h-decouverte-de-l-alpe-d-huez-une-station-balneaire-baignee-de-soleil-dans-les-alpes-francaises\">D\u00e9couverte de l&rsquo;Alpe d&rsquo;Huez : Une station baln\u00e9aire baign\u00e9e de soleil dans les Alpes fran\u00e7aises<\/h2>\n\n\n\n<p>Perch\u00e9e \u00e0 plus de 6 000 pieds au-dessus du niveau de la mer, Alpe d&rsquo;Huez se dresse comme une ville de station baln\u00e9aire perp\u00e9tuelle nich\u00e9e au sein des Alpes fran\u00e7aises. Le glacier du Pic Blanc de la station monte presque jusqu&rsquo;\u00e0 une hauteur de 11 000 pieds, avec son grand spectacle accessible \u00e0 la fois pendant les mois d&rsquo;hiver et d&rsquo;\u00e9t\u00e9. Renomm\u00e9e pour ses pentes somptueuses et ensoleill\u00e9es, Alpe d&rsquo;Huez a \u00e9t\u00e9 justement surnomm\u00e9e \u00ab\u00a0l&rsquo;\u00eele du Soleil\u00a0\u00bb, invitant skieurs et snowboarders de diverses comp\u00e9tences \u00e0 son accueil chaleureux.<\/p>\n\n\n\n<figure class=\"wp-block-image alignwide size-large wp--13809\"><img loading=\"lazy\" decoding=\"async\" width=\"1024\" height=\"683\" src=\"https:\/\/endorfeen.com\/wp-content\/uploads\/2023\/08\/mihaly-koles-9KXOnPcKK10-unsplash-1024x683.jpg\" alt=\"Alpes d'Huez - \u00a9 Mih\u00e1ly K\u00f6les\" class=\"wp-image-13809\" srcset=\"https:\/\/endorfeen.com\/wp-content\/uploads\/2023\/08\/mihaly-koles-9KXOnPcKK10-unsplash-300x200.jpg 300w, https:\/\/endorfeen.com\/wp-content\/uploads\/2023\/08\/mihaly-koles-9KXOnPcKK10-unsplash-600x400.jpg 600w, https:\/\/endorfeen.com\/wp-content\/uploads\/2023\/08\/mihaly-koles-9KXOnPcKK10-unsplash-768x512.jpg 768w, https:\/\/endorfeen.com\/wp-content\/uploads\/2023\/08\/mihaly-koles-9KXOnPcKK10-unsplash-1024x683.jpg 1024w, https:\/\/endorfeen.com\/wp-content\/uploads\/2023\/08\/mihaly-koles-9KXOnPcKK10-unsplash-1536x1024.jpg 1536w, https:\/\/endorfeen.com\/wp-content\/uploads\/2023\/08\/mihaly-koles-9KXOnPcKK10-unsplash-scaled.jpg 2048w\" sizes=\"auto, (max-width: 1024px) 100vw, 1024px\" \/><figcaption class=\"wp-element-caption\">\u00a9 Mih\u00e1ly K\u00f6les<\/figcaption><\/figure>\n\n\n\n<p>Ici, les touristes sont encourag\u00e9s \u00e0 d\u00e9buter leur s\u00e9jour avec une visite \u00e0 la Grotte de Glace. Cette grotte de glace est situ\u00e9e au sommet d&rsquo;un des remonte-pentes et pr\u00e9sente une collection impressionnante de sculptures de glace. Tout au long des mois de juillet et ao\u00fbt, les remonte-pentes restent fonctionnels, permettant aux randonneurs et aux v\u00e9t\u00e9tistes de profiter des 21 virages serr\u00e9s stimulants qui sont r\u00e9guli\u00e8rement pr\u00e9sent\u00e9s dans le Tour de France. De plus, ces remonte-pentes facilitent l&rsquo;acc\u00e8s aux pittoresques hameaux alpins de Vaujany et Oz en Oisans depuis l&rsquo;Alpe d&rsquo;Huez.<\/p>\n\n\n\n<p>Bien que les \u00e9tablissements de restauration locaux soient d\u00fbment reconnus pour leurs offres gastronomiques de cr\u00e8me et de fromage, le r\u00e9cemment r\u00e9nov\u00e9 Le G\u00e9n\u00e9pi propose aux convives un menu inspir\u00e9 des produits locaux. Les pr\u00e9c\u00e9dents visiteurs qualifient ce restaurant de vent rafra\u00eechissant de g\u00e9nie culinaire dans les Alpes fran\u00e7aises. La gamme diversifi\u00e9e de plats servis aux c\u00f4t\u00e9s de vues panoramiques depuis la terrasse cr\u00e9e une exp\u00e9rience culinaire unique dans cette ville de station alpine.<\/p>\n\n\n\n<h2 class=\"wp-block-heading\" id=\"h-explorer-le-riche-patrimoine-de-chablais-un-geoparc-mondial-de-l-unesco-dans-les-alpes-francaises\">Explorer le riche patrimoine de Chablais : un G\u00e9oparc mondial de l&rsquo;UNESCO dans les Alpes fran\u00e7aises<\/h2>\n\n\n\n<p>Le G\u00e9oparc mondial de l&rsquo;UNESCO du Chablais, une r\u00e9gion montagneuse situ\u00e9e \u00e0 la fronti\u00e8re de la France et de la Suisse, regroupe plus de 60 municipalit\u00e9s fran\u00e7aises. Signifiant &lsquo;t\u00eate du lac&rsquo;, le nom du Chablais tire parti de la proximit\u00e9 du lac L\u00e9man. Son statut de l&rsquo;UNESCO c\u00e9l\u00e8bre non seulement l&rsquo;histoire g\u00e9ologique extensive de la r\u00e9gion qui s&rsquo;\u00e9tend sur des millions d&rsquo;ann\u00e9es, mais aussi son riche patrimoine culturel, incluant les traditions locales de fabrication de fromage et de vin. La d\u00e9signation de &lsquo;g\u00e9oparc&rsquo; vise \u00e0 \u00e9clairer la connexion durable entre la population locale et le paysage naturel &#8211; une relation qui se ressent profond\u00e9ment dans les Alpes fran\u00e7aises avec une attention omnipr\u00e9sente de la r\u00e9gion aux ressources en eau et aux sources naturelles.<\/p>\n\n\n\n<p>L&rsquo;UNESCO propose une carte virtuelle pour les touristes mettant en \u00e9vidence diverses destinations au sein du Chablais. Cela inclut diverses abbayes, ch\u00e2teaux et mus\u00e9es qui m\u00e9ritent d&rsquo;\u00eatre explor\u00e9s pour enrichir votre voyage alpin. Une institution particuli\u00e8rement remarquable est le Mus\u00e9e de la Musique M\u00e9canique, situ\u00e9 aux Gets. Le vaste ensemble d&rsquo;instruments expos\u00e9s surprend invariablement les visiteurs ; un ensemble rempli de m\u00e9canismes excentriques et vintage qui captivent pendant des heures.<\/p>\n\n\n\n<h2 class=\"wp-block-heading\" id=\"h-explorer-evian-les-bains-une-ville-thermale-par-excellence-dans-les-alpes-francaises\">Explorer \u00c9vian-les-Bains : Une ville thermale par excellence dans les Alpes fran\u00e7aises<\/h2>\n\n\n\n<p>Situ\u00e9e au c\u0153ur du charmant environnement du Geoparc mondial UNESCO du Chablais, se trouve \u00c9vian-les-Bains, une ville riche en patrimoine et c\u00e9l\u00e8bre pour ses sources min\u00e9rales s\u00e9duisantes. Nich\u00e9e sur la rive sud du paisible lac L\u00e9man, cette station thermale typiquement fran\u00e7aise est un havre de beaut\u00e9 et de tranquillit\u00e9.<\/p>\n\n\n\n<figure class=\"wp-block-image alignwide size-large wp--13811\"><img loading=\"lazy\" decoding=\"async\" width=\"1024\" height=\"682\" src=\"https:\/\/endorfeen.com\/wp-content\/uploads\/2023\/08\/egor-myznik-RtR2i-Fo6iI-unsplash-1024x682.jpg\" alt=\"Evian-les-Bains\" class=\"wp-image-13811\" srcset=\"https:\/\/endorfeen.com\/wp-content\/uploads\/2023\/08\/egor-myznik-RtR2i-Fo6iI-unsplash-300x200.jpg 300w, https:\/\/endorfeen.com\/wp-content\/uploads\/2023\/08\/egor-myznik-RtR2i-Fo6iI-unsplash-600x400.jpg 600w, https:\/\/endorfeen.com\/wp-content\/uploads\/2023\/08\/egor-myznik-RtR2i-Fo6iI-unsplash-768x511.jpg 768w, https:\/\/endorfeen.com\/wp-content\/uploads\/2023\/08\/egor-myznik-RtR2i-Fo6iI-unsplash-1024x682.jpg 1024w, https:\/\/endorfeen.com\/wp-content\/uploads\/2023\/08\/egor-myznik-RtR2i-Fo6iI-unsplash-1536x1023.jpg 1536w, https:\/\/endorfeen.com\/wp-content\/uploads\/2023\/08\/egor-myznik-RtR2i-Fo6iI-unsplash-scaled.jpg 2048w\" sizes=\"auto, (max-width: 1024px) 100vw, 1024px\" \/><figcaption class=\"wp-element-caption\">\u00a9 Egor Myznik<\/figcaption><\/figure>\n\n\n\n<p>Synonyme de l&rsquo;entreprise d&rsquo;eau en bouteille mondialement reconnue, le charme d&rsquo;\u00c9vian-les-Bains s&rsquo;\u00e9tend au-del\u00e0 de ses eaux bienfaisantes. Lieu de retraite privil\u00e9gi\u00e9 de la c\u00e9l\u00e8bre famille Lumi\u00e8re, pionni\u00e8re du cin\u00e9ma moderne, la ville est fi\u00e8re d&rsquo;abriter leur r\u00e9sidence d&rsquo;\u00e9t\u00e9, la Villa Lumi\u00e8re. Cette demeure opulente sert actuellement d&rsquo;h\u00f4tel et invite les clients \u00e0 des visites autonomes en semaine.<\/p>\n\n\n\n<p>Remontant plus loin dans le temps, le th\u00e9\u00e2tre de style n\u00e9oclassique de la ville, construit en 1883, est un t\u00e9moignage de l&rsquo;expertise artistique d&rsquo;un des \u00e9l\u00e8ves de Charles Garnier. Garnier est v\u00e9n\u00e9r\u00e9 pour sa conception architecturale de l&rsquo;Op\u00e9ra Garnier \u00e0 Paris.<\/p>\n\n\n\n<p>Le riche pass\u00e9 de la ville est \u00e9galement incarn\u00e9 dans le grand Palais Lumi\u00e8re. Servant de site pour les bains thermaux \u00e0 l&rsquo;aube du 20\u00e8me si\u00e8cle, ses grands halls accueillent d\u00e9sormais des expositions d&rsquo;art contemporain et de culture.<\/p>\n\n\n\n<p>L&rsquo;attrait d&rsquo;\u00c9vian-les-Bains ne r\u00e9side pas uniquement dans son histoire. Au milieu des vagues doucement clapotantes du Lac L\u00e9man se trouvent les jardins d&rsquo;eau du Pr\u00e9 Curieux, un habitat lacustre singulier. Accessible aux visiteurs par une excursion en bateau solaire de mai \u00e0 octobre, ce site allie recherche scientifique et beaut\u00e9 naturelle.<\/p>\n\n\n\n<p>Pour ceux qui visitent pendant la saison festive, Le Fabuleux Village des Flottins offre une galerie magique de cr\u00e9atures sculpt\u00e9es \u00e0 partir de bois flott\u00e9, illumin\u00e9es par des illuminations scintillantes. Ce festival enchanteur offre une exp\u00e9rience hivernale enrichissante et captivante, compl\u00e9t\u00e9e par des stands proposant du vin chaud parfum\u00e9 et de d\u00e9licieuses cr\u00eapes.<\/p>\n\n\n\n<p>Enfin, une visite \u00e0 cette fascinante destination des Alpes fran\u00e7aises serait incompl\u00e8te sans savourer un repas \u00e9toil\u00e9 au Michelin dans le luxueux restaurant Les Fresques. Qu&rsquo;elle soit baign\u00e9e par la lumi\u00e8re estivale ou envelopp\u00e9e dans la fra\u00eecheur hivernale, \u00c9vian-les-Bains offre une retraite inoubliable.<\/p>\n\n\n\n<h2 class=\"wp-block-heading\" id=\"h-decouverte-de-courchevel-une-station-de-ski-de-premier-choix\">D\u00e9couverte de Courchevel : Une Station de Ski de Premier Choix<\/h2>\n\n\n\n<p>R\u00e9put\u00e9 comme un paradis pour les skieurs, Courchevel se vante d&rsquo;une station \u00e9tendue comprenant six charmants villages situ\u00e9s \u00e0 proximit\u00e9 du Parc National de la Vanoise, le premier parc national de France. Nich\u00e9 dans les Alpes fran\u00e7aises, ce refuge pour skieurs fait partie de l&rsquo;illustre Les Trois Vall\u00e9es, reconnu comme la plus grande zone de ski interconnect\u00e9e au monde. Plus de 100 pistes de ski diverses &#8211; des pentes douces aux bosses difficiles &#8211; satisfont les skieurs et les snowboarders de tous les niveaux de comp\u00e9tence.<\/p>\n\n\n\n<figure class=\"wp-block-image alignwide size-large wp--13813\"><img loading=\"lazy\" decoding=\"async\" width=\"1024\" height=\"747\" src=\"https:\/\/endorfeen.com\/wp-content\/uploads\/2023\/08\/kyriacos-georgiou-G7msWsimo-Y-unsplash-1024x747.jpg\" alt=\"Courchevel\" class=\"wp-image-13813\" srcset=\"https:\/\/endorfeen.com\/wp-content\/uploads\/2023\/08\/kyriacos-georgiou-G7msWsimo-Y-unsplash-300x219.jpg 300w, https:\/\/endorfeen.com\/wp-content\/uploads\/2023\/08\/kyriacos-georgiou-G7msWsimo-Y-unsplash-768x560.jpg 768w, https:\/\/endorfeen.com\/wp-content\/uploads\/2023\/08\/kyriacos-georgiou-G7msWsimo-Y-unsplash-1024x747.jpg 1024w, https:\/\/endorfeen.com\/wp-content\/uploads\/2023\/08\/kyriacos-georgiou-G7msWsimo-Y-unsplash-1536x1120.jpg 1536w, https:\/\/endorfeen.com\/wp-content\/uploads\/2023\/08\/kyriacos-georgiou-G7msWsimo-Y-unsplash-scaled.jpg 2048w\" sizes=\"auto, (max-width: 1024px) 100vw, 1024px\" \/><figcaption class=\"wp-element-caption\">\u00a9 Kyriacos Georgiou<\/figcaption><\/figure>\n\n\n\n<p>Pour ceux qui sont captiv\u00e9s par l&rsquo;attrait de vastes territoires hors-piste, la station voisine de Val Thorens pr\u00e9sente un paysage digne d&rsquo;exploration. En contraste, les familles trouveront \u00e0 M\u00e9ribel, une autre station adjacente au sein des Trois Vall\u00e9es, une offre parfaite en termes d&rsquo;\u00e9quipements et de services adapt\u00e9s aux familles.<\/p>\n\n\n\n<p>Le charme de la culture du ski ne se limite pas aux pistes ; il s&rsquo;\u00e9tend \u00e9galement aux exp\u00e9riences d&rsquo;apr\u00e8s-ski, et Courchevel offre un \u00e9ventail d&rsquo;options all\u00e9chantes. Le Tremplin, un restaurant anim\u00e9, propose une exp\u00e9rience culinaire d\u00e9lectable, tandis que le bar Copi\u00f1a Courchevel d\u00e9gage un air de sophistication, servant une s\u00e9lection de tapas, de bi\u00e8res, de vins et de cocktails. Les clients ont lou\u00e9 le personnel convivial de l&rsquo;\u00e9tablissement, les boissons exquises et l&rsquo;atmosph\u00e8re vibrante, certains se r\u00e9jouissant m\u00eame de performances musicales en direct. L&rsquo;attrait irr\u00e9sistible et l&rsquo;ambiance ont assur\u00e9 la fid\u00e9lit\u00e9 des clients, qui se retrouvent \u00e0 revenir au Copi\u00f1a Courchevel encore et encore.<\/p>\n\n\n\n<h2 class=\"wp-block-heading\" id=\"h-explorer-la-vallee-de-serre-chevalier-ski-detente-et-visites-touristiques\">Explorer la Vall\u00e9e de Serre Chevalier : Ski, D\u00e9tente et Visites Touristiques<\/h2>\n\n\n\n<p>Situ\u00e9e dans le d\u00e9partement des Hautes-Alpes en France, se trouve la vall\u00e9e et la station de ski de Serre Chevalier, compos\u00e9e de quatre communes uniques. Ce lieu, privil\u00e9gi\u00e9 pour son abondance de soleil tout au long de l&rsquo;ann\u00e9e, est nich\u00e9 dans la vall\u00e9e de la rivi\u00e8re Guisane, flanqu\u00e9e par la majestueuse cha\u00eene de montagnes des Cerces et le prestigieux Parc National des \u00c9crins.<\/p>\n\n\n\n<figure class=\"wp-block-image alignwide size-large wp--13815\"><img loading=\"lazy\" decoding=\"async\" width=\"1024\" height=\"683\" src=\"https:\/\/endorfeen.com\/wp-content\/uploads\/2023\/08\/paul-cuad-Ofy09x7G3_o-unsplash-1024x683.jpg\" alt=\"Serre-Chevalier - \u00a9 Paul Cuad\" class=\"wp-image-13815\" srcset=\"https:\/\/endorfeen.com\/wp-content\/uploads\/2023\/08\/paul-cuad-Ofy09x7G3_o-unsplash-300x200.jpg 300w, https:\/\/endorfeen.com\/wp-content\/uploads\/2023\/08\/paul-cuad-Ofy09x7G3_o-unsplash-600x400.jpg 600w, https:\/\/endorfeen.com\/wp-content\/uploads\/2023\/08\/paul-cuad-Ofy09x7G3_o-unsplash-768x512.jpg 768w, https:\/\/endorfeen.com\/wp-content\/uploads\/2023\/08\/paul-cuad-Ofy09x7G3_o-unsplash-1024x683.jpg 1024w, https:\/\/endorfeen.com\/wp-content\/uploads\/2023\/08\/paul-cuad-Ofy09x7G3_o-unsplash-1536x1024.jpg 1536w, https:\/\/endorfeen.com\/wp-content\/uploads\/2023\/08\/paul-cuad-Ofy09x7G3_o-unsplash-scaled.jpg 2048w\" sizes=\"auto, (max-width: 1024px) 100vw, 1024px\" \/><figcaption class=\"wp-element-caption\">\u00a9 Paul Cuad<\/figcaption><\/figure>\n\n\n\n<p>Parmi ces communes se trouve l&rsquo;unique Le Mon\u00eatier-les-Bains, une ancienne colonie romaine caract\u00e9ris\u00e9e par ses bains thermaux rajeunissants, ouverts de mai \u00e0 d\u00e9cembre. Bien que la popularit\u00e9 des Grands Bains du Mon\u00eatier signifie qu&rsquo;ils peuvent devenir bond\u00e9s, l&rsquo;exp\u00e9rience d&rsquo;un bain relaxant est certainement \u00e0 ne pas manquer, particuli\u00e8rement apr\u00e8s une journ\u00e9e \u00e9puisante de randonn\u00e9e ou de ski.<\/p>\n\n\n\n<p>Brian\u00e7on, une autre de ces remarquables communes, b\u00e9n\u00e9ficie d&rsquo;une reconnaissance en tant que site du patrimoine mondial de l&rsquo;UNESCO et poss\u00e8de une riche tapisserie d&rsquo;histoire \u00e0 explorer. Class\u00e9e parmi les villes les plus \u00e9lev\u00e9es d&rsquo;Europe, son altitude d\u00e9passe 4 300 pieds. Les visiteurs au sommet de Serre Chevalier sont r\u00e9compens\u00e9s par un panorama \u00e0 couper le souffle des \u00c9crins depuis une vertigineuse hauteur de 3 600 pieds, mieux appr\u00e9ci\u00e9 lors d&rsquo;une descente estivale sur la palpitante tyrolienne.<\/p>\n\n\n\n<p>Pour les familles voyageant avec des membres plus jeunes, les enfants \u00e2g\u00e9s de 4 \u00e0 12 ans trouveront de l&rsquo;excitation dans le Camp Marmotte situ\u00e9 dans la vall\u00e9e &#8211; un terrain de jeu en bois inspir\u00e9 des Alpes et nomm\u00e9 d&rsquo;apr\u00e8s la marmotte locale, un petit animal de montagne ressemblant \u00e0 un \u00e9cureuil.<\/p>\n\n\n\n<h2 class=\"wp-block-heading\" id=\"h-val-d-isere-une-station-de-ski-animee\">Val d&rsquo;Is\u00e8re : Une Station de Ski Anim\u00e9e<\/h2>\n\n\n\n<p>Tout au long de l&rsquo;ann\u00e9e, la station de ski fran\u00e7aise de Val d&rsquo;Is\u00e8re, situ\u00e9e pr\u00e8s de la fronti\u00e8re italienne, maintient une ambiance anim\u00e9e gr\u00e2ce \u00e0 divers festivals. La ville est en effervescence en \u00e9t\u00e9 avec une multitude d&rsquo;\u00e9v\u00e9nements sportifs et culturels, tels que des courses et des c\u00e9l\u00e9brations, qui captivent \u00e0 la fois les habitants et les touristes.<\/p>\n\n\n\n<figure class=\"wp-block-image alignwide size-large\"><img loading=\"lazy\" decoding=\"async\" width=\"1024\" height=\"667\" src=\"https:\/\/endorfeen.com\/wp-content\/uploads\/2023\/08\/kamala-bright-HqknZ4LufDE-unsplash-1024x667.jpg\" alt=\"Val d'Is\u00e8re\" class=\"wp-image-13817\" srcset=\"https:\/\/endorfeen.com\/wp-content\/uploads\/2023\/08\/kamala-bright-HqknZ4LufDE-unsplash-300x195.jpg 300w, https:\/\/endorfeen.com\/wp-content\/uploads\/2023\/08\/kamala-bright-HqknZ4LufDE-unsplash-768x500.jpg 768w, https:\/\/endorfeen.com\/wp-content\/uploads\/2023\/08\/kamala-bright-HqknZ4LufDE-unsplash-1024x667.jpg 1024w, https:\/\/endorfeen.com\/wp-content\/uploads\/2023\/08\/kamala-bright-HqknZ4LufDE-unsplash-1536x1001.jpg 1536w, https:\/\/endorfeen.com\/wp-content\/uploads\/2023\/08\/kamala-bright-HqknZ4LufDE-unsplash-scaled.jpg 2048w\" sizes=\"auto, (max-width: 1024px) 100vw, 1024px\" \/><figcaption class=\"wp-element-caption\">Val d&rsquo;Is\u00e8re &#8211; \u00a9 Kamala Bright<\/figcaption><\/figure>\n\n\n\n<p>Salu\u00e9e comme l&rsquo;une des principales h\u00f4tes des comp\u00e9titions de la Coupe du Monde de Ski Alpin FIS, Val d&rsquo;Is\u00e8re est c\u00e9l\u00e8bre pour son ski hors-piste exigeant et de haute difficult\u00e9. Cependant, la station est \u00e9galement impeccable pour les d\u00e9butants avec son \u00e9ventail de moniteurs qui s&rsquo;adaptent \u00e0 tous les niveaux de comp\u00e9tence, des forfaits de ski \u00e0 prix raisonnable, et une exp\u00e9rience de ski d\u00e9crite par les visiteurs comme facile et accessible. La ville est \u00e9galement fi\u00e8re de sa fantastique culture apr\u00e8s-ski avec le Bar de l&rsquo;Ouillette en bord de lac qui sert des cr\u00eapes et le renomm\u00e9 Les 3 Caves de La Folie Douce, qui abrite une cave \u00e0 vin en haute altitude, ainsi que des caves distinctes d\u00e9di\u00e9es au fromage et aux cigares.<\/p>\n\n\n\n<p>Val d&rsquo;Is\u00e8re est rest\u00e9 une destination de ski privil\u00e9gi\u00e9e gr\u00e2ce \u00e0 son vaste terrain accessible par de nombreux remonte-pentes et t\u00e9l\u00e9ph\u00e9riques. Nich\u00e9e dans les montagnes de la Tarentaise, l&rsquo;immense station de ski de Tignes-Val d&rsquo;Is\u00e8re s&rsquo;\u00e9tend sur des altitudes allant de 1,550 m\u00e8tres \u00e0 3,500 m\u00e8tres.<\/p>\n\n\n\n<p>Cette vaste zone de ski offre une myriade d&rsquo;options, tant sur piste qu&rsquo;hors piste, permettant un parcours de ski unique \u00e0 chaque fois. La r\u00e9gion compte 163 pistes de ski couvrant les flancs de montagne sur une \u00e9tendue de 300 kilom\u00e8tres.<\/p>\n\n\n\n<p>Le village de Val d&rsquo;Is\u00e8re, centr\u00e9 autour d&rsquo;une \u00e9glise baroque, conserve le charme d&rsquo;un hameau alpin traditionnel. Alors que ce pittoresque hameau s&rsquo;est d\u00e9velopp\u00e9 en une station moderne, il offre une atmosph\u00e8re anim\u00e9e d&rsquo;apr\u00e8s-ski et une vari\u00e9t\u00e9 d&rsquo;options de restauration. Celles-ci comprennent des \u00e9tablissements d\u00e9contract\u00e9s servant des repas savoyards copieux jusqu&rsquo;aux restaurants \u00e9toil\u00e9s au Michelin comme La Table de l&rsquo;Ours et L&rsquo;Atelier d&rsquo;Edmond.<\/p>\n\n\n\n<p>Au cours de l&rsquo;\u00e9t\u00e9, Val d&rsquo;Is\u00e8re attire les touristes avec son magnifique paysage montagneux et sa gamme d&rsquo;activit\u00e9s de plein air comme la randonn\u00e9e, l&rsquo;\u00e9quitation, le VTT et l&rsquo;escalade. La r\u00e9gion, propice aux promenades en pleine nature, offre un paysage idyllique parsem\u00e9 de fleurs sauvages et d&rsquo;oiseaux.<\/p>\n\n\n\n<h2 class=\"wp-block-heading\" id=\"h-explorer-saint-gervais-les-bains-une-destination-de-choix-dans-les-alpes-francaises\">Explorer Saint-Gervais-les-Bains : Une destination de choix dans les Alpes fran\u00e7aises<\/h2>\n\n\n\n<p>Situ\u00e9e \u00e0 environ 40 miles de Gen\u00e8ve, Saint-Gervais-les-Bains se blottit dans l&rsquo;ombre du Mont Blanc et d&rsquo;autres sommets majestueux. Cette charmante ville fran\u00e7aise est un point d&rsquo;acc\u00e8s pratique pour des excursions vers Chamonix et un point de d\u00e9part pour des voyages prolong\u00e9s vers des endroits tels que Lausanne en Suisse ou Turin en Italie. Sans \u00eatre \u00e9clips\u00e9e par ses voisines, Saint-Gervais se distingue comme une destination de choix dans les Alpes fran\u00e7aises, offrant une gamme de restaurants d\u00e9licieux et l&rsquo;air revigorant de la montagne.<\/p>\n\n\n\n<figure class=\"wp-block-image alignwide size-large\"><img loading=\"lazy\" decoding=\"async\" width=\"1024\" height=\"768\" src=\"https:\/\/endorfeen.com\/wp-content\/uploads\/2023\/08\/pierre-emmanuel-colas-n2Tn9mDEthM-unsplash-1024x768.jpg\" alt=\"Saint-Nicolas de V\u00e9roce, Saint-Gervais-les-Bains, France\" class=\"wp-image-13819\" srcset=\"https:\/\/endorfeen.com\/wp-content\/uploads\/2023\/08\/pierre-emmanuel-colas-n2Tn9mDEthM-unsplash-300x225.jpg 300w, https:\/\/endorfeen.com\/wp-content\/uploads\/2023\/08\/pierre-emmanuel-colas-n2Tn9mDEthM-unsplash-400x300.jpg 400w, https:\/\/endorfeen.com\/wp-content\/uploads\/2023\/08\/pierre-emmanuel-colas-n2Tn9mDEthM-unsplash-768x576.jpg 768w, https:\/\/endorfeen.com\/wp-content\/uploads\/2023\/08\/pierre-emmanuel-colas-n2Tn9mDEthM-unsplash-800x600.jpg 800w, https:\/\/endorfeen.com\/wp-content\/uploads\/2023\/08\/pierre-emmanuel-colas-n2Tn9mDEthM-unsplash-1024x768.jpg 1024w, https:\/\/endorfeen.com\/wp-content\/uploads\/2023\/08\/pierre-emmanuel-colas-n2Tn9mDEthM-unsplash-1200x900.jpg 1200w, https:\/\/endorfeen.com\/wp-content\/uploads\/2023\/08\/pierre-emmanuel-colas-n2Tn9mDEthM-unsplash-1536x1152.jpg 1536w, https:\/\/endorfeen.com\/wp-content\/uploads\/2023\/08\/pierre-emmanuel-colas-n2Tn9mDEthM-unsplash-scaled.jpg 2048w\" sizes=\"auto, (max-width: 1024px) 100vw, 1024px\" \/><figcaption class=\"wp-element-caption\">Saint-Nicolas de V\u00e9roce, Saint-Gervais-les-Bains &#8211; \u00a9 Pierre-Emmanuel Colas<\/figcaption><\/figure>\n\n\n\n<p>Un fait marquant est le tramway du Mont Blanc, qui offre une vue \u00e9poustouflante lors de son trajet de 70 minutes. Une br\u00e8ve promenade de 30 minutes \u00e0 partir de son sommet vous conduit au captivant Glacier de Bionnassay. De plus, on peut entreprendre un voyage en t\u00e9l\u00e9ph\u00e9rique depuis la r\u00e9gion ouest de la ville pour monter \u00e0 Le Bettex, un charmant village de montagne. Une fois l\u00e0, une visite \u00e0 La Fl\u00e8che d&rsquo;Or est incontournable &#8211; un h\u00f4tel et un restaurant r\u00e9put\u00e9 pour sa cuisine traditionnelle savoyarde, confectionn\u00e9e \u00e0 partir d&rsquo;ingr\u00e9dients locaux. Un peu plus loin, le t\u00e9l\u00e9ph\u00e9rique peut vous transporter au Mont d&rsquo;Arbois, qui promet des vues in\u00e9gal\u00e9es. \u00c0 votre retour \u00e0 Saint-Gervais, Les Bains du Mont Blanc se distinguent comme un spa thermal haut de gamme, exploitant les eaux naturellement chauff\u00e9es de la r\u00e9gion pour une exp\u00e9rience luxueuse.<\/p>\n\n\n\n<p>Situ\u00e9 sur fond de collines alpines, Saint-Gervais a longtemps \u00e9t\u00e9 c\u00e9l\u00e9br\u00e9, depuis l&rsquo;\u00e9poque de la Belle \u00c9poque, comme l&rsquo;une des principales villes thermales de la Savoie. Ce lieu est un havre pour ceux qui cherchent une retraite tranquille au milieu de paysages montagneux spectaculaires, compl\u00e9t\u00e9e par des bains thermaux revigorants. De nombreux \u00e9tablissements \u00e0 Saint-Gervais-les-Bains proposent des \u00e9quipements de spa exclusifs.<\/p>\n\n\n\n<p>L&rsquo;opulent H\u00f4tel Armancette offre \u00e0 ses clients un s\u00e9jour somptueux, que ce soit dans des chambres sophistiqu\u00e9es, des suites \u00e9l\u00e9gantes ou des chalets bien am\u00e9nag\u00e9s. En tant qu&rsquo;\u00e9tablissement cinq \u00e9toiles, il dispose d&rsquo;un spa haut de gamme avec une piscine int\u00e9rieure-ext\u00e9rieure, un trio de jacuzzis et des installations de sauna et hammam. De plus, les clients peuvent se d\u00e9tendre sur la terrasse de l&rsquo;h\u00f4tel, qui offre une vue imprenable sur le Mont Blanc.<\/p>\n\n\n\n<p>De plus, lorsque l&rsquo;hiver arrive, Saint-Gervais-les-Bains se transforme en un merveilleux pays des neiges, reli\u00e9 par une s\u00e9rie de t\u00e9l\u00e9ph\u00e9riques aux c\u00e9l\u00e8bres domaines skiables de Meg\u00e8ve et de Chamonix.<\/p>\n\n\n\n<h2 class=\"wp-block-heading\" id=\"h-exploration-de-la-biodiversite-et-de-l-histoire-du-parc-national-du-mercantour-dans-les-alpes-francaises-du-sud\">Exploration de la biodiversit\u00e9 et de l&rsquo;histoire du Parc National du Mercantour dans les Alpes fran\u00e7aises du Sud<\/h2>\n\n\n\n<p>Englobant l&rsquo;extr\u00eame sud-est de la France, la Provence-Alpes-C\u00f4te d&rsquo;Azur abrite la prestigieuse C\u00f4te d&rsquo;Azur et une section des majestueuses Alpes. Nich\u00e9 au sein des d\u00e9partements des Alpes-Maritimes et des Alpes-de-Haute-Provence, on d\u00e9couvre l&rsquo;exaltant Parc National du Mercantour, \u00e0 seulement 30 miles de la luxuriante ville de Nice. Ce magnifique parc national, s&rsquo;\u00e9tendant sur plus de 250 miles carr\u00e9s, comprend plusieurs vall\u00e9es, telles que la s\u00e9duisante Vall\u00e9e de l&rsquo;Ubaye.<\/p>\n\n\n\n<figure class=\"wp-block-image alignwide size-large\"><img loading=\"lazy\" decoding=\"async\" width=\"1024\" height=\"683\" src=\"https:\/\/endorfeen.com\/wp-content\/uploads\/2023\/08\/gaetan-thurin-27FS1ExjDlc-unsplash-1024x683.jpg\" alt=\"Mercantour\" class=\"wp-image-13821\" srcset=\"https:\/\/endorfeen.com\/wp-content\/uploads\/2023\/08\/gaetan-thurin-27FS1ExjDlc-unsplash-300x200.jpg 300w, https:\/\/endorfeen.com\/wp-content\/uploads\/2023\/08\/gaetan-thurin-27FS1ExjDlc-unsplash-600x400.jpg 600w, https:\/\/endorfeen.com\/wp-content\/uploads\/2023\/08\/gaetan-thurin-27FS1ExjDlc-unsplash-768x512.jpg 768w, https:\/\/endorfeen.com\/wp-content\/uploads\/2023\/08\/gaetan-thurin-27FS1ExjDlc-unsplash-1024x683.jpg 1024w, https:\/\/endorfeen.com\/wp-content\/uploads\/2023\/08\/gaetan-thurin-27FS1ExjDlc-unsplash-1536x1024.jpg 1536w, https:\/\/endorfeen.com\/wp-content\/uploads\/2023\/08\/gaetan-thurin-27FS1ExjDlc-unsplash-scaled.jpg 2048w\" sizes=\"auto, (max-width: 1024px) 100vw, 1024px\" \/><figcaption class=\"wp-element-caption\">\u00a9 Gaetan Thurin<\/figcaption><\/figure>\n\n\n\n<p>Ce sanctuaire de nature sauvage intacte est une merveille de biodiversit\u00e9, accueillant plus de 2 000 vari\u00e9t\u00e9s de flore en fleurs et des milliers de p\u00e9troglyphes de l&rsquo;\u00e2ge de bronze. Pr\u00e8s de 400 miles de sentiers de parc bien entretenus ouvrent la porte \u00e0 la richesse de ce havre naturel isol\u00e9 dans les Alpes du Sud fran\u00e7aises. Les visiteurs sont invit\u00e9s \u00e0 participer \u00e0 des activit\u00e9s m\u00e9morables telles que le kayak dans les eaux turquoise envo\u00fbtantes de la rivi\u00e8re Verdon \u00e0 travers les dramatiques Gorges du Verdon ou la randonn\u00e9e le long du bord abrupt du canyon.<\/p>\n\n\n\n<p>Les paysages sauvages et intacts de la vall\u00e9e de l&rsquo;Ubaye attirent les amoureux de la nature, les entra\u00eenant vers la charmante ville montagnarde de Barcelonnette, o\u00f9 les possibilit\u00e9s de randonn\u00e9e, de cano\u00eb et de ski abondent.<\/p>\n\n\n\n<h2 class=\"wp-block-heading\" id=\"h-explorer-grenoble-la-capitale-verte-europeenne-2022-dans-les-alpes-francaises\">Explorer Grenoble : La capitale verte europ\u00e9enne 2022 dans les Alpes fran\u00e7aises<\/h2>\n\n\n\n<p>Reconnue comme la Capitale Verte Europ\u00e9enne pour 2022, Grenoble, en France, symbolise un choix \u00e9co-responsable pour des vacances dans les Alpes fran\u00e7aises. Harmonisant la fonctionnalit\u00e9 d&rsquo;une m\u00e9tropole anim\u00e9e avec la grandeur impressionnante des montagnes environnantes, la ville offre une juxtaposition intrigante de d\u00e9lices cosmopolites et de merveilles panoramiques tels que le Parc Naturel R\u00e9gional de la Chartreuse \u00e0 proximit\u00e9. Symbole de son acclamation &lsquo;verte&rsquo;, le estim\u00e9 monast\u00e8re de la Grande Chartreuse &#8211; situ\u00e9 dans la cha\u00eene de montagnes de la Chartreuse, l\u00e9g\u00e8rement au nord de Grenoble &#8211; est le domicile des moines chartreux, les gardiens de la recette classifi\u00e9e de la liqueur verte Chartreuse. Le monast\u00e8re n&rsquo;est pas ouvert \u00e0 la visite du public, mais le mus\u00e9e local de la Grande Chartreuse propose des expositions sur l&rsquo;Ordre des Chartreux.<\/p>\n\n\n\n<figure class=\"wp-block-image alignwide size-large wp--13823\"><img loading=\"lazy\" decoding=\"async\" width=\"1024\" height=\"683\" src=\"https:\/\/endorfeen.com\/wp-content\/uploads\/2023\/08\/fabe-collage-diqJhQtHHNk-unsplash-1024x683.jpg\" alt=\"Grenoble - \u00a9 Fabe collage\" class=\"wp-image-13823\" srcset=\"https:\/\/endorfeen.com\/wp-content\/uploads\/2023\/08\/fabe-collage-diqJhQtHHNk-unsplash-300x200.jpg 300w, https:\/\/endorfeen.com\/wp-content\/uploads\/2023\/08\/fabe-collage-diqJhQtHHNk-unsplash-600x400.jpg 600w, https:\/\/endorfeen.com\/wp-content\/uploads\/2023\/08\/fabe-collage-diqJhQtHHNk-unsplash-768x513.jpg 768w, https:\/\/endorfeen.com\/wp-content\/uploads\/2023\/08\/fabe-collage-diqJhQtHHNk-unsplash-1024x683.jpg 1024w, https:\/\/endorfeen.com\/wp-content\/uploads\/2023\/08\/fabe-collage-diqJhQtHHNk-unsplash-1536x1025.jpg 1536w, https:\/\/endorfeen.com\/wp-content\/uploads\/2023\/08\/fabe-collage-diqJhQtHHNk-unsplash-scaled.jpg 2048w\" sizes=\"auto, (max-width: 1024px) 100vw, 1024px\" \/><figcaption class=\"wp-element-caption\">Grenoble &#8211; \u00a9 Collage de Fabe<\/figcaption><\/figure>\n\n\n\n<p>Dans les environs, la cha\u00eene de montagnes de Belledonne est c\u00e9l\u00e8bre pour ses vues spectaculaires, y compris des couchers de soleil \u00e9tonnamment \u00e9th\u00e9r\u00e9s. Un refuge pour les intr\u00e9pides, une gamme d&rsquo;activit\u00e9s vous attend, du parapente \u00e0 la randonn\u00e9e, du ski \u00e0 la raquette durant les mois d&rsquo;hiver. Nich\u00e9e dans le centre-ville de Grenoble, l&rsquo;historique forteresse de La Bastille offre une vue panoramique sur la ville. Un service de t\u00e9l\u00e9ph\u00e9rique fonctionne depuis le centre, et les randonn\u00e9es en mont\u00e9e vers le sommet sont bienvenues. Nich\u00e9 \u00e0 environ 16 kilom\u00e8tres au sud de Grenoble, les jardins fran\u00e7ais et le ch\u00e2teau du Domaine de Vizille d\u00e9gagent une telle \u00e9l\u00e9gance et gr\u00e2ce que leur h\u00e9bergement du Mus\u00e9e de la R\u00e9volution fran\u00e7aise peut surprendre. Une visite des galeries du ch\u00e2teau m\u00eale habilement l&rsquo;art aux artefacts historiques. Les enfants seront ravis \u00e0 la vue des cygnes, des canards, des cerfs et d&rsquo;autres animaux sauvages se promenant librement dans le sanctuaire des lieux.<\/p>\n\n\n\n<p>Ancienne capitale de la r\u00e9gion du Dauphin\u00e9, Grenoble est nich\u00e9e dans un bassin de la vall\u00e9e de l&rsquo;Is\u00e8re, encadr\u00e9e par des montagnes majestueuses qui s&rsquo;\u00e9l\u00e8vent jusqu&rsquo;\u00e0 3 000 m\u00e8tres. Le paysage urbain est domin\u00e9 par le Fort Rabot et le Fort de la Bastille, situ\u00e9s sur les cr\u00eates de la cha\u00eene du Mont Rachais.<\/p>\n\n\n\n<p>Les monuments historiques du &lsquo;Vieille Ville&rsquo; de Grenoble comprennent le stup\u00e9fiant Palais du Parlement du Dauphin\u00e9 (Salle de Justice des \u00c9tats du Dauphin\u00e9), un chef-d&rsquo;\u0153uvre architectural qui m\u00e9lange habilement les styles gothiques flamboyants et du d\u00e9but de la Renaissance ; ainsi que le tout aussi captivant &lsquo;Mus\u00e9e de l&rsquo;Ancien \u00c9v\u00each\u00e9&rsquo;, un palais \u00e9piscopal du XIIIe si\u00e8cle maintenant transform\u00e9 en mus\u00e9e documentant la riche histoire de Grenoble.<\/p>\n\n\n\n<p>Largement consid\u00e9r\u00e9 comme l&rsquo;un des meilleurs mus\u00e9es des beaux-arts du pays, le mus\u00e9e de Grenoble abrite une collection exquise d&rsquo;\u0153uvres, y compris d&rsquo;anciens ma\u00eetres tels que Rubens, George de La Tour et Philippe de Champaigne, en plus des virtuoses du 19\u00e8me si\u00e8cle tels que Delacroix et Monet. Des chefs-d&rsquo;\u0153uvre modernes de Picasso, Matisse et L\u00e9ger enrichissent \u00e9galement la collection.<\/p>\n\n\n\n<p>Grenoble est envelopp\u00e9e par une beaut\u00e9 naturelle s\u00e9duisante et des espaces verts luxuriants, compl\u00e9tant les impressionnantes offres culturelles de la ville. Le Jardin des Dauphins, un somptueux havre de jardins en terrasses de 30 hectares, offre des vues \u00e9lev\u00e9es in\u00e9gal\u00e9es de la ville. Les chemins pi\u00e9tonniers ombrag\u00e9s et les escaliers complexes int\u00e9gr\u00e9s dans le paysage font de ce parc un havre sublime pour une exploration tranquille.<\/p>\n\n\n\n<h2 class=\"wp-block-heading\" id=\"h-la-clusaz-une-aventure-gastronomique\">La Clusaz: Une Aventure Gastronomique<\/h2>\n\n\n\n<p>Rayonnante de vin et de fromage, certains des plus fins que l&rsquo;on peut savourer, la France est une corne d&rsquo;abondance de d\u00e9lices culinaires. Une telle commune qui se d\u00e9lecte de ces essentiels fran\u00e7ais est La Clusaz, nich\u00e9e \u00e0 environ 40 miles \u00e0 l&rsquo;ouest de Chamonix, au c\u0153ur de la r\u00e9gion Auvergne-Rh\u00f4ne-Alpes. Ils organisent une c\u00e9l\u00e9bration annuelle jubilatoire connue sous le nom de F\u00eate du Reblochon &#8211; un festival d\u00e9di\u00e9 au fromage et aux v\u00e9n\u00e9r\u00e9s agriculteurs locaux qui le pr\u00e9parent. Les festivit\u00e9s comprennent des d\u00e9monstrations, des d\u00e9gustations, une grande procession et de nombreuses danses traditionnelles, favorisant collectivement un esprit de joie et de camaraderie. Le panorama gastronomique local comprend \u00e9galement de d\u00e9licieuses truffes au chocolat, du vermouth blanc croquant ainsi qu&rsquo;une gamme de cultivars de vin distinctifs.<\/p>\n\n\n\n<figure class=\"wp-block-image alignwide size-large\"><img loading=\"lazy\" decoding=\"async\" width=\"1024\" height=\"536\" src=\"https:\/\/endorfeen.com\/wp-content\/uploads\/2023\/08\/victoire-joncheray-Fsw3IORqz8w-unsplash-1024x536.jpg\" alt=\"La Clusaz - \u00a9 Victoire Joncheray\" class=\"wp-image-13825\" srcset=\"https:\/\/endorfeen.com\/wp-content\/uploads\/2023\/08\/victoire-joncheray-Fsw3IORqz8w-unsplash-300x157.jpg 300w, https:\/\/endorfeen.com\/wp-content\/uploads\/2023\/08\/victoire-joncheray-Fsw3IORqz8w-unsplash-768x402.jpg 768w, https:\/\/endorfeen.com\/wp-content\/uploads\/2023\/08\/victoire-joncheray-Fsw3IORqz8w-unsplash-1024x536.jpg 1024w, https:\/\/endorfeen.com\/wp-content\/uploads\/2023\/08\/victoire-joncheray-Fsw3IORqz8w-unsplash-1536x804.jpg 1536w, https:\/\/endorfeen.com\/wp-content\/uploads\/2023\/08\/victoire-joncheray-Fsw3IORqz8w-unsplash-scaled.jpg 2048w\" sizes=\"auto, (max-width: 1024px) 100vw, 1024px\" \/><figcaption class=\"wp-element-caption\">La Clusaz &#8211; \u00a9 Victoire Joncheray<\/figcaption><\/figure>\n\n\n\n<p>La Clusaz, comme le r\u00e9v\u00e8lent les visiteurs r\u00e9cents, est une charmante petite station de ski regorgeant de restaurants accueillants et de bars douillets o\u00f9 l&rsquo;on peut se ressourcer. Apr\u00e8s s&rsquo;\u00eatre adonn\u00e9 \u00e0 ces extravagances gastronomiques, une visite au Col des Aravis peut aider \u00e0 contrebalancer l&rsquo;apport calorique d&rsquo;une consommation g\u00e9n\u00e9reuse de fromages. Les sentiers de randonn\u00e9e offrent ici des vues panoramiques embl\u00e9matiques des Alpes fran\u00e7aises, y compris le Mont Blanc drap\u00e9 de neige, denses for\u00eats de pins, fleurs alpines, un lac glaciaire, et m\u00eame une charmante chapelle. L&rsquo;exp\u00e9rience de La Clusaz est amplifi\u00e9e pour les amateurs de sensations fortes avec un sport unique appel\u00e9 skijoring \u00e9questre. Testant le courage, cette activit\u00e9 hivernale distincte implique de glisser sur des skis tout en \u00e9tant tract\u00e9 par un cheval \u00e0 travers le paysage givr\u00e9.<\/p>\n\n\n\n<h2 class=\"wp-block-heading\" id=\"h-explorer-les-attractions-de-megeve\">Explorer les Attractions de Meg\u00e8ve<\/h2>\n\n\n\n<p>Au c\u0153ur du spectacle resplendissant des Alpes fran\u00e7aises, l&rsquo;atmosph\u00e8re distingu\u00e9e de Meg\u00e8ve \u00e9tablit une sc\u00e8ne formidable pour le Tour de France mondialement reconnu, un rare honneur d&rsquo;accueil dont elle a b\u00e9n\u00e9fici\u00e9 deux fois. L&rsquo;attrait international de Meg\u00e8ve en tant que site d&rsquo;\u00e9v\u00e9nements s&rsquo;\u00e9tend encore au c\u00e9l\u00e8bre spectacle \u00e9questre annuel, le Jumping International de Meg\u00e8ve. Il attire des publics captiv\u00e9s des quatre coins du globe ainsi que de sa nation d&rsquo;origine, la France.<\/p>\n\n\n\n<figure class=\"wp-block-image alignwide size-large wp--13827\"><img loading=\"lazy\" decoding=\"async\" width=\"1024\" height=\"683\" src=\"https:\/\/endorfeen.com\/wp-content\/uploads\/2023\/08\/mat-napo-kahBfndKqkk-unsplash-1024x683.jpg\" alt=\"Meg\u00e8ve - \u00a9 Mat Napo\" class=\"wp-image-13827\" srcset=\"https:\/\/endorfeen.com\/wp-content\/uploads\/2023\/08\/mat-napo-kahBfndKqkk-unsplash-300x200.jpg 300w, https:\/\/endorfeen.com\/wp-content\/uploads\/2023\/08\/mat-napo-kahBfndKqkk-unsplash-600x400.jpg 600w, https:\/\/endorfeen.com\/wp-content\/uploads\/2023\/08\/mat-napo-kahBfndKqkk-unsplash-768x512.jpg 768w, https:\/\/endorfeen.com\/wp-content\/uploads\/2023\/08\/mat-napo-kahBfndKqkk-unsplash-1024x683.jpg 1024w, https:\/\/endorfeen.com\/wp-content\/uploads\/2023\/08\/mat-napo-kahBfndKqkk-unsplash-1536x1024.jpg 1536w, https:\/\/endorfeen.com\/wp-content\/uploads\/2023\/08\/mat-napo-kahBfndKqkk-unsplash-scaled.jpg 2048w\" sizes=\"auto, (max-width: 1024px) 100vw, 1024px\" \/><figcaption class=\"wp-element-caption\">Meg\u00e8ve &#8211; \u00a9 Mat Napo<\/figcaption><\/figure>\n\n\n\n<p>Pourtant, Meg\u00e8ve n&rsquo;est pas simplement un centre pour les \u00e9v\u00e9nements sportifs d&rsquo;\u00e9lite. Les visiteurs de la ville sont pr\u00e9sent\u00e9s avec une gamme de d\u00e9lices sensoriels, le plus notable provenant de son superbe secteur de la gastronomie. Le restaurant renomm\u00e9 La Dame de Pic &#8211; Le 1920, supervis\u00e9 par la chef Anne-Sophie Pic, d\u00e9cor\u00e9e par Michelin, la chef femme la plus distingu\u00e9e avec des \u00e9toiles Michelin, se trouve au sein du prestigieux H\u00f4tel Four Seasons \u00e0 Meg\u00e8ve.<\/p>\n\n\n\n<p>Pour ne pas \u00eatre \u00e9clips\u00e9e par sa ma\u00eetrise culinaire, Meg\u00e8ve se targue \u00e9galement d&rsquo;un paysage commercial s\u00e9duisant. Il varie du raffin\u00e9, comme des meubles anciens de luxe, au charme rustique des produits locaux et culmine avec l&rsquo;attrait contemporain des marques de mode les plus recherch\u00e9es. Les citadins peuvent faire une pause dans leurs r\u00eaveries commerciales au Georges, un sanctuaire \u00e9l\u00e9gant nich\u00e9 au sein de l&rsquo;H\u00f4tel Mont Blanc. Ici, les visiteurs peuvent savourer la tranquillit\u00e9 parfum\u00e9e du th\u00e9 de l&rsquo;apr\u00e8s-midi ou, lorsque la lumi\u00e8re s&rsquo;estompe, se r\u00e9jouir du scintillement d\u00e9licieux du Champagne du soir.<\/p>\n\n\n\n<p>Meg\u00e8ve accueille chaleureusement les familles, en faisant une destination id\u00e9ale pour des vacances familiales compl\u00e8tes. Les plus jeunes de la famille peuvent b\u00e9n\u00e9ficier d&rsquo;une multitude de cours de sport et d&rsquo;ateliers culturels divers, pr\u00e9sentant un programme d&rsquo;enrichissement dynamique. Le charme et la sophistication de Meg\u00e8ve sont ind\u00e9niablement magn\u00e9tiques, ce qui en fait une destination de choix pour le voyageur exigeant.<\/p>\n\n\n\n<h2 class=\"wp-block-heading\" id=\"h-explorer-le-vercors-un-paradis-naturel-dans-les-alpes-francaises\">Explorer le Vercors : Un Paradis Naturel dans les Alpes Fran\u00e7aises<\/h2>\n\n\n\n<p>Situ\u00e9e dans la r\u00e9gion du Dauphin\u00e9, nich\u00e9e entre la vall\u00e9e du Rh\u00f4ne et la Route d&rsquo;Hiver des Alpes, se trouve la tant convoit\u00e9e cha\u00eene du Vercors. Ces collines rev\u00eatues de for\u00eats s&rsquo;\u00e9tendent jusqu&rsquo;\u00e0 une hauteur vertigineuse de 2 346 m\u00e8tres au Grand Veymont, et sont parsem\u00e9es de vall\u00e9es profond\u00e9ment creus\u00e9es et de gorges \u00e0 couper le souffle.<\/p>\n\n\n\n<p>Le parc naturel du Vercors dispose d\u2019un \u00e9ventail de routes et de sentiers bien entretenus, permettant l&rsquo;exploration de ce paysage verdoyant soit \u00e0 pied ou \u00e0 cheval. Durant la saison hivernale, une grande vari\u00e9t\u00e9 de sports d&rsquo;hiver peuvent \u00eatre pratiqu\u00e9s au milieu de superbes installations. Il est fortement conseill\u00e9 de faire le tour du Vercors, car cela permet d&rsquo;appr\u00e9cier pleinement le paysage unique caract\u00e9ristique de cette r\u00e9gion.<\/p>\n\n\n\n<figure class=\"wp-block-image alignwide size-large\"><img loading=\"lazy\" decoding=\"async\" width=\"1024\" height=\"683\" src=\"https:\/\/endorfeen.com\/wp-content\/uploads\/2023\/08\/alex-baumel-e4sl7_JlUDs-unsplash-1024x683.jpg\" alt=\"Vercors - \u00a9 Alex Baumel\" class=\"wp-image-13829\" srcset=\"https:\/\/endorfeen.com\/wp-content\/uploads\/2023\/08\/alex-baumel-e4sl7_JlUDs-unsplash-300x200.jpg 300w, https:\/\/endorfeen.com\/wp-content\/uploads\/2023\/08\/alex-baumel-e4sl7_JlUDs-unsplash-600x400.jpg 600w, https:\/\/endorfeen.com\/wp-content\/uploads\/2023\/08\/alex-baumel-e4sl7_JlUDs-unsplash-768x512.jpg 768w, https:\/\/endorfeen.com\/wp-content\/uploads\/2023\/08\/alex-baumel-e4sl7_JlUDs-unsplash-1024x683.jpg 1024w, https:\/\/endorfeen.com\/wp-content\/uploads\/2023\/08\/alex-baumel-e4sl7_JlUDs-unsplash-1536x1024.jpg 1536w, https:\/\/endorfeen.com\/wp-content\/uploads\/2023\/08\/alex-baumel-e4sl7_JlUDs-unsplash-scaled.jpg 2048w\" sizes=\"auto, (max-width: 1024px) 100vw, 1024px\" \/><figcaption class=\"wp-element-caption\">Vercors &#8211; \u00a9 Alex Baumel<\/figcaption><\/figure>\n\n\n\n<p>Traversant la Combe Laval, un sentier montagneux mis en place en 1897, a \u00e9t\u00e9 initialement \u00e9tabli pour le transfert de bois de la For\u00eat de Lente \u00e0 Saint-Jean-en-Royans. Partant du Col de la Machine, charg\u00e9 de bois, et descendant vers Saint-Jean, ce tron\u00e7on de la route offre de superbes vues panoramiques sur le paysage environnant.<\/p>\n\n\n\n<p>Au-del\u00e0 du village de Villard-de-Lans, l&rsquo;autoroute serpente dans la vall\u00e9e de la Bourne, qui se r\u00e9tr\u00e9cit progressivement pour se muer en les Gorges de la Bourne. Le voyage se poursuit \u00e0 travers d&rsquo;immenses tunnels et de gracieux ponts, menant vers le pittoresque bourg de Pont-en-Royans. De l\u00e0, la route serpente le long de la vall\u00e9e de la Vernaison et \u00e0 travers les pittoresques gorges de la Vernaison, s&rsquo;\u00e9levant progressivement \u00e0 travers de nombreux virages avant d&rsquo;atteindre l&rsquo;imposante gorge des Grands Goulets.<\/p>\n\n\n\n<h2 class=\"wp-block-heading\" id=\"h-explorer-yvoire-un-village-pittoresque\">Explorer Yvoire : Un Village Pittoresque<\/h2>\n\n\n\n<p>R\u00e9put\u00e9 comme l&rsquo;un des hameaux les plus pittoresques de France, Yvoire fait partie de la r\u00e9gion du G\u00e9oparc mondial UNESCO du Chablais, une d\u00e9signation bien justifi\u00e9e par sa chronique de sept si\u00e8cles et son charme actuel. La repr\u00e9sentation traditionnelle alpine est remarquablement manifeste dans ce lieu, doucement berc\u00e9 par les rives du Lac L\u00e9man, ce qui lui vaut son surnom bien m\u00e9rit\u00e9 de \u00ab\u00a0joyau du lac\u00a0\u00bb.<\/p>\n\n\n\n<figure class=\"wp-block-image alignwide size-large wp--13831\"><img loading=\"lazy\" decoding=\"async\" width=\"1024\" height=\"682\" src=\"https:\/\/endorfeen.com\/wp-content\/uploads\/2023\/08\/egor-myznik-GxFCah3vvvA-unsplash-1024x682.jpg\" alt=\"Ch\u00e2teau d'Yvoire - \u00a9 Egor Myznik\" class=\"wp-image-13831\" srcset=\"https:\/\/endorfeen.com\/wp-content\/uploads\/2023\/08\/egor-myznik-GxFCah3vvvA-unsplash-300x200.jpg 300w, https:\/\/endorfeen.com\/wp-content\/uploads\/2023\/08\/egor-myznik-GxFCah3vvvA-unsplash-600x400.jpg 600w, https:\/\/endorfeen.com\/wp-content\/uploads\/2023\/08\/egor-myznik-GxFCah3vvvA-unsplash-768x511.jpg 768w, https:\/\/endorfeen.com\/wp-content\/uploads\/2023\/08\/egor-myznik-GxFCah3vvvA-unsplash-1024x682.jpg 1024w, https:\/\/endorfeen.com\/wp-content\/uploads\/2023\/08\/egor-myznik-GxFCah3vvvA-unsplash-1536x1022.jpg 1536w, https:\/\/endorfeen.com\/wp-content\/uploads\/2023\/08\/egor-myznik-GxFCah3vvvA-unsplash-scaled.jpg 2048w\" sizes=\"auto, (max-width: 1024px) 100vw, 1024px\" \/><figcaption class=\"wp-element-caption\">Ch\u00e2teau d&rsquo;Yvoire &#8211; \u00a9 Egor Myznik<\/figcaption><\/figure>\n\n\n\n<p>\u00c9rig\u00e9 en 1306, le Ch\u00e2teau d&rsquo;Yvoire, un embl\u00e8me quintessentiel d&rsquo;Yvoire, domine les environs avec sa grandeur m\u00e9di\u00e9vale. Bien que l&rsquo;acc\u00e8s public soit restreint, le ch\u00e2teau offre une occasion photog\u00e9nique irr\u00e9sistible pour tout visiteur. D&rsquo;autre part, le Jardin des Cinq Sens s\u00e9duit les touristes avec ses jardins diversifi\u00e9s, stimulant l&rsquo;exploration non seulement par la vue, mais aussi par le toucher et l&rsquo;odorat. Ce paradis cach\u00e9, une fois d\u00e9couvert par les visiteurs, promet un d\u00e9lice sensoriel.<\/p>\n\n\n\n<p>Le charme de ce havre alpin fran\u00e7ais idyllique s&rsquo;\u00e9tend au-del\u00e0 de ses vestiges historiques. Les ruelles d&rsquo;Yvoire sont exclusivement r\u00e9serv\u00e9es aux pi\u00e9tons, offrant une d\u00e9licieuse occasion de fl\u00e2nerie sans entrave. La grandeur esth\u00e9tique du village est renforc\u00e9e par une profusion de fleurs, ce qui lui vaut son surnom alternatif de \u00ab\u00a0village fleuri fran\u00e7ais\u00a0\u00bb. \u00c0 Yvoire, le romantisme impr\u00e8gne chaque rue pav\u00e9e et chaque bosquet verdoyant, ce qui en fait une destination pris\u00e9e par ceux qui recherchent une aventure soulign\u00e9e de charme.<\/p>\n\n\n\n<h2 class=\"wp-block-heading\" id=\"h-explorer-le-cirque-du-fer-a-cheval-une-reserve-montagneuse-et-un-village-alpin-dans-les-alpes-francaises\">Explorer le Cirque du Fer-\u00e0-Cheval : Une r\u00e9serve montagneuse et un village alpin dans les Alpes fran\u00e7aises<\/h2>\n\n\n\n<p>Impr\u00e9gn\u00e9 de la grandeur d&rsquo;une montagne calcaire, sculpt\u00e9e au fil du temps par des glaciers en retrait pour former une \u00e9tonnante formation circulaire, le Cirque du Fer-\u00e0-Cheval offre un spectacle saisissant. Pr\u00e9serv\u00e9e par la main de l&rsquo;homme, cette r\u00e9serve naturelle captivante dispose d&rsquo;une panoplie de sentiers pittoresques pour des promenades sereines, ainsi que des randonn\u00e9es stimulantes. Les visiteurs sont captiv\u00e9s par son atmosph\u00e8re alpine sereine, embaum\u00e9e par le parfum des sapins croustillants, la quietude est parfois ponctu\u00e9e par le bruit d&rsquo;une cascade en haut de la montagne qui se d\u00e9verse sur des sommets enneig\u00e9s.<\/p>\n\n\n\n<figure class=\"wp-block-image alignwide size-large\"><img loading=\"lazy\" decoding=\"async\" width=\"1024\" height=\"683\" src=\"https:\/\/endorfeen.com\/wp-content\/uploads\/2023\/08\/sies-kranen-CUG8opjvN_8-unsplash-1024x683.jpg\" alt=\"Cirque du Fer-\u00e0-Cheval - \u00a9 Sies Kranen\" class=\"wp-image-13833\" srcset=\"https:\/\/endorfeen.com\/wp-content\/uploads\/2023\/08\/sies-kranen-CUG8opjvN_8-unsplash-300x200.jpg 300w, https:\/\/endorfeen.com\/wp-content\/uploads\/2023\/08\/sies-kranen-CUG8opjvN_8-unsplash-600x400.jpg 600w, https:\/\/endorfeen.com\/wp-content\/uploads\/2023\/08\/sies-kranen-CUG8opjvN_8-unsplash-768x512.jpg 768w, https:\/\/endorfeen.com\/wp-content\/uploads\/2023\/08\/sies-kranen-CUG8opjvN_8-unsplash-1024x683.jpg 1024w, https:\/\/endorfeen.com\/wp-content\/uploads\/2023\/08\/sies-kranen-CUG8opjvN_8-unsplash-1536x1024.jpg 1536w, https:\/\/endorfeen.com\/wp-content\/uploads\/2023\/08\/sies-kranen-CUG8opjvN_8-unsplash-scaled.jpg 2048w\" sizes=\"auto, (max-width: 1024px) 100vw, 1024px\" \/><figcaption class=\"wp-element-caption\">Cirque du Fer-\u00e0-Cheval &#8211; \u00a9 Sies Kranen<\/figcaption><\/figure>\n\n\n\n<p>Nich\u00e9 au plus profond de ce territoire sauvage se trouve le charmant hameau de Sixt-Fer-\u00e0-Cheval, reconnu comme l&rsquo;un des \u00ab\u00a0Plus Beaux Villages\u00a0\u00bb de France. Il s&rsquo;agit d&rsquo;une fusion de 24 petits hameaux, chacun envelopp\u00e9 \u00e0 sa mani\u00e8re par la splendeur verdoyante de la r\u00e9serve naturelle. Sixt-Fer-\u00e0-Cheval est d&rsquo;autant plus embellie par l&rsquo;envo\u00fbtante \u00ab\u00a0Cascade du Rouget\u00a0\u00bb.<\/p>\n\n\n\n<p>Distinctif par son architecture alpine typique avec ses toits \u00e0 forte pente et ses clochers imposants, Sixt-Fer-\u00e0-Cheval est impr\u00e9gn\u00e9 d&rsquo;histoire. Le village abrite la v\u00e9n\u00e9rable Abbaye de Sixt-Fer-\u00e0-Cheval, une ancienne abbaye fond\u00e9e par Ponce de Faucigny au XIIe si\u00e8cle et une \u00e9glise paroissiale attenante du XIIIe si\u00e8cle. Le complexe de l&rsquo;\u00e9glise comprend \u00e9galement un jardin verdoyant, invitant le public \u00e0 des contemplations paisibles au milieu de la nature.<\/p>\n\n\n\n<p>\u00c0 deux pas du hameau, les visiteurs peuvent trouver une station de ski, un clin d&rsquo;\u0153il ostensible \u00e0 l&rsquo;amour de la r\u00e9gion alpine pour les sports d&rsquo;hiver. L&rsquo;acc\u00e8s rapide \u00e0 une myriade de sentiers de randonn\u00e9e et d&rsquo;activit\u00e9s de plein air exaltantes telles que le VTT et la p\u00eache amplifie encore l&rsquo;attrait de la ville pour les passionn\u00e9s de loisirs en plein air.<\/p>\n\n\n\n<h2 class=\"wp-block-heading\" id=\"h-exploration-de-thonon-les-bains-et-de-ses-environs-dans-les-alpes-francaises\">Exploration de Thonon-les-Bains et de ses environs dans les Alpes fran\u00e7aises<\/h2>\n\n\n\n<p>Situ\u00e9e au-dessus du majestueux lac L\u00e9man, Thonon-les-Bains se pr\u00e9sente comme une destination pris\u00e9e par les amateurs de spa, attirant un afflux consid\u00e9rable de visiteurs aussi bien durant les mois d&rsquo;\u00e9t\u00e9 que d&rsquo;hiver.<\/p>\n\n\n\n<p>Le Ch\u00e2teau de Sonnaz du XVIIe si\u00e8cle est un point de vue d&rsquo;une beaut\u00e9 absolue, avec un attrait irr\u00e9sistible gr\u00e2ce \u00e0 ses panoramas \u00e0 couper le souffle sur les montagnes du Jura et le scintillant lac L\u00e9man. Abritant le mus\u00e9e du Chablais, le Ch\u00e2teau offre l&rsquo;opportunit\u00e9 de plonger dans le patrimoine de la r\u00e9gion des montagnes du Chablais \u00e0 travers une vari\u00e9t\u00e9 d&rsquo;expositions intrigantes.<\/p>\n\n\n\n<figure class=\"wp-block-image alignwide size-large\"><img loading=\"lazy\" decoding=\"async\" width=\"1024\" height=\"683\" src=\"https:\/\/endorfeen.com\/wp-content\/uploads\/2023\/08\/mickael-perret-BG5UDJDWRmc-unsplash-1024x683.jpg\" alt=\"Thonon-les-Bains - \u00a9 Mickael Perret\" class=\"wp-image-13835\" srcset=\"https:\/\/endorfeen.com\/wp-content\/uploads\/2023\/08\/mickael-perret-BG5UDJDWRmc-unsplash-300x200.jpg 300w, https:\/\/endorfeen.com\/wp-content\/uploads\/2023\/08\/mickael-perret-BG5UDJDWRmc-unsplash-600x400.jpg 600w, https:\/\/endorfeen.com\/wp-content\/uploads\/2023\/08\/mickael-perret-BG5UDJDWRmc-unsplash-768x512.jpg 768w, https:\/\/endorfeen.com\/wp-content\/uploads\/2023\/08\/mickael-perret-BG5UDJDWRmc-unsplash-1024x683.jpg 1024w, https:\/\/endorfeen.com\/wp-content\/uploads\/2023\/08\/mickael-perret-BG5UDJDWRmc-unsplash-1536x1024.jpg 1536w, https:\/\/endorfeen.com\/wp-content\/uploads\/2023\/08\/mickael-perret-BG5UDJDWRmc-unsplash-scaled.jpg 2048w\" sizes=\"auto, (max-width: 1024px) 100vw, 1024px\" \/><figcaption class=\"wp-element-caption\">Thonon-les-Bains &#8211; \u00a9 Mickael Perret<\/figcaption><\/figure>\n\n\n\n<p>Nich\u00e9e \u00e0 14 kilom\u00e8tres \u00e0 l&rsquo;ouest de Thonon-les-Bains, la station baln\u00e9aire d&rsquo;Excenevex est un joyau sur les rives du lac L\u00e9man. La station se targue d&rsquo;une vaste plage de sable naturel bord\u00e9e de hauts pins, qui donne sur des eaux peu profondes, adapt\u00e9es aux enfants, id\u00e9ales pour la baignade. Les rives d&rsquo;Excenevex sont un havre pour les activit\u00e9s de loisirs telles que la navigation de plaisance, la p\u00eache et le volley-ball. Pour renforcer son attrait, il y a une aire de jeux pour enfants accueillante.<\/p>\n\n\n\n<p>Le hameau m\u00e9di\u00e9val d&rsquo;Yvoire est accessible avec un court voyage suppl\u00e9mentaire. Consid\u00e9r\u00e9 comme l&rsquo;un des \u00ab\u00a0Plus Beaux Villages de France\u00a0\u00bb, cet envo\u00fbtant \u00e9tablissement au bord du lac abrite une forteresse du 14\u00e8me si\u00e8cle, compl\u00e8te avec des murs fortifi\u00e9s et un jardin impeccablement agenc\u00e9 &#8211; reconnu pour sa beaut\u00e9 exceptionnelle en tant que \u00ab\u00a0Jardin Remarquable\u00a0\u00bb. Yvoire offre une exp\u00e9rience fascinante sans effort, impr\u00e9gn\u00e9e d&rsquo;histoire et de nature.<\/p>\n","protected":false},"excerpt":{"rendered":"<p>Constituant une partie distinctive de la majestueuse cha\u00eene alpine, qui s&rsquo;implante noblement \u00e0 l&rsquo;int\u00e9rieur des fronti\u00e8res fran\u00e7aises, les Alpes fran\u00e7aises sont nich\u00e9es dans les illustres r\u00e9gions d&rsquo;Auvergne-Rh\u00f4ne-Alpes et de Provence-Alpes-C\u00f4te d&rsquo;Azur. Des portions de ces cha\u00eenes alpines, y compris l&rsquo;imposant massif du Mont Blanc, \u00e9tendent leur grandeur au-del\u00e0 de la France, s&rsquo;\u00e9tendant jusqu&rsquo;aux nations voisines &hellip;<\/p>\n","protected":false},"author":30,"featured_media":13798,"comment_status":"closed","ping_status":"closed","sticky":false,"template":"","format":"standard","meta":{"_acf_changed":false,"_genesis_hide_title":false,"_genesis_hide_breadcrumbs":false,"_genesis_hide_singular_image":false,"_genesis_hide_footer_widgets":false,"_genesis_custom_body_class":"","_genesis_custom_post_class":"","_genesis_layout":"","footnotes":""},"categories":[170,156,606],"tags":[172,324],"sponsor":[1087],"class_list":{"2":"type-post","7":"category-aventures","8":"category-lieux","9":"category-montagnes","10":"tag-alpes","11":"tag-france-fr","12":"sponsor-endorfeen","13":"entry"},"yoast_head":"<!-- This site is optimized with the Yoast SEO Premium plugin v26.2 (Yoast SEO v26.2) - https:\/\/yoast.com\/wordpress\/plugins\/seo\/ -->\n<title>Adventure in the French Alps - endorfeen<\/title>\n<meta name=\"description\" content=\"Les Alpes fran\u00e7aises : Constituant une partie distinctive de la majestueuse cha\u00eene alpine, qui se situe majestueusement \u00e0 l&#039;int\u00e9rieur des...\" \/>\n<meta name=\"robots\" content=\"index, follow, max-snippet:-1, max-image-preview:large, max-video-preview:-1\" \/>\n<link rel=\"canonical\" href=\"https:\/\/endorfeen.com\/fr\/aventures-alpines-a-la-decouverte-des-joyaux-des-alpes-francaises\/\" \/>\n<meta property=\"og:locale\" content=\"fr_FR\" \/>\n<meta property=\"og:type\" content=\"article\" \/>\n<meta property=\"og:title\" content=\"Aventures Alpines : \u00c0 la D\u00e9couverte des Joyaux des Alpes Fran\u00e7aises\" \/>\n<meta property=\"og:description\" content=\"Les Alpes fran\u00e7aises : Constituant une partie distinctive de la majestueuse cha\u00eene alpine, qui se situe majestueusement \u00e0 l&#039;int\u00e9rieur des...\" \/>\n<meta property=\"og:url\" content=\"https:\/\/endorfeen.com\/fr\/aventures-alpines-a-la-decouverte-des-joyaux-des-alpes-francaises\/\" \/>\n<meta property=\"og:site_name\" content=\"endorfeen\" \/>\n<meta property=\"article:author\" content=\"http:\/\/www.facebook.com\/endorfeen-583261049007200\" \/>\n<meta property=\"article:published_time\" content=\"2023-09-08T07:00:00+00:00\" \/>\n<meta property=\"article:modified_time\" content=\"2023-09-12T15:45:24+00:00\" \/>\n<meta property=\"og:image\" content=\"https:\/\/endorfeen.com\/wp-content\/uploads\/2023\/08\/ophelie-authier-zrBxt415Puo-unsplash-scaled.jpg\" \/>\n\t<meta property=\"og:image:width\" content=\"2560\" \/>\n\t<meta property=\"og:image:height\" content=\"1707\" \/>\n\t<meta property=\"og:image:type\" content=\"image\/jpeg\" \/>\n<meta name=\"author\" content=\"Thomas Viguier\" \/>\n<meta name=\"twitter:card\" content=\"summary_large_image\" \/>\n<meta name=\"twitter:creator\" content=\"@https:\/\/twitter.com\/endorfeen_\" \/>\n<meta name=\"twitter:label1\" content=\"\u00c9crit par\" \/>\n\t<meta name=\"twitter:data1\" content=\"Thomas Viguier\" \/>\n\t<meta name=\"twitter:label2\" content=\"Dur\u00e9e de lecture estim\u00e9e\" \/>\n\t<meta name=\"twitter:data2\" content=\"33 minutes\" \/>\n<script type=\"application\/ld+json\" class=\"yoast-schema-graph\">{\"@context\":\"https:\/\/schema.org\",\"@graph\":[{\"@type\":\"Article\",\"@id\":\"https:\/\/endorfeen.com\/fr\/aventures-alpines-a-la-decouverte-des-joyaux-des-alpes-francaises\/#article\",\"isPartOf\":{\"@id\":\"https:\/\/endorfeen.com\/fr\/aventures-alpines-a-la-decouverte-des-joyaux-des-alpes-francaises\/\"},\"author\":{\"name\":\"Thomas Viguier\",\"@id\":\"https:\/\/endorfeen.com\/fr\/#\/schema\/person\/76a61f8eb41d36fffdec1b376fcf19aa\"},\"headline\":\"Aventures Alpines : \u00c0 la D\u00e9couverte des Joyaux des Alpes Fran\u00e7aises\",\"datePublished\":\"2023-09-08T07:00:00+00:00\",\"dateModified\":\"2023-09-12T15:45:24+00:00\",\"mainEntityOfPage\":{\"@id\":\"https:\/\/endorfeen.com\/fr\/aventures-alpines-a-la-decouverte-des-joyaux-des-alpes-francaises\/\"},\"wordCount\":7490,\"publisher\":{\"@id\":\"https:\/\/endorfeen.com\/fr\/#organization\"},\"image\":{\"@id\":\"https:\/\/endorfeen.com\/fr\/aventures-alpines-a-la-decouverte-des-joyaux-des-alpes-francaises\/#primaryimage\"},\"thumbnailUrl\":\"https:\/\/endorfeen.com\/wp-content\/uploads\/2023\/08\/ophelie-authier-zrBxt415Puo-unsplash-scaled.jpg\",\"keywords\":[\"#Alpes\",\"#france\"],\"articleSection\":[\"Aventures\",\"Lieux\",\"Montagnes\"],\"inLanguage\":\"fr-FR\"},{\"@type\":\"WebPage\",\"@id\":\"https:\/\/endorfeen.com\/fr\/aventures-alpines-a-la-decouverte-des-joyaux-des-alpes-francaises\/\",\"url\":\"https:\/\/endorfeen.com\/fr\/aventures-alpines-a-la-decouverte-des-joyaux-des-alpes-francaises\/\",\"name\":\"Adventure in the French Alps - endorfeen\",\"isPartOf\":{\"@id\":\"https:\/\/endorfeen.com\/fr\/#website\"},\"primaryImageOfPage\":{\"@id\":\"https:\/\/endorfeen.com\/fr\/aventures-alpines-a-la-decouverte-des-joyaux-des-alpes-francaises\/#primaryimage\"},\"image\":{\"@id\":\"https:\/\/endorfeen.com\/fr\/aventures-alpines-a-la-decouverte-des-joyaux-des-alpes-francaises\/#primaryimage\"},\"thumbnailUrl\":\"https:\/\/endorfeen.com\/wp-content\/uploads\/2023\/08\/ophelie-authier-zrBxt415Puo-unsplash-scaled.jpg\",\"datePublished\":\"2023-09-08T07:00:00+00:00\",\"dateModified\":\"2023-09-12T15:45:24+00:00\",\"description\":\"Les Alpes fran\u00e7aises : Constituant une partie distinctive de la majestueuse cha\u00eene alpine, qui se situe majestueusement \u00e0 l'int\u00e9rieur des...\",\"breadcrumb\":{\"@id\":\"https:\/\/endorfeen.com\/fr\/aventures-alpines-a-la-decouverte-des-joyaux-des-alpes-francaises\/#breadcrumb\"},\"inLanguage\":\"fr-FR\",\"potentialAction\":[{\"@type\":\"ReadAction\",\"target\":[\"https:\/\/endorfeen.com\/fr\/aventures-alpines-a-la-decouverte-des-joyaux-des-alpes-francaises\/\"]}]},{\"@type\":\"ImageObject\",\"inLanguage\":\"fr-FR\",\"@id\":\"https:\/\/endorfeen.com\/fr\/aventures-alpines-a-la-decouverte-des-joyaux-des-alpes-francaises\/#primaryimage\",\"url\":\"https:\/\/endorfeen.com\/wp-content\/uploads\/2023\/08\/ophelie-authier-zrBxt415Puo-unsplash-scaled.jpg\",\"contentUrl\":\"https:\/\/endorfeen.com\/wp-content\/uploads\/2023\/08\/ophelie-authier-zrBxt415Puo-unsplash-scaled.jpg\",\"width\":2560,\"height\":1707,\"caption\":\"Oph\u00e9lie Authier\"},{\"@type\":\"BreadcrumbList\",\"@id\":\"https:\/\/endorfeen.com\/fr\/aventures-alpines-a-la-decouverte-des-joyaux-des-alpes-francaises\/#breadcrumb\",\"itemListElement\":[{\"@type\":\"ListItem\",\"position\":1,\"name\":\"Home\",\"item\":\"https:\/\/endorfeen.com\/fr\/\"},{\"@type\":\"ListItem\",\"position\":2,\"name\":\"Aventures Alpines : \u00c0 la D\u00e9couverte des Joyaux des Alpes Fran\u00e7aises\"}]},{\"@type\":\"WebSite\",\"@id\":\"https:\/\/endorfeen.com\/fr\/#website\",\"url\":\"https:\/\/endorfeen.com\/fr\/\",\"name\":\"endorfeen\",\"description\":\"The Media For Sustainable Outdoors.\",\"publisher\":{\"@id\":\"https:\/\/endorfeen.com\/fr\/#organization\"},\"potentialAction\":[{\"@type\":\"SearchAction\",\"target\":{\"@type\":\"EntryPoint\",\"urlTemplate\":\"https:\/\/endorfeen.com\/fr\/?s={search_term_string}\"},\"query-input\":{\"@type\":\"PropertyValueSpecification\",\"valueRequired\":true,\"valueName\":\"search_term_string\"}}],\"inLanguage\":\"fr-FR\"},{\"@type\":\"Organization\",\"@id\":\"https:\/\/endorfeen.com\/fr\/#organization\",\"name\":\"endorfeen\",\"url\":\"https:\/\/endorfeen.com\/fr\/\",\"logo\":{\"@type\":\"ImageObject\",\"inLanguage\":\"fr-FR\",\"@id\":\"https:\/\/endorfeen.com\/fr\/#\/schema\/logo\/image\/\",\"url\":\"https:\/\/endorfeen.com\/wp-content\/uploads\/2022\/06\/Circle-endorfeen-site-icon-circled-1000-x-1000-300psi.png\",\"contentUrl\":\"https:\/\/endorfeen.com\/wp-content\/uploads\/2022\/06\/Circle-endorfeen-site-icon-circled-1000-x-1000-300psi.png\",\"width\":1000,\"height\":1000,\"caption\":\"endorfeen\"},\"image\":{\"@id\":\"https:\/\/endorfeen.com\/fr\/#\/schema\/logo\/image\/\"}},{\"@type\":\"Person\",\"@id\":\"https:\/\/endorfeen.com\/fr\/#\/schema\/person\/76a61f8eb41d36fffdec1b376fcf19aa\",\"name\":\"Thomas Viguier\",\"image\":{\"@type\":\"ImageObject\",\"inLanguage\":\"fr-FR\",\"@id\":\"https:\/\/endorfeen.com\/fr\/#\/schema\/person\/image\/\",\"url\":\"https:\/\/secure.gravatar.com\/avatar\/3c24e541f6f82c052219429c60a8948b1c9ad8eda6daf26af0a100594146ab1a?s=96&d=mm&r=g\",\"contentUrl\":\"https:\/\/secure.gravatar.com\/avatar\/3c24e541f6f82c052219429c60a8948b1c9ad8eda6daf26af0a100594146ab1a?s=96&d=mm&r=g\",\"caption\":\"Thomas Viguier\"},\"description\":\"Everyone has a story to tell. endorfeen is built as a collaborative platform, giving the voice to anyone with a story to tell. If you have things you want to share, register here.\",\"sameAs\":[\"https:\/\/www.endorfeen.com\/\",\"http:\/\/www.facebook.com\/endorfeen-583261049007200\",\"http:\/\/www.instagram.com\/endorfeen_\/\",\"https:\/\/fi.pinterest.com\/endorfeen_\/\",\"https:\/\/x.com\/https:\/\/twitter.com\/endorfeen_\"],\"url\":\"https:\/\/endorfeen.com\/fr\/linkto\/endorfeen-mag\/\"}]}<\/script>\n<!-- \/ Yoast SEO Premium plugin. -->","yoast_head_json":{"title":"Adventure in the French Alps - endorfeen","description":"Les Alpes fran\u00e7aises : Constituant une partie distinctive de la majestueuse cha\u00eene alpine, qui se situe majestueusement \u00e0 l'int\u00e9rieur des...","robots":{"index":"index","follow":"follow","max-snippet":"max-snippet:-1","max-image-preview":"max-image-preview:large","max-video-preview":"max-video-preview:-1"},"canonical":"https:\/\/endorfeen.com\/fr\/aventures-alpines-a-la-decouverte-des-joyaux-des-alpes-francaises\/","og_locale":"fr_FR","og_type":"article","og_title":"Aventures Alpines : \u00c0 la D\u00e9couverte des Joyaux des Alpes Fran\u00e7aises","og_description":"Les Alpes fran\u00e7aises : Constituant une partie distinctive de la majestueuse cha\u00eene alpine, qui se situe majestueusement \u00e0 l'int\u00e9rieur des...","og_url":"https:\/\/endorfeen.com\/fr\/aventures-alpines-a-la-decouverte-des-joyaux-des-alpes-francaises\/","og_site_name":"endorfeen","article_author":"http:\/\/www.facebook.com\/endorfeen-583261049007200","article_published_time":"2023-09-08T07:00:00+00:00","article_modified_time":"2023-09-12T15:45:24+00:00","og_image":[{"width":2560,"height":1707,"url":"https:\/\/endorfeen.com\/wp-content\/uploads\/2023\/08\/ophelie-authier-zrBxt415Puo-unsplash-scaled.jpg","type":"image\/jpeg"}],"author":"Thomas Viguier","twitter_card":"summary_large_image","twitter_creator":"@https:\/\/twitter.com\/endorfeen_","twitter_misc":{"\u00c9crit par":"Thomas Viguier","Dur\u00e9e de lecture estim\u00e9e":"33 minutes"},"schema":{"@context":"https:\/\/schema.org","@graph":[{"@type":"Article","@id":"https:\/\/endorfeen.com\/fr\/aventures-alpines-a-la-decouverte-des-joyaux-des-alpes-francaises\/#article","isPartOf":{"@id":"https:\/\/endorfeen.com\/fr\/aventures-alpines-a-la-decouverte-des-joyaux-des-alpes-francaises\/"},"author":{"name":"Thomas Viguier","@id":"https:\/\/endorfeen.com\/fr\/#\/schema\/person\/76a61f8eb41d36fffdec1b376fcf19aa"},"headline":"Aventures Alpines : \u00c0 la D\u00e9couverte des Joyaux des Alpes Fran\u00e7aises","datePublished":"2023-09-08T07:00:00+00:00","dateModified":"2023-09-12T15:45:24+00:00","mainEntityOfPage":{"@id":"https:\/\/endorfeen.com\/fr\/aventures-alpines-a-la-decouverte-des-joyaux-des-alpes-francaises\/"},"wordCount":7490,"publisher":{"@id":"https:\/\/endorfeen.com\/fr\/#organization"},"image":{"@id":"https:\/\/endorfeen.com\/fr\/aventures-alpines-a-la-decouverte-des-joyaux-des-alpes-francaises\/#primaryimage"},"thumbnailUrl":"https:\/\/endorfeen.com\/wp-content\/uploads\/2023\/08\/ophelie-authier-zrBxt415Puo-unsplash-scaled.jpg","keywords":["#Alpes","#france"],"articleSection":["Aventures","Lieux","Montagnes"],"inLanguage":"fr-FR"},{"@type":"WebPage","@id":"https:\/\/endorfeen.com\/fr\/aventures-alpines-a-la-decouverte-des-joyaux-des-alpes-francaises\/","url":"https:\/\/endorfeen.com\/fr\/aventures-alpines-a-la-decouverte-des-joyaux-des-alpes-francaises\/","name":"Adventure in the French Alps - endorfeen","isPartOf":{"@id":"https:\/\/endorfeen.com\/fr\/#website"},"primaryImageOfPage":{"@id":"https:\/\/endorfeen.com\/fr\/aventures-alpines-a-la-decouverte-des-joyaux-des-alpes-francaises\/#primaryimage"},"image":{"@id":"https:\/\/endorfeen.com\/fr\/aventures-alpines-a-la-decouverte-des-joyaux-des-alpes-francaises\/#primaryimage"},"thumbnailUrl":"https:\/\/endorfeen.com\/wp-content\/uploads\/2023\/08\/ophelie-authier-zrBxt415Puo-unsplash-scaled.jpg","datePublished":"2023-09-08T07:00:00+00:00","dateModified":"2023-09-12T15:45:24+00:00","description":"Les Alpes fran\u00e7aises : Constituant une partie distinctive de la majestueuse cha\u00eene alpine, qui se situe majestueusement \u00e0 l'int\u00e9rieur des...","breadcrumb":{"@id":"https:\/\/endorfeen.com\/fr\/aventures-alpines-a-la-decouverte-des-joyaux-des-alpes-francaises\/#breadcrumb"},"inLanguage":"fr-FR","potentialAction":[{"@type":"ReadAction","target":["https:\/\/endorfeen.com\/fr\/aventures-alpines-a-la-decouverte-des-joyaux-des-alpes-francaises\/"]}]},{"@type":"ImageObject","inLanguage":"fr-FR","@id":"https:\/\/endorfeen.com\/fr\/aventures-alpines-a-la-decouverte-des-joyaux-des-alpes-francaises\/#primaryimage","url":"https:\/\/endorfeen.com\/wp-content\/uploads\/2023\/08\/ophelie-authier-zrBxt415Puo-unsplash-scaled.jpg","contentUrl":"https:\/\/endorfeen.com\/wp-content\/uploads\/2023\/08\/ophelie-authier-zrBxt415Puo-unsplash-scaled.jpg","width":2560,"height":1707,"caption":"Oph\u00e9lie Authier"},{"@type":"BreadcrumbList","@id":"https:\/\/endorfeen.com\/fr\/aventures-alpines-a-la-decouverte-des-joyaux-des-alpes-francaises\/#breadcrumb","itemListElement":[{"@type":"ListItem","position":1,"name":"Home","item":"https:\/\/endorfeen.com\/fr\/"},{"@type":"ListItem","position":2,"name":"Aventures Alpines : \u00c0 la D\u00e9couverte des Joyaux des Alpes Fran\u00e7aises"}]},{"@type":"WebSite","@id":"https:\/\/endorfeen.com\/fr\/#website","url":"https:\/\/endorfeen.com\/fr\/","name":"endorfeen","description":"The Media For Sustainable Outdoors.","publisher":{"@id":"https:\/\/endorfeen.com\/fr\/#organization"},"potentialAction":[{"@type":"SearchAction","target":{"@type":"EntryPoint","urlTemplate":"https:\/\/endorfeen.com\/fr\/?s={search_term_string}"},"query-input":{"@type":"PropertyValueSpecification","valueRequired":true,"valueName":"search_term_string"}}],"inLanguage":"fr-FR"},{"@type":"Organization","@id":"https:\/\/endorfeen.com\/fr\/#organization","name":"endorfeen","url":"https:\/\/endorfeen.com\/fr\/","logo":{"@type":"ImageObject","inLanguage":"fr-FR","@id":"https:\/\/endorfeen.com\/fr\/#\/schema\/logo\/image\/","url":"https:\/\/endorfeen.com\/wp-content\/uploads\/2022\/06\/Circle-endorfeen-site-icon-circled-1000-x-1000-300psi.png","contentUrl":"https:\/\/endorfeen.com\/wp-content\/uploads\/2022\/06\/Circle-endorfeen-site-icon-circled-1000-x-1000-300psi.png","width":1000,"height":1000,"caption":"endorfeen"},"image":{"@id":"https:\/\/endorfeen.com\/fr\/#\/schema\/logo\/image\/"}},{"@type":"Person","@id":"https:\/\/endorfeen.com\/fr\/#\/schema\/person\/76a61f8eb41d36fffdec1b376fcf19aa","name":"Thomas Viguier","image":{"@type":"ImageObject","inLanguage":"fr-FR","@id":"https:\/\/endorfeen.com\/fr\/#\/schema\/person\/image\/","url":"https:\/\/secure.gravatar.com\/avatar\/3c24e541f6f82c052219429c60a8948b1c9ad8eda6daf26af0a100594146ab1a?s=96&d=mm&r=g","contentUrl":"https:\/\/secure.gravatar.com\/avatar\/3c24e541f6f82c052219429c60a8948b1c9ad8eda6daf26af0a100594146ab1a?s=96&d=mm&r=g","caption":"Thomas Viguier"},"description":"Everyone has a story to tell. endorfeen is built as a collaborative platform, giving the voice to anyone with a story to tell. If you have things you want to share, register here.","sameAs":["https:\/\/www.endorfeen.com\/","http:\/\/www.facebook.com\/endorfeen-583261049007200","http:\/\/www.instagram.com\/endorfeen_\/","https:\/\/fi.pinterest.com\/endorfeen_\/","https:\/\/x.com\/https:\/\/twitter.com\/endorfeen_"],"url":"https:\/\/endorfeen.com\/fr\/linkto\/endorfeen-mag\/"}]}},"featured_image_src":"https:\/\/endorfeen.com\/wp-content\/uploads\/2023\/08\/ophelie-authier-zrBxt415Puo-unsplash-600x400.jpg","featured_image_src_square":"https:\/\/endorfeen.com\/wp-content\/uploads\/2023\/08\/ophelie-authier-zrBxt415Puo-unsplash-600x600.jpg","author_info":{"display_name":"Thomas Viguier","author_link":"https:\/\/endorfeen.com\/fr\/linkto\/endorfeen-mag\/"},"acf":[],"_links":{"self":[{"href":"https:\/\/endorfeen.com\/fr\/wp-json\/wp\/v2\/posts\/14119","targetHints":{"allow":["GET"]}}],"collection":[{"href":"https:\/\/endorfeen.com\/fr\/wp-json\/wp\/v2\/posts"}],"about":[{"href":"https:\/\/endorfeen.com\/fr\/wp-json\/wp\/v2\/types\/post"}],"author":[{"embeddable":true,"href":"https:\/\/endorfeen.com\/fr\/wp-json\/wp\/v2\/users\/30"}],"replies":[{"embeddable":true,"href":"https:\/\/endorfeen.com\/fr\/wp-json\/wp\/v2\/comments?post=14119"}],"version-history":[{"count":0,"href":"https:\/\/endorfeen.com\/fr\/wp-json\/wp\/v2\/posts\/14119\/revisions"}],"wp:featuredmedia":[{"embeddable":true,"href":"https:\/\/endorfeen.com\/fr\/wp-json\/wp\/v2\/media\/13798"}],"wp:attachment":[{"href":"https:\/\/endorfeen.com\/fr\/wp-json\/wp\/v2\/media?parent=14119"}],"wp:term":[{"taxonomy":"category","embeddable":true,"href":"https:\/\/endorfeen.com\/fr\/wp-json\/wp\/v2\/categories?post=14119"},{"taxonomy":"post_tag","embeddable":true,"href":"https:\/\/endorfeen.com\/fr\/wp-json\/wp\/v2\/tags?post=14119"},{"taxonomy":"sponsor","embeddable":true,"href":"https:\/\/endorfeen.com\/fr\/wp-json\/wp\/v2\/sponsor?post=14119"}],"curies":[{"name":"wp","href":"https:\/\/api.w.org\/{rel}","templated":true}]}}