{"id":14115,"date":"2023-03-11T08:30:00","date_gmt":"2023-03-11T08:30:00","guid":{"rendered":"https:\/\/endorfeen.com\/frozen-graves-the-bodies-on-mount-everest\/"},"modified":"2023-09-11T15:02:47","modified_gmt":"2023-09-11T14:02:47","slug":"corps-sur-le-mont-everest","status":"publish","type":"post","link":"https:\/\/endorfeen.com\/fr\/corps-sur-le-mont-everest\/","title":{"rendered":"Tombes Gel\u00e9es : Les Corps sur le Mont Everest"},"content":{"rendered":"\n<p>L&rsquo;<a href=\"https:\/\/endorfeen.com\/mount-everest-the-worlds-highest-peak\/\">Everest<\/a> culmine \u00e0 une hauteur vertigineuse de 29 032 pieds. C&rsquo;est la montagne la plus haute du monde&#8230;et le plus haut cimeti\u00e8re. Les alpinistes intr\u00e9pides qui rel\u00e8vent le d\u00e9fi de l&rsquo;Everest le font en sachant que les escarpements glac\u00e9s de la montagne peuvent devenir leur dernier lieu de repos. On croit que des centaines de corps ont trouv\u00e9 leur dernier lieu de repos sur les escarpements impitoyables et les pentes de la montagne.&nbsp;<\/p>\n\n\n\n<h2 class=\"wp-block-heading\" id=\"h-pourquoi-les-gens-continuent-ils-a-escalader-l-everest-combien-de-corps-restent-sur-l-everest\">Pourquoi les gens continuent-ils \u00e0 escalader l&rsquo;Everest ? Combien de corps restent sur l&rsquo;Everest ?<\/h2>\n\n\n<div class=\"wp-block-image wp--10000\">\n<figure class=\"aligncenter size-large is-resized\"><img loading=\"lazy\" decoding=\"async\" src=\"https:\/\/endorfeen.com\/wp-content\/uploads\/2023\/02\/pulkit-pithva-LJGDFlvLY4Y-unsplash-683x1024.jpg\" alt=\"Un homme se tient au camp de base du mont Everest.\" class=\"wp-image-10000\" style=\"width:812px;height:1214px\" width=\"812\" height=\"1214\"\/><figcaption class=\"wp-element-caption\">Photo par <a href=\"https:\/\/unsplash.com\/es\/@pulkit_pithva?utm_source=unsplash&amp;utm_medium=referral&amp;utm_content=creditCopyText\">Pulkit Pithva<\/a> sur <a href=\"https:\/\/unsplash.com\/photos\/LJGDFlvLY4Y?utm_source=unsplash&amp;utm_medium=referral&amp;utm_content=creditCopyText\">Unsplash<\/a><\/figcaption><\/figure>\n<\/div>\n\n\n<p>Le monde de l&rsquo;alpinisme conna\u00eet bien les dangers de l&rsquo;<a href=\"https:\/\/endorfeen.com\/mount-everest-the-worlds-highest-peak\/\">Everest<\/a>. La montagne a une zone litt\u00e9ralement connue sous le nom de \u00ab\u00a0Zone de la Mort\u00a0\u00bb, et ses victimes ont acquis une renomm\u00e9e internationale, identifi\u00e9es sous des sobriquets tels que <a href=\"https:\/\/endorfeen.com\/fr\/francys-arsentiev-la-belle-au-bois-dormant-du-mont-everest\/\">La Belle Endormie<\/a> et <a href=\"https:\/\/endorfeen.com\/fr\/green-boots-un-alpiniste-tombe-enigmatique-sur-le-mont-everest\/\">Les Bottes Vertes<\/a>. Cependant, les \u00e9preuves de l&rsquo;Everest n&rsquo;en d\u00e9couragent pas pour autant tout le monde. Le tourisme et les exp\u00e9ditions de groupes massifs sur la montagne ne font qu&rsquo;augmenter en popularit\u00e9.<\/p>\n\n\n\n<p><a href=\"https:\/\/www.himalayandatabase.com\/index.html\">Les archives de la base de donn\u00e9es Himalayan<\/a> r\u00e9pertorient toutes les exp\u00e9ditions connues vers la montagne et rapportent que plus de 10 800 ont eu lieu depuis 2020. Pour beaucoup, la montagne repr\u00e9sente le test ultime de courage et de comp\u00e9tence pour les grimpeurs. Pour d&rsquo;autres, c&rsquo;est l&rsquo;objectif ou le r\u00eave d&rsquo;une vie. Ainsi, les gens continuent d&rsquo;escalader l&rsquo;Everest, et l&rsquo;Everest continue de collecter les corps.<\/p>\n\n\n\n<p>La montagne a caus\u00e9 plus de 300 d\u00e9c\u00e8s de grimpeurs dans l&rsquo;histoire r\u00e9cente, et environ les deux tiers de ce nombre restent sur la montagne. L&rsquo;estimation actuelle des restes laiss\u00e9s sur l&rsquo;Everest s&rsquo;\u00e9l\u00e8ve \u00e0 environ 200.&nbsp;<\/p>\n\n\n\n<h2 class=\"wp-block-heading\" id=\"h-pourquoi-laisse-t-on-les-cadavres-sur-l-everest\">Pourquoi laisse-t-on les cadavres sur l&rsquo;Everest?<\/h2>\n\n\n<div class=\"wp-block-image wp--9996\">\n<figure class=\"aligncenter size-large is-resized\"><img loading=\"lazy\" decoding=\"async\" src=\"https:\/\/endorfeen.com\/wp-content\/uploads\/2023\/02\/luo-lei-o31taCzrlMA-unsplash-683x1024.jpg\" alt=\"Camp de base du Mont Everest, Tibet, Chine.\" class=\"wp-image-9996\" style=\"width:802px;height:1200px\" width=\"802\" height=\"1200\"\/><figcaption class=\"wp-element-caption\">Photo par <a href=\"https:\/\/unsplash.com\/@luolei?utm_source=unsplash&amp;utm_medium=referral&amp;utm_content=creditCopyText\">Luo Lei<\/a> sur <a href=\"https:\/\/unsplash.com\/photos\/o31taCzrlMA?utm_source=unsplash&amp;utm_medium=referral&amp;utm_content=creditCopyText\">Unsplash<\/a><\/figcaption><\/figure>\n<\/div>\n\n\n<p>C&rsquo;est surprenant pour de nombreuses personnes non famili\u00e8res avec le bilan mortel du mont Everest de d\u00e9couvrir que la plupart des corps de d\u00e9funts sur l&rsquo;Everest y resteront \u00e0 jamais. Cependant, les raisons de laisser les corps derri\u00e8re sont purement logiques.<\/p>\n\n\n\n<p>Les dangers de l&rsquo;Everest rendent la r\u00e9cup\u00e9ration d&rsquo;un corps extr\u00eamement difficile &#8211; parfois impossible &#8211; et co\u00fbteuse. Les corps reposant au-dessus du Camp 2 \u00e0 6400 m\u00e8tres ne peuvent pas \u00eatre r\u00e9cup\u00e9r\u00e9s par h\u00e9licopt\u00e8re. Au lieu de cela, les corps doivent \u00eatre transport\u00e9s <em>en bas<\/em> de la montagne pour \u00eatre r\u00e9cup\u00e9r\u00e9s. Pour r\u00e9cup\u00e9rer un corps, il faut une \u00e9quipe de secouristes ou de Sherpa capable de d\u00e9gager des corps gel\u00e9s et de supporter le poids suppl\u00e9mentaire d&rsquo;un cadavre gel\u00e9 lors de la descente de la montagne. Le co\u00fbt d&rsquo;une telle exp\u00e9dition peut d\u00e9passer 70 000 $ US.<strong><br><\/strong><strong><br><\/strong>En raison du co\u00fbt et du risque extr\u00eame pour l&rsquo;\u00e9quipe de r\u00e9cup\u00e9ration, peu de corps quittent jamais l&rsquo;Everest. Et de nombreux alpinistes pr\u00e9f\u00e8rent que leurs corps restent sur la montagne s&rsquo;ils d\u00e9c\u00e8dent l\u00e0-bas, selon la tradition emprunt\u00e9e aux marins perdus en mer.<\/p>\n\n\n\n<h2 class=\"wp-block-heading\" id=\"h-les-corps-des-alpinistes-decedes-sur-le-mont-everest-servent-de-balises\">Les corps des alpinistes d\u00e9c\u00e9d\u00e9s sur le Mont Everest servent de balises<\/h2>\n\n\n<div class=\"wp-block-image\">\n<figure class=\"aligncenter size-large\"><img loading=\"lazy\" decoding=\"async\" width=\"1024\" height=\"768\" src=\"https:\/\/endorfeen.com\/wp-content\/uploads\/2023\/02\/mari-partyka-PLzgu9O7xag-unsplash-1-1024x768.jpg\" alt=\"Marqueur de Base Camp avec des drapeaux de pri\u00e8re tib\u00e9tains.\" class=\"wp-image-10004\" srcset=\"https:\/\/endorfeen.com\/wp-content\/uploads\/2023\/02\/mari-partyka-PLzgu9O7xag-unsplash-1-300x225.jpg 300w, https:\/\/endorfeen.com\/wp-content\/uploads\/2023\/02\/mari-partyka-PLzgu9O7xag-unsplash-1-400x300.jpg 400w, https:\/\/endorfeen.com\/wp-content\/uploads\/2023\/02\/mari-partyka-PLzgu9O7xag-unsplash-1-768x576.jpg 768w, https:\/\/endorfeen.com\/wp-content\/uploads\/2023\/02\/mari-partyka-PLzgu9O7xag-unsplash-1-800x600.jpg 800w, https:\/\/endorfeen.com\/wp-content\/uploads\/2023\/02\/mari-partyka-PLzgu9O7xag-unsplash-1-1024x768.jpg 1024w, https:\/\/endorfeen.com\/wp-content\/uploads\/2023\/02\/mari-partyka-PLzgu9O7xag-unsplash-1-1200x900.jpg 1200w, https:\/\/endorfeen.com\/wp-content\/uploads\/2023\/02\/mari-partyka-PLzgu9O7xag-unsplash-1-1536x1152.jpg 1536w, https:\/\/endorfeen.com\/wp-content\/uploads\/2023\/02\/mari-partyka-PLzgu9O7xag-unsplash-1-scaled.jpg 2048w\" sizes=\"auto, (max-width: 1024px) 100vw, 1024px\" \/><\/figure>\n<\/div>\n\n\n<p>Dans une tradition aussi macabre que pratique, les corps des alpinistes d\u00e9c\u00e9d\u00e9s sur le Mont Everest se sont transform\u00e9s en rep\u00e8res sur le chemin du sommet. Les cadavres marquent la fin d&rsquo;un voyage pour les alpinistes d&rsquo;antan mais fournissent un indicateur constant pour les grimpeurs d&rsquo;aujourd&rsquo;hui alors qu&rsquo;ils poursuivent le sommet insaisissable. Beaucoup de ces corps restent non identifi\u00e9s, mais certains des victimes de l&rsquo;Everest, comme <a href=\"https:\/\/endorfeen.com\/fr\/green-boots-un-alpiniste-tombe-enigmatique-sur-le-mont-everest\/\">Green Boots<\/a> et <a href=\"https:\/\/endorfeen.com\/fr\/francys-arsentiev-la-belle-au-bois-dormant-du-mont-everest\/\">la Belle au Bois Dormant<\/a>, sont bien connus et ont grandi pour devenir les r\u00e9sidents permanents les plus c\u00e9l\u00e8bres de la montagne.<\/p>\n\n\n\n<h2 class=\"wp-block-heading\" id=\"h-corps-celebres-sur-le-mont-everest\">Corps C\u00e9l\u00e8bres sur le Mont Everest<\/h2>\n\n\n\n<figure class=\"wp-block-image size-large wp--9998\"><img loading=\"lazy\" decoding=\"async\" width=\"1024\" height=\"683\" src=\"https:\/\/endorfeen.com\/wp-content\/uploads\/2023\/02\/kalle-kortelainen-cenlDgUeuW8-unsplash-1024x683.jpg\" alt=\"Drapeaux tib\u00e9tains avec le Mont Everest en arri\u00e8re-plan\" class=\"wp-image-9998\" srcset=\"https:\/\/endorfeen.com\/wp-content\/uploads\/2023\/02\/kalle-kortelainen-cenlDgUeuW8-unsplash-300x200.jpg 300w, https:\/\/endorfeen.com\/wp-content\/uploads\/2023\/02\/kalle-kortelainen-cenlDgUeuW8-unsplash-600x400.jpg 600w, https:\/\/endorfeen.com\/wp-content\/uploads\/2023\/02\/kalle-kortelainen-cenlDgUeuW8-unsplash-768x512.jpg 768w, https:\/\/endorfeen.com\/wp-content\/uploads\/2023\/02\/kalle-kortelainen-cenlDgUeuW8-unsplash-1024x683.jpg 1024w, https:\/\/endorfeen.com\/wp-content\/uploads\/2023\/02\/kalle-kortelainen-cenlDgUeuW8-unsplash-1536x1024.jpg 1536w, https:\/\/endorfeen.com\/wp-content\/uploads\/2023\/02\/kalle-kortelainen-cenlDgUeuW8-unsplash-scaled.jpg 2048w\" sizes=\"auto, (max-width: 1024px) 100vw, 1024px\" \/><figcaption class=\"wp-element-caption\">Photo par <a href=\"https:\/\/unsplash.com\/@custodiancontent?utm_source=unsplash&amp;utm_medium=referral&amp;utm_content=creditCopyText\">Kalle Kortelainen<\/a> sur <a href=\"https:\/\/unsplash.com\/s\/photos\/climbing-everest?utm_source=unsplash&amp;utm_medium=referral&amp;utm_content=creditCopyText\">Unsplash<\/a><\/figcaption><\/figure>\n\n\n\n<h3 class=\"wp-block-heading\" id=\"h-bottes-vertes-tsewang-paljor\">Bottes Vertes &#8211; Tsewang Paljor<\/h3>\n\n\n\n<p>En 1996, <a href=\"https:\/\/endorfeen.com\/fr\/green-boots-un-alpiniste-tombe-enigmatique-sur-le-mont-everest\/\">l&rsquo;alpiniste indien Tsewang Paljor<\/a> a commenc\u00e9 son ascension de l&rsquo;Everest. Il ne reviendrait jamais de cette exp\u00e9dition. Pendant un certain temps, le corps de Paljor reposait dans une grotte sur la route menant au sommet. Son cadavre \u00e9tait reconnaissable gr\u00e2ce aux bottes vertes qu&rsquo;il portait lors de l&rsquo;exp\u00e9dition.&nbsp;<\/p>\n\n\n\n<figure class=\"wp-block-image size-full is-resized\"><img loading=\"lazy\" decoding=\"async\" src=\"https:\/\/endorfeen.com\/wp-content\/uploads\/2023\/02\/Green-boots.webp\" alt=\" class=\" class=\"wp-image-10105\" style=\"width:800px;height:425px\" width=\"800\" height=\"425\" srcset=\"https:\/\/endorfeen.com\/wp-content\/uploads\/2023\/02\/Green-boots-300x159.webp 300w, https:\/\/endorfeen.com\/wp-content\/uploads\/2023\/02\/Green-boots.webp 700w\" sizes=\"auto, (max-width: 800px) 100vw, 800px\" \/><\/figure>\n\n\n\n<p>En 2014, le gouvernement chinois a retir\u00e9 le corps de Tsewang Paljor du sentier principal et l&rsquo;a enterr\u00e9 sous la neige et les rochers \u00e0 la demande de sa famille.<\/p>\n\n\n\n<h3 class=\"wp-block-heading\" id=\"h-la-belle-au-bois-dormant-francys-arsentiev\">La Belle au Bois Dormant &#8211; Francys Arsentiev<\/h3>\n\n\n\n<p>En 1988, le couple <a href=\"https:\/\/endorfeen.com\/fr\/francys-arsentiev-la-belle-au-bois-dormant-du-mont-everest\/\">Francys et Sergei Arsentiev a gravi l&rsquo;Everest<\/a>. Francys a \u00e9t\u00e9 la premi\u00e8re femme am\u00e9ricaine \u00e0 tenter l&rsquo;ascension sans oxyg\u00e8ne. Elle et son mari ont atteint le sommet mais n&rsquo;ont jamais termin\u00e9 le voyage de retour.&nbsp;<\/p>\n\n\n\n<figure class=\"wp-block-image size-large\"><img loading=\"lazy\" decoding=\"async\" width=\"1024\" height=\"548\" src=\"https:\/\/endorfeen.com\/wp-content\/uploads\/2023\/01\/Copy-of-THOUGHTNOVA-2000x1070-26-1536x822-2-1024x548.webp\" alt=\"belle endormie mont everest corps morts\" class=\"wp-image-9315\" srcset=\"https:\/\/endorfeen.com\/wp-content\/uploads\/2023\/01\/Copy-of-THOUGHTNOVA-2000x1070-26-1536x822-2-300x161.webp 300w, https:\/\/endorfeen.com\/wp-content\/uploads\/2023\/01\/Copy-of-THOUGHTNOVA-2000x1070-26-1536x822-2-768x411.webp 768w, https:\/\/endorfeen.com\/wp-content\/uploads\/2023\/01\/Copy-of-THOUGHTNOVA-2000x1070-26-1536x822-2-1024x548.webp 1024w, https:\/\/endorfeen.com\/wp-content\/uploads\/2023\/01\/Copy-of-THOUGHTNOVA-2000x1070-26-1536x822-2.webp 1536w\" sizes=\"auto, (max-width: 1024px) 100vw, 1024px\" \/><\/figure>\n\n\n\n<p>Francys s&rsquo;est s\u00e9par\u00e9e de son conjoint lors de la descente vers le Camp 6. Sergei est revenu pour la chercher et a re\u00e7u des nouvelles d&rsquo;un groupe d&rsquo;alpinistes ouzbeks selon lesquelles ils avaient trouv\u00e9 Francys et avaient tent\u00e9 de l&rsquo;aider, mais elle ne pouvait pas se d\u00e9placer.<\/p>\n\n\n\n<p>Sergei et Francys ont tous deux perdu la vie sur la montagne. Le corps de Francys est devenu un rep\u00e8re connu sous le nom de \u00ab\u00a0Belle Endormie\u00a0\u00bb. Elle repose recouverte d&rsquo;un drapeau am\u00e9ricain, avec un ours en peluche serr\u00e9 sous son bras par l&rsquo;explorateur Ian Woodall. Le corps de son mari n&rsquo;a \u00e9t\u00e9 d\u00e9couvert qu&rsquo;un an apr\u00e8s sa disparition. Sergei \u00e9tait tomb\u00e9 de la montagne. <a href=\"https:\/\/endorfeen.com\/fr\/francys-arsentiev-la-belle-au-bois-dormant-du-mont-everest\/\">D\u00e9couvrez davantage l&rsquo;histoire de Francys en cliquant ici<\/a>.<\/p>\n\n\n\n<h3 class=\"wp-block-heading\" id=\"h-rob-hall-desastre-de-l-everest-en-1996\">Rob Hall &#8211; D\u00e9sastre de l&rsquo;Everest en 1996<\/h3>\n\n\n\n<p>La sortie en 2015 du film \u00ab\u00a0Everest\u00a0\u00bb retrace l&rsquo;histoire et la fin tragique du <a href=\"https:\/\/endorfeen.com\/fr\/rob-hall-le-legendaire-fondateur-dadventure-consultants\/\">montagnard Rob Hall<\/a>. Il \u00e9tait l&rsquo;un des alpinistes les plus c\u00e9l\u00e8bres du monde. Lui, aux c\u00f4t\u00e9s de son ami proche Gary Ball, a accompli le D\u00e9fi des Sept Sommets en grimpant les sept montagnes les plus hautes de la plan\u00e8te.<\/p>\n\n\n\n<figure class=\"wp-block-image size-full wp--9278\"><img loading=\"lazy\" decoding=\"async\" width=\"808\" height=\"750\" src=\"https:\/\/endorfeen.com\/wp-content\/uploads\/2022\/12\/01436.jpeg\" alt=\"Rob Hall. Photo : Colin Monteath - corps sur le mont Everest\" class=\"wp-image-9278\" srcset=\"https:\/\/endorfeen.com\/wp-content\/uploads\/2022\/12\/01436-300x278.jpeg 300w, https:\/\/endorfeen.com\/wp-content\/uploads\/2022\/12\/01436-768x713.jpeg 768w, https:\/\/endorfeen.com\/wp-content\/uploads\/2022\/12\/01436.jpeg 808w\" sizes=\"auto, (max-width: 808px) 100vw, 808px\" \/><figcaption class=\"wp-element-caption\">Rob Hall. Photo : Colin Monteath<\/figcaption><\/figure>\n\n\n\n<p>L&rsquo;aventure de Hall a pris fin avec <a href=\"https:\/\/endorfeen.com\/the-1996-everest-disaster-echoes-from-the-summit\/\">la catastrophe de l&rsquo;Everest en 1996<\/a>. Hall a men\u00e9 une exp\u00e9dition sur la montagne au d\u00e9but de mai. Une s\u00e9rie d&rsquo;\u00e9v\u00e9nements malheureux a conduit l&rsquo;exp\u00e9dition \u00e0 \u00eatre coinc\u00e9e lors d&rsquo;une des violentes temp\u00eates de neige de l&rsquo;Everest. Rob et l&rsquo;un des membres de son exp\u00e9dition, Doug Hansen, sont d\u00e9c\u00e9d\u00e9s pendant la temp\u00eate. Plusieurs autres alpinistes participant \u00e0 des exp\u00e9ditions diff\u00e9rentes sont \u00e9galement pass\u00e9s pendant la m\u00eame temp\u00eate. <a href=\"https:\/\/endorfeen.com\/fr\/rob-hall-le-legendaire-fondateur-dadventure-consultants\/\">Lisez plus sur la vie de Rob Hall ici<\/a>.<\/p>\n\n\n\n<h3 class=\"wp-block-heading\" id=\"h-scott-fischer-desastre-de-l-everest-en-1996\">Scott Fischer &#8211; D\u00e9sastre de l&rsquo;Everest en 1996<\/h3>\n\n\n\n<p>La <a href=\"https:\/\/endorfeen.com\/the-1996-everest-disaster-echoes-from-the-summit\/\">temp\u00eate de 1996<\/a> a \u00e9galement co\u00fbt\u00e9 la vie au chevronn\u00e9 <a href=\"https:\/\/endorfeen.com\/scott_fischer_mr_rescue_everest_disaster\/\">alpiniste Scott Fischer<\/a>. Durant l&rsquo;ascension avec son <a href=\"https:\/\/mountainmadness.com\/about\/people\/scott-fischer\">groupe Mountain Madness<\/a>, Fischer a r\u00e9ussi \u00e0 atteindre le sommet. Cependant, il a commenc\u00e9 \u00e0 souffrir d&rsquo;\u00e9puisement. Fischer a envoy\u00e9 son \u00e9quipe d&rsquo;exp\u00e9dition en avant lorsque la temp\u00eate a frapp\u00e9, sachant qu&rsquo;il les ralentirait. Malheureusement, il a perdu la vie pendant la temp\u00eate.&nbsp;<\/p>\n\n\n\n<figure class=\"wp-block-image size-large\"><img loading=\"lazy\" decoding=\"async\" width=\"1024\" height=\"853\" src=\"https:\/\/endorfeen.com\/wp-content\/uploads\/2023\/01\/Scott-Fischer-mountain-madness-guide-founder-into-thin-air.f1599259783-1024x853.jpeg\" alt=\"corps sur le mont Everest : Scott Fischer\" class=\"wp-image-9682\" srcset=\"https:\/\/endorfeen.com\/wp-content\/uploads\/2023\/01\/Scott-Fischer-mountain-madness-guide-founder-into-thin-air.f1599259783-300x250.jpeg 300w, https:\/\/endorfeen.com\/wp-content\/uploads\/2023\/01\/Scott-Fischer-mountain-madness-guide-founder-into-thin-air.f1599259783-768x640.jpeg 768w, https:\/\/endorfeen.com\/wp-content\/uploads\/2023\/01\/Scott-Fischer-mountain-madness-guide-founder-into-thin-air.f1599259783-1024x853.jpeg 1024w, https:\/\/endorfeen.com\/wp-content\/uploads\/2023\/01\/Scott-Fischer-mountain-madness-guide-founder-into-thin-air.f1599259783-1536x1280.jpeg 1536w, https:\/\/endorfeen.com\/wp-content\/uploads\/2023\/01\/Scott-Fischer-mountain-madness-guide-founder-into-thin-air.f1599259783.jpeg 2048w\" sizes=\"auto, (max-width: 1024px) 100vw, 1024px\" \/><\/figure>\n\n\n\n<h3 class=\"wp-block-heading\" id=\"h-george-mallory\">George Mallory<\/h3>\n\n\n\n<p>Le nom de <a href=\"https:\/\/endorfeen.com\/fr\/george-mallory-everest\/\">George Mallory<\/a> est synonyme de <a href=\"https:\/\/endorfeen.com\/mount-everest-the-worlds-highest-peak\/\">Mont Everest<\/a>. Le consensus g\u00e9n\u00e9ral le d\u00e9signe comme le premier homme \u00e0 explorer l&rsquo;Everest. Mallory a r\u00e9ussi \u00e0 gravir la montagne deux fois, en 1921 et \u00e0 nouveau en 1921. De nombreuses cartes et pistes ont \u00e9merg\u00e9 de ces exp\u00e9ditions, mais Mallory n&rsquo;a pas atteint le sommet.<\/p>\n\n\n\n<figure class=\"wp-block-image size-large\"><img loading=\"lazy\" decoding=\"async\" width=\"1024\" height=\"683\" src=\"https:\/\/endorfeen.com\/wp-content\/uploads\/2022\/11\/o-GEORGE-MALLORY-facebook-1-1024x683.jpeg\" alt=\"corps sur le mont Everest: George Mallory\" class=\"wp-image-9238\" srcset=\"https:\/\/endorfeen.com\/wp-content\/uploads\/2022\/11\/o-GEORGE-MALLORY-facebook-1-300x200.jpeg 300w, https:\/\/endorfeen.com\/wp-content\/uploads\/2022\/11\/o-GEORGE-MALLORY-facebook-1-600x400.jpeg 600w, https:\/\/endorfeen.com\/wp-content\/uploads\/2022\/11\/o-GEORGE-MALLORY-facebook-1-768x513.jpeg 768w, https:\/\/endorfeen.com\/wp-content\/uploads\/2022\/11\/o-GEORGE-MALLORY-facebook-1-1024x683.jpeg 1024w, https:\/\/endorfeen.com\/wp-content\/uploads\/2022\/11\/o-GEORGE-MALLORY-facebook-1.jpeg 1536w\" sizes=\"auto, (max-width: 1024px) 100vw, 1024px\" \/><\/figure>\n\n\n\n<p>Cependant, il est revenu en 1924, d\u00e9termin\u00e9 \u00e0 atteindre le sommet de la montagne. Il a \u00e9t\u00e9 vu pour la derni\u00e8re fois vivant, quittant le Camp IV le 8 juin. Le corps de Mallory n&rsquo;a pas \u00e9t\u00e9 d\u00e9couvert jusqu&rsquo;\u00e0 ce qu&rsquo;une exp\u00e9dition le trouve en 1999. On ne sait pas s&rsquo;il a jamais atteint le sommet. Mallory a men\u00e9 une vie d&rsquo;alpinisme et d&rsquo;exploration avant sa disparition &#8211; <a href=\"https:\/\/endorfeen.com\/fr\/george-mallory-everest\/\">lisez plus sur sa vie ici<\/a>.<\/p>\n\n\n\n<h3 class=\"wp-block-heading\" id=\"h-david-sharp\">David Sharp<\/h3>\n\n\n\n<p>En 2006, <a href=\"https:\/\/endorfeen.com\/the-journey-of-mountaineer-david-sharp\/\">David Sharp<\/a> a tent\u00e9 d&rsquo;escalader la montagne. On pense qu&rsquo;il a r\u00e9ussi \u00e0 atteindre le sommet lors de sa tentative en solitaire. Cependant, la question reste non r\u00e9solue. Sharp n&rsquo;est jamais revenu pour raconter son histoire.<\/p>\n\n\n\n<figure class=\"wp-block-image size-large wp--10108\"><img loading=\"lazy\" decoding=\"async\" width=\"1024\" height=\"540\" src=\"https:\/\/endorfeen.com\/wp-content\/uploads\/2023\/02\/sharp-before-and-after-1024x540.webp\" alt=\"David Sharp\" class=\"wp-image-10108\" srcset=\"https:\/\/endorfeen.com\/wp-content\/uploads\/2023\/02\/sharp-before-and-after-300x158.webp 300w, https:\/\/endorfeen.com\/wp-content\/uploads\/2023\/02\/sharp-before-and-after-768x405.webp 768w, https:\/\/endorfeen.com\/wp-content\/uploads\/2023\/02\/sharp-before-and-after-1024x540.webp 1024w, https:\/\/endorfeen.com\/wp-content\/uploads\/2023\/02\/sharp-before-and-after.webp 1200w\" sizes=\"auto, (max-width: 1024px) 100vw, 1024px\" \/><figcaption class=\"wp-element-caption\">David Sharp<\/figcaption><\/figure>\n\n\n\n<p>Son corps a \u00e9t\u00e9 d\u00e9couvert \u00e0 c\u00f4t\u00e9 de \u00ab\u00a0<a href=\"https:\/\/endorfeen.com\/fr\/green-boots-un-alpiniste-tombe-enigmatique-sur-le-mont-everest\/\">Green Boots<\/a>\u00a0\u00bb dans une petite grotte, probablement o\u00f9 Sharp s&rsquo;\u00e9tait arr\u00eat\u00e9 pour se reposer ou chercher un abri. Il est mort gel\u00e9 sur place.<\/p>\n\n\n\n<h3 class=\"wp-block-heading\" id=\"h-hannelore-schmatz\">Hannelore Schmatz<\/h3>\n\n\n\n<p>L&rsquo;\u00e9puisement sur l&rsquo;Everest a conduit \u00e0 la mort de <a href=\"https:\/\/endorfeen.com\/fr\/hannelore-schmatz-premiere-femme-a-mourir-sur-leverest\/\">Hannelore Schmatz<\/a>. Elle a escalad\u00e9 la montagne avec son mari, Gerhard, mais les deux se sont s\u00e9par\u00e9s en groupes distincts pour achever le voyage. Son groupe a r\u00e9ussi \u00e0 atteindre le sommet, rebroussant chemin apr\u00e8s une ascension ardue dans des conditions m\u00e9t\u00e9orologiques difficiles.<\/p>\n\n\n\n<figure class=\"wp-block-image size-large\"><img loading=\"lazy\" decoding=\"async\" width=\"1010\" height=\"1024\" src=\"https:\/\/endorfeen.com\/wp-content\/uploads\/2023\/02\/hannelore-schmatz-1010x1024.jpg\" alt=\"corps sur le mont Everest\" class=\"wp-image-10110\" srcset=\"https:\/\/endorfeen.com\/wp-content\/uploads\/2023\/02\/hannelore-schmatz-80x80.jpg 80w, https:\/\/endorfeen.com\/wp-content\/uploads\/2023\/02\/hannelore-schmatz-296x300.jpg 296w, https:\/\/endorfeen.com\/wp-content\/uploads\/2023\/02\/hannelore-schmatz-768x779.jpg 768w, https:\/\/endorfeen.com\/wp-content\/uploads\/2023\/02\/hannelore-schmatz-1010x1024.jpg 1010w, https:\/\/endorfeen.com\/wp-content\/uploads\/2023\/02\/hannelore-schmatz-1515x1536.jpg 1515w, https:\/\/endorfeen.com\/wp-content\/uploads\/2023\/02\/hannelore-schmatz.jpg 1900w\" sizes=\"auto, (max-width: 1010px) 100vw, 1010px\" \/><figcaption class=\"wp-element-caption\">Cr\u00e9dit : Gerhard Schmatz<\/figcaption><\/figure>\n\n\n\n<p><a href=\"https:\/\/endorfeen.com\/fr\/hannelore-schmatz-premiere-femme-a-mourir-sur-leverest\/\">Hannelore<\/a> s&rsquo;est arr\u00eat\u00e9e pour se mettre \u00e0 l&rsquo;abri et se reposer avec un autre alpiniste, Ray Genet. Genet n&rsquo;a pas surv\u00e9cu \u00e0 la nuit. Hannelore a continu\u00e9 la descente avant de succomber \u00e0 l&rsquo;\u00e9puisement. Elle est d\u00e9c\u00e9d\u00e9e \u00e0 seulement 100 m\u00e8tres du Camp IV. Une tentative en 1984 pour r\u00e9cup\u00e9rer son corps a \u00e9chou\u00e9 ; les restes de Schmatz sont maintenant perdus sous la neige et le temps sur la montagne.<\/p>\n\n\n\n<h3 class=\"wp-block-heading\" id=\"h-shriya-shah-klorfine\">Shriya Shah-Klorfine<\/h3>\n\n\n\n<p>Shriya Shah-Klorfine \u00e9tait l&rsquo;une des douze alpinistes qui sont d\u00e9c\u00e9d\u00e9s en 2012 sur l&rsquo;Everest. C&rsquo;\u00e9tait l&rsquo;une des ann\u00e9es les plus mortelles de la montagne depuis <a href=\"https:\/\/endorfeen.com\/the-1996-everest-disaster-echoes-from-the-summit\/\">la catastrophe de 1996<\/a>. Shriya a r\u00e9ussi \u00e0 atteindre le sommet de la montagne, mais elle y est rest\u00e9e trop longtemps, utilisant trop d&rsquo;oxyg\u00e8ne pendant qu&rsquo;elle capturait le moment avec son appareil photo.<\/p>\n\n\n\n<figure class=\"wp-block-image size-large\"><img loading=\"lazy\" decoding=\"async\" width=\"1024\" height=\"667\" src=\"https:\/\/endorfeen.com\/wp-content\/uploads\/2023\/02\/gestorben-beim-abstieg-vom-mount-everest-21506-1024x667.webp\" alt=\"corps sur le mont Everest\" class=\"wp-image-10112\" srcset=\"https:\/\/endorfeen.com\/wp-content\/uploads\/2023\/02\/gestorben-beim-abstieg-vom-mount-everest-21506-300x195.webp 300w, https:\/\/endorfeen.com\/wp-content\/uploads\/2023\/02\/gestorben-beim-abstieg-vom-mount-everest-21506-768x500.webp 768w, https:\/\/endorfeen.com\/wp-content\/uploads\/2023\/02\/gestorben-beim-abstieg-vom-mount-everest-21506-1024x667.webp 1024w, https:\/\/endorfeen.com\/wp-content\/uploads\/2023\/02\/gestorben-beim-abstieg-vom-mount-everest-21506.webp 1190w\" sizes=\"auto, (max-width: 1024px) 100vw, 1024px\" \/><figcaption class=\"wp-element-caption\">Cr\u00e9dit : Kristoffer Erickson<\/figcaption><\/figure>\n\n\n\n<p>Au cours de la descente, Shriya a souffert d&rsquo;\u00e9puisement. Elle a succomb\u00e9 \u00e0 8 000 m\u00e8tres d&rsquo;altitude. Son corps est rest\u00e9 sur la montagne, envelopp\u00e9 dans un drapeau canadien pendant un certain temps. Son corps a ensuite \u00e9t\u00e9 r\u00e9cup\u00e9r\u00e9 et ramen\u00e9 au Camp de Base avant d&rsquo;\u00eatre descendu de la montagne.<\/p>\n","protected":false},"excerpt":{"rendered":"<p>L&rsquo;Everest culmine \u00e0 une hauteur vertigineuse de 29 032 pieds. C&rsquo;est la montagne la plus haute du monde&#8230;et le plus haut cimeti\u00e8re. Les alpinistes intr\u00e9pides qui rel\u00e8vent le d\u00e9fi de l&rsquo;Everest le font en sachant que les escarpements glac\u00e9s de la montagne peuvent devenir leur dernier lieu de repos. On croit que des centaines de &hellip;<\/p>\n","protected":false},"author":166,"featured_media":10069,"comment_status":"closed","ping_status":"closed","sticky":false,"template":"","format":"standard","meta":{"_acf_changed":false,"_genesis_hide_title":false,"_genesis_hide_breadcrumbs":false,"_genesis_hide_singular_image":false,"_genesis_hide_footer_widgets":false,"_genesis_custom_body_class":"","_genesis_custom_post_class":"","_genesis_layout":"","footnotes":""},"categories":[170,158],"tags":[635,173,643],"sponsor":[1087],"class_list":{"2":"type-post","7":"category-aventures","8":"category-prophetes","9":"tag-everest-fr","10":"tag-himalaya","11":"tag-plushaut","12":"sponsor-endorfeen","13":"entry"},"yoast_head":"<!-- This site is optimized with the Yoast SEO Premium plugin v26.2 (Yoast SEO v26.2) - https:\/\/yoast.com\/wordpress\/plugins\/seo\/ -->\n<title>Tombes Gel\u00e9es : Les Corps sur le Mont Everest - endorfeen<\/title>\n<meta name=\"description\" content=\"La montagne la plus haute du monde est aussi son cimeti\u00e8re le plus \u00e9lev\u00e9. D\u00e9couvrez les corps qui ont trouv\u00e9 leur dernier repos sur le...\" \/>\n<meta name=\"robots\" content=\"index, follow, max-snippet:-1, max-image-preview:large, max-video-preview:-1\" \/>\n<link rel=\"canonical\" href=\"https:\/\/endorfeen.com\/fr\/corps-sur-le-mont-everest\/\" \/>\n<meta property=\"og:locale\" content=\"fr_FR\" \/>\n<meta property=\"og:type\" content=\"article\" \/>\n<meta property=\"og:title\" content=\"Tombes Gel\u00e9es : Les Corps sur le Mont Everest\" \/>\n<meta property=\"og:description\" content=\"La montagne la plus haute du monde est aussi son cimeti\u00e8re le plus \u00e9lev\u00e9. D\u00e9couvrez les corps qui ont trouv\u00e9 leur dernier repos sur le...\" \/>\n<meta property=\"og:url\" content=\"https:\/\/endorfeen.com\/fr\/corps-sur-le-mont-everest\/\" \/>\n<meta property=\"og:site_name\" content=\"endorfeen\" \/>\n<meta property=\"article:published_time\" content=\"2023-03-11T08:30:00+00:00\" \/>\n<meta property=\"article:modified_time\" content=\"2023-09-11T14:02:47+00:00\" \/>\n<meta property=\"og:image\" content=\"https:\/\/endorfeen.com\/wp-content\/uploads\/2023\/02\/Mount-Everest-scaled.jpg\" \/>\n\t<meta property=\"og:image:width\" content=\"2560\" \/>\n\t<meta property=\"og:image:height\" content=\"1709\" \/>\n\t<meta property=\"og:image:type\" content=\"image\/jpeg\" \/>\n<meta name=\"author\" content=\"Phylicia Peterson\" \/>\n<meta name=\"twitter:card\" content=\"summary_large_image\" \/>\n<meta name=\"twitter:label1\" content=\"\u00c9crit par\" \/>\n\t<meta name=\"twitter:data1\" content=\"Phylicia Peterson\" \/>\n\t<meta name=\"twitter:label2\" content=\"Dur\u00e9e de lecture estim\u00e9e\" \/>\n\t<meta name=\"twitter:data2\" content=\"9 minutes\" \/>\n<script type=\"application\/ld+json\" class=\"yoast-schema-graph\">{\"@context\":\"https:\/\/schema.org\",\"@graph\":[{\"@type\":\"Article\",\"@id\":\"https:\/\/endorfeen.com\/fr\/corps-sur-le-mont-everest\/#article\",\"isPartOf\":{\"@id\":\"https:\/\/endorfeen.com\/fr\/corps-sur-le-mont-everest\/\"},\"author\":{\"name\":\"Phylicia Peterson\",\"@id\":\"https:\/\/endorfeen.com\/fr\/#\/schema\/person\/4d2eb1ac4a7fbc378f569529fa80e557\"},\"headline\":\"Tombes Gel\u00e9es : Les Corps sur le Mont Everest\",\"datePublished\":\"2023-03-11T08:30:00+00:00\",\"dateModified\":\"2023-09-11T14:02:47+00:00\",\"mainEntityOfPage\":{\"@id\":\"https:\/\/endorfeen.com\/fr\/corps-sur-le-mont-everest\/\"},\"wordCount\":1704,\"publisher\":{\"@id\":\"https:\/\/endorfeen.com\/fr\/#organization\"},\"image\":{\"@id\":\"https:\/\/endorfeen.com\/fr\/corps-sur-le-mont-everest\/#primaryimage\"},\"thumbnailUrl\":\"https:\/\/endorfeen.com\/wp-content\/uploads\/2023\/02\/Mount-Everest-scaled.jpg\",\"keywords\":[\"#everest\",\"#himalaya\",\"#PlusHaut\"],\"articleSection\":[\"Aventures\",\"Proph\u00e8tes\"],\"inLanguage\":\"fr-FR\"},{\"@type\":\"WebPage\",\"@id\":\"https:\/\/endorfeen.com\/fr\/corps-sur-le-mont-everest\/\",\"url\":\"https:\/\/endorfeen.com\/fr\/corps-sur-le-mont-everest\/\",\"name\":\"Tombes Gel\u00e9es : Les Corps sur le Mont Everest - endorfeen\",\"isPartOf\":{\"@id\":\"https:\/\/endorfeen.com\/fr\/#website\"},\"primaryImageOfPage\":{\"@id\":\"https:\/\/endorfeen.com\/fr\/corps-sur-le-mont-everest\/#primaryimage\"},\"image\":{\"@id\":\"https:\/\/endorfeen.com\/fr\/corps-sur-le-mont-everest\/#primaryimage\"},\"thumbnailUrl\":\"https:\/\/endorfeen.com\/wp-content\/uploads\/2023\/02\/Mount-Everest-scaled.jpg\",\"datePublished\":\"2023-03-11T08:30:00+00:00\",\"dateModified\":\"2023-09-11T14:02:47+00:00\",\"description\":\"La montagne la plus haute du monde est aussi son cimeti\u00e8re le plus \u00e9lev\u00e9. D\u00e9couvrez les corps qui ont trouv\u00e9 leur dernier repos sur le...\",\"breadcrumb\":{\"@id\":\"https:\/\/endorfeen.com\/fr\/corps-sur-le-mont-everest\/#breadcrumb\"},\"inLanguage\":\"fr-FR\",\"potentialAction\":[{\"@type\":\"ReadAction\",\"target\":[\"https:\/\/endorfeen.com\/fr\/corps-sur-le-mont-everest\/\"]}]},{\"@type\":\"ImageObject\",\"inLanguage\":\"fr-FR\",\"@id\":\"https:\/\/endorfeen.com\/fr\/corps-sur-le-mont-everest\/#primaryimage\",\"url\":\"https:\/\/endorfeen.com\/wp-content\/uploads\/2023\/02\/Mount-Everest-scaled.jpg\",\"contentUrl\":\"https:\/\/endorfeen.com\/wp-content\/uploads\/2023\/02\/Mount-Everest-scaled.jpg\",\"width\":2560,\"height\":1709},{\"@type\":\"BreadcrumbList\",\"@id\":\"https:\/\/endorfeen.com\/fr\/corps-sur-le-mont-everest\/#breadcrumb\",\"itemListElement\":[{\"@type\":\"ListItem\",\"position\":1,\"name\":\"Home\",\"item\":\"https:\/\/endorfeen.com\/fr\/\"},{\"@type\":\"ListItem\",\"position\":2,\"name\":\"Tombes Gel\u00e9es : Les Corps sur le Mont Everest\"}]},{\"@type\":\"WebSite\",\"@id\":\"https:\/\/endorfeen.com\/fr\/#website\",\"url\":\"https:\/\/endorfeen.com\/fr\/\",\"name\":\"endorfeen\",\"description\":\"The Media For Sustainable Outdoors.\",\"publisher\":{\"@id\":\"https:\/\/endorfeen.com\/fr\/#organization\"},\"potentialAction\":[{\"@type\":\"SearchAction\",\"target\":{\"@type\":\"EntryPoint\",\"urlTemplate\":\"https:\/\/endorfeen.com\/fr\/?s={search_term_string}\"},\"query-input\":{\"@type\":\"PropertyValueSpecification\",\"valueRequired\":true,\"valueName\":\"search_term_string\"}}],\"inLanguage\":\"fr-FR\"},{\"@type\":\"Organization\",\"@id\":\"https:\/\/endorfeen.com\/fr\/#organization\",\"name\":\"endorfeen\",\"url\":\"https:\/\/endorfeen.com\/fr\/\",\"logo\":{\"@type\":\"ImageObject\",\"inLanguage\":\"fr-FR\",\"@id\":\"https:\/\/endorfeen.com\/fr\/#\/schema\/logo\/image\/\",\"url\":\"https:\/\/endorfeen.com\/wp-content\/uploads\/2022\/06\/Circle-endorfeen-site-icon-circled-1000-x-1000-300psi.png\",\"contentUrl\":\"https:\/\/endorfeen.com\/wp-content\/uploads\/2022\/06\/Circle-endorfeen-site-icon-circled-1000-x-1000-300psi.png\",\"width\":1000,\"height\":1000,\"caption\":\"endorfeen\"},\"image\":{\"@id\":\"https:\/\/endorfeen.com\/fr\/#\/schema\/logo\/image\/\"}},{\"@type\":\"Person\",\"@id\":\"https:\/\/endorfeen.com\/fr\/#\/schema\/person\/4d2eb1ac4a7fbc378f569529fa80e557\",\"name\":\"Phylicia Peterson\",\"image\":{\"@type\":\"ImageObject\",\"inLanguage\":\"fr-FR\",\"@id\":\"https:\/\/endorfeen.com\/fr\/#\/schema\/person\/image\/\",\"url\":\"https:\/\/secure.gravatar.com\/avatar\/ed72f6b1adcbb600881b739dc87a869ec54b5ae386eee2f368a462c6484457f0?s=96&d=mm&r=g\",\"contentUrl\":\"https:\/\/secure.gravatar.com\/avatar\/ed72f6b1adcbb600881b739dc87a869ec54b5ae386eee2f368a462c6484457f0?s=96&d=mm&r=g\",\"caption\":\"Phylicia Peterson\"},\"description\":\"Phylicia Peterson is a born and raised country girl who loves hiking, traveling to new places and writing about her escapades as a mom and adventurer. She lives surrounded by the beautiful prairies of the Wyoming plains and the majestic Rocky Mountains that inspire many of her writings.\",\"url\":\"https:\/\/endorfeen.com\/fr\/linkto\/phylicia-peterson\/\"}]}<\/script>\n<!-- \/ Yoast SEO Premium plugin. -->","yoast_head_json":{"title":"Tombes Gel\u00e9es : Les Corps sur le Mont Everest - endorfeen","description":"La montagne la plus haute du monde est aussi son cimeti\u00e8re le plus \u00e9lev\u00e9. D\u00e9couvrez les corps qui ont trouv\u00e9 leur dernier repos sur le...","robots":{"index":"index","follow":"follow","max-snippet":"max-snippet:-1","max-image-preview":"max-image-preview:large","max-video-preview":"max-video-preview:-1"},"canonical":"https:\/\/endorfeen.com\/fr\/corps-sur-le-mont-everest\/","og_locale":"fr_FR","og_type":"article","og_title":"Tombes Gel\u00e9es : Les Corps sur le Mont Everest","og_description":"La montagne la plus haute du monde est aussi son cimeti\u00e8re le plus \u00e9lev\u00e9. D\u00e9couvrez les corps qui ont trouv\u00e9 leur dernier repos sur le...","og_url":"https:\/\/endorfeen.com\/fr\/corps-sur-le-mont-everest\/","og_site_name":"endorfeen","article_published_time":"2023-03-11T08:30:00+00:00","article_modified_time":"2023-09-11T14:02:47+00:00","og_image":[{"width":2560,"height":1709,"url":"https:\/\/endorfeen.com\/wp-content\/uploads\/2023\/02\/Mount-Everest-scaled.jpg","type":"image\/jpeg"}],"author":"Phylicia Peterson","twitter_card":"summary_large_image","twitter_misc":{"\u00c9crit par":"Phylicia Peterson","Dur\u00e9e de lecture estim\u00e9e":"9 minutes"},"schema":{"@context":"https:\/\/schema.org","@graph":[{"@type":"Article","@id":"https:\/\/endorfeen.com\/fr\/corps-sur-le-mont-everest\/#article","isPartOf":{"@id":"https:\/\/endorfeen.com\/fr\/corps-sur-le-mont-everest\/"},"author":{"name":"Phylicia Peterson","@id":"https:\/\/endorfeen.com\/fr\/#\/schema\/person\/4d2eb1ac4a7fbc378f569529fa80e557"},"headline":"Tombes Gel\u00e9es : Les Corps sur le Mont Everest","datePublished":"2023-03-11T08:30:00+00:00","dateModified":"2023-09-11T14:02:47+00:00","mainEntityOfPage":{"@id":"https:\/\/endorfeen.com\/fr\/corps-sur-le-mont-everest\/"},"wordCount":1704,"publisher":{"@id":"https:\/\/endorfeen.com\/fr\/#organization"},"image":{"@id":"https:\/\/endorfeen.com\/fr\/corps-sur-le-mont-everest\/#primaryimage"},"thumbnailUrl":"https:\/\/endorfeen.com\/wp-content\/uploads\/2023\/02\/Mount-Everest-scaled.jpg","keywords":["#everest","#himalaya","#PlusHaut"],"articleSection":["Aventures","Proph\u00e8tes"],"inLanguage":"fr-FR"},{"@type":"WebPage","@id":"https:\/\/endorfeen.com\/fr\/corps-sur-le-mont-everest\/","url":"https:\/\/endorfeen.com\/fr\/corps-sur-le-mont-everest\/","name":"Tombes Gel\u00e9es : Les Corps sur le Mont Everest - endorfeen","isPartOf":{"@id":"https:\/\/endorfeen.com\/fr\/#website"},"primaryImageOfPage":{"@id":"https:\/\/endorfeen.com\/fr\/corps-sur-le-mont-everest\/#primaryimage"},"image":{"@id":"https:\/\/endorfeen.com\/fr\/corps-sur-le-mont-everest\/#primaryimage"},"thumbnailUrl":"https:\/\/endorfeen.com\/wp-content\/uploads\/2023\/02\/Mount-Everest-scaled.jpg","datePublished":"2023-03-11T08:30:00+00:00","dateModified":"2023-09-11T14:02:47+00:00","description":"La montagne la plus haute du monde est aussi son cimeti\u00e8re le plus \u00e9lev\u00e9. D\u00e9couvrez les corps qui ont trouv\u00e9 leur dernier repos sur le...","breadcrumb":{"@id":"https:\/\/endorfeen.com\/fr\/corps-sur-le-mont-everest\/#breadcrumb"},"inLanguage":"fr-FR","potentialAction":[{"@type":"ReadAction","target":["https:\/\/endorfeen.com\/fr\/corps-sur-le-mont-everest\/"]}]},{"@type":"ImageObject","inLanguage":"fr-FR","@id":"https:\/\/endorfeen.com\/fr\/corps-sur-le-mont-everest\/#primaryimage","url":"https:\/\/endorfeen.com\/wp-content\/uploads\/2023\/02\/Mount-Everest-scaled.jpg","contentUrl":"https:\/\/endorfeen.com\/wp-content\/uploads\/2023\/02\/Mount-Everest-scaled.jpg","width":2560,"height":1709},{"@type":"BreadcrumbList","@id":"https:\/\/endorfeen.com\/fr\/corps-sur-le-mont-everest\/#breadcrumb","itemListElement":[{"@type":"ListItem","position":1,"name":"Home","item":"https:\/\/endorfeen.com\/fr\/"},{"@type":"ListItem","position":2,"name":"Tombes Gel\u00e9es : Les Corps sur le Mont Everest"}]},{"@type":"WebSite","@id":"https:\/\/endorfeen.com\/fr\/#website","url":"https:\/\/endorfeen.com\/fr\/","name":"endorfeen","description":"The Media For Sustainable Outdoors.","publisher":{"@id":"https:\/\/endorfeen.com\/fr\/#organization"},"potentialAction":[{"@type":"SearchAction","target":{"@type":"EntryPoint","urlTemplate":"https:\/\/endorfeen.com\/fr\/?s={search_term_string}"},"query-input":{"@type":"PropertyValueSpecification","valueRequired":true,"valueName":"search_term_string"}}],"inLanguage":"fr-FR"},{"@type":"Organization","@id":"https:\/\/endorfeen.com\/fr\/#organization","name":"endorfeen","url":"https:\/\/endorfeen.com\/fr\/","logo":{"@type":"ImageObject","inLanguage":"fr-FR","@id":"https:\/\/endorfeen.com\/fr\/#\/schema\/logo\/image\/","url":"https:\/\/endorfeen.com\/wp-content\/uploads\/2022\/06\/Circle-endorfeen-site-icon-circled-1000-x-1000-300psi.png","contentUrl":"https:\/\/endorfeen.com\/wp-content\/uploads\/2022\/06\/Circle-endorfeen-site-icon-circled-1000-x-1000-300psi.png","width":1000,"height":1000,"caption":"endorfeen"},"image":{"@id":"https:\/\/endorfeen.com\/fr\/#\/schema\/logo\/image\/"}},{"@type":"Person","@id":"https:\/\/endorfeen.com\/fr\/#\/schema\/person\/4d2eb1ac4a7fbc378f569529fa80e557","name":"Phylicia Peterson","image":{"@type":"ImageObject","inLanguage":"fr-FR","@id":"https:\/\/endorfeen.com\/fr\/#\/schema\/person\/image\/","url":"https:\/\/secure.gravatar.com\/avatar\/ed72f6b1adcbb600881b739dc87a869ec54b5ae386eee2f368a462c6484457f0?s=96&d=mm&r=g","contentUrl":"https:\/\/secure.gravatar.com\/avatar\/ed72f6b1adcbb600881b739dc87a869ec54b5ae386eee2f368a462c6484457f0?s=96&d=mm&r=g","caption":"Phylicia Peterson"},"description":"Phylicia Peterson is a born and raised country girl who loves hiking, traveling to new places and writing about her escapades as a mom and adventurer. She lives surrounded by the beautiful prairies of the Wyoming plains and the majestic Rocky Mountains that inspire many of her writings.","url":"https:\/\/endorfeen.com\/fr\/linkto\/phylicia-peterson\/"}]}},"featured_image_src":"https:\/\/endorfeen.com\/wp-content\/uploads\/2023\/02\/Mount-Everest-600x400.jpg","featured_image_src_square":"https:\/\/endorfeen.com\/wp-content\/uploads\/2023\/02\/Mount-Everest-600x600.jpg","author_info":{"display_name":"Phylicia Peterson","author_link":"https:\/\/endorfeen.com\/fr\/linkto\/phylicia-peterson\/"},"acf":[],"_links":{"self":[{"href":"https:\/\/endorfeen.com\/fr\/wp-json\/wp\/v2\/posts\/14115","targetHints":{"allow":["GET"]}}],"collection":[{"href":"https:\/\/endorfeen.com\/fr\/wp-json\/wp\/v2\/posts"}],"about":[{"href":"https:\/\/endorfeen.com\/fr\/wp-json\/wp\/v2\/types\/post"}],"author":[{"embeddable":true,"href":"https:\/\/endorfeen.com\/fr\/wp-json\/wp\/v2\/users\/166"}],"replies":[{"embeddable":true,"href":"https:\/\/endorfeen.com\/fr\/wp-json\/wp\/v2\/comments?post=14115"}],"version-history":[{"count":0,"href":"https:\/\/endorfeen.com\/fr\/wp-json\/wp\/v2\/posts\/14115\/revisions"}],"wp:featuredmedia":[{"embeddable":true,"href":"https:\/\/endorfeen.com\/fr\/wp-json\/wp\/v2\/media\/10069"}],"wp:attachment":[{"href":"https:\/\/endorfeen.com\/fr\/wp-json\/wp\/v2\/media?parent=14115"}],"wp:term":[{"taxonomy":"category","embeddable":true,"href":"https:\/\/endorfeen.com\/fr\/wp-json\/wp\/v2\/categories?post=14115"},{"taxonomy":"post_tag","embeddable":true,"href":"https:\/\/endorfeen.com\/fr\/wp-json\/wp\/v2\/tags?post=14115"},{"taxonomy":"sponsor","embeddable":true,"href":"https:\/\/endorfeen.com\/fr\/wp-json\/wp\/v2\/sponsor?post=14115"}],"curies":[{"name":"wp","href":"https:\/\/api.w.org\/{rel}","templated":true}]}}