{"id":13677,"date":"2023-08-19T08:00:00","date_gmt":"2023-08-19T07:00:00","guid":{"rendered":"https:\/\/endorfeen.com\/?p=13677"},"modified":"2023-08-18T11:01:34","modified_gmt":"2023-08-18T10:01:34","slug":"le-col-des-aravis-un-paradis-de-laventure-en-montagne-en-toutes-saisons","status":"publish","type":"post","link":"https:\/\/endorfeen.com\/fr\/le-col-des-aravis-un-paradis-de-laventure-en-montagne-en-toutes-saisons\/","title":{"rendered":"Le Col des Aravis : Un Paradis de l&rsquo;Aventure en Montagne en Toutes Saisons"},"content":{"rendered":"\n<h2 class=\"wp-block-heading\" id=\"h-le-col-des-aravis-passage-incontournable-dans-les-alpes\">Le Col des Aravis : Passage Incontournable dans les Alpes<\/h2>\n\n\n\n<p>Le col des Aravis, culminant \u00e0 1 486 m\u00e8tres d&rsquo;altitude, repr\u00e9sente la fronti\u00e8re naturelle entre la commune de La Clusaz en Haute-Savoie et celle de La Giettaz en Savoie. Il s&rsquo;agit du point de passage le plus bas au sein de la cha\u00eene des Aravis et offre, \u00e0 ce titre, un cadre panoramique exceptionnel. Cet endroit est travers\u00e9 par la route d\u00e9partementale D 909, un parcours modeste en altitude mais abrupt.<\/p>\n\n\n\n<p>R\u00e9guli\u00e8rement, le col des Aravis s&rsquo;ins\u00e8re dans le trajet du Tour de France, et chaque ann\u00e9e, il est emprunt\u00e9 par les cyclosportifs lors de l&rsquo;\u00e9v\u00e8nement Time Meg\u00e8ve Mont Blanc. En plus de la beaut\u00e9 de son paysage, le col des Aravis est appr\u00e9ci\u00e9 pour sa praticit\u00e9. Effectivement, son acc\u00e8s reste ouvert tout au long de l&rsquo;ann\u00e9e, except\u00e9 lors de fermetures exceptionnelles dues \u00e0 de fortes pr\u00e9cipitations neigeuses.<\/p>\n\n\n\n<figure class=\"wp-block-image alignwide size-large\"><img loading=\"lazy\" decoding=\"async\" width=\"1024\" height=\"683\" src=\"https:\/\/endorfeen.com\/wp-content\/uploads\/2023\/08\/Col_des_Aravis_@_La_Giettaz_51294140962-1024x683.jpg\" alt=\"Col des Aravis - \u00a9 Guilhem Vellut\" class=\"wp-image-13840\" srcset=\"https:\/\/endorfeen.com\/wp-content\/uploads\/2023\/08\/Col_des_Aravis_@_La_Giettaz_51294140962-300x200.jpg 300w, https:\/\/endorfeen.com\/wp-content\/uploads\/2023\/08\/Col_des_Aravis_@_La_Giettaz_51294140962-600x400.jpg 600w, https:\/\/endorfeen.com\/wp-content\/uploads\/2023\/08\/Col_des_Aravis_@_La_Giettaz_51294140962-768x512.jpg 768w, https:\/\/endorfeen.com\/wp-content\/uploads\/2023\/08\/Col_des_Aravis_@_La_Giettaz_51294140962-1024x683.jpg 1024w, https:\/\/endorfeen.com\/wp-content\/uploads\/2023\/08\/Col_des_Aravis_@_La_Giettaz_51294140962-1536x1024.jpg 1536w, https:\/\/endorfeen.com\/wp-content\/uploads\/2023\/08\/Col_des_Aravis_@_La_Giettaz_51294140962.jpg 2048w\" sizes=\"auto, (max-width: 1024px) 100vw, 1024px\" \/><figcaption class=\"wp-element-caption\">Col des Aravis &#8211; \u00a9 Guilhem Vellut<\/figcaption><\/figure>\n\n\n\n<p>Reliant les stations de la Clusaz \u00e0 la Giettaz, le trajet \u00e0 travers le col des Aravis est une d\u00e9couverte en soi. Depuis La Clusaz, la route d\u00e9voile progressivement une vue unique, alternant entre les corniches de l&rsquo;Etale et l&rsquo;\u00e9chancrure rectangulaire de la Porte des Aravis. Se dessinant \u00e0 l&rsquo;horizon, les derniers virages de la mont\u00e9e offrent une vue \u00e9poustouflante sur le Mont-Blanc. De spacieux parkings sont \u00e9galement disponibles sur le chemin menant au sommet, permettant de stationner facilement pour profiter des panoramas, des restaurants locaux et des diverses activit\u00e9s propos\u00e9es.<\/p>\n\n\n\n<h2 class=\"wp-block-heading\" id=\"h-l-ascension-du-col-des-aravis-un-defi-accessible-pour-les-cyclistes\">L&rsquo;Ascension du Col des Aravis : Un D\u00e9fi Accessible pour les Cyclistes<\/h2>\n\n\n\n<p>Le col des Aravis, emprunt\u00e9 \u00e0 40 reprises par le Tour de France, est un lieu de pr\u00e9dilection pour les cyclistes avec sa route g\u00e9n\u00e9reusement large. Il faut parcourir 19 km \u00e0 partir de Th\u00f4nes pour atteindre le sommet. Cette ascension longue mais ais\u00e9e offre une pente r\u00e9guli\u00e8re de 4,6% en moyenne, ne d\u00e9passant jamais 8,6%, ce qui en fait une option id\u00e9ale pour le d\u00e9but de saison ou pour une premi\u00e8re approche des cols de montagne. Des bornes jalonnent le trajet, servant de guides tout au long de la mont\u00e9e. En \u00e9t\u00e9, l&rsquo;ascension est tr\u00e8s agr\u00e9able, traversant les alpages au bruit m\u00e9lodieux des clarines des vaches qui \u00e9choient \u00e0 travers la montagne, le Mont-Blanc constituant toujours un point de rep\u00e8re.<\/p>\n\n\n\n<p>Montant depuis Flumet, le versant sud-est du col des Aravis pr\u00e9sente un profil de 11,5 km \u00e0 5,2 %. Cependant, bien que les premi\u00e8res sections soient en mont\u00e9e, des portions plus planes et m\u00eame une l\u00e9g\u00e8re descente sont \u00e0 noter sur les 3 km suivants. Ce n&rsquo;est qu&rsquo;\u00e0 partir de La Giettaz, dont la travers\u00e9e est relativement pentue, que la route grimpe de mani\u00e8re plus constante, avec des pentes souvent comprises entre 6 et 8 %, se caract\u00e9risant par des virages en \u00e9pingle.<\/p>\n\n\n\n<p>\u00c0 l&rsquo;inverse, le versant nord-ouest, avec son profil le plus long, d\u00e9marre de Th\u00f4nes et offre 18,9 km de mont\u00e9e, r\u00e9duits \u00e0 10,3 km si le d\u00e9but s&rsquo;effectue \u00e0 partir de Saint-Jean-de-Sixt. Cette partie est plut\u00f4t roulante mais peut \u00eatre encombr\u00e9e par la circulation automobile. Entre le kilom\u00e8tre pr\u00e9c\u00e9dant Saint-Jean-de-Sixt et La Clusaz, la route conna\u00eet un l\u00e9ger rel\u00e2chement, avec des pentes \u00e0 3-4 %, contre des tron\u00e7ons \u00e0 5-6 % pr\u00e9c\u00e9demment. Apr\u00e8s La Clusaz, les pentes s&rsquo;accentuent l\u00e9g\u00e8rement, mais elles restent relativement mod\u00e9r\u00e9es, \u00e0 l&rsquo;exception d&rsquo;une section \u00e0 8 % apr\u00e8s la bifurcation de la route du col de la Croix Fry. Les derniers kilom\u00e8tres offrent de vastes virages \u00e0 travers les alpages, concluant l&rsquo;ascension sur une l\u00e9g\u00e8re pente ascendante.<\/p>\n\n\n\n<figure class=\"wp-block-image alignwide size-large\"><img loading=\"lazy\" decoding=\"async\" width=\"1024\" height=\"683\" src=\"https:\/\/endorfeen.com\/wp-content\/uploads\/2023\/08\/Saint-Jean-de-Sixt_50962313691-1024x683.jpg\" alt=\"Saint-Jean-de-Sixt - \u00a9 Guilhem Vellut\" class=\"wp-image-13843\" srcset=\"https:\/\/endorfeen.com\/wp-content\/uploads\/2023\/08\/Saint-Jean-de-Sixt_50962313691-300x200.jpg 300w, https:\/\/endorfeen.com\/wp-content\/uploads\/2023\/08\/Saint-Jean-de-Sixt_50962313691-600x400.jpg 600w, https:\/\/endorfeen.com\/wp-content\/uploads\/2023\/08\/Saint-Jean-de-Sixt_50962313691-768x512.jpg 768w, https:\/\/endorfeen.com\/wp-content\/uploads\/2023\/08\/Saint-Jean-de-Sixt_50962313691-1024x683.jpg 1024w, https:\/\/endorfeen.com\/wp-content\/uploads\/2023\/08\/Saint-Jean-de-Sixt_50962313691-1536x1024.jpg 1536w, https:\/\/endorfeen.com\/wp-content\/uploads\/2023\/08\/Saint-Jean-de-Sixt_50962313691.jpg 2048w\" sizes=\"auto, (max-width: 1024px) 100vw, 1024px\" \/><figcaption class=\"wp-element-caption\">Saint-Jean-de-Sixt &#8211; \u00a9 Guilhem Vellut<\/figcaption><\/figure>\n\n\n\n<p>La descente jusqu&rsquo;\u00e0 La Giettaz est une affaire d\u00e9licate du fait de son caract\u00e8re particuli\u00e8rement sinueux et de la pr\u00e9sence de deux courts tunnels sombres qu&rsquo;il convient de n\u00e9gocier avec prudence.<\/p>\n\n\n\n<h2 class=\"wp-block-heading\" id=\"h-exploration-du-col-des-aravis-randonnees-familiales-et-route-de-la-soif\">Exploration du Col des Aravis: Randonn\u00e9es familiales et Route de la Soif<\/h2>\n\n\n\n<h3 class=\"wp-block-heading\" id=\"h-randonnee-familiale-au-chalet-du-cure-depuis-le-col-des-aravis\">Randonn\u00e9e Familiale au Chalet du Cur\u00e9 depuis le Col des Aravis<\/h3>\n\n\n\n<p>La promenade traditionnelle depuis le col des Aravis est une sortie en famille id\u00e9ale, qui vous m\u00e8nera jusqu&rsquo;au Chalet du Cur\u00e9 \u00e0 pied (un trajet de 9 km aller-retour avec une d\u00e9nivel\u00e9e de 190 m). C&rsquo;est un lieu o\u00f9 les pr\u00eatres des villages environnants trouvaient refuge pendant la R\u00e9volution fran\u00e7aise. Cette escapade vous offre une superbe vue sur le panorama \u00e9poustouflant de la cha\u00eene du Mont-Blanc et du Beaufortain. Un arr\u00eat au promontoire de la T\u00eate est vivement recommand\u00e9 pour examiner les divers sommets identifi\u00e9s sur la table d&rsquo;orientation.<\/p>\n\n\n\n<h3 class=\"wp-block-heading\" id=\"h-parcours-mythique-de-la-soif-entre-le-col-des-aravis-et-l-arpettaz\">Parcours Mythique de la Soif entre le Col des Aravis et l&rsquo;Arpettaz<\/h3>\n\n\n\n<p>Que vous soyez \u00e0 pied ou sur un VTT, il est possible d&#8217;emprunter la c\u00e9l\u00e8bre route de la soif, une voie reliant le col des Aravis au col de l&rsquo;Arpettaz, perch\u00e9 au-dessus d&rsquo;Ugine. Cet itin\u00e9raire balis\u00e9 se fraye un chemin \u00e0 travers de nombreux p\u00e2turages alpins, offrant des vues \u00e0 couper le souffle sur la cha\u00eene du Mont-Blanc. En longeant les falaises des Aravis, une multitude d&rsquo;animaux sauvages tels que les mouflons, les chamois, les marmottes et les aigles peuvent \u00eatre aper\u00e7us. Le parcours, qui s&rsquo;\u00e9tend sur une distance d&rsquo;environ 14 km avec une d\u00e9nivellation de 500 m, est jalonn\u00e9 d&rsquo;auberges, dotant ainsi le trajet d&rsquo;un caract\u00e8re singulier.<\/p>\n\n\n\n<h2 class=\"wp-block-heading\" id=\"h-options-d-escalade-falaise-bloc-et-grande-voie\">Options d&rsquo;Escalade : Falaise, Bloc et Grande Voie<\/h2>\n\n\n\n<p>Que vous soyez amateur d&rsquo;escalade de falaise, de bloc ou de grande voie, la beaut\u00e9 sauvage du col des Aravis vous comblera. Avec son \u00e9ventail de possibilit\u00e9s, ce col montagneux offre une exp\u00e9rience inoubliable aux amateurs de plein air et d&rsquo;aventure.<\/p>\n\n\n\n<h3 class=\"wp-block-heading\" id=\"h-escalade-au-rocher-des-aravis-une-ecole-d-altitude\">Escalade au Rocher des Aravis: Une \u00c9cole d&rsquo;Altitude<\/h3>\n\n\n\n<p>Nestl\u00e9 au c\u0153ur du Col des Aravis, se trouve Le Rocher des Aravis, une \u00e9cole prestigieuse d&rsquo;escalade. Perch\u00e9e entre des altitudes de 1420 et 1600 m\u00e8tres, cette \u00e9cole est dot\u00e9e d&rsquo;un grand nombre de voies pour tous les niveaux de grimpeurs. Le stationnement pour les visiteurs est commod\u00e9ment situ\u00e9 le long de la mont\u00e9e au Col des Aravis, \u00e0 environ 5 km apr\u00e8s avoir pass\u00e9 la charmante ville de La Clusaz. Une agr\u00e9able marche d&rsquo;approche de 15 minutes vous m\u00e8nera ensuite directement \u00e0 cette \u00e9cole exceptionnelle d&rsquo;escalade.<\/p>\n\n\n\n<h3 class=\"wp-block-heading\" id=\"h-site-de-blocs-un-spot-estival-ideal\">Site de Blocs : Un Spot Estival Id\u00e9al<\/h3>\n\n\n\n<p>Par le m\u00eame acc\u00e8s, un site d&rsquo;escalade se situe directement en face de la majestueuse falaise du Rocher des Aravis. C&rsquo;est un endroit particuli\u00e8rement plaisant durant l&rsquo;\u00e9t\u00e9, surtout en fin de soir\u00e9e. On y trouve une ambiance \u00e0 la fois sereine et puissante, o\u00f9 la nature et l&rsquo;aventure se rencontrent. Sa beaut\u00e9 naturelle et sa sensation de paix en font un lieu privil\u00e9gi\u00e9 pour les amateurs de plein air.<\/p>\n\n\n\n<h3 class=\"wp-block-heading\" id=\"h-la-pointe-de-la-blonniere\">La Pointe de la Blonni\u00e8re<\/h3>\n\n\n\n<p>Situ\u00e9e aux confins du col des Aravis, face \u00e0 l&rsquo;imposante paroi de Borderan et au Rocher des Aravis, la Pointe de la Blonni\u00e8re offre un panorama \u00e9poustouflant. L&rsquo;ascension est facilit\u00e9e par \u00ab l&rsquo;ar\u00eate \u00e0 Marion \u00bb, un trac\u00e9 jalonn\u00e9 de pointes rapproch\u00e9es con\u00e7u pour les alpinistes de niveau interm\u00e9diaire. Ce parcours d\u00e9voile une vue sublime sur la majestuosit\u00e9 du massif du Mont-Blanc. Pour une exp\u00e9rience s\u00e9curis\u00e9e et enrichissante, n\u2019h\u00e9sitez pas \u00e0 solliciter les services d\u2019un professionnel.<\/p>\n\n\n\n<h2 class=\"wp-block-heading\" id=\"h-parcours-aventure-la-via-ferrata-yves-pollet-villard-aux-rochers-de-borderan\">Parcours Aventure : La Via Ferrata Yves Pollet-Villard aux Rochers de Borderan<\/h2>\n\n\n\n<p>Nich\u00e9e dans l&rsquo;ascension vers le col des Aravis \u00e0 partir de La Clusaz, la via ferrata Yves Pollet-Villard a \u00e9t\u00e9 am\u00e9nag\u00e9e avec finesse sur les Rochers de Borderan. Le trajet, qui s&rsquo;\u00e9tend sur une longueur de 700 m\u00e8tres et un d\u00e9nivel\u00e9 de 300 m\u00e8tres, utilise ing\u00e9nieusement les corniches naturelles de la paroi. Cela offre une via extr\u00eamement compl\u00e8te et divertissante qui inclut des passages en altitude, de magnifiques pr\u00e9cipices, un pont suspendu et un surplomb optionnel. La mise en valeur de ces \u00e9l\u00e9ments conf\u00e8re \u00e0 l&rsquo;ensemble une impressionnante harmonie entre l\u2019\u0153uvre de l&rsquo;homme et la nature environnante.<\/p>\n\n\n\n<h2 class=\"wp-block-heading\" id=\"h-activites-hivernales-au-col-des-aravis-raquettes-et-ski-de-randonnee\">Activit\u00e9s Hivernales au Col des Aravis: Raquettes et Ski de Randonn\u00e9e<\/h2>\n\n\n\n<h3 class=\"wp-block-heading\" id=\"h-randonnee-en-raquettes\">Randonn\u00e9e en Raquettes<\/h3>\n\n\n\n<p>Ouvert m\u00eame durant la saison hivernale, le col des Aravis offre un terrain propice \u00e0 la pratique de la raquette et \u00e0 l&rsquo;admiration des paysages pittoresques qui l&rsquo;entourent. \u00c0 partir de la chapelle, une excursion en aller-retour est possible jusqu&rsquo;au Chalet du Cur\u00e9, nich\u00e9 \u00e0 une altitude de 1659 m\u00e8tres (une distance approximative de 9 km pour un d\u00e9nivel\u00e9 de 190 m\u00e8tres), en passant par le promontoire de la T\u00eate surplombant le col. En s&rsquo;avan\u00e7ant un peu plus, le Chalet du Cur\u00e9 est clairement visible sur son hillock, entour\u00e9 d&rsquo;un \u00e9pais manteau de neige. Le parcours des Plachaux (4,5 km pour un d\u00e9nivel\u00e9 de 170 m\u00e8tres) part du m\u00eame point de d\u00e9part que pour la route du Chalet du Cur\u00e9. Il propose une option de sorties plus courtes, via un petit circuit qui traverse la ligne de cr\u00eate des Plachaux, offrant ainsi une vue panoramique charmante.<\/p>\n\n\n\n<h3 class=\"wp-block-heading\" id=\"h-randonnee-en-ski-dans-la-combe-a-marion\">Randonn\u00e9e en Ski dans la Combe \u00e0 Marion<\/h3>\n\n\n\n<p>Sise \u00e0 une altitude de 2300 m\u00e8tres, la Combe \u00e0 Marion repr\u00e9sente une excursion populaire parmi les skieurs de la r\u00e9gion. L&rsquo;itin\u00e9raire de cette randonn\u00e9e \u00e9mane du col des Aravis et grimpe en sous la pointe de la Blonni\u00e8re, \u00e9chelonnant ainsi un d\u00e9nivel\u00e9 de 800 m\u00e8tres. Depuis le col, le panorama \u00e0 couper le souffle offre une vue imprenable sur la Tournette, l\u2019Etale, les portes des Aravis et m\u00eame une portion du massif du Mont-Blanc.<\/p>\n\n\n\n<p>Il est \u00e0 souligner que la derni\u00e8re portion du parcours est assez difficile et n\u00e9cessite une pente \u00e0 40\u00b0, qui peut n\u00e9cessiter l&rsquo;usage de skis ou de crampons. Les activit\u00e9s hivernales en dehors des pistes balis\u00e9es comportent certains risques. Par cons\u00e9quent, pour une escapade en toute s\u00e9r\u00e9nit\u00e9, il est recommand\u00e9 de faire appel \u00e0 un professionnel de la montagne qui saura accompagner de mani\u00e8re s\u00e9curis\u00e9e tout amateur d\u2019aventure en haute altitude.<\/p>\n","protected":false},"excerpt":{"rendered":"<p>Le Col des Aravis : Passage Incontournable dans les Alpes Le col des Aravis, culminant \u00e0 1 486 m\u00e8tres d&rsquo;altitude, repr\u00e9sente la fronti\u00e8re naturelle entre la commune de La Clusaz en Haute-Savoie et celle de La Giettaz en Savoie. Il s&rsquo;agit du point de passage le plus bas au sein de la cha\u00eene des Aravis &hellip;<\/p>\n","protected":false},"author":30,"featured_media":13838,"comment_status":"open","ping_status":"open","sticky":false,"template":"","format":"standard","meta":{"_acf_changed":false,"_genesis_hide_title":false,"_genesis_hide_breadcrumbs":false,"_genesis_hide_singular_image":false,"_genesis_hide_footer_widgets":false,"_genesis_custom_body_class":"","_genesis_custom_post_class":"","_genesis_layout":"","footnotes":""},"categories":[170,156,606],"tags":[172],"sponsor":[1087],"class_list":{"2":"type-post","7":"category-aventures","8":"category-lieux","9":"category-montagnes","10":"tag-alpes","11":"sponsor-endorfeen","12":"entry"},"yoast_head":"<!-- This site is optimized with the Yoast SEO Premium plugin v26.2 (Yoast SEO v26.2) - https:\/\/yoast.com\/wordpress\/plugins\/seo\/ -->\n<title>Le Col des Aravis : Un Paradis de l&#039;Aventure en Montagne en Toutes Saisons - endorfeen<\/title>\n<meta name=\"description\" content=\"Le col des Aravis, culminant \u00e0 1 486 m\u00e8tres d&#039;altitude, repr\u00e9sente la fronti\u00e8re naturelle entre la commune de La Clusaz en Haute-Savoie...\" \/>\n<meta name=\"robots\" content=\"index, follow, max-snippet:-1, max-image-preview:large, max-video-preview:-1\" \/>\n<link rel=\"canonical\" href=\"https:\/\/endorfeen.com\/fr\/le-col-des-aravis-un-paradis-de-laventure-en-montagne-en-toutes-saisons\/\" \/>\n<meta property=\"og:locale\" content=\"fr_FR\" \/>\n<meta property=\"og:type\" content=\"article\" \/>\n<meta property=\"og:title\" content=\"Le Col des Aravis : Un Paradis de l&#039;Aventure en Montagne en Toutes Saisons\" \/>\n<meta property=\"og:description\" content=\"Le col des Aravis, culminant \u00e0 1 486 m\u00e8tres d&#039;altitude, repr\u00e9sente la fronti\u00e8re naturelle entre la commune de La Clusaz en Haute-Savoie...\" \/>\n<meta property=\"og:url\" content=\"https:\/\/endorfeen.com\/fr\/le-col-des-aravis-un-paradis-de-laventure-en-montagne-en-toutes-saisons\/\" \/>\n<meta property=\"og:site_name\" content=\"endorfeen\" \/>\n<meta property=\"article:author\" content=\"http:\/\/www.facebook.com\/endorfeen-583261049007200\" \/>\n<meta property=\"article:published_time\" content=\"2023-08-19T07:00:00+00:00\" \/>\n<meta property=\"og:image\" content=\"https:\/\/885d04.p3cdn1.secureserver.net\/wp-content\/uploads\/2023\/08\/Final_NW_col_des_Aravis.jpg?time=1693224961\" \/>\n\t<meta property=\"og:image:width\" content=\"2048\" \/>\n\t<meta property=\"og:image:height\" content=\"1536\" \/>\n\t<meta property=\"og:image:type\" content=\"image\/jpeg\" \/>\n<meta name=\"author\" content=\"Thomas Viguier\" \/>\n<meta name=\"twitter:card\" content=\"summary_large_image\" \/>\n<meta name=\"twitter:creator\" content=\"@https:\/\/twitter.com\/endorfeen_\" \/>\n<meta name=\"twitter:label1\" content=\"\u00c9crit par\" \/>\n\t<meta name=\"twitter:data1\" content=\"Thomas Viguier\" \/>\n\t<meta name=\"twitter:label2\" content=\"Dur\u00e9e de lecture estim\u00e9e\" \/>\n\t<meta name=\"twitter:data2\" content=\"8 minutes\" \/>\n<script type=\"application\/ld+json\" class=\"yoast-schema-graph\">{\"@context\":\"https:\/\/schema.org\",\"@graph\":[{\"@type\":\"Article\",\"@id\":\"https:\/\/endorfeen.com\/fr\/le-col-des-aravis-un-paradis-de-laventure-en-montagne-en-toutes-saisons\/#article\",\"isPartOf\":{\"@id\":\"https:\/\/endorfeen.com\/fr\/le-col-des-aravis-un-paradis-de-laventure-en-montagne-en-toutes-saisons\/\"},\"author\":{\"name\":\"Thomas Viguier\",\"@id\":\"https:\/\/endorfeen.com\/fr\/#\/schema\/person\/76a61f8eb41d36fffdec1b376fcf19aa\"},\"headline\":\"Le Col des Aravis : Un Paradis de l&rsquo;Aventure en Montagne en Toutes Saisons\",\"datePublished\":\"2023-08-19T07:00:00+00:00\",\"mainEntityOfPage\":{\"@id\":\"https:\/\/endorfeen.com\/fr\/le-col-des-aravis-un-paradis-de-laventure-en-montagne-en-toutes-saisons\/\"},\"wordCount\":1736,\"commentCount\":0,\"publisher\":{\"@id\":\"https:\/\/endorfeen.com\/fr\/#organization\"},\"image\":{\"@id\":\"https:\/\/endorfeen.com\/fr\/le-col-des-aravis-un-paradis-de-laventure-en-montagne-en-toutes-saisons\/#primaryimage\"},\"thumbnailUrl\":\"https:\/\/endorfeen.com\/wp-content\/uploads\/2023\/08\/Final_NW_col_des_Aravis.jpg\",\"keywords\":[\"#Alpes\"],\"articleSection\":[\"Aventures\",\"Lieux\",\"Montagnes\"],\"inLanguage\":\"fr-FR\",\"potentialAction\":[{\"@type\":\"CommentAction\",\"name\":\"Comment\",\"target\":[\"https:\/\/endorfeen.com\/fr\/le-col-des-aravis-un-paradis-de-laventure-en-montagne-en-toutes-saisons\/#respond\"]}]},{\"@type\":\"WebPage\",\"@id\":\"https:\/\/endorfeen.com\/fr\/le-col-des-aravis-un-paradis-de-laventure-en-montagne-en-toutes-saisons\/\",\"url\":\"https:\/\/endorfeen.com\/fr\/le-col-des-aravis-un-paradis-de-laventure-en-montagne-en-toutes-saisons\/\",\"name\":\"Le Col des Aravis : Un Paradis de l'Aventure en Montagne en Toutes Saisons - endorfeen\",\"isPartOf\":{\"@id\":\"https:\/\/endorfeen.com\/fr\/#website\"},\"primaryImageOfPage\":{\"@id\":\"https:\/\/endorfeen.com\/fr\/le-col-des-aravis-un-paradis-de-laventure-en-montagne-en-toutes-saisons\/#primaryimage\"},\"image\":{\"@id\":\"https:\/\/endorfeen.com\/fr\/le-col-des-aravis-un-paradis-de-laventure-en-montagne-en-toutes-saisons\/#primaryimage\"},\"thumbnailUrl\":\"https:\/\/endorfeen.com\/wp-content\/uploads\/2023\/08\/Final_NW_col_des_Aravis.jpg\",\"datePublished\":\"2023-08-19T07:00:00+00:00\",\"description\":\"Le col des Aravis, culminant \u00e0 1 486 m\u00e8tres d'altitude, repr\u00e9sente la fronti\u00e8re naturelle entre la commune de La Clusaz en Haute-Savoie...\",\"breadcrumb\":{\"@id\":\"https:\/\/endorfeen.com\/fr\/le-col-des-aravis-un-paradis-de-laventure-en-montagne-en-toutes-saisons\/#breadcrumb\"},\"inLanguage\":\"fr-FR\",\"potentialAction\":[{\"@type\":\"ReadAction\",\"target\":[\"https:\/\/endorfeen.com\/fr\/le-col-des-aravis-un-paradis-de-laventure-en-montagne-en-toutes-saisons\/\"]}]},{\"@type\":\"ImageObject\",\"inLanguage\":\"fr-FR\",\"@id\":\"https:\/\/endorfeen.com\/fr\/le-col-des-aravis-un-paradis-de-laventure-en-montagne-en-toutes-saisons\/#primaryimage\",\"url\":\"https:\/\/endorfeen.com\/wp-content\/uploads\/2023\/08\/Final_NW_col_des_Aravis.jpg\",\"contentUrl\":\"https:\/\/endorfeen.com\/wp-content\/uploads\/2023\/08\/Final_NW_col_des_Aravis.jpg\",\"width\":2048,\"height\":1536,\"caption\":\"Col des Aravis - \u00a9 Anthospace\"},{\"@type\":\"BreadcrumbList\",\"@id\":\"https:\/\/endorfeen.com\/fr\/le-col-des-aravis-un-paradis-de-laventure-en-montagne-en-toutes-saisons\/#breadcrumb\",\"itemListElement\":[{\"@type\":\"ListItem\",\"position\":1,\"name\":\"Home\",\"item\":\"https:\/\/endorfeen.com\/fr\/\"},{\"@type\":\"ListItem\",\"position\":2,\"name\":\"Le Col des Aravis : Un Paradis de l&#8217;Aventure en Montagne en Toutes Saisons\"}]},{\"@type\":\"WebSite\",\"@id\":\"https:\/\/endorfeen.com\/fr\/#website\",\"url\":\"https:\/\/endorfeen.com\/fr\/\",\"name\":\"endorfeen\",\"description\":\"The Media For Sustainable Outdoors.\",\"publisher\":{\"@id\":\"https:\/\/endorfeen.com\/fr\/#organization\"},\"potentialAction\":[{\"@type\":\"SearchAction\",\"target\":{\"@type\":\"EntryPoint\",\"urlTemplate\":\"https:\/\/endorfeen.com\/fr\/?s={search_term_string}\"},\"query-input\":{\"@type\":\"PropertyValueSpecification\",\"valueRequired\":true,\"valueName\":\"search_term_string\"}}],\"inLanguage\":\"fr-FR\"},{\"@type\":\"Organization\",\"@id\":\"https:\/\/endorfeen.com\/fr\/#organization\",\"name\":\"endorfeen\",\"url\":\"https:\/\/endorfeen.com\/fr\/\",\"logo\":{\"@type\":\"ImageObject\",\"inLanguage\":\"fr-FR\",\"@id\":\"https:\/\/endorfeen.com\/fr\/#\/schema\/logo\/image\/\",\"url\":\"https:\/\/endorfeen.com\/wp-content\/uploads\/2022\/06\/Circle-endorfeen-site-icon-circled-1000-x-1000-300psi.png\",\"contentUrl\":\"https:\/\/endorfeen.com\/wp-content\/uploads\/2022\/06\/Circle-endorfeen-site-icon-circled-1000-x-1000-300psi.png\",\"width\":1000,\"height\":1000,\"caption\":\"endorfeen\"},\"image\":{\"@id\":\"https:\/\/endorfeen.com\/fr\/#\/schema\/logo\/image\/\"}},{\"@type\":\"Person\",\"@id\":\"https:\/\/endorfeen.com\/fr\/#\/schema\/person\/76a61f8eb41d36fffdec1b376fcf19aa\",\"name\":\"Thomas Viguier\",\"image\":{\"@type\":\"ImageObject\",\"inLanguage\":\"fr-FR\",\"@id\":\"https:\/\/endorfeen.com\/fr\/#\/schema\/person\/image\/\",\"url\":\"https:\/\/secure.gravatar.com\/avatar\/3c24e541f6f82c052219429c60a8948b1c9ad8eda6daf26af0a100594146ab1a?s=96&d=mm&r=g\",\"contentUrl\":\"https:\/\/secure.gravatar.com\/avatar\/3c24e541f6f82c052219429c60a8948b1c9ad8eda6daf26af0a100594146ab1a?s=96&d=mm&r=g\",\"caption\":\"Thomas Viguier\"},\"description\":\"Everyone has a story to tell. endorfeen is built as a collaborative platform, giving the voice to anyone with a story to tell. If you have things you want to share, register here.\",\"sameAs\":[\"https:\/\/www.endorfeen.com\/\",\"http:\/\/www.facebook.com\/endorfeen-583261049007200\",\"http:\/\/www.instagram.com\/endorfeen_\/\",\"https:\/\/fi.pinterest.com\/endorfeen_\/\",\"https:\/\/x.com\/https:\/\/twitter.com\/endorfeen_\"],\"url\":\"https:\/\/endorfeen.com\/fr\/linkto\/endorfeen-mag\/\"}]}<\/script>\n<!-- \/ Yoast SEO Premium plugin. -->","yoast_head_json":{"title":"Le Col des Aravis : Un Paradis de l'Aventure en Montagne en Toutes Saisons - endorfeen","description":"Le col des Aravis, culminant \u00e0 1 486 m\u00e8tres d'altitude, repr\u00e9sente la fronti\u00e8re naturelle entre la commune de La Clusaz en Haute-Savoie...","robots":{"index":"index","follow":"follow","max-snippet":"max-snippet:-1","max-image-preview":"max-image-preview:large","max-video-preview":"max-video-preview:-1"},"canonical":"https:\/\/endorfeen.com\/fr\/le-col-des-aravis-un-paradis-de-laventure-en-montagne-en-toutes-saisons\/","og_locale":"fr_FR","og_type":"article","og_title":"Le Col des Aravis : Un Paradis de l'Aventure en Montagne en Toutes Saisons","og_description":"Le col des Aravis, culminant \u00e0 1 486 m\u00e8tres d'altitude, repr\u00e9sente la fronti\u00e8re naturelle entre la commune de La Clusaz en Haute-Savoie...","og_url":"https:\/\/endorfeen.com\/fr\/le-col-des-aravis-un-paradis-de-laventure-en-montagne-en-toutes-saisons\/","og_site_name":"endorfeen","article_author":"http:\/\/www.facebook.com\/endorfeen-583261049007200","article_published_time":"2023-08-19T07:00:00+00:00","og_image":[{"width":2048,"height":1536,"url":"https:\/\/885d04.p3cdn1.secureserver.net\/wp-content\/uploads\/2023\/08\/Final_NW_col_des_Aravis.jpg?time=1693224961","type":"image\/jpeg"}],"author":"Thomas Viguier","twitter_card":"summary_large_image","twitter_creator":"@https:\/\/twitter.com\/endorfeen_","twitter_misc":{"\u00c9crit par":"Thomas Viguier","Dur\u00e9e de lecture estim\u00e9e":"8 minutes"},"schema":{"@context":"https:\/\/schema.org","@graph":[{"@type":"Article","@id":"https:\/\/endorfeen.com\/fr\/le-col-des-aravis-un-paradis-de-laventure-en-montagne-en-toutes-saisons\/#article","isPartOf":{"@id":"https:\/\/endorfeen.com\/fr\/le-col-des-aravis-un-paradis-de-laventure-en-montagne-en-toutes-saisons\/"},"author":{"name":"Thomas Viguier","@id":"https:\/\/endorfeen.com\/fr\/#\/schema\/person\/76a61f8eb41d36fffdec1b376fcf19aa"},"headline":"Le Col des Aravis : Un Paradis de l&rsquo;Aventure en Montagne en Toutes Saisons","datePublished":"2023-08-19T07:00:00+00:00","mainEntityOfPage":{"@id":"https:\/\/endorfeen.com\/fr\/le-col-des-aravis-un-paradis-de-laventure-en-montagne-en-toutes-saisons\/"},"wordCount":1736,"commentCount":0,"publisher":{"@id":"https:\/\/endorfeen.com\/fr\/#organization"},"image":{"@id":"https:\/\/endorfeen.com\/fr\/le-col-des-aravis-un-paradis-de-laventure-en-montagne-en-toutes-saisons\/#primaryimage"},"thumbnailUrl":"https:\/\/endorfeen.com\/wp-content\/uploads\/2023\/08\/Final_NW_col_des_Aravis.jpg","keywords":["#Alpes"],"articleSection":["Aventures","Lieux","Montagnes"],"inLanguage":"fr-FR","potentialAction":[{"@type":"CommentAction","name":"Comment","target":["https:\/\/endorfeen.com\/fr\/le-col-des-aravis-un-paradis-de-laventure-en-montagne-en-toutes-saisons\/#respond"]}]},{"@type":"WebPage","@id":"https:\/\/endorfeen.com\/fr\/le-col-des-aravis-un-paradis-de-laventure-en-montagne-en-toutes-saisons\/","url":"https:\/\/endorfeen.com\/fr\/le-col-des-aravis-un-paradis-de-laventure-en-montagne-en-toutes-saisons\/","name":"Le Col des Aravis : Un Paradis de l'Aventure en Montagne en Toutes Saisons - endorfeen","isPartOf":{"@id":"https:\/\/endorfeen.com\/fr\/#website"},"primaryImageOfPage":{"@id":"https:\/\/endorfeen.com\/fr\/le-col-des-aravis-un-paradis-de-laventure-en-montagne-en-toutes-saisons\/#primaryimage"},"image":{"@id":"https:\/\/endorfeen.com\/fr\/le-col-des-aravis-un-paradis-de-laventure-en-montagne-en-toutes-saisons\/#primaryimage"},"thumbnailUrl":"https:\/\/endorfeen.com\/wp-content\/uploads\/2023\/08\/Final_NW_col_des_Aravis.jpg","datePublished":"2023-08-19T07:00:00+00:00","description":"Le col des Aravis, culminant \u00e0 1 486 m\u00e8tres d'altitude, repr\u00e9sente la fronti\u00e8re naturelle entre la commune de La Clusaz en Haute-Savoie...","breadcrumb":{"@id":"https:\/\/endorfeen.com\/fr\/le-col-des-aravis-un-paradis-de-laventure-en-montagne-en-toutes-saisons\/#breadcrumb"},"inLanguage":"fr-FR","potentialAction":[{"@type":"ReadAction","target":["https:\/\/endorfeen.com\/fr\/le-col-des-aravis-un-paradis-de-laventure-en-montagne-en-toutes-saisons\/"]}]},{"@type":"ImageObject","inLanguage":"fr-FR","@id":"https:\/\/endorfeen.com\/fr\/le-col-des-aravis-un-paradis-de-laventure-en-montagne-en-toutes-saisons\/#primaryimage","url":"https:\/\/endorfeen.com\/wp-content\/uploads\/2023\/08\/Final_NW_col_des_Aravis.jpg","contentUrl":"https:\/\/endorfeen.com\/wp-content\/uploads\/2023\/08\/Final_NW_col_des_Aravis.jpg","width":2048,"height":1536,"caption":"Col des Aravis - \u00a9 Anthospace"},{"@type":"BreadcrumbList","@id":"https:\/\/endorfeen.com\/fr\/le-col-des-aravis-un-paradis-de-laventure-en-montagne-en-toutes-saisons\/#breadcrumb","itemListElement":[{"@type":"ListItem","position":1,"name":"Home","item":"https:\/\/endorfeen.com\/fr\/"},{"@type":"ListItem","position":2,"name":"Le Col des Aravis : Un Paradis de l&#8217;Aventure en Montagne en Toutes Saisons"}]},{"@type":"WebSite","@id":"https:\/\/endorfeen.com\/fr\/#website","url":"https:\/\/endorfeen.com\/fr\/","name":"endorfeen","description":"The Media For Sustainable Outdoors.","publisher":{"@id":"https:\/\/endorfeen.com\/fr\/#organization"},"potentialAction":[{"@type":"SearchAction","target":{"@type":"EntryPoint","urlTemplate":"https:\/\/endorfeen.com\/fr\/?s={search_term_string}"},"query-input":{"@type":"PropertyValueSpecification","valueRequired":true,"valueName":"search_term_string"}}],"inLanguage":"fr-FR"},{"@type":"Organization","@id":"https:\/\/endorfeen.com\/fr\/#organization","name":"endorfeen","url":"https:\/\/endorfeen.com\/fr\/","logo":{"@type":"ImageObject","inLanguage":"fr-FR","@id":"https:\/\/endorfeen.com\/fr\/#\/schema\/logo\/image\/","url":"https:\/\/endorfeen.com\/wp-content\/uploads\/2022\/06\/Circle-endorfeen-site-icon-circled-1000-x-1000-300psi.png","contentUrl":"https:\/\/endorfeen.com\/wp-content\/uploads\/2022\/06\/Circle-endorfeen-site-icon-circled-1000-x-1000-300psi.png","width":1000,"height":1000,"caption":"endorfeen"},"image":{"@id":"https:\/\/endorfeen.com\/fr\/#\/schema\/logo\/image\/"}},{"@type":"Person","@id":"https:\/\/endorfeen.com\/fr\/#\/schema\/person\/76a61f8eb41d36fffdec1b376fcf19aa","name":"Thomas Viguier","image":{"@type":"ImageObject","inLanguage":"fr-FR","@id":"https:\/\/endorfeen.com\/fr\/#\/schema\/person\/image\/","url":"https:\/\/secure.gravatar.com\/avatar\/3c24e541f6f82c052219429c60a8948b1c9ad8eda6daf26af0a100594146ab1a?s=96&d=mm&r=g","contentUrl":"https:\/\/secure.gravatar.com\/avatar\/3c24e541f6f82c052219429c60a8948b1c9ad8eda6daf26af0a100594146ab1a?s=96&d=mm&r=g","caption":"Thomas Viguier"},"description":"Everyone has a story to tell. endorfeen is built as a collaborative platform, giving the voice to anyone with a story to tell. If you have things you want to share, register here.","sameAs":["https:\/\/www.endorfeen.com\/","http:\/\/www.facebook.com\/endorfeen-583261049007200","http:\/\/www.instagram.com\/endorfeen_\/","https:\/\/fi.pinterest.com\/endorfeen_\/","https:\/\/x.com\/https:\/\/twitter.com\/endorfeen_"],"url":"https:\/\/endorfeen.com\/fr\/linkto\/endorfeen-mag\/"}]}},"featured_image_src":"https:\/\/endorfeen.com\/wp-content\/uploads\/2023\/08\/Final_NW_col_des_Aravis-600x400.jpg","featured_image_src_square":"https:\/\/endorfeen.com\/wp-content\/uploads\/2023\/08\/Final_NW_col_des_Aravis-600x600.jpg","author_info":{"display_name":"Thomas Viguier","author_link":"https:\/\/endorfeen.com\/fr\/linkto\/endorfeen-mag\/"},"acf":[],"_links":{"self":[{"href":"https:\/\/endorfeen.com\/fr\/wp-json\/wp\/v2\/posts\/13677","targetHints":{"allow":["GET"]}}],"collection":[{"href":"https:\/\/endorfeen.com\/fr\/wp-json\/wp\/v2\/posts"}],"about":[{"href":"https:\/\/endorfeen.com\/fr\/wp-json\/wp\/v2\/types\/post"}],"author":[{"embeddable":true,"href":"https:\/\/endorfeen.com\/fr\/wp-json\/wp\/v2\/users\/30"}],"replies":[{"embeddable":true,"href":"https:\/\/endorfeen.com\/fr\/wp-json\/wp\/v2\/comments?post=13677"}],"version-history":[{"count":0,"href":"https:\/\/endorfeen.com\/fr\/wp-json\/wp\/v2\/posts\/13677\/revisions"}],"wp:featuredmedia":[{"embeddable":true,"href":"https:\/\/endorfeen.com\/fr\/wp-json\/wp\/v2\/media\/13838"}],"wp:attachment":[{"href":"https:\/\/endorfeen.com\/fr\/wp-json\/wp\/v2\/media?parent=13677"}],"wp:term":[{"taxonomy":"category","embeddable":true,"href":"https:\/\/endorfeen.com\/fr\/wp-json\/wp\/v2\/categories?post=13677"},{"taxonomy":"post_tag","embeddable":true,"href":"https:\/\/endorfeen.com\/fr\/wp-json\/wp\/v2\/tags?post=13677"},{"taxonomy":"sponsor","embeddable":true,"href":"https:\/\/endorfeen.com\/fr\/wp-json\/wp\/v2\/sponsor?post=13677"}],"curies":[{"name":"wp","href":"https:\/\/api.w.org\/{rel}","templated":true}]}}