{"id":13456,"date":"2023-09-14T08:17:38","date_gmt":"2023-09-14T07:17:38","guid":{"rendered":"https:\/\/endorfeen.com\/?p=13456"},"modified":"2023-09-14T10:55:28","modified_gmt":"2023-09-14T09:55:28","slug":"le-mont-aiguille","status":"publish","type":"post","link":"https:\/\/endorfeen.com\/fr\/le-mont-aiguille\/","title":{"rendered":"Le Mont Aiguille"},"content":{"rendered":"\n<p>Surnomm\u00e9 parfois \u201cla plus belle montagne du Monde\u201d, le mont Aiguille Vercors figure parmi les sept merveilles du Dauphin\u00e9. Son esth\u00e9tique envo\u00fbtante et son profil unique lui ont valu cette r\u00e9putation d&rsquo;exception dans le panorama des <a href=\"https:\/\/endorfeen.com\/fr\/aventures-alpines-a-la-decouverte-des-joyaux-des-alpes-francaises\/\">Alpes fran\u00e7aises<\/a>.<\/p>\n\n\n\n<figure class=\"wp-block-image alignwide size-large\"><img loading=\"lazy\" decoding=\"async\" width=\"1024\" height=\"577\" src=\"https:\/\/endorfeen.com\/wp-content\/uploads\/2023\/08\/Le-mont-aiguille-1024x577.png\" alt=\"le mont aiguille\" class=\"wp-image-13944\" srcset=\"https:\/\/endorfeen.com\/wp-content\/uploads\/2023\/08\/Le-mont-aiguille-300x169.png 300w, https:\/\/endorfeen.com\/wp-content\/uploads\/2023\/08\/Le-mont-aiguille-768x433.png 768w, https:\/\/endorfeen.com\/wp-content\/uploads\/2023\/08\/Le-mont-aiguille-1024x577.png 1024w, https:\/\/endorfeen.com\/wp-content\/uploads\/2023\/08\/Le-mont-aiguille-1536x865.png 1536w, https:\/\/endorfeen.com\/wp-content\/uploads\/2023\/08\/Le-mont-aiguille.png 1640w\" sizes=\"auto, (max-width: 1024px) 100vw, 1024px\" \/><figcaption class=\"wp-element-caption\">\u00a9 Maxime Chartier \/ pexels<\/figcaption><\/figure>\n\n\n\n<p>Par ailleurs, l&rsquo;une des caract\u00e9ristiques remarquables du mont Aiguille r\u00e9side dans sa composition g\u00e9ologique, principalement faite de roche calcaire. En effet, cela offre des opportunit\u00e9s pour la pratique de l&rsquo;alpinisme rocheux. En plus de son importance comme destination d&rsquo;alpinisme, le mont Aiguille joue un r\u00f4le crucial en tant que partie int\u00e9grante de la r\u00e9serve naturelle nationale des hauts plateaux du Vercors. <\/p>\n\n\n\n<p>Cette zone prot\u00e9g\u00e9e est soumise \u00e0 une r\u00e9glementation sp\u00e9cifique, refl\u00e9tant son importance \u00e9cologique et son statut de patrimoine naturel. Ainsi, \u00e0 titre d\u2019exemple, le bivouac est strictement interdit sur la pelouse sommitale, et ce, depuis Janvier 2022. Cette mesure vise \u00e0 pr\u00e9server la biodiversit\u00e9 fragile de la r\u00e9gion et \u00e0 maintenir l&rsquo;\u00e9quilibre d\u00e9licat de l&rsquo;\u00e9cosyst\u00e8me montagnard.<\/p>\n\n\n\n<h2 class=\"wp-block-heading\" id=\"h-pourquoi-l-appelle-t-on-mont-aiguille-nbsp\">Pourquoi l\u2019appelle-t-on Mont Aiguille&nbsp;?<\/h2>\n\n\n\n<p>La toponymie du mont Aiguille remonte \u00e0 l&rsquo;\u00e9poque m\u00e9di\u00e9vale. Celui-ci \u00e9tait entour\u00e9 d&rsquo;une aura de myst\u00e8re et de respect qui transcendaient sa simple apparence g\u00e9ologique. Il fut baptis\u00e9 en latin sous l&rsquo;appellation de \u00ab\u00a0<strong>Mons inaccessibilis<\/strong>\u00ab\u00a0, une expression qui se traduit litt\u00e9ralement par \u00ab\u00a0mont Inaccessible\u00a0\u00bb. Cette d\u00e9nomination n&rsquo;\u00e9tait pas le fruit du hasard, mais plut\u00f4t un reflet fid\u00e8le de la perception qu&rsquo;avaient les gens de cette \u00e9poque \u00e0 l&rsquo;\u00e9gard de cette montagne embl\u00e9matique.<\/p>\n\n\n\n<p>En effet, pour la population m\u00e9di\u00e9vale, le mont Aiguille Vercors \u00e9tait plus qu&rsquo;une simple formation rocheuse ; il repr\u00e9sentait un d\u00e9fi insurmontable, une \u00e9nigme de la nature, un \u00e9norme rocher extr\u00eamement haut et inatteignable pour l&rsquo;Homme. Sa stature imposante et son apparence inaccessibles en faisaient un symbole de l&rsquo;inconnaissable et de l&rsquo;inatteignable.<\/p>\n\n\n\n<p>De plus, les caract\u00e9ristiques physiques du mont Aiguille contribuaient \u00e0 cette image&nbsp;: ses pentes abruptes, ses falaises vertigineuses et son sommet souvent envelopp\u00e9 de nuages conf\u00e9raient \u00e0 la montagne une allure presque mythique. N\u00e9anmoins, avec le temps et les progr\u00e8s dans les techniques d&rsquo;escalade, la mystique du mont Aiguille s&rsquo;est quelque peu estomp\u00e9e, mais son nom latin et l&rsquo;histoire qui y est associ\u00e9e, restent grav\u00e9s dans la m\u00e9moire culturelle.<\/p>\n\n\n\n<h2 class=\"wp-block-heading\" id=\"h-ou-se-trouve-le-mont-aiguille-nbsp\">O\u00f9 se trouve le mont Aiguille&nbsp;?<\/h2>\n\n\n\n<p>Le mont Aiguille est situ\u00e9 dans la commune de Chichilianne et s&rsquo;\u00e9panouit dans le d\u00e9cor grandiose de la r\u00e9gion Auvergne Rh\u00f4ne Alpes, plus pr\u00e9cis\u00e9ment en Is\u00e8re (38), au sud de Grenoble. Cette pro\u00e9minence rocheuse s&rsquo;avance comme une dent distinctive de la falaise orientale du massif du Vercors, marquant la fronti\u00e8re avec le Tri\u00e8ves.<\/p>\n\n\n\n<p>En examinant le Mont Aiguille Vercors d&rsquo;un point de vue g\u00e9omorphologique, on peut identifier cette formation montagneuse comme une butte-t\u00e9moin. Une butte-t\u00e9moin est une structure g\u00e9ologique qui a \u00e9t\u00e9 pr\u00e9serv\u00e9e alors que l&rsquo;\u00e9rosion a \u00e9rod\u00e9 la r\u00e9gion environnante, dans ce cas, le plateau dont elle faisait \u00e0 l&rsquo;origine partie.<\/p>\n\n\n\n<p>La forme particuli\u00e8re du mont Aiguille d\u00e9coule de ce processus d&rsquo;\u00e9rosion diff\u00e9renci\u00e9e. Compos\u00e9 d&rsquo;un bloc robuste de falaises, surmont\u00e9 d&rsquo;une prairie sommitale, le mont Aiguille pr\u00e9sente des caract\u00e9ristiques qui refl\u00e8tent celles des alpages trouv\u00e9s sur l&rsquo;ensemble du plateau du Vercors.<\/p>\n\n\n\n<p>Par ailleurs, la pr\u00e9sence de la prairie sommitale, similaire aux alpages typiques de la r\u00e9gion, souligne l&rsquo;interconnexion entre le mont Aiguille et l&rsquo;\u00e9cosyst\u00e8me plus large du plateau du Vercors. Cela offre \u00e9galement des insights pr\u00e9cieux sur les processus g\u00e9omorphologiques qui ont fa\u00e7onn\u00e9 la r\u00e9gion, permettant aux scientifiques et aux chercheurs de mieux comprendre les forces dynamiques qui ont donn\u00e9 forme \u00e0 ce paysage unique et impressionnant.<\/p>\n\n\n\n<h3 class=\"wp-block-heading\" id=\"h-la-geologie-du-mont-aiguille-vercors\">La g\u00e9ologie du mont Aiguille Vercors<\/h3>\n\n\n\n<p>Comme mentionn\u00e9 pr\u00e9c\u00e9demment, le mont Aiguille du Vercors repr\u00e9sente une structure g\u00e9ologique fascinante compos\u00e9e principalement de calcaire.<\/p>\n\n\n\n<p>Autrefois rattach\u00e9e au reste du massif, cette \u00e9caille calcaire se distingue par sa composition vari\u00e9e et complexe. En effet, la base du mont Aiguille est form\u00e9e d&rsquo;un m\u00e9lange de calcaire tendre et de marnes. Ainsi, cette disposition particuli\u00e8re des mat\u00e9riaux a conduit \u00e0 une morphologie unique, qui elle-m\u00eame r\u00e9sulte de la diff\u00e9rence de comportement entre ces couches, face \u00e0 l&rsquo;\u00e9rosion.<\/p>\n\n\n\n<p>Par ailleurs, il faut savoir que l&rsquo;histoire g\u00e9ologique du mont Aiguille est profond\u00e9ment li\u00e9e \u00e0 la formation des <a href=\"https:\/\/endorfeen.com\/the-alps-europes-most-iconic-mountain-range\/\">Alpes<\/a>. En effet, cette formation a boulevers\u00e9 les couches de calcaires d\u00e9pos\u00e9es au fond de l\u2019ancienne mer T\u00e9thys qui, au fil du temps, ont \u00e9t\u00e9 ont \u00e9t\u00e9 soulev\u00e9es, pliss\u00e9es et fractur\u00e9es au cours des ph\u00e9nom\u00e8nes tectoniques. De plus, l\u2019eau qui s\u2019est infiltr\u00e9e dans ces fissures, a creus\u00e9 la base de l\u2019aiguille o\u00f9 les roches sont plus fragiles, faisant s\u2019\u00e9crouler des pans entiers de la paroi. Cela a \u00e9t\u00e9 exacerb\u00e9 par ce qu\u2019on appelle la karstification\u00a0; soit le processus qui permet la dissolution des roches, principalement le calcaire, par l\u2019action de l\u2019eau charg\u00e9e de gaz carbonique.<\/p>\n\n\n\n<p>Par ailleurs, le soubassement du mont Aiguille offre \u00e9galement des indices passionnants sur l&rsquo;histoire de la Terre. Il est form\u00e9 par des calcaires argileux et contient de nombreux fossiles tels que des ammonites, b\u00e9lemnites, bivalves et parfois m\u00eame des oursins. Ces fossiles t\u00e9moignent de la pr\u00e9sence d&rsquo;une mer autrefois consid\u00e9r\u00e9e comme profonde et calme. En contraste, le calcaire urgonien qui forme la falaise du mont Aiguille contient d&rsquo;autres types de fossiles marins.<\/p>\n\n\n\n<p>Notons que la falaise, haute de 300 m\u00e8tres, a n\u00e9cessit\u00e9 environ 10 millions d&rsquo;ann\u00e9es pour se construire, symbolisant un chapitre important dans l&rsquo;histoire g\u00e9ologique de la r\u00e9gion.<\/p>\n\n\n\n<h3 class=\"wp-block-heading\" id=\"h-dimensions-du-mont-aiguille\">Dimensions du mont Aiguille<\/h3>\n\n\n\n<p>Le mont Aiguille se distingue par ses dimensions impressionnantes qui contribuent \u00e0 sa majest\u00e9 naturelle.<\/p>\n\n\n\n<p>Atteignant une altitude de 2 087 m\u00e8tres, il se compose d&rsquo;un d\u00f4me dont la hauteur varie entre 1 653 et 1 837 m\u00e8tres. Le chicot de la montagne, autre caract\u00e9ristique remarquable, pr\u00e9sente deux piliers distincts : le pilier sud-ouest mesure 250 m\u00e8tres, tandis que le pilier nord-est s&rsquo;\u00e9l\u00e8ve \u00e0 350 m\u00e8tres. La structure du mont Aiguille s&rsquo;\u00e9tend sur une longueur de 900 m\u00e8tres avec une largeur maximale de 130 m\u00e8tres.<\/p>\n\n\n\n<p>Ces mesures offrent un aper\u00e7u de la grandeur du mont Aiguille et soulignent l&rsquo;importance de cette formation g\u00e9ologique dans le paysage du massif du Vercors.<\/p>\n\n\n\n<h3 class=\"wp-block-heading\" id=\"h-une-veritable-reserve-naturelle\">Une v\u00e9ritable r\u00e9serve naturelle<\/h3>\n\n\n\n<p>La faune du mont Aiguille est caract\u00e9ris\u00e9e par une diversit\u00e9 relativement limit\u00e9e, r\u00e9sultant de l&rsquo;isolement de la zone sommitale. N\u00e9anmoins, quelques esp\u00e8ces animales y ont trouv\u00e9 refuge. Parmi les mammif\u00e8res, les Bouquetins des Alpes sont observables quotidiennement, et les Campagnols des neiges y r\u00e9sident \u00e9galement. Ces deux esp\u00e8ces sont les seules repr\u00e9sentantes de mammif\u00e8res connues dans cette r\u00e9gion.<\/p>\n\n\n\n<p>Le ciel au-dessus du mont Aiguille Vercors est souvent anim\u00e9 par la pr\u00e9sence d&rsquo;oiseaux tels que les Vautours fauves, les Gypa\u00e8tes barbus et les Aigles royaux, qui peuvent \u00eatre observ\u00e9s assez facilement. Le Tichodrome \u00e9chelette est \u00e9galement un compagnon fr\u00e9quent des grimpeurs durant leur ascension. Parfois, la pelouse sommitale accueille quelques Lagop\u00e8des alpins, probablement venant des hauts plateaux du Vercors.<\/p>\n\n\n\n<p>De son c\u00f4t\u00e9, la flore constitue l&rsquo;une des principales richesses du mont Aiguille. En effet, plus de 130 esp\u00e8ces de plantes ont \u00e9t\u00e9 recens\u00e9es \u00e0 son sommet, et la composition unique de sa prairie fait l&rsquo;objet d&rsquo;un suivi sp\u00e9cifique par <strong><a href=\"http:\/\/www.cbn-alpin.fr\/\" target=\"_blank\" rel=\"noreferrer noopener\">le Conservatoire Botanique National Alpin<\/a><\/strong>. La prairie est orn\u00e9e de nombreuses plantes \u00e0 fleurs, y compris le Lis de Saint-Bruno, le Lis martagon et l&rsquo;Orchis globuleux. Par ailleurs, les parois du mont Aiguille sont \u00e9galement tr\u00e8s riches en flore, offrant l&rsquo;opportunit\u00e9 d&rsquo;observer des esp\u00e8ces telles que la Primev\u00e8re oreille d&rsquo;ours ou le Saxifrage du Dauphin\u00e9. L&rsquo;ensemble de ces \u00e9l\u00e9ments contribue \u00e0 faire du mont Aiguille un \u00e9cosyst\u00e8me unique et pr\u00e9cieux, t\u00e9moignant de la biodiversit\u00e9 et de la beaut\u00e9 naturelle de la r\u00e9gion.<\/p>\n\n\n\n<h2 class=\"wp-block-heading\" id=\"h-la-fabuleuse-histoire-du-mont-aiguille\">La fabuleuse histoire du mont Aiguille<\/h2>\n\n\n\n<figure class=\"wp-block-image alignwide size-large\"><img loading=\"lazy\" decoding=\"async\" width=\"1024\" height=\"683\" src=\"https:\/\/endorfeen.com\/wp-content\/uploads\/2023\/08\/mont-aiguille-vercors-1024x683.jpg\" alt=\"Mont Aiguille Vercors en arri\u00e8re plan.\" class=\"wp-image-13465\" srcset=\"https:\/\/endorfeen.com\/wp-content\/uploads\/2023\/08\/mont-aiguille-vercors-300x200.jpg 300w, https:\/\/endorfeen.com\/wp-content\/uploads\/2023\/08\/mont-aiguille-vercors-600x400.jpg 600w, https:\/\/endorfeen.com\/wp-content\/uploads\/2023\/08\/mont-aiguille-vercors-768x512.jpg 768w, https:\/\/endorfeen.com\/wp-content\/uploads\/2023\/08\/mont-aiguille-vercors-1024x683.jpg 1024w, https:\/\/endorfeen.com\/wp-content\/uploads\/2023\/08\/mont-aiguille-vercors-1536x1024.jpg 1536w, https:\/\/endorfeen.com\/wp-content\/uploads\/2023\/08\/mont-aiguille-vercors-scaled.jpg 2048w\" sizes=\"auto, (max-width: 1024px) 100vw, 1024px\" \/><figcaption class=\"wp-element-caption\">\u00a9 Maxime Chartier \/ pexels<\/figcaption><\/figure>\n\n\n\n<p>Comme tout autre mont de cette envergure, le mont Aiguille Vercors regorge d\u2019exploits qui ont fa\u00e7onn\u00e9 son histoire, devenue l\u00e9gendaire au fil des si\u00e8cles.<\/p>\n\n\n\n<h3 class=\"wp-block-heading\" id=\"h-les-exploits-lies-au-mont\">Les exploits li\u00e9s au mont<\/h3>\n\n\n\n<p>La riche histoire d&rsquo;exploration du mont Aiguille commence avec une premi\u00e8re ascension m\u00e9morable r\u00e9alis\u00e9e le 26 juin 1492. Antoine de Ville, seigneur lorrain et capitaine au service du roi de France, a entrepris cette aventure audacieuse.<\/p>\n\n\n\n<p>Selon diff\u00e9rentes sources, il \u00e9tait accompagn\u00e9 soit de 7 hommes, soit d&rsquo;une 20aine + un notaire, sur ordre du roi Charles VIII. Pour r\u00e9aliser cet exploit, ils ont utilis\u00e9 des \u00e9chelles et des pitons, une m\u00e9thode novatrice pour l&rsquo;\u00e9poque.<\/p>\n\n\n\n<p>D\u2019ailleurs, cette ascension est souvent consid\u00e9r\u00e9e comme la naissance de l&rsquo;alpinisme, marquant un tournant dans la fa\u00e7on dont les humains abordent les montagnes. Ainsi, le \u00ab\u00a0mont Inaccessible\u00a0\u00bb a \u00e9t\u00e9 rebaptis\u00e9 \u00ab\u00a0Aiguille-Fort\u00a0\u00bb.<\/p>\n\n\n\n<p>La deuxi\u00e8me ascension, cependant, n&rsquo;a \u00e9t\u00e9 r\u00e9alis\u00e9e que plusieurs si\u00e8cles plus tard, en 1834, par des habitants des villages situ\u00e9s en contrebas. Ainsi, cette longue pause dans les explorations du mont Aiguille Vercors souligne la difficult\u00e9 et le caract\u00e8re intimidant de la montagne.<\/p>\n\n\n\n<p>Ensuite, l&rsquo;histoire du mont Aiguille comprend \u00e9galement des exploits a\u00e9riens remarquables, notamment celui d\u2019Henri Giraud, chef pilote \u00e0 l&rsquo;A\u00e9ro-Club du Dauphin\u00e9 et aviateur en montagne renomm\u00e9, qui fut le seul \u00e0 avoir jamais atterri sur la prairie sommitale. Celui-ci l&rsquo;a fait pour la premi\u00e8re fois en 1957.<\/p>\n\n\n\n<p>Le mont Aiguille a \u00e9galement \u00e9t\u00e9 le th\u00e9\u00e2tre d&rsquo;exploits sportifs. Pierre Tardivel, un skieur de montagne renomm\u00e9, a descendu \u00e0 skis la voie des tubulaires en 27 janvier 1992. Cet \u00e9v\u00e9nement a \u00e9t\u00e9 organis\u00e9 \u00e0 l&rsquo;occasion du 500e anniversaire de la premi\u00e8re ascension, rendant hommage \u00e0 l&rsquo;h\u00e9ritage historique du mont et \u00e0 sa place dans la communaut\u00e9 alpine.<\/p>\n\n\n\n<h3 class=\"wp-block-heading\" id=\"h-ecrits-et-legendes-autour-du-mont-aiguille\">\u00c9crits et l\u00e9gendes autour du mont Aiguille<\/h3>\n\n\n\n<p>Les l\u00e9gendes et les mythes entourant le mont Aiguille ont longtemps fascin\u00e9 les esprits, des princes aux intellectuels, et ont contribu\u00e9 \u00e0 former une image mystique de la montagne. Pour beaucoup, la plate-forme sommitale \u00e9tait per\u00e7ue comme une sorte d&rsquo;Eden, un sanctuaire isol\u00e9 et pr\u00e9serv\u00e9 du monde ordinaire et profane.<\/p>\n\n\n\n<figure class=\"wp-block-image alignwide size-full\"><img loading=\"lazy\" decoding=\"async\" width=\"1024\" height=\"768\" src=\"https:\/\/endorfeen.com\/wp-content\/uploads\/2023\/09\/Gresse-en-Vercors_Mont-Aiguille_vue_depuis_environs_du_Pas_du_Serpaton_4.jpg\" alt=\"\" class=\"wp-image-14147\" srcset=\"https:\/\/endorfeen.com\/wp-content\/uploads\/2023\/09\/Gresse-en-Vercors_Mont-Aiguille_vue_depuis_environs_du_Pas_du_Serpaton_4-300x225.jpg 300w, https:\/\/endorfeen.com\/wp-content\/uploads\/2023\/09\/Gresse-en-Vercors_Mont-Aiguille_vue_depuis_environs_du_Pas_du_Serpaton_4-400x300.jpg 400w, https:\/\/endorfeen.com\/wp-content\/uploads\/2023\/09\/Gresse-en-Vercors_Mont-Aiguille_vue_depuis_environs_du_Pas_du_Serpaton_4-768x576.jpg 768w, https:\/\/endorfeen.com\/wp-content\/uploads\/2023\/09\/Gresse-en-Vercors_Mont-Aiguille_vue_depuis_environs_du_Pas_du_Serpaton_4-800x600.jpg 800w, https:\/\/endorfeen.com\/wp-content\/uploads\/2023\/09\/Gresse-en-Vercors_Mont-Aiguille_vue_depuis_environs_du_Pas_du_Serpaton_4.jpg 1024w\" sizes=\"auto, (max-width: 1024px) 100vw, 1024px\" \/><figcaption class=\"wp-element-caption\"><font size=\"1\">Mont Aiguille<\/font> &#8211; \u00a9 Marc Roussel<\/figcaption><\/figure>\n\n\n\n<p>D\u00e8s le d\u00e9but du 13\u00e8me si\u00e8cle, Gervais de Tilbury, neveu du roi d&rsquo;Angleterre Henri II, a contribu\u00e9 \u00e0 la l\u00e9gende en d\u00e9crivant le mont Aiguille comme une montagne inaccessible d&rsquo;o\u00f9 coule une source transparente. Il d\u00e9peint un sommet o\u00f9 l&rsquo;herbe verdoie et o\u00f9 l&rsquo;on peut parfois apercevoir des draps blancs \u00e9tendus pour s\u00e9cher, selon la coutume des lavandi\u00e8res. Ces images po\u00e9tiques, combin\u00e9es aux restes de neige sur la prairie sommitale et \u00e0 l&rsquo;imagination fertile de l&rsquo;observateur, ont donn\u00e9 naissance \u00e0 la l\u00e9gende persistante des lavandi\u00e8res du mont Aiguille.<\/p>\n\n\n\n<p>Au Moyen \u00c2ge, le mont \u00e9tait connu sous le nom latin de <strong>Supereminet Invius<\/strong>, ce qui signifie \u00ab il se dresse, inaccessible \u00bb. Il \u00e9tait repr\u00e9sent\u00e9 comme un \u00e9norme rocher d&rsquo;une hauteur impressionnante, et les artistes de l&rsquo;\u00e9poque l&rsquo;ont souvent illustr\u00e9 sous la forme d&rsquo;un champignon ou d&rsquo;une pyramide invers\u00e9e. Sa popularit\u00e9 surpassait m\u00eame celle des g\u00e9ants des Alpes, restant largement inconnus du grand public.<\/p>\n\n\n\n<p>Au 16<sup>\u00e8me<\/sup> si\u00e8cle, le c\u00e9l\u00e8bre \u00e9crivain <a href=\"https:\/\/www.larousse.fr\/encyclopedie\/personnage\/Fran%C3%A7ois_Rabelais\/140121\" target=\"_blank\" rel=\"noreferrer noopener\"><strong>Rabelais<\/strong><\/a>, a relat\u00e9 dans le \u00ab\u00a0Quart Livre\u00a0\u00bb une mani\u00e8re imaginative l&rsquo;ascension r\u00e9alis\u00e9e par Antoine de Ville du \u00ab mont Inaccessible \u00bb. Il a d\u00e9crit la montagne comme \u00e9tant \u00ab scabreuse, pierreuse, montueuse&#8230; tr\u00e8s difficile aux pieds \u00bb.<\/p>\n\n\n\n<p>Puis, en 1656, l&rsquo;histoire du mont Aiguille Vercors a pris une tournure encore plus fantastique lorsque Denys de Salvaing de Boissieu a \u00e9crit dans \u00ab\u00a0<strong>Septem miracula Delphinatus<\/strong>\u00a0\u00bb (Les sept merveilles du Dauphin\u00e9) que des d\u00e9esses chass\u00e9es du mont Olympe s&rsquo;\u00e9taient r\u00e9fugi\u00e9es sur ce promontoire.<\/p>\n\n\n\n<p>Ces l\u00e9gendes et r\u00e9cits, qui oscillent entre le mystique et le merveilleux, ont contribu\u00e9 \u00e0 faire du mont Aiguille un lieu embl\u00e9matique, impr\u00e9gn\u00e9 de symbolisme et d&rsquo;imagination. De plus, sa forme unique et son isolement ont captiv\u00e9 l&rsquo;esprit humain, le faisant transcender la simple g\u00e9ologie pour devenir une ic\u00f4ne de la culture, de l&rsquo;histoire et de la mythologie r\u00e9gionale. Il reste un t\u00e9moignage de la mani\u00e8re dont la nature peut inspirer des histoires et des l\u00e9gendes qui perdurent \u00e0 travers les \u00e2ges, renfor\u00e7ant la connexion entre l&rsquo;homme et son environnement.<\/p>\n\n\n\n<h2 class=\"wp-block-heading\" id=\"h-l-ascension-du-mont-aiguille\">L\u2019ascension du mont Aiguille<\/h2>\n\n\n\n<figure class=\"wp-block-image alignwide size-large\"><img loading=\"lazy\" decoding=\"async\" width=\"1024\" height=\"683\" src=\"https:\/\/endorfeen.com\/wp-content\/uploads\/2023\/08\/mont-aiguille-vercors-vue-complete-1024x683.jpg\" alt=\"Mont Aiguille Vercors vue de pr\u00e8s.\" class=\"wp-image-13467\" srcset=\"https:\/\/endorfeen.com\/wp-content\/uploads\/2023\/08\/mont-aiguille-vercors-vue-complete-300x200.jpg 300w, https:\/\/endorfeen.com\/wp-content\/uploads\/2023\/08\/mont-aiguille-vercors-vue-complete-600x400.jpg 600w, https:\/\/endorfeen.com\/wp-content\/uploads\/2023\/08\/mont-aiguille-vercors-vue-complete-768x512.jpg 768w, https:\/\/endorfeen.com\/wp-content\/uploads\/2023\/08\/mont-aiguille-vercors-vue-complete-1024x683.jpg 1024w, https:\/\/endorfeen.com\/wp-content\/uploads\/2023\/08\/mont-aiguille-vercors-vue-complete-1536x1024.jpg 1536w, https:\/\/endorfeen.com\/wp-content\/uploads\/2023\/08\/mont-aiguille-vercors-vue-complete-scaled.jpg 2048w\" sizes=\"auto, (max-width: 1024px) 100vw, 1024px\" \/><figcaption class=\"wp-element-caption\">\u00a9 Jametlene Reskp \/ unsplash<\/figcaption><\/figure>\n\n\n\n<p>Comme indiqu\u00e9 pr\u00e9c\u00e9demment, l&rsquo;ascension du mont Aiguille en 1492 par Antoine De Ville et ses compagnons d&rsquo;aventure a marqu\u00e9 une \u00e9tape historique importante dans l&rsquo;alpinisme. Leur parcours \u00e9tait probablement une fusion des voies Freychet et Tubulaires.<\/p>\n\n\n\n<p>Il a ensuite fallu attendre jusqu&rsquo;en 1834 pour que cet exploit s\u2019accomplisse \u00e0 nouveau, \u00e0 travers ce que l\u2019on connait d\u00e9sormais comme \u00ab&nbsp;la voie normale&nbsp;\u00bb.<\/p>\n\n\n\n<p>Au mont Aiguille la voie normale avec son niveau technique modeste, rend accessible l&rsquo;ascension \u00e0 un large \u00e9ventail de grimpeurs, permettant \u00e0 de nombreux aspirants de fouler son plateau sommital. En effet, en choisissant d&rsquo;\u00eatre accompagn\u00e9 par un guide, les visiteurs peuvent pleinement appr\u00e9cier la beaut\u00e9 sauvage et les paysages magnifiques qui s&rsquo;\u00e9tendent entre <a href=\"https:\/\/fr.wikipedia.org\/wiki\/Tri%C3%A8ves\" target=\"_blank\" rel=\"noreferrer noopener\"><strong>Tri\u00e8ves<\/strong><\/a> et <a href=\"https:\/\/fr.wikipedia.org\/wiki\/Massif_du_Vercors\" target=\"_blank\" rel=\"noreferrer noopener\"><strong>Vercors<\/strong><\/a>.<\/p>\n\n\n\n<p>Ainsi, l&rsquo;ascension classique emprunte g\u00e9n\u00e9ralement le mont Aiguille par voie normale ou ses variantes, menant \u00e0 la base du passage des \u00ab\u00a0Meules\u00a0\u00bb. De l\u00e0, elle traverse vers la Tour des G\u00e9meaux pour rejoindre les sentiers et passages habituellement utilis\u00e9s lors de la descente.<\/p>\n\n\n\n<p>Malgr\u00e9 quelques difficult\u00e9s pour ceux qui sont sujets au vertige, l&rsquo;ascension est principalement une randonn\u00e9e alpine, int\u00e9grant des \u00e9tapes d&rsquo;escalade de niveau III \/ IV, des passages de chemin\u00e9es, des vires herbeuses, et des ressauts.<\/p>\n\n\n\n<p>Notons que la voie est partiellement \u00e9quip\u00e9e de c\u00e2bles r\u00e9guli\u00e8rement entretenus et d&rsquo;ancrages scell\u00e9s pour s\u00e9curiser les passages les plus d\u00e9licats.<\/p>\n\n\n\n<p>Enfin, il faut savoir que la descente classique commence pr\u00e8s de la plaque comm\u00e9morative du 500e anniversaire, suivant la derni\u00e8re partie des Tubulaires et se terminant par deux rappels. N\u00e9anmoins, et malgr\u00e9 la nature parfois m\u00e9diocre de la roche, le danger principal vient de la fr\u00e9quentation \u00e9lev\u00e9e de l&rsquo;itin\u00e9raire. En effet, des cord\u00e9es inexp\u00e9riment\u00e9es et les chutes de pierres fr\u00e9quentes peuvent cr\u00e9er des risques, et cela peut m\u00eame ressembler \u00e0 une pluie de m\u00e9t\u00e9orites \u00e0 \u00e9viter, selon qui ou quoi (y compris un troupeau de bouquetins) se trouve au-dessus. Ainsi, une premi\u00e8re ascension guid\u00e9e est souvent recommand\u00e9e pour une exp\u00e9rience plus s\u00fbre et plus agr\u00e9able, permettant aux grimpeurs de se concentrer sur l&rsquo;exp\u00e9rience sans se soucier de l&rsquo;itin\u00e9raire.<\/p>\n\n\n\n<h3 class=\"wp-block-heading\" id=\"h-les-differentes-voies-accessibles-au-mont-aiguille\">Les diff\u00e9rentes voies accessibles au mont Aiguille<\/h3>\n\n\n\n<p>Au mont Aiguille, les falaises abruptes sont sillonn\u00e9es par de nombreuses voies, chacune offrant diff\u00e9rents niveaux de difficult\u00e9 et d&rsquo;engagement. D\u2019ailleurs, ces parcours apportent un plaisir consid\u00e9rable, que ce soit pour les novices ou les grimpeurs exp\u00e9riment\u00e9s.<\/p>\n\n\n\n<ul class=\"wp-block-list\">\n<li><strong>Voie Freychet<\/strong> : On le consid\u00e8re comme le chemin probable emprunt\u00e9 par Antoine De Ville lors de sa premi\u00e8re ascension. Il est encore r\u00e9guli\u00e8rement utilis\u00e9 comme variante de descente.<\/li>\n\n\n\n<li><strong>Voie de la Tour des G\u00e9meaux<\/strong> : Une voie tr\u00e8s classique, qui se classe comme la plus emprunt\u00e9e apr\u00e8s celle de l\u2019ascension au mont Aiguille par voie Normale.<\/li>\n\n\n\n<li><strong>Voie des Etudiants<\/strong>&nbsp;: C&rsquo;est une voie classique, fr\u00e9quemment emprunt\u00e9e malgr\u00e9 son itin\u00e9raire vertical et athl\u00e9tique.<\/li>\n\n\n\n<li><strong>Voie du Pilier S.<\/strong>&nbsp;: orient\u00e9e au Sud, c\u2019est une belle voie classique dans les Pr\u00e9Alpes, agr\u00e9able et ensoleill\u00e9e.<\/li>\n\n\n\n<li><strong>Voie du 29 Mai<\/strong>&nbsp;: Voie classique mais actuellement peu parcourue, probablement \u00e0 cause de prises instables et de risques de chutes de pierres.<\/li>\n\n\n\n<li><strong>Voie des Diables<\/strong>&nbsp;: Ouverte dans les ann\u00e9es 1970, cette voie historique, est encore r\u00e9guli\u00e8rement parcourue pour sa superbe ligne avec des longueurs assez courtes.<\/li>\n\n\n\n<li><strong>Voie Coluche<\/strong>&nbsp;: Une voie atypique mais classique, accessible depuis 1986 et parcourue assez fr\u00e9quemment malgr\u00e9 son ensoleillement (uniquement en d\u00e9but d&rsquo;apr\u00e8s-midi).<\/li>\n\n\n\n<li><strong>Voie La Directissime<\/strong>&nbsp;: Situ\u00e9e \u00e0 droite de la face SE, c\u2019est une belle voie difficile, qui aujourd&rsquo;hui est n\u00e9glig\u00e9e malgr\u00e9 sa ligne magnifique.<\/li>\n\n\n\n<li><strong>Voie des Tubulaires<\/strong>&nbsp;: Fr\u00e9quemment utilis\u00e9e pour la descente de la voie normale jusqu&rsquo;au premier rappel, cette voie est connue pour son beau couloir skiable en hiver.<\/li>\n\n\n\n<li><strong>Voie Trilio<\/strong>&nbsp;: Caract\u00e9ris\u00e9e par un niveau d&rsquo;engagement \u00e9lev\u00e9 et une tendance expos\u00e9e, cette voie moderne est tr\u00e8s difficile et rarement emprunt\u00e9e.<\/li>\n<\/ul>\n\n\n\n<p>En somme, l&rsquo;itin\u00e9raire commence par une marche d&rsquo;approche en direction du col de l&rsquo;Aupet, situ\u00e9 \u00e0 1653 m\u00e8tres, et conduit au pied de l&rsquo;\u00e9minence rocheuse. Sachant que le point le plus \u00e9lev\u00e9 du massif du Vercors, connu sous le nom de \u00ab Le Grand Veymont \u00bb et culminant \u00e0 2 341 m\u00e8tres, propose un panorama exceptionnel \u00e0 360\u00b0. Ce sommet surplombe notamment la commune de Gresse-en-Vercors, offrant une vue splendide sur ces paysages.<\/p>\n\n\n\n<h3 class=\"wp-block-heading\" id=\"h-les-voies-les-plus-connues-du-mont-aiguille\">Les voies les plus connues du mont Aiguille<\/h3>\n\n\n\n<p>Bien que le mont Aiguille soit accessible via plusieurs voies, deux d\u2019entre elles se distinguent, tant elles sont appr\u00e9ci\u00e9es par les amateurs d\u2019escalade.<\/p>\n\n\n\n<h4 class=\"wp-block-heading\" id=\"h-la-tour-des-gemeaux\">La Tour des G\u00e9meaux<\/h4>\n\n\n\n<p>Les six longueurs diff\u00e9rentes offrent une exp\u00e9rience d&rsquo;escalade vari\u00e9e avec des prises s\u00e9curisantes. La tour est partiellement \u00e9quip\u00e9e, vous donnant ainsi l&rsquo;opportunit\u00e9 d&rsquo;explorer l&rsquo;escalade avec pitons et coinceurs, une technique que les guides de haute montagne appr\u00e9cient particuli\u00e8rement.<\/p>\n\n\n\n<h4 class=\"wp-block-heading\" id=\"h-le-pilier-sud\">Le Pilier Sud<\/h4>\n\n\n\n<p>Situ\u00e9e en hauteur au-dessus du hameau \u00ab\u00a0la Richadi\u00e8re\u00a0\u00bb, l&rsquo;ascension du Mont Aiguille par le Pilier Sud est une des voies classiques pour atteindre le sommet dans un terrain montagneux. Cette voie comporte au total 10 longueurs et est trac\u00e9e dans la verticale, offrant une sensation de vide lorsqu&rsquo;on se trouve sur le fil du pilier. D\u2019ailleurs, ce moment constitue un point culminant de l&rsquo;ascension, rendant la voie riche en \u00e9motions et sans aucun doute comparable aux nombreuses grandes voies du Vercors.<\/p>\n\n\n\n<h3 class=\"wp-block-heading\" id=\"h-quel-materiel-pour-faire-l-ascension-du-mont-aiguille\">Quel mat\u00e9riel pour faire l&rsquo;ascension du Mont Aiguille ?<\/h3>\n\n\n\n<p>Pour r\u00e9ussir l&rsquo;ascension du Mont Aiguille, le choix du mat\u00e9riel est crucial. Voici la liste du mat\u00e9riel n\u00e9cessaire, ainsi que quelques conseils pour une exp\u00e9rience s\u00fbre et agr\u00e9able :<\/p>\n\n\n\n<ul class=\"wp-block-list\">\n<li><strong>Corde et mat\u00e9riel d&rsquo;escalade<\/strong> : Le mat\u00e9riel doit inclure une corde, un harnais, des mousquetons, des d\u00e9gaines, et un baudrier. Aussi, pour une protection optimale contre les chutes de pierres ou les glissements de rochers, le port d&rsquo;un casque est vital.<\/li>\n\n\n\n<li><strong>Chaussures <\/strong>: Il est imp\u00e9ratif de choisir des chaussures de randonn\u00e9e qui soient \u00e0 la fois confortables et robustes. Elles doivent \u00eatre sp\u00e9cifiquement con\u00e7ues pour la montagne et assurer une adh\u00e9rence solide sur les terrains rocheux.<\/li>\n\n\n\n<li><strong>V\u00eatements<\/strong>: il faut savoir que l&rsquo;altitude peut entra\u00eener des temp\u00e9ratures fra\u00eeches, m\u00eame en \u00e9t\u00e9. Il est imp\u00e9ratif de pr\u00e9voir des v\u00eatements chauds, et d\u2019opter pour des couches superpos\u00e9es afin de pouvoir ajuster la tenue en fonction des conditions m\u00e9t\u00e9orologiques.<\/li>\n\n\n\n<li><strong>Sac \u00e0 dos<\/strong> : Un sac \u00e0 dos de taille suffisante est n\u00e9cessaire pour transporter tout le mat\u00e9riel essentiel, comme la nourriture, l&rsquo;eau, des v\u00eatements suppl\u00e9mentaires, et les \u00e9quipements de s\u00e9curit\u00e9.<\/li>\n\n\n\n<li><strong>Carte et boussole<\/strong> : Bien que le sentier puisse \u00eatre clairement balis\u00e9, une carte et une boussole restent des outils indispensables pour vous orienter.<\/li>\n<\/ul>\n\n\n\n<p>En conclusion, la pr\u00e9paration minutieuse de votre sortie est essentielle. Renseignez-vous sur les conditions m\u00e9t\u00e9orologiques et planifiez en cons\u00e9quence pour garantir une ascension s\u00fbre et agr\u00e9able du Mont Aiguille.<\/p>\n\n\n\n<h2 class=\"wp-block-heading\" id=\"h-tour-du-mont-aiguille\">Tour du Mont Aiguille<\/h2>\n\n\n\n<p>Faire le tour du mont Aiguille Vercors est une exp\u00e9rience qui reste grav\u00e9e dans la m\u00e9moire. En effet, ce sommet, dot\u00e9 d&rsquo;une forme atypique et distinctive, offre des vues fascinantes que vous pourrez admirer sous tous ses angles durant une randonn\u00e9e.<\/p>\n\n\n\n<p>Au tout d\u00e9but, le d\u00e9part peut se faire depuis le hameau pittoresque de la B\u00e2tie ou de Tr\u00e9zanne, deux lieux empreints d&rsquo;un charme local unique. Tout au long du parcours, le mont Aiguille restera en vue, ajoutant une dimension majestueuse unique.<\/p>\n\n\n\n<p>Par ailleurs, la randonn\u00e9e n&rsquo;est pas seulement une occasion de contempler la beaut\u00e9 naturelle du mont Aiguille, mais permet \u00e9galement de d\u00e9couvrir quelques tr\u00e9sors et curiosit\u00e9s architecturales du Tri\u00e8ves. D\u2019ailleurs, un des points forts est la visite de la Chapelle de Tr\u00e9zanne, un \u00e9difice historique qui t\u00e9moigne de l&rsquo;histoire riche et diversifi\u00e9e de la r\u00e9gion.<\/p>\n\n\n\n<p>Ensuite, la boucle de la randonn\u00e9e guide \u00e0 travers une vari\u00e9t\u00e9 de paysages, alternant entre les sous-bois ombrag\u00e9s, les prairies ouvertes et fleuries, et la travers\u00e9e de quelques hameaux pittoresques. Ces derniers sont souvent dot\u00e9s de maisons traditionnelles et de petits jardins qui ajoutent un charme suppl\u00e9mentaire \u00e0 l&rsquo;itin\u00e9raire.<\/p>\n\n\n\n<p>En chemin, il est \u00e9galement possible d\u2019observer la faune et la flore mentionn\u00e9es pr\u00e9c\u00e9demment\u2026 Des esp\u00e8ces qui ont trouv\u00e9 leur habitat dans ce cadre montagneux unique. L&rsquo;interaction entre les \u00e9l\u00e9ments naturels et les structures humaines offre une exp\u00e9rience compl\u00e8te et enrichissante, autant pour les amateurs de nature que pour ceux int\u00e9ress\u00e9s par l&rsquo;histoire et la culture de la r\u00e9gion.<\/p>\n\n\n\n<p>En r\u00e9sum\u00e9, faire le tour du mont Aiguille Vercors est bien plus qu&rsquo;une simple randonn\u00e9e. C&rsquo;est une immersion dans un paysage \u00e0 la fois sauvage et habit\u00e9, o\u00f9 chaque pas rapproche de la d\u00e9couverte d&rsquo;un patrimoine naturel et culturel exceptionnel.<\/p>\n\n\n\n<h3 class=\"wp-block-heading\" id=\"h-peut-on-bivouaquer-au-pied-ou-au-sommet-du-mont-aiguille\">Peut-on bivouaquer au pied ou au sommet du Mont-Aiguille ?<\/h3>\n\n\n\n<p>La R\u00e9serve Naturelle des Hauts Plateaux du Vercors, qui englobe le mont Aiguille et son environnement imm\u00e9diat, est soumise \u00e0 une r\u00e9glementation stricte concernant le bivouac. La pr\u00e9servation de la biodiversit\u00e9 et des caract\u00e9ristiques g\u00e9ologiques de cette r\u00e9gion est au c\u0153ur de ces r\u00e9glementations.<\/p>\n\n\n\n<p>Ainsi, depuis janvier 2022, un arr\u00eat\u00e9 pr\u00e9fectoral interdit le bivouac sur toute la prairie sommitale du mont Aiguille. N\u00e9anmoins, il reste possible d\u2019installer un bivouac \u00e0 proximit\u00e9 du mont, tout en se conformant aux r\u00e8gles sp\u00e9cifiques en vigueur.<\/p>\n\n\n\n<p>Aussi, le bivouac y est autoris\u00e9 uniquement \u00e0 des heures sp\u00e9cifiques, et doit \u00eatre effectu\u00e9 en dehors des zones prot\u00e9g\u00e9es, des sentiers de randonn\u00e9e, et des sites d&rsquo;escalade. Ces mesures ont pour but de minimiser l&rsquo;impact sur l&rsquo;\u00e9cosyst\u00e8me local tout en permettant aux visiteurs de profiter de la beaut\u00e9 de la r\u00e9gion.<\/p>\n\n\n\n<h2 class=\"wp-block-heading\" id=\"h-conclusion\">Conclusion<\/h2>\n\n\n\n<p>En conclusion, le mont Aiguille transcende sa stature de monument naturel impressionnant pour se r\u00e9v\u00e9ler comme un livre ouvert sur l&rsquo;histoire g\u00e9ologique. Il offre non seulement des aper\u00e7us de l&rsquo;\u00e9volution complexe de la Terre, mais \u00e9galement des perspectives fascinantes sur la dynamique de l&rsquo;\u00e9rosion et sur la vie marine ancienne qui a autrefois habit\u00e9 ces r\u00e9gions.<\/p>\n\n\n\n<p>Les roches et les strates t\u00e9moignent de p\u00e9riodes g\u00e9ologiques r\u00e9volues, et les fossiles incrust\u00e9s dans ses parois racontent une histoire ancienne de la vie sur Terre. De son c\u00f4t\u00e9, la formation de la montagne et son modelage au fil du temps offrent des opportunit\u00e9s uniques d&rsquo;\u00e9tudier les processus g\u00e9ologiques en action, tels que le plissement, la fracturation et l&rsquo;\u00e9rosion.<\/p>\n\n\n\n<p>En effet, le mont Aiguille Vercors n&rsquo;est pas simplement un lieu d&rsquo;une beaut\u00e9 naturelle saisissante, mais \u00e9galement un site d&rsquo;\u00e9tude et de contemplation d&rsquo;une valeur inestimable pour les g\u00e9ologues, pal\u00e9ontologues, \u00e9cologistes et amateurs de nature. Pour les chercheurs, c&rsquo;est une fen\u00eatre sur le pass\u00e9 qui peut aider \u00e0 comprendre les processus qui ont fa\u00e7onn\u00e9 notre monde. Pour les amoureux de la nature, c&rsquo;est un lieu de r\u00e9flexion et d&rsquo;admiration qui \u00e9veille un sens profond de connexion avec la Terre.<\/p>\n\n\n\n<p>Enfin, le mont Aiguille, avec ses myst\u00e8res et ses merveilles, continue d&rsquo;inspirer et de fasciner tous ceux qui le visitent, contribuant ainsi \u00e0 un h\u00e9ritage naturel et culturel qui enrichit notre appr\u00e9ciation du monde naturel. C&rsquo;est un symbole de l&rsquo;interaction entre la g\u00e9ologie, l&rsquo;\u00e9cologie et l&rsquo;humanit\u00e9, et il reste une destination pris\u00e9e pour l&rsquo;exploration, l&rsquo;\u00e9ducation et l&rsquo;\u00e9merveillement.<\/p>\n","protected":false},"excerpt":{"rendered":"<p>Le mont Aiguille consid\u00e9r\u00e9 comme l&rsquo;une des merveilles du Dauphin\u00e9 regorge d&rsquo;histoire et de l\u00e9gendes. Ainsi, son ascension est l&rsquo;une des plus appr\u00e9ci\u00e9e par les alpinistes du monde entier.<\/p>\n","protected":false},"author":379,"featured_media":13460,"comment_status":"open","ping_status":"open","sticky":false,"template":"","format":"standard","meta":{"_acf_changed":false,"_genesis_hide_title":false,"_genesis_hide_breadcrumbs":false,"_genesis_hide_singular_image":false,"_genesis_hide_footer_widgets":false,"_genesis_custom_body_class":"","_genesis_custom_post_class":"","_genesis_layout":"","footnotes":""},"categories":[170,156,606],"tags":[172,619,161,1089,1090],"sponsor":[1087],"class_list":{"2":"type-post","7":"category-aventures","8":"category-lieux","9":"category-montagnes","10":"tag-alpes","11":"tag-alpinisme","12":"tag-histoire","13":"tag-montaiguille","14":"tag-vercors","15":"sponsor-endorfeen","16":"entry"},"yoast_head":"<!-- This site is optimized with the Yoast SEO Premium plugin v26.2 (Yoast SEO v26.2) - https:\/\/yoast.com\/wordpress\/plugins\/seo\/ -->\n<title>Le Mont Aiguille - endorfeen<\/title>\n<meta name=\"description\" content=\"Vous recherchez des informations sur le mont Aiguille ? Retrouvez dans cet article tout ce qu&#039;il faut savoir sur ce tr\u00e9sor du Vercors.\" \/>\n<meta name=\"robots\" content=\"index, follow, max-snippet:-1, max-image-preview:large, max-video-preview:-1\" \/>\n<link rel=\"canonical\" href=\"https:\/\/endorfeen.com\/fr\/le-mont-aiguille\/\" \/>\n<meta property=\"og:locale\" content=\"fr_FR\" \/>\n<meta property=\"og:type\" content=\"article\" \/>\n<meta property=\"og:title\" content=\"Le Mont Aiguille\" \/>\n<meta property=\"og:description\" content=\"Vous recherchez des informations sur le mont Aiguille ? Retrouvez dans cet article tout ce qu&#039;il faut savoir sur ce tr\u00e9sor du Vercors.\" \/>\n<meta property=\"og:url\" content=\"https:\/\/endorfeen.com\/fr\/le-mont-aiguille\/\" \/>\n<meta property=\"og:site_name\" content=\"endorfeen\" \/>\n<meta property=\"article:published_time\" content=\"2023-09-14T07:17:38+00:00\" \/>\n<meta property=\"article:modified_time\" content=\"2023-09-14T09:55:28+00:00\" \/>\n<meta property=\"og:image\" content=\"https:\/\/endorfeen.com\/wp-content\/uploads\/2023\/08\/mont-aiguille-scaled.jpg\" \/>\n\t<meta property=\"og:image:width\" content=\"2560\" \/>\n\t<meta property=\"og:image:height\" content=\"1707\" \/>\n\t<meta property=\"og:image:type\" content=\"image\/jpeg\" \/>\n<meta name=\"author\" content=\"Yasmine Madiou\" \/>\n<meta name=\"twitter:card\" content=\"summary_large_image\" \/>\n<meta name=\"twitter:label1\" content=\"\u00c9crit par\" \/>\n\t<meta name=\"twitter:data1\" content=\"Yasmine Madiou\" \/>\n\t<meta name=\"twitter:label2\" content=\"Dur\u00e9e de lecture estim\u00e9e\" \/>\n\t<meta name=\"twitter:data2\" content=\"17 minutes\" \/>\n<script type=\"application\/ld+json\" class=\"yoast-schema-graph\">{\"@context\":\"https:\/\/schema.org\",\"@graph\":[{\"@type\":\"Article\",\"@id\":\"https:\/\/endorfeen.com\/fr\/le-mont-aiguille\/#article\",\"isPartOf\":{\"@id\":\"https:\/\/endorfeen.com\/fr\/le-mont-aiguille\/\"},\"author\":{\"name\":\"Yasmine Madiou\",\"@id\":\"https:\/\/endorfeen.com\/fr\/#\/schema\/person\/d88b6d6fd680c39c46e4a412f9d490b4\"},\"headline\":\"Le Mont Aiguille\",\"datePublished\":\"2023-09-14T07:17:38+00:00\",\"dateModified\":\"2023-09-14T09:55:28+00:00\",\"mainEntityOfPage\":{\"@id\":\"https:\/\/endorfeen.com\/fr\/le-mont-aiguille\/\"},\"wordCount\":4202,\"commentCount\":0,\"publisher\":{\"@id\":\"https:\/\/endorfeen.com\/fr\/#organization\"},\"image\":{\"@id\":\"https:\/\/endorfeen.com\/fr\/le-mont-aiguille\/#primaryimage\"},\"thumbnailUrl\":\"https:\/\/endorfeen.com\/wp-content\/uploads\/2023\/08\/mont-aiguille-scaled.jpg\",\"keywords\":[\"#Alpes\",\"#Alpinisme\",\"#histoire\",\"#MontAiguille\",\"#Vercors\"],\"articleSection\":[\"Aventures\",\"Lieux\",\"Montagnes\"],\"inLanguage\":\"fr-FR\",\"potentialAction\":[{\"@type\":\"CommentAction\",\"name\":\"Comment\",\"target\":[\"https:\/\/endorfeen.com\/fr\/le-mont-aiguille\/#respond\"]}]},{\"@type\":\"WebPage\",\"@id\":\"https:\/\/endorfeen.com\/fr\/le-mont-aiguille\/\",\"url\":\"https:\/\/endorfeen.com\/fr\/le-mont-aiguille\/\",\"name\":\"Le Mont Aiguille - endorfeen\",\"isPartOf\":{\"@id\":\"https:\/\/endorfeen.com\/fr\/#website\"},\"primaryImageOfPage\":{\"@id\":\"https:\/\/endorfeen.com\/fr\/le-mont-aiguille\/#primaryimage\"},\"image\":{\"@id\":\"https:\/\/endorfeen.com\/fr\/le-mont-aiguille\/#primaryimage\"},\"thumbnailUrl\":\"https:\/\/endorfeen.com\/wp-content\/uploads\/2023\/08\/mont-aiguille-scaled.jpg\",\"datePublished\":\"2023-09-14T07:17:38+00:00\",\"dateModified\":\"2023-09-14T09:55:28+00:00\",\"description\":\"Vous recherchez des informations sur le mont Aiguille ? Retrouvez dans cet article tout ce qu'il faut savoir sur ce tr\u00e9sor du Vercors.\",\"breadcrumb\":{\"@id\":\"https:\/\/endorfeen.com\/fr\/le-mont-aiguille\/#breadcrumb\"},\"inLanguage\":\"fr-FR\",\"potentialAction\":[{\"@type\":\"ReadAction\",\"target\":[\"https:\/\/endorfeen.com\/fr\/le-mont-aiguille\/\"]}]},{\"@type\":\"ImageObject\",\"inLanguage\":\"fr-FR\",\"@id\":\"https:\/\/endorfeen.com\/fr\/le-mont-aiguille\/#primaryimage\",\"url\":\"https:\/\/endorfeen.com\/wp-content\/uploads\/2023\/08\/mont-aiguille-scaled.jpg\",\"contentUrl\":\"https:\/\/endorfeen.com\/wp-content\/uploads\/2023\/08\/mont-aiguille-scaled.jpg\",\"width\":2560,\"height\":1707,\"caption\":\"Mont Aiguille vue de loin.\"},{\"@type\":\"BreadcrumbList\",\"@id\":\"https:\/\/endorfeen.com\/fr\/le-mont-aiguille\/#breadcrumb\",\"itemListElement\":[{\"@type\":\"ListItem\",\"position\":1,\"name\":\"Home\",\"item\":\"https:\/\/endorfeen.com\/fr\/\"},{\"@type\":\"ListItem\",\"position\":2,\"name\":\"Le Mont Aiguille\"}]},{\"@type\":\"WebSite\",\"@id\":\"https:\/\/endorfeen.com\/fr\/#website\",\"url\":\"https:\/\/endorfeen.com\/fr\/\",\"name\":\"endorfeen\",\"description\":\"The Media For Sustainable Outdoors.\",\"publisher\":{\"@id\":\"https:\/\/endorfeen.com\/fr\/#organization\"},\"potentialAction\":[{\"@type\":\"SearchAction\",\"target\":{\"@type\":\"EntryPoint\",\"urlTemplate\":\"https:\/\/endorfeen.com\/fr\/?s={search_term_string}\"},\"query-input\":{\"@type\":\"PropertyValueSpecification\",\"valueRequired\":true,\"valueName\":\"search_term_string\"}}],\"inLanguage\":\"fr-FR\"},{\"@type\":\"Organization\",\"@id\":\"https:\/\/endorfeen.com\/fr\/#organization\",\"name\":\"endorfeen\",\"url\":\"https:\/\/endorfeen.com\/fr\/\",\"logo\":{\"@type\":\"ImageObject\",\"inLanguage\":\"fr-FR\",\"@id\":\"https:\/\/endorfeen.com\/fr\/#\/schema\/logo\/image\/\",\"url\":\"https:\/\/endorfeen.com\/wp-content\/uploads\/2022\/06\/Circle-endorfeen-site-icon-circled-1000-x-1000-300psi.png\",\"contentUrl\":\"https:\/\/endorfeen.com\/wp-content\/uploads\/2022\/06\/Circle-endorfeen-site-icon-circled-1000-x-1000-300psi.png\",\"width\":1000,\"height\":1000,\"caption\":\"endorfeen\"},\"image\":{\"@id\":\"https:\/\/endorfeen.com\/fr\/#\/schema\/logo\/image\/\"}},{\"@type\":\"Person\",\"@id\":\"https:\/\/endorfeen.com\/fr\/#\/schema\/person\/d88b6d6fd680c39c46e4a412f9d490b4\",\"name\":\"Yasmine Madiou\",\"image\":{\"@type\":\"ImageObject\",\"inLanguage\":\"fr-FR\",\"@id\":\"https:\/\/endorfeen.com\/fr\/#\/schema\/person\/image\/\",\"url\":\"https:\/\/secure.gravatar.com\/avatar\/116795de3a5f4d25f2700d2c0f1ae6aa1063110e86d70ecb4d479b96c0c05d34?s=96&d=mm&r=g\",\"contentUrl\":\"https:\/\/secure.gravatar.com\/avatar\/116795de3a5f4d25f2700d2c0f1ae6aa1063110e86d70ecb4d479b96c0c05d34?s=96&d=mm&r=g\",\"caption\":\"Yasmine Madiou\"},\"url\":\"https:\/\/endorfeen.com\/fr\/linkto\/yasmine-madiou\/\"}]}<\/script>\n<!-- \/ Yoast SEO Premium plugin. -->","yoast_head_json":{"title":"Le Mont Aiguille - endorfeen","description":"Vous recherchez des informations sur le mont Aiguille ? Retrouvez dans cet article tout ce qu'il faut savoir sur ce tr\u00e9sor du Vercors.","robots":{"index":"index","follow":"follow","max-snippet":"max-snippet:-1","max-image-preview":"max-image-preview:large","max-video-preview":"max-video-preview:-1"},"canonical":"https:\/\/endorfeen.com\/fr\/le-mont-aiguille\/","og_locale":"fr_FR","og_type":"article","og_title":"Le Mont Aiguille","og_description":"Vous recherchez des informations sur le mont Aiguille ? Retrouvez dans cet article tout ce qu'il faut savoir sur ce tr\u00e9sor du Vercors.","og_url":"https:\/\/endorfeen.com\/fr\/le-mont-aiguille\/","og_site_name":"endorfeen","article_published_time":"2023-09-14T07:17:38+00:00","article_modified_time":"2023-09-14T09:55:28+00:00","og_image":[{"width":2560,"height":1707,"url":"https:\/\/endorfeen.com\/wp-content\/uploads\/2023\/08\/mont-aiguille-scaled.jpg","type":"image\/jpeg"}],"author":"Yasmine Madiou","twitter_card":"summary_large_image","twitter_misc":{"\u00c9crit par":"Yasmine Madiou","Dur\u00e9e de lecture estim\u00e9e":"17 minutes"},"schema":{"@context":"https:\/\/schema.org","@graph":[{"@type":"Article","@id":"https:\/\/endorfeen.com\/fr\/le-mont-aiguille\/#article","isPartOf":{"@id":"https:\/\/endorfeen.com\/fr\/le-mont-aiguille\/"},"author":{"name":"Yasmine Madiou","@id":"https:\/\/endorfeen.com\/fr\/#\/schema\/person\/d88b6d6fd680c39c46e4a412f9d490b4"},"headline":"Le Mont Aiguille","datePublished":"2023-09-14T07:17:38+00:00","dateModified":"2023-09-14T09:55:28+00:00","mainEntityOfPage":{"@id":"https:\/\/endorfeen.com\/fr\/le-mont-aiguille\/"},"wordCount":4202,"commentCount":0,"publisher":{"@id":"https:\/\/endorfeen.com\/fr\/#organization"},"image":{"@id":"https:\/\/endorfeen.com\/fr\/le-mont-aiguille\/#primaryimage"},"thumbnailUrl":"https:\/\/endorfeen.com\/wp-content\/uploads\/2023\/08\/mont-aiguille-scaled.jpg","keywords":["#Alpes","#Alpinisme","#histoire","#MontAiguille","#Vercors"],"articleSection":["Aventures","Lieux","Montagnes"],"inLanguage":"fr-FR","potentialAction":[{"@type":"CommentAction","name":"Comment","target":["https:\/\/endorfeen.com\/fr\/le-mont-aiguille\/#respond"]}]},{"@type":"WebPage","@id":"https:\/\/endorfeen.com\/fr\/le-mont-aiguille\/","url":"https:\/\/endorfeen.com\/fr\/le-mont-aiguille\/","name":"Le Mont Aiguille - endorfeen","isPartOf":{"@id":"https:\/\/endorfeen.com\/fr\/#website"},"primaryImageOfPage":{"@id":"https:\/\/endorfeen.com\/fr\/le-mont-aiguille\/#primaryimage"},"image":{"@id":"https:\/\/endorfeen.com\/fr\/le-mont-aiguille\/#primaryimage"},"thumbnailUrl":"https:\/\/endorfeen.com\/wp-content\/uploads\/2023\/08\/mont-aiguille-scaled.jpg","datePublished":"2023-09-14T07:17:38+00:00","dateModified":"2023-09-14T09:55:28+00:00","description":"Vous recherchez des informations sur le mont Aiguille ? Retrouvez dans cet article tout ce qu'il faut savoir sur ce tr\u00e9sor du Vercors.","breadcrumb":{"@id":"https:\/\/endorfeen.com\/fr\/le-mont-aiguille\/#breadcrumb"},"inLanguage":"fr-FR","potentialAction":[{"@type":"ReadAction","target":["https:\/\/endorfeen.com\/fr\/le-mont-aiguille\/"]}]},{"@type":"ImageObject","inLanguage":"fr-FR","@id":"https:\/\/endorfeen.com\/fr\/le-mont-aiguille\/#primaryimage","url":"https:\/\/endorfeen.com\/wp-content\/uploads\/2023\/08\/mont-aiguille-scaled.jpg","contentUrl":"https:\/\/endorfeen.com\/wp-content\/uploads\/2023\/08\/mont-aiguille-scaled.jpg","width":2560,"height":1707,"caption":"Mont Aiguille vue de loin."},{"@type":"BreadcrumbList","@id":"https:\/\/endorfeen.com\/fr\/le-mont-aiguille\/#breadcrumb","itemListElement":[{"@type":"ListItem","position":1,"name":"Home","item":"https:\/\/endorfeen.com\/fr\/"},{"@type":"ListItem","position":2,"name":"Le Mont Aiguille"}]},{"@type":"WebSite","@id":"https:\/\/endorfeen.com\/fr\/#website","url":"https:\/\/endorfeen.com\/fr\/","name":"endorfeen","description":"The Media For Sustainable Outdoors.","publisher":{"@id":"https:\/\/endorfeen.com\/fr\/#organization"},"potentialAction":[{"@type":"SearchAction","target":{"@type":"EntryPoint","urlTemplate":"https:\/\/endorfeen.com\/fr\/?s={search_term_string}"},"query-input":{"@type":"PropertyValueSpecification","valueRequired":true,"valueName":"search_term_string"}}],"inLanguage":"fr-FR"},{"@type":"Organization","@id":"https:\/\/endorfeen.com\/fr\/#organization","name":"endorfeen","url":"https:\/\/endorfeen.com\/fr\/","logo":{"@type":"ImageObject","inLanguage":"fr-FR","@id":"https:\/\/endorfeen.com\/fr\/#\/schema\/logo\/image\/","url":"https:\/\/endorfeen.com\/wp-content\/uploads\/2022\/06\/Circle-endorfeen-site-icon-circled-1000-x-1000-300psi.png","contentUrl":"https:\/\/endorfeen.com\/wp-content\/uploads\/2022\/06\/Circle-endorfeen-site-icon-circled-1000-x-1000-300psi.png","width":1000,"height":1000,"caption":"endorfeen"},"image":{"@id":"https:\/\/endorfeen.com\/fr\/#\/schema\/logo\/image\/"}},{"@type":"Person","@id":"https:\/\/endorfeen.com\/fr\/#\/schema\/person\/d88b6d6fd680c39c46e4a412f9d490b4","name":"Yasmine Madiou","image":{"@type":"ImageObject","inLanguage":"fr-FR","@id":"https:\/\/endorfeen.com\/fr\/#\/schema\/person\/image\/","url":"https:\/\/secure.gravatar.com\/avatar\/116795de3a5f4d25f2700d2c0f1ae6aa1063110e86d70ecb4d479b96c0c05d34?s=96&d=mm&r=g","contentUrl":"https:\/\/secure.gravatar.com\/avatar\/116795de3a5f4d25f2700d2c0f1ae6aa1063110e86d70ecb4d479b96c0c05d34?s=96&d=mm&r=g","caption":"Yasmine Madiou"},"url":"https:\/\/endorfeen.com\/fr\/linkto\/yasmine-madiou\/"}]}},"featured_image_src":"https:\/\/endorfeen.com\/wp-content\/uploads\/2023\/08\/mont-aiguille-scaled.jpg","featured_image_src_square":"https:\/\/endorfeen.com\/wp-content\/uploads\/2023\/08\/mont-aiguille-scaled.jpg","author_info":{"display_name":"Yasmine Madiou","author_link":"https:\/\/endorfeen.com\/fr\/linkto\/yasmine-madiou\/"},"acf":[],"_links":{"self":[{"href":"https:\/\/endorfeen.com\/fr\/wp-json\/wp\/v2\/posts\/13456","targetHints":{"allow":["GET"]}}],"collection":[{"href":"https:\/\/endorfeen.com\/fr\/wp-json\/wp\/v2\/posts"}],"about":[{"href":"https:\/\/endorfeen.com\/fr\/wp-json\/wp\/v2\/types\/post"}],"author":[{"embeddable":true,"href":"https:\/\/endorfeen.com\/fr\/wp-json\/wp\/v2\/users\/379"}],"replies":[{"embeddable":true,"href":"https:\/\/endorfeen.com\/fr\/wp-json\/wp\/v2\/comments?post=13456"}],"version-history":[{"count":0,"href":"https:\/\/endorfeen.com\/fr\/wp-json\/wp\/v2\/posts\/13456\/revisions"}],"wp:featuredmedia":[{"embeddable":true,"href":"https:\/\/endorfeen.com\/fr\/wp-json\/wp\/v2\/media\/13460"}],"wp:attachment":[{"href":"https:\/\/endorfeen.com\/fr\/wp-json\/wp\/v2\/media?parent=13456"}],"wp:term":[{"taxonomy":"category","embeddable":true,"href":"https:\/\/endorfeen.com\/fr\/wp-json\/wp\/v2\/categories?post=13456"},{"taxonomy":"post_tag","embeddable":true,"href":"https:\/\/endorfeen.com\/fr\/wp-json\/wp\/v2\/tags?post=13456"},{"taxonomy":"sponsor","embeddable":true,"href":"https:\/\/endorfeen.com\/fr\/wp-json\/wp\/v2\/sponsor?post=13456"}],"curies":[{"name":"wp","href":"https:\/\/api.w.org\/{rel}","templated":true}]}}