{"id":12298,"date":"2023-07-22T08:00:00","date_gmt":"2023-07-22T07:00:00","guid":{"rendered":"https:\/\/endorfeen.com\/?p=12298"},"modified":"2023-08-18T11:01:36","modified_gmt":"2023-08-18T10:01:36","slug":"la-course-sierre-zinal","status":"publish","type":"post","link":"https:\/\/endorfeen.com\/fr\/la-course-sierre-zinal\/","title":{"rendered":"La Course Sierre-Zinal"},"content":{"rendered":"\n<p>Renomm\u00e9 comme une incarnation de l&rsquo;endurance et du spectacle dans les Alpes valaisannes, la course Sierre-Zinal trace un parcours difficile de 31 kilom\u00e8tres \u00e0 travers certains des plus spectaculaires paysages alpins de Suisse. Tenue annuellement le deuxi\u00e8me dimanche d&rsquo;ao\u00fbt, la course traverse la pente est du Val d&rsquo;Anniviers, tissant un sentier de la ville anim\u00e9e de Sierre \u00e0 la rustique charme de Zinal village. Les gens surnomment affectueusement l&rsquo;\u00e9v\u00e9nement \u00abla course des cinq 4000\u00bb. Cela rend hommage au quintette de pics impressionnants &#8211; Weisshorn, Zinalrothorn, Ober Gabelhorn, Matterhorn et Dent Blanche.<\/p>\n\n\n\n<p>Chaque sommet s&rsquo;\u00e9l\u00e8ve au-dessus de 4 000 m\u00e8tres et est visible depuis le parcours de course. Cette course de montagne estim\u00e9e, une institution dans le calendrier de course alpine depuis sa cr\u00e9ation en 1974, captive les participants et les spectateurs avec son m\u00e9lange harmonieux de d\u00e9fi physique et de grandeur naturelle.<\/p>\n\n\n\n<figure class=\"wp-block-image alignwide size-large\"><img loading=\"lazy\" decoding=\"async\" width=\"1024\" height=\"683\" src=\"https:\/\/endorfeen.com\/wp-content\/uploads\/2023\/07\/C-Patrick-Zufferey_SZ13.08.2022_avant-Nava-11-1024x683.jpg\" alt=\" class=\" class=\"wp-image-12265\" srcset=\"https:\/\/endorfeen.com\/wp-content\/uploads\/2023\/07\/C-Patrick-Zufferey_SZ13.08.2022_avant-Nava-11-300x200.jpg 300w, https:\/\/endorfeen.com\/wp-content\/uploads\/2023\/07\/C-Patrick-Zufferey_SZ13.08.2022_avant-Nava-11-600x400.jpg 600w, https:\/\/endorfeen.com\/wp-content\/uploads\/2023\/07\/C-Patrick-Zufferey_SZ13.08.2022_avant-Nava-11-768x512.jpg 768w, https:\/\/endorfeen.com\/wp-content\/uploads\/2023\/07\/C-Patrick-Zufferey_SZ13.08.2022_avant-Nava-11-1024x683.jpg 1024w, https:\/\/endorfeen.com\/wp-content\/uploads\/2023\/07\/C-Patrick-Zufferey_SZ13.08.2022_avant-Nava-11-1536x1025.jpg 1536w, https:\/\/endorfeen.com\/wp-content\/uploads\/2023\/07\/C-Patrick-Zufferey_SZ13.08.2022_avant-Nava-11-scaled.jpg 2048w\" sizes=\"auto, (max-width: 1024px) 100vw, 1024px\" \/><figcaption class=\"wp-element-caption\">\u00a9 Patrick Zufferey \/ Sierra Zinal<\/figcaption><\/figure>\n\n\n\n<h2 class=\"wp-block-heading\" id=\"h-l-histoire-turbulente-et-triomphale-de-la-course-sierre-zinal\">L&rsquo;Histoire Turbulente et Triomphale de la Course Sierre-Zinal<\/h2>\n\n\n\n<h3 class=\"wp-block-heading\" id=\"h-l-ascension-de-la-course-sierre-zinal-de-l-obscurite-a-la-renommee-internationale\">L&rsquo;Ascension de la Course Sierre-Zinal : De l&rsquo;Obscurit\u00e9 \u00e0 la Renomm\u00e9e Internationale<\/h3>\n\n\n\n<p>Jean-Claude Pont a introduit la Course Sierre-Zinal au d\u00e9but des ann\u00e9es 1970 pour pallier le manque de courses en montagne en Suisse. La course couvrait un parcours de 31 kilom\u00e8tres de Sierre \u00e0 Zinal par le Val d&rsquo;Anniviers. Les hommes et les femmes pouvaient participer, avec une cat\u00e9gorie sp\u00e9ciale \u00ab\u00a0Touristes\u00a0\u00bb pour les athl\u00e8tes populaires. Malgr\u00e9 le scepticisme, la premi\u00e8re course fut un succ\u00e8s, avec 422 coureurs ayant termin\u00e9, emmen\u00e9s par Edi Hauser.<\/p>\n\n\n\n<p>En 1975, No\u00ebl Tamini de la revue Spiridon et Pont a \u00e9tabli la Coupe Internationale de Montagne (CIME). La course Sierre-Zinal a \u00e9t\u00e9 ajout\u00e9e imm\u00e9diatement au calendrier. Les courses Sierre-Zinal et Sierre-Montana \u00e9taient consid\u00e9r\u00e9es comme de premier ordre, ce qui signifiait leur reconnaissance internationale. En 1979, la CIME a introduit une cat\u00e9gorie \u00ab Super \u00bb pour les courses difficiles, et Sierre-Zinal \u00e9tait parmi les premiers \u00e0 obtenir cette distinction.<\/p>\n\n\n\n<p>La course de 2002 a \u00e9t\u00e9 raccourcie en raison des conditions m\u00e9t\u00e9orologiques s\u00e9v\u00e8res et a \u00e9t\u00e9 remport\u00e9e par Jonathan Wyatt. Wyatt est revenu l&rsquo;ann\u00e9e suivante pour remporter le parcours complet, \u00e9tablissant un record de 2 heures, 29 minutes et 12 secondes. Cette ann\u00e9e-l\u00e0, la course a \u00e9galement commenc\u00e9 \u00e0 appara\u00eetre sporadiquement sur le calendrier de la Skyrunner World Series.<\/p>\n\n\n\n<h3 class=\"wp-block-heading\" id=\"h-triomphes-epreuves-et-transitions-le-parcours-du-world-long-distance-mountain-running-challenge\">Triomphes, \u00c9preuves et Transitions : Le Parcours du World Long Distance Mountain Running Challenge<\/h3>\n\n\n\n<p>La course de 2004 a accueilli le Challenge inaugural de course de montagne \u00e0 longue distance du monde et les premiers titres sont all\u00e9s \u00e0 Ricardo Mej\u00eda et Ang\u00e9line Joly. Joly et Anna Pichrtov\u00e1, en 2008, d\u00e9passeraient plus tard le record f\u00e9minin d&rsquo;Angela Mudge de 2001 de moins de 3 heures, avec Pichrtov\u00e1 \u00e9tablissant un nouveau record de 2 heures, 54 minutes et 26 secondes.<\/p>\n\n\n\n<p>La course a connu sa part de controverses, avec des incidents de dopage qui ont disqualifi\u00e9 l&rsquo;\u00c9rythr\u00e9en Petro Mamu de sa quatri\u00e8me place en 2017 et les vainqueurs initiaux Mark Kangogo et Esther Chesang en 2022. L&rsquo;\u00e9dition 2018 a vu la course rejoindre les calendriers de la Coupe du monde de course en montagne et de la Golden Trail World Series, ce qui a solidifi\u00e9 sa place dans le paysage international des courses.<\/p>\n\n\n\n<p>La pand\u00e9mie de Covid-19 en 2020 a forc\u00e9 un changement dans le calendrier de la course Sierre-Zinal. Les organisateurs ont d\u00e9plac\u00e9 la course de son emplacement d&rsquo;ao\u00fbt initial \u00e0 septembre. Les mesures sanitaires ont \u00e9galement conduit \u00e0 un changement vers un format d&rsquo;un mois avec des horaires de d\u00e9part flexibles. Pendant cette p\u00e9riode, K\u00edlian Jornet et Maude Mathys ont d\u00e9fendu leurs titres. Jornet a remport\u00e9 \u00e0 nouveau en 2022 apr\u00e8s que les officiels aient disqualifi\u00e9 Kangogo en raison du dopage. Ils ont d\u00e9clar\u00e9 Mathys vainqueur apr\u00e8s la suspension ult\u00e9rieure de Chesang. La course continue d&rsquo;\u00eatre un pilier de l&rsquo;histoire de la course en montagne avec ses \u00e9preuves et ses triomphes.<\/p>\n\n\n\n<h2 class=\"wp-block-heading\" id=\"h-l-enthousiaste-de-la-course-sierre-zinal\">L&rsquo;Enthousiaste de la Course Sierre-Zinal<\/h2>\n\n\n\n<figure class=\"wp-block-image alignwide size-large\"><img loading=\"lazy\" decoding=\"async\" width=\"1024\" height=\"768\" src=\"https:\/\/endorfeen.com\/wp-content\/uploads\/2023\/07\/C-Jean-Noel-Theytaz_SZ18.08.20-6-1024x768.png\" alt=\" class=\" class=\"wp-image-12268\" srcset=\"https:\/\/endorfeen.com\/wp-content\/uploads\/2023\/07\/C-Jean-Noel-Theytaz_SZ18.08.20-6-300x225.png 300w, https:\/\/endorfeen.com\/wp-content\/uploads\/2023\/07\/C-Jean-Noel-Theytaz_SZ18.08.20-6-400x300.png 400w, https:\/\/endorfeen.com\/wp-content\/uploads\/2023\/07\/C-Jean-Noel-Theytaz_SZ18.08.20-6-768x576.png 768w, https:\/\/endorfeen.com\/wp-content\/uploads\/2023\/07\/C-Jean-Noel-Theytaz_SZ18.08.20-6-800x600.png 800w, https:\/\/endorfeen.com\/wp-content\/uploads\/2023\/07\/C-Jean-Noel-Theytaz_SZ18.08.20-6-1024x768.png 1024w, https:\/\/endorfeen.com\/wp-content\/uploads\/2023\/07\/C-Jean-Noel-Theytaz_SZ18.08.20-6-1200x900.png 1200w, https:\/\/endorfeen.com\/wp-content\/uploads\/2023\/07\/C-Jean-Noel-Theytaz_SZ18.08.20-6-1536x1152.png 1536w, https:\/\/endorfeen.com\/wp-content\/uploads\/2023\/07\/C-Jean-Noel-Theytaz_SZ18.08.20-6.png 1600w\" sizes=\"auto, (max-width: 1024px) 100vw, 1024px\" \/><figcaption class=\"wp-element-caption\">\u00a9 Jean-Noel-Theytaz \/ Sierra Zinal<\/figcaption><\/figure>\n\n\n\n<p>La Course Sierre-Zinal, con\u00e7ue par Jean-Claude Pont, est un t\u00e9moignage de l&rsquo;esprit de course. Elle c\u00e9l\u00e8bre les vertus de l&rsquo;effort physique et la joie d&rsquo;utiliser son corps dans une entreprise difficile mais gratifiante. Sa raison d&rsquo;\u00eatre va au-del\u00e0 du simple frisson de la comp\u00e9tition; elle vise \u00e9galement \u00e0 familiariser les participants avec les paysages saisissants de Anniviers dans les Alpes valaisannes.<\/p>\n\n\n\n<p>Affectionn\u00e9ment appel\u00e9 le \u00ab Course des Cinq 4000 \u00bb, Sierre-Zinal offre un magnifique spectacle visuel aux participants. Tout au long de leur parcours, les coureurs sont b\u00e9nis par la vue de cinq sommets s&rsquo;\u00e9levant au-dessus de 4 000 m d&rsquo;altitude. Ces sommets comprennent le majestueux Weisshorn, Zinalrothorn, Obergabelhorn, Matterhorn et Dent Blanche, chacun remarquable par sa stature imposante.<\/p>\n\n\n\n<p>Un aspect unique de ce sentier est sa bifurcation en deux cat\u00e9gories : \u00ab touristes \u00bb et \u00ab coureurs \u00bb. Les touristes recherchent l&rsquo;excitation de la course sans se fixer sur le temps. D&rsquo;autres parts, les coureurs sont des concurrents de haut niveau qui visent les meilleures places. Les classements finaux sont r\u00e9serv\u00e9s exclusivement aux coureurs, ce qui ajoute une touche de comp\u00e9titivit\u00e9 \u00e0 cette cat\u00e9gorie.<\/p>\n\n\n\n<p>Aujourd&rsquo;hui, la Course Sierre-Zinal est c\u00e9l\u00e9br\u00e9e \u00e0 l&rsquo;\u00e9chelle mondiale, attirant de nombreux supporters chaque ann\u00e9e. Des foules de fans bordent les parcours de course, encourageant tous les coureurs, quel que soit leur niveau. La chaleur de la foule et la camaraderie entre les concurrents soulignent l&rsquo;esprit durable de la course sur ce parcours difficile mais pittoresque.<\/p>\n\n\n\n<h2 class=\"wp-block-heading\" id=\"h-l-ambassadeur-recordman-de-la-course-sierre-zinal\">L&rsquo;Ambassadeur Recordman de la Course Sierre-Zinal<\/h2>\n\n\n\n<p>Kilian Jornet, l&rsquo;athl\u00e8te espagnol acclam\u00e9, a \u00e9t\u00e9 essentiel pour \u00e9lever le profil de la course Sierre-Zinal. La popularit\u00e9 de cette course de montagne a consid\u00e9rablement augment\u00e9 gr\u00e2ce \u00e0 ses performances impressionnantes entre 2009 et 2021. Bien que, avec neuf victoires \u00e0 son actif, Jornet d\u00e9tient un record, surpassant le vainqueur mexicain \u00e0 cinq reprises Ricardo Mejia, qui r\u00e9gnait entre 1998 et 2005.<\/p>\n\n\n\n<figure class=\"wp-block-image alignwide size-large\"><img loading=\"lazy\" decoding=\"async\" width=\"1024\" height=\"768\" src=\"https:\/\/endorfeen.com\/wp-content\/uploads\/2023\/07\/Kilian_Jornet_-_Sierre-Zinal_2022-1024x768.jpg\" alt=\" class=\" class=\"wp-image-12295\" srcset=\"https:\/\/endorfeen.com\/wp-content\/uploads\/2023\/07\/Kilian_Jornet_-_Sierre-Zinal_2022-300x225.jpg 300w, https:\/\/endorfeen.com\/wp-content\/uploads\/2023\/07\/Kilian_Jornet_-_Sierre-Zinal_2022-400x300.jpg 400w, https:\/\/endorfeen.com\/wp-content\/uploads\/2023\/07\/Kilian_Jornet_-_Sierre-Zinal_2022-768x576.jpg 768w, https:\/\/endorfeen.com\/wp-content\/uploads\/2023\/07\/Kilian_Jornet_-_Sierre-Zinal_2022-800x600.jpg 800w, https:\/\/endorfeen.com\/wp-content\/uploads\/2023\/07\/Kilian_Jornet_-_Sierre-Zinal_2022-1024x768.jpg 1024w, https:\/\/endorfeen.com\/wp-content\/uploads\/2023\/07\/Kilian_Jornet_-_Sierre-Zinal_2022-1200x900.jpg 1200w, https:\/\/endorfeen.com\/wp-content\/uploads\/2023\/07\/Kilian_Jornet_-_Sierre-Zinal_2022-1536x1152.jpg 1536w, https:\/\/endorfeen.com\/wp-content\/uploads\/2023\/07\/Kilian_Jornet_-_Sierre-Zinal_2022-scaled.jpg 2048w\" sizes=\"auto, (max-width: 1024px) 100vw, 1024px\" \/><figcaption class=\"wp-element-caption\">Kilian Jornet, Sierre-Zinal &#8211; \u00a9 Christian David, <a href=\"https:\/\/commons.wikimedia.org\/wiki\/File:K%C3%ADlian_Jornet_-_Sierre-Zinal_2022.jpg\" target=\"_blank\" rel=\"noreferrer noopener\">Wiki Commons<\/a><\/figcaption><\/figure>\n\n\n\n<p>Dans la cat\u00e9gorie f\u00e9minine, la coureuse tch\u00e8que Anna Pichtrova m\u00e8ne avec quatre victoires cons\u00e9cutives de 2006 \u00e0 2009. La coureuse britannique Veronique Marot et les concurrentes suisses Isabella Crettenan-Moretti et Maude Mathys ont triomph\u00e9 trois fois dans la course Sierre-Zinal.<\/p>\n\n\n\n<p>De mani\u00e8re int\u00e9ressante, les coureurs ont \u00e9tabli les records de l&rsquo;\u00e9v\u00e9nement pour les hommes et les femmes en 2019. Kilian Jornet a \u00e9tabli un temps record pour les hommes, terminant la course en 2 heures, 25 minutes et 35 secondes. Pendant ce temps, Maude Mathys a enregistr\u00e9 le record f\u00e9minin, franchissant la ligne d&rsquo;arriv\u00e9e en 2 heures, 49 minutes et 20 secondes. Ces exploits extraordinaires soulignent l&rsquo;esprit de comp\u00e9tition de la course, avec Jornet servant d&rsquo;ambassadeur captivant pour le monde exaltant de la course en montagne.<\/p>\n\n\n\n<h2 class=\"wp-block-heading\" id=\"h-le-voyage-a-travers-la-course-sierre-zinal\">Le Voyage \u00e0 Travers la Course Sierre-Zinal<\/h2>\n\n\n\n<figure class=\"wp-block-image alignwide size-large\"><img loading=\"lazy\" decoding=\"async\" width=\"1024\" height=\"683\" src=\"https:\/\/endorfeen.com\/wp-content\/uploads\/2023\/07\/C-Patrick-Zufferey_SZ13.08.2022_avant-Nava-13-1024x683.jpg\" alt=\" class=\" class=\"wp-image-12279\" srcset=\"https:\/\/endorfeen.com\/wp-content\/uploads\/2023\/07\/C-Patrick-Zufferey_SZ13.08.2022_avant-Nava-13-300x200.jpg 300w, https:\/\/endorfeen.com\/wp-content\/uploads\/2023\/07\/C-Patrick-Zufferey_SZ13.08.2022_avant-Nava-13-600x400.jpg 600w, https:\/\/endorfeen.com\/wp-content\/uploads\/2023\/07\/C-Patrick-Zufferey_SZ13.08.2022_avant-Nava-13-768x512.jpg 768w, https:\/\/endorfeen.com\/wp-content\/uploads\/2023\/07\/C-Patrick-Zufferey_SZ13.08.2022_avant-Nava-13-1024x683.jpg 1024w, https:\/\/endorfeen.com\/wp-content\/uploads\/2023\/07\/C-Patrick-Zufferey_SZ13.08.2022_avant-Nava-13-1536x1025.jpg 1536w, https:\/\/endorfeen.com\/wp-content\/uploads\/2023\/07\/C-Patrick-Zufferey_SZ13.08.2022_avant-Nava-13-scaled.jpg 2048w\" sizes=\"auto, (max-width: 1024px) 100vw, 1024px\" \/><figcaption class=\"wp-element-caption\">\u00a9 Patrick Zufferey \/ Sierra Zinal<\/figcaption><\/figure>\n\n\n\n<p>La Course Sierre-Zinal a lieu dans la beaut\u00e9 pittoresque de la Suisse. Cette course de 31 kilom\u00e8tres n\u00e9cessite endurance et courage. La course commence \u00e0 Sierre, une ville \u00e0 une altitude de 570 m\u00e8tres. Elle se termine \u00e0 Zinal, un village tranquille situ\u00e9 \u00e0 1 680 m\u00e8tres d&rsquo;altitude.<\/p>\n\n\n\n<p>Le parcours de la course comprend une mont\u00e9e consid\u00e9rable de 2 200 m\u00e8tres. Les coureurs doivent \u00e9galement descendre de 1 100 m\u00e8tres. Cela ajoute un d\u00e9fi passionnant pour les participants. La course comprend l&rsquo;ascension de Nava, le point culminant \u00e0 2 425 m\u00e8tres. Cette mont\u00e9e pr\u00e9sente \u00e0 la fois un d\u00e9fi physique et des vues \u00e9poustouflantes. La beaut\u00e9 rend l&rsquo;effort payant.<\/p>\n\n\n\n<p>La Course Sierre-Zinal en Suisse cat\u00e9gorise les participants en \u00ab touristes \u00bb ou \u00ab coureurs \u00bb. L&rsquo;\u00e9v\u00e9nement commence par phases, avec les touristes qui commencent entre 4h45 et 5h25 et les coureurs entre 10h00 et 10h10, tous bas\u00e9s sur le num\u00e9ro de dossard. Le groupe des coureurs est class\u00e9 par \u00e2ge et sexe, contrairement aux touristes.<\/p>\n\n\n\n<p>La course commence \u00e0 la base de la route du Val d&rsquo;Anniviers, en montant huit kilom\u00e8tres jusqu&rsquo;\u00e0 la p\u00e2ture de Ponchette, suivie d&rsquo;une section de descente et de descente jusqu&rsquo;\u00e0 Chandolin. La route s&rsquo;\u00e9tend ensuite sur dix kilom\u00e8tres jusqu&rsquo;\u00e0 Nava, offrant une vue sur cinq sommets de plus de 4 000 m\u00e8tres.<\/p>\n\n\n\n<p>Apr\u00e8s Nava, la course descend \u00e0 Barneuza, avec la derni\u00e8re station d&rsquo;aide. La derni\u00e8re partie est une descente difficile de trois kilom\u00e8tres jusqu&rsquo;\u00e0 la ligne d&rsquo;arriv\u00e9e \u00e0 Zinal. Un festival \u00e0 Zinal annonce les r\u00e9sultats et la distribution des prix. La course est un m\u00e9lange de d\u00e9fi physique et de beaut\u00e9 naturelle.<\/p>\n\n\n\n<h3 class=\"wp-block-heading\" id=\"h-caracteristiques-cles\">Caract\u00e9ristiques Cl\u00e9s<\/h3>\n\n\n\n<figure class=\"wp-block-table\"><table><thead><tr><th><mark class=\"has-inline-color has-white-color\">Aspect<\/mark><\/th><th><mark class=\"has-inline-color has-white-color\">Description<\/mark><\/th><\/tr><\/thead><tbody><tr><td>Distance<\/td><td>31 kilom\u00e8tres<\/td><\/tr><tr><td>D\u00e9nivel\u00e9s<\/td><td>2 200m mont\u00e9e, 1 100 m descente<\/td><\/tr><tr><td>D\u00e9part<\/td><td>Sierre (570m)<\/td><\/tr><tr><td>Arriv\u00e9e<\/td><td>Zinal (1 680m)<\/td><\/tr><tr><td>Point culminant<\/td><td>Nava (2 425m)<\/td><\/tr><\/tbody><\/table><\/figure>\n\n\n\n<h2 class=\"wp-block-heading\" id=\"h-le-leadership-de-la-course-sierre-zinal\">Le Leadership de la Course Sierre-Zinal<\/h2>\n\n\n\n<p>La course Sierre-Zinal a connu un changement de leadership au fil des ans. Malgr\u00e9 cela, elle a maintenu un lien profond avec son riche pass\u00e9. La course a \u00e9t\u00e9 fond\u00e9e par Jean-Claude Pont en 1974. Il a \u00e9galement \u00e9t\u00e9 son premier directeur de course. En 2014, Pont a pass\u00e9 le relais \u00e0 Tarcis An\u00e7ay. An\u00e7ay est un ancien champion de la course. Cependant, le temps d&rsquo;An\u00e7ay en tant que directeur a \u00e9t\u00e9 bref. Il a dur\u00e9 seulement six mois.<\/p>\n\n\n\n<p>En 2015, Vincent Theytaz a pris le relais. Theytaz a assum\u00e9 le r\u00f4le crucial de diriger cet \u00e9v\u00e9nement embl\u00e9matique. La direction engag\u00e9e au fil des ann\u00e9es a \u00e9t\u00e9 significative. Elle a pr\u00e9serv\u00e9 le charme de la course. De plus, elle a assur\u00e9 la position de la course dans l&rsquo;histoire du circuit international de course en montagne.<\/p>\n","protected":false},"excerpt":{"rendered":"<p>Renomm\u00e9 comme une incarnation de l&rsquo;endurance et du spectacle dans les Alpes valaisannes, la course Sierre-Zinal trace un parcours difficile de 31 kilom\u00e8tres \u00e0 travers certains des plus spectaculaires paysages alpins de Suisse. Tenue annuellement le deuxi\u00e8me dimanche d&rsquo;ao\u00fbt, la course traverse la pente est du Val d&rsquo;Anniviers, tissant un sentier de la ville anim\u00e9e &hellip;<\/p>\n","protected":false},"author":179,"featured_media":12282,"comment_status":"closed","ping_status":"closed","sticky":false,"template":"","format":"standard","meta":{"_acf_changed":false,"_genesis_hide_title":false,"_genesis_hide_breadcrumbs":false,"_genesis_hide_singular_image":false,"_genesis_hide_footer_widgets":false,"_genesis_custom_body_class":"","_genesis_custom_post_class":"","_genesis_layout":"","footnotes":""},"categories":[170],"tags":[],"sponsor":[1087],"class_list":{"2":"type-post","7":"category-aventures","8":"sponsor-endorfeen","9":"entry"},"yoast_head":"<!-- This site is optimized with the Yoast SEO Premium plugin v26.2 (Yoast SEO v26.2) - https:\/\/yoast.com\/wordpress\/plugins\/seo\/ -->\n<title>La Course Sierre-Zinal - endorfeen<\/title>\n<meta name=\"description\" content=\"Plongez dans l&#039;exaltante Course Sierre-Zinal, un test d&#039;endurance au milieu des magnifiques paysages montagneux de la Suisse.\" \/>\n<meta name=\"robots\" content=\"index, follow, max-snippet:-1, max-image-preview:large, max-video-preview:-1\" \/>\n<link rel=\"canonical\" href=\"https:\/\/endorfeen.com\/fr\/la-course-sierre-zinal\/\" \/>\n<meta property=\"og:locale\" content=\"fr_FR\" \/>\n<meta property=\"og:type\" content=\"article\" \/>\n<meta property=\"og:title\" content=\"La Course Sierre-Zinal\" \/>\n<meta property=\"og:description\" content=\"Plongez dans l&#039;exaltante Course Sierre-Zinal, un test d&#039;endurance au milieu des magnifiques paysages montagneux de la Suisse.\" \/>\n<meta property=\"og:url\" content=\"https:\/\/endorfeen.com\/fr\/la-course-sierre-zinal\/\" \/>\n<meta property=\"og:site_name\" content=\"endorfeen\" \/>\n<meta property=\"article:published_time\" content=\"2023-07-22T07:00:00+00:00\" \/>\n<meta property=\"article:modified_time\" content=\"2023-08-18T10:01:36+00:00\" \/>\n<meta property=\"og:image\" content=\"https:\/\/endorfeen.com\/wp-content\/uploads\/2023\/07\/C-Patrick-Zufferey_SZ13.08.2022_avant-Nava-9-scaled.jpg\" \/>\n\t<meta property=\"og:image:width\" content=\"2560\" \/>\n\t<meta property=\"og:image:height\" content=\"1708\" \/>\n\t<meta property=\"og:image:type\" content=\"image\/jpeg\" \/>\n<meta name=\"author\" content=\"Furqan Javaid\" \/>\n<meta name=\"twitter:card\" content=\"summary_large_image\" \/>\n<meta name=\"twitter:label1\" content=\"\u00c9crit par\" \/>\n\t<meta name=\"twitter:data1\" content=\"Furqan Javaid\" \/>\n\t<meta name=\"twitter:label2\" content=\"Dur\u00e9e de lecture estim\u00e9e\" \/>\n\t<meta name=\"twitter:data2\" content=\"8 minutes\" \/>\n<script type=\"application\/ld+json\" class=\"yoast-schema-graph\">{\"@context\":\"https:\/\/schema.org\",\"@graph\":[{\"@type\":\"Article\",\"@id\":\"https:\/\/endorfeen.com\/fr\/la-course-sierre-zinal\/#article\",\"isPartOf\":{\"@id\":\"https:\/\/endorfeen.com\/fr\/la-course-sierre-zinal\/\"},\"author\":{\"name\":\"Furqan Javaid\",\"@id\":\"https:\/\/endorfeen.com\/fr\/#\/schema\/person\/89bcbd8b718921277a0883cea1ab3d7c\"},\"headline\":\"La Course Sierre-Zinal\",\"datePublished\":\"2023-07-22T07:00:00+00:00\",\"dateModified\":\"2023-08-18T10:01:36+00:00\",\"mainEntityOfPage\":{\"@id\":\"https:\/\/endorfeen.com\/fr\/la-course-sierre-zinal\/\"},\"wordCount\":1600,\"publisher\":{\"@id\":\"https:\/\/endorfeen.com\/fr\/#organization\"},\"image\":{\"@id\":\"https:\/\/endorfeen.com\/fr\/la-course-sierre-zinal\/#primaryimage\"},\"thumbnailUrl\":\"https:\/\/endorfeen.com\/wp-content\/uploads\/2023\/07\/C-Patrick-Zufferey_SZ13.08.2022_avant-Nava-9-scaled.jpg\",\"articleSection\":[\"Aventures\"],\"inLanguage\":\"fr-FR\"},{\"@type\":\"WebPage\",\"@id\":\"https:\/\/endorfeen.com\/fr\/la-course-sierre-zinal\/\",\"url\":\"https:\/\/endorfeen.com\/fr\/la-course-sierre-zinal\/\",\"name\":\"La Course Sierre-Zinal - endorfeen\",\"isPartOf\":{\"@id\":\"https:\/\/endorfeen.com\/fr\/#website\"},\"primaryImageOfPage\":{\"@id\":\"https:\/\/endorfeen.com\/fr\/la-course-sierre-zinal\/#primaryimage\"},\"image\":{\"@id\":\"https:\/\/endorfeen.com\/fr\/la-course-sierre-zinal\/#primaryimage\"},\"thumbnailUrl\":\"https:\/\/endorfeen.com\/wp-content\/uploads\/2023\/07\/C-Patrick-Zufferey_SZ13.08.2022_avant-Nava-9-scaled.jpg\",\"datePublished\":\"2023-07-22T07:00:00+00:00\",\"dateModified\":\"2023-08-18T10:01:36+00:00\",\"description\":\"Plongez dans l'exaltante Course Sierre-Zinal, un test d'endurance au milieu des magnifiques paysages montagneux de la Suisse.\",\"breadcrumb\":{\"@id\":\"https:\/\/endorfeen.com\/fr\/la-course-sierre-zinal\/#breadcrumb\"},\"inLanguage\":\"fr-FR\",\"potentialAction\":[{\"@type\":\"ReadAction\",\"target\":[\"https:\/\/endorfeen.com\/fr\/la-course-sierre-zinal\/\"]}]},{\"@type\":\"ImageObject\",\"inLanguage\":\"fr-FR\",\"@id\":\"https:\/\/endorfeen.com\/fr\/la-course-sierre-zinal\/#primaryimage\",\"url\":\"https:\/\/endorfeen.com\/wp-content\/uploads\/2023\/07\/C-Patrick-Zufferey_SZ13.08.2022_avant-Nava-9-scaled.jpg\",\"contentUrl\":\"https:\/\/endorfeen.com\/wp-content\/uploads\/2023\/07\/C-Patrick-Zufferey_SZ13.08.2022_avant-Nava-9-scaled.jpg\",\"width\":2560,\"height\":1708,\"caption\":\"\u00a9 Patrick Zufferey \/ Sierra Zinal\"},{\"@type\":\"BreadcrumbList\",\"@id\":\"https:\/\/endorfeen.com\/fr\/la-course-sierre-zinal\/#breadcrumb\",\"itemListElement\":[{\"@type\":\"ListItem\",\"position\":1,\"name\":\"Home\",\"item\":\"https:\/\/endorfeen.com\/fr\/\"},{\"@type\":\"ListItem\",\"position\":2,\"name\":\"La Course Sierre-Zinal\"}]},{\"@type\":\"WebSite\",\"@id\":\"https:\/\/endorfeen.com\/fr\/#website\",\"url\":\"https:\/\/endorfeen.com\/fr\/\",\"name\":\"endorfeen\",\"description\":\"The Media For Sustainable Outdoors.\",\"publisher\":{\"@id\":\"https:\/\/endorfeen.com\/fr\/#organization\"},\"potentialAction\":[{\"@type\":\"SearchAction\",\"target\":{\"@type\":\"EntryPoint\",\"urlTemplate\":\"https:\/\/endorfeen.com\/fr\/?s={search_term_string}\"},\"query-input\":{\"@type\":\"PropertyValueSpecification\",\"valueRequired\":true,\"valueName\":\"search_term_string\"}}],\"inLanguage\":\"fr-FR\"},{\"@type\":\"Organization\",\"@id\":\"https:\/\/endorfeen.com\/fr\/#organization\",\"name\":\"endorfeen\",\"url\":\"https:\/\/endorfeen.com\/fr\/\",\"logo\":{\"@type\":\"ImageObject\",\"inLanguage\":\"fr-FR\",\"@id\":\"https:\/\/endorfeen.com\/fr\/#\/schema\/logo\/image\/\",\"url\":\"https:\/\/endorfeen.com\/wp-content\/uploads\/2022\/06\/Circle-endorfeen-site-icon-circled-1000-x-1000-300psi.png\",\"contentUrl\":\"https:\/\/endorfeen.com\/wp-content\/uploads\/2022\/06\/Circle-endorfeen-site-icon-circled-1000-x-1000-300psi.png\",\"width\":1000,\"height\":1000,\"caption\":\"endorfeen\"},\"image\":{\"@id\":\"https:\/\/endorfeen.com\/fr\/#\/schema\/logo\/image\/\"}},{\"@type\":\"Person\",\"@id\":\"https:\/\/endorfeen.com\/fr\/#\/schema\/person\/89bcbd8b718921277a0883cea1ab3d7c\",\"name\":\"Furqan Javaid\",\"image\":{\"@type\":\"ImageObject\",\"inLanguage\":\"fr-FR\",\"@id\":\"https:\/\/endorfeen.com\/fr\/#\/schema\/person\/image\/\",\"url\":\"https:\/\/secure.gravatar.com\/avatar\/f4b03db0c1a7f33c0f5a62813b3167fa9a7784219554261cd2de88c058286584?s=96&d=mm&r=g\",\"contentUrl\":\"https:\/\/secure.gravatar.com\/avatar\/f4b03db0c1a7f33c0f5a62813b3167fa9a7784219554261cd2de88c058286584?s=96&d=mm&r=g\",\"caption\":\"Furqan Javaid\"},\"description\":\"Furqan Javed is a content writer with a passion for mountains. He will take you on a journey through the world of hiking, skiing, trekking, and exploring different mountains. From insider tips on gear selection to route planning and safety protocols, he has got you covered. Let's reach new heights together!\",\"url\":\"https:\/\/endorfeen.com\/fr\/linkto\/furqan-javed\/\"}]}<\/script>\n<!-- \/ Yoast SEO Premium plugin. -->","yoast_head_json":{"title":"La Course Sierre-Zinal - endorfeen","description":"Plongez dans l'exaltante Course Sierre-Zinal, un test d'endurance au milieu des magnifiques paysages montagneux de la Suisse.","robots":{"index":"index","follow":"follow","max-snippet":"max-snippet:-1","max-image-preview":"max-image-preview:large","max-video-preview":"max-video-preview:-1"},"canonical":"https:\/\/endorfeen.com\/fr\/la-course-sierre-zinal\/","og_locale":"fr_FR","og_type":"article","og_title":"La Course Sierre-Zinal","og_description":"Plongez dans l'exaltante Course Sierre-Zinal, un test d'endurance au milieu des magnifiques paysages montagneux de la Suisse.","og_url":"https:\/\/endorfeen.com\/fr\/la-course-sierre-zinal\/","og_site_name":"endorfeen","article_published_time":"2023-07-22T07:00:00+00:00","article_modified_time":"2023-08-18T10:01:36+00:00","og_image":[{"width":2560,"height":1708,"url":"https:\/\/endorfeen.com\/wp-content\/uploads\/2023\/07\/C-Patrick-Zufferey_SZ13.08.2022_avant-Nava-9-scaled.jpg","type":"image\/jpeg"}],"author":"Furqan Javaid","twitter_card":"summary_large_image","twitter_misc":{"\u00c9crit par":"Furqan Javaid","Dur\u00e9e de lecture estim\u00e9e":"8 minutes"},"schema":{"@context":"https:\/\/schema.org","@graph":[{"@type":"Article","@id":"https:\/\/endorfeen.com\/fr\/la-course-sierre-zinal\/#article","isPartOf":{"@id":"https:\/\/endorfeen.com\/fr\/la-course-sierre-zinal\/"},"author":{"name":"Furqan Javaid","@id":"https:\/\/endorfeen.com\/fr\/#\/schema\/person\/89bcbd8b718921277a0883cea1ab3d7c"},"headline":"La Course Sierre-Zinal","datePublished":"2023-07-22T07:00:00+00:00","dateModified":"2023-08-18T10:01:36+00:00","mainEntityOfPage":{"@id":"https:\/\/endorfeen.com\/fr\/la-course-sierre-zinal\/"},"wordCount":1600,"publisher":{"@id":"https:\/\/endorfeen.com\/fr\/#organization"},"image":{"@id":"https:\/\/endorfeen.com\/fr\/la-course-sierre-zinal\/#primaryimage"},"thumbnailUrl":"https:\/\/endorfeen.com\/wp-content\/uploads\/2023\/07\/C-Patrick-Zufferey_SZ13.08.2022_avant-Nava-9-scaled.jpg","articleSection":["Aventures"],"inLanguage":"fr-FR"},{"@type":"WebPage","@id":"https:\/\/endorfeen.com\/fr\/la-course-sierre-zinal\/","url":"https:\/\/endorfeen.com\/fr\/la-course-sierre-zinal\/","name":"La Course Sierre-Zinal - endorfeen","isPartOf":{"@id":"https:\/\/endorfeen.com\/fr\/#website"},"primaryImageOfPage":{"@id":"https:\/\/endorfeen.com\/fr\/la-course-sierre-zinal\/#primaryimage"},"image":{"@id":"https:\/\/endorfeen.com\/fr\/la-course-sierre-zinal\/#primaryimage"},"thumbnailUrl":"https:\/\/endorfeen.com\/wp-content\/uploads\/2023\/07\/C-Patrick-Zufferey_SZ13.08.2022_avant-Nava-9-scaled.jpg","datePublished":"2023-07-22T07:00:00+00:00","dateModified":"2023-08-18T10:01:36+00:00","description":"Plongez dans l'exaltante Course Sierre-Zinal, un test d'endurance au milieu des magnifiques paysages montagneux de la Suisse.","breadcrumb":{"@id":"https:\/\/endorfeen.com\/fr\/la-course-sierre-zinal\/#breadcrumb"},"inLanguage":"fr-FR","potentialAction":[{"@type":"ReadAction","target":["https:\/\/endorfeen.com\/fr\/la-course-sierre-zinal\/"]}]},{"@type":"ImageObject","inLanguage":"fr-FR","@id":"https:\/\/endorfeen.com\/fr\/la-course-sierre-zinal\/#primaryimage","url":"https:\/\/endorfeen.com\/wp-content\/uploads\/2023\/07\/C-Patrick-Zufferey_SZ13.08.2022_avant-Nava-9-scaled.jpg","contentUrl":"https:\/\/endorfeen.com\/wp-content\/uploads\/2023\/07\/C-Patrick-Zufferey_SZ13.08.2022_avant-Nava-9-scaled.jpg","width":2560,"height":1708,"caption":"\u00a9 Patrick Zufferey \/ Sierra Zinal"},{"@type":"BreadcrumbList","@id":"https:\/\/endorfeen.com\/fr\/la-course-sierre-zinal\/#breadcrumb","itemListElement":[{"@type":"ListItem","position":1,"name":"Home","item":"https:\/\/endorfeen.com\/fr\/"},{"@type":"ListItem","position":2,"name":"La Course Sierre-Zinal"}]},{"@type":"WebSite","@id":"https:\/\/endorfeen.com\/fr\/#website","url":"https:\/\/endorfeen.com\/fr\/","name":"endorfeen","description":"The Media For Sustainable Outdoors.","publisher":{"@id":"https:\/\/endorfeen.com\/fr\/#organization"},"potentialAction":[{"@type":"SearchAction","target":{"@type":"EntryPoint","urlTemplate":"https:\/\/endorfeen.com\/fr\/?s={search_term_string}"},"query-input":{"@type":"PropertyValueSpecification","valueRequired":true,"valueName":"search_term_string"}}],"inLanguage":"fr-FR"},{"@type":"Organization","@id":"https:\/\/endorfeen.com\/fr\/#organization","name":"endorfeen","url":"https:\/\/endorfeen.com\/fr\/","logo":{"@type":"ImageObject","inLanguage":"fr-FR","@id":"https:\/\/endorfeen.com\/fr\/#\/schema\/logo\/image\/","url":"https:\/\/endorfeen.com\/wp-content\/uploads\/2022\/06\/Circle-endorfeen-site-icon-circled-1000-x-1000-300psi.png","contentUrl":"https:\/\/endorfeen.com\/wp-content\/uploads\/2022\/06\/Circle-endorfeen-site-icon-circled-1000-x-1000-300psi.png","width":1000,"height":1000,"caption":"endorfeen"},"image":{"@id":"https:\/\/endorfeen.com\/fr\/#\/schema\/logo\/image\/"}},{"@type":"Person","@id":"https:\/\/endorfeen.com\/fr\/#\/schema\/person\/89bcbd8b718921277a0883cea1ab3d7c","name":"Furqan Javaid","image":{"@type":"ImageObject","inLanguage":"fr-FR","@id":"https:\/\/endorfeen.com\/fr\/#\/schema\/person\/image\/","url":"https:\/\/secure.gravatar.com\/avatar\/f4b03db0c1a7f33c0f5a62813b3167fa9a7784219554261cd2de88c058286584?s=96&d=mm&r=g","contentUrl":"https:\/\/secure.gravatar.com\/avatar\/f4b03db0c1a7f33c0f5a62813b3167fa9a7784219554261cd2de88c058286584?s=96&d=mm&r=g","caption":"Furqan Javaid"},"description":"Furqan Javed is a content writer with a passion for mountains. He will take you on a journey through the world of hiking, skiing, trekking, and exploring different mountains. From insider tips on gear selection to route planning and safety protocols, he has got you covered. Let's reach new heights together!","url":"https:\/\/endorfeen.com\/fr\/linkto\/furqan-javed\/"}]}},"featured_image_src":"https:\/\/endorfeen.com\/wp-content\/uploads\/2023\/07\/C-Patrick-Zufferey_SZ13.08.2022_avant-Nava-9-600x400.jpg","featured_image_src_square":"https:\/\/endorfeen.com\/wp-content\/uploads\/2023\/07\/C-Patrick-Zufferey_SZ13.08.2022_avant-Nava-9-600x600.jpg","author_info":{"display_name":"Furqan Javaid","author_link":"https:\/\/endorfeen.com\/fr\/linkto\/furqan-javed\/"},"acf":[],"_links":{"self":[{"href":"https:\/\/endorfeen.com\/fr\/wp-json\/wp\/v2\/posts\/12298","targetHints":{"allow":["GET"]}}],"collection":[{"href":"https:\/\/endorfeen.com\/fr\/wp-json\/wp\/v2\/posts"}],"about":[{"href":"https:\/\/endorfeen.com\/fr\/wp-json\/wp\/v2\/types\/post"}],"author":[{"embeddable":true,"href":"https:\/\/endorfeen.com\/fr\/wp-json\/wp\/v2\/users\/179"}],"replies":[{"embeddable":true,"href":"https:\/\/endorfeen.com\/fr\/wp-json\/wp\/v2\/comments?post=12298"}],"version-history":[{"count":0,"href":"https:\/\/endorfeen.com\/fr\/wp-json\/wp\/v2\/posts\/12298\/revisions"}],"wp:featuredmedia":[{"embeddable":true,"href":"https:\/\/endorfeen.com\/fr\/wp-json\/wp\/v2\/media\/12282"}],"wp:attachment":[{"href":"https:\/\/endorfeen.com\/fr\/wp-json\/wp\/v2\/media?parent=12298"}],"wp:term":[{"taxonomy":"category","embeddable":true,"href":"https:\/\/endorfeen.com\/fr\/wp-json\/wp\/v2\/categories?post=12298"},{"taxonomy":"post_tag","embeddable":true,"href":"https:\/\/endorfeen.com\/fr\/wp-json\/wp\/v2\/tags?post=12298"},{"taxonomy":"sponsor","embeddable":true,"href":"https:\/\/endorfeen.com\/fr\/wp-json\/wp\/v2\/sponsor?post=12298"}],"curies":[{"name":"wp","href":"https:\/\/api.w.org\/{rel}","templated":true}]}}