{"id":11446,"date":"2023-06-21T08:00:00","date_gmt":"2023-06-21T07:00:00","guid":{"rendered":"https:\/\/endorfeen.com\/?p=11446"},"modified":"2023-08-18T11:01:40","modified_gmt":"2023-08-18T10:01:40","slug":"edf-pierra-menta-ete","status":"publish","type":"post","link":"https:\/\/endorfeen.com\/fr\/edf-pierra-menta-ete\/","title":{"rendered":"EDF Pierra menta \u00e9t\u00e9"},"content":{"rendered":"\n<h2 class=\"wp-block-heading\" id=\"h-edf-pierra-menta-ete-un-defi-majestueux-au-coeur-du-beaufortain\">EDF Pierra-Menta \u00c9t\u00e9 : Un d\u00e9fi majestueux au c\u0153ur du Beaufortain<\/h2>\n\n\n\n<p>Ar\u00eaches-Beaufort, un village-station embl\u00e9matique de la vall\u00e9e du Beaufortain, s&rsquo;impose comme le th\u00e9\u00e2tre id\u00e9al pour le trail sous toutes ses formes. Ses vastes terrains offrent un d\u00e9fi \u00e0 chaque pratiquant tout en servant de terrain de pr\u00e9dilection pour <a href=\"https:\/\/endorfeen.com\/fr\/la-pierra-menta-legende-et-defi-du-ski-alpinisme\/\">la c\u00e9l\u00e8bre Pierra-Menta d&rsquo;hiver<\/a>, reconnue internationalement comme l&rsquo;une des courses de ski-alpinisme les plus exigeantes.<\/p>\n\n\n\n<p>C&rsquo;est donc sans surprise que la EDF Pierra-Menta \u00c9t\u00e9 voit le jour en 2015, port\u00e9e par la m\u00eame ferveur que <a href=\"https:\/\/endorfeen.com\/fr\/la-pierra-menta-legende-et-defi-du-ski-alpinisme\/\">sa cons\u0153ur hivernale<\/a>. Cette course de montagne, unique en son genre, incarne l&rsquo;esprit authentique de la montagne et la notion de cord\u00e9e. Courue par \u00e9quipe de deux, elle offre une occasion exceptionnelle de solidarit\u00e9 et d&rsquo;entraide, au-del\u00e0 de la simple prouesse sportive.<\/p>\n\n\n\n<figure class=\"wp-block-image size-large\"><img loading=\"lazy\" decoding=\"async\" width=\"1024\" height=\"683\" src=\"https:\/\/endorfeen.com\/wp-content\/uploads\/2023\/06\/Pierra-Menta-ete-2022-day-01-Franck-Oddoux-9422-scaled-1-1024x683.jpg\" alt=\"Pierra Menta \u00e9t\u00e9 - \u00a9 Franck Oddoux\" class=\"wp-image-11455\" srcset=\"https:\/\/endorfeen.com\/wp-content\/uploads\/2023\/06\/Pierra-Menta-ete-2022-day-01-Franck-Oddoux-9422-scaled-1-300x200.jpg 300w, https:\/\/endorfeen.com\/wp-content\/uploads\/2023\/06\/Pierra-Menta-ete-2022-day-01-Franck-Oddoux-9422-scaled-1-600x400.jpg 600w, https:\/\/endorfeen.com\/wp-content\/uploads\/2023\/06\/Pierra-Menta-ete-2022-day-01-Franck-Oddoux-9422-scaled-1-768x512.jpg 768w, https:\/\/endorfeen.com\/wp-content\/uploads\/2023\/06\/Pierra-Menta-ete-2022-day-01-Franck-Oddoux-9422-scaled-1-1024x683.jpg 1024w, https:\/\/endorfeen.com\/wp-content\/uploads\/2023\/06\/Pierra-Menta-ete-2022-day-01-Franck-Oddoux-9422-scaled-1-1536x1024.jpg 1536w, https:\/\/endorfeen.com\/wp-content\/uploads\/2023\/06\/Pierra-Menta-ete-2022-day-01-Franck-Oddoux-9422-scaled-1.jpg 2048w\" sizes=\"auto, (max-width: 1024px) 100vw, 1024px\" \/><figcaption class=\"wp-element-caption\">Pierra Menta \u00e9t\u00e9 &#8211; \u00a9 Franck Oddoux<\/figcaption><\/figure>\n\n\n\n<p>La singularit\u00e9 de la EDF Pierra-Menta \u00c9t\u00e9 r\u00e9side aussi dans son format : trois jours de courses distinctes cumulant pr\u00e8s de 70 km et 7 000 m de d\u00e9nivel\u00e9 positif. Des passages en cr\u00eate, dits \u00ab\u00a0a\u00e9riens\u00a0\u00bb, o\u00f9 l&rsquo;usage du baudrier et des longes est obligatoire, ajoute une dimension technique particuli\u00e8re. Cependant, ce qui la distingue v\u00e9ritablement, c&rsquo;est la majest\u00e9 des paysages du Beaufortain qu&rsquo;elle traverse, un terrain de jeu sans limite, impressionnant autant par sa beaut\u00e9 que par son exigence.<\/p>\n\n\n\n<p>Fid\u00e8le \u00e0 sa grande s\u0153ur, la EDF Pierra-Menta \u00c9t\u00e9 reprend les fondements qui ont fait la renomm\u00e9e de <a href=\"https:\/\/endorfeen.com\/fr\/la-pierra-menta-legende-et-defi-du-ski-alpinisme\/\">la course hivernale<\/a>, consid\u00e9r\u00e9e comme l&rsquo;une des plus spectaculaires et techniques du ski-alpinisme mondial. Cette version estivale est techniquement difficile, bien loin d&rsquo;un trail classique. Elle se d\u00e9roule sur trois jours, en \u00e9quipe de deux, et pr\u00e9sente un d\u00e9nivel\u00e9 cons\u00e9quent pour une distance relativement courte. Un d\u00e9fi de taille, une aventure inoubliable au c\u0153ur de la montagne, au sein d&rsquo;une r\u00e9gion fi\u00e8re de ses traditions et de son attachement \u00e0 la nature.<\/p>\n\n\n\n<h2 class=\"wp-block-heading\" id=\"h-edf-pierra-menta-ete-trois-jours-trois-defis-trois-exploits\">EDF Pierra-Menta \u00c9t\u00e9 : Trois Jours, Trois D\u00e9fis, Trois Exploits<\/h2>\n\n\n\n<p>Sur trois jours, le programme de la EDF Pierra-Menta \u00c9t\u00e9 se d\u00e9ploie en trois \u00e9tapes distinctes, chaque jour explorant un secteur diff\u00e9rent. Le myst\u00e8re plane autour des parcours, les d\u00e9tails pr\u00e9cis n&rsquo;\u00e9tant d\u00e9voil\u00e9s qu&rsquo;\u00e0 la veille de chaque \u00e9tape lors du briefing obligatoire.<\/p>\n\n\n\n<figure class=\"wp-block-image size-large\"><img loading=\"lazy\" decoding=\"async\" width=\"1024\" height=\"683\" src=\"https:\/\/endorfeen.com\/wp-content\/uploads\/2023\/06\/Pierra-Menta-ete-2022-day-01-Franck-Oddoux-9422-scaled-1-1024x683.jpg\" alt=\"Pierra Menta \u00e9t\u00e9 - \u00a9 Franck Oddoux\" class=\"wp-image-11455\" srcset=\"https:\/\/endorfeen.com\/wp-content\/uploads\/2023\/06\/Pierra-Menta-ete-2022-day-01-Franck-Oddoux-9422-scaled-1-300x200.jpg 300w, https:\/\/endorfeen.com\/wp-content\/uploads\/2023\/06\/Pierra-Menta-ete-2022-day-01-Franck-Oddoux-9422-scaled-1-600x400.jpg 600w, https:\/\/endorfeen.com\/wp-content\/uploads\/2023\/06\/Pierra-Menta-ete-2022-day-01-Franck-Oddoux-9422-scaled-1-768x512.jpg 768w, https:\/\/endorfeen.com\/wp-content\/uploads\/2023\/06\/Pierra-Menta-ete-2022-day-01-Franck-Oddoux-9422-scaled-1-1024x683.jpg 1024w, https:\/\/endorfeen.com\/wp-content\/uploads\/2023\/06\/Pierra-Menta-ete-2022-day-01-Franck-Oddoux-9422-scaled-1-1536x1024.jpg 1536w, https:\/\/endorfeen.com\/wp-content\/uploads\/2023\/06\/Pierra-Menta-ete-2022-day-01-Franck-Oddoux-9422-scaled-1.jpg 2048w\" sizes=\"auto, (max-width: 1024px) 100vw, 1024px\" \/><figcaption class=\"wp-element-caption\">Pierra Menta \u00e9t\u00e9 &#8211; \u00a9 Franck Oddoux<\/figcaption><\/figure>\n\n\n\n<p><strong>Le vendredi est consacr\u00e9 \u00e0 la \u00ab\u00a0Grande journ\u00e9e : La mise en jambes\u00a0\u00bb<\/strong>. Une premi\u00e8re \u00e9tape qui, loin d&rsquo;\u00eatre douce, propose une longue mont\u00e9e, des passages techniques et des descentes tout aussi ardues. Le tout se d\u00e9roule sur des sentiers a\u00e9riens, dominant le bassin albertvillois. Le rythme est ainsi clairement \u00e9tabli d\u00e8s le d\u00e9part.<\/p>\n\n\n\n<p><strong>Le samedi est marqu\u00e9 par la \u00ab\u00a0Grand Mont : La l\u00e9gende technique\u00a0\u00bb<\/strong>, la plus longue des trois \u00e9tapes. Elle repr\u00e9sente aussi le d\u00e9fi le plus technique et le plus exigeant. Cette \u00e9tape conduit les coureurs au Grand-Mont, sommet hautement embl\u00e9matique de la Pierra Menta hivernale. L&rsquo;\u00e9preuve est marqu\u00e9e par des passages techniques encord\u00e9s et des descentes peu roulantes, n\u00e9cessitant une attention soutenue. Le paysage min\u00e9ral est le d\u00e9cor principal de cette course, avec en arri\u00e8re-plan, le sommet de l&rsquo;Europe.<\/p>\n\n\n\n<figure class=\"wp-block-image size-large\"><img loading=\"lazy\" decoding=\"async\" width=\"1024\" height=\"683\" src=\"https:\/\/endorfeen.com\/wp-content\/uploads\/2023\/06\/Pierra-Menta-ete-2022-day-01-Franck-Oddoux-1441-scaled-1-1024x683.jpg\" alt=\"Pierra Menta \u00e9t\u00e9 - \u00a9 Franck Oddoux\" class=\"wp-image-11449\" srcset=\"https:\/\/endorfeen.com\/wp-content\/uploads\/2023\/06\/Pierra-Menta-ete-2022-day-01-Franck-Oddoux-1441-scaled-1-300x200.jpg 300w, https:\/\/endorfeen.com\/wp-content\/uploads\/2023\/06\/Pierra-Menta-ete-2022-day-01-Franck-Oddoux-1441-scaled-1-600x400.jpg 600w, https:\/\/endorfeen.com\/wp-content\/uploads\/2023\/06\/Pierra-Menta-ete-2022-day-01-Franck-Oddoux-1441-scaled-1-768x512.jpg 768w, https:\/\/endorfeen.com\/wp-content\/uploads\/2023\/06\/Pierra-Menta-ete-2022-day-01-Franck-Oddoux-1441-scaled-1-1024x683.jpg 1024w, https:\/\/endorfeen.com\/wp-content\/uploads\/2023\/06\/Pierra-Menta-ete-2022-day-01-Franck-Oddoux-1441-scaled-1-1536x1024.jpg 1536w, https:\/\/endorfeen.com\/wp-content\/uploads\/2023\/06\/Pierra-Menta-ete-2022-day-01-Franck-Oddoux-1441-scaled-1.jpg 2048w\" sizes=\"auto, (max-width: 1024px) 100vw, 1024px\" \/><figcaption class=\"wp-element-caption\">Pierra Menta \u00e9t\u00e9 &#8211; \u00a9 Franck Oddoux<\/figcaption><\/figure>\n\n\n\n<p><strong>Le dimanche offre \u00ab\u00a0Roche Parstire : pour finir en beaut\u00e9\u00a0\u00bb<\/strong>, la derni\u00e8re et la plus courte \u00e9tape. Une course nerveuse, ponctu\u00e9e de nombreux changements de rythme et alternant mont\u00e9es et descentes. Bien que la technicit\u00e9 soit moindre, l&rsquo;effort n&rsquo;est pas \u00e0 sous-estimer : il s&rsquo;agit d&rsquo;atteindre le sommet de la Roche Parstire, pour b\u00e9n\u00e9ficier d&rsquo;un panorama exceptionnel sur le barrage de Roselend. Cette vision est la r\u00e9compense ultime, avant de franchir la ligne d&rsquo;arriv\u00e9e et de c\u00e9l\u00e9brer cette performance au milieu de la foule.<\/p>\n\n\n\n<h2 class=\"wp-block-heading\" id=\"h-mountain-trail-trophy-quand-deux-terres-de-trail-s-unissent-pour-un-challenge-d-exception\">Mountain Trail Trophy : quand deux terres de Trail s&rsquo;unissent pour un challenge d&rsquo;exception<\/h2>\n\n\n\n<p>Le Mountain Trail Trophy (MTT) est un challenge audacieux qui unit deux courses embl\u00e9matiques de montagne : la \u00ab\u00a0Monte Zerbion Skyrace\u00a0\u00bb en Italie et l'\u00a0\u00bbEDF Pierra Menta \u00e9t\u00e9\u00a0\u00bb en France. Ce rapprochement est le fruit de la volont\u00e9 commune des organisateurs de ces deux \u00e9v\u00e9nements, d&rsquo;associer deux manifestations majeures de trail se d\u00e9roulant dans des territoires partageant des similitudes notables.<\/p>\n\n\n\n<figure class=\"wp-block-image size-large\"><img loading=\"lazy\" decoding=\"async\" width=\"1024\" height=\"683\" src=\"https:\/\/endorfeen.com\/wp-content\/uploads\/2023\/06\/Pierra-Menta-ete-2022-day-01-Franck-Oddoux-1815-scaled-1-1024x683.jpg\" alt=\"Pierra Menta \u00e9t\u00e9 - \u00a9 Franck Oddoux\" class=\"wp-image-11447\" srcset=\"https:\/\/endorfeen.com\/wp-content\/uploads\/2023\/06\/Pierra-Menta-ete-2022-day-01-Franck-Oddoux-1815-scaled-1-300x200.jpg 300w, https:\/\/endorfeen.com\/wp-content\/uploads\/2023\/06\/Pierra-Menta-ete-2022-day-01-Franck-Oddoux-1815-scaled-1-600x400.jpg 600w, https:\/\/endorfeen.com\/wp-content\/uploads\/2023\/06\/Pierra-Menta-ete-2022-day-01-Franck-Oddoux-1815-scaled-1-768x512.jpg 768w, https:\/\/endorfeen.com\/wp-content\/uploads\/2023\/06\/Pierra-Menta-ete-2022-day-01-Franck-Oddoux-1815-scaled-1-1024x683.jpg 1024w, https:\/\/endorfeen.com\/wp-content\/uploads\/2023\/06\/Pierra-Menta-ete-2022-day-01-Franck-Oddoux-1815-scaled-1-1536x1024.jpg 1536w, https:\/\/endorfeen.com\/wp-content\/uploads\/2023\/06\/Pierra-Menta-ete-2022-day-01-Franck-Oddoux-1815-scaled-1.jpg 2048w\" sizes=\"auto, (max-width: 1024px) 100vw, 1024px\" \/><figcaption class=\"wp-element-caption\">Pierra Menta \u00e9t\u00e9 &#8211; \u00a9 Franck Oddoux<\/figcaption><\/figure>\n\n\n\n<p>La vall\u00e9e d&rsquo;Aoste en Italie et le Beaufortain en France sont, en effet, deux r\u00e9gions caract\u00e9ris\u00e9es par des identit\u00e9s communes fortes : l&rsquo;agriculture, le tourisme, et l&rsquo;hydro\u00e9lectricit\u00e9. Ces activit\u00e9s majeures ont model\u00e9 les paysages, les communaut\u00e9s et les \u00e9conomies locales de part et d&rsquo;autre de la fronti\u00e8re, faisant de ces lieux des bastions de la tradition et du respect de la nature.<\/p>\n\n\n\n<figure class=\"wp-block-image size-large\"><img loading=\"lazy\" decoding=\"async\" width=\"1024\" height=\"683\" src=\"https:\/\/endorfeen.com\/wp-content\/uploads\/2023\/06\/Pierra-Menta-ete-2022-day-01-Franck-Oddoux-9351-scaled-1-1024x683.jpg\" alt=\"Pierra Menta \u00e9t\u00e9 - \u00a9 Franck Oddoux\" class=\"wp-image-11453\" srcset=\"https:\/\/endorfeen.com\/wp-content\/uploads\/2023\/06\/Pierra-Menta-ete-2022-day-01-Franck-Oddoux-9351-scaled-1-300x200.jpg 300w, https:\/\/endorfeen.com\/wp-content\/uploads\/2023\/06\/Pierra-Menta-ete-2022-day-01-Franck-Oddoux-9351-scaled-1-600x400.jpg 600w, https:\/\/endorfeen.com\/wp-content\/uploads\/2023\/06\/Pierra-Menta-ete-2022-day-01-Franck-Oddoux-9351-scaled-1-768x512.jpg 768w, https:\/\/endorfeen.com\/wp-content\/uploads\/2023\/06\/Pierra-Menta-ete-2022-day-01-Franck-Oddoux-9351-scaled-1-1024x683.jpg 1024w, https:\/\/endorfeen.com\/wp-content\/uploads\/2023\/06\/Pierra-Menta-ete-2022-day-01-Franck-Oddoux-9351-scaled-1-1536x1024.jpg 1536w, https:\/\/endorfeen.com\/wp-content\/uploads\/2023\/06\/Pierra-Menta-ete-2022-day-01-Franck-Oddoux-9351-scaled-1.jpg 2048w\" sizes=\"auto, (max-width: 1024px) 100vw, 1024px\" \/><figcaption class=\"wp-element-caption\">Pierra Menta \u00e9t\u00e9 &#8211; \u00a9 Franck Oddoux<\/figcaption><\/figure>\n\n\n\n<p>En s&rsquo;alignant \u00e0 la fois sur la \u00ab\u00a0Monte Zerbion Skyrace\u00a0\u00bb et sur l'\u00a0\u00bbEDF Pierra Menta \u00e9t\u00e9\u00a0\u00bb, les coureurs ont l&rsquo;opportunit\u00e9 de participer \u00e0 ce challenge de haut niveau. Ainsi, ils peuvent pr\u00e9tendre au classement du Mountain Trail Trophy, une distinction qui r\u00e9compense non seulement leur performance sportive, mais aussi leur capacit\u00e9 \u00e0 se confronter \u00e0 deux terrains exigeants, dans des contextes culturels et g\u00e9ographiques distincts. Le MTT s&rsquo;impose donc comme une v\u00e9ritable c\u00e9l\u00e9bration du trail en montagne, transcend\u00e9e par l&rsquo;esprit de comp\u00e9tition et le respect des valeurs partag\u00e9es par les deux r\u00e9gions.<\/p>\n","protected":false},"excerpt":{"rendered":"<p>EDF Pierra-Menta \u00c9t\u00e9 : Un d\u00e9fi majestueux au c\u0153ur du Beaufortain Ar\u00eaches-Beaufort, un village-station embl\u00e9matique de la vall\u00e9e du Beaufortain, s&rsquo;impose comme le th\u00e9\u00e2tre id\u00e9al pour le trail sous toutes ses formes. Ses vastes terrains offrent un d\u00e9fi \u00e0 chaque pratiquant tout en servant de terrain de pr\u00e9dilection pour la c\u00e9l\u00e8bre Pierra-Menta d&rsquo;hiver, reconnue internationalement &hellip;<\/p>\n","protected":false},"author":30,"featured_media":11451,"comment_status":"open","ping_status":"open","sticky":false,"template":"","format":"standard","meta":{"_acf_changed":false,"_genesis_hide_title":false,"_genesis_hide_breadcrumbs":false,"_genesis_hide_singular_image":false,"_genesis_hide_footer_widgets":false,"_genesis_custom_body_class":"","_genesis_custom_post_class":"","_genesis_layout":"","footnotes":""},"categories":[170],"tags":[],"sponsor":[1087],"class_list":{"2":"type-post","7":"category-aventures","8":"sponsor-endorfeen","9":"entry"},"yoast_head":"<!-- This site is optimized with the Yoast SEO Premium plugin v26.2 (Yoast SEO v26.2) - https:\/\/yoast.com\/wordpress\/plugins\/seo\/ -->\n<title>EDF Pierra menta \u00e9t\u00e9 - endorfeen<\/title>\n<meta name=\"description\" content=\"Pierra Menta \u00e9t\u00e9 : Ar\u00eaches-Beaufort, un village-station embl\u00e9matique de la vall\u00e9e du Beaufortain, s&#039;impose comme le th\u00e9\u00e2tre id\u00e9al pour...\" \/>\n<meta name=\"robots\" content=\"index, follow, max-snippet:-1, max-image-preview:large, max-video-preview:-1\" \/>\n<link rel=\"canonical\" href=\"https:\/\/endorfeen.com\/fr\/edf-pierra-menta-ete\/\" \/>\n<meta property=\"og:locale\" content=\"fr_FR\" \/>\n<meta property=\"og:type\" content=\"article\" \/>\n<meta property=\"og:title\" content=\"EDF Pierra menta \u00e9t\u00e9\" \/>\n<meta property=\"og:description\" content=\"Pierra Menta \u00e9t\u00e9 : Ar\u00eaches-Beaufort, un village-station embl\u00e9matique de la vall\u00e9e du Beaufortain, s&#039;impose comme le th\u00e9\u00e2tre id\u00e9al pour...\" \/>\n<meta property=\"og:url\" content=\"https:\/\/endorfeen.com\/fr\/edf-pierra-menta-ete\/\" \/>\n<meta property=\"og:site_name\" content=\"endorfeen\" \/>\n<meta property=\"article:author\" content=\"http:\/\/www.facebook.com\/endorfeen-583261049007200\" \/>\n<meta property=\"article:published_time\" content=\"2023-06-21T07:00:00+00:00\" \/>\n<meta property=\"article:modified_time\" content=\"2023-08-18T10:01:40+00:00\" \/>\n<meta property=\"og:image\" content=\"https:\/\/endorfeen.com\/wp-content\/uploads\/2023\/06\/Pierra-Menta-ete-2022-day-01-Franck-Oddoux-9519-scaled-1.jpg\" \/>\n\t<meta property=\"og:image:width\" content=\"2560\" \/>\n\t<meta property=\"og:image:height\" content=\"1707\" \/>\n\t<meta property=\"og:image:type\" content=\"image\/jpeg\" \/>\n<meta name=\"author\" content=\"Thomas Viguier\" \/>\n<meta name=\"twitter:card\" content=\"summary_large_image\" \/>\n<meta name=\"twitter:creator\" content=\"@https:\/\/twitter.com\/endorfeen_\" \/>\n<meta name=\"twitter:label1\" content=\"\u00c9crit par\" \/>\n\t<meta name=\"twitter:data1\" content=\"Thomas Viguier\" \/>\n\t<meta name=\"twitter:label2\" content=\"Dur\u00e9e de lecture estim\u00e9e\" \/>\n\t<meta name=\"twitter:data2\" content=\"5 minutes\" \/>\n<script type=\"application\/ld+json\" class=\"yoast-schema-graph\">{\"@context\":\"https:\/\/schema.org\",\"@graph\":[{\"@type\":\"Article\",\"@id\":\"https:\/\/endorfeen.com\/fr\/edf-pierra-menta-ete\/#article\",\"isPartOf\":{\"@id\":\"https:\/\/endorfeen.com\/fr\/edf-pierra-menta-ete\/\"},\"author\":{\"name\":\"Thomas Viguier\",\"@id\":\"https:\/\/endorfeen.com\/fr\/#\/schema\/person\/76a61f8eb41d36fffdec1b376fcf19aa\"},\"headline\":\"EDF Pierra menta \u00e9t\u00e9\",\"datePublished\":\"2023-06-21T07:00:00+00:00\",\"dateModified\":\"2023-08-18T10:01:40+00:00\",\"mainEntityOfPage\":{\"@id\":\"https:\/\/endorfeen.com\/fr\/edf-pierra-menta-ete\/\"},\"wordCount\":931,\"commentCount\":0,\"publisher\":{\"@id\":\"https:\/\/endorfeen.com\/fr\/#organization\"},\"image\":{\"@id\":\"https:\/\/endorfeen.com\/fr\/edf-pierra-menta-ete\/#primaryimage\"},\"thumbnailUrl\":\"https:\/\/endorfeen.com\/wp-content\/uploads\/2023\/06\/Pierra-Menta-ete-2022-day-01-Franck-Oddoux-9519-scaled-1.jpg\",\"articleSection\":[\"Aventures\"],\"inLanguage\":\"fr-FR\",\"potentialAction\":[{\"@type\":\"CommentAction\",\"name\":\"Comment\",\"target\":[\"https:\/\/endorfeen.com\/fr\/edf-pierra-menta-ete\/#respond\"]}]},{\"@type\":\"WebPage\",\"@id\":\"https:\/\/endorfeen.com\/fr\/edf-pierra-menta-ete\/\",\"url\":\"https:\/\/endorfeen.com\/fr\/edf-pierra-menta-ete\/\",\"name\":\"EDF Pierra menta \u00e9t\u00e9 - endorfeen\",\"isPartOf\":{\"@id\":\"https:\/\/endorfeen.com\/fr\/#website\"},\"primaryImageOfPage\":{\"@id\":\"https:\/\/endorfeen.com\/fr\/edf-pierra-menta-ete\/#primaryimage\"},\"image\":{\"@id\":\"https:\/\/endorfeen.com\/fr\/edf-pierra-menta-ete\/#primaryimage\"},\"thumbnailUrl\":\"https:\/\/endorfeen.com\/wp-content\/uploads\/2023\/06\/Pierra-Menta-ete-2022-day-01-Franck-Oddoux-9519-scaled-1.jpg\",\"datePublished\":\"2023-06-21T07:00:00+00:00\",\"dateModified\":\"2023-08-18T10:01:40+00:00\",\"description\":\"Pierra Menta \u00e9t\u00e9 : Ar\u00eaches-Beaufort, un village-station embl\u00e9matique de la vall\u00e9e du Beaufortain, s'impose comme le th\u00e9\u00e2tre id\u00e9al pour...\",\"breadcrumb\":{\"@id\":\"https:\/\/endorfeen.com\/fr\/edf-pierra-menta-ete\/#breadcrumb\"},\"inLanguage\":\"fr-FR\",\"potentialAction\":[{\"@type\":\"ReadAction\",\"target\":[\"https:\/\/endorfeen.com\/fr\/edf-pierra-menta-ete\/\"]}]},{\"@type\":\"ImageObject\",\"inLanguage\":\"fr-FR\",\"@id\":\"https:\/\/endorfeen.com\/fr\/edf-pierra-menta-ete\/#primaryimage\",\"url\":\"https:\/\/endorfeen.com\/wp-content\/uploads\/2023\/06\/Pierra-Menta-ete-2022-day-01-Franck-Oddoux-9519-scaled-1.jpg\",\"contentUrl\":\"https:\/\/endorfeen.com\/wp-content\/uploads\/2023\/06\/Pierra-Menta-ete-2022-day-01-Franck-Oddoux-9519-scaled-1.jpg\",\"width\":2048,\"height\":1366,\"caption\":\"Pierra Menta \u00e9t\u00e9 - \u00a9 Franck Oddoux\"},{\"@type\":\"BreadcrumbList\",\"@id\":\"https:\/\/endorfeen.com\/fr\/edf-pierra-menta-ete\/#breadcrumb\",\"itemListElement\":[{\"@type\":\"ListItem\",\"position\":1,\"name\":\"Home\",\"item\":\"https:\/\/endorfeen.com\/fr\/\"},{\"@type\":\"ListItem\",\"position\":2,\"name\":\"EDF Pierra menta \u00e9t\u00e9\"}]},{\"@type\":\"WebSite\",\"@id\":\"https:\/\/endorfeen.com\/fr\/#website\",\"url\":\"https:\/\/endorfeen.com\/fr\/\",\"name\":\"endorfeen\",\"description\":\"The Media For Sustainable Outdoors.\",\"publisher\":{\"@id\":\"https:\/\/endorfeen.com\/fr\/#organization\"},\"potentialAction\":[{\"@type\":\"SearchAction\",\"target\":{\"@type\":\"EntryPoint\",\"urlTemplate\":\"https:\/\/endorfeen.com\/fr\/?s={search_term_string}\"},\"query-input\":{\"@type\":\"PropertyValueSpecification\",\"valueRequired\":true,\"valueName\":\"search_term_string\"}}],\"inLanguage\":\"fr-FR\"},{\"@type\":\"Organization\",\"@id\":\"https:\/\/endorfeen.com\/fr\/#organization\",\"name\":\"endorfeen\",\"url\":\"https:\/\/endorfeen.com\/fr\/\",\"logo\":{\"@type\":\"ImageObject\",\"inLanguage\":\"fr-FR\",\"@id\":\"https:\/\/endorfeen.com\/fr\/#\/schema\/logo\/image\/\",\"url\":\"https:\/\/endorfeen.com\/wp-content\/uploads\/2022\/06\/Circle-endorfeen-site-icon-circled-1000-x-1000-300psi.png\",\"contentUrl\":\"https:\/\/endorfeen.com\/wp-content\/uploads\/2022\/06\/Circle-endorfeen-site-icon-circled-1000-x-1000-300psi.png\",\"width\":1000,\"height\":1000,\"caption\":\"endorfeen\"},\"image\":{\"@id\":\"https:\/\/endorfeen.com\/fr\/#\/schema\/logo\/image\/\"}},{\"@type\":\"Person\",\"@id\":\"https:\/\/endorfeen.com\/fr\/#\/schema\/person\/76a61f8eb41d36fffdec1b376fcf19aa\",\"name\":\"Thomas Viguier\",\"image\":{\"@type\":\"ImageObject\",\"inLanguage\":\"fr-FR\",\"@id\":\"https:\/\/endorfeen.com\/fr\/#\/schema\/person\/image\/\",\"url\":\"https:\/\/secure.gravatar.com\/avatar\/3c24e541f6f82c052219429c60a8948b1c9ad8eda6daf26af0a100594146ab1a?s=96&d=mm&r=g\",\"contentUrl\":\"https:\/\/secure.gravatar.com\/avatar\/3c24e541f6f82c052219429c60a8948b1c9ad8eda6daf26af0a100594146ab1a?s=96&d=mm&r=g\",\"caption\":\"Thomas Viguier\"},\"description\":\"Everyone has a story to tell. endorfeen is built as a collaborative platform, giving the voice to anyone with a story to tell. If you have things you want to share, register here.\",\"sameAs\":[\"https:\/\/www.endorfeen.com\/\",\"http:\/\/www.facebook.com\/endorfeen-583261049007200\",\"http:\/\/www.instagram.com\/endorfeen_\/\",\"https:\/\/fi.pinterest.com\/endorfeen_\/\",\"https:\/\/x.com\/https:\/\/twitter.com\/endorfeen_\"],\"url\":\"https:\/\/endorfeen.com\/fr\/linkto\/endorfeen-mag\/\"}]}<\/script>\n<!-- \/ Yoast SEO Premium plugin. -->","yoast_head_json":{"title":"EDF Pierra menta \u00e9t\u00e9 - endorfeen","description":"Pierra Menta \u00e9t\u00e9 : Ar\u00eaches-Beaufort, un village-station embl\u00e9matique de la vall\u00e9e du Beaufortain, s'impose comme le th\u00e9\u00e2tre id\u00e9al pour...","robots":{"index":"index","follow":"follow","max-snippet":"max-snippet:-1","max-image-preview":"max-image-preview:large","max-video-preview":"max-video-preview:-1"},"canonical":"https:\/\/endorfeen.com\/fr\/edf-pierra-menta-ete\/","og_locale":"fr_FR","og_type":"article","og_title":"EDF Pierra menta \u00e9t\u00e9","og_description":"Pierra Menta \u00e9t\u00e9 : Ar\u00eaches-Beaufort, un village-station embl\u00e9matique de la vall\u00e9e du Beaufortain, s'impose comme le th\u00e9\u00e2tre id\u00e9al pour...","og_url":"https:\/\/endorfeen.com\/fr\/edf-pierra-menta-ete\/","og_site_name":"endorfeen","article_author":"http:\/\/www.facebook.com\/endorfeen-583261049007200","article_published_time":"2023-06-21T07:00:00+00:00","article_modified_time":"2023-08-18T10:01:40+00:00","og_image":[{"width":2560,"height":1707,"url":"https:\/\/endorfeen.com\/wp-content\/uploads\/2023\/06\/Pierra-Menta-ete-2022-day-01-Franck-Oddoux-9519-scaled-1.jpg","type":"image\/jpeg"}],"author":"Thomas Viguier","twitter_card":"summary_large_image","twitter_creator":"@https:\/\/twitter.com\/endorfeen_","twitter_misc":{"\u00c9crit par":"Thomas Viguier","Dur\u00e9e de lecture estim\u00e9e":"5 minutes"},"schema":{"@context":"https:\/\/schema.org","@graph":[{"@type":"Article","@id":"https:\/\/endorfeen.com\/fr\/edf-pierra-menta-ete\/#article","isPartOf":{"@id":"https:\/\/endorfeen.com\/fr\/edf-pierra-menta-ete\/"},"author":{"name":"Thomas Viguier","@id":"https:\/\/endorfeen.com\/fr\/#\/schema\/person\/76a61f8eb41d36fffdec1b376fcf19aa"},"headline":"EDF Pierra menta \u00e9t\u00e9","datePublished":"2023-06-21T07:00:00+00:00","dateModified":"2023-08-18T10:01:40+00:00","mainEntityOfPage":{"@id":"https:\/\/endorfeen.com\/fr\/edf-pierra-menta-ete\/"},"wordCount":931,"commentCount":0,"publisher":{"@id":"https:\/\/endorfeen.com\/fr\/#organization"},"image":{"@id":"https:\/\/endorfeen.com\/fr\/edf-pierra-menta-ete\/#primaryimage"},"thumbnailUrl":"https:\/\/endorfeen.com\/wp-content\/uploads\/2023\/06\/Pierra-Menta-ete-2022-day-01-Franck-Oddoux-9519-scaled-1.jpg","articleSection":["Aventures"],"inLanguage":"fr-FR","potentialAction":[{"@type":"CommentAction","name":"Comment","target":["https:\/\/endorfeen.com\/fr\/edf-pierra-menta-ete\/#respond"]}]},{"@type":"WebPage","@id":"https:\/\/endorfeen.com\/fr\/edf-pierra-menta-ete\/","url":"https:\/\/endorfeen.com\/fr\/edf-pierra-menta-ete\/","name":"EDF Pierra menta \u00e9t\u00e9 - endorfeen","isPartOf":{"@id":"https:\/\/endorfeen.com\/fr\/#website"},"primaryImageOfPage":{"@id":"https:\/\/endorfeen.com\/fr\/edf-pierra-menta-ete\/#primaryimage"},"image":{"@id":"https:\/\/endorfeen.com\/fr\/edf-pierra-menta-ete\/#primaryimage"},"thumbnailUrl":"https:\/\/endorfeen.com\/wp-content\/uploads\/2023\/06\/Pierra-Menta-ete-2022-day-01-Franck-Oddoux-9519-scaled-1.jpg","datePublished":"2023-06-21T07:00:00+00:00","dateModified":"2023-08-18T10:01:40+00:00","description":"Pierra Menta \u00e9t\u00e9 : Ar\u00eaches-Beaufort, un village-station embl\u00e9matique de la vall\u00e9e du Beaufortain, s'impose comme le th\u00e9\u00e2tre id\u00e9al pour...","breadcrumb":{"@id":"https:\/\/endorfeen.com\/fr\/edf-pierra-menta-ete\/#breadcrumb"},"inLanguage":"fr-FR","potentialAction":[{"@type":"ReadAction","target":["https:\/\/endorfeen.com\/fr\/edf-pierra-menta-ete\/"]}]},{"@type":"ImageObject","inLanguage":"fr-FR","@id":"https:\/\/endorfeen.com\/fr\/edf-pierra-menta-ete\/#primaryimage","url":"https:\/\/endorfeen.com\/wp-content\/uploads\/2023\/06\/Pierra-Menta-ete-2022-day-01-Franck-Oddoux-9519-scaled-1.jpg","contentUrl":"https:\/\/endorfeen.com\/wp-content\/uploads\/2023\/06\/Pierra-Menta-ete-2022-day-01-Franck-Oddoux-9519-scaled-1.jpg","width":2048,"height":1366,"caption":"Pierra Menta \u00e9t\u00e9 - \u00a9 Franck Oddoux"},{"@type":"BreadcrumbList","@id":"https:\/\/endorfeen.com\/fr\/edf-pierra-menta-ete\/#breadcrumb","itemListElement":[{"@type":"ListItem","position":1,"name":"Home","item":"https:\/\/endorfeen.com\/fr\/"},{"@type":"ListItem","position":2,"name":"EDF Pierra menta \u00e9t\u00e9"}]},{"@type":"WebSite","@id":"https:\/\/endorfeen.com\/fr\/#website","url":"https:\/\/endorfeen.com\/fr\/","name":"endorfeen","description":"The Media For Sustainable Outdoors.","publisher":{"@id":"https:\/\/endorfeen.com\/fr\/#organization"},"potentialAction":[{"@type":"SearchAction","target":{"@type":"EntryPoint","urlTemplate":"https:\/\/endorfeen.com\/fr\/?s={search_term_string}"},"query-input":{"@type":"PropertyValueSpecification","valueRequired":true,"valueName":"search_term_string"}}],"inLanguage":"fr-FR"},{"@type":"Organization","@id":"https:\/\/endorfeen.com\/fr\/#organization","name":"endorfeen","url":"https:\/\/endorfeen.com\/fr\/","logo":{"@type":"ImageObject","inLanguage":"fr-FR","@id":"https:\/\/endorfeen.com\/fr\/#\/schema\/logo\/image\/","url":"https:\/\/endorfeen.com\/wp-content\/uploads\/2022\/06\/Circle-endorfeen-site-icon-circled-1000-x-1000-300psi.png","contentUrl":"https:\/\/endorfeen.com\/wp-content\/uploads\/2022\/06\/Circle-endorfeen-site-icon-circled-1000-x-1000-300psi.png","width":1000,"height":1000,"caption":"endorfeen"},"image":{"@id":"https:\/\/endorfeen.com\/fr\/#\/schema\/logo\/image\/"}},{"@type":"Person","@id":"https:\/\/endorfeen.com\/fr\/#\/schema\/person\/76a61f8eb41d36fffdec1b376fcf19aa","name":"Thomas Viguier","image":{"@type":"ImageObject","inLanguage":"fr-FR","@id":"https:\/\/endorfeen.com\/fr\/#\/schema\/person\/image\/","url":"https:\/\/secure.gravatar.com\/avatar\/3c24e541f6f82c052219429c60a8948b1c9ad8eda6daf26af0a100594146ab1a?s=96&d=mm&r=g","contentUrl":"https:\/\/secure.gravatar.com\/avatar\/3c24e541f6f82c052219429c60a8948b1c9ad8eda6daf26af0a100594146ab1a?s=96&d=mm&r=g","caption":"Thomas Viguier"},"description":"Everyone has a story to tell. endorfeen is built as a collaborative platform, giving the voice to anyone with a story to tell. If you have things you want to share, register here.","sameAs":["https:\/\/www.endorfeen.com\/","http:\/\/www.facebook.com\/endorfeen-583261049007200","http:\/\/www.instagram.com\/endorfeen_\/","https:\/\/fi.pinterest.com\/endorfeen_\/","https:\/\/x.com\/https:\/\/twitter.com\/endorfeen_"],"url":"https:\/\/endorfeen.com\/fr\/linkto\/endorfeen-mag\/"}]}},"featured_image_src":"https:\/\/endorfeen.com\/wp-content\/uploads\/2023\/06\/Pierra-Menta-ete-2022-day-01-Franck-Oddoux-9519-scaled-1-600x400.jpg","featured_image_src_square":"https:\/\/endorfeen.com\/wp-content\/uploads\/2023\/06\/Pierra-Menta-ete-2022-day-01-Franck-Oddoux-9519-scaled-1-600x600.jpg","author_info":{"display_name":"Thomas Viguier","author_link":"https:\/\/endorfeen.com\/fr\/linkto\/endorfeen-mag\/"},"acf":[],"_links":{"self":[{"href":"https:\/\/endorfeen.com\/fr\/wp-json\/wp\/v2\/posts\/11446","targetHints":{"allow":["GET"]}}],"collection":[{"href":"https:\/\/endorfeen.com\/fr\/wp-json\/wp\/v2\/posts"}],"about":[{"href":"https:\/\/endorfeen.com\/fr\/wp-json\/wp\/v2\/types\/post"}],"author":[{"embeddable":true,"href":"https:\/\/endorfeen.com\/fr\/wp-json\/wp\/v2\/users\/30"}],"replies":[{"embeddable":true,"href":"https:\/\/endorfeen.com\/fr\/wp-json\/wp\/v2\/comments?post=11446"}],"version-history":[{"count":0,"href":"https:\/\/endorfeen.com\/fr\/wp-json\/wp\/v2\/posts\/11446\/revisions"}],"wp:featuredmedia":[{"embeddable":true,"href":"https:\/\/endorfeen.com\/fr\/wp-json\/wp\/v2\/media\/11451"}],"wp:attachment":[{"href":"https:\/\/endorfeen.com\/fr\/wp-json\/wp\/v2\/media?parent=11446"}],"wp:term":[{"taxonomy":"category","embeddable":true,"href":"https:\/\/endorfeen.com\/fr\/wp-json\/wp\/v2\/categories?post=11446"},{"taxonomy":"post_tag","embeddable":true,"href":"https:\/\/endorfeen.com\/fr\/wp-json\/wp\/v2\/tags?post=11446"},{"taxonomy":"sponsor","embeddable":true,"href":"https:\/\/endorfeen.com\/fr\/wp-json\/wp\/v2\/sponsor?post=11446"}],"curies":[{"name":"wp","href":"https:\/\/api.w.org\/{rel}","templated":true}]}}