{"id":11436,"date":"2023-06-20T08:00:00","date_gmt":"2023-06-20T07:00:00","guid":{"rendered":"https:\/\/endorfeen.com\/?p=11436"},"modified":"2023-08-18T11:01:40","modified_gmt":"2023-08-18T10:01:40","slug":"la-pierra-menta-monolithe-majestueux-et-icone-du-beaufortain","status":"publish","type":"post","link":"https:\/\/endorfeen.com\/fr\/la-pierra-menta-monolithe-majestueux-et-icone-du-beaufortain\/","title":{"rendered":"La Pierra Menta : Monolithe Majestueux et Ic\u00f4ne du Beaufortain"},"content":{"rendered":"\n<p>La Pierra Menta, dominant fi\u00e8rement le massif du Beaufortain, jadis connue sous le nom de Pierre Menta, est une ic\u00f4ne naturelle de la Savoie. Avec ses 2 714 m\u00e8tres d&rsquo;altitude, ce sommet est loin d&rsquo;\u00eatre le plus haut, mais il est ind\u00e9niablement l&rsquo;un des plus remarquables. La Pierra Menta est reconnue pour son \u00e9norme \u00e9peron monolithique qui s&rsquo;\u00e9l\u00e8ve majestueusement \u00e0 environ 120 m\u00e8tres au-dessus d&rsquo;une cr\u00eate rocheuse, \u00e9voquant des images de la dent du Lan dans le massif du Chablais, \u00e0 la fronti\u00e8re franco-suisse.<\/p>\n\n\n\n<p>La montagne est nich\u00e9e dans l&rsquo;est du massif du Beaufortain, entour\u00e9e de certains des plus hauts sommets du massif, et s&rsquo;\u00e9l\u00e8ve majestueusement au-dessus du lac de Roselend. Elle domine le paysage, offrant une vue panoramique sur les ruisseaux de Treicol et de l&rsquo;Ormente. Les randonneurs peuvent s&rsquo;\u00e9merveiller de la vue sur le roc de Charbonni\u00e8re au sud-ouest, le mont Rosset au sud-sud-est, et le Roignais, point culminant du massif avec 2 995 m\u00e8tres, face \u00e0 elle au nord-est.<\/p>\n\n\n\n<figure class=\"wp-block-image size-large\"><img loading=\"lazy\" decoding=\"async\" width=\"1024\" height=\"769\" src=\"https:\/\/endorfeen.com\/wp-content\/uploads\/2023\/06\/adrien-fu-FTjUuptGC-4-unsplash-1024x769.jpg\" alt=\"Pierra Menta - \u00a9 Adrien Fu, Unsplash\" class=\"wp-image-11439\" srcset=\"https:\/\/endorfeen.com\/wp-content\/uploads\/2023\/06\/adrien-fu-FTjUuptGC-4-unsplash-300x225.jpg 300w, https:\/\/endorfeen.com\/wp-content\/uploads\/2023\/06\/adrien-fu-FTjUuptGC-4-unsplash-768x577.jpg 768w, https:\/\/endorfeen.com\/wp-content\/uploads\/2023\/06\/adrien-fu-FTjUuptGC-4-unsplash-1024x769.jpg 1024w, https:\/\/endorfeen.com\/wp-content\/uploads\/2023\/06\/adrien-fu-FTjUuptGC-4-unsplash.jpg 2048w\" sizes=\"auto, (max-width: 1024px) 100vw, 1024px\" \/><figcaption class=\"wp-element-caption\">Pierra Menta &#8211; \u00a9 Adrien Fu, Unsplash<\/figcaption><\/figure>\n\n\n\n<p>Le nom de la montagne, Pierra Menta, d\u00e9rive du francoproven\u00e7al Perr\u00e2 ment\u00e2, qui signifie \u00ab pierre mont\u00e9e \u00bb. Selon la l\u00e9gende, cette \u00ab pierre mont\u00e9e \u00bb a \u00e9t\u00e9 propuls\u00e9e par le g\u00e9ant Gargantua d&rsquo;un coup de pied, arrachant ainsi une partie du massif des Aravis et la plantant en plein Beaufortain, ouvrant ainsi la porte des Aravis.<\/p>\n\n\n\n<p>La Pierra Menta est un sommet convoit\u00e9 pour les activit\u00e9s de plein air, avec de la randonn\u00e9e p\u00e9destre et \u00e0 ski, ainsi que de l&rsquo;escalade sur ses pentes. La montagne a aussi donn\u00e9 son nom \u00e0 une comp\u00e9tition de ski de randonn\u00e9e de renomm\u00e9e internationale, faisant d&rsquo;elle une destination incontournable pour les amateurs d&rsquo;outdoor.<\/p>\n\n\n\n<p>Malgr\u00e9 son altitude plus modeste, la Pierra Menta rayonne par sa pr\u00e9sence majestueuse et son importance culturelle, captivant les esprits et les c\u0153urs de tous ceux qui ont le privil\u00e8ge de gravir ses pentes et de contempler son monolithe imposant.<\/p>\n\n\n\n<h2 class=\"wp-block-heading\" id=\"h-ascensions-pionnieres-l-histoire-de-l-alpinisme-sur-la-pierra-menta\">Ascensions Pionni\u00e8res : L&rsquo;Histoire de l&rsquo;Alpinisme sur la Pierra Menta<\/h2>\n\n\n\n<p>L&rsquo;histoire de l&rsquo;alpinisme autour de la Pierra Menta, l&rsquo;ic\u00f4ne du massif du Beaufortain, est un r\u00e9cit fascinant qui remonte au d\u00e9but du XXe si\u00e8cle. Le sommet a \u00e9t\u00e9 gravi pour la premi\u00e8re fois en 1922, lors d&rsquo;une ascension marquante par la face ouest, entreprise par Jean-Paul Loustalot et L\u00e9on Zwingelstein le 6 juillet. Pour cette ascension pionni\u00e8re, les deux hommes se sont \u00e9quip\u00e9s de crochets de muraille, \u00e9galement connus sous le nom de crampons l\u00e9gers, ainsi que de coins de bois, les utilisant avec une hache pour se s\u00e9curiser durant leur progression sur la paroi verticale du monolithe. Ces crochets, anc\u00eatres des pitons modernes, ont \u00e9t\u00e9 plant\u00e9s dans les fissures de la roche pour assurer le premier de cord\u00e9e et s\u00e9curiser le relais. Lors de la descente, un crochet suppl\u00e9mentaire a \u00e9t\u00e9 utilis\u00e9 pour poser un rappel, inaugurant ainsi une tradition d&rsquo;escalade sur cette montagne majestueuse.<\/p>\n\n\n\n<figure class=\"wp-block-image size-full is-resized\"><img loading=\"lazy\" decoding=\"async\" src=\"https:\/\/endorfeen.com\/wp-content\/uploads\/2023\/06\/Leon_Zwingelstein.jpg\" alt=\"\u00a9 L\u00e9on Zwingelstein et Pierre Martin-Morel (1934)\" class=\"wp-image-11441\" width=\"801\" height=\"1142\" srcset=\"https:\/\/endorfeen.com\/wp-content\/uploads\/2023\/06\/Leon_Zwingelstein-210x300.jpg 210w, https:\/\/endorfeen.com\/wp-content\/uploads\/2023\/06\/Leon_Zwingelstein.jpg 348w\" sizes=\"auto, (max-width: 801px) 100vw, 801px\" \/><figcaption class=\"wp-element-caption\">\u00a9 L\u00e9on Zwingelstein et Pierre Martin-Morel (1934)<\/figcaption><\/figure>\n\n\n\n<p>Un an plus tard, en 1923, la face est de la Pierra Menta a \u00e9t\u00e9 conquise par J. Payot et F. Peterlongo, \u00e9largissant la palette des voies disponibles pour les alpinistes sur ce sommet. Leur succ\u00e8s a marqu\u00e9 une nouvelle \u00e9tape dans l&rsquo;histoire de l&rsquo;alpinisme autour de la Pierra Menta, ouvrant la voie \u00e0 de futures ascensions audacieuses.<\/p>\n\n\n\n<p>C&rsquo;est en 1937 que l&rsquo;ar\u00eate nord de la Pierra Menta a \u00e9t\u00e9 gravi pour la premi\u00e8re fois, gr\u00e2ce \u00e0 une ascension audacieuse men\u00e9e par J. Mermillod et Alfred Coutet. Cette conqu\u00eate de l&rsquo;ar\u00eate nord a ajout\u00e9 un nouveau chapitre \u00e0 l&rsquo;histoire de l&rsquo;alpinisme sur la Pierra Menta, d\u00e9montrant une fois de plus l&rsquo;importance de cette montagne dans le monde de l&rsquo;alpinisme.<\/p>\n\n\n\n<p>Ainsi, \u00e0 travers les ann\u00e9es et les ascensions audacieuses, la Pierra Menta a gagn\u00e9 sa place dans le c\u0153ur des alpinistes, devenant un symbole de d\u00e9fi et d&rsquo;aventure dans le paysage alpin.<\/p>\n\n\n\n<h2 class=\"wp-block-heading\" id=\"h-gargantua-et-la-pierra-menta-legende-d-un-sommet-mythique-de-la-savoie\">Gargantua et la Pierra Menta : L\u00e9gende d&rsquo;un Sommet Mythique de la Savoie<\/h2>\n\n\n\n<p>Il existe une l\u00e9gende locale fascinante entourant la montagne de la Pierra Menta, m\u00ealant histoire et folklore de mani\u00e8re spectaculaire. Selon cette l\u00e9gende, le g\u00e9ant Gargantua a jou\u00e9 un r\u00f4le cl\u00e9 dans la formation de ce sommet embl\u00e9matique du massif du Beaufortain.<\/p>\n\n\n\n<p>Gargantua, dit-on, quitta un matin son ch\u00e2teau situ\u00e9 sur les bords de Seine apr\u00e8s un copieux petit d\u00e9jeuner et prit la direction du sud-est, en direction de la Savoie. Malgr\u00e9 sa stature gigantesque, le g\u00e9ant fut ralenti par les escarpements, les c\u00f4tes et les ravins de la r\u00e9gion montagneuse. Il s&rsquo;arr\u00eatait de temps \u00e0 autre pour reprendre son souffle, admirant le paysage de montagnes, de glaciers et de d\u00f4mes baign\u00e9s de soleil.<\/p>\n\n\n\n<p>Arriv\u00e9 au sommet des Aravis, le paysage s&rsquo;\u00e9tendait \u00e0 perte de vue, avec le majestueux Mont-Blanc tout pr\u00e8s, se dressant vers le ciel. Le g\u00e9ant voulait voir ce qui se cachait derri\u00e8re cette barri\u00e8re de montagnes imposante. Cependant, m\u00eame pour lui, il \u00e9tait impossible de franchir le redoutable Mont-Blanc sans difficult\u00e9. Prudent, Gargantua choisit de contourner la montagne par la droite, o\u00f9 le passage semblait plus facile.<\/p>\n\n\n\n<figure class=\"wp-block-image size-large\"><img loading=\"lazy\" decoding=\"async\" width=\"1024\" height=\"768\" src=\"https:\/\/endorfeen.com\/wp-content\/uploads\/2023\/06\/Pierra_Menta_Lac_dAmour1-1024x768.jpg\" alt=\"La Pierra Menta depuis le lac d'Amour - \u00a9 R\u00e9mih\" class=\"wp-image-11443\" srcset=\"https:\/\/endorfeen.com\/wp-content\/uploads\/2023\/06\/Pierra_Menta_Lac_dAmour1-300x225.jpg 300w, https:\/\/endorfeen.com\/wp-content\/uploads\/2023\/06\/Pierra_Menta_Lac_dAmour1-400x300.jpg 400w, https:\/\/endorfeen.com\/wp-content\/uploads\/2023\/06\/Pierra_Menta_Lac_dAmour1-768x576.jpg 768w, https:\/\/endorfeen.com\/wp-content\/uploads\/2023\/06\/Pierra_Menta_Lac_dAmour1-800x600.jpg 800w, https:\/\/endorfeen.com\/wp-content\/uploads\/2023\/06\/Pierra_Menta_Lac_dAmour1-1024x768.jpg 1024w, https:\/\/endorfeen.com\/wp-content\/uploads\/2023\/06\/Pierra_Menta_Lac_dAmour1-1200x900.jpg 1200w, https:\/\/endorfeen.com\/wp-content\/uploads\/2023\/06\/Pierra_Menta_Lac_dAmour1-1536x1152.jpg 1536w, https:\/\/endorfeen.com\/wp-content\/uploads\/2023\/06\/Pierra_Menta_Lac_dAmour1.jpg 2048w\" sizes=\"auto, (max-width: 1024px) 100vw, 1024px\" \/><figcaption class=\"wp-element-caption\">La Pierra Menta depuis le lac d&rsquo;Amour &#8211; \u00a9 R\u00e9mih<\/figcaption><\/figure>\n\n\n\n<p>C&rsquo;est alors qu&rsquo;un gigantesque rocher en forme de pyramide \u00e0 la pointe bris\u00e9e lui barra le chemin. Furieux, Gargantua prit son \u00e9lan et, d&rsquo;un formidable coup de pied, projeta le rocher vers le ciel. L&rsquo;\u00e9norme masse de pierre survola les gorges et les vallons pour atterrir finalement \u00e0 huit lieues de distance, sur les montagnes de Roselend, aux limites du Beaufortin et de la Tarentaise. Ce rocher est d\u00e9sormais connu sous le nom de Pierra Menta.<\/p>\n\n\n\n<p>Le passage cr\u00e9\u00e9 par le coup de pied du g\u00e9ant prit le nom de porte des Aravis, un col cr\u00e9\u00e9 \u00e0 la suite de l&rsquo;\u00e9jection du morceau de la cha\u00eene des Aravis. Cette l\u00e9gende color\u00e9e ajoute une dimension mythique \u00e0 la Pierra Menta, faisant de cette montagne bien plus qu&rsquo;un simple sommet \u00e0 conqu\u00e9rir, mais une part de l&rsquo;histoire et du folklore de la Savoie.<\/p>\n\n\n\n<h2 class=\"wp-block-heading\" id=\"h-marathon-des-cimes-et-epreuve-legendaire-du-ski-alpinisme\">Marathon des Cimes et \u00c9preuve L\u00e9gendaire du Ski-Alpinisme<\/h2>\n\n\n\n<p><a href=\"https:\/\/endorfeen.com\/fr\/la-pierra-menta-legende-et-defi-du-ski-alpinisme\/\">La Pierra Menta, un rendez-vous incontournable pour les aficionados du ski-alpinisme<\/a>, offre chaque ann\u00e9e un spectacle m\u00e9morable. Au c\u0153ur du paysage d&rsquo;Ar\u00eaches-Beaufort, en Savoie, se d\u00e9roule cette course internationale sur quatre jours chaque mois de mars. Pr\u00e9sent depuis 1986, cet \u00e9v\u00e9nement rassemble l&rsquo;\u00e9lite mondiale du ski-alpinisme et met au d\u00e9fi plus de 200 duos de skieurs sur les pentes majestueuses du Grand-Mont.<\/p>\n\n\n\n<p>Il s&rsquo;agit d&rsquo;une qu\u00eate l\u00e9gendaire pour chaque athl\u00e8te, une v\u00e9ritable \u00e9preuve de bravoure sur le terrain de jeu imposant que forme le massif du Beaufortain. Souvent compar\u00e9e \u00e0 un marathon des cimes, <a href=\"https:\/\/endorfeen.com\/fr\/la-pierra-menta-legende-et-defi-du-ski-alpinisme\/\">la Pierra Menta<\/a> se distingue par sa notori\u00e9t\u00e9 mondiale et la fiert\u00e9 qu&rsquo;elle conf\u00e8re \u00e0 chaque comp\u00e9titeur qui a os\u00e9 l&rsquo;affronter.<\/p>\n\n\n\n<figure class=\"wp-block-image size-large\"><img loading=\"lazy\" decoding=\"async\" width=\"1024\" height=\"682\" src=\"https:\/\/endorfeen.com\/wp-content\/uploads\/2023\/06\/Pierra-Menta-Ski-Alpinisme-1024x682.jpeg\" alt=\"Pierra Menta - \u00a9 Jocelyn Chavy\" class=\"wp-image-11424\" srcset=\"https:\/\/endorfeen.com\/wp-content\/uploads\/2023\/06\/Pierra-Menta-Ski-Alpinisme-300x200.jpeg 300w, https:\/\/endorfeen.com\/wp-content\/uploads\/2023\/06\/Pierra-Menta-Ski-Alpinisme-600x400.jpeg 600w, https:\/\/endorfeen.com\/wp-content\/uploads\/2023\/06\/Pierra-Menta-Ski-Alpinisme-768x512.jpeg 768w, https:\/\/endorfeen.com\/wp-content\/uploads\/2023\/06\/Pierra-Menta-Ski-Alpinisme-1024x682.jpeg 1024w, https:\/\/endorfeen.com\/wp-content\/uploads\/2023\/06\/Pierra-Menta-Ski-Alpinisme.jpeg 1280w\" sizes=\"auto, (max-width: 1024px) 100vw, 1024px\" \/><figcaption class=\"wp-element-caption\">Pierra Menta &#8211; \u00a9 Jocelyn Chavy<\/figcaption><\/figure>\n\n\n\n<p><a href=\"https:\/\/endorfeen.com\/fr\/la-pierra-menta-legende-et-defi-du-ski-alpinisme\/\">La Pierra Menta se d\u00e9roule dans un environnement \u00e0 la fois impitoyable et majestueux<\/a>. Les participants gravissent les sommets, confront\u00e9s \u00e0 des terrains montagneux exigeants. Ils doivent composer avec une m\u00e9t\u00e9o changeante, de puissantes rafales de vent et des temp\u00e9ratures glac\u00e9es. Pourtant, ils s&rsquo;\u00e9lancent sur les pentes abruptes, leur courage et leur d\u00e9termination propuls\u00e9s par l&rsquo;espoir de remporter ce marathon des cimes.<\/p>\n\n\n\n<p>Ainsi, <a href=\"https:\/\/endorfeen.com\/fr\/la-pierra-menta-legende-et-defi-du-ski-alpinisme\/\">la Pierra Menta<\/a> s&rsquo;inscrit dans le cadre d&rsquo;une v\u00e9ritable aventure humaine, une \u00e9preuve qui transcende le sport pour devenir une exp\u00e9rience de vie. La course offre un spectacle d&rsquo;endurance et de pers\u00e9v\u00e9rance, o\u00f9 chaque participant d\u00e9montre une r\u00e9silience hors norme face aux d\u00e9fis pos\u00e9s par la montagne.<\/p>\n\n\n\n<p>Les comp\u00e9titeurs ne sont pas les seuls acteurs de cet \u00e9v\u00e9nement. Chaque ann\u00e9e, des milliers de spectateurs se rassemblent le long du parcours, contribuant \u00e0 l&rsquo;ambiance festive qui caract\u00e9rise la course. Encouragements, applaudissements et musique r\u00e9sonnent dans les montagnes, cr\u00e9ant une atmosph\u00e8re enivrante qui soutient et motive les comp\u00e9titeurs.<\/p>\n\n\n\n<p><a href=\"https:\/\/endorfeen.com\/fr\/la-pierra-menta-legende-et-defi-du-ski-alpinisme\/\">La Pierra Menta<\/a>, en plus d&rsquo;\u00eatre une \u00e9preuve sportive, est un spectacle fascinant, une d\u00e9monstration de l&rsquo;endurance humaine face \u00e0 la grandeur de la nature. \u00c0 chaque \u00e9dition, la comp\u00e9tition ajoute une nouvelle page \u00e0 sa l\u00e9gende, affirmant son statut d&rsquo;\u00e9preuve incontournable du ski-alpinisme.<\/p>\n\n\n\n<h2 class=\"wp-block-heading\">EDF Pierra Menta \u00e9t\u00e9<\/h2>\n\n\n\n<p><a href=\"https:\/\/endorfeen.com\/fr\/edf-pierra-menta-ete\/\">La EDF Pierra-Menta \u00c9t\u00e9<\/a>, qui a vu le jour en 2015, est devenue un rendez-vous incontournable pour les passionn\u00e9s de trail. Ancr\u00e9e dans le pittoresque village d&rsquo;Ar\u00eaches-Beaufort, dans la vall\u00e9e du Beaufortain, cette course repr\u00e9sente un v\u00e9ritable d\u00e9fi pour les sportifs qui s&rsquo;y frottent. Ses vastes terrains, qui servent \u00e9galement de terrain de jeu pour la c\u00e9l\u00e8bre Pierra-Menta d&rsquo;hiver, offrent un v\u00e9ritable test de r\u00e9silience et de d\u00e9termination.<\/p>\n\n\n\n<p>Unique en son genre, cette course de montagne incarne l&rsquo;esprit authentique de la montagne et la notion de cord\u00e9e. Les participants, formant des \u00e9quipes de deux, s&rsquo;engagent dans une aventure o\u00f9 la solidarit\u00e9 et l&rsquo;entraide transcendent la simple prouesse sportive. Le format de <a href=\"https:\/\/endorfeen.com\/fr\/edf-pierra-menta-ete\/\">la EDF Pierra-Menta \u00c9t\u00e9<\/a> est \u00e9galement unique : trois jours de courses distinctes, cumulant pr\u00e8s de 70 km et 7 000 m de d\u00e9nivel\u00e9 positif, dans la majest\u00e9 des paysages du Beaufortain.<\/p>\n\n\n\n<figure class=\"wp-block-image size-large\"><img loading=\"lazy\" decoding=\"async\" width=\"1024\" height=\"683\" src=\"https:\/\/endorfeen.com\/wp-content\/uploads\/2023\/06\/Pierra-Menta-ete-2022-day-01-Franck-Oddoux-9519-scaled-1-1024x683.jpg\" alt=\"Pierra Menta \u00e9t\u00e9 - \u00a9 Franck Oddoux\" class=\"wp-image-11451\" srcset=\"https:\/\/endorfeen.com\/wp-content\/uploads\/2023\/06\/Pierra-Menta-ete-2022-day-01-Franck-Oddoux-9519-scaled-1-300x200.jpg 300w, https:\/\/endorfeen.com\/wp-content\/uploads\/2023\/06\/Pierra-Menta-ete-2022-day-01-Franck-Oddoux-9519-scaled-1-600x400.jpg 600w, https:\/\/endorfeen.com\/wp-content\/uploads\/2023\/06\/Pierra-Menta-ete-2022-day-01-Franck-Oddoux-9519-scaled-1-768x512.jpg 768w, https:\/\/endorfeen.com\/wp-content\/uploads\/2023\/06\/Pierra-Menta-ete-2022-day-01-Franck-Oddoux-9519-scaled-1-1024x683.jpg 1024w, https:\/\/endorfeen.com\/wp-content\/uploads\/2023\/06\/Pierra-Menta-ete-2022-day-01-Franck-Oddoux-9519-scaled-1-1536x1024.jpg 1536w, https:\/\/endorfeen.com\/wp-content\/uploads\/2023\/06\/Pierra-Menta-ete-2022-day-01-Franck-Oddoux-9519-scaled-1.jpg 2048w\" sizes=\"auto, (max-width: 1024px) 100vw, 1024px\" \/><figcaption class=\"wp-element-caption\">Pierra Menta \u00e9t\u00e9 &#8211; \u00a9 Franck Oddoux<\/figcaption><\/figure>\n\n\n\n<p><a href=\"https:\/\/endorfeen.com\/fr\/edf-pierra-menta-ete\/\">La EDF Pierra-Menta \u00c9t\u00e9<\/a> emprunte les fondements de <a href=\"https:\/\/endorfeen.com\/fr\/la-pierra-menta-legende-et-defi-du-ski-alpinisme\/\">la c\u00e9l\u00e8bre course hivernale<\/a>, reconnue comme l&rsquo;une des plus spectaculaires et techniques du ski-alpinisme mondial. Cette version estivale s&rsquo;\u00e9loigne d&rsquo;un trail classique par sa technicit\u00e9 et son exigence. Elle se d\u00e9ploie sur trois jours, toujours en \u00e9quipe de deux, avec un d\u00e9nivel\u00e9 cons\u00e9quent pour une distance relativement courte. C&rsquo;est un d\u00e9fi majeur qui offre aux participants une aventure inoubliable au c\u0153ur des montagnes, au sein d&rsquo;une r\u00e9gion fi\u00e8re de ses traditions et de son attachement \u00e0 la nature.<\/p>\n\n\n\n<p>En se lan\u00e7ant dans <a href=\"https:\/\/endorfeen.com\/fr\/edf-pierra-menta-ete\/\">la EDF Pierra-Menta \u00c9t\u00e9<\/a>, les coureurs s&rsquo;engagent \u00e9galement dans le challenge du Mountain Trail Trophy (MTT). Ce d\u00e9fi associe deux courses de montagne embl\u00e9matiques : la \u00ab\u00a0Monte Zerbion Skyrace\u00a0\u00bb en Italie et l'\u00a0\u00bbEDF Pierra Menta \u00e9t\u00e9\u00a0\u00bb en France. Les deux territoires, caract\u00e9ris\u00e9s par leurs activit\u00e9s communes d&rsquo;agriculture, de tourisme et d&rsquo;hydro\u00e9lectricit\u00e9, offrent des parcours vari\u00e9s et exigeants qui mettent \u00e0 l&rsquo;\u00e9preuve la r\u00e9silience des coureurs dans des contextes culturels et g\u00e9ographiques distincts. Le MTT, au-del\u00e0 de la performance sportive, est une c\u00e9l\u00e9bration du trail en montagne, mettant en valeur l&rsquo;esprit de comp\u00e9tition et le respect des valeurs partag\u00e9es par ces deux r\u00e9gions.<\/p>\n","protected":false},"excerpt":{"rendered":"<p>La Pierra Menta, dominant fi\u00e8rement le massif du Beaufortain, jadis connue sous le nom de Pierre Menta, est une ic\u00f4ne naturelle de la Savoie. Avec ses 2 714 m\u00e8tres d&rsquo;altitude, ce sommet est loin d&rsquo;\u00eatre le plus haut, mais il est ind\u00e9niablement l&rsquo;un des plus remarquables. La Pierra Menta est reconnue pour son \u00e9norme \u00e9peron &hellip;<\/p>\n","protected":false},"author":30,"featured_media":11437,"comment_status":"open","ping_status":"open","sticky":false,"template":"","format":"standard","meta":{"_acf_changed":false,"_genesis_hide_title":false,"_genesis_hide_breadcrumbs":false,"_genesis_hide_singular_image":false,"_genesis_hide_footer_widgets":false,"_genesis_custom_body_class":"","_genesis_custom_post_class":"","_genesis_layout":"","footnotes":""},"categories":[170,156,606],"tags":[619,161,717],"sponsor":[1087],"class_list":{"2":"type-post","7":"category-aventures","8":"category-lieux","9":"category-montagnes","10":"tag-alpinisme","11":"tag-histoire","12":"tag-ski-alpinisme","13":"sponsor-endorfeen","14":"entry"},"yoast_head":"<!-- This site is optimized with the Yoast SEO Premium plugin v26.2 (Yoast SEO v26.2) - https:\/\/yoast.com\/wordpress\/plugins\/seo\/ -->\n<title>La Pierra Menta : Monolithe Majestueux et Ic\u00f4ne du Beaufortain - endorfeen<\/title>\n<meta name=\"description\" content=\"La Pierra Menta, dominant fi\u00e8rement le massif du Beaufortain, jadis connue sous le nom de Pierre Menta, est une ic\u00f4ne naturelle de la...\" \/>\n<meta name=\"robots\" content=\"index, follow, max-snippet:-1, max-image-preview:large, max-video-preview:-1\" \/>\n<link rel=\"canonical\" href=\"https:\/\/endorfeen.com\/fr\/la-pierra-menta-monolithe-majestueux-et-icone-du-beaufortain\/\" \/>\n<meta property=\"og:locale\" content=\"fr_FR\" \/>\n<meta property=\"og:type\" content=\"article\" \/>\n<meta property=\"og:title\" content=\"La Pierra Menta : Monolithe Majestueux et Ic\u00f4ne du Beaufortain\" \/>\n<meta property=\"og:description\" content=\"La Pierra Menta, dominant fi\u00e8rement le massif du Beaufortain, jadis connue sous le nom de Pierre Menta, est une ic\u00f4ne naturelle de la...\" \/>\n<meta property=\"og:url\" content=\"https:\/\/endorfeen.com\/fr\/la-pierra-menta-monolithe-majestueux-et-icone-du-beaufortain\/\" \/>\n<meta property=\"og:site_name\" content=\"endorfeen\" \/>\n<meta property=\"article:author\" content=\"http:\/\/www.facebook.com\/endorfeen-583261049007200\" \/>\n<meta property=\"article:published_time\" content=\"2023-06-20T07:00:00+00:00\" \/>\n<meta property=\"article:modified_time\" content=\"2023-08-18T10:01:40+00:00\" \/>\n<meta property=\"og:image\" content=\"https:\/\/endorfeen.com\/wp-content\/uploads\/2023\/06\/thomas-jarrand-b6IUVtAzrWc-unsplash-scaled.jpg\" \/>\n\t<meta property=\"og:image:width\" content=\"2560\" \/>\n\t<meta property=\"og:image:height\" content=\"1707\" \/>\n\t<meta property=\"og:image:type\" content=\"image\/jpeg\" \/>\n<meta name=\"author\" content=\"Thomas Viguier\" \/>\n<meta name=\"twitter:card\" content=\"summary_large_image\" \/>\n<meta name=\"twitter:creator\" content=\"@https:\/\/twitter.com\/endorfeen_\" \/>\n<meta name=\"twitter:label1\" content=\"\u00c9crit par\" \/>\n\t<meta name=\"twitter:data1\" content=\"Thomas Viguier\" \/>\n\t<meta name=\"twitter:label2\" content=\"Dur\u00e9e de lecture estim\u00e9e\" \/>\n\t<meta name=\"twitter:data2\" content=\"9 minutes\" \/>\n<script type=\"application\/ld+json\" class=\"yoast-schema-graph\">{\"@context\":\"https:\/\/schema.org\",\"@graph\":[{\"@type\":\"Article\",\"@id\":\"https:\/\/endorfeen.com\/fr\/la-pierra-menta-monolithe-majestueux-et-icone-du-beaufortain\/#article\",\"isPartOf\":{\"@id\":\"https:\/\/endorfeen.com\/fr\/la-pierra-menta-monolithe-majestueux-et-icone-du-beaufortain\/\"},\"author\":{\"name\":\"Thomas Viguier\",\"@id\":\"https:\/\/endorfeen.com\/fr\/#\/schema\/person\/76a61f8eb41d36fffdec1b376fcf19aa\"},\"headline\":\"La Pierra Menta : Monolithe Majestueux et Ic\u00f4ne du Beaufortain\",\"datePublished\":\"2023-06-20T07:00:00+00:00\",\"dateModified\":\"2023-08-18T10:01:40+00:00\",\"mainEntityOfPage\":{\"@id\":\"https:\/\/endorfeen.com\/fr\/la-pierra-menta-monolithe-majestueux-et-icone-du-beaufortain\/\"},\"wordCount\":1855,\"commentCount\":0,\"publisher\":{\"@id\":\"https:\/\/endorfeen.com\/fr\/#organization\"},\"image\":{\"@id\":\"https:\/\/endorfeen.com\/fr\/la-pierra-menta-monolithe-majestueux-et-icone-du-beaufortain\/#primaryimage\"},\"thumbnailUrl\":\"https:\/\/endorfeen.com\/wp-content\/uploads\/2023\/06\/thomas-jarrand-b6IUVtAzrWc-unsplash-scaled.jpg\",\"keywords\":[\"#Alpinisme\",\"#histoire\",\"#Ski-Alpinisme\"],\"articleSection\":[\"Aventures\",\"Lieux\",\"Montagnes\"],\"inLanguage\":\"fr-FR\",\"potentialAction\":[{\"@type\":\"CommentAction\",\"name\":\"Comment\",\"target\":[\"https:\/\/endorfeen.com\/fr\/la-pierra-menta-monolithe-majestueux-et-icone-du-beaufortain\/#respond\"]}]},{\"@type\":\"WebPage\",\"@id\":\"https:\/\/endorfeen.com\/fr\/la-pierra-menta-monolithe-majestueux-et-icone-du-beaufortain\/\",\"url\":\"https:\/\/endorfeen.com\/fr\/la-pierra-menta-monolithe-majestueux-et-icone-du-beaufortain\/\",\"name\":\"La Pierra Menta : Monolithe Majestueux et Ic\u00f4ne du Beaufortain - endorfeen\",\"isPartOf\":{\"@id\":\"https:\/\/endorfeen.com\/fr\/#website\"},\"primaryImageOfPage\":{\"@id\":\"https:\/\/endorfeen.com\/fr\/la-pierra-menta-monolithe-majestueux-et-icone-du-beaufortain\/#primaryimage\"},\"image\":{\"@id\":\"https:\/\/endorfeen.com\/fr\/la-pierra-menta-monolithe-majestueux-et-icone-du-beaufortain\/#primaryimage\"},\"thumbnailUrl\":\"https:\/\/endorfeen.com\/wp-content\/uploads\/2023\/06\/thomas-jarrand-b6IUVtAzrWc-unsplash-scaled.jpg\",\"datePublished\":\"2023-06-20T07:00:00+00:00\",\"dateModified\":\"2023-08-18T10:01:40+00:00\",\"description\":\"La Pierra Menta, dominant fi\u00e8rement le massif du Beaufortain, jadis connue sous le nom de Pierre Menta, est une ic\u00f4ne naturelle de la...\",\"breadcrumb\":{\"@id\":\"https:\/\/endorfeen.com\/fr\/la-pierra-menta-monolithe-majestueux-et-icone-du-beaufortain\/#breadcrumb\"},\"inLanguage\":\"fr-FR\",\"potentialAction\":[{\"@type\":\"ReadAction\",\"target\":[\"https:\/\/endorfeen.com\/fr\/la-pierra-menta-monolithe-majestueux-et-icone-du-beaufortain\/\"]}]},{\"@type\":\"ImageObject\",\"inLanguage\":\"fr-FR\",\"@id\":\"https:\/\/endorfeen.com\/fr\/la-pierra-menta-monolithe-majestueux-et-icone-du-beaufortain\/#primaryimage\",\"url\":\"https:\/\/endorfeen.com\/wp-content\/uploads\/2023\/06\/thomas-jarrand-b6IUVtAzrWc-unsplash-scaled.jpg\",\"contentUrl\":\"https:\/\/endorfeen.com\/wp-content\/uploads\/2023\/06\/thomas-jarrand-b6IUVtAzrWc-unsplash-scaled.jpg\",\"width\":2048,\"height\":1366,\"caption\":\"\u00a9 Thomas Jarrand, Unsplash\"},{\"@type\":\"BreadcrumbList\",\"@id\":\"https:\/\/endorfeen.com\/fr\/la-pierra-menta-monolithe-majestueux-et-icone-du-beaufortain\/#breadcrumb\",\"itemListElement\":[{\"@type\":\"ListItem\",\"position\":1,\"name\":\"Home\",\"item\":\"https:\/\/endorfeen.com\/fr\/\"},{\"@type\":\"ListItem\",\"position\":2,\"name\":\"La Pierra Menta : Monolithe Majestueux et Ic\u00f4ne du Beaufortain\"}]},{\"@type\":\"WebSite\",\"@id\":\"https:\/\/endorfeen.com\/fr\/#website\",\"url\":\"https:\/\/endorfeen.com\/fr\/\",\"name\":\"endorfeen\",\"description\":\"The Media For Sustainable Outdoors.\",\"publisher\":{\"@id\":\"https:\/\/endorfeen.com\/fr\/#organization\"},\"potentialAction\":[{\"@type\":\"SearchAction\",\"target\":{\"@type\":\"EntryPoint\",\"urlTemplate\":\"https:\/\/endorfeen.com\/fr\/?s={search_term_string}\"},\"query-input\":{\"@type\":\"PropertyValueSpecification\",\"valueRequired\":true,\"valueName\":\"search_term_string\"}}],\"inLanguage\":\"fr-FR\"},{\"@type\":\"Organization\",\"@id\":\"https:\/\/endorfeen.com\/fr\/#organization\",\"name\":\"endorfeen\",\"url\":\"https:\/\/endorfeen.com\/fr\/\",\"logo\":{\"@type\":\"ImageObject\",\"inLanguage\":\"fr-FR\",\"@id\":\"https:\/\/endorfeen.com\/fr\/#\/schema\/logo\/image\/\",\"url\":\"https:\/\/endorfeen.com\/wp-content\/uploads\/2022\/06\/Circle-endorfeen-site-icon-circled-1000-x-1000-300psi.png\",\"contentUrl\":\"https:\/\/endorfeen.com\/wp-content\/uploads\/2022\/06\/Circle-endorfeen-site-icon-circled-1000-x-1000-300psi.png\",\"width\":1000,\"height\":1000,\"caption\":\"endorfeen\"},\"image\":{\"@id\":\"https:\/\/endorfeen.com\/fr\/#\/schema\/logo\/image\/\"}},{\"@type\":\"Person\",\"@id\":\"https:\/\/endorfeen.com\/fr\/#\/schema\/person\/76a61f8eb41d36fffdec1b376fcf19aa\",\"name\":\"Thomas Viguier\",\"image\":{\"@type\":\"ImageObject\",\"inLanguage\":\"fr-FR\",\"@id\":\"https:\/\/endorfeen.com\/fr\/#\/schema\/person\/image\/\",\"url\":\"https:\/\/secure.gravatar.com\/avatar\/3c24e541f6f82c052219429c60a8948b1c9ad8eda6daf26af0a100594146ab1a?s=96&d=mm&r=g\",\"contentUrl\":\"https:\/\/secure.gravatar.com\/avatar\/3c24e541f6f82c052219429c60a8948b1c9ad8eda6daf26af0a100594146ab1a?s=96&d=mm&r=g\",\"caption\":\"Thomas Viguier\"},\"description\":\"Everyone has a story to tell. endorfeen is built as a collaborative platform, giving the voice to anyone with a story to tell. If you have things you want to share, register here.\",\"sameAs\":[\"https:\/\/www.endorfeen.com\/\",\"http:\/\/www.facebook.com\/endorfeen-583261049007200\",\"http:\/\/www.instagram.com\/endorfeen_\/\",\"https:\/\/fi.pinterest.com\/endorfeen_\/\",\"https:\/\/x.com\/https:\/\/twitter.com\/endorfeen_\"],\"url\":\"https:\/\/endorfeen.com\/fr\/linkto\/endorfeen-mag\/\"}]}<\/script>\n<!-- \/ Yoast SEO Premium plugin. -->","yoast_head_json":{"title":"La Pierra Menta : Monolithe Majestueux et Ic\u00f4ne du Beaufortain - endorfeen","description":"La Pierra Menta, dominant fi\u00e8rement le massif du Beaufortain, jadis connue sous le nom de Pierre Menta, est une ic\u00f4ne naturelle de la...","robots":{"index":"index","follow":"follow","max-snippet":"max-snippet:-1","max-image-preview":"max-image-preview:large","max-video-preview":"max-video-preview:-1"},"canonical":"https:\/\/endorfeen.com\/fr\/la-pierra-menta-monolithe-majestueux-et-icone-du-beaufortain\/","og_locale":"fr_FR","og_type":"article","og_title":"La Pierra Menta : Monolithe Majestueux et Ic\u00f4ne du Beaufortain","og_description":"La Pierra Menta, dominant fi\u00e8rement le massif du Beaufortain, jadis connue sous le nom de Pierre Menta, est une ic\u00f4ne naturelle de la...","og_url":"https:\/\/endorfeen.com\/fr\/la-pierra-menta-monolithe-majestueux-et-icone-du-beaufortain\/","og_site_name":"endorfeen","article_author":"http:\/\/www.facebook.com\/endorfeen-583261049007200","article_published_time":"2023-06-20T07:00:00+00:00","article_modified_time":"2023-08-18T10:01:40+00:00","og_image":[{"width":2560,"height":1707,"url":"https:\/\/endorfeen.com\/wp-content\/uploads\/2023\/06\/thomas-jarrand-b6IUVtAzrWc-unsplash-scaled.jpg","type":"image\/jpeg"}],"author":"Thomas Viguier","twitter_card":"summary_large_image","twitter_creator":"@https:\/\/twitter.com\/endorfeen_","twitter_misc":{"\u00c9crit par":"Thomas Viguier","Dur\u00e9e de lecture estim\u00e9e":"9 minutes"},"schema":{"@context":"https:\/\/schema.org","@graph":[{"@type":"Article","@id":"https:\/\/endorfeen.com\/fr\/la-pierra-menta-monolithe-majestueux-et-icone-du-beaufortain\/#article","isPartOf":{"@id":"https:\/\/endorfeen.com\/fr\/la-pierra-menta-monolithe-majestueux-et-icone-du-beaufortain\/"},"author":{"name":"Thomas Viguier","@id":"https:\/\/endorfeen.com\/fr\/#\/schema\/person\/76a61f8eb41d36fffdec1b376fcf19aa"},"headline":"La Pierra Menta : Monolithe Majestueux et Ic\u00f4ne du Beaufortain","datePublished":"2023-06-20T07:00:00+00:00","dateModified":"2023-08-18T10:01:40+00:00","mainEntityOfPage":{"@id":"https:\/\/endorfeen.com\/fr\/la-pierra-menta-monolithe-majestueux-et-icone-du-beaufortain\/"},"wordCount":1855,"commentCount":0,"publisher":{"@id":"https:\/\/endorfeen.com\/fr\/#organization"},"image":{"@id":"https:\/\/endorfeen.com\/fr\/la-pierra-menta-monolithe-majestueux-et-icone-du-beaufortain\/#primaryimage"},"thumbnailUrl":"https:\/\/endorfeen.com\/wp-content\/uploads\/2023\/06\/thomas-jarrand-b6IUVtAzrWc-unsplash-scaled.jpg","keywords":["#Alpinisme","#histoire","#Ski-Alpinisme"],"articleSection":["Aventures","Lieux","Montagnes"],"inLanguage":"fr-FR","potentialAction":[{"@type":"CommentAction","name":"Comment","target":["https:\/\/endorfeen.com\/fr\/la-pierra-menta-monolithe-majestueux-et-icone-du-beaufortain\/#respond"]}]},{"@type":"WebPage","@id":"https:\/\/endorfeen.com\/fr\/la-pierra-menta-monolithe-majestueux-et-icone-du-beaufortain\/","url":"https:\/\/endorfeen.com\/fr\/la-pierra-menta-monolithe-majestueux-et-icone-du-beaufortain\/","name":"La Pierra Menta : Monolithe Majestueux et Ic\u00f4ne du Beaufortain - endorfeen","isPartOf":{"@id":"https:\/\/endorfeen.com\/fr\/#website"},"primaryImageOfPage":{"@id":"https:\/\/endorfeen.com\/fr\/la-pierra-menta-monolithe-majestueux-et-icone-du-beaufortain\/#primaryimage"},"image":{"@id":"https:\/\/endorfeen.com\/fr\/la-pierra-menta-monolithe-majestueux-et-icone-du-beaufortain\/#primaryimage"},"thumbnailUrl":"https:\/\/endorfeen.com\/wp-content\/uploads\/2023\/06\/thomas-jarrand-b6IUVtAzrWc-unsplash-scaled.jpg","datePublished":"2023-06-20T07:00:00+00:00","dateModified":"2023-08-18T10:01:40+00:00","description":"La Pierra Menta, dominant fi\u00e8rement le massif du Beaufortain, jadis connue sous le nom de Pierre Menta, est une ic\u00f4ne naturelle de la...","breadcrumb":{"@id":"https:\/\/endorfeen.com\/fr\/la-pierra-menta-monolithe-majestueux-et-icone-du-beaufortain\/#breadcrumb"},"inLanguage":"fr-FR","potentialAction":[{"@type":"ReadAction","target":["https:\/\/endorfeen.com\/fr\/la-pierra-menta-monolithe-majestueux-et-icone-du-beaufortain\/"]}]},{"@type":"ImageObject","inLanguage":"fr-FR","@id":"https:\/\/endorfeen.com\/fr\/la-pierra-menta-monolithe-majestueux-et-icone-du-beaufortain\/#primaryimage","url":"https:\/\/endorfeen.com\/wp-content\/uploads\/2023\/06\/thomas-jarrand-b6IUVtAzrWc-unsplash-scaled.jpg","contentUrl":"https:\/\/endorfeen.com\/wp-content\/uploads\/2023\/06\/thomas-jarrand-b6IUVtAzrWc-unsplash-scaled.jpg","width":2048,"height":1366,"caption":"\u00a9 Thomas Jarrand, Unsplash"},{"@type":"BreadcrumbList","@id":"https:\/\/endorfeen.com\/fr\/la-pierra-menta-monolithe-majestueux-et-icone-du-beaufortain\/#breadcrumb","itemListElement":[{"@type":"ListItem","position":1,"name":"Home","item":"https:\/\/endorfeen.com\/fr\/"},{"@type":"ListItem","position":2,"name":"La Pierra Menta : Monolithe Majestueux et Ic\u00f4ne du Beaufortain"}]},{"@type":"WebSite","@id":"https:\/\/endorfeen.com\/fr\/#website","url":"https:\/\/endorfeen.com\/fr\/","name":"endorfeen","description":"The Media For Sustainable Outdoors.","publisher":{"@id":"https:\/\/endorfeen.com\/fr\/#organization"},"potentialAction":[{"@type":"SearchAction","target":{"@type":"EntryPoint","urlTemplate":"https:\/\/endorfeen.com\/fr\/?s={search_term_string}"},"query-input":{"@type":"PropertyValueSpecification","valueRequired":true,"valueName":"search_term_string"}}],"inLanguage":"fr-FR"},{"@type":"Organization","@id":"https:\/\/endorfeen.com\/fr\/#organization","name":"endorfeen","url":"https:\/\/endorfeen.com\/fr\/","logo":{"@type":"ImageObject","inLanguage":"fr-FR","@id":"https:\/\/endorfeen.com\/fr\/#\/schema\/logo\/image\/","url":"https:\/\/endorfeen.com\/wp-content\/uploads\/2022\/06\/Circle-endorfeen-site-icon-circled-1000-x-1000-300psi.png","contentUrl":"https:\/\/endorfeen.com\/wp-content\/uploads\/2022\/06\/Circle-endorfeen-site-icon-circled-1000-x-1000-300psi.png","width":1000,"height":1000,"caption":"endorfeen"},"image":{"@id":"https:\/\/endorfeen.com\/fr\/#\/schema\/logo\/image\/"}},{"@type":"Person","@id":"https:\/\/endorfeen.com\/fr\/#\/schema\/person\/76a61f8eb41d36fffdec1b376fcf19aa","name":"Thomas Viguier","image":{"@type":"ImageObject","inLanguage":"fr-FR","@id":"https:\/\/endorfeen.com\/fr\/#\/schema\/person\/image\/","url":"https:\/\/secure.gravatar.com\/avatar\/3c24e541f6f82c052219429c60a8948b1c9ad8eda6daf26af0a100594146ab1a?s=96&d=mm&r=g","contentUrl":"https:\/\/secure.gravatar.com\/avatar\/3c24e541f6f82c052219429c60a8948b1c9ad8eda6daf26af0a100594146ab1a?s=96&d=mm&r=g","caption":"Thomas Viguier"},"description":"Everyone has a story to tell. endorfeen is built as a collaborative platform, giving the voice to anyone with a story to tell. If you have things you want to share, register here.","sameAs":["https:\/\/www.endorfeen.com\/","http:\/\/www.facebook.com\/endorfeen-583261049007200","http:\/\/www.instagram.com\/endorfeen_\/","https:\/\/fi.pinterest.com\/endorfeen_\/","https:\/\/x.com\/https:\/\/twitter.com\/endorfeen_"],"url":"https:\/\/endorfeen.com\/fr\/linkto\/endorfeen-mag\/"}]}},"featured_image_src":"https:\/\/endorfeen.com\/wp-content\/uploads\/2023\/06\/thomas-jarrand-b6IUVtAzrWc-unsplash-600x400.jpg","featured_image_src_square":"https:\/\/endorfeen.com\/wp-content\/uploads\/2023\/06\/thomas-jarrand-b6IUVtAzrWc-unsplash-600x600.jpg","author_info":{"display_name":"Thomas Viguier","author_link":"https:\/\/endorfeen.com\/fr\/linkto\/endorfeen-mag\/"},"acf":[],"_links":{"self":[{"href":"https:\/\/endorfeen.com\/fr\/wp-json\/wp\/v2\/posts\/11436","targetHints":{"allow":["GET"]}}],"collection":[{"href":"https:\/\/endorfeen.com\/fr\/wp-json\/wp\/v2\/posts"}],"about":[{"href":"https:\/\/endorfeen.com\/fr\/wp-json\/wp\/v2\/types\/post"}],"author":[{"embeddable":true,"href":"https:\/\/endorfeen.com\/fr\/wp-json\/wp\/v2\/users\/30"}],"replies":[{"embeddable":true,"href":"https:\/\/endorfeen.com\/fr\/wp-json\/wp\/v2\/comments?post=11436"}],"version-history":[{"count":0,"href":"https:\/\/endorfeen.com\/fr\/wp-json\/wp\/v2\/posts\/11436\/revisions"}],"wp:featuredmedia":[{"embeddable":true,"href":"https:\/\/endorfeen.com\/fr\/wp-json\/wp\/v2\/media\/11437"}],"wp:attachment":[{"href":"https:\/\/endorfeen.com\/fr\/wp-json\/wp\/v2\/media?parent=11436"}],"wp:term":[{"taxonomy":"category","embeddable":true,"href":"https:\/\/endorfeen.com\/fr\/wp-json\/wp\/v2\/categories?post=11436"},{"taxonomy":"post_tag","embeddable":true,"href":"https:\/\/endorfeen.com\/fr\/wp-json\/wp\/v2\/tags?post=11436"},{"taxonomy":"sponsor","embeddable":true,"href":"https:\/\/endorfeen.com\/fr\/wp-json\/wp\/v2\/sponsor?post=11436"}],"curies":[{"name":"wp","href":"https:\/\/api.w.org\/{rel}","templated":true}]}}