{"id":11408,"date":"2023-06-15T08:00:00","date_gmt":"2023-06-15T07:00:00","guid":{"rendered":"https:\/\/endorfeen.com\/?p=11408"},"modified":"2023-08-18T11:01:42","modified_gmt":"2023-08-18T10:01:42","slug":"les-drus-histoire-approche-et-itineraire","status":"publish","type":"post","link":"https:\/\/endorfeen.com\/fr\/les-drus-histoire-approche-et-itineraire\/","title":{"rendered":"Les Drus &#8211; Histoire, Approche et Itin\u00e9raire"},"content":{"rendered":"\n<p>Imposants et mythiques, les Drus, deux pics d&rsquo;une montagne dans le prestigieux massif du Mont-Blanc en Haute-Savoie, se dressent fi\u00e8rement pour atteindre des altitudes vertigineuses.<\/p>\n\n\n\n<p>Cette montagne se divise en deux sommets distincts: le Grand Dru, le plus \u00e9lev\u00e9, culminant \u00e0 3 754 m, et le Petit Dru, l\u00e9g\u00e8rement plus bas, \u00e0 3 730 m. Dominant le Montenvers, le Petit Dru est particuli\u00e8rement remarquable pour sa vertigineuse paroi granitique, une des plus abruptes des Alpes, d&rsquo;une hauteur impressionnante de 1 000 m et une pente moyenne d\u00e9passant les 75\u00b0.<\/p>\n\n\n\n<p>Situ\u00e9e au coeur du massif du Mont-Blanc, la montagne des Drus se distingue par sa visibilit\u00e9 depuis la c\u00e9l\u00e8bre ville de Chamonix. Ces deux aiguilles incarnent \u00e0 merveille la notion de verticalit\u00e9, d\u2019inaccessibilit\u00e9 et d\u2019engagement, des valeurs que tout alpiniste se doit de respecter. La face sud, moins visible depuis la vall\u00e9e mais n\u00e9anmoins moins raide, offre un parcours de choix pour les amateurs de sensations fortes avec l&rsquo;une des plus belles courses D du massif, la travers\u00e9e du Petit au Grand Dru.<\/p>\n\n\n\n<p>Les Drus, dont les deux pics rivalisent en hauteur avec leurs 3 700 m\u00e8tres respectifs, se distinguent par leur silhouette ac\u00e9r\u00e9e, particuli\u00e8rement celle du Grand Dru, fa\u00e7onn\u00e9e par de nombreux \u00e9boulements au cours de l&rsquo;histoire. Les premi\u00e8res ascensions des Drus t\u00e9moignent de leur d\u00e9fi sportif: celle du Grand Dru en 1878 (C. Thomas Dent, J. Walker Hartley, A. Burgener et K. Maurer) et celle du Petit Dru l\u2019ann\u00e9e suivante (Jean Charlet-Straton, Prosper Payot et Fr\u00e9d\u00e9ric Folliguet). Ces exploits illustrent le courage et la pers\u00e9v\u00e9rance des alpinistes, toujours pr\u00eats \u00e0 repousser les limites pour atteindre les sommets les plus impressionnants.<\/p>\n\n\n\n<h2 class=\"wp-block-heading\" id=\"h-les-drus-retour-sur-leur-histoire-et-legendes\">Les Drus : Retour sur leur Histoire et L\u00e9gendes<\/h2>\n\n\n\n<h3 class=\"wp-block-heading\" id=\"h-les-drus-chronique-des-conquetes-alpines-du-mont-blanc\">Les Drus : Chronique des Conqu\u00eates Alpines du Mont-Blanc<\/h3>\n\n\n\n<p>Dans les pages de l&rsquo;histoire de l&rsquo;alpinisme, la montagne des Drus, dans le massif du Mont-Blanc, tient une place d&rsquo;honneur. Elle a \u00e9t\u00e9 le th\u00e9\u00e2tre de nombreuses premi\u00e8res ascensions et travers\u00e9es, comme une invitation constante \u00e0 repousser les limites de l&rsquo;exploration alpine.<\/p>\n\n\n\n<p>C&rsquo;est en 1878 que la premi\u00e8re ascension du Grand Dru est r\u00e9alis\u00e9e par Clinton Thomas Dent, James Walker Hartley, Alexandre Burgener et K. Maurer. L&rsquo;ann\u00e9e suivante, c&rsquo;est le Petit Dru qui est vaincu par Jean Charlet-Straton, Prosper Payot et Fr\u00e9d\u00e9ric Folliguet.<\/p>\n\n\n\n<figure class=\"wp-block-image size-large is-resized\"><img loading=\"lazy\" decoding=\"async\" src=\"https:\/\/endorfeen.com\/wp-content\/uploads\/2023\/06\/Aiguille_du_Dru.Montanvertonz_RP-F-F24633_cropped-758x1024.jpg\" alt=\"\" class=\"wp-image-11411\" width=\"803\" height=\"1085\" srcset=\"https:\/\/endorfeen.com\/wp-content\/uploads\/2023\/06\/Aiguille_du_Dru.Montanvertonz_RP-F-F24633_cropped-222x300.jpg 222w, https:\/\/endorfeen.com\/wp-content\/uploads\/2023\/06\/Aiguille_du_Dru.Montanvertonz_RP-F-F24633_cropped-758x1024.jpg 758w, https:\/\/endorfeen.com\/wp-content\/uploads\/2023\/06\/Aiguille_du_Dru.Montanvertonz_RP-F-F24633_cropped-768x1037.jpg 768w, https:\/\/endorfeen.com\/wp-content\/uploads\/2023\/06\/Aiguille_du_Dru.Montanvertonz_RP-F-F24633_cropped.jpg 1024w\" sizes=\"auto, (max-width: 803px) 100vw, 803px\" \/><figcaption class=\"wp-element-caption\">Aiguille du Dru, 1855 &#8211; 1900<\/figcaption><\/figure>\n\n\n\n<p>En 1887, une \u00e9quipe d&rsquo;alpinistes audacieux compos\u00e9e de Fran\u00e7ois Simond, \u00c9mile Rey et Henri Dunod r\u00e9alise la premi\u00e8re travers\u00e9e du Grand au Petit Dru, en utilisant des cordes longues et en empruntant le versant Nord.<\/p>\n\n\n\n<figure class=\"wp-block-image size-large is-resized\"><img loading=\"lazy\" decoding=\"async\" src=\"https:\/\/endorfeen.com\/wp-content\/uploads\/2023\/06\/Emile_Rey_1846_-_1895-773x1024.jpg\" alt=\"\u00c9mile Rey - Premi\u00e8re ascension des Drus\" class=\"wp-image-11413\" width=\"803\" height=\"1064\" srcset=\"https:\/\/endorfeen.com\/wp-content\/uploads\/2023\/06\/Emile_Rey_1846_-_1895-226x300.jpg 226w, https:\/\/endorfeen.com\/wp-content\/uploads\/2023\/06\/Emile_Rey_1846_-_1895-768x1018.jpg 768w, https:\/\/endorfeen.com\/wp-content\/uploads\/2023\/06\/Emile_Rey_1846_-_1895-773x1024.jpg 773w, https:\/\/endorfeen.com\/wp-content\/uploads\/2023\/06\/Emile_Rey_1846_-_1895.jpg 793w\" sizes=\"auto, (max-width: 803px) 100vw, 803px\" \/><figcaption class=\"wp-element-caption\">\u00c9mile Rey, 1885<\/figcaption><\/figure>\n\n\n\n<p>La premi\u00e8re ascension de la face nord est accomplie par Pierre Allain et Raymond Leininger en 1935, tandis que la premi\u00e8re travers\u00e9e hivernale des Drus est r\u00e9alis\u00e9e par Armand Charlet et Camille Devouassoux en 1938. La m\u00eame ann\u00e9e, Laurent Grivel et M. et Mme A. Frova se distinguent en r\u00e9alisant la premi\u00e8re ascension de la face sud-est du Grand Dru.<\/p>\n\n\n\n<p>Au fil des ann\u00e9es, d&rsquo;autres exploits sont accomplis. En 1952, Andr\u00e9 Contamine et Michel Bastien se hissent sur le pilier sud du Grand Dru. En 1961, Robert Guillaume et Antoine Vieille r\u00e9alisent la premi\u00e8re ascension hivernale du Pilier Bonatti.<\/p>\n\n\n\n<p>L&rsquo;ann\u00e9e 1964 voit la premi\u00e8re hivernale de la face nord du Petit Dru par Georges Payot, Yvon Masino et G\u00e9rard Devouassoux. En 1967, Yannick Seigneur, Michel Feuillerade, Jean-Paul Paris et Claude Jager gravissent de mani\u00e8re directe la face nord en hiver.<\/p>\n\n\n\n<p>La premi\u00e8re ascension solo de la face nord du Grand Dru est r\u00e9alis\u00e9e par Jo\u00ebl Coqueugniot en 1969. Deux ans plus tard, Jean-Claude Droyer r\u00e9ussit l&rsquo;ascension solo de la voie directe Hemming-Robbins.<\/p>\n\n\n\n<p>En 1974, Walter Cecchinel et Claude Jager r\u00e9alisent la premi\u00e8re ascension et la premi\u00e8re hivernale du couloir nord-est des Drus. Et en 1976, Walter Cecchinel et D. Stolzenberg sont les premiers \u00e0 r\u00e9aliser l&rsquo;ascension hivernale de la face nord du col des Drus.<\/p>\n\n\n\n<p>Enfin, mentionnons une aventure singuli\u00e8re : en 1913, un groupe d&rsquo;alpinistes entreprend d&rsquo;installer une statue de la Vierge de Lourdes, en aluminium creux, pesant 13 kilos et mesurant presque un m\u00e8tre de haut, sur le Petit Dru. Malheureusement, le mauvais temps les contraint \u00e0 la laisser \u00e0 environ 3 000 m\u00e8tres d&rsquo;altitude. Ce n&rsquo;est qu&rsquo;apr\u00e8s la guerre, en 1919, que la statue est finalement plac\u00e9e et scell\u00e9e au sommet. Une image qui donne \u00e0 cette montagne une dimension encore plus mythique et sacr\u00e9e.<\/p>\n\n\n\n<h3 class=\"wp-block-heading\" id=\"h-face-ouest-des-drus-histoire-d-une-conquete-du-triomphe-a-la-resilience\">Face Ouest des Drus : Histoire d&rsquo;une Conqu\u00eate, du Triomphe \u00e0 la R\u00e9silience<\/h3>\n\n\n\n<p>Lorsque Pierre Allain se confronta \u00e0 la face Nord des Drus, il conjectura que le versant Ouest resterait \u00e0 jamais imprenable. Pourtant, d\u00e8s 1952, l&rsquo;impossible est d\u00e9fi\u00e9 par A. Dagory, Guido Magnone, Lucien B\u00e9rardini et M. Lain\u00e9, qui parviennent \u00e0 l&rsquo;escalader en deux assauts cons\u00e9cutifs, n\u00e9cessitant l&rsquo;usage intensif de techniques d&rsquo;escalade artificielle. Ce moment marque le d\u00e9but d&rsquo;un nouveau chapitre de l&rsquo;histoire des Drus.<\/p>\n\n\n\n<p>En 1955, l&rsquo;alpiniste italien Walter Bonatti r\u00e9alise un exploit sans pr\u00e9c\u00e9dent, en escaladant seul le pilier Sud-Ouest lors d&rsquo;une ascension de cinq jours, salu\u00e9e comme l&rsquo;un des plus grands exploits de l&rsquo;histoire de l&rsquo;alpinisme. Jean-Christophe Lafaille, en 2001, ouvre une nouvelle voie en solitaire, en recourant \u00e9galement \u00e0 l&rsquo;escalade artificielle.<\/p>\n\n\n\n<figure class=\"wp-block-image size-full is-resized\"><img loading=\"lazy\" decoding=\"async\" src=\"https:\/\/endorfeen.com\/wp-content\/uploads\/2023\/06\/Walter_Bonatti_1965.jpg\" alt=\"Walter Bonatti - \u00a9 Mario De Biasi (Mondadori Publishers), Wiki Commons\" class=\"wp-image-11415\" width=\"801\" height=\"1160\" srcset=\"https:\/\/endorfeen.com\/wp-content\/uploads\/2023\/06\/Walter_Bonatti_1965-207x300.jpg 207w, https:\/\/endorfeen.com\/wp-content\/uploads\/2023\/06\/Walter_Bonatti_1965.jpg 622w\" sizes=\"auto, (max-width: 801px) 100vw, 801px\" \/><figcaption class=\"wp-element-caption\">Walter Bonatti &#8211; \u00a9 Mario De Biasi (Mondadori Publishers), Wiki Commons<\/figcaption><\/figure>\n\n\n\n<p>En 1962, Gary Hemming et Royal Robbins, deux grimpeurs am\u00e9ricains, inaugurent une variante majeure menant directement de la base de la face au bloc coinc\u00e9, o\u00f9 elle rejoint la voie de 1952. Baptis\u00e9e la \u00ab\u00a0directe am\u00e9ricaine\u00a0\u00bb, cette voie devient une grande classique. Trois ans plus tard, Royal Robbins, accompagn\u00e9 cette fois de John Harlin, trace une autre directe, extr\u00eamement difficile et peu r\u00e9p\u00e9t\u00e9e, en plein centre de la face.<\/p>\n\n\n\n<p>Ren\u00e9 Desmaison, c\u00e9l\u00e8bre alpiniste fran\u00e7ais, a \u00e9galement marqu\u00e9 l&rsquo;histoire de la face Ouest des Drus par ses ascensions notables : la quatri\u00e8me ascension de la voie originale avec Jean Couzy en 1955, la premi\u00e8re ascension hivernale avec le m\u00eame partenaire en 1957, et enfin la premi\u00e8re ascension solitaire en 1963, toujours par la voie classique.<\/p>\n\n\n\n<p>Dans les ann\u00e9es 70 et 80, la qualit\u00e9 intrins\u00e8que de l&rsquo;escalade inaugur\u00e9e prime sur le trac\u00e9 de la voie ouverte. Thomas Gross est ainsi connu pour sa pers\u00e9v\u00e9rance, passant une cinquantaine de jours dans la face Ouest des Drus pour forcer co\u00fbte que co\u00fbte le passage.<\/p>\n\n\n\n<p>Plusieurs autres \u00ab\u00a0lignes\u00a0\u00bb viennent enrichir cette histoire, dont les \u00ab\u00a0strapontins du paradis\u00a0\u00bb des fr\u00e8res R\u00e9my (1980), la \u00ab\u00a0voie des Genevois\u00a0\u00bb de Nicolas Schenkel et B. Wietlisbach (1981), ou encore la \u00ab\u00a0directissime fran\u00e7aise\u00a0\u00bb ouverte par des cord\u00e9es de l&rsquo;\u00c9cole militaire de haute montagne en 1982. Michel Piola et Pierre-Alain Steiner tracent quant \u00e0 eux une remarquable ligne dans la partie gauche de la face, baptis\u00e9e \u00ab\u00a0passage cardiaque\u00a0\u00bb, entre 1984 et 1986.<\/p>\n\n\n\n<p>En 1991, Catherine Destivelle fait une entr\u00e9e remarqu\u00e9e dans l&rsquo;histoire de l&rsquo;alpinisme en ouvrant seule une voie de haute difficult\u00e9, qui porte d\u00e9sormais son nom. Jean-Christophe Lafaille et Marc Batard ajoutent deux autres voies en solitaire.<\/p>\n\n\n\n<p>Les \u00e9boulements successifs effacent la plupart de ces itin\u00e9raires, ne laissant intactes que les voies situ\u00e9es le plus \u00e0 gauche de la paroi. Ces \u00e9v\u00e9nements permettent \u00e0 une nouvelle g\u00e9n\u00e9ration de voies de voir le jour, une fois la roche stabilis\u00e9e. Valery Babanov et Yuri Koshelenko, audacieux, se lancent quelques mois apr\u00e8s l&rsquo;\u00e9boulement de 1997 dans la zone critique pour tracer une voie nouvelle \u00e9ph\u00e9m\u00e8re.<\/p>\n\n\n\n<p>Apr\u00e8s la seconde vague d&rsquo;\u00e9boulements (2003-2005), Martial Dumas et Jean-Yves Fredriksen ouvrent une nouvelle voie dans cette face vierge, en 2007. En f\u00e9vrier 2021, quatre grimpeurs du Groupe militaire de haute montagne ouvrent une voie en hivernale, nomm\u00e9e BASE, et partagent cette aventure en temps r\u00e9el sur YouTube pendant quatre jours.<\/p>\n\n\n\n<h2 class=\"wp-block-heading\" id=\"h-les-drus-face-a-l-erosion-eboulements-et-transformations-d-une-icone-alpine\">Les Drus face \u00e0 l&rsquo;\u00e9rosion : \u00c9boulements et transformations d&rsquo;une ic\u00f4ne alpine<\/h2>\n\n\n\n<p>Dominant le paysage, la face ouest des Drus se pr\u00e9sente comme une imposante paroi pyramidale de plus de mille m\u00e8tres de hauteur. Cette face est le th\u00e9\u00e2tre d&rsquo;une \u00e9rosion intense, provoquant des \u00e9boulements massifs r\u00e9currents. Neuf d&rsquo;entre eux ont \u00e9t\u00e9 recens\u00e9s entre 1905 et 2011, entra\u00eenant la chute de plus de 400 000 m3 de roches. L&rsquo;\u00e9rosion, commen\u00e7ant \u00e0 la base et s&rsquo;\u00e9tendant vers le sommet, a probablement d\u00e9but\u00e9 \u00e0 la fin du petit \u00e2ge glaciaire, au XVIIIe si\u00e8cle. L&rsquo;\u00e9minent pilier Bonatti, jadis culminant \u00e0 500 m, n&rsquo;est d\u00e9sormais plus qu&rsquo;un souvenir. L&rsquo;\u00e9boulement majeur de 2005 repr\u00e9sente pr\u00e8s de trois quarts du volume total \u00e9croul\u00e9 depuis un si\u00e8cle et demi.<\/p>\n\n\n\n<p>Le premier \u00e9boulement de cette p\u00e9riode a \u00e9t\u00e9 provoqu\u00e9 par le tremblement de terre de Chamonix, survenu le 13 ao\u00fbt 1905, avec une intensit\u00e9 ressentie de VI sur l&rsquo;\u00e9chelle MSK. L&rsquo;\u00e9boulement de 1950, co\u00efncidant avec une p\u00e9riode de canicules durant les \u00e9t\u00e9s de 1942 et 1943, souligne le r\u00f4le possible du changement climatique dans l&rsquo;ampleur et la fr\u00e9quence de ces incidents.<\/p>\n\n\n\n<p>Des \u00e9boulements significatifs se sont \u00e9galement produits en 1997, 2003, 2005 et 2011, ann\u00e9es durant lesquelles le r\u00e9chauffement climatique a pu jouer un r\u00f4le majeur. Ces \u00e9v\u00e9nements ont profond\u00e9ment modifi\u00e9 la structure de la montagne et effac\u00e9 de nombreux itin\u00e9raires d&rsquo;escalade historiques. L&rsquo;\u00e9boulement de 2005, le plus consid\u00e9rable de la p\u00e9riode \u00e9tudi\u00e9e, a \u00e9t\u00e9 provoqu\u00e9 par un \u00e9t\u00e9 exceptionnellement chaud, accompagn\u00e9 de pluies abondantes, sur une paroi d\u00e9j\u00e0 fragilis\u00e9e par l&rsquo;\u00e9t\u00e9 caniculaire de 2003. Les roches \u00e9croul\u00e9es recouvrent une surface de 90 \u00e0 95 000 m2 sur le glacier des Drus, sur une \u00e9paisseur de 5 \u00e0 10 m\u00e8tres. Des \u00e9boulements d&rsquo;une moindre ampleur, totalisant 10 000 \u00e0 12 000 m3, ont eu lieu les 10 et 11 septembre 2011, ainsi qu&rsquo;un \u00e9boulement de 60 000 m3 le 30 octobre 2011.<\/p>\n\n\n\n<h2 class=\"wp-block-heading\" id=\"h-la-traversee-des-drus-guide-de-l-aventure-alpine-ultime\">La Travers\u00e9e des Drus : Guide de l&rsquo;Aventure Alpine Ultime<\/h2>\n\n\n\n<h3 class=\"wp-block-heading\" id=\"h-approche-du-train-du-montenvers-au-refuge-de-la-charpoua\">Approche, du Train du Montenvers au Refuge de la Charpoua<\/h3>\n\n\n\n<p>Embarquez \u00e0 bord du train du Montenvers et poursuivez l&rsquo;exploration en grimpant la Mer de Glace jusqu&rsquo;\u00e0 l&rsquo;aiguille du Moine, une aventure d&rsquo;environ une heure et demie. En 2016, un acc\u00e8s r\u00e9nov\u00e9 a \u00e9t\u00e9 cr\u00e9\u00e9 pour le refuge de la Charpoua, perch\u00e9 \u00e0 2 841 m d&rsquo;altitude. Cet itin\u00e9raire se connecte au sentier du Balcon de la Mer de Glace, jalonn\u00e9 d&rsquo;\u00e9chelles, de mains courantes et marqu\u00e9 par des rectangles jaunes. Cette ascension, d\u00e9butant \u00e0 2 060 m et aboutissant \u00e0 une jonction avec le sentier \u00e0 2 380 m, vous offre une mont\u00e9e de 320 m.<\/p>\n\n\n\n<figure class=\"wp-block-image size-large\"><img loading=\"lazy\" decoding=\"async\" width=\"1024\" height=\"1024\" src=\"https:\/\/endorfeen.com\/wp-content\/uploads\/2023\/06\/La_Charpoua-1024x1024.jpg\" alt=\"\" class=\"wp-image-11417\" srcset=\"https:\/\/endorfeen.com\/wp-content\/uploads\/2023\/06\/La_Charpoua-80x80.jpg 80w, https:\/\/endorfeen.com\/wp-content\/uploads\/2023\/06\/La_Charpoua-150x150.jpg 150w, https:\/\/endorfeen.com\/wp-content\/uploads\/2023\/06\/La_Charpoua-300x300.jpg 300w, https:\/\/endorfeen.com\/wp-content\/uploads\/2023\/06\/La_Charpoua-600x600.jpg 600w, https:\/\/endorfeen.com\/wp-content\/uploads\/2023\/06\/La_Charpoua-768x768.jpg 768w, https:\/\/endorfeen.com\/wp-content\/uploads\/2023\/06\/La_Charpoua-1024x1024.jpg 1024w, https:\/\/endorfeen.com\/wp-content\/uploads\/2023\/06\/La_Charpoua.jpg 1200w\" sizes=\"auto, (max-width: 1024px) 100vw, 1024px\" \/><figcaption class=\"wp-element-caption\">La Charpoua &#8211; \u00a9 Nicolas Vigier, Wiki Commons<\/figcaption><\/figure>\n\n\n\n<p>Empruntez ensuite le sentier du Balcon, qui vous m\u00e8ne l\u00e9g\u00e8rement en arri\u00e8re, pour rejoindre le cirque de la Charpoua en une heure et demie. Au total, attendez-vous \u00e0 une randonn\u00e9e de 4 \u00e0 6 heures depuis la gare du Montenvers. Une v\u00e9ritable immersion au c\u0153ur des splendeurs du massif du Mont-Blanc.<\/p>\n\n\n\n<h3 class=\"wp-block-heading\" id=\"h-la-traversee-des-drus-itineraire\">La Travers\u00e9e des Drus &#8211; Itin\u00e9raire<\/h3>\n\n\n\n<p>Cette route d&rsquo;alpinisme offre une cote de difficult\u00e9 D, V+\/A0, sur un parcours de 900 m, g\u00e9n\u00e9ralement achev\u00e9 en trois jours. Depuis le refuge, grimpez le rognon de La Charpoua jusqu&rsquo;\u00e0 environ 3 000 m d&rsquo;altitude (25-30 min), puis traversez le glacier en empruntant la route la plus haute pour \u00e9viter les crevasses majeures.<\/p>\n\n\n\n<p>\u00c0 une altitude d&rsquo;environ 3 050 m, empruntez une longue vire horizontale en bas de la face sud. Suivez-la \u00e0 gauche jusqu&rsquo;\u00e0 deux couloirs. Gravissez les gradins du couloir de gauche qui, sur une distance de 200 m, vous conduisent \u00e0 l&rsquo;ar\u00eate sud-ouest des Flammes de Pierres.<\/p>\n\n\n\n<p>Quelques m\u00e8tres sous l&rsquo;ar\u00eate, un gendarme (3 361 m) est contourn\u00e9 par la droite au niveau d&rsquo;une br\u00e8che carr\u00e9e et d&rsquo;une chemin\u00e9e que vous grimpez en prenant un d\u00e9part par la gauche.<\/p>\n\n\n\n<p>Continuez en tirant l\u00e9g\u00e8rement vers la gauche jusqu&rsquo;\u00e0 atteindre une \u00e9paule qui marque le v\u00e9ritable d\u00e9but des difficult\u00e9s (IV+ \u00e0 V+).<\/p>\n\n\n\n<p>Suivez l&rsquo;ar\u00eate qui devient de moins en moins individualis\u00e9e par des successions de vires, chemin\u00e9es et fissures, sur la droite au d\u00e9but, puis plut\u00f4t versant ouest dans des couloirs-chemin\u00e9es cach\u00e9s.<\/p>\n\n\n\n<p>\u00c0 une cinquantaine de m\u00e8tres du sommet, suivez une vire sur la droite, remontez \u00e0 gauche pour contourner l&rsquo;angle et rejoignez un couloir qui m\u00e8ne au sommet au niveau de la Vierge. Comptez entre 5 et 7 heures depuis le refuge.<\/p>\n\n\n\n<p>Rejoignez la br\u00e8che des Drus (3 697 m) en descendant le versant Charpoua, puis grimpez au Grand Dru par une petite et courte fissure (V) qui m\u00e8ne \u00e0 une vire.<\/p>\n\n\n\n<p>Suivez cette vire \u00e0 droite sur 10 m, puis, par une \u00e9caille, une fissure et une dalle, revenez sur la gauche.<\/p>\n\n\n\n<p>Basculer sur le versant nord par le passage du Z permet de contourner le surplomb par la gauche via un r\u00e2teau de ch\u00e8vre.<\/p>\n\n\n\n<p>Au-dessus du couloir nord, remontez une fissure (IV), puis une longue chemin\u00e9e inconfortable (6a, corde \u00e0 n\u0153ud install\u00e9e, comptez 1h30 pour cette travers\u00e9e) et sortez par la gauche. Cette route est une aventure d&rsquo;alpinisme exigeante et palpitante, offrant une exp\u00e9rience v\u00e9ritablement \u00e9poustouflante.<\/p>\n\n\n\n<h3 class=\"wp-block-heading\" id=\"h-la-descente\">La Descente<\/h3>\n\n\n\n<p>Depuis le sommet du Grand Dru, entamez une descente d&rsquo;environ 150 m le long de l&rsquo;ar\u00eate est\/nord-est, en restant sur le c\u00f4t\u00e9 Charpoua en direction du col des Drus jusqu&rsquo;\u00e0 atteindre le fil de l&rsquo;ar\u00eate. Au niveau de l&rsquo;entr\u00e9e du couloir nord, cherchez des terrasses auxquelles vous acc\u00e9derez en d\u00e9sescalade. Vous trouverez le premier rappel pr\u00e8s d&rsquo;un petit gendarme surmont\u00e9 d&rsquo;un bloc.<\/p>\n\n\n\n<figure class=\"wp-block-image size-large\"><img loading=\"lazy\" decoding=\"async\" width=\"1024\" height=\"753\" src=\"https:\/\/endorfeen.com\/wp-content\/uploads\/2023\/06\/1600px-thumbnail-1024x753.jpg\" alt=\"Les Drus - Travers\u00e9e\" class=\"wp-image-11419\" srcset=\"https:\/\/endorfeen.com\/wp-content\/uploads\/2023\/06\/1600px-thumbnail-300x221.jpg 300w, https:\/\/endorfeen.com\/wp-content\/uploads\/2023\/06\/1600px-thumbnail-768x565.jpg 768w, https:\/\/endorfeen.com\/wp-content\/uploads\/2023\/06\/1600px-thumbnail-1024x753.jpg 1024w, https:\/\/endorfeen.com\/wp-content\/uploads\/2023\/06\/1600px-thumbnail-1536x1130.jpg 1536w, https:\/\/endorfeen.com\/wp-content\/uploads\/2023\/06\/1600px-thumbnail.jpg 1599w\" sizes=\"auto, (max-width: 1024px) 100vw, 1024px\" \/><figcaption class=\"wp-element-caption\">Les Drus &#8211; \u00a9 Henk Monster, Wiki Commons<\/figcaption><\/figure>\n\n\n\n<p>Les rappels suivants s&rsquo;encha\u00eenent de cette fa\u00e7on :<\/p>\n\n\n\n<ul class=\"wp-block-list\">\n<li>Un premier rappel de 45 m vous am\u00e8ne \u00e0 la premi\u00e8re terrasse.<\/li>\n\n\n\n<li>Ensuite, un rappel de 48 m dans une large chemin\u00e9e de teinte verd\u00e2tre vous m\u00e8ne \u00e0 un relais sur une terrasse \u00e0 gauche.<\/li>\n\n\n\n<li>Un troisi\u00e8me rappel de 35 m le long d&rsquo;un \u00e9peron vous conduit jusqu&rsquo;\u00e0 une vire de graviers.<\/li>\n\n\n\n<li>Enfin, un rappel de 50 m dans un mur lisse et sur des vires vous emm\u00e8ne jusqu&rsquo;\u00e0 un petit \u00e9peron.<\/li>\n<\/ul>\n\n\n\n<p>Pour la suite, deux options s&rsquo;offrent \u00e0 vous dans le couloir :<\/p>\n\n\n\n<ul class=\"wp-block-list\">\n<li>Le c\u00f4t\u00e9 droit (48 m + 45 m + 47 m + 50 m d\u00e9cal\u00e9 de 20 m \u00e0 droite, suivi d&rsquo;un peu de d\u00e9sescalade).<\/li>\n\n\n\n<li>Ou le c\u00f4t\u00e9 gauche (48 m + 48 m sur une dalle + 35 m d\u00e9cal\u00e9 \u00e0 gauche de 10 m + 30 m sur un becquet).<\/li>\n<\/ul>\n\n\n\n<p>Un topo d\u00e9taill\u00e9 de cette descente est disponible au refuge pour consultation.<\/p>\n\n\n\n<p>Pour finir, traversez le glacier en passant d&rsquo;abord par la rive droite puis par la rive gauche jusqu&rsquo;au rognon. De l\u00e0, redescendez jusqu&rsquo;au refuge de la Charpoua. Pr\u00e9voyez entre 3 \u00e0 4 heures depuis le Grand Dru pour cette portion de la descente.<\/p>\n","protected":false},"excerpt":{"rendered":"<p>Imposants et mythiques, les Drus, deux pics d&rsquo;une montagne dans le prestigieux massif du Mont-Blanc en Haute-Savoie, se dressent fi\u00e8rement pour atteindre des altitudes vertigineuses. Cette montagne se divise en deux sommets distincts: le Grand Dru, le plus \u00e9lev\u00e9, culminant \u00e0 3 754 m, et le Petit Dru, l\u00e9g\u00e8rement plus bas, \u00e0 3 730 m. &hellip;<\/p>\n","protected":false},"author":30,"featured_media":11409,"comment_status":"open","ping_status":"open","sticky":false,"template":"","format":"standard","meta":{"_acf_changed":false,"_genesis_hide_title":false,"_genesis_hide_breadcrumbs":false,"_genesis_hide_singular_image":false,"_genesis_hide_footer_widgets":false,"_genesis_custom_body_class":"","_genesis_custom_post_class":"","_genesis_layout":"","footnotes":""},"categories":[170,606],"tags":[619],"sponsor":[1087],"class_list":{"2":"type-post","7":"category-aventures","8":"category-montagnes","9":"tag-alpinisme","10":"sponsor-endorfeen","11":"entry"},"yoast_head":"<!-- This site is optimized with the Yoast SEO Premium plugin v26.2 (Yoast SEO v26.2) - https:\/\/yoast.com\/wordpress\/plugins\/seo\/ -->\n<title>Les Drus - Histoire, Approche et Itin\u00e9raire - endorfeen<\/title>\n<meta name=\"description\" content=\"Les Drus : Imposants et mythiques, les Drus, deux pics d&#039;une montagne dans le prestigieux massif du Mont-Blanc en Haute-Savoie...\" \/>\n<meta name=\"robots\" content=\"index, follow, max-snippet:-1, max-image-preview:large, max-video-preview:-1\" \/>\n<link rel=\"canonical\" href=\"https:\/\/endorfeen.com\/fr\/les-drus-histoire-approche-et-itineraire\/\" \/>\n<meta property=\"og:locale\" content=\"fr_FR\" \/>\n<meta property=\"og:type\" content=\"article\" \/>\n<meta property=\"og:title\" content=\"Les Drus - Histoire, Approche et Itin\u00e9raire\" \/>\n<meta property=\"og:description\" content=\"Les Drus : Imposants et mythiques, les Drus, deux pics d&#039;une montagne dans le prestigieux massif du Mont-Blanc en Haute-Savoie...\" \/>\n<meta property=\"og:url\" content=\"https:\/\/endorfeen.com\/fr\/les-drus-histoire-approche-et-itineraire\/\" \/>\n<meta property=\"og:site_name\" content=\"endorfeen\" \/>\n<meta property=\"article:author\" content=\"http:\/\/www.facebook.com\/endorfeen-583261049007200\" \/>\n<meta property=\"article:published_time\" content=\"2023-06-15T07:00:00+00:00\" \/>\n<meta property=\"article:modified_time\" content=\"2023-08-18T10:01:42+00:00\" \/>\n<meta property=\"og:image\" content=\"https:\/\/endorfeen.com\/wp-content\/uploads\/2023\/06\/Alberto.Vezendi_Les_Drus-scaled.jpg\" \/>\n\t<meta property=\"og:image:width\" content=\"2560\" \/>\n\t<meta property=\"og:image:height\" content=\"1492\" \/>\n\t<meta property=\"og:image:type\" content=\"image\/jpeg\" \/>\n<meta name=\"author\" content=\"Thomas Viguier\" \/>\n<meta name=\"twitter:card\" content=\"summary_large_image\" \/>\n<meta name=\"twitter:creator\" content=\"@https:\/\/twitter.com\/endorfeen_\" \/>\n<meta name=\"twitter:label1\" content=\"\u00c9crit par\" \/>\n\t<meta name=\"twitter:data1\" content=\"Thomas Viguier\" \/>\n\t<meta name=\"twitter:label2\" content=\"Dur\u00e9e de lecture estim\u00e9e\" \/>\n\t<meta name=\"twitter:data2\" content=\"12 minutes\" \/>\n<script type=\"application\/ld+json\" class=\"yoast-schema-graph\">{\"@context\":\"https:\/\/schema.org\",\"@graph\":[{\"@type\":\"Article\",\"@id\":\"https:\/\/endorfeen.com\/fr\/les-drus-histoire-approche-et-itineraire\/#article\",\"isPartOf\":{\"@id\":\"https:\/\/endorfeen.com\/fr\/les-drus-histoire-approche-et-itineraire\/\"},\"author\":{\"name\":\"Thomas Viguier\",\"@id\":\"https:\/\/endorfeen.com\/fr\/#\/schema\/person\/76a61f8eb41d36fffdec1b376fcf19aa\"},\"headline\":\"Les Drus &#8211; Histoire, Approche et Itin\u00e9raire\",\"datePublished\":\"2023-06-15T07:00:00+00:00\",\"dateModified\":\"2023-08-18T10:01:42+00:00\",\"mainEntityOfPage\":{\"@id\":\"https:\/\/endorfeen.com\/fr\/les-drus-histoire-approche-et-itineraire\/\"},\"wordCount\":2500,\"commentCount\":0,\"publisher\":{\"@id\":\"https:\/\/endorfeen.com\/fr\/#organization\"},\"image\":{\"@id\":\"https:\/\/endorfeen.com\/fr\/les-drus-histoire-approche-et-itineraire\/#primaryimage\"},\"thumbnailUrl\":\"https:\/\/endorfeen.com\/wp-content\/uploads\/2023\/06\/Alberto.Vezendi_Les_Drus-scaled.jpg\",\"keywords\":[\"#Alpinisme\"],\"articleSection\":[\"Aventures\",\"Montagnes\"],\"inLanguage\":\"fr-FR\",\"potentialAction\":[{\"@type\":\"CommentAction\",\"name\":\"Comment\",\"target\":[\"https:\/\/endorfeen.com\/fr\/les-drus-histoire-approche-et-itineraire\/#respond\"]}]},{\"@type\":\"WebPage\",\"@id\":\"https:\/\/endorfeen.com\/fr\/les-drus-histoire-approche-et-itineraire\/\",\"url\":\"https:\/\/endorfeen.com\/fr\/les-drus-histoire-approche-et-itineraire\/\",\"name\":\"Les Drus - Histoire, Approche et Itin\u00e9raire - endorfeen\",\"isPartOf\":{\"@id\":\"https:\/\/endorfeen.com\/fr\/#website\"},\"primaryImageOfPage\":{\"@id\":\"https:\/\/endorfeen.com\/fr\/les-drus-histoire-approche-et-itineraire\/#primaryimage\"},\"image\":{\"@id\":\"https:\/\/endorfeen.com\/fr\/les-drus-histoire-approche-et-itineraire\/#primaryimage\"},\"thumbnailUrl\":\"https:\/\/endorfeen.com\/wp-content\/uploads\/2023\/06\/Alberto.Vezendi_Les_Drus-scaled.jpg\",\"datePublished\":\"2023-06-15T07:00:00+00:00\",\"dateModified\":\"2023-08-18T10:01:42+00:00\",\"description\":\"Les Drus : Imposants et mythiques, les Drus, deux pics d'une montagne dans le prestigieux massif du Mont-Blanc en Haute-Savoie...\",\"breadcrumb\":{\"@id\":\"https:\/\/endorfeen.com\/fr\/les-drus-histoire-approche-et-itineraire\/#breadcrumb\"},\"inLanguage\":\"fr-FR\",\"potentialAction\":[{\"@type\":\"ReadAction\",\"target\":[\"https:\/\/endorfeen.com\/fr\/les-drus-histoire-approche-et-itineraire\/\"]}]},{\"@type\":\"ImageObject\",\"inLanguage\":\"fr-FR\",\"@id\":\"https:\/\/endorfeen.com\/fr\/les-drus-histoire-approche-et-itineraire\/#primaryimage\",\"url\":\"https:\/\/endorfeen.com\/wp-content\/uploads\/2023\/06\/Alberto.Vezendi_Les_Drus-scaled.jpg\",\"contentUrl\":\"https:\/\/endorfeen.com\/wp-content\/uploads\/2023\/06\/Alberto.Vezendi_Les_Drus-scaled.jpg\",\"width\":2048,\"height\":1194,\"caption\":\"Les Drus - \u00a9 Alberto Vezendi, Wiki Commons\"},{\"@type\":\"BreadcrumbList\",\"@id\":\"https:\/\/endorfeen.com\/fr\/les-drus-histoire-approche-et-itineraire\/#breadcrumb\",\"itemListElement\":[{\"@type\":\"ListItem\",\"position\":1,\"name\":\"Home\",\"item\":\"https:\/\/endorfeen.com\/fr\/\"},{\"@type\":\"ListItem\",\"position\":2,\"name\":\"Les Drus &#8211; Histoire, Approche et Itin\u00e9raire\"}]},{\"@type\":\"WebSite\",\"@id\":\"https:\/\/endorfeen.com\/fr\/#website\",\"url\":\"https:\/\/endorfeen.com\/fr\/\",\"name\":\"endorfeen\",\"description\":\"The Media For Sustainable Outdoors.\",\"publisher\":{\"@id\":\"https:\/\/endorfeen.com\/fr\/#organization\"},\"potentialAction\":[{\"@type\":\"SearchAction\",\"target\":{\"@type\":\"EntryPoint\",\"urlTemplate\":\"https:\/\/endorfeen.com\/fr\/?s={search_term_string}\"},\"query-input\":{\"@type\":\"PropertyValueSpecification\",\"valueRequired\":true,\"valueName\":\"search_term_string\"}}],\"inLanguage\":\"fr-FR\"},{\"@type\":\"Organization\",\"@id\":\"https:\/\/endorfeen.com\/fr\/#organization\",\"name\":\"endorfeen\",\"url\":\"https:\/\/endorfeen.com\/fr\/\",\"logo\":{\"@type\":\"ImageObject\",\"inLanguage\":\"fr-FR\",\"@id\":\"https:\/\/endorfeen.com\/fr\/#\/schema\/logo\/image\/\",\"url\":\"https:\/\/endorfeen.com\/wp-content\/uploads\/2022\/06\/Circle-endorfeen-site-icon-circled-1000-x-1000-300psi.png\",\"contentUrl\":\"https:\/\/endorfeen.com\/wp-content\/uploads\/2022\/06\/Circle-endorfeen-site-icon-circled-1000-x-1000-300psi.png\",\"width\":1000,\"height\":1000,\"caption\":\"endorfeen\"},\"image\":{\"@id\":\"https:\/\/endorfeen.com\/fr\/#\/schema\/logo\/image\/\"}},{\"@type\":\"Person\",\"@id\":\"https:\/\/endorfeen.com\/fr\/#\/schema\/person\/76a61f8eb41d36fffdec1b376fcf19aa\",\"name\":\"Thomas Viguier\",\"image\":{\"@type\":\"ImageObject\",\"inLanguage\":\"fr-FR\",\"@id\":\"https:\/\/endorfeen.com\/fr\/#\/schema\/person\/image\/\",\"url\":\"https:\/\/secure.gravatar.com\/avatar\/3c24e541f6f82c052219429c60a8948b1c9ad8eda6daf26af0a100594146ab1a?s=96&d=mm&r=g\",\"contentUrl\":\"https:\/\/secure.gravatar.com\/avatar\/3c24e541f6f82c052219429c60a8948b1c9ad8eda6daf26af0a100594146ab1a?s=96&d=mm&r=g\",\"caption\":\"Thomas Viguier\"},\"description\":\"Everyone has a story to tell. endorfeen is built as a collaborative platform, giving the voice to anyone with a story to tell. If you have things you want to share, register here.\",\"sameAs\":[\"https:\/\/www.endorfeen.com\/\",\"http:\/\/www.facebook.com\/endorfeen-583261049007200\",\"http:\/\/www.instagram.com\/endorfeen_\/\",\"https:\/\/fi.pinterest.com\/endorfeen_\/\",\"https:\/\/x.com\/https:\/\/twitter.com\/endorfeen_\"],\"url\":\"https:\/\/endorfeen.com\/fr\/linkto\/endorfeen-mag\/\"}]}<\/script>\n<!-- \/ Yoast SEO Premium plugin. -->","yoast_head_json":{"title":"Les Drus - Histoire, Approche et Itin\u00e9raire - endorfeen","description":"Les Drus : Imposants et mythiques, les Drus, deux pics d'une montagne dans le prestigieux massif du Mont-Blanc en Haute-Savoie...","robots":{"index":"index","follow":"follow","max-snippet":"max-snippet:-1","max-image-preview":"max-image-preview:large","max-video-preview":"max-video-preview:-1"},"canonical":"https:\/\/endorfeen.com\/fr\/les-drus-histoire-approche-et-itineraire\/","og_locale":"fr_FR","og_type":"article","og_title":"Les Drus - Histoire, Approche et Itin\u00e9raire","og_description":"Les Drus : Imposants et mythiques, les Drus, deux pics d'une montagne dans le prestigieux massif du Mont-Blanc en Haute-Savoie...","og_url":"https:\/\/endorfeen.com\/fr\/les-drus-histoire-approche-et-itineraire\/","og_site_name":"endorfeen","article_author":"http:\/\/www.facebook.com\/endorfeen-583261049007200","article_published_time":"2023-06-15T07:00:00+00:00","article_modified_time":"2023-08-18T10:01:42+00:00","og_image":[{"width":2560,"height":1492,"url":"https:\/\/endorfeen.com\/wp-content\/uploads\/2023\/06\/Alberto.Vezendi_Les_Drus-scaled.jpg","type":"image\/jpeg"}],"author":"Thomas Viguier","twitter_card":"summary_large_image","twitter_creator":"@https:\/\/twitter.com\/endorfeen_","twitter_misc":{"\u00c9crit par":"Thomas Viguier","Dur\u00e9e de lecture estim\u00e9e":"12 minutes"},"schema":{"@context":"https:\/\/schema.org","@graph":[{"@type":"Article","@id":"https:\/\/endorfeen.com\/fr\/les-drus-histoire-approche-et-itineraire\/#article","isPartOf":{"@id":"https:\/\/endorfeen.com\/fr\/les-drus-histoire-approche-et-itineraire\/"},"author":{"name":"Thomas Viguier","@id":"https:\/\/endorfeen.com\/fr\/#\/schema\/person\/76a61f8eb41d36fffdec1b376fcf19aa"},"headline":"Les Drus &#8211; Histoire, Approche et Itin\u00e9raire","datePublished":"2023-06-15T07:00:00+00:00","dateModified":"2023-08-18T10:01:42+00:00","mainEntityOfPage":{"@id":"https:\/\/endorfeen.com\/fr\/les-drus-histoire-approche-et-itineraire\/"},"wordCount":2500,"commentCount":0,"publisher":{"@id":"https:\/\/endorfeen.com\/fr\/#organization"},"image":{"@id":"https:\/\/endorfeen.com\/fr\/les-drus-histoire-approche-et-itineraire\/#primaryimage"},"thumbnailUrl":"https:\/\/endorfeen.com\/wp-content\/uploads\/2023\/06\/Alberto.Vezendi_Les_Drus-scaled.jpg","keywords":["#Alpinisme"],"articleSection":["Aventures","Montagnes"],"inLanguage":"fr-FR","potentialAction":[{"@type":"CommentAction","name":"Comment","target":["https:\/\/endorfeen.com\/fr\/les-drus-histoire-approche-et-itineraire\/#respond"]}]},{"@type":"WebPage","@id":"https:\/\/endorfeen.com\/fr\/les-drus-histoire-approche-et-itineraire\/","url":"https:\/\/endorfeen.com\/fr\/les-drus-histoire-approche-et-itineraire\/","name":"Les Drus - Histoire, Approche et Itin\u00e9raire - endorfeen","isPartOf":{"@id":"https:\/\/endorfeen.com\/fr\/#website"},"primaryImageOfPage":{"@id":"https:\/\/endorfeen.com\/fr\/les-drus-histoire-approche-et-itineraire\/#primaryimage"},"image":{"@id":"https:\/\/endorfeen.com\/fr\/les-drus-histoire-approche-et-itineraire\/#primaryimage"},"thumbnailUrl":"https:\/\/endorfeen.com\/wp-content\/uploads\/2023\/06\/Alberto.Vezendi_Les_Drus-scaled.jpg","datePublished":"2023-06-15T07:00:00+00:00","dateModified":"2023-08-18T10:01:42+00:00","description":"Les Drus : Imposants et mythiques, les Drus, deux pics d'une montagne dans le prestigieux massif du Mont-Blanc en Haute-Savoie...","breadcrumb":{"@id":"https:\/\/endorfeen.com\/fr\/les-drus-histoire-approche-et-itineraire\/#breadcrumb"},"inLanguage":"fr-FR","potentialAction":[{"@type":"ReadAction","target":["https:\/\/endorfeen.com\/fr\/les-drus-histoire-approche-et-itineraire\/"]}]},{"@type":"ImageObject","inLanguage":"fr-FR","@id":"https:\/\/endorfeen.com\/fr\/les-drus-histoire-approche-et-itineraire\/#primaryimage","url":"https:\/\/endorfeen.com\/wp-content\/uploads\/2023\/06\/Alberto.Vezendi_Les_Drus-scaled.jpg","contentUrl":"https:\/\/endorfeen.com\/wp-content\/uploads\/2023\/06\/Alberto.Vezendi_Les_Drus-scaled.jpg","width":2048,"height":1194,"caption":"Les Drus - \u00a9 Alberto Vezendi, Wiki Commons"},{"@type":"BreadcrumbList","@id":"https:\/\/endorfeen.com\/fr\/les-drus-histoire-approche-et-itineraire\/#breadcrumb","itemListElement":[{"@type":"ListItem","position":1,"name":"Home","item":"https:\/\/endorfeen.com\/fr\/"},{"@type":"ListItem","position":2,"name":"Les Drus &#8211; Histoire, Approche et Itin\u00e9raire"}]},{"@type":"WebSite","@id":"https:\/\/endorfeen.com\/fr\/#website","url":"https:\/\/endorfeen.com\/fr\/","name":"endorfeen","description":"The Media For Sustainable Outdoors.","publisher":{"@id":"https:\/\/endorfeen.com\/fr\/#organization"},"potentialAction":[{"@type":"SearchAction","target":{"@type":"EntryPoint","urlTemplate":"https:\/\/endorfeen.com\/fr\/?s={search_term_string}"},"query-input":{"@type":"PropertyValueSpecification","valueRequired":true,"valueName":"search_term_string"}}],"inLanguage":"fr-FR"},{"@type":"Organization","@id":"https:\/\/endorfeen.com\/fr\/#organization","name":"endorfeen","url":"https:\/\/endorfeen.com\/fr\/","logo":{"@type":"ImageObject","inLanguage":"fr-FR","@id":"https:\/\/endorfeen.com\/fr\/#\/schema\/logo\/image\/","url":"https:\/\/endorfeen.com\/wp-content\/uploads\/2022\/06\/Circle-endorfeen-site-icon-circled-1000-x-1000-300psi.png","contentUrl":"https:\/\/endorfeen.com\/wp-content\/uploads\/2022\/06\/Circle-endorfeen-site-icon-circled-1000-x-1000-300psi.png","width":1000,"height":1000,"caption":"endorfeen"},"image":{"@id":"https:\/\/endorfeen.com\/fr\/#\/schema\/logo\/image\/"}},{"@type":"Person","@id":"https:\/\/endorfeen.com\/fr\/#\/schema\/person\/76a61f8eb41d36fffdec1b376fcf19aa","name":"Thomas Viguier","image":{"@type":"ImageObject","inLanguage":"fr-FR","@id":"https:\/\/endorfeen.com\/fr\/#\/schema\/person\/image\/","url":"https:\/\/secure.gravatar.com\/avatar\/3c24e541f6f82c052219429c60a8948b1c9ad8eda6daf26af0a100594146ab1a?s=96&d=mm&r=g","contentUrl":"https:\/\/secure.gravatar.com\/avatar\/3c24e541f6f82c052219429c60a8948b1c9ad8eda6daf26af0a100594146ab1a?s=96&d=mm&r=g","caption":"Thomas Viguier"},"description":"Everyone has a story to tell. endorfeen is built as a collaborative platform, giving the voice to anyone with a story to tell. If you have things you want to share, register here.","sameAs":["https:\/\/www.endorfeen.com\/","http:\/\/www.facebook.com\/endorfeen-583261049007200","http:\/\/www.instagram.com\/endorfeen_\/","https:\/\/fi.pinterest.com\/endorfeen_\/","https:\/\/x.com\/https:\/\/twitter.com\/endorfeen_"],"url":"https:\/\/endorfeen.com\/fr\/linkto\/endorfeen-mag\/"}]}},"featured_image_src":"https:\/\/endorfeen.com\/wp-content\/uploads\/2023\/06\/Alberto.Vezendi_Les_Drus-600x400.jpg","featured_image_src_square":"https:\/\/endorfeen.com\/wp-content\/uploads\/2023\/06\/Alberto.Vezendi_Les_Drus-600x600.jpg","author_info":{"display_name":"Thomas Viguier","author_link":"https:\/\/endorfeen.com\/fr\/linkto\/endorfeen-mag\/"},"acf":[],"_links":{"self":[{"href":"https:\/\/endorfeen.com\/fr\/wp-json\/wp\/v2\/posts\/11408","targetHints":{"allow":["GET"]}}],"collection":[{"href":"https:\/\/endorfeen.com\/fr\/wp-json\/wp\/v2\/posts"}],"about":[{"href":"https:\/\/endorfeen.com\/fr\/wp-json\/wp\/v2\/types\/post"}],"author":[{"embeddable":true,"href":"https:\/\/endorfeen.com\/fr\/wp-json\/wp\/v2\/users\/30"}],"replies":[{"embeddable":true,"href":"https:\/\/endorfeen.com\/fr\/wp-json\/wp\/v2\/comments?post=11408"}],"version-history":[{"count":0,"href":"https:\/\/endorfeen.com\/fr\/wp-json\/wp\/v2\/posts\/11408\/revisions"}],"wp:featuredmedia":[{"embeddable":true,"href":"https:\/\/endorfeen.com\/fr\/wp-json\/wp\/v2\/media\/11409"}],"wp:attachment":[{"href":"https:\/\/endorfeen.com\/fr\/wp-json\/wp\/v2\/media?parent=11408"}],"wp:term":[{"taxonomy":"category","embeddable":true,"href":"https:\/\/endorfeen.com\/fr\/wp-json\/wp\/v2\/categories?post=11408"},{"taxonomy":"post_tag","embeddable":true,"href":"https:\/\/endorfeen.com\/fr\/wp-json\/wp\/v2\/tags?post=11408"},{"taxonomy":"sponsor","embeddable":true,"href":"https:\/\/endorfeen.com\/fr\/wp-json\/wp\/v2\/sponsor?post=11408"}],"curies":[{"name":"wp","href":"https:\/\/api.w.org\/{rel}","templated":true}]}}