{"id":11363,"date":"2023-04-21T08:00:00","date_gmt":"2023-04-21T07:00:00","guid":{"rendered":"https:\/\/endorfeen.com\/?p=11363"},"modified":"2023-08-18T11:01:50","modified_gmt":"2023-08-18T10:01:50","slug":"lalpiniste-une-histoire-des-ascensions-palpitantes-et-des-conflits-existentiels-de-marc-andre-leclerc","status":"publish","type":"post","link":"https:\/\/endorfeen.com\/fr\/lalpiniste-une-histoire-des-ascensions-palpitantes-et-des-conflits-existentiels-de-marc-andre-leclerc\/","title":{"rendered":"L&rsquo;Alpiniste: Une Histoire des Ascensions Palpitantes et des Conflits Existentiels de Marc-Andr\u00e9 Leclerc"},"content":{"rendered":"\n<h2 class=\"wp-block-heading\" id=\"h-introduction-que-pouvez-vous-attendre-de-the-alpinist\">Introduction, que pouvez-vous attendre de The Alpinist ?<\/h2>\n\n\n\n<h3 class=\"wp-block-heading\" id=\"h-apercu-du-documentaire-l-alpiniste\">Aper\u00e7u du documentaire \u00ab&nbsp;L&rsquo;Alpiniste&nbsp;\u00bb<\/h3>\n\n\n\n<p>\u00ab\u00a0Le Alpiniste\u00a0\u00bb est un documentaire captivant qui pr\u00e9sente la vie et la carri\u00e8re d&rsquo;escalade de l&rsquo;\u00e9nigmatique et audacieux <a href=\"https:\/\/endorfeen.com\/fr\/marc-andre-leclerc-un-alpiniste-discret\/\">Marc-Andr\u00e9 Leclerc<\/a>.<\/p>\n\n\n\n<p>R\u00e9alis\u00e9 par Peter Mortimer et Nick Rosen, le film plonge dans le pass\u00e9, les relations et les exploits \u00e9poustouflants et dangereux de Leclerc en tant que grimpeur en solo libre. Le documentaire offre un portrait \u00e9motionnellement bouleversant d&rsquo;un jeune homme avec une soif inextinguible d&rsquo;aventures d&rsquo;escalade en montagne extr\u00eame.<\/p>\n\n\n\n<h3 class=\"wp-block-heading\" id=\"h-comparaison-entre-l-alpiniste-et-le-documentaire-prime-aux-oscars-free-solo\">Comparaison entre l&rsquo;Alpiniste et le documentaire prim\u00e9 aux Oscars \u00ab\u00a0Free Solo\u00a0\u00bb<\/h3>\n\n\n\n<p>Inevitablement, des comparaisons peuvent \u00eatre faites entre \u00ab&nbsp;L&rsquo;Alpiniste&nbsp;\u00bb et le documentaire prim\u00e9 aux Oscars \u00ab&nbsp;Free Solo&nbsp;\u00bb. Les deux films se concentrent sur des alpinistes audacieux qui pratiquent le free solo&nbsp;\u2013 l&rsquo;escalade sans cordes, fils ou \u00e9quipement de s\u00e9curit\u00e9.<\/p>\n\n\n\n<p>Tandis que \u00ab Free Solo \u00bb met en lumi\u00e8re le c\u00e9l\u00e8bre grimpeur Alex Honnold, \u00ab The Alpinist \u00bb \u00e9claire le moins connu <a href=\"https:\/\/endorfeen.com\/fr\/marc-andre-leclerc-un-alpiniste-discret\/\">Marc-Andr\u00e9 Leclerc<\/a>. Leclerc a activement \u00e9vit\u00e9 l&rsquo;attention des m\u00e9dias malgr\u00e9 ses accomplissements \u00e9poustouflants. Ainsi, \u00ab The Alpinist \u00bb peut \u00eatre consid\u00e9r\u00e9 comme un film de l&rsquo;underdog par rapport \u00e0 \u00ab Free Solo \u00bb. Il offre un aper\u00e7u intime de la vie et des passions d&rsquo;un grimpeur unique et audacieux.<\/p>\n\n\n\n<figure class=\"wp-block-embed is-type-video is-provider-youtube wp-block-embed-youtube wp-embed-aspect-16-9 wp-has-aspect-ratio\"><div class=\"wp-block-embed__wrapper\">\n<iframe loading=\"lazy\" title=\"The Alpinist | Official Trailer |   In Theaters Nationwide September 10\" width=\"800\" height=\"450\" src=\"https:\/\/www.youtube.com\/embed\/SRpVyzagXLQ?feature=oembed\" frameborder=\"0\" allow=\"accelerometer; autoplay; clipboard-write; encrypted-media; gyroscope; picture-in-picture; web-share\" allowfullscreen><\/iframe>\n<\/div><\/figure>\n\n\n\n<h2 class=\"wp-block-heading\" id=\"h-l-alpiniste-l-histoire-de-marc-andre-leclerc\">L&rsquo;Alpiniste, l&rsquo;histoire de Marc-Andr\u00e9 Leclerc<\/h2>\n\n\n\n<h3 class=\"wp-block-heading\" id=\"h-arriere-plan-et-jeunesse\">Arri\u00e8re-plan et jeunesse<\/h3>\n\n\n\n<p><a href=\"https:\/\/endorfeen.com\/fr\/marc-andre-leclerc-un-alpiniste-discret\/\">Marc-Andr\u00e9 Leclerc<\/a> est n\u00e9 en 1992 \u00e0 Nanaimo, en Colombie-Britannique. Il est devenu l&rsquo;un des alpinistes libres les plus audacieux et accomplis de son temps. Le documentaire \u00ab\u00a0The Alpinist\u00a0\u00bb capture les extraordinaires r\u00e9alisations de Leclerc en mati\u00e8re d&rsquo;escalade et offre un aper\u00e7u de sa vie personnelle. C&rsquo;est un portrait saisissant et \u00e9motionnellement bouleversant d&rsquo;un jeune homme avec une soif inextinguible d&rsquo;aventures extr\u00eames en montagne.<\/p>\n\n\n\n<p>Les parents de Leclerc se sont s\u00e9par\u00e9s quand il \u00e9tait jeune. Il a \u00e9t\u00e9 principalement \u00e9lev\u00e9 par sa m\u00e8re, Michelle Kuipers, qui travaillait comme serveuse dans un restaurant. Son p\u00e8re, Serge Leclerc, travaillait dans la construction. Enfant, Leclerc a \u00e9t\u00e9 diagnostiqu\u00e9 avec le trouble de d\u00e9ficit de l&rsquo;attention avec hyperactivit\u00e9 (TDAH). Sa m\u00e8re raconte comment il aimait l&rsquo;\u00e9cole maternelle mais avait du mal en premi\u00e8re ann\u00e9e, ce qui a conduit \u00e0 une p\u00e9riode d&rsquo;\u00e9cole \u00e0 la maison. Leclerc \u00e9tait un lecteur vorace, particuli\u00e8rement int\u00e9ress\u00e9 par les livres d&rsquo;aventure. \u00c0 l&rsquo;\u00e2ge de 8 ans, il a \u00e9t\u00e9 introduit \u00e0 l&rsquo;escalade par son grand-p\u00e8re maternel.<\/p>\n\n\n\n<figure class=\"wp-block-image size-large\"><img loading=\"lazy\" decoding=\"async\" width=\"1024\" height=\"683\" src=\"https:\/\/endorfeen.com\/wp-content\/uploads\/2023\/04\/SI201609210363_hires_jpeg_24bit_rgb-1024x683.jpg\" alt=\" class=\" class=\"wp-image-10690\" srcset=\"https:\/\/endorfeen.com\/wp-content\/uploads\/2023\/04\/SI201609210363_hires_jpeg_24bit_rgb-300x200.jpg 300w, https:\/\/endorfeen.com\/wp-content\/uploads\/2023\/04\/SI201609210363_hires_jpeg_24bit_rgb-768x512.jpg 768w, https:\/\/endorfeen.com\/wp-content\/uploads\/2023\/04\/SI201609210363_hires_jpeg_24bit_rgb-1024x683.jpg 1024w, https:\/\/endorfeen.com\/wp-content\/uploads\/2023\/04\/SI201609210363_hires_jpeg_24bit_rgb.jpg 2048w\" sizes=\"auto, (max-width: 1024px) 100vw, 1024px\" \/><figcaption class=\"wp-element-caption\">Credit: Paul Bride on <a href=\"https:\/\/www.redbullcontentpool.com\/international\/CP-S-4599\" target=\"_blank\" rel=\"noreferrer noopener nofollow\">Redbull Content Pool<\/a> \/ Marc-Andre Leclerc Location: Ben Nevis, United Kingdom<\/figcaption><\/figure>\n\n\n\n<p> Malgr\u00e9 des difficult\u00e9s li\u00e9es au TDAH et une adolescence troubl\u00e9e marqu\u00e9e par l&rsquo;utilisation de drogues, Leclerc a trouv\u00e9 du r\u00e9confort dans l&rsquo;escalade en montagne. Il a finalement d\u00e9m\u00e9nag\u00e9 \u00e0 Squamish, en Colombie-Britannique, et s&rsquo;est plong\u00e9 dans le sport, laissant derri\u00e8re lui son mode de vie ax\u00e9 sur les drogues. La petite amie de Leclerc et grimpeuse en montagne, Brette Harrington, partage qu&rsquo;elle a vu le potentiel pour Leclerc de retomber dans cette vie, mais sa passion pour l&rsquo;escalade extr\u00eame et en solo a devenu la force motrice de sa vie.<\/p>\n\n\n\n<p>Leclerc \u00e9tait connu pour sa nature humble et modeste, \u00e9vitant souvent l&rsquo;attention des m\u00e9dias et les interviews. Cela rendait ses accomplissements encore plus remarquables pour ceux qui le connaissaient, car la poursuite de la c\u00e9l\u00e9brit\u00e9 ou des \u00e9loges ne le motivait pas. Le documentaire \u00abThe Alpinist\u00bb non seulement met en valeur les incroyables exploits de Leclerc en escalade de montagne, mais offre \u00e9galement un aper\u00e7u de la vie d&rsquo;une personne vraiment passionn\u00e9e et d\u00e9vou\u00e9e. Il a choisi de vivre sa vie de mani\u00e8re authentique et \u00e0 fond, malgr\u00e9 les risques et les d\u00e9fis qui en d\u00e9coulaient.<\/p>\n\n\n\n<h3 class=\"wp-block-heading\" id=\"h-carriere-d-escalade-et-mode-de-vie\">Carri\u00e8re d&rsquo;escalade et mode de vie<\/h3>\n\n\n\n<p>Le documentaire \u00ab&nbsp;L&rsquo;Alpiniste&nbsp;\u00bb met en lumi\u00e8re la remarquable carri\u00e8re de grimpeur de Marc-Andr\u00e9 Leclerc. Il a r\u00e9alis\u00e9 de nombreuses prouesses d&rsquo;alpinisme, souvent en temps record, entre 2015 et 2018. Notamment, Leclerc pratiquait le free solo. Le free solo est une forme d&rsquo;escalade qui consiste \u00e0 gravir des montagnes sans \u00e9quipement de s\u00e9curit\u00e9. Malgr\u00e9 ses exploits \u00e9poustouflants, Leclerc est rest\u00e9 relativement inconnu du grand public en raison de sa nature humble et de son d\u00e9sir d&rsquo;\u00e9viter les projecteurs.<\/p>\n\n\n\n<h3 class=\"wp-block-heading\" id=\"h-une-passion-pour-l-escalade\">Une passion pour l&rsquo;escalade<\/h3>\n\n\n\n<p>Le mode de vie de Leclerc en tant qu&rsquo;alpiniste \u00e9tait simple et ax\u00e9 sur sa passion pour l&rsquo;escalade. Bien qu&rsquo;il vive avec des moyens financiers limit\u00e9s et qu&rsquo;il campe souvent \u00e0 l&rsquo;ext\u00e9rieur ou s\u00e9journe dans des auberges, il trouve son \u00e9panouissement dans le chemin qu&rsquo;il a choisi. Il a eu occasionnellement des sponsors pour l&rsquo;aider \u00e0 payer ses excursions, mais il n&rsquo;a jamais cherch\u00e9 la richesse ou la c\u00e9l\u00e9brit\u00e9 \u00e0 travers ces parrainages ou d&rsquo;autres affaires qu&rsquo;il aurait pu conclure. Sa d\u00e9votion \u00e0 l&rsquo;escalade \u00e9tait motiv\u00e9e par un v\u00e9ritable amour pour le sport et la poursuite d&rsquo;aventures.<\/p>\n\n\n\n<p>Certains des sommets significatifs que Leclerc a gravis au cours de sa carri\u00e8re, comme indiqu\u00e9 dans \u00abThe Alpinist\u00bb, comprennent Torre Egger en Patagonie et les Mendenhall Towers pr\u00e8s de Juneau, en Alaska. La cin\u00e9matographie du documentaire capture la beaut\u00e9 \u00e0 couper le souffle et \u00e9merveillante de ces paysages de montagne, offrant aux spectateurs un aper\u00e7u de la nature palpitante et p\u00e9rilleuse des activit\u00e9s alpinistes de Leclerc. Ces ascensions servent de t\u00e9moignage de la d\u00e9votion in\u00e9branlable, du courage et des comp\u00e9tences de Leclerc dans le monde de l&rsquo;escalade en montagne.<\/p>\n\n\n\n<h3 class=\"wp-block-heading\" id=\"h-relations-fortes-au-sein-de-la-communaute\">Relations fortes au sein de la communaut\u00e9<\/h3>\n\n\n\n<p>Sa carri\u00e8re d&rsquo;alpinisme a \u00e9galement amen\u00e9 Leclerc \u00e0 \u00e9tablir de fortes connexions avec ses coll\u00e8gues alpinistes, comme sa petite amie Brette Harrington, qu&rsquo;il a rencontr\u00e9e en 2012. Le couple partageait une passion pour l&rsquo;escalade en solo et d&rsquo;autres sports extr\u00eames, qui ont jou\u00e9 un r\u00f4le significatif dans leur relation.<\/p>\n\n\n\n<p>Bien que leur mode de vie nomade et les dangers inh\u00e9rents \u00e0 leur passion pour l&rsquo;alpinisme pr\u00e9sentaient des d\u00e9fis, leurs exp\u00e9riences partag\u00e9es leur ont permis de se comprendre et de s&rsquo;appuyer mutuellement profond\u00e9ment.<\/p>\n\n\n\n<p>Tout au long de sa carri\u00e8re, Leclerc est rest\u00e9 fid\u00e8le \u00e0 ses id\u00e9aux et s&rsquo;est concentr\u00e9 sur les exp\u00e9riences exaltantes qu&rsquo;il a acquises lors de ses aventures d&rsquo;escalade extr\u00eame. Ses camarades grimpeurs, dont Alex Honnold, l&rsquo;ont admir\u00e9 et respect\u00e9 pour son engagement dans le sport et la puret\u00e9 de ses motivations. Dans l&rsquo;ensemble, la carri\u00e8re et le mode de vie de Leclerc servent d&rsquo;exemple inspirant pour poursuivre sa passion avec une d\u00e9votion et une authenticit\u00e9 in\u00e9branlables.<\/p>\n\n\n\n<h2 class=\"wp-block-heading\" id=\"h-l-alpiniste-le-processus-de-cinematographie\">L&rsquo;Alpiniste, le processus de cin\u00e9matographie<\/h2>\n\n\n\n<p>La fabrication de \u00abThe Alpinist\u00bb a \u00e9t\u00e9 un processus unique et difficile. Il a fallu aux cin\u00e9astes gagner la confiance du sujet \u00e9nigmatique et peu enclin aux m\u00e9dias, <a href=\"https:\/\/endorfeen.com\/fr\/marc-andre-leclerc-un-alpiniste-discret\/\">Marc-Andr\u00e9 Leclerc<\/a>.<\/p>\n\n\n\n<h3 class=\"wp-block-heading\" id=\"h-premiere-etape-se-rapprocher-de-leclerc\">Premi\u00e8re \u00e9tape &#8211; se rapprocher de Leclerc<\/h3>\n\n\n\n<p>Le co-r\u00e9alisateur Peter Mortimer a mentionn\u00e9 dans les notes de production que le refus de Leclerc de chercher l&rsquo;attention et la c\u00e9l\u00e9brit\u00e9 \u00e9tait ce qui l&rsquo;avait initialement attir\u00e9 vers l&rsquo;alpiniste.<\/p>\n\n\n\n<p>En cons\u00e9quence, le documentaire a \u00e9t\u00e9 tourn\u00e9 sur une p\u00e9riode prolong\u00e9e. De 2016 \u00e0 2018, les cin\u00e9astes ont progressivement gagn\u00e9 la confiance de Leclerc et ont captur\u00e9 des moments plus intimes et plus perspicaces \u00e0 mesure que leur relation se d\u00e9veloppait.<\/p>\n\n\n\n<p>Au d\u00e9but du processus de cin\u00e9matographie, Leclerc \u00e9tait timide et mal \u00e0 l&rsquo;aise devant la cam\u00e9ra. Cependant, au fil du temps, il s&rsquo;est senti plus \u00e0 l&rsquo;aise, partageant ses pens\u00e9es et ses exp\u00e9riences plus ouvertement. Cela a permis aux cin\u00e9astes de cr\u00e9er un portrait \u00e9motionnellement bouleversant et intime du jeune grimpeur, offrant au public un aper\u00e7u de son monde.<\/p>\n\n\n\n<h3 class=\"wp-block-heading\" id=\"h-tournage-dans-un-environnement-extreme\">Tournage dans un environnement extr\u00eame<\/h3>\n\n\n\n<p>Le documentaire met \u00e9galement en valeur la superbe photographie de Jonathan Griffith, Brett Lowell et Austin Siadak. Ils ont relev\u00e9 le d\u00e9fi de capturer les audacieuses ascensions de Leclerc dans des environnements extr\u00eames. Torre Egger en Patagonie et les Mendenhall Towers pr\u00e8s de Juneau, en Alaska, pour ne citer que ceux-l\u00e0. Pour pleinement appr\u00e9cier les superbes images, il est recommand\u00e9 de regarder le film sur l&rsquo;\u00e9cran le plus grand possible.<\/p>\n\n\n\n<p>Un aspect notable du processus de cin\u00e9matographie est comment Leclerc a maintenu le contr\u00f4le sur certains aspects de son histoire. Par exemple, il a gard\u00e9 son escalade solo record de la voie \u00ab Infinite Patience \u00bb sur la face de l&rsquo;Empereur du Mont Robson un secret pour les cin\u00e9astes jusqu&rsquo;\u00e0 ce qu&rsquo;elle soit termin\u00e9e. Cependant, Leclerc leur a permis de documenter son voyage en Argentine pour escalader la Torre Egger de Patagonie pendant un hiver brutal, avec seulement son ami Austin Siadak comme op\u00e9rateur de cam\u00e9ra.<\/p>\n\n\n\n<p>\u00ab&nbsp;L&rsquo;Alpiniste \u00bb non seulement pr\u00e9sente une histoire inspirante de l&rsquo;escalade extr\u00eame des montagnes, mais fournit \u00e9galement un t\u00e9moignage de la d\u00e9votion, de la pers\u00e9v\u00e9rance et de la cr\u00e9ativit\u00e9 des cin\u00e9astes pour capturer l&rsquo;essence de leur sujet \u00e9nigmatique.<\/p>\n\n\n\n<h2 class=\"wp-block-heading\" id=\"h-les-relations-de-leclerc-dans-l-alpiniste\">Les relations de Leclerc dans L&rsquo;Alpiniste<\/h2>\n\n\n\n<h3 class=\"wp-block-heading\" id=\"h-sa-relation-avec-sa-mere-michelle-kuipers\">Sa relation avec sa m\u00e8re, Michelle Kuipers<\/h3>\n\n\n\n<p>Les relations de Marc-Andr\u00e9 Leclerc ont jou\u00e9 un r\u00f4le significatif dans sa vie et sa carri\u00e8re d&rsquo;alpiniste, comme le montre \u00abThe Alpinist\u00bb. Gr\u00e2ce aux entretiens avec ses proches, notamment sa m\u00e8re Michelle Kuipers et sa petite amie <a href=\"https:\/\/endorfeen.com\/fr\/defiant-la-gravite-le-voyage-inspirant-de-brette-harrington\/\">Brette Harrington<\/a>, le documentaire offre un aper\u00e7u touchant de la personnalit\u00e9 et des motivations du jeune grimpeur.<\/p>\n\n\n\n<p>La relation de Leclerc avec sa m\u00e8re, qui l&rsquo;a \u00e9lev\u00e9 principalement en tant que parent c\u00e9libataire, \u00e9tait un aspect important de sa vie. Elle a partag\u00e9 le parcours de son fils, d&rsquo;un enfant agit\u00e9 et rebelle \u00e0 un grimpeur de montagne d\u00e9vou\u00e9. Tout cela malgr\u00e9 les d\u00e9fis pos\u00e9s par son trouble du d\u00e9ficit de l&rsquo;attention avec hyperactivit\u00e9. Kuipers se souvient de l&rsquo;enthousiasme de son fils pour les livres d&rsquo;aventure et de son introduction \u00e0 l&rsquo;escalade sur rocher \u00e0 l&rsquo;\u00e2ge de 8 ans par son grand-p\u00e8re maternel. Son soutien et sa compr\u00e9hension inconditionnels ont certainement jou\u00e9 un r\u00f4le dans la formation de la vie de Leclerc.<\/p>\n\n\n\n<h3 class=\"wp-block-heading\" id=\"h-sa-relation-avec-sa-petite-amie-brette-harrington\">Sa relation avec sa petite amie, Brette Harrington<\/h3>\n\n\n\n<p>En plus de son lien avec sa m\u00e8re, la relation de Leclerc avec sa petite amie et co-grimpeuse, <a href=\"https:\/\/endorfeen.com\/fr\/defiant-la-gravite-le-voyage-inspirant-de-brette-harrington\/\">Brette Harrington<\/a>, \u00e9tait un beau t\u00e9moignage de leur passion partag\u00e9e. Le couple s&rsquo;est rencontr\u00e9 en 2012. Leur amour pour la grimpe en solo et les sports extr\u00eames a form\u00e9 la base de leur connexion. Harrington a appr\u00e9ci\u00e9 les qualit\u00e9s uniques de Leclerc, le d\u00e9crivant comme \u00abmaladroit socialement\u00bb mais attachant.<\/p>\n\n\n\n<p>Le couple a v\u00e9cu une remarquable aventure de r\u00e9silience et de croissance. Ils ont affront\u00e9 de nombreux d\u00e9fis ensemble, comme vivre dans une tente et conna\u00eetre une certaine p\u00e9nurie alimentaire. Au-del\u00e0 de ces difficult\u00e9s, la menace constante de la mort lors de leurs exp\u00e9ditions de montagne n&rsquo;a fait qu&rsquo;accro\u00eetre leur lien. Le documentaire met en lumi\u00e8re la profonde compr\u00e9hension et la passion partag\u00e9e qui les a maintenus ensemble, m\u00eame face \u00e0 l&rsquo;adversit\u00e9.<\/p>\n\n\n\n<h3 class=\"wp-block-heading\" id=\"h-les-relations-faconnant-son-histoire\">Les relations fa\u00e7onnant son histoire<\/h3>\n\n\n\n<p>Les relations de Leclerc avec sa m\u00e8re et sa petite amie r\u00e9v\u00e8lent un c\u00f4t\u00e9 plus intime et inspirant de l&rsquo;alpiniste \u00e9nigmatique. Cela offre un aper\u00e7u de la vie personnelle d&rsquo;un homme qui a poursuivi sa passion pour l&rsquo;escalade extr\u00eame avec une d\u00e9votion in\u00e9branlable. \u00abL&rsquo;Alpiniste\u00bb peint un portrait touchant de ces relations, illustrant l&rsquo;importance de l&rsquo;amour et du soutien dans le remarquable voyage de Leclerc.<\/p>\n\n\n\n<h2 class=\"wp-block-heading\" id=\"h-vues-de-la-communaute-d-escalade-sur-leclerc\">Vues de la communaut\u00e9 d&rsquo;escalade sur Leclerc<\/h2>\n\n\n\n<p>\u00ab&nbsp;L&rsquo;Alpiniste&nbsp;\u00bb offre un aper\u00e7u int\u00e9ressant des points de vue de la communaut\u00e9 d&rsquo;alpinisme sur Marc-Andr\u00e9 Leclerc. Le documentaire met en lumi\u00e8re le respect et l&rsquo;admiration qu&rsquo;il a suscit\u00e9s chez ses pairs pour son remarquable talent et son d\u00e9vouement pour le sport.<\/p>\n\n\n\n<p>De nombreux alpinistes c\u00e9l\u00e8bres, tels qu&rsquo;Alex Honnold, Will Stanhope, Jason Kruk et Reinhold Messner, partagent leurs perspectives sur les r\u00e9alisations et l&rsquo;approche unique de Leclerc en mati\u00e8re d&rsquo;escalade dans le documentaire.<\/p>\n\n\n\n<h3 class=\"wp-block-heading\" id=\"h-eloges-des-grimpeurs-comme-alex-honnold\">\u00c9loges des grimpeurs comme Alex Honnold<\/h3>\n\n\n\n<p>Sa r\u00e9putation de t\u00e9m\u00e9rit\u00e9 a attir\u00e9 l&rsquo;attention de nombreux grimpeurs renomm\u00e9s. Ils ont exprim\u00e9 \u00e0 la fois l&rsquo;admiration et la pr\u00e9occupation pour ses incroyables r\u00e9alisations dans des conditions dangereuses.<\/p>\n\n\n\n<p>Sa capacit\u00e9 \u00e0 r\u00e9aliser des ascensions record, souvent \u00e0 un jeune \u00e2ge, tout en \u00e9vitant les projecteurs et l&rsquo;attention des m\u00e9dias, a encore plus aliment\u00e9 leur admiration. La concentration de Leclerc sur l&rsquo;exp\u00e9rience et le voyage de l&rsquo;escalade, plut\u00f4t que sur les distinctions et la c\u00e9l\u00e9brit\u00e9, a r\u00e9sonn\u00e9 avec ses pairs et l&rsquo;a distingu\u00e9 des autres de la communaut\u00e9.<\/p>\n\n\n\n<p>Alex Honnold, le sujet du documentaire prim\u00e9 aux Oscars \u00ab Free Solo \u00bb, a lou\u00e9 Leclerc pour sa motivation authentique, d\u00e9clarant :<\/p>\n\n\n\n<figure class=\"wp-block-pullquote\"><blockquote><p>\u00ab\u00a0Il se soucie de l&rsquo;exp\u00e9rience en montagne et du voyage. Je respecte vraiment cela.\u00a0\u00bb<\/p><cite>Alex Honnold<\/cite><\/blockquote><\/figure>\n\n\n\n<p>De m\u00eame, Alan \u00ab Hevy Duty \u00bb Stevenson a c\u00e9l\u00e9br\u00e9 l&rsquo;audace de Leclerc en escalade, le comparant aux grimpeurs des ann\u00e9es 70 et 80, et le d\u00e9crivant comme \u00ab un souffle d&rsquo;air frais \u00bb.<\/p>\n\n\n\n<h3 class=\"wp-block-heading\" id=\"h-le-risque\">Le risque<\/h3>\n\n\n\n<p>Reinhold Messner, un autre grimpeur l\u00e9gendaire, a reconnu les risques inh\u00e9rents \u00e0 l&rsquo;escalade en solo. Il a affirm\u00e9 que faire face \u00e0 la possibilit\u00e9 de la mort est un aspect essentiel du sport. La reconnaissance de la communaut\u00e9 pour ces risques met en lumi\u00e8re leur respect pour le courage et l&rsquo;engagement de Leclerc envers l&rsquo;escalade.<\/p>\n\n\n\n<p>\u00c0 travers ces perspectives, \u00ab L&rsquo;Alpiniste \u00bb met en lumi\u00e8re l&rsquo;admiration et l&rsquo;estime que Marc-Andr\u00e9 Leclerc a gagn\u00e9es au sein de la communaut\u00e9 de l&rsquo;escalade. Son approche audacieuse du sport, associ\u00e9e \u00e0 sa passion sinc\u00e8re pour l&rsquo;exp\u00e9rience, a laiss\u00e9 une impression durable chez ceux qui le connaissaient et ses incroyables r\u00e9alisations.<\/p>\n\n\n\n<h2 class=\"wp-block-heading\" id=\"h-les-principales-ascensions-mises-en-valeur-dans-the-alpinist\">Les principales ascensions mises en valeur dans The Alpinist<\/h2>\n\n\n\n<p>\u00ab\u00a0L&rsquo;Alpiniste\u00a0\u00bb met en vedette plusieurs des ascensions impressionnantes de Marc-Andr\u00e9 Leclerc, offrant aux spectateurs un aper\u00e7u de ses comp\u00e9tences et de sa t\u00e9nacit\u00e9 extraordinaires. Parmi les ascensions pr\u00e9sent\u00e9es dans le documentaire figurent Torre Egger en Patagonie et les Mendenhall Towers pr\u00e8s de Juneau, en Alaska. Ces sommets \u00e0 couper le souffle, captur\u00e9s avec une superbe photographie par Jonathan Griffith, Brett Lowell et Austin Siadak, offrent une exp\u00e9rience palpitante et immersive au public.<\/p>\n\n\n\n<h3 class=\"wp-block-heading\" id=\"h-la-voie-infinite-patience-sur-la-face-de-l-empereur-au-mont-robson\">La voie \u00ab\u00a0Infinite Patience\u00a0\u00bb sur la face de l&rsquo;Empereur au Mont Robson<\/h3>\n\n\n\n<p>Dans une sc\u00e8ne m\u00e9morable, le documentaire met en lumi\u00e8re la mont\u00e9e en solo record de Leclerc sur la voie \u00ab Infinite Patience \u00bb de la face de l&rsquo;Empereur du mont Robson, qui culmine \u00e0 plus de 4000 m\u00e8tres. Cette r\u00e9alisation n&rsquo;a pas \u00e9t\u00e9 film\u00e9e, car Leclerc l&rsquo;a gard\u00e9e secr\u00e8te aux cin\u00e9astes jusqu&rsquo;\u00e0 ce qu&rsquo;elle soit achev\u00e9e. Cela d\u00e9montre encore plus son incroyable talent et son approche audacieuse de l&rsquo;escalade. La d\u00e9cision de Leclerc de s&rsquo;engager dans cette ascension sans la pr\u00e9sence de cam\u00e9ras illustre sa pr\u00e9f\u00e9rence pour se concentrer sur l&rsquo;exp\u00e9rience plut\u00f4t que de chercher la c\u00e9l\u00e9brit\u00e9 ou la reconnaissance.<\/p>\n\n\n\n<h2 class=\"wp-block-heading\" id=\"h-torre-egger-en-patagonie\">Torre Egger en Patagonie<\/h2>\n\n\n\n<p>Une autre ascension significative dans le documentaire a lieu en Argentine, o\u00f9 Leclerc affronte la Torre Egger de Patagonie pendant un hiver brutal. Il n&rsquo;autorise qu&rsquo;un op\u00e9rateur de cam\u00e9ra, son ami Austin Siadak, \u00e0 documenter le voyage. Les conditions m\u00e9t\u00e9orologiques difficiles, y compris les temp\u00eates de neige, ajoutent \u00e0 l&rsquo;intensit\u00e9 et au drame de l&rsquo;ascension, mettant en \u00e9vidence la d\u00e9termination et la pers\u00e9v\u00e9rance in\u00e9branlables de Leclerc.<\/p>\n\n\n\n<h3 class=\"wp-block-heading\" id=\"h-tour-principale-des-tours-mendenhall-a-juneau-alaska\">Tour principale des Tours Mendenhall \u00e0 Juneau, Alaska<\/h3>\n\n\n\n<p>L&rsquo;ascension finale pr\u00e9sent\u00e9e dans \u00abThe Alpinist\u00bb suit Leclerc alors qu&rsquo;il se rend \u00e0 la Tour principale des Tours Mendenhall \u00e0 Juneau, en Alaska, accompagn\u00e9 du grimpeur exp\u00e9riment\u00e9 Ryan Johnson. Ce voyage a \u00e9galement lieu dans des conditions enneig\u00e9es, pr\u00e9sentant des obstacles suppl\u00e9mentaires \u00e0 surmonter pour les grimpeurs. Cette ascension est unique en ce que Leclerc partage des vid\u00e9os de ses progr\u00e8s sur Internet, un d\u00e9part de sa aversion habituelle pour les m\u00e9dias sociaux.<\/p>\n\n\n\n<p>Ces remarquables ascensions, telles qu&rsquo;elles sont pr\u00e9sent\u00e9es dans le documentaire, donnent aux spectateurs une vision vive des d\u00e9fis et des triomphes auxquels Leclerc a \u00e9t\u00e9 confront\u00e9 tout au long de sa carri\u00e8re. Ses remarquables r\u00e9alisations en escalade extr\u00eame servent de t\u00e9moignage de sa d\u00e9votion, de son habilet\u00e9 et de sa passion pour ce sport.<\/p>\n\n\n\n<h2 class=\"wp-block-heading\" id=\"h-l-alpiniste-un-documentaire-captivant\">L&rsquo;Alpiniste, un documentaire captivant<\/h2>\n\n\n\n<p>En conclusion, \u00ab The Alpinist \u00bb est un documentaire puissant et captivant. Il plonge dans la vie et la carri\u00e8re du climbeur extraordinaire et \u00e9nigmatique Marc-Andr\u00e9 Leclerc. Gr\u00e2ce \u00e0 une superbe photographie, des entretiens intimes et un r\u00e9cit captivant, le film pr\u00e9sente un portrait \u00e9motionnellement bouleversant d&rsquo;un jeune homme avec une soif insatiable d&rsquo;aventures extr\u00eames d&rsquo;escalade de montagne. L&rsquo;humilit\u00e9, la concentration et la d\u00e9votion de Leclerc \u00e0 son art, combin\u00e9es \u00e0 son d\u00e9sir de vivre authentiquement et pleinement, font de son histoire une v\u00e9ritable source d&rsquo;inspiration.<\/p>\n\n\n\n<p>Le documentaire explore \u00e9galement les relations qui ont fa\u00e7onn\u00e9 la vie de Leclerc, y compris son lien avec sa m\u00e8re, sa petite amie et sa camarade grimpeuse <a href=\"https:\/\/endorfeen.com\/fr\/defiant-la-gravite-le-voyage-inspirant-de-brette-harrington\/\">Brette Harrington<\/a>, et la communaut\u00e9 d&rsquo;alpinisme plus large. Ces connexions r\u00e9v\u00e8lent le c\u00f4t\u00e9 humain de Leclerc. Ils illustrent l&rsquo;impact de ses choix et les sacrifices faits par ceux qui lui sont le plus proches. Il est clair que la passion de Leclerc pour l&rsquo;escalade en solo libre a touch\u00e9 la vie de nombreuses personnes. Il a laiss\u00e9 une empreinte ind\u00e9l\u00e9bile sur le monde de l&rsquo;alpinisme.<\/p>\n\n\n\n<p>De plus, \u00ab L&rsquo;Alpiniste \u00bb offre une perspective unique sur le processus de cin\u00e9matographie. Il montre les d\u00e9fis auxquels les r\u00e9alisateurs ont \u00e9t\u00e9 confront\u00e9s lorsqu&rsquo;ils ont cherch\u00e9 \u00e0 gagner la confiance de Leclerc et \u00e0 documenter ses exploits incroyables. Leur pers\u00e9v\u00e9rance et leur d\u00e9vouement \u00e0 raconter l&rsquo;histoire de Leclerc ont donn\u00e9 lieu \u00e0 un film captivant et visuellement \u00e9poustouflant. Ils ont r\u00e9ussi \u00e0 capturer l&rsquo;essence de son esprit et la beaut\u00e9 des montagnes qu&rsquo;il a conquises.<\/p>\n\n\n\n<p>En fin de compte, \u00ab L&rsquo;Alpiniste \u00bb sert de t\u00e9moignage du talent, du courage et de l&rsquo;engagement exceptionnels de Marc-Andr\u00e9 Leclerc sur son chemin choisi. C&rsquo;est un film qui r\u00e9sonnera certainement aupr\u00e8s des spectateurs. Qu&rsquo;ils soient des amateurs d&rsquo;escalade ou non, ils seront captiv\u00e9s par l&rsquo;extraordinaire histoire d&rsquo;un jeune homme qui a choisi de d\u00e9fier les probabilit\u00e9s et de repousser les limites de ce qui est possible dans le monde de l&rsquo;escalade extr\u00eame.<\/p>\n","protected":false},"excerpt":{"rendered":"<p>Introduction, que pouvez-vous attendre de The Alpinist ? Aper\u00e7u du documentaire \u00ab&nbsp;L&rsquo;Alpiniste&nbsp;\u00bb \u00ab\u00a0Le Alpiniste\u00a0\u00bb est un documentaire captivant qui pr\u00e9sente la vie et la carri\u00e8re d&rsquo;escalade de l&rsquo;\u00e9nigmatique et audacieux Marc-Andr\u00e9 Leclerc. R\u00e9alis\u00e9 par Peter Mortimer et Nick Rosen, le film plonge dans le pass\u00e9, les relations et les exploits \u00e9poustouflants et dangereux de Leclerc &hellip;<\/p>\n","protected":false},"author":30,"featured_media":10175,"comment_status":"closed","ping_status":"closed","sticky":false,"template":"","format":"standard","meta":{"_acf_changed":false,"_genesis_hide_title":false,"_genesis_hide_breadcrumbs":false,"_genesis_hide_singular_image":false,"_genesis_hide_footer_widgets":false,"_genesis_custom_body_class":"","_genesis_custom_post_class":"","_genesis_layout":"","footnotes":""},"categories":[170],"tags":[159,715],"sponsor":[1087],"class_list":{"2":"type-post","7":"category-aventures","8":"tag-escalade","9":"tag-film","10":"sponsor-endorfeen","11":"entry"},"yoast_head":"<!-- This site is optimized with the Yoast SEO Premium plugin v26.2 (Yoast SEO v26.2) - https:\/\/yoast.com\/wordpress\/plugins\/seo\/ -->\n<title>L&#039;Alpiniste: L&#039;Histoire de Marc-Andr\u00e9 Leclerc - endorfeen<\/title>\n<meta name=\"description\" content=\"L&#039;Alpiniste : est un documentaire captivant qui profile la vie et la carri\u00e8re d&#039;escalade de l&#039;\u00e9nigmatique et audacieux Marc-Andr\u00e9 Leclerc...\" \/>\n<meta name=\"robots\" content=\"index, follow, max-snippet:-1, max-image-preview:large, max-video-preview:-1\" \/>\n<link rel=\"canonical\" href=\"https:\/\/endorfeen.com\/fr\/lalpiniste-une-histoire-des-ascensions-palpitantes-et-des-conflits-existentiels-de-marc-andre-leclerc\/\" \/>\n<meta property=\"og:locale\" content=\"fr_FR\" \/>\n<meta property=\"og:type\" content=\"article\" \/>\n<meta property=\"og:title\" content=\"L&#039;Alpiniste: Une Histoire des Ascensions Palpitantes et des Conflits Existentiels de Marc-Andr\u00e9 Leclerc\" \/>\n<meta property=\"og:description\" content=\"L&#039;Alpiniste : est un documentaire captivant qui profile la vie et la carri\u00e8re d&#039;escalade de l&#039;\u00e9nigmatique et audacieux Marc-Andr\u00e9 Leclerc...\" \/>\n<meta property=\"og:url\" content=\"https:\/\/endorfeen.com\/fr\/lalpiniste-une-histoire-des-ascensions-palpitantes-et-des-conflits-existentiels-de-marc-andre-leclerc\/\" \/>\n<meta property=\"og:site_name\" content=\"endorfeen\" \/>\n<meta property=\"article:author\" content=\"http:\/\/www.facebook.com\/endorfeen-583261049007200\" \/>\n<meta property=\"article:published_time\" content=\"2023-04-21T07:00:00+00:00\" \/>\n<meta property=\"article:modified_time\" content=\"2023-08-18T10:01:50+00:00\" \/>\n<meta property=\"og:image\" content=\"https:\/\/endorfeen.com\/wp-content\/uploads\/2023\/03\/the-alpinist-poster.jpg\" \/>\n\t<meta property=\"og:image:width\" content=\"1040\" \/>\n\t<meta property=\"og:image:height\" content=\"578\" \/>\n\t<meta property=\"og:image:type\" content=\"image\/jpeg\" \/>\n<meta name=\"author\" content=\"Thomas Viguier\" \/>\n<meta name=\"twitter:card\" content=\"summary_large_image\" \/>\n<meta name=\"twitter:creator\" content=\"@https:\/\/twitter.com\/endorfeen_\" \/>\n<meta name=\"twitter:label1\" content=\"\u00c9crit par\" \/>\n\t<meta name=\"twitter:data1\" content=\"Thomas Viguier\" \/>\n\t<meta name=\"twitter:label2\" content=\"Dur\u00e9e de lecture estim\u00e9e\" \/>\n\t<meta name=\"twitter:data2\" content=\"13 minutes\" \/>\n<script type=\"application\/ld+json\" class=\"yoast-schema-graph\">{\"@context\":\"https:\/\/schema.org\",\"@graph\":[{\"@type\":\"Article\",\"@id\":\"https:\/\/endorfeen.com\/fr\/lalpiniste-une-histoire-des-ascensions-palpitantes-et-des-conflits-existentiels-de-marc-andre-leclerc\/#article\",\"isPartOf\":{\"@id\":\"https:\/\/endorfeen.com\/fr\/lalpiniste-une-histoire-des-ascensions-palpitantes-et-des-conflits-existentiels-de-marc-andre-leclerc\/\"},\"author\":{\"name\":\"Thomas Viguier\",\"@id\":\"https:\/\/endorfeen.com\/fr\/#\/schema\/person\/76a61f8eb41d36fffdec1b376fcf19aa\"},\"headline\":\"L&rsquo;Alpiniste: Une Histoire des Ascensions Palpitantes et des Conflits Existentiels de Marc-Andr\u00e9 Leclerc\",\"datePublished\":\"2023-04-21T07:00:00+00:00\",\"dateModified\":\"2023-08-18T10:01:50+00:00\",\"mainEntityOfPage\":{\"@id\":\"https:\/\/endorfeen.com\/fr\/lalpiniste-une-histoire-des-ascensions-palpitantes-et-des-conflits-existentiels-de-marc-andre-leclerc\/\"},\"wordCount\":3255,\"publisher\":{\"@id\":\"https:\/\/endorfeen.com\/fr\/#organization\"},\"image\":{\"@id\":\"https:\/\/endorfeen.com\/fr\/lalpiniste-une-histoire-des-ascensions-palpitantes-et-des-conflits-existentiels-de-marc-andre-leclerc\/#primaryimage\"},\"thumbnailUrl\":\"https:\/\/endorfeen.com\/wp-content\/uploads\/2023\/03\/the-alpinist-poster.jpg\",\"keywords\":[\"#escalade\",\"#Film\"],\"articleSection\":[\"Aventures\"],\"inLanguage\":\"fr-FR\"},{\"@type\":\"WebPage\",\"@id\":\"https:\/\/endorfeen.com\/fr\/lalpiniste-une-histoire-des-ascensions-palpitantes-et-des-conflits-existentiels-de-marc-andre-leclerc\/\",\"url\":\"https:\/\/endorfeen.com\/fr\/lalpiniste-une-histoire-des-ascensions-palpitantes-et-des-conflits-existentiels-de-marc-andre-leclerc\/\",\"name\":\"L'Alpiniste: L'Histoire de Marc-Andr\u00e9 Leclerc - endorfeen\",\"isPartOf\":{\"@id\":\"https:\/\/endorfeen.com\/fr\/#website\"},\"primaryImageOfPage\":{\"@id\":\"https:\/\/endorfeen.com\/fr\/lalpiniste-une-histoire-des-ascensions-palpitantes-et-des-conflits-existentiels-de-marc-andre-leclerc\/#primaryimage\"},\"image\":{\"@id\":\"https:\/\/endorfeen.com\/fr\/lalpiniste-une-histoire-des-ascensions-palpitantes-et-des-conflits-existentiels-de-marc-andre-leclerc\/#primaryimage\"},\"thumbnailUrl\":\"https:\/\/endorfeen.com\/wp-content\/uploads\/2023\/03\/the-alpinist-poster.jpg\",\"datePublished\":\"2023-04-21T07:00:00+00:00\",\"dateModified\":\"2023-08-18T10:01:50+00:00\",\"description\":\"L'Alpiniste : est un documentaire captivant qui profile la vie et la carri\u00e8re d'escalade de l'\u00e9nigmatique et audacieux Marc-Andr\u00e9 Leclerc...\",\"breadcrumb\":{\"@id\":\"https:\/\/endorfeen.com\/fr\/lalpiniste-une-histoire-des-ascensions-palpitantes-et-des-conflits-existentiels-de-marc-andre-leclerc\/#breadcrumb\"},\"inLanguage\":\"fr-FR\",\"potentialAction\":[{\"@type\":\"ReadAction\",\"target\":[\"https:\/\/endorfeen.com\/fr\/lalpiniste-une-histoire-des-ascensions-palpitantes-et-des-conflits-existentiels-de-marc-andre-leclerc\/\"]}]},{\"@type\":\"ImageObject\",\"inLanguage\":\"fr-FR\",\"@id\":\"https:\/\/endorfeen.com\/fr\/lalpiniste-une-histoire-des-ascensions-palpitantes-et-des-conflits-existentiels-de-marc-andre-leclerc\/#primaryimage\",\"url\":\"https:\/\/endorfeen.com\/wp-content\/uploads\/2023\/03\/the-alpinist-poster.jpg\",\"contentUrl\":\"https:\/\/endorfeen.com\/wp-content\/uploads\/2023\/03\/the-alpinist-poster.jpg\",\"width\":1040,\"height\":578,\"caption\":\"the Alpinist Marc Andr\u00e9 Leclerc\"},{\"@type\":\"BreadcrumbList\",\"@id\":\"https:\/\/endorfeen.com\/fr\/lalpiniste-une-histoire-des-ascensions-palpitantes-et-des-conflits-existentiels-de-marc-andre-leclerc\/#breadcrumb\",\"itemListElement\":[{\"@type\":\"ListItem\",\"position\":1,\"name\":\"Home\",\"item\":\"https:\/\/endorfeen.com\/fr\/\"},{\"@type\":\"ListItem\",\"position\":2,\"name\":\"L&#8217;Alpiniste: Une Histoire des Ascensions Palpitantes et des Conflits Existentiels de Marc-Andr\u00e9 Leclerc\"}]},{\"@type\":\"WebSite\",\"@id\":\"https:\/\/endorfeen.com\/fr\/#website\",\"url\":\"https:\/\/endorfeen.com\/fr\/\",\"name\":\"endorfeen\",\"description\":\"The Media For Sustainable Outdoors.\",\"publisher\":{\"@id\":\"https:\/\/endorfeen.com\/fr\/#organization\"},\"potentialAction\":[{\"@type\":\"SearchAction\",\"target\":{\"@type\":\"EntryPoint\",\"urlTemplate\":\"https:\/\/endorfeen.com\/fr\/?s={search_term_string}\"},\"query-input\":{\"@type\":\"PropertyValueSpecification\",\"valueRequired\":true,\"valueName\":\"search_term_string\"}}],\"inLanguage\":\"fr-FR\"},{\"@type\":\"Organization\",\"@id\":\"https:\/\/endorfeen.com\/fr\/#organization\",\"name\":\"endorfeen\",\"url\":\"https:\/\/endorfeen.com\/fr\/\",\"logo\":{\"@type\":\"ImageObject\",\"inLanguage\":\"fr-FR\",\"@id\":\"https:\/\/endorfeen.com\/fr\/#\/schema\/logo\/image\/\",\"url\":\"https:\/\/endorfeen.com\/wp-content\/uploads\/2022\/06\/Circle-endorfeen-site-icon-circled-1000-x-1000-300psi.png\",\"contentUrl\":\"https:\/\/endorfeen.com\/wp-content\/uploads\/2022\/06\/Circle-endorfeen-site-icon-circled-1000-x-1000-300psi.png\",\"width\":1000,\"height\":1000,\"caption\":\"endorfeen\"},\"image\":{\"@id\":\"https:\/\/endorfeen.com\/fr\/#\/schema\/logo\/image\/\"}},{\"@type\":\"Person\",\"@id\":\"https:\/\/endorfeen.com\/fr\/#\/schema\/person\/76a61f8eb41d36fffdec1b376fcf19aa\",\"name\":\"Thomas Viguier\",\"image\":{\"@type\":\"ImageObject\",\"inLanguage\":\"fr-FR\",\"@id\":\"https:\/\/endorfeen.com\/fr\/#\/schema\/person\/image\/\",\"url\":\"https:\/\/secure.gravatar.com\/avatar\/3c24e541f6f82c052219429c60a8948b1c9ad8eda6daf26af0a100594146ab1a?s=96&d=mm&r=g\",\"contentUrl\":\"https:\/\/secure.gravatar.com\/avatar\/3c24e541f6f82c052219429c60a8948b1c9ad8eda6daf26af0a100594146ab1a?s=96&d=mm&r=g\",\"caption\":\"Thomas Viguier\"},\"description\":\"Everyone has a story to tell. endorfeen is built as a collaborative platform, giving the voice to anyone with a story to tell. If you have things you want to share, register here.\",\"sameAs\":[\"https:\/\/www.endorfeen.com\/\",\"http:\/\/www.facebook.com\/endorfeen-583261049007200\",\"http:\/\/www.instagram.com\/endorfeen_\/\",\"https:\/\/fi.pinterest.com\/endorfeen_\/\",\"https:\/\/x.com\/https:\/\/twitter.com\/endorfeen_\"],\"url\":\"https:\/\/endorfeen.com\/fr\/linkto\/endorfeen-mag\/\"}]}<\/script>\n<!-- \/ Yoast SEO Premium plugin. -->","yoast_head_json":{"title":"L'Alpiniste: L'Histoire de Marc-Andr\u00e9 Leclerc - endorfeen","description":"L'Alpiniste : est un documentaire captivant qui profile la vie et la carri\u00e8re d'escalade de l'\u00e9nigmatique et audacieux Marc-Andr\u00e9 Leclerc...","robots":{"index":"index","follow":"follow","max-snippet":"max-snippet:-1","max-image-preview":"max-image-preview:large","max-video-preview":"max-video-preview:-1"},"canonical":"https:\/\/endorfeen.com\/fr\/lalpiniste-une-histoire-des-ascensions-palpitantes-et-des-conflits-existentiels-de-marc-andre-leclerc\/","og_locale":"fr_FR","og_type":"article","og_title":"L'Alpiniste: Une Histoire des Ascensions Palpitantes et des Conflits Existentiels de Marc-Andr\u00e9 Leclerc","og_description":"L'Alpiniste : est un documentaire captivant qui profile la vie et la carri\u00e8re d'escalade de l'\u00e9nigmatique et audacieux Marc-Andr\u00e9 Leclerc...","og_url":"https:\/\/endorfeen.com\/fr\/lalpiniste-une-histoire-des-ascensions-palpitantes-et-des-conflits-existentiels-de-marc-andre-leclerc\/","og_site_name":"endorfeen","article_author":"http:\/\/www.facebook.com\/endorfeen-583261049007200","article_published_time":"2023-04-21T07:00:00+00:00","article_modified_time":"2023-08-18T10:01:50+00:00","og_image":[{"width":1040,"height":578,"url":"https:\/\/endorfeen.com\/wp-content\/uploads\/2023\/03\/the-alpinist-poster.jpg","type":"image\/jpeg"}],"author":"Thomas Viguier","twitter_card":"summary_large_image","twitter_creator":"@https:\/\/twitter.com\/endorfeen_","twitter_misc":{"\u00c9crit par":"Thomas Viguier","Dur\u00e9e de lecture estim\u00e9e":"13 minutes"},"schema":{"@context":"https:\/\/schema.org","@graph":[{"@type":"Article","@id":"https:\/\/endorfeen.com\/fr\/lalpiniste-une-histoire-des-ascensions-palpitantes-et-des-conflits-existentiels-de-marc-andre-leclerc\/#article","isPartOf":{"@id":"https:\/\/endorfeen.com\/fr\/lalpiniste-une-histoire-des-ascensions-palpitantes-et-des-conflits-existentiels-de-marc-andre-leclerc\/"},"author":{"name":"Thomas Viguier","@id":"https:\/\/endorfeen.com\/fr\/#\/schema\/person\/76a61f8eb41d36fffdec1b376fcf19aa"},"headline":"L&rsquo;Alpiniste: Une Histoire des Ascensions Palpitantes et des Conflits Existentiels de Marc-Andr\u00e9 Leclerc","datePublished":"2023-04-21T07:00:00+00:00","dateModified":"2023-08-18T10:01:50+00:00","mainEntityOfPage":{"@id":"https:\/\/endorfeen.com\/fr\/lalpiniste-une-histoire-des-ascensions-palpitantes-et-des-conflits-existentiels-de-marc-andre-leclerc\/"},"wordCount":3255,"publisher":{"@id":"https:\/\/endorfeen.com\/fr\/#organization"},"image":{"@id":"https:\/\/endorfeen.com\/fr\/lalpiniste-une-histoire-des-ascensions-palpitantes-et-des-conflits-existentiels-de-marc-andre-leclerc\/#primaryimage"},"thumbnailUrl":"https:\/\/endorfeen.com\/wp-content\/uploads\/2023\/03\/the-alpinist-poster.jpg","keywords":["#escalade","#Film"],"articleSection":["Aventures"],"inLanguage":"fr-FR"},{"@type":"WebPage","@id":"https:\/\/endorfeen.com\/fr\/lalpiniste-une-histoire-des-ascensions-palpitantes-et-des-conflits-existentiels-de-marc-andre-leclerc\/","url":"https:\/\/endorfeen.com\/fr\/lalpiniste-une-histoire-des-ascensions-palpitantes-et-des-conflits-existentiels-de-marc-andre-leclerc\/","name":"L'Alpiniste: L'Histoire de Marc-Andr\u00e9 Leclerc - endorfeen","isPartOf":{"@id":"https:\/\/endorfeen.com\/fr\/#website"},"primaryImageOfPage":{"@id":"https:\/\/endorfeen.com\/fr\/lalpiniste-une-histoire-des-ascensions-palpitantes-et-des-conflits-existentiels-de-marc-andre-leclerc\/#primaryimage"},"image":{"@id":"https:\/\/endorfeen.com\/fr\/lalpiniste-une-histoire-des-ascensions-palpitantes-et-des-conflits-existentiels-de-marc-andre-leclerc\/#primaryimage"},"thumbnailUrl":"https:\/\/endorfeen.com\/wp-content\/uploads\/2023\/03\/the-alpinist-poster.jpg","datePublished":"2023-04-21T07:00:00+00:00","dateModified":"2023-08-18T10:01:50+00:00","description":"L'Alpiniste : est un documentaire captivant qui profile la vie et la carri\u00e8re d'escalade de l'\u00e9nigmatique et audacieux Marc-Andr\u00e9 Leclerc...","breadcrumb":{"@id":"https:\/\/endorfeen.com\/fr\/lalpiniste-une-histoire-des-ascensions-palpitantes-et-des-conflits-existentiels-de-marc-andre-leclerc\/#breadcrumb"},"inLanguage":"fr-FR","potentialAction":[{"@type":"ReadAction","target":["https:\/\/endorfeen.com\/fr\/lalpiniste-une-histoire-des-ascensions-palpitantes-et-des-conflits-existentiels-de-marc-andre-leclerc\/"]}]},{"@type":"ImageObject","inLanguage":"fr-FR","@id":"https:\/\/endorfeen.com\/fr\/lalpiniste-une-histoire-des-ascensions-palpitantes-et-des-conflits-existentiels-de-marc-andre-leclerc\/#primaryimage","url":"https:\/\/endorfeen.com\/wp-content\/uploads\/2023\/03\/the-alpinist-poster.jpg","contentUrl":"https:\/\/endorfeen.com\/wp-content\/uploads\/2023\/03\/the-alpinist-poster.jpg","width":1040,"height":578,"caption":"the Alpinist Marc Andr\u00e9 Leclerc"},{"@type":"BreadcrumbList","@id":"https:\/\/endorfeen.com\/fr\/lalpiniste-une-histoire-des-ascensions-palpitantes-et-des-conflits-existentiels-de-marc-andre-leclerc\/#breadcrumb","itemListElement":[{"@type":"ListItem","position":1,"name":"Home","item":"https:\/\/endorfeen.com\/fr\/"},{"@type":"ListItem","position":2,"name":"L&#8217;Alpiniste: Une Histoire des Ascensions Palpitantes et des Conflits Existentiels de Marc-Andr\u00e9 Leclerc"}]},{"@type":"WebSite","@id":"https:\/\/endorfeen.com\/fr\/#website","url":"https:\/\/endorfeen.com\/fr\/","name":"endorfeen","description":"The Media For Sustainable Outdoors.","publisher":{"@id":"https:\/\/endorfeen.com\/fr\/#organization"},"potentialAction":[{"@type":"SearchAction","target":{"@type":"EntryPoint","urlTemplate":"https:\/\/endorfeen.com\/fr\/?s={search_term_string}"},"query-input":{"@type":"PropertyValueSpecification","valueRequired":true,"valueName":"search_term_string"}}],"inLanguage":"fr-FR"},{"@type":"Organization","@id":"https:\/\/endorfeen.com\/fr\/#organization","name":"endorfeen","url":"https:\/\/endorfeen.com\/fr\/","logo":{"@type":"ImageObject","inLanguage":"fr-FR","@id":"https:\/\/endorfeen.com\/fr\/#\/schema\/logo\/image\/","url":"https:\/\/endorfeen.com\/wp-content\/uploads\/2022\/06\/Circle-endorfeen-site-icon-circled-1000-x-1000-300psi.png","contentUrl":"https:\/\/endorfeen.com\/wp-content\/uploads\/2022\/06\/Circle-endorfeen-site-icon-circled-1000-x-1000-300psi.png","width":1000,"height":1000,"caption":"endorfeen"},"image":{"@id":"https:\/\/endorfeen.com\/fr\/#\/schema\/logo\/image\/"}},{"@type":"Person","@id":"https:\/\/endorfeen.com\/fr\/#\/schema\/person\/76a61f8eb41d36fffdec1b376fcf19aa","name":"Thomas Viguier","image":{"@type":"ImageObject","inLanguage":"fr-FR","@id":"https:\/\/endorfeen.com\/fr\/#\/schema\/person\/image\/","url":"https:\/\/secure.gravatar.com\/avatar\/3c24e541f6f82c052219429c60a8948b1c9ad8eda6daf26af0a100594146ab1a?s=96&d=mm&r=g","contentUrl":"https:\/\/secure.gravatar.com\/avatar\/3c24e541f6f82c052219429c60a8948b1c9ad8eda6daf26af0a100594146ab1a?s=96&d=mm&r=g","caption":"Thomas Viguier"},"description":"Everyone has a story to tell. endorfeen is built as a collaborative platform, giving the voice to anyone with a story to tell. If you have things you want to share, register here.","sameAs":["https:\/\/www.endorfeen.com\/","http:\/\/www.facebook.com\/endorfeen-583261049007200","http:\/\/www.instagram.com\/endorfeen_\/","https:\/\/fi.pinterest.com\/endorfeen_\/","https:\/\/x.com\/https:\/\/twitter.com\/endorfeen_"],"url":"https:\/\/endorfeen.com\/fr\/linkto\/endorfeen-mag\/"}]}},"featured_image_src":"https:\/\/endorfeen.com\/wp-content\/uploads\/2023\/03\/the-alpinist-poster-600x400.jpg","featured_image_src_square":"https:\/\/endorfeen.com\/wp-content\/uploads\/2023\/03\/the-alpinist-poster-600x578.jpg","author_info":{"display_name":"Thomas Viguier","author_link":"https:\/\/endorfeen.com\/fr\/linkto\/endorfeen-mag\/"},"acf":[],"_links":{"self":[{"href":"https:\/\/endorfeen.com\/fr\/wp-json\/wp\/v2\/posts\/11363","targetHints":{"allow":["GET"]}}],"collection":[{"href":"https:\/\/endorfeen.com\/fr\/wp-json\/wp\/v2\/posts"}],"about":[{"href":"https:\/\/endorfeen.com\/fr\/wp-json\/wp\/v2\/types\/post"}],"author":[{"embeddable":true,"href":"https:\/\/endorfeen.com\/fr\/wp-json\/wp\/v2\/users\/30"}],"replies":[{"embeddable":true,"href":"https:\/\/endorfeen.com\/fr\/wp-json\/wp\/v2\/comments?post=11363"}],"version-history":[{"count":0,"href":"https:\/\/endorfeen.com\/fr\/wp-json\/wp\/v2\/posts\/11363\/revisions"}],"wp:featuredmedia":[{"embeddable":true,"href":"https:\/\/endorfeen.com\/fr\/wp-json\/wp\/v2\/media\/10175"}],"wp:attachment":[{"href":"https:\/\/endorfeen.com\/fr\/wp-json\/wp\/v2\/media?parent=11363"}],"wp:term":[{"taxonomy":"category","embeddable":true,"href":"https:\/\/endorfeen.com\/fr\/wp-json\/wp\/v2\/categories?post=11363"},{"taxonomy":"post_tag","embeddable":true,"href":"https:\/\/endorfeen.com\/fr\/wp-json\/wp\/v2\/tags?post=11363"},{"taxonomy":"sponsor","embeddable":true,"href":"https:\/\/endorfeen.com\/fr\/wp-json\/wp\/v2\/sponsor?post=11363"}],"curies":[{"name":"wp","href":"https:\/\/api.w.org\/{rel}","templated":true}]}}