{"id":11111,"date":"2023-05-16T08:44:00","date_gmt":"2023-05-16T07:44:00","guid":{"rendered":"https:\/\/endorfeen.com\/?p=11111"},"modified":"2023-08-18T11:01:43","modified_gmt":"2023-08-18T10:01:43","slug":"le-fitz-roy-epopee-de-granit-et-de-glace-en-patagonie","status":"publish","type":"post","link":"https:\/\/endorfeen.com\/fr\/le-fitz-roy-epopee-de-granit-et-de-glace-en-patagonie\/","title":{"rendered":"Le Fitz Roy : \u00c9pop\u00e9e de Granit et de Glace en Patagonie"},"content":{"rendered":"\n<p>Le cerro Fitz Roy, \u00e9galement connu sous le nom de cerro Chalt\u00e9n, est une montagne situ\u00e9e pr\u00e8s du village d&rsquo;El Chalt\u00e9n, en Patagonie, \u00e0 la fronti\u00e8re entre l&rsquo;Argentine et le Chili. Le Fitz Roy se trouve dans la province de Santa Cruz (Argentine) et dans la r\u00e9gion de Magallanes et de l&rsquo;Antarctique chilien (Chili). Il a donn\u00e9 son nom au massif du Fitz Roy et s&rsquo;\u00e9l\u00e8ve \u00e0 seulement cinq kilom\u00e8tres au nord-est du cerro Torre. Son altitude est de 3 405 m\u00e8tres. Il a \u00e9t\u00e9 gravi pour la premi\u00e8re fois par les alpinistes fran\u00e7ais Lionel Terray et Guido Magnone en 1952.<\/p>\n\n\n\n<p>Le Fitz Roy est situ\u00e9 \u00e0 la fois dans le parc national Los Glaciares (Argentine) et dans le parc national Bernardo O&rsquo;Higgins (Chili).<\/p>\n\n\n\n<h2 class=\"wp-block-heading\" id=\"h-le-royaume-des-cieux-a-la-decouverte-du-fitz-roy-le-geant-bleu\">Le Royaume des Cieux: \u00c0 la d\u00e9couverte du Fitz Roy, le g\u00e9ant bleu<\/h2>\n\n\n\n<p>Le Fitz Roy, ce pic majestueux qui d\u00e9chire le ciel de la Patagonie, porte aussi un nom plus mystique : Cerro Chalt\u00e9n. Chaque d\u00e9nomination raconte une histoire, l&rsquo;une est un hommage \u00e0 un explorateur audacieux, l&rsquo;autre un \u00e9cho lointain d&rsquo;un peuple ancestral.<\/p>\n\n\n\n<p>Le nom de Cerro Chalt\u00e9n est un murmure de la tradition des Tehuelches, ce peuple fier qui vivait ici bien avant nous. Ils nommaient cette montagne ainsi, le terme signifiant \u00ab bleu \u00bb ou \u00ab bleut\u00e9 \u00bb dans leur langue &#8211; une ode \u00e0 son manteau de glace scintillant \u00e0 la lumi\u00e8re de l&rsquo;aube. Leurs l\u00e9gendes parlent d&rsquo;Elal, demi-dieu et h\u00e9ros de la mythologie Tehuelche, qui a \u00e9t\u00e9 amen\u00e9 au sommet par le cygne protecteur Kelf\u00fc. <\/p>\n\n\n\n<figure class=\"wp-block-image size-large\"><img loading=\"lazy\" decoding=\"async\" width=\"1024\" height=\"560\" src=\"https:\/\/endorfeen.com\/wp-content\/uploads\/2023\/05\/Tehuelches-1024x560.jpeg\" alt=\"Tehuelches - Fitz Roy\" class=\"wp-image-11114\" srcset=\"https:\/\/endorfeen.com\/wp-content\/uploads\/2023\/05\/Tehuelches-300x164.jpeg 300w, https:\/\/endorfeen.com\/wp-content\/uploads\/2023\/05\/Tehuelches-768x420.jpeg 768w, https:\/\/endorfeen.com\/wp-content\/uploads\/2023\/05\/Tehuelches-1024x560.jpeg 1024w, https:\/\/endorfeen.com\/wp-content\/uploads\/2023\/05\/Tehuelches-1536x839.jpeg 1536w, https:\/\/endorfeen.com\/wp-content\/uploads\/2023\/05\/Tehuelches.jpeg 1746w\" sizes=\"auto, (max-width: 1024px) 100vw, 1024px\" \/><figcaption class=\"wp-element-caption\">\u00a9 F\u00e4hrtenleser, Wiki Commons<\/figcaption><\/figure>\n\n\n\n<p>La couleur du sommet, bleu comme le plumage de leur sauveur ail\u00e9, leur a inspir\u00e9 le nom Chalt\u00e9n. Les Tehuelches n&rsquo;avaient pas d&rsquo;\u00e9criture propre, et leur langue, Aonikenk, renferme des sons qui n&rsquo;existent pas dans les langues europ\u00e9ennes. Ainsi, le nom de la montagne, tel que nous le connaissons aujourd&rsquo;hui, n&rsquo;est qu&rsquo;une approximation occidentale de son v\u00e9ritable nom.<\/p>\n\n\n\n<p>Mais le myst\u00e8re de Chalt\u00e9n ne s&rsquo;arr\u00eate pas l\u00e0. Ce nom pourrait aussi signifier \u00ab montagne qui fume \u00bb, faisant allusion aux nuages qui voilent presque toujours son sommet. Ces formations a\u00e9riennes ont \u00e9t\u00e9 prises pour de la fum\u00e9e par les premiers explorateurs occidentaux, qui pensaient que le Fitz Roy \u00e9tait un volcan. Cette id\u00e9e ne fut d\u00e9mentie qu&rsquo;en 1902, lorsque le g\u00e9ologue Rodolfo Hautal prouva que ce n&rsquo;\u00e9tait pas le cas.<\/p>\n\n\n\n<p>Le nom de Fitz Roy a \u00e9t\u00e9 attribu\u00e9 \u00e0 ce g\u00e9ant de pierre et de glace par l&rsquo;explorateur Francisco Pascasio Moreno en 1877, en l&rsquo;honneur du capitaine du HMS Beagle, Robert FitzRoy. Ce dernier avait explor\u00e9 les sources du R\u00edo Santa Cruz en 1834, mais un probl\u00e8me technique l&rsquo;avait contraint \u00e0 rebrousser chemin avant d&rsquo;atteindre le lac Viedma.<\/p>\n\n\n\n<figure class=\"wp-block-image size-large is-resized\"><img loading=\"lazy\" decoding=\"async\" src=\"https:\/\/endorfeen.com\/wp-content\/uploads\/2023\/05\/Robert_Fitzroy-813x1024.jpg\" alt=\"\" class=\"wp-image-11117\" width=\"800\" height=\"1007\" srcset=\"https:\/\/endorfeen.com\/wp-content\/uploads\/2023\/05\/Robert_Fitzroy-238x300.jpg 238w, https:\/\/endorfeen.com\/wp-content\/uploads\/2023\/05\/Robert_Fitzroy-768x968.jpg 768w, https:\/\/endorfeen.com\/wp-content\/uploads\/2023\/05\/Robert_Fitzroy-813x1024.jpg 813w, https:\/\/endorfeen.com\/wp-content\/uploads\/2023\/05\/Robert_Fitzroy-1219x1536.jpg 1219w, https:\/\/endorfeen.com\/wp-content\/uploads\/2023\/05\/Robert_Fitzroy-scaled.jpg 1625w\" sizes=\"auto, (max-width: 800px) 100vw, 800px\" \/><figcaption class=\"wp-element-caption\">\u00a9 Public Domain, <a href=\"https:\/\/commons.wikimedia.org\/wiki\/File:Robert_Fitzroy.jpg\" target=\"_blank\" rel=\"noreferrer noopener\">Wiki Commons<\/a><\/figcaption><\/figure>\n\n\n\n<p>L&rsquo;histoire contemporaine a vu des tentatives pour r\u00e9tablir le nom d&rsquo;origine de la montagne. En 2012, le s\u00e9nateur argentin Jaime Linares a propos\u00e9 un projet de loi visant \u00e0 modifier le nom de Fitz Roy sur les cartes officielles. Malheureusement, cette proposition est rest\u00e9e sans suite. Deux ans plus tard, Linares, soutenu par ses coll\u00e8gues Rub\u00e9n Giustiniani et Alfredo Mart\u00ednez, a pr\u00e9sent\u00e9 un nouveau projet au S\u00e9nat argentin, invoquant la Constitution argentine qui \u00ab reconna\u00eet la pr\u00e9existence ethnique et culturelle des peuples indig\u00e8nes \u00bb.<\/p>\n\n\n\n<p>Ainsi, le Fitz Roy, ou Cerro Chalt\u00e9n, continue de se dresser majestueusement, son nom changeant avec le vent, tout comme les nuages qui l&rsquo;entourent. Il reste un symbole de l&rsquo;histoire, de la culture et de l&rsquo;aventure, appelant les intr\u00e9pides \u00e0 venir d\u00e9couvrir ses secrets<\/p>\n\n\n\n<h2 class=\"wp-block-heading\" id=\"h-fitz-roy-exploration-au-coeur-de-l-empire-granitique-et-glace-un-peu-de-geographie\">Fitz Roy : Exploration au Coeur de l&rsquo;Empire Granitique et Glac\u00e9, un peu de g\u00e9ographie<\/h2>\n\n\n\n<h3 class=\"wp-block-heading\" id=\"h-naviguer-dans-l-empire-de-pierre-et-de-glace-fitz-roy\">Naviguer dans l&rsquo;Empire de Pierre et de Glace : Fitz Roy<\/h3>\n\n\n\n<p>Fitz Roy, cette sentinelle de pierre et de glace, se dresse fi\u00e8rement \u00e0 la latitude 49\u00b0 16\u2032 sud et \u00e0 la longitude 73\u00b0 02\u2032 ouest. Il se trouve \u00e0 la fronti\u00e8re enchant\u00e9e de la Patagonie m\u00e9ridionale, l\u00e0 o\u00f9 la province argentine de Santa Cruz (d\u00e9partement de Lago Argentino) embrasse la province chilienne de \u00daltima Esperanza, dans la r\u00e9gion de Magallanes et de l&rsquo;Antarctique chilien.<\/p>\n\n\n\n<p>C&rsquo;est le sommet sacr\u00e9 du massif du Fitz Roy, un royaume d&rsquo;aiguilles de granit et de cr\u00eates glac\u00e9es, dispos\u00e9es en deux cha\u00eenes majestueuses qui s&rsquo;\u00e9tendent du nord au sud. La cha\u00eene du Fitz Roy est un tableau de g\u00e9ants de pierre, tels que les Aiguilles Guillaumet, Mermoz, Val Biois, et bien s\u00fbr, le mont Fitz Roy lui-m\u00eame, accompagn\u00e9s des aiguilles Poincenot, Rafael Ju\u00e1rez et Saint-Exup\u00e9ry. En parall\u00e8le, la cha\u00eene du Cerro Torre se profile avec des titans tels que les monts Pollone, Piergiorgio, Domo Blanco, les aiguilles Cuatro Dedos, B\u00edfida, Standhardt, la Torre Egger et le cerro Torre. Ces deux cha\u00eenes sont s\u00e9par\u00e9es par les glaciers Torre et Grande, le couronnement glac\u00e9 de cette couronne rocheuse.<\/p>\n\n\n\n<figure class=\"wp-block-image size-large\"><img loading=\"lazy\" decoding=\"async\" width=\"1024\" height=\"701\" src=\"https:\/\/endorfeen.com\/wp-content\/uploads\/2023\/05\/arto-marttinen-6Wt0kG2zK4A-unsplash-1024x701.jpg\" alt=\"Fitz Roy\" class=\"wp-image-11119\" srcset=\"https:\/\/endorfeen.com\/wp-content\/uploads\/2023\/05\/arto-marttinen-6Wt0kG2zK4A-unsplash-300x205.jpg 300w, https:\/\/endorfeen.com\/wp-content\/uploads\/2023\/05\/arto-marttinen-6Wt0kG2zK4A-unsplash-768x526.jpg 768w, https:\/\/endorfeen.com\/wp-content\/uploads\/2023\/05\/arto-marttinen-6Wt0kG2zK4A-unsplash-1024x701.jpg 1024w, https:\/\/endorfeen.com\/wp-content\/uploads\/2023\/05\/arto-marttinen-6Wt0kG2zK4A-unsplash-1536x1051.jpg 1536w, https:\/\/endorfeen.com\/wp-content\/uploads\/2023\/05\/arto-marttinen-6Wt0kG2zK4A-unsplash-scaled.jpg 2048w\" sizes=\"auto, (max-width: 1024px) 100vw, 1024px\" \/><figcaption class=\"wp-element-caption\">\u00a9 Arto Marttinen, Unsplash<\/figcaption><\/figure>\n\n\n\n<p>Ce royaume de pierre et de glace est baign\u00e9 \u00e0 l&rsquo;ouest par la calotte glaciaire du Campo de Hielo Sur, un oc\u00e9an gel\u00e9 qui s&rsquo;\u00e9tend \u00e0 perte de vue. \u00c0 l&rsquo;est, le massif est bord\u00e9 par la vall\u00e9e verdoyante du R\u00edo de las Vueltas, o\u00f9 serpente le r\u00edo Fitz Roy, fra\u00eechement n\u00e9 des glaciers et des lagunes de la r\u00e9gion. Au nord, la vall\u00e9e du R\u00edo El\u00e9ctrico, aliment\u00e9e par la Laguna El\u00e9ctrica et les glaciers Fitz Roy et Marconi, offre un spectacle saisissant. Enfin, au sud, la vall\u00e9e du R\u00edo Tunel, nourrie par le lago Tunel et les glaciers R\u00edo Tunel et de Quervain, offre une \u00e9chappatoire vers le Paso del Viento qui m\u00e8ne au Campo de Hielo Sur.<\/p>\n\n\n\n<p>Le Fitz Roy est une v\u00e9ritable boussole pour l&rsquo;aventurier, pointant vers les quatre points cardinaux, chaque direction offrant une nouvelle aventure \u00e0 travers des paysages sculpt\u00e9s par le temps et les \u00e9l\u00e9ments.<\/p>\n\n\n\n<h3 class=\"wp-block-heading\" id=\"h-le-fitz-roy-un-ballet-de-microclimats-et-d-elements-indomptes\"><strong>Le Fitz Roy : Un Ballet de Microclimats et d&rsquo;\u00c9l\u00e9ments Indompt\u00e9s<\/strong><\/h3>\n\n\n\n<p>La toile m\u00e9t\u00e9orologique qui entoure le massif du Fitz Roy est complexe et en constante \u00e9volution. Dressant une muraille entre le vaste champ de glace patagonien \u00e0 l&rsquo;ouest et la pampa s\u00e8che \u00e0 l&rsquo;est, le Fitz Roy est une ar\u00e8ne de microclimats aux caprices \u00e9blouissants et parfois d\u00e9concertants.<\/p>\n\n\n\n<p>Dans ce th\u00e9\u00e2tre naturel, le vent d&rsquo;ouest tient le r\u00f4le principal. Tenace et omnipr\u00e9sent, ce vent fa\u00e7onne le climat de la r\u00e9gion avec une puissance \u00e9tonnante, en particulier pendant l&rsquo;\u00e9t\u00e9. Imaginez-vous en plein c\u0153ur de la vall\u00e9e du r\u00edo El\u00e9ctrico, au nord du massif, o\u00f9 des rafales de vent peuvent atteindre la vitesse vertigineuse de 180 km\/h. Trois acteurs partagent la sc\u00e8ne : un vent froid du nord-ouest qui apporte des averses estivales, un vent d&rsquo;ouest qui d\u00e9verse d&rsquo;abondantes pr\u00e9cipitations toute l&rsquo;ann\u00e9e, et un vent temp\u00e9r\u00e9 du sud-ouest qui offre des journ\u00e9es claires et sereines.<\/p>\n\n\n\n<p>Le Fitz Roy est \u00e9galement le th\u00e9\u00e2tre d&rsquo;une chor\u00e9graphie de pr\u00e9cipitations. Le versant ouest, baign\u00e9 par les courants humides de l&rsquo;oc\u00e9an Pacifique, re\u00e7oit une pluie abondante, atteignant parfois plus de 5 m\u00e8tres par an. En revanche, le versant est, influenc\u00e9 par la s\u00e9cheresse de la pampa argentine, offre un spectacle plus mod\u00e9r\u00e9, avec seulement environ 85 cm de pr\u00e9cipitations par an \u00e0 El Chalt\u00e9n.<\/p>\n\n\n\n<p>Dans ce kal\u00e9idoscope climatique, six microclimats distincts se dessinent, chacun avec son propre caract\u00e8re : de la pampa s\u00e8che ensoleill\u00e9e et venteuse aux marais temp\u00e9r\u00e9s, des for\u00eats balay\u00e9es par le vent \u00e0 la vall\u00e9e humide, froide et venteuse, sans oublier le glacier de basse altitude, relativement doux, peu vent\u00e9 et pluvieux, et enfin le Hielo Continental froid, neigeux et venteux.<\/p>\n\n\n\n<p>Les temp\u00e9ratures au Fitz Roy sont aussi impr\u00e9visibles que le reste. Fra\u00eeches en g\u00e9n\u00e9ral, elles peuvent fluctuer de fa\u00e7on spectaculaire, ajoutant une autre dimension \u00e0 cette danse des \u00e9l\u00e9ments. Du c\u00f4t\u00e9 ouest, attendez-vous \u00e0 de fortes pr\u00e9cipitations, alors que le c\u00f4t\u00e9 est, pr\u00e8s d&rsquo;El Chalt\u00e9n, est plus sec avec une alternance de pluie en \u00e9t\u00e9 et de neige en hiver.<\/p>\n\n\n\n<p>Pour ceux qui cherchent \u00e0 explorer ce paysage fascinant, la p\u00e9riode de novembre \u00e0 avril, soit l&rsquo;\u00e9t\u00e9 austral, est id\u00e9ale. Une visite au Fitz Roy par temps clair est une promesse d&rsquo;une vue imprenable sur ce joyau de la Patagonie.<\/p>\n\n\n\n<h3 class=\"wp-block-heading\" id=\"h-un-geant-de-granite-faconne-par-la-nature-et-le-temps\">Un G\u00e9ant de Granite fa\u00e7onn\u00e9 par la Nature et le Temps<\/h3>\n\n\n\n<p>\u00c9mergeant de la terre comme un phare de granite, le Fitz Roy \u00e9voque la force brute de la nature. Sa silhouette pyramidale, sculpt\u00e9e par des si\u00e8cles de vents violents, de neige et de glace, raconte une histoire aussi vieille que le temps lui-m\u00eame.<\/p>\n\n\n\n<p>Ce colosse de pierre est ancr\u00e9 dans la terre par des roches magmatiques, t\u00e9moins silencieux d&rsquo;une \u00e9poque r\u00e9volue. Son origine remonte \u00e0 une danse titanesque de plaques tectoniques qui a commenc\u00e9 il y a 100 millions d&rsquo;ann\u00e9es. Au c\u0153ur de cette danse, le magma a jailli, se frayant un chemin \u00e0 travers les fissures, puis s&rsquo;est solidifi\u00e9, cr\u00e9ant un r\u00e9seau de granite imp\u00e9n\u00e9trable.<\/p>\n\n\n\n<p>Avec le temps, les \u00e9l\u00e9ments ont \u00e9rod\u00e9 les roches environnantes, d\u00e9voilant progressivement la splendeur du Fitz Roy. Ce qui demeure aujourd&rsquo;hui est un monument \u00e0 la puissance de la nature, un monolithe qui se dresse avec majest\u00e9, d\u00e9fiant le ciel de la Patagonie.<\/p>\n\n\n\n<h3 class=\"wp-block-heading\" id=\"h-une-nature-sauvage-et-resiliente\">Une Nature Sauvage et R\u00e9siliente<\/h3>\n\n\n\n<p>Alors que le sommet du Fitz Roy se dresse, d\u00e9nu\u00e9 de vie, la base de cette montagne abrite un monde de r\u00e9silience et de beaut\u00e9 rustique. Lors de l&rsquo;ascension vers le sommet, les randonneurs traversent des for\u00eats basses de h\u00eatres australs, avec leurs feuilles vibrantes et leurs troncs noueux. Le manteau vert des Nothofagus pumilio, Nothofagus antarctica et Nothofagus betuloides se d\u00e9ploie \u00e0 perte de vue, symbolisant la pers\u00e9v\u00e9rance de la nature dans ces climats extr\u00eames.<\/p>\n\n\n\n<p>Au-del\u00e0 de la for\u00eat, les plaines s&rsquo;\u00e9tendent, domin\u00e9es par une v\u00e9g\u00e9tation rase et robuste, adapt\u00e9e pour survivre aux conditions climatiques rigoureuses de la Patagonie. C&rsquo;est un spectacle aust\u00e8re, mais avec une beaut\u00e9 discr\u00e8te qui ne peut \u00eatre ignor\u00e9e.<\/p>\n\n\n\n<p>Quant \u00e0 la faune, elle est discr\u00e8te, mais non moins fascinante. Des cr\u00e9atures petites mais r\u00e9sistantes, comme le rat pygm\u00e9e de rizi\u00e8re \u00e0 longue queue et l&rsquo;akodon \u00e0 nez jaune, ont trouv\u00e9 leur niche dans ce paysage. Le renard de Magellan, rus\u00e9 et adaptable, r\u00f4de \u00e9galement dans la r\u00e9gion. Les cieux sont surveill\u00e9s par des aigles majestueux, tandis que quelques lapins se faufilent entre les buissons. Dans le Fitz Roy, la vie persiste, malgr\u00e9 tout.<\/p>\n\n\n\n<h2 class=\"wp-block-heading\" id=\"h-le-fitz-roy-un-voyage-a-travers-les-siecles-et-les-cimes\">Le Fitz Roy : Un Voyage \u00e0 travers les Si\u00e8cles et les Cimes<\/h2>\n\n\n\n<h3 class=\"wp-block-heading\" id=\"h-un-voyage-a-travers-le-temps-et-l-histoire\">Un Voyage \u00e0 travers le Temps et l&rsquo;Histoire<\/h3>\n\n\n\n<p>Avant m\u00eame l&rsquo;arriv\u00e9e des explorateurs espagnols, le Fitz Roy \u00e9tait d\u00e9j\u00e0 un point de rep\u00e8re pour les indig\u00e8nes Aonik&rsquo;enk, comme en t\u00e9moignent les nombreux vestiges arch\u00e9ologiques retrouv\u00e9s autour du lac Viedma. Cette montagne imposante n&rsquo;\u00e9tait pas seulement un rep\u00e8re g\u00e9ographique, elle s&rsquo;inscrivait aussi dans leur mythologie : Elal, le h\u00e9ros principal de la cosmogonie Tehuelche, aurait \u00e9t\u00e9 d\u00e9pos\u00e9 au sommet du Fitz Roy par un cygne avant de descendre pour rejoindre la plaine patagonienne.<\/p>\n\n\n\n<p>La premi\u00e8re rencontre de l&rsquo;Occident avec le Fitz Roy remonte probablement \u00e0 1782, lorsqu&rsquo;une exp\u00e9dition dirig\u00e9e par Francisco de Biedma y Narv\u00e1ez atteint le lac Viedma. Guid\u00e9e par les indig\u00e8nes Tehuelches, l&rsquo;\u00e9quipe d\u00e9couvre deux montagnes pro\u00e9minentes, la plus haute \u00e9tant baptis\u00e9e Chalt\u00e9n.<\/p>\n\n\n\n<p>Le Fitz Roy a ensuite \u00e9t\u00e9 visit\u00e9 en 1834 par l&rsquo;explorateur britannique Robert FitzRoy. Bien qu&rsquo;il ne r\u00e9ussit pas \u00e0 atteindre le sommet, il a pu observer le Chalt\u00e9n de loin lors de son exploration de l&rsquo;Am\u00e9rique du Sud \u00e0 bord du HMS Beagle.<\/p>\n\n\n\n<p>C&rsquo;est cependant Francisco Moreno, lors de son exp\u00e9dition en 1877, qui donne \u00e0 la montagne le nom de Fitz Roy, en hommage \u00e0 l&rsquo;explorateur britannique. Moreno \u00e9tait charg\u00e9 par le gouvernement argentin de d\u00e9limiter pr\u00e9cis\u00e9ment la fronti\u00e8re avec le Chili. Bien qu&rsquo;il n&rsquo;\u00e9tait pas certain de la position exacte de la ligne de partage des eaux, le Fitz Roy est rest\u00e9 un point fixe de la fronti\u00e8re dans les trait\u00e9s, une erreur qui a plus tard caus\u00e9 des conflits territoriaux entre les deux pays.<\/p>\n\n\n\n<figure class=\"wp-block-image size-full is-resized\"><img loading=\"lazy\" decoding=\"async\" src=\"https:\/\/endorfeen.com\/wp-content\/uploads\/2023\/05\/FranciscoMoreno.jpg\" alt=\"\" class=\"wp-image-11124\" width=\"818\" height=\"1133\" srcset=\"https:\/\/endorfeen.com\/wp-content\/uploads\/2023\/05\/FranciscoMoreno-217x300.jpg 217w, https:\/\/endorfeen.com\/wp-content\/uploads\/2023\/05\/FranciscoMoreno.jpg 624w\" sizes=\"auto, (max-width: 818px) 100vw, 818px\" \/><figcaption class=\"wp-element-caption\">Francisco Moreno &#8211; \u00a9 Public Domain, <a href=\"https:\/\/commons.wikimedia.org\/wiki\/File:FranciscoMoreno.jpg\" target=\"_blank\" rel=\"noreferrer noopener nofollow\">Wiki Commons<\/a><\/figcaption><\/figure>\n\n\n\n<p>Ce n&rsquo;est que dans les ann\u00e9es 1930 que le massif du Fitz Roy est v\u00e9ritablement explor\u00e9, gr\u00e2ce aux exp\u00e9ditions men\u00e9es par le missionnaire sal\u00e9sien Alberto Mar\u00eda De Agostini. Pionnier dans la travers\u00e9e du champ de glace Sud de Patagonie, il a \u00e9galement fond\u00e9 un camp de base dans la vall\u00e9e, plus tard nomm\u00e9 Piedra del Fraile en son honneur, pour poursuivre ses explorations.<\/p>\n\n\n\n<p>L&rsquo;histoire du Fitz Roy est une chronique d&rsquo;aventure et de d\u00e9couverte, et chaque visiteur d&rsquo;aujourd&rsquo;hui marche sur les traces des explorateurs, des indig\u00e8nes et des h\u00e9ros mythologiques qui l&rsquo;ont pr\u00e9c\u00e9d\u00e9.<\/p>\n\n\n\n<h3 class=\"wp-block-heading\" id=\"h-premiere-ascension-conquete-du-geant-de-granit\">Premi\u00e8re ascension : c<strong>onqu\u00eate du G\u00e9ant de Granit<\/strong><\/h3>\n\n\n\n<p>L&rsquo;histoire de l&rsquo;ascension du Fitz Roy commence avec l&rsquo;alpiniste italien Aldo Bonacossa en 1937. Accompagn\u00e9 de son \u00e9quipe &#8211; Titta Gilberti, Leo Dubosc et Ettore Castiglioni &#8211; ils parviennent jusqu&rsquo;au pied de la face Sud du Fitz Roy. Malgr\u00e9 leur expertise, ils sont contraints d&rsquo;abandonner face aux 400 derniers m\u00e8tres, d&rsquo;une technicit\u00e9 redoutable.<\/p>\n\n\n\n<figure class=\"wp-block-image size-full is-resized\"><img loading=\"lazy\" decoding=\"async\" src=\"https:\/\/endorfeen.com\/wp-content\/uploads\/2023\/05\/Aldo-Bonacossa.jpg\" alt=\"Aldo Bonacossa\" class=\"wp-image-11126\" width=\"810\" height=\"1171\" srcset=\"https:\/\/endorfeen.com\/wp-content\/uploads\/2023\/05\/Aldo-Bonacossa-208x300.jpg 208w, https:\/\/endorfeen.com\/wp-content\/uploads\/2023\/05\/Aldo-Bonacossa.jpg 664w\" sizes=\"auto, (max-width: 810px) 100vw, 810px\" \/><figcaption class=\"wp-element-caption\">Aldo Bonacossa &#8211; \u00a9 <a href=\"https:\/\/commons.wikimedia.org\/wiki\/File:Aldo-Bonacossa.jpg\" target=\"_blank\" rel=\"noreferrer noopener nofollow\">Public Domain, Wiki Commons<\/a><\/figcaption><\/figure>\n\n\n\n<p>Ce n&rsquo;est que dix ans plus tard que Hans Zechner tente \u00e0 son tour de vaincre la montagne. Il m\u00e8ne une exploration en 1947, cherchant la voie la plus accessible. De retour en 1948 avec les Italiens Mario Bertone et Nestor Gianolli, ils \u00e9chouent successivement par le versant sud-est, puis par la cr\u00eate Nord. Une ann\u00e9e plus tard, Zechner tente encore une fois, rep\u00e9rant un couloir de neige potentiellement propice \u00e0 l&rsquo;ascension, plus tard baptis\u00e9 \u00ab\u00a0supercanaleta\u00a0\u00bb.<\/p>\n\n\n\n<p>La victoire sur le Fitz Roy revient finalement aux alpinistes fran\u00e7ais Lionel Terray et Guido Magnone en 1952. Leur exp\u00e9dition, qui comprend \u00e9galement Jacques Poincenot, Marc Antonin Az\u00e9ma, Ren\u00e9 Ferlet, Louis Lliboutry, Louis Depasse et Georges Strouv\u00e9, installe son camp de base pr\u00e8s de l&rsquo;actuel village d&rsquo;El Chalt\u00e9n. Leur exploration du massif est endeuill\u00e9e par la mort de Jacques Poincenot lors de la travers\u00e9e du R\u00edo Fitz Roy.<\/p>\n\n\n\n<p>Les alpinistes \u00e9tablissent un camp de base au bord du R\u00edo Blanco, qui est toujours utilis\u00e9 aujourd&rsquo;hui par les grimpeurs. Par la suite, ils parviennent \u00e0 la \u00ab\u00a0Br\u00e8che des Italiens\u00a0\u00bb, point le plus haut atteint par l&rsquo;exp\u00e9dition de 1937. Apr\u00e8s une attente prolong\u00e9e due au mauvais temps, Terray et Magnone entament l&rsquo;ascension finale le 1er f\u00e9vrier. Apr\u00e8s une nuit pr\u00e8s du \u00ab\u00a0n\u00e9v\u00e9 de l&rsquo;araign\u00e9e\u00a0\u00bb, ils reprennent leur ascension et atteignent enfin le sommet \u00e0 16h40, marquant ainsi la premi\u00e8re ascension r\u00e9ussie du Fitz Roy.<\/p>\n\n\n\n<h3 class=\"wp-block-heading\" id=\"h-les-voies-legendaires-du-geant-argentin\">Les Voies L\u00e9gendaires du G\u00e9ant Argentin<\/h3>\n\n\n\n<p>Les premiers \u00e0 fouler une nouvelle fois le sommet du Fitz Roy furent Jos\u00e9 Luis Fonrouge et Carlos Comesa\u00f1a en 1965. Ils suivirent la \u00ab\u00a0supercanaleta\u00a0\u00bb, un chemin de glace de 1800 m\u00e8tres, d\u00e9tect\u00e9 15 ans plus t\u00f4t par Hans Zechner, avant de se lancer dans la roche pour atteindre le sommet le 16 janvier.<\/p>\n\n\n\n<p>En 1968, un groupe audacieux de Californiens, Yvon Chouinard, Douglas Tompkins, Dick Dorworth, Chris Jones et Lito Tejada-Flores, tracent une nouvelle voie sur la face Sud du Fitz Roy. Arriv\u00e9s au pied de la montagne en fin d&rsquo;ann\u00e9e 1968, ils choisissent de grimper par la gauche de la face Sud, passant par la \u00ab\u00a0Br\u00e8che des Italiens\u00a0\u00bb puis par le \u00ab\u00a0Col du Cin\u00e9aste\u00a0\u00bb. Apr\u00e8s une attente de six jours due \u00e0 une m\u00e9t\u00e9o d\u00e9favorable, ils se lancent dans l&rsquo;ascension et atteignent le sommet le 20 d\u00e9cembre, apr\u00e8s trente heures d&rsquo;escalade intense. Ainsi naquit la \u00ab\u00a0voie des Californiens\u00a0\u00bb, d\u00e9sormais la plus emprunt\u00e9e pour atteindre le sommet du Fitz Roy.<\/p>\n\n\n\n<figure class=\"wp-block-image size-full is-resized\"><img loading=\"lazy\" decoding=\"async\" src=\"https:\/\/endorfeen.com\/wp-content\/uploads\/2023\/05\/Yvon_Chouinard_by_Tom_Frost.jpg\" alt=\"\" class=\"wp-image-11128\" width=\"806\" height=\"1169\" srcset=\"https:\/\/endorfeen.com\/wp-content\/uploads\/2023\/05\/Yvon_Chouinard_by_Tom_Frost-207x300.jpg 207w, https:\/\/endorfeen.com\/wp-content\/uploads\/2023\/05\/Yvon_Chouinard_by_Tom_Frost.jpg 400w\" sizes=\"auto, (max-width: 806px) 100vw, 806px\" \/><figcaption class=\"wp-element-caption\">Yvon Chouinard &#8211; \u00a9 <a href=\"https:\/\/commons.wikimedia.org\/wiki\/File:Yvon_Chouinard_by_Tom_Frost.jpg\" target=\"_blank\" rel=\"noreferrer noopener nofollow\">Tom Frost, Wiki Commons<\/a><\/figcaption><\/figure>\n\n\n\n<p>Le pilier oriental, haut de 1500 m\u00e8tres, fut la cible de nombreuses tentatives infructueuses, dont une exp\u00e9dition fran\u00e7aise en 1967 et deux exp\u00e9ditions italiennes au d\u00e9but des ann\u00e9es 1970. En 1974, une exp\u00e9dition suisse parvient \u00e0 200 m\u00e8tres du sommet avant d&rsquo;\u00eatre repouss\u00e9e par le mauvais temps. Finalement, en 1976, l&rsquo;Italien Casimiro Ferrari et son co\u00e9quipier Vittorio Meles atteignent le sommet apr\u00e8s six jours d&rsquo;escalade, marqu\u00e9s par une chute lors de laquelle Ferrari perd plusieurs dents.<\/p>\n\n\n\n<p>Le pilier Nord fut vaincu pour la premi\u00e8re fois en 1979 par Renato Casarotto, en hommage \u00e0 qui le pilier porte aujourd&rsquo;hui son nom. L&rsquo;ascension fut r\u00e9alis\u00e9e en solo lors de sa troisi\u00e8me tentative, le 1er janvier 1979.<\/p>\n\n\n\n<p>Par la suite, d&rsquo;autres voies furent ouvertes dans la face ouest du Fitz Roy. En 1979, les Fran\u00e7ais Jean et Michel Afanassieff, G. Albert, J. Fabre et G. Sourice ouvrent la voie Afanassieff, \u00e0 gauche de la supercanaleta, et atteignent le sommet le 24 d\u00e9cembre. En 1983, une exp\u00e9dition tch\u00e9coslovaque compl\u00e8te une autre voie \u00e0 droite de la supercanaleta, apr\u00e8s de multiples tentatives entrav\u00e9es par le mauvais temps.<\/p>\n\n\n\n<figure class=\"wp-block-image size-large is-resized\"><img loading=\"lazy\" decoding=\"async\" src=\"https:\/\/endorfeen.com\/wp-content\/uploads\/2023\/05\/Jean_Afanassieff_2-666x1024.jpg\" alt=\"\" class=\"wp-image-11131\" width=\"814\" height=\"1252\" srcset=\"https:\/\/endorfeen.com\/wp-content\/uploads\/2023\/05\/Jean_Afanassieff_2-195x300.jpg 195w, https:\/\/endorfeen.com\/wp-content\/uploads\/2023\/05\/Jean_Afanassieff_2-666x1024.jpg 666w, https:\/\/endorfeen.com\/wp-content\/uploads\/2023\/05\/Jean_Afanassieff_2-768x1180.jpg 768w, https:\/\/endorfeen.com\/wp-content\/uploads\/2023\/05\/Jean_Afanassieff_2-999x1536.jpg 999w, https:\/\/endorfeen.com\/wp-content\/uploads\/2023\/05\/Jean_Afanassieff_2.jpg 1333w\" sizes=\"auto, (max-width: 814px) 100vw, 814px\" \/><figcaption class=\"wp-element-caption\">Jean Afanassieff &#8211; \u00a9 <a href=\"https:\/\/commons.wikimedia.org\/wiki\/File:Jean_Afanassieff_2.jpg\" target=\"_blank\" rel=\"noreferrer noopener nofollow\">Victor Afanassieff, Wiki Commons<\/a><\/figcaption><\/figure>\n\n\n\n<p>La voie franco-am\u00e9ricaine (Ruta Franco Argentina) sur la face sud-est est inaugur\u00e9e le 10 mars 1984 par Alberto Bendinger, Marcos Couch, Pedro Friedrich et Eduardo Brennerapertura, et devient la voie normale.<\/p>\n\n\n\n<p>En f\u00e9vrier 2014, les grimpeurs am\u00e9ricains Tommy Caldwell et Alex Honnold r\u00e9alisent la premi\u00e8re travers\u00e9e du massif du Fitz Roy en quatre jours, une prouesse qui leur vaut le Piolet d&rsquo;or 2015.<\/p>\n\n\n\n<p>En 2021, Sean Villanueva O\u2019Driscoll r\u00e9it\u00e8re cette travers\u00e9e int\u00e9grale du massif, mais cette fois en solo. Du 5 au 10 f\u00e9vrier, il affronte une s\u00e9rie de sommets d\u00e9fiants, dont les aiguilles Guillaumet et Mermoz, le Fitz Roy, les aiguilles Poincenot, Rafael Suarez, Saint-Exup\u00e9ry et de l&rsquo;S. Pour cette r\u00e9alisation historique, baptis\u00e9e \u00ab\u00a0Moonwalk Traverse\u00a0\u00bb, O&rsquo;Driscoll re\u00e7oit un Piolet d&rsquo;or, reconnaissant ainsi son exploit comme une v\u00e9ritable prouesse dans le monde de l&rsquo;alpinisme.<\/p>\n\n\n\n<h2 class=\"wp-block-heading\" id=\"h-conquerir-le-fitz-roy-entre-defi-technique-et-force-de-la-nature\">Conqu\u00e9rir le Fitz Roy : Entre D\u00e9fi Technique et Force de la Nature<\/h2>\n\n\n\n<p>Bien que le Fitz Roy ne soit pas le plus haut des sommets, sa r\u00e9putation d&rsquo;\u00eatre l&rsquo;un des plus redoutables de la plan\u00e8te est bien m\u00e9rit\u00e9e. Le granite r\u00e9sistant qui compose la montagne demande une expertise en escalade, tandis que les conditions m\u00e9t\u00e9orologiques extr\u00eames ajoutent un d\u00e9fi suppl\u00e9mentaire.<\/p>\n\n\n\n<p>F\u00e9vrier 1952 marque une date historique : Guido Magnone et Lionel Terray sont les premiers \u00e0 conqu\u00e9rir le Fitz Roy. Cette prouesse, qui a eu un \u00e9cho mondial, a plac\u00e9 le Fitz Roy au panth\u00e9on des montagnes embl\u00e9matiques. Sa proximit\u00e9 avec le premier village en fait un sujet de photo populaire, tout en restant un d\u00e9fi insurmontable pour beaucoup, avec sa face majestueuse et abrupte. Pendant longtemps, le Fitz Roy et le Cerro Torre ont \u00e9t\u00e9 entour\u00e9s de myst\u00e8re, leurs sommets souvent inaccessibles en raison des conditions m\u00e9t\u00e9orologiques impr\u00e9visibles. Cependant, les pr\u00e9visions m\u00e9t\u00e9orologiques sont devenues plus fiables ces derni\u00e8res ann\u00e9es, permettant aux alpinistes d&rsquo;anticiper et de planifier leur ascension lors des jours de beau temps, \u00e9liminant ainsi les attentes prolong\u00e9es dans des conditions \u00e9pouvantables qu&rsquo;ont connues Terray et Magnone.<\/p>\n\n\n\n<p>Atteindre le sommet du Fitz Roy n\u00e9cessite une solide exp\u00e9rience en mixte, neige et glace, sans oublier une forme physique irr\u00e9prochable pour transporter tout le mat\u00e9riel n\u00e9cessaire. L&rsquo;ascension du sommet, majoritairement rocheux, requiert des comp\u00e9tences d&rsquo;escalade allant de 5+ \u00e0 6a+. Les sections les plus ardues n\u00e9cessiteront probablement de l&rsquo;escalade artificielle. Il est crucial de ma\u00eetriser le cramponnage dans des pentes atteignant jusqu&rsquo;\u00e0 70\u00b0, ainsi que les techniques de rappel. <\/p>\n\n\n\n<p>Une exp\u00e9rience dans les grandes voies granitiques, semblable au Grand Capucin, est un atout. Etre \u00e0 l&rsquo;aise avec un niveau 6a en granit est imp\u00e9ratif. Les alpinistes doivent \u00eatre capables de porter un sac \u00e0 dos d&rsquo;au moins 15 kg pendant plusieurs jours. Lors de l&rsquo;\u00e9tablissement du camp d&rsquo;altitude, des charges suppl\u00e9mentaires li\u00e9es au mat\u00e9riel collectif seront \u00e0 pr\u00e9voir. Pour cette exp\u00e9dition, un guide supervisera deux participants. Une liste de courses pr\u00e9alables est exig\u00e9e lors de l&rsquo;inscription, et en cas de doute, une course pr\u00e9liminaire peut \u00eatre organis\u00e9e.<\/p>\n\n\n\n<h2 class=\"wp-block-heading\" id=\"h-fitz-roy-a-pied-explorations-panoramiques-dans-la-cordillere-des-andes\">Fitz Roy \u00e0 Pied : Explorations Panoramiques dans la Cordill\u00e8re des Andes<\/h2>\n\n\n\n<p>Le Mont Fitz Roy, l&rsquo;un des joyaux de la cordill\u00e8re des Andes, offre aux randonneurs une toile de fond spectaculaire pour leurs aventures p\u00e9destres. Plusieurs sentiers, dont de nombreux partant d&rsquo;El Chalt\u00e9n, offrent des vues \u00e9poustouflantes sur ce sommet majestueux, surtout lorsque le ciel est clair.<\/p>\n\n\n\n<figure class=\"wp-block-image size-large\"><img loading=\"lazy\" decoding=\"async\" width=\"1024\" height=\"683\" src=\"https:\/\/endorfeen.com\/wp-content\/uploads\/2023\/05\/toomas-tartes-Yizrl9N_eDA-unsplash-1024x683.jpg\" alt=\"Randonn\u00e9e Patagonie\" class=\"wp-image-11122\" srcset=\"https:\/\/endorfeen.com\/wp-content\/uploads\/2023\/05\/toomas-tartes-Yizrl9N_eDA-unsplash-300x200.jpg 300w, https:\/\/endorfeen.com\/wp-content\/uploads\/2023\/05\/toomas-tartes-Yizrl9N_eDA-unsplash-600x400.jpg 600w, https:\/\/endorfeen.com\/wp-content\/uploads\/2023\/05\/toomas-tartes-Yizrl9N_eDA-unsplash-768x512.jpg 768w, https:\/\/endorfeen.com\/wp-content\/uploads\/2023\/05\/toomas-tartes-Yizrl9N_eDA-unsplash-1024x683.jpg 1024w, https:\/\/endorfeen.com\/wp-content\/uploads\/2023\/05\/toomas-tartes-Yizrl9N_eDA-unsplash-1536x1025.jpg 1536w, https:\/\/endorfeen.com\/wp-content\/uploads\/2023\/05\/toomas-tartes-Yizrl9N_eDA-unsplash-scaled.jpg 2048w\" sizes=\"auto, (max-width: 1024px) 100vw, 1024px\" \/><figcaption class=\"wp-element-caption\">\u00a9 Toomas Tartes, Unsplash<\/figcaption><\/figure>\n\n\n\n<h3 class=\"wp-block-heading\" id=\"h-laguna-de-los-tres\">Laguna de Los Tres<\/h3>\n\n\n\n<p>L&rsquo;un des parcours les plus pris\u00e9s est celui menant \u00e0 la Laguna de Los Tres, nich\u00e9e au pied du Cerro Fitz Roy. Ce trajet de 6 heures aller-retour vous m\u00e8ne au mirador Maestri, un des meilleurs spots pour contempler le sommet. Au d\u00e9part d&rsquo;El Chalt\u00e9n, suivez la rue \u00ab\u00a0Los Loicas\u00a0\u00bb vers le sud, puis prenez le sentier \u00e0 gauche pr\u00e8s de l&rsquo;\u00e9difice rouge, qui vous m\u00e8nera \u00e0 travers un paysage de pampa aux teintes ocre, de for\u00eats et de zones humides, appel\u00e9es \u00ab\u00a0mallin\u00a0\u00bb en espagnol. Les contrastes de couleurs entre le sable, l&rsquo;herbe jaune, le bois sec, les rivi\u00e8res cristallines et les rochers offrent un tableau d&rsquo;une beaut\u00e9 fascinante.<\/p>\n\n\n\n<h3 class=\"wp-block-heading\" id=\"h-laguna-torre\">Laguna Torre<\/h3>\n\n\n\n<figure class=\"wp-block-image size-large\"><img loading=\"lazy\" decoding=\"async\" width=\"1024\" height=\"819\" src=\"https:\/\/endorfeen.com\/wp-content\/uploads\/2023\/05\/alain-bonnardeaux-btRotOdrklA-unsplash-1024x819.jpg\" alt=\"Laguna Torre - Fitz Roy\" class=\"wp-image-11133\" srcset=\"https:\/\/endorfeen.com\/wp-content\/uploads\/2023\/05\/alain-bonnardeaux-btRotOdrklA-unsplash-300x240.jpg 300w, https:\/\/endorfeen.com\/wp-content\/uploads\/2023\/05\/alain-bonnardeaux-btRotOdrklA-unsplash-768x614.jpg 768w, https:\/\/endorfeen.com\/wp-content\/uploads\/2023\/05\/alain-bonnardeaux-btRotOdrklA-unsplash-1024x819.jpg 1024w, https:\/\/endorfeen.com\/wp-content\/uploads\/2023\/05\/alain-bonnardeaux-btRotOdrklA-unsplash-1536x1229.jpg 1536w, https:\/\/endorfeen.com\/wp-content\/uploads\/2023\/05\/alain-bonnardeaux-btRotOdrklA-unsplash-scaled.jpg 2048w\" sizes=\"auto, (max-width: 1024px) 100vw, 1024px\" \/><figcaption class=\"wp-element-caption\">Laguna Torre &#8211; \u00a9 Alain Bonnardeaux, Unsplash<\/figcaption><\/figure>\n\n\n\n<p>Le trek vers la Laguna Torre est une autre p\u00e9pite de la Patagonie. Cette randonn\u00e9e de 21 \u00e0 24 km, avec un d\u00e9nivel\u00e9 de 650 m\u00e8tres, se r\u00e9alise en 6 \u00e0 7 heures. Le sentier commence \u00e0 1 km du centre d&rsquo;El Chalten et traverse une for\u00eat de lenguas, arbres typiques de la r\u00e9gion, avant d&rsquo;atteindre la rivi\u00e8re Fitz Roy et la cascade Margarita. La mont\u00e9e d&rsquo;une moraine abrupte vous m\u00e8ne au mirador du Cerro Torre, offrant une vue inoubliable sur le Cerro Torre et son c\u00e9l\u00e8bre \u00ab\u00a0champignon\u00a0\u00bb de neige, ainsi que sur le sommet du Fitz Roy.<\/p>\n\n\n\n<h3 class=\"wp-block-heading\" id=\"h-la-loma-del-pliegue-tumbado\">La Loma del Pliegue Tumbado<\/h3>\n\n\n\n<p>Enfin, l&rsquo;itin\u00e9raire de la Loma del Pliegue Tumbado est une randonn\u00e9e de 8 \u00e0 10 heures qui offre certaines des plus belles vues panoramiques de la r\u00e9gion. Cette aventure en pleine nature vous fera d\u00e9couvrir les tr\u00e9sors cach\u00e9s de cette partie de l&rsquo;Argentine, un paradis pour les amateurs de plein air.<\/p>\n\n\n\n<h2 class=\"wp-block-heading\" id=\"h-quoi-voir-dans-le-massif-du-fitz-roy\">Quoi voir dans le massif du Fitz Roy<\/h2>\n\n\n\n<h3 class=\"wp-block-heading\" id=\"h-campo-del-hielo-sur\">Campo del Hielo Sur<\/h3>\n\n\n\n<p>Le Campo del Hielo Sur, \u00e9galement connu sous le nom de \u00ab\u00a0Hielo Continental Patag\u00f3nico\u00a0\u00bb en Argentine et \u00ab\u00a0Campo de Hielo Sur\u00a0\u00bb au Chili, est un vaste champ de glace continental situ\u00e9 dans les Andes patagoniques, le long de la fronti\u00e8re argentino-chilienne. Il s&rsquo;agit de la troisi\u00e8me plus grande \u00e9tendue de glace au monde, apr\u00e8s l&rsquo;Antarctique et le Groenland, et la plus vaste de toutes les r\u00e9gions continentales non polaires qui peuvent \u00eatre atteintes par voie terrestre.<\/p>\n\n\n\n<p>Cette impressionnante \u00e9tendue de glace, qui s&rsquo;\u00e9tire sur une distance de 350 km du nord au sud, entre les latitudes 48\u00ba20&prime; S et 51\u00ba30&prime; S, couvre une superficie totale de 16 800 km\u00b2. La majeure partie de cette surface, soit 14 200 km\u00b2, se trouve du c\u00f4t\u00e9 chilien de la fronti\u00e8re, tandis que les 2 600 km\u00b2 restants appartiennent \u00e0 l&rsquo;Argentine. Les limites exactes de cette r\u00e9gion sont toujours en cours de d\u00e9limitation entre les deux pays, conform\u00e9ment \u00e0 un accord sign\u00e9 en 1998.<\/p>\n\n\n\n<p>Le Campo del Hielo Sur est \u00e0 l&rsquo;origine de 49 glaciers, parmi lesquels se trouvent certains des plus c\u00e9l\u00e8bres de la r\u00e9gion, tels que les glaciers Upsala (902 km\u00b2), Viedma (978 km\u00b2), Perito Moreno (258 km\u00b2) en Argentine, et Jorge Montt, P\u00edo XI (le plus grand de l&rsquo;h\u00e9misph\u00e8re sud en dehors de l&rsquo;Antarctique, avec 1265 km\u00b2), O&rsquo;Higgins, Bernardo, Tyndall, et Grey au Chili.<\/p>\n\n\n\n<p>De plus, une grande partie de ce champ de glace est prot\u00e9g\u00e9e, car elle fait partie de plusieurs parcs nationaux : les parcs Bernardo O&rsquo;Higgins et Torres del Paine au Chili, ainsi que le parc Los Glaciares en Argentine. Ces r\u00e9gions offrent aux visiteurs une occasion unique d&rsquo;explorer ce paysage spectaculaire et de d\u00e9couvrir l&rsquo;incroyable diversit\u00e9 de la vie sauvage qui s&rsquo;y trouve.<\/p>\n\n\n\n<h3 class=\"wp-block-heading\" id=\"h-glacier-de-viedma\">Glacier de Viedma<\/h3>\n\n\n\n<p>Nich\u00e9 entre l&rsquo;Argentine et le Chili, le glacier Viedma se distingue comme le deuxi\u00e8me plus grand glacier du parc national Los Glaciares, apr\u00e8s le glacier Upsala. En d\u00e9pit de son emplacement sur une fronti\u00e8re toujours en discussion, la majest\u00e9 de cette mer de glace est ind\u00e9niable.<\/p>\n\n\n\n<p>Le glacier, qui s&rsquo;\u00e9tend sur une superficie totale de 1 054 km\u00b2, est bord\u00e9 par un front de glace impressionnant qui plonge directement dans le lac Viedma, situ\u00e9 du c\u00f4t\u00e9 argentin. Ce mur de glace, qui s&rsquo;\u00e9l\u00e8ve \u00e0 50 m\u00e8tres de hauteur et s&rsquo;\u00e9tend sur 1 250 m\u00e8tres de large, est un spectacle v\u00e9ritablement fascinant pour ceux qui ont la chance de le voir de pr\u00e8s.<\/p>\n\n\n\n<p>Le glacier Viedma est aliment\u00e9 par le vaste champ de glace Sud de Patagonie et serpente entre le Cerro Huemul et le Cerro Campana, deux sommets majestueux des Andes patagoniques. \u00c0 son extr\u00e9mit\u00e9, le glacier agit comme un barrage naturel, retenant les eaux de ruissellement et formant un lac pittoresque.<\/p>\n\n\n\n<p>Un autre \u00e9l\u00e9ment intrigant du glacier Viedma r\u00e9side dans ce qui se trouve en dessous : le volcan Viedma. Sa derni\u00e8re \u00e9ruption remonte \u00e0 1988, un rappel puissant de l&rsquo;activit\u00e9 g\u00e9ologique sous-jacente dans cette r\u00e9gion d&rsquo;une beaut\u00e9 \u00e0 couper le souffle. Explorer le glacier Viedma est sans doute une aventure inoubliable pour tout amateur d&rsquo;outdoor.<\/p>\n\n\n\n<h3 class=\"wp-block-heading\" id=\"h-lac-del-desierto\">Lac del Desierto<\/h3>\n\n\n\n<p>Baptis\u00e9 Lac du D\u00e9sert ou Lago del Desierto, ce havre naturel est nich\u00e9 dans le d\u00e9partement de Lago Argentino, province de Santa Cruz, en Argentine. Situ\u00e9 \u00e0 proximit\u00e9 du majestueux Monte Fitz Roy et du lac O&rsquo;Higgins\/San Mart\u00edn, ce lieu est un v\u00e9ritable joyau cach\u00e9 de la Patagonie.<\/p>\n\n\n\n<p>Cependant, cette beaut\u00e9 naturelle a \u00e9t\u00e9 pendant de nombreuses ann\u00e9es le th\u00e9\u00e2tre d&rsquo;un conflit territorial entre l&rsquo;Argentine et le Chili. Cette dispute a atteint son paroxysme le 6 novembre 1965, lorsqu&rsquo;une escarmouche a \u00e9clat\u00e9 entre 40 \u00e0 90 membres de la gendarmerie argentine et quatre carabiniers chiliens. Cette confrontation malheureuse a entra\u00een\u00e9 la mort d&rsquo;un lieutenant et la blessure d&rsquo;un sergent.<\/p>\n\n\n\n<p>Finalement, apr\u00e8s des ann\u00e9es de tensions, la dispute a \u00e9t\u00e9 r\u00e9solue en faveur de l&rsquo;Argentine en 1994 par un arbitrage international. Aujourd&rsquo;hui, le lac est un paradis pour les amateurs de plein air, offrant une tranquillit\u00e9 sereine et une vue imprenable sur le paysage montagneux environnant. Un arr\u00eat au Lac du D\u00e9sert est certainement un incontournable pour quiconque visite le massif du Fitz Roy.<\/p>\n\n\n\n<h2 class=\"wp-block-heading\" id=\"h-votre-aventure-vers-le-fitz-roy-commence-ici\">Votre aventure vers le Fitz Roy commence ici<\/h2>\n\n\n\n<p>L&rsquo;adorable bourgade d&rsquo;El Chalt\u00e9n est votre point de d\u00e9part vers le magnifique Mont Fitz Roy.<\/p>\n\n\n\n<h3 class=\"wp-block-heading\" id=\"h-par-les-airs\">Par les airs<\/h3>\n\n\n\n<p>Commencez votre voyage avec un vol international jusqu&rsquo;\u00e0 la vibrante Buenos Aires, puis embarquez pour un vol domestique \u00e0 destination d&rsquo;El Calafate. De l\u00e0, empruntez la mythique Route 40 en bus, en taxi ou avec une voiture de location pour vous immerger dans la splendeur d&rsquo;El Chalt\u00e9n.<\/p>\n\n\n\n<h3 class=\"wp-block-heading\" id=\"h-par-la-route\"><strong>Par la route<\/strong><\/h3>\n\n\n\n<p>Si vous arrivez du Sud ou du Nord, pr\u00e9parez-vous \u00e0 un trajet pittoresque sur la Route Nationale (RN) n\u00b040 (215 km), suivie de la Route Provinciale (RP) n\u00b023. En provenance de l&rsquo;Est, vous parcourrez un m\u00e9lange de RP n\u00b03, n\u00b0288, n\u00b040 et n\u00b023.<\/p>\n\n\n\n<h3 class=\"wp-block-heading\" id=\"h-en-bus\"><strong>En bus<\/strong><\/h3>\n\n\n\n<p>Pour ceux qui partent d&rsquo;El Calafate, plusieurs bus quotidiens vous conduiront directement au pied du Fitz Roy en environ trois heures.<\/p>\n\n\n\n<p>Si vous arrivez de Bariloche ou du Nord, prenez place \u00e0 bord d&rsquo;un bus traversant la l\u00e9gendaire Ruta 40, la route iconique des Andes argentines. Pr\u00e9parez-vous \u00e0 une travers\u00e9e \u00e9pique de 10 \u00e0 12 heures.<\/p>\n\n\n\n<p>\u00c0 votre arriv\u00e9e, vous trouverez le terminal de bus d&rsquo;El Chalt\u00e9n id\u00e9alement situ\u00e9 \u00e0 l&rsquo;extr\u00e9mit\u00e9 sud du village, juste avant le pont.<\/p>\n\n\n\n<h2 class=\"wp-block-heading\" id=\"h-pret-pour-l-aventure\">Pr\u00eat pour l&rsquo;aventure ?<\/h2>\n\n\n\n<p>Le Fitz Roy, imposant monolithe granitique et v\u00e9ritable ic\u00f4ne de la Patagonie, ne cesse d&rsquo;inspirer l&rsquo;\u00e9merveillement. Avec ses voies d&rsquo;escalade d\u00e9fiantes et ses sentiers de randonn\u00e9e offrant des panoramas \u00e0 couper le souffle, il attire les amoureux de la nature et les aventuriers du monde entier. Du Campo de Hielo Sur, qui \u00e9tend ses glaciers aux pieds du Fitz Roy, jusqu&rsquo;au lac du D\u00e9sert, joyau serti dans un \u00e9crin de montagnes, chaque angle de vue, chaque point de d\u00e9part offre une nouvelle perspective, une nouvelle aventure \u00e0 vivre.<\/p>\n\n\n\n<p>C&rsquo;est un lieu o\u00f9 le pass\u00e9 et le pr\u00e9sent se rencontrent, o\u00f9 les l\u00e9gendes des peuples indig\u00e8nes se m\u00ealent \u00e0 l&rsquo;histoire de l&rsquo;exploration moderne. Les randonneurs suivent les traces laiss\u00e9es par les pionniers du pass\u00e9, chaque pas en avant \u00e9tant un hommage \u00e0 ceux qui ont brav\u00e9 les \u00e9l\u00e9ments pour r\u00e9v\u00e9ler la beaut\u00e9 sauvage de cette r\u00e9gion.<\/p>\n\n\n\n<p>L&rsquo;arriv\u00e9e \u00e0 El Chalt\u00e9n, ce village de montagne qui sert de porte d&rsquo;entr\u00e9e au mont Fitz Roy, sonne comme une invitation \u00e0 l&rsquo;aventure. Que ce soit en avion, en voiture ou en bus, le voyage pour atteindre ce lieu magique fait partie int\u00e9grante de l&rsquo;exp\u00e9rience.<\/p>\n\n\n\n<p>Le Fitz Roy vous attend. Il invite tous les esprits aventuriers \u00e0 venir d\u00e9fier ses pentes, \u00e0 explorer ses sentiers, \u00e0 admirer ses paysages \u00e0 couper le souffle. Pr\u00e9parez-vous, prenez vos chaussures de randonn\u00e9e, vos \u00e9quipements d&rsquo;escalade et votre appareil photo. Le Fitz Roy est pr\u00eat \u00e0 vous offrir l&rsquo;aventure d&rsquo;une vie.<\/p>\n\n\n\n<p>Alors, \u00eates-vous pr\u00eat \u00e0 r\u00e9pondre \u00e0 son appel ?<\/p>\n","protected":false},"excerpt":{"rendered":"<p>Le cerro Fitz Roy, \u00e9galement connu sous le nom de cerro Chalt\u00e9n, est une montagne situ\u00e9e pr\u00e8s du village d&rsquo;El Chalt\u00e9n, en Patagonie, \u00e0 la fronti\u00e8re entre l&rsquo;Argentine et le Chili. Le Fitz Roy se trouve dans la province de Santa Cruz (Argentine) et dans la r\u00e9gion de Magallanes et de l&rsquo;Antarctique chilien (Chili). Il &hellip;<\/p>\n","protected":false},"author":30,"featured_media":11112,"comment_status":"open","ping_status":"open","sticky":false,"template":"","format":"standard","meta":{"_acf_changed":false,"_genesis_hide_title":false,"_genesis_hide_breadcrumbs":false,"_genesis_hide_singular_image":false,"_genesis_hide_footer_widgets":false,"_genesis_custom_body_class":"","_genesis_custom_post_class":"","_genesis_layout":"","footnotes":""},"categories":[156,606],"tags":[619,758,640,661,161,174],"sponsor":[1087],"class_list":{"2":"type-post","7":"category-lieux","8":"category-montagnes","9":"tag-alpinisme","10":"tag-fitzroy","11":"tag-glacier-fr","12":"tag-grandevoie","13":"tag-histoire","14":"tag-randonnee","15":"sponsor-endorfeen","16":"entry"},"yoast_head":"<!-- This site is optimized with the Yoast SEO Premium plugin v26.2 (Yoast SEO v26.2) - https:\/\/yoast.com\/wordpress\/plugins\/seo\/ -->\n<title>Le Fitz Roy : \u00c9pop\u00e9e de Granit et de Glace en Patagonie - endorfeen<\/title>\n<meta name=\"description\" content=\"Le cerro Fitz Roy, \u00e9galement connu sous le nom de cerro Chalt\u00e9n, est une montagne situ\u00e9e pr\u00e8s du village d&#039;El Chalt\u00e9n...\" \/>\n<meta name=\"robots\" content=\"index, follow, max-snippet:-1, max-image-preview:large, max-video-preview:-1\" \/>\n<link rel=\"canonical\" href=\"https:\/\/endorfeen.com\/fr\/le-fitz-roy-epopee-de-granit-et-de-glace-en-patagonie\/\" \/>\n<meta property=\"og:locale\" content=\"fr_FR\" \/>\n<meta property=\"og:type\" content=\"article\" \/>\n<meta property=\"og:title\" content=\"Le Fitz Roy : \u00c9pop\u00e9e de Granit et de Glace en Patagonie\" \/>\n<meta property=\"og:description\" content=\"Le cerro Fitz Roy, \u00e9galement connu sous le nom de cerro Chalt\u00e9n, est une montagne situ\u00e9e pr\u00e8s du village d&#039;El Chalt\u00e9n...\" \/>\n<meta property=\"og:url\" content=\"https:\/\/endorfeen.com\/fr\/le-fitz-roy-epopee-de-granit-et-de-glace-en-patagonie\/\" \/>\n<meta property=\"og:site_name\" content=\"endorfeen\" \/>\n<meta property=\"article:author\" content=\"http:\/\/www.facebook.com\/endorfeen-583261049007200\" \/>\n<meta property=\"article:published_time\" content=\"2023-05-16T07:44:00+00:00\" \/>\n<meta property=\"article:modified_time\" content=\"2023-08-18T10:01:43+00:00\" \/>\n<meta property=\"og:image\" content=\"https:\/\/endorfeen.com\/wp-content\/uploads\/2023\/05\/andrew-svk-150fZ07GQqs-unsplash-scaled.jpg\" \/>\n\t<meta property=\"og:image:width\" content=\"2560\" \/>\n\t<meta property=\"og:image:height\" content=\"1707\" \/>\n\t<meta property=\"og:image:type\" content=\"image\/jpeg\" \/>\n<meta name=\"author\" content=\"Thomas Viguier\" \/>\n<meta name=\"twitter:card\" content=\"summary_large_image\" \/>\n<meta name=\"twitter:creator\" content=\"@https:\/\/twitter.com\/endorfeen_\" \/>\n<meta name=\"twitter:label1\" content=\"\u00c9crit par\" \/>\n\t<meta name=\"twitter:data1\" content=\"Thomas Viguier\" \/>\n\t<meta name=\"twitter:label2\" content=\"Dur\u00e9e de lecture estim\u00e9e\" \/>\n\t<meta name=\"twitter:data2\" content=\"23 minutes\" \/>\n<script type=\"application\/ld+json\" class=\"yoast-schema-graph\">{\"@context\":\"https:\/\/schema.org\",\"@graph\":[{\"@type\":\"Article\",\"@id\":\"https:\/\/endorfeen.com\/fr\/le-fitz-roy-epopee-de-granit-et-de-glace-en-patagonie\/#article\",\"isPartOf\":{\"@id\":\"https:\/\/endorfeen.com\/fr\/le-fitz-roy-epopee-de-granit-et-de-glace-en-patagonie\/\"},\"author\":{\"name\":\"Thomas Viguier\",\"@id\":\"https:\/\/endorfeen.com\/fr\/#\/schema\/person\/76a61f8eb41d36fffdec1b376fcf19aa\"},\"headline\":\"Le Fitz Roy : \u00c9pop\u00e9e de Granit et de Glace en Patagonie\",\"datePublished\":\"2023-05-16T07:44:00+00:00\",\"dateModified\":\"2023-08-18T10:01:43+00:00\",\"mainEntityOfPage\":{\"@id\":\"https:\/\/endorfeen.com\/fr\/le-fitz-roy-epopee-de-granit-et-de-glace-en-patagonie\/\"},\"wordCount\":5137,\"commentCount\":0,\"publisher\":{\"@id\":\"https:\/\/endorfeen.com\/fr\/#organization\"},\"image\":{\"@id\":\"https:\/\/endorfeen.com\/fr\/le-fitz-roy-epopee-de-granit-et-de-glace-en-patagonie\/#primaryimage\"},\"thumbnailUrl\":\"https:\/\/endorfeen.com\/wp-content\/uploads\/2023\/05\/andrew-svk-150fZ07GQqs-unsplash-scaled.jpg\",\"keywords\":[\"#Alpinisme\",\"#FitzRoy\",\"#Glacier\",\"#GrandeVoie\",\"#histoire\",\"#randonn\u00e9e\"],\"articleSection\":[\"Lieux\",\"Montagnes\"],\"inLanguage\":\"fr-FR\",\"potentialAction\":[{\"@type\":\"CommentAction\",\"name\":\"Comment\",\"target\":[\"https:\/\/endorfeen.com\/fr\/le-fitz-roy-epopee-de-granit-et-de-glace-en-patagonie\/#respond\"]}]},{\"@type\":\"WebPage\",\"@id\":\"https:\/\/endorfeen.com\/fr\/le-fitz-roy-epopee-de-granit-et-de-glace-en-patagonie\/\",\"url\":\"https:\/\/endorfeen.com\/fr\/le-fitz-roy-epopee-de-granit-et-de-glace-en-patagonie\/\",\"name\":\"Le Fitz Roy : \u00c9pop\u00e9e de Granit et de Glace en Patagonie - endorfeen\",\"isPartOf\":{\"@id\":\"https:\/\/endorfeen.com\/fr\/#website\"},\"primaryImageOfPage\":{\"@id\":\"https:\/\/endorfeen.com\/fr\/le-fitz-roy-epopee-de-granit-et-de-glace-en-patagonie\/#primaryimage\"},\"image\":{\"@id\":\"https:\/\/endorfeen.com\/fr\/le-fitz-roy-epopee-de-granit-et-de-glace-en-patagonie\/#primaryimage\"},\"thumbnailUrl\":\"https:\/\/endorfeen.com\/wp-content\/uploads\/2023\/05\/andrew-svk-150fZ07GQqs-unsplash-scaled.jpg\",\"datePublished\":\"2023-05-16T07:44:00+00:00\",\"dateModified\":\"2023-08-18T10:01:43+00:00\",\"description\":\"Le cerro Fitz Roy, \u00e9galement connu sous le nom de cerro Chalt\u00e9n, est une montagne situ\u00e9e pr\u00e8s du village d'El Chalt\u00e9n...\",\"breadcrumb\":{\"@id\":\"https:\/\/endorfeen.com\/fr\/le-fitz-roy-epopee-de-granit-et-de-glace-en-patagonie\/#breadcrumb\"},\"inLanguage\":\"fr-FR\",\"potentialAction\":[{\"@type\":\"ReadAction\",\"target\":[\"https:\/\/endorfeen.com\/fr\/le-fitz-roy-epopee-de-granit-et-de-glace-en-patagonie\/\"]}]},{\"@type\":\"ImageObject\",\"inLanguage\":\"fr-FR\",\"@id\":\"https:\/\/endorfeen.com\/fr\/le-fitz-roy-epopee-de-granit-et-de-glace-en-patagonie\/#primaryimage\",\"url\":\"https:\/\/endorfeen.com\/wp-content\/uploads\/2023\/05\/andrew-svk-150fZ07GQqs-unsplash-scaled.jpg\",\"contentUrl\":\"https:\/\/endorfeen.com\/wp-content\/uploads\/2023\/05\/andrew-svk-150fZ07GQqs-unsplash-scaled.jpg\",\"width\":2048,\"height\":1366,\"caption\":\"\u00a9 Andrew Svk, Unsplash\"},{\"@type\":\"BreadcrumbList\",\"@id\":\"https:\/\/endorfeen.com\/fr\/le-fitz-roy-epopee-de-granit-et-de-glace-en-patagonie\/#breadcrumb\",\"itemListElement\":[{\"@type\":\"ListItem\",\"position\":1,\"name\":\"Home\",\"item\":\"https:\/\/endorfeen.com\/fr\/\"},{\"@type\":\"ListItem\",\"position\":2,\"name\":\"Le Fitz Roy : \u00c9pop\u00e9e de Granit et de Glace en Patagonie\"}]},{\"@type\":\"WebSite\",\"@id\":\"https:\/\/endorfeen.com\/fr\/#website\",\"url\":\"https:\/\/endorfeen.com\/fr\/\",\"name\":\"endorfeen\",\"description\":\"The Media For Sustainable Outdoors.\",\"publisher\":{\"@id\":\"https:\/\/endorfeen.com\/fr\/#organization\"},\"potentialAction\":[{\"@type\":\"SearchAction\",\"target\":{\"@type\":\"EntryPoint\",\"urlTemplate\":\"https:\/\/endorfeen.com\/fr\/?s={search_term_string}\"},\"query-input\":{\"@type\":\"PropertyValueSpecification\",\"valueRequired\":true,\"valueName\":\"search_term_string\"}}],\"inLanguage\":\"fr-FR\"},{\"@type\":\"Organization\",\"@id\":\"https:\/\/endorfeen.com\/fr\/#organization\",\"name\":\"endorfeen\",\"url\":\"https:\/\/endorfeen.com\/fr\/\",\"logo\":{\"@type\":\"ImageObject\",\"inLanguage\":\"fr-FR\",\"@id\":\"https:\/\/endorfeen.com\/fr\/#\/schema\/logo\/image\/\",\"url\":\"https:\/\/endorfeen.com\/wp-content\/uploads\/2022\/06\/Circle-endorfeen-site-icon-circled-1000-x-1000-300psi.png\",\"contentUrl\":\"https:\/\/endorfeen.com\/wp-content\/uploads\/2022\/06\/Circle-endorfeen-site-icon-circled-1000-x-1000-300psi.png\",\"width\":1000,\"height\":1000,\"caption\":\"endorfeen\"},\"image\":{\"@id\":\"https:\/\/endorfeen.com\/fr\/#\/schema\/logo\/image\/\"}},{\"@type\":\"Person\",\"@id\":\"https:\/\/endorfeen.com\/fr\/#\/schema\/person\/76a61f8eb41d36fffdec1b376fcf19aa\",\"name\":\"Thomas Viguier\",\"image\":{\"@type\":\"ImageObject\",\"inLanguage\":\"fr-FR\",\"@id\":\"https:\/\/endorfeen.com\/fr\/#\/schema\/person\/image\/\",\"url\":\"https:\/\/secure.gravatar.com\/avatar\/3c24e541f6f82c052219429c60a8948b1c9ad8eda6daf26af0a100594146ab1a?s=96&d=mm&r=g\",\"contentUrl\":\"https:\/\/secure.gravatar.com\/avatar\/3c24e541f6f82c052219429c60a8948b1c9ad8eda6daf26af0a100594146ab1a?s=96&d=mm&r=g\",\"caption\":\"Thomas Viguier\"},\"description\":\"Everyone has a story to tell. endorfeen is built as a collaborative platform, giving the voice to anyone with a story to tell. If you have things you want to share, register here.\",\"sameAs\":[\"https:\/\/www.endorfeen.com\/\",\"http:\/\/www.facebook.com\/endorfeen-583261049007200\",\"http:\/\/www.instagram.com\/endorfeen_\/\",\"https:\/\/fi.pinterest.com\/endorfeen_\/\",\"https:\/\/x.com\/https:\/\/twitter.com\/endorfeen_\"],\"url\":\"https:\/\/endorfeen.com\/fr\/linkto\/endorfeen-mag\/\"}]}<\/script>\n<!-- \/ Yoast SEO Premium plugin. -->","yoast_head_json":{"title":"Le Fitz Roy : \u00c9pop\u00e9e de Granit et de Glace en Patagonie - endorfeen","description":"Le cerro Fitz Roy, \u00e9galement connu sous le nom de cerro Chalt\u00e9n, est une montagne situ\u00e9e pr\u00e8s du village d'El Chalt\u00e9n...","robots":{"index":"index","follow":"follow","max-snippet":"max-snippet:-1","max-image-preview":"max-image-preview:large","max-video-preview":"max-video-preview:-1"},"canonical":"https:\/\/endorfeen.com\/fr\/le-fitz-roy-epopee-de-granit-et-de-glace-en-patagonie\/","og_locale":"fr_FR","og_type":"article","og_title":"Le Fitz Roy : \u00c9pop\u00e9e de Granit et de Glace en Patagonie","og_description":"Le cerro Fitz Roy, \u00e9galement connu sous le nom de cerro Chalt\u00e9n, est une montagne situ\u00e9e pr\u00e8s du village d'El Chalt\u00e9n...","og_url":"https:\/\/endorfeen.com\/fr\/le-fitz-roy-epopee-de-granit-et-de-glace-en-patagonie\/","og_site_name":"endorfeen","article_author":"http:\/\/www.facebook.com\/endorfeen-583261049007200","article_published_time":"2023-05-16T07:44:00+00:00","article_modified_time":"2023-08-18T10:01:43+00:00","og_image":[{"width":2560,"height":1707,"url":"https:\/\/endorfeen.com\/wp-content\/uploads\/2023\/05\/andrew-svk-150fZ07GQqs-unsplash-scaled.jpg","type":"image\/jpeg"}],"author":"Thomas Viguier","twitter_card":"summary_large_image","twitter_creator":"@https:\/\/twitter.com\/endorfeen_","twitter_misc":{"\u00c9crit par":"Thomas Viguier","Dur\u00e9e de lecture estim\u00e9e":"23 minutes"},"schema":{"@context":"https:\/\/schema.org","@graph":[{"@type":"Article","@id":"https:\/\/endorfeen.com\/fr\/le-fitz-roy-epopee-de-granit-et-de-glace-en-patagonie\/#article","isPartOf":{"@id":"https:\/\/endorfeen.com\/fr\/le-fitz-roy-epopee-de-granit-et-de-glace-en-patagonie\/"},"author":{"name":"Thomas Viguier","@id":"https:\/\/endorfeen.com\/fr\/#\/schema\/person\/76a61f8eb41d36fffdec1b376fcf19aa"},"headline":"Le Fitz Roy : \u00c9pop\u00e9e de Granit et de Glace en Patagonie","datePublished":"2023-05-16T07:44:00+00:00","dateModified":"2023-08-18T10:01:43+00:00","mainEntityOfPage":{"@id":"https:\/\/endorfeen.com\/fr\/le-fitz-roy-epopee-de-granit-et-de-glace-en-patagonie\/"},"wordCount":5137,"commentCount":0,"publisher":{"@id":"https:\/\/endorfeen.com\/fr\/#organization"},"image":{"@id":"https:\/\/endorfeen.com\/fr\/le-fitz-roy-epopee-de-granit-et-de-glace-en-patagonie\/#primaryimage"},"thumbnailUrl":"https:\/\/endorfeen.com\/wp-content\/uploads\/2023\/05\/andrew-svk-150fZ07GQqs-unsplash-scaled.jpg","keywords":["#Alpinisme","#FitzRoy","#Glacier","#GrandeVoie","#histoire","#randonn\u00e9e"],"articleSection":["Lieux","Montagnes"],"inLanguage":"fr-FR","potentialAction":[{"@type":"CommentAction","name":"Comment","target":["https:\/\/endorfeen.com\/fr\/le-fitz-roy-epopee-de-granit-et-de-glace-en-patagonie\/#respond"]}]},{"@type":"WebPage","@id":"https:\/\/endorfeen.com\/fr\/le-fitz-roy-epopee-de-granit-et-de-glace-en-patagonie\/","url":"https:\/\/endorfeen.com\/fr\/le-fitz-roy-epopee-de-granit-et-de-glace-en-patagonie\/","name":"Le Fitz Roy : \u00c9pop\u00e9e de Granit et de Glace en Patagonie - endorfeen","isPartOf":{"@id":"https:\/\/endorfeen.com\/fr\/#website"},"primaryImageOfPage":{"@id":"https:\/\/endorfeen.com\/fr\/le-fitz-roy-epopee-de-granit-et-de-glace-en-patagonie\/#primaryimage"},"image":{"@id":"https:\/\/endorfeen.com\/fr\/le-fitz-roy-epopee-de-granit-et-de-glace-en-patagonie\/#primaryimage"},"thumbnailUrl":"https:\/\/endorfeen.com\/wp-content\/uploads\/2023\/05\/andrew-svk-150fZ07GQqs-unsplash-scaled.jpg","datePublished":"2023-05-16T07:44:00+00:00","dateModified":"2023-08-18T10:01:43+00:00","description":"Le cerro Fitz Roy, \u00e9galement connu sous le nom de cerro Chalt\u00e9n, est une montagne situ\u00e9e pr\u00e8s du village d'El Chalt\u00e9n...","breadcrumb":{"@id":"https:\/\/endorfeen.com\/fr\/le-fitz-roy-epopee-de-granit-et-de-glace-en-patagonie\/#breadcrumb"},"inLanguage":"fr-FR","potentialAction":[{"@type":"ReadAction","target":["https:\/\/endorfeen.com\/fr\/le-fitz-roy-epopee-de-granit-et-de-glace-en-patagonie\/"]}]},{"@type":"ImageObject","inLanguage":"fr-FR","@id":"https:\/\/endorfeen.com\/fr\/le-fitz-roy-epopee-de-granit-et-de-glace-en-patagonie\/#primaryimage","url":"https:\/\/endorfeen.com\/wp-content\/uploads\/2023\/05\/andrew-svk-150fZ07GQqs-unsplash-scaled.jpg","contentUrl":"https:\/\/endorfeen.com\/wp-content\/uploads\/2023\/05\/andrew-svk-150fZ07GQqs-unsplash-scaled.jpg","width":2048,"height":1366,"caption":"\u00a9 Andrew Svk, Unsplash"},{"@type":"BreadcrumbList","@id":"https:\/\/endorfeen.com\/fr\/le-fitz-roy-epopee-de-granit-et-de-glace-en-patagonie\/#breadcrumb","itemListElement":[{"@type":"ListItem","position":1,"name":"Home","item":"https:\/\/endorfeen.com\/fr\/"},{"@type":"ListItem","position":2,"name":"Le Fitz Roy : \u00c9pop\u00e9e de Granit et de Glace en Patagonie"}]},{"@type":"WebSite","@id":"https:\/\/endorfeen.com\/fr\/#website","url":"https:\/\/endorfeen.com\/fr\/","name":"endorfeen","description":"The Media For Sustainable Outdoors.","publisher":{"@id":"https:\/\/endorfeen.com\/fr\/#organization"},"potentialAction":[{"@type":"SearchAction","target":{"@type":"EntryPoint","urlTemplate":"https:\/\/endorfeen.com\/fr\/?s={search_term_string}"},"query-input":{"@type":"PropertyValueSpecification","valueRequired":true,"valueName":"search_term_string"}}],"inLanguage":"fr-FR"},{"@type":"Organization","@id":"https:\/\/endorfeen.com\/fr\/#organization","name":"endorfeen","url":"https:\/\/endorfeen.com\/fr\/","logo":{"@type":"ImageObject","inLanguage":"fr-FR","@id":"https:\/\/endorfeen.com\/fr\/#\/schema\/logo\/image\/","url":"https:\/\/endorfeen.com\/wp-content\/uploads\/2022\/06\/Circle-endorfeen-site-icon-circled-1000-x-1000-300psi.png","contentUrl":"https:\/\/endorfeen.com\/wp-content\/uploads\/2022\/06\/Circle-endorfeen-site-icon-circled-1000-x-1000-300psi.png","width":1000,"height":1000,"caption":"endorfeen"},"image":{"@id":"https:\/\/endorfeen.com\/fr\/#\/schema\/logo\/image\/"}},{"@type":"Person","@id":"https:\/\/endorfeen.com\/fr\/#\/schema\/person\/76a61f8eb41d36fffdec1b376fcf19aa","name":"Thomas Viguier","image":{"@type":"ImageObject","inLanguage":"fr-FR","@id":"https:\/\/endorfeen.com\/fr\/#\/schema\/person\/image\/","url":"https:\/\/secure.gravatar.com\/avatar\/3c24e541f6f82c052219429c60a8948b1c9ad8eda6daf26af0a100594146ab1a?s=96&d=mm&r=g","contentUrl":"https:\/\/secure.gravatar.com\/avatar\/3c24e541f6f82c052219429c60a8948b1c9ad8eda6daf26af0a100594146ab1a?s=96&d=mm&r=g","caption":"Thomas Viguier"},"description":"Everyone has a story to tell. endorfeen is built as a collaborative platform, giving the voice to anyone with a story to tell. If you have things you want to share, register here.","sameAs":["https:\/\/www.endorfeen.com\/","http:\/\/www.facebook.com\/endorfeen-583261049007200","http:\/\/www.instagram.com\/endorfeen_\/","https:\/\/fi.pinterest.com\/endorfeen_\/","https:\/\/x.com\/https:\/\/twitter.com\/endorfeen_"],"url":"https:\/\/endorfeen.com\/fr\/linkto\/endorfeen-mag\/"}]}},"featured_image_src":"https:\/\/endorfeen.com\/wp-content\/uploads\/2023\/05\/andrew-svk-150fZ07GQqs-unsplash-600x400.jpg","featured_image_src_square":"https:\/\/endorfeen.com\/wp-content\/uploads\/2023\/05\/andrew-svk-150fZ07GQqs-unsplash-600x600.jpg","author_info":{"display_name":"Thomas Viguier","author_link":"https:\/\/endorfeen.com\/fr\/linkto\/endorfeen-mag\/"},"acf":[],"_links":{"self":[{"href":"https:\/\/endorfeen.com\/fr\/wp-json\/wp\/v2\/posts\/11111","targetHints":{"allow":["GET"]}}],"collection":[{"href":"https:\/\/endorfeen.com\/fr\/wp-json\/wp\/v2\/posts"}],"about":[{"href":"https:\/\/endorfeen.com\/fr\/wp-json\/wp\/v2\/types\/post"}],"author":[{"embeddable":true,"href":"https:\/\/endorfeen.com\/fr\/wp-json\/wp\/v2\/users\/30"}],"replies":[{"embeddable":true,"href":"https:\/\/endorfeen.com\/fr\/wp-json\/wp\/v2\/comments?post=11111"}],"version-history":[{"count":0,"href":"https:\/\/endorfeen.com\/fr\/wp-json\/wp\/v2\/posts\/11111\/revisions"}],"wp:featuredmedia":[{"embeddable":true,"href":"https:\/\/endorfeen.com\/fr\/wp-json\/wp\/v2\/media\/11112"}],"wp:attachment":[{"href":"https:\/\/endorfeen.com\/fr\/wp-json\/wp\/v2\/media?parent=11111"}],"wp:term":[{"taxonomy":"category","embeddable":true,"href":"https:\/\/endorfeen.com\/fr\/wp-json\/wp\/v2\/categories?post=11111"},{"taxonomy":"post_tag","embeddable":true,"href":"https:\/\/endorfeen.com\/fr\/wp-json\/wp\/v2\/tags?post=11111"},{"taxonomy":"sponsor","embeddable":true,"href":"https:\/\/endorfeen.com\/fr\/wp-json\/wp\/v2\/sponsor?post=11111"}],"curies":[{"name":"wp","href":"https:\/\/api.w.org\/{rel}","templated":true}]}}