{"id":11043,"date":"2023-05-11T08:00:00","date_gmt":"2023-05-11T07:00:00","guid":{"rendered":"https:\/\/endorfeen.com\/?p=11043"},"modified":"2023-08-18T11:01:44","modified_gmt":"2023-08-18T10:01:44","slug":"annapurna-une-montagne-legendaire","status":"publish","type":"post","link":"https:\/\/endorfeen.com\/fr\/annapurna-une-montagne-legendaire\/","title":{"rendered":"Annapurna : une montagne l\u00e9gendaire"},"content":{"rendered":"\n<p>L&rsquo;Annapurna est un massif montagneux compos\u00e9 de six sommets remarquables, S&rsquo;\u00e9levant majestueusement au c\u0153ur de l&rsquo;Himalaya n\u00e9palais. Son point culminant, l&rsquo;Annapurna I, atteint 8 091 m\u00e8tres d&rsquo;altitude, pla\u00e7ant cette montagne au rang de dixi\u00e8me plus haut sommet de notre plan\u00e8te.<\/p>\n\n\n\n<p>\u00c9crit en devanagari comme \u0905\u0928\u094d\u0928\u092a\u0942\u0930\u094d\u0923\u093e, Annap\u016br\u1e47a est un toponyme d&rsquo;origine sanskrite, n\u00e9palaise et nepalbhasha. Il se compose de deux \u00e9l\u00e9ments : anna, signifiant \u00ab\u00a0nourriture\u00a0\u00bb, et p\u016br\u1e47a, d\u00e9signant la \u00ab\u00a0m\u00e8re\u00a0\u00bb. Ainsi, le nom Annap\u016br\u1e47a \u00e9voque la \u00ab\u00a0m\u00e8re nourrici\u00e8re\u00a0\u00bb ou la \u00ab\u00a0m\u00e8re de la pl\u00e9nitude\u00a0\u00bb.<\/p>\n\n\n\n<p>Ce massif embl\u00e9matique est \u00e9galement li\u00e9 \u00e0 la d\u00e9esse Parvati, surnomm\u00e9e la \u00ab\u00a0femme de la montagne\u00a0\u00bb. Dans les r\u00e9cits mythologiques, elle est souvent associ\u00e9e \u00e0 la protection et \u00e0 l&rsquo;abondance, refl\u00e9tant ainsi le r\u00f4le nourricier et bienveillant de l&rsquo;Annapurna dans la vie des populations locales.<\/p>\n\n\n\n<h2 class=\"wp-block-heading\" id=\"h-au-coeur-de-l-himalaya-le-majestueux-massif-de-l-annapurna\">Au coeur de l&rsquo;Himalaya : le majestueux massif de l&rsquo;Annapurna<\/h2>\n\n\n\n<p>Nich\u00e9 au c\u0153ur de l&rsquo;Himalaya et du N\u00e9pal, l&rsquo;Annapurna se dresse majestueusement au nord-ouest de Katmandou. Situ\u00e9 entre le Dhaulagiri \u00e0 l&rsquo;ouest et le Manaslu \u00e0 l&rsquo;est, il se d\u00e9ploie au sud du Mustang.<\/p>\n\n\n\n<p>Ses fronti\u00e8res naturelles sont d\u00e9limit\u00e9es par le col Thorong et les vall\u00e9es de la Thorong Khola et de la Marsyangdi Khola au nord et \u00e0 l&rsquo;est, tandis qu&rsquo;au sud s&rsquo;\u00e9tendent de vastes vall\u00e9es abritant notamment la ville de Pokhara. \u00c0 l&rsquo;ouest, la vall\u00e9e de la Gandaki vient compl\u00e9ter ce panorama enchanteur.<\/p>\n\n\n\n<figure class=\"wp-block-image size-large\"><img loading=\"lazy\" decoding=\"async\" width=\"1024\" height=\"683\" src=\"https:\/\/endorfeen.com\/wp-content\/uploads\/2023\/05\/samrat-khadka-d_Rndy4mnJY-unsplash-1024x683.jpg\" alt=\"Annapurna\" class=\"wp-image-11059\" srcset=\"https:\/\/endorfeen.com\/wp-content\/uploads\/2023\/05\/samrat-khadka-d_Rndy4mnJY-unsplash-300x200.jpg 300w, https:\/\/endorfeen.com\/wp-content\/uploads\/2023\/05\/samrat-khadka-d_Rndy4mnJY-unsplash-600x400.jpg 600w, https:\/\/endorfeen.com\/wp-content\/uploads\/2023\/05\/samrat-khadka-d_Rndy4mnJY-unsplash-768x512.jpg 768w, https:\/\/endorfeen.com\/wp-content\/uploads\/2023\/05\/samrat-khadka-d_Rndy4mnJY-unsplash-1024x683.jpg 1024w, https:\/\/endorfeen.com\/wp-content\/uploads\/2023\/05\/samrat-khadka-d_Rndy4mnJY-unsplash-1536x1024.jpg 1536w, https:\/\/endorfeen.com\/wp-content\/uploads\/2023\/05\/samrat-khadka-d_Rndy4mnJY-unsplash-scaled.jpg 2048w\" sizes=\"auto, (max-width: 1024px) 100vw, 1024px\" \/><figcaption class=\"wp-element-caption\">Morning view of Annapurna range from Poonhill &#8211; \u00ae Samrat Khadka, Unsplash<\/figcaption><\/figure>\n\n\n\n<p>Le massif de l&rsquo;Annapurna est parsem\u00e9 de multiples cr\u00eates, sur lesquelles se dressent fi\u00e8rement les sommets les plus \u00e9lev\u00e9s. La cr\u00eate principale, l&rsquo;Annapurna Himal, rassemble les imposants Annapurna I (8 091 m), II (7 937 m), III (7 555 m), IV (7 525 m) et Sud (7 219 m), ainsi que le Bahara Shikhar (7 647 m), le Khangsar Kang (7 485 m), le Gangapurna (7 454 m), le Lamjung Himal (6 983 m), le Gandharba Chuli (6 248 m) et le Machapuchare (6 993 m).<\/p>\n\n\n\n<p>Depuis le Khangsar Kang, la cr\u00eate de la Grande Barri\u00e8re s&rsquo;\u00e9tend vers le nord-ouest, menant au pic Tilicho (7 134 m) o\u00f9 elle se divise en deux : le Nilgiri Himal, qui s&rsquo;\u00e9tire vers le sud-ouest et abrite les sommets Nilgiri Nord (7 062 m), Central (6 940 m) et Sud (6 839 m), et le Muktinath Himal, qui se prolonge vers le nord jusqu&rsquo;au Khatug Kang (6 484 m), en passant par le col Mesokantu (5 121 m).<\/p>\n\n\n\n<figure class=\"wp-block-image size-large\"><img loading=\"lazy\" decoding=\"async\" width=\"1024\" height=\"480\" src=\"https:\/\/endorfeen.com\/wp-content\/uploads\/2023\/05\/Annapurna_Massif_Aerial_View-1024x480.jpg\" alt=\"\" class=\"wp-image-11061\" srcset=\"https:\/\/endorfeen.com\/wp-content\/uploads\/2023\/05\/Annapurna_Massif_Aerial_View-300x140.jpg 300w, https:\/\/endorfeen.com\/wp-content\/uploads\/2023\/05\/Annapurna_Massif_Aerial_View-768x360.jpg 768w, https:\/\/endorfeen.com\/wp-content\/uploads\/2023\/05\/Annapurna_Massif_Aerial_View-1024x480.jpg 1024w, https:\/\/endorfeen.com\/wp-content\/uploads\/2023\/05\/Annapurna_Massif_Aerial_View-1536x719.jpg 1536w, https:\/\/endorfeen.com\/wp-content\/uploads\/2023\/05\/Annapurna_Massif_Aerial_View.jpg 2048w\" sizes=\"auto, (max-width: 1024px) 100vw, 1024px\" \/><figcaption class=\"wp-element-caption\">\u00ae <a href=\"https:\/\/commons.wikimedia.org\/wiki\/User:Solundir\">Solundir<\/a>, Wiki Commons<\/figcaption><\/figure>\n\n\n\n<h2 class=\"wp-block-heading\" id=\"h-conquetes-et-exploits-sur-les-sommets-emblematiques-de-l-annapurna\">Conqu\u00eates et exploits sur les sommets embl\u00e9matiques de l&rsquo;Annapurna<\/h2>\n\n\n\n<h3 class=\"wp-block-heading\" id=\"h-annapurna-i-conquete-historique\">Annapurna I : Conqu\u00eate historique<\/h3>\n\n\n\n<p>Surplombant les cieux \u00e0 8 091 m\u00e8tres d&rsquo;altitude, l&rsquo;Annapurna I se dresse majestueusement, offrant un d\u00e9fi tentant aux aventuriers en qu\u00eate d&rsquo;exploits extraordinaires. Cette montagne embl\u00e9matique a \u00e9t\u00e9 conquise pour la premi\u00e8re fois le 3 juin 1950, lorsque Louis Lachenal et Maurice Herzog ont brav\u00e9 les \u00e9l\u00e9ments pour atteindre son sommet. Ainsi, l&rsquo;Annapurna I d\u00e9tient l&rsquo;honneur d&rsquo;\u00eatre le premier sommet de plus de 8 000 m\u00e8tres \u00e0 \u00eatre gravi, marquant une \u00e9tape historique dans l&rsquo;univers de l&rsquo;alpinisme.<\/p>\n\n\n\n<p>L&rsquo;exp\u00e9dition fran\u00e7aise \u00e0 l&rsquo;Annapurna de 1950, dirig\u00e9e par Maurice Herzog, avait pour objectif de r\u00e9aliser la premi\u00e8re ascension d&rsquo;un sommet d\u00e9passant les 8 000 m\u00e8tres. Parmi les membres de l&rsquo;\u00e9quipe se trouvaient Louis Lachenal, Gaston R\u00e9buffat, Lionel Terray, Marcel Ichac (cin\u00e9aste), Jean Couzy, Marcel Schatz, Jacques Oudot (m\u00e9decin), Francis de Noyelle (diplomate) et Adjiba (sherpa). Cette \u00e9quipe audacieuse a permis \u00e0 Maurice Herzog et Louis Lachenal d&rsquo;atteindre le sommet de l&rsquo;Annapurna, ouvrant la voie \u00e0 de futures conqu\u00eates himalayennes.<\/p>\n\n\n\n<figure class=\"wp-block-image size-large is-resized\"><img loading=\"lazy\" decoding=\"async\" src=\"https:\/\/endorfeen.com\/wp-content\/uploads\/2023\/05\/HERZOG2-obit-superJumbo-709x1024.webp\" alt=\"Maurice Herzog\" class=\"wp-image-11065\" width=\"804\" height=\"1161\" srcset=\"https:\/\/endorfeen.com\/wp-content\/uploads\/2023\/05\/HERZOG2-obit-superJumbo-208x300.webp 208w, https:\/\/endorfeen.com\/wp-content\/uploads\/2023\/05\/HERZOG2-obit-superJumbo-709x1024.webp 709w, https:\/\/endorfeen.com\/wp-content\/uploads\/2023\/05\/HERZOG2-obit-superJumbo-768x1109.webp 768w, https:\/\/endorfeen.com\/wp-content\/uploads\/2023\/05\/HERZOG2-obit-superJumbo.webp 920w\" sizes=\"auto, (max-width: 804px) 100vw, 804px\" \/><figcaption class=\"wp-element-caption\">Maurice Herzog after his team&rsquo;s conquest of Annapurna I in 1950. \u00ae \u00ab\u00a0Annapurna\u00a0\u00bb\/E.P. Dutton<\/figcaption><\/figure>\n\n\n\n<p>Cette exp\u00e9dition succ\u00e9dait \u00e0 une tentative infructueuse en 1936, dirig\u00e9e par Henry de S\u00e9gogne, qui avait \u00e9galement pour but de gravir un sommet de plus de 8 000 m\u00e8tres dans le Karakoram, mais qui avait \u00e9chou\u00e9 en raison de l&rsquo;interdiction d&rsquo;entrer au N\u00e9pal.<\/p>\n\n\n\n<p>L&rsquo;ascension de l&rsquo;Annapurna a \u00e9t\u00e9 largement m\u00e9diatis\u00e9e en France, notamment gr\u00e2ce \u00e0 la couverture de Paris Match, au film \u00ab\u00a0Victoire sur l&rsquo;Annapurna\u00a0\u00bb de Marcel Ichac et au livre \u00ab\u00a0Annapurna, premier 8000\u00a0\u00bb de Maurice Herzog. Ce r\u00e9cit, vendu \u00e0 plus de 20 millions d&rsquo;exemplaires, a suscit\u00e9 la controverse, en particulier en ce qui concerne le r\u00f4le que Maurice Herzog aurait attribu\u00e9 \u00e0 lui-m\u00eame. Toutefois, un ouvrage r\u00e9cent \u00e9claircit une grande partie de la pol\u00e9mique qui a \u00e9clat\u00e9 dans les ann\u00e9es 1990, certaines accusations contre Herzog \u00e9tant infond\u00e9es. Louis Lachenal, quant \u00e0 lui, pr\u00e9sente une version l\u00e9g\u00e8rement diff\u00e9rente de l&rsquo;exp\u00e9dition dans ses \u00ab\u00a0Carnets du vertige\u00a0\u00bb, offrant une perspective alternative sur cet \u00e9v\u00e9nement marquant de l&rsquo;histoire de l&rsquo;alpinisme.<\/p>\n\n\n\n<h3 class=\"wp-block-heading\" id=\"h-annapurna-ii-la-quete-des-geants-par-trois-voies-legendaires\">Annapurna II : La qu\u00eate des g\u00e9ants par trois voies l\u00e9gendaires<\/h3>\n\n\n\n<p>Le majestueux Annapurna II, culminant \u00e0 7 935 m\u00e8tres, se dresse non loin du sommet principal, ajoutant \u00e0 la splendeur du massif. Ce g\u00e9ant de pierre et de glace a \u00e9t\u00e9 conquis par trois itin\u00e9raires distincts, t\u00e9moignant de la d\u00e9termination des alpinistes.<\/p>\n\n\n\n<p>En 1960, Chris Bonington, Dicky Grant et Ang Nyima ont triomph\u00e9 de l&rsquo;ar\u00eate Ouest, partant de l&rsquo;Annapurna IV. Puis, en 1973, une \u00e9quipe japonaise a brav\u00e9 le versant Nord, ajoutant une nouvelle route \u00e0 la l\u00e9gende de l&rsquo;Annapurna II.<\/p>\n\n\n\n<p>Enfin, en 1983, une exp\u00e9dition australienne a relev\u00e9 le d\u00e9fi de l&rsquo;\u00e9peron Sud, consid\u00e9r\u00e9 comme la voie la plus difficile pour atteindre ce sommet en raison des 300 derniers m\u00e8tres rocheux.<\/p>\n\n\n\n<h3 class=\"wp-block-heading\" id=\"h-annapurna-iii-conquete-audacieuse-et-determination-sur-les-flancs-du-geant-himalayen\">Annapurna III : Conqu\u00eate audacieuse et d\u00e9termination sur les flancs du g\u00e9ant himalayen<\/h3>\n\n\n\n<p>S&rsquo;\u00e9levant \u00e0 7 577 m\u00e8tres d&rsquo;altitude, l&rsquo;Annapurna III se dresse avec fiert\u00e9 parmi les g\u00e9ants himalayens. Ce sommet fut conquis pour la premi\u00e8re fois en 1961, par le biais de son versant Nord.<\/p>\n\n\n\n<p>En 1976, John Whittock et Linda Rutland ont \u00e9galement triomph\u00e9 de cette face, \u00e9crivant une nouvelle page dans l&rsquo;histoire de l&rsquo;alpinisme. Cette ascension audacieuse, r\u00e9alis\u00e9e en style alpin, a n\u00e9cessit\u00e9 pas moins de quatorze bivouacs, t\u00e9moignant de l&rsquo;endurance et de la d\u00e9termination des grimpeurs face \u00e0 ce d\u00e9fi de taille.<\/p>\n\n\n\n<h3 class=\"wp-block-heading\" id=\"h-annapurna-iv-entre-ascensions-accessibles-et-prouesses-audacieuses-sur-les-pentes-himalayennes\">Annapurna IV : Entre ascensions accessibles et prouesses audacieuses sur les pentes himalayennes<\/h3>\n\n\n\n<p>Dominant le paysage \u00e0 7 525 m\u00e8tres, l&rsquo;Annapurna IV est consid\u00e9r\u00e9 comme un sommet relativement accessible parmi les g\u00e9ants de l&rsquo;Himalaya.<\/p>\n\n\n\n<p>De nombreux alpinistes ont emprunt\u00e9 la voie originale allemande de 1955 sur l&rsquo;ar\u00eate Ouest, couronn\u00e9e de succ\u00e8s \u00e0 plusieurs reprises. N\u00e9anmoins, l&rsquo;ascension de 1976 de la face Sud, r\u00e9put\u00e9e pour sa pente extr\u00eamement raide et ses avalanches, demeure une v\u00e9ritable prouesse.<\/p>\n\n\n\n<figure class=\"wp-block-image size-large\"><img loading=\"lazy\" decoding=\"async\" width=\"1024\" height=\"845\" src=\"https:\/\/endorfeen.com\/wp-content\/uploads\/2023\/05\/Annapurna_IV_1955-1024x845.jpg\" alt=\"Annapurna IV\" class=\"wp-image-11063\" srcset=\"https:\/\/endorfeen.com\/wp-content\/uploads\/2023\/05\/Annapurna_IV_1955-300x248.jpg 300w, https:\/\/endorfeen.com\/wp-content\/uploads\/2023\/05\/Annapurna_IV_1955-768x634.jpg 768w, https:\/\/endorfeen.com\/wp-content\/uploads\/2023\/05\/Annapurna_IV_1955-1024x845.jpg 1024w, https:\/\/endorfeen.com\/wp-content\/uploads\/2023\/05\/Annapurna_IV_1955-1536x1268.jpg 1536w, https:\/\/endorfeen.com\/wp-content\/uploads\/2023\/05\/Annapurna_IV_1955.jpg 2048w\" sizes=\"auto, (max-width: 1024px) 100vw, 1024px\" \/><figcaption class=\"wp-element-caption\">Annapurna IV, 1955 &#8211; \u00ae Dirk Pons, Wiki Commons<\/figcaption><\/figure>\n\n\n\n<p>Les courageux Allemands Pitt Schubert et Heinz Baumann ont triomph\u00e9 de cette face lors d&rsquo;une ascension \u00e9pique. Apr\u00e8s treize jours de mont\u00e9e en technique alpine, leurs co\u00e9quipiers, convaincus de leur disparition tragique, ont entam\u00e9 la descente et abandonn\u00e9 les camps d&rsquo;altitude.<\/p>\n\n\n\n<h3 class=\"wp-block-heading\" id=\"h-gangapurna-conquetes-et-defis-au-coeur-du-massif-de-l-annapurna\">Gangapurna : Conqu\u00eates et d\u00e9fis au c\u0153ur du massif de l&rsquo;Annapurna<\/h3>\n\n\n\n<p>Perch\u00e9 \u00e0 7 455 m\u00e8tres, le Gangapurna tr\u00f4ne fi\u00e8rement dans le massif de l&rsquo;Annapurna. Longtemps confondu avec l&rsquo;Annapurna III, il est en r\u00e9alit\u00e9 s\u00e9par\u00e9 de ce dernier par une vall\u00e9e glaciaire vertigineuse.<\/p>\n\n\n\n<p>Le 6 mai 1965, une exp\u00e9dition allemande men\u00e9e par G. Hauser a r\u00e9ussi la premi\u00e8re ascension de ce sommet. En 1970, une \u00e9quipe japonaise dirig\u00e9e par Sumi Kiyoshi Shimizu a renouvel\u00e9 cet exploit, mais au prix de la vie de huit membres de l&rsquo;exp\u00e9dition, emport\u00e9s par une avalanche.<\/p>\n\n\n\n<p>Au printemps 1974, le Gangapurna a \u00e9t\u00e9 gravi pour la troisi\u00e8me fois par une autre exp\u00e9dition japonaise, cette fois emmen\u00e9e par Toshio Moshi.<\/p>\n\n\n\n<h3 class=\"wp-block-heading\" id=\"h-annapurna-sud-exploits-et-conquetes-sur-un-sommet-emblematique\">Annapurna Sud : Exploits et conqu\u00eates sur un sommet embl\u00e9matique<\/h3>\n\n\n\n<p>Dress\u00e9 \u00e0 7 219 m\u00e8tres d&rsquo;altitude, l&rsquo;Annapurna Sud, \u00e9galement connu sous les noms de Modi Peak ou Moditse, constitue un autre sommet embl\u00e9matique du massif.<\/p>\n\n\n\n<p>L&rsquo;exploration japonaise men\u00e9e par H. Higuchi a marqu\u00e9 la premi\u00e8re victoire sur ce sommet en 1964. Le 27 octobre 1970, G\u00e9rard Devouassoux, Maurice Gicquel, Yvon Masino et Georges Payot ont relev\u00e9 le d\u00e9fi de la face nord, ajoutant une nouvelle page \u00e0 l&rsquo;histoire de l&rsquo;alpinisme.<\/p>\n\n\n\n<p>Finalement, en 1974, l&rsquo;ar\u00eate sud-est a \u00e9t\u00e9 conquise par une autre exp\u00e9dition japonaise, d\u00e9montrant une fois de plus l&rsquo;attrait irr\u00e9sistible de l&rsquo;Annapurna Sud pour les aventuriers du monde entier.<\/p>\n\n\n\n<h3 class=\"wp-block-heading\" id=\"h-annapurna-descente-historique-a-ski-et-hommage-a-la-bravoure\">Annapurna : Descente historique \u00e0 ski et hommage \u00e0 la bravoure<\/h3>\n\n\n\n<p>En 1979, apr\u00e8s avoir triomph\u00e9 du Pic L\u00e9nine situ\u00e9 dans le massif du Pamir et en \u00eatre descendus \u00e0 ski, Bernard Germain et ses compagnons d&rsquo;aventure, Lucien Adenis, Michel Berquet, Jean-Louis Georges, Yves Morin, Benoit Renard et Henri Sigayret, se sont lanc\u00e9s un nouveau d\u00e9fi : gravir l&rsquo;Annapurna (8 091 m) par la face nord et en descendre \u00e0 ski. Leur p\u00e9riple commence \u00e0 Paris le 7 mars, en direction de Katmandou, o\u00f9 ils sont confront\u00e9s au choc des cultures avant de poursuivre en camion jusqu&rsquo;\u00e0 Pokhara.<\/p>\n\n\n\n<p>Au terme de quatorze jours de marche, les aventuriers arrivent au pied de l&rsquo;Annapurna et \u00e9tablissent leur camp de base \u00e0 4 400 m\u00e8tres d&rsquo;altitude. Pendant douze jours, ils luttent contre les avalanches et les vents violents pour atteindre le sommet sans oxyg\u00e8ne le 30 avril. Ils deviennent ainsi les premiers alpinistes \u00e0 r\u00e9aliser l&rsquo;exploit de descendre cette montagne \u00e0 ski.<\/p>\n\n\n\n<p>Mais cette exp\u00e9dition victorieuse sera aussi marqu\u00e9e par la trag\u00e9die, car Yves Morin perdra la vie lors de la descente. Cette aventure exceptionnelle a \u00e9t\u00e9 r\u00e9compens\u00e9e par le Prix de la presse au Festival International d&rsquo;Aventures v\u00e9cues de La Plagne et le Grand Prix du Festival de Saint-S\u00e9bastien.<\/p>\n\n\n\n<h3 class=\"wp-block-heading\" id=\"h-premiere-hivernale-1987\">Premi\u00e8re hivernale, 1987<\/h3>\n\n\n\n<p>Le 3 f\u00e9vrier 1987 marque un tournant m\u00e9morable et embl\u00e9matique dans l&rsquo;histoire de l&rsquo;alpinisme : la premi\u00e8re ascension hivernale de l&rsquo;Annapurna. Jerzy Kukuczka, un alpiniste polonais d&rsquo;exception, et son compatriote Artur Hajzer ont r\u00e9alis\u00e9 cet exploit retentissant. R\u00e9put\u00e9 pour sa capacit\u00e9 \u00e0 r\u00e9sister aux conditions les plus extr\u00eames et son d\u00e9sir in\u00e9puisable de conqu\u00e9rir les plus hauts sommets en ouvrant de nouvelles voies, Kukuczka est devenu une v\u00e9ritable l\u00e9gende de l&rsquo;alpinisme himalayen.<\/p>\n\n\n\n<figure class=\"wp-block-image size-large is-resized\"><img loading=\"lazy\" decoding=\"async\" src=\"https:\/\/endorfeen.com\/wp-content\/uploads\/2023\/05\/1024px-Mount_Everest_-_Kukuczka_Czok-775x1024.jpg\" alt=\"Jerzy Kukuczka and Andrzej Czok\" class=\"wp-image-11067\" width=\"819\" height=\"1082\" srcset=\"https:\/\/endorfeen.com\/wp-content\/uploads\/2023\/05\/1024px-Mount_Everest_-_Kukuczka_Czok-227x300.jpg 227w, https:\/\/endorfeen.com\/wp-content\/uploads\/2023\/05\/1024px-Mount_Everest_-_Kukuczka_Czok-768x1015.jpg 768w, https:\/\/endorfeen.com\/wp-content\/uploads\/2023\/05\/1024px-Mount_Everest_-_Kukuczka_Czok-775x1024.jpg 775w, https:\/\/endorfeen.com\/wp-content\/uploads\/2023\/05\/1024px-Mount_Everest_-_Kukuczka_Czok.jpg 1024w\" sizes=\"auto, (max-width: 819px) 100vw, 819px\" \/><figcaption class=\"wp-element-caption\">Jerzy Kukuczka and Andrzej Czok &#8211; \u00ae Andrzej Heinrich, Wiki Commons<\/figcaption><\/figure>\n\n\n\n<p>Cette prouesse sur l&rsquo;Annapurna en hiver s&rsquo;est av\u00e9r\u00e9e cruciale dans sa qu\u00eate des quatorze sommets de plus de 8 000 m\u00e8tres, un d\u00e9fi qui l&rsquo;obs\u00e9dait depuis ses d\u00e9buts. Bien que confront\u00e9 \u00e0 une comp\u00e9tition f\u00e9roce avec Reinhold Messner, qui a accompli cet exploit un an avant lui, Kukuczka n&rsquo;a pas renonc\u00e9. Aux c\u00f4t\u00e9s d&rsquo;Hajzer, ils ont d\u00e9fi\u00e9 les \u00e9l\u00e9ments et atteint le sommet de l&rsquo;Annapurna en quelques jours seulement, malgr\u00e9 une temp\u00eate de neige impitoyable qui les a assaillis lors de la derni\u00e8re \u00e9tape de leur ascension.<\/p>\n\n\n\n<p>Cette victoire embl\u00e9matique t\u00e9moigne non seulement de la pers\u00e9v\u00e9rance et du talent hors normes de Kukuczka, mais \u00e9galement de la puissance de l&rsquo;alpinisme polonais. Cet \u00e9pisode marquant de l&rsquo;histoire de la montagne continue d&rsquo;inspirer les grimpeurs du monde entier.<\/p>\n\n\n\n<h3 class=\"wp-block-heading\" id=\"h-premiere-descente-integrale-a-ski\">Premi\u00e8re descente int\u00e9grale \u00e0 ski<\/h3>\n\n\n\n<p>Davo Karnicar, un alpiniste slov\u00e8ne talentueux, a r\u00e9alis\u00e9 l\u2019exploit \u00e0 8 000 m\u00e8tres le 29 avril 1995, en r\u00e9ussissant la premi\u00e8re descente int\u00e9grale \u00e0 ski de l&rsquo;Annapurna avec son fr\u00e8re Andrej. Avant de s&rsquo;attaquer aux g\u00e9ants himalayens, Karnicar a acquis de l&rsquo;exp\u00e9rience en participant \u00e0 des comp\u00e9titions de ski pour l&rsquo;\u00e9quipe nationale yougoslave et en s&rsquo;attaquant \u00e0 des pentes raides dans les Alpes, notamment dans la face nord-est de l&rsquo;Eiger et la face est du Cervin.<\/p>\n\n\n\n<figure class=\"wp-block-image size-large\"><img loading=\"lazy\" decoding=\"async\" width=\"1024\" height=\"683\" src=\"https:\/\/endorfeen.com\/wp-content\/uploads\/2023\/05\/davo_karnicar_everest_ski-1024x683.jpg\" alt=\"Davor Karnicar\" class=\"wp-image-11069\" srcset=\"https:\/\/endorfeen.com\/wp-content\/uploads\/2023\/05\/davo_karnicar_everest_ski-300x200.jpg 300w, https:\/\/endorfeen.com\/wp-content\/uploads\/2023\/05\/davo_karnicar_everest_ski-600x400.jpg 600w, https:\/\/endorfeen.com\/wp-content\/uploads\/2023\/05\/davo_karnicar_everest_ski-768x512.jpg 768w, https:\/\/endorfeen.com\/wp-content\/uploads\/2023\/05\/davo_karnicar_everest_ski-1024x683.jpg 1024w, https:\/\/endorfeen.com\/wp-content\/uploads\/2023\/05\/davo_karnicar_everest_ski-1536x1024.jpg 1536w, https:\/\/endorfeen.com\/wp-content\/uploads\/2023\/05\/davo_karnicar_everest_ski.jpg 1920w\" sizes=\"auto, (max-width: 1024px) 100vw, 1024px\" \/><figcaption class=\"wp-element-caption\">\u00ae Davor Karnicar<\/figcaption><\/figure>\n\n\n\n<p>Un an apr\u00e8s sa performance \u00e0 l&rsquo;Annapurna, Karnicar a tent\u00e9 pour la premi\u00e8re fois de descendre l&rsquo;Everest \u00e0 ski, mais une violente temp\u00eate l&rsquo;a emp\u00each\u00e9 d&rsquo;atteindre le sommet et lui a co\u00fbt\u00e9 deux doigts de la main gauche. Cependant, ce sportif de l&rsquo;extr\u00eame originaire de Jezersko, une petite ville du nord de la Slov\u00e9nie, n&rsquo;a pas renonc\u00e9. En 2000, il est revenu \u00e0 l&rsquo;Everest et, apr\u00e8s avoir atteint le sommet, il a r\u00e9alis\u00e9 une descente int\u00e9grale \u00e0 ski en seulement 4 heures et 30 minutes, malgr\u00e9 quelques moments effrayants au ressaut Hillary et dans la cascade de glace. Cette descente l\u00e9gendaire a fait de lui le premier skieur \u00e0 accomplir cet exploit.<\/p>\n\n\n\n<h2 class=\"wp-block-heading\" id=\"h-ascension-du-dixieme-geant-et-trek-mythique\">Ascension du dixi\u00e8me g\u00e9ant et trek mythique<\/h2>\n\n\n\n<h3 class=\"wp-block-heading\" id=\"h-alpinisme-l-ascension-audacieuse-du-dixieme-geant\">Alpinisme : L&rsquo;ascension audacieuse du dixi\u00e8me g\u00e9ant<\/h3>\n\n\n\n<p>Pr\u00eat pour l&rsquo;ascension de l&rsquo;Annapurna, culminant \u00e0 8 091 m\u00e8tres, les alpinistes chevronn\u00e9s s&rsquo;attaquent au dixi\u00e8me plus haut sommet de la plan\u00e8te, bien conscients des risques inh\u00e9rents \u00e0 l&rsquo;Himalaya. L&rsquo;ascension de la face nord, r\u00e9alis\u00e9e par Maurice Herzog et le guide Louis Lachenal en 1950, pr\u00e9sente de nombreux d\u00e9fis.<\/p>\n\n\n\n<p>L&rsquo;itin\u00e9raire serpente le long d&rsquo;un immense glacier, o\u00f9 les risques objectifs restent \u00e9lev\u00e9s. Les pentes sup\u00e9rieures, bien que moins expos\u00e9es, peuvent se r\u00e9v\u00e9ler tr\u00e8s avalancheuses en cas de chutes de neige abondantes. La cl\u00e9 du succ\u00e8s d&rsquo;une telle exp\u00e9dition r\u00e9side avant tout dans la rapidit\u00e9 d&rsquo;ascension, permettant de minimiser le temps d&rsquo;exposition aux dangers objectifs.<\/p>\n\n\n\n<p>R\u00e9sum\u00e9 du programme d&rsquo;exp\u00e9dition :<\/p>\n\n\n\n<ul class=\"wp-block-list\">\n<li>Jour 1 &amp; 2 : D\u00e9part d&rsquo;Europe et arriv\u00e9e \u00e0 Katmandou avec transfert \u00e0 l&rsquo;h\u00f4tel.<\/li>\n\n\n\n<li>Jour 3 : Katmandou \u2013 d\u00e9couverte de la ville.<\/li>\n\n\n\n<li>Jour 4 : Vol de Katmandou \u00e0 Pokhara.<\/li>\n\n\n\n<li>Jour 5 : Trajet en voiture de Pokhara \u00e0 Tatopani.<\/li>\n\n\n\n<li>Jour 6 : Transfert en h\u00e9licopt\u00e8re de Tatopani au camp de base de l&rsquo;Annapurna.<\/li>\n\n\n\n<li>Jour 7 \u00e0 39 : Ascension de l&rsquo;Annapurna I.<\/li>\n\n\n\n<li>Jour 40 : Transfert en h\u00e9licopt\u00e8re du camp de base \u00e0 Tatopani.<\/li>\n\n\n\n<li>Jour 41 : Trajet en voiture de Tatopani \u00e0 Pokhara et vol retour \u00e0 Katmandou.<\/li>\n\n\n\n<li>Jour 42 : Katmandou \u2013 journ\u00e9e libre.<\/li>\n\n\n\n<li>Jour 43 : Vol retour vers l&rsquo;Europe.<\/li>\n\n\n\n<li>Jour 44 : Arriv\u00e9e en Europe.<\/li>\n<\/ul>\n\n\n\n<h3 class=\"wp-block-heading\" id=\"h-un-trek-mythique-le-tour-des-annapurnas\">Un trek mythique, le tour des Annapurnas<\/h3>\n\n\n\n<p>Le massif de l&rsquo;Annapurna est le th\u00e9\u00e2tre d&rsquo;un trek historique et renomm\u00e9, connu sous le nom de Tour des Annapurnas. Toutefois, la plupart des randonneurs se contentent g\u00e9n\u00e9ralement de parcourir la moiti\u00e9 nord du trek, la plus \u00e9lev\u00e9e, entre Chame et Jomosom.<\/p>\n\n\n\n<figure class=\"wp-block-image size-large is-resized\"><img loading=\"lazy\" decoding=\"async\" src=\"https:\/\/endorfeen.com\/wp-content\/uploads\/2023\/05\/giuseppe-mondi-xyE1p1rG04U-unsplash-683x1024.jpg\" alt=\"Annapurna - Trek - vues\" class=\"wp-image-11045\" width=\"801\" height=\"1201\" srcset=\"https:\/\/endorfeen.com\/wp-content\/uploads\/2023\/05\/giuseppe-mondi-xyE1p1rG04U-unsplash-200x300.jpg 200w, https:\/\/endorfeen.com\/wp-content\/uploads\/2023\/05\/giuseppe-mondi-xyE1p1rG04U-unsplash-683x1024.jpg 683w, https:\/\/endorfeen.com\/wp-content\/uploads\/2023\/05\/giuseppe-mondi-xyE1p1rG04U-unsplash-768x1152.jpg 768w, https:\/\/endorfeen.com\/wp-content\/uploads\/2023\/05\/giuseppe-mondi-xyE1p1rG04U-unsplash-1024x1536.jpg 1024w, https:\/\/endorfeen.com\/wp-content\/uploads\/2023\/05\/giuseppe-mondi-xyE1p1rG04U-unsplash-1365x2048.jpg 1365w, https:\/\/endorfeen.com\/wp-content\/uploads\/2023\/05\/giuseppe-mondi-xyE1p1rG04U-unsplash-scaled.jpg 1366w\" sizes=\"auto, (max-width: 801px) 100vw, 801px\" \/><figcaption class=\"wp-element-caption\">\u00ae <a href=\"https:\/\/unsplash.com\/@masinutoscana?utm_source=unsplash&amp;utm_medium=referral&amp;utm_content=creditCopyText\">Giuseppe Mond\u00ec<\/a>, Unsplash<\/figcaption><\/figure>\n\n\n\n<p>L&rsquo;Annapurna est un sommet mythique parmi les plus hautes montagnes de l&rsquo;Himalaya. Culminant \u00e0 8 091 m\u00e8tres, il repr\u00e9sente un objectif majeur pour les trekkeurs au N\u00e9pal. Quel que soit votre niveau, explorer les Annapurnas est une exp\u00e9rience authentique et accessible \u00e0 tous. Le trek du Tour des Annapurnas, qui varie entre 1 000 et 5 000 m\u00e8tres d&rsquo;altitude, offre un voyage inoubliable, sur les traces de Maurice Herzog, premier homme \u00e0 atteindre ce sommet en 1950.<\/p>\n\n\n\n<p>Le 3 juin 1950, Maurice Herzog et Louis Lachenal parviennent au sommet de l&rsquo;Annapurna, \u00e0 8 091 m\u00e8tres d&rsquo;altitude. Ils sont les premiers \u00e0 conqu\u00e9rir un sommet himalayen, d\u00e9voilant ainsi les myst\u00e8res de cette cha\u00eene de montagnes jusque-l\u00e0 interdite aux \u00e9trangers. Pour les amoureux de la nature, des randonn\u00e9es et treks au N\u00e9pal, durant 13 \u00e0 20 jours, avec un guide ou en totale libert\u00e9, sont une source in\u00e9puisable d&rsquo;inspiration dans ces lieux magiques.<\/p>\n\n\n\n<h4 class=\"wp-block-heading\">Tour des Annapurnas<\/h4>\n\n\n\n<p>R\u00e9aliser le tour des Annapurnas en deux semaines est un r\u00eave partag\u00e9 par de nombreux trekkeurs. La progression se fait lentement vers le c\u00e9l\u00e8bre col de Thorung, culminant \u00e0 5 416 m\u00e8tres, suivi d&rsquo;une descente ardue vers Jomosom, porte du proche Mustang. L\u00e0, un vol spectaculaire entre les parois \u00e9tincelantes des Dhaulagiris (8 167 m) et des Annapurnas (8 091 m) attend les randonneurs.<\/p>\n\n\n\n<h4 class=\"wp-block-heading\">Grand tour des Annapurnas<\/h4>\n\n\n\n<p>Le trek du tour des Annapurnas dans sa version int\u00e9grale comprend 14 jours de marche au c\u0153ur de paysages constamment renouvel\u00e9s. Ce trekking est le plus r\u00e9put\u00e9 du N\u00e9pal pour la diversit\u00e9 des paysages, des ethnies et des modes de vie qu&rsquo;il offre. Habitat, culture et religion \u00e9voluent en fonction de l&rsquo;altitude, variant de 1 000 \u00e0 5 400 m\u00e8tres. Un voyage merveilleux et un grand classique.<\/p>\n\n\n\n<figure class=\"wp-block-image size-large is-resized\"><img loading=\"lazy\" decoding=\"async\" src=\"https:\/\/endorfeen.com\/wp-content\/uploads\/2023\/05\/le-tan-qziIV0_vCGQ-unsplash-1024x683.jpg\" alt=\"Annapurna - trek\" class=\"wp-image-11057\" width=\"800\" height=\"533\" srcset=\"https:\/\/endorfeen.com\/wp-content\/uploads\/2023\/05\/le-tan-qziIV0_vCGQ-unsplash-300x200.jpg 300w, https:\/\/endorfeen.com\/wp-content\/uploads\/2023\/05\/le-tan-qziIV0_vCGQ-unsplash-600x400.jpg 600w, https:\/\/endorfeen.com\/wp-content\/uploads\/2023\/05\/le-tan-qziIV0_vCGQ-unsplash-768x512.jpg 768w, https:\/\/endorfeen.com\/wp-content\/uploads\/2023\/05\/le-tan-qziIV0_vCGQ-unsplash-1024x683.jpg 1024w, https:\/\/endorfeen.com\/wp-content\/uploads\/2023\/05\/le-tan-qziIV0_vCGQ-unsplash-1536x1025.jpg 1536w, https:\/\/endorfeen.com\/wp-content\/uploads\/2023\/05\/le-tan-qziIV0_vCGQ-unsplash-scaled.jpg 2048w\" sizes=\"auto, (max-width: 800px) 100vw, 800px\" \/><figcaption class=\"wp-element-caption\">\u00ae L\u00ea T\u00e2n, Unsplash<\/figcaption><\/figure>\n\n\n\n<h4 class=\"wp-block-heading\">Balcon des Annapurnas<\/h4>\n\n\n\n<p>Le balcon des Annapurnas propose huit jours de trekking facile au N\u00e9pal, sur un sentier en balcon \u00e0 altitude mod\u00e9r\u00e9e, traversant les collines du versant sud du massif des Annapurnas. Ce trek offre des vues magnifiques sur les hauts sommets de la cha\u00eene himalayenne et une d\u00e9couverte authentique du N\u00e9pal traditionnel. Les villages gurungs, situ\u00e9s au pied des Annapurnas, pr\u00e9sentent une architecture remarquable.<\/p>\n\n\n\n<h4 class=\"wp-block-heading\">Annapurna et Everest<\/h4>\n\n\n\n<p>Ce trekking unique r\u00e9unit les Annapurnas et l&rsquo;Everest en une seule exp\u00e9rience in\u00e9dite et incontournable. Il d\u00e9bute par la d\u00e9couverte du versant sud des Annapurnas, suivi d&rsquo;un vol vers Lukla et de l&rsquo;ascension vers le magnifique village de Khumjung, offrant un panorama imprenable sur l&rsquo;Everest. Enfin, une travers\u00e9e grandiose sur le chemin en balcon m\u00e8ne au lodge de Kongde, l&rsquo;un des plus beaux treks du Khumbu.<\/p>\n","protected":false},"excerpt":{"rendered":"<p>L&rsquo;Annapurna est un massif montagneux compos\u00e9 de six sommets remarquables, S&rsquo;\u00e9levant majestueusement au c\u0153ur de l&rsquo;Himalaya n\u00e9palais. Son point culminant, l&rsquo;Annapurna I, atteint 8 091 m\u00e8tres d&rsquo;altitude, pla\u00e7ant cette montagne au rang de dixi\u00e8me plus haut sommet de notre plan\u00e8te. \u00c9crit en devanagari comme \u0905\u0928\u094d\u0928\u092a\u0942\u0930\u094d\u0923\u093e, Annap\u016br\u1e47a est un toponyme d&rsquo;origine sanskrite, n\u00e9palaise et nepalbhasha. Il &hellip;<\/p>\n","protected":false},"author":30,"featured_media":11071,"comment_status":"open","ping_status":"open","sticky":false,"template":"","format":"standard","meta":{"_acf_changed":false,"_genesis_hide_title":false,"_genesis_hide_breadcrumbs":false,"_genesis_hide_singular_image":false,"_genesis_hide_footer_widgets":false,"_genesis_custom_body_class":"","_genesis_custom_post_class":"","_genesis_layout":"","footnotes":""},"categories":[156,606],"tags":[757,173],"sponsor":[1087],"class_list":{"2":"type-post","7":"category-lieux","8":"category-montagnes","9":"tag-annapurna","10":"tag-himalaya","11":"sponsor-endorfeen","12":"entry"},"yoast_head":"<!-- This site is optimized with the Yoast SEO Premium plugin v26.2 (Yoast SEO v26.2) - https:\/\/yoast.com\/wordpress\/plugins\/seo\/ -->\n<title>Annapurna, une montagne l\u00e9gendaire - endorfeen<\/title>\n<meta name=\"description\" content=\"Annapurna : S&#039;\u00e9levant majestueusement au c\u0153ur de l&#039;Himalaya n\u00e9palais, l&#039;Annapurna est un massif montagneux compos\u00e9 de six sommets...\" \/>\n<meta name=\"robots\" content=\"index, follow, max-snippet:-1, max-image-preview:large, max-video-preview:-1\" \/>\n<link rel=\"canonical\" href=\"https:\/\/endorfeen.com\/fr\/annapurna-une-montagne-legendaire\/\" \/>\n<meta property=\"og:locale\" content=\"fr_FR\" \/>\n<meta property=\"og:type\" content=\"article\" \/>\n<meta property=\"og:title\" content=\"Annapurna : une montagne l\u00e9gendaire\" \/>\n<meta property=\"og:description\" content=\"Annapurna : S&#039;\u00e9levant majestueusement au c\u0153ur de l&#039;Himalaya n\u00e9palais, l&#039;Annapurna est un massif montagneux compos\u00e9 de six sommets...\" \/>\n<meta property=\"og:url\" content=\"https:\/\/endorfeen.com\/fr\/annapurna-une-montagne-legendaire\/\" \/>\n<meta property=\"og:site_name\" content=\"endorfeen\" \/>\n<meta property=\"article:author\" content=\"http:\/\/www.facebook.com\/endorfeen-583261049007200\" \/>\n<meta property=\"article:published_time\" content=\"2023-05-11T07:00:00+00:00\" \/>\n<meta property=\"article:modified_time\" content=\"2023-08-18T10:01:44+00:00\" \/>\n<meta property=\"og:image\" content=\"https:\/\/endorfeen.com\/wp-content\/uploads\/2023\/05\/raimond-klavins-XJPwusEqW5g-unsplash-scaled.jpg\" \/>\n\t<meta property=\"og:image:width\" content=\"2560\" \/>\n\t<meta property=\"og:image:height\" content=\"1707\" \/>\n\t<meta property=\"og:image:type\" content=\"image\/jpeg\" \/>\n<meta name=\"author\" content=\"Thomas Viguier\" \/>\n<meta name=\"twitter:card\" content=\"summary_large_image\" \/>\n<meta name=\"twitter:creator\" content=\"@https:\/\/twitter.com\/endorfeen_\" \/>\n<meta name=\"twitter:label1\" content=\"\u00c9crit par\" \/>\n\t<meta name=\"twitter:data1\" content=\"Thomas Viguier\" \/>\n\t<meta name=\"twitter:label2\" content=\"Dur\u00e9e de lecture estim\u00e9e\" \/>\n\t<meta name=\"twitter:data2\" content=\"14 minutes\" \/>\n<script type=\"application\/ld+json\" class=\"yoast-schema-graph\">{\"@context\":\"https:\/\/schema.org\",\"@graph\":[{\"@type\":\"Article\",\"@id\":\"https:\/\/endorfeen.com\/fr\/annapurna-une-montagne-legendaire\/#article\",\"isPartOf\":{\"@id\":\"https:\/\/endorfeen.com\/fr\/annapurna-une-montagne-legendaire\/\"},\"author\":{\"name\":\"Thomas Viguier\",\"@id\":\"https:\/\/endorfeen.com\/fr\/#\/schema\/person\/76a61f8eb41d36fffdec1b376fcf19aa\"},\"headline\":\"Annapurna : une montagne l\u00e9gendaire\",\"datePublished\":\"2023-05-11T07:00:00+00:00\",\"dateModified\":\"2023-08-18T10:01:44+00:00\",\"mainEntityOfPage\":{\"@id\":\"https:\/\/endorfeen.com\/fr\/annapurna-une-montagne-legendaire\/\"},\"wordCount\":2864,\"commentCount\":0,\"publisher\":{\"@id\":\"https:\/\/endorfeen.com\/fr\/#organization\"},\"image\":{\"@id\":\"https:\/\/endorfeen.com\/fr\/annapurna-une-montagne-legendaire\/#primaryimage\"},\"thumbnailUrl\":\"https:\/\/endorfeen.com\/wp-content\/uploads\/2023\/05\/raimond-klavins-XJPwusEqW5g-unsplash-scaled.jpg\",\"keywords\":[\"#Annapurna\",\"#himalaya\"],\"articleSection\":[\"Lieux\",\"Montagnes\"],\"inLanguage\":\"fr-FR\",\"potentialAction\":[{\"@type\":\"CommentAction\",\"name\":\"Comment\",\"target\":[\"https:\/\/endorfeen.com\/fr\/annapurna-une-montagne-legendaire\/#respond\"]}]},{\"@type\":\"WebPage\",\"@id\":\"https:\/\/endorfeen.com\/fr\/annapurna-une-montagne-legendaire\/\",\"url\":\"https:\/\/endorfeen.com\/fr\/annapurna-une-montagne-legendaire\/\",\"name\":\"Annapurna, une montagne l\u00e9gendaire - endorfeen\",\"isPartOf\":{\"@id\":\"https:\/\/endorfeen.com\/fr\/#website\"},\"primaryImageOfPage\":{\"@id\":\"https:\/\/endorfeen.com\/fr\/annapurna-une-montagne-legendaire\/#primaryimage\"},\"image\":{\"@id\":\"https:\/\/endorfeen.com\/fr\/annapurna-une-montagne-legendaire\/#primaryimage\"},\"thumbnailUrl\":\"https:\/\/endorfeen.com\/wp-content\/uploads\/2023\/05\/raimond-klavins-XJPwusEqW5g-unsplash-scaled.jpg\",\"datePublished\":\"2023-05-11T07:00:00+00:00\",\"dateModified\":\"2023-08-18T10:01:44+00:00\",\"description\":\"Annapurna : S'\u00e9levant majestueusement au c\u0153ur de l'Himalaya n\u00e9palais, l'Annapurna est un massif montagneux compos\u00e9 de six sommets...\",\"breadcrumb\":{\"@id\":\"https:\/\/endorfeen.com\/fr\/annapurna-une-montagne-legendaire\/#breadcrumb\"},\"inLanguage\":\"fr-FR\",\"potentialAction\":[{\"@type\":\"ReadAction\",\"target\":[\"https:\/\/endorfeen.com\/fr\/annapurna-une-montagne-legendaire\/\"]}]},{\"@type\":\"ImageObject\",\"inLanguage\":\"fr-FR\",\"@id\":\"https:\/\/endorfeen.com\/fr\/annapurna-une-montagne-legendaire\/#primaryimage\",\"url\":\"https:\/\/endorfeen.com\/wp-content\/uploads\/2023\/05\/raimond-klavins-XJPwusEqW5g-unsplash-scaled.jpg\",\"contentUrl\":\"https:\/\/endorfeen.com\/wp-content\/uploads\/2023\/05\/raimond-klavins-XJPwusEqW5g-unsplash-scaled.jpg\",\"width\":2048,\"height\":1366,\"caption\":\"\u00ae Raimond Klavins, Unsplash\"},{\"@type\":\"BreadcrumbList\",\"@id\":\"https:\/\/endorfeen.com\/fr\/annapurna-une-montagne-legendaire\/#breadcrumb\",\"itemListElement\":[{\"@type\":\"ListItem\",\"position\":1,\"name\":\"Home\",\"item\":\"https:\/\/endorfeen.com\/fr\/\"},{\"@type\":\"ListItem\",\"position\":2,\"name\":\"Annapurna : une montagne l\u00e9gendaire\"}]},{\"@type\":\"WebSite\",\"@id\":\"https:\/\/endorfeen.com\/fr\/#website\",\"url\":\"https:\/\/endorfeen.com\/fr\/\",\"name\":\"endorfeen\",\"description\":\"The Media For Sustainable Outdoors.\",\"publisher\":{\"@id\":\"https:\/\/endorfeen.com\/fr\/#organization\"},\"potentialAction\":[{\"@type\":\"SearchAction\",\"target\":{\"@type\":\"EntryPoint\",\"urlTemplate\":\"https:\/\/endorfeen.com\/fr\/?s={search_term_string}\"},\"query-input\":{\"@type\":\"PropertyValueSpecification\",\"valueRequired\":true,\"valueName\":\"search_term_string\"}}],\"inLanguage\":\"fr-FR\"},{\"@type\":\"Organization\",\"@id\":\"https:\/\/endorfeen.com\/fr\/#organization\",\"name\":\"endorfeen\",\"url\":\"https:\/\/endorfeen.com\/fr\/\",\"logo\":{\"@type\":\"ImageObject\",\"inLanguage\":\"fr-FR\",\"@id\":\"https:\/\/endorfeen.com\/fr\/#\/schema\/logo\/image\/\",\"url\":\"https:\/\/endorfeen.com\/wp-content\/uploads\/2022\/06\/Circle-endorfeen-site-icon-circled-1000-x-1000-300psi.png\",\"contentUrl\":\"https:\/\/endorfeen.com\/wp-content\/uploads\/2022\/06\/Circle-endorfeen-site-icon-circled-1000-x-1000-300psi.png\",\"width\":1000,\"height\":1000,\"caption\":\"endorfeen\"},\"image\":{\"@id\":\"https:\/\/endorfeen.com\/fr\/#\/schema\/logo\/image\/\"}},{\"@type\":\"Person\",\"@id\":\"https:\/\/endorfeen.com\/fr\/#\/schema\/person\/76a61f8eb41d36fffdec1b376fcf19aa\",\"name\":\"Thomas Viguier\",\"image\":{\"@type\":\"ImageObject\",\"inLanguage\":\"fr-FR\",\"@id\":\"https:\/\/endorfeen.com\/fr\/#\/schema\/person\/image\/\",\"url\":\"https:\/\/secure.gravatar.com\/avatar\/3c24e541f6f82c052219429c60a8948b1c9ad8eda6daf26af0a100594146ab1a?s=96&d=mm&r=g\",\"contentUrl\":\"https:\/\/secure.gravatar.com\/avatar\/3c24e541f6f82c052219429c60a8948b1c9ad8eda6daf26af0a100594146ab1a?s=96&d=mm&r=g\",\"caption\":\"Thomas Viguier\"},\"description\":\"Everyone has a story to tell. endorfeen is built as a collaborative platform, giving the voice to anyone with a story to tell. If you have things you want to share, register here.\",\"sameAs\":[\"https:\/\/www.endorfeen.com\/\",\"http:\/\/www.facebook.com\/endorfeen-583261049007200\",\"http:\/\/www.instagram.com\/endorfeen_\/\",\"https:\/\/fi.pinterest.com\/endorfeen_\/\",\"https:\/\/x.com\/https:\/\/twitter.com\/endorfeen_\"],\"url\":\"https:\/\/endorfeen.com\/fr\/linkto\/endorfeen-mag\/\"}]}<\/script>\n<!-- \/ Yoast SEO Premium plugin. -->","yoast_head_json":{"title":"Annapurna, une montagne l\u00e9gendaire - endorfeen","description":"Annapurna : S'\u00e9levant majestueusement au c\u0153ur de l'Himalaya n\u00e9palais, l'Annapurna est un massif montagneux compos\u00e9 de six sommets...","robots":{"index":"index","follow":"follow","max-snippet":"max-snippet:-1","max-image-preview":"max-image-preview:large","max-video-preview":"max-video-preview:-1"},"canonical":"https:\/\/endorfeen.com\/fr\/annapurna-une-montagne-legendaire\/","og_locale":"fr_FR","og_type":"article","og_title":"Annapurna : une montagne l\u00e9gendaire","og_description":"Annapurna : S'\u00e9levant majestueusement au c\u0153ur de l'Himalaya n\u00e9palais, l'Annapurna est un massif montagneux compos\u00e9 de six sommets...","og_url":"https:\/\/endorfeen.com\/fr\/annapurna-une-montagne-legendaire\/","og_site_name":"endorfeen","article_author":"http:\/\/www.facebook.com\/endorfeen-583261049007200","article_published_time":"2023-05-11T07:00:00+00:00","article_modified_time":"2023-08-18T10:01:44+00:00","og_image":[{"width":2560,"height":1707,"url":"https:\/\/endorfeen.com\/wp-content\/uploads\/2023\/05\/raimond-klavins-XJPwusEqW5g-unsplash-scaled.jpg","type":"image\/jpeg"}],"author":"Thomas Viguier","twitter_card":"summary_large_image","twitter_creator":"@https:\/\/twitter.com\/endorfeen_","twitter_misc":{"\u00c9crit par":"Thomas Viguier","Dur\u00e9e de lecture estim\u00e9e":"14 minutes"},"schema":{"@context":"https:\/\/schema.org","@graph":[{"@type":"Article","@id":"https:\/\/endorfeen.com\/fr\/annapurna-une-montagne-legendaire\/#article","isPartOf":{"@id":"https:\/\/endorfeen.com\/fr\/annapurna-une-montagne-legendaire\/"},"author":{"name":"Thomas Viguier","@id":"https:\/\/endorfeen.com\/fr\/#\/schema\/person\/76a61f8eb41d36fffdec1b376fcf19aa"},"headline":"Annapurna : une montagne l\u00e9gendaire","datePublished":"2023-05-11T07:00:00+00:00","dateModified":"2023-08-18T10:01:44+00:00","mainEntityOfPage":{"@id":"https:\/\/endorfeen.com\/fr\/annapurna-une-montagne-legendaire\/"},"wordCount":2864,"commentCount":0,"publisher":{"@id":"https:\/\/endorfeen.com\/fr\/#organization"},"image":{"@id":"https:\/\/endorfeen.com\/fr\/annapurna-une-montagne-legendaire\/#primaryimage"},"thumbnailUrl":"https:\/\/endorfeen.com\/wp-content\/uploads\/2023\/05\/raimond-klavins-XJPwusEqW5g-unsplash-scaled.jpg","keywords":["#Annapurna","#himalaya"],"articleSection":["Lieux","Montagnes"],"inLanguage":"fr-FR","potentialAction":[{"@type":"CommentAction","name":"Comment","target":["https:\/\/endorfeen.com\/fr\/annapurna-une-montagne-legendaire\/#respond"]}]},{"@type":"WebPage","@id":"https:\/\/endorfeen.com\/fr\/annapurna-une-montagne-legendaire\/","url":"https:\/\/endorfeen.com\/fr\/annapurna-une-montagne-legendaire\/","name":"Annapurna, une montagne l\u00e9gendaire - endorfeen","isPartOf":{"@id":"https:\/\/endorfeen.com\/fr\/#website"},"primaryImageOfPage":{"@id":"https:\/\/endorfeen.com\/fr\/annapurna-une-montagne-legendaire\/#primaryimage"},"image":{"@id":"https:\/\/endorfeen.com\/fr\/annapurna-une-montagne-legendaire\/#primaryimage"},"thumbnailUrl":"https:\/\/endorfeen.com\/wp-content\/uploads\/2023\/05\/raimond-klavins-XJPwusEqW5g-unsplash-scaled.jpg","datePublished":"2023-05-11T07:00:00+00:00","dateModified":"2023-08-18T10:01:44+00:00","description":"Annapurna : S'\u00e9levant majestueusement au c\u0153ur de l'Himalaya n\u00e9palais, l'Annapurna est un massif montagneux compos\u00e9 de six sommets...","breadcrumb":{"@id":"https:\/\/endorfeen.com\/fr\/annapurna-une-montagne-legendaire\/#breadcrumb"},"inLanguage":"fr-FR","potentialAction":[{"@type":"ReadAction","target":["https:\/\/endorfeen.com\/fr\/annapurna-une-montagne-legendaire\/"]}]},{"@type":"ImageObject","inLanguage":"fr-FR","@id":"https:\/\/endorfeen.com\/fr\/annapurna-une-montagne-legendaire\/#primaryimage","url":"https:\/\/endorfeen.com\/wp-content\/uploads\/2023\/05\/raimond-klavins-XJPwusEqW5g-unsplash-scaled.jpg","contentUrl":"https:\/\/endorfeen.com\/wp-content\/uploads\/2023\/05\/raimond-klavins-XJPwusEqW5g-unsplash-scaled.jpg","width":2048,"height":1366,"caption":"\u00ae Raimond Klavins, Unsplash"},{"@type":"BreadcrumbList","@id":"https:\/\/endorfeen.com\/fr\/annapurna-une-montagne-legendaire\/#breadcrumb","itemListElement":[{"@type":"ListItem","position":1,"name":"Home","item":"https:\/\/endorfeen.com\/fr\/"},{"@type":"ListItem","position":2,"name":"Annapurna : une montagne l\u00e9gendaire"}]},{"@type":"WebSite","@id":"https:\/\/endorfeen.com\/fr\/#website","url":"https:\/\/endorfeen.com\/fr\/","name":"endorfeen","description":"The Media For Sustainable Outdoors.","publisher":{"@id":"https:\/\/endorfeen.com\/fr\/#organization"},"potentialAction":[{"@type":"SearchAction","target":{"@type":"EntryPoint","urlTemplate":"https:\/\/endorfeen.com\/fr\/?s={search_term_string}"},"query-input":{"@type":"PropertyValueSpecification","valueRequired":true,"valueName":"search_term_string"}}],"inLanguage":"fr-FR"},{"@type":"Organization","@id":"https:\/\/endorfeen.com\/fr\/#organization","name":"endorfeen","url":"https:\/\/endorfeen.com\/fr\/","logo":{"@type":"ImageObject","inLanguage":"fr-FR","@id":"https:\/\/endorfeen.com\/fr\/#\/schema\/logo\/image\/","url":"https:\/\/endorfeen.com\/wp-content\/uploads\/2022\/06\/Circle-endorfeen-site-icon-circled-1000-x-1000-300psi.png","contentUrl":"https:\/\/endorfeen.com\/wp-content\/uploads\/2022\/06\/Circle-endorfeen-site-icon-circled-1000-x-1000-300psi.png","width":1000,"height":1000,"caption":"endorfeen"},"image":{"@id":"https:\/\/endorfeen.com\/fr\/#\/schema\/logo\/image\/"}},{"@type":"Person","@id":"https:\/\/endorfeen.com\/fr\/#\/schema\/person\/76a61f8eb41d36fffdec1b376fcf19aa","name":"Thomas Viguier","image":{"@type":"ImageObject","inLanguage":"fr-FR","@id":"https:\/\/endorfeen.com\/fr\/#\/schema\/person\/image\/","url":"https:\/\/secure.gravatar.com\/avatar\/3c24e541f6f82c052219429c60a8948b1c9ad8eda6daf26af0a100594146ab1a?s=96&d=mm&r=g","contentUrl":"https:\/\/secure.gravatar.com\/avatar\/3c24e541f6f82c052219429c60a8948b1c9ad8eda6daf26af0a100594146ab1a?s=96&d=mm&r=g","caption":"Thomas Viguier"},"description":"Everyone has a story to tell. endorfeen is built as a collaborative platform, giving the voice to anyone with a story to tell. If you have things you want to share, register here.","sameAs":["https:\/\/www.endorfeen.com\/","http:\/\/www.facebook.com\/endorfeen-583261049007200","http:\/\/www.instagram.com\/endorfeen_\/","https:\/\/fi.pinterest.com\/endorfeen_\/","https:\/\/x.com\/https:\/\/twitter.com\/endorfeen_"],"url":"https:\/\/endorfeen.com\/fr\/linkto\/endorfeen-mag\/"}]}},"featured_image_src":"https:\/\/endorfeen.com\/wp-content\/uploads\/2023\/05\/raimond-klavins-XJPwusEqW5g-unsplash-600x400.jpg","featured_image_src_square":"https:\/\/endorfeen.com\/wp-content\/uploads\/2023\/05\/raimond-klavins-XJPwusEqW5g-unsplash-600x600.jpg","author_info":{"display_name":"Thomas Viguier","author_link":"https:\/\/endorfeen.com\/fr\/linkto\/endorfeen-mag\/"},"acf":[],"_links":{"self":[{"href":"https:\/\/endorfeen.com\/fr\/wp-json\/wp\/v2\/posts\/11043","targetHints":{"allow":["GET"]}}],"collection":[{"href":"https:\/\/endorfeen.com\/fr\/wp-json\/wp\/v2\/posts"}],"about":[{"href":"https:\/\/endorfeen.com\/fr\/wp-json\/wp\/v2\/types\/post"}],"author":[{"embeddable":true,"href":"https:\/\/endorfeen.com\/fr\/wp-json\/wp\/v2\/users\/30"}],"replies":[{"embeddable":true,"href":"https:\/\/endorfeen.com\/fr\/wp-json\/wp\/v2\/comments?post=11043"}],"version-history":[{"count":0,"href":"https:\/\/endorfeen.com\/fr\/wp-json\/wp\/v2\/posts\/11043\/revisions"}],"wp:featuredmedia":[{"embeddable":true,"href":"https:\/\/endorfeen.com\/fr\/wp-json\/wp\/v2\/media\/11071"}],"wp:attachment":[{"href":"https:\/\/endorfeen.com\/fr\/wp-json\/wp\/v2\/media?parent=11043"}],"wp:term":[{"taxonomy":"category","embeddable":true,"href":"https:\/\/endorfeen.com\/fr\/wp-json\/wp\/v2\/categories?post=11043"},{"taxonomy":"post_tag","embeddable":true,"href":"https:\/\/endorfeen.com\/fr\/wp-json\/wp\/v2\/tags?post=11043"},{"taxonomy":"sponsor","embeddable":true,"href":"https:\/\/endorfeen.com\/fr\/wp-json\/wp\/v2\/sponsor?post=11043"}],"curies":[{"name":"wp","href":"https:\/\/api.w.org\/{rel}","templated":true}]}}