{"id":10871,"date":"2023-05-04T08:00:00","date_gmt":"2023-05-04T07:00:00","guid":{"rendered":"https:\/\/endorfeen.com\/?p=10871"},"modified":"2023-08-18T11:01:45","modified_gmt":"2023-08-18T10:01:45","slug":"50-randonnee-a-et-autour-d-annecy-de-facile-a-difficile","status":"publish","type":"post","link":"https:\/\/endorfeen.com\/fr\/50-randonnee-a-et-autour-d-annecy-de-facile-a-difficile\/","title":{"rendered":"Randonn\u00e9e Annecy. 50+ aventures, de facile \u00e0 difficile"},"content":{"rendered":"\n<p>Bienvenue dans la Venise des Alpes ! Annecy, ville au charme incontestable, offre un cadre idyllique pour toutes les activit\u00e9s outdoors, et en particulier la randonn\u00e9e. <\/p>\n\n\n\n<p>Bord\u00e9e par des massifs montagneux \u00e9poustouflants, Annecy est un joyau qui ne demande qu&rsquo;\u00e0 \u00eatre explor\u00e9. Avec des sentiers pour tous les niveaux, de la balade familiale \u00e0 l&rsquo;ascension alpine, la r\u00e9gion offre une vari\u00e9t\u00e9 de circuits permettant de d\u00e9couvrir des for\u00eats, des alpages et des sommets calcaires spectaculaires.<\/p>\n\n\n\n<p>Et bien s\u00fbr, le c\u00e9l\u00e8bre Lac d&rsquo;Annecy, offrant un terrain de jeu exceptionnel pour les amateurs de randonn\u00e9e. Dans cet article, nous vous pr\u00e9sentons les meilleurs sentiers de randonn\u00e9e \u00e0 Annecy.<\/p>\n\n\n\n<p><a href=\"#h-randonnees-faciles-annecy\"><strong>Aller directrement aux Randonn\u00e9es Faciles Annecy<\/strong><\/a><br><a href=\"#h-randonnees-annecy-niveau-modere\"><strong>Aller directrement aux Randonn\u00e9es de niveau mod\u00e9r\u00e9 Annecy<\/strong><\/a><br><a href=\"#h-randonnees-annecy-niveau-difficile\"><strong>Aller directrement aux Randonn\u00e9es Difficiles Annecy<\/strong><\/a><\/p>\n\n\n\n<h2 class=\"wp-block-heading\" id=\"h-randonnees-faciles-annecy\">Randonn\u00e9es Faciles Annecy<\/h2>\n\n\n\n<h3 class=\"wp-block-heading\" id=\"h-marais-de-poisy\">Marais de Poisy<\/h3>\n\n\n\n<p>Localit\u00e9 : Poisy<\/p>\n\n\n\n<p>Distance : 1.5km &#8211; Dur\u00e9e : 30min &#8211; D\u00e9nivel\u00e9 : 2m &#8211; Altitude max : 450m &#8211; Niveau : Facile<\/p>\n\n\n\n<figure class=\"wp-block-image size-large\"><img loading=\"lazy\" decoding=\"async\" width=\"1024\" height=\"683\" src=\"https:\/\/endorfeen.com\/wp-content\/uploads\/2023\/04\/Marais_de_Poisy_50933377747-1024x683.jpg\" alt=\"Randonn\u00e9e Annecy - Marais de Poisy\" class=\"wp-image-10874\" srcset=\"https:\/\/endorfeen.com\/wp-content\/uploads\/2023\/04\/Marais_de_Poisy_50933377747-300x200.jpg 300w, https:\/\/endorfeen.com\/wp-content\/uploads\/2023\/04\/Marais_de_Poisy_50933377747-600x400.jpg 600w, https:\/\/endorfeen.com\/wp-content\/uploads\/2023\/04\/Marais_de_Poisy_50933377747-768x512.jpg 768w, https:\/\/endorfeen.com\/wp-content\/uploads\/2023\/04\/Marais_de_Poisy_50933377747-1024x683.jpg 1024w, https:\/\/endorfeen.com\/wp-content\/uploads\/2023\/04\/Marais_de_Poisy_50933377747-1536x1024.jpg 1536w, https:\/\/endorfeen.com\/wp-content\/uploads\/2023\/04\/Marais_de_Poisy_50933377747.jpg 2048w\" sizes=\"auto, (max-width: 1024px) 100vw, 1024px\" \/><figcaption class=\"wp-element-caption\">\u00a9 Guilhem Vellut, Wiki Commons<\/figcaption><\/figure>\n\n\n\n<p>Le sentier d\u00e9couverte du Marais de Poisy, d&rsquo;une longueur de 1,5 km, offre une exp\u00e9rience ludique et th\u00e9matique aux enfants gr\u00e2ce \u00e0 de nombreux panneaux explicatifs sur la faune et la flore du marais. Ce sentier convivial est id\u00e9al pour les familles et est accessible aux poussettes ainsi qu&rsquo;aux personnes en fauteuil roulant.<\/p>\n\n\n\n<p>Lors de la balade, il est possible d&rsquo;observer diverses esp\u00e8ces telles que des libellules, des grenouilles rousses, des crapauds communs, des tritons et des oiseaux tels que la Rousserolle effarvatte et le Milan noir.<\/p>\n\n\n\n<p>Au d\u00e9part du sentier, un point d&rsquo;eau est disponible, et tout au long du parcours, on trouve un observatoire ainsi que des tables de pique-nique pour profiter pleinement de cette immersion dans la nature.<\/p>\n\n\n\n<h3 class=\"wp-block-heading\" id=\"h-balade-patrimoniale-le-thiou-a-annecy\">Balade patrimoniale : Le Thiou \u00e0 Annecy<\/h3>\n\n\n\n<p>Localit\u00e9 : Annecy<\/p>\n\n\n\n<p>Distance : 1.6km &#8211; Dur\u00e9e : 1h &#8211; D\u00e9nivel\u00e9 : 12m &#8211; Altitude max : 463m &#8211; Niveau : Facile<\/p>\n\n\n\n<figure class=\"wp-block-image size-large\"><img loading=\"lazy\" decoding=\"async\" width=\"1024\" height=\"683\" src=\"https:\/\/endorfeen.com\/wp-content\/uploads\/2023\/04\/Thiou_@_Annecy_35501174435-1024x683.jpg\" alt=\"Le Thiou Randonn\u00e9e Annecy\" class=\"wp-image-10877\" srcset=\"https:\/\/endorfeen.com\/wp-content\/uploads\/2023\/04\/Thiou_@_Annecy_35501174435-300x200.jpg 300w, https:\/\/endorfeen.com\/wp-content\/uploads\/2023\/04\/Thiou_@_Annecy_35501174435-600x400.jpg 600w, https:\/\/endorfeen.com\/wp-content\/uploads\/2023\/04\/Thiou_@_Annecy_35501174435-768x512.jpg 768w, https:\/\/endorfeen.com\/wp-content\/uploads\/2023\/04\/Thiou_@_Annecy_35501174435-1024x683.jpg 1024w, https:\/\/endorfeen.com\/wp-content\/uploads\/2023\/04\/Thiou_@_Annecy_35501174435-1536x1024.jpg 1536w, https:\/\/endorfeen.com\/wp-content\/uploads\/2023\/04\/Thiou_@_Annecy_35501174435.jpg 2048w\" sizes=\"auto, (max-width: 1024px) 100vw, 1024px\" \/><figcaption class=\"wp-element-caption\">Le Thiou &#8211; \u00a9 Guilhem Vellut, Wiki Commons<\/figcaption><\/figure>\n\n\n\n<p>Sur un parcours de 8 \u00e9tapes, cette randonn\u00e9e invite \u00e0 suivre le cours du Thiou, \u00e9missaire du Lac d&rsquo;Annecy, tout en d\u00e9couvrant l&rsquo;histoire de ce lieu gr\u00e2ce aux images d&rsquo;antan.<\/p>\n\n\n\n<p>Cette balade est compl\u00e9mentaire \u00e0 une autre randonn\u00e9e ax\u00e9e sur le Thiou \u00ab\u00a0industriel\u00a0\u00bb. Elle d\u00e9bute \u00e0 l&rsquo;ancienne chocolaterie situ\u00e9e aux Marquisats et se termine \u00e0 l&rsquo;\u00e9glise Saint-\u00c9tienne du Pont-Neuf, \u00e0 la limite de Cran-Gevrier.<\/p>\n\n\n\n<p>Les 8 \u00e9tapes abordent les th\u00e8mes suivants :<\/p>\n\n\n\n<ol class=\"wp-block-list\">\n<li>La chocolaterie<\/li>\n\n\n\n<li>Les vannes<\/li>\n\n\n\n<li>Les Moulins<\/li>\n\n\n\n<li>Les Boucheries du pont<\/li>\n\n\n\n<li>Les boucheries au 19e si\u00e8cle<\/li>\n\n\n\n<li>La Manufacture<\/li>\n\n\n\n<li>L&rsquo;\u00cele Saint-Joseph<\/li>\n\n\n\n<li>\u00c9glise Saint-\u00c9tienne du Pont-Neuf Ce circuit a \u00e9t\u00e9 \u00e9labor\u00e9 par l&rsquo;\u00e9quipe des guides-conf\u00e9renciers de la Ville d&rsquo;Annecy, agr\u00e9\u00e9s par le minist\u00e8re de la Culture et sous le label \u00ab\u00a0Ville et pays d&rsquo;Art et d&rsquo;Histoire\u00a0\u00bb.<\/li>\n<\/ol>\n\n\n\n<h3 class=\"wp-block-heading\" id=\"h-decouverte-historique-de-la-vieille-ville\">D\u00e9couverte historique de la vieille ville<\/h3>\n\n\n\n<p>Localit\u00e9 : Annecy<\/p>\n\n\n\n<p>Distance : 1.6km &#8211; Dur\u00e9e : 1h30 &#8211; D\u00e9nivel\u00e9 : 22m &#8211; Altitude max : 481m &#8211; Niveau : Facile<\/p>\n\n\n\n<figure class=\"wp-block-image size-large\"><img loading=\"lazy\" decoding=\"async\" width=\"1024\" height=\"576\" src=\"https:\/\/endorfeen.com\/wp-content\/uploads\/2023\/04\/mathias-reding-WOrvdzuPqDM-unsplash-1024x576.jpg\" alt=\"Vieille Ville - Randonn\u00e9e Annecy\" class=\"wp-image-10879\" srcset=\"https:\/\/endorfeen.com\/wp-content\/uploads\/2023\/04\/mathias-reding-WOrvdzuPqDM-unsplash-300x169.jpg 300w, https:\/\/endorfeen.com\/wp-content\/uploads\/2023\/04\/mathias-reding-WOrvdzuPqDM-unsplash-768x432.jpg 768w, https:\/\/endorfeen.com\/wp-content\/uploads\/2023\/04\/mathias-reding-WOrvdzuPqDM-unsplash-1024x576.jpg 1024w, https:\/\/endorfeen.com\/wp-content\/uploads\/2023\/04\/mathias-reding-WOrvdzuPqDM-unsplash-1536x864.jpg 1536w, https:\/\/endorfeen.com\/wp-content\/uploads\/2023\/04\/mathias-reding-WOrvdzuPqDM-unsplash-scaled.jpg 2048w\" sizes=\"auto, (max-width: 1024px) 100vw, 1024px\" \/><figcaption class=\"wp-element-caption\">\u00a9 Mathias Reding, Unsplash<\/figcaption><\/figure>\n\n\n\n<p>La randonn\u00e9e &lsquo;D\u00e9couverte historique de la vieille ville&rsquo; invite \u00e0 explorer Annecy, r\u00e9put\u00e9e pour son lac aux eaux bleu-vert et ses canaux serpentant \u00e0 travers la vieille ville.<\/p>\n\n\n\n<p>Au cours de cette promenade, il est possible d&rsquo;observer divers vestiges datant du Moyen \u00c2ge, tels que la porte Sainte-Claire et la c\u00f4te Perri\u00e8re. Immergez-vous dans le labyrinthe de ruelles, de petites rues et de ponts qui composent cette charmante cit\u00e9.<\/p>\n\n\n\n<h3 class=\"wp-block-heading\" id=\"h-les-passages-insolites-de-la-vieille-nessy\">Les passages insolites de la vieille Nessy<\/h3>\n\n\n\n<p>Localit\u00e9 : Annecy<\/p>\n\n\n\n<p>Distance : 2.3km &#8211; Dur\u00e9e : 2h &#8211; D\u00e9nivel\u00e9 : 16m &#8211; Altitude max : 481m &#8211; Niveau : Facile<\/p>\n\n\n\n<p>Laissez-vous surprendre par la vieille ville d&rsquo;Annecy en explorant les passages insolites qui relient ses diff\u00e9rents quartiers et d\u00e9couvrez des lieux et b\u00e2timents charg\u00e9s d&rsquo;histoire, parfois m\u00e9connus des habitants eux-m\u00eames. Cette randonn\u00e9e est une invitation \u00e0 remonter le temps et \u00e0 explorer le patrimoine cach\u00e9 de la ville.<\/p>\n\n\n\n<h3 class=\"wp-block-heading\" id=\"h-suivez-la-mouche\">Suivez la mouche<\/h3>\n\n\n\n<p>Localit\u00e9 : Alby-sur-Ch\u00e9ran<\/p>\n\n\n\n<p>Distance : 2.3km &#8211; Dur\u00e9e : 1h15 &#8211; D\u00e9nivel\u00e9 : 71m &#8211; Altitude max : 438m &#8211; Niveau : Facile<\/p>\n\n\n\n<p>Le circuit de randonn\u00e9e intitul\u00e9 \u00ab Suivez la mouche \u00bb vous invite \u00e0 d\u00e9couvrir le riche patrimoine naturel et architectural du village en parcourant ses ruelles et en longeant la rivi\u00e8re du Ch\u00e9ran. Le parcours vous propose de vous arr\u00eater \u00e0 chaque \u00e9tape pour r\u00e9pondre \u00e0 une question, dont la r\u00e9ponse est cach\u00e9e quelques m\u00e8tres plus loin.<\/p>\n\n\n\n<p>Pour les enfants, durant les p\u00e9riodes d\u2019ouverture du mus\u00e9e de la cordonnerie, un jeu de piste est organis\u00e9 pour partir sur les traces du marteau de Cr\u00e9pin, le cordonnier ! Le circuit d&rsquo;une heure (2 km) commence sur la place du Troph\u00e9e et se compose de 12 \u00e9tapes pour reconstituer l&rsquo;histoire du village. Le parcours offre \u00e9galement la possibilit\u00e9 de visiter la chapelle en empruntant le sentier de d\u00e9couverte de la faune et de la flore ou par l\u2019All\u00e9e de la Chapelle, plus facilement praticable \u00e0 pied.<\/p>\n\n\n\n<p>Les parkings gratuits de l\u2019\u00e9glise et du bourg m\u00e9di\u00e9val se trouvent \u00e0 proximit\u00e9 du d\u00e9but du circuit. Pourquoi une mouche ? La forme de la t\u00eate de la mouche \u00e9voquait les ailes d\u2019une mouche, clou que les cordonniers fixaient aux semelles des chaussures. Elle rappelle \u00e9galement les nombreux p\u00eacheurs \u00e0 la mouche du Ch\u00e9ran.<\/p>\n\n\n\n<h3 class=\"wp-block-heading\" id=\"h-decouverte-de-talloires\">D\u00e9couverte de Talloires<\/h3>\n\n\n\n<p>Localit\u00e9 : Talloires-Montmin<\/p>\n\n\n\n<p>Distance : 2.5km &#8211; Dur\u00e9e : 2h &#8211; D\u00e9nivel\u00e9 : 34m &#8211; Altitude max : 480m &#8211; Niveau : Facile<\/p>\n\n\n\n<figure class=\"wp-block-image size-large\"><img loading=\"lazy\" decoding=\"async\" width=\"1024\" height=\"679\" src=\"https:\/\/endorfeen.com\/wp-content\/uploads\/2023\/04\/julie-guzal-HrIF4bSIZIg-unsplash-1024x679.jpg\" alt=\"Talloires - Randonn\u00e9e Annecy\" class=\"wp-image-10881\" srcset=\"https:\/\/endorfeen.com\/wp-content\/uploads\/2023\/04\/julie-guzal-HrIF4bSIZIg-unsplash-300x199.jpg 300w, https:\/\/endorfeen.com\/wp-content\/uploads\/2023\/04\/julie-guzal-HrIF4bSIZIg-unsplash-768x509.jpg 768w, https:\/\/endorfeen.com\/wp-content\/uploads\/2023\/04\/julie-guzal-HrIF4bSIZIg-unsplash-1024x679.jpg 1024w, https:\/\/endorfeen.com\/wp-content\/uploads\/2023\/04\/julie-guzal-HrIF4bSIZIg-unsplash-1536x1018.jpg 1536w, https:\/\/endorfeen.com\/wp-content\/uploads\/2023\/04\/julie-guzal-HrIF4bSIZIg-unsplash-scaled.jpg 2048w\" sizes=\"auto, (max-width: 1024px) 100vw, 1024px\" \/><figcaption class=\"wp-element-caption\">\u00a9 Julie Guzal, Unsplash<\/figcaption><\/figure>\n\n\n\n<p>Nich\u00e9 sur les rives du somptueux lac d&rsquo;Annecy, le village de Talloires est une v\u00e9ritable invitation \u00e0 l&rsquo;\u00e9vasion et \u00e0 la d\u00e9couverte. Dans un cadre enchanteur, cette randonn\u00e9e \u00ab\u00a0D\u00e9couverte de Talloires\u00a0\u00bb vous emm\u00e8ne \u00e0 la rencontre de l&rsquo;histoire et du charme de ce petit coin de paradis alpin.<\/p>\n\n\n\n<p>Au gr\u00e9 de ses ruelles pittoresques, vous aurez l&rsquo;occasion de plonger dans l&rsquo;histoire de Talloires, un village qui a su pr\u00e9server son caract\u00e8re authentique. Ses maisons en pierre, ses toits de lauze et ses fa\u00e7ades fleuries vous transporteront dans un univers empreint de s\u00e9r\u00e9nit\u00e9 et de romantisme. Ne manquez pas de vous arr\u00eater \u00e0 l&rsquo;abbaye de Talloires, un monument historique datant du XIe si\u00e8cle, t\u00e9moin du riche pass\u00e9 de ce village d&rsquo;exception.<\/p>\n\n\n\n<p>Cette charmante balade vous conduit \u00e9galement jusqu&rsquo;au port de Talloires, o\u00f9 vous pourrez admirer les eaux cristallines du lac d&rsquo;Annecy et les montagnes majestueuses qui l&rsquo;entourent. L&rsquo;endroit est id\u00e9al pour une pause d\u00e9tente et pour profiter de la beaut\u00e9 des lieux. Petits et grands, n&rsquo;h\u00e9sitez pas \u00e0 enfiler vos maillots de bain et \u00e0 vous jeter \u00e0 l&rsquo;eau pour vivre une exp\u00e9rience rafra\u00eechissante et inoubliable.<\/p>\n\n\n\n<p>La randonn\u00e9e \u00ab\u00a0D\u00e9couverte de Talloires\u00a0\u00bb est une escapade accessible \u00e0 tous, qui saura ravir les amateurs de nature et d&rsquo;histoire. Chaussez vos baskets et partez fl\u00e2ner dans ce village pittoresque, o\u00f9 vous attendent des instants de pur bonheur et de ressourcement.<\/p>\n\n\n\n<h3 class=\"wp-block-heading\" id=\"h-randonnee-sentier-pedagogique-de-la-reserve-naturelle-du-bout-du-lac\">Randonn\u00e9e : sentier p\u00e9dagogique de la R\u00e9serve naturelle du Bout du Lac<\/h3>\n\n\n\n<p>Localit\u00e9 : Doussard<\/p>\n\n\n\n<p>Distance : 3.2km &#8211; Dur\u00e9e : 1h30 &#8211; D\u00e9nivel\u00e9 : 10m &#8211; Altitude max : 468m &#8211; Niveau : Facile<\/p>\n\n\n\n<figure class=\"wp-block-image size-large\"><img loading=\"lazy\" decoding=\"async\" width=\"1024\" height=\"768\" src=\"https:\/\/endorfeen.com\/wp-content\/uploads\/2023\/04\/Reserve_naturelle_du_Bout-du-Lac_lac3-1024x768.jpeg\" alt=\"Randonn\u00e9e Annecy Reserve_naturelle_du_Bout-du-Lac_lac3\" class=\"wp-image-10883\" srcset=\"https:\/\/endorfeen.com\/wp-content\/uploads\/2023\/04\/Reserve_naturelle_du_Bout-du-Lac_lac3-300x225.jpeg 300w, https:\/\/endorfeen.com\/wp-content\/uploads\/2023\/04\/Reserve_naturelle_du_Bout-du-Lac_lac3-400x300.jpeg 400w, https:\/\/endorfeen.com\/wp-content\/uploads\/2023\/04\/Reserve_naturelle_du_Bout-du-Lac_lac3-768x576.jpeg 768w, https:\/\/endorfeen.com\/wp-content\/uploads\/2023\/04\/Reserve_naturelle_du_Bout-du-Lac_lac3-800x600.jpeg 800w, https:\/\/endorfeen.com\/wp-content\/uploads\/2023\/04\/Reserve_naturelle_du_Bout-du-Lac_lac3-1024x768.jpeg 1024w, https:\/\/endorfeen.com\/wp-content\/uploads\/2023\/04\/Reserve_naturelle_du_Bout-du-Lac_lac3-1200x900.jpeg 1200w, https:\/\/endorfeen.com\/wp-content\/uploads\/2023\/04\/Reserve_naturelle_du_Bout-du-Lac_lac3-1536x1152.jpeg 1536w, https:\/\/endorfeen.com\/wp-content\/uploads\/2023\/04\/Reserve_naturelle_du_Bout-du-Lac_lac3.jpeg 2048w\" sizes=\"auto, (max-width: 1024px) 100vw, 1024px\" \/><figcaption class=\"wp-element-caption\">\u00a9 R\u00e9mih, WIki Commons<\/figcaption><\/figure>\n\n\n\n<p>Situ\u00e9e aux abords du majestueux lac d&rsquo;Annecy, la r\u00e9serve naturelle du Bout du Lac offre une exp\u00e9rience inoubliable pour les passionn\u00e9s de randonn\u00e9e et les amoureux de la nature. Cette derni\u00e8re grande zone humide des bords du lac t\u00e9moigne de l&rsquo;\u00e9volution des milieux depuis 20 000 ans, offrant ainsi un voyage fascinant \u00e0 travers le temps.<\/p>\n\n\n\n<p>Le sentier p\u00e9dagogique de la r\u00e9serve est une invitation \u00e0 d\u00e9couvrir les richesses de ce lieu unique. Accessible \u00e0 tous, y compris aux personnes \u00e0 mobilit\u00e9 r\u00e9duite, il s&rsquo;\u00e9tend sur 1,6 km et permet de s&rsquo;immerger dans la beaut\u00e9 sauvage du site. Que vous soyez en visite libre ou guid\u00e9e, vous aurez l&rsquo;occasion d&rsquo;explorer les divers aspects de l&rsquo;histoire de la r\u00e9serve naturelle, tout en profitant de la qui\u00e9tude de ces paysages pr\u00e9serv\u00e9s.<\/p>\n\n\n\n<p>La tour m\u00e9di\u00e9vale de Beauvivier, menac\u00e9e d&rsquo;effondrement il y a quelques ann\u00e9es, a \u00e9t\u00e9 restaur\u00e9e et transform\u00e9e en un observatoire unique. Depuis son sommet, les randonneurs peuvent admirer un panorama \u00e9poustouflant sur la r\u00e9serve et les montagnes environnantes.<\/p>\n\n\n\n<p>Depuis mai 2010, la r\u00e9serve naturelle du Bout du Lac est devenue accessible au public handicap\u00e9. Gr\u00e2ce \u00e0 des am\u00e9nagements sp\u00e9cifiques, le sentier est praticable par tous, offrant ainsi une exp\u00e9rience inclusive et enrichissante. Pour une visite encore plus immersive, des animateurs d&rsquo;Asters peuvent organiser des sorties sur site pour les groupes de personnes handicap\u00e9es ou mixtes, valides et handicap\u00e9es.<\/p>\n\n\n\n<p>Venez d\u00e9couvrir la r\u00e9serve naturelle du Bout du Lac et laissez-vous charmer par la beaut\u00e9 de ses paysages et la richesse de son patrimoine, le tout dans un cadre accessible et adapt\u00e9 \u00e0 tous les amoureux de la nature.<\/p>\n\n\n\n<h3 class=\"wp-block-heading\" id=\"h-la-petite-boucle-du-taillefer-le-mont-gerbet\">La petite boucle du Taillefer : le Mont Gerbet<\/h3>\n\n\n\n<p>Localit\u00e9 : Duingt<\/p>\n\n\n\n<p>Distance : 3.2km &#8211; Dur\u00e9e : 1h20 &#8211; D\u00e9nivel\u00e9 : 260m &#8211; Altitude max : 654m &#8211; Niveau : Facile<\/p>\n\n\n\n<p>La petite boucle du Taillefer par le Mont Gerbet est une randonn\u00e9e ais\u00e9e offrant de splendides panoramas sur le lac et le village de Duingt. La premi\u00e8re partie de la balade, menant jusqu&rsquo;au belv\u00e9d\u00e8re en environ 10 minutes de marche, est ponctu\u00e9e de bancs et convient \u00e0 tous gr\u00e2ce \u00e0 un chemin goudronn\u00e9.<\/p>\n\n\n\n<p>Menant jusqu&rsquo;au plateau et \u00e0 la bifurcation pour le circuit court, la deuxi\u00e8me partie est adapt\u00e9e aux enfants de 8 \u00e0 10 ans et plus. Des bancs sont \u00e9galement disponibles pour profiter de la vue. Voici quelques recommandations pour cette randonn\u00e9e :<\/p>\n\n\n\n<ul class=\"wp-block-list\">\n<li>Prendre la ligne de bus 51-52 Annecy &#8211; Albertville, arr\u00eat \u00c9glise.<\/li>\n\n\n\n<li>Suivre les fl\u00e8ches jaunes et la signal\u00e9tique sur plaques.<\/li>\n\n\n\n<li>\u00c9viter ce circuit apr\u00e8s de fortes pluies.<\/li>\n\n\n\n<li>Pr\u00e9voir des chaussures de randonn\u00e9e, de l&rsquo;eau, un pique-nique ou un go\u00fbter, un coupe-vent, des jumelles et un appareil photo.<\/li>\n<\/ul>\n\n\n\n<h3 class=\"wp-block-heading\" id=\"h-col-de-la-frasse\">Col de la Frasse<\/h3>\n\n\n\n<p>Localit\u00e9 : Entrevernes<\/p>\n\n\n\n<p>Distance : 3.5km &#8211; Dur\u00e9e : 1h15 &#8211; D\u00e9nivel\u00e9 : 268m &#8211; Altitude max : 1401m &#8211; Niveau : Facile<\/p>\n\n\n\n<figure class=\"wp-block-image size-large\"><img loading=\"lazy\" decoding=\"async\" width=\"1024\" height=\"768\" src=\"https:\/\/endorfeen.com\/wp-content\/uploads\/2023\/04\/Dents_de_lanfon_from_col_de_la_Frasse-1024x768.jpg\" alt=\"Randonn\u00e9e Annecy - Col de La Frasse\" class=\"wp-image-10885\" srcset=\"https:\/\/endorfeen.com\/wp-content\/uploads\/2023\/04\/Dents_de_lanfon_from_col_de_la_Frasse-300x225.jpg 300w, https:\/\/endorfeen.com\/wp-content\/uploads\/2023\/04\/Dents_de_lanfon_from_col_de_la_Frasse-400x300.jpg 400w, https:\/\/endorfeen.com\/wp-content\/uploads\/2023\/04\/Dents_de_lanfon_from_col_de_la_Frasse-768x576.jpg 768w, https:\/\/endorfeen.com\/wp-content\/uploads\/2023\/04\/Dents_de_lanfon_from_col_de_la_Frasse-800x600.jpg 800w, https:\/\/endorfeen.com\/wp-content\/uploads\/2023\/04\/Dents_de_lanfon_from_col_de_la_Frasse-1024x768.jpg 1024w, https:\/\/endorfeen.com\/wp-content\/uploads\/2023\/04\/Dents_de_lanfon_from_col_de_la_Frasse-1200x900.jpg 1200w, https:\/\/endorfeen.com\/wp-content\/uploads\/2023\/04\/Dents_de_lanfon_from_col_de_la_Frasse-1536x1152.jpg 1536w, https:\/\/endorfeen.com\/wp-content\/uploads\/2023\/04\/Dents_de_lanfon_from_col_de_la_Frasse-scaled.jpg 2048w\" sizes=\"auto, (max-width: 1024px) 100vw, 1024px\" \/><figcaption class=\"wp-element-caption\">\u00a9 R\u00e9mih, WIki Commons<\/figcaption><\/figure>\n\n\n\n<p>Nich\u00e9 au c\u0153ur des Bauges et \u00e0 seulement 10 km au-dessus du lac d&rsquo;Annecy, l&rsquo;alpage de la Frasse est le point de d\u00e9part d&rsquo;une randonn\u00e9e facile offrant de superbes panoramas. Cette balade est un v\u00e9ritable enchantement pour les amoureux de la montagne, qui pourront profiter de vues imprenables sur les montagnes du lac d&rsquo;Annecy d&rsquo;un c\u00f4t\u00e9, et sur les sommets des Bauges de l&rsquo;autre.<\/p>\n\n\n\n<p>Situ\u00e9e au-dessus du village d&rsquo;Entrevernes, dans le vallon du m\u00eame nom, cette randonn\u00e9e familiale est particuli\u00e8rement adapt\u00e9e aux enfants. Elle offre un espace de jeux et un superbe site pour pique-niquer, faisant de cette escapade un moment convivial et ludique pour toute la famille.<\/p>\n\n\n\n<p>Le Col de la Frasse invite les randonneurs \u00e0 se ressourcer au milieu des montagnes, \u00e0 savourer la beaut\u00e9 des paysages et \u00e0 respirer l&rsquo;air pur de ces hauteurs alpines. Que ce soit pour une journ\u00e9e d&rsquo;\u00e9vasion ou une sortie en famille, cette randonn\u00e9e est une occasion unique de se reconnecter \u00e0 la nature et de d\u00e9couvrir les tr\u00e9sors cach\u00e9s des Bauges et des montagnes du lac d&rsquo;Annecy.<\/p>\n\n\n\n<h3 class=\"wp-block-heading\" id=\"h-sur-les-pas-de-saint-francois-de-sales\">Sur les pas de Saint-Fran\u00e7ois de Sales<\/h3>\n\n\n\n<p>Localit\u00e9 : Annecy<\/p>\n\n\n\n<p>Distance : 3km &#8211; Dur\u00e9e : 2h30 &#8211; D\u00e9nivel\u00e9 : 62m &#8211; Altitude max : n\/c &#8211; Niveau : Facile<\/p>\n\n\n\n<p>La randonn\u00e9e &lsquo;Sur les pas de Saint-Fran\u00e7ois de Sales&rsquo; permet d&rsquo;explorer les rues et ruelles du vieil Annecy en suivant les traces de Fran\u00e7ois de Sales et Jeanne de Chantal, qui ont foul\u00e9 ces pav\u00e9s au XVIIe si\u00e8cle. Les marcheurs d\u00e9couvriront l&rsquo;atmosph\u00e8re de l&rsquo;\u00e9poque, o\u00f9 commer\u00e7ants, paysans, artisans et m\u00e9nag\u00e8res se c\u00f4toyaient.<\/p>\n\n\n\n<p>En parcourant les rues, les randonneurs pourront appr\u00e9hender l&rsquo;impact intellectuel et spirituel de Fran\u00e7ois de Sales sur la ville. Le point de d\u00e9part de cette promenade historique se trouve rue de la Providence, pr\u00e8s du parking Tr\u00e9sum. Le parcours est accessible aux personnes en fauteuil roulant, \u00e0 condition d&rsquo;\u00e9viter les escaliers menant \u00e0 la Basilique et de les contourner par la route.<\/p>\n\n\n\n<p>Cette randonn\u00e9e a \u00e9t\u00e9 con\u00e7ue en collaboration avec le Dioc\u00e8se d&rsquo;Annecy, \u00e0 l&rsquo;occasion du 400e anniversaire du d\u00e9c\u00e8s de Saint-Fran\u00e7ois de Sales. Des documents compl\u00e9mentaires sont disponibles aupr\u00e8s du Dioc\u00e8se d&rsquo;Annecy.<\/p>\n\n\n\n<h3 class=\"wp-block-heading\" id=\"h-marais-de-l-enfer\">Marais de l\u2019Enfer<\/h3>\n\n\n\n<p>Localit\u00e9 : Saint-Jorioz<\/p>\n\n\n\n<p>Distance : 4.1km &#8211; Dur\u00e9e : 2h &#8211; D\u00e9nivel\u00e9 : 18m &#8211; Altitude max : 464m &#8211; Niveau : Facile<\/p>\n\n\n\n<figure class=\"wp-block-image size-large\"><img loading=\"lazy\" decoding=\"async\" width=\"1024\" height=\"768\" src=\"https:\/\/endorfeen.com\/wp-content\/uploads\/2023\/04\/Marais_de_lEnfer_@_Lake_Annecy_@_Saint-Jorioz_50488620977-1024x768.jpg\" alt=\"Marais de l'Enfer Randonn\u00e9e Annecy\" class=\"wp-image-10887\" srcset=\"https:\/\/endorfeen.com\/wp-content\/uploads\/2023\/04\/Marais_de_lEnfer_@_Lake_Annecy_@_Saint-Jorioz_50488620977-300x225.jpg 300w, https:\/\/endorfeen.com\/wp-content\/uploads\/2023\/04\/Marais_de_lEnfer_@_Lake_Annecy_@_Saint-Jorioz_50488620977-400x300.jpg 400w, https:\/\/endorfeen.com\/wp-content\/uploads\/2023\/04\/Marais_de_lEnfer_@_Lake_Annecy_@_Saint-Jorioz_50488620977-768x576.jpg 768w, https:\/\/endorfeen.com\/wp-content\/uploads\/2023\/04\/Marais_de_lEnfer_@_Lake_Annecy_@_Saint-Jorioz_50488620977-800x600.jpg 800w, https:\/\/endorfeen.com\/wp-content\/uploads\/2023\/04\/Marais_de_lEnfer_@_Lake_Annecy_@_Saint-Jorioz_50488620977-1024x768.jpg 1024w, https:\/\/endorfeen.com\/wp-content\/uploads\/2023\/04\/Marais_de_lEnfer_@_Lake_Annecy_@_Saint-Jorioz_50488620977-1200x900.jpg 1200w, https:\/\/endorfeen.com\/wp-content\/uploads\/2023\/04\/Marais_de_lEnfer_@_Lake_Annecy_@_Saint-Jorioz_50488620977-1536x1152.jpg 1536w, https:\/\/endorfeen.com\/wp-content\/uploads\/2023\/04\/Marais_de_lEnfer_@_Lake_Annecy_@_Saint-Jorioz_50488620977-scaled.jpg 2048w\" sizes=\"auto, (max-width: 1024px) 100vw, 1024px\" \/><figcaption class=\"wp-element-caption\">\u00a9 Guilhem Vellut, Wiki Commons<\/figcaption><\/figure>\n\n\n\n<p>D\u00e9couvrez la fascinante randonn\u00e9e du Marais de l&rsquo;Enfer, une balade qui vous m\u00e8nera au c\u0153ur d&rsquo;un paysage naturel unique. Accessible exclusivement \u00e0 pied, le sentier serpente \u00e0 travers le marais et longe le lac, offrant de superbes panoramas sur les montagnes environnantes, les roseli\u00e8res et le lac lui-m\u00eame. <\/p>\n\n\n\n<p>Pour cette randonn\u00e9e d&rsquo;Annecy, n&rsquo;oubliez pas d&#8217;emporter de l&rsquo;eau, un encas et, pourquoi pas, des jumelles pour observer les oiseaux qui peuplent cette zone exceptionnelle. Laissez-vous charmer par cette escapade naturelle qui allie beaut\u00e9 et s\u00e9r\u00e9nit\u00e9.<\/p>\n\n\n\n<h3 class=\"wp-block-heading\" id=\"h-cascades-d-angon-depuis-verel\">Cascades d\u2019Angon depuis V\u00e9rel<\/h3>\n\n\n\n<p>Localit\u00e9 : Talloires-Montmin<\/p>\n\n\n\n<p>Distance : 4.3km &#8211; Dur\u00e9e : 1h30 &#8211; D\u00e9nivel\u00e9 : 259m &#8211; Altitude max : 758m &#8211; Niveau : Facile<\/p>\n\n\n\n<figure class=\"wp-block-image size-full is-resized\"><img loading=\"lazy\" decoding=\"async\" src=\"https:\/\/endorfeen.com\/wp-content\/uploads\/2023\/04\/Cascade_dAngon.jpg\" alt=\"\" class=\"wp-image-10889\" width=\"803\" height=\"1071\" srcset=\"https:\/\/endorfeen.com\/wp-content\/uploads\/2023\/04\/Cascade_dAngon-225x300.jpg 225w, https:\/\/endorfeen.com\/wp-content\/uploads\/2023\/04\/Cascade_dAngon.jpg 768w\" sizes=\"auto, (max-width: 803px) 100vw, 803px\" \/><figcaption class=\"wp-element-caption\">\u00a9 historicair, <a href=\"https:\/\/commons.wikimedia.org\/wiki\/File:Cascade_d%27Angon.jpg\" target=\"_blank\" rel=\"noreferrer noopener\">Wiki Commons<\/a><\/figcaption><\/figure>\n\n\n\n<p>Pour ceux qui souhaitent admirer les spectaculaires Cascades d&rsquo;Angon sans \u00eatre des randonneurs exp\u00e9riment\u00e9s ou accompagn\u00e9s de jeunes enfants, le parcours des Cascades d&rsquo;Angon depuis V\u00e9rel est une option id\u00e9ale. Facile et court, ce sentier offre une occasion unique d&rsquo;observer de pr\u00e8s cette curiosit\u00e9 de la nature.<\/p>\n\n\n\n<p>La plus haute des chutes s&rsquo;\u00e9l\u00e8ve \u00e0 environ 65 m\u00e8tres, aliment\u00e9e par les eaux d\u00e9valant des montagnes des Dents de Lanfon et du Massif de la Tournette. La cascade franchit une barri\u00e8re rocheuse de calcaire, r\u00e9sultant du plissement g\u00e9ologique et dont les eaux ont creus\u00e9 la ravine au-dessus d&rsquo;Angon.<\/p>\n\n\n\n<p>Cette balade bucolique offre \u00e9galement de tr\u00e8s beaux panoramas sur les cha\u00eenes de la Tournette et des Dents de Lanfon. Toutefois, il est important de noter que le chemin d&rsquo;acc\u00e8s aux cascades peut \u00eatre glissant en tout temps.<\/p>\n\n\n\n<p>Informations pratiques :<\/p>\n\n\n\n<ul class=\"wp-block-list\">\n<li>Parking de V\u00e9rel &#8211; chemin de la Closette : payant de juin \u00e0 septembre (ainsi que tous les parkings de Talloires\/Montmin)<\/li>\n\n\n\n<li>Pr\u00e9voir des chaussures adapt\u00e9es<\/li>\n\n\n\n<li>Parcours praticable en toutes saisons, mais attention au terrain glissant voire boueux<\/li>\n<\/ul>\n\n\n\n<h3 class=\"wp-block-heading\" id=\"h-chateau-de-menthon-st-bernard-par-les-hameaux\">Ch\u00e2teau de Menthon-St-Bernard par les hameaux<\/h3>\n\n\n\n<p>Localit\u00e9 : Menthon-Saint-Bernard<\/p>\n\n\n\n<p>Distance : 4.5km &#8211; Dur\u00e9e : 2h &#8211; D\u00e9nivel\u00e9 : 134m &#8211; Altitude max : 601m &#8211; Niveau : Facile<\/p>\n\n\n\n<figure class=\"wp-block-image size-large\"><img loading=\"lazy\" decoding=\"async\" width=\"1024\" height=\"679\" src=\"https:\/\/endorfeen.com\/wp-content\/uploads\/2023\/04\/Castle_Of_Menthon_St_Bernard_217507973-1024x679.jpeg\" alt=\"Randonn\u00e9e annecy - Chateay Menthon St Bernard\" class=\"wp-image-10892\" srcset=\"https:\/\/endorfeen.com\/wp-content\/uploads\/2023\/04\/Castle_Of_Menthon_St_Bernard_217507973-300x199.jpeg 300w, https:\/\/endorfeen.com\/wp-content\/uploads\/2023\/04\/Castle_Of_Menthon_St_Bernard_217507973-768x509.jpeg 768w, https:\/\/endorfeen.com\/wp-content\/uploads\/2023\/04\/Castle_Of_Menthon_St_Bernard_217507973-1024x679.jpeg 1024w, https:\/\/endorfeen.com\/wp-content\/uploads\/2023\/04\/Castle_Of_Menthon_St_Bernard_217507973-1536x1018.jpeg 1536w, https:\/\/endorfeen.com\/wp-content\/uploads\/2023\/04\/Castle_Of_Menthon_St_Bernard_217507973.jpeg 2048w\" sizes=\"auto, (max-width: 1024px) 100vw, 1024px\" \/><figcaption class=\"wp-element-caption\"> Ch\u00e2teau de Menthon-Saint-Bernard &#8211; \u00a9 <a href=\"https:\/\/500px.com\/robinferand\">Robin F\u00e9rand<\/a>, Wiki Commons<\/figcaption><\/figure>\n\n\n\n<p>Cette balade familiale vous emm\u00e8ne \u00e0 la d\u00e9couverte des pittoresques hameaux de Ramponnet et Les Moulins, en passant par le majestueux Ch\u00e2teau de Menthon-Saint-Bernard. De magnifiques points de vue sur le lac d&rsquo;Annecy et les montagnes environnantes s&rsquo;offrent \u00e0 vous tout au long du parcours.<\/p>\n\n\n\n<p>N&rsquo;oubliez pas d&#8217;emporter votre appareil photo pour immortaliser ces moments ! Cette randonn\u00e9e est praticable toute l&rsquo;ann\u00e9e, \u00e0 pied ou en VTT, et offre des paysages diff\u00e9rents \u00e0 chaque saison. Il est n\u00e9anmoins recommand\u00e9 de chausser une bonne paire de baskets pour profiter pleinement de cette balade. Bonne randonn\u00e9e !<\/p>\n\n\n\n<h3 class=\"wp-block-heading\" id=\"h-sentier-de-decouvertes-les-roselieres\">Sentier de d\u00e9couvertes \u201cLes Roseli\u00e8res\u201d<\/h3>\n\n\n\n<p>Localit\u00e9 : Saint-Jorioz<\/p>\n\n\n\n<p>Distance : 4.5km &#8211; Dur\u00e9e : 1h30 &#8211; D\u00e9nivel\u00e9 : n\/c &#8211; Altitude max : 454m &#8211; Niveau : Facile<\/p>\n\n\n\n<p>A Saint-Jorioz, laissez-vous s\u00e9duire par une charmante promenade au bord du lac, \u00e0 travers un espace naturel prot\u00e9g\u00e9 : les roseli\u00e8res. Cette balade familiale allie histoire et nature, offrant un cadre id\u00e9al pour une sortie d\u00e9tente. Le sentier est accessible aux poussettes et aux fauteuils roulants avec assistance.<\/p>\n\n\n\n<p>Au d\u00e9part de l&#8217;embarcad\u00e8re, suivez le sentier th\u00e9matique ponctu\u00e9 de panneaux informatifs. Vous d\u00e9couvrirez l&rsquo;une des plus vastes roseli\u00e8res du lac d&rsquo;Annecy, une zone prot\u00e9g\u00e9e abritant de nombreux oiseaux aquatiques.<\/p>\n\n\n\n<p>Cette randonn\u00e9e se r\u00e9alise en aller-retour, offrant \u00e0 chaque pas une exp\u00e9rience riche et \u00e9ducative.<\/p>\n\n\n\n<h3 class=\"wp-block-heading\" id=\"h-le-plateau-du-semnoz\">Le Plateau du Semnoz<\/h3>\n\n\n\n<p>Localit\u00e9 : Viuz-la-Chi\u00e9saz<\/p>\n\n\n\n<p>Distance : 5.2km &#8211; Dur\u00e9e : 1h40 &#8211; D\u00e9nivel\u00e9 : 110m &#8211; Altitude max : 1659m &#8211; Niveau : Facile<\/p>\n\n\n\n<figure class=\"wp-block-image size-large is-resized\"><img loading=\"lazy\" decoding=\"async\" src=\"https:\/\/endorfeen.com\/wp-content\/uploads\/2023\/04\/Plateau_du_semnoz-1024x768.jpeg\" alt=\"Randonn\u00e9e Annecy - Plateau du Semnoz\" class=\"wp-image-10894\" width=\"800\" height=\"600\" srcset=\"https:\/\/endorfeen.com\/wp-content\/uploads\/2023\/04\/Plateau_du_semnoz-300x225.jpeg 300w, https:\/\/endorfeen.com\/wp-content\/uploads\/2023\/04\/Plateau_du_semnoz-400x300.jpeg 400w, https:\/\/endorfeen.com\/wp-content\/uploads\/2023\/04\/Plateau_du_semnoz-768x576.jpeg 768w, https:\/\/endorfeen.com\/wp-content\/uploads\/2023\/04\/Plateau_du_semnoz-800x600.jpeg 800w, https:\/\/endorfeen.com\/wp-content\/uploads\/2023\/04\/Plateau_du_semnoz-1024x768.jpeg 1024w, https:\/\/endorfeen.com\/wp-content\/uploads\/2023\/04\/Plateau_du_semnoz-1200x900.jpeg 1200w, https:\/\/endorfeen.com\/wp-content\/uploads\/2023\/04\/Plateau_du_semnoz-1536x1152.jpeg 1536w, https:\/\/endorfeen.com\/wp-content\/uploads\/2023\/04\/Plateau_du_semnoz-scaled.jpeg 2048w\" sizes=\"auto, (max-width: 800px) 100vw, 800px\" \/><figcaption class=\"wp-element-caption\">Pl\u00e2teau du Semnoz &#8211; \u00a9 Olivier THOMAS, Wiki Commons<\/figcaption><\/figure>\n\n\n\n<p>Le Plateau du Semnoz est une randonn\u00e9e incontournable pour les amateurs de balades autour du lac d&rsquo;Annecy. Gr\u00e2ce \u00e0 son acc\u00e8s ais\u00e9 et son faible d\u00e9nivel\u00e9, elle offre une opportunit\u00e9 unique de d\u00e9couvrir la montagne et de profiter d&rsquo;un panorama exceptionnel \u00e0 360 degr\u00e9s. Les sommets du Mont-Blanc, de la Tournette, des Aravis et des Bauges s&rsquo;\u00e9tendent \u00e0 l&rsquo;horizon.<\/p>\n\n\n\n<p>Cette escapade permet \u00e9galement d&rsquo;explorer les alpages et de savourer l&rsquo;atmosph\u00e8re d&rsquo;altitude. Le Plateau du Semnoz est une randonn\u00e9e de 8,4 km, accessible \u00e0 tous les niveaux. Sans grandes difficult\u00e9s, elle m\u00e8ne \u00e0 un panorama \u00e9poustouflant digne des randonn\u00e9es plus exigeantes.<\/p>\n\n\n\n<p>Depuis les hauteurs, les montagnes s&rsquo;\u00e9tendent \u00e0 perte de vue, avec le Mont-Blanc, la Tournette, les Aravis et les Bauges en toile de fond.<\/p>\n\n\n\n<p>Situ\u00e9 pr\u00e8s de Leschaux en Haute-Savoie, ce parcours contourne le Plateau de Semnoz, un vaste promontoire calcaire surplombant le lac d&rsquo;Annecy. Le chemin serpente \u00e0 travers les p\u00e2turages de montagne jusqu&rsquo;au Cr\u00eat de l&rsquo;Aigle, point culminant de l&rsquo;itin\u00e9raire. L\u00e0, une table d&rsquo;orientation permet d&rsquo;identifier les montagnes du Mont-Blanc, des Aravis, des Bauges et du Jura, ainsi que les lacs d&rsquo;Annecy, du Bourget et une partie du lac L\u00e9man.<\/p>\n\n\n\n<h3 class=\"wp-block-heading\" id=\"h-tour-du-roc-de-chere\">Tour du Roc de Ch\u00e8re<\/h3>\n\n\n\n<p>Localit\u00e9 : Talloires-Montmin<\/p>\n\n\n\n<p>Distance : 5.4km &#8211; Dur\u00e9e : 2h &#8211; D\u00e9nivel\u00e9 : 178m &#8211; Altitude max : 648m &#8211; Niveau : Facile<\/p>\n\n\n\n<p>La randonn\u00e9e &lsquo;Tour du Roc de Ch\u00e8re&rsquo; emm\u00e8ne les marcheurs \u00e0 travers la r\u00e9serve naturelle du Roc de Ch\u00e8re, un massif montagneux forestier de 200 hectares s&rsquo;\u00e9tendant sur les rives du lac d&rsquo;Annecy, entre Menthon-Saint-Bernard et Talloires-Montmin. \u00c9chappant \u00e0 l&rsquo;urbanisation, cette zone pr\u00e9serv\u00e9e offre un cadre exceptionnel pour d\u00e9couvrir la nature et profiter de panoramas \u00e9poustouflants.<\/p>\n\n\n\n<p>Gr\u00e2ce \u00e0 sa superficie r\u00e9duite et \u00e0 sa topographie l\u00e9g\u00e8rement vallonn\u00e9e, le Roc de Ch\u00e8re se pr\u00eate parfaitement \u00e0 une exploration facile et adapt\u00e9e aux familles. Cette randonn\u00e9e est id\u00e9ale pour ceux qui souhaitent s&rsquo;\u00e9merveiller devant les paysages montagneux tout en profitant d&rsquo;une promenade accessible et agr\u00e9able.<\/p>\n\n\n\n<h3 class=\"wp-block-heading\" id=\"h-circuit-de-la-tour-et-malassoire\">Circuit de la Tour et Malassoire<\/h3>\n\n\n\n<p>Localit\u00e9 : Groisy<\/p>\n\n\n\n<p>Distance : 5.4km &#8211; Dur\u00e9e : 1h45 &#8211; D\u00e9nivel\u00e9 : 150m &#8211; Altitude max : 840m &#8211; Niveau : Facile<\/p>\n\n\n\n<p>Cette agr\u00e9able randonn\u00e9e familiale vous m\u00e8nera \u00e0 travers la campagne et offrira une vue imprenable sur les massifs environnants, notamment le Parmelan, la Tournette et les Bauges. Si le ciel est clair, le lac d&rsquo;Annecy pourra m\u00eame se dessiner \u00e0 l&rsquo;horizon ! Cette balade champ\u00eatre est accessible toute l&rsquo;ann\u00e9e, chaque saison d\u00e9voilant un d\u00e9cor diff\u00e9rent. Cependant, en automne et en hiver, il est conseill\u00e9 de se renseigner aupr\u00e8s de la Mairie de Groisy pour conna\u00eetre les jours de chasse. Suivez simplement les indications fl\u00e9ch\u00e9es en jaune pour profiter d&rsquo;une belle promenade sans souci.<\/p>\n\n\n\n<h3 class=\"wp-block-heading\" id=\"h-balade-patrimoniale-le-thiou-industriel\">Balade patrimoniale : Le Thiou industriel<\/h3>\n\n\n\n<p>Localit\u00e9 : Annecy<\/p>\n\n\n\n<p>Distance : 5.6km &#8211; Dur\u00e9e : 1h30 &#8211; D\u00e9nivel\u00e9 : 47m &#8211; Altitude max : 462m &#8211; Niveau : Facile<\/p>\n\n\n\n<p>Suivez le cours du Thiou en 7 \u00e9tapes lors de cette balade patrimoniale, du quartier de la Mandallaz jusqu&rsquo;aux Passerelles \u00e0 Cran. Prolongeant la balade historique autour du Thiou au centre-ville, cette promenade vous emm\u00e8ne le long d&rsquo;un sentier plat et de passerelles qui traversent le Thiou \u00e0 diff\u00e9rents endroits.<\/p>\n\n\n\n<p>Veuillez noter que l&rsquo;itin\u00e9raire n&rsquo;est pas enti\u00e8rement accessible aux fauteuils roulants. Le passage sous la voie \u00ab\u00a0Rocade\u00a0\u00bb et au croisement avec la voie ferr\u00e9e est accident\u00e9 et en pente.<\/p>\n\n\n\n<p>Les \u00e9tapes incluent des sites historiques et industriels tels que l&rsquo;ancienne Fromagerie Reignier, l&rsquo;abattoir de 1893, la Voie ferr\u00e9e sur le Thiou, la Cartonnerie Aussedat sur l&rsquo;Ile aux Vannes, le Tissage de Cran, les Papeteries et les Fonderies et forges de Cran.<\/p>\n\n\n\n<p>Con\u00e7ue par l&rsquo;\u00e9quipe des guides-conf\u00e9renciers de la Ville d&rsquo;Annecy, agr\u00e9\u00e9s par le minist\u00e8re de la Culture sous le label \u00ab\u00a0Ville et pays d&rsquo;Art et d&rsquo;Histoire\u00a0\u00bb, cette balade de 7 km se d\u00e9roule en plein c\u0153ur d&rsquo;Annecy. Parfait pour une excursion en famille, en couple ou entre amis, ce circuit facile et agr\u00e9able permet de d\u00e9couvrir la ville sous un autre angle.<\/p>\n\n\n\n<p>Pour d\u00e9marrer la balade, rendez-vous au Pont Neuf ou \u00e0 l&rsquo;\u00e9glise Saint-Etienne (rue de l\u2019Isernon). Pr\u00e9voyez des chaussures confortables pour ce chemin en terre.<\/p>\n\n\n\n<p>Cette randonn\u00e9e, adapt\u00e9e \u00e0 la course et \u00e0 la marche, est ouverte toute l&rsquo;ann\u00e9e et offre un cadre magnifique en toutes saisons. Les chiens sont les bienvenus, mais doivent \u00eatre tenus en laisse.<\/p>\n\n\n\n<p>Le parcours commence au Quai de Bayreuth, \u00e0 l&#8217;embouchure du lac d&rsquo;Annecy, et longe le Thiou jusqu&rsquo;\u00e0 la chapelle de l&rsquo;Espace des Forges. Vous d\u00e9couvrirez le Palais de l&rsquo;Isle, l&rsquo;Ile Saint-Joseph, le Pont Neuf, la Place des Laurentides et l&rsquo;Ile Mercier, entre autres.<\/p>\n\n\n\n<h3 class=\"wp-block-heading\" id=\"h-la-venise-des-alpes\">La Venise des Alpes<\/h3>\n\n\n\n<p>Localit\u00e9 : Annecy<\/p>\n\n\n\n<p>Distance : 5.9km &#8211; Dur\u00e9e : 3h &#8211; D\u00e9nivel\u00e9 : 50m &#8211; Altitude max : 521m &#8211; Niveau : Facile<\/p>\n\n\n\n<p>S&rsquo;\u00e9levant majestueusement au c\u0153ur des montagnes, Annecy, la \u00ab\u00a0Venise des Alpes\u00a0\u00bb, est une destination r\u00eav\u00e9e pour les amateurs de randonn\u00e9e et de paysages grandioses. En parcourant ses ruelles pav\u00e9es et en suivant le fil de l&rsquo;eau, on d\u00e9couvre une ville aux mille facettes, o\u00f9 histoire et nature se marient harmonieusement.<\/p>\n\n\n\n<p>Le lac d&rsquo;Annecy, joyau de cette cit\u00e9 montagnarde, d\u00e9voile des eaux bleu-vert qui invitent \u00e0 la contemplation. S&rsquo;\u00e9tendant sur 27 km\u00b2, il offre un \u00e9crin de verdure exceptionnel pour se ressourcer en pleine nature. Les canaux qui serpentent \u00e0 travers la vieille ville conf\u00e8rent \u00e0 Annecy un charme ind\u00e9niable, rappelant les romantiques canaux de Venise.<\/p>\n\n\n\n<h3 class=\"wp-block-heading\" id=\"h-la-boucle-des-fournis\">La boucle des Fournis<\/h3>\n\n\n\n<p>Localit\u00e9 : Saint-Eustache<\/p>\n\n\n\n<p>Distance : 6.2km &#8211; Dur\u00e9e : 2h &#8211; D\u00e9nivel\u00e9 : 269m &#8211; Altitude max : 891m &#8211; Niveau : Facile<\/p>\n\n\n\n<p>La boucle des Fournis offre une occasion unique de s&rsquo;\u00e9loigner des bords du lac d&rsquo;Annecy et de prendre un peu de hauteur, tout en profitant d&rsquo;un parcours accessible et sans grande difficult\u00e9. Ce sentier est inscrit au PDIPR (Plan d\u00e9partemental des itin\u00e9raires de promenade et de randonn\u00e9e) et rel\u00e8ve de la comp\u00e9tence du Grand Annecy.<\/p>\n\n\n\n<p>Cette randonn\u00e9e met en lumi\u00e8re les charmants villages surplombant le lac, parfois m\u00e9connus. Le village de Saint-Eustache et ses diff\u00e9rents hameaux seront le cadre pittoresque de votre aventure.<\/p>\n\n\n\n<p>Conseils pratiques :<\/p>\n\n\n\n<ul class=\"wp-block-list\">\n<li>Profitez de la fontaine situ\u00e9e \u00e0 c\u00f4t\u00e9 de la mairie pour vous rafra\u00eechir et remplir votre gourde. L&rsquo;eau est potable.<\/li>\n\n\n\n<li>Le parking au d\u00e9part de cette randonn\u00e9e est limit\u00e9, il est donc recommand\u00e9 d&rsquo;arriver t\u00f4t.<\/li>\n<\/ul>\n\n\n\n<h3 class=\"wp-block-heading\" id=\"h-les-hameaux-de-montmin\">Les Hameaux de Montmin<\/h3>\n\n\n\n<p>Localit\u00e9 : Talloires-Montmin<\/p>\n\n\n\n<p>Distance : 7.2km &#8211; Dur\u00e9e : 3h15 &#8211; D\u00e9nivel\u00e9 : 368m &#8211; Altitude max : 1115m &#8211; Niveau : Facile<\/p>\n\n\n\n<figure class=\"wp-block-image size-large\"><img loading=\"lazy\" decoding=\"async\" width=\"1024\" height=\"683\" src=\"https:\/\/endorfeen.com\/wp-content\/uploads\/2023\/04\/Talloires-Hameaux-1024x683.jpeg\" alt=\"\" class=\"wp-image-10896\" srcset=\"https:\/\/endorfeen.com\/wp-content\/uploads\/2023\/04\/Talloires-Hameaux-300x200.jpeg 300w, https:\/\/endorfeen.com\/wp-content\/uploads\/2023\/04\/Talloires-Hameaux-600x400.jpeg 600w, https:\/\/endorfeen.com\/wp-content\/uploads\/2023\/04\/Talloires-Hameaux-768x512.jpeg 768w, https:\/\/endorfeen.com\/wp-content\/uploads\/2023\/04\/Talloires-Hameaux-1024x683.jpeg 1024w, https:\/\/endorfeen.com\/wp-content\/uploads\/2023\/04\/Talloires-Hameaux-1536x1024.jpeg 1536w, https:\/\/endorfeen.com\/wp-content\/uploads\/2023\/04\/Talloires-Hameaux-scaled.jpeg 2048w\" sizes=\"auto, (max-width: 1024px) 100vw, 1024px\" \/><figcaption class=\"wp-element-caption\">\u00a9 B. Brassoud, Wiki Commons<\/figcaption><\/figure>\n\n\n\n<p>La randonn\u00e9e des sept hameaux, \u00e9galement connue sous le nom de Notre-Dame des Sept Fontaines, offre un merveilleux \u00e9quilibre entre nature et patrimoine rural et religieux. Facile et accessible, elle saura charmer les petits comme les grands.<\/p>\n\n\n\n<p>Le village de Montmin, aujourd&rsquo;hui fusionn\u00e9 avec celui de Talloires, se compose de sept hameaux dispers\u00e9s sur un vaste territoire. Tout au long de cette balade, chaque hameau d\u00e9voile son four banal, sa fontaine, sa chapelle ou son oratoire, ainsi que de splendides maisons traditionnelles en pierre. Ce riche patrimoine est typique des villages de moyenne montagne.<\/p>\n\n\n\n<p>Situ\u00e9 \u00e0 environ 1000 m\u00e8tres d&rsquo;altitude, Montmin offre un panorama exceptionnel sur le massif de la Tournette et les principaux sommets du Massif des Bauges.<\/p>\n\n\n\n<p>Parmi les curiosit\u00e9s \u00e0 d\u00e9couvrir, ne manquez pas une fontaine unique en France et le petit atelier de skis faits main et maison.<\/p>\n\n\n\n<p>En hiver, la petite station de ski familiale situ\u00e9e entre le village et le col de la Forclaz est id\u00e9ale pour s&rsquo;initier aux joies du ski.<\/p>\n\n\n\n<p>Accessible toute l&rsquo;ann\u00e9e, cette randonn\u00e9e peut \u00eatre effectu\u00e9e \u00e0 pied, en VTT ou en raquettes (selon l&rsquo;enneigement) et convient aux familles ainsi qu&rsquo;aux amateurs de patrimoine rural et religieux.<\/p>\n\n\n\n<h3 class=\"wp-block-heading\" id=\"h-randonnee-annecy-la-boucle-de-paterier\">Randonn\u00e9e Annecy : La boucle de Pat\u00e9rier<\/h3>\n\n\n\n<p>Localit\u00e9 : Saint-Jorioz<\/p>\n\n\n\n<p>Distance : 7.9km &#8211; Dur\u00e9e : 2h15 &#8211; D\u00e9nivel\u00e9 : 305m &#8211; Altitude max : 763m &#8211; Niveau : Facile<\/p>\n\n\n\n<p>La boucle de Pat\u00e9rier vous emm\u00e8ne \u00e0 travers des paysages vari\u00e9s et bucoliques, offrant des points de vue sur le lac et une atmosph\u00e8re sereine. Le parcours vous guidera vers le charmant hameau agricole de Pat\u00e9rier et, une fois rentr\u00e9 chez vous, vous pourrez profiter d&rsquo;un petit atelier nature propos\u00e9 en compl\u00e9ment.<\/p>\n\n\n\n<p>Cette randonn\u00e9e facile est accessible \u00e0 tous et praticable toute l&rsquo;ann\u00e9e. Cependant, soyez prudent apr\u00e8s des jours de pluie, car les chemins peuvent devenir glissants. Le d\u00e9part se situe \u00e0 l&rsquo;\u00e9glise de Saint-Jorioz (ligne de bus 51 &#8211; arr\u00eat Mairie en venant d&rsquo;Annecy ou Gendarmerie en venant de Doussard). Il vous suffit ensuite de marcher en direction de l&rsquo;\u00e9glise.<\/p>\n\n\n\n<p>Pendant la p\u00e9riode de chasse, les mercredis et vendredis sont des jours de tranquillit\u00e9 pour profiter pleinement de cette randonn\u00e9e.<\/p>\n\n\n\n<h3 class=\"wp-block-heading\" id=\"h-a-la-decouverte-du-plateau-des-glieres\">A la d\u00e9couverte du Plateau des Gli\u00e8res<\/h3>\n\n\n\n<p>Localit\u00e9 : Filli\u00e8re<\/p>\n\n\n\n<p>Distance : 7.9km &#8211; Dur\u00e9e : 2h30 &#8211; D\u00e9nivel\u00e9 : 234m &#8211; Altitude max : 1448m &#8211; Niveau : Facile<\/p>\n\n\n\n<figure class=\"wp-block-image size-large\"><img loading=\"lazy\" decoding=\"async\" width=\"1024\" height=\"683\" src=\"https:\/\/endorfeen.com\/wp-content\/uploads\/2023\/04\/Col_des_Glieres_@_Plateau_des_Glieres_51176537008-1024x683.jpg\" alt=\"Randonn\u00e9e Annecy - Col des Gli\u00e8res \" class=\"wp-image-10898\" srcset=\"https:\/\/endorfeen.com\/wp-content\/uploads\/2023\/04\/Col_des_Glieres_@_Plateau_des_Glieres_51176537008-300x200.jpg 300w, https:\/\/endorfeen.com\/wp-content\/uploads\/2023\/04\/Col_des_Glieres_@_Plateau_des_Glieres_51176537008-600x400.jpg 600w, https:\/\/endorfeen.com\/wp-content\/uploads\/2023\/04\/Col_des_Glieres_@_Plateau_des_Glieres_51176537008-768x512.jpg 768w, https:\/\/endorfeen.com\/wp-content\/uploads\/2023\/04\/Col_des_Glieres_@_Plateau_des_Glieres_51176537008-1024x683.jpg 1024w, https:\/\/endorfeen.com\/wp-content\/uploads\/2023\/04\/Col_des_Glieres_@_Plateau_des_Glieres_51176537008-1536x1024.jpg 1536w, https:\/\/endorfeen.com\/wp-content\/uploads\/2023\/04\/Col_des_Glieres_@_Plateau_des_Glieres_51176537008-scaled.jpg 2048w\" sizes=\"auto, (max-width: 1024px) 100vw, 1024px\" \/><figcaption class=\"wp-element-caption\">\u00a9 Guilhem Vellut, Wiki Commons<\/figcaption><\/figure>\n\n\n\n<p>Cette balade accessible et captivante permet de d\u00e9couvrir l&rsquo;histoire et les paysages naturels du Plateau des Gli\u00e8res, situ\u00e9 \u00e0 1 500 m\u00e8tres d&rsquo;altitude dans le massif des Bornes, \u00e0 34 km d&rsquo;Annecy. Ce lieu embl\u00e9matique de la r\u00e9sistance en Haute-Savoie est aussi un site privil\u00e9gi\u00e9 pour l&rsquo;activit\u00e9 agro-pastorale.<\/p>\n\n\n\n<p>La premi\u00e8re partie de la promenade emprunte un large chemin caillouteux, ponctu\u00e9 de panneaux retra\u00e7ant l&rsquo;histoire des maquisards. Ensuite, un sentier serpente \u00e0 travers la for\u00eat, conduisant jusqu&rsquo;au monument historique embl\u00e9matique du Plateau des Gli\u00e8res.<\/p>\n\n\n\n<p>Pour ceux qui pr\u00e9f\u00e8rent ne pas emporter de pique-nique, plusieurs restaurants typiquement montagnards offrent la possibilit\u00e9 de d\u00e9guster des sp\u00e9cialit\u00e9s savoyardes.<\/p>\n\n\n\n<p>N&rsquo;oubliez pas l&rsquo;appareil photo, car de somptueux panoramas entourent tout au long de cette randonn\u00e9e exceptionnelle.<\/p>\n\n\n\n<h3 class=\"wp-block-heading\" id=\"h-randonnee-annecy-sentier-tourbiere-et-marais\">Randonn\u00e9e Annecy : Sentier Tourbi\u00e8re et Marais<\/h3>\n\n\n\n<p>Localit\u00e9 : Annecy<\/p>\n\n\n\n<p>Distance : 7km &#8211; Dur\u00e9e : 2h30 &#8211; D\u00e9nivel\u00e9 : 166m &#8211; Altitude max : 669m &#8211; Niveau : Facile<\/p>\n\n\n\n<p>Laissez-vous s\u00e9duire par le sentier \u00ab\u00a0Tourbi\u00e8re et Marais\u00a0\u00bb, une balade familiale et champ\u00eatre qui vous emm\u00e8ne \u00e0 la d\u00e9couverte des tr\u00e9sors cach\u00e9s des marais de Lesse et Mathonex. Accessible et vari\u00e9e, cette randonn\u00e9e est un v\u00e9ritable havre de paix pour les amoureux de la nature et de la biodiversit\u00e9.<\/p>\n\n\n\n<p>Au d\u00e9part de la place de l&rsquo;\u00e9glise de Vieugy, le sentier serpente entre for\u00eat, prairie et villages pittoresques. Au fil des saisons, vous serez \u00e9merveill\u00e9s par la richesse de la flore locale. Orchid\u00e9es, Parnassie des marais, Populage des marais et Tr\u00e8fles d&rsquo;eau pars\u00e8ment ce chemin bucolique, offrant un v\u00e9ritable spectacle de couleurs et de senteurs.<\/p>\n\n\n\n<p>Les marais de Lesse et Mathonex sont des espaces naturels prot\u00e9g\u00e9s, abritant une faune exceptionnelle. Vous aurez peut-\u00eatre la chance d&rsquo;apercevoir d&rsquo;\u00e9tonnants papillons et de gracieuses libellules virevoltant au-dessus des plans d&rsquo;eau. L&rsquo;association Asters, Conservatoire des espaces naturels de Haute-Savoie, veille \u00e0 la pr\u00e9servation de ces pr\u00e9cieuses zones humides, garantissant ainsi la p\u00e9rennit\u00e9 de ces \u00e9cosyst\u00e8mes uniques.<\/p>\n\n\n\n<p>Id\u00e9al au printemps, en \u00e9t\u00e9 ou en automne, ce sentier paisible est praticable aussi bien aux randonneurs qu&rsquo;aux VTTistes et aux cavaliers. Il offre ainsi une exp\u00e9rience de d\u00e9couverte et de ressourcement adapt\u00e9e \u00e0 tous les \u00e2ges et tous les niveaux.<\/p>\n\n\n\n<p>Facilement accessible en transport en commun depuis le centre d&rsquo;Annecy, le point de d\u00e9part de cette randonn\u00e9e est id\u00e9al pour les familles souhaitant s&rsquo;\u00e9vader le temps d&rsquo;une journ\u00e9e. Venez explorer le sentier \u00ab\u00a0Tourbi\u00e8re et Marais\u00a0\u00bb et laissez-vous envo\u00fbter par la beaut\u00e9 et la qui\u00e9tude de ces paysages pr\u00e9serv\u00e9s.<\/p>\n\n\n\n<h3 class=\"wp-block-heading\" id=\"h-randonnee-annecy-les-contreforts-du-semnoz\">Randonn\u00e9e Annecy : Les Contreforts du Semnoz<\/h3>\n\n\n\n<p>Localit\u00e9 : Quintal<\/p>\n\n\n\n<p>Distance : 8km &#8211; Dur\u00e9e : 3h15 &#8211; D\u00e9nivel\u00e9 : 336m &#8211; Altitude max : 923m &#8211; Niveau : Facile<\/p>\n\n\n\n<p>Cette randonn\u00e9e au d\u00e9part de Quintal est une belle balade m\u00ealant patrimoine et nature. En suivant la boucle, vous d\u00e9couvrirez de jolis points de vue, notamment depuis le belv\u00e9d\u00e8re Saint-Catherine, offrant un panorama sur le massif du Jura, l&rsquo;Albanais et la plaine d&rsquo;Annecy. Les enfants de l&rsquo;\u00e9cole primaire ont cr\u00e9\u00e9 un jeu de piste \u00ab\u00a0nature\u00a0\u00bb pour agr\u00e9menter la balade. Quelques informations pratiques pour votre randonn\u00e9e :<\/p>\n\n\n\n<ul class=\"wp-block-list\">\n<li>La balade est praticable toute l&rsquo;ann\u00e9e, sauf en cas de fortes pluies et pendant la p\u00e9riode de chasse en automne. En \u00e9t\u00e9, la randonn\u00e9e est particuli\u00e8rement agr\u00e9able en for\u00eat.<\/li>\n\n\n\n<li>Soyez attentifs aux VTT, surtout sur la partie haute du chemin.<\/li>\n\n\n\n<li>Pour acc\u00e9der au d\u00e9part de la randonn\u00e9e en transport en commun, prenez le bus Rythmo 2 de la SIBRA \u00e0 partir d&rsquo;Annecy (arr\u00eat Seynod Vieugy), puis le Bus 13 jusqu&rsquo;au terminus \u00e0 Quintal \u00e0 la fruiti\u00e8re. Le d\u00e9part de la randonn\u00e9e se trouve en face de l&rsquo;\u00e9glise, o\u00f9 vous pourrez vous garer. En chemin, vous pourrez \u00e9galement d\u00e9couvrir l&rsquo;histoire des c\u00e9l\u00e8bres cloches Paccard et de la dynastie qui en est n\u00e9e.<\/li>\n<\/ul>\n\n\n\n<h3 class=\"wp-block-heading\" id=\"h-la-boucle-de-duingt-saint-jorioz-par-les-sentiers\">La Boucle de Duingt \/ Saint-Jorioz par les sentiers<\/h3>\n\n\n\n<p>Localit\u00e9 : Duingt<\/p>\n\n\n\n<p>Distance : 12km &#8211; Dur\u00e9e : 3h30 &#8211; D\u00e9nivel\u00e9 : 144m &#8211; Altitude max : 534m &#8211; Niveau : Facile<\/p>\n\n\n\n<figure class=\"wp-block-image size-large\"><img loading=\"lazy\" decoding=\"async\" width=\"1024\" height=\"683\" src=\"https:\/\/endorfeen.com\/wp-content\/uploads\/2023\/04\/Vue_de_Duingt_2019-2-1024x683.jpg\" alt=\"\" class=\"wp-image-10901\" srcset=\"https:\/\/endorfeen.com\/wp-content\/uploads\/2023\/04\/Vue_de_Duingt_2019-2-300x200.jpg 300w, https:\/\/endorfeen.com\/wp-content\/uploads\/2023\/04\/Vue_de_Duingt_2019-2-600x400.jpg 600w, https:\/\/endorfeen.com\/wp-content\/uploads\/2023\/04\/Vue_de_Duingt_2019-2-768x512.jpg 768w, https:\/\/endorfeen.com\/wp-content\/uploads\/2023\/04\/Vue_de_Duingt_2019-2-1024x683.jpg 1024w, https:\/\/endorfeen.com\/wp-content\/uploads\/2023\/04\/Vue_de_Duingt_2019-2-1536x1024.jpg 1536w, https:\/\/endorfeen.com\/wp-content\/uploads\/2023\/04\/Vue_de_Duingt_2019-2-scaled.jpg 2048w\" sizes=\"auto, (max-width: 1024px) 100vw, 1024px\" \/><figcaption class=\"wp-element-caption\">\u00a9 B-noa, Wiki Commons<\/figcaption><\/figure>\n\n\n\n<p>Nous vous invitons \u00e0 d\u00e9couvrir une boucle facile offrant de magnifiques panoramas \u00e0 la fois sur la campagne environnante et le lac. Ce parcours bucolique relie Duingt \u00e0 Saint-Jorioz en empruntant de charmants sentiers. Il est praticable toute l&rsquo;ann\u00e9e, mais attention aux chasseurs sur le chemin des Vettes.<\/p>\n\n\n\n<p>Pour d\u00e9buter la balade, rendez-vous au parking de l&rsquo;\u00e9glise de Duingt. Si vous pr\u00e9f\u00e9rez utiliser les transports en commun, l&rsquo;arr\u00eat de bus \u00ab\u00a0Eglise &#8211; Duingt\u00a0\u00bb de la ligne 51-52 est \u00e0 proximit\u00e9.<\/p>\n\n\n\n<p>Si vous \u00eates \u00e0 v\u00e9lo, vous pourrez rejoindre la boucle en empruntant la piste cyclable qui se trouve avant ou apr\u00e8s le tunnel de Duingt, en fonction de votre point de d\u00e9part. Un parking v\u00e9lo est disponible en bas du tunnel.<\/p>\n\n\n\n<p>Tout au long du parcours, vous trouverez des points de ravitaillement, tels que des restaurants et des \u00e9piceries.<\/p>\n\n\n\n<p>Notez que la chasse est autoris\u00e9e sur le parcours entre septembre et f\u00e9vrier, mais qu&rsquo;il n&rsquo;y a pas de chasse les mercredis et vendredis. Soyez vigilant lors de votre randonn\u00e9e.<\/p>\n\n\n\n<h3 class=\"wp-block-heading\" id=\"h-randonnee-annecy-entre-albanais-et-cheran\">Randonn\u00e9e Annecy : Entre Albanais et Ch\u00e9ran<\/h3>\n\n\n\n<p>Localit\u00e9 : H\u00e9ry-sur-Alby<\/p>\n\n\n\n<p>Distance : 13.7km &#8211; Dur\u00e9e : 3h00 &#8211; D\u00e9nivel\u00e9 : 324m &#8211; Altitude max : 701m &#8211; Niveau : Facile<\/p>\n\n\n\n<p>D\u00e9couvrez une charmante promenade bucolique au c\u0153ur de l&rsquo;avant Pays-Savoyard, sur les terres de l&rsquo;Albanais, entre les montagnes des Alpes, du Jura et les lacs environnants. Cette randonn\u00e9e vous fera traverser des paysages paisibles et doux, des plateaux perch\u00e9s \u00e0 700 m\u00e8tres d&rsquo;altitude, un ch\u00e2teau, ainsi que les pittoresques villages d&rsquo;H\u00e9ry sur Alby et de Chainaz les Frasses. Une v\u00e9ritable escapade hors des sentiers battus de la r\u00e9gion du lac d&rsquo;Annecy ! La balade ne pr\u00e9sente pas de difficult\u00e9s particuli\u00e8res, \u00e0 l&rsquo;exception du d\u00e9part qui emprunte bri\u00e8vement une route relativement fr\u00e9quent\u00e9e. Soyez donc prudent lors de cette portion !<\/p>\n\n\n\n<p>Informations pratiques :<\/p>\n\n\n\n<ul class=\"wp-block-list\">\n<li>Parking : \u00c9glise &#8211; Mairie<\/li>\n\n\n\n<li>Toilettes publiques : chemin de l&rsquo;\u00e9cole, derri\u00e8re la mairie<\/li>\n\n\n\n<li>Plusieurs tron\u00e7ons de route de campagne peu fr\u00e9quent\u00e9e\n<ul class=\"wp-block-list\">\n<li>Randonn\u00e9e praticable en toutes saisons :Attention apr\u00e8s de fortes pluies, le chemin peut devenir glissant<\/li>\n\n\n\n<li>Pendant la p\u00e9riode de chasse : accessible uniquement les mercredis et vendredis, de mi-septembre \u00e0 fin janvier<\/li>\n<\/ul>\n<\/li>\n\n\n\n<li>Accessible aux VTT sur une grande partie du sentier &#8211; circuit n\u00b07\/Albanais<\/li>\n\n\n\n<li>Pr\u00e9voyez de l&rsquo;eau et un encas pour profiter pleinement de cette escapade N&rsquo;h\u00e9sitez pas \u00e0 vous laisser s\u00e9duire par cette incursion d\u00e9paysante dans l&rsquo;Albanais !<\/li>\n<\/ul>\n\n\n\n<h2 class=\"wp-block-heading\" id=\"h-randonnees-annecy-niveau-modere\">Randonn\u00e9es Annecy, Niveau Mod\u00e9r\u00e9<\/h2>\n\n\n\n<h3 class=\"wp-block-heading\" id=\"h-la-boucle-d-angon-vers-rovagny-le-nant-d-oy-et-les-cascades\">La boucle d\u2019Angon vers Rovagny \u2013 le Nant d\u2019Oy et les cascades<\/h3>\n\n\n\n<p>Localit\u00e9 : Talloires-Montmin<\/p>\n\n\n\n<p>Distance : 4.5km &#8211; Dur\u00e9e : 2h30 &#8211; D\u00e9nivel\u00e9 : 384m &#8211; Altitude max : 769m &#8211; Niveau : Mod\u00e9r\u00e9<\/p>\n\n\n\n<figure class=\"wp-block-image size-large is-resized\"><img loading=\"lazy\" decoding=\"async\" src=\"https:\/\/endorfeen.com\/wp-content\/uploads\/2023\/04\/Nant_dOy_@_Talloires-Montmin_51221399995-683x1024.jpg\" alt=\"\" class=\"wp-image-10903\" width=\"802\" height=\"1202\" srcset=\"https:\/\/endorfeen.com\/wp-content\/uploads\/2023\/04\/Nant_dOy_@_Talloires-Montmin_51221399995-200x300.jpg 200w, https:\/\/endorfeen.com\/wp-content\/uploads\/2023\/04\/Nant_dOy_@_Talloires-Montmin_51221399995-683x1024.jpg 683w, https:\/\/endorfeen.com\/wp-content\/uploads\/2023\/04\/Nant_dOy_@_Talloires-Montmin_51221399995-768x1152.jpg 768w, https:\/\/endorfeen.com\/wp-content\/uploads\/2023\/04\/Nant_dOy_@_Talloires-Montmin_51221399995-1024x1536.jpg 1024w, https:\/\/endorfeen.com\/wp-content\/uploads\/2023\/04\/Nant_dOy_@_Talloires-Montmin_51221399995-1365x2048.jpg 1365w, https:\/\/endorfeen.com\/wp-content\/uploads\/2023\/04\/Nant_dOy_@_Talloires-Montmin_51221399995-scaled.jpg 1366w\" sizes=\"auto, (max-width: 802px) 100vw, 802px\" \/><figcaption class=\"wp-element-caption\">\u00a9 Guilhem Vellut, <a href=\"https:\/\/commons.wikimedia.org\/wiki\/File:Nant_d%27Oy_@_Talloires-Montmin_(51221399995).jpg\" target=\"_blank\" rel=\"noreferrer noopener\">Wiki Commons<\/a><\/figcaption><\/figure>\n\n\n\n<p>La boucle d&rsquo;Angon vers Rovagny &#8211; le Nant d&rsquo;Oy et les cascades est une superbe randonn\u00e9e qui offre des vues imprenables sur le massif des Bornes, avec la majestueuse Tournette qui domine le lac \u00e0 plus de 2300 m\u00e8tres d&rsquo;altitude. De l&rsquo;autre c\u00f4t\u00e9 du lac, le massif des Bauges rivalise en beaut\u00e9 et invite les randonneurs \u00e0 explorer ses sommets.<\/p>\n\n\n\n<p>Si vous avez le temps, n&rsquo;h\u00e9sitez pas \u00e0 faire un petit d\u00e9tour pour admirer les cascades d&rsquo;Angon. Cette randonn\u00e9e est praticable quasiment toute l&rsquo;ann\u00e9e, mais nous vous d\u00e9conseillons de la faire apr\u00e8s de fortes pluies. Des b\u00e2tons de marche seront utiles pour la descente. Pour les informations pratiques, vous pourrez vous garer en face de la plage (payant de juin \u00e0 septembre) et prendre le bus (fortement recommand\u00e9) ligne 60 jusqu&rsquo;\u00e0 l&rsquo;arr\u00eat Angon &#8211; route des vignes (en \u00e9t\u00e9, des lignes suppl\u00e9mentaires sont propos\u00e9es par la SIBRA). Le fl\u00e9chage jaune et les pancartes directionnelles vous guideront tout au long de votre balade. Nous vous recommandons de porter des chaussures de marche, surtout pour les cascades.<\/p>\n\n\n\n<h3 class=\"wp-block-heading\" id=\"h-croix-de-chuguet-grande-jeanne-depuis-letraz\">Croix de Chuguet-Grande Jeanne depuis L\u00e9traz<\/h3>\n\n\n\n<p>Localit\u00e9 : Sevrier<\/p>\n\n\n\n<p>Distance : 5.3km &#8211; Dur\u00e9e : 1h45 &#8211; D\u00e9nivel\u00e9 : 319m &#8211; Altitude max : 748m &#8211; Niveau : Mod\u00e9r\u00e9<\/p>\n\n\n\n<figure class=\"wp-block-image size-large\"><img loading=\"lazy\" decoding=\"async\" width=\"1024\" height=\"768\" src=\"https:\/\/endorfeen.com\/wp-content\/uploads\/2023\/04\/Croix_de_Chuguet_@_Semnoz_50936126942-1024x768.jpg\" alt=\"\" class=\"wp-image-10905\" srcset=\"https:\/\/endorfeen.com\/wp-content\/uploads\/2023\/04\/Croix_de_Chuguet_@_Semnoz_50936126942-300x225.jpg 300w, https:\/\/endorfeen.com\/wp-content\/uploads\/2023\/04\/Croix_de_Chuguet_@_Semnoz_50936126942-400x300.jpg 400w, https:\/\/endorfeen.com\/wp-content\/uploads\/2023\/04\/Croix_de_Chuguet_@_Semnoz_50936126942-768x576.jpg 768w, https:\/\/endorfeen.com\/wp-content\/uploads\/2023\/04\/Croix_de_Chuguet_@_Semnoz_50936126942-800x600.jpg 800w, https:\/\/endorfeen.com\/wp-content\/uploads\/2023\/04\/Croix_de_Chuguet_@_Semnoz_50936126942-1024x768.jpg 1024w, https:\/\/endorfeen.com\/wp-content\/uploads\/2023\/04\/Croix_de_Chuguet_@_Semnoz_50936126942-1200x900.jpg 1200w, https:\/\/endorfeen.com\/wp-content\/uploads\/2023\/04\/Croix_de_Chuguet_@_Semnoz_50936126942-1536x1152.jpg 1536w, https:\/\/endorfeen.com\/wp-content\/uploads\/2023\/04\/Croix_de_Chuguet_@_Semnoz_50936126942-scaled.jpg 2048w\" sizes=\"auto, (max-width: 1024px) 100vw, 1024px\" \/><figcaption class=\"wp-element-caption\">\u00a9 Guilhem Vellut, <a href=\"https:\/\/commons.wikimedia.org\/wiki\/File:Croix_de_Chuguet_@_Semnoz_(50936126942).jpg\" target=\"_blank\" rel=\"noreferrer noopener\">Wiki Commons<\/a><\/figcaption><\/figure>\n\n\n\n<p>La randonn\u00e9e de la Croix de Chuguet-Grande Jeanne depuis L\u00e9traz vous permettra de d\u00e9couvrir la for\u00eat situ\u00e9e dans la partie basse du Semnoz, tout en b\u00e9n\u00e9ficiant d&rsquo;un point de vue spectaculaire sur le lac d&rsquo;Annecy. Du sommet, vous pourrez admirer l&rsquo;int\u00e9gralit\u00e9 de ce \u00ab\u00a0grand lac\u00a0\u00bb jusqu&rsquo;au r\u00e9tr\u00e9cissement pr\u00e8s du ch\u00e2teau de Duingt sur la presqu\u2019\u00eele. Le sentier de cette randonn\u00e9e est inscrit au PDIPR (Plan d\u00e9partemental des itin\u00e9raires de promenade et de randonn\u00e9e) sous la responsabilit\u00e9 du Grand Annecy.<\/p>\n\n\n\n<p>En empruntant un petit d\u00e9tour, cette randonn\u00e9e vous m\u00e8nera \u00e9galement au parc animalier de la Grande Jeanne o\u00f9 vous pourrez d\u00e9couvrir ses nombreux pensionnaires.<\/p>\n\n\n\n<p>Avant de partir, notez que des toilettes publiques sont disponibles au d\u00e9part de la randonn\u00e9e, sur le parking de L\u00e9traz, situ\u00e9 le long de la route d\u00e9partementale RD 1508, en face d&rsquo;un petit camping. Si vous avez un peu de temps avant ou apr\u00e8s votre randonn\u00e9e, n&rsquo;h\u00e9sitez pas \u00e0 faire un d\u00e9tour vers le lac qui se trouve \u00e0 seulement 100 m\u00e8tres du parking. Vous pourrez y profiter de la vue, de la fra\u00eecheur de l&rsquo;eau ou d\u00e9couvrir le nouvel am\u00e9nagement de la Promenade des Borenges.<\/p>\n\n\n\n<p>Pour profiter pleinement de cette randonn\u00e9e, il est important de l&rsquo;adapter en fonction de vos capacit\u00e9s physiques, des conditions m\u00e9t\u00e9orologiques et de l&rsquo;\u00e9tat des chemins. Vous \u00eates responsable de votre propre s\u00e9curit\u00e9, veillez donc \u00e0 respecter les propri\u00e9t\u00e9s priv\u00e9es, \u00e0 refermer les portes des parcs derri\u00e8re vous et \u00e0 tenir vos chiens en laisse. N&rsquo;oubliez pas de respecter les espaces naturels que vous traversez et de remporter vos d\u00e9chets.<\/p>\n\n\n\n<h3 class=\"wp-block-heading\" id=\"h-randonnee-annecy-rocher-du-roux\">Randonn\u00e9e Annecy : Rocher du Roux<\/h3>\n\n\n\n<p>Localit\u00e9 : Talloires-Montmin<\/p>\n\n\n\n<p>Distance : 5.3km &#8211; Dur\u00e9e : 2h00 &#8211; D\u00e9nivel\u00e9 : 362m &#8211; Altitude max : 1485m &#8211; Niveau : Mod\u00e9r\u00e9<\/p>\n\n\n\n<figure class=\"wp-block-image size-large\"><img loading=\"lazy\" decoding=\"async\" width=\"1024\" height=\"683\" src=\"https:\/\/endorfeen.com\/wp-content\/uploads\/2023\/04\/Rocher_du_Roux_@_Talloires-Montmin_51221202431-1024x683.jpg\" alt=\"\" class=\"wp-image-10907\" srcset=\"https:\/\/endorfeen.com\/wp-content\/uploads\/2023\/04\/Rocher_du_Roux_@_Talloires-Montmin_51221202431-300x200.jpg 300w, https:\/\/endorfeen.com\/wp-content\/uploads\/2023\/04\/Rocher_du_Roux_@_Talloires-Montmin_51221202431-600x400.jpg 600w, https:\/\/endorfeen.com\/wp-content\/uploads\/2023\/04\/Rocher_du_Roux_@_Talloires-Montmin_51221202431-768x512.jpg 768w, https:\/\/endorfeen.com\/wp-content\/uploads\/2023\/04\/Rocher_du_Roux_@_Talloires-Montmin_51221202431-1024x683.jpg 1024w, https:\/\/endorfeen.com\/wp-content\/uploads\/2023\/04\/Rocher_du_Roux_@_Talloires-Montmin_51221202431-1536x1024.jpg 1536w, https:\/\/endorfeen.com\/wp-content\/uploads\/2023\/04\/Rocher_du_Roux_@_Talloires-Montmin_51221202431-scaled.jpg 2048w\" sizes=\"auto, (max-width: 1024px) 100vw, 1024px\" \/><figcaption class=\"wp-element-caption\">\u00a9 Guilhem Vellut, <a href=\"https:\/\/commons.wikimedia.org\/wiki\/File:Rocher_du_Roux_@_Talloires-Montmin_(51221202431).jpg\" target=\"_blank\" rel=\"noreferrer noopener\">Wiki Commons<\/a><\/figcaption><\/figure>\n\n\n\n<p>La randonn\u00e9e du Rocher du Roux commence au col de la Forclaz (1147 m\u00e8tres) et offre un panorama spectaculaire sur le lac d&rsquo;Annecy et les massifs environnants, tels que le massif des Bauges, la Tournette, les Dents de Lanfon et le Semnoz.<\/p>\n\n\n\n<p>Cette randonn\u00e9e est accessible aux familles et il est recommand\u00e9 de pr\u00e9voir des b\u00e2tons de randonn\u00e9e, un appareil photo et suffisamment d&rsquo;eau en \u00e9t\u00e9. N&rsquo;oubliez pas vos jumelles pour observer les animaux tels que les chamois, les bouquetins et les aigles.<\/p>\n\n\n\n<p>Le sentier est ombrag\u00e9 en \u00e9t\u00e9 avec des passages en for\u00eat, offrant une agr\u00e9able fra\u00eecheur pendant la marche. Le belv\u00e9d\u00e8re du Rocher du Roux offre une vue panoramique \u00e9poustouflante. Ne manquez pas l&rsquo;occasion d&rsquo;observer les d\u00e9collages de parapentes depuis le col de la Forclaz pour admirer l&rsquo;un des plus beaux points de vue sur le lac d&rsquo;Annecy !<\/p>\n\n\n\n<p>En somme, la randonn\u00e9e du Rocher du Roux est une exp\u00e9rience inoubliable pour les randonneurs de tous niveaux, offrant une vue imprenable sur le lac d&rsquo;Annecy et les massifs environnants. Avec des sentiers ombrag\u00e9s et des points de vue \u00e9poustouflants, cette randonn\u00e9e est un must-see pour tous les amoureux de la nature.<\/p>\n\n\n\n<h3 class=\"wp-block-heading\" id=\"h-randonnee-annecy-la-boucle-du-chaos-du-cheran\">Randonn\u00e9e Annecy : La boucle du Chaos du Ch\u00e9ran<\/h3>\n\n\n\n<p>Localit\u00e9 : Cusy<\/p>\n\n\n\n<p>Distance : 5.3km &#8211; Dur\u00e9e : 2h30 &#8211; D\u00e9nivel\u00e9 : 273m &#8211; Altitude max : 598m &#8211; Niveau : Mod\u00e9r\u00e9<\/p>\n\n\n\n<figure class=\"wp-block-image size-large\"><img loading=\"lazy\" decoding=\"async\" width=\"1024\" height=\"768\" src=\"https:\/\/endorfeen.com\/wp-content\/uploads\/2023\/04\/Cheran_3-1024x768.jpeg\" alt=\"\" class=\"wp-image-10909\" srcset=\"https:\/\/endorfeen.com\/wp-content\/uploads\/2023\/04\/Cheran_3-300x225.jpeg 300w, https:\/\/endorfeen.com\/wp-content\/uploads\/2023\/04\/Cheran_3-400x300.jpeg 400w, https:\/\/endorfeen.com\/wp-content\/uploads\/2023\/04\/Cheran_3-768x576.jpeg 768w, https:\/\/endorfeen.com\/wp-content\/uploads\/2023\/04\/Cheran_3-800x600.jpeg 800w, https:\/\/endorfeen.com\/wp-content\/uploads\/2023\/04\/Cheran_3-1024x768.jpeg 1024w, https:\/\/endorfeen.com\/wp-content\/uploads\/2023\/04\/Cheran_3-1200x900.jpeg 1200w, https:\/\/endorfeen.com\/wp-content\/uploads\/2023\/04\/Cheran_3-1536x1152.jpeg 1536w, https:\/\/endorfeen.com\/wp-content\/uploads\/2023\/04\/Cheran_3-scaled.jpeg 2048w\" sizes=\"auto, (max-width: 1024px) 100vw, 1024px\" \/><figcaption class=\"wp-element-caption\">\u00a9 Totodu74, <a href=\"https:\/\/commons.wikimedia.org\/wiki\/File:Ch%C3%A9ran_(3).JPG\" target=\"_blank\" rel=\"noreferrer noopener\">Wiki Commons<\/a><\/figcaption><\/figure>\n\n\n\n<p>Cette randonn\u00e9e est une v\u00e9ritable parenth\u00e8se de fra\u00eecheur au bord du Ch\u00e9ran. En suivant les traces des chercheurs d&rsquo;or, d\u00e9couvrez cette rivi\u00e8re sauvage, r\u00e9put\u00e9e pour sa p\u00eache extraordinaire, et plongez dans un d\u00e9cor qui rappelle celui du Canada.<\/p>\n\n\n\n<p>Laissez-vous enchanter par la beaut\u00e9 des couleurs automnales qui transforment la for\u00eat environnante et peut-\u00eatre aurez-vous la chance d&rsquo;admirer le c\u00e9l\u00e8bre cyclamen qui \u00e9gaye les sous-bois, mais veillez \u00e0 ne pas le cueillir !<\/p>\n\n\n\n<p>Bien que facile, le retour sur la rive droite apr\u00e8s le d\u00e9tour au Chaos est un peu raide. Il est important de noter que la derni\u00e8re partie emprunte une petite route avec peu de visibilit\u00e9.<\/p>\n\n\n\n<p>Cette balade est particuli\u00e8rement recommand\u00e9e pour les familles avec des enfants qui aiment marcher.<\/p>\n\n\n\n<p>La boucle du Chaos du Ch\u00e9ran, d&rsquo;une dur\u00e9e de 2h30, se prolonge facilement pour atteindre les 3 heures voire plus, si l&rsquo;on prend le temps d&rsquo;observer la rivi\u00e8re, le Chaos, lire tous les panneaux d&rsquo;information et profiter d&rsquo;un pique-nique. Quelques tables sont d&rsquo;ailleurs \u00e0 disposition sur le chemin du retour.<\/p>\n\n\n\n<p>Il est important de noter que cette randonn\u00e9e peut s&rsquo;av\u00e9rer p\u00e9rilleuse en hiver, lorsque la glace recouvre le sol. Nous recommandons donc de la faire plut\u00f4t en \u00e9t\u00e9. Pour les plus jeunes enfants, il est pr\u00e9f\u00e9rable de partir de la passerelle de Cusy, traverser le Ch\u00e9ran pour aller sur la rive droite et acc\u00e9der plus rapidement \u00e0 la rivi\u00e8re.<\/p>\n\n\n\n<p>Il est recommand\u00e9 de porter des chaussures de marche et de pr\u00e9voir un pique-nique. Au parking du pont de l&rsquo;Ab\u00eeme, des toilettes et un point d&rsquo;eau sont \u00e0 disposition.<\/p>\n\n\n\n<h3 class=\"wp-block-heading\" id=\"h-randonnee-annecy-les-tours-saint-jacques\">Randonn\u00e9e Annecy : Les Tours Saint-Jacques<\/h3>\n\n\n\n<p>Localit\u00e9 : All\u00e8ves<\/p>\n\n\n\n<p>Distance : 5.4km &#8211; Dur\u00e9e : 2h00 &#8211; D\u00e9nivel\u00e9 : 293m &#8211; Altitude max : 919m &#8211; Niveau : Mod\u00e9r\u00e9<\/p>\n\n\n\n<figure class=\"wp-block-image size-large is-resized\"><img loading=\"lazy\" decoding=\"async\" src=\"https:\/\/endorfeen.com\/wp-content\/uploads\/2023\/04\/Alleves_Tours_Saint-Jacques_3-1024x697.jpeg\" alt=\"\" class=\"wp-image-10911\" width=\"800\" height=\"544\" srcset=\"https:\/\/endorfeen.com\/wp-content\/uploads\/2023\/04\/Alleves_Tours_Saint-Jacques_3-300x204.jpeg 300w, https:\/\/endorfeen.com\/wp-content\/uploads\/2023\/04\/Alleves_Tours_Saint-Jacques_3-768x523.jpeg 768w, https:\/\/endorfeen.com\/wp-content\/uploads\/2023\/04\/Alleves_Tours_Saint-Jacques_3-1024x697.jpeg 1024w, https:\/\/endorfeen.com\/wp-content\/uploads\/2023\/04\/Alleves_Tours_Saint-Jacques_3-1536x1045.jpeg 1536w, https:\/\/endorfeen.com\/wp-content\/uploads\/2023\/04\/Alleves_Tours_Saint-Jacques_3.jpeg 2048w\" sizes=\"auto, (max-width: 800px) 100vw, 800px\" \/><figcaption class=\"wp-element-caption\">\u00a9 <a href=\"https:\/\/commons.wikimedia.org\/wiki\/User:Torsade_de_Pointes\">Torsade de Pointes<\/a>, Wiki Commons<\/figcaption><\/figure>\n\n\n\n<p>La randonn\u00e9e des Tours Saint-Jacques est une balade bucolique qui vous permettra de d\u00e9couvrir une formation g\u00e9ologique unique dans la r\u00e9gion : les monolithes ou Tours Saint-Jacques. Ces rochers calcaires se dressent fi\u00e8rement au milieu d&rsquo;une for\u00eat, tels des tours de d\u00e9fense.<\/p>\n\n\n\n<p>Il existe plusieurs sentiers pour acc\u00e9der aux Tours Saint-Jacques, mais nous vous recommandons le plus court et le plus facile. Si vous avez de jeunes enfants, cette option est pr\u00e9f\u00e9rable pour profiter pleinement de la balade.<\/p>\n\n\n\n<p>N&rsquo;oubliez pas d&rsquo;apporter un pique-nique pour vous restaurer et des b\u00e2tons de marche, notamment pour l&rsquo;acc\u00e8s aux tours. Des embouts en caoutchouc pour les b\u00e2tons sont recommand\u00e9s pour pr\u00e9server les rochers calcaires.<\/p>\n\n\n\n<p>Pour les aspects pratiques, des toilettes publiques sont disponibles derri\u00e8re la mairie. Prenez le temps d&rsquo;appr\u00e9cier cette nature g\u00e9n\u00e9reuse et grandiose.<\/p>\n\n\n\n<h3 class=\"wp-block-heading\" id=\"h-la-cascade-d-angon-et-l-ermitage-saint-germain\">La Cascade d\u2019Angon et l\u2019Ermitage Saint Germain<\/h3>\n\n\n\n<p>Localit\u00e9 : Talloires-Montmin<\/p>\n\n\n\n<p>Distance : 5.7km &#8211; Dur\u00e9e : 2h30 &#8211; D\u00e9nivel\u00e9 : 465m &#8211; Altitude max : 748m &#8211; Niveau : Mod\u00e9r\u00e9<\/p>\n\n\n\n<figure class=\"wp-block-image size-large\"><img loading=\"lazy\" decoding=\"async\" width=\"1024\" height=\"683\" src=\"https:\/\/endorfeen.com\/wp-content\/uploads\/2023\/04\/Chapelle_@_Ermitage_de_Saint-Germain_51166756374-1024x683.jpg\" alt=\"Randonn\u00e9e Annecy - Chapelle @\u00a0Ermitage de Saint-Germain\" class=\"wp-image-10913\" srcset=\"https:\/\/endorfeen.com\/wp-content\/uploads\/2023\/04\/Chapelle_@_Ermitage_de_Saint-Germain_51166756374-300x200.jpg 300w, https:\/\/endorfeen.com\/wp-content\/uploads\/2023\/04\/Chapelle_@_Ermitage_de_Saint-Germain_51166756374-600x400.jpg 600w, https:\/\/endorfeen.com\/wp-content\/uploads\/2023\/04\/Chapelle_@_Ermitage_de_Saint-Germain_51166756374-768x512.jpg 768w, https:\/\/endorfeen.com\/wp-content\/uploads\/2023\/04\/Chapelle_@_Ermitage_de_Saint-Germain_51166756374-1024x683.jpg 1024w, https:\/\/endorfeen.com\/wp-content\/uploads\/2023\/04\/Chapelle_@_Ermitage_de_Saint-Germain_51166756374-1536x1024.jpg 1536w, https:\/\/endorfeen.com\/wp-content\/uploads\/2023\/04\/Chapelle_@_Ermitage_de_Saint-Germain_51166756374-scaled.jpg 2048w\" sizes=\"auto, (max-width: 1024px) 100vw, 1024px\" \/><figcaption class=\"wp-element-caption\">\u00a9 Guilhem Vellut, Wiki Commons<\/figcaption><\/figure>\n\n\n\n<p>Partez \u00e0 la d\u00e9couverte de la Cascade d&rsquo;Angon et de l&rsquo;Ermitage Saint Germain en partant du charmant village de Talloires, situ\u00e9 sur la rive Est du lac. En suivant les traces de Saint Germain, cette randonn\u00e9e vous fera traverser principalement des sous-bois, offrant de magnifiques vues sur le lac et ses sommets environnants.<\/p>\n\n\n\n<p>Cette balade est accessible la plupart de l&rsquo;ann\u00e9e, mais veillez \u00e0 rester prudent si vous la r\u00e9alisez en cas de pluie, car le chemin peut devenir boueux et glissant. Il est donc important d&rsquo;\u00eatre bien \u00e9quip\u00e9 avec de bonnes chaussures de marche. N&rsquo;oubliez pas \u00e9galement d&#8217;emporter votre appareil photo pour immortaliser les panoramas \u00e0 couper le souffle.<\/p>\n\n\n\n<p>Pour votre d\u00e9part, vous pourrez vous garer sur le parking de l&rsquo;\u00e9cole, sachant que tous les parkings de Talloires\/Montmin sont payants de juin \u00e0 septembre. Si vous pr\u00e9f\u00e9rez utiliser les transports en commun, sachez que la ligne de bus 60 (Annecy-Talloires) est disponible.<\/p>\n\n\n\n<p>Cependant, notez que les bus ne circulent pas le dimanche en dehors de la saison estivale. Enfin, pour les plus pratiques, sachez que vous trouverez tous les commerces n\u00e9cessaires dans le village de Talloires pour vos besoins avant ou apr\u00e8s votre excursion en montagne.<\/p>\n\n\n\n<h3 class=\"wp-block-heading\" id=\"h-le-mont-veyrier-et-le-mont-baron-depuis-le-col-du-pre-vernet\">Le Mont Veyrier et le Mont Baron depuis le Col du Pr\u00e9 Vernet<\/h3>\n\n\n\n<p>Localit\u00e9 : Annecy-Le-Vieux<\/p>\n\n\n\n<p>Distance : 5km &#8211; Dur\u00e9e : 2h30 &#8211; D\u00e9nivel\u00e9 : 406m &#8211; Altitude max : &#8211; Niveau : Mod\u00e9r\u00e9<\/p>\n\n\n\n<figure class=\"wp-block-image size-large\"><img loading=\"lazy\" decoding=\"async\" width=\"1024\" height=\"768\" src=\"https:\/\/endorfeen.com\/wp-content\/uploads\/2023\/04\/Col_du_Pre_Vernet_@_Annecy-le-Vieux_50839335856-1024x768.jpg\" alt=\"\" class=\"wp-image-10915\" srcset=\"https:\/\/endorfeen.com\/wp-content\/uploads\/2023\/04\/Col_du_Pre_Vernet_@_Annecy-le-Vieux_50839335856-300x225.jpg 300w, https:\/\/endorfeen.com\/wp-content\/uploads\/2023\/04\/Col_du_Pre_Vernet_@_Annecy-le-Vieux_50839335856-400x300.jpg 400w, https:\/\/endorfeen.com\/wp-content\/uploads\/2023\/04\/Col_du_Pre_Vernet_@_Annecy-le-Vieux_50839335856-768x576.jpg 768w, https:\/\/endorfeen.com\/wp-content\/uploads\/2023\/04\/Col_du_Pre_Vernet_@_Annecy-le-Vieux_50839335856-800x600.jpg 800w, https:\/\/endorfeen.com\/wp-content\/uploads\/2023\/04\/Col_du_Pre_Vernet_@_Annecy-le-Vieux_50839335856-1024x768.jpg 1024w, https:\/\/endorfeen.com\/wp-content\/uploads\/2023\/04\/Col_du_Pre_Vernet_@_Annecy-le-Vieux_50839335856-1200x900.jpg 1200w, https:\/\/endorfeen.com\/wp-content\/uploads\/2023\/04\/Col_du_Pre_Vernet_@_Annecy-le-Vieux_50839335856-1536x1152.jpg 1536w, https:\/\/endorfeen.com\/wp-content\/uploads\/2023\/04\/Col_du_Pre_Vernet_@_Annecy-le-Vieux_50839335856-scaled.jpg 2048w\" sizes=\"auto, (max-width: 1024px) 100vw, 1024px\" \/><figcaption class=\"wp-element-caption\">\u00a9 Guilhem Vellut, Wiki Commons<\/figcaption><\/figure>\n\n\n\n<p>Le Mont Veyrier et le Mont Baron sont deux sommets incontournables lors d&rsquo;une randonn\u00e9e \u00e0 Annecy. Situ\u00e9s \u00e0 proximit\u00e9 du Col du Pr\u00e9 Vernet, ce parcours en boucle de 5 km offre un paysage \u00e0 couper le souffle sur la ville et le lac d&rsquo;Annecy. Bien que consid\u00e9r\u00e9e comme difficile, la randonn\u00e9e peut \u00eatre parcourue en 2h17 en moyenne. La meilleure p\u00e9riode pour la visiter est entre avril et octobre.<\/p>\n\n\n\n<p>Le Mont Veyrier tire son nom du village en contrebas, Veyrier du Lac, l&rsquo;une des communes les plus pris\u00e9es et les plus ch\u00e8res de France. C&rsquo;est gr\u00e2ce \u00e0 sa vue imprenable sur le lac, son ensoleillement et sa pression immobili\u00e8re que cette commune a su se d\u00e9marquer.<\/p>\n\n\n\n<p>Le d\u00e9part de la randonn\u00e9e se fait depuis le petit port d&rsquo;Annecy-le-Vieux, et la mont\u00e9e \u00e0 travers la for\u00eat est assez soutenue jusqu&rsquo;au Pr\u00e9 Vernet. Il est important de rester sur le sentier principal pour \u00e9viter de causer de l&rsquo;\u00e9rosion des sols et pr\u00e9server l&rsquo;environnement.<\/p>\n\n\n\n<p>Une fois arriv\u00e9 au Col des Sauts, \u00e0 1170 m\u00e8tres d&rsquo;altitude, vous pourrez profiter d&rsquo;une vue imprenable sur le lac d&rsquo;Annecy, le Mont-Veyrier, la Tournette et les Bauges. La suite du parcours est sans doute la plus int\u00e9ressante, car elle emprunte le sentier des cr\u00eates qui surplombe la barre rocheuse dominant Veyrier du Lac.<\/p>\n\n\n\n<p>Le passage sur les vires vertigineuses offre un v\u00e9ritable balcon sur le lac d&rsquo;Annecy. Apr\u00e8s le Mont Baron, vous atteindrez une plateforme qui n&rsquo;est autre que l&rsquo;ancienne gare d&rsquo;arriv\u00e9e du t\u00e9l\u00e9ph\u00e9rique de Veyrier du Lac. La descente se poursuit en direction du col des contrebandiers et en traversant la for\u00eat en dessous du chapeau de Napol\u00e9on. La fin du parcours est tout simplement magnifique, avec de petites sentes qui m\u00e8nent \u00e0 Talabar, au-dessus du c\u00e9l\u00e8bre spot d&rsquo;escalade du Biclop.<\/p>\n\n\n\n<p>Si vous souhaitez d\u00e9couvrir les plus beaux sentiers autour du lac d&rsquo;Annecy en toute s\u00e9curit\u00e9, n&rsquo;h\u00e9sitez pas \u00e0 faire appel au bureau des guides d&rsquo;Annecy. Vous serez accompagn\u00e9 par un professionnel qui conna\u00eet parfaitement le territoire et les plus beaux itin\u00e9raires du secteur.<\/p>\n\n\n\n<h3 class=\"wp-block-heading\" id=\"h-randonnee-annecy-la-boucle-du-taillefer\">Randonn\u00e9e Annecy : La boucle du Taillefer<\/h3>\n\n\n\n<p>Localit\u00e9 : Duingt<\/p>\n\n\n\n<p>Distance : 6.8km &#8211; Dur\u00e9e : 3h00 &#8211; D\u00e9nivel\u00e9 : 382m &#8211; Altitude max : 766m &#8211; Niveau : Mod\u00e9r\u00e9<\/p>\n\n\n\n<p>Cette randonn\u00e9e, appel\u00e9e la boucle du Taillefer, est accessible \u00e0 un large public de marcheurs et offre des vues spectaculaires sur le lac et les montagnes environnantes. Tout au long de la randonn\u00e9e, vous pourrez d\u00e9couvrir des histoires et anecdotes passionnantes sur le village de Duingt.<\/p>\n\n\n\n<p>Le sentier est divis\u00e9 en trois parties distinctes. La premi\u00e8re partie jusqu&rsquo;au belv\u00e9d\u00e8re, qui ne prend que 10 minutes de marche, est facilement accessible \u00e0 tous gr\u00e2ce \u00e0 un sentier goudronn\u00e9 et ponctu\u00e9 de bancs pour se reposer.<\/p>\n\n\n\n<p>La deuxi\u00e8me partie, qui m\u00e8ne au plateau et \u00e0 l&#8217;embranchement pour le circuit court, est recommand\u00e9e pour les enfants \u00e2g\u00e9s de 8 \u00e0 10 ans ou plus. Cette partie propose \u00e9galement des bancs pour s&rsquo;arr\u00eater et admirer la vue.<\/p>\n\n\n\n<p>Enfin, la derni\u00e8re partie, qui inclut le retour, est un peu plus difficile avec quelques passages rocheux, mais sans danger. Elle est accessible aux enfants d\u00e9j\u00e0 bons marcheurs.<\/p>\n\n\n\n<p>Nous recommandons de ne pas faire cette randonn\u00e9e apr\u00e8s de fortes pluies, de porter des chaussures de randonn\u00e9e, d&rsquo;apporter de l&rsquo;eau, un pique-nique ou un go\u00fbter, un coupe-vent, ainsi que des jumelles et un appareil photo pour capturer les moments forts de cette belle randonn\u00e9e.<\/p>\n\n\n\n<h3 class=\"wp-block-heading\" id=\"h-randonnee-annecy-les-chalets-du-sollier\">Randonn\u00e9e Annecy : Les chalets du Sollier<\/h3>\n\n\n\n<p>Localit\u00e9 : La Chapelle-Saint-Maurice<\/p>\n\n\n\n<p>Distance : 6km &#8211; Dur\u00e9e : 3h00 &#8211; D\u00e9nivel\u00e9 : 433m &#8211; Altitude max : 1430m &#8211; Niveau : Mod\u00e9r\u00e9<\/p>\n\n\n\n<figure class=\"wp-block-image size-large\"><img loading=\"lazy\" decoding=\"async\" width=\"1024\" height=\"683\" src=\"https:\/\/endorfeen.com\/wp-content\/uploads\/2023\/04\/Dent_des_Portes_depuis_le_col_de_Charbonnet_VII.2017-1024x683.jpg\" alt=\"Randonn\u00e9e Annecy - le col de Charbonnet\" class=\"wp-image-10918\" srcset=\"https:\/\/endorfeen.com\/wp-content\/uploads\/2023\/04\/Dent_des_Portes_depuis_le_col_de_Charbonnet_VII.2017-300x200.jpg 300w, https:\/\/endorfeen.com\/wp-content\/uploads\/2023\/04\/Dent_des_Portes_depuis_le_col_de_Charbonnet_VII.2017-600x400.jpg 600w, https:\/\/endorfeen.com\/wp-content\/uploads\/2023\/04\/Dent_des_Portes_depuis_le_col_de_Charbonnet_VII.2017-768x512.jpg 768w, https:\/\/endorfeen.com\/wp-content\/uploads\/2023\/04\/Dent_des_Portes_depuis_le_col_de_Charbonnet_VII.2017-1024x683.jpg 1024w, https:\/\/endorfeen.com\/wp-content\/uploads\/2023\/04\/Dent_des_Portes_depuis_le_col_de_Charbonnet_VII.2017-1536x1024.jpg 1536w, https:\/\/endorfeen.com\/wp-content\/uploads\/2023\/04\/Dent_des_Portes_depuis_le_col_de_Charbonnet_VII.2017-scaled.jpg 2048w\" sizes=\"auto, (max-width: 1024px) 100vw, 1024px\" \/><figcaption class=\"wp-element-caption\">\u00a9 B. Brassoud, <a href=\"https:\/\/commons.wikimedia.org\/wiki\/File:Dent_des_Portes_depuis_le_col_de_Charbonnet_(VII.2017).jpg\" target=\"_blank\" rel=\"noreferrer noopener\">WIki Commons<\/a><\/figcaption><\/figure>\n\n\n\n<p>Le sentier menant aux chalets du Sollier est un itin\u00e9raire \u00e0 ne pas manquer entre Haute-Savoie et Savoie. La majeure partie du parcours est ombrag\u00e9e et offre un environnement naturel exceptionnel. La seconde partie, quant \u00e0 elle, est tr\u00e8s bien d\u00e9gag\u00e9e et permet de jouir d&rsquo;un point de vue remarquable sur le massif des Bauges. En \u00e9t\u00e9, les troupeaux paissent dans les alpages et la ferme des Chardons Bleus fabrique sur place de la Tomme de Savoie 100 % fermi\u00e8re ! La randonn\u00e9e, en aller-retour, offre un d\u00e9nivel\u00e9 de 433 m\u00e8tres sur moins de 3 kilom\u00e8tres. Cependant, quelques portions sont glissantes et un peu raides, donc une certaine vigilance est recommand\u00e9e.<\/p>\n\n\n\n<p>Pour vous y rendre, sortez du village de la Chapelle Saint-Maurice et prenez le chemin de la Cudraz \u00e0 gauche. Passez devant la ferme, allez jusqu&rsquo;au bout de la route et garez-vous dans un large virage, apr\u00e8s quelques m\u00e8tres sur un chemin en gravier.<\/p>\n\n\n\n<p>Quelques recommandations \u00e0 garder en t\u00eate pour une randonn\u00e9e r\u00e9ussie : empruntez le sentier par temps sec, entre mai et les premi\u00e8res neiges, pr\u00e9voyez de bonnes chaussures de randonn\u00e9e et des b\u00e2tons de marche si possible, apportez de l&rsquo;eau (l&rsquo;eau aux chalets du Sollier est impropre \u00e0 la consommation humaine), et enfin, merci de rester dans les chemins et de ne pas ramasser les fleurs (propri\u00e9t\u00e9 priv\u00e9e r\u00e9serv\u00e9e aux troupeaux). N&rsquo;oubliez pas de refermer tous les enclos derri\u00e8re vous.<\/p>\n\n\n\n<h3 class=\"wp-block-heading\" id=\"h-la-boucle-du-chateau-de-menthon-saint-bernard-cascades-de-montviard\">La Boucle du Ch\u00e2teau de Menthon Saint-Bernard \u2013 Cascades de Montviard<\/h3>\n\n\n\n<p>Localit\u00e9 : Bluffy<\/p>\n\n\n\n<p>Distance : 6km &#8211; Dur\u00e9e : 3h00 &#8211; D\u00e9nivel\u00e9 : 387m &#8211; Altitude max : 748m &#8211; Niveau : Mod\u00e9r\u00e9<\/p>\n\n\n\n<figure class=\"wp-block-image size-large\"><img loading=\"lazy\" decoding=\"async\" width=\"1024\" height=\"768\" src=\"https:\/\/endorfeen.com\/wp-content\/uploads\/2023\/04\/Chateau_de_Menthon-Saint-Bernard_Ramponnet-1024x768.jpeg\" alt=\"Randonn\u00e9e Annecy - Chateau de Menthon Saint-Bernard\" class=\"wp-image-10921\" srcset=\"https:\/\/endorfeen.com\/wp-content\/uploads\/2023\/04\/Chateau_de_Menthon-Saint-Bernard_Ramponnet-300x225.jpeg 300w, https:\/\/endorfeen.com\/wp-content\/uploads\/2023\/04\/Chateau_de_Menthon-Saint-Bernard_Ramponnet-400x300.jpeg 400w, https:\/\/endorfeen.com\/wp-content\/uploads\/2023\/04\/Chateau_de_Menthon-Saint-Bernard_Ramponnet-768x576.jpeg 768w, https:\/\/endorfeen.com\/wp-content\/uploads\/2023\/04\/Chateau_de_Menthon-Saint-Bernard_Ramponnet-800x600.jpeg 800w, https:\/\/endorfeen.com\/wp-content\/uploads\/2023\/04\/Chateau_de_Menthon-Saint-Bernard_Ramponnet-1024x768.jpeg 1024w, https:\/\/endorfeen.com\/wp-content\/uploads\/2023\/04\/Chateau_de_Menthon-Saint-Bernard_Ramponnet-1200x900.jpeg 1200w, https:\/\/endorfeen.com\/wp-content\/uploads\/2023\/04\/Chateau_de_Menthon-Saint-Bernard_Ramponnet-1536x1152.jpeg 1536w, https:\/\/endorfeen.com\/wp-content\/uploads\/2023\/04\/Chateau_de_Menthon-Saint-Bernard_Ramponnet-scaled.jpeg 2048w\" sizes=\"auto, (max-width: 1024px) 100vw, 1024px\" \/><figcaption class=\"wp-element-caption\">\u00a9 R\u00e9mih, Wiki Commons<\/figcaption><\/figure>\n\n\n\n<p>La Boucle du Ch\u00e2teau de Menthon Saint-Bernard &#8211; Cascades de Montviard est une randonn\u00e9e id\u00e9ale pour les marcheurs moyens souhaitant allier nature et patrimoine rural. Le parcours d\u00e9bute dans le village de Bluffy et se hisse \u00e0 travers la for\u00eat jusqu&rsquo;aux cascades de Montviard, offrant ainsi un premier point de vue sur le lac et le massif des Bauges. La descente s&rsquo;effectue ensuite \u00e0 travers les hameaux du Bosson et du Ramponnet avant de longer les jeunes vignobles du Ch\u00e2teau de Menthon Saint-Bernard sur un beau sentier.<\/p>\n\n\n\n<p>Cependant, il est important de noter que cette randonn\u00e9e n&rsquo;est pas praticable en hiver, car le bas des cascades est recouvert de glace, ce qui rend la travers\u00e9e des ruisseaux dangereuse. Il est donc recommand\u00e9 de pr\u00e9voir des chaussures de marche adapt\u00e9es pour cette randonn\u00e9e et de se garer au parking du centre village face \u00e0 la mairie.<\/p>\n\n\n\n<h3 class=\"wp-block-heading\" id=\"h-boucle-ermitage-saint-germain-par-ponnay\">Boucle Ermitage Saint-Germain par Ponnay<\/h3>\n\n\n\n<p>Localit\u00e9 : Talloires-Montmin<\/p>\n\n\n\n<p>Distance : 7.3km &#8211; Dur\u00e9e : 2h30 &#8211; D\u00e9nivel\u00e9 : 486m &#8211; Altitude max : 810m &#8211; Niveau : Mod\u00e9r\u00e9<\/p>\n\n\n\n<p>Cette randonn\u00e9e pittoresque part du centre bourg de Talloires, situ\u00e9 \u00e0 15 kilom\u00e8tres d&rsquo;Annecy. Elle vous guidera dans les rues du village avant de vous emmener \u00e0 l&rsquo;ermitage Saint-Germain. En chemin, vous traverserez de charmants hameaux paisibles et vous pourrez profiter de superbes panoramas sur le lac et les sommets environnants. Pour ceux qui le souhaitent, un d\u00e9tour pour admirer les cascades d&rsquo;Angon est \u00e9galement possible.<\/p>\n\n\n\n<p>La balade est praticable une bonne partie de l&rsquo;ann\u00e9e, mais il est important de noter que les chemins peuvent devenir boueux et glissants en cas de pluie. Il est donc recommand\u00e9 de porter de bonnes chaussures de marche et de prendre des b\u00e2tons si n\u00e9cessaire.<\/p>\n\n\n\n<p>Le d\u00e9part se fait depuis le parking de l&rsquo;\u00e9cole et la randonn\u00e9e est fl\u00e9ch\u00e9e en jaune avec des panneaux indiquant le chemin \u00e0 suivre. Il est \u00e9galement possible de prendre la ligne de bus 61 toute l&rsquo;ann\u00e9e (Annecy-Talloires), mais il n&rsquo;y a pas de bus le dimanche hors \u00e9t\u00e9. Pendant l&rsquo;\u00e9t\u00e9, des bateaux et des bus additionnels sont disponibles gr\u00e2ce aux lignes d&rsquo;\u00e9t\u00e9 de la SIBRA.<\/p>\n\n\n\n<p>Que vous soyez un randonneur exp\u00e9riment\u00e9 ou d\u00e9butant, cette randonn\u00e9e est accessible \u00e0 tous. N&rsquo;oubliez pas votre appareil photo pour capturer les moments magiques et les panoramas \u00e9poustouflants. Profitez de cette belle occasion pour d\u00e9couvrir les paysages de Talloires et ses alentours dans toute leur splendeur !<\/p>\n\n\n\n<h3 class=\"wp-block-heading\" id=\"h-randonnee-annecy-le-chalet-des-auges\">Randonn\u00e9e Annecy : Le chalet des Auges<\/h3>\n\n\n\n<p>Localit\u00e9 : Filli\u00e8re<\/p>\n\n\n\n<p>Distance : 8.3km &#8211; Dur\u00e9e : 3h30 &#8211; D\u00e9nivel\u00e9 : 487m &#8211; Altitude max : 1794m &#8211; Niveau : Mod\u00e9r\u00e9<\/p>\n\n\n\n<figure class=\"wp-block-image size-full is-resized\"><img loading=\"lazy\" decoding=\"async\" src=\"https:\/\/endorfeen.com\/wp-content\/uploads\/2023\/04\/Chalets_dAuges_20.II_.15.jpg\" alt=\"\" class=\"wp-image-10923\" width=\"798\" height=\"532\" srcset=\"https:\/\/endorfeen.com\/wp-content\/uploads\/2023\/04\/Chalets_dAuges_20.II_.15-300x200.jpg 300w, https:\/\/endorfeen.com\/wp-content\/uploads\/2023\/04\/Chalets_dAuges_20.II_.15-600x400.jpg 600w, https:\/\/endorfeen.com\/wp-content\/uploads\/2023\/04\/Chalets_dAuges_20.II_.15.jpg 640w\" sizes=\"auto, (max-width: 798px) 100vw, 798px\" \/><figcaption class=\"wp-element-caption\">\u00a9 B. Brassoud, <a href=\"https:\/\/commons.wikimedia.org\/w\/index.php?search=Le+chalet+des+Auges&amp;title=Special:MediaSearch&amp;go=Go&amp;type=image\" target=\"_blank\" rel=\"noreferrer noopener\">Wiki Commons<\/a><\/figcaption><\/figure>\n\n\n\n<p>La randonn\u00e9e jusqu&rsquo;au chalet des Auges est d&rsquo;une difficult\u00e9 moyenne avec quelques passages plus difficiles, mais elle est accessible \u00e0 tous les bons marcheurs, y compris les enfants qui ont une bonne condition physique. Tout au long de l&rsquo;ascension, le champ de vision s&rsquo;\u00e9largit pour offrir un panorama \u00e9poustouflant sur la cha\u00eene des Aravis, le Jalouvre (Bargy), le Lachat de Th\u00f4nes, le Parmelan, le Mont-Blanc et le plateau des Gli\u00e8res.<\/p>\n\n\n\n<p>En \u00e9t\u00e9, un concert de clarines (cloches) accompagnera votre marche. N&rsquo;h\u00e9sitez pas \u00e0 faire une pause pour d\u00e9couvrir la vie des alpagistes et d\u00e9guster les fromages locaux tels que le Reblochon fermier et le fromage de ch\u00e8vre. Un restaurant est disponible sur le parking et un refuge se trouve en haut pour vous d\u00e9salt\u00e9rer ou vous restaurer.<\/p>\n\n\n\n<p>En hiver, cette randonn\u00e9e est accessible aux bons randonneurs ayant une bonne exp\u00e9rience de la marche en raquettes et une connaissance du terrain. N&rsquo;oubliez pas de suivre la trace pour \u00e9viter de vous perdre.<\/p>\n\n\n\n<p>En somme, la randonn\u00e9e du chalet des Auges offre une exp\u00e9rience unique pour les randonneurs de tous niveaux, avec une vue panoramique spectaculaire et la possibilit\u00e9 de d\u00e9couvrir la vie traditionnelle de la montagne. Que vous soyez en \u00e9t\u00e9 ou en hiver, cette randonn\u00e9e vous garantit une exp\u00e9rience inoubliable.<\/p>\n\n\n\n<h3 class=\"wp-block-heading\" id=\"h-randonnee-annecy-le-col-de-la-forclaz-par-le-bout-du-lac\">Randonn\u00e9e Annecy : Le Col de la Forclaz par le bout du lac<\/h3>\n\n\n\n<p>Localit\u00e9 : Massif des Bauges<\/p>\n\n\n\n<p>Distance : 10,8km &#8211; Dur\u00e9e : 5h30 &#8211; D\u00e9nivel\u00e9 : 831m &#8211; Altitude max : &#8211; Niveau : Mod\u00e9r\u00e9<\/p>\n\n\n\n<figure class=\"wp-block-image size-large\"><img loading=\"lazy\" decoding=\"async\" width=\"1024\" height=\"576\" src=\"https:\/\/endorfeen.com\/wp-content\/uploads\/2023\/04\/chen-onL-pBrsWCQ-unsplash-1024x576.jpg\" alt=\"Col de La Forclaz\" class=\"wp-image-10925\" srcset=\"https:\/\/endorfeen.com\/wp-content\/uploads\/2023\/04\/chen-onL-pBrsWCQ-unsplash-300x169.jpg 300w, https:\/\/endorfeen.com\/wp-content\/uploads\/2023\/04\/chen-onL-pBrsWCQ-unsplash-768x432.jpg 768w, https:\/\/endorfeen.com\/wp-content\/uploads\/2023\/04\/chen-onL-pBrsWCQ-unsplash-1024x576.jpg 1024w, https:\/\/endorfeen.com\/wp-content\/uploads\/2023\/04\/chen-onL-pBrsWCQ-unsplash-1536x864.jpg 1536w, https:\/\/endorfeen.com\/wp-content\/uploads\/2023\/04\/chen-onL-pBrsWCQ-unsplash-scaled.jpg 2048w\" sizes=\"auto, (max-width: 1024px) 100vw, 1024px\" \/><figcaption class=\"wp-element-caption\">\u00a9 Chen, Unsplash<\/figcaption><\/figure>\n\n\n\n<p>Le Col de la Forclaz est une randonn\u00e9e incontournable de la r\u00e9gion, offrant des vues \u00e0 couper le souffle sur les montagnes environnantes et le Lac d&rsquo;Annecy en contrebas. Cette randonn\u00e9e de 11 km est plus facile qu&rsquo;elle ne le laisse para\u00eetre, avec une ascension progressive et r\u00e9guli\u00e8re. Arriv\u00e9\u00b7e en haut, le panorama est \u00e0 couper le souffle, offrant un v\u00e9ritable spectacle pour les yeux. Pour les plus t\u00e9m\u00e9raires, sachez que des activit\u00e9s sensationnelles telles que le parapente, le deltaplane et le parachute sont possibles depuis le Col de la Forclaz, pour une exp\u00e9rience unique et m\u00e9morable.<\/p>\n\n\n\n<p>Cet itin\u00e9raire aller-retour de 10,8 km pr\u00e8s de Doussard, Haute-Savoie, est consid\u00e9r\u00e9 comme mod\u00e9r\u00e9, avec une dur\u00e9e moyenne de 4 heures et 48 minutes. La meilleure p\u00e9riode pour visiter est de mars \u00e0 octobre. Alors n&rsquo;h\u00e9sitez plus et partez \u00e0 l&rsquo;aventure sur les chemins du Col de la Forclaz pour une randonn\u00e9e inoubliable.<\/p>\n\n\n\n<h3 class=\"wp-block-heading\" id=\"h-la-touviere-de-leschaux-a-saint-eustache\">La Touvi\u00e8re : de Leschaux \u00e0 Saint-Eustache<\/h3>\n\n\n\n<p>Localit\u00e9 : Leschaux<\/p>\n\n\n\n<p>Distance : 11km &#8211; Dur\u00e9e : 3h00 &#8211; D\u00e9nivel\u00e9 : 447m &#8211; Altitude max : 1102m &#8211; Niveau : Mod\u00e9r\u00e9<\/p>\n\n\n\n<p>La promenade bucolique de la Touvi\u00e8re permet de relier Leschaux \u00e0 Saint-Eustache en passant par une agr\u00e9able balade en for\u00eat. Le retour se fait en partie par le m\u00eame chemin, mais il est possible de faire un petit crochet par une petite route pour d\u00e9couvrir le charmant hameau de la Touvi\u00e8re avec ses maisons traditionnelles baujues.<\/p>\n\n\n\n<p>La randonn\u00e9e de la Touvi\u00e8re offre un programme vari\u00e9 comprenant la for\u00eat, le patrimoine et les panoramas. Cette balade est accessible toute l&rsquo;ann\u00e9e, sauf apr\u00e8s de fortes pluies ou des nuits tr\u00e8s froides, il est recommand\u00e9 de pr\u00e9voir des chaussures de marche et des b\u00e2tons.<\/p>\n\n\n\n<p>Les parkings se trouvent \u00e0 l&rsquo;\u00e9glise ou \u00e0 la mairie de Leschaux. Une fontaine \u00e0 Saint-Eustache permet de se d\u00e9salt\u00e9rer avec de l&rsquo;eau de source potable. Pour ceux qui cherchent un h\u00e9bergement, la Biolette \u00e0 Leschaux propose un g\u00eete d&rsquo;\u00e9tape. Vous pouvez \u00e9galement visiter la fromagerie les Noisetiers en dessous du col en direction de la Savoie pour acheter du fromage Abondance fermier.<\/p>\n\n\n\n<p>Il est important de noter que le parcours Saint-Eustache-la Boucle du Laudon au d\u00e9part de Saint-Jorioz combin\u00e9 \u00e0 celui de la Touvi\u00e8re constitue une belle sortie \u00e0 la journ\u00e9e depuis Saint-Jorioz. Cette randonn\u00e9e est \u00e9galement r\u00e9alisable en VTT.<\/p>\n\n\n\n<p>En somme, la randonn\u00e9e de la Touvi\u00e8re offre une exp\u00e9rience bucolique vari\u00e9e pour les randonneurs de tous niveaux, avec des vues imprenables et la possibilit\u00e9 de d\u00e9couvrir la culture traditionnelle de la r\u00e9gion. Que vous soyez en solo, en famille ou entre amis, cette randonn\u00e9e est une belle occasion de se reconnecter avec la nature.<\/p>\n\n\n\n<h3 class=\"wp-block-heading\" id=\"h-saint-eustache-la-boucle-du-laudon\">Saint-Eustache : La Boucle du Laudon<\/h3>\n\n\n\n<p>Localit\u00e9 : Saint-Jorioz<\/p>\n\n\n\n<p>Distance : 12.5km &#8211; Dur\u00e9e : 4h30 &#8211; D\u00e9nivel\u00e9 : 401m &#8211; Altitude max : 745m &#8211; Niveau : Mod\u00e9r\u00e9<\/p>\n\n\n\n<figure class=\"wp-block-image size-large\"><img loading=\"lazy\" decoding=\"async\" width=\"1024\" height=\"768\" src=\"https:\/\/endorfeen.com\/wp-content\/uploads\/2023\/04\/La_Touviere_-_Saint-Saturnin_2012-1024x768.jpeg\" alt=\"Randonn\u00e9e Annecy - La touvi\u00e8re\" class=\"wp-image-10928\" srcset=\"https:\/\/endorfeen.com\/wp-content\/uploads\/2023\/04\/La_Touviere_-_Saint-Saturnin_2012-300x225.jpeg 300w, https:\/\/endorfeen.com\/wp-content\/uploads\/2023\/04\/La_Touviere_-_Saint-Saturnin_2012-400x300.jpeg 400w, https:\/\/endorfeen.com\/wp-content\/uploads\/2023\/04\/La_Touviere_-_Saint-Saturnin_2012-768x576.jpeg 768w, https:\/\/endorfeen.com\/wp-content\/uploads\/2023\/04\/La_Touviere_-_Saint-Saturnin_2012-800x600.jpeg 800w, https:\/\/endorfeen.com\/wp-content\/uploads\/2023\/04\/La_Touviere_-_Saint-Saturnin_2012-1024x768.jpeg 1024w, https:\/\/endorfeen.com\/wp-content\/uploads\/2023\/04\/La_Touviere_-_Saint-Saturnin_2012-1200x900.jpeg 1200w, https:\/\/endorfeen.com\/wp-content\/uploads\/2023\/04\/La_Touviere_-_Saint-Saturnin_2012-1536x1152.jpeg 1536w, https:\/\/endorfeen.com\/wp-content\/uploads\/2023\/04\/La_Touviere_-_Saint-Saturnin_2012.jpeg 2048w\" sizes=\"auto, (max-width: 1024px) 100vw, 1024px\" \/><figcaption class=\"wp-element-caption\">\u00a9 Florian P\u00e9pellin, Wiki Commons<\/figcaption><\/figure>\n\n\n\n<p>La randonn\u00e9e Saint-Eustache, \u00e9galement connue sous le nom de boucle du Laudon, offre un parcours atypique car, bien que nomm\u00e9e d&rsquo;apr\u00e8s la rivi\u00e8re du Laudon, elle part de Saint-Jorioz pour rejoindre Saint-Eustache, longeant la rivi\u00e8re sur une partie du trajet. Cette randonn\u00e9e a \u00e9t\u00e9 r\u00e9alis\u00e9e en collaboration avec le d\u00e9partement et le Grand Annecy pour le balisage et l&rsquo;Office de Tourisme.<\/p>\n\n\n\n<p>Le parcours, bien que d&rsquo;une difficult\u00e9 moyenne, peut \u00eatre un peu long pour les enfants. Cependant, il offre de magnifiques panoramas sur les montagnes et de petites vues sur le lac. La randonn\u00e9e vous fera traverser diff\u00e9rents paysages allant de la campagne \u00e0 la for\u00eat, en passant par le monde rural et l&rsquo;histoire parfois tragique. Le point de d\u00e9part se situe \u00e0 l&rsquo;\u00e9glise de Saint-Jorioz, o\u00f9 vous pourrez vous procurer des provisions pour votre pique-nique dans le petit supermarch\u00e9 situ\u00e9 en face de l&rsquo;\u00e9glise. Malheureusement, le seul caf\u00e9 sur le chemin a d\u00e9sormais ferm\u00e9 ses portes.<\/p>\n\n\n\n<p>Toutefois, vous pourrez remplir votre gourde d&rsquo;eau fra\u00eeche \u00e0 Saint-Eustache. En somme, la randonn\u00e9e Saint-Eustache ou boucle du Laudon vous fera d\u00e9couvrir de magnifiques paysages et vous immergera dans l&rsquo;histoire et la culture locales. Il est important de noter que bien que le parcours soit accessible, il peut \u00eatre un peu long pour les enfants. Pr\u00e9parez-vous en cons\u00e9quence pour profiter au maximum de cette randonn\u00e9e !<\/p>\n\n\n\n<h2 class=\"wp-block-heading\" id=\"h-randonnees-annecy-niveau-difficile\">Randonn\u00e9es Annecy, Niveau Difficile<\/h2>\n\n\n\n<h3 class=\"wp-block-heading\" id=\"h-le-col-de-la-cochette-par-la-magne\">Le Col de la Cochette par la Magne<\/h3>\n\n\n\n<p>Localit\u00e9 : Saint-Eustache<\/p>\n\n\n\n<p>Distance : 6km &#8211; Dur\u00e9e : 3h45 &#8211; D\u00e9nivel\u00e9 : 491m &#8211; Altitude max : 1320m &#8211; Niveau : Difficile<\/p>\n\n\n\n<figure class=\"wp-block-image size-large\"><img loading=\"lazy\" decoding=\"async\" width=\"1024\" height=\"683\" src=\"https:\/\/endorfeen.com\/wp-content\/uploads\/2023\/04\/Col_de_la_Cochette_51391670407-1024x683.jpg\" alt=\"Randonn\u00e9e Annecy - Col de la Cochette\" class=\"wp-image-10950\" srcset=\"https:\/\/endorfeen.com\/wp-content\/uploads\/2023\/04\/Col_de_la_Cochette_51391670407-300x200.jpg 300w, https:\/\/endorfeen.com\/wp-content\/uploads\/2023\/04\/Col_de_la_Cochette_51391670407-600x400.jpg 600w, https:\/\/endorfeen.com\/wp-content\/uploads\/2023\/04\/Col_de_la_Cochette_51391670407-768x512.jpg 768w, https:\/\/endorfeen.com\/wp-content\/uploads\/2023\/04\/Col_de_la_Cochette_51391670407-1024x683.jpg 1024w, https:\/\/endorfeen.com\/wp-content\/uploads\/2023\/04\/Col_de_la_Cochette_51391670407-1536x1024.jpg 1536w, https:\/\/endorfeen.com\/wp-content\/uploads\/2023\/04\/Col_de_la_Cochette_51391670407-scaled.jpg 2048w\" sizes=\"auto, (max-width: 1024px) 100vw, 1024px\" \/><figcaption class=\"wp-element-caption\">\u00a9 Guilhem Vellut, Wiki Commons<\/figcaption><\/figure>\n\n\n\n<p>Cette randonn\u00e9e est un v\u00e9ritable d\u00e9fi pour les plus exp\u00e9riment\u00e9s d&rsquo;entre vous, mais elle offre des vues \u00e0 couper le souffle sur Saint-Jorioz, Sevrier et Annecy, ainsi que sur les montagnes environnantes. Le parcours a \u00e9t\u00e9 d\u00e9velopp\u00e9 en collaboration avec le D\u00e9partement et le Grand Annecy, et suit une cr\u00eate escarp\u00e9e qui descend de la Montagne d&rsquo;Entrevernes. Vous pourrez admirer le petit lac et la Tournette, ainsi qu&rsquo;une croix au sommet d&rsquo;un rocher qui offre une vue panoramique incroyable.<\/p>\n\n\n\n<p>Le point de d\u00e9part se situe dans le hameau de La Magne, sur les hauteurs de Saint-Jorioz. Pour acc\u00e9der au parking de la T\u00eate, prenez la direction de la route de la Cochette et poursuivez jusqu&rsquo;au bout de la route.<\/p>\n\n\n\n<p>Nous recommandons cette randonn\u00e9e aux randonneurs les plus chevronn\u00e9s et exp\u00e9riment\u00e9s, car elle comporte des portions vertigineuses qui ne conviennent pas aux enfants ou aux personnes sujettes au vertige. Si vous \u00eates \u00e0 la hauteur de ce d\u00e9fi, assurez-vous d&rsquo;apporter tout l&rsquo;\u00e9quipement n\u00e9cessaire, y compris de bonnes chaussures de randonn\u00e9e et suffisamment d&rsquo;eau pour rester hydrat\u00e9 tout au long de la journ\u00e9e.<\/p>\n\n\n\n<h3 class=\"wp-block-heading\" id=\"h-randonnee-annecy-la-boucle-d-entrevernes\">Randonn\u00e9e Annecy : La Boucle d\u2019Entrevernes<\/h3>\n\n\n\n<p>Localit\u00e9 : Entrevernes<\/p>\n\n\n\n<p>Distance : 8.9km &#8211; Dur\u00e9e : 4h30 &#8211; D\u00e9nivel\u00e9 : 769m &#8211; Altitude max : 1320m &#8211; Niveau : Difficile<\/p>\n\n\n\n<figure class=\"wp-block-image size-large\"><img loading=\"lazy\" decoding=\"async\" width=\"1024\" height=\"678\" src=\"https:\/\/endorfeen.com\/wp-content\/uploads\/2023\/04\/Entrevernes_et_Doussard-1024x678.jpg\" alt=\"\" class=\"wp-image-10948\" srcset=\"https:\/\/endorfeen.com\/wp-content\/uploads\/2023\/04\/Entrevernes_et_Doussard-300x199.jpg 300w, https:\/\/endorfeen.com\/wp-content\/uploads\/2023\/04\/Entrevernes_et_Doussard-768x509.jpg 768w, https:\/\/endorfeen.com\/wp-content\/uploads\/2023\/04\/Entrevernes_et_Doussard-1024x678.jpg 1024w, https:\/\/endorfeen.com\/wp-content\/uploads\/2023\/04\/Entrevernes_et_Doussard-1536x1017.jpg 1536w, https:\/\/endorfeen.com\/wp-content\/uploads\/2023\/04\/Entrevernes_et_Doussard-scaled.jpg 2048w\" sizes=\"auto, (max-width: 1024px) 100vw, 1024px\" \/><\/figure>\n\n\n\n<p>La Boucle d\u2019Entrevernes est une randonn\u00e9e tr\u00e8s compl\u00e8te qui vaut le d\u00e9tour ! Elle offre de superbes points de vue sur le lac, ainsi que sur les massifs des Bornes et des Bauges. Balis\u00e9e par le D\u00e9partement en collaboration avec le Grand Annecy, cette randonn\u00e9e est propos\u00e9e par l&rsquo;Office de Tourisme du Lac d&rsquo;Annecy. Le balisage est pr\u00e9sent tout le long du parcours (panneau et fl\u00e9chage jaune).<\/p>\n\n\n\n<p>Le parcours se divise en trois \u00e9tapes. Tout d&rsquo;abord, une mont\u00e9e en lacets jusqu&rsquo;au col de la Cochette, qui offre de superbes panoramas d\u00e8s le d\u00e9part. Ensuite, une descente progressive sur la cr\u00eate de la montagne d&rsquo;Entrevernes, qui vous m\u00e8nera jusqu&rsquo;au hameau des Maisons. Enfin, vous remonterez vers le Taillefer en passant par ce m\u00eame hameau. Tout au long de cette randonn\u00e9e, vous pourrez admirer du patrimoine, de l&rsquo;histoire et de magnifiques points de vue.<\/p>\n\n\n\n<p>Quelques recommandations pour cette randonn\u00e9e : pr\u00e9voyez de bonnes chaussures de marche pour faire face \u00e0 un terrain glissant, un b\u00e2ton de randonn\u00e9e pour la descente qui est longue et glissante, ainsi qu&rsquo;un pique-nique et de l&rsquo;eau. Notez que cette randonn\u00e9e peut se faire pratiquement toute l&rsquo;ann\u00e9e, sauf apr\u00e8s de fortes pluies ou neige.<\/p>\n\n\n\n<p>Cependant, il est important d&rsquo;\u00eatre vigilant lors de la p\u00e9riode de chasse (automne, hiver). En effet, les lundis, mercredis et vendredis, cette randonn\u00e9e est sans danger car la for\u00eat est tr\u00e8s fr\u00e9quent\u00e9e par les sangliers et les chevreuils. En revanche, les autres jours et jours f\u00e9ri\u00e9s, il est recommand\u00e9 de porter un gilet jaune et d&rsquo;avoir une clochette au sac \u00e0 dos pour signaler votre pr\u00e9sence.<\/p>\n\n\n\n<h3 class=\"wp-block-heading\" id=\"h-roc-des-boeufs-1774-chalets-du-sollier-par-la-chapelle-saint-maurice\">Roc des Boeufs 1774 \u2013 Chalets du Sollier \u2013 par la Chapelle Saint-Maurice<\/h3>\n\n\n\n<p>Localit\u00e9 : La Chapelle-Saint-Maurice<\/p>\n\n\n\n<p>Distance : 8km &#8211; Dur\u00e9e : 4h00 &#8211; D\u00e9nivel\u00e9 : 700m &#8211; Altitude max : 1774m &#8211; Niveau : Difficile<\/p>\n\n\n\n<figure class=\"wp-block-image size-large\"><img loading=\"lazy\" decoding=\"async\" width=\"1024\" height=\"683\" src=\"https:\/\/endorfeen.com\/wp-content\/uploads\/2023\/04\/Dent_des_Portes_depuis_le_col_de_Charbonnet_VII.2017-1-1024x683.jpg\" alt=\"Dent des Portes depuis le col de Charbonnet. Au fond, les rocs de Four et des B\u0153ufs et la montagne du Semnoz.\" class=\"wp-image-10946\" srcset=\"https:\/\/endorfeen.com\/wp-content\/uploads\/2023\/04\/Dent_des_Portes_depuis_le_col_de_Charbonnet_VII.2017-1-300x200.jpg 300w, https:\/\/endorfeen.com\/wp-content\/uploads\/2023\/04\/Dent_des_Portes_depuis_le_col_de_Charbonnet_VII.2017-1-600x400.jpg 600w, https:\/\/endorfeen.com\/wp-content\/uploads\/2023\/04\/Dent_des_Portes_depuis_le_col_de_Charbonnet_VII.2017-1-768x512.jpg 768w, https:\/\/endorfeen.com\/wp-content\/uploads\/2023\/04\/Dent_des_Portes_depuis_le_col_de_Charbonnet_VII.2017-1-1024x683.jpg 1024w, https:\/\/endorfeen.com\/wp-content\/uploads\/2023\/04\/Dent_des_Portes_depuis_le_col_de_Charbonnet_VII.2017-1-1536x1024.jpg 1536w, https:\/\/endorfeen.com\/wp-content\/uploads\/2023\/04\/Dent_des_Portes_depuis_le_col_de_Charbonnet_VII.2017-1-scaled.jpg 2048w\" sizes=\"auto, (max-width: 1024px) 100vw, 1024px\" \/><figcaption class=\"wp-element-caption\">\u00a9 B. Brassoud, Wiki Commons<\/figcaption><\/figure>\n\n\n\n<p>Cette randonn\u00e9e en aller-retour offre une vue imprenable sur le lac et la cha\u00eene des Alpes jusqu&rsquo;au Mont-Blanc. Toutefois, son ascension est plut\u00f4t difficile avec une d\u00e9nivel\u00e9e de 700 m\u00e8tres, et l&rsquo;arriv\u00e9e sur une cr\u00eate \u00e9troite peut \u00eatre vertigineuse pour certains. Il est conseill\u00e9 de partir t\u00f4t le matin pour \u00e9viter l&rsquo;affluence au sommet. Si vous pr\u00e9voyez un pique-nique, sachez que les prairies et les alpages doivent \u00eatre respect\u00e9s et qu&rsquo;il peut ne pas \u00eatre possible de manger sur place.<\/p>\n\n\n\n<p>Le point de d\u00e9part se trouve sur le chemin de la Cudraz, \u00e0 la sortie du village de la Chapelle Saint-Maurice. Apr\u00e8s quelques m\u00e8tres sur un chemin, vous pourrez vous garer dans un large virage.<\/p>\n\n\n\n<p>Voici quelques recommandations importantes :<\/p>\n\n\n\n<ul class=\"wp-block-list\">\n<li>Cette randonn\u00e9e doit \u00eatre entreprise par temps sec, de juin aux premi\u00e8res neiges (jamais par temps de brouillard ou orageux)<\/li>\n\n\n\n<li>Pr\u00e9voyez de bonnes chaussures de randonn\u00e9e et des b\u00e2tons de marche si possible, car la descente peut \u00eatre plus difficile que la mont\u00e9e<\/li>\n\n\n\n<li>Apportez de l&rsquo;eau (attention : l&rsquo;eau aux chalets du Sollier est impropre \u00e0 la consommation humaine)<\/li>\n\n\n\n<li>Merci de respecter les chemins et de ne pas couper \u00e0 travers les alpages, ainsi que de ne pas ramasser les fleurs (propri\u00e9t\u00e9 priv\u00e9e r\u00e9serv\u00e9e aux troupeaux)<\/li>\n\n\n\n<li>Refermez tous les enclos derri\u00e8re vous Sachez \u00e9galement que la premi\u00e8re partie jusqu&rsquo;aux Chalets du Sollier peut \u00eatre faite sans monter jusqu&rsquo;au sommet du roc. Vous trouverez le parcours d\u00e9taill\u00e9 sur cette m\u00eame application. Bonne randonn\u00e9e !<\/li>\n<\/ul>\n\n\n\n<h3 class=\"wp-block-heading\" id=\"h-les-tours-saint-jacques-les-chalets-de-la-figlia\">Les Tours Saint-Jacques \u2013 Les chalets de la Figlia<\/h3>\n\n\n\n<p>Localit\u00e9 : All\u00e8ves<\/p>\n\n\n\n<p>Distance : 9.1km &#8211; Dur\u00e9e : 5h30 &#8211; D\u00e9nivel\u00e9 : 824m &#8211; Altitude max : 1288m &#8211; Niveau : Difficile<\/p>\n\n\n\n<figure class=\"wp-block-image size-large\"><img loading=\"lazy\" decoding=\"async\" width=\"1024\" height=\"683\" src=\"https:\/\/endorfeen.com\/wp-content\/uploads\/2023\/04\/Chalets_de_la_Figlia_@_Semnoz_50928046278-1024x683.jpg\" alt=\"Chalets de la Figlia\" class=\"wp-image-10943\" srcset=\"https:\/\/endorfeen.com\/wp-content\/uploads\/2023\/04\/Chalets_de_la_Figlia_@_Semnoz_50928046278-300x200.jpg 300w, https:\/\/endorfeen.com\/wp-content\/uploads\/2023\/04\/Chalets_de_la_Figlia_@_Semnoz_50928046278-600x400.jpg 600w, https:\/\/endorfeen.com\/wp-content\/uploads\/2023\/04\/Chalets_de_la_Figlia_@_Semnoz_50928046278-768x512.jpg 768w, https:\/\/endorfeen.com\/wp-content\/uploads\/2023\/04\/Chalets_de_la_Figlia_@_Semnoz_50928046278-1024x683.jpg 1024w, https:\/\/endorfeen.com\/wp-content\/uploads\/2023\/04\/Chalets_de_la_Figlia_@_Semnoz_50928046278-1536x1024.jpg 1536w, https:\/\/endorfeen.com\/wp-content\/uploads\/2023\/04\/Chalets_de_la_Figlia_@_Semnoz_50928046278-scaled.jpg 2048w\" sizes=\"auto, (max-width: 1024px) 100vw, 1024px\" \/><figcaption class=\"wp-element-caption\">\u00a9 Guilhem Vellut, Wiki Commons<\/figcaption><\/figure>\n\n\n\n<p>Pour explorer les Tours Saint-Jacques et les chalets de la Figlia, il y a plusieurs itin\u00e9raires possibles, mais nous avons opt\u00e9 pour le plus long qui permet de profiter pleinement des diff\u00e9rentes facettes de cet endroit : le d\u00e9fil\u00e9 de Banges, le village, le patrimoine vernaculaire et la h\u00eatraie.<\/p>\n\n\n\n<p>Pour se garer, plusieurs options s&rsquo;offrent \u00e0 vous : le parking des Cyclamens ou celui du cimeti\u00e8re qui est plus grand. Le d\u00e9part de cette randonn\u00e9e se fait depuis le parking des Cyclamens. Bien que la premi\u00e8re partie soit difficile, elle en vaut largement la peine. Cependant, si vous avez de jeunes enfants, il est pr\u00e9f\u00e9rable de choisir la version plus courte (indiqu\u00e9e sur les panneaux).<\/p>\n\n\n\n<p>Pensez \u00e0 emporter un pique-nique, des b\u00e2tons de marche (si vous le souhaitez) et n&rsquo;oubliez pas que des toilettes publiques se trouvent derri\u00e8re la mairie. Prenez le temps d&rsquo;appr\u00e9cier cette nature g\u00e9n\u00e9reuse et grandiose tout en explorant les tours Saint-Jacques et les chalets de la Figlia.<\/p>\n\n\n\n<h3 class=\"wp-block-heading\" id=\"h-le-plateau-du-parmelan\">Le Plateau du Parmelan<\/h3>\n\n\n\n<p>Localit\u00e9 : Filli\u00e8re<\/p>\n\n\n\n<p>Distance : 9km &#8211; Dur\u00e9e : 3h00 &#8211; D\u00e9nivel\u00e9 : 406m &#8211; Altitude max : 1820m &#8211; Niveau : Difficile<\/p>\n\n\n\n<p>D\u00e9couvrez une autre facette du lac d&rsquo;Annecy en partant \u00e0 la conqu\u00eate du Plateau du Parmelan. Cette randonn\u00e9e vous offre une vue imprenable sur le lac et vous transporte dans un monde min\u00e9ral unique en son genre. Vous pouvez acc\u00e9der au Plateau par diff\u00e9rents itin\u00e9raires, mais le d\u00e9part depuis le Chalet de l&rsquo;Anglettaz est le plus court, d\u00e9marrant \u00e0 1500 m\u00e8tres d&rsquo;altitude. Cependant, la route pour acc\u00e9der au parking final est en mauvais \u00e9tat sur 4 kilom\u00e8tres, elle est donc r\u00e9serv\u00e9e aux v\u00e9hicules tout-terrain.<\/p>\n\n\n\n<p>Attention, cette randonn\u00e9e est technique en raison de la travers\u00e9e des lapiaz et est d\u00e9conseill\u00e9e par temps humide ou de brouillard, ainsi que pour les jeunes enfants. Pr\u00e9voyez des chaussures de randonn\u00e9e adapt\u00e9es pour une meilleure adh\u00e9rence et une meilleure stabilit\u00e9 sur les pierres.<\/p>\n\n\n\n<h3 class=\"wp-block-heading\" id=\"h-randonnee-annecy-la-pointe-de-talamarche\">Randonn\u00e9e Annecy : La Pointe de Talamarche<\/h3>\n\n\n\n<p>Localit\u00e9 : Talloires-Montmin<\/p>\n\n\n\n<p>Distance : 9km &#8211; Dur\u00e9e : 4h30 &#8211; D\u00e9nivel\u00e9 : 660m &#8211; Altitude max : 1806m &#8211; Niveau : Difficile<\/p>\n\n\n\n<figure class=\"wp-block-image size-large\"><img loading=\"lazy\" decoding=\"async\" width=\"1024\" height=\"683\" src=\"https:\/\/endorfeen.com\/wp-content\/uploads\/2023\/04\/La_Tournette_@_Sommet_de_la_Pointe_de_Talamarche_50949732398-1024x683.jpg\" alt=\"Randonn\u00e9e Annecy Sommet de la Pointe de Talamarche\" class=\"wp-image-10940\" srcset=\"https:\/\/endorfeen.com\/wp-content\/uploads\/2023\/04\/La_Tournette_@_Sommet_de_la_Pointe_de_Talamarche_50949732398-300x200.jpg 300w, https:\/\/endorfeen.com\/wp-content\/uploads\/2023\/04\/La_Tournette_@_Sommet_de_la_Pointe_de_Talamarche_50949732398-600x400.jpg 600w, https:\/\/endorfeen.com\/wp-content\/uploads\/2023\/04\/La_Tournette_@_Sommet_de_la_Pointe_de_Talamarche_50949732398-768x512.jpg 768w, https:\/\/endorfeen.com\/wp-content\/uploads\/2023\/04\/La_Tournette_@_Sommet_de_la_Pointe_de_Talamarche_50949732398-1024x683.jpg 1024w, https:\/\/endorfeen.com\/wp-content\/uploads\/2023\/04\/La_Tournette_@_Sommet_de_la_Pointe_de_Talamarche_50949732398-1536x1024.jpg 1536w, https:\/\/endorfeen.com\/wp-content\/uploads\/2023\/04\/La_Tournette_@_Sommet_de_la_Pointe_de_Talamarche_50949732398-scaled.jpg 2048w\" sizes=\"auto, (max-width: 1024px) 100vw, 1024px\" \/><figcaption class=\"wp-element-caption\">\u00a9 Guilhem Vellut, Wiki Commons<\/figcaption><\/figure>\n\n\n\n<p>La randonn\u00e9e de la Pointe de Talamarche est une belle opportunit\u00e9 pour les marcheurs confirm\u00e9s de profiter de vues imprenables sur le lac d&rsquo;Annecy, les massifs des Aravis, la Tournette et le Mont-Blanc. Il y a deux parkings disponibles, le premier au col de l&rsquo;Aulp, et pour les plus aventureux, une piste m\u00e8ne jusqu&rsquo;au chalet de l&rsquo;Aulp.<\/p>\n\n\n\n<p>Le parcours d\u00e9bute par une descente en for\u00eat, suivie d&rsquo;une ascension vers le Pas de l&rsquo;Aulp et le Roc de l&rsquo;Ancrenaz, menant \u00e0 un magnifique vallon d&rsquo;alpage et une travers\u00e9e reposante avant de remonter en direction de la Pointe de Talamarche. L&rsquo;arriv\u00e9e au sommet offre un panorama \u00e0 360 degr\u00e9s sur les alentours.<\/p>\n\n\n\n<p>Cette randonn\u00e9e est recommand\u00e9e aux personnes souhaitant profiter de belles vues sur le Mont-Blanc et le lac d&rsquo;Annecy.<\/p>\n\n\n\n<h3 class=\"wp-block-heading\" id=\"h-circuit-de-sous-dine\">Circuit de Sous D\u00eene<\/h3>\n\n\n\n<p>Localit\u00e9 : Filli\u00e8re<\/p>\n\n\n\n<p>Distance : 10.4km &#8211; Dur\u00e9e : 4h30 &#8211; D\u00e9nivel\u00e9 : 882m &#8211; Altitude max : 1989m &#8211; Niveau : Difficile<\/p>\n\n\n\n<p>Cette magnifique randonn\u00e9e est un vrai paradis pour les amateurs de belles vues et de nature pr\u00e9serv\u00e9e. Depuis les hauteurs, vous pourrez admirer un panorama \u00e9poustouflant sur les Alpes du Nord, le Mont Blanc, le lac L\u00e9man, la cha\u00eene des Aravis, le plateau des Gli\u00e8res et la vall\u00e9e de l\u2019Arve. La particularit\u00e9 de cet itin\u00e9raire est qu&rsquo;il vous emm\u00e8nera au c\u0153ur d&rsquo;un plateau de lapiaz, un monde min\u00e9ral magnifique \u00e0 explorer.<\/p>\n\n\n\n<p>Avec un peu de chance, vous pourrez \u00e9galement observer des chamois et admirer des plantes de montagne remarquables telles que l&rsquo;edelweiss, le lys martagon et la grande gentiane jaune. Il est donc recommand\u00e9 de pr\u00e9voir des jumelles, un appareil photo et \u00e9ventuellement des b\u00e2tons de randonn\u00e9e pour profiter au mieux de la randonn\u00e9e.<\/p>\n\n\n\n<p>La mont\u00e9e se fait par le passage de Monthieu (Combe Arembeau) et la descente par le Trou de la Pierre et le Col de l\u2019Enclave. Nous recommandons fortement de ne pas pratiquer cette randonn\u00e9e par mauvais temps (brouillard, neige, pluie, gel), car le sentier peut \u00eatre glissant et dangereux. En outre, il est d\u00e9conseill\u00e9 de faire cette randonn\u00e9e avec des enfants.<\/p>\n\n\n\n<p>La meilleure p\u00e9riode pour d\u00e9couvrir le Circuit de Sous D\u00eene est le printemps et l&rsquo;\u00e9t\u00e9 pour la floraison des plantes de montagne, ainsi que l&rsquo;automne avec ses lumi\u00e8res feutr\u00e9es pour le plus grand bonheur des photographes.<\/p>\n\n\n\n<h3 class=\"wp-block-heading\" id=\"h-l-ancien-telepherique-du-mont-veyrier\">L\u2019ancien t\u00e9l\u00e9ph\u00e9rique du Mont Veyrier<\/h3>\n\n\n\n<p>Localit\u00e9 : Annecy<\/p>\n\n\n\n<p>Distance : 10.5km &#8211; Dur\u00e9e : 4h30 &#8211; D\u00e9nivel\u00e9 : 1001m &#8211; Altitude max : 1282m &#8211; Niveau : Difficile<\/p>\n\n\n\n<figure class=\"wp-block-image size-large\"><img loading=\"lazy\" decoding=\"async\" width=\"1024\" height=\"683\" src=\"https:\/\/endorfeen.com\/wp-content\/uploads\/2023\/04\/Falaises_du_Mont_Veyrier_@_Plateforme_de_lancienne_gare_darrivee_du_telepherique_@_Mont_Baron_51341572990-1024x683.jpg\" alt=\"Falaises du Mont Veyrier - Randonn\u00e9e Annecy\" class=\"wp-image-10938\" srcset=\"https:\/\/endorfeen.com\/wp-content\/uploads\/2023\/04\/Falaises_du_Mont_Veyrier_@_Plateforme_de_lancienne_gare_darrivee_du_telepherique_@_Mont_Baron_51341572990-300x200.jpg 300w, https:\/\/endorfeen.com\/wp-content\/uploads\/2023\/04\/Falaises_du_Mont_Veyrier_@_Plateforme_de_lancienne_gare_darrivee_du_telepherique_@_Mont_Baron_51341572990-600x400.jpg 600w, https:\/\/endorfeen.com\/wp-content\/uploads\/2023\/04\/Falaises_du_Mont_Veyrier_@_Plateforme_de_lancienne_gare_darrivee_du_telepherique_@_Mont_Baron_51341572990-768x512.jpg 768w, https:\/\/endorfeen.com\/wp-content\/uploads\/2023\/04\/Falaises_du_Mont_Veyrier_@_Plateforme_de_lancienne_gare_darrivee_du_telepherique_@_Mont_Baron_51341572990-1024x683.jpg 1024w, https:\/\/endorfeen.com\/wp-content\/uploads\/2023\/04\/Falaises_du_Mont_Veyrier_@_Plateforme_de_lancienne_gare_darrivee_du_telepherique_@_Mont_Baron_51341572990-1536x1024.jpg 1536w, https:\/\/endorfeen.com\/wp-content\/uploads\/2023\/04\/Falaises_du_Mont_Veyrier_@_Plateforme_de_lancienne_gare_darrivee_du_telepherique_@_Mont_Baron_51341572990-scaled.jpg 2048w\" sizes=\"auto, (max-width: 1024px) 100vw, 1024px\" \/><figcaption class=\"wp-element-caption\">\u00a9 Guilhem Vellut, Wiki Commons<\/figcaption><\/figure>\n\n\n\n<p>Cette randonn\u00e9e vous emm\u00e8ne vers l&rsquo;un des plus beaux panoramas sur le lac d&rsquo;Annecy, \u00e0 travers les Monts Veyrier et Baron jusqu&rsquo;\u00e0 l&rsquo;ancienne gare d&rsquo;arriv\u00e9e du t\u00e9l\u00e9ph\u00e9rique. Toutefois, cette randonn\u00e9e est r\u00e9serv\u00e9e aux randonneurs exp\u00e9riment\u00e9s en raison de son niveau technique et engag\u00e9.<\/p>\n\n\n\n<p>En effet, elle offre de magnifiques points de vue sur le lac d&rsquo;Annecy, les massifs des Aravis et des Bauges ainsi que sur le Mont-Blanc, mais cela n\u00e9cessite une certaine exp\u00e9rience en montagne. Cette randonn\u00e9e est donc \u00e0 \u00e9viter pour les d\u00e9butants ou les randonneurs qui n&rsquo;ont pas une bonne condition physique.<\/p>\n\n\n\n<p>Cependant, pour les amateurs de sensations fortes et de beaux paysages, cette randonn\u00e9e est une sortie immanquable autour du lac. Pr\u00e9voyez des chaussures de randonn\u00e9e adapt\u00e9es, des b\u00e2tons de marche si n\u00e9cessaire, de l&rsquo;eau et une bonne dose d&rsquo;adr\u00e9naline pour profiter au maximum de cette exp\u00e9rience unique en son genre.<\/p>\n\n\n\n<h3 class=\"wp-block-heading\" id=\"h-col-des-fretes-le-tour-du-lanfonnet\">Col des Fr\u00eates, le tour du Lanfonnet<\/h3>\n\n\n\n<p>Localit\u00e9 : Talloires-Montmin<\/p>\n\n\n\n<p>Distance : 13.5km &#8211; Dur\u00e9e : 5h30 &#8211; D\u00e9nivel\u00e9 : 914m &#8211; Altitude max : 1649m &#8211; Niveau : Difficile<\/p>\n\n\n\n<figure class=\"wp-block-image size-large is-resized\"><img loading=\"lazy\" decoding=\"async\" src=\"https:\/\/endorfeen.com\/wp-content\/uploads\/2023\/04\/Col_des_Fretes_de_Rosary_50949579337-683x1024.jpg\" alt=\"Randonn\u00e9e Annecy - Col des Fr\u00eates\" class=\"wp-image-10936\" width=\"809\" height=\"1213\" srcset=\"https:\/\/endorfeen.com\/wp-content\/uploads\/2023\/04\/Col_des_Fretes_de_Rosary_50949579337-200x300.jpg 200w, https:\/\/endorfeen.com\/wp-content\/uploads\/2023\/04\/Col_des_Fretes_de_Rosary_50949579337-683x1024.jpg 683w, https:\/\/endorfeen.com\/wp-content\/uploads\/2023\/04\/Col_des_Fretes_de_Rosary_50949579337-768x1152.jpg 768w, https:\/\/endorfeen.com\/wp-content\/uploads\/2023\/04\/Col_des_Fretes_de_Rosary_50949579337-1024x1536.jpg 1024w, https:\/\/endorfeen.com\/wp-content\/uploads\/2023\/04\/Col_des_Fretes_de_Rosary_50949579337-1365x2048.jpg 1365w, https:\/\/endorfeen.com\/wp-content\/uploads\/2023\/04\/Col_des_Fretes_de_Rosary_50949579337-scaled.jpg 1366w\" sizes=\"auto, (max-width: 809px) 100vw, 809px\" \/><figcaption class=\"wp-element-caption\">\u00a9 Guilhem Vellut, Wiki Commons<\/figcaption><\/figure>\n\n\n\n<p>Cette randonn\u00e9e du Col des Fr\u00eates, le tour du Lanfonnet, est une tr\u00e8s belle d\u00e9couverte pour les amateurs de balades en montagne. La premi\u00e8re partie, en for\u00eat, jusqu&rsquo;au col des Fr\u00eates est assez raide et demande un peu d&rsquo;efforts, mais une fois sur la cr\u00eate, la randonn\u00e9e se poursuit tranquillement dans les alpages de l&rsquo;Aulp Riant, un nom qui invite \u00e0 la d\u00e9tente !<\/p>\n\n\n\n<p>Ce parcours est riche en points de vue remarquables sur les montagnes et les paysages environnants. Le d\u00e9part se fait au parking de l&rsquo;Acro Aventures \u00e0 Talloires, qui est facilement accessible.<\/p>\n\n\n\n<p>Pour profiter pleinement de cette randonn\u00e9e, il est conseill\u00e9 d&rsquo;\u00eatre un bon marcheur et de porter des chaussures de randonn\u00e9e adapt\u00e9es. Les b\u00e2tons de marche peuvent \u00e9galement \u00eatre utiles pour les parties les plus raides. Il est \u00e9galement recommand\u00e9 d&#8217;emporter de l&rsquo;eau, un casse-cro\u00fbte et tout l&rsquo;\u00e9quipement n\u00e9cessaire selon la m\u00e9t\u00e9o. Cette randonn\u00e9e est id\u00e9ale \u00e0 faire au printemps, en \u00e9t\u00e9 ou en automne.<\/p>\n\n\n\n<h3 class=\"wp-block-heading\" id=\"h-la-boucle-du-parmelan\">La boucle du Parmelan<\/h3>\n\n\n\n<p>Localit\u00e9 : Dingy-Saint-Clair<\/p>\n\n\n\n<p>Distance : 15,1km &#8211; Dur\u00e9e : 5h30 &#8211; D\u00e9nivel\u00e9 : 1262m &#8211; Niveau : Difficile<\/p>\n\n\n\n<figure class=\"wp-block-image size-large\"><img loading=\"lazy\" decoding=\"async\" width=\"1024\" height=\"683\" src=\"https:\/\/endorfeen.com\/wp-content\/uploads\/2023\/04\/Parmelan_@_Naves-Parmelan_51105459256-1024x683.jpg\" alt=\"Randonn\u00e9e Annecy - Parmelan\" class=\"wp-image-10934\" srcset=\"https:\/\/endorfeen.com\/wp-content\/uploads\/2023\/04\/Parmelan_@_Naves-Parmelan_51105459256-300x200.jpg 300w, https:\/\/endorfeen.com\/wp-content\/uploads\/2023\/04\/Parmelan_@_Naves-Parmelan_51105459256-600x400.jpg 600w, https:\/\/endorfeen.com\/wp-content\/uploads\/2023\/04\/Parmelan_@_Naves-Parmelan_51105459256-768x512.jpg 768w, https:\/\/endorfeen.com\/wp-content\/uploads\/2023\/04\/Parmelan_@_Naves-Parmelan_51105459256-1024x683.jpg 1024w, https:\/\/endorfeen.com\/wp-content\/uploads\/2023\/04\/Parmelan_@_Naves-Parmelan_51105459256-1536x1024.jpg 1536w, https:\/\/endorfeen.com\/wp-content\/uploads\/2023\/04\/Parmelan_@_Naves-Parmelan_51105459256-scaled.jpg 2048w\" sizes=\"auto, (max-width: 1024px) 100vw, 1024px\" \/><figcaption class=\"wp-element-caption\">\u00a9 Guilhem Vellut, Wiki Commons<\/figcaption><\/figure>\n\n\n\n<p>La randonn\u00e9e en boucle du Parmelan est une option parfaite pour les amateurs de marche \u00e0 la recherche d&rsquo;une aventure de 15 km \u00e0 travers des paysages exceptionnels. Cette randonn\u00e9e est consid\u00e9r\u00e9e comme difficile, mais les randonneurs peuvent avancer \u00e0 leur propre rythme et profiter pleinement de leur environnement. Avec ses combes impressionnantes, ses for\u00eats verdoyantes et ses petits chalets, cet itin\u00e9raire offre une occasion unique de d\u00e9couvrir les paysages spectaculaires de la r\u00e9gion. La p\u00e9riode id\u00e9ale pour cette randonn\u00e9e est de mars \u00e0 octobre, lorsque les conditions sont favorables.<\/p>\n\n\n\n<p>Le plateau du Parmelan, curiosit\u00e9 g\u00e9ologique de la r\u00e9gion, est un paysage essentiellement min\u00e9ral qui offre une vue \u00e0 couper le souffle. Les lapiaz, paysages caract\u00e9ristiques des milieux calcaires, cr\u00e9ent de nombreuses cavit\u00e9s et gouffres qui attirent les sp\u00e9l\u00e9ologues avides de d\u00e9couvrir les entrailles de la Terre.<\/p>\n\n\n\n<p>Plusieurs itin\u00e9raires peuvent vous conduire au sommet du Parmelan (T\u00eate du Parmelan &#8211; 1832m). Nous vous proposons l&rsquo;itin\u00e9raire classique en boucle d&rsquo;environ 4 heures de marche, en partant du chalet de l&rsquo;Anglettaz. Il est important de noter que la route d&rsquo;acc\u00e8s est en tr\u00e8s mauvais \u00e9tat.<\/p>\n\n\n\n<p>Le sentier commence dans les alpages o\u00f9 p\u00e2turent les vaches de race abondance, montb\u00e9liarde et tarine, et se poursuit dans une for\u00eat de pins \u00e0 crochets. \u00c0 la grande glaci\u00e8re, un chemin m\u00e8ne \u00e0 cette curiosit\u00e9 g\u00e9ologique o\u00f9 vous pourrez observer la glace en surface qui se perd dans les profondeurs du gouffre. Le sentier principal m\u00e8ne ensuite \u00e0 la source du tour, une r\u00e9surgence karstique parfois utilis\u00e9e comme source d&rsquo;eau pour les troupeaux de vaches de la r\u00e9gion.<\/p>\n\n\n\n<p>Le paysage se d\u00e9voile petit \u00e0 petit, offrant des vues panoramiques sur le plateau des Gli\u00e8res, la cha\u00eene des Aravis, le Mont-Blanc et le lac d&rsquo;Annecy. Les cavit\u00e9s, comme la grotte de l&rsquo;enfer, sont autant de curiosit\u00e9s \u00e0 d\u00e9couvrir en chemin. La psychomotricit\u00e9 est sollicit\u00e9e car le terrain est cribl\u00e9 de trous et de petites failles, mais l&rsquo;arriv\u00e9e au refuge du Parmelan est la r\u00e9compense ultime. Vous serez \u00e9blouis par la vue panoramique sur le lac d&rsquo;Annecy, le parc naturel r\u00e9gional des Bauges \u00e0 l&rsquo;Ouest, la Tournette au Sud, le Jura au Nord et le lac L\u00e9man.<\/p>\n\n\n\n<p>Le refuge du Parmelan, gard\u00e9 seulement en \u00e9t\u00e9, est un lieu id\u00e9al pour se restaurer, boire une bonne bi\u00e8re et m\u00eame dormir. Philippe et son \u00e9quipe vous y accueilleront chaleureusement. Apr\u00e8s cette pause contemplative, vous pourrez entamer la descente en direction du grand montoir, du petit montoir et enfin du chalet de l&rsquo;Anglettaz.<\/p>\n\n\n\n<h3 class=\"wp-block-heading\" id=\"h-randonnee-annecy-la-tournette-depuis-montmin\">Randonn\u00e9e Annecy : La Tournette depuis Montmin<\/h3>\n\n\n\n<p>Localit\u00e9 : Talloires-Montmin<\/p>\n\n\n\n<p>Distance : 15km &#8211; Dur\u00e9e : 6h30 &#8211; D\u00e9nivel\u00e9 : 1394m &#8211; Niveau : Difficile<\/p>\n\n\n\n<figure class=\"wp-block-image size-full\"><img loading=\"lazy\" decoding=\"async\" width=\"1000\" height=\"703\" src=\"https:\/\/endorfeen.com\/wp-content\/uploads\/2023\/04\/Tournette.jpg\" alt=\"Randonn\u00e9e Annecy - Tournette\" class=\"wp-image-10930\" srcset=\"https:\/\/endorfeen.com\/wp-content\/uploads\/2023\/04\/Tournette-300x211.jpg 300w, https:\/\/endorfeen.com\/wp-content\/uploads\/2023\/04\/Tournette-768x540.jpg 768w, https:\/\/endorfeen.com\/wp-content\/uploads\/2023\/04\/Tournette.jpg 1000w\" sizes=\"auto, (max-width: 1000px) 100vw, 1000px\" \/><figcaption class=\"wp-element-caption\">\u00a9 Didier Halatre, Wiki Commons<\/figcaption><\/figure>\n\n\n\n<p>Le sentier de la Tournette, d&rsquo;une longueur de 15 km, est une randonn\u00e9e incontournable \u00e0 faire dans la r\u00e9gion d\u2019Annecy. Cette ascension mythique vous offrira un panorama \u00e0 couper le souffle sur les paysages environnants. En effet, tout au long de cette randonn\u00e9e, vous pourrez admirer des vues \u00e0 couper le souffle sur les montagnes environnantes ainsi que sur le lac d\u2019Annecy. <\/p>\n\n\n\n<p>Le circuit commence au Chalet de l\u2019Aulp et vous am\u00e8ne jusqu&rsquo;au si\u00e8ge de la Tournette, \u00e9galement connu sous le nom de fauteuil de Gargantua. C&rsquo;est un point culminant de la randonn\u00e9e qui vous permettra de contempler l&rsquo;horizon. N&rsquo;oubliez pas de prendre une photo, mais soyez pr\u00eats \u00e0 laisser la place aux autres randonneurs car ce point est tr\u00e8s populaire et la file d&rsquo;attente peut \u00eatre longue.\u00a0\u00bb<\/p>\n","protected":false},"excerpt":{"rendered":"<p>Bienvenue dans la Venise des Alpes ! Annecy, ville au charme incontestable, offre un cadre idyllique pour toutes les activit\u00e9s outdoors, et en particulier la randonn\u00e9e. Bord\u00e9e par des massifs montagneux \u00e9poustouflants, Annecy est un joyau qui ne demande qu&rsquo;\u00e0 \u00eatre explor\u00e9. Avec des sentiers pour tous les niveaux, de la balade familiale \u00e0 l&rsquo;ascension &hellip;<\/p>\n","protected":false},"author":30,"featured_media":10872,"comment_status":"open","ping_status":"open","sticky":false,"template":"","format":"standard","meta":{"_acf_changed":false,"_genesis_hide_title":false,"_genesis_hide_breadcrumbs":false,"_genesis_hide_singular_image":false,"_genesis_hide_footer_widgets":false,"_genesis_custom_body_class":"","_genesis_custom_post_class":"","_genesis_layout":"","footnotes":""},"categories":[170],"tags":[174],"sponsor":[1087],"class_list":{"2":"type-post","7":"category-aventures","8":"tag-randonnee","9":"sponsor-endorfeen","10":"entry"},"yoast_head":"<!-- This site is optimized with the Yoast SEO Premium plugin v26.2 (Yoast SEO v26.2) - https:\/\/yoast.com\/wordpress\/plugins\/seo\/ -->\n<title>Randonn\u00e9e Annecy. 50+ aventures, de facile \u00e0 difficile - endorfeen<\/title>\n<meta name=\"description\" content=\"Randonn\u00e9e Annecy ! Bienvenue dans la Venise des Alpes ! Annecy, ville au charme incontestable, offre un cadre idyllique pour toutes les...\" \/>\n<meta name=\"robots\" content=\"index, follow, max-snippet:-1, max-image-preview:large, max-video-preview:-1\" \/>\n<link rel=\"canonical\" href=\"https:\/\/endorfeen.com\/fr\/50-randonnee-a-et-autour-d-annecy-de-facile-a-difficile\/\" \/>\n<meta property=\"og:locale\" content=\"fr_FR\" \/>\n<meta property=\"og:type\" content=\"article\" \/>\n<meta property=\"og:title\" content=\"Randonn\u00e9e Annecy. 50+ aventures, de facile \u00e0 difficile\" \/>\n<meta property=\"og:description\" content=\"Randonn\u00e9e Annecy ! Bienvenue dans la Venise des Alpes ! Annecy, ville au charme incontestable, offre un cadre idyllique pour toutes les...\" \/>\n<meta property=\"og:url\" content=\"https:\/\/endorfeen.com\/fr\/50-randonnee-a-et-autour-d-annecy-de-facile-a-difficile\/\" \/>\n<meta property=\"og:site_name\" content=\"endorfeen\" \/>\n<meta property=\"article:author\" content=\"http:\/\/www.facebook.com\/endorfeen-583261049007200\" \/>\n<meta property=\"article:published_time\" content=\"2023-05-04T07:00:00+00:00\" \/>\n<meta property=\"article:modified_time\" content=\"2023-08-18T10:01:45+00:00\" \/>\n<meta property=\"og:image\" content=\"https:\/\/endorfeen.com\/wp-content\/uploads\/2023\/04\/andrea-caramello-mMxE-hIy05U-unsplash-scaled.jpg\" \/>\n\t<meta property=\"og:image:width\" content=\"2560\" \/>\n\t<meta property=\"og:image:height\" content=\"1707\" \/>\n\t<meta property=\"og:image:type\" content=\"image\/jpeg\" \/>\n<meta name=\"author\" content=\"Thomas Viguier\" \/>\n<meta name=\"twitter:card\" content=\"summary_large_image\" \/>\n<meta name=\"twitter:creator\" content=\"@https:\/\/twitter.com\/endorfeen_\" \/>\n<meta name=\"twitter:label1\" content=\"\u00c9crit par\" \/>\n\t<meta name=\"twitter:data1\" content=\"Thomas Viguier\" \/>\n\t<meta name=\"twitter:label2\" content=\"Dur\u00e9e de lecture estim\u00e9e\" \/>\n\t<meta name=\"twitter:data2\" content=\"54 minutes\" \/>\n<script type=\"application\/ld+json\" class=\"yoast-schema-graph\">{\"@context\":\"https:\/\/schema.org\",\"@graph\":[{\"@type\":\"Article\",\"@id\":\"https:\/\/endorfeen.com\/fr\/50-randonnee-a-et-autour-d-annecy-de-facile-a-difficile\/#article\",\"isPartOf\":{\"@id\":\"https:\/\/endorfeen.com\/fr\/50-randonnee-a-et-autour-d-annecy-de-facile-a-difficile\/\"},\"author\":{\"name\":\"Thomas Viguier\",\"@id\":\"https:\/\/endorfeen.com\/fr\/#\/schema\/person\/76a61f8eb41d36fffdec1b376fcf19aa\"},\"headline\":\"Randonn\u00e9e Annecy. 50+ aventures, de facile \u00e0 difficile\",\"datePublished\":\"2023-05-04T07:00:00+00:00\",\"dateModified\":\"2023-08-18T10:01:45+00:00\",\"mainEntityOfPage\":{\"@id\":\"https:\/\/endorfeen.com\/fr\/50-randonnee-a-et-autour-d-annecy-de-facile-a-difficile\/\"},\"wordCount\":12305,\"commentCount\":0,\"publisher\":{\"@id\":\"https:\/\/endorfeen.com\/fr\/#organization\"},\"image\":{\"@id\":\"https:\/\/endorfeen.com\/fr\/50-randonnee-a-et-autour-d-annecy-de-facile-a-difficile\/#primaryimage\"},\"thumbnailUrl\":\"https:\/\/endorfeen.com\/wp-content\/uploads\/2023\/04\/andrea-caramello-mMxE-hIy05U-unsplash-scaled.jpg\",\"keywords\":[\"#randonn\u00e9e\"],\"articleSection\":[\"Aventures\"],\"inLanguage\":\"fr-FR\",\"potentialAction\":[{\"@type\":\"CommentAction\",\"name\":\"Comment\",\"target\":[\"https:\/\/endorfeen.com\/fr\/50-randonnee-a-et-autour-d-annecy-de-facile-a-difficile\/#respond\"]}]},{\"@type\":\"WebPage\",\"@id\":\"https:\/\/endorfeen.com\/fr\/50-randonnee-a-et-autour-d-annecy-de-facile-a-difficile\/\",\"url\":\"https:\/\/endorfeen.com\/fr\/50-randonnee-a-et-autour-d-annecy-de-facile-a-difficile\/\",\"name\":\"Randonn\u00e9e Annecy. 50+ aventures, de facile \u00e0 difficile - endorfeen\",\"isPartOf\":{\"@id\":\"https:\/\/endorfeen.com\/fr\/#website\"},\"primaryImageOfPage\":{\"@id\":\"https:\/\/endorfeen.com\/fr\/50-randonnee-a-et-autour-d-annecy-de-facile-a-difficile\/#primaryimage\"},\"image\":{\"@id\":\"https:\/\/endorfeen.com\/fr\/50-randonnee-a-et-autour-d-annecy-de-facile-a-difficile\/#primaryimage\"},\"thumbnailUrl\":\"https:\/\/endorfeen.com\/wp-content\/uploads\/2023\/04\/andrea-caramello-mMxE-hIy05U-unsplash-scaled.jpg\",\"datePublished\":\"2023-05-04T07:00:00+00:00\",\"dateModified\":\"2023-08-18T10:01:45+00:00\",\"description\":\"Randonn\u00e9e Annecy ! Bienvenue dans la Venise des Alpes ! Annecy, ville au charme incontestable, offre un cadre idyllique pour toutes les...\",\"breadcrumb\":{\"@id\":\"https:\/\/endorfeen.com\/fr\/50-randonnee-a-et-autour-d-annecy-de-facile-a-difficile\/#breadcrumb\"},\"inLanguage\":\"fr-FR\",\"potentialAction\":[{\"@type\":\"ReadAction\",\"target\":[\"https:\/\/endorfeen.com\/fr\/50-randonnee-a-et-autour-d-annecy-de-facile-a-difficile\/\"]}]},{\"@type\":\"ImageObject\",\"inLanguage\":\"fr-FR\",\"@id\":\"https:\/\/endorfeen.com\/fr\/50-randonnee-a-et-autour-d-annecy-de-facile-a-difficile\/#primaryimage\",\"url\":\"https:\/\/endorfeen.com\/wp-content\/uploads\/2023\/04\/andrea-caramello-mMxE-hIy05U-unsplash-scaled.jpg\",\"contentUrl\":\"https:\/\/endorfeen.com\/wp-content\/uploads\/2023\/04\/andrea-caramello-mMxE-hIy05U-unsplash-scaled.jpg\",\"width\":2048,\"height\":1366,\"caption\":\"\u00a9 Andrea Caramello, Unsplash\"},{\"@type\":\"BreadcrumbList\",\"@id\":\"https:\/\/endorfeen.com\/fr\/50-randonnee-a-et-autour-d-annecy-de-facile-a-difficile\/#breadcrumb\",\"itemListElement\":[{\"@type\":\"ListItem\",\"position\":1,\"name\":\"Home\",\"item\":\"https:\/\/endorfeen.com\/fr\/\"},{\"@type\":\"ListItem\",\"position\":2,\"name\":\"Randonn\u00e9e Annecy. 50+ aventures, de facile \u00e0 difficile\"}]},{\"@type\":\"WebSite\",\"@id\":\"https:\/\/endorfeen.com\/fr\/#website\",\"url\":\"https:\/\/endorfeen.com\/fr\/\",\"name\":\"endorfeen\",\"description\":\"The Media For Sustainable Outdoors.\",\"publisher\":{\"@id\":\"https:\/\/endorfeen.com\/fr\/#organization\"},\"potentialAction\":[{\"@type\":\"SearchAction\",\"target\":{\"@type\":\"EntryPoint\",\"urlTemplate\":\"https:\/\/endorfeen.com\/fr\/?s={search_term_string}\"},\"query-input\":{\"@type\":\"PropertyValueSpecification\",\"valueRequired\":true,\"valueName\":\"search_term_string\"}}],\"inLanguage\":\"fr-FR\"},{\"@type\":\"Organization\",\"@id\":\"https:\/\/endorfeen.com\/fr\/#organization\",\"name\":\"endorfeen\",\"url\":\"https:\/\/endorfeen.com\/fr\/\",\"logo\":{\"@type\":\"ImageObject\",\"inLanguage\":\"fr-FR\",\"@id\":\"https:\/\/endorfeen.com\/fr\/#\/schema\/logo\/image\/\",\"url\":\"https:\/\/endorfeen.com\/wp-content\/uploads\/2022\/06\/Circle-endorfeen-site-icon-circled-1000-x-1000-300psi.png\",\"contentUrl\":\"https:\/\/endorfeen.com\/wp-content\/uploads\/2022\/06\/Circle-endorfeen-site-icon-circled-1000-x-1000-300psi.png\",\"width\":1000,\"height\":1000,\"caption\":\"endorfeen\"},\"image\":{\"@id\":\"https:\/\/endorfeen.com\/fr\/#\/schema\/logo\/image\/\"}},{\"@type\":\"Person\",\"@id\":\"https:\/\/endorfeen.com\/fr\/#\/schema\/person\/76a61f8eb41d36fffdec1b376fcf19aa\",\"name\":\"Thomas Viguier\",\"image\":{\"@type\":\"ImageObject\",\"inLanguage\":\"fr-FR\",\"@id\":\"https:\/\/endorfeen.com\/fr\/#\/schema\/person\/image\/\",\"url\":\"https:\/\/secure.gravatar.com\/avatar\/3c24e541f6f82c052219429c60a8948b1c9ad8eda6daf26af0a100594146ab1a?s=96&d=mm&r=g\",\"contentUrl\":\"https:\/\/secure.gravatar.com\/avatar\/3c24e541f6f82c052219429c60a8948b1c9ad8eda6daf26af0a100594146ab1a?s=96&d=mm&r=g\",\"caption\":\"Thomas Viguier\"},\"description\":\"Everyone has a story to tell. endorfeen is built as a collaborative platform, giving the voice to anyone with a story to tell. If you have things you want to share, register here.\",\"sameAs\":[\"https:\/\/www.endorfeen.com\/\",\"http:\/\/www.facebook.com\/endorfeen-583261049007200\",\"http:\/\/www.instagram.com\/endorfeen_\/\",\"https:\/\/fi.pinterest.com\/endorfeen_\/\",\"https:\/\/x.com\/https:\/\/twitter.com\/endorfeen_\"],\"url\":\"https:\/\/endorfeen.com\/fr\/linkto\/endorfeen-mag\/\"}]}<\/script>\n<!-- \/ Yoast SEO Premium plugin. -->","yoast_head_json":{"title":"Randonn\u00e9e Annecy. 50+ aventures, de facile \u00e0 difficile - endorfeen","description":"Randonn\u00e9e Annecy ! Bienvenue dans la Venise des Alpes ! Annecy, ville au charme incontestable, offre un cadre idyllique pour toutes les...","robots":{"index":"index","follow":"follow","max-snippet":"max-snippet:-1","max-image-preview":"max-image-preview:large","max-video-preview":"max-video-preview:-1"},"canonical":"https:\/\/endorfeen.com\/fr\/50-randonnee-a-et-autour-d-annecy-de-facile-a-difficile\/","og_locale":"fr_FR","og_type":"article","og_title":"Randonn\u00e9e Annecy. 50+ aventures, de facile \u00e0 difficile","og_description":"Randonn\u00e9e Annecy ! Bienvenue dans la Venise des Alpes ! Annecy, ville au charme incontestable, offre un cadre idyllique pour toutes les...","og_url":"https:\/\/endorfeen.com\/fr\/50-randonnee-a-et-autour-d-annecy-de-facile-a-difficile\/","og_site_name":"endorfeen","article_author":"http:\/\/www.facebook.com\/endorfeen-583261049007200","article_published_time":"2023-05-04T07:00:00+00:00","article_modified_time":"2023-08-18T10:01:45+00:00","og_image":[{"width":2560,"height":1707,"url":"https:\/\/endorfeen.com\/wp-content\/uploads\/2023\/04\/andrea-caramello-mMxE-hIy05U-unsplash-scaled.jpg","type":"image\/jpeg"}],"author":"Thomas Viguier","twitter_card":"summary_large_image","twitter_creator":"@https:\/\/twitter.com\/endorfeen_","twitter_misc":{"\u00c9crit par":"Thomas Viguier","Dur\u00e9e de lecture estim\u00e9e":"54 minutes"},"schema":{"@context":"https:\/\/schema.org","@graph":[{"@type":"Article","@id":"https:\/\/endorfeen.com\/fr\/50-randonnee-a-et-autour-d-annecy-de-facile-a-difficile\/#article","isPartOf":{"@id":"https:\/\/endorfeen.com\/fr\/50-randonnee-a-et-autour-d-annecy-de-facile-a-difficile\/"},"author":{"name":"Thomas Viguier","@id":"https:\/\/endorfeen.com\/fr\/#\/schema\/person\/76a61f8eb41d36fffdec1b376fcf19aa"},"headline":"Randonn\u00e9e Annecy. 50+ aventures, de facile \u00e0 difficile","datePublished":"2023-05-04T07:00:00+00:00","dateModified":"2023-08-18T10:01:45+00:00","mainEntityOfPage":{"@id":"https:\/\/endorfeen.com\/fr\/50-randonnee-a-et-autour-d-annecy-de-facile-a-difficile\/"},"wordCount":12305,"commentCount":0,"publisher":{"@id":"https:\/\/endorfeen.com\/fr\/#organization"},"image":{"@id":"https:\/\/endorfeen.com\/fr\/50-randonnee-a-et-autour-d-annecy-de-facile-a-difficile\/#primaryimage"},"thumbnailUrl":"https:\/\/endorfeen.com\/wp-content\/uploads\/2023\/04\/andrea-caramello-mMxE-hIy05U-unsplash-scaled.jpg","keywords":["#randonn\u00e9e"],"articleSection":["Aventures"],"inLanguage":"fr-FR","potentialAction":[{"@type":"CommentAction","name":"Comment","target":["https:\/\/endorfeen.com\/fr\/50-randonnee-a-et-autour-d-annecy-de-facile-a-difficile\/#respond"]}]},{"@type":"WebPage","@id":"https:\/\/endorfeen.com\/fr\/50-randonnee-a-et-autour-d-annecy-de-facile-a-difficile\/","url":"https:\/\/endorfeen.com\/fr\/50-randonnee-a-et-autour-d-annecy-de-facile-a-difficile\/","name":"Randonn\u00e9e Annecy. 50+ aventures, de facile \u00e0 difficile - endorfeen","isPartOf":{"@id":"https:\/\/endorfeen.com\/fr\/#website"},"primaryImageOfPage":{"@id":"https:\/\/endorfeen.com\/fr\/50-randonnee-a-et-autour-d-annecy-de-facile-a-difficile\/#primaryimage"},"image":{"@id":"https:\/\/endorfeen.com\/fr\/50-randonnee-a-et-autour-d-annecy-de-facile-a-difficile\/#primaryimage"},"thumbnailUrl":"https:\/\/endorfeen.com\/wp-content\/uploads\/2023\/04\/andrea-caramello-mMxE-hIy05U-unsplash-scaled.jpg","datePublished":"2023-05-04T07:00:00+00:00","dateModified":"2023-08-18T10:01:45+00:00","description":"Randonn\u00e9e Annecy ! Bienvenue dans la Venise des Alpes ! Annecy, ville au charme incontestable, offre un cadre idyllique pour toutes les...","breadcrumb":{"@id":"https:\/\/endorfeen.com\/fr\/50-randonnee-a-et-autour-d-annecy-de-facile-a-difficile\/#breadcrumb"},"inLanguage":"fr-FR","potentialAction":[{"@type":"ReadAction","target":["https:\/\/endorfeen.com\/fr\/50-randonnee-a-et-autour-d-annecy-de-facile-a-difficile\/"]}]},{"@type":"ImageObject","inLanguage":"fr-FR","@id":"https:\/\/endorfeen.com\/fr\/50-randonnee-a-et-autour-d-annecy-de-facile-a-difficile\/#primaryimage","url":"https:\/\/endorfeen.com\/wp-content\/uploads\/2023\/04\/andrea-caramello-mMxE-hIy05U-unsplash-scaled.jpg","contentUrl":"https:\/\/endorfeen.com\/wp-content\/uploads\/2023\/04\/andrea-caramello-mMxE-hIy05U-unsplash-scaled.jpg","width":2048,"height":1366,"caption":"\u00a9 Andrea Caramello, Unsplash"},{"@type":"BreadcrumbList","@id":"https:\/\/endorfeen.com\/fr\/50-randonnee-a-et-autour-d-annecy-de-facile-a-difficile\/#breadcrumb","itemListElement":[{"@type":"ListItem","position":1,"name":"Home","item":"https:\/\/endorfeen.com\/fr\/"},{"@type":"ListItem","position":2,"name":"Randonn\u00e9e Annecy. 50+ aventures, de facile \u00e0 difficile"}]},{"@type":"WebSite","@id":"https:\/\/endorfeen.com\/fr\/#website","url":"https:\/\/endorfeen.com\/fr\/","name":"endorfeen","description":"The Media For Sustainable Outdoors.","publisher":{"@id":"https:\/\/endorfeen.com\/fr\/#organization"},"potentialAction":[{"@type":"SearchAction","target":{"@type":"EntryPoint","urlTemplate":"https:\/\/endorfeen.com\/fr\/?s={search_term_string}"},"query-input":{"@type":"PropertyValueSpecification","valueRequired":true,"valueName":"search_term_string"}}],"inLanguage":"fr-FR"},{"@type":"Organization","@id":"https:\/\/endorfeen.com\/fr\/#organization","name":"endorfeen","url":"https:\/\/endorfeen.com\/fr\/","logo":{"@type":"ImageObject","inLanguage":"fr-FR","@id":"https:\/\/endorfeen.com\/fr\/#\/schema\/logo\/image\/","url":"https:\/\/endorfeen.com\/wp-content\/uploads\/2022\/06\/Circle-endorfeen-site-icon-circled-1000-x-1000-300psi.png","contentUrl":"https:\/\/endorfeen.com\/wp-content\/uploads\/2022\/06\/Circle-endorfeen-site-icon-circled-1000-x-1000-300psi.png","width":1000,"height":1000,"caption":"endorfeen"},"image":{"@id":"https:\/\/endorfeen.com\/fr\/#\/schema\/logo\/image\/"}},{"@type":"Person","@id":"https:\/\/endorfeen.com\/fr\/#\/schema\/person\/76a61f8eb41d36fffdec1b376fcf19aa","name":"Thomas Viguier","image":{"@type":"ImageObject","inLanguage":"fr-FR","@id":"https:\/\/endorfeen.com\/fr\/#\/schema\/person\/image\/","url":"https:\/\/secure.gravatar.com\/avatar\/3c24e541f6f82c052219429c60a8948b1c9ad8eda6daf26af0a100594146ab1a?s=96&d=mm&r=g","contentUrl":"https:\/\/secure.gravatar.com\/avatar\/3c24e541f6f82c052219429c60a8948b1c9ad8eda6daf26af0a100594146ab1a?s=96&d=mm&r=g","caption":"Thomas Viguier"},"description":"Everyone has a story to tell. endorfeen is built as a collaborative platform, giving the voice to anyone with a story to tell. If you have things you want to share, register here.","sameAs":["https:\/\/www.endorfeen.com\/","http:\/\/www.facebook.com\/endorfeen-583261049007200","http:\/\/www.instagram.com\/endorfeen_\/","https:\/\/fi.pinterest.com\/endorfeen_\/","https:\/\/x.com\/https:\/\/twitter.com\/endorfeen_"],"url":"https:\/\/endorfeen.com\/fr\/linkto\/endorfeen-mag\/"}]}},"featured_image_src":"https:\/\/endorfeen.com\/wp-content\/uploads\/2023\/04\/andrea-caramello-mMxE-hIy05U-unsplash-600x400.jpg","featured_image_src_square":"https:\/\/endorfeen.com\/wp-content\/uploads\/2023\/04\/andrea-caramello-mMxE-hIy05U-unsplash-600x600.jpg","author_info":{"display_name":"Thomas Viguier","author_link":"https:\/\/endorfeen.com\/fr\/linkto\/endorfeen-mag\/"},"acf":[],"_links":{"self":[{"href":"https:\/\/endorfeen.com\/fr\/wp-json\/wp\/v2\/posts\/10871","targetHints":{"allow":["GET"]}}],"collection":[{"href":"https:\/\/endorfeen.com\/fr\/wp-json\/wp\/v2\/posts"}],"about":[{"href":"https:\/\/endorfeen.com\/fr\/wp-json\/wp\/v2\/types\/post"}],"author":[{"embeddable":true,"href":"https:\/\/endorfeen.com\/fr\/wp-json\/wp\/v2\/users\/30"}],"replies":[{"embeddable":true,"href":"https:\/\/endorfeen.com\/fr\/wp-json\/wp\/v2\/comments?post=10871"}],"version-history":[{"count":0,"href":"https:\/\/endorfeen.com\/fr\/wp-json\/wp\/v2\/posts\/10871\/revisions"}],"wp:featuredmedia":[{"embeddable":true,"href":"https:\/\/endorfeen.com\/fr\/wp-json\/wp\/v2\/media\/10872"}],"wp:attachment":[{"href":"https:\/\/endorfeen.com\/fr\/wp-json\/wp\/v2\/media?parent=10871"}],"wp:term":[{"taxonomy":"category","embeddable":true,"href":"https:\/\/endorfeen.com\/fr\/wp-json\/wp\/v2\/categories?post=10871"},{"taxonomy":"post_tag","embeddable":true,"href":"https:\/\/endorfeen.com\/fr\/wp-json\/wp\/v2\/tags?post=10871"},{"taxonomy":"sponsor","embeddable":true,"href":"https:\/\/endorfeen.com\/fr\/wp-json\/wp\/v2\/sponsor?post=10871"}],"curies":[{"name":"wp","href":"https:\/\/api.w.org\/{rel}","templated":true}]}}