{"id":10830,"date":"2023-05-02T08:00:00","date_gmt":"2023-05-02T07:00:00","guid":{"rendered":"https:\/\/endorfeen.com\/?p=10830"},"modified":"2023-08-18T11:01:46","modified_gmt":"2023-08-18T10:01:46","slug":"20-randonnee-a-ne-pas-manquer-a-montpellier-et-15-bonus","status":"publish","type":"post","link":"https:\/\/endorfeen.com\/fr\/20-randonnee-a-ne-pas-manquer-a-montpellier-et-15-bonus\/","title":{"rendered":"20 Randonn\u00e9es \u00e0 ne pas manquer \u00e0 Montpellier, et 15 bonus"},"content":{"rendered":"\n<p>Montpellier, ville dynamique du sud de la France, ne manque pas de charme et d&rsquo;histoire avec son centre-ville historique, l&rsquo;Ecusson. Mais au-del\u00e0 de son patrimoine culturel, Montpellier regorge de sentiers de randonn\u00e9es p\u00e9destres.<\/p>\n\n\n\n<p>\u00c0 seulement quelques kilom\u00e8tres de la ville, les paysages vari\u00e9s de l&rsquo;H\u00e9rault et de l&rsquo;Occitanie s&rsquo;offrent aux visiteurs, entre moyenne montagne au sud du Massif Central et ambiances typiquement m\u00e9diterran\u00e9ennes.<\/p>\n\n\n\n<p>La Petite Camargue, les \u00e9tendues lagunaires et les causses sont autant de d\u00e9cors que l&rsquo;on peut admirer lors d&rsquo;une randonn\u00e9e autour de Montpellier. Avec son climat doux, la ville est une destination exceptionnelle pour la pratique de la randonn\u00e9e p\u00e9destre, que ce soit en version sportive ou balade en famille.<\/p>\n\n\n\n<p>D\u00e9couvrez dans cet article notre s\u00e9lection de randonn\u00e9es coups de c\u0153ur \u00e0 deux pas de Montpellier.<\/p>\n\n\n\n<h2 class=\"wp-block-heading\" id=\"h-randonnee-a-montpellier-quelques-preliminaires\"><strong>Randonn\u00e9e \u00e0 Montpellier, quelques pr\u00e9liminaires<\/strong><\/h2>\n\n\n\n<p>Si vous \u00eates de passage \u00e0 Montpellier et que vous cherchez une activit\u00e9 de plein air agr\u00e9able, la randonn\u00e9e peut \u00eatre une excellente option. Avant de partir, il est important de prendre quelques pr\u00e9cautions pour assurer votre s\u00e9curit\u00e9 et votre confort.<\/p>\n\n\n\n<p>Tout d&rsquo;abord, il est essentiel de se munir d&rsquo;une paire de chaussures de randonn\u00e9e adapt\u00e9es, qui offrent un bon maintien du pied et une adh\u00e9rence optimale au sol. Vous pourrez ainsi \u00e9viter les douleurs aux pieds et les risques de glissade sur les terrains accident\u00e9s. Ensuite, il est recommand\u00e9 de porter un pantalon adapt\u00e9 ainsi qu&rsquo;une veste imperm\u00e9able pour vous prot\u00e9ger de la pluie ou du vent, selon la saison.<\/p>\n\n\n\n<p>Si vous pr\u00e9voyez de partir sur des itin\u00e9raires longs ou inconnus, il est important de vous munir d&rsquo;une carte en papier pour vous rep\u00e9rer. Bien que les smartphones puissent \u00eatre utiles pour vous guider, il est pr\u00e9f\u00e9rable de ne pas vous fier uniquement \u00e0 la technologie. N&rsquo;oubliez pas \u00e9galement d&#8217;emporter suffisamment d&rsquo;eau et de nourriture pour \u00e9viter tout risque de d\u00e9shydratation ou de coup de fatigue.<\/p>\n\n\n\n<p>Enfin, pour des raisons de s\u00e9curit\u00e9, n&rsquo;oubliez pas de pr\u00e9venir au moins une personne de votre itin\u00e9raire de randonn\u00e9e. Cela vous permettra d&rsquo;\u00eatre retrouv\u00e9 plus facilement en cas de probl\u00e8me.<\/p>\n\n\n\n<p>Avec ces quelques pr\u00e9liminaires en t\u00eate, vous \u00eates pr\u00eat \u00e0 profiter pleinement de la beaut\u00e9 naturelle de Montpellier en toute s\u00e9curit\u00e9 et confort.<\/p>\n\n\n\n<h2 class=\"wp-block-heading\" id=\"h-massif-de-la-gardiole-un-panorama-exceptionnel-sur-la-mer\">Massif de la Gardiole : un panorama exceptionnel sur la mer<\/h2>\n\n\n\n<p>Le Massif de la Gardiole est un v\u00e9ritable tr\u00e9sor pour les amateurs de randonn\u00e9e dans l&rsquo;H\u00e9rault. Situ\u00e9 entre Montpellier et S\u00e8te, ce massif jurassique de 18 kilom\u00e8tres offre un panorama exceptionnel sur la mer M\u00e9diterran\u00e9e. Cette boucle de 21 kilom\u00e8tres est une exp\u00e9rience inoubliable pour les randonneurs qui souhaitent d\u00e9couvrir la beaut\u00e9 naturelle de cette r\u00e9gion.<\/p>\n\n\n\n<p>La randonn\u00e9e commence \u00e0 l&rsquo;Abbaye de Saint-F\u00e9lix de Monceau, une abbaye du XI\u00e8me si\u00e8cle au dessus du village de Gigean. En suivant le parcours, les randonneurs auront la chance de d\u00e9couvrir les vignes de Muscat sur le versant Sud-Est, tandis que sur le versant Nord-Ouest, ils pourront admirer les grandes plaines de ch\u00eanes verts. Pr\u00e8s de Villeneuve-les-Maguelone, les randonneurs pourront \u00e9galement d\u00e9couvrir les capitelles, de petits abris en pierres s\u00e8ches autrefois utilis\u00e9s par les bergers.<\/p>\n\n\n\n<p>Les points culminants du massif, le haut du Pioch Noir et le Roc d&rsquo;Anduze, offrent des panoramas \u00e0 couper le souffle sur les Pyr\u00e9n\u00e9es d&rsquo;un c\u00f4t\u00e9 et les C\u00e9vennes de l&rsquo;autre. Ces vues spectaculaires ajoutent \u00e0 la beaut\u00e9 \u00e9poustouflante de cette randonn\u00e9e, qui n\u00e9cessite environ 7h30 de marche et pr\u00e9sente un d\u00e9nivel\u00e9 positif et n\u00e9gatif de 540 m\u00e8tres.<\/p>\n\n\n\n<figure class=\"wp-block-image size-full is-resized\"><img loading=\"lazy\" decoding=\"async\" src=\"https:\/\/endorfeen.com\/wp-content\/uploads\/2023\/04\/lossy-page1-800px-800_1307-Abbaye-Saint-Felix-de-Monceau-Herault-Philippe-Contal.tif.jpg\" alt=\"Randonn\u00e9e Montpellier - Abbaye Saint Felix de Monceau\" class=\"wp-image-10833\" width=\"1004\" height=\"669\" srcset=\"https:\/\/endorfeen.com\/wp-content\/uploads\/2023\/04\/lossy-page1-800px-800_1307-Abbaye-Saint-Felix-de-Monceau-Herault-Philippe-Contal.tif-300x200.jpg 300w, https:\/\/endorfeen.com\/wp-content\/uploads\/2023\/04\/lossy-page1-800px-800_1307-Abbaye-Saint-Felix-de-Monceau-Herault-Philippe-Contal.tif-600x400.jpg 600w, https:\/\/endorfeen.com\/wp-content\/uploads\/2023\/04\/lossy-page1-800px-800_1307-Abbaye-Saint-Felix-de-Monceau-Herault-Philippe-Contal.tif-768x512.jpg 768w, https:\/\/endorfeen.com\/wp-content\/uploads\/2023\/04\/lossy-page1-800px-800_1307-Abbaye-Saint-Felix-de-Monceau-Herault-Philippe-Contal.tif.jpg 800w\" sizes=\"auto, (max-width: 1004px) 100vw, 1004px\" \/><figcaption class=\"wp-element-caption\">\u00a9 PhilippeContal, Wiki Commons<\/figcaption><\/figure>\n\n\n\n<p>En somme, le Massif de la Gardiole est un lieu incontournable pour les amateurs de randonn\u00e9e et de vues panoramiques exceptionnelles sur la mer M\u00e9diterran\u00e9e. Cette exp\u00e9rience unique de randonn\u00e9e sera grav\u00e9e dans les souvenirs des marcheurs qui auront eu la chance de d\u00e9couvrir la beaut\u00e9 naturelle de cette r\u00e9gion.<\/p>\n\n\n\n<h2 class=\"wp-block-heading\" id=\"h-balade-sur-une-autre-planete-le-lac-du-salagou\">Balade sur une autre plan\u00e8te : le Lac du Salagou<\/h2>\n\n\n\n<p>La randonn\u00e9e au Lac du Salagou offre une exp\u00e9rience unique aux amateurs de plein air pr\u00e8s de Montpellier. Cette balade de 22 kilom\u00e8tres, d&rsquo;une dur\u00e9e de 6 heures environ, pr\u00e9sente un d\u00e9nivel\u00e9 de 415 m\u00e8tres et une difficult\u00e9 moyenne. Contrastant avec le vert de la v\u00e9g\u00e9tation et le bleu de l&rsquo;eau, les berges du lac sont compos\u00e9es de ruffe, une roche riche en oxyde de fer, offrant une teinte rouge unique.<\/p>\n\n\n\n<figure class=\"wp-block-image size-large\"><img loading=\"lazy\" decoding=\"async\" width=\"1024\" height=\"576\" src=\"https:\/\/endorfeen.com\/wp-content\/uploads\/2023\/04\/nathan-cima-u-_EwP6db4I-unsplash-1024x576.jpg\" alt=\"Randonn\u00e9e Montpellier - Lac De Salagou\" class=\"wp-image-10831\" srcset=\"https:\/\/endorfeen.com\/wp-content\/uploads\/2023\/04\/nathan-cima-u-_EwP6db4I-unsplash-300x169.jpg 300w, https:\/\/endorfeen.com\/wp-content\/uploads\/2023\/04\/nathan-cima-u-_EwP6db4I-unsplash-768x432.jpg 768w, https:\/\/endorfeen.com\/wp-content\/uploads\/2023\/04\/nathan-cima-u-_EwP6db4I-unsplash-1024x576.jpg 1024w, https:\/\/endorfeen.com\/wp-content\/uploads\/2023\/04\/nathan-cima-u-_EwP6db4I-unsplash-1536x864.jpg 1536w, https:\/\/endorfeen.com\/wp-content\/uploads\/2023\/04\/nathan-cima-u-_EwP6db4I-unsplash-scaled.jpg 2048w\" sizes=\"auto, (max-width: 1024px) 100vw, 1024px\" \/><figcaption class=\"wp-element-caption\">\u00a9 Nathan Cima on Unsplash<\/figcaption><\/figure>\n\n\n\n<p>Les paysages surr\u00e9alistes du lac du Salagou sont accentu\u00e9s par des vestiges fant\u00f4mes, ajoutant une touche dystopique \u00e0 cette randonn\u00e9e. En alternative, un parcours facile de 9 kilom\u00e8tres autour des presqu&rsquo;\u00eeles du Rouens et du Pioch de la Sure permet de d\u00e9couvrir les divers paysages du lac en seulement 3 heures.<\/p>\n\n\n\n<p>Sur la partie nord, un autre trac\u00e9 de 10 kilom\u00e8tres d\u00e9bute aux Vailh\u00e9s et longe les berges du lac jusqu&rsquo;aux ruines du village de Pradines. Une mont\u00e9e m\u00e8ne ensuite au plateau de l&rsquo;Auverne, offrant un panorama \u00e9poustouflant et un lieu id\u00e9al pour un pique-nique en famille.<\/p>\n\n\n\n<p>Le point de d\u00e9part de cette randonn\u00e9e se situe \u00e0 la base de loisirs du lac du Salagou, pr\u00e8s de Clermont-l&rsquo;H\u00e9rault. Suivez le sentier balis\u00e9 en jaune et admirez les montagnes environnantes telles que le Mont Mars, la Grande Montagne et la montagne de Liausson. Le parcours m\u00e8ne au hameau abandonn\u00e9 de Celles et \u00e0 un belv\u00e9d\u00e8re surplombant l&rsquo;impressionnant barrage du Salagou.<\/p>\n\n\n\n<p>Il est important de noter que les zones ombrag\u00e9es sont rares sur ce parcours, surtout en \u00e9t\u00e9. Pr\u00e9voyez donc des casquettes et des r\u00e9serves d&rsquo;eau suffisantes pour profiter pleinement de cette aventure martienne en plein c\u0153ur de l&rsquo;H\u00e9rault.<\/p>\n\n\n\n<h2 class=\"wp-block-heading\" id=\"h-randonnee-au-cirque-de-navacelles\">Randonn\u00e9e au Cirque de Navacelles<\/h2>\n\n\n\n<p>La randonn\u00e9e au Cirque de Navacelles, un chef d&rsquo;\u0153uvre g\u00e9ologique, est l&rsquo;une des exp\u00e9riences les plus saisissantes autour de Montpellier. Ce majestueux canyon, l&rsquo;un des plus grands d&rsquo;Europe, a \u00e9t\u00e9 fa\u00e7onn\u00e9 par la Vis sur plus de 300 m\u00e8tres de hauteur. Au c\u0153ur du cirque se niche une petite colline entour\u00e9e de verdure, o\u00f9 tr\u00f4ne le Rocher de la Vierge, surnomm\u00e9 l&rsquo;Hu\u00eetre par les habitants locaux. Le village m\u00e9di\u00e9val de Navacelles se situe au bord de cette oasis de verdure, offrant un paysage digne d&rsquo;une carte postale.<\/p>\n\n\n\n<figure class=\"wp-block-image size-large\"><img loading=\"lazy\" decoding=\"async\" width=\"1024\" height=\"662\" src=\"https:\/\/endorfeen.com\/wp-content\/uploads\/2023\/04\/tim-broadbent-26BzqvcPBzo-unsplash-1024x662.jpg\" alt=\"Randonn\u00e9es Montpellier - Cirque Navacelles\" class=\"wp-image-10836\" srcset=\"https:\/\/endorfeen.com\/wp-content\/uploads\/2023\/04\/tim-broadbent-26BzqvcPBzo-unsplash-300x194.jpg 300w, https:\/\/endorfeen.com\/wp-content\/uploads\/2023\/04\/tim-broadbent-26BzqvcPBzo-unsplash-768x497.jpg 768w, https:\/\/endorfeen.com\/wp-content\/uploads\/2023\/04\/tim-broadbent-26BzqvcPBzo-unsplash-1024x662.jpg 1024w, https:\/\/endorfeen.com\/wp-content\/uploads\/2023\/04\/tim-broadbent-26BzqvcPBzo-unsplash.jpg 2048w\" sizes=\"auto, (max-width: 1024px) 100vw, 1024px\" \/><figcaption class=\"wp-element-caption\">\u00a9 Tim Broadbent,  Unsplash<\/figcaption><\/figure>\n\n\n\n<p>Adapt\u00e9e aux randonneurs interm\u00e9diaires et aguerris, cette balade de 10 kilom\u00e8tres et 4 heures 15 de marche offre un parcours captivant \u00e0 travers un d\u00e9nivel\u00e9 de 624 m\u00e8tres. Les chemins bien trac\u00e9s grimpent le plateau, d\u00e9voilant progressivement le spectaculaire cirque, ses steppes et ses chaos de dolomites. Les photographes en herbe pourront immortaliser la faune et la flore environnantes, ainsi que les panoramas offerts par les trois belv\u00e9d\u00e8res de Blandas et de la Baume d&rsquo;Auriol.<\/p>\n\n\n\n<p>\u00c0 mi-chemin, les randonneurs d\u00e9couvriront le moulin de la Foux, aliment\u00e9 par la r\u00e9surgence impressionnante de la Vis. Le parcours remonte ensuite l\u00e9g\u00e8rement avant de redescendre vers le hameau de Navacelles, o\u00f9 l&rsquo;atmosph\u00e8re apaisante invite \u00e0 se reposer et contempler une derni\u00e8re fois le cirque depuis le bas. Un v\u00e9ritable voyage dans un \u00e9crin de nature sculpt\u00e9 par les forces g\u00e9ologiques.<\/p>\n\n\n\n<h2 class=\"wp-block-heading\" id=\"h-la-vallee-de-la-bueges-joyau-secret-de-l-herault\">La vall\u00e9e de la Bu\u00e8ges, joyau secret de l\u2019H\u00e9rault<\/h2>\n\n\n\n<p>La vall\u00e9e de la Bu\u00e8ges est un joyau cach\u00e9 dans l&rsquo;H\u00e9rault, situ\u00e9e entre les gorges de l&rsquo;H\u00e9rault et Navacelles. Prot\u00e9g\u00e9e par les falaises de la S\u00e9ranne, cette vall\u00e9e offre une nature pr\u00e9serv\u00e9e et paisible, offrant une exp\u00e9rience de randonn\u00e9e p\u00e9destre unique. Les randonneurs peuvent choisir de parcourir les hauteurs de la S\u00e9ranne sur 16 kilom\u00e8tres (5h30) ou de suivre le cours d&rsquo;eau de la rivi\u00e8re sur 8 kilom\u00e8tres (2 heures).<\/p>\n\n\n\n<p>Le parcours de 16 kilom\u00e8tres offre une ambiance de balade en montagne, commen\u00e7ant au Mejamel et conduisant sur les cr\u00eates de la S\u00e9ranne jusqu&rsquo;au Pic de Peyre Martine, offrant un panorama \u00e9poustouflant. La descente vers le village de Saint-Jean-de-Bu\u00e8ges se fait le long de la falaise du Caylaret, et le parcours se termine le long de la Bu\u00e8ges. Pour une randonn\u00e9e plus facile, le circuit de 8 kilom\u00e8tres \u00e0 partir de Saint-Jean-de-Bu\u00e8ges offre une atmosph\u00e8re totalement diff\u00e9rente, avec des tr\u00e9sors cach\u00e9s \u00e0 d\u00e9couvrir le long de la rivi\u00e8re.<\/p>\n\n\n\n<p>La vall\u00e9e de la Bu\u00e8ges est un v\u00e9ritable tr\u00e9sor cach\u00e9 de l&rsquo;H\u00e9rault, offrant des moments inoubliables pour les amateurs de randonn\u00e9e p\u00e9destre. La r\u00e9gion est pr\u00e9serv\u00e9e et peu connue des touristes, mais offre des vues panoramiques \u00e0 couper le souffle et une nature pr\u00e9serv\u00e9e. Les villages de la vall\u00e9e sont isol\u00e9s mais authentiques, charg\u00e9s d&rsquo;histoire et passionn\u00e9s par leur vall\u00e9e. Les randonneurs pourront profiter des sections de sentiers superbes pour d\u00e9couvrir les hauteurs de la S\u00e9ranne, avec notamment le sommet de Peyre Martine offrant des vues \u00e9piques \u00e0 782 m\u00e8tres d&rsquo;altitude.<\/p>\n\n\n\n<figure class=\"wp-block-image size-large\"><img loading=\"lazy\" decoding=\"async\" width=\"1024\" height=\"768\" src=\"https:\/\/endorfeen.com\/wp-content\/uploads\/2023\/04\/172_Saint-Jean-de-Bueges_au_fond_de_la_vallee_de_la_Buege-1024x768.jpeg\" alt=\"Randonn\u00e9e Montpellier - Saint-Jean de Bueges\" class=\"wp-image-10838\" srcset=\"https:\/\/endorfeen.com\/wp-content\/uploads\/2023\/04\/172_Saint-Jean-de-Bueges_au_fond_de_la_vallee_de_la_Buege-300x225.jpeg 300w, https:\/\/endorfeen.com\/wp-content\/uploads\/2023\/04\/172_Saint-Jean-de-Bueges_au_fond_de_la_vallee_de_la_Buege-400x300.jpeg 400w, https:\/\/endorfeen.com\/wp-content\/uploads\/2023\/04\/172_Saint-Jean-de-Bueges_au_fond_de_la_vallee_de_la_Buege-768x576.jpeg 768w, https:\/\/endorfeen.com\/wp-content\/uploads\/2023\/04\/172_Saint-Jean-de-Bueges_au_fond_de_la_vallee_de_la_Buege-800x600.jpeg 800w, https:\/\/endorfeen.com\/wp-content\/uploads\/2023\/04\/172_Saint-Jean-de-Bueges_au_fond_de_la_vallee_de_la_Buege-1024x768.jpeg 1024w, https:\/\/endorfeen.com\/wp-content\/uploads\/2023\/04\/172_Saint-Jean-de-Bueges_au_fond_de_la_vallee_de_la_Buege-1200x900.jpeg 1200w, https:\/\/endorfeen.com\/wp-content\/uploads\/2023\/04\/172_Saint-Jean-de-Bueges_au_fond_de_la_vallee_de_la_Buege-1536x1152.jpeg 1536w, https:\/\/endorfeen.com\/wp-content\/uploads\/2023\/04\/172_Saint-Jean-de-Bueges_au_fond_de_la_vallee_de_la_Buege-scaled.jpeg 2048w\" sizes=\"auto, (max-width: 1024px) 100vw, 1024px\" \/><figcaption class=\"wp-element-caption\">\u00a9 Henri Moreau, Wiki Commons<\/figcaption><\/figure>\n\n\n\n<p>La vall\u00e9e de la Bu\u00e8ges est c\u00e9l\u00e8bre pour sa rivi\u00e8re qui porte le m\u00eame nom. Les visiteurs ont la possibilit\u00e9 de quitter le sentier de randonn\u00e9e et se laisser captiver par la beaut\u00e9 de la vall\u00e9e. Ils pourront d\u00e9couvrir un d\u00e9cor extraordinaire, encadr\u00e9 d&rsquo;un tunnel v\u00e9g\u00e9tal aux formes \u00e9tranges. L&rsquo;eau est d&rsquo;une incroyable clart\u00e9 et fra\u00eecheur, avec des vasques naturelles et cristallines o\u00f9 il est possible de se baigner en \u00e9t\u00e9.<\/p>\n\n\n\n<p>Enfin, la vall\u00e9e de la Bu\u00e8ges r\u00e9serve une surprise unique aux randonneurs : en continuant sur la rivi\u00e8re, l&rsquo;eau cristalline se transforme soudainement en un cours d&rsquo;eau boueux et sombre avant de dispara\u00eetre subitement, laissant le marcheur dans un lit de tuf et de calcaire mousseux ass\u00e9ch\u00e9. Ce ph\u00e9nom\u00e8ne est d\u00fb \u00e0 la r\u00e9surgence souterraine \u00e0 sa source. Hors p\u00e9riode de crue, les randonneurs pourront \u00e9voluer \u00e0 leur guise dans cet environnement insolite et brouillon, ponctu\u00e9 d&rsquo;\u00e9tranges petites formations crayeuses et de gros blocs arrondis.<\/p>\n\n\n\n<p>En r\u00e9sum\u00e9, la vall\u00e9e de la Bu\u00e8ges est une destination id\u00e9ale pour les randonneurs en qu\u00eate d&rsquo;authenticit\u00e9, de nature pr\u00e9serv\u00e9e et de paysages \u00e0 couper le souffle. Les villages isol\u00e9s et passionn\u00e9s, les sentiers superbes et la rivi\u00e8re \u00e9tonnante offrent des moments de d\u00e9couvertes inoubliables dans un d\u00e9cor surnaturel \u00e0 explorer.<\/p>\n\n\n\n<h2 class=\"wp-block-heading\" id=\"h-l-ermitage-de-notre-dame-de-belle-grace\">L\u2019ermitage de Notre-Dame De Belle Gr\u00e2ce<\/h2>\n\n\n\n<p>L&rsquo;ascension de l\u2019ermitage de Notre-Dame de Belle Gr\u00e2ce est une randonn\u00e9e difficile, d&rsquo;une dur\u00e9e d&rsquo;environ 4 heures et d&rsquo;une distance de 14 km.<\/p>\n\n\n\n<p>Le d\u00e9nivel\u00e9 de 589 m\u00e8tres n\u00e9cessite une certaine condition physique. Cependant, malgr\u00e9 sa difficult\u00e9, cette randonn\u00e9e est accessible \u00e0 tous, m\u00eame aux familles avec enfants. Apr\u00e8s avoir grimp\u00e9 sur la cr\u00eate du Ch\u00e2teau du G\u00e9ant, vous traverserez la for\u00eat domaniale de Saint-Guihem et atteindrez finalement l&rsquo;Ermitage de Notre-Dame de Belle Gr\u00e2ce.<\/p>\n\n\n\n<p>Ne manquez pas la source d&rsquo;eau min\u00e9rale situ\u00e9e juste derri\u00e8re l&rsquo;ermitage, r\u00e9put\u00e9e pour porter chance. Au Cap du Ginestet, vous pourrez profiter d&rsquo;une vue imprenable sur la vall\u00e9e avant de redescendre tranquillement par la for\u00eat.<\/p>\n\n\n\n<h2 class=\"wp-block-heading\" id=\"h-le-sentier-du-dragon\">Le Sentier du Dragon<\/h2>\n\n\n\n<p>Le Sentier du Dragon est une escapade vigneronne situ\u00e9e dans la ceinture verte de la cit\u00e9 h\u00e9raultaise, autour des villages pittoresques de Saint-Georges d&rsquo;Orques, Juvignac, Pignan, Lav\u00e9rune et Murviel-l\u00e8s-Montpellier. Cette randonn\u00e9e de 13,5 kilom\u00e8tres, avec un d\u00e9nivel\u00e9 positif de 120 m\u00e8tres, offre une difficult\u00e9 moyenne et des paysages domin\u00e9s par les vignes, les pierres et les senteurs de garrigue.<\/p>\n\n\n\n<figure class=\"wp-block-image size-large\"><img loading=\"lazy\" decoding=\"async\" width=\"1024\" height=\"768\" src=\"https:\/\/endorfeen.com\/wp-content\/uploads\/2023\/04\/MurvielMtp_D102versvillage_28062009-1024x768.jpg\" alt=\"Randonn\u00e9es Montpellier\" class=\"wp-image-10840\" srcset=\"https:\/\/endorfeen.com\/wp-content\/uploads\/2023\/04\/MurvielMtp_D102versvillage_28062009-300x225.jpg 300w, https:\/\/endorfeen.com\/wp-content\/uploads\/2023\/04\/MurvielMtp_D102versvillage_28062009-400x300.jpg 400w, https:\/\/endorfeen.com\/wp-content\/uploads\/2023\/04\/MurvielMtp_D102versvillage_28062009-768x576.jpg 768w, https:\/\/endorfeen.com\/wp-content\/uploads\/2023\/04\/MurvielMtp_D102versvillage_28062009-800x600.jpg 800w, https:\/\/endorfeen.com\/wp-content\/uploads\/2023\/04\/MurvielMtp_D102versvillage_28062009-1024x768.jpg 1024w, https:\/\/endorfeen.com\/wp-content\/uploads\/2023\/04\/MurvielMtp_D102versvillage_28062009-1200x900.jpg 1200w, https:\/\/endorfeen.com\/wp-content\/uploads\/2023\/04\/MurvielMtp_D102versvillage_28062009-1536x1152.jpg 1536w, https:\/\/endorfeen.com\/wp-content\/uploads\/2023\/04\/MurvielMtp_D102versvillage_28062009.jpg 1600w\" sizes=\"auto, (max-width: 1024px) 100vw, 1024px\" \/><figcaption class=\"wp-element-caption\">\u00a9 Sebjarod, Wiki Commons<\/figcaption><\/figure>\n\n\n\n<p>Le parcours permet des rencontres et des moments de partage avec les vignerons locaux, qui se feront un plaisir de partager leur passion pour la viticulture. Cet itin\u00e9raire, sans difficult\u00e9s majeures ni d\u00e9nivel\u00e9 important, peut \u00e9galement \u00eatre r\u00e9alis\u00e9 en v\u00e9lo (VTT ou V\u00e9lo Tous Chemins), offrant une agr\u00e9able balade familiale.<\/p>\n\n\n\n<p>Il est toutefois recommand\u00e9 d&rsquo;\u00eatre prudent lors de la travers\u00e9e des routes, notamment au point 6, pr\u00e8s de l&rsquo;abbaye de Vignogoul, o\u00f9 la visibilit\u00e9 est limit\u00e9e. Le sentier peut \u00eatre impraticable le long de la Mosson en cas de crue, entre les points 3 et 4. Dans ce cas, il est conseill\u00e9 de continuer tout droit apr\u00e8s le Mas de Biar pour rejoindre directement le giratoire d&rsquo;entr\u00e9e de Lav\u00e9rune par la petite route.<\/p>\n\n\n\n<p>Les randonneurs sont invit\u00e9s \u00e0 respecter le travail des vignerons lors de leur passage sur le Sentier du Dragon. Cette randonn\u00e9e est l&rsquo;occasion id\u00e9ale pour les amateurs d&rsquo;outdoors de d\u00e9couvrir les charmes de la r\u00e9gion h\u00e9raultaise et ses tr\u00e9sors viticoles.<\/p>\n\n\n\n<h2 class=\"wp-block-heading\">La boucle du belv\u00e9d\u00e8re du Max N\u00e8gre<\/h2>\n\n\n\n<p>La randonn\u00e9e de la boucle du belv\u00e9d\u00e8re du Max N\u00e8gre, au d\u00e9part de Saint-Guilhem-le-D\u00e9sert, est un v\u00e9ritable joyau pour les amateurs de randonn\u00e9e. Avec une dur\u00e9e de 2h30 et une distance de 9,8 km, elle est accessible \u00e0 tous les niveaux de randonneurs, bien qu&rsquo;elle n\u00e9cessite une certaine condition physique.<\/p>\n\n\n\n<p>Au cours de cette randonn\u00e9e, vous pourrez profiter de vues imprenables sur le massif du Mont Saint-Baudille, le Pi\u00e9mont C\u00e9venol et la plaine h\u00e9raultaise. Le sommet du Max N\u00e8gre vous offrira un panorama magnifique \u00e0 360 degr\u00e9s. Vous pourrez \u00e9galement admirer les gorges de l&rsquo;H\u00e9rault et le c\u00e9l\u00e8bre Pont du Diable.<\/p>\n\n\n\n<figure class=\"wp-block-image size-full is-resized\"><img loading=\"lazy\" decoding=\"async\" src=\"https:\/\/endorfeen.com\/wp-content\/uploads\/2023\/04\/Pont-del-Diable-1.jpg\" alt=\"Randonn\u00e9e Montpellier - Pont du diable\" class=\"wp-image-10843\" width=\"922\" height=\"613\" srcset=\"https:\/\/endorfeen.com\/wp-content\/uploads\/2023\/04\/Pont-del-Diable-1-300x200.jpg 300w, https:\/\/endorfeen.com\/wp-content\/uploads\/2023\/04\/Pont-del-Diable-1.jpg 600w\" sizes=\"auto, (max-width: 922px) 100vw, 922px\" \/><figcaption class=\"wp-element-caption\">\u00a9 Baldiri, Wiki Commons<\/figcaption><\/figure>\n\n\n\n<p>En \u00e9t\u00e9, une baignade dans la rivi\u00e8re est fortement recommand\u00e9e pour se rafra\u00eechir apr\u00e8s l&rsquo;effort. N&rsquo;oubliez pas de pr\u00e9voir de bonnes chaussures et de l&rsquo;eau en quantit\u00e9 suffisante pour cette randonn\u00e9e. Les paysages magnifiques que vous d\u00e9couvrirez valent largement le d\u00e9tour !<\/p>\n\n\n\n<h2 class=\"wp-block-heading\" id=\"h-les-drailles\">Les Drailles<\/h2>\n\n\n\n<p>La randonn\u00e9e \u00ab\u00a0Les Drailles\u00a0\u00bb est une boucle facile de 7,5 kilom\u00e8tres, avec un d\u00e9nivel\u00e9 positif de 80 m\u00e8tres, qui traverse un site riche en m\u00e9galithes. Le parcours serpente sous de majestueux ch\u00eanes verts et emprunte d&rsquo;anciennes drailles bord\u00e9es de murets en pierres s\u00e8ches, t\u00e9moins d&rsquo;un pass\u00e9 rural et pastoral.<\/p>\n\n\n\n<p>Au cours de cette randonn\u00e9e, les marcheurs pourront d\u00e9couvrir le mas de Roussi\u00e8res, un lieu authentique qui respire l&rsquo;atmosph\u00e8re bucolique des troupeaux de brebis. Cette balade est id\u00e9ale pour les amateurs d&rsquo;outdoors qui souhaitent s&rsquo;\u00e9vader dans un cadre paisible et verdoyant, tout en explorant le riche patrimoine m\u00e9galithique de la r\u00e9gion.<\/p>\n\n\n\n<p>Avec sa difficult\u00e9 facile et ses paysages vari\u00e9s, \u00ab\u00a0Les Drailles\u00a0\u00bb convient parfaitement aux randonneurs de tous niveaux et offre une occasion unique de se plonger dans l&rsquo;histoire et la nature pr\u00e9serv\u00e9e de la r\u00e9gion.<\/p>\n\n\n\n<h2 class=\"wp-block-heading\" id=\"h-les-collines-de-la-moure\">Les Collines de la Moure<\/h2>\n\n\n\n<p>La randonn\u00e9e des Collines de la Moure est une escapade de 11,5 kilom\u00e8tres, avec un d\u00e9nivel\u00e9 positif de 300 m\u00e8tres, class\u00e9e de difficult\u00e9 moyenne. Au d\u00e9part de Montbazin, cette aventure parcourt les contreforts du plateau d&rsquo;Aumelas, traversant une garrigue parsem\u00e9e de ch\u00eanes kerm\u00e8s et ponctu\u00e9e de jolies capitelles, ces cabanes de pierres s\u00e8ches typiques de la r\u00e9gion.<\/p>\n\n\n\n<figure class=\"wp-block-image size-large\"><img loading=\"lazy\" decoding=\"async\" width=\"1024\" height=\"595\" src=\"https:\/\/endorfeen.com\/wp-content\/uploads\/2023\/04\/Collines_de_la_Moures_Montbazin_Herault_03-1024x595.jpg\" alt=\"Randonn\u00e9e Montpellier - Collines de la Moures\" class=\"wp-image-10845\" srcset=\"https:\/\/endorfeen.com\/wp-content\/uploads\/2023\/04\/Collines_de_la_Moures_Montbazin_Herault_03-300x174.jpg 300w, https:\/\/endorfeen.com\/wp-content\/uploads\/2023\/04\/Collines_de_la_Moures_Montbazin_Herault_03-768x446.jpg 768w, https:\/\/endorfeen.com\/wp-content\/uploads\/2023\/04\/Collines_de_la_Moures_Montbazin_Herault_03-1024x595.jpg 1024w, https:\/\/endorfeen.com\/wp-content\/uploads\/2023\/04\/Collines_de_la_Moures_Montbazin_Herault_03-1536x892.jpg 1536w, https:\/\/endorfeen.com\/wp-content\/uploads\/2023\/04\/Collines_de_la_Moures_Montbazin_Herault_03.jpg 2048w\" sizes=\"auto, (max-width: 1024px) 100vw, 1024px\" \/><figcaption class=\"wp-element-caption\">\u00a9 Christian Ferrer, Wiki Commons<\/figcaption><\/figure>\n\n\n\n<p>En chemin, les randonneurs seront r\u00e9compens\u00e9s par un point de vue panoramique \u00e0 360\u00b0 sur la colline de la Moure, offrant une vue spectaculaire sur S\u00e8te et les eaux bleues de l&rsquo;\u00e9tang de Thau. Cette randonn\u00e9e est facilement accessible depuis Montpellier, S\u00e8te, Frontignan et Balaruc.<\/p>\n\n\n\n<p>Il est important de prendre certaines pr\u00e9cautions durant cette randonn\u00e9e, notamment dans la descente raide et caillouteuse apr\u00e8s l&rsquo;\u00e9tape 4. Entre les \u00e9tapes 5 et 6, les marcheurs traverseront des zones de p\u00e2turage et devront veiller \u00e0 bien refermer les cl\u00f4tures. Il est essentiel de rester sur les chemins balis\u00e9s et de bien suivre le balisage.<\/p>\n\n\n\n<p>Pour profiter pleinement de cette randonn\u00e9e, il est recommand\u00e9 de pr\u00e9voir une r\u00e9serve d&rsquo;eau suffisante, de se prot\u00e9ger du soleil et de porter des chaussures de marche adapt\u00e9es. Enfin, il est primordial de respecter le milieu naturel, les propri\u00e9t\u00e9s priv\u00e9es et de rester vigilant en p\u00e9riode de chasse en respectant les panneaux indiquant les chasses en cours.<\/p>\n\n\n\n<h2 class=\"wp-block-heading\" id=\"h-les-salines-de-villeneuve\">Les Salines de Villeneuve<\/h2>\n\n\n\n<p>La randonn\u00e9e des Salines de Villeneuve est une aventure de 16 kilom\u00e8tres, avec un d\u00e9nivel\u00e9 positif de 70 m\u00e8tres, class\u00e9e de difficult\u00e9 moyenne. Elle d\u00e9bute sur les rives enchanteresses des \u00e9tangs de l&rsquo;Arnel et de Vic, et conduit les marcheurs \u00e0 travers les anciens salins, aujourd&rsquo;hui propri\u00e9t\u00e9s du Conservatoire du littoral.<\/p>\n\n\n\n<figure class=\"wp-block-image size-large\"><img loading=\"lazy\" decoding=\"async\" width=\"1024\" height=\"575\" src=\"https:\/\/endorfeen.com\/wp-content\/uploads\/2023\/04\/Salines_de_Villeneuve-les-Maguelone_02-1024x575.jpg\" alt=\"Salines_de_Villeneuve - Randonn\u00e9e Montpellier\" class=\"wp-image-10848\" srcset=\"https:\/\/endorfeen.com\/wp-content\/uploads\/2023\/04\/Salines_de_Villeneuve-les-Maguelone_02-300x168.jpg 300w, https:\/\/endorfeen.com\/wp-content\/uploads\/2023\/04\/Salines_de_Villeneuve-les-Maguelone_02-768x431.jpg 768w, https:\/\/endorfeen.com\/wp-content\/uploads\/2023\/04\/Salines_de_Villeneuve-les-Maguelone_02-1024x575.jpg 1024w, https:\/\/endorfeen.com\/wp-content\/uploads\/2023\/04\/Salines_de_Villeneuve-les-Maguelone_02-1536x863.jpg 1536w, https:\/\/endorfeen.com\/wp-content\/uploads\/2023\/04\/Salines_de_Villeneuve-les-Maguelone_02.jpg 2048w\" sizes=\"auto, (max-width: 1024px) 100vw, 1024px\" \/><figcaption class=\"wp-element-caption\">\u00a9 Sacamol, Wiki Commons<\/figcaption><\/figure>\n\n\n\n<p>Cette randonn\u00e9e offre l&rsquo;opportunit\u00e9 de d\u00e9couvrir un environnement d&rsquo;une grande richesse \u00e9cologique, o\u00f9 la faune et la flore cohabitent harmonieusement dans ces espaces naturels pr\u00e9serv\u00e9s. Les anciens salins, t\u00e9moins du pass\u00e9 de la r\u00e9gion, ajoutent une dimension historique et culturelle \u00e0 cette excursion.<\/p>\n\n\n\n<p>En parcourant ce sentier, les randonneurs seront immerg\u00e9s dans un milieu naturel d&rsquo;exception, tout en explorant les vestiges d&rsquo;une activit\u00e9 \u00e9conomique ancestrale qui fa\u00e7onna autrefois le paysage et la vie des habitants de la r\u00e9gion.<\/p>\n\n\n\n<h2 class=\"wp-block-heading\" id=\"h-le-cirque-de-l-infernet\">Le cirque de l\u2019Infernet<\/h2>\n\n\n\n<p>La randonn\u00e9e du Cirque de l&rsquo;Infernet est une excursion sportive de 9,2 kilom\u00e8tres autour de Montpellier, avec un d\u00e9nivel\u00e9 de 572 m\u00e8tres et une dur\u00e9e d&rsquo;environ 2h30. Class\u00e9e de difficult\u00e9 moyenne, elle d\u00e9bute dans le charmant village de Saint-Guilhem-le-D\u00e9sert.<\/p>\n\n\n\n<p>Le parcours suit le ruisseau du Verdus, le long d&rsquo;un sentier balis\u00e9 de jaune. Cette voie historique, emprunt\u00e9e par les p\u00e8lerins se rendant \u00e0 Saint-Jacques de Compostelle, m\u00e8ne au plateau du Larzac. Bien que les randonneurs n&rsquo;aillent pas aussi loin, cette promenade offre une vue spectaculaire sur le Cirque de l&rsquo;Infernet et ses falaises impressionnantes.<\/p>\n\n\n\n<figure class=\"wp-block-image size-large is-resized\"><img loading=\"lazy\" decoding=\"async\" src=\"https:\/\/endorfeen.com\/wp-content\/uploads\/2023\/04\/Saint-Guilhem-le-Desert_vue1-768x1024.jpeg\" alt=\"Randonn\u00e9e Montpellier - Saint-Guilhem-le-Desert_vue1\" class=\"wp-image-10851\" width=\"1004\" height=\"1339\" srcset=\"https:\/\/endorfeen.com\/wp-content\/uploads\/2023\/04\/Saint-Guilhem-le-Desert_vue1-225x300.jpeg 225w, https:\/\/endorfeen.com\/wp-content\/uploads\/2023\/04\/Saint-Guilhem-le-Desert_vue1-768x1024.jpeg 768w, https:\/\/endorfeen.com\/wp-content\/uploads\/2023\/04\/Saint-Guilhem-le-Desert_vue1-1152x1536.jpeg 1152w, https:\/\/endorfeen.com\/wp-content\/uploads\/2023\/04\/Saint-Guilhem-le-Desert_vue1.jpeg 1536w\" sizes=\"auto, (max-width: 1004px) 100vw, 1004px\" \/><figcaption class=\"wp-element-caption\">\u00a9 Fagairolles 34, Wiki Commons<\/figcaption><\/figure>\n\n\n\n<p>Au cours de l&rsquo;itin\u00e9raire, les marcheurs pourront \u00e9galement admirer le belv\u00e9d\u00e8re du Max N\u00e8gre et les Fenestrelles, un ouvrage m\u00e9di\u00e9val qui constitue un autre point d&rsquo;int\u00e9r\u00eat majeur du parcours. Par temps clair, l&rsquo;horizon s&rsquo;\u00e9tend jusqu&rsquo;\u00e0 la M\u00e9diterran\u00e9e et la vall\u00e9e de l&rsquo;H\u00e9rault, offrant un spectacle sublime et inoubliable \u00e0 ceux qui s&rsquo;aventurent sur ce sentier pittoresque.<\/p>\n\n\n\n<h2 class=\"wp-block-heading\" id=\"h-le-cirque-de-moureze-une-balade-dans-un-paysage-prehistorique\">Le Cirque de Mour\u00e8ze, une balade dans un paysage pr\u00e9historique<\/h2>\n\n\n\n<p>Le Cirque de Mour\u00e8ze est une randonn\u00e9e incontournable situ\u00e9e \u00e0 quelques kilom\u00e8tres de Montpellier, dans un paysage pr\u00e9historique fa\u00e7onn\u00e9 par l&rsquo;\u00e9rosion. Cette balade d\u00e9bute au parking du point info tourisme de Mour\u00e8ze (3 \u20ac de frais de stationnement). Le sentier balis\u00e9 en jaune commence par une mont\u00e9e assez raide dans les sous-bois, il est conseill\u00e9 de porter de bonnes chaussures pour cette partie. Au sommet de la ligne de cr\u00eate, le panorama \u00e0 360 degr\u00e9s offre une vue imprenable sur le lac du Salagou d&rsquo;un c\u00f4t\u00e9, et la mer M\u00e9diterran\u00e9e de l&rsquo;autre, ainsi que sur le Mont Liausson.<\/p>\n\n\n\n<figure class=\"wp-block-image size-large\"><img loading=\"lazy\" decoding=\"async\" width=\"1024\" height=\"640\" src=\"https:\/\/endorfeen.com\/wp-content\/uploads\/2023\/04\/Cirque_de_Moureze_Herault_39-1024x640.jpg\" alt=\"Cirque de Moureze Herault Randonn\u00e9e Montpellier\" class=\"wp-image-10854\" srcset=\"https:\/\/endorfeen.com\/wp-content\/uploads\/2023\/04\/Cirque_de_Moureze_Herault_39-300x188.jpg 300w, https:\/\/endorfeen.com\/wp-content\/uploads\/2023\/04\/Cirque_de_Moureze_Herault_39-768x480.jpg 768w, https:\/\/endorfeen.com\/wp-content\/uploads\/2023\/04\/Cirque_de_Moureze_Herault_39-1024x640.jpg 1024w, https:\/\/endorfeen.com\/wp-content\/uploads\/2023\/04\/Cirque_de_Moureze_Herault_39-1536x960.jpg 1536w, https:\/\/endorfeen.com\/wp-content\/uploads\/2023\/04\/Cirque_de_Moureze_Herault_39.jpg 2048w\" sizes=\"auto, (max-width: 1024px) 100vw, 1024px\" \/><figcaption class=\"wp-element-caption\">\u00a9 Christian Ferrer, Wiki Commons<\/figcaption><\/figure>\n\n\n\n<p>Le clou de cette randonn\u00e9e est la d\u00e9couverte du cirque de Mour\u00e8ze, une impressionnante falaise enti\u00e8rement fa\u00e7onn\u00e9e par l&rsquo;\u00e9rosion. Les calcaires dolomitiques qui la composent offrent une exp\u00e9rience unique \u00e0 travers des formes surprenantes. Le sentier vous m\u00e8nera \u00e0 travers plus de 70 formations g\u00e9ologiques spectaculaires et vous fera d\u00e9couvrir des vues incroyables.<\/p>\n\n\n\n<p>Cette randonn\u00e9e de 2,5 kilom\u00e8tres est facile et pittoresque, id\u00e9ale pour tous les niveaux de randonneurs. Le choix d&rsquo;un jour ensoleill\u00e9 est recommand\u00e9 pour profiter pleinement des vues et des paysages \u00e9poustouflants. Pour les plus aventureux, une variante de 7,5 kilom\u00e8tres permet de gravir le mont Liausson pour profiter d&rsquo;une vue panoramique sur le lac du Salagou.<\/p>\n\n\n\n<p>En suivant les balises jaunes par l&rsquo;Est, vous pourrez d\u00e9couvrir la grotte de Liausson. Bien qu&rsquo;elle ne contienne pas de peintures rupestres, cette incursion dans les entrailles de la Terre ajoute une touche d&rsquo;excitation \u00e0 l&rsquo;aventure. La suite de la randonn\u00e9e suit la cr\u00eate de la barre rocheuse, passant par les ruines de l&rsquo;ermitage de Saint-Jean d&rsquo;Aureillan, t\u00e9moignant de la riche histoire de la r\u00e9gion.<\/p>\n\n\n\n<p>Cette randonn\u00e9e au Cirque de Mour\u00e8ze est une aventure inoubliable \u00e0 travers des paysages pr\u00e9historiques et des panoramas \u00e0 couper le souffle.<\/p>\n\n\n\n<h2 class=\"wp-block-heading\">Le cirque de Navacelles, une tr\u00e8s belle randonn\u00e9e non loin de Montpellier<\/h2>\n\n\n\n<p>Le cirque de Navacelles, ce site class\u00e9 constitu\u00e9 de gorges impressionnantes et dot\u00e9 d&rsquo;une faune et d&rsquo;une flore unique, est une randonn\u00e9e incontournable pour les amateurs d&rsquo;outdoors. Accessible depuis Montpellier, elle vous permettra de d\u00e9couvrir la Vis, le cours d&rsquo;eau local, et vous pourrez m\u00eame vous y baigner.<\/p>\n\n\n\n<figure class=\"wp-block-image size-large\"><img loading=\"lazy\" decoding=\"async\" width=\"1024\" height=\"768\" src=\"https:\/\/endorfeen.com\/wp-content\/uploads\/2023\/04\/243_Gorges_de_la_Vis_Meandre_recoupe_de_Navacelles_2-1024x768.jpg\" alt=\"Gorges de la Vis M\u00e9andre recoup\u00e9 de Navacelles\" class=\"wp-image-10857\" srcset=\"https:\/\/endorfeen.com\/wp-content\/uploads\/2023\/04\/243_Gorges_de_la_Vis_Meandre_recoupe_de_Navacelles_2-300x225.jpg 300w, https:\/\/endorfeen.com\/wp-content\/uploads\/2023\/04\/243_Gorges_de_la_Vis_Meandre_recoupe_de_Navacelles_2-400x300.jpg 400w, https:\/\/endorfeen.com\/wp-content\/uploads\/2023\/04\/243_Gorges_de_la_Vis_Meandre_recoupe_de_Navacelles_2-768x576.jpg 768w, https:\/\/endorfeen.com\/wp-content\/uploads\/2023\/04\/243_Gorges_de_la_Vis_Meandre_recoupe_de_Navacelles_2-800x600.jpg 800w, https:\/\/endorfeen.com\/wp-content\/uploads\/2023\/04\/243_Gorges_de_la_Vis_Meandre_recoupe_de_Navacelles_2-1024x768.jpg 1024w, https:\/\/endorfeen.com\/wp-content\/uploads\/2023\/04\/243_Gorges_de_la_Vis_Meandre_recoupe_de_Navacelles_2-1200x900.jpg 1200w, https:\/\/endorfeen.com\/wp-content\/uploads\/2023\/04\/243_Gorges_de_la_Vis_Meandre_recoupe_de_Navacelles_2-1536x1152.jpg 1536w, https:\/\/endorfeen.com\/wp-content\/uploads\/2023\/04\/243_Gorges_de_la_Vis_Meandre_recoupe_de_Navacelles_2.jpg 1600w\" sizes=\"auto, (max-width: 1024px) 100vw, 1024px\" \/><figcaption class=\"wp-element-caption\">\u00a9 Henri Moreau, Wiki Commons<\/figcaption><\/figure>\n\n\n\n<p>Apr\u00e8s vous \u00eatre gar\u00e9 au parking am\u00e9nag\u00e9 sur la D130, vous rejoindrez le belv\u00e9d\u00e8re pour profiter d&rsquo;une vue panoramique spectaculaire du site. Puis, en suivant le balisage rouge et jaune, vous remonterez la Vis et pourrez vous arr\u00eater pour vous baigner dans quelques zones propices. Ensuite, vous continuerez jusqu&rsquo;aux ruines des moulins de la Foux, point d&rsquo;orgue de votre parcours.<\/p>\n\n\n\n<p>Attention, en \u00e9t\u00e9, la cr\u00e8me solaire est obligatoire pour \u00e9viter les coups de soleil. Cette randonn\u00e9e d&rsquo;environ 2h30 pour 10 km et 286 m de d\u00e9nivel\u00e9 de difficult\u00e9 moyenne vous laissera un souvenir imp\u00e9rissable de la nature pr\u00e9serv\u00e9e de la r\u00e9gion.<\/p>\n\n\n\n<h3 class=\"wp-block-heading\">Bois des Aresquiers \u2013 Weitblick \u00fcber den \u00c9tang boucle au d\u00e9part de Vic-la-Gardiole<\/h3>\n\n\n\n<p>D\u00e9butez cette randonn\u00e9e interm\u00e9diaire depuis le village de Vic-la-Gardiole, o\u00f9 se trouve le point de d\u00e9part. Cette boucle de 9,77 km, accessible \u00e0 tous les niveaux, vous invite \u00e0 explorer le Bois des Aresquiers, parsem\u00e9 de fleurs au printemps.<\/p>\n\n\n\n<p>Le sentier, facilement accessible, vous m\u00e8nera le long des \u00e9tangs o\u00f9 vous pourrez observer des cygnes et des flamants roses flotter paisiblement. Des passerelles vous permettent de traverser les mar\u00e9cages en toute s\u00e9curit\u00e9.<\/p>\n\n\n\n<p>Poursuivez votre chemin en longeant le lac, les canaux, les salins et la for\u00eat de pin\u00e8de. Cette randonn\u00e9e est particuli\u00e8rement appr\u00e9ci\u00e9e des enfants, avec son ambiance \u00ab Indiana Jones \u00bb sans difficult\u00e9 technique.<\/p>\n\n\n\n<p>Le panorama changeant vous r\u00e9serve de nombreuses surprises visuelles tout au long de la randonn\u00e9e. Cette balade vous permettra de d\u00e9couvrir un paysage unique et d\u2019appr\u00e9cier la beaut\u00e9 de la r\u00e9gion de Montpellier.<\/p>\n\n\n\n<h2 class=\"wp-block-heading\">L\u2019abbaye Saint-F\u00e9lix de Monceau<\/h2>\n\n\n\n<p>Cette randonn\u00e9e de 3 heures autour de Gigean est une exp\u00e9rience de d\u00e9couverte de la v\u00e9g\u00e9tation locale du massif de la Gardiole, avec une vue imprenable sur le Mont Saint-Clair et les \u00e9tangs de la r\u00e9gion, notamment celui de Thau, c\u00e9l\u00e8bre pour son ostr\u00e9iculture.<\/p>\n\n\n\n<figure class=\"wp-block-image size-full is-resized\"><img loading=\"lazy\" decoding=\"async\" src=\"https:\/\/endorfeen.com\/wp-content\/uploads\/2023\/04\/lossy-page1-800px-800_1307-Abbaye-Saint-Felix-de-Monceau-Herault-Philippe-Contal.tif.jpg\" alt=\"Randonn\u00e9e Montpellier - Abbaye Saint Felix de Monceau\" class=\"wp-image-10833\" width=\"1003\" height=\"668\" srcset=\"https:\/\/endorfeen.com\/wp-content\/uploads\/2023\/04\/lossy-page1-800px-800_1307-Abbaye-Saint-Felix-de-Monceau-Herault-Philippe-Contal.tif-300x200.jpg 300w, https:\/\/endorfeen.com\/wp-content\/uploads\/2023\/04\/lossy-page1-800px-800_1307-Abbaye-Saint-Felix-de-Monceau-Herault-Philippe-Contal.tif-600x400.jpg 600w, https:\/\/endorfeen.com\/wp-content\/uploads\/2023\/04\/lossy-page1-800px-800_1307-Abbaye-Saint-Felix-de-Monceau-Herault-Philippe-Contal.tif-768x512.jpg 768w, https:\/\/endorfeen.com\/wp-content\/uploads\/2023\/04\/lossy-page1-800px-800_1307-Abbaye-Saint-Felix-de-Monceau-Herault-Philippe-Contal.tif.jpg 800w\" sizes=\"auto, (max-width: 1003px) 100vw, 1003px\" \/><figcaption class=\"wp-element-caption\">PhilippeContal<\/figcaption><\/figure>\n\n\n\n<p>Le d\u00e9part se fait depuis le parking de l\u2019abbaye Saint-F\u00e9lix de Monceau \u00e0 Gigean, que vous pouvez \u00e9galement visiter pour une exp\u00e9rience enrichissante et culturelle. Avec des opportunit\u00e9s de d\u00e9couvrir des asperges sauvages, surtout en printemps, le parcours vous conduira le long de chemins forestiers au c\u0153ur d&rsquo;une nature luxuriante.<\/p>\n\n\n\n<h2 class=\"wp-block-heading\">Le ch\u00e2teau de Vivioures et la grotte de l\u2019Hortus<\/h2>\n\n\n\n<p>Cette randonn\u00e9e autour de Montpellier offre une vue panoramique des C\u00e9vennes \u00e0 la mer. Situ\u00e9e pr\u00e8s de Valflaun\u00e8s, cette excursion n\u00e9cessite une certaine condition physique, mais est accessible \u00e0 tous. Stationnez votre v\u00e9hicule pr\u00e8s du croisement entre la D122 et la D17E6, et pr\u00e9parez-vous \u00e0 d\u00e9couvrir la montagne de l\u2019Hortus.<\/p>\n\n\n\n<figure class=\"wp-block-image size-large is-resized\"><img loading=\"lazy\" decoding=\"async\" src=\"https:\/\/endorfeen.com\/wp-content\/uploads\/2023\/04\/Ruined_Chateau_de_Vivioures_near_Pic_Saint_Loup_Herault-768x1024.jpg\" alt=\"Chateau_de_Vivioures_near_Pic_Saint_Loup_Herault\" class=\"wp-image-10860\" width=\"1003\" height=\"1337\" srcset=\"https:\/\/endorfeen.com\/wp-content\/uploads\/2023\/04\/Ruined_Chateau_de_Vivioures_near_Pic_Saint_Loup_Herault-225x300.jpg 225w, https:\/\/endorfeen.com\/wp-content\/uploads\/2023\/04\/Ruined_Chateau_de_Vivioures_near_Pic_Saint_Loup_Herault-768x1024.jpg 768w, https:\/\/endorfeen.com\/wp-content\/uploads\/2023\/04\/Ruined_Chateau_de_Vivioures_near_Pic_Saint_Loup_Herault.jpg 1024w\" sizes=\"auto, (max-width: 1003px) 100vw, 1003px\" \/><figcaption class=\"wp-element-caption\">\u00a9 Bumpstead2022, Wiki Commons<\/figcaption><\/figure>\n\n\n\n<p>Un sentier pierreux vous m\u00e8nera jusqu\u2019\u00e0 une falaise impressionnante qu\u2019il vous faudra longer jusqu\u2019\u00e0 la grotte et au sommet de la montagne de l\u2019Hortus. Du haut de ses 512 m\u00e8tres, vous pourrez admirer un panorama \u00e0 couper le souffle : la S\u00e9ranne, l\u2019Aigoual et le Mont Loz\u00e8re brisent l\u2019horizon par temps clair.<\/p>\n\n\n\n<p>La descente, quant \u00e0 elle, est rocailleuse et peut \u00eatre vertigineuse pour certains randonneurs. Cependant, cela en vaut la peine car vous pourrez d\u00e9couvrir les ruines du Ch\u00e2teau de Vivioures.<\/p>\n\n\n\n<p>Petite pr\u00e9cision concernant la grotte de l\u2019Hortus : elle est condamn\u00e9e afin de prot\u00e9ger les chauves-souris qui y ont \u00e9lu domicile. Une randonn\u00e9e riche en d\u00e9couvertes, id\u00e9ale pour une escapade en plein air en famille ou entre amis.<\/p>\n\n\n\n<h2 class=\"wp-block-heading\">Sommet du Pic-Saint-Loup Circuit \u00e0 partir de Cazevieille<\/h2>\n\n\n\n<p>La randonn\u00e9e du sommet du Pic-Saint-Loup au d\u00e9part de Cazevieille est une exp\u00e9rience r\u00e9serv\u00e9e aux randonneurs aguerris. Avec une dur\u00e9e de 5h30 et un d\u00e9nivel\u00e9 positif de 730m, il est recommand\u00e9 de poss\u00e9der une excellente condition physique et une grande exp\u00e9rience de la marche en montagne, ainsi que des chaussures r\u00e9sistantes.<\/p>\n\n\n\n<p>Le circuit commence \u00e0 travers les arbustes de la garrigue h\u00e9raultaise et suit un sentier balis\u00e9 en rouge et blanc jusqu&rsquo;\u00e0 une chapelle. Ensuite, la cr\u00eate escarp\u00e9e m\u00e8ne au sommet, offrant une vue vertigineuse sur la montagne de l&rsquo;Hortus et ses rapaces majestueux survolant les randonneurs.<\/p>\n\n\n\n<figure class=\"wp-block-image size-large\"><img loading=\"lazy\" decoding=\"async\" width=\"1024\" height=\"507\" src=\"https:\/\/endorfeen.com\/wp-content\/uploads\/2023\/04\/Le_Pic_Saint_Loup_et_lOrthus-1024x507.jpg\" alt=\"Randonn\u00e9e Montpellier - Pic Saint-Loup\" class=\"wp-image-10867\" srcset=\"https:\/\/endorfeen.com\/wp-content\/uploads\/2023\/04\/Le_Pic_Saint_Loup_et_lOrthus-300x149.jpg 300w, https:\/\/endorfeen.com\/wp-content\/uploads\/2023\/04\/Le_Pic_Saint_Loup_et_lOrthus-768x380.jpg 768w, https:\/\/endorfeen.com\/wp-content\/uploads\/2023\/04\/Le_Pic_Saint_Loup_et_lOrthus-1024x507.jpg 1024w, https:\/\/endorfeen.com\/wp-content\/uploads\/2023\/04\/Le_Pic_Saint_Loup_et_lOrthus-1536x761.jpg 1536w, https:\/\/endorfeen.com\/wp-content\/uploads\/2023\/04\/Le_Pic_Saint_Loup_et_lOrthus.jpg 2048w\" sizes=\"auto, (max-width: 1024px) 100vw, 1024px\" \/><figcaption class=\"wp-element-caption\">\u00a9 Plouqueton, Wiki Commons<\/figcaption><\/figure>\n\n\n\n<p>Par temps clair, le golfe du Lion et m\u00eame le mont Ventoux peuvent \u00eatre admir\u00e9s, ce qui en fait une exp\u00e9rience inoubliable. Cependant, il est important de rester concentr\u00e9 sur le sentier et de porter de bonnes chaussures montantes pour naviguer sur les cailloux en toute s\u00e9curit\u00e9. Les randonneurs t\u00e9m\u00e9raires seront r\u00e9compens\u00e9s par une vue \u00e0 couper le souffle et une exp\u00e9rience de montagne unique en son genre.<\/p>\n\n\n\n<h2 class=\"wp-block-heading\">Le ch\u00e2teau D\u2019Aumelas, une radonn\u00e9e familiale \u00e0 c\u00f4t\u00e9 de Montpellier<\/h2>\n\n\n\n<p>Situ\u00e9e \u00e0 Aumelas, cette randonn\u00e9e facile est id\u00e9ale pour une balade en famille.<\/p>\n\n\n\n<p>Elle vous conduit \u00e0 travers un ancien sentier botanique jusqu&rsquo;au ch\u00e2teau D\u2019Aumelas, une forteresse f\u00e9odale construite entre le XIe et le XIVe si\u00e8cle, class\u00e9e au titre des monuments historiques. Le parcours offre des vues somptueuses sur la vall\u00e9e, qui s&rsquo;\u00e9panouissent progressivement sur le chemin pour r\u00e9v\u00e9ler un paysage typiquement m\u00e9diterran\u00e9en, avec les C\u00e9vennes en arri\u00e8re-plan.<\/p>\n\n\n\n<figure class=\"wp-block-image size-large\"><img loading=\"lazy\" decoding=\"async\" width=\"1024\" height=\"640\" src=\"https:\/\/endorfeen.com\/wp-content\/uploads\/2023\/04\/2048px-Aumelas_Herault_01-1024x640.jpg\" alt=\"\" class=\"wp-image-10865\" srcset=\"https:\/\/endorfeen.com\/wp-content\/uploads\/2023\/04\/2048px-Aumelas_Herault_01-300x188.jpg 300w, https:\/\/endorfeen.com\/wp-content\/uploads\/2023\/04\/2048px-Aumelas_Herault_01-768x480.jpg 768w, https:\/\/endorfeen.com\/wp-content\/uploads\/2023\/04\/2048px-Aumelas_Herault_01-1024x640.jpg 1024w, https:\/\/endorfeen.com\/wp-content\/uploads\/2023\/04\/2048px-Aumelas_Herault_01-1536x960.jpg 1536w, https:\/\/endorfeen.com\/wp-content\/uploads\/2023\/04\/2048px-Aumelas_Herault_01.jpg 2048w\" sizes=\"auto, (max-width: 1024px) 100vw, 1024px\" \/><figcaption class=\"wp-element-caption\">\u00a9 Christian Ferrer, Wiki Commons<\/figcaption><\/figure>\n\n\n\n<p>Que ce soit au printemps ou en automne, la vue est \u00e0 couper le souffle. Les ruines du ch\u00e2teau peuvent \u00eatre visit\u00e9es et comportent des indications enrichissantes sur l&rsquo;histoire du lieu. Nul besoin d&rsquo;\u00eatre un randonneur chevronn\u00e9 pour profiter de cette balade de moins d&rsquo;une heure.<\/p>\n\n\n\n<h2 class=\"wp-block-heading\">Le ravin des Arcs<\/h2>\n\n\n\n<p>Cette randonn\u00e9e autour de Montpellier vous emm\u00e8ne d\u00e9couvrir le ravin des Arcs \u00e0 Saint-Martin-de-Londres. Le d\u00e9part se fait au parking de la route D986. Vous suivrez le GR60, qui vous m\u00e8nera \u00e0 travers une v\u00e9g\u00e9tation luxuriante jusqu&rsquo;\u00e0 une belle descente dans le ravin jusqu&rsquo;\u00e0 l&rsquo;Arc.<\/p>\n\n\n\n<figure class=\"wp-block-image size-large is-resized\"><img loading=\"lazy\" decoding=\"async\" src=\"https:\/\/endorfeen.com\/wp-content\/uploads\/2023\/04\/Ravin_des_Arcs_29-30mod-925x1024.jpg\" alt=\"Randonn\u00e9e Montpellier\" class=\"wp-image-10862\" width=\"1004\" height=\"1111\" srcset=\"https:\/\/endorfeen.com\/wp-content\/uploads\/2023\/04\/Ravin_des_Arcs_29-30mod-271x300.jpg 271w, https:\/\/endorfeen.com\/wp-content\/uploads\/2023\/04\/Ravin_des_Arcs_29-30mod-768x850.jpg 768w, https:\/\/endorfeen.com\/wp-content\/uploads\/2023\/04\/Ravin_des_Arcs_29-30mod-925x1024.jpg 925w, https:\/\/endorfeen.com\/wp-content\/uploads\/2023\/04\/Ravin_des_Arcs_29-30mod-1387x1536.jpg 1387w, https:\/\/endorfeen.com\/wp-content\/uploads\/2023\/04\/Ravin_des_Arcs_29-30mod.jpg 1850w\" sizes=\"auto, (max-width: 1004px) 100vw, 1004px\" \/><figcaption class=\"wp-element-caption\">\u00a9 JYB Devot, Wiki Commons<\/figcaption><\/figure>\n\n\n\n<p>Vous d\u00e9couvrirez un d\u00e9cor min\u00e9ral exceptionnel de canyon qui offre des vues magnifiques sur le Pic Saint-Loup. Les randonneurs en qu\u00eate de paysages grandioses seront combl\u00e9s. Les plus chanceux pourront observer la faune locale, tels que les vautours ou les aigles royaux. Cette randonn\u00e9e est accessible aux randonneurs de niveau interm\u00e9diaire, \u00e0 la recherche d&rsquo;un parcours qui leur offre des paysages \u00e0 couper le souffle.<\/p>\n\n\n\n<h2 class=\"wp-block-heading\">Autres randonn\u00e9e autour de Montpellier<\/h2>\n\n\n\n<h3 class=\"wp-block-heading\">\u00c0 la d\u00e9couverte de la Grotte de Labeil<\/h3>\n\n\n\n<p>Embarquez pour la randonn\u00e9e \u00ab\u00a0\u00c0 la d\u00e9couverte de la Grotte de Labeil\u00a0\u00bb aux abords de Montpellier, une boucle de 14,9 km adapt\u00e9e aux bons marcheurs, qui vous m\u00e8nera \u00e0 travers des paysages enchanteurs jusqu&rsquo;\u00e0 l&rsquo;entr\u00e9e de la myst\u00e9rieuse Grotte de Labeil en 5h30 environ.<\/p>\n\n\n\n<h3 class=\"wp-block-heading\">Balade de Mandagout au pays de l&rsquo;oignon doux<\/h3>\n\n\n\n<p>D\u00e9couvrez la charmante balade \u00ab\u00a0Mandagout au pays de l&rsquo;oignon doux\u00a0\u00bb situ\u00e9e pr\u00e8s de Montpellier, une boucle facile de 5 km qui vous fera parcourir les terres fertiles de Mandagout, r\u00e9put\u00e9es pour leurs oignons doux, en 1h30 environ.<\/p>\n\n\n\n<h3 class=\"wp-block-heading\">De l&rsquo;Arn\u00e8de \u00e0 Caravette<\/h3>\n\n\n\n<p>Lancez-vous dans l&rsquo;aventure de la randonn\u00e9e \u00ab\u00a0De l&rsquo;Arn\u00e8de \u00e0 Caravette\u00a0\u00bb \u00e0 proximit\u00e9 de Montpellier, une boucle de 15 km destin\u00e9e aux bons marcheurs, qui vous fera traverser des paysages vari\u00e9s et captivants en 5 heures environ.<\/p>\n\n\n\n<h3 class=\"wp-block-heading\">Entre St Come et Maruejols<\/h3>\n\n\n\n<p>Explorez la promenade \u00ab\u00a0Entre St Come et Maruejols\u00a0\u00bb situ\u00e9e pr\u00e8s de Montpellier, une boucle facile de 6 km qui vous permettra de d\u00e9couvrir les paysages bucoliques entre les charmants villages de St Come et Maruejols en seulement 1h30.<\/p>\n\n\n\n<h3 class=\"wp-block-heading\">L&rsquo;aqueduc de Castries<\/h3>\n\n\n\n<p>Partez \u00e0 la d\u00e9couverte de la randonn\u00e9e \u00ab\u00a0L&rsquo;aqueduc de Castries\u00a0\u00bb \u00e0 proximit\u00e9 de Montpellier, une boucle de 11 km destin\u00e9e aux marcheurs r\u00e9guliers, qui vous fera explorer l&rsquo;impressionnant patrimoine historique de l&rsquo;aqueduc de Castries en environ 3 heures.<\/p>\n\n\n\n<h3 class=\"wp-block-heading\">L&rsquo;Oliveraie<\/h3>\n\n\n\n<p>D\u00e9couvrez la paisible randonn\u00e9e \u00ab\u00a0L&rsquo;Oliveraie\u00a0\u00bb situ\u00e9e pr\u00e8s de Montpellier, une boucle facile de 5 km qui vous invite \u00e0 fl\u00e2ner \u00e0 travers une oliveraie pittoresque, le tout en 2 heures environ.<\/p>\n\n\n\n<h3 class=\"wp-block-heading\">La Grotte de Valaurie aux portes de Corb\u00e8s<\/h3>\n\n\n\n<p>Partez \u00e0 la d\u00e9couverte de la balade \u00ab\u00a0La Grotte de Valaurie aux portes de Corb\u00e8s\u00a0\u00bb aux abords de Montpellier, une boucle facile de 6,9 km qui vous entra\u00eenera dans un p\u00e9riple captivant \u00e0 travers la nature et vous m\u00e8nera jusqu&rsquo;\u00e0 la myst\u00e9rieuse Grotte de Valaurie en environ 2 heures.<\/p>\n\n\n\n<h3 class=\"wp-block-heading\">La serre de Grenouillet<\/h3>\n\n\n\n<p>Profitez de la randonn\u00e9e \u00ab\u00a0La serre de Grenouillet\u00a0\u00bb situ\u00e9e pr\u00e8s de Montpellier, une boucle de 7 km adapt\u00e9e aux marcheurs r\u00e9guliers, qui vous d\u00e9voilera la beaut\u00e9 sauvage de la serre de Grenouillet en 2h30 environ.<\/p>\n\n\n\n<h3 class=\"wp-block-heading\">Le ch\u00e2teau de Restincli\u00e8res<\/h3>\n\n\n\n<p>D\u00e9couvrez la charmante balade \u00ab\u00a0Le ch\u00e2teau de Restincli\u00e8res\u00a0\u00bb aux alentours de Montpellier, une boucle facile de 8 km qui vous emm\u00e8ne \u00e0 travers les paysages pittoresques et le patrimoine historique du ch\u00e2teau de Restincli\u00e8res en 2h30 environ.<\/p>\n\n\n\n<h3 class=\"wp-block-heading\">Le plateau du Thaurac<\/h3>\n\n\n\n<p>Laissez-vous s\u00e9duire par la randonn\u00e9e \u00ab\u00a0Le plateau du Thaurac\u00a0\u00bb situ\u00e9e pr\u00e8s de Montpellier, une boucle de 8 km destin\u00e9e aux marcheurs r\u00e9guliers, qui vous offrira des panoramas \u00e9poustouflants sur le plateau du Thaurac en 3 heures environ.<\/p>\n\n\n\n<h3 class=\"wp-block-heading\">Les capitelles de la B\u00e9novie<\/h3>\n\n\n\n<p>Venez d\u00e9couvrir la randonn\u00e9e \u00ab\u00a0Les capitelles de la B\u00e9novie\u00a0\u00bb \u00e0 proximit\u00e9 de Montpellier, une boucle facile de 10 km qui vous fera parcourir un paysage typique et fascinant parsem\u00e9 de capitelles, le tout en environ 3 heures.<\/p>\n\n\n\n<h3 class=\"wp-block-heading\">N\u00eemes \u00e0 travers la guarrigue jusqu&rsquo;aux Hauts de N\u00eemes<\/h3>\n\n\n\n<p>D\u00e9couvrez la promenade \u00ab\u00a0N\u00eemes \u00e0 travers la garrigue jusqu&rsquo;aux Hauts de N\u00eemes\u00a0\u00bb aux environs de Montpellier, une boucle facile de 10,1 km qui vous invite \u00e0 plonger dans la beaut\u00e9 de la garrigue et \u00e0 explorer les Hauts de N\u00eemes en 2h45 environ.<\/p>\n\n\n\n<h3 class=\"wp-block-heading\">Saint-Andr\u00e9-de-Majencoules : Tour du hameau de Peyregrosse<\/h3>\n\n\n\n<p>Partez \u00e0 la d\u00e9couverte de la randonn\u00e9e \u00ab\u00a0Saint-Andr\u00e9-de-Majencoules : Tour du hameau de Peyregrosse\u00a0\u00bb situ\u00e9e pr\u00e8s de Montpellier, une boucle de 3,9 km adapt\u00e9e aux bons marcheurs, qui vous permettra de sillonner les alentours pittoresques de Peyregrosse en seulement 1 heure.<\/p>\n\n\n\n<h3 class=\"wp-block-heading\">Signal Saint-Pierre<\/h3>\n\n\n\n<p>Explorez la splendide randonn\u00e9e \u00ab\u00a0Signal Saint-Pierre\u00a0\u00bb aux abords de Montpellier, une boucle de 9 km destin\u00e9e aux marcheurs r\u00e9guliers, qui vous offre une exp\u00e9rience immersive en pleine nature pendant environ 3h30.<\/p>\n\n\n\n<h3 class=\"wp-block-heading\">Sur les hauteurs de Mauripe<\/h3>\n\n\n\n<p>D\u00e9couvrez la charmante marche \u00ab\u00a0Sur les hauteurs de Mauripe\u00a0\u00bb situ\u00e9e pr\u00e8s de Montpellier, une boucle facile de 5,6 km qui vous emm\u00e8nera \u00e0 travers de magnifiques paysages en 1h30 environ.<\/p>\n","protected":false},"excerpt":{"rendered":"<p>Montpellier, ville dynamique du sud de la France, ne manque pas de charme et d&rsquo;histoire avec son centre-ville historique, l&rsquo;Ecusson. Mais au-del\u00e0 de son patrimoine culturel, Montpellier regorge de sentiers de randonn\u00e9es p\u00e9destres. \u00c0 seulement quelques kilom\u00e8tres de la ville, les paysages vari\u00e9s de l&rsquo;H\u00e9rault et de l&rsquo;Occitanie s&rsquo;offrent aux visiteurs, entre moyenne montagne au &hellip;<\/p>\n","protected":false},"author":30,"featured_media":10831,"comment_status":"open","ping_status":"open","sticky":false,"template":"","format":"standard","meta":{"_acf_changed":false,"_genesis_hide_title":false,"_genesis_hide_breadcrumbs":false,"_genesis_hide_singular_image":false,"_genesis_hide_footer_widgets":false,"_genesis_custom_body_class":"","_genesis_custom_post_class":"","_genesis_layout":"","footnotes":""},"categories":[170],"tags":[174],"sponsor":[1087],"class_list":{"2":"type-post","7":"category-aventures","8":"tag-randonnee","9":"sponsor-endorfeen","10":"entry"},"yoast_head":"<!-- This site is optimized with the Yoast SEO Premium plugin v26.2 (Yoast SEO v26.2) - https:\/\/yoast.com\/wordpress\/plugins\/seo\/ -->\n<title>20 Randonn\u00e9e \u00e0 ne pas manquer \u00e0 Montpellier - endorfeen<\/title>\n<meta name=\"description\" content=\"Randonn\u00e9e \u00e0 Montpellier : Montpellier, ville dynamique du sud de la France, ne manque pas de charme et d&#039;histoire avec...\" \/>\n<meta name=\"robots\" content=\"index, follow, max-snippet:-1, max-image-preview:large, max-video-preview:-1\" \/>\n<link rel=\"canonical\" href=\"https:\/\/endorfeen.com\/fr\/20-randonnee-a-ne-pas-manquer-a-montpellier-et-15-bonus\/\" \/>\n<meta property=\"og:locale\" content=\"fr_FR\" \/>\n<meta property=\"og:type\" content=\"article\" \/>\n<meta property=\"og:title\" content=\"20 Randonn\u00e9es \u00e0 ne pas manquer \u00e0 Montpellier, et 15 bonus\" \/>\n<meta property=\"og:description\" content=\"Randonn\u00e9e \u00e0 Montpellier : Montpellier, ville dynamique du sud de la France, ne manque pas de charme et d&#039;histoire avec...\" \/>\n<meta property=\"og:url\" content=\"https:\/\/endorfeen.com\/fr\/20-randonnee-a-ne-pas-manquer-a-montpellier-et-15-bonus\/\" \/>\n<meta property=\"og:site_name\" content=\"endorfeen\" \/>\n<meta property=\"article:author\" content=\"http:\/\/www.facebook.com\/endorfeen-583261049007200\" \/>\n<meta property=\"article:published_time\" content=\"2023-05-02T07:00:00+00:00\" \/>\n<meta property=\"article:modified_time\" content=\"2023-08-18T10:01:46+00:00\" \/>\n<meta property=\"og:image\" content=\"https:\/\/endorfeen.com\/wp-content\/uploads\/2023\/04\/nathan-cima-u-_EwP6db4I-unsplash-scaled.jpg\" \/>\n\t<meta property=\"og:image:width\" content=\"2560\" \/>\n\t<meta property=\"og:image:height\" content=\"1440\" \/>\n\t<meta property=\"og:image:type\" content=\"image\/jpeg\" \/>\n<meta name=\"author\" content=\"Thomas Viguier\" \/>\n<meta name=\"twitter:card\" content=\"summary_large_image\" \/>\n<meta name=\"twitter:creator\" content=\"@https:\/\/twitter.com\/endorfeen_\" \/>\n<meta name=\"twitter:label1\" content=\"\u00c9crit par\" \/>\n\t<meta name=\"twitter:data1\" content=\"Thomas Viguier\" \/>\n\t<meta name=\"twitter:label2\" content=\"Dur\u00e9e de lecture estim\u00e9e\" \/>\n\t<meta name=\"twitter:data2\" content=\"24 minutes\" \/>\n<script type=\"application\/ld+json\" class=\"yoast-schema-graph\">{\"@context\":\"https:\/\/schema.org\",\"@graph\":[{\"@type\":\"Article\",\"@id\":\"https:\/\/endorfeen.com\/fr\/20-randonnee-a-ne-pas-manquer-a-montpellier-et-15-bonus\/#article\",\"isPartOf\":{\"@id\":\"https:\/\/endorfeen.com\/fr\/20-randonnee-a-ne-pas-manquer-a-montpellier-et-15-bonus\/\"},\"author\":{\"name\":\"Thomas Viguier\",\"@id\":\"https:\/\/endorfeen.com\/fr\/#\/schema\/person\/76a61f8eb41d36fffdec1b376fcf19aa\"},\"headline\":\"20 Randonn\u00e9es \u00e0 ne pas manquer \u00e0 Montpellier, et 15 bonus\",\"datePublished\":\"2023-05-02T07:00:00+00:00\",\"dateModified\":\"2023-08-18T10:01:46+00:00\",\"mainEntityOfPage\":{\"@id\":\"https:\/\/endorfeen.com\/fr\/20-randonnee-a-ne-pas-manquer-a-montpellier-et-15-bonus\/\"},\"wordCount\":5385,\"commentCount\":0,\"publisher\":{\"@id\":\"https:\/\/endorfeen.com\/fr\/#organization\"},\"image\":{\"@id\":\"https:\/\/endorfeen.com\/fr\/20-randonnee-a-ne-pas-manquer-a-montpellier-et-15-bonus\/#primaryimage\"},\"thumbnailUrl\":\"https:\/\/endorfeen.com\/wp-content\/uploads\/2023\/04\/nathan-cima-u-_EwP6db4I-unsplash-scaled.jpg\",\"keywords\":[\"#randonn\u00e9e\"],\"articleSection\":[\"Aventures\"],\"inLanguage\":\"fr-FR\",\"potentialAction\":[{\"@type\":\"CommentAction\",\"name\":\"Comment\",\"target\":[\"https:\/\/endorfeen.com\/fr\/20-randonnee-a-ne-pas-manquer-a-montpellier-et-15-bonus\/#respond\"]}]},{\"@type\":\"WebPage\",\"@id\":\"https:\/\/endorfeen.com\/fr\/20-randonnee-a-ne-pas-manquer-a-montpellier-et-15-bonus\/\",\"url\":\"https:\/\/endorfeen.com\/fr\/20-randonnee-a-ne-pas-manquer-a-montpellier-et-15-bonus\/\",\"name\":\"20 Randonn\u00e9e \u00e0 ne pas manquer \u00e0 Montpellier - endorfeen\",\"isPartOf\":{\"@id\":\"https:\/\/endorfeen.com\/fr\/#website\"},\"primaryImageOfPage\":{\"@id\":\"https:\/\/endorfeen.com\/fr\/20-randonnee-a-ne-pas-manquer-a-montpellier-et-15-bonus\/#primaryimage\"},\"image\":{\"@id\":\"https:\/\/endorfeen.com\/fr\/20-randonnee-a-ne-pas-manquer-a-montpellier-et-15-bonus\/#primaryimage\"},\"thumbnailUrl\":\"https:\/\/endorfeen.com\/wp-content\/uploads\/2023\/04\/nathan-cima-u-_EwP6db4I-unsplash-scaled.jpg\",\"datePublished\":\"2023-05-02T07:00:00+00:00\",\"dateModified\":\"2023-08-18T10:01:46+00:00\",\"description\":\"Randonn\u00e9e \u00e0 Montpellier : Montpellier, ville dynamique du sud de la France, ne manque pas de charme et d'histoire avec...\",\"breadcrumb\":{\"@id\":\"https:\/\/endorfeen.com\/fr\/20-randonnee-a-ne-pas-manquer-a-montpellier-et-15-bonus\/#breadcrumb\"},\"inLanguage\":\"fr-FR\",\"potentialAction\":[{\"@type\":\"ReadAction\",\"target\":[\"https:\/\/endorfeen.com\/fr\/20-randonnee-a-ne-pas-manquer-a-montpellier-et-15-bonus\/\"]}]},{\"@type\":\"ImageObject\",\"inLanguage\":\"fr-FR\",\"@id\":\"https:\/\/endorfeen.com\/fr\/20-randonnee-a-ne-pas-manquer-a-montpellier-et-15-bonus\/#primaryimage\",\"url\":\"https:\/\/endorfeen.com\/wp-content\/uploads\/2023\/04\/nathan-cima-u-_EwP6db4I-unsplash-scaled.jpg\",\"contentUrl\":\"https:\/\/endorfeen.com\/wp-content\/uploads\/2023\/04\/nathan-cima-u-_EwP6db4I-unsplash-scaled.jpg\",\"width\":2048,\"height\":1152,\"caption\":\"Photo by Nathan Cima on Unsplash\"},{\"@type\":\"BreadcrumbList\",\"@id\":\"https:\/\/endorfeen.com\/fr\/20-randonnee-a-ne-pas-manquer-a-montpellier-et-15-bonus\/#breadcrumb\",\"itemListElement\":[{\"@type\":\"ListItem\",\"position\":1,\"name\":\"Home\",\"item\":\"https:\/\/endorfeen.com\/fr\/\"},{\"@type\":\"ListItem\",\"position\":2,\"name\":\"20 Randonn\u00e9es \u00e0 ne pas manquer \u00e0 Montpellier, et 15 bonus\"}]},{\"@type\":\"WebSite\",\"@id\":\"https:\/\/endorfeen.com\/fr\/#website\",\"url\":\"https:\/\/endorfeen.com\/fr\/\",\"name\":\"endorfeen\",\"description\":\"The Media For Sustainable Outdoors.\",\"publisher\":{\"@id\":\"https:\/\/endorfeen.com\/fr\/#organization\"},\"potentialAction\":[{\"@type\":\"SearchAction\",\"target\":{\"@type\":\"EntryPoint\",\"urlTemplate\":\"https:\/\/endorfeen.com\/fr\/?s={search_term_string}\"},\"query-input\":{\"@type\":\"PropertyValueSpecification\",\"valueRequired\":true,\"valueName\":\"search_term_string\"}}],\"inLanguage\":\"fr-FR\"},{\"@type\":\"Organization\",\"@id\":\"https:\/\/endorfeen.com\/fr\/#organization\",\"name\":\"endorfeen\",\"url\":\"https:\/\/endorfeen.com\/fr\/\",\"logo\":{\"@type\":\"ImageObject\",\"inLanguage\":\"fr-FR\",\"@id\":\"https:\/\/endorfeen.com\/fr\/#\/schema\/logo\/image\/\",\"url\":\"https:\/\/endorfeen.com\/wp-content\/uploads\/2022\/06\/Circle-endorfeen-site-icon-circled-1000-x-1000-300psi.png\",\"contentUrl\":\"https:\/\/endorfeen.com\/wp-content\/uploads\/2022\/06\/Circle-endorfeen-site-icon-circled-1000-x-1000-300psi.png\",\"width\":1000,\"height\":1000,\"caption\":\"endorfeen\"},\"image\":{\"@id\":\"https:\/\/endorfeen.com\/fr\/#\/schema\/logo\/image\/\"}},{\"@type\":\"Person\",\"@id\":\"https:\/\/endorfeen.com\/fr\/#\/schema\/person\/76a61f8eb41d36fffdec1b376fcf19aa\",\"name\":\"Thomas Viguier\",\"image\":{\"@type\":\"ImageObject\",\"inLanguage\":\"fr-FR\",\"@id\":\"https:\/\/endorfeen.com\/fr\/#\/schema\/person\/image\/\",\"url\":\"https:\/\/secure.gravatar.com\/avatar\/3c24e541f6f82c052219429c60a8948b1c9ad8eda6daf26af0a100594146ab1a?s=96&d=mm&r=g\",\"contentUrl\":\"https:\/\/secure.gravatar.com\/avatar\/3c24e541f6f82c052219429c60a8948b1c9ad8eda6daf26af0a100594146ab1a?s=96&d=mm&r=g\",\"caption\":\"Thomas Viguier\"},\"description\":\"Everyone has a story to tell. endorfeen is built as a collaborative platform, giving the voice to anyone with a story to tell. If you have things you want to share, register here.\",\"sameAs\":[\"https:\/\/www.endorfeen.com\/\",\"http:\/\/www.facebook.com\/endorfeen-583261049007200\",\"http:\/\/www.instagram.com\/endorfeen_\/\",\"https:\/\/fi.pinterest.com\/endorfeen_\/\",\"https:\/\/x.com\/https:\/\/twitter.com\/endorfeen_\"],\"url\":\"https:\/\/endorfeen.com\/fr\/linkto\/endorfeen-mag\/\"}]}<\/script>\n<!-- \/ Yoast SEO Premium plugin. -->","yoast_head_json":{"title":"20 Randonn\u00e9e \u00e0 ne pas manquer \u00e0 Montpellier - endorfeen","description":"Randonn\u00e9e \u00e0 Montpellier : Montpellier, ville dynamique du sud de la France, ne manque pas de charme et d'histoire avec...","robots":{"index":"index","follow":"follow","max-snippet":"max-snippet:-1","max-image-preview":"max-image-preview:large","max-video-preview":"max-video-preview:-1"},"canonical":"https:\/\/endorfeen.com\/fr\/20-randonnee-a-ne-pas-manquer-a-montpellier-et-15-bonus\/","og_locale":"fr_FR","og_type":"article","og_title":"20 Randonn\u00e9es \u00e0 ne pas manquer \u00e0 Montpellier, et 15 bonus","og_description":"Randonn\u00e9e \u00e0 Montpellier : Montpellier, ville dynamique du sud de la France, ne manque pas de charme et d'histoire avec...","og_url":"https:\/\/endorfeen.com\/fr\/20-randonnee-a-ne-pas-manquer-a-montpellier-et-15-bonus\/","og_site_name":"endorfeen","article_author":"http:\/\/www.facebook.com\/endorfeen-583261049007200","article_published_time":"2023-05-02T07:00:00+00:00","article_modified_time":"2023-08-18T10:01:46+00:00","og_image":[{"width":2560,"height":1440,"url":"https:\/\/endorfeen.com\/wp-content\/uploads\/2023\/04\/nathan-cima-u-_EwP6db4I-unsplash-scaled.jpg","type":"image\/jpeg"}],"author":"Thomas Viguier","twitter_card":"summary_large_image","twitter_creator":"@https:\/\/twitter.com\/endorfeen_","twitter_misc":{"\u00c9crit par":"Thomas Viguier","Dur\u00e9e de lecture estim\u00e9e":"24 minutes"},"schema":{"@context":"https:\/\/schema.org","@graph":[{"@type":"Article","@id":"https:\/\/endorfeen.com\/fr\/20-randonnee-a-ne-pas-manquer-a-montpellier-et-15-bonus\/#article","isPartOf":{"@id":"https:\/\/endorfeen.com\/fr\/20-randonnee-a-ne-pas-manquer-a-montpellier-et-15-bonus\/"},"author":{"name":"Thomas Viguier","@id":"https:\/\/endorfeen.com\/fr\/#\/schema\/person\/76a61f8eb41d36fffdec1b376fcf19aa"},"headline":"20 Randonn\u00e9es \u00e0 ne pas manquer \u00e0 Montpellier, et 15 bonus","datePublished":"2023-05-02T07:00:00+00:00","dateModified":"2023-08-18T10:01:46+00:00","mainEntityOfPage":{"@id":"https:\/\/endorfeen.com\/fr\/20-randonnee-a-ne-pas-manquer-a-montpellier-et-15-bonus\/"},"wordCount":5385,"commentCount":0,"publisher":{"@id":"https:\/\/endorfeen.com\/fr\/#organization"},"image":{"@id":"https:\/\/endorfeen.com\/fr\/20-randonnee-a-ne-pas-manquer-a-montpellier-et-15-bonus\/#primaryimage"},"thumbnailUrl":"https:\/\/endorfeen.com\/wp-content\/uploads\/2023\/04\/nathan-cima-u-_EwP6db4I-unsplash-scaled.jpg","keywords":["#randonn\u00e9e"],"articleSection":["Aventures"],"inLanguage":"fr-FR","potentialAction":[{"@type":"CommentAction","name":"Comment","target":["https:\/\/endorfeen.com\/fr\/20-randonnee-a-ne-pas-manquer-a-montpellier-et-15-bonus\/#respond"]}]},{"@type":"WebPage","@id":"https:\/\/endorfeen.com\/fr\/20-randonnee-a-ne-pas-manquer-a-montpellier-et-15-bonus\/","url":"https:\/\/endorfeen.com\/fr\/20-randonnee-a-ne-pas-manquer-a-montpellier-et-15-bonus\/","name":"20 Randonn\u00e9e \u00e0 ne pas manquer \u00e0 Montpellier - endorfeen","isPartOf":{"@id":"https:\/\/endorfeen.com\/fr\/#website"},"primaryImageOfPage":{"@id":"https:\/\/endorfeen.com\/fr\/20-randonnee-a-ne-pas-manquer-a-montpellier-et-15-bonus\/#primaryimage"},"image":{"@id":"https:\/\/endorfeen.com\/fr\/20-randonnee-a-ne-pas-manquer-a-montpellier-et-15-bonus\/#primaryimage"},"thumbnailUrl":"https:\/\/endorfeen.com\/wp-content\/uploads\/2023\/04\/nathan-cima-u-_EwP6db4I-unsplash-scaled.jpg","datePublished":"2023-05-02T07:00:00+00:00","dateModified":"2023-08-18T10:01:46+00:00","description":"Randonn\u00e9e \u00e0 Montpellier : Montpellier, ville dynamique du sud de la France, ne manque pas de charme et d'histoire avec...","breadcrumb":{"@id":"https:\/\/endorfeen.com\/fr\/20-randonnee-a-ne-pas-manquer-a-montpellier-et-15-bonus\/#breadcrumb"},"inLanguage":"fr-FR","potentialAction":[{"@type":"ReadAction","target":["https:\/\/endorfeen.com\/fr\/20-randonnee-a-ne-pas-manquer-a-montpellier-et-15-bonus\/"]}]},{"@type":"ImageObject","inLanguage":"fr-FR","@id":"https:\/\/endorfeen.com\/fr\/20-randonnee-a-ne-pas-manquer-a-montpellier-et-15-bonus\/#primaryimage","url":"https:\/\/endorfeen.com\/wp-content\/uploads\/2023\/04\/nathan-cima-u-_EwP6db4I-unsplash-scaled.jpg","contentUrl":"https:\/\/endorfeen.com\/wp-content\/uploads\/2023\/04\/nathan-cima-u-_EwP6db4I-unsplash-scaled.jpg","width":2048,"height":1152,"caption":"Photo by Nathan Cima on Unsplash"},{"@type":"BreadcrumbList","@id":"https:\/\/endorfeen.com\/fr\/20-randonnee-a-ne-pas-manquer-a-montpellier-et-15-bonus\/#breadcrumb","itemListElement":[{"@type":"ListItem","position":1,"name":"Home","item":"https:\/\/endorfeen.com\/fr\/"},{"@type":"ListItem","position":2,"name":"20 Randonn\u00e9es \u00e0 ne pas manquer \u00e0 Montpellier, et 15 bonus"}]},{"@type":"WebSite","@id":"https:\/\/endorfeen.com\/fr\/#website","url":"https:\/\/endorfeen.com\/fr\/","name":"endorfeen","description":"The Media For Sustainable Outdoors.","publisher":{"@id":"https:\/\/endorfeen.com\/fr\/#organization"},"potentialAction":[{"@type":"SearchAction","target":{"@type":"EntryPoint","urlTemplate":"https:\/\/endorfeen.com\/fr\/?s={search_term_string}"},"query-input":{"@type":"PropertyValueSpecification","valueRequired":true,"valueName":"search_term_string"}}],"inLanguage":"fr-FR"},{"@type":"Organization","@id":"https:\/\/endorfeen.com\/fr\/#organization","name":"endorfeen","url":"https:\/\/endorfeen.com\/fr\/","logo":{"@type":"ImageObject","inLanguage":"fr-FR","@id":"https:\/\/endorfeen.com\/fr\/#\/schema\/logo\/image\/","url":"https:\/\/endorfeen.com\/wp-content\/uploads\/2022\/06\/Circle-endorfeen-site-icon-circled-1000-x-1000-300psi.png","contentUrl":"https:\/\/endorfeen.com\/wp-content\/uploads\/2022\/06\/Circle-endorfeen-site-icon-circled-1000-x-1000-300psi.png","width":1000,"height":1000,"caption":"endorfeen"},"image":{"@id":"https:\/\/endorfeen.com\/fr\/#\/schema\/logo\/image\/"}},{"@type":"Person","@id":"https:\/\/endorfeen.com\/fr\/#\/schema\/person\/76a61f8eb41d36fffdec1b376fcf19aa","name":"Thomas Viguier","image":{"@type":"ImageObject","inLanguage":"fr-FR","@id":"https:\/\/endorfeen.com\/fr\/#\/schema\/person\/image\/","url":"https:\/\/secure.gravatar.com\/avatar\/3c24e541f6f82c052219429c60a8948b1c9ad8eda6daf26af0a100594146ab1a?s=96&d=mm&r=g","contentUrl":"https:\/\/secure.gravatar.com\/avatar\/3c24e541f6f82c052219429c60a8948b1c9ad8eda6daf26af0a100594146ab1a?s=96&d=mm&r=g","caption":"Thomas Viguier"},"description":"Everyone has a story to tell. endorfeen is built as a collaborative platform, giving the voice to anyone with a story to tell. If you have things you want to share, register here.","sameAs":["https:\/\/www.endorfeen.com\/","http:\/\/www.facebook.com\/endorfeen-583261049007200","http:\/\/www.instagram.com\/endorfeen_\/","https:\/\/fi.pinterest.com\/endorfeen_\/","https:\/\/x.com\/https:\/\/twitter.com\/endorfeen_"],"url":"https:\/\/endorfeen.com\/fr\/linkto\/endorfeen-mag\/"}]}},"featured_image_src":"https:\/\/endorfeen.com\/wp-content\/uploads\/2023\/04\/nathan-cima-u-_EwP6db4I-unsplash-600x400.jpg","featured_image_src_square":"https:\/\/endorfeen.com\/wp-content\/uploads\/2023\/04\/nathan-cima-u-_EwP6db4I-unsplash-600x600.jpg","author_info":{"display_name":"Thomas Viguier","author_link":"https:\/\/endorfeen.com\/fr\/linkto\/endorfeen-mag\/"},"acf":[],"_links":{"self":[{"href":"https:\/\/endorfeen.com\/fr\/wp-json\/wp\/v2\/posts\/10830","targetHints":{"allow":["GET"]}}],"collection":[{"href":"https:\/\/endorfeen.com\/fr\/wp-json\/wp\/v2\/posts"}],"about":[{"href":"https:\/\/endorfeen.com\/fr\/wp-json\/wp\/v2\/types\/post"}],"author":[{"embeddable":true,"href":"https:\/\/endorfeen.com\/fr\/wp-json\/wp\/v2\/users\/30"}],"replies":[{"embeddable":true,"href":"https:\/\/endorfeen.com\/fr\/wp-json\/wp\/v2\/comments?post=10830"}],"version-history":[{"count":0,"href":"https:\/\/endorfeen.com\/fr\/wp-json\/wp\/v2\/posts\/10830\/revisions"}],"wp:featuredmedia":[{"embeddable":true,"href":"https:\/\/endorfeen.com\/fr\/wp-json\/wp\/v2\/media\/10831"}],"wp:attachment":[{"href":"https:\/\/endorfeen.com\/fr\/wp-json\/wp\/v2\/media?parent=10830"}],"wp:term":[{"taxonomy":"category","embeddable":true,"href":"https:\/\/endorfeen.com\/fr\/wp-json\/wp\/v2\/categories?post=10830"},{"taxonomy":"post_tag","embeddable":true,"href":"https:\/\/endorfeen.com\/fr\/wp-json\/wp\/v2\/tags?post=10830"},{"taxonomy":"sponsor","embeddable":true,"href":"https:\/\/endorfeen.com\/fr\/wp-json\/wp\/v2\/sponsor?post=10830"}],"curies":[{"name":"wp","href":"https:\/\/api.w.org\/{rel}","templated":true}]}}