{"id":10816,"date":"2023-04-30T08:00:00","date_gmt":"2023-04-30T07:00:00","guid":{"rendered":"https:\/\/endorfeen.com\/?p=10816"},"modified":"2023-08-18T11:01:47","modified_gmt":"2023-08-18T10:01:47","slug":"grandes-jorasses-conquete-et-mystique-des-faces-nord-mythiques","status":"publish","type":"post","link":"https:\/\/endorfeen.com\/fr\/grandes-jorasses-conquete-et-mystique-des-faces-nord-mythiques\/","title":{"rendered":"Grandes Jorasses : Conqu\u00eate et Mystique d&rsquo;une des Faces Nord Mythiques"},"content":{"rendered":"\n<p>Nich\u00e9es au c\u0153ur des Alpes, entre la France et l&rsquo;Italie, les Grandes Jorasses sont un joyau naturel qui attire les amoureux de montagne et les alpinistes en qu\u00eate d&rsquo;aventures m\u00e9morables. Imposantes et majestueuses, ces montagnes s&rsquo;\u00e9l\u00e8vent fi\u00e8rement dans le massif du Mont-Blanc, offrant des panoramas \u00e0 couper le souffle et des d\u00e9fis sportifs qui en font une destination de choix pour les passionn\u00e9s d&rsquo;altitude.<\/p>\n\n\n\n<p>Les Grandes Jorasses occupent une place de choix dans l&rsquo;imaginaire collectif et symbolisent la grandeur des Alpes. \u00c9troitement li\u00e9es \u00e0 l&rsquo;histoire de l&rsquo;alpinisme, elles se dressent telles des sentinelles, veillant sur le massif du Mont-Blanc, le plus haut sommet d&rsquo;Europe de l&rsquo;Ouest. Avec leurs six pointes distinctes culminant \u00e0 plus de 4 000 m\u00e8tres d&rsquo;altitude, les Grandes Jorasses invitent les visiteurs \u00e0 explorer leurs secrets et \u00e0 s&rsquo;\u00e9merveiller devant la beaut\u00e9 sauvage des montagnes.<\/p>\n\n\n\n<p>Dans cet article, nous vous invitons \u00e0 d\u00e9couvrir les Grandes Jorasses, leurs sommets mythiques et leur r\u00f4le pr\u00e9pond\u00e9rant dans le massif du Mont-Blanc et les Alpes. Nous vous guiderons \u00e0 travers l&rsquo;histoire de l&rsquo;alpinisme qui s&rsquo;est \u00e9crite sur ces pentes vertigineuses, ainsi qu&rsquo;\u00e0 la rencontre des activit\u00e9s et des panoramas qui font de ce massif un incontournable pour tous les amoureux de la montagne. Pr\u00e9parez-vous \u00e0 plonger dans l&rsquo;univers fascinant des Grandes Jorasses, une destination qui saura ravir les aventuriers en qu\u00eate de paysages grandioses et d&rsquo;\u00e9motions intenses.<\/p>\n\n\n\n<h2 class=\"wp-block-heading\" id=\"h-les-grandes-jorasses\">Les Grandes Jorasses<\/h2>\n\n\n\n<p>Les Grandes Jorasses se dressent majestueusement au sein du massif du Mont-Blanc, offrant une s\u00e9rie de sommets impressionnants qui en font l&rsquo;un des ensembles montagneux les plus c\u00e9l\u00e8bres des Alpes. Leur beaut\u00e9 naturelle, leur histoire riche et leur r\u00f4le central dans la culture alpine font de ces montagnes un sujet incontournable pour tout magazine de montagne.<\/p>\n\n\n\n<figure class=\"wp-block-image size-large\"><img loading=\"lazy\" decoding=\"async\" width=\"1024\" height=\"682\" src=\"https:\/\/endorfeen.com\/wp-content\/uploads\/2023\/04\/sylvain-mauroux-zRe_7Yu5JP4-unsplash-1024x682.jpg\" alt=\"Grandes Jorasses\" class=\"wp-image-10819\" srcset=\"https:\/\/endorfeen.com\/wp-content\/uploads\/2023\/04\/sylvain-mauroux-zRe_7Yu5JP4-unsplash-300x200.jpg 300w, https:\/\/endorfeen.com\/wp-content\/uploads\/2023\/04\/sylvain-mauroux-zRe_7Yu5JP4-unsplash-600x400.jpg 600w, https:\/\/endorfeen.com\/wp-content\/uploads\/2023\/04\/sylvain-mauroux-zRe_7Yu5JP4-unsplash-768x511.jpg 768w, https:\/\/endorfeen.com\/wp-content\/uploads\/2023\/04\/sylvain-mauroux-zRe_7Yu5JP4-unsplash-1024x682.jpg 1024w, https:\/\/endorfeen.com\/wp-content\/uploads\/2023\/04\/sylvain-mauroux-zRe_7Yu5JP4-unsplash-1536x1022.jpg 1536w, https:\/\/endorfeen.com\/wp-content\/uploads\/2023\/04\/sylvain-mauroux-zRe_7Yu5JP4-unsplash-scaled.jpg 2048w\" sizes=\"auto, (max-width: 1024px) 100vw, 1024px\" \/><figcaption class=\"wp-element-caption\">Vue sur les Grandes Jorasses depuis le sommet du D\u00f4me de Rochefort \u00e0 4015m lors de la longue travers\u00e9e &lsquo;Rochefort-Jorasses&rsquo; &#8211; Credits : Sylvain Mauroux on Unsplash<\/figcaption><\/figure>\n\n\n\n<h3 class=\"wp-block-heading\" id=\"h-les-differents-sommets-et-leurs-altitudes\">Les diff\u00e9rents sommets et leurs altitudes<\/h3>\n\n\n\n<p>Les Grandes Jorasses sont compos\u00e9es de six sommets majeurs, dont les altitudes varient de 3 996 \u00e0 4 208 m\u00e8tres. Chacun de ces sommets porte le nom d&rsquo;un alpiniste ou d&rsquo;une personnalit\u00e9 marquante li\u00e9e \u00e0 l&rsquo;histoire de la montagne :<\/p>\n\n\n\n<ul class=\"wp-block-list\">\n<li><strong>La Pointe Walker<\/strong>, qui culmine \u00e0 4 208 m\u00e8tres, est le point le plus \u00e9lev\u00e9 des Grandes Jorasses.<\/li>\n\n\n\n<li><strong>La Pointe Whymper<\/strong>, atteignant 4 184 m\u00e8tres, rend hommage \u00e0 l&rsquo;alpiniste britannique Edward Whymper.<\/li>\n\n\n\n<li><strong>La Pointe Croz<\/strong>, s&rsquo;\u00e9levant \u00e0 4 110 m\u00e8tres, porte le nom de Michel Croz, guide de haute montagne fran\u00e7ais.<\/li>\n\n\n\n<li><strong>La Pointe H\u00e9l\u00e8ne<\/strong>, qui culmine \u00e0 4 045 m\u00e8tres, est nomm\u00e9e en l&rsquo;honneur d&rsquo;H\u00e9l\u00e8ne de Pourtal\u00e8s, alpiniste suisse.<\/li>\n\n\n\n<li><strong>La Pointe Marguerite<\/strong>, \u00e0 4 066 m\u00e8tres, c\u00e9l\u00e8bre la m\u00e9moire de Marguerite Schnitzler, alpiniste fran\u00e7aise.<\/li>\n\n\n\n<li>Enfin, <strong>la Pointe Young<\/strong>, \u00e0 3 996 m\u00e8tres, comm\u00e9more la m\u00e9moire de l&rsquo;alpiniste britannique Geoffrey Winthrop Young.<\/li>\n<\/ul>\n\n\n\n<h3 class=\"wp-block-heading\" id=\"h-le-massif-des-alpes-et-les-82-sommets-de-plus-de-4-000-metres-d-altitude\">Le massif des Alpes et les 82 sommets de plus de 4 000 m\u00e8tres d&rsquo;altitude<\/h3>\n\n\n\n<p>Les Grandes Jorasses font partie du massif des Alpes, qui s&rsquo;\u00e9tend sur plus de 1 200 kilom\u00e8tres \u00e0 travers huit pays europ\u00e9ens. Ce massif abrite 82 sommets de plus de 4 000 m\u00e8tres d&rsquo;altitude, dont les Grandes Jorasses sont un \u00e9l\u00e9ment embl\u00e9matique. Ces g\u00e9ants de pierre et de glace attirent les alpinistes du monde entier, qui viennent se mesurer \u00e0 leurs pentes escarp\u00e9es et d\u00e9fier les \u00e9l\u00e9ments dans des ascensions souvent p\u00e9rilleuses.<\/p>\n\n\n\n<h3 class=\"wp-block-heading\" id=\"h-le-lien-entre-les-grandes-jorasses-et-la-culture-alpine\">Le lien entre les Grandes Jorasses et la culture alpine<\/h3>\n\n\n\n<p>Les Grandes Jorasses occupent une place pr\u00e9pond\u00e9rante dans la culture alpine et l&rsquo;histoire de l&rsquo;alpinisme. De nombreuses ascensions l\u00e9gendaires ont eu lieu sur leurs flancs, et elles sont souvent associ\u00e9es aux exploits des pionniers de la montagne. Leur face nord, en particulier, fait partie de la fameuse trilogie des \u00ab\u00a0trois grandes faces nord des Alpes\u00a0\u00bb, aux c\u00f4t\u00e9s de l&rsquo;Eiger et du Cervin. <\/p>\n\n\n\n<p>Ces montagnes mythiques sont profond\u00e9ment ancr\u00e9es dans l&rsquo;imaginaire collectif et continuent de fasciner et d&rsquo;inspirer les g\u00e9n\u00e9rations d&rsquo;alpinistes, de randonneurs et de passionn\u00e9s de montagne qui viennent les contempler et les explorer.<\/p>\n\n\n\n<h2 class=\"wp-block-heading\" id=\"h-histoire-de-l-alpinisme-dans-les-grandes-jorasses\">Histoire de l&rsquo;alpinisme dans les Grandes Jorasses<\/h2>\n\n\n\n<p>Les Grandes Jorasses ont toujours occup\u00e9 une place centrale dans l&rsquo;histoire de l&rsquo;alpinisme, du fait de leurs sommets vertigineux et de leurs faces impressionnantes. Ces montagnes ont forg\u00e9 la r\u00e9putation de nombreux alpinistes et continuent d&rsquo;attirer les passionn\u00e9s de montagne en qu\u00eate de d\u00e9fis et d&rsquo;aventures.<\/p>\n\n\n\n<h3 class=\"wp-block-heading\" id=\"h-les-premieres-ascensions-et-les-alpinistes-impliques\">Les premi\u00e8res ascensions et les alpinistes impliqu\u00e9s<\/h3>\n\n\n\n<p>La premi\u00e8re ascension connue des Grandes Jorasses a eu lieu le 24 juin 1865, lorsque Edward Whymper, Michel Croz, Christian Almer et Franz Biner ont atteint la Pointe Whymper. Ils \u00e9taient \u00e0 la recherche d&rsquo;un point de vue sur l&rsquo;Aiguille Verte et ne sont pas mont\u00e9s jusqu&rsquo;au sommet principal, la Pointe Walker.<\/p>\n\n\n\n<figure class=\"wp-block-image size-large\"><img loading=\"lazy\" decoding=\"async\" width=\"731\" height=\"1024\" src=\"https:\/\/endorfeen.com\/wp-content\/uploads\/2020\/12\/Michel-Croz-Guide-2-2-2-731x1024.jpg\" alt=\"Cervin - le c\u00e9l\u00e8bre guide - Michel Croz\" class=\"wp-image-1597\" srcset=\"https:\/\/endorfeen.com\/wp-content\/uploads\/2020\/12\/Michel-Croz-Guide-2-2-2-214x300.jpg 214w, https:\/\/endorfeen.com\/wp-content\/uploads\/2020\/12\/Michel-Croz-Guide-2-2-2-scaled-300x420.jpg 300w, https:\/\/endorfeen.com\/wp-content\/uploads\/2020\/12\/Michel-Croz-Guide-2-2-2-scaled-600x840.jpg 600w, https:\/\/endorfeen.com\/wp-content\/uploads\/2020\/12\/Michel-Croz-Guide-2-2-2-731x1024.jpg 731w, https:\/\/endorfeen.com\/wp-content\/uploads\/2020\/12\/Michel-Croz-Guide-2-2-2-768x1075.jpg 768w, https:\/\/endorfeen.com\/wp-content\/uploads\/2020\/12\/Michel-Croz-Guide-2-2-2-1097x1536.jpg 1097w, https:\/\/endorfeen.com\/wp-content\/uploads\/2020\/12\/Michel-Croz-Guide-2-2-2-1463x2048.jpg 1463w, https:\/\/endorfeen.com\/wp-content\/uploads\/2020\/12\/Michel-Croz-Guide-2-2-2-scaled.jpg 1829w\" sizes=\"auto, (max-width: 731px) 100vw, 731px\" \/><figcaption class=\"wp-element-caption\">Michel Croz<\/figcaption><\/figure>\n\n\n\n<p>Ce n&rsquo;est que le 30 juin 1868 que la premi\u00e8re ascension de la Pointe Walker, le point culminant des Grandes Jorasses, a \u00e9t\u00e9 r\u00e9alis\u00e9e. Horace Walker, Melchior Anderegg, Johann Jaun et Julien Grange sont parvenus \u00e0 gravir cette montagne embl\u00e9matique, marquant ainsi un jalon important dans l&rsquo;histoire de l&rsquo;alpinisme.<\/p>\n\n\n\n<p>D&rsquo;autres ascensions notables des Grandes Jorasses incluent la premi\u00e8re ascension hivernale en 1891 par Laurent Croux, l&rsquo;ascension des pointes Marguerite et H\u00e9l\u00e8ne en 1898 par Louis-Am\u00e9d\u00e9e de Savoie avec Joseph Petigax, Laurent Croux et C\u00e9sar Ollier, et la premi\u00e8re ascension de l&rsquo;ar\u00eate ouest en 1911 par Humphrey Owen Jones avec Geoffrey Winthrop Young et Joseph Knubel.<\/p>\n\n\n\n<p>En 1927, Adolphe Rey et Alphonse Chenoz ont ouvert la \u00ab fissure Rey \u00bb sur l&rsquo;ar\u00eate nord-est. La premi\u00e8re travers\u00e9e compl\u00e8te et sans bivouac des Grandes Jorasses a \u00e9t\u00e9 r\u00e9alis\u00e9e en 22 h 20 en 1930 par Alfred Couttet, Geraldine I. Fitz-Gerald et Anatole Bozon. Pierre Allain et Raymond Leininger ont r\u00e9alis\u00e9 une autre travers\u00e9e en 1935.<\/p>\n\n\n\n<p>Les Grandes Jorasses ont \u00e9galement connu des premi\u00e8res hivernales remarquables, comme celle de 1964 par Alessio Ollier, Attilio Ollier, Camille Salluard et Georges Loyer, et l&rsquo;ascension du Linceul en 1968 par Ren\u00e9 Desmaison et Robert Flematti. L&rsquo;ar\u00eate du Tronchay a \u00e9t\u00e9 gravie pour la premi\u00e8re fois en hiver en 1973 par Cosimo Zappelli. En 1977, Pierre B\u00e9ghin et Xavier Fargeas ont r\u00e9alis\u00e9 la premi\u00e8re hivernale et deuxi\u00e8me ascension de la pointe Whymper par la voie Bonatti-Vaucher. Finalement, en 1979, Tsuneo Hasegawa a r\u00e9alis\u00e9 la premi\u00e8re ascension hivernale en solitaire de la pointe Walker.<\/p>\n\n\n\n<h3 class=\"wp-block-heading\" id=\"h-la-face-nord-des-grandes-jorasses-et-sa-reputation-dans-le-monde-de-l-alpinisme\">La face nord des Grandes Jorasses et sa r\u00e9putation dans le monde de l&rsquo;alpinisme<\/h3>\n\n\n\n<p>La face nord des Grandes Jorasses est particuli\u00e8rement r\u00e9put\u00e9e dans le monde de l&rsquo;alpinisme. Haute de 1 200 m\u00e8tres et constitu\u00e9e de granite, elle est l&rsquo;une des plus grandes faces granitiques des Alpes. La face nord fait partie de la c\u00e9l\u00e8bre trilogie des \u00ab\u00a0trois grandes faces nord des Alpes\u00a0\u00bb, avec celle de l&rsquo;Eiger et du Cervin.<\/p>\n\n\n\n<p>Longtemps consid\u00e9r\u00e9e comme l&rsquo;un des \u00ab\u00a0grands d\u00e9fis des Alpes\u00a0\u00bb, la face nord des Grandes Jorasses a \u00e9t\u00e9 gravie pour la premi\u00e8re fois en 1935 par Martin Meier et Rudolf Peters, qui ont emprunt\u00e9 l&rsquo;itin\u00e9raire de l&rsquo;\u00e9peron Croz. Depuis lors, cette face a \u00e9t\u00e9 le th\u00e9\u00e2tre de nombreuses ascensions historiques et a acquis une r\u00e9putation mythique parmi les alpinistes.<\/p>\n\n\n\n<p>La conqu\u00eate de la face nord a attir\u00e9 les alpinistes de haut niveau, et aujourd&rsquo;hui, elle compte un grand nombre de lignes d&rsquo;ascension, rocheuses, glaciaires ou mixtes, gravies en toutes saisons et parfois en solitaire. Les ascensions notables incluent celles des diff\u00e9rentes pointes, comme la pointe Marguerite en 1958, la pointe Young la m\u00eame ann\u00e9e, la pointe Whymper en 1964 et la pointe H\u00e9l\u00e8ne en 1970.<\/p>\n\n\n\n<p>La pente de glace raide situ\u00e9e \u00e0 gauche de la pointe Walker, baptis\u00e9e \u00ab le Linceul \u00bb, a \u00e9t\u00e9 gravie en 1968 par Ren\u00e9 Desmaison et Robert Flematti. Ce duo a \u00e9galement \u00e9t\u00e9 le premier \u00e0 communiquer avec les m\u00e9dias durant leur ascension gr\u00e2ce \u00e0 des radios portatives.<\/p>\n\n\n\n<figure class=\"wp-block-image size-large is-resized\"><img loading=\"lazy\" decoding=\"async\" src=\"https:\/\/endorfeen.com\/wp-content\/uploads\/2023\/04\/Rene_Desmaison-FIG_2000-685x1024.jpg\" alt=\"\" class=\"wp-image-10821\" width=\"805\" height=\"1203\" srcset=\"https:\/\/endorfeen.com\/wp-content\/uploads\/2023\/04\/Rene_Desmaison-FIG_2000-201x300.jpg 201w, https:\/\/endorfeen.com\/wp-content\/uploads\/2023\/04\/Rene_Desmaison-FIG_2000-685x1024.jpg 685w, https:\/\/endorfeen.com\/wp-content\/uploads\/2023\/04\/Rene_Desmaison-FIG_2000-768x1148.jpg 768w, https:\/\/endorfeen.com\/wp-content\/uploads\/2023\/04\/Rene_Desmaison-FIG_2000-1027x1536.jpg 1027w, https:\/\/endorfeen.com\/wp-content\/uploads\/2023\/04\/Rene_Desmaison-FIG_2000.jpg 1180w\" sizes=\"auto, (max-width: 805px) 100vw, 805px\" \/><figcaption class=\"wp-element-caption\">Ren\u00e9 Desmaison<\/figcaption><\/figure>\n\n\n\n<p>Plusieurs premi\u00e8res ascensions de l&rsquo;\u00e9peron Walker ont eu lieu entre 1938 et 1951, tandis que les ann\u00e9es 1960 et 1970 ont \u00e9t\u00e9 marqu\u00e9es par des tentatives de tracer des lignes directes et directissimes sur les diff\u00e9rents sommets. Parmi les alpinistes c\u00e9l\u00e8bres ayant particip\u00e9 \u00e0 ces ascensions figurent Ren\u00e9 Desmaison, Yannick Seigneur et Patrick Gabarrou.<\/p>\n\n\n\n<p>La conqu\u00eate de la face nord des Grandes Jorasses se poursuit avec l&rsquo;ouverture de nouvelles voies en hivernale, solitaire et solitaire hivernale, portant le nombre de voies \u00e0 plus de 40 itin\u00e9raires distincts fin 2004.<\/p>\n\n\n\n<h3 class=\"wp-block-heading\" id=\"h-les-itineraires-d-ascension-des-grandes-jorasses-et-leurs-difficultes\">Les itin\u00e9raires d&rsquo;ascension des Grandes Jorasses et leurs difficult\u00e9s<\/h3>\n\n\n\n<p>Les Grandes Jorasses offrent une vari\u00e9t\u00e9 d&rsquo;itin\u00e9raires d&rsquo;ascension, chacun pr\u00e9sentant ses propres d\u00e9fis et difficult\u00e9s. Bien que la face nord soit la plus c\u00e9l\u00e8bre et la plus redout\u00e9e, il existe \u00e9galement des voies sur les autres faces de la montagne. Tous les itin\u00e9raires d&rsquo;ascension des Grandes Jorasses sont r\u00e9put\u00e9s pour leur difficult\u00e9 et n\u00e9cessitent une solide exp\u00e9rience en alpinisme ainsi que de bonnes comp\u00e9tences techniques.<\/p>\n\n\n\n<p>Aujourd&rsquo;hui, de nombreux alpinistes viennent se mesurer aux Grandes Jorasses, attir\u00e9s par la beaut\u00e9 sauvage de ces montagnes et par la richesse de leur histoire alpine. Chaque ascension est une aventure en soi, un d\u00e9fi \u00e0 relever et une exp\u00e9rience m\u00e9morable \u00e0 partager avec les g\u00e9n\u00e9rations futures.<\/p>\n\n\n\n<h2 class=\"wp-block-heading\" id=\"h-les-activites-autour-des-grandes-jorasses\">Les activit\u00e9s autour des Grandes Jorasses<\/h2>\n\n\n\n<p>Les Grandes Jorasses, situ\u00e9es dans le massif du Mont-Blanc, offrent un terrain de jeu exceptionnel pour les amateurs de montagne et de plein air. Diverses activit\u00e9s sont possibles, permettant \u00e0 chacun de profiter de la beaut\u00e9 et de la majest\u00e9 de ces montagnes embl\u00e9matiques.<\/p>\n\n\n\n<h3 class=\"wp-block-heading\" id=\"h-le-ski-de-randonnee-et-les-courses-d-alpinisme\">Le ski de randonn\u00e9e et les courses d&rsquo;alpinisme<\/h3>\n\n\n\n<p>Le massif des Grandes Jorasses est un lieu pris\u00e9 pour le ski de randonn\u00e9e et les courses d&rsquo;alpinisme. Gr\u00e2ce \u00e0 la diversit\u00e9 des terrains et des pentes, les skieurs et alpinistes de tous niveaux pourront trouver leur bonheur. Les courses d&rsquo;alpinisme, en particulier, permettent de traverser des paysages grandioses et de s&rsquo;immerger dans l&rsquo;atmosph\u00e8re unique de ces montagnes mythiques.<\/p>\n\n\n\n<h3 class=\"wp-block-heading\" id=\"h-les-randonnees-et-refuges-pour-les-visiteurs\">Les randonn\u00e9es et refuges pour les visiteurs<\/h3>\n\n\n\n<p>Adapt\u00e9s \u00e0 tous les niveaux de marcheurs, les Grandes Jorasses sont \u00e9galement entour\u00e9es de nombreux sentiers de randonn\u00e9e. Des refuges accueillants et chaleureux jalonnent les parcours, offrant un repos bien m\u00e9rit\u00e9 et des panoramas \u00e0 couper le souffle sur les sommets environnants. <\/p>\n\n\n\n<p>Parmi les refuges les plus connus, on compte le Refuge du Couvercle, le Refuge de Leschaux et le Refuge de la Dent du G\u00e9ant. Ces refuges sont des points de d\u00e9part id\u00e9aux pour explorer les sentiers de randonn\u00e9e et d\u00e9couvrir la richesse du paysage alpin.<\/p>\n\n\n\n<figure class=\"wp-block-image size-large\"><img loading=\"lazy\" decoding=\"async\" width=\"1024\" height=\"768\" src=\"https:\/\/endorfeen.com\/wp-content\/uploads\/2023\/04\/Jerome_Bon_-_Refuge_du_Couvercle-1024x768.jpg\" alt=\"Refuge du couvercle et Grandes Jorasses\" class=\"wp-image-10823\" srcset=\"https:\/\/endorfeen.com\/wp-content\/uploads\/2023\/04\/Jerome_Bon_-_Refuge_du_Couvercle-300x225.jpg 300w, https:\/\/endorfeen.com\/wp-content\/uploads\/2023\/04\/Jerome_Bon_-_Refuge_du_Couvercle-400x300.jpg 400w, https:\/\/endorfeen.com\/wp-content\/uploads\/2023\/04\/Jerome_Bon_-_Refuge_du_Couvercle-768x576.jpg 768w, https:\/\/endorfeen.com\/wp-content\/uploads\/2023\/04\/Jerome_Bon_-_Refuge_du_Couvercle-800x600.jpg 800w, https:\/\/endorfeen.com\/wp-content\/uploads\/2023\/04\/Jerome_Bon_-_Refuge_du_Couvercle-1024x768.jpg 1024w, https:\/\/endorfeen.com\/wp-content\/uploads\/2023\/04\/Jerome_Bon_-_Refuge_du_Couvercle-1200x900.jpg 1200w, https:\/\/endorfeen.com\/wp-content\/uploads\/2023\/04\/Jerome_Bon_-_Refuge_du_Couvercle-1536x1152.jpg 1536w, https:\/\/endorfeen.com\/wp-content\/uploads\/2023\/04\/Jerome_Bon_-_Refuge_du_Couvercle-scaled.jpg 2048w\" sizes=\"auto, (max-width: 1024px) 100vw, 1024px\" \/><figcaption class=\"wp-element-caption\">Refuge du couvercle &#8211; \u00a9 Jerome Bon, Wiki Commons<\/figcaption><\/figure>\n\n\n\n<h3 class=\"wp-block-heading\" id=\"h-la-telecabine-de-l-aiguille-du-midi-et-le-panoramic-mont-blanc\">La t\u00e9l\u00e9cabine de l&rsquo;Aiguille du Midi et le Panoramic Mont-Blanc<\/h3>\n\n\n\n<p>Pour ceux qui souhaitent admirer les Grandes Jorasses sans s&rsquo;aventurer dans des activit\u00e9s physiques intenses, la t\u00e9l\u00e9cabine de l&rsquo;Aiguille du Midi et le Panoramic Mont-Blanc offrent une solution id\u00e9ale. La t\u00e9l\u00e9cabine permet d&rsquo;atteindre l&rsquo;Aiguille du Midi \u00e0 3 777 m\u00e8tres d&rsquo;altitude, o\u00f9 un panorama \u00e0 360\u00b0 s&rsquo;ouvre sur les Alpes fran\u00e7aises, italiennes et suisses.<\/p>\n\n\n\n<figure class=\"wp-block-image size-large is-resized\"><img loading=\"lazy\" decoding=\"async\" src=\"https:\/\/endorfeen.com\/wp-content\/uploads\/2023\/04\/zck_-G4ZMB-ZWhE-unsplash-768x1024.jpg\" alt=\"Aiguille du Midi\" class=\"wp-image-10825\" width=\"805\" height=\"1073\" srcset=\"https:\/\/endorfeen.com\/wp-content\/uploads\/2023\/04\/zck_-G4ZMB-ZWhE-unsplash-225x300.jpg 225w, https:\/\/endorfeen.com\/wp-content\/uploads\/2023\/04\/zck_-G4ZMB-ZWhE-unsplash-768x1024.jpg 768w, https:\/\/endorfeen.com\/wp-content\/uploads\/2023\/04\/zck_-G4ZMB-ZWhE-unsplash-1152x1536.jpg 1152w, https:\/\/endorfeen.com\/wp-content\/uploads\/2023\/04\/zck_-G4ZMB-ZWhE-unsplash-scaled.jpg 1536w\" sizes=\"auto, (max-width: 805px) 100vw, 805px\" \/><figcaption class=\"wp-element-caption\">Aiguille du Midi &#8211; \u00a9 <a href=\"https:\/\/unsplash.com\/@zck_?utm_source=unsplash&amp;utm_medium=referral&amp;utm_content=creditCopyText\">Zck_<\/a>, <a href=\"https:\/\/unsplash.com\/photos\/-G4ZMB-ZWhE?utm_source=unsplash&amp;utm_medium=referral&amp;utm_content=creditCopyText\">Unsplash<\/a><\/figcaption><\/figure>\n\n\n\n<p>Le Panoramic Mont-Blanc, quant \u00e0 lui, relie l&rsquo;Aiguille du Midi \u00e0 la Pointe Helbronner en Italie. Cette travers\u00e9e d&rsquo;environ 50 minutes offre un survol unique en son genre des Grandes Jorasses et du massif du Mont-Blanc. Les cabines s&rsquo;immobilisent \u00e0 plusieurs reprises pour laisser le temps aux passagers d&rsquo;admirer les paysages de haute montagne, les glaciers, les crevasses et les s\u00e9racs.<\/p>\n\n\n\n<p>Quelle que soit l&rsquo;activit\u00e9 choisie, les Grandes Jorasses offrent une exp\u00e9rience inoubliable pour tous les amoureux de la montagne, des paysages grandioses et de l&rsquo;aventure en plein air.<\/p>\n\n\n\n<h2 class=\"wp-block-heading\" id=\"h-decouverte-des-grandes-jorasses-en-telecabine\">D\u00e9couverte des Grandes Jorasses en t\u00e9l\u00e9cabine<\/h2>\n\n\n\n<p>Les Grandes Jorasses offrent un spectacle \u00e0 couper le souffle pour tous les visiteurs qui souhaitent d\u00e9couvrir les montagnes sans s&rsquo;aventurer dans des activit\u00e9s extr\u00eames. Gr\u00e2ce aux t\u00e9l\u00e9cabines, il est possible d&rsquo;admirer les sommets majestueux et les panoramas grandioses en toute s\u00e9curit\u00e9 et confort.<\/p>\n\n\n\n<h3 class=\"wp-block-heading\" id=\"h-l-aiguille-du-midi-et-son-acces\">L&rsquo;Aiguille du Midi et son acc\u00e8s<\/h3>\n\n\n\n<p>L&rsquo;Aiguille du Midi, situ\u00e9e \u00e0 3 777 m\u00e8tres d&rsquo;altitude, est un incontournable de la r\u00e9gion. Depuis le centre de Chamonix, empruntez un premier t\u00e9l\u00e9ph\u00e9rique qui vous emm\u00e8nera au Plan de l&rsquo;Aiguille en 10 minutes, \u00e0 2 310 m\u00e8tres d&rsquo;altitude. Ensuite, une deuxi\u00e8me t\u00e9l\u00e9cabine vous permet d&rsquo;atteindre l&rsquo;Aiguille du Midi en 10 minutes. Sur place, vous d\u00e9couvrirez un panorama exceptionnel sur le Mont-Blanc, les montagnes et la vall\u00e9e, ainsi que l&rsquo;attraction c\u00e9l\u00e8bre \u00ab\u00a0le Pas dans le vide\u00a0\u00bb, une cage en verre perch\u00e9e \u00e0 1 000 m\u00e8tres au-dessus des massifs enneig\u00e9s.<\/p>\n\n\n\n<h3 class=\"wp-block-heading\" id=\"h-la-telecabine-panoramic-mont-blanc-et-son-trajet\">La t\u00e9l\u00e9cabine Panoramic Mont-Blanc et son trajet<\/h3>\n\n\n\n<p>Depuis l&rsquo;Aiguille du Midi, embarquez dans une des cabines du Panoramic Mont-Blanc pour rejoindre la Pointe Helbronner \u00e0 3 466 m\u00e8tres d&rsquo;altitude, en Italie. Pendant la travers\u00e9e d&rsquo;environ 50 minutes, les cabines s&rsquo;immobilisent \u00e0 plusieurs reprises pour vous laisser le temps d&rsquo;appr\u00e9cier les paysages de la haute montagne. <\/p>\n\n\n\n<figure class=\"wp-block-image size-large is-resized\"><img loading=\"lazy\" decoding=\"async\" src=\"https:\/\/endorfeen.com\/wp-content\/uploads\/2023\/04\/diego-hurtado-r0fOtxCuoLg-unsplash-666x1024.jpg\" alt=\"Pointe Helbronner\" class=\"wp-image-10827\" width=\"799\" height=\"1228\" srcset=\"https:\/\/endorfeen.com\/wp-content\/uploads\/2023\/04\/diego-hurtado-r0fOtxCuoLg-unsplash-195x300.jpg 195w, https:\/\/endorfeen.com\/wp-content\/uploads\/2023\/04\/diego-hurtado-r0fOtxCuoLg-unsplash-666x1024.jpg 666w, https:\/\/endorfeen.com\/wp-content\/uploads\/2023\/04\/diego-hurtado-r0fOtxCuoLg-unsplash-768x1180.jpg 768w, https:\/\/endorfeen.com\/wp-content\/uploads\/2023\/04\/diego-hurtado-r0fOtxCuoLg-unsplash-999x1536.jpg 999w, https:\/\/endorfeen.com\/wp-content\/uploads\/2023\/04\/diego-hurtado-r0fOtxCuoLg-unsplash-scaled.jpg 1333w\" sizes=\"auto, (max-width: 799px) 100vw, 799px\" \/><figcaption class=\"wp-element-caption\">Pointe Helbronner &#8211; \u00a9 <a href=\"https:\/\/unsplash.com\/@dicimijo?utm_source=unsplash&amp;utm_medium=referral&amp;utm_content=creditCopyText\">Diego Hurtado<\/a> on <a href=\"https:\/\/unsplash.com\/photos\/r0fOtxCuoLg?utm_source=unsplash&amp;utm_medium=referral&amp;utm_content=creditCopyText\">Unsplash<\/a><\/figcaption><\/figure>\n\n\n\n<p>Au-dessus de la Vall\u00e9e Blanche et du Glacier du G\u00e9ant, entre blanc et bleu, admirez les glaciers, crevasses et s\u00e9racs en contrebas.<\/p>\n\n\n\n<h3 class=\"wp-block-heading\" id=\"h-les-vues-panoramiques-et-les-points-d-interet\">Les vues panoramiques et les points d&rsquo;int\u00e9r\u00eat<\/h3>\n\n\n\n<p>Le voyage en t\u00e9l\u00e9cabine offre un panorama \u00e9poustouflant sur le massif du Mont-Blanc et particuli\u00e8rement sur les Grandes Jorasses. Tout au long du trajet, vous pourrez contempler les sommets embl\u00e9matiques des Alpes, tels que l&rsquo;Aiguille Verte, l&rsquo;Aiguille du Dru, et bien s\u00fbr, les Grandes Jorasses elles-m\u00eames. \u00c0 la Pointe Helbronner, profitez d&rsquo;une vue imprenable sur le massif italien et les sommets environnants.<\/p>\n\n\n\n<p>La d\u00e9couverte des Grandes Jorasses en t\u00e9l\u00e9cabine offre une exp\u00e9rience unique et inoubliable pour les amoureux de la montagne et des panoramas grandioses. C&rsquo;est une occasion id\u00e9ale pour s&rsquo;impr\u00e9gner de la beaut\u00e9 des Alpes et emporter avec soi des souvenirs imp\u00e9rissables.<\/p>\n\n\n\n<h2 class=\"wp-block-heading\" id=\"h-informations-pratiques\">Informations pratiques<\/h2>\n\n\n\n<p>Pour profiter pleinement de votre visite aux Grandes Jorasses et dans le massif du Mont-Blanc, il est essentiel de prendre en compte certaines informations pratiques. Voici quelques conseils pour vous aider \u00e0 organiser au mieux votre excursion en montagne.<\/p>\n\n\n\n<h3 class=\"wp-block-heading\" id=\"h-conseils-vestimentaires-et-equipements-pour-la-haute-montagne\">Conseils vestimentaires et \u00e9quipements pour la haute montagne<\/h3>\n\n\n\n<p>La m\u00e9t\u00e9o en montagne peut \u00eatre capricieuse et changer rapidement. Il est donc important de pr\u00e9voir des v\u00eatements adapt\u00e9s. Optez pour un syst\u00e8me de couches, avec une premi\u00e8re couche respirante, une deuxi\u00e8me couche isolante et une troisi\u00e8me couche imperm\u00e9able et coupe-vent. N&rsquo;oubliez pas les gants, le bonnet, les lunettes de soleil et la cr\u00e8me solaire, indispensables en haute altitude. Des chaussures de randonn\u00e9e confortables et montantes sont \u00e9galement recommand\u00e9es pour les balades autour des sites d&rsquo;int\u00e9r\u00eat.<\/p>\n\n\n\n<h3 class=\"wp-block-heading\" id=\"h-restrictions-d-age-pour-les-telecabines\">Restrictions d&rsquo;\u00e2ge pour les t\u00e9l\u00e9cabines<\/h3>\n\n\n\n<p>Les t\u00e9l\u00e9cabines de l&rsquo;Aiguille du Midi et du Panoramic Mont-Blanc sont accessibles aux personnes de tout \u00e2ge. Cependant, il est d\u00e9conseill\u00e9 d&#8217;emmener des enfants de moins de 3 ans en raison des risques li\u00e9s \u00e0 l&rsquo;altitude. Les femmes enceintes et les personnes souffrant de probl\u00e8mes cardiaques ou respiratoires doivent \u00e9galement consulter leur m\u00e9decin avant de monter en altitude.<\/p>\n\n\n\n<h3 class=\"wp-block-heading\" id=\"h-horaires-tarifs-et-periodes-d-ouverture-des-telecabines\">Horaires, tarifs et p\u00e9riodes d&rsquo;ouverture des t\u00e9l\u00e9cabines<\/h3>\n\n\n\n<p>Les t\u00e9l\u00e9cabines de l&rsquo;Aiguille du Midi fonctionnent g\u00e9n\u00e9ralement toute l&rsquo;ann\u00e9e, avec une fermeture annuelle pour maintenance en novembre. Les horaires varient selon la saison, mais les premi\u00e8res mont\u00e9es ont g\u00e9n\u00e9ralement lieu vers 8h30 et les derni\u00e8res descentes vers 17h30. Quant au Panoramic Mont-Blanc, il est ouvert de mi-juin \u00e0 mi-septembre, avec des horaires similaires. Les tarifs sont susceptibles de varier, il est donc recommand\u00e9 de consulter le site officiel des remont\u00e9es m\u00e9caniques de Chamonix pour obtenir des informations \u00e0 jour.<\/p>\n\n\n\n<h3 class=\"wp-block-heading\" id=\"h-documents-necessaires-pour-le-passage-en-italie\">Documents n\u00e9cessaires pour le passage en Italie<\/h3>\n\n\n\n<p>Pour ceux qui souhaitent emprunter le Panoramic Mont-Blanc et traverser la fronti\u00e8re franco-italienne, il est n\u00e9cessaire de se munir d&rsquo;un passeport ou d&rsquo;une carte d&rsquo;identit\u00e9 en cours de validit\u00e9. Les ressortissants de l&rsquo;Union europ\u00e9enne n&rsquo;ont pas besoin de visa pour traverser la fronti\u00e8re, mais il est recommand\u00e9 de v\u00e9rifier les conditions d&rsquo;entr\u00e9e pour les autres nationalit\u00e9s.<\/p>\n\n\n\n<p>En prenant en compte ces informations pratiques, vous serez pr\u00eat \u00e0 profiter pleinement de votre aventure dans les Grandes Jorasses et les montagnes environnantes.<\/p>\n\n\n\n<h2 class=\"wp-block-heading\" id=\"h-conclusion\">Conclusion<\/h2>\n\n\n\n<p>Les Grandes Jorasses, majestueuses et imposantes, continuent de fasciner les amateurs de montagne et d&rsquo;aventure. Ce massif embl\u00e9matique du Mont-Blanc offre une multitude d&rsquo;activit\u00e9s pour les alpinistes, les randonneurs et les skieurs, tout en \u00e9tant accessible \u00e0 ceux qui souhaitent simplement admirer les panoramas \u00e9poustouflants depuis les t\u00e9l\u00e9cabines. Les Grandes Jorasses incarnent l&rsquo;essence m\u00eame de la culture alpine et de la passion qui anime les amoureux de la montagne.<\/p>\n\n\n\n<p>Cependant, il est crucial de ne pas oublier l&rsquo;importance de la pr\u00e9servation de cet environnement unique. Les d\u00e9fis pos\u00e9s par le changement climatique et l&rsquo;afflux de visiteurs n\u00e9cessitent une approche respectueuse et durable pour prot\u00e9ger ces sommets majestueux et leur fragile \u00e9cosyst\u00e8me. Chaque visiteur a la responsabilit\u00e9 de contribuer \u00e0 cet effort en adoptant des pratiques respectueuses de l&rsquo;environnement, en respectant les r\u00e9gulations locales et en soutenant les initiatives de pr\u00e9servation.<\/p>\n\n\n\n<p>En somme, les Grandes Jorasses sont un v\u00e9ritable joyau des Alpes, offrant des aventures inoubliables et des paysages grandioses pour tous ceux qui souhaitent s&rsquo;immerger dans la beaut\u00e9 et la grandeur de la montagne. En prenant soin de pr\u00e9server cet h\u00e9ritage naturel, nous pourrons continuer \u00e0 partager et \u00e0 c\u00e9l\u00e9brer les merveilles des Grandes Jorasses pour les g\u00e9n\u00e9rations futures.<\/p>\n","protected":false},"excerpt":{"rendered":"<p>Nich\u00e9es au c\u0153ur des Alpes, entre la France et l&rsquo;Italie, les Grandes Jorasses sont un joyau naturel qui attire les amoureux de montagne et les alpinistes en qu\u00eate d&rsquo;aventures m\u00e9morables. Imposantes et majestueuses, ces montagnes s&rsquo;\u00e9l\u00e8vent fi\u00e8rement dans le massif du Mont-Blanc, offrant des panoramas \u00e0 couper le souffle et des d\u00e9fis sportifs qui en &hellip;<\/p>\n","protected":false},"author":30,"featured_media":10817,"comment_status":"open","ping_status":"open","sticky":false,"template":"","format":"standard","meta":{"_acf_changed":false,"_genesis_hide_title":false,"_genesis_hide_breadcrumbs":false,"_genesis_hide_singular_image":false,"_genesis_hide_footer_widgets":false,"_genesis_custom_body_class":"","_genesis_custom_post_class":"","_genesis_layout":"","footnotes":""},"categories":[170,156,606],"tags":[],"sponsor":[1087],"class_list":{"2":"type-post","7":"category-aventures","8":"category-lieux","9":"category-montagnes","10":"sponsor-endorfeen","11":"entry"},"yoast_head":"<!-- This site is optimized with the Yoast SEO Premium plugin v26.2 (Yoast SEO v26.2) - https:\/\/yoast.com\/wordpress\/plugins\/seo\/ -->\n<title>Grandes Jorasses : Faces Mythiques des Alpes - endorfeen<\/title>\n<meta name=\"description\" content=\"Nich\u00e9es au c\u0153ur des Alpes, entre la France et l&#039;Italie, les Grandes Jorasses sont un joyau naturel qui attire les amoureux de montagne...\" \/>\n<meta name=\"robots\" content=\"index, follow, max-snippet:-1, max-image-preview:large, max-video-preview:-1\" \/>\n<link rel=\"canonical\" href=\"https:\/\/endorfeen.com\/fr\/grandes-jorasses-conquete-et-mystique-des-faces-nord-mythiques\/\" \/>\n<meta property=\"og:locale\" content=\"fr_FR\" \/>\n<meta property=\"og:type\" content=\"article\" \/>\n<meta property=\"og:title\" content=\"Grandes Jorasses : Conqu\u00eate et Mystique d&#039;une des Faces Nord Mythiques\" \/>\n<meta property=\"og:description\" content=\"Nich\u00e9es au c\u0153ur des Alpes, entre la France et l&#039;Italie, les Grandes Jorasses sont un joyau naturel qui attire les amoureux de montagne...\" \/>\n<meta property=\"og:url\" content=\"https:\/\/endorfeen.com\/fr\/grandes-jorasses-conquete-et-mystique-des-faces-nord-mythiques\/\" \/>\n<meta property=\"og:site_name\" content=\"endorfeen\" \/>\n<meta property=\"article:author\" content=\"http:\/\/www.facebook.com\/endorfeen-583261049007200\" \/>\n<meta property=\"article:published_time\" content=\"2023-04-30T07:00:00+00:00\" \/>\n<meta property=\"article:modified_time\" content=\"2023-08-18T10:01:47+00:00\" \/>\n<meta property=\"og:image\" content=\"https:\/\/endorfeen.com\/wp-content\/uploads\/2023\/04\/zbynek-burival-ov6QNr4fZcQ-unsplash-scaled.jpg\" \/>\n\t<meta property=\"og:image:width\" content=\"2560\" \/>\n\t<meta property=\"og:image:height\" content=\"1696\" \/>\n\t<meta property=\"og:image:type\" content=\"image\/jpeg\" \/>\n<meta name=\"author\" content=\"Thomas Viguier\" \/>\n<meta name=\"twitter:card\" content=\"summary_large_image\" \/>\n<meta name=\"twitter:creator\" content=\"@https:\/\/twitter.com\/endorfeen_\" \/>\n<meta name=\"twitter:label1\" content=\"\u00c9crit par\" \/>\n\t<meta name=\"twitter:data1\" content=\"Thomas Viguier\" \/>\n\t<meta name=\"twitter:label2\" content=\"Dur\u00e9e de lecture estim\u00e9e\" \/>\n\t<meta name=\"twitter:data2\" content=\"14 minutes\" \/>\n<script type=\"application\/ld+json\" class=\"yoast-schema-graph\">{\"@context\":\"https:\/\/schema.org\",\"@graph\":[{\"@type\":\"Article\",\"@id\":\"https:\/\/endorfeen.com\/fr\/grandes-jorasses-conquete-et-mystique-des-faces-nord-mythiques\/#article\",\"isPartOf\":{\"@id\":\"https:\/\/endorfeen.com\/fr\/grandes-jorasses-conquete-et-mystique-des-faces-nord-mythiques\/\"},\"author\":{\"name\":\"Thomas Viguier\",\"@id\":\"https:\/\/endorfeen.com\/fr\/#\/schema\/person\/76a61f8eb41d36fffdec1b376fcf19aa\"},\"headline\":\"Grandes Jorasses : Conqu\u00eate et Mystique d&rsquo;une des Faces Nord Mythiques\",\"datePublished\":\"2023-04-30T07:00:00+00:00\",\"dateModified\":\"2023-08-18T10:01:47+00:00\",\"mainEntityOfPage\":{\"@id\":\"https:\/\/endorfeen.com\/fr\/grandes-jorasses-conquete-et-mystique-des-faces-nord-mythiques\/\"},\"wordCount\":3071,\"commentCount\":0,\"publisher\":{\"@id\":\"https:\/\/endorfeen.com\/fr\/#organization\"},\"image\":{\"@id\":\"https:\/\/endorfeen.com\/fr\/grandes-jorasses-conquete-et-mystique-des-faces-nord-mythiques\/#primaryimage\"},\"thumbnailUrl\":\"https:\/\/endorfeen.com\/wp-content\/uploads\/2023\/04\/zbynek-burival-ov6QNr4fZcQ-unsplash-scaled.jpg\",\"articleSection\":[\"Aventures\",\"Lieux\",\"Montagnes\"],\"inLanguage\":\"fr-FR\",\"potentialAction\":[{\"@type\":\"CommentAction\",\"name\":\"Comment\",\"target\":[\"https:\/\/endorfeen.com\/fr\/grandes-jorasses-conquete-et-mystique-des-faces-nord-mythiques\/#respond\"]}]},{\"@type\":\"WebPage\",\"@id\":\"https:\/\/endorfeen.com\/fr\/grandes-jorasses-conquete-et-mystique-des-faces-nord-mythiques\/\",\"url\":\"https:\/\/endorfeen.com\/fr\/grandes-jorasses-conquete-et-mystique-des-faces-nord-mythiques\/\",\"name\":\"Grandes Jorasses : Faces Mythiques des Alpes - endorfeen\",\"isPartOf\":{\"@id\":\"https:\/\/endorfeen.com\/fr\/#website\"},\"primaryImageOfPage\":{\"@id\":\"https:\/\/endorfeen.com\/fr\/grandes-jorasses-conquete-et-mystique-des-faces-nord-mythiques\/#primaryimage\"},\"image\":{\"@id\":\"https:\/\/endorfeen.com\/fr\/grandes-jorasses-conquete-et-mystique-des-faces-nord-mythiques\/#primaryimage\"},\"thumbnailUrl\":\"https:\/\/endorfeen.com\/wp-content\/uploads\/2023\/04\/zbynek-burival-ov6QNr4fZcQ-unsplash-scaled.jpg\",\"datePublished\":\"2023-04-30T07:00:00+00:00\",\"dateModified\":\"2023-08-18T10:01:47+00:00\",\"description\":\"Nich\u00e9es au c\u0153ur des Alpes, entre la France et l'Italie, les Grandes Jorasses sont un joyau naturel qui attire les amoureux de montagne...\",\"breadcrumb\":{\"@id\":\"https:\/\/endorfeen.com\/fr\/grandes-jorasses-conquete-et-mystique-des-faces-nord-mythiques\/#breadcrumb\"},\"inLanguage\":\"fr-FR\",\"potentialAction\":[{\"@type\":\"ReadAction\",\"target\":[\"https:\/\/endorfeen.com\/fr\/grandes-jorasses-conquete-et-mystique-des-faces-nord-mythiques\/\"]}]},{\"@type\":\"ImageObject\",\"inLanguage\":\"fr-FR\",\"@id\":\"https:\/\/endorfeen.com\/fr\/grandes-jorasses-conquete-et-mystique-des-faces-nord-mythiques\/#primaryimage\",\"url\":\"https:\/\/endorfeen.com\/wp-content\/uploads\/2023\/04\/zbynek-burival-ov6QNr4fZcQ-unsplash-scaled.jpg\",\"contentUrl\":\"https:\/\/endorfeen.com\/wp-content\/uploads\/2023\/04\/zbynek-burival-ov6QNr4fZcQ-unsplash-scaled.jpg\",\"width\":2048,\"height\":1357,\"caption\":\"Credits : Zbynek Burival on Unsplash\"},{\"@type\":\"BreadcrumbList\",\"@id\":\"https:\/\/endorfeen.com\/fr\/grandes-jorasses-conquete-et-mystique-des-faces-nord-mythiques\/#breadcrumb\",\"itemListElement\":[{\"@type\":\"ListItem\",\"position\":1,\"name\":\"Home\",\"item\":\"https:\/\/endorfeen.com\/fr\/\"},{\"@type\":\"ListItem\",\"position\":2,\"name\":\"Grandes Jorasses : Conqu\u00eate et Mystique d&#8217;une des Faces Nord Mythiques\"}]},{\"@type\":\"WebSite\",\"@id\":\"https:\/\/endorfeen.com\/fr\/#website\",\"url\":\"https:\/\/endorfeen.com\/fr\/\",\"name\":\"endorfeen\",\"description\":\"The Media For Sustainable Outdoors.\",\"publisher\":{\"@id\":\"https:\/\/endorfeen.com\/fr\/#organization\"},\"potentialAction\":[{\"@type\":\"SearchAction\",\"target\":{\"@type\":\"EntryPoint\",\"urlTemplate\":\"https:\/\/endorfeen.com\/fr\/?s={search_term_string}\"},\"query-input\":{\"@type\":\"PropertyValueSpecification\",\"valueRequired\":true,\"valueName\":\"search_term_string\"}}],\"inLanguage\":\"fr-FR\"},{\"@type\":\"Organization\",\"@id\":\"https:\/\/endorfeen.com\/fr\/#organization\",\"name\":\"endorfeen\",\"url\":\"https:\/\/endorfeen.com\/fr\/\",\"logo\":{\"@type\":\"ImageObject\",\"inLanguage\":\"fr-FR\",\"@id\":\"https:\/\/endorfeen.com\/fr\/#\/schema\/logo\/image\/\",\"url\":\"https:\/\/endorfeen.com\/wp-content\/uploads\/2022\/06\/Circle-endorfeen-site-icon-circled-1000-x-1000-300psi.png\",\"contentUrl\":\"https:\/\/endorfeen.com\/wp-content\/uploads\/2022\/06\/Circle-endorfeen-site-icon-circled-1000-x-1000-300psi.png\",\"width\":1000,\"height\":1000,\"caption\":\"endorfeen\"},\"image\":{\"@id\":\"https:\/\/endorfeen.com\/fr\/#\/schema\/logo\/image\/\"}},{\"@type\":\"Person\",\"@id\":\"https:\/\/endorfeen.com\/fr\/#\/schema\/person\/76a61f8eb41d36fffdec1b376fcf19aa\",\"name\":\"Thomas Viguier\",\"image\":{\"@type\":\"ImageObject\",\"inLanguage\":\"fr-FR\",\"@id\":\"https:\/\/endorfeen.com\/fr\/#\/schema\/person\/image\/\",\"url\":\"https:\/\/secure.gravatar.com\/avatar\/3c24e541f6f82c052219429c60a8948b1c9ad8eda6daf26af0a100594146ab1a?s=96&d=mm&r=g\",\"contentUrl\":\"https:\/\/secure.gravatar.com\/avatar\/3c24e541f6f82c052219429c60a8948b1c9ad8eda6daf26af0a100594146ab1a?s=96&d=mm&r=g\",\"caption\":\"Thomas Viguier\"},\"description\":\"Everyone has a story to tell. endorfeen is built as a collaborative platform, giving the voice to anyone with a story to tell. If you have things you want to share, register here.\",\"sameAs\":[\"https:\/\/www.endorfeen.com\/\",\"http:\/\/www.facebook.com\/endorfeen-583261049007200\",\"http:\/\/www.instagram.com\/endorfeen_\/\",\"https:\/\/fi.pinterest.com\/endorfeen_\/\",\"https:\/\/x.com\/https:\/\/twitter.com\/endorfeen_\"],\"url\":\"https:\/\/endorfeen.com\/fr\/linkto\/endorfeen-mag\/\"}]}<\/script>\n<!-- \/ Yoast SEO Premium plugin. -->","yoast_head_json":{"title":"Grandes Jorasses : Faces Mythiques des Alpes - endorfeen","description":"Nich\u00e9es au c\u0153ur des Alpes, entre la France et l'Italie, les Grandes Jorasses sont un joyau naturel qui attire les amoureux de montagne...","robots":{"index":"index","follow":"follow","max-snippet":"max-snippet:-1","max-image-preview":"max-image-preview:large","max-video-preview":"max-video-preview:-1"},"canonical":"https:\/\/endorfeen.com\/fr\/grandes-jorasses-conquete-et-mystique-des-faces-nord-mythiques\/","og_locale":"fr_FR","og_type":"article","og_title":"Grandes Jorasses : Conqu\u00eate et Mystique d'une des Faces Nord Mythiques","og_description":"Nich\u00e9es au c\u0153ur des Alpes, entre la France et l'Italie, les Grandes Jorasses sont un joyau naturel qui attire les amoureux de montagne...","og_url":"https:\/\/endorfeen.com\/fr\/grandes-jorasses-conquete-et-mystique-des-faces-nord-mythiques\/","og_site_name":"endorfeen","article_author":"http:\/\/www.facebook.com\/endorfeen-583261049007200","article_published_time":"2023-04-30T07:00:00+00:00","article_modified_time":"2023-08-18T10:01:47+00:00","og_image":[{"width":2560,"height":1696,"url":"https:\/\/endorfeen.com\/wp-content\/uploads\/2023\/04\/zbynek-burival-ov6QNr4fZcQ-unsplash-scaled.jpg","type":"image\/jpeg"}],"author":"Thomas Viguier","twitter_card":"summary_large_image","twitter_creator":"@https:\/\/twitter.com\/endorfeen_","twitter_misc":{"\u00c9crit par":"Thomas Viguier","Dur\u00e9e de lecture estim\u00e9e":"14 minutes"},"schema":{"@context":"https:\/\/schema.org","@graph":[{"@type":"Article","@id":"https:\/\/endorfeen.com\/fr\/grandes-jorasses-conquete-et-mystique-des-faces-nord-mythiques\/#article","isPartOf":{"@id":"https:\/\/endorfeen.com\/fr\/grandes-jorasses-conquete-et-mystique-des-faces-nord-mythiques\/"},"author":{"name":"Thomas Viguier","@id":"https:\/\/endorfeen.com\/fr\/#\/schema\/person\/76a61f8eb41d36fffdec1b376fcf19aa"},"headline":"Grandes Jorasses : Conqu\u00eate et Mystique d&rsquo;une des Faces Nord Mythiques","datePublished":"2023-04-30T07:00:00+00:00","dateModified":"2023-08-18T10:01:47+00:00","mainEntityOfPage":{"@id":"https:\/\/endorfeen.com\/fr\/grandes-jorasses-conquete-et-mystique-des-faces-nord-mythiques\/"},"wordCount":3071,"commentCount":0,"publisher":{"@id":"https:\/\/endorfeen.com\/fr\/#organization"},"image":{"@id":"https:\/\/endorfeen.com\/fr\/grandes-jorasses-conquete-et-mystique-des-faces-nord-mythiques\/#primaryimage"},"thumbnailUrl":"https:\/\/endorfeen.com\/wp-content\/uploads\/2023\/04\/zbynek-burival-ov6QNr4fZcQ-unsplash-scaled.jpg","articleSection":["Aventures","Lieux","Montagnes"],"inLanguage":"fr-FR","potentialAction":[{"@type":"CommentAction","name":"Comment","target":["https:\/\/endorfeen.com\/fr\/grandes-jorasses-conquete-et-mystique-des-faces-nord-mythiques\/#respond"]}]},{"@type":"WebPage","@id":"https:\/\/endorfeen.com\/fr\/grandes-jorasses-conquete-et-mystique-des-faces-nord-mythiques\/","url":"https:\/\/endorfeen.com\/fr\/grandes-jorasses-conquete-et-mystique-des-faces-nord-mythiques\/","name":"Grandes Jorasses : Faces Mythiques des Alpes - endorfeen","isPartOf":{"@id":"https:\/\/endorfeen.com\/fr\/#website"},"primaryImageOfPage":{"@id":"https:\/\/endorfeen.com\/fr\/grandes-jorasses-conquete-et-mystique-des-faces-nord-mythiques\/#primaryimage"},"image":{"@id":"https:\/\/endorfeen.com\/fr\/grandes-jorasses-conquete-et-mystique-des-faces-nord-mythiques\/#primaryimage"},"thumbnailUrl":"https:\/\/endorfeen.com\/wp-content\/uploads\/2023\/04\/zbynek-burival-ov6QNr4fZcQ-unsplash-scaled.jpg","datePublished":"2023-04-30T07:00:00+00:00","dateModified":"2023-08-18T10:01:47+00:00","description":"Nich\u00e9es au c\u0153ur des Alpes, entre la France et l'Italie, les Grandes Jorasses sont un joyau naturel qui attire les amoureux de montagne...","breadcrumb":{"@id":"https:\/\/endorfeen.com\/fr\/grandes-jorasses-conquete-et-mystique-des-faces-nord-mythiques\/#breadcrumb"},"inLanguage":"fr-FR","potentialAction":[{"@type":"ReadAction","target":["https:\/\/endorfeen.com\/fr\/grandes-jorasses-conquete-et-mystique-des-faces-nord-mythiques\/"]}]},{"@type":"ImageObject","inLanguage":"fr-FR","@id":"https:\/\/endorfeen.com\/fr\/grandes-jorasses-conquete-et-mystique-des-faces-nord-mythiques\/#primaryimage","url":"https:\/\/endorfeen.com\/wp-content\/uploads\/2023\/04\/zbynek-burival-ov6QNr4fZcQ-unsplash-scaled.jpg","contentUrl":"https:\/\/endorfeen.com\/wp-content\/uploads\/2023\/04\/zbynek-burival-ov6QNr4fZcQ-unsplash-scaled.jpg","width":2048,"height":1357,"caption":"Credits : Zbynek Burival on Unsplash"},{"@type":"BreadcrumbList","@id":"https:\/\/endorfeen.com\/fr\/grandes-jorasses-conquete-et-mystique-des-faces-nord-mythiques\/#breadcrumb","itemListElement":[{"@type":"ListItem","position":1,"name":"Home","item":"https:\/\/endorfeen.com\/fr\/"},{"@type":"ListItem","position":2,"name":"Grandes Jorasses : Conqu\u00eate et Mystique d&#8217;une des Faces Nord Mythiques"}]},{"@type":"WebSite","@id":"https:\/\/endorfeen.com\/fr\/#website","url":"https:\/\/endorfeen.com\/fr\/","name":"endorfeen","description":"The Media For Sustainable Outdoors.","publisher":{"@id":"https:\/\/endorfeen.com\/fr\/#organization"},"potentialAction":[{"@type":"SearchAction","target":{"@type":"EntryPoint","urlTemplate":"https:\/\/endorfeen.com\/fr\/?s={search_term_string}"},"query-input":{"@type":"PropertyValueSpecification","valueRequired":true,"valueName":"search_term_string"}}],"inLanguage":"fr-FR"},{"@type":"Organization","@id":"https:\/\/endorfeen.com\/fr\/#organization","name":"endorfeen","url":"https:\/\/endorfeen.com\/fr\/","logo":{"@type":"ImageObject","inLanguage":"fr-FR","@id":"https:\/\/endorfeen.com\/fr\/#\/schema\/logo\/image\/","url":"https:\/\/endorfeen.com\/wp-content\/uploads\/2022\/06\/Circle-endorfeen-site-icon-circled-1000-x-1000-300psi.png","contentUrl":"https:\/\/endorfeen.com\/wp-content\/uploads\/2022\/06\/Circle-endorfeen-site-icon-circled-1000-x-1000-300psi.png","width":1000,"height":1000,"caption":"endorfeen"},"image":{"@id":"https:\/\/endorfeen.com\/fr\/#\/schema\/logo\/image\/"}},{"@type":"Person","@id":"https:\/\/endorfeen.com\/fr\/#\/schema\/person\/76a61f8eb41d36fffdec1b376fcf19aa","name":"Thomas Viguier","image":{"@type":"ImageObject","inLanguage":"fr-FR","@id":"https:\/\/endorfeen.com\/fr\/#\/schema\/person\/image\/","url":"https:\/\/secure.gravatar.com\/avatar\/3c24e541f6f82c052219429c60a8948b1c9ad8eda6daf26af0a100594146ab1a?s=96&d=mm&r=g","contentUrl":"https:\/\/secure.gravatar.com\/avatar\/3c24e541f6f82c052219429c60a8948b1c9ad8eda6daf26af0a100594146ab1a?s=96&d=mm&r=g","caption":"Thomas Viguier"},"description":"Everyone has a story to tell. endorfeen is built as a collaborative platform, giving the voice to anyone with a story to tell. If you have things you want to share, register here.","sameAs":["https:\/\/www.endorfeen.com\/","http:\/\/www.facebook.com\/endorfeen-583261049007200","http:\/\/www.instagram.com\/endorfeen_\/","https:\/\/fi.pinterest.com\/endorfeen_\/","https:\/\/x.com\/https:\/\/twitter.com\/endorfeen_"],"url":"https:\/\/endorfeen.com\/fr\/linkto\/endorfeen-mag\/"}]}},"featured_image_src":"https:\/\/endorfeen.com\/wp-content\/uploads\/2023\/04\/zbynek-burival-ov6QNr4fZcQ-unsplash-600x400.jpg","featured_image_src_square":"https:\/\/endorfeen.com\/wp-content\/uploads\/2023\/04\/zbynek-burival-ov6QNr4fZcQ-unsplash-600x600.jpg","author_info":{"display_name":"Thomas Viguier","author_link":"https:\/\/endorfeen.com\/fr\/linkto\/endorfeen-mag\/"},"acf":[],"_links":{"self":[{"href":"https:\/\/endorfeen.com\/fr\/wp-json\/wp\/v2\/posts\/10816","targetHints":{"allow":["GET"]}}],"collection":[{"href":"https:\/\/endorfeen.com\/fr\/wp-json\/wp\/v2\/posts"}],"about":[{"href":"https:\/\/endorfeen.com\/fr\/wp-json\/wp\/v2\/types\/post"}],"author":[{"embeddable":true,"href":"https:\/\/endorfeen.com\/fr\/wp-json\/wp\/v2\/users\/30"}],"replies":[{"embeddable":true,"href":"https:\/\/endorfeen.com\/fr\/wp-json\/wp\/v2\/comments?post=10816"}],"version-history":[{"count":0,"href":"https:\/\/endorfeen.com\/fr\/wp-json\/wp\/v2\/posts\/10816\/revisions"}],"wp:featuredmedia":[{"embeddable":true,"href":"https:\/\/endorfeen.com\/fr\/wp-json\/wp\/v2\/media\/10817"}],"wp:attachment":[{"href":"https:\/\/endorfeen.com\/fr\/wp-json\/wp\/v2\/media?parent=10816"}],"wp:term":[{"taxonomy":"category","embeddable":true,"href":"https:\/\/endorfeen.com\/fr\/wp-json\/wp\/v2\/categories?post=10816"},{"taxonomy":"post_tag","embeddable":true,"href":"https:\/\/endorfeen.com\/fr\/wp-json\/wp\/v2\/tags?post=10816"},{"taxonomy":"sponsor","embeddable":true,"href":"https:\/\/endorfeen.com\/fr\/wp-json\/wp\/v2\/sponsor?post=10816"}],"curies":[{"name":"wp","href":"https:\/\/api.w.org\/{rel}","templated":true}]}}