{"id":10804,"date":"2023-04-28T08:11:00","date_gmt":"2023-04-28T07:11:00","guid":{"rendered":"https:\/\/endorfeen.com\/?p=10804"},"modified":"2023-08-18T11:01:48","modified_gmt":"2023-08-18T10:01:48","slug":"le-refuge-de-presset-un-joyau-de-montagne-pour-une-experience-inoubliable","status":"publish","type":"post","link":"https:\/\/endorfeen.com\/fr\/le-refuge-de-presset-un-joyau-de-montagne-pour-une-experience-inoubliable\/","title":{"rendered":"Le Refuge de Presset : Un joyau de montagne pour une exp\u00e9rience inoubliable"},"content":{"rendered":"\n<p>Le Refuge de Presset est un v\u00e9ritable joyau de montagne, nich\u00e9 au c\u0153ur du Beaufortain. C&rsquo;est l&rsquo;un des endroits incontournables pour les amoureux de la montagne, offrant une vue imprenable sur le lac de Presset et la majestueuse Pierra Menta.<\/p>\n\n\n\n<p>Cet emplacement id\u00e9al permet aux visiteurs de profiter pleinement des paysages alpins, des activit\u00e9s en plein air et de l&rsquo;atmosph\u00e8re paisible du refuge. Le Refuge de Presset est un v\u00e9ritable havre de paix dans les montagnes, o\u00f9 les visiteurs peuvent se ressourcer et se reconnecter avec la nature. Que vous soyez amateur de randonn\u00e9e, d&rsquo;alpinisme ou de ski de randonn\u00e9e, le Refuge de Presset est un lieu magique o\u00f9 vous pourrez vivre des exp\u00e9riences inoubliables.<\/p>\n\n\n\n<h2 class=\"wp-block-heading\" id=\"h-historique\">Historique<\/h2>\n\n\n\n<p>Le Refuge de Presset est un refuge de montagne charg\u00e9 d&rsquo;histoire. Il a \u00e9t\u00e9 construit pour la premi\u00e8re fois en 1966 et agrandi en 1972, pour r\u00e9pondre aux besoins croissants des alpinistes et randonneurs de passage dans la r\u00e9gion. Depuis lors, il a servi de refuge pour les aventuriers \u00e0 la recherche de d\u00e9fis alpins, de randonneurs d\u00e9sireux de se ressourcer en montagne et de tous ceux qui cherchent \u00e0 se connecter avec la nature.<\/p>\n\n\n\n<figure class=\"wp-block-image size-large\"><img loading=\"lazy\" decoding=\"async\" width=\"1024\" height=\"683\" src=\"https:\/\/endorfeen.com\/wp-content\/uploads\/2023\/04\/Haute_vallee_de_LOrmente-1024x683.jpeg\" alt=\"Refuge de Presset - Haute Vall\u00e9e de L'Ormente\" class=\"wp-image-10814\" srcset=\"https:\/\/endorfeen.com\/wp-content\/uploads\/2023\/04\/Haute_vallee_de_LOrmente-300x200.jpeg 300w, https:\/\/endorfeen.com\/wp-content\/uploads\/2023\/04\/Haute_vallee_de_LOrmente-600x400.jpeg 600w, https:\/\/endorfeen.com\/wp-content\/uploads\/2023\/04\/Haute_vallee_de_LOrmente-768x512.jpeg 768w, https:\/\/endorfeen.com\/wp-content\/uploads\/2023\/04\/Haute_vallee_de_LOrmente-1024x683.jpeg 1024w, https:\/\/endorfeen.com\/wp-content\/uploads\/2023\/04\/Haute_vallee_de_LOrmente-1536x1024.jpeg 1536w, https:\/\/endorfeen.com\/wp-content\/uploads\/2023\/04\/Haute_vallee_de_LOrmente-scaled.jpeg 2048w\" sizes=\"auto, (max-width: 1024px) 100vw, 1024px\" \/><figcaption class=\"wp-element-caption\">Credits: B. Brassoud sur Wiki Commons<\/figcaption><\/figure>\n\n\n\n<p>En 2013, le refuge a \u00e9t\u00e9 enti\u00e8rement reconstruit pour r\u00e9pondre aux normes modernes en mati\u00e8re de confort et de s\u00e9curit\u00e9, tout en pr\u00e9servant l&rsquo;authenticit\u00e9 de l&rsquo;endroit. L&rsquo;inauguration du nouveau refuge a \u00e9t\u00e9 un \u00e9v\u00e9nement marquant pour les habitants locaux et les amoureux de la montagne, qui ont vu le refuge prendre un nouveau souffle de vie.<\/p>\n\n\n\n<p>Aujourd&rsquo;hui, le Refuge de Presset est un lieu d&rsquo;histoire, de traditions et d&rsquo;aventures, o\u00f9 les visiteurs peuvent se connecter avec les g\u00e9n\u00e9rations qui les ont pr\u00e9c\u00e9d\u00e9es et profiter de l&rsquo;exp\u00e9rience unique de la montagne.<\/p>\n\n\n\n<h2 class=\"wp-block-heading\" id=\"h-refuge-de-presset-un-havre-de-paix-pour-les-amoureux-de-la-montagne\">Refuge de Presset : Un havre de paix pour les amoureux de la montagne<\/h2>\n\n\n\n<p>Le Refuge de Presset est un lieu de montagne unique qui offre aux visiteurs une exp\u00e9rience inoubliable. Avec une capacit\u00e9 d&rsquo;accueil de 30 personnes, le refuge est ouvert de juin \u00e0 septembre pour la randonn\u00e9e \u00e0 pied, et de mi-janvier \u00e0 avril pour le ski de randonn\u00e9e, splitboard et raquettes \u00e0 neige. Pendant les mois de mai et d&rsquo;octobre \u00e0 mi-janvier, le refuge est accessible mais non gard\u00e9, et une r\u00e9servation en ligne devient obligatoire pour les nuit\u00e9es hors gardiennage.<\/p>\n\n\n\n<p>Le Refuge de Presset est un lieu id\u00e9al pour les amoureux de la montagne qui cherchent \u00e0 se connecter avec la nature. Les activit\u00e9s possibles sont vari\u00e9es, allant de la randonn\u00e9e \u00e0 l&rsquo;alpinisme en passant par le ski de randonn\u00e9e. A leur propre rythme, Les visiteurs peuvent explorer la r\u00e9gion, en d\u00e9couvrant les sommets embl\u00e9matiques de la r\u00e9gion comme la T\u00eate de Lion, l&rsquo;Aiguille de la Nova et la majestueuse Pierra Menta.<\/p>\n\n\n\n<p>Les alentours du refuge sont \u00e9galement riches en points d&rsquo;int\u00e9r\u00eat. Les visiteurs peuvent d\u00e9couvrir la r\u00e9gion \u00e0 pied en empruntant les nombreux sentiers de randonn\u00e9e, ou encore en pratiquant des activit\u00e9s comme le ski de randonn\u00e9e ou l&rsquo;alpinisme. Tandis que les alpages et les chalets offrent un aper\u00e7u de la vie traditionnelle des montagnards, les sommets de la r\u00e9gion offrent des vues imprenables sur les paysages alpins. Quelle que soit l&rsquo;activit\u00e9 choisie, le Refuge de Presset est le point de d\u00e9part id\u00e9al pour une exp\u00e9rience de montagne inoubliable.<\/p>\n\n\n\n<h2 class=\"wp-block-heading\" id=\"h-acces-au-refuge-de-presset\">Acc\u00e8s au Refuge de Presset<\/h2>\n\n\n\n<p>Le Refuge de Presset est accessible par diff\u00e9rents moyens pour les visiteurs venant de diff\u00e9rentes r\u00e9gions. Il existe trois acc\u00e8s principaux pour atteindre le refuge, le premier est le parking de Treicol, qui est situ\u00e9 \u00e0 quelques kilom\u00e8tres de l\u00e0. Le chemin qui progresse dans la pelouse alpine longe le ruisseau de Treicol, offrant aux visiteurs une vue imprenable sur les paysages de montagne environnants.<\/p>\n\n\n\n<p>Le deuxi\u00e8me acc\u00e8s est le parking de la Chapelle Saint-Gu\u00e9rin, qui est un peu plus \u00e9loign\u00e9 mais qui offre un acc\u00e8s facile au refuge. Les visiteurs pourront admirer les vues panoramiques sur les paysages de montagne environnants tout au long de leur trajet.<\/p>\n\n\n\n<p>Enfin, le troisi\u00e8me acc\u00e8s principal est le parking du Cormet de Roseland, qui est situ\u00e9 \u00e0 quelques kilom\u00e8tres de l\u00e0. Ce parking offre un acc\u00e8s facile au refuge, ainsi qu&rsquo;une vue imprenable sur les paysages alpins environnants.<\/p>\n\n\n\n<p>Quel que soit l&rsquo;acc\u00e8s choisi, les visiteurs pourront profiter d&rsquo;une exp\u00e9rience de montagne inoubliable au Refuge de Presset, avec des vues imprenables sur les sommets environnants et un accueil chaleureux de la part des gardiens.<\/p>\n\n\n\n<h2 class=\"wp-block-heading\" id=\"h-randonnee-vers-le-refuge-de-presset-un-joyau-du-beaufortain\">Randonn\u00e9e vers le Refuge de Presset, un joyau du Beaufortain<\/h2>\n\n\n\n<p>La randonn\u00e9e vers le refuge de Presset est l&rsquo;une des plus populaires du Beaufortain. Elle d\u00e9bute au parking de Treicol et s&rsquo;\u00e9l\u00e8ve progressivement dans la pelouse alpine le long du ruisseau de Treicol.<\/p>\n\n\n\n<p>Les fleurs habitu\u00e9es \u00e0 ce climat poussent en t\u00e2ches de couleurs sur le fond vert et gris du paysage. Au loin, le lac de Roselend offre une vue imprenable. Apr\u00e8s avoir franchi le Col du Bresson, les randonneurs arrivent au refuge de Presset, un lieu incontournable pour les amoureux de la montagne. Ce refuge offre une vue imprenable sur le lac de Presset et la majestueuse Pierra Menta.<\/p>\n\n\n\n<figure class=\"wp-block-image size-large\"><img loading=\"lazy\" decoding=\"async\" width=\"1024\" height=\"683\" src=\"https:\/\/endorfeen.com\/wp-content\/uploads\/2023\/04\/Refuge_de_Presset-Lac_de_Presset-1-1024x683.jpeg\" alt=\"Refuge de Presset et son lac\" class=\"wp-image-10807\" srcset=\"https:\/\/endorfeen.com\/wp-content\/uploads\/2023\/04\/Refuge_de_Presset-Lac_de_Presset-1-300x200.jpeg 300w, https:\/\/endorfeen.com\/wp-content\/uploads\/2023\/04\/Refuge_de_Presset-Lac_de_Presset-1-600x400.jpeg 600w, https:\/\/endorfeen.com\/wp-content\/uploads\/2023\/04\/Refuge_de_Presset-Lac_de_Presset-1-768x512.jpeg 768w, https:\/\/endorfeen.com\/wp-content\/uploads\/2023\/04\/Refuge_de_Presset-Lac_de_Presset-1-1024x683.jpeg 1024w, https:\/\/endorfeen.com\/wp-content\/uploads\/2023\/04\/Refuge_de_Presset-Lac_de_Presset-1-1536x1024.jpeg 1536w, https:\/\/endorfeen.com\/wp-content\/uploads\/2023\/04\/Refuge_de_Presset-Lac_de_Presset-1-scaled.jpeg 2048w\" sizes=\"auto, (max-width: 1024px) 100vw, 1024px\" \/><figcaption class=\"wp-element-caption\">Credits: B. Brassoud sur Wiki Commons<\/figcaption><\/figure>\n\n\n\n<p>Les vaches paissent paisiblement dans les champs alentours, et les chalets d&rsquo;alpage, comme celui de Conchette o\u00f9 l&rsquo;on fabrique le Beaufort sur place, ajoutent une touche pittoresque \u00e0 l&rsquo;ensemble. C&rsquo;est un lieu de paix, o\u00f9 il fait bon s&rsquo;arr\u00eater et admirer la beaut\u00e9 de la nature environnante.<\/p>\n\n\n\n<h2 class=\"wp-block-heading\" id=\"h-pour-conclure\">Pour conclure<\/h2>\n\n\n\n<p>Le Refuge de Presset est un lieu incontournable pour les amoureux de la montagne dans le Beaufortain. Nich\u00e9 au bord du lac de Presset et face \u00e0 la majestueuse Pierra Menta, il offre un cadre id\u00e9al pour les activit\u00e9s de montagne telles que la randonn\u00e9e, l&rsquo;alpinisme et le ski de randonn\u00e9e.<\/p>\n\n\n\n<p>Construit en 1966 et agrandi en 1972, le Refuge de Presset a \u00e9t\u00e9 inaugur\u00e9 dans une nouvelle version moderne et discr\u00e8te en 2013. Dot\u00e9 d&rsquo;une capacit\u00e9 d&rsquo;accueil de trente places r\u00e9parties en cinq dortoirs, le refuge est ouvert de juin \u00e0 septembre et de mars \u00e0 avril avec une r\u00e9servation obligatoire en ligne pour les nuit\u00e9es hors gardiennage.<\/p>\n\n\n\n<p>La randonn\u00e9e menant au Refuge de Presset est populaire aupr\u00e8s des amateurs de montagne. Elle d\u00e9bute au parking de Treicol, traverse la pelouse alpine et longe le ruisseau de Treicol. L&rsquo;ascension jusqu&rsquo;au Col du Bresson offre une vue imprenable sur le lac de Roselend avant d&rsquo;arriver au Refuge de Presset, o\u00f9 le paysage magnifique r\u00e9chauff\u00e9 par l&rsquo;accueil chaleureux des gardiens est un v\u00e9ritable havre de paix.<\/p>\n\n\n\n<figure class=\"wp-block-image size-large\"><img loading=\"lazy\" decoding=\"async\" width=\"1024\" height=\"683\" src=\"https:\/\/endorfeen.com\/wp-content\/uploads\/2023\/04\/Refuge_de_Presset-Aiguille_de_la_Nova-1024x683.jpeg\" alt=\"Refuge De Presset\" class=\"wp-image-10809\" srcset=\"https:\/\/endorfeen.com\/wp-content\/uploads\/2023\/04\/Refuge_de_Presset-Aiguille_de_la_Nova-300x200.jpeg 300w, https:\/\/endorfeen.com\/wp-content\/uploads\/2023\/04\/Refuge_de_Presset-Aiguille_de_la_Nova-600x400.jpeg 600w, https:\/\/endorfeen.com\/wp-content\/uploads\/2023\/04\/Refuge_de_Presset-Aiguille_de_la_Nova-768x512.jpeg 768w, https:\/\/endorfeen.com\/wp-content\/uploads\/2023\/04\/Refuge_de_Presset-Aiguille_de_la_Nova-1024x683.jpeg 1024w, https:\/\/endorfeen.com\/wp-content\/uploads\/2023\/04\/Refuge_de_Presset-Aiguille_de_la_Nova-1536x1024.jpeg 1536w, https:\/\/endorfeen.com\/wp-content\/uploads\/2023\/04\/Refuge_de_Presset-Aiguille_de_la_Nova-scaled.jpeg 2048w\" sizes=\"auto, (max-width: 1024px) 100vw, 1024px\" \/><figcaption class=\"wp-element-caption\">Credits: B. Brassoud sur Wiki Commons<\/figcaption><\/figure>\n\n\n\n<p>Le secteur de Presset est \u00e9galement connu pour sa richesse de la faune et de la flore, ainsi que pour son patrimoine culinaire local, avec notamment la fabrication du Beaufort sur place dans les chalets d&rsquo;alpage environnants.<\/p>\n\n\n\n<p>Le Refuge de Presset est accessible par trois acc\u00e8s principaux : le parking de Treicol, le parking de la Chapelle Saint-Gu\u00e9rin et le parking du Cormet de Roseland. Alors, n&rsquo;h\u00e9sitez plus et partez \u00e0 la d\u00e9couverte du Refuge de Presset et du Beaufortain pour un s\u00e9jour en montagne inoubliable. Bonne randonn\u00e9e !<\/p>\n","protected":false},"excerpt":{"rendered":"<p>Le Refuge de Presset est un v\u00e9ritable joyau de montagne, nich\u00e9 au c\u0153ur du Beaufortain. C&rsquo;est l&rsquo;un des endroits incontournables pour les amoureux de la montagne, offrant une vue imprenable sur le lac de Presset et la majestueuse Pierra Menta. Cet emplacement id\u00e9al permet aux visiteurs de profiter pleinement des paysages alpins, des activit\u00e9s en &hellip;<\/p>\n","protected":false},"author":30,"featured_media":10805,"comment_status":"open","ping_status":"open","sticky":false,"template":"","format":"standard","meta":{"_acf_changed":false,"_genesis_hide_title":false,"_genesis_hide_breadcrumbs":false,"_genesis_hide_singular_image":false,"_genesis_hide_footer_widgets":false,"_genesis_custom_body_class":"","_genesis_custom_post_class":"","_genesis_layout":"","footnotes":""},"categories":[156,754],"tags":[],"sponsor":[1087],"class_list":{"2":"type-post","7":"category-lieux","8":"category-refuges","9":"sponsor-endorfeen","10":"entry"},"yoast_head":"<!-- This site is optimized with the Yoast SEO Premium plugin v26.2 (Yoast SEO v26.2) - https:\/\/yoast.com\/wordpress\/plugins\/seo\/ -->\n<title>Le Refuge de Presset, un joyau de montagne - endorfeen<\/title>\n<meta name=\"description\" content=\"Le Refuge de Presset est un v\u00e9ritable joyau de montagne, nich\u00e9 au c\u0153ur du Beaufortain. C&#039;est l&#039;un des endroits incontournables pour...\" \/>\n<meta name=\"robots\" content=\"index, follow, max-snippet:-1, max-image-preview:large, max-video-preview:-1\" \/>\n<link rel=\"canonical\" href=\"https:\/\/endorfeen.com\/fr\/le-refuge-de-presset-un-joyau-de-montagne-pour-une-experience-inoubliable\/\" \/>\n<meta property=\"og:locale\" content=\"fr_FR\" \/>\n<meta property=\"og:type\" content=\"article\" \/>\n<meta property=\"og:title\" content=\"Le Refuge de Presset : Un joyau de montagne pour une exp\u00e9rience inoubliable\" \/>\n<meta property=\"og:description\" content=\"Le Refuge de Presset est un v\u00e9ritable joyau de montagne, nich\u00e9 au c\u0153ur du Beaufortain. C&#039;est l&#039;un des endroits incontournables pour...\" \/>\n<meta property=\"og:url\" content=\"https:\/\/endorfeen.com\/fr\/le-refuge-de-presset-un-joyau-de-montagne-pour-une-experience-inoubliable\/\" \/>\n<meta property=\"og:site_name\" content=\"endorfeen\" \/>\n<meta property=\"article:author\" content=\"http:\/\/www.facebook.com\/endorfeen-583261049007200\" \/>\n<meta property=\"article:published_time\" content=\"2023-04-28T07:11:00+00:00\" \/>\n<meta property=\"article:modified_time\" content=\"2023-08-18T10:01:48+00:00\" \/>\n<meta property=\"og:image\" content=\"https:\/\/endorfeen.com\/wp-content\/uploads\/2023\/04\/Refuge_de_Presset-Lac_de_Presset-Pierra_Menta-2-scaled.jpeg\" \/>\n\t<meta property=\"og:image:width\" content=\"2560\" \/>\n\t<meta property=\"og:image:height\" content=\"1707\" \/>\n\t<meta property=\"og:image:type\" content=\"image\/jpeg\" \/>\n<meta name=\"author\" content=\"Thomas Viguier\" \/>\n<meta name=\"twitter:card\" content=\"summary_large_image\" \/>\n<meta name=\"twitter:creator\" content=\"@https:\/\/twitter.com\/endorfeen_\" \/>\n<meta name=\"twitter:label1\" content=\"\u00c9crit par\" \/>\n\t<meta name=\"twitter:data1\" content=\"Thomas Viguier\" \/>\n\t<meta name=\"twitter:label2\" content=\"Dur\u00e9e de lecture estim\u00e9e\" \/>\n\t<meta name=\"twitter:data2\" content=\"6 minutes\" \/>\n<script type=\"application\/ld+json\" class=\"yoast-schema-graph\">{\"@context\":\"https:\/\/schema.org\",\"@graph\":[{\"@type\":\"Article\",\"@id\":\"https:\/\/endorfeen.com\/fr\/le-refuge-de-presset-un-joyau-de-montagne-pour-une-experience-inoubliable\/#article\",\"isPartOf\":{\"@id\":\"https:\/\/endorfeen.com\/fr\/le-refuge-de-presset-un-joyau-de-montagne-pour-une-experience-inoubliable\/\"},\"author\":{\"name\":\"Thomas Viguier\",\"@id\":\"https:\/\/endorfeen.com\/fr\/#\/schema\/person\/76a61f8eb41d36fffdec1b376fcf19aa\"},\"headline\":\"Le Refuge de Presset : Un joyau de montagne pour une exp\u00e9rience inoubliable\",\"datePublished\":\"2023-04-28T07:11:00+00:00\",\"dateModified\":\"2023-08-18T10:01:48+00:00\",\"mainEntityOfPage\":{\"@id\":\"https:\/\/endorfeen.com\/fr\/le-refuge-de-presset-un-joyau-de-montagne-pour-une-experience-inoubliable\/\"},\"wordCount\":1281,\"commentCount\":0,\"publisher\":{\"@id\":\"https:\/\/endorfeen.com\/fr\/#organization\"},\"image\":{\"@id\":\"https:\/\/endorfeen.com\/fr\/le-refuge-de-presset-un-joyau-de-montagne-pour-une-experience-inoubliable\/#primaryimage\"},\"thumbnailUrl\":\"https:\/\/endorfeen.com\/wp-content\/uploads\/2023\/04\/Refuge_de_Presset-Lac_de_Presset-Pierra_Menta-2-scaled.jpeg\",\"articleSection\":[\"Lieux\",\"Refuges\"],\"inLanguage\":\"fr-FR\",\"potentialAction\":[{\"@type\":\"CommentAction\",\"name\":\"Comment\",\"target\":[\"https:\/\/endorfeen.com\/fr\/le-refuge-de-presset-un-joyau-de-montagne-pour-une-experience-inoubliable\/#respond\"]}]},{\"@type\":\"WebPage\",\"@id\":\"https:\/\/endorfeen.com\/fr\/le-refuge-de-presset-un-joyau-de-montagne-pour-une-experience-inoubliable\/\",\"url\":\"https:\/\/endorfeen.com\/fr\/le-refuge-de-presset-un-joyau-de-montagne-pour-une-experience-inoubliable\/\",\"name\":\"Le Refuge de Presset, un joyau de montagne - endorfeen\",\"isPartOf\":{\"@id\":\"https:\/\/endorfeen.com\/fr\/#website\"},\"primaryImageOfPage\":{\"@id\":\"https:\/\/endorfeen.com\/fr\/le-refuge-de-presset-un-joyau-de-montagne-pour-une-experience-inoubliable\/#primaryimage\"},\"image\":{\"@id\":\"https:\/\/endorfeen.com\/fr\/le-refuge-de-presset-un-joyau-de-montagne-pour-une-experience-inoubliable\/#primaryimage\"},\"thumbnailUrl\":\"https:\/\/endorfeen.com\/wp-content\/uploads\/2023\/04\/Refuge_de_Presset-Lac_de_Presset-Pierra_Menta-2-scaled.jpeg\",\"datePublished\":\"2023-04-28T07:11:00+00:00\",\"dateModified\":\"2023-08-18T10:01:48+00:00\",\"description\":\"Le Refuge de Presset est un v\u00e9ritable joyau de montagne, nich\u00e9 au c\u0153ur du Beaufortain. C'est l'un des endroits incontournables pour...\",\"breadcrumb\":{\"@id\":\"https:\/\/endorfeen.com\/fr\/le-refuge-de-presset-un-joyau-de-montagne-pour-une-experience-inoubliable\/#breadcrumb\"},\"inLanguage\":\"fr-FR\",\"potentialAction\":[{\"@type\":\"ReadAction\",\"target\":[\"https:\/\/endorfeen.com\/fr\/le-refuge-de-presset-un-joyau-de-montagne-pour-une-experience-inoubliable\/\"]}]},{\"@type\":\"ImageObject\",\"inLanguage\":\"fr-FR\",\"@id\":\"https:\/\/endorfeen.com\/fr\/le-refuge-de-presset-un-joyau-de-montagne-pour-une-experience-inoubliable\/#primaryimage\",\"url\":\"https:\/\/endorfeen.com\/wp-content\/uploads\/2023\/04\/Refuge_de_Presset-Lac_de_Presset-Pierra_Menta-2-scaled.jpeg\",\"contentUrl\":\"https:\/\/endorfeen.com\/wp-content\/uploads\/2023\/04\/Refuge_de_Presset-Lac_de_Presset-Pierra_Menta-2-scaled.jpeg\",\"width\":2048,\"height\":1366,\"caption\":\"Credit: B. Brassoud on Wiki Commons\"},{\"@type\":\"BreadcrumbList\",\"@id\":\"https:\/\/endorfeen.com\/fr\/le-refuge-de-presset-un-joyau-de-montagne-pour-une-experience-inoubliable\/#breadcrumb\",\"itemListElement\":[{\"@type\":\"ListItem\",\"position\":1,\"name\":\"Home\",\"item\":\"https:\/\/endorfeen.com\/fr\/\"},{\"@type\":\"ListItem\",\"position\":2,\"name\":\"Le Refuge de Presset : Un joyau de montagne pour une exp\u00e9rience inoubliable\"}]},{\"@type\":\"WebSite\",\"@id\":\"https:\/\/endorfeen.com\/fr\/#website\",\"url\":\"https:\/\/endorfeen.com\/fr\/\",\"name\":\"endorfeen\",\"description\":\"The Media For Sustainable Outdoors.\",\"publisher\":{\"@id\":\"https:\/\/endorfeen.com\/fr\/#organization\"},\"potentialAction\":[{\"@type\":\"SearchAction\",\"target\":{\"@type\":\"EntryPoint\",\"urlTemplate\":\"https:\/\/endorfeen.com\/fr\/?s={search_term_string}\"},\"query-input\":{\"@type\":\"PropertyValueSpecification\",\"valueRequired\":true,\"valueName\":\"search_term_string\"}}],\"inLanguage\":\"fr-FR\"},{\"@type\":\"Organization\",\"@id\":\"https:\/\/endorfeen.com\/fr\/#organization\",\"name\":\"endorfeen\",\"url\":\"https:\/\/endorfeen.com\/fr\/\",\"logo\":{\"@type\":\"ImageObject\",\"inLanguage\":\"fr-FR\",\"@id\":\"https:\/\/endorfeen.com\/fr\/#\/schema\/logo\/image\/\",\"url\":\"https:\/\/endorfeen.com\/wp-content\/uploads\/2022\/06\/Circle-endorfeen-site-icon-circled-1000-x-1000-300psi.png\",\"contentUrl\":\"https:\/\/endorfeen.com\/wp-content\/uploads\/2022\/06\/Circle-endorfeen-site-icon-circled-1000-x-1000-300psi.png\",\"width\":1000,\"height\":1000,\"caption\":\"endorfeen\"},\"image\":{\"@id\":\"https:\/\/endorfeen.com\/fr\/#\/schema\/logo\/image\/\"}},{\"@type\":\"Person\",\"@id\":\"https:\/\/endorfeen.com\/fr\/#\/schema\/person\/76a61f8eb41d36fffdec1b376fcf19aa\",\"name\":\"Thomas Viguier\",\"image\":{\"@type\":\"ImageObject\",\"inLanguage\":\"fr-FR\",\"@id\":\"https:\/\/endorfeen.com\/fr\/#\/schema\/person\/image\/\",\"url\":\"https:\/\/secure.gravatar.com\/avatar\/3c24e541f6f82c052219429c60a8948b1c9ad8eda6daf26af0a100594146ab1a?s=96&d=mm&r=g\",\"contentUrl\":\"https:\/\/secure.gravatar.com\/avatar\/3c24e541f6f82c052219429c60a8948b1c9ad8eda6daf26af0a100594146ab1a?s=96&d=mm&r=g\",\"caption\":\"Thomas Viguier\"},\"description\":\"Everyone has a story to tell. endorfeen is built as a collaborative platform, giving the voice to anyone with a story to tell. If you have things you want to share, register here.\",\"sameAs\":[\"https:\/\/www.endorfeen.com\/\",\"http:\/\/www.facebook.com\/endorfeen-583261049007200\",\"http:\/\/www.instagram.com\/endorfeen_\/\",\"https:\/\/fi.pinterest.com\/endorfeen_\/\",\"https:\/\/x.com\/https:\/\/twitter.com\/endorfeen_\"],\"url\":\"https:\/\/endorfeen.com\/fr\/linkto\/endorfeen-mag\/\"}]}<\/script>\n<!-- \/ Yoast SEO Premium plugin. -->","yoast_head_json":{"title":"Le Refuge de Presset, un joyau de montagne - endorfeen","description":"Le Refuge de Presset est un v\u00e9ritable joyau de montagne, nich\u00e9 au c\u0153ur du Beaufortain. C'est l'un des endroits incontournables pour...","robots":{"index":"index","follow":"follow","max-snippet":"max-snippet:-1","max-image-preview":"max-image-preview:large","max-video-preview":"max-video-preview:-1"},"canonical":"https:\/\/endorfeen.com\/fr\/le-refuge-de-presset-un-joyau-de-montagne-pour-une-experience-inoubliable\/","og_locale":"fr_FR","og_type":"article","og_title":"Le Refuge de Presset : Un joyau de montagne pour une exp\u00e9rience inoubliable","og_description":"Le Refuge de Presset est un v\u00e9ritable joyau de montagne, nich\u00e9 au c\u0153ur du Beaufortain. C'est l'un des endroits incontournables pour...","og_url":"https:\/\/endorfeen.com\/fr\/le-refuge-de-presset-un-joyau-de-montagne-pour-une-experience-inoubliable\/","og_site_name":"endorfeen","article_author":"http:\/\/www.facebook.com\/endorfeen-583261049007200","article_published_time":"2023-04-28T07:11:00+00:00","article_modified_time":"2023-08-18T10:01:48+00:00","og_image":[{"width":2560,"height":1707,"url":"https:\/\/endorfeen.com\/wp-content\/uploads\/2023\/04\/Refuge_de_Presset-Lac_de_Presset-Pierra_Menta-2-scaled.jpeg","type":"image\/jpeg"}],"author":"Thomas Viguier","twitter_card":"summary_large_image","twitter_creator":"@https:\/\/twitter.com\/endorfeen_","twitter_misc":{"\u00c9crit par":"Thomas Viguier","Dur\u00e9e de lecture estim\u00e9e":"6 minutes"},"schema":{"@context":"https:\/\/schema.org","@graph":[{"@type":"Article","@id":"https:\/\/endorfeen.com\/fr\/le-refuge-de-presset-un-joyau-de-montagne-pour-une-experience-inoubliable\/#article","isPartOf":{"@id":"https:\/\/endorfeen.com\/fr\/le-refuge-de-presset-un-joyau-de-montagne-pour-une-experience-inoubliable\/"},"author":{"name":"Thomas Viguier","@id":"https:\/\/endorfeen.com\/fr\/#\/schema\/person\/76a61f8eb41d36fffdec1b376fcf19aa"},"headline":"Le Refuge de Presset : Un joyau de montagne pour une exp\u00e9rience inoubliable","datePublished":"2023-04-28T07:11:00+00:00","dateModified":"2023-08-18T10:01:48+00:00","mainEntityOfPage":{"@id":"https:\/\/endorfeen.com\/fr\/le-refuge-de-presset-un-joyau-de-montagne-pour-une-experience-inoubliable\/"},"wordCount":1281,"commentCount":0,"publisher":{"@id":"https:\/\/endorfeen.com\/fr\/#organization"},"image":{"@id":"https:\/\/endorfeen.com\/fr\/le-refuge-de-presset-un-joyau-de-montagne-pour-une-experience-inoubliable\/#primaryimage"},"thumbnailUrl":"https:\/\/endorfeen.com\/wp-content\/uploads\/2023\/04\/Refuge_de_Presset-Lac_de_Presset-Pierra_Menta-2-scaled.jpeg","articleSection":["Lieux","Refuges"],"inLanguage":"fr-FR","potentialAction":[{"@type":"CommentAction","name":"Comment","target":["https:\/\/endorfeen.com\/fr\/le-refuge-de-presset-un-joyau-de-montagne-pour-une-experience-inoubliable\/#respond"]}]},{"@type":"WebPage","@id":"https:\/\/endorfeen.com\/fr\/le-refuge-de-presset-un-joyau-de-montagne-pour-une-experience-inoubliable\/","url":"https:\/\/endorfeen.com\/fr\/le-refuge-de-presset-un-joyau-de-montagne-pour-une-experience-inoubliable\/","name":"Le Refuge de Presset, un joyau de montagne - endorfeen","isPartOf":{"@id":"https:\/\/endorfeen.com\/fr\/#website"},"primaryImageOfPage":{"@id":"https:\/\/endorfeen.com\/fr\/le-refuge-de-presset-un-joyau-de-montagne-pour-une-experience-inoubliable\/#primaryimage"},"image":{"@id":"https:\/\/endorfeen.com\/fr\/le-refuge-de-presset-un-joyau-de-montagne-pour-une-experience-inoubliable\/#primaryimage"},"thumbnailUrl":"https:\/\/endorfeen.com\/wp-content\/uploads\/2023\/04\/Refuge_de_Presset-Lac_de_Presset-Pierra_Menta-2-scaled.jpeg","datePublished":"2023-04-28T07:11:00+00:00","dateModified":"2023-08-18T10:01:48+00:00","description":"Le Refuge de Presset est un v\u00e9ritable joyau de montagne, nich\u00e9 au c\u0153ur du Beaufortain. C'est l'un des endroits incontournables pour...","breadcrumb":{"@id":"https:\/\/endorfeen.com\/fr\/le-refuge-de-presset-un-joyau-de-montagne-pour-une-experience-inoubliable\/#breadcrumb"},"inLanguage":"fr-FR","potentialAction":[{"@type":"ReadAction","target":["https:\/\/endorfeen.com\/fr\/le-refuge-de-presset-un-joyau-de-montagne-pour-une-experience-inoubliable\/"]}]},{"@type":"ImageObject","inLanguage":"fr-FR","@id":"https:\/\/endorfeen.com\/fr\/le-refuge-de-presset-un-joyau-de-montagne-pour-une-experience-inoubliable\/#primaryimage","url":"https:\/\/endorfeen.com\/wp-content\/uploads\/2023\/04\/Refuge_de_Presset-Lac_de_Presset-Pierra_Menta-2-scaled.jpeg","contentUrl":"https:\/\/endorfeen.com\/wp-content\/uploads\/2023\/04\/Refuge_de_Presset-Lac_de_Presset-Pierra_Menta-2-scaled.jpeg","width":2048,"height":1366,"caption":"Credit: B. Brassoud on Wiki Commons"},{"@type":"BreadcrumbList","@id":"https:\/\/endorfeen.com\/fr\/le-refuge-de-presset-un-joyau-de-montagne-pour-une-experience-inoubliable\/#breadcrumb","itemListElement":[{"@type":"ListItem","position":1,"name":"Home","item":"https:\/\/endorfeen.com\/fr\/"},{"@type":"ListItem","position":2,"name":"Le Refuge de Presset : Un joyau de montagne pour une exp\u00e9rience inoubliable"}]},{"@type":"WebSite","@id":"https:\/\/endorfeen.com\/fr\/#website","url":"https:\/\/endorfeen.com\/fr\/","name":"endorfeen","description":"The Media For Sustainable Outdoors.","publisher":{"@id":"https:\/\/endorfeen.com\/fr\/#organization"},"potentialAction":[{"@type":"SearchAction","target":{"@type":"EntryPoint","urlTemplate":"https:\/\/endorfeen.com\/fr\/?s={search_term_string}"},"query-input":{"@type":"PropertyValueSpecification","valueRequired":true,"valueName":"search_term_string"}}],"inLanguage":"fr-FR"},{"@type":"Organization","@id":"https:\/\/endorfeen.com\/fr\/#organization","name":"endorfeen","url":"https:\/\/endorfeen.com\/fr\/","logo":{"@type":"ImageObject","inLanguage":"fr-FR","@id":"https:\/\/endorfeen.com\/fr\/#\/schema\/logo\/image\/","url":"https:\/\/endorfeen.com\/wp-content\/uploads\/2022\/06\/Circle-endorfeen-site-icon-circled-1000-x-1000-300psi.png","contentUrl":"https:\/\/endorfeen.com\/wp-content\/uploads\/2022\/06\/Circle-endorfeen-site-icon-circled-1000-x-1000-300psi.png","width":1000,"height":1000,"caption":"endorfeen"},"image":{"@id":"https:\/\/endorfeen.com\/fr\/#\/schema\/logo\/image\/"}},{"@type":"Person","@id":"https:\/\/endorfeen.com\/fr\/#\/schema\/person\/76a61f8eb41d36fffdec1b376fcf19aa","name":"Thomas Viguier","image":{"@type":"ImageObject","inLanguage":"fr-FR","@id":"https:\/\/endorfeen.com\/fr\/#\/schema\/person\/image\/","url":"https:\/\/secure.gravatar.com\/avatar\/3c24e541f6f82c052219429c60a8948b1c9ad8eda6daf26af0a100594146ab1a?s=96&d=mm&r=g","contentUrl":"https:\/\/secure.gravatar.com\/avatar\/3c24e541f6f82c052219429c60a8948b1c9ad8eda6daf26af0a100594146ab1a?s=96&d=mm&r=g","caption":"Thomas Viguier"},"description":"Everyone has a story to tell. endorfeen is built as a collaborative platform, giving the voice to anyone with a story to tell. If you have things you want to share, register here.","sameAs":["https:\/\/www.endorfeen.com\/","http:\/\/www.facebook.com\/endorfeen-583261049007200","http:\/\/www.instagram.com\/endorfeen_\/","https:\/\/fi.pinterest.com\/endorfeen_\/","https:\/\/x.com\/https:\/\/twitter.com\/endorfeen_"],"url":"https:\/\/endorfeen.com\/fr\/linkto\/endorfeen-mag\/"}]}},"featured_image_src":"https:\/\/endorfeen.com\/wp-content\/uploads\/2023\/04\/Refuge_de_Presset-Lac_de_Presset-Pierra_Menta-2-600x400.jpeg","featured_image_src_square":"https:\/\/endorfeen.com\/wp-content\/uploads\/2023\/04\/Refuge_de_Presset-Lac_de_Presset-Pierra_Menta-2-600x600.jpeg","author_info":{"display_name":"Thomas Viguier","author_link":"https:\/\/endorfeen.com\/fr\/linkto\/endorfeen-mag\/"},"acf":[],"_links":{"self":[{"href":"https:\/\/endorfeen.com\/fr\/wp-json\/wp\/v2\/posts\/10804","targetHints":{"allow":["GET"]}}],"collection":[{"href":"https:\/\/endorfeen.com\/fr\/wp-json\/wp\/v2\/posts"}],"about":[{"href":"https:\/\/endorfeen.com\/fr\/wp-json\/wp\/v2\/types\/post"}],"author":[{"embeddable":true,"href":"https:\/\/endorfeen.com\/fr\/wp-json\/wp\/v2\/users\/30"}],"replies":[{"embeddable":true,"href":"https:\/\/endorfeen.com\/fr\/wp-json\/wp\/v2\/comments?post=10804"}],"version-history":[{"count":0,"href":"https:\/\/endorfeen.com\/fr\/wp-json\/wp\/v2\/posts\/10804\/revisions"}],"wp:featuredmedia":[{"embeddable":true,"href":"https:\/\/endorfeen.com\/fr\/wp-json\/wp\/v2\/media\/10805"}],"wp:attachment":[{"href":"https:\/\/endorfeen.com\/fr\/wp-json\/wp\/v2\/media?parent=10804"}],"wp:term":[{"taxonomy":"category","embeddable":true,"href":"https:\/\/endorfeen.com\/fr\/wp-json\/wp\/v2\/categories?post=10804"},{"taxonomy":"post_tag","embeddable":true,"href":"https:\/\/endorfeen.com\/fr\/wp-json\/wp\/v2\/tags?post=10804"},{"taxonomy":"sponsor","embeddable":true,"href":"https:\/\/endorfeen.com\/fr\/wp-json\/wp\/v2\/sponsor?post=10804"}],"curies":[{"name":"wp","href":"https:\/\/api.w.org\/{rel}","templated":true}]}}