{"id":10668,"date":"2023-04-13T08:00:00","date_gmt":"2023-04-13T07:00:00","guid":{"rendered":"https:\/\/endorfeen.com\/?p=10668"},"modified":"2023-08-18T11:01:52","modified_gmt":"2023-08-18T10:01:52","slug":"le-glacier-des-bossons-expedition-a-travers-lhistoire-et-les-merveilles-dun-joyau-alpin","status":"publish","type":"post","link":"https:\/\/endorfeen.com\/fr\/le-glacier-des-bossons-expedition-a-travers-lhistoire-et-les-merveilles-dun-joyau-alpin\/","title":{"rendered":"Le Glacier des Bossons : Exp\u00e9dition \u00e0 travers l&rsquo;histoire et les merveilles d&rsquo;un joyau alpin"},"content":{"rendered":"\n<p>Au c\u0153ur des Alpes fran\u00e7aises, le Glacier des Bossons est un tr\u00e9sor naturel qui fascine les visiteurs depuis des si\u00e8cles.<\/p>\n\n\n\n<p>Nich\u00e9 entre les sommets majestueux du massif du Mont-Blanc, ce glacier exceptionnel offre un spectacle saisissant de cascades de glace, de crevasses profondes et d&rsquo;immenses s\u00e9racs. Dans cet article, nous explorerons les caract\u00e9ristiques g\u00e9ologiques et glaciaires du Glacier des Bossons, son histoire et son \u00e9volution au fil du temps, ainsi que son r\u00f4le dans le tourisme et les accidents a\u00e9riens qui s&rsquo;y sont produits.<\/p>\n\n\n\n<p>Enfin, nous vous donnerons des conseils pratiques pour profiter au mieux de votre visite de ce site extraordinaire. Alors, pr\u00e9parez-vous \u00e0 d\u00e9couvrir l&rsquo;un des plus beaux joyaux naturels de la montagne, le Glacier des Bossons.<\/p>\n\n\n\n<h2 class=\"wp-block-heading\" id=\"h-le-glacier-des-bossons-un-tresor-naturel-au-coeur-de-la-montagne\">Le Glacier des Bossons : Un tr\u00e9sor naturel au c\u0153ur de la montagne<\/h2>\n\n\n\n<h3 class=\"wp-block-heading\" id=\"h-la-naissance-du-glacier-des-bossons\"><strong>La naissance du glacier des Bossons<\/strong><\/h3>\n\n\n\n<p>Bien que le glacier des Bossons soit surtout connu pour la langue glaciaire qui occupe la courte vall\u00e9e menant \u00e0 la vall\u00e9e de Chamonix, il prend naissance sur les versants du Mont Blanc (4 810 m), du Mont Maudit (4 465 m) et du d\u00f4me du Go\u00fbter (4 304 m), au sein d&rsquo;un cirque glaciaire nomm\u00e9 le Grand Plateau, \u00e0 plus de 4 000 m\u00e8tres d&rsquo;altitude. Depuis ce point, les glaces s&rsquo;\u00e9coulent vers le nord, se divisant rapidement en deux masses s\u00e9par\u00e9es par le rocher de l&rsquo;Heureux Retour, le pic Wilson et les Grands Mulets.<\/p>\n\n\n\n<figure class=\"wp-block-image size-large\"><img loading=\"lazy\" decoding=\"async\" width=\"1024\" height=\"768\" src=\"https:\/\/endorfeen.com\/wp-content\/uploads\/2023\/04\/krzysztof-kowalik-AXSRUnXwGzU-unsplash-1024x768.jpg\" alt=\"Glacier des Bossons - Chamonix\" class=\"wp-image-10669\" srcset=\"https:\/\/endorfeen.com\/wp-content\/uploads\/2023\/04\/krzysztof-kowalik-AXSRUnXwGzU-unsplash-300x225.jpg 300w, https:\/\/endorfeen.com\/wp-content\/uploads\/2023\/04\/krzysztof-kowalik-AXSRUnXwGzU-unsplash-400x300.jpg 400w, https:\/\/endorfeen.com\/wp-content\/uploads\/2023\/04\/krzysztof-kowalik-AXSRUnXwGzU-unsplash-768x576.jpg 768w, https:\/\/endorfeen.com\/wp-content\/uploads\/2023\/04\/krzysztof-kowalik-AXSRUnXwGzU-unsplash-800x600.jpg 800w, https:\/\/endorfeen.com\/wp-content\/uploads\/2023\/04\/krzysztof-kowalik-AXSRUnXwGzU-unsplash-1024x768.jpg 1024w, https:\/\/endorfeen.com\/wp-content\/uploads\/2023\/04\/krzysztof-kowalik-AXSRUnXwGzU-unsplash-1200x900.jpg 1200w, https:\/\/endorfeen.com\/wp-content\/uploads\/2023\/04\/krzysztof-kowalik-AXSRUnXwGzU-unsplash-1536x1152.jpg 1536w, https:\/\/endorfeen.com\/wp-content\/uploads\/2023\/04\/krzysztof-kowalik-AXSRUnXwGzU-unsplash-scaled.jpg 2048w\" sizes=\"auto, (max-width: 1024px) 100vw, 1024px\" \/><figcaption class=\"wp-element-caption\">Credits: Krzysztof Kowalik on unsplash<\/figcaption><\/figure>\n\n\n\n<h3 class=\"wp-block-heading\" id=\"h-le-parcours-du-glacier-et-ses-divisions\"><strong>Le parcours du glacier et ses divisions<\/strong><\/h3>\n\n\n\n<p>La masse secondaire s&rsquo;\u00e9coule dans une petite vall\u00e9e glaciaire peu marqu\u00e9e sur le versant du d\u00f4me du Go\u00fbter, longeant le glacier de Taconnaz \u00e0 l&rsquo;ouest.<\/p>\n\n\n\n<p>La masse principale, quant \u00e0 elle, s&rsquo;enfonce dans une vall\u00e9e glaciaire plus encaiss\u00e9e, domin\u00e9e par les pointes Mieulet, Duriet et l&rsquo;aiguille de Saussure. Le glacier des Bossons re\u00e7oit un apport en glace substantiel provenant du glacier descendant du col Maudit et de celui descendant du versant du mont Blanc du Tacul en direction du col du Midi.<\/p>\n\n\n\n<p>Une partie des glaces forme la Vall\u00e9e Blanche, tandis que l&rsquo;autre rejoint le glacier des Bossons par une cascade de glace.<\/p>\n\n\n\n<h3 class=\"wp-block-heading\" id=\"h-la-jonction-des-masses-glaciaires-et-la-descente-vers-chamonix\"><strong>La jonction des masses glaciaires et la descente vers Chamonix<\/strong><\/h3>\n\n\n\n<p>Au pied de l&rsquo;aiguille du Midi et du refuge des Cosmiques \u00e0 l&rsquo;est, ainsi que des Grands Mulets et de leur refuge au sud-ouest, \u00e0 Plan Glacier, une langue de glace s&rsquo;\u00e9chappe de la masse principale du glacier pour se joindre \u00e0 la masse secondaire \u00e0 la Jonction et se diriger vers le glacier de Taconnaz \u00e0 l&rsquo;ouest.<\/p>\n\n\n\n<p>La majeure partie de la glace continue sa course vers le nord, descendant la vall\u00e9e glaciaire en direction de la vall\u00e9e de Chamonix, soutenue par la montagne de la C\u00f4te domin\u00e9e par le mont Corbeau \u00e0 l&rsquo;ouest. De nombreuses crevasses et s\u00e9racs, cr\u00e9\u00e9s par la forte d\u00e9clivit\u00e9 dans sa partie aval, transforment le glacier en une cascade de glace.<\/p>\n\n\n\n<p>La fonte significative de la glace donne naissance \u00e0 trois cours d&rsquo;eau : le torrent de la Creuse, le torrent de la Crosette et le torrent des Bossons.<\/p>\n\n\n\n<h3 class=\"wp-block-heading\" id=\"h-les-vestiges-du-petit-age-glaciaire\"><strong>Les vestiges du Petit \u00e2ge glaciaire<\/strong><\/h3>\n\n\n\n<p>Lors du Petit \u00e2ge glaciaire, l&rsquo;avanc\u00e9e du front glaciaire jusqu&rsquo;au bas de la vall\u00e9e de Chamonix, juste au-dessus du hameau des Bossons, a laiss\u00e9 dans le paysage deux imposantes moraines lat\u00e9rales construites sur le c\u00f4ne de d\u00e9jection du torrent de la Creuse. Ces formations t\u00e9moignent de l&rsquo;histoire et de l&rsquo;\u00e9volution du glacier des Bossons au fil des si\u00e8cles.<\/p>\n\n\n\n<h2 class=\"wp-block-heading\" id=\"h-le-glacier-des-bossons-caracteristiques-et-dynamique-glaciaire\">Le Glacier des Bossons : Caract\u00e9ristiques et dynamique glaciaire<\/h2>\n\n\n\n<h3 class=\"wp-block-heading\" id=\"h-la-formation-de-la-moraine-mediane\"><strong>La formation de la moraine m\u00e9diane<\/strong><\/h3>\n\n\n\n<p>La r\u00e9union des deux masses glaciaires issues du mont Blanc et du mont Blanc du Tacul engendre une importante moraine m\u00e9diane. Bien que sa langue terminale ait recul\u00e9, elle atteignait environ 1 200 m\u00e8tres d&rsquo;altitude dans les ann\u00e9es 1980. Le bassin versant s&rsquo;\u00e9tend sur 17 km2, dont 10 km2 sont recouverts de glace. L&rsquo;\u00e9paisseur de la glace varie de vingt m\u00e8tres au sommet \u00e0 un maximum de 170 m\u00e8tres. G\u00e9ologiquement, la partie sup\u00e9rieure du glacier repose sur un granite calco-alcalin contenant de grands cristaux de feldspaths pluricentim\u00e9triques, tandis que la partie inf\u00e9rieure se situe sur un complexe d&rsquo;orthogneiss, de paragneiss et de micaschistes.<\/p>\n\n\n\n<h3 class=\"wp-block-heading\" id=\"h-la-dynamique-glaciaire\"><strong>La dynamique glaciaire<\/strong><\/h3>\n\n\n\n<p>La vitesse d&rsquo;\u00e9coulement du glacier peut d\u00e9passer un m\u00e8tre par jour en \u00e9t\u00e9, permettant \u00e0 la glace de s&rsquo;\u00e9couler en moins de 50 ans du sommet jusqu&rsquo;\u00e0 la langue terminale.<\/p>\n\n\n\n<h3 class=\"wp-block-heading\" id=\"h-les-emissaires-du-glacier\"><strong>Les \u00e9missaires du glacier<\/strong><\/h3>\n\n\n\n<p>Le glacier des Bossons poss\u00e8de trois \u00e9missaires. Le torrent des Bossons, qui provient de la langue terminale, pr\u00e9sente le d\u00e9bit le plus faible, car il est aliment\u00e9 uniquement par les eaux de fonte d&rsquo;une zone de 0,5 km2. L&rsquo;\u00e9missaire principal est constitu\u00e9 des deux branches du torrent de la Creuse, qui \u00e9mergent d&rsquo;un lobe secondaire \u00e0 2 250 m d&rsquo;altitude en aval du mont Blanc du Tacul. Entre ces deux \u00e9missaires, le torrent de la Creusette jaillit \u00e9galement d&rsquo;un lobe lat\u00e9ral \u00e0 1 750 m d&rsquo;altitude.<\/p>\n\n\n\n<h2 class=\"wp-block-heading\" id=\"h-le-glacier-des-bossons-erosion-et-transport-de-sediments\">Le glacier des Bossons : \u00c9rosion et transport de s\u00e9diments<\/h2>\n\n\n\n<h3 class=\"wp-block-heading\" id=\"h-ligne-d-equilibre-et-zone-d-accumulation\"><strong>Ligne d&rsquo;\u00e9quilibre et zone d&rsquo;accumulation<\/strong><\/h3>\n\n\n\n<p>Le glacier des Bossons, situ\u00e9 sur un versant nord bien expos\u00e9 aux pr\u00e9cipitations, poss\u00e8de une ligne d&rsquo;\u00e9quilibre (limite entre les zones d&rsquo;ablation et d&rsquo;accumulation) relativement basse, estim\u00e9e \u00e0 2 750 \u00b1 200 m en 2009. La zone d&rsquo;accumulation repr\u00e9sente donc 60% de la surface du glacier. Au-dessus de 3 300-3 500 m, le glacier est compos\u00e9 de glaces froides avec des temp\u00e9ratures bien en dessous de 0 \u00b0C (jusqu&rsquo;\u00e0 -11 \u00b0C \u00e0 4 250 m d&rsquo;altitude). Ces zones prot\u00e8gent les roches des cycles de gel et de d\u00e9gel, limitant ainsi l&rsquo;\u00e9rosion \u00e0 0,025 \u00e0 0,05 mm\/an.<\/p>\n\n\n\n<h3 class=\"wp-block-heading\" id=\"h-erosion-et-transport-de-sediments\"><strong>\u00c9rosion et transport de s\u00e9diments<\/strong><\/h3>\n\n\n\n<p>L&rsquo;\u00e9rosion est la plus intense au niveau des parois rocheuses situ\u00e9es au-dessus du glacier (0,76 \u00b1 0,34 mm\/an) et \u00e9galement importante sous le glacier, dans les zones de basses altitudes o\u00f9 la glace<\/p>\n\n\n\n<h2 class=\"wp-block-heading\" id=\"h-l-evolution-du-glacier-des-bossons-au-fil-du-temps\">L&rsquo;\u00e9volution du glacier des Bossons au fil du temps<\/h2>\n\n\n\n<h3 class=\"wp-block-heading\" id=\"h-la-derniere-glaciation-et-le-dryas-recent\">La derni\u00e8re glaciation et le Dryas r\u00e9cent<\/h3>\n\n\n\n<p>Durant l&rsquo;ultime glaciation, les Alpes \u00e9taient couvertes d&rsquo;une vaste calotte glaciaire, s&rsquo;\u00e9levant jusqu&rsquo;\u00e0 2 300 m\u00e8tres d&rsquo;altitude pr\u00e8s du village actuel des Bossons. Le glacier des Bossons s&rsquo;est individualis\u00e9 et s&rsquo;est s\u00e9par\u00e9 de ses voisins peu avant le d\u00e9but du Dryas r\u00e9cent (10 700 \u00e0 9 700 av. J.-C), p\u00e9riode caract\u00e9ris\u00e9e par un retour du froid. Le glacier redescend alors jusqu&rsquo;au fond de la vall\u00e9e de l&rsquo;Arve, la bloquant compl\u00e8tement, et progresse au sein d&rsquo;un lac proglaciaire.<\/p>\n\n\n\n<h3 class=\"wp-block-heading\" id=\"h-petit-age-glaciaire-et-les-avancees-successives\"><strong>Petit \u00e2ge glaciaire et les avanc\u00e9es successives<\/strong><\/h3>\n\n\n\n<p>Le glacier des Bossons ne menace \u00e0 nouveau le fond de la vall\u00e9e que lors du petit \u00e2ge glaciaire, p\u00e9riode reconstitu\u00e9e \u00e0 partir de 1580 gr\u00e2ce \u00e0 des t\u00e9moignages historiques, des illustrations et des relev\u00e9s scientifiques. Le glacier atteint son extension maximale en 1818, \u00e0 moins de 1 100 m d&rsquo;altitude. Les traces de cette avanc\u00e9e sont encore visibles gr\u00e2ce \u00e0 la moraine bien conserv\u00e9e. D&rsquo;autres moraines (1854, 1892, 1921, 1941 et 1983) t\u00e9moignent des pouss\u00e9es ult\u00e9rieures, mais sont \u00e9rod\u00e9es et moins imposantes.<\/p>\n\n\n\n<h3 class=\"wp-block-heading\" id=\"h-alternance-de-poussees-et-de-reculs\">Alternance de pouss\u00e9es et de reculs<\/h3>\n\n\n\n<p>Le glacier des Bossons pr\u00e9sente un retrait irr\u00e9gulier, marqu\u00e9 par une alternance de pouss\u00e9es et de reculs rapides. Les pouss\u00e9es sont en partie dues \u00e0 l&rsquo;\u00e9coulement rapide du glacier et \u00e0 l&rsquo;altitude \u00e9lev\u00e9e de son bassin d&rsquo;alimentation, qui lui permettent de r\u00e9agir rapidement \u00e0 des ann\u00e9es pluvieuses ou favorables.<\/p>\n\n\n\n<h2 class=\"wp-block-heading\" id=\"h-le-recul-du-glacier-des-bossons\">Le recul du glacier des Bossons<\/h2>\n\n\n\n<h3 class=\"wp-block-heading\" id=\"h-les-periodes-anterieures-a-1818\">Les p\u00e9riodes ant\u00e9rieures \u00e0 1818<\/h3>\n\n\n\n<p>Avant 1818, toutes les moraines ont \u00e9t\u00e9 d\u00e9truites par l&rsquo;avanc\u00e9e du glacier. La reconstitution montre que, depuis 1580, la langue terminale du glacier se situait entre 100 et 700 m en retrait du point atteint en 1818, avec des maxima en 1610, 1643, 1712 et 1777.<\/p>\n\n\n\n<h3 class=\"wp-block-heading\" id=\"h-le-recul-total-entre-1818-et-2001\">Le recul total entre 1818 et 2001<\/h3>\n\n\n\n<p>Entre 1818 et 2001, le recul total du glacier des Bossons atteint 1,5 km. Le glacier continue de perdre 500 m\u00e8tres jusqu&rsquo;en 2015.<\/p>\n\n\n\n<h2 class=\"wp-block-heading\" id=\"h-les-evenements-recents-et-les-dangers\">Les \u00e9v\u00e9nements r\u00e9cents et les dangers<\/h2>\n\n\n\n<h3 class=\"wp-block-heading\" id=\"h-la-diminution-de-la-glace-et-l-effondrement-de-la-langue-terminale\">La diminution de la glace et l&rsquo;effondrement de la langue terminale<\/h3>\n\n\n\n<p>En juin 2008, le glacier ne se compose plus que d&rsquo;une mince couche de glace et d&rsquo;une langue terminale. En septembre 2010, la langue se d\u00e9tache du glacier et s&rsquo;effondre.<\/p>\n\n\n\n<h3 class=\"wp-block-heading\" id=\"h-l-avalanche-de-juin-2015-et-les-risques-actuels\">L&rsquo;avalanche de juin 2015 et les risques actuels<\/h3>\n\n\n\n<p>En juin 2015, une avalanche emporte 200 000 m\u00e8tres cubes de glace sur pr\u00e8s d&rsquo;un kilom\u00e8tre au glacier des Bossons. Le r\u00e9chauffement global est probablement \u00e0 l&rsquo;origine de cet \u00e9v\u00e9nement. Il entra\u00eenent la s\u00e9paration de s\u00e9racs du front du glacier et provoquant un \u00e9boulement massif. Aujourd&rsquo;hui, les visites et le tourisme autour du site sont fortement d\u00e9conseill\u00e9s en raison des risques associ\u00e9s.<\/p>\n\n\n\n<h2 class=\"wp-block-heading\" id=\"h-accidents-aeriens-pres-du-glacier-des-bossons\">Accidents a\u00e9riens pr\u00e8s du glacier des Bossons<\/h2>\n\n\n\n<h3 class=\"wp-block-heading\" id=\"h-le-crash-du-malabar-princess-1950\">Le crash du Malabar Princess (1950)<\/h3>\n\n\n\n<p>Le 3 novembre 1950, le Malabar Princess, un Lockheed Constellation d&rsquo;Air India, s&rsquo;\u00e9crase pr\u00e8s du Rocher de la Tournette, \u00e0 4 677 m\u00e8tres d&rsquo;altitude. Cet accident tragique fait 48 victimes et ne laisse aucun survivant.<\/p>\n\n\n\n<figure class=\"wp-block-image size-large is-resized\"><img loading=\"lazy\" decoding=\"async\" src=\"https:\/\/endorfeen.com\/wp-content\/uploads\/2023\/04\/Air_India_Lockheed_L-749A_Constellation_VT-CQP-1024x533.jpg\" alt=\"\" class=\"wp-image-10675\" width=\"800\" height=\"416\" srcset=\"https:\/\/endorfeen.com\/wp-content\/uploads\/2023\/04\/Air_India_Lockheed_L-749A_Constellation_VT-CQP-300x156.jpg 300w, https:\/\/endorfeen.com\/wp-content\/uploads\/2023\/04\/Air_India_Lockheed_L-749A_Constellation_VT-CQP-768x399.jpg 768w, https:\/\/endorfeen.com\/wp-content\/uploads\/2023\/04\/Air_India_Lockheed_L-749A_Constellation_VT-CQP-1024x533.jpg 1024w, https:\/\/endorfeen.com\/wp-content\/uploads\/2023\/04\/Air_India_Lockheed_L-749A_Constellation_VT-CQP-1536x799.jpg 1536w, https:\/\/endorfeen.com\/wp-content\/uploads\/2023\/04\/Air_India_Lockheed_L-749A_Constellation_VT-CQP-scaled.jpg 2048w\" sizes=\"auto, (max-width: 800px) 100vw, 800px\" \/><figcaption class=\"wp-element-caption\">SwissAir on <a href=\"https:\/\/upload.wikimedia.org\/wikipedia\/commons\/5\/51\/Air_India_Lockheed_L-749A_Constellation_VT-CQP.jpg\" target=\"_blank\" rel=\"noreferrer noopener\">wiki commons<\/a><\/figcaption><\/figure>\n\n\n\n<h3 class=\"wp-block-heading\" id=\"h-le-crash-du-kanchenjunga-1966\">Le crash du Kanchenjunga (1966)<\/h3>\n\n\n\n<p>Le 24 janvier 1966, un autre avion d&rsquo;Air India, le Kanchenjunga, un Boeing 707, s&rsquo;\u00e9crase presque au m\u00eame endroit que le Malabar Princess. L&rsquo;accident, qui survient lors d&rsquo;un vol entre Bombay et New York, cause la mort des 117 personnes \u00e0 bord, sans survivant. Parmi les victimes se trouve Homi Jehangir Bhabha, l&rsquo;un des p\u00e8res du programme nucl\u00e9aire indien.<\/p>\n\n\n\n<figure class=\"wp-block-image size-large is-resized\"><img loading=\"lazy\" decoding=\"async\" src=\"https:\/\/endorfeen.com\/wp-content\/uploads\/2023\/04\/Moteur_davion_glacier_des_Bossons_100_0058-1024x768.jpeg\" alt=\"Moteur d'avion \u00e0 c\u00f4t\u00e9 du glacier des bossons\" class=\"wp-image-10677\" width=\"800\" height=\"600\" srcset=\"https:\/\/endorfeen.com\/wp-content\/uploads\/2023\/04\/Moteur_davion_glacier_des_Bossons_100_0058-300x225.jpeg 300w, https:\/\/endorfeen.com\/wp-content\/uploads\/2023\/04\/Moteur_davion_glacier_des_Bossons_100_0058-400x300.jpeg 400w, https:\/\/endorfeen.com\/wp-content\/uploads\/2023\/04\/Moteur_davion_glacier_des_Bossons_100_0058-768x576.jpeg 768w, https:\/\/endorfeen.com\/wp-content\/uploads\/2023\/04\/Moteur_davion_glacier_des_Bossons_100_0058-800x600.jpeg 800w, https:\/\/endorfeen.com\/wp-content\/uploads\/2023\/04\/Moteur_davion_glacier_des_Bossons_100_0058-1024x768.jpeg 1024w, https:\/\/endorfeen.com\/wp-content\/uploads\/2023\/04\/Moteur_davion_glacier_des_Bossons_100_0058-1200x900.jpeg 1200w, https:\/\/endorfeen.com\/wp-content\/uploads\/2023\/04\/Moteur_davion_glacier_des_Bossons_100_0058-1536x1152.jpeg 1536w, https:\/\/endorfeen.com\/wp-content\/uploads\/2023\/04\/Moteur_davion_glacier_des_Bossons_100_0058.jpeg 2048w\" sizes=\"auto, (max-width: 800px) 100vw, 800px\" \/><figcaption class=\"wp-element-caption\">Moteur d&rsquo;avion &#8211; <a href=\"https:\/\/commons.wikimedia.org\/wiki\/File:Moteur_d%27avion,_glacier_des_Bossons_100_0058.JPG\" target=\"_blank\" rel=\"noreferrer noopener\">wiki commons<\/a><\/figcaption><\/figure>\n\n\n\n<h3 class=\"wp-block-heading\" id=\"h-decouvertes-liees-aux-accidents-aeriens\">D\u00e9couvertes li\u00e9es aux accidents a\u00e9riens<\/h3>\n\n\n\n<p>Le 21 ao\u00fbt 2012, deux alpinistes d\u00e9couvrent une valise diplomatique indienne provenant de l&rsquo;\u00e9pave du Kanchenjunga. En septembre 2013, un alpiniste local trouve des pierres pr\u00e9cieuses, telles que des \u00e9meraudes, des saphirs et des rubis, pr\u00e8s du site de l&rsquo;accident.<\/p>\n\n\n\n<h2 class=\"wp-block-heading\" id=\"h-le-glacier-des-bossons-et-le-tourisme\">Le glacier des Bossons et le tourisme<\/h2>\n\n\n\n<h3 class=\"wp-block-heading\" id=\"h-l-attraction-touristique-depuis-le-xviiie-siecle\">L&rsquo;attraction touristique depuis le XVIIIe si\u00e8cle<\/h3>\n\n\n\n<p>Les glaciers sont devenus une attraction touristique d\u00e8s le XVIIIe si\u00e8cle. Les alpinistes traversent r\u00e9guli\u00e8rement la partie sup\u00e9rieure du glacier des Bossons depuis 1786, date de la premi\u00e8re ascension du mont Blanc.<\/p>\n\n\n\n<figure class=\"wp-block-image size-full is-resized\"><img loading=\"lazy\" decoding=\"async\" src=\"https:\/\/endorfeen.com\/wp-content\/uploads\/2023\/04\/Glacier_Des_Bossons_Mt._Blanc._104-11-Glacier_Des_Bossons_Mt._Blanc._104-11_NBY_419794.jpg\" alt=\"Illustration, Glacier Des Bossons\" class=\"wp-image-10671\" width=\"800\" height=\"1245\" srcset=\"https:\/\/endorfeen.com\/wp-content\/uploads\/2023\/04\/Glacier_Des_Bossons_Mt._Blanc._104-11-Glacier_Des_Bossons_Mt._Blanc._104-11_NBY_419794-193x300.jpg 193w, https:\/\/endorfeen.com\/wp-content\/uploads\/2023\/04\/Glacier_Des_Bossons_Mt._Blanc._104-11-Glacier_Des_Bossons_Mt._Blanc._104-11_NBY_419794.jpg 528w\" sizes=\"auto, (max-width: 800px) 100vw, 800px\" \/><figcaption class=\"wp-element-caption\">Collection \u00a0\u00bb Villes De France \u00a0\u00bb Mont-Blanc<\/figcaption><\/figure>\n\n\n\n<h3 class=\"wp-block-heading\" id=\"h-l-art-et-le-glacier-des-bossons\">L&rsquo;art et le glacier des Bossons<\/h3>\n\n\n\n<p>Le peintre anglais William Turner r\u00e9alise vers 1836 une aquarelle intitul\u00e9e Mont Blanc et Glacier des Bossons au-dessus de Chamonix, Soir, expos\u00e9e \u00e0 la Tate Britain \u00e0 Londres.<\/p>\n\n\n\n<h3 class=\"wp-block-heading\" id=\"h-les-buvettes-et-la-grotte-du-glacier\">Les buvettes et la grotte du glacier<\/h3>\n\n\n\n<p>En 1840, une premi\u00e8re buvette est \u00e9tablie au bord du glacier, offrant des boissons rafra\u00eechies par des gla\u00e7ons taill\u00e9s directement dans la glace. En 1850, une seconde buvette, le chalet du Cerro, est construite sur l&rsquo;autre rive. Ces chalets doivent \u00eatre d\u00e9plac\u00e9s r\u00e9guli\u00e8rement en fonction des fluctuations du glacier. De 1865 \u00e0 1994, une grotte est creus\u00e9e pour permettre aux touristes d&rsquo;observer la glace de l&rsquo;int\u00e9rieur.<\/p>\n\n\n\n<h3 class=\"wp-block-heading\" id=\"h-l-exploitation-industrielle-de-la-glace\">L&rsquo;exploitation industrielle de la glace<\/h3>\n\n\n\n<p>Au d\u00e9but du XXe si\u00e8cle, la glace de la langue terminale est exploit\u00e9e industriellement de juin \u00e0 septembre. Une vingtaine d&rsquo;ouvriers d\u00e9bitent la glace \u00e0 l&rsquo;aide de pioches et de poudre noire. <\/p>\n\n\n\n<p>Les blocs sont ensuite transport\u00e9s jusqu&rsquo;\u00e0 un hangar situ\u00e9 pr\u00e8s de deux kilom\u00e8tres plus bas \u00e0 l&rsquo;aide d&rsquo;un toboggan en \u00e9pic\u00e9a et en m\u00e9l\u00e8ze. Les 600 tonnes de glace sont vendues aux h\u00f4tels de la r\u00e9gion et exp\u00e9di\u00e9es par train ou camion vers Gen\u00e8ve et Paris. L&rsquo;exploitation cesse en 1939.<\/p>\n\n\n\n<h3 class=\"wp-block-heading\" id=\"h-le-glacier-comme-ecole-de-glace\">Le glacier comme \u00e9cole de glace<\/h3>\n\n\n\n<p>Jusque dans les ann\u00e9es 1980, le glacier des Bossons a servi d&rsquo;\u00e9cole de glace pour la compagnie des guides de Chamonix.<\/p>\n\n\n\n<h3 class=\"wp-block-heading\" id=\"h-comment-et-quand-s-y-rendre\">Comment et quand s\u2019y rendre ?<\/h3>\n\n\n\n<p>Ouvert exclusivement durant la saison estivale, vous pouvez acc\u00e9der aux abords du glacier des Bossons soit en empruntant un t\u00e9l\u00e9si\u00e8ge qui vous am\u00e8ne \u00e0 1 410 m\u00e8tres d&rsquo;altitude en 15 minutes, soit en suivant un sentier p\u00e9destre d&rsquo;environ 50 minutes. Des aires de stationnement se trouvent \u00e0 proximit\u00e9 du d\u00e9part du t\u00e9l\u00e9si\u00e8ge et du d\u00e9but du sentier.<\/p>\n\n\n\n<p>Le Chalet du Glacier des Bossons est situ\u00e9 \u00e0 seulement 5 minutes de marche de l&rsquo;arriv\u00e9e du t\u00e9l\u00e9si\u00e8ge. Depuis sa terrasse, vous pourrez contempler la langue terminale du glacier ainsi que les captivants s\u00e9racs du Plateau des Pyramides.<\/p>\n\n\n\n<h3 class=\"wp-block-heading\" id=\"h-sur-place\">Sur place<\/h3>\n\n\n\n<p>Depuis le Chalet du Glacier, un sentier th\u00e9matique vous guide \u00e0 travers l&rsquo;histoire du glacier des Bossons. Tout au long du parcours, des panneaux informatifs abordent divers sujets tels que la vie du glacier, le petit \u00e2ge glaciaire ou encore son \u00e9volution.<\/p>\n\n\n\n<p>Le Chalet du Glacier constitue \u00e9galement le point de d\u00e9part pour la randonn\u00e9e en direction du glacier des Bossons, menant jusqu&rsquo;au Chalet des Pyramides.<\/p>\n\n\n\n<p>Ces deux chalets offrent la possibilit\u00e9 de se restaurer et de d\u00e9guster une cuisine typique dans un cadre enchanteur.<\/p>\n\n\n\n<h3 class=\"wp-block-heading\" id=\"h-la-randonnee-du-glacier-des-bossons\">La randonn\u00e9e du glacier des Bossons<\/h3>\n\n\n\n<p>Pour ceux qui ont pr\u00e9vu des chaussures de randonn\u00e9e et souhaitent se rapprocher du glacier, le Chalet du Glacier constitue le point de d\u00e9part de la c\u00e9l\u00e8bre randonn\u00e9e de la Jonction. Celle-ci vous conduit aux portes de la haute montagne, \u00e0 2 589 m\u00e8tres d&rsquo;altitude, jusqu&rsquo;au Chalet des Pyramides.<\/p>\n\n\n\n<p>C&rsquo;est cet itin\u00e9raire qu&rsquo;ont emprunt\u00e9 <a href=\"https:\/\/endorfeen.com\/fr\/jacques-balmat-mont-blanc\/\">J. Balmat<\/a> et le docteur Paccard lors de la premi\u00e8re ascension du Mont Blanc en 1786.<\/p>\n\n\n\n<p>Cette randonn\u00e9e sportive offre des panoramas exceptionnels sur les s\u00e9racs et les pyramides de glace.<\/p>\n\n\n\n<h3 class=\"wp-block-heading\" id=\"h-se-rapprocher-du-glacier-des-bossons-a-pied-ou-via-telesiege\">Se rapprocher du glacier des Bossons \u00e0 pied ou via t\u00e9l\u00e9si\u00e8ge<\/h3>\n\n\n\n<p>Pour se rapprocher du glacier, un sentier balis\u00e9 m\u00e8ne \u00e0 une plateforme situ\u00e9e au-dessus du Chalet du Glacier des Bossons. Pr\u00e9voyez environ 1 heure de marche aller \u00e0 travers prairies et sous-bois. Pendant l&rsquo;\u00e9t\u00e9, un t\u00e9l\u00e9si\u00e8ge permet de raccourcir la balade pour monter et\/ou descendre au chalet.<\/p>\n\n\n\n<p>Au Chalet du Glacier, profitez de sa charmante terrasse pour prendre quelques selfies sous le glacier. Ensuite, continuez le parcours en empruntant le sentier th\u00e9matique qui monte sur une centaine de m\u00e8tres.<\/p>\n","protected":false},"excerpt":{"rendered":"<p>Au c\u0153ur des Alpes fran\u00e7aises, le Glacier des Bossons est un tr\u00e9sor naturel qui fascine les visiteurs depuis des si\u00e8cles. Nich\u00e9 entre les sommets majestueux du massif du Mont-Blanc, ce glacier exceptionnel offre un spectacle saisissant de cascades de glace, de crevasses profondes et d&rsquo;immenses s\u00e9racs. Dans cet article, nous explorerons les caract\u00e9ristiques g\u00e9ologiques et &hellip;<\/p>\n","protected":false},"author":30,"featured_media":10673,"comment_status":"open","ping_status":"open","sticky":false,"template":"","format":"standard","meta":{"_acf_changed":false,"_genesis_hide_title":false,"_genesis_hide_breadcrumbs":false,"_genesis_hide_singular_image":false,"_genesis_hide_footer_widgets":false,"_genesis_custom_body_class":"","_genesis_custom_post_class":"","_genesis_layout":"","footnotes":""},"categories":[156,606],"tags":[182,640],"sponsor":[1087],"class_list":{"2":"type-post","7":"category-lieux","8":"category-montagnes","9":"tag-chamonix","10":"tag-glacier-fr","11":"sponsor-endorfeen","12":"entry"},"yoast_head":"<!-- This site is optimized with the Yoast SEO Premium plugin v26.2 (Yoast SEO v26.2) - https:\/\/yoast.com\/wordpress\/plugins\/seo\/ -->\n<title>Le Glacier des Bossons, les merveilles d&#039;un joyau alpin - endorfeen<\/title>\n<meta name=\"description\" content=\"Au c\u0153ur des Alpes fran\u00e7aises, le Glacier des Bossons est un tr\u00e9sor naturel qui fascine les visiteurs depuis des si\u00e8cles. Nich\u00e9 entre les...\" \/>\n<meta name=\"robots\" content=\"index, follow, max-snippet:-1, max-image-preview:large, max-video-preview:-1\" \/>\n<link rel=\"canonical\" href=\"https:\/\/endorfeen.com\/fr\/le-glacier-des-bossons-expedition-a-travers-lhistoire-et-les-merveilles-dun-joyau-alpin\/\" \/>\n<meta property=\"og:locale\" content=\"fr_FR\" \/>\n<meta property=\"og:type\" content=\"article\" \/>\n<meta property=\"og:title\" content=\"Le Glacier des Bossons : Exp\u00e9dition \u00e0 travers l&#039;histoire et les merveilles d&#039;un joyau alpin\" \/>\n<meta property=\"og:description\" content=\"Au c\u0153ur des Alpes fran\u00e7aises, le Glacier des Bossons est un tr\u00e9sor naturel qui fascine les visiteurs depuis des si\u00e8cles. Nich\u00e9 entre les...\" \/>\n<meta property=\"og:url\" content=\"https:\/\/endorfeen.com\/fr\/le-glacier-des-bossons-expedition-a-travers-lhistoire-et-les-merveilles-dun-joyau-alpin\/\" \/>\n<meta property=\"og:site_name\" content=\"endorfeen\" \/>\n<meta property=\"article:author\" content=\"http:\/\/www.facebook.com\/endorfeen-583261049007200\" \/>\n<meta property=\"article:published_time\" content=\"2023-04-13T07:00:00+00:00\" \/>\n<meta property=\"article:modified_time\" content=\"2023-08-18T10:01:52+00:00\" \/>\n<meta property=\"og:image\" content=\"https:\/\/endorfeen.com\/wp-content\/uploads\/2023\/04\/Bossons_Glacier_France-scaled.jpg\" \/>\n\t<meta property=\"og:image:width\" content=\"2560\" \/>\n\t<meta property=\"og:image:height\" content=\"1769\" \/>\n\t<meta property=\"og:image:type\" content=\"image\/jpeg\" \/>\n<meta name=\"author\" content=\"Thomas Viguier\" \/>\n<meta name=\"twitter:card\" content=\"summary_large_image\" \/>\n<meta name=\"twitter:creator\" content=\"@https:\/\/twitter.com\/endorfeen_\" \/>\n<meta name=\"twitter:label1\" content=\"\u00c9crit par\" \/>\n\t<meta name=\"twitter:data1\" content=\"Thomas Viguier\" \/>\n\t<meta name=\"twitter:label2\" content=\"Dur\u00e9e de lecture estim\u00e9e\" \/>\n\t<meta name=\"twitter:data2\" content=\"11 minutes\" \/>\n<script type=\"application\/ld+json\" class=\"yoast-schema-graph\">{\"@context\":\"https:\/\/schema.org\",\"@graph\":[{\"@type\":\"Article\",\"@id\":\"https:\/\/endorfeen.com\/fr\/le-glacier-des-bossons-expedition-a-travers-lhistoire-et-les-merveilles-dun-joyau-alpin\/#article\",\"isPartOf\":{\"@id\":\"https:\/\/endorfeen.com\/fr\/le-glacier-des-bossons-expedition-a-travers-lhistoire-et-les-merveilles-dun-joyau-alpin\/\"},\"author\":{\"name\":\"Thomas Viguier\",\"@id\":\"https:\/\/endorfeen.com\/fr\/#\/schema\/person\/76a61f8eb41d36fffdec1b376fcf19aa\"},\"headline\":\"Le Glacier des Bossons : Exp\u00e9dition \u00e0 travers l&rsquo;histoire et les merveilles d&rsquo;un joyau alpin\",\"datePublished\":\"2023-04-13T07:00:00+00:00\",\"dateModified\":\"2023-08-18T10:01:52+00:00\",\"mainEntityOfPage\":{\"@id\":\"https:\/\/endorfeen.com\/fr\/le-glacier-des-bossons-expedition-a-travers-lhistoire-et-les-merveilles-dun-joyau-alpin\/\"},\"wordCount\":2387,\"commentCount\":0,\"publisher\":{\"@id\":\"https:\/\/endorfeen.com\/fr\/#organization\"},\"image\":{\"@id\":\"https:\/\/endorfeen.com\/fr\/le-glacier-des-bossons-expedition-a-travers-lhistoire-et-les-merveilles-dun-joyau-alpin\/#primaryimage\"},\"thumbnailUrl\":\"https:\/\/endorfeen.com\/wp-content\/uploads\/2023\/04\/Bossons_Glacier_France-scaled.jpg\",\"keywords\":[\"#chamonix\",\"#Glacier\"],\"articleSection\":[\"Lieux\",\"Montagnes\"],\"inLanguage\":\"fr-FR\",\"potentialAction\":[{\"@type\":\"CommentAction\",\"name\":\"Comment\",\"target\":[\"https:\/\/endorfeen.com\/fr\/le-glacier-des-bossons-expedition-a-travers-lhistoire-et-les-merveilles-dun-joyau-alpin\/#respond\"]}]},{\"@type\":\"WebPage\",\"@id\":\"https:\/\/endorfeen.com\/fr\/le-glacier-des-bossons-expedition-a-travers-lhistoire-et-les-merveilles-dun-joyau-alpin\/\",\"url\":\"https:\/\/endorfeen.com\/fr\/le-glacier-des-bossons-expedition-a-travers-lhistoire-et-les-merveilles-dun-joyau-alpin\/\",\"name\":\"Le Glacier des Bossons, les merveilles d'un joyau alpin - endorfeen\",\"isPartOf\":{\"@id\":\"https:\/\/endorfeen.com\/fr\/#website\"},\"primaryImageOfPage\":{\"@id\":\"https:\/\/endorfeen.com\/fr\/le-glacier-des-bossons-expedition-a-travers-lhistoire-et-les-merveilles-dun-joyau-alpin\/#primaryimage\"},\"image\":{\"@id\":\"https:\/\/endorfeen.com\/fr\/le-glacier-des-bossons-expedition-a-travers-lhistoire-et-les-merveilles-dun-joyau-alpin\/#primaryimage\"},\"thumbnailUrl\":\"https:\/\/endorfeen.com\/wp-content\/uploads\/2023\/04\/Bossons_Glacier_France-scaled.jpg\",\"datePublished\":\"2023-04-13T07:00:00+00:00\",\"dateModified\":\"2023-08-18T10:01:52+00:00\",\"description\":\"Au c\u0153ur des Alpes fran\u00e7aises, le Glacier des Bossons est un tr\u00e9sor naturel qui fascine les visiteurs depuis des si\u00e8cles. Nich\u00e9 entre les...\",\"breadcrumb\":{\"@id\":\"https:\/\/endorfeen.com\/fr\/le-glacier-des-bossons-expedition-a-travers-lhistoire-et-les-merveilles-dun-joyau-alpin\/#breadcrumb\"},\"inLanguage\":\"fr-FR\",\"potentialAction\":[{\"@type\":\"ReadAction\",\"target\":[\"https:\/\/endorfeen.com\/fr\/le-glacier-des-bossons-expedition-a-travers-lhistoire-et-les-merveilles-dun-joyau-alpin\/\"]}]},{\"@type\":\"ImageObject\",\"inLanguage\":\"fr-FR\",\"@id\":\"https:\/\/endorfeen.com\/fr\/le-glacier-des-bossons-expedition-a-travers-lhistoire-et-les-merveilles-dun-joyau-alpin\/#primaryimage\",\"url\":\"https:\/\/endorfeen.com\/wp-content\/uploads\/2023\/04\/Bossons_Glacier_France-scaled.jpg\",\"contentUrl\":\"https:\/\/endorfeen.com\/wp-content\/uploads\/2023\/04\/Bossons_Glacier_France-scaled.jpg\",\"width\":2048,\"height\":1415,\"caption\":\"Glacier des Bossons, credits: wiki commons\"},{\"@type\":\"BreadcrumbList\",\"@id\":\"https:\/\/endorfeen.com\/fr\/le-glacier-des-bossons-expedition-a-travers-lhistoire-et-les-merveilles-dun-joyau-alpin\/#breadcrumb\",\"itemListElement\":[{\"@type\":\"ListItem\",\"position\":1,\"name\":\"Home\",\"item\":\"https:\/\/endorfeen.com\/fr\/\"},{\"@type\":\"ListItem\",\"position\":2,\"name\":\"Le Glacier des Bossons : Exp\u00e9dition \u00e0 travers l&#8217;histoire et les merveilles d&#8217;un joyau alpin\"}]},{\"@type\":\"WebSite\",\"@id\":\"https:\/\/endorfeen.com\/fr\/#website\",\"url\":\"https:\/\/endorfeen.com\/fr\/\",\"name\":\"endorfeen\",\"description\":\"The Media For Sustainable Outdoors.\",\"publisher\":{\"@id\":\"https:\/\/endorfeen.com\/fr\/#organization\"},\"potentialAction\":[{\"@type\":\"SearchAction\",\"target\":{\"@type\":\"EntryPoint\",\"urlTemplate\":\"https:\/\/endorfeen.com\/fr\/?s={search_term_string}\"},\"query-input\":{\"@type\":\"PropertyValueSpecification\",\"valueRequired\":true,\"valueName\":\"search_term_string\"}}],\"inLanguage\":\"fr-FR\"},{\"@type\":\"Organization\",\"@id\":\"https:\/\/endorfeen.com\/fr\/#organization\",\"name\":\"endorfeen\",\"url\":\"https:\/\/endorfeen.com\/fr\/\",\"logo\":{\"@type\":\"ImageObject\",\"inLanguage\":\"fr-FR\",\"@id\":\"https:\/\/endorfeen.com\/fr\/#\/schema\/logo\/image\/\",\"url\":\"https:\/\/endorfeen.com\/wp-content\/uploads\/2022\/06\/Circle-endorfeen-site-icon-circled-1000-x-1000-300psi.png\",\"contentUrl\":\"https:\/\/endorfeen.com\/wp-content\/uploads\/2022\/06\/Circle-endorfeen-site-icon-circled-1000-x-1000-300psi.png\",\"width\":1000,\"height\":1000,\"caption\":\"endorfeen\"},\"image\":{\"@id\":\"https:\/\/endorfeen.com\/fr\/#\/schema\/logo\/image\/\"}},{\"@type\":\"Person\",\"@id\":\"https:\/\/endorfeen.com\/fr\/#\/schema\/person\/76a61f8eb41d36fffdec1b376fcf19aa\",\"name\":\"Thomas Viguier\",\"image\":{\"@type\":\"ImageObject\",\"inLanguage\":\"fr-FR\",\"@id\":\"https:\/\/endorfeen.com\/fr\/#\/schema\/person\/image\/\",\"url\":\"https:\/\/secure.gravatar.com\/avatar\/3c24e541f6f82c052219429c60a8948b1c9ad8eda6daf26af0a100594146ab1a?s=96&d=mm&r=g\",\"contentUrl\":\"https:\/\/secure.gravatar.com\/avatar\/3c24e541f6f82c052219429c60a8948b1c9ad8eda6daf26af0a100594146ab1a?s=96&d=mm&r=g\",\"caption\":\"Thomas Viguier\"},\"description\":\"Everyone has a story to tell. endorfeen is built as a collaborative platform, giving the voice to anyone with a story to tell. If you have things you want to share, register here.\",\"sameAs\":[\"https:\/\/www.endorfeen.com\/\",\"http:\/\/www.facebook.com\/endorfeen-583261049007200\",\"http:\/\/www.instagram.com\/endorfeen_\/\",\"https:\/\/fi.pinterest.com\/endorfeen_\/\",\"https:\/\/x.com\/https:\/\/twitter.com\/endorfeen_\"],\"url\":\"https:\/\/endorfeen.com\/fr\/linkto\/endorfeen-mag\/\"}]}<\/script>\n<!-- \/ Yoast SEO Premium plugin. -->","yoast_head_json":{"title":"Le Glacier des Bossons, les merveilles d'un joyau alpin - endorfeen","description":"Au c\u0153ur des Alpes fran\u00e7aises, le Glacier des Bossons est un tr\u00e9sor naturel qui fascine les visiteurs depuis des si\u00e8cles. Nich\u00e9 entre les...","robots":{"index":"index","follow":"follow","max-snippet":"max-snippet:-1","max-image-preview":"max-image-preview:large","max-video-preview":"max-video-preview:-1"},"canonical":"https:\/\/endorfeen.com\/fr\/le-glacier-des-bossons-expedition-a-travers-lhistoire-et-les-merveilles-dun-joyau-alpin\/","og_locale":"fr_FR","og_type":"article","og_title":"Le Glacier des Bossons : Exp\u00e9dition \u00e0 travers l'histoire et les merveilles d'un joyau alpin","og_description":"Au c\u0153ur des Alpes fran\u00e7aises, le Glacier des Bossons est un tr\u00e9sor naturel qui fascine les visiteurs depuis des si\u00e8cles. Nich\u00e9 entre les...","og_url":"https:\/\/endorfeen.com\/fr\/le-glacier-des-bossons-expedition-a-travers-lhistoire-et-les-merveilles-dun-joyau-alpin\/","og_site_name":"endorfeen","article_author":"http:\/\/www.facebook.com\/endorfeen-583261049007200","article_published_time":"2023-04-13T07:00:00+00:00","article_modified_time":"2023-08-18T10:01:52+00:00","og_image":[{"width":2560,"height":1769,"url":"https:\/\/endorfeen.com\/wp-content\/uploads\/2023\/04\/Bossons_Glacier_France-scaled.jpg","type":"image\/jpeg"}],"author":"Thomas Viguier","twitter_card":"summary_large_image","twitter_creator":"@https:\/\/twitter.com\/endorfeen_","twitter_misc":{"\u00c9crit par":"Thomas Viguier","Dur\u00e9e de lecture estim\u00e9e":"11 minutes"},"schema":{"@context":"https:\/\/schema.org","@graph":[{"@type":"Article","@id":"https:\/\/endorfeen.com\/fr\/le-glacier-des-bossons-expedition-a-travers-lhistoire-et-les-merveilles-dun-joyau-alpin\/#article","isPartOf":{"@id":"https:\/\/endorfeen.com\/fr\/le-glacier-des-bossons-expedition-a-travers-lhistoire-et-les-merveilles-dun-joyau-alpin\/"},"author":{"name":"Thomas Viguier","@id":"https:\/\/endorfeen.com\/fr\/#\/schema\/person\/76a61f8eb41d36fffdec1b376fcf19aa"},"headline":"Le Glacier des Bossons : Exp\u00e9dition \u00e0 travers l&rsquo;histoire et les merveilles d&rsquo;un joyau alpin","datePublished":"2023-04-13T07:00:00+00:00","dateModified":"2023-08-18T10:01:52+00:00","mainEntityOfPage":{"@id":"https:\/\/endorfeen.com\/fr\/le-glacier-des-bossons-expedition-a-travers-lhistoire-et-les-merveilles-dun-joyau-alpin\/"},"wordCount":2387,"commentCount":0,"publisher":{"@id":"https:\/\/endorfeen.com\/fr\/#organization"},"image":{"@id":"https:\/\/endorfeen.com\/fr\/le-glacier-des-bossons-expedition-a-travers-lhistoire-et-les-merveilles-dun-joyau-alpin\/#primaryimage"},"thumbnailUrl":"https:\/\/endorfeen.com\/wp-content\/uploads\/2023\/04\/Bossons_Glacier_France-scaled.jpg","keywords":["#chamonix","#Glacier"],"articleSection":["Lieux","Montagnes"],"inLanguage":"fr-FR","potentialAction":[{"@type":"CommentAction","name":"Comment","target":["https:\/\/endorfeen.com\/fr\/le-glacier-des-bossons-expedition-a-travers-lhistoire-et-les-merveilles-dun-joyau-alpin\/#respond"]}]},{"@type":"WebPage","@id":"https:\/\/endorfeen.com\/fr\/le-glacier-des-bossons-expedition-a-travers-lhistoire-et-les-merveilles-dun-joyau-alpin\/","url":"https:\/\/endorfeen.com\/fr\/le-glacier-des-bossons-expedition-a-travers-lhistoire-et-les-merveilles-dun-joyau-alpin\/","name":"Le Glacier des Bossons, les merveilles d'un joyau alpin - endorfeen","isPartOf":{"@id":"https:\/\/endorfeen.com\/fr\/#website"},"primaryImageOfPage":{"@id":"https:\/\/endorfeen.com\/fr\/le-glacier-des-bossons-expedition-a-travers-lhistoire-et-les-merveilles-dun-joyau-alpin\/#primaryimage"},"image":{"@id":"https:\/\/endorfeen.com\/fr\/le-glacier-des-bossons-expedition-a-travers-lhistoire-et-les-merveilles-dun-joyau-alpin\/#primaryimage"},"thumbnailUrl":"https:\/\/endorfeen.com\/wp-content\/uploads\/2023\/04\/Bossons_Glacier_France-scaled.jpg","datePublished":"2023-04-13T07:00:00+00:00","dateModified":"2023-08-18T10:01:52+00:00","description":"Au c\u0153ur des Alpes fran\u00e7aises, le Glacier des Bossons est un tr\u00e9sor naturel qui fascine les visiteurs depuis des si\u00e8cles. Nich\u00e9 entre les...","breadcrumb":{"@id":"https:\/\/endorfeen.com\/fr\/le-glacier-des-bossons-expedition-a-travers-lhistoire-et-les-merveilles-dun-joyau-alpin\/#breadcrumb"},"inLanguage":"fr-FR","potentialAction":[{"@type":"ReadAction","target":["https:\/\/endorfeen.com\/fr\/le-glacier-des-bossons-expedition-a-travers-lhistoire-et-les-merveilles-dun-joyau-alpin\/"]}]},{"@type":"ImageObject","inLanguage":"fr-FR","@id":"https:\/\/endorfeen.com\/fr\/le-glacier-des-bossons-expedition-a-travers-lhistoire-et-les-merveilles-dun-joyau-alpin\/#primaryimage","url":"https:\/\/endorfeen.com\/wp-content\/uploads\/2023\/04\/Bossons_Glacier_France-scaled.jpg","contentUrl":"https:\/\/endorfeen.com\/wp-content\/uploads\/2023\/04\/Bossons_Glacier_France-scaled.jpg","width":2048,"height":1415,"caption":"Glacier des Bossons, credits: wiki commons"},{"@type":"BreadcrumbList","@id":"https:\/\/endorfeen.com\/fr\/le-glacier-des-bossons-expedition-a-travers-lhistoire-et-les-merveilles-dun-joyau-alpin\/#breadcrumb","itemListElement":[{"@type":"ListItem","position":1,"name":"Home","item":"https:\/\/endorfeen.com\/fr\/"},{"@type":"ListItem","position":2,"name":"Le Glacier des Bossons : Exp\u00e9dition \u00e0 travers l&#8217;histoire et les merveilles d&#8217;un joyau alpin"}]},{"@type":"WebSite","@id":"https:\/\/endorfeen.com\/fr\/#website","url":"https:\/\/endorfeen.com\/fr\/","name":"endorfeen","description":"The Media For Sustainable Outdoors.","publisher":{"@id":"https:\/\/endorfeen.com\/fr\/#organization"},"potentialAction":[{"@type":"SearchAction","target":{"@type":"EntryPoint","urlTemplate":"https:\/\/endorfeen.com\/fr\/?s={search_term_string}"},"query-input":{"@type":"PropertyValueSpecification","valueRequired":true,"valueName":"search_term_string"}}],"inLanguage":"fr-FR"},{"@type":"Organization","@id":"https:\/\/endorfeen.com\/fr\/#organization","name":"endorfeen","url":"https:\/\/endorfeen.com\/fr\/","logo":{"@type":"ImageObject","inLanguage":"fr-FR","@id":"https:\/\/endorfeen.com\/fr\/#\/schema\/logo\/image\/","url":"https:\/\/endorfeen.com\/wp-content\/uploads\/2022\/06\/Circle-endorfeen-site-icon-circled-1000-x-1000-300psi.png","contentUrl":"https:\/\/endorfeen.com\/wp-content\/uploads\/2022\/06\/Circle-endorfeen-site-icon-circled-1000-x-1000-300psi.png","width":1000,"height":1000,"caption":"endorfeen"},"image":{"@id":"https:\/\/endorfeen.com\/fr\/#\/schema\/logo\/image\/"}},{"@type":"Person","@id":"https:\/\/endorfeen.com\/fr\/#\/schema\/person\/76a61f8eb41d36fffdec1b376fcf19aa","name":"Thomas Viguier","image":{"@type":"ImageObject","inLanguage":"fr-FR","@id":"https:\/\/endorfeen.com\/fr\/#\/schema\/person\/image\/","url":"https:\/\/secure.gravatar.com\/avatar\/3c24e541f6f82c052219429c60a8948b1c9ad8eda6daf26af0a100594146ab1a?s=96&d=mm&r=g","contentUrl":"https:\/\/secure.gravatar.com\/avatar\/3c24e541f6f82c052219429c60a8948b1c9ad8eda6daf26af0a100594146ab1a?s=96&d=mm&r=g","caption":"Thomas Viguier"},"description":"Everyone has a story to tell. endorfeen is built as a collaborative platform, giving the voice to anyone with a story to tell. If you have things you want to share, register here.","sameAs":["https:\/\/www.endorfeen.com\/","http:\/\/www.facebook.com\/endorfeen-583261049007200","http:\/\/www.instagram.com\/endorfeen_\/","https:\/\/fi.pinterest.com\/endorfeen_\/","https:\/\/x.com\/https:\/\/twitter.com\/endorfeen_"],"url":"https:\/\/endorfeen.com\/fr\/linkto\/endorfeen-mag\/"}]}},"featured_image_src":"https:\/\/endorfeen.com\/wp-content\/uploads\/2023\/04\/Bossons_Glacier_France-600x400.jpg","featured_image_src_square":"https:\/\/endorfeen.com\/wp-content\/uploads\/2023\/04\/Bossons_Glacier_France-600x600.jpg","author_info":{"display_name":"Thomas Viguier","author_link":"https:\/\/endorfeen.com\/fr\/linkto\/endorfeen-mag\/"},"acf":[],"_links":{"self":[{"href":"https:\/\/endorfeen.com\/fr\/wp-json\/wp\/v2\/posts\/10668","targetHints":{"allow":["GET"]}}],"collection":[{"href":"https:\/\/endorfeen.com\/fr\/wp-json\/wp\/v2\/posts"}],"about":[{"href":"https:\/\/endorfeen.com\/fr\/wp-json\/wp\/v2\/types\/post"}],"author":[{"embeddable":true,"href":"https:\/\/endorfeen.com\/fr\/wp-json\/wp\/v2\/users\/30"}],"replies":[{"embeddable":true,"href":"https:\/\/endorfeen.com\/fr\/wp-json\/wp\/v2\/comments?post=10668"}],"version-history":[{"count":0,"href":"https:\/\/endorfeen.com\/fr\/wp-json\/wp\/v2\/posts\/10668\/revisions"}],"wp:featuredmedia":[{"embeddable":true,"href":"https:\/\/endorfeen.com\/fr\/wp-json\/wp\/v2\/media\/10673"}],"wp:attachment":[{"href":"https:\/\/endorfeen.com\/fr\/wp-json\/wp\/v2\/media?parent=10668"}],"wp:term":[{"taxonomy":"category","embeddable":true,"href":"https:\/\/endorfeen.com\/fr\/wp-json\/wp\/v2\/categories?post=10668"},{"taxonomy":"post_tag","embeddable":true,"href":"https:\/\/endorfeen.com\/fr\/wp-json\/wp\/v2\/tags?post=10668"},{"taxonomy":"sponsor","embeddable":true,"href":"https:\/\/endorfeen.com\/fr\/wp-json\/wp\/v2\/sponsor?post=10668"}],"curies":[{"name":"wp","href":"https:\/\/api.w.org\/{rel}","templated":true}]}}