{"id":10548,"date":"2023-03-29T08:00:00","date_gmt":"2023-03-29T07:00:00","guid":{"rendered":"https:\/\/endorfeen.com\/?p=10548"},"modified":"2023-08-18T11:01:54","modified_gmt":"2023-08-18T10:01:54","slug":"defiant-la-gravite-le-voyage-inspirant-de-brette-harrington","status":"publish","type":"post","link":"https:\/\/endorfeen.com\/fr\/defiant-la-gravite-le-voyage-inspirant-de-brette-harrington\/","title":{"rendered":"<strong>D\u00e9fiant la gravit\u00e9 : Le voyage inspirant de Brette Harrington<\/strong>"},"content":{"rendered":"\n<p>Originaire du lac Tahoe, en Californie, n\u00e9e en 1992, Brette Harrington s&rsquo;est taill\u00e9 une r\u00e9putation de grimpeuse professionnelle et alpiniste distingu\u00e9e. R\u00e9sidant actuellement en Colombie-Britannique, au Canada, sa passion in\u00e9branlable pour les montagnes l&rsquo;a amen\u00e9e \u00e0 poursuivre ses r\u00eaves d&rsquo;ascension de grandes parois recul\u00e9es et de tracer de nouvelles voies. Par cons\u00e9quent, Brette a r\u00e9alis\u00e9 des premi\u00e8res ascensions au Canada, aux \u00c9tats-Unis et en Patagonie. Elle est aliment\u00e9e par un esprit d&rsquo;aventure et d&rsquo;innovation qui la pousse constamment \u00e0 grimper de nouveaux sommets.<\/p>\n\n\n\n<p>Ses accomplissements impressionnants et son d\u00e9vouement pour le sport ont valu \u00e0 Brette une place dans le documentaire de 2021 The Alpinist. L\u00e0, elle est apparue aux c\u00f4t\u00e9s de son partenaire d\u00e9c\u00e9d\u00e9, <a href=\"https:\/\/endorfeen.com\/fr\/marc-andre-leclerc-un-alpiniste-discret\/\">Marc-Andr\u00e9 Leclerc<\/a>.<\/p>\n\n\n\n<p>Les distinctions de Brette comprennent la premi\u00e8re ascension en solo libre de la Chiaro di Luna (5.11a) de 760 m\u00e8tres (2 500 pieds) en Patagonie, son travail novateur pour d\u00e9velopper de nouvelles voies d&rsquo;escalade alpine et son r\u00f4le principal dans <i>Brette<\/i>, un court m\u00e9trage pr\u00e9sent\u00e9 dans le Reel Rock Film Tour.<\/p>\n\n\n\n<p>Avec une volont\u00e9 in\u00e9branlable d&rsquo;affiner ses comp\u00e9tences d&rsquo;escalade, Brette aspire \u00e0 concevoir des itin\u00e9raires de plus en plus exigeants et captivants dans sa qu\u00eate de perfection en alpinisme.<\/p>\n\n\n\n<h2 class=\"wp-block-heading\" id=\"h-vie-precoce-et-introduction-a-l-escalade\">Vie pr\u00e9coce et introduction \u00e0 l&rsquo;escalade<\/h2>\n\n\n\n<p>La fille de deux skieurs passionn\u00e9s, Brette Harrington, a grandi au milieu du paysage enneig\u00e9 du lac Tahoe. Entamant son voyage de ski \u00e0 seulement deux ans, elle a ensuite commenc\u00e9 \u00e0 participer \u00e0 des comp\u00e9titions de slalom \u00e0 partir de cinq ans. Pendant ses ann\u00e9es d&rsquo;adolescence, elle a fr\u00e9quent\u00e9 le Holderness School, un pensionnat nich\u00e9 pr\u00e8s des White Mountains du New Hampshire. Pendant ses ann\u00e9es de lyc\u00e9e, la curiosit\u00e9 de Harrington pour l&rsquo;escalade a \u00e9t\u00e9 piqu\u00e9e, ce qui l&rsquo;a amen\u00e9e \u00e0 rejoindre le club de l&rsquo;\u00e9cole.<\/p>\n\n\n\n<p>Les poursuites d&rsquo;escalade de Harrington se concentraient autour de voies d&rsquo;escalade en ext\u00e9rieur mod\u00e9r\u00e9es dans des endroits renomm\u00e9s du New Hampshire tels que Rumney, Cathedral Ledges et White Horse. Le club s&rsquo;est abstenu de participer \u00e0 des comp\u00e9titions d&rsquo;escalade, car ses membres trouvaient que l&rsquo;escalade \u00e9tait \u00ab intrins\u00e8quement sp\u00e9ciale \u00bb, embrassant ses d\u00e9fis pour leur \u00e9panouissement personnel.<\/p>\n\n\n\n<figure class=\"wp-block-image size-large is-resized wp-block-size-large\"><img loading=\"lazy\" decoding=\"async\" src=\"https:\/\/endorfeen.com\/wp-content\/uploads\/2023\/03\/Brette-Harrington-2-683x1024.jpg\" alt=\" class=\" class=\"wp-image-10540\" width=\"805\" height=\"1207\" srcset=\"https:\/\/endorfeen.com\/wp-content\/uploads\/2023\/03\/Brette-Harrington-2-200x300.jpg 200w, https:\/\/endorfeen.com\/wp-content\/uploads\/2023\/03\/Brette-Harrington-2-683x1024.jpg 683w, https:\/\/endorfeen.com\/wp-content\/uploads\/2023\/03\/Brette-Harrington-2-768x1152.jpg 768w, https:\/\/endorfeen.com\/wp-content\/uploads\/2023\/03\/Brette-Harrington-2-1024x1536.jpg 1024w, https:\/\/endorfeen.com\/wp-content\/uploads\/2023\/03\/Brette-Harrington-2-1365x2048.jpg 1365w, https:\/\/endorfeen.com\/wp-content\/uploads\/2023\/03\/Brette-Harrington-2-scaled.jpg 1366w\" sizes=\"auto, (max-width: 805px) 100vw, 805px\" \/><figcaption class=\"wp-element-caption\">Brette Harrington grimpe \u00e0 Makatea, Polyn\u00e9sie fran\u00e7aise \/\/ Elliott Bernhagen \/ Red Bull Content Pool<\/figcaption><\/figure>\n\n\n\n<p>En d\u00e9m\u00e9nageant \u00e0 Vancouver, Canada, pour assister \u00e0 l&rsquo;Universit\u00e9 de la Colombie-Britannique, Harrington a d&rsquo;abord poursuivi ses efforts de ski slopestyle. Cependant, une s\u00e9rie de blessures graves, y compris une fracture de la nuque \u00e0 20 ans, l&rsquo;ont forc\u00e9e \u00e0 reconsid\u00e9rer sa concentration. Par cons\u00e9quent, Harrington a report\u00e9 son attention sur le ski de randonn\u00e9e en arri\u00e8re-pays et l&rsquo;escalade dans et autour de Squamish, en Colombie-Britannique.<\/p>\n\n\n\n<h2 class=\"wp-block-heading\" id=\"h-une-carriere-d-escalade-impressionnante-jusqu-a-present\">Une carri\u00e8re d&rsquo;escalade impressionnante jusqu&rsquo;\u00e0 pr\u00e9sent.<\/h2>\n\n\n\n<p>Brette Harrington s&rsquo;est \u00e9tablie comme une grimpeuse traditionnelle habile, conqu\u00e9rant des voies telles que Grand Illusion (5.13c) sur Sugarloaf dans le lac Tahoe, et The Free Muir (5.13c) sur El Capitan en Californie, \u00e0 Yosemite. Sa comp\u00e9tence en technique multi-longueur et son talent pour d\u00e9velopper de nouvelles lignes ont suscit\u00e9 la reconnaissance et l&rsquo;admiration au sein de la communaut\u00e9 de l&rsquo;escalade.<\/p>\n\n\n\n<h3 class=\"wp-block-heading\" id=\"h-brette-harrington-sur-chiaro-di-luna\">Brette Harrington sur Chiaro di Luna<\/h3>\n\n\n\n<p>\u00c0 la fin de ses \u00e9tudes en d\u00e9cembre 2014, Brette entreprit son premier voyage vers la Patagonie. En f\u00e9vrier 2015, \u00e0 l&rsquo;\u00e2ge de 23 ans, elle s&rsquo;est propuls\u00e9e vers la c\u00e9l\u00e9brit\u00e9 en escalade en r\u00e9alisant la premi\u00e8re ascension en solo libre de la voie de 760 m\u00e8tres 5.11a Chiaro de Luna sur Saint Exup\u00e9ry dans le massif Fitz Roy.<\/p>\n\n\n\n<p>Apr\u00e8s une seule ascension aux c\u00f4t\u00e9s de son partenaire d\u00e9c\u00e9d\u00e9, le c\u00e9l\u00e8bre alpiniste canadien <a href=\"https:\/\/endorfeen.com\/fr\/marc-andre-leclerc-un-alpiniste-discret\/\">Marc-Andr\u00e9 Leclerc<\/a>, Brette a remarquablement gravi les 20 longueurs de la voie en seulement trois heures. Cet exploit lui a non seulement permis de devenir la premi\u00e8re femme \u00e0 gravir seule une voie du massif du Fitz Roy, mais lui a \u00e9galement valu une reconnaissance internationale en tant qu&rsquo;alpiniste.<\/p>\n\n\n\n<p>Bien que Alex Huber ait pr\u00e9c\u00e9demment gravi la voie en 2011, Brette est devenu le premier grimpeur, quel que soit son genre, \u00e0 la conqu\u00e9rir sans l&rsquo;utilisation d&rsquo;\u00e9quipement ou de protection. Ce exploit extraordinaire a \u00e9t\u00e9 class\u00e9 parmi les dix plus l\u00e9gendaires free solos de l&rsquo;histoire.<\/p>\n\n\n\n<p>Le soliste libre Austin Howell a salu\u00e9 l&rsquo;exploit de Brette, d\u00e9clarant : \u00ab C&rsquo;est sans aucun doute l&rsquo;un des solos libres les plus cools jamais r\u00e9alis\u00e9s, et c&rsquo;est remarquable car c&rsquo;est l&rsquo;un des rares solos libres r\u00e9alis\u00e9s sur les grandes montagnes de Patagonie. \u00bb<\/p>\n\n\n\n<h3 class=\"wp-block-heading\" id=\"h-autres-premieres-ascensions-notables\">Autres premi\u00e8res ascensions notables<\/h3>\n\n\n\n<p>Environ 2013, Brette Harrington et son partenaire, le regrett\u00e9 <a href=\"https:\/\/endorfeen.com\/fr\/marc-andre-leclerc-un-alpiniste-discret\/\">Marc-Andr\u00e9 Leclerc<\/a>, se sont lanc\u00e9s dans une s\u00e9rie d&rsquo;explorations et de premi\u00e8res ascensions dans les montagnes de l&rsquo;ouest du Canada. Comme l&rsquo;a observ\u00e9 Harrington : \u00ab En escaladant autour de chez nous, beaucoup de choses n&rsquo;ont pas encore \u00e9t\u00e9 faites. \u00bb En 2014, le duo a r\u00e9alis\u00e9 la premi\u00e8re ascension de Straight No Chaser, une voie de 1500 m (5.11\/A1) dans la cha\u00eene Waddington, au Canada. Deux ans plus tard, Harrington, Leclerc et Ryan Johnson ont ouvert la premi\u00e8re ascension de la Northwest Turret (5.13a, A2) sur le Great Sail Peak de l&rsquo;\u00eele de Baffin, au Canada.<\/p>\n\n\n\n<p>En mai 2018, Harrington et sa camarade alpiniste Rose Pearson ont \u00e9tabli une nouvelle route alpine \u00e9tendue, nomm\u00e9e \u00ab Life Compass \u00bb, sur la face ouest du Mont Blane, dans les Rocheuses canadiennes. Cette route r\u00e9volutionnaire a \u00e9t\u00e9 salu\u00e9e comme \u00ab l&rsquo;une des rares ascensions de cette taille et de ce niveau jamais \u00e9tablies dans les Rocheuses canadiennes par une \u00e9quipe exclusivement f\u00e9minine \u00bb.<\/p>\n\n\n\n<p>En d\u00e9but avril 2019, Harrington s&rsquo;est associ\u00e9 \u00e0 Ines Papert et Luka Lindi\u010d pour r\u00e9aliser la premi\u00e8re ascension d&rsquo;une nouvelle voie, <i>The Sound of Silence<\/i>, sur la face Est du mont Fay, dans les Rocheuses de l&rsquo;Alberta, au Canada. Le trio a compl\u00e9t\u00e9 la voie de 1100 m\u00e8tres de fa\u00e7on rapide et l\u00e9g\u00e8re, avec une seule nuit pass\u00e9e \u00e0 75 m\u00e8tres (250 pieds) sous le sommet.<\/p>\n\n\n\n<h3 class=\"wp-block-heading\" id=\"h-autres-ascensions-notables\">Autres ascensions notables<\/h3>\n\n\n\n<p>En \u00e9t\u00e9 2016, Brette Harrington, Marc-Andr\u00e9 Leclerc et Joshua Lavigne sont all\u00e9s dans les fjords de l&rsquo;est de l&rsquo;\u00eele de Baffin. Ils y ont pass\u00e9 trente jours. Ils ont cr\u00e9\u00e9 deux nouvelles lignes sur le Great Sail Peak. L&rsquo;une \u00e9tait Northwest Turret (5.13a A2, 22 longueurs). L&rsquo;autre \u00e9tait l&rsquo;Ouest Buttress du Great Sail Peak (5.12 C1).<\/p>\n\n\n\n<p>Plus tard dans l&rsquo;ann\u00e9e, Brette et Leclerc ont pass\u00e9 huit jours sur un autre projet. Ils ont d\u00e9velopp\u00e9 <i>Hidden Dragon<\/i> (5.12b, 11 longueurs). C&rsquo;\u00e9tait sur le <i>Chinese Puzzle Wall<\/i> dans la vall\u00e9e de Nesakwatch, Colombie-Britannique. L&rsquo;ann\u00e9e suivante, ils ont \u00e9tabli <i>Aurorophobia<\/i> (5.13+) dans la vall\u00e9e de Wiaparous, Alberta.<\/p>\n\n\n\n<p>En f\u00e9vrier 2017, Brette Harrington et Mayan Smith-Gobat se sont lanc\u00e9es dans un ambitieux projet patagonien, visant \u00e0 r\u00e9aliser la premi\u00e8re ascension libre de la redoutable voie de grande paroi, Riders of the Storm, sur la Tour Central Paine.<\/p>\n\n\n\n<p>Pendant cette exp\u00e9dition de 2017, Brette et Mayan ont fait face aux \u00e9l\u00e9ments difficiles du parcours \u00ab Riders on the Storm \u00bb. Bien qu&rsquo;ils aient fait des progr\u00e8s sur certaines longueurs cruciales, les grimpeurs ont \u00e9t\u00e9 contraints d&rsquo;abandonner leur tentative de sommet en raison des conditions m\u00e9t\u00e9orologiques d\u00e9favorables. S&rsquo;adaptant aux circonstances, Brette a racont\u00e9 : \u00ab Nous avons d\u00fb employer toutes les techniques de notre arsenal pour naviguer dans les sections couvertes de glace et souvent sans protection. Notre objectif a chang\u00e9 pour simplement compl\u00e9ter la premi\u00e8re moiti\u00e9 de \u00ab Riders on the Storm \u00bb en utilisant tous les styles possibles. \u00bb<\/p>\n\n\n\n<p>En juin 2018, Brette s&rsquo;est aventur\u00e9 en Alaska avec l&rsquo;alpiniste suisse Caro North, \u00e9tablissant deux itin\u00e9raires et une descente en ski. Le duo avait pr\u00e9c\u00e9demment grimp\u00e9 ensemble aux \u00c9tats-Unis et en Patagonie. Leurs accomplissements comprenaient une route de 500 m\u00e8tres 5.10b M5 + sur la tour Southern Duke dans le champ de glace de Juneau et une voie de cinq longueurs 5.10 + sur la face ouest des tours Taku.<\/p>\n\n\n\n<p>Quelques mois plus tard, Brette est retourn\u00e9e \u00e0 Juneau avec Gabe Hayden pour r\u00e9aliser la premi\u00e8re ascension d&rsquo;une ligne qu&rsquo;elle avait rep\u00e9r\u00e9e lors de son voyage de juin avec North sur la face Ouest de la Patte du Diable. Le duo a nomm\u00e9 la voie de 1300 m\u00e8tres 5.11a \u00ab Shaa T\u00e9ix&rsquo;i \u00bb, signifiant \u00ab C\u0153ur de la Montagne \u00bb.<\/p>\n\n\n\n<h3 class=\"wp-block-heading\" id=\"h-sommets-d-hiver-les-impressionnantes-ascensions-de-brette-harrington-en-colombie-britannique\">Sommets d&rsquo;hiver : les impressionnantes ascensions de Brette Harrington en Colombie-Britannique<\/h3>\n\n\n\n<p>Sa ma\u00eetrise de l&rsquo;escalade en hiver de Brette Harrington est tout aussi impressionnante que ses r\u00e9alisations en escalade sur rocher. Ensemble avec Marc-Andr\u00e9 Leclerc, ils ont accompli de nombreuses ascensions difficiles en Colombie-Britannique, telles que la premi\u00e8re ascension hivernale de la face nord du mont Ledge via la ligne d&rsquo;\u00e9t\u00e9 Walter \/ Zenger. D\u00e9but f\u00e9vrier 2018, Brette a particip\u00e9 \u00e0 la deuxi\u00e8me ascension de The Theft (M7 WI6 +, 240 m) dans la r\u00e9gion de Bridge River, aux c\u00f4t\u00e9s de Steve Janes.<\/p>\n\n\n\n<p>En m\u00eame mois, Brette a compl\u00e9t\u00e9 son projet d&rsquo;hiver en dirigeant chaque prise lors d&rsquo;une premi\u00e8re ascension de quatre jours de Jupiter Shift, un M5+ de 200 m\u00e8tres sur la face nord de Station-D, pr\u00e8s du mont Slesse en Colombie-Britannique, une fois de plus en partenariat avec Leclerc.<\/p>\n\n\n\n<h2 class=\"wp-block-heading\" id=\"h-prix-et-couverture-mediatique-de-brette-harrington\">Prix et couverture m\u00e9diatique de Brette Harrington<\/h2>\n\n\n\n<p>Les remarquables r\u00e9alisations de Brette Harrington en escalade en fissure et en alpinisme lui ont valu d&rsquo;\u00eatre reconnue comme l&rsquo;une des meilleures grimpeuses du monde, comme le soulignait Gripped Magazine en 2016. Sa capacit\u00e9 \u00e0 maintenir le contr\u00f4le physique et \u00e9motionnel tout en affrontant des itin\u00e9raires difficiles l&rsquo;a rendue tr\u00e8s populaire aupr\u00e8s des fans, dont l&rsquo;esprit d&rsquo;escalade est d\u00e9crit comme \u00ab br\u00fblant vivement \u00bb et portant sa joie sur son visage comme un feu d&rsquo;artifice brillant.<\/p>\n\n\n\n<p>En 2016, Harrington \u00e9tait le sujet d&rsquo;un court m\u00e9trage de la tourn\u00e9e Reel Rock Film intitul\u00e9 <i>Brette<\/i>. Le film a captur\u00e9 sa premi\u00e8re ann\u00e9e de grimpe \u00e0 temps plein, mettant en lumi\u00e8re son potentiel pour devenir une l\u00e9gende de l&rsquo;escalade dans les pas de Steph Davis.<\/p>\n\n\n\n<p>Forbes Magazine a nomm\u00e9 Harrington l&rsquo;une des meilleures femmes dans le sport \u00e0 surveiller en 2017, et en 2018, deux de ses itin\u00e9raires ont \u00e9t\u00e9 nomin\u00e9s pour le prestigieux prix Piolets d&rsquo;Or : Devil&rsquo;s Paw, achev\u00e9 avec Gabe Hayden, en Alaska, et Mount Blane, dans les Rocheuses canadiennes, achev\u00e9 avec Rose Pearson.<\/p>\n\n\n\n<p>Harrington est apparue dans le film de 2021 The Alpinist. Il suit la carri\u00e8re d&rsquo;escalade de son partenaire d\u00e9c\u00e9d\u00e9, Marc-Andr\u00e9 Leclerc. Elle a accept\u00e9 de tourner davantage apr\u00e8s la trag\u00e9die. Cela montre sa force et sa r\u00e9silience en tant qu&rsquo;alpiniste et personne.<\/p>\n\n\n\n<h2 class=\"wp-block-heading\" id=\"h-vie-personnelle\">Vie personnelle<\/h2>\n\n\n\n<p>Le partenaire et compagnon d&rsquo;alpinisme de longue date de Brette Harrington, Marc-Andr\u00e9 Leclerc, a tragiquement \u00e9t\u00e9 confirm\u00e9 mort en mars 2018 apr\u00e8s avoir \u00e9t\u00e9 port\u00e9 disparu lors d&rsquo;une exp\u00e9dition d&rsquo;escalade pr\u00e8s de Juneau, en Alaska. Suite \u00e0 la mort de Leclerc, Harrington a pris deux ans pour se concentrer sur les itin\u00e9raires alpins, en utilisant la premi\u00e8re ann\u00e9e pour faire le deuil de son partenaire tout en s&rsquo;immergeant dans les montagnes.<\/p>\n\n\n\n<figure class=\"wp-block-image size-large wp-block-size-large\"><img loading=\"lazy\" decoding=\"async\" width=\"1024\" height=\"683\" src=\"https:\/\/endorfeen.com\/wp-content\/uploads\/2023\/03\/SI202207220729-1024x683.jpg\" alt=\" class=\" class=\"wp-image-10542\" srcset=\"https:\/\/endorfeen.com\/wp-content\/uploads\/2023\/03\/SI202207220729-300x200.jpg 300w, https:\/\/endorfeen.com\/wp-content\/uploads\/2023\/03\/SI202207220729-600x400.jpg 600w, https:\/\/endorfeen.com\/wp-content\/uploads\/2023\/03\/SI202207220729-768x512.jpg 768w, https:\/\/endorfeen.com\/wp-content\/uploads\/2023\/03\/SI202207220729-1024x683.jpg 1024w, https:\/\/endorfeen.com\/wp-content\/uploads\/2023\/03\/SI202207220729-1536x1024.jpg 1536w, https:\/\/endorfeen.com\/wp-content\/uploads\/2023\/03\/SI202207220729-scaled.jpg 2048w\" sizes=\"auto, (max-width: 1024px) 100vw, 1024px\" \/><figcaption class=\"wp-element-caption\">Elliott Bernhagen \/ Red Bull Content Pool<\/figcaption><\/figure>\n\n\n\n<p>En l&rsquo;honneur de Leclerc, Harrington a nomm\u00e9 sa route de Mont Blane de mai 2018 \u00ab Life Compass \u00bb, la d\u00e9diant \u00e0 son mentor, partenaire et amour de l&rsquo;escalade. Harrington a \u00e9galement d\u00e9di\u00e9 sa premi\u00e8re ascension de \u00ab The Sound of Silence \u00bb, achev\u00e9e avec Luka Lindi\u010d en 2019, \u00e0 Leclerc, qui travaillait pr\u00e9c\u00e9demment sur la route.<\/p>\n\n\n\n<p>Il est \u00e0 noter que Brette Harrington n&rsquo;est pas li\u00e9 \u00e0 l&rsquo;alpiniste Emily Harrington.<\/p>\n\n\n\n<h2 class=\"wp-block-heading\" id=\"h-conclusion\"><strong>Conclusion<\/strong><\/h2>\n\n\n\n<p>Brette Harrington s&rsquo;est \u00e9tablie comme une figure de premier plan dans le monde de l&rsquo;escalade et de l&rsquo;alpinisme. Elle a repouss\u00e9 les limites et r\u00e9alis\u00e9 des exploits impressionnants dans sa qu\u00eate d&rsquo;excellence en montagne. Ses r\u00e9alisations s&rsquo;\u00e9tendent sur les continents et comprennent des premi\u00e8res ascensions remarquables, des escalades en solo libre et des exp\u00e9ditions novatrices.<\/p>\n\n\n\n<p>Malgr\u00e9 la tragique perte de son partenaire, <a href=\"https:\/\/endorfeen.com\/fr\/marc-andre-leclerc-un-alpiniste-discret\/\">Marc-Andr\u00e9 Leclerc<\/a>, Harrington inspire et \u00e9merveille la communaut\u00e9 de l&rsquo;escalade avec sa passion, sa pers\u00e9v\u00e9rance et son d\u00e9vouement pour le sport.<\/p>\n","protected":false},"excerpt":{"rendered":"<p>Originaire du lac Tahoe, en Californie, n\u00e9e en 1992, Brette Harrington s&rsquo;est taill\u00e9 une r\u00e9putation de grimpeuse professionnelle et alpiniste distingu\u00e9e. R\u00e9sidant actuellement en Colombie-Britannique, au Canada, sa passion in\u00e9branlable pour les montagnes l&rsquo;a amen\u00e9e \u00e0 poursuivre ses r\u00eaves d&rsquo;ascension de grandes parois recul\u00e9es et de tracer de nouvelles voies. Par cons\u00e9quent, Brette a r\u00e9alis\u00e9 &hellip;<\/p>\n","protected":false},"author":30,"featured_media":10539,"comment_status":"closed","ping_status":"closed","sticky":false,"template":"","format":"standard","meta":{"_acf_changed":false,"_genesis_hide_title":false,"_genesis_hide_breadcrumbs":false,"_genesis_hide_singular_image":false,"_genesis_hide_footer_widgets":false,"_genesis_custom_body_class":"","_genesis_custom_post_class":"","_genesis_layout":"","footnotes":""},"categories":[158],"tags":[176,619,159],"sponsor":[1087],"class_list":{"2":"type-post","7":"category-prophetes","8":"tag-alpinisme-fr","9":"tag-alpinisme","10":"tag-escalade","11":"sponsor-endorfeen","12":"entry"},"yoast_head":"<!-- This site is optimized with the Yoast SEO Premium plugin v26.2 (Yoast SEO v26.2) - https:\/\/yoast.com\/wordpress\/plugins\/seo\/ -->\n<title>Brette Harrington, D\u00e9fiant la Gravit\u00e9 - endorfeen<\/title>\n<meta name=\"description\" content=\"Brette Harrington : Originaire du lac Tahoe, en Californie, n\u00e9e en 1992, Brette Harrington s&#039;est taill\u00e9 une r\u00e9putation de...\" \/>\n<meta name=\"robots\" content=\"index, follow, max-snippet:-1, max-image-preview:large, max-video-preview:-1\" \/>\n<link rel=\"canonical\" href=\"https:\/\/endorfeen.com\/fr\/defiant-la-gravite-le-voyage-inspirant-de-brette-harrington\/\" \/>\n<meta property=\"og:locale\" content=\"fr_FR\" \/>\n<meta property=\"og:type\" content=\"article\" \/>\n<meta property=\"og:title\" content=\"D\u00e9fiant la gravit\u00e9 : Le voyage inspirant de Brette Harrington\" \/>\n<meta property=\"og:description\" content=\"Brette Harrington : Originaire du lac Tahoe, en Californie, n\u00e9e en 1992, Brette Harrington s&#039;est taill\u00e9 une r\u00e9putation de...\" \/>\n<meta property=\"og:url\" content=\"https:\/\/endorfeen.com\/fr\/defiant-la-gravite-le-voyage-inspirant-de-brette-harrington\/\" \/>\n<meta property=\"og:site_name\" content=\"endorfeen\" \/>\n<meta property=\"article:author\" content=\"http:\/\/www.facebook.com\/endorfeen-583261049007200\" \/>\n<meta property=\"article:published_time\" content=\"2023-03-29T07:00:00+00:00\" \/>\n<meta property=\"article:modified_time\" content=\"2023-08-18T10:01:54+00:00\" \/>\n<meta property=\"og:image\" content=\"https:\/\/endorfeen.com\/wp-content\/uploads\/2023\/03\/Brette-Harrington-scaled.jpg\" \/>\n\t<meta property=\"og:image:width\" content=\"2560\" \/>\n\t<meta property=\"og:image:height\" content=\"1707\" \/>\n\t<meta property=\"og:image:type\" content=\"image\/jpeg\" \/>\n<meta name=\"author\" content=\"Thomas Viguier\" \/>\n<meta name=\"twitter:card\" content=\"summary_large_image\" \/>\n<meta name=\"twitter:creator\" content=\"@https:\/\/twitter.com\/endorfeen_\" \/>\n<meta name=\"twitter:label1\" content=\"\u00c9crit par\" \/>\n\t<meta name=\"twitter:data1\" content=\"Thomas Viguier\" \/>\n\t<meta name=\"twitter:label2\" content=\"Dur\u00e9e de lecture estim\u00e9e\" \/>\n\t<meta name=\"twitter:data2\" content=\"9 minutes\" \/>\n<script type=\"application\/ld+json\" class=\"yoast-schema-graph\">{\"@context\":\"https:\/\/schema.org\",\"@graph\":[{\"@type\":\"Article\",\"@id\":\"https:\/\/endorfeen.com\/fr\/defiant-la-gravite-le-voyage-inspirant-de-brette-harrington\/#article\",\"isPartOf\":{\"@id\":\"https:\/\/endorfeen.com\/fr\/defiant-la-gravite-le-voyage-inspirant-de-brette-harrington\/\"},\"author\":{\"name\":\"Thomas Viguier\",\"@id\":\"https:\/\/endorfeen.com\/fr\/#\/schema\/person\/76a61f8eb41d36fffdec1b376fcf19aa\"},\"headline\":\"D\u00e9fiant la gravit\u00e9 : Le voyage inspirant de Brette Harrington\",\"datePublished\":\"2023-03-29T07:00:00+00:00\",\"dateModified\":\"2023-08-18T10:01:54+00:00\",\"mainEntityOfPage\":{\"@id\":\"https:\/\/endorfeen.com\/fr\/defiant-la-gravite-le-voyage-inspirant-de-brette-harrington\/\"},\"wordCount\":2114,\"publisher\":{\"@id\":\"https:\/\/endorfeen.com\/fr\/#organization\"},\"image\":{\"@id\":\"https:\/\/endorfeen.com\/fr\/defiant-la-gravite-le-voyage-inspirant-de-brette-harrington\/#primaryimage\"},\"thumbnailUrl\":\"https:\/\/endorfeen.com\/wp-content\/uploads\/2023\/03\/Brette-Harrington-scaled.jpg\",\"keywords\":[\"#Alpinisme\",\"#Alpinisme\",\"#escalade\"],\"articleSection\":[\"Proph\u00e8tes\"],\"inLanguage\":\"fr-FR\"},{\"@type\":\"WebPage\",\"@id\":\"https:\/\/endorfeen.com\/fr\/defiant-la-gravite-le-voyage-inspirant-de-brette-harrington\/\",\"url\":\"https:\/\/endorfeen.com\/fr\/defiant-la-gravite-le-voyage-inspirant-de-brette-harrington\/\",\"name\":\"Brette Harrington, D\u00e9fiant la Gravit\u00e9 - endorfeen\",\"isPartOf\":{\"@id\":\"https:\/\/endorfeen.com\/fr\/#website\"},\"primaryImageOfPage\":{\"@id\":\"https:\/\/endorfeen.com\/fr\/defiant-la-gravite-le-voyage-inspirant-de-brette-harrington\/#primaryimage\"},\"image\":{\"@id\":\"https:\/\/endorfeen.com\/fr\/defiant-la-gravite-le-voyage-inspirant-de-brette-harrington\/#primaryimage\"},\"thumbnailUrl\":\"https:\/\/endorfeen.com\/wp-content\/uploads\/2023\/03\/Brette-Harrington-scaled.jpg\",\"datePublished\":\"2023-03-29T07:00:00+00:00\",\"dateModified\":\"2023-08-18T10:01:54+00:00\",\"description\":\"Brette Harrington : Originaire du lac Tahoe, en Californie, n\u00e9e en 1992, Brette Harrington s'est taill\u00e9 une r\u00e9putation de...\",\"breadcrumb\":{\"@id\":\"https:\/\/endorfeen.com\/fr\/defiant-la-gravite-le-voyage-inspirant-de-brette-harrington\/#breadcrumb\"},\"inLanguage\":\"fr-FR\",\"potentialAction\":[{\"@type\":\"ReadAction\",\"target\":[\"https:\/\/endorfeen.com\/fr\/defiant-la-gravite-le-voyage-inspirant-de-brette-harrington\/\"]}]},{\"@type\":\"ImageObject\",\"inLanguage\":\"fr-FR\",\"@id\":\"https:\/\/endorfeen.com\/fr\/defiant-la-gravite-le-voyage-inspirant-de-brette-harrington\/#primaryimage\",\"url\":\"https:\/\/endorfeen.com\/wp-content\/uploads\/2023\/03\/Brette-Harrington-scaled.jpg\",\"contentUrl\":\"https:\/\/endorfeen.com\/wp-content\/uploads\/2023\/03\/Brette-Harrington-scaled.jpg\",\"width\":2560,\"height\":1707,\"caption\":\"Sasha DiGiulian, Matilda S\u00f6derlund, Brette Harrington on belay station of 8c pitch, Spain 2022-09-18 \/\/ Jan Novak \/ Red Bull Content Pool \/\/ SI202209250609 \/\/ Usage for editorial use only \/\/\"},{\"@type\":\"BreadcrumbList\",\"@id\":\"https:\/\/endorfeen.com\/fr\/defiant-la-gravite-le-voyage-inspirant-de-brette-harrington\/#breadcrumb\",\"itemListElement\":[{\"@type\":\"ListItem\",\"position\":1,\"name\":\"Home\",\"item\":\"https:\/\/endorfeen.com\/fr\/\"},{\"@type\":\"ListItem\",\"position\":2,\"name\":\"D\u00e9fiant la gravit\u00e9 : Le voyage inspirant de Brette Harrington\"}]},{\"@type\":\"WebSite\",\"@id\":\"https:\/\/endorfeen.com\/fr\/#website\",\"url\":\"https:\/\/endorfeen.com\/fr\/\",\"name\":\"endorfeen\",\"description\":\"The Media For Sustainable Outdoors.\",\"publisher\":{\"@id\":\"https:\/\/endorfeen.com\/fr\/#organization\"},\"potentialAction\":[{\"@type\":\"SearchAction\",\"target\":{\"@type\":\"EntryPoint\",\"urlTemplate\":\"https:\/\/endorfeen.com\/fr\/?s={search_term_string}\"},\"query-input\":{\"@type\":\"PropertyValueSpecification\",\"valueRequired\":true,\"valueName\":\"search_term_string\"}}],\"inLanguage\":\"fr-FR\"},{\"@type\":\"Organization\",\"@id\":\"https:\/\/endorfeen.com\/fr\/#organization\",\"name\":\"endorfeen\",\"url\":\"https:\/\/endorfeen.com\/fr\/\",\"logo\":{\"@type\":\"ImageObject\",\"inLanguage\":\"fr-FR\",\"@id\":\"https:\/\/endorfeen.com\/fr\/#\/schema\/logo\/image\/\",\"url\":\"https:\/\/endorfeen.com\/wp-content\/uploads\/2022\/06\/Circle-endorfeen-site-icon-circled-1000-x-1000-300psi.png\",\"contentUrl\":\"https:\/\/endorfeen.com\/wp-content\/uploads\/2022\/06\/Circle-endorfeen-site-icon-circled-1000-x-1000-300psi.png\",\"width\":1000,\"height\":1000,\"caption\":\"endorfeen\"},\"image\":{\"@id\":\"https:\/\/endorfeen.com\/fr\/#\/schema\/logo\/image\/\"}},{\"@type\":\"Person\",\"@id\":\"https:\/\/endorfeen.com\/fr\/#\/schema\/person\/76a61f8eb41d36fffdec1b376fcf19aa\",\"name\":\"Thomas Viguier\",\"image\":{\"@type\":\"ImageObject\",\"inLanguage\":\"fr-FR\",\"@id\":\"https:\/\/endorfeen.com\/fr\/#\/schema\/person\/image\/\",\"url\":\"https:\/\/secure.gravatar.com\/avatar\/3c24e541f6f82c052219429c60a8948b1c9ad8eda6daf26af0a100594146ab1a?s=96&d=mm&r=g\",\"contentUrl\":\"https:\/\/secure.gravatar.com\/avatar\/3c24e541f6f82c052219429c60a8948b1c9ad8eda6daf26af0a100594146ab1a?s=96&d=mm&r=g\",\"caption\":\"Thomas Viguier\"},\"description\":\"Everyone has a story to tell. endorfeen is built as a collaborative platform, giving the voice to anyone with a story to tell. If you have things you want to share, register here.\",\"sameAs\":[\"https:\/\/www.endorfeen.com\/\",\"http:\/\/www.facebook.com\/endorfeen-583261049007200\",\"http:\/\/www.instagram.com\/endorfeen_\/\",\"https:\/\/fi.pinterest.com\/endorfeen_\/\",\"https:\/\/x.com\/https:\/\/twitter.com\/endorfeen_\"],\"url\":\"https:\/\/endorfeen.com\/fr\/linkto\/endorfeen-mag\/\"}]}<\/script>\n<!-- \/ Yoast SEO Premium plugin. -->","yoast_head_json":{"title":"Brette Harrington, D\u00e9fiant la Gravit\u00e9 - endorfeen","description":"Brette Harrington : Originaire du lac Tahoe, en Californie, n\u00e9e en 1992, Brette Harrington s'est taill\u00e9 une r\u00e9putation de...","robots":{"index":"index","follow":"follow","max-snippet":"max-snippet:-1","max-image-preview":"max-image-preview:large","max-video-preview":"max-video-preview:-1"},"canonical":"https:\/\/endorfeen.com\/fr\/defiant-la-gravite-le-voyage-inspirant-de-brette-harrington\/","og_locale":"fr_FR","og_type":"article","og_title":"D\u00e9fiant la gravit\u00e9 : Le voyage inspirant de Brette Harrington","og_description":"Brette Harrington : Originaire du lac Tahoe, en Californie, n\u00e9e en 1992, Brette Harrington s'est taill\u00e9 une r\u00e9putation de...","og_url":"https:\/\/endorfeen.com\/fr\/defiant-la-gravite-le-voyage-inspirant-de-brette-harrington\/","og_site_name":"endorfeen","article_author":"http:\/\/www.facebook.com\/endorfeen-583261049007200","article_published_time":"2023-03-29T07:00:00+00:00","article_modified_time":"2023-08-18T10:01:54+00:00","og_image":[{"width":2560,"height":1707,"url":"https:\/\/endorfeen.com\/wp-content\/uploads\/2023\/03\/Brette-Harrington-scaled.jpg","type":"image\/jpeg"}],"author":"Thomas Viguier","twitter_card":"summary_large_image","twitter_creator":"@https:\/\/twitter.com\/endorfeen_","twitter_misc":{"\u00c9crit par":"Thomas Viguier","Dur\u00e9e de lecture estim\u00e9e":"9 minutes"},"schema":{"@context":"https:\/\/schema.org","@graph":[{"@type":"Article","@id":"https:\/\/endorfeen.com\/fr\/defiant-la-gravite-le-voyage-inspirant-de-brette-harrington\/#article","isPartOf":{"@id":"https:\/\/endorfeen.com\/fr\/defiant-la-gravite-le-voyage-inspirant-de-brette-harrington\/"},"author":{"name":"Thomas Viguier","@id":"https:\/\/endorfeen.com\/fr\/#\/schema\/person\/76a61f8eb41d36fffdec1b376fcf19aa"},"headline":"D\u00e9fiant la gravit\u00e9 : Le voyage inspirant de Brette Harrington","datePublished":"2023-03-29T07:00:00+00:00","dateModified":"2023-08-18T10:01:54+00:00","mainEntityOfPage":{"@id":"https:\/\/endorfeen.com\/fr\/defiant-la-gravite-le-voyage-inspirant-de-brette-harrington\/"},"wordCount":2114,"publisher":{"@id":"https:\/\/endorfeen.com\/fr\/#organization"},"image":{"@id":"https:\/\/endorfeen.com\/fr\/defiant-la-gravite-le-voyage-inspirant-de-brette-harrington\/#primaryimage"},"thumbnailUrl":"https:\/\/endorfeen.com\/wp-content\/uploads\/2023\/03\/Brette-Harrington-scaled.jpg","keywords":["#Alpinisme","#Alpinisme","#escalade"],"articleSection":["Proph\u00e8tes"],"inLanguage":"fr-FR"},{"@type":"WebPage","@id":"https:\/\/endorfeen.com\/fr\/defiant-la-gravite-le-voyage-inspirant-de-brette-harrington\/","url":"https:\/\/endorfeen.com\/fr\/defiant-la-gravite-le-voyage-inspirant-de-brette-harrington\/","name":"Brette Harrington, D\u00e9fiant la Gravit\u00e9 - endorfeen","isPartOf":{"@id":"https:\/\/endorfeen.com\/fr\/#website"},"primaryImageOfPage":{"@id":"https:\/\/endorfeen.com\/fr\/defiant-la-gravite-le-voyage-inspirant-de-brette-harrington\/#primaryimage"},"image":{"@id":"https:\/\/endorfeen.com\/fr\/defiant-la-gravite-le-voyage-inspirant-de-brette-harrington\/#primaryimage"},"thumbnailUrl":"https:\/\/endorfeen.com\/wp-content\/uploads\/2023\/03\/Brette-Harrington-scaled.jpg","datePublished":"2023-03-29T07:00:00+00:00","dateModified":"2023-08-18T10:01:54+00:00","description":"Brette Harrington : Originaire du lac Tahoe, en Californie, n\u00e9e en 1992, Brette Harrington s'est taill\u00e9 une r\u00e9putation de...","breadcrumb":{"@id":"https:\/\/endorfeen.com\/fr\/defiant-la-gravite-le-voyage-inspirant-de-brette-harrington\/#breadcrumb"},"inLanguage":"fr-FR","potentialAction":[{"@type":"ReadAction","target":["https:\/\/endorfeen.com\/fr\/defiant-la-gravite-le-voyage-inspirant-de-brette-harrington\/"]}]},{"@type":"ImageObject","inLanguage":"fr-FR","@id":"https:\/\/endorfeen.com\/fr\/defiant-la-gravite-le-voyage-inspirant-de-brette-harrington\/#primaryimage","url":"https:\/\/endorfeen.com\/wp-content\/uploads\/2023\/03\/Brette-Harrington-scaled.jpg","contentUrl":"https:\/\/endorfeen.com\/wp-content\/uploads\/2023\/03\/Brette-Harrington-scaled.jpg","width":2560,"height":1707,"caption":"Sasha DiGiulian, Matilda S\u00f6derlund, Brette Harrington on belay station of 8c pitch, Spain 2022-09-18 \/\/ Jan Novak \/ Red Bull Content Pool \/\/ SI202209250609 \/\/ Usage for editorial use only \/\/"},{"@type":"BreadcrumbList","@id":"https:\/\/endorfeen.com\/fr\/defiant-la-gravite-le-voyage-inspirant-de-brette-harrington\/#breadcrumb","itemListElement":[{"@type":"ListItem","position":1,"name":"Home","item":"https:\/\/endorfeen.com\/fr\/"},{"@type":"ListItem","position":2,"name":"D\u00e9fiant la gravit\u00e9 : Le voyage inspirant de Brette Harrington"}]},{"@type":"WebSite","@id":"https:\/\/endorfeen.com\/fr\/#website","url":"https:\/\/endorfeen.com\/fr\/","name":"endorfeen","description":"The Media For Sustainable Outdoors.","publisher":{"@id":"https:\/\/endorfeen.com\/fr\/#organization"},"potentialAction":[{"@type":"SearchAction","target":{"@type":"EntryPoint","urlTemplate":"https:\/\/endorfeen.com\/fr\/?s={search_term_string}"},"query-input":{"@type":"PropertyValueSpecification","valueRequired":true,"valueName":"search_term_string"}}],"inLanguage":"fr-FR"},{"@type":"Organization","@id":"https:\/\/endorfeen.com\/fr\/#organization","name":"endorfeen","url":"https:\/\/endorfeen.com\/fr\/","logo":{"@type":"ImageObject","inLanguage":"fr-FR","@id":"https:\/\/endorfeen.com\/fr\/#\/schema\/logo\/image\/","url":"https:\/\/endorfeen.com\/wp-content\/uploads\/2022\/06\/Circle-endorfeen-site-icon-circled-1000-x-1000-300psi.png","contentUrl":"https:\/\/endorfeen.com\/wp-content\/uploads\/2022\/06\/Circle-endorfeen-site-icon-circled-1000-x-1000-300psi.png","width":1000,"height":1000,"caption":"endorfeen"},"image":{"@id":"https:\/\/endorfeen.com\/fr\/#\/schema\/logo\/image\/"}},{"@type":"Person","@id":"https:\/\/endorfeen.com\/fr\/#\/schema\/person\/76a61f8eb41d36fffdec1b376fcf19aa","name":"Thomas Viguier","image":{"@type":"ImageObject","inLanguage":"fr-FR","@id":"https:\/\/endorfeen.com\/fr\/#\/schema\/person\/image\/","url":"https:\/\/secure.gravatar.com\/avatar\/3c24e541f6f82c052219429c60a8948b1c9ad8eda6daf26af0a100594146ab1a?s=96&d=mm&r=g","contentUrl":"https:\/\/secure.gravatar.com\/avatar\/3c24e541f6f82c052219429c60a8948b1c9ad8eda6daf26af0a100594146ab1a?s=96&d=mm&r=g","caption":"Thomas Viguier"},"description":"Everyone has a story to tell. endorfeen is built as a collaborative platform, giving the voice to anyone with a story to tell. If you have things you want to share, register here.","sameAs":["https:\/\/www.endorfeen.com\/","http:\/\/www.facebook.com\/endorfeen-583261049007200","http:\/\/www.instagram.com\/endorfeen_\/","https:\/\/fi.pinterest.com\/endorfeen_\/","https:\/\/x.com\/https:\/\/twitter.com\/endorfeen_"],"url":"https:\/\/endorfeen.com\/fr\/linkto\/endorfeen-mag\/"}]}},"featured_image_src":"https:\/\/endorfeen.com\/wp-content\/uploads\/2023\/03\/Brette-Harrington-600x400.jpg","featured_image_src_square":"https:\/\/endorfeen.com\/wp-content\/uploads\/2023\/03\/Brette-Harrington-600x600.jpg","author_info":{"display_name":"Thomas Viguier","author_link":"https:\/\/endorfeen.com\/fr\/linkto\/endorfeen-mag\/"},"acf":[],"_links":{"self":[{"href":"https:\/\/endorfeen.com\/fr\/wp-json\/wp\/v2\/posts\/10548","targetHints":{"allow":["GET"]}}],"collection":[{"href":"https:\/\/endorfeen.com\/fr\/wp-json\/wp\/v2\/posts"}],"about":[{"href":"https:\/\/endorfeen.com\/fr\/wp-json\/wp\/v2\/types\/post"}],"author":[{"embeddable":true,"href":"https:\/\/endorfeen.com\/fr\/wp-json\/wp\/v2\/users\/30"}],"replies":[{"embeddable":true,"href":"https:\/\/endorfeen.com\/fr\/wp-json\/wp\/v2\/comments?post=10548"}],"version-history":[{"count":0,"href":"https:\/\/endorfeen.com\/fr\/wp-json\/wp\/v2\/posts\/10548\/revisions"}],"wp:featuredmedia":[{"embeddable":true,"href":"https:\/\/endorfeen.com\/fr\/wp-json\/wp\/v2\/media\/10539"}],"wp:attachment":[{"href":"https:\/\/endorfeen.com\/fr\/wp-json\/wp\/v2\/media?parent=10548"}],"wp:term":[{"taxonomy":"category","embeddable":true,"href":"https:\/\/endorfeen.com\/fr\/wp-json\/wp\/v2\/categories?post=10548"},{"taxonomy":"post_tag","embeddable":true,"href":"https:\/\/endorfeen.com\/fr\/wp-json\/wp\/v2\/tags?post=10548"},{"taxonomy":"sponsor","embeddable":true,"href":"https:\/\/endorfeen.com\/fr\/wp-json\/wp\/v2\/sponsor?post=10548"}],"curies":[{"name":"wp","href":"https:\/\/api.w.org\/{rel}","templated":true}]}}