{"id":10533,"date":"2023-01-10T08:21:00","date_gmt":"2023-01-10T08:21:00","guid":{"rendered":"https:\/\/endorfeen.com\/?p=10533"},"modified":"2023-08-18T11:02:25","modified_gmt":"2023-08-18T10:02:25","slug":"francys-arsentiev-la-belle-au-bois-dormant-du-mont-everest","status":"publish","type":"post","link":"https:\/\/endorfeen.com\/fr\/francys-arsentiev-la-belle-au-bois-dormant-du-mont-everest\/","title":{"rendered":"Francys Arsentiev : \u00ab La Belle au bois dormant \u00bb du Mont Everest"},"content":{"rendered":"\n<p>Francys Yarbro Distefano-Arsentiev est n\u00e9e le 18 janvier 1958 \u00e0 Honolulu, Hawa\u00ef, de John Yarbro et Marina Garrett. Elle a grandi aux \u00c9tats-Unis et en Suisse et a obtenu son dipl\u00f4me de premier cycle \u00e0 l&rsquo;Universit\u00e9 de Louisville. Elle a plus tard obtenu un master de l&rsquo;\u00c9cole internationale de gestion des affaires \u00e0 Phoenix.&nbsp;<\/p>\n\n\n\n<figure class=\"wp-block-image alignwide size-large wp-block-\"><img loading=\"lazy\" decoding=\"async\" width=\"1024\" height=\"548\" src=\"https:\/\/endorfeen.com\/wp-content\/uploads\/2023\/01\/Copy-of-THOUGHTNOVA-2000x1070-26-1536x822-1-1024x548.webp\" alt=\" class=\" class=\"wp-image-9288\" srcset=\"https:\/\/endorfeen.com\/wp-content\/uploads\/2023\/01\/Copy-of-THOUGHTNOVA-2000x1070-26-1536x822-1-300x161.webp 300w, https:\/\/endorfeen.com\/wp-content\/uploads\/2023\/01\/Copy-of-THOUGHTNOVA-2000x1070-26-1536x822-1-768x411.webp 768w, https:\/\/endorfeen.com\/wp-content\/uploads\/2023\/01\/Copy-of-THOUGHTNOVA-2000x1070-26-1536x822-1-1024x548.webp 1024w, https:\/\/endorfeen.com\/wp-content\/uploads\/2023\/01\/Copy-of-THOUGHTNOVA-2000x1070-26-1536x822-1.webp 1536w\" sizes=\"auto, (max-width: 1024px) 100vw, 1024px\" \/><figcaption class=\"wp-element-caption\">Francys Arsentiev, &lsquo;La Belle au Bois Dormant&rsquo;<\/figcaption><\/figure>\n\n\n\n<p>Au cours des ann\u00e9es 1980, elle a travaill\u00e9 comme comptable dans la ville de ski agit\u00e9e de <a href=\"https:\/\/en.wikipedia.org\/wiki\/Telluride,_Colorado\">Telluride, Colorado<\/a>. Francys a rencontr\u00e9 le l\u00e9gendaire alpiniste russe Sergei Arsentiev \u00e0 Telluride. Les deux se sont bien entendus et se sont mari\u00e9s en 1992.<\/p>\n\n\n\n<p>Sergei \u00e9tait d\u00e9j\u00e0 un alpiniste renomm\u00e9 dans sa Russie natale. Connu sous le nom de \u00ab L\u00e9opard des neiges \u00bb parmi ses compatriotes, il a acquis une notori\u00e9t\u00e9 apr\u00e8s avoir gravi les cinq plus hauts sommets de l&rsquo;ancienne Union sovi\u00e9tique. Francys n&rsquo;\u00e9tait pas une alpiniste s\u00e9rieuse lorsqu&rsquo;elle a rencontr\u00e9 Sergei. Cependant, elle s&rsquo;est nourrie de son encouragement et de son \u00e9nergie puissante. En cons\u00e9quence, Francys a trouv\u00e9 une certaine niche en poussant les limites sur des sommets de plus en plus hauts avec son bien-aim\u00e9 partenaire. Le couple a gravi de nombreux sommets russes et Arsentiev est devenue la premi\u00e8re femme am\u00e9ricaine \u00e0 skier sur Elbrous. Utilisant le West Buttress de Denali comme terrain d&rsquo;essai, elle et Sergei ont \u00e9labor\u00e9 un plan pour qu&rsquo;elle devienne la premi\u00e8re femme am\u00e9ricaine \u00e0 gravir l&rsquo;Everest sans l&rsquo;utilisation d&rsquo;oxyg\u00e8ne suppl\u00e9mentaire.<\/p>\n\n\n\n<figure class=\"wp-block-image alignwide size-full\"><img loading=\"lazy\" decoding=\"async\" width=\"700\" height=\"372\" src=\"https:\/\/endorfeen.com\/wp-content\/uploads\/2023\/01\/image.png\" alt=\"\" class=\"wp-image-9290\" srcset=\"https:\/\/endorfeen.com\/wp-content\/uploads\/2023\/01\/image-300x159.png 300w, https:\/\/endorfeen.com\/wp-content\/uploads\/2023\/01\/image.png 700w\" sizes=\"auto, (max-width: 700px) 100vw, 700px\" \/><figcaption class=\"wp-element-caption\">Francys and Sergei<\/figcaption><\/figure>\n\n\n\n<p>Francys n&rsquo;\u00e9tait pas comme la plupart des alpinistes de haute altitude qui tentaient d&rsquo;escalader l&rsquo;Everest en dehors d&rsquo;un cadre encadr\u00e9. D&rsquo;apr\u00e8s tous les comptes rendus, elle ne poss\u00e9dait pas une obsession comme beaucoup d&rsquo;alpinistes s\u00e9rieux, ni n&rsquo;\u00e9tait-elle une professionnelle sponsoris\u00e9e. Dans les meilleures conditions &#8211; et avec beaucoup d&rsquo;oxyg\u00e8ne &#8211; les guides peuvent r\u00e9ussir \u00e0 tra\u00eener leurs clients fortun\u00e9s jusqu&rsquo;au sommet et en redescendre. N\u00e9anmoins, m\u00eame les l\u00e9gers changements m\u00e9t\u00e9orologiques peuvent \u00eatre fatals. Lorsque vous retirez l&rsquo;oxyg\u00e8ne de l&rsquo;\u00e9quation, l&rsquo;ascension devient exponentiellement plus s\u00e9rieuse.&nbsp;<\/p>\n\n\n\n<p>Le fils de Francys, \u00e2g\u00e9 de 11 ans, avait vu ces risques avec plus de clart\u00e9 que sa m\u00e8re. Comme l&rsquo;histoire le raconte, Paul Distefano avait fait un cauchemar \u00e0 propos de deux alpinistes pi\u00e9g\u00e9s sur une montagne sous une temp\u00eate &#8211; la neige semblait les attaquer. Le lendemain matin, il appela sa m\u00e8re pour lui raconter son r\u00eave, mais elle balaya ses inqui\u00e9tudes et lui dit qu&rsquo;elle partait en exp\u00e9dition pour gravir le mont Everest. Malgr\u00e9 ses craintes, elle insista pour partir, lui disant : \u00ab Je dois le faire. \u00bb&nbsp;<\/p>\n\n\n\n<figure class=\"wp-block-image alignwide size-full wp-block-\"><img loading=\"lazy\" decoding=\"async\" width=\"750\" height=\"358\" src=\"https:\/\/endorfeen.com\/wp-content\/uploads\/2023\/01\/francys-arsentiev-sleeping-beauty.jpeg\" alt=\" class=\" class=\"wp-image-9294\" srcset=\"https:\/\/endorfeen.com\/wp-content\/uploads\/2023\/01\/francys-arsentiev-sleeping-beauty-300x143.jpeg 300w, https:\/\/endorfeen.com\/wp-content\/uploads\/2023\/01\/francys-arsentiev-sleeping-beauty.jpeg 750w\" sizes=\"auto, (max-width: 750px) 100vw, 750px\" \/><\/figure>\n\n\n\n<p>En 1998, Francys et Sergei Arsentiev ont tent\u00e9 d&rsquo;escalader le mont Everest. Le 17 mai, ils ont atteint le Col du Nord et le lendemain, ils ont atteint une altitude de 7700 m\u00e8tres. Le 19 mai, ils ont grimp\u00e9 jusqu&rsquo;\u00e0 8 203 m\u00e8tres et ont signal\u00e9 qu&rsquo;ils \u00e9taient en bonne condition et pr\u00e9voyaient de commencer leur tentative de sommet le 20 mai \u00e0 1h00.&nbsp;<\/p>\n\n\n\n<p>Cependant, leurs phares ont cess\u00e9 de fonctionner le 20 mai et ils n&rsquo;ont pas pu continuer. Ils ont essay\u00e9 \u00e0 nouveau le 21 mai, mais n&rsquo;ont parcouru que 50 \u00e0 100 m\u00e8tres avant de rebrousser chemin.&nbsp;<\/p>\n\n\n\n<p>Le 22 mai, ils ont fait une ascension finale et ont atteint le sommet. L&rsquo;ascension \u00e9tait lente et \u00e9prouvante, et en raison de l&rsquo;heure tardive, ils ont \u00e9t\u00e9 contraints de passer la nuit au-dessus de 8 000 m\u00e8tres. \u00c0 ce moment-l\u00e0, ils \u00e9taient dans la \u00abzone de la mort\u00bb &#8211; la zone au-dessus de 8 000 m &#8211; depuis plus de 72 heures sans oxyg\u00e8ne. D\u00e8s que le corps humain entre dans cette zone, il commence une d\u00e9cline graduelle. Les cellules commencent litt\u00e9ralement \u00e0 se manger les unes les autres dans la lutte pour la survie.<\/p>\n\n\n\n<p>Pendant la nuit, ils se sont s\u00e9par\u00e9s. Sergei est revenu au camp le lendemain matin, seulement pour trouver que Francys n&rsquo;\u00e9tait pas encore revenue. Il est parti \u00e0 nouveau pour la chercher, portant de l&rsquo;oxyg\u00e8ne et des m\u00e9dicaments n\u00e9cessaires. C&rsquo;est la derni\u00e8re fois que d&rsquo;autres alpinistes l&rsquo;ont vu vivant. Sa piolet a \u00e9t\u00e9 trouv\u00e9 pr\u00e8s de son corps, mais il avait disparu.<\/p>\n\n\n\n<p>Le m\u00eame jour &#8211; le 23 mai &#8211; une \u00e9quipe ouzb\u00e8ke descendant du sommet est tomb\u00e9e sur un corps sur la route. Ils ont trouv\u00e9 Francys \u00e0 moiti\u00e9 consciente et affect\u00e9e par une privation d&rsquo;oxyg\u00e8ne, une hypothermie et des engelures. Ils lui ont donn\u00e9 de l&rsquo;oxyg\u00e8ne et l&rsquo;ont port\u00e9e aussi loin qu&rsquo;ils le pouvaient avant de devenir trop fatigu\u00e9s pour continuer. \u00c0 ce stade, Francys \u00e9tait probablement hypothermique au-del\u00e0 de la port\u00e9e du traitement disponible au camp de base. Ne voyant pas d&rsquo;autre option viable, l&rsquo;\u00e9quipe ouzb\u00e8ke l&rsquo;a mise en repos et a continu\u00e9 sa descente. \u00c0 cette altitude, il est presque impossible de porter son propre poids, encore moins le poids mort d&rsquo;un grimpeur incapacit\u00e9.&nbsp;<\/p>\n\n\n\n<p>Plus tard dans la journ\u00e9e, alors que les grimpeurs Ian Woodall et Cathy O&rsquo;Dowd tentaient de s&rsquo;\u00e9lancer vers le sommet, ils tomb\u00e8rent sur ce qu&rsquo;ils pensaient \u00eatre un corps congel\u00e9 habill\u00e9 d&rsquo;une veste violette. En y regardant de plus pr\u00e8s, ils virent que la femme \u00e9tait en fait vivante et tremblait violemment. Les deux grimpeurs s&rsquo;approch\u00e8rent pour l&rsquo;aider. Ils r\u00e9alis\u00e8rent que la grimpeuse v\u00eatue de violet \u00e9tait Francys Arsentiev, qui avait pr\u00e9c\u00e9demment visit\u00e9 leur tente au camp de base. O&rsquo;Dowd se souvenait d&rsquo;Arsentiev comme \u00e9tant une personne qui \u00abn&rsquo;\u00e9tait pas du genre \u00e0 \u00eatre obs\u00e9d\u00e9e par la grimpe\u00bb et parlait souvent de son fils et de sa maison. Pourtant, une fois de plus, ils ne pouvaient fournir que peu d&rsquo;aide si haut sur la montagne. Au cours des prochaines heures, le visage gel\u00e9 de Francys perdit sa couleur et prit l&rsquo;aspect d&rsquo;une figure de cire, mais elle conserva une expression remarquablement paisible. Ainsi, les grimpeurs surnomm\u00e8rent Francys la \u00abBelle au bois dormant\u00bb du Mont Everest.&nbsp;<\/p>\n\n\n\n<figure class=\"wp-block-image alignwide size-full wp-block-\"><img loading=\"lazy\" decoding=\"async\" width=\"900\" height=\"477\" src=\"https:\/\/endorfeen.com\/wp-content\/uploads\/2023\/01\/arsentiev-before-reburial-1.jpeg\" alt=\" class=\" class=\"wp-image-9292\" srcset=\"https:\/\/endorfeen.com\/wp-content\/uploads\/2023\/01\/arsentiev-before-reburial-1-300x159.jpeg 300w, https:\/\/endorfeen.com\/wp-content\/uploads\/2023\/01\/arsentiev-before-reburial-1-768x407.jpeg 768w, https:\/\/endorfeen.com\/wp-content\/uploads\/2023\/01\/arsentiev-before-reburial-1.jpeg 900w\" sizes=\"auto, (max-width: 900px) 100vw, 900px\" \/><figcaption class=\"wp-element-caption\">&lsquo;La Belle au Bois Dormant&rsquo;<\/figcaption><\/figure>\n\n\n\n<p>Malheureusement, le corps de Francys Arsentiev est rest\u00e9 congel\u00e9 <a href=\"https:\/\/endorfeen.com\/fr\/corps-sur-le-mont-everest\/\">directement sur la route principale vers le sommet<\/a>. Pendant les neuf ann\u00e9es suivantes, elle est devenue l&rsquo;objet de centaines de photographies mettant en valeur son profil myst\u00e9rieux de repos. Son fils a \u00e9t\u00e9 soumis \u00e0 la torture de voir des images du visage mort de sa m\u00e8re impuissante partout sur Internet.&nbsp;<\/p>\n\n\n\n<p>Pourtant, elle n&rsquo;\u00e9tait qu&rsquo;une seule victime dans une longue ligne de corps d&rsquo;Everest qui ont servi de balises depuis des d\u00e9cennies. Ian Woodall a \u00e9t\u00e9 hant\u00e9 par l&rsquo;image du visage mourant de Francys des ann\u00e9es plus t\u00f4t. En 2007, il a organis\u00e9 une exp\u00e9dition pour retirer le corps de Francys Arsentiev des yeux des futurs grimpeurs. L&rsquo;exp\u00e9dition, connue sous le nom de \u00abTao de l&rsquo;Everest\u00bb, a r\u00e9ussi \u00e0 envelopper le corps dans un drapeau am\u00e9ricain et \u00e0 le descendre de la montagne. Enfin hors de vue de la principale route, Sleeping Beauty repose \u00e0 jamais paisiblement parmi les nuages.&nbsp;<\/p>\n\n\n\n<figure class=\"wp-block-image alignwide size-full wp-block-alignwide\"><img loading=\"lazy\" decoding=\"async\" width=\"600\" height=\"867\" src=\"https:\/\/endorfeen.com\/wp-content\/uploads\/2023\/01\/arsevtiev-burial.jpeg\" alt=\" class=\" class=\"wp-image-9296\" srcset=\"https:\/\/endorfeen.com\/wp-content\/uploads\/2023\/01\/arsevtiev-burial-208x300.jpeg 208w, https:\/\/endorfeen.com\/wp-content\/uploads\/2023\/01\/arsevtiev-burial.jpeg 600w\" sizes=\"auto, (max-width: 600px) 100vw, 600px\" \/><\/figure>\n","protected":false},"excerpt":{"rendered":"<p>Francys Yarbro Distefano-Arsentiev est n\u00e9e le 18 janvier 1958 \u00e0 Honolulu, Hawa\u00ef, de John Yarbro et Marina Garrett. Elle a grandi aux \u00c9tats-Unis et en Suisse et a obtenu son dipl\u00f4me de premier cycle \u00e0 l&rsquo;Universit\u00e9 de Louisville. Elle a plus tard obtenu un master de l&rsquo;\u00c9cole internationale de gestion des affaires \u00e0 Phoenix.&nbsp; Au &hellip;<\/p>\n","protected":false},"author":30,"featured_media":9295,"comment_status":"closed","ping_status":"closed","sticky":false,"template":"","format":"standard","meta":{"_acf_changed":false,"_genesis_hide_title":false,"_genesis_hide_breadcrumbs":false,"_genesis_hide_singular_image":false,"_genesis_hide_footer_widgets":false,"_genesis_custom_body_class":"","_genesis_custom_post_class":"","_genesis_layout":"","footnotes":""},"categories":[158],"tags":[176,619,635,173,161],"sponsor":[1087],"class_list":{"2":"type-post","7":"category-prophetes","8":"tag-alpinisme-fr","9":"tag-alpinisme","10":"tag-everest-fr","11":"tag-himalaya","12":"tag-histoire","13":"sponsor-endorfeen","14":"entry"},"yoast_head":"<!-- This site is optimized with the Yoast SEO Premium plugin v26.2 (Yoast SEO v26.2) - https:\/\/yoast.com\/wordpress\/plugins\/seo\/ -->\n<title>Francys Arsentiev : \u00ab La Belle au bois dormant \u00bb du Mont Everest - endorfeen<\/title>\n<meta name=\"description\" content=\"Francys Arsentiev : Francys Yarbro Distefano-Arsentiev est n\u00e9e le 18 janvier 1958 \u00e0 Honolulu, Hawa\u00ef, de John Yarbro et Marina Garrett...\" \/>\n<meta name=\"robots\" content=\"index, follow, max-snippet:-1, max-image-preview:large, max-video-preview:-1\" \/>\n<link rel=\"canonical\" href=\"https:\/\/endorfeen.com\/fr\/francys-arsentiev-la-belle-au-bois-dormant-du-mont-everest\/\" \/>\n<meta property=\"og:locale\" content=\"fr_FR\" \/>\n<meta property=\"og:type\" content=\"article\" \/>\n<meta property=\"og:title\" content=\"Francys Arsentiev : \u00ab La Belle au bois dormant \u00bb du Mont Everest\" \/>\n<meta property=\"og:description\" content=\"Francys Arsentiev : Francys Yarbro Distefano-Arsentiev est n\u00e9e le 18 janvier 1958 \u00e0 Honolulu, Hawa\u00ef, de John Yarbro et Marina Garrett...\" \/>\n<meta property=\"og:url\" content=\"https:\/\/endorfeen.com\/fr\/francys-arsentiev-la-belle-au-bois-dormant-du-mont-everest\/\" \/>\n<meta property=\"og:site_name\" content=\"endorfeen\" \/>\n<meta property=\"article:author\" content=\"http:\/\/www.facebook.com\/endorfeen-583261049007200\" \/>\n<meta property=\"article:published_time\" content=\"2023-01-10T08:21:00+00:00\" \/>\n<meta property=\"article:modified_time\" content=\"2023-08-18T10:02:25+00:00\" \/>\n<meta property=\"og:image\" content=\"https:\/\/endorfeen.com\/wp-content\/uploads\/2023\/01\/francys-arsentiev-sleeping-beauty.jpeg\" \/>\n\t<meta property=\"og:image:width\" content=\"750\" \/>\n\t<meta property=\"og:image:height\" content=\"358\" \/>\n\t<meta property=\"og:image:type\" content=\"image\/jpeg\" \/>\n<meta name=\"author\" content=\"Thomas Viguier\" \/>\n<meta name=\"twitter:card\" content=\"summary_large_image\" \/>\n<meta name=\"twitter:creator\" content=\"@https:\/\/twitter.com\/endorfeen_\" \/>\n<meta name=\"twitter:label1\" content=\"\u00c9crit par\" \/>\n\t<meta name=\"twitter:data1\" content=\"Thomas Viguier\" \/>\n\t<meta name=\"twitter:label2\" content=\"Dur\u00e9e de lecture estim\u00e9e\" \/>\n\t<meta name=\"twitter:data2\" content=\"6 minutes\" \/>\n<script type=\"application\/ld+json\" class=\"yoast-schema-graph\">{\"@context\":\"https:\/\/schema.org\",\"@graph\":[{\"@type\":\"Article\",\"@id\":\"https:\/\/endorfeen.com\/fr\/francys-arsentiev-la-belle-au-bois-dormant-du-mont-everest\/#article\",\"isPartOf\":{\"@id\":\"https:\/\/endorfeen.com\/fr\/francys-arsentiev-la-belle-au-bois-dormant-du-mont-everest\/\"},\"author\":{\"name\":\"Thomas Viguier\",\"@id\":\"https:\/\/endorfeen.com\/fr\/#\/schema\/person\/76a61f8eb41d36fffdec1b376fcf19aa\"},\"headline\":\"Francys Arsentiev : \u00ab La Belle au bois dormant \u00bb du Mont Everest\",\"datePublished\":\"2023-01-10T08:21:00+00:00\",\"dateModified\":\"2023-08-18T10:02:25+00:00\",\"mainEntityOfPage\":{\"@id\":\"https:\/\/endorfeen.com\/fr\/francys-arsentiev-la-belle-au-bois-dormant-du-mont-everest\/\"},\"wordCount\":1242,\"publisher\":{\"@id\":\"https:\/\/endorfeen.com\/fr\/#organization\"},\"image\":{\"@id\":\"https:\/\/endorfeen.com\/fr\/francys-arsentiev-la-belle-au-bois-dormant-du-mont-everest\/#primaryimage\"},\"thumbnailUrl\":\"https:\/\/endorfeen.com\/wp-content\/uploads\/2023\/01\/francys-arsentiev-sleeping-beauty.jpeg\",\"keywords\":[\"#Alpinisme\",\"#Alpinisme\",\"#everest\",\"#himalaya\",\"#histoire\"],\"articleSection\":[\"Proph\u00e8tes\"],\"inLanguage\":\"fr-FR\"},{\"@type\":\"WebPage\",\"@id\":\"https:\/\/endorfeen.com\/fr\/francys-arsentiev-la-belle-au-bois-dormant-du-mont-everest\/\",\"url\":\"https:\/\/endorfeen.com\/fr\/francys-arsentiev-la-belle-au-bois-dormant-du-mont-everest\/\",\"name\":\"Francys Arsentiev : \u00ab La Belle au bois dormant \u00bb du Mont Everest - endorfeen\",\"isPartOf\":{\"@id\":\"https:\/\/endorfeen.com\/fr\/#website\"},\"primaryImageOfPage\":{\"@id\":\"https:\/\/endorfeen.com\/fr\/francys-arsentiev-la-belle-au-bois-dormant-du-mont-everest\/#primaryimage\"},\"image\":{\"@id\":\"https:\/\/endorfeen.com\/fr\/francys-arsentiev-la-belle-au-bois-dormant-du-mont-everest\/#primaryimage\"},\"thumbnailUrl\":\"https:\/\/endorfeen.com\/wp-content\/uploads\/2023\/01\/francys-arsentiev-sleeping-beauty.jpeg\",\"datePublished\":\"2023-01-10T08:21:00+00:00\",\"dateModified\":\"2023-08-18T10:02:25+00:00\",\"description\":\"Francys Arsentiev : Francys Yarbro Distefano-Arsentiev est n\u00e9e le 18 janvier 1958 \u00e0 Honolulu, Hawa\u00ef, de John Yarbro et Marina Garrett...\",\"breadcrumb\":{\"@id\":\"https:\/\/endorfeen.com\/fr\/francys-arsentiev-la-belle-au-bois-dormant-du-mont-everest\/#breadcrumb\"},\"inLanguage\":\"fr-FR\",\"potentialAction\":[{\"@type\":\"ReadAction\",\"target\":[\"https:\/\/endorfeen.com\/fr\/francys-arsentiev-la-belle-au-bois-dormant-du-mont-everest\/\"]}]},{\"@type\":\"ImageObject\",\"inLanguage\":\"fr-FR\",\"@id\":\"https:\/\/endorfeen.com\/fr\/francys-arsentiev-la-belle-au-bois-dormant-du-mont-everest\/#primaryimage\",\"url\":\"https:\/\/endorfeen.com\/wp-content\/uploads\/2023\/01\/francys-arsentiev-sleeping-beauty.jpeg\",\"contentUrl\":\"https:\/\/endorfeen.com\/wp-content\/uploads\/2023\/01\/francys-arsentiev-sleeping-beauty.jpeg\",\"width\":750,\"height\":358},{\"@type\":\"BreadcrumbList\",\"@id\":\"https:\/\/endorfeen.com\/fr\/francys-arsentiev-la-belle-au-bois-dormant-du-mont-everest\/#breadcrumb\",\"itemListElement\":[{\"@type\":\"ListItem\",\"position\":1,\"name\":\"Home\",\"item\":\"https:\/\/endorfeen.com\/fr\/\"},{\"@type\":\"ListItem\",\"position\":2,\"name\":\"Francys Arsentiev : \u00ab La Belle au bois dormant \u00bb du Mont Everest\"}]},{\"@type\":\"WebSite\",\"@id\":\"https:\/\/endorfeen.com\/fr\/#website\",\"url\":\"https:\/\/endorfeen.com\/fr\/\",\"name\":\"endorfeen\",\"description\":\"The Media For Sustainable Outdoors.\",\"publisher\":{\"@id\":\"https:\/\/endorfeen.com\/fr\/#organization\"},\"potentialAction\":[{\"@type\":\"SearchAction\",\"target\":{\"@type\":\"EntryPoint\",\"urlTemplate\":\"https:\/\/endorfeen.com\/fr\/?s={search_term_string}\"},\"query-input\":{\"@type\":\"PropertyValueSpecification\",\"valueRequired\":true,\"valueName\":\"search_term_string\"}}],\"inLanguage\":\"fr-FR\"},{\"@type\":\"Organization\",\"@id\":\"https:\/\/endorfeen.com\/fr\/#organization\",\"name\":\"endorfeen\",\"url\":\"https:\/\/endorfeen.com\/fr\/\",\"logo\":{\"@type\":\"ImageObject\",\"inLanguage\":\"fr-FR\",\"@id\":\"https:\/\/endorfeen.com\/fr\/#\/schema\/logo\/image\/\",\"url\":\"https:\/\/endorfeen.com\/wp-content\/uploads\/2022\/06\/Circle-endorfeen-site-icon-circled-1000-x-1000-300psi.png\",\"contentUrl\":\"https:\/\/endorfeen.com\/wp-content\/uploads\/2022\/06\/Circle-endorfeen-site-icon-circled-1000-x-1000-300psi.png\",\"width\":1000,\"height\":1000,\"caption\":\"endorfeen\"},\"image\":{\"@id\":\"https:\/\/endorfeen.com\/fr\/#\/schema\/logo\/image\/\"}},{\"@type\":\"Person\",\"@id\":\"https:\/\/endorfeen.com\/fr\/#\/schema\/person\/76a61f8eb41d36fffdec1b376fcf19aa\",\"name\":\"Thomas Viguier\",\"image\":{\"@type\":\"ImageObject\",\"inLanguage\":\"fr-FR\",\"@id\":\"https:\/\/endorfeen.com\/fr\/#\/schema\/person\/image\/\",\"url\":\"https:\/\/secure.gravatar.com\/avatar\/3c24e541f6f82c052219429c60a8948b1c9ad8eda6daf26af0a100594146ab1a?s=96&d=mm&r=g\",\"contentUrl\":\"https:\/\/secure.gravatar.com\/avatar\/3c24e541f6f82c052219429c60a8948b1c9ad8eda6daf26af0a100594146ab1a?s=96&d=mm&r=g\",\"caption\":\"Thomas Viguier\"},\"description\":\"Everyone has a story to tell. endorfeen is built as a collaborative platform, giving the voice to anyone with a story to tell. If you have things you want to share, register here.\",\"sameAs\":[\"https:\/\/www.endorfeen.com\/\",\"http:\/\/www.facebook.com\/endorfeen-583261049007200\",\"http:\/\/www.instagram.com\/endorfeen_\/\",\"https:\/\/fi.pinterest.com\/endorfeen_\/\",\"https:\/\/x.com\/https:\/\/twitter.com\/endorfeen_\"],\"url\":\"https:\/\/endorfeen.com\/fr\/linkto\/endorfeen-mag\/\"}]}<\/script>\n<!-- \/ Yoast SEO Premium plugin. -->","yoast_head_json":{"title":"Francys Arsentiev : \u00ab La Belle au bois dormant \u00bb du Mont Everest - endorfeen","description":"Francys Arsentiev : Francys Yarbro Distefano-Arsentiev est n\u00e9e le 18 janvier 1958 \u00e0 Honolulu, Hawa\u00ef, de John Yarbro et Marina Garrett...","robots":{"index":"index","follow":"follow","max-snippet":"max-snippet:-1","max-image-preview":"max-image-preview:large","max-video-preview":"max-video-preview:-1"},"canonical":"https:\/\/endorfeen.com\/fr\/francys-arsentiev-la-belle-au-bois-dormant-du-mont-everest\/","og_locale":"fr_FR","og_type":"article","og_title":"Francys Arsentiev : \u00ab La Belle au bois dormant \u00bb du Mont Everest","og_description":"Francys Arsentiev : Francys Yarbro Distefano-Arsentiev est n\u00e9e le 18 janvier 1958 \u00e0 Honolulu, Hawa\u00ef, de John Yarbro et Marina Garrett...","og_url":"https:\/\/endorfeen.com\/fr\/francys-arsentiev-la-belle-au-bois-dormant-du-mont-everest\/","og_site_name":"endorfeen","article_author":"http:\/\/www.facebook.com\/endorfeen-583261049007200","article_published_time":"2023-01-10T08:21:00+00:00","article_modified_time":"2023-08-18T10:02:25+00:00","og_image":[{"width":750,"height":358,"url":"https:\/\/endorfeen.com\/wp-content\/uploads\/2023\/01\/francys-arsentiev-sleeping-beauty.jpeg","type":"image\/jpeg"}],"author":"Thomas Viguier","twitter_card":"summary_large_image","twitter_creator":"@https:\/\/twitter.com\/endorfeen_","twitter_misc":{"\u00c9crit par":"Thomas Viguier","Dur\u00e9e de lecture estim\u00e9e":"6 minutes"},"schema":{"@context":"https:\/\/schema.org","@graph":[{"@type":"Article","@id":"https:\/\/endorfeen.com\/fr\/francys-arsentiev-la-belle-au-bois-dormant-du-mont-everest\/#article","isPartOf":{"@id":"https:\/\/endorfeen.com\/fr\/francys-arsentiev-la-belle-au-bois-dormant-du-mont-everest\/"},"author":{"name":"Thomas Viguier","@id":"https:\/\/endorfeen.com\/fr\/#\/schema\/person\/76a61f8eb41d36fffdec1b376fcf19aa"},"headline":"Francys Arsentiev : \u00ab La Belle au bois dormant \u00bb du Mont Everest","datePublished":"2023-01-10T08:21:00+00:00","dateModified":"2023-08-18T10:02:25+00:00","mainEntityOfPage":{"@id":"https:\/\/endorfeen.com\/fr\/francys-arsentiev-la-belle-au-bois-dormant-du-mont-everest\/"},"wordCount":1242,"publisher":{"@id":"https:\/\/endorfeen.com\/fr\/#organization"},"image":{"@id":"https:\/\/endorfeen.com\/fr\/francys-arsentiev-la-belle-au-bois-dormant-du-mont-everest\/#primaryimage"},"thumbnailUrl":"https:\/\/endorfeen.com\/wp-content\/uploads\/2023\/01\/francys-arsentiev-sleeping-beauty.jpeg","keywords":["#Alpinisme","#Alpinisme","#everest","#himalaya","#histoire"],"articleSection":["Proph\u00e8tes"],"inLanguage":"fr-FR"},{"@type":"WebPage","@id":"https:\/\/endorfeen.com\/fr\/francys-arsentiev-la-belle-au-bois-dormant-du-mont-everest\/","url":"https:\/\/endorfeen.com\/fr\/francys-arsentiev-la-belle-au-bois-dormant-du-mont-everest\/","name":"Francys Arsentiev : \u00ab La Belle au bois dormant \u00bb du Mont Everest - endorfeen","isPartOf":{"@id":"https:\/\/endorfeen.com\/fr\/#website"},"primaryImageOfPage":{"@id":"https:\/\/endorfeen.com\/fr\/francys-arsentiev-la-belle-au-bois-dormant-du-mont-everest\/#primaryimage"},"image":{"@id":"https:\/\/endorfeen.com\/fr\/francys-arsentiev-la-belle-au-bois-dormant-du-mont-everest\/#primaryimage"},"thumbnailUrl":"https:\/\/endorfeen.com\/wp-content\/uploads\/2023\/01\/francys-arsentiev-sleeping-beauty.jpeg","datePublished":"2023-01-10T08:21:00+00:00","dateModified":"2023-08-18T10:02:25+00:00","description":"Francys Arsentiev : Francys Yarbro Distefano-Arsentiev est n\u00e9e le 18 janvier 1958 \u00e0 Honolulu, Hawa\u00ef, de John Yarbro et Marina Garrett...","breadcrumb":{"@id":"https:\/\/endorfeen.com\/fr\/francys-arsentiev-la-belle-au-bois-dormant-du-mont-everest\/#breadcrumb"},"inLanguage":"fr-FR","potentialAction":[{"@type":"ReadAction","target":["https:\/\/endorfeen.com\/fr\/francys-arsentiev-la-belle-au-bois-dormant-du-mont-everest\/"]}]},{"@type":"ImageObject","inLanguage":"fr-FR","@id":"https:\/\/endorfeen.com\/fr\/francys-arsentiev-la-belle-au-bois-dormant-du-mont-everest\/#primaryimage","url":"https:\/\/endorfeen.com\/wp-content\/uploads\/2023\/01\/francys-arsentiev-sleeping-beauty.jpeg","contentUrl":"https:\/\/endorfeen.com\/wp-content\/uploads\/2023\/01\/francys-arsentiev-sleeping-beauty.jpeg","width":750,"height":358},{"@type":"BreadcrumbList","@id":"https:\/\/endorfeen.com\/fr\/francys-arsentiev-la-belle-au-bois-dormant-du-mont-everest\/#breadcrumb","itemListElement":[{"@type":"ListItem","position":1,"name":"Home","item":"https:\/\/endorfeen.com\/fr\/"},{"@type":"ListItem","position":2,"name":"Francys Arsentiev : \u00ab La Belle au bois dormant \u00bb du Mont Everest"}]},{"@type":"WebSite","@id":"https:\/\/endorfeen.com\/fr\/#website","url":"https:\/\/endorfeen.com\/fr\/","name":"endorfeen","description":"The Media For Sustainable Outdoors.","publisher":{"@id":"https:\/\/endorfeen.com\/fr\/#organization"},"potentialAction":[{"@type":"SearchAction","target":{"@type":"EntryPoint","urlTemplate":"https:\/\/endorfeen.com\/fr\/?s={search_term_string}"},"query-input":{"@type":"PropertyValueSpecification","valueRequired":true,"valueName":"search_term_string"}}],"inLanguage":"fr-FR"},{"@type":"Organization","@id":"https:\/\/endorfeen.com\/fr\/#organization","name":"endorfeen","url":"https:\/\/endorfeen.com\/fr\/","logo":{"@type":"ImageObject","inLanguage":"fr-FR","@id":"https:\/\/endorfeen.com\/fr\/#\/schema\/logo\/image\/","url":"https:\/\/endorfeen.com\/wp-content\/uploads\/2022\/06\/Circle-endorfeen-site-icon-circled-1000-x-1000-300psi.png","contentUrl":"https:\/\/endorfeen.com\/wp-content\/uploads\/2022\/06\/Circle-endorfeen-site-icon-circled-1000-x-1000-300psi.png","width":1000,"height":1000,"caption":"endorfeen"},"image":{"@id":"https:\/\/endorfeen.com\/fr\/#\/schema\/logo\/image\/"}},{"@type":"Person","@id":"https:\/\/endorfeen.com\/fr\/#\/schema\/person\/76a61f8eb41d36fffdec1b376fcf19aa","name":"Thomas Viguier","image":{"@type":"ImageObject","inLanguage":"fr-FR","@id":"https:\/\/endorfeen.com\/fr\/#\/schema\/person\/image\/","url":"https:\/\/secure.gravatar.com\/avatar\/3c24e541f6f82c052219429c60a8948b1c9ad8eda6daf26af0a100594146ab1a?s=96&d=mm&r=g","contentUrl":"https:\/\/secure.gravatar.com\/avatar\/3c24e541f6f82c052219429c60a8948b1c9ad8eda6daf26af0a100594146ab1a?s=96&d=mm&r=g","caption":"Thomas Viguier"},"description":"Everyone has a story to tell. endorfeen is built as a collaborative platform, giving the voice to anyone with a story to tell. If you have things you want to share, register here.","sameAs":["https:\/\/www.endorfeen.com\/","http:\/\/www.facebook.com\/endorfeen-583261049007200","http:\/\/www.instagram.com\/endorfeen_\/","https:\/\/fi.pinterest.com\/endorfeen_\/","https:\/\/x.com\/https:\/\/twitter.com\/endorfeen_"],"url":"https:\/\/endorfeen.com\/fr\/linkto\/endorfeen-mag\/"}]}},"featured_image_src":"https:\/\/endorfeen.com\/wp-content\/uploads\/2023\/01\/francys-arsentiev-sleeping-beauty-600x358.jpeg","featured_image_src_square":"https:\/\/endorfeen.com\/wp-content\/uploads\/2023\/01\/francys-arsentiev-sleeping-beauty-600x358.jpeg","author_info":{"display_name":"Thomas Viguier","author_link":"https:\/\/endorfeen.com\/fr\/linkto\/endorfeen-mag\/"},"acf":[],"_links":{"self":[{"href":"https:\/\/endorfeen.com\/fr\/wp-json\/wp\/v2\/posts\/10533","targetHints":{"allow":["GET"]}}],"collection":[{"href":"https:\/\/endorfeen.com\/fr\/wp-json\/wp\/v2\/posts"}],"about":[{"href":"https:\/\/endorfeen.com\/fr\/wp-json\/wp\/v2\/types\/post"}],"author":[{"embeddable":true,"href":"https:\/\/endorfeen.com\/fr\/wp-json\/wp\/v2\/users\/30"}],"replies":[{"embeddable":true,"href":"https:\/\/endorfeen.com\/fr\/wp-json\/wp\/v2\/comments?post=10533"}],"version-history":[{"count":0,"href":"https:\/\/endorfeen.com\/fr\/wp-json\/wp\/v2\/posts\/10533\/revisions"}],"wp:featuredmedia":[{"embeddable":true,"href":"https:\/\/endorfeen.com\/fr\/wp-json\/wp\/v2\/media\/9295"}],"wp:attachment":[{"href":"https:\/\/endorfeen.com\/fr\/wp-json\/wp\/v2\/media?parent=10533"}],"wp:term":[{"taxonomy":"category","embeddable":true,"href":"https:\/\/endorfeen.com\/fr\/wp-json\/wp\/v2\/categories?post=10533"},{"taxonomy":"post_tag","embeddable":true,"href":"https:\/\/endorfeen.com\/fr\/wp-json\/wp\/v2\/tags?post=10533"},{"taxonomy":"sponsor","embeddable":true,"href":"https:\/\/endorfeen.com\/fr\/wp-json\/wp\/v2\/sponsor?post=10533"}],"curies":[{"name":"wp","href":"https:\/\/api.w.org\/{rel}","templated":true}]}}