{"id":10531,"date":"2022-07-12T08:22:00","date_gmt":"2022-07-12T07:22:00","guid":{"rendered":"https:\/\/endorfeen.com\/?p=10531"},"modified":"2023-08-18T11:02:32","modified_gmt":"2023-08-18T10:02:32","slug":"larete-est-de-la-pyramide-du-tacul","status":"publish","type":"post","link":"https:\/\/endorfeen.com\/fr\/larete-est-de-la-pyramide-du-tacul\/","title":{"rendered":"L&rsquo;Ar\u00eate Est de la Pyramide du Tacul"},"content":{"rendered":"\n<p><strong>Pyramide du Tacul &#8211; Une histoire racont\u00e9e en photos.<\/strong><\/p>\n\n\n\n<p>Juin venait de commencer et je me dirigeais vers le Midi avec un nouvel ami et partenaire d&rsquo;escalade. Dave Luke et moi \u00e9tions partis pour un court voyage une semaine auparavant, mais ce serait notre premier vrai voyage ensemble.<\/p>\n\n\n\n<p><strong>\u00c0 propos de la route (tir\u00e9e de Jonathan Griffith\/Alpine Exposures) :<\/strong> La Pyramide du Tacul est un satellite du Mont Blanc du Tacul sur son c\u00f4t\u00e9 est. La voie normale est la cr\u00eate est ou l&rsquo;ar\u00eate est de la Pyramide du Tacul. Elle a une cotation D et une voie rocheuse pas trop difficile sur un beau granite. Vous pouvez trouver la route (num\u00e9ro 20) dans le livre de R\u00e9buffat des cent plus belles voies du Massif du Mont Blanc.<\/p>\n\n\n\n<figure class=\"wp-block-image alignwide wp-block-\"><img loading=\"lazy\" decoding=\"async\" width=\"1024\" height=\"683\" src=\"https:\/\/endorfeen.com\/wp-content\/uploads\/2022\/06\/EuropeClimbs.JPG-4150-1024x683.jpg\" alt=\" class=\" class=\"wp-image-3215\" srcset=\"https:\/\/endorfeen.com\/wp-content\/uploads\/2022\/06\/EuropeClimbs.JPG-4150-300x200.jpg 300w, https:\/\/endorfeen.com\/wp-content\/uploads\/2022\/06\/EuropeClimbs.JPG-4150-600x400.jpg 600w, https:\/\/endorfeen.com\/wp-content\/uploads\/2022\/06\/EuropeClimbs.JPG-4150-768x512.jpg 768w, https:\/\/endorfeen.com\/wp-content\/uploads\/2022\/06\/EuropeClimbs.JPG-4150-1024x683.jpg 1024w, https:\/\/endorfeen.com\/wp-content\/uploads\/2022\/06\/EuropeClimbs.JPG-4150-1536x1024.jpg 1536w, https:\/\/endorfeen.com\/wp-content\/uploads\/2022\/06\/EuropeClimbs.JPG-4150.jpg 2048w\" sizes=\"auto, (max-width: 1024px) 100vw, 1024px\" \/><figcaption class=\"wp-element-caption\">Laisser les bottes et le mat\u00e9riel de glacier \u00e0 la base de la voie.<\/figcaption><\/figure>\n\n\n\n<figure class=\"wp-block-image alignwide wp-block-\"><img loading=\"lazy\" decoding=\"async\" width=\"981\" height=\"658\" src=\"https:\/\/endorfeen.com\/wp-content\/uploads\/2022\/06\/EuropeClimbs.JPG-01.jpg\" alt=\" class=\" class=\"wp-image-3217\" srcset=\"https:\/\/endorfeen.com\/wp-content\/uploads\/2022\/06\/EuropeClimbs.JPG-01-300x201.jpg 300w, https:\/\/endorfeen.com\/wp-content\/uploads\/2022\/06\/EuropeClimbs.JPG-01-768x515.jpg 768w, https:\/\/endorfeen.com\/wp-content\/uploads\/2022\/06\/EuropeClimbs.JPG-01.jpg 981w\" sizes=\"auto, (max-width: 981px) 100vw, 981px\" \/><figcaption class=\"wp-element-caption\">Dave est en qu\u00eate \u00e0 travers un terrain cubique. C&rsquo;\u00e9tait le crux de la voie \u00e0 5a, mais les prises de pied cl\u00e9s \u00e9taient mouill\u00e9es, donc cela semblait un peu plus compliqu\u00e9 !<\/figcaption><\/figure>\n\n\n\n<p>Nous avions d\u00e9j\u00e0 bivouaqu\u00e9 ensemble pour chaque autre relais avant celui-ci, donc je n&rsquo;ai pas r\u00e9ussi \u00e0 prendre beaucoup de photos. Je pensais \u00e0 la descente et essayais de me d\u00e9placer le plus rapidement possible, c&rsquo;est Dave qui a d\u00e9cid\u00e9 que nous devions bivouaquer pour les derniers relais, et je suis content qu&rsquo;il l&rsquo;ait fait. Bien que je n&rsquo;\u00e9tais pas ravi de passer la nuit dans le refuge, la m\u00e9t\u00e9o \u00e9tait magnifique et nous \u00e9tions dans une si belle partie de la cha\u00eene. Ce serait dommage de manquer tout \u00e7a juste pour gagner une heure !<\/p>\n\n\n\n<figure class=\"wp-block-image alignwide size-large wp-block-\"><img loading=\"lazy\" decoding=\"async\" width=\"1024\" height=\"683\" src=\"https:\/\/endorfeen.com\/wp-content\/uploads\/2022\/06\/EuropeClimbs.JPG-4188-1024x683.jpg\" alt=\"Pyramide du Tacul\" class=\"wp-image-3219\" srcset=\"https:\/\/endorfeen.com\/wp-content\/uploads\/2022\/06\/EuropeClimbs.JPG-4188-300x200.jpg 300w, https:\/\/endorfeen.com\/wp-content\/uploads\/2022\/06\/EuropeClimbs.JPG-4188-600x400.jpg 600w, https:\/\/endorfeen.com\/wp-content\/uploads\/2022\/06\/EuropeClimbs.JPG-4188-768x512.jpg 768w, https:\/\/endorfeen.com\/wp-content\/uploads\/2022\/06\/EuropeClimbs.JPG-4188-1024x683.jpg 1024w, https:\/\/endorfeen.com\/wp-content\/uploads\/2022\/06\/EuropeClimbs.JPG-4188-1536x1024.jpg 1536w, https:\/\/endorfeen.com\/wp-content\/uploads\/2022\/06\/EuropeClimbs.JPG-4188.jpg 2048w\" sizes=\"auto, (max-width: 1024px) 100vw, 1024px\" \/><figcaption class=\"wp-element-caption\">Au sommet vers 13h. Le dernier t\u00e9l\u00e9si\u00e8ge descend \u00e0 16h30 ! Le visage de Dave en dit long !<\/figcaption><\/figure>\n\n\n\n<figure class=\"wp-block-image alignwide size-large wp-block-\"><img loading=\"lazy\" decoding=\"async\" width=\"1024\" height=\"684\" src=\"https:\/\/endorfeen.com\/wp-content\/uploads\/2022\/06\/EuropeClimbs.JPG-4221-1024x684.jpg\" alt=\" class=\" class=\"wp-image-3221\" srcset=\"https:\/\/endorfeen.com\/wp-content\/uploads\/2022\/06\/EuropeClimbs.JPG-4221-300x201.jpg 300w, https:\/\/endorfeen.com\/wp-content\/uploads\/2022\/06\/EuropeClimbs.JPG-4221-600x400.jpg 600w, https:\/\/endorfeen.com\/wp-content\/uploads\/2022\/06\/EuropeClimbs.JPG-4221-768x513.jpg 768w, https:\/\/endorfeen.com\/wp-content\/uploads\/2022\/06\/EuropeClimbs.JPG-4221-1024x684.jpg 1024w, https:\/\/endorfeen.com\/wp-content\/uploads\/2022\/06\/EuropeClimbs.JPG-4221-1536x1027.jpg 1536w, https:\/\/endorfeen.com\/wp-content\/uploads\/2022\/06\/EuropeClimbs.JPG-4221.jpg 2048w\" sizes=\"auto, (max-width: 1024px) 100vw, 1024px\" \/><figcaption class=\"wp-element-caption\">Descendre \u00e0 toute vitesse. Jusqu&rsquo;\u00e0 ce que nous ayons coinc\u00e9 une corde de toute fa\u00e7on&#8230; De belles fissures \u00e0 grimper sur cette paroi avec des relais \u00e9quip\u00e9s de boulons. Je ne le trouve nulle part, mais cela a fait une excellente ligne de rappel.<\/figcaption><\/figure>\n\n\n\n<figure class=\"wp-block-image alignwide size-large wp-block-\"><img loading=\"lazy\" decoding=\"async\" width=\"1024\" height=\"683\" src=\"https:\/\/endorfeen.com\/wp-content\/uploads\/2022\/06\/EuropeClimbs.JPG-4226-1024x683.jpg\" alt=\"Retour de Pyramide du Tacul\" class=\"wp-image-3223\" srcset=\"https:\/\/endorfeen.com\/wp-content\/uploads\/2022\/06\/EuropeClimbs.JPG-4226-300x200.jpg 300w, https:\/\/endorfeen.com\/wp-content\/uploads\/2022\/06\/EuropeClimbs.JPG-4226-600x400.jpg 600w, https:\/\/endorfeen.com\/wp-content\/uploads\/2022\/06\/EuropeClimbs.JPG-4226-768x512.jpg 768w, https:\/\/endorfeen.com\/wp-content\/uploads\/2022\/06\/EuropeClimbs.JPG-4226-1024x683.jpg 1024w, https:\/\/endorfeen.com\/wp-content\/uploads\/2022\/06\/EuropeClimbs.JPG-4226-1536x1024.jpg 1536w, https:\/\/endorfeen.com\/wp-content\/uploads\/2022\/06\/EuropeClimbs.JPG-4226.jpg 2048w\" sizes=\"auto, (max-width: 1024px) 100vw, 1024px\" \/><figcaption class=\"wp-element-caption\">Trop tard pour le t\u00e9l\u00e9ph\u00e9rique. Vers Cosmiques pour l&rsquo;exp\u00e9rience de l&rsquo;h\u00f4tel alpin.<\/figcaption><\/figure>\n\n\n\n<figure class=\"wp-block-image alignwide size-large wp-block-\"><img loading=\"lazy\" decoding=\"async\" width=\"1024\" height=\"683\" src=\"https:\/\/endorfeen.com\/wp-content\/uploads\/2022\/06\/EuropeClimbs.JPG-4235-1024x683.jpg\" alt=\" class=\" class=\"wp-image-3225\" srcset=\"https:\/\/endorfeen.com\/wp-content\/uploads\/2022\/06\/EuropeClimbs.JPG-4235-300x200.jpg 300w, https:\/\/endorfeen.com\/wp-content\/uploads\/2022\/06\/EuropeClimbs.JPG-4235-600x400.jpg 600w, https:\/\/endorfeen.com\/wp-content\/uploads\/2022\/06\/EuropeClimbs.JPG-4235-768x512.jpg 768w, https:\/\/endorfeen.com\/wp-content\/uploads\/2022\/06\/EuropeClimbs.JPG-4235-1024x683.jpg 1024w, https:\/\/endorfeen.com\/wp-content\/uploads\/2022\/06\/EuropeClimbs.JPG-4235-1536x1024.jpg 1536w, https:\/\/endorfeen.com\/wp-content\/uploads\/2022\/06\/EuropeClimbs.JPG-4235.jpg 2048w\" sizes=\"auto, (max-width: 1024px) 100vw, 1024px\" \/><figcaption class=\"wp-element-caption\">70eu pour une nuit\u00e9e ! Mince, c&rsquo;est une semaine de vie \u00e0 l&rsquo;heure actuelle. Faut le faire une fois, je suppose. Je suis tomb\u00e9 sur deux amis, Andy et Hilton d&rsquo;Afrique du Sud, qui venaient de passer une super journ\u00e9e sur la face sud du Midi.<\/figcaption><\/figure>\n\n\n\n<figure class=\"wp-block-image alignwide size-large wp-block-\"><img loading=\"lazy\" decoding=\"async\" width=\"1024\" height=\"683\" src=\"https:\/\/endorfeen.com\/wp-content\/uploads\/2022\/06\/EuropeClimbs.JPG-4287-1024x683.jpg\" alt=\" class=\" class=\"wp-image-3227\" srcset=\"https:\/\/endorfeen.com\/wp-content\/uploads\/2022\/06\/EuropeClimbs.JPG-4287-300x200.jpg 300w, https:\/\/endorfeen.com\/wp-content\/uploads\/2022\/06\/EuropeClimbs.JPG-4287-600x400.jpg 600w, https:\/\/endorfeen.com\/wp-content\/uploads\/2022\/06\/EuropeClimbs.JPG-4287-768x512.jpg 768w, https:\/\/endorfeen.com\/wp-content\/uploads\/2022\/06\/EuropeClimbs.JPG-4287-1024x683.jpg 1024w, https:\/\/endorfeen.com\/wp-content\/uploads\/2022\/06\/EuropeClimbs.JPG-4287-1536x1024.jpg 1536w, https:\/\/endorfeen.com\/wp-content\/uploads\/2022\/06\/EuropeClimbs.JPG-4287.jpg 2048w\" sizes=\"auto, (max-width: 1024px) 100vw, 1024px\" \/><\/figure>\n\n\n\n<p>J&rsquo;ai repris le Cosmiques Ar\u00eate jusqu&rsquo;\u00e0 la station de t\u00e9l\u00e9ph\u00e9rique. La derni\u00e8re fois que j&rsquo;ai fait ce parcours, c&rsquo;\u00e9tait totalement d\u00e9cevant et je ne voyais pas ce que tout ce tapage \u00e9tait \u00e0 propos. Cependant, avec beaucoup moins de neige, des conditions parfaites et pas une autre \u00e2me en vue (d\u00e9part \u00e0 4h du matin), c&rsquo;\u00e9tait le top ! La fin parfaite pour un voyage. Sant\u00e9, Dave, pour une bonne mission !<\/p>\n","protected":false},"excerpt":{"rendered":"<p>Pyramide du Tacul &#8211; Une histoire racont\u00e9e en photos. Juin venait de commencer et je me dirigeais vers le Midi avec un nouvel ami et partenaire d&rsquo;escalade. Dave Luke et moi \u00e9tions partis pour un court voyage une semaine auparavant, mais ce serait notre premier vrai voyage ensemble. \u00c0 propos de la route (tir\u00e9e de &hellip;<\/p>\n","protected":false},"author":30,"featured_media":3214,"comment_status":"closed","ping_status":"closed","sticky":false,"template":"","format":"standard","meta":{"_acf_changed":false,"_genesis_hide_title":false,"_genesis_hide_breadcrumbs":false,"_genesis_hide_singular_image":false,"_genesis_hide_footer_widgets":false,"_genesis_custom_body_class":"","_genesis_custom_post_class":"","_genesis_layout":"","footnotes":""},"categories":[170],"tags":[176,619,159,332],"sponsor":[1087],"class_list":{"2":"type-post","7":"category-aventures","8":"tag-alpinisme-fr","9":"tag-alpinisme","10":"tag-escalade","11":"tag-montblanc-fr","12":"sponsor-endorfeen","13":"entry"},"yoast_head":"<!-- This site is optimized with the Yoast SEO Premium plugin v26.2 (Yoast SEO v26.2) - https:\/\/yoast.com\/wordpress\/plugins\/seo\/ -->\n<title>L&#039;Ar\u00eate Est de la Pyramide du Tacul - endorfeen<\/title>\n<meta name=\"description\" content=\"Pyramide du Tacul : Une histoire racont\u00e9e en photos. Le mois de juin venait de commencer, et je me dirigeais vers le Midi avec un...\" \/>\n<meta name=\"robots\" content=\"index, follow, max-snippet:-1, max-image-preview:large, max-video-preview:-1\" \/>\n<link rel=\"canonical\" href=\"https:\/\/endorfeen.com\/fr\/larete-est-de-la-pyramide-du-tacul\/\" \/>\n<meta property=\"og:locale\" content=\"fr_FR\" \/>\n<meta property=\"og:type\" content=\"article\" \/>\n<meta property=\"og:title\" content=\"L&#039;Ar\u00eate Est de la Pyramide du Tacul\" \/>\n<meta property=\"og:description\" content=\"Pyramide du Tacul : Une histoire racont\u00e9e en photos. Le mois de juin venait de commencer, et je me dirigeais vers le Midi avec un...\" \/>\n<meta property=\"og:url\" content=\"https:\/\/endorfeen.com\/fr\/larete-est-de-la-pyramide-du-tacul\/\" \/>\n<meta property=\"og:site_name\" content=\"endorfeen\" \/>\n<meta property=\"article:author\" content=\"http:\/\/www.facebook.com\/endorfeen-583261049007200\" \/>\n<meta property=\"article:published_time\" content=\"2022-07-12T07:22:00+00:00\" \/>\n<meta property=\"article:modified_time\" content=\"2023-08-18T10:02:32+00:00\" \/>\n<meta property=\"og:image\" content=\"https:\/\/endorfeen.com\/wp-content\/uploads\/2022\/06\/EuropeClimbs.JPG-4277.jpg\" \/>\n\t<meta property=\"og:image:width\" content=\"1000\" \/>\n\t<meta property=\"og:image:height\" content=\"667\" \/>\n\t<meta property=\"og:image:type\" content=\"image\/jpeg\" \/>\n<meta name=\"author\" content=\"Thomas Viguier\" \/>\n<meta name=\"twitter:card\" content=\"summary_large_image\" \/>\n<meta name=\"twitter:creator\" content=\"@https:\/\/twitter.com\/endorfeen_\" \/>\n<meta name=\"twitter:label1\" content=\"\u00c9crit par\" \/>\n\t<meta name=\"twitter:data1\" content=\"Thomas Viguier\" \/>\n\t<meta name=\"twitter:label2\" content=\"Dur\u00e9e de lecture estim\u00e9e\" \/>\n\t<meta name=\"twitter:data2\" content=\"4 minutes\" \/>\n<script type=\"application\/ld+json\" class=\"yoast-schema-graph\">{\"@context\":\"https:\/\/schema.org\",\"@graph\":[{\"@type\":\"Article\",\"@id\":\"https:\/\/endorfeen.com\/fr\/larete-est-de-la-pyramide-du-tacul\/#article\",\"isPartOf\":{\"@id\":\"https:\/\/endorfeen.com\/fr\/larete-est-de-la-pyramide-du-tacul\/\"},\"author\":{\"name\":\"Thomas Viguier\",\"@id\":\"https:\/\/endorfeen.com\/fr\/#\/schema\/person\/76a61f8eb41d36fffdec1b376fcf19aa\"},\"headline\":\"L&rsquo;Ar\u00eate Est de la Pyramide du Tacul\",\"datePublished\":\"2022-07-12T07:22:00+00:00\",\"dateModified\":\"2023-08-18T10:02:32+00:00\",\"mainEntityOfPage\":{\"@id\":\"https:\/\/endorfeen.com\/fr\/larete-est-de-la-pyramide-du-tacul\/\"},\"wordCount\":507,\"publisher\":{\"@id\":\"https:\/\/endorfeen.com\/fr\/#organization\"},\"image\":{\"@id\":\"https:\/\/endorfeen.com\/fr\/larete-est-de-la-pyramide-du-tacul\/#primaryimage\"},\"thumbnailUrl\":\"https:\/\/endorfeen.com\/wp-content\/uploads\/2022\/06\/EuropeClimbs.JPG-4277.jpg\",\"keywords\":[\"#Alpinisme\",\"#Alpinisme\",\"#escalade\",\"#montblanc\"],\"articleSection\":[\"Aventures\"],\"inLanguage\":\"fr-FR\"},{\"@type\":\"WebPage\",\"@id\":\"https:\/\/endorfeen.com\/fr\/larete-est-de-la-pyramide-du-tacul\/\",\"url\":\"https:\/\/endorfeen.com\/fr\/larete-est-de-la-pyramide-du-tacul\/\",\"name\":\"L'Ar\u00eate Est de la Pyramide du Tacul - endorfeen\",\"isPartOf\":{\"@id\":\"https:\/\/endorfeen.com\/fr\/#website\"},\"primaryImageOfPage\":{\"@id\":\"https:\/\/endorfeen.com\/fr\/larete-est-de-la-pyramide-du-tacul\/#primaryimage\"},\"image\":{\"@id\":\"https:\/\/endorfeen.com\/fr\/larete-est-de-la-pyramide-du-tacul\/#primaryimage\"},\"thumbnailUrl\":\"https:\/\/endorfeen.com\/wp-content\/uploads\/2022\/06\/EuropeClimbs.JPG-4277.jpg\",\"datePublished\":\"2022-07-12T07:22:00+00:00\",\"dateModified\":\"2023-08-18T10:02:32+00:00\",\"description\":\"Pyramide du Tacul : Une histoire racont\u00e9e en photos. Le mois de juin venait de commencer, et je me dirigeais vers le Midi avec un...\",\"breadcrumb\":{\"@id\":\"https:\/\/endorfeen.com\/fr\/larete-est-de-la-pyramide-du-tacul\/#breadcrumb\"},\"inLanguage\":\"fr-FR\",\"potentialAction\":[{\"@type\":\"ReadAction\",\"target\":[\"https:\/\/endorfeen.com\/fr\/larete-est-de-la-pyramide-du-tacul\/\"]}]},{\"@type\":\"ImageObject\",\"inLanguage\":\"fr-FR\",\"@id\":\"https:\/\/endorfeen.com\/fr\/larete-est-de-la-pyramide-du-tacul\/#primaryimage\",\"url\":\"https:\/\/endorfeen.com\/wp-content\/uploads\/2022\/06\/EuropeClimbs.JPG-4277.jpg\",\"contentUrl\":\"https:\/\/endorfeen.com\/wp-content\/uploads\/2022\/06\/EuropeClimbs.JPG-4277.jpg\",\"width\":1000,\"height\":667,\"caption\":\"June had just begun and I was heading up the Midi with a new friend and climber partner. Dave Luke and I had been out on a smaller trip a week or so before but this would be our first real trip together. About the route (taken from Jonathan Griffith\/Alpine Exposures): Pyramide du Tacul is a satellite to the Mont Blanc du Tacul on its east side. The east ridge or east ar\u00eate of the Pyramide du Tacul is the normal route. It is graded D- and a not too difficult rock route on fine granite. It is number 20 in the R\u00e9buffat book of the hundred fines routes in the Mont Blanc Massif.\"},{\"@type\":\"BreadcrumbList\",\"@id\":\"https:\/\/endorfeen.com\/fr\/larete-est-de-la-pyramide-du-tacul\/#breadcrumb\",\"itemListElement\":[{\"@type\":\"ListItem\",\"position\":1,\"name\":\"Home\",\"item\":\"https:\/\/endorfeen.com\/fr\/\"},{\"@type\":\"ListItem\",\"position\":2,\"name\":\"L&#8217;Ar\u00eate Est de la Pyramide du Tacul\"}]},{\"@type\":\"WebSite\",\"@id\":\"https:\/\/endorfeen.com\/fr\/#website\",\"url\":\"https:\/\/endorfeen.com\/fr\/\",\"name\":\"endorfeen\",\"description\":\"The Media For Sustainable Outdoors.\",\"publisher\":{\"@id\":\"https:\/\/endorfeen.com\/fr\/#organization\"},\"potentialAction\":[{\"@type\":\"SearchAction\",\"target\":{\"@type\":\"EntryPoint\",\"urlTemplate\":\"https:\/\/endorfeen.com\/fr\/?s={search_term_string}\"},\"query-input\":{\"@type\":\"PropertyValueSpecification\",\"valueRequired\":true,\"valueName\":\"search_term_string\"}}],\"inLanguage\":\"fr-FR\"},{\"@type\":\"Organization\",\"@id\":\"https:\/\/endorfeen.com\/fr\/#organization\",\"name\":\"endorfeen\",\"url\":\"https:\/\/endorfeen.com\/fr\/\",\"logo\":{\"@type\":\"ImageObject\",\"inLanguage\":\"fr-FR\",\"@id\":\"https:\/\/endorfeen.com\/fr\/#\/schema\/logo\/image\/\",\"url\":\"https:\/\/endorfeen.com\/wp-content\/uploads\/2022\/06\/Circle-endorfeen-site-icon-circled-1000-x-1000-300psi.png\",\"contentUrl\":\"https:\/\/endorfeen.com\/wp-content\/uploads\/2022\/06\/Circle-endorfeen-site-icon-circled-1000-x-1000-300psi.png\",\"width\":1000,\"height\":1000,\"caption\":\"endorfeen\"},\"image\":{\"@id\":\"https:\/\/endorfeen.com\/fr\/#\/schema\/logo\/image\/\"}},{\"@type\":\"Person\",\"@id\":\"https:\/\/endorfeen.com\/fr\/#\/schema\/person\/76a61f8eb41d36fffdec1b376fcf19aa\",\"name\":\"Thomas Viguier\",\"image\":{\"@type\":\"ImageObject\",\"inLanguage\":\"fr-FR\",\"@id\":\"https:\/\/endorfeen.com\/fr\/#\/schema\/person\/image\/\",\"url\":\"https:\/\/secure.gravatar.com\/avatar\/3c24e541f6f82c052219429c60a8948b1c9ad8eda6daf26af0a100594146ab1a?s=96&d=mm&r=g\",\"contentUrl\":\"https:\/\/secure.gravatar.com\/avatar\/3c24e541f6f82c052219429c60a8948b1c9ad8eda6daf26af0a100594146ab1a?s=96&d=mm&r=g\",\"caption\":\"Thomas Viguier\"},\"description\":\"Everyone has a story to tell. endorfeen is built as a collaborative platform, giving the voice to anyone with a story to tell. If you have things you want to share, register here.\",\"sameAs\":[\"https:\/\/www.endorfeen.com\/\",\"http:\/\/www.facebook.com\/endorfeen-583261049007200\",\"http:\/\/www.instagram.com\/endorfeen_\/\",\"https:\/\/fi.pinterest.com\/endorfeen_\/\",\"https:\/\/x.com\/https:\/\/twitter.com\/endorfeen_\"],\"url\":\"https:\/\/endorfeen.com\/fr\/linkto\/endorfeen-mag\/\"}]}<\/script>\n<!-- \/ Yoast SEO Premium plugin. -->","yoast_head_json":{"title":"L'Ar\u00eate Est de la Pyramide du Tacul - endorfeen","description":"Pyramide du Tacul : Une histoire racont\u00e9e en photos. Le mois de juin venait de commencer, et je me dirigeais vers le Midi avec un...","robots":{"index":"index","follow":"follow","max-snippet":"max-snippet:-1","max-image-preview":"max-image-preview:large","max-video-preview":"max-video-preview:-1"},"canonical":"https:\/\/endorfeen.com\/fr\/larete-est-de-la-pyramide-du-tacul\/","og_locale":"fr_FR","og_type":"article","og_title":"L'Ar\u00eate Est de la Pyramide du Tacul","og_description":"Pyramide du Tacul : Une histoire racont\u00e9e en photos. Le mois de juin venait de commencer, et je me dirigeais vers le Midi avec un...","og_url":"https:\/\/endorfeen.com\/fr\/larete-est-de-la-pyramide-du-tacul\/","og_site_name":"endorfeen","article_author":"http:\/\/www.facebook.com\/endorfeen-583261049007200","article_published_time":"2022-07-12T07:22:00+00:00","article_modified_time":"2023-08-18T10:02:32+00:00","og_image":[{"width":1000,"height":667,"url":"https:\/\/endorfeen.com\/wp-content\/uploads\/2022\/06\/EuropeClimbs.JPG-4277.jpg","type":"image\/jpeg"}],"author":"Thomas Viguier","twitter_card":"summary_large_image","twitter_creator":"@https:\/\/twitter.com\/endorfeen_","twitter_misc":{"\u00c9crit par":"Thomas Viguier","Dur\u00e9e de lecture estim\u00e9e":"4 minutes"},"schema":{"@context":"https:\/\/schema.org","@graph":[{"@type":"Article","@id":"https:\/\/endorfeen.com\/fr\/larete-est-de-la-pyramide-du-tacul\/#article","isPartOf":{"@id":"https:\/\/endorfeen.com\/fr\/larete-est-de-la-pyramide-du-tacul\/"},"author":{"name":"Thomas Viguier","@id":"https:\/\/endorfeen.com\/fr\/#\/schema\/person\/76a61f8eb41d36fffdec1b376fcf19aa"},"headline":"L&rsquo;Ar\u00eate Est de la Pyramide du Tacul","datePublished":"2022-07-12T07:22:00+00:00","dateModified":"2023-08-18T10:02:32+00:00","mainEntityOfPage":{"@id":"https:\/\/endorfeen.com\/fr\/larete-est-de-la-pyramide-du-tacul\/"},"wordCount":507,"publisher":{"@id":"https:\/\/endorfeen.com\/fr\/#organization"},"image":{"@id":"https:\/\/endorfeen.com\/fr\/larete-est-de-la-pyramide-du-tacul\/#primaryimage"},"thumbnailUrl":"https:\/\/endorfeen.com\/wp-content\/uploads\/2022\/06\/EuropeClimbs.JPG-4277.jpg","keywords":["#Alpinisme","#Alpinisme","#escalade","#montblanc"],"articleSection":["Aventures"],"inLanguage":"fr-FR"},{"@type":"WebPage","@id":"https:\/\/endorfeen.com\/fr\/larete-est-de-la-pyramide-du-tacul\/","url":"https:\/\/endorfeen.com\/fr\/larete-est-de-la-pyramide-du-tacul\/","name":"L'Ar\u00eate Est de la Pyramide du Tacul - endorfeen","isPartOf":{"@id":"https:\/\/endorfeen.com\/fr\/#website"},"primaryImageOfPage":{"@id":"https:\/\/endorfeen.com\/fr\/larete-est-de-la-pyramide-du-tacul\/#primaryimage"},"image":{"@id":"https:\/\/endorfeen.com\/fr\/larete-est-de-la-pyramide-du-tacul\/#primaryimage"},"thumbnailUrl":"https:\/\/endorfeen.com\/wp-content\/uploads\/2022\/06\/EuropeClimbs.JPG-4277.jpg","datePublished":"2022-07-12T07:22:00+00:00","dateModified":"2023-08-18T10:02:32+00:00","description":"Pyramide du Tacul : Une histoire racont\u00e9e en photos. Le mois de juin venait de commencer, et je me dirigeais vers le Midi avec un...","breadcrumb":{"@id":"https:\/\/endorfeen.com\/fr\/larete-est-de-la-pyramide-du-tacul\/#breadcrumb"},"inLanguage":"fr-FR","potentialAction":[{"@type":"ReadAction","target":["https:\/\/endorfeen.com\/fr\/larete-est-de-la-pyramide-du-tacul\/"]}]},{"@type":"ImageObject","inLanguage":"fr-FR","@id":"https:\/\/endorfeen.com\/fr\/larete-est-de-la-pyramide-du-tacul\/#primaryimage","url":"https:\/\/endorfeen.com\/wp-content\/uploads\/2022\/06\/EuropeClimbs.JPG-4277.jpg","contentUrl":"https:\/\/endorfeen.com\/wp-content\/uploads\/2022\/06\/EuropeClimbs.JPG-4277.jpg","width":1000,"height":667,"caption":"June had just begun and I was heading up the Midi with a new friend and climber partner. Dave Luke and I had been out on a smaller trip a week or so before but this would be our first real trip together. About the route (taken from Jonathan Griffith\/Alpine Exposures): Pyramide du Tacul is a satellite to the Mont Blanc du Tacul on its east side. The east ridge or east ar\u00eate of the Pyramide du Tacul is the normal route. It is graded D- and a not too difficult rock route on fine granite. It is number 20 in the R\u00e9buffat book of the hundred fines routes in the Mont Blanc Massif."},{"@type":"BreadcrumbList","@id":"https:\/\/endorfeen.com\/fr\/larete-est-de-la-pyramide-du-tacul\/#breadcrumb","itemListElement":[{"@type":"ListItem","position":1,"name":"Home","item":"https:\/\/endorfeen.com\/fr\/"},{"@type":"ListItem","position":2,"name":"L&#8217;Ar\u00eate Est de la Pyramide du Tacul"}]},{"@type":"WebSite","@id":"https:\/\/endorfeen.com\/fr\/#website","url":"https:\/\/endorfeen.com\/fr\/","name":"endorfeen","description":"The Media For Sustainable Outdoors.","publisher":{"@id":"https:\/\/endorfeen.com\/fr\/#organization"},"potentialAction":[{"@type":"SearchAction","target":{"@type":"EntryPoint","urlTemplate":"https:\/\/endorfeen.com\/fr\/?s={search_term_string}"},"query-input":{"@type":"PropertyValueSpecification","valueRequired":true,"valueName":"search_term_string"}}],"inLanguage":"fr-FR"},{"@type":"Organization","@id":"https:\/\/endorfeen.com\/fr\/#organization","name":"endorfeen","url":"https:\/\/endorfeen.com\/fr\/","logo":{"@type":"ImageObject","inLanguage":"fr-FR","@id":"https:\/\/endorfeen.com\/fr\/#\/schema\/logo\/image\/","url":"https:\/\/endorfeen.com\/wp-content\/uploads\/2022\/06\/Circle-endorfeen-site-icon-circled-1000-x-1000-300psi.png","contentUrl":"https:\/\/endorfeen.com\/wp-content\/uploads\/2022\/06\/Circle-endorfeen-site-icon-circled-1000-x-1000-300psi.png","width":1000,"height":1000,"caption":"endorfeen"},"image":{"@id":"https:\/\/endorfeen.com\/fr\/#\/schema\/logo\/image\/"}},{"@type":"Person","@id":"https:\/\/endorfeen.com\/fr\/#\/schema\/person\/76a61f8eb41d36fffdec1b376fcf19aa","name":"Thomas Viguier","image":{"@type":"ImageObject","inLanguage":"fr-FR","@id":"https:\/\/endorfeen.com\/fr\/#\/schema\/person\/image\/","url":"https:\/\/secure.gravatar.com\/avatar\/3c24e541f6f82c052219429c60a8948b1c9ad8eda6daf26af0a100594146ab1a?s=96&d=mm&r=g","contentUrl":"https:\/\/secure.gravatar.com\/avatar\/3c24e541f6f82c052219429c60a8948b1c9ad8eda6daf26af0a100594146ab1a?s=96&d=mm&r=g","caption":"Thomas Viguier"},"description":"Everyone has a story to tell. endorfeen is built as a collaborative platform, giving the voice to anyone with a story to tell. If you have things you want to share, register here.","sameAs":["https:\/\/www.endorfeen.com\/","http:\/\/www.facebook.com\/endorfeen-583261049007200","http:\/\/www.instagram.com\/endorfeen_\/","https:\/\/fi.pinterest.com\/endorfeen_\/","https:\/\/x.com\/https:\/\/twitter.com\/endorfeen_"],"url":"https:\/\/endorfeen.com\/fr\/linkto\/endorfeen-mag\/"}]}},"featured_image_src":"https:\/\/endorfeen.com\/wp-content\/uploads\/2022\/06\/EuropeClimbs.JPG-4277-600x400.jpg","featured_image_src_square":"https:\/\/endorfeen.com\/wp-content\/uploads\/2022\/06\/EuropeClimbs.JPG-4277-600x600.jpg","author_info":{"display_name":"Thomas Viguier","author_link":"https:\/\/endorfeen.com\/fr\/linkto\/endorfeen-mag\/"},"acf":[],"_links":{"self":[{"href":"https:\/\/endorfeen.com\/fr\/wp-json\/wp\/v2\/posts\/10531","targetHints":{"allow":["GET"]}}],"collection":[{"href":"https:\/\/endorfeen.com\/fr\/wp-json\/wp\/v2\/posts"}],"about":[{"href":"https:\/\/endorfeen.com\/fr\/wp-json\/wp\/v2\/types\/post"}],"author":[{"embeddable":true,"href":"https:\/\/endorfeen.com\/fr\/wp-json\/wp\/v2\/users\/30"}],"replies":[{"embeddable":true,"href":"https:\/\/endorfeen.com\/fr\/wp-json\/wp\/v2\/comments?post=10531"}],"version-history":[{"count":0,"href":"https:\/\/endorfeen.com\/fr\/wp-json\/wp\/v2\/posts\/10531\/revisions"}],"wp:featuredmedia":[{"embeddable":true,"href":"https:\/\/endorfeen.com\/fr\/wp-json\/wp\/v2\/media\/3214"}],"wp:attachment":[{"href":"https:\/\/endorfeen.com\/fr\/wp-json\/wp\/v2\/media?parent=10531"}],"wp:term":[{"taxonomy":"category","embeddable":true,"href":"https:\/\/endorfeen.com\/fr\/wp-json\/wp\/v2\/categories?post=10531"},{"taxonomy":"post_tag","embeddable":true,"href":"https:\/\/endorfeen.com\/fr\/wp-json\/wp\/v2\/tags?post=10531"},{"taxonomy":"sponsor","embeddable":true,"href":"https:\/\/endorfeen.com\/fr\/wp-json\/wp\/v2\/sponsor?post=10531"}],"curies":[{"name":"wp","href":"https:\/\/api.w.org\/{rel}","templated":true}]}}