{"id":10513,"date":"2023-03-27T08:00:00","date_gmt":"2023-03-27T07:00:00","guid":{"rendered":"https:\/\/endorfeen.com\/?p=10513"},"modified":"2023-08-18T11:01:55","modified_gmt":"2023-08-18T10:01:55","slug":"le-refuge-des-ecrins-camp-de-base-entre-ciel-et-glace-pour-alpinistes-et-skieurs-de-randonnee","status":"publish","type":"post","link":"https:\/\/endorfeen.com\/fr\/le-refuge-des-ecrins-camp-de-base-entre-ciel-et-glace-pour-alpinistes-et-skieurs-de-randonnee\/","title":{"rendered":"Le Refuge des Ecrins : Camp de base entre ciel et glace pour alpinistes et skieurs de randonn\u00e9e"},"content":{"rendered":"\n<p>Le Refuge des Ecrin est perch\u00e9 \u00e0 3 170 m\u00e8tres d&rsquo;altitude, sur un \u00e9peron rocheux surplombant la rive gauche du majestueux Glacier Blanc. Il offre un panorama \u00e9poustouflant sur le sommet embl\u00e9matique du massif, la <a href=\"https:\/\/endorfeen.com\/fr\/la-conquete-de-la-barre-des-ecrins-perle-des-alpes-francaises\/\">Barre des Ecrins<\/a>, qui culmine \u00e0 4 102 m\u00e8tres.<\/p>\n\n\n\n<p>Pour atteindre ce havre de paix, les aventuriers devront traverser le Glacier Blanc en s&rsquo;\u00e9quipant du mat\u00e9riel adapt\u00e9 pour progresser en toute s\u00e9curit\u00e9 sur les glaciers, tels que les crampons, le baudrier et la corde.<\/p>\n\n\n\n<p>Nich\u00e9 au c\u0153ur du massif des Ecrins, ce refuge historique fut construit en 1969, succ\u00e9dant ainsi \u00e0 l&rsquo;ancien refuge Caron en bois \u00e9rig\u00e9 en 1921. Depuis lors, il constitue un point de d\u00e9part privil\u00e9gi\u00e9 pour les alpinistes souhaitant gravir les sommets mythiques tels que le D\u00f4me des Ecrins, la <a href=\"https:\/\/endorfeen.com\/fr\/la-conquete-de-la-barre-des-ecrins-perle-des-alpes-francaises\/\">Barre des \u00c9crins<\/a>, le Pic du Glacier d&rsquo;Arsine, Roche Faurio ou encore Neige Cordier.<\/p>\n\n\n\n<figure class=\"wp-block-image size-large\"><img loading=\"lazy\" decoding=\"async\" width=\"1024\" height=\"1021\" src=\"https:\/\/endorfeen.com\/wp-content\/uploads\/2023\/03\/117266900_192880245527148_5869838868407614365_n-1024x1021.jpg\" alt=\"\" class=\"wp-image-10516\" srcset=\"https:\/\/endorfeen.com\/wp-content\/uploads\/2023\/03\/117266900_192880245527148_5869838868407614365_n-80x80.jpg 80w, https:\/\/endorfeen.com\/wp-content\/uploads\/2023\/03\/117266900_192880245527148_5869838868407614365_n-150x150.jpg 150w, https:\/\/endorfeen.com\/wp-content\/uploads\/2023\/03\/117266900_192880245527148_5869838868407614365_n-300x300.jpg 300w, https:\/\/endorfeen.com\/wp-content\/uploads\/2023\/03\/117266900_192880245527148_5869838868407614365_n-768x766.jpg 768w, https:\/\/endorfeen.com\/wp-content\/uploads\/2023\/03\/117266900_192880245527148_5869838868407614365_n-1024x1021.jpg 1024w, https:\/\/endorfeen.com\/wp-content\/uploads\/2023\/03\/117266900_192880245527148_5869838868407614365_n.jpg 1080w\" sizes=\"auto, (max-width: 1024px) 100vw, 1024px\" \/><figcaption class=\"wp-element-caption\">Credits: <a href=\"https:\/\/www.instagram.com\/_reidmatthews\/\" target=\"_blank\" rel=\"noreferrer noopener\">Matthew Reid<\/a><\/figcaption><\/figure>\n\n\n\n<p>Au printemps, les skieurs de randonn\u00e9e ne sont pas en reste, car ils peuvent profiter d&rsquo;une multitude d&rsquo;itin\u00e9raires au d\u00e9part du refuge. En somme, le refuge des \u00c9crins est un v\u00e9ritable camp de base incontournable pour les passionn\u00e9s d&rsquo;alpinisme et de ski de randonn\u00e9e, quels que soient leur niveau et leurs aspirations.<\/p>\n\n\n\n<h2 class=\"wp-block-heading\" id=\"h-le-refuge-des-ecrins-information-generale\">Le Refuge des Ecrins &#8211; information g\u00e9n\u00e9rale<\/h2>\n\n\n\n<p>Le refuge des \u00c9crins est un solide \u00e9difice en granit, s&rsquo;\u00e9tendant sur trois niveaux. Sa conception robuste et son emplacement strat\u00e9gique en font un point de rep\u00e8re incontournable pour les explorateurs en qu\u00eate d&rsquo;aventure.<\/p>\n\n\n\n<p>Une plate-forme sp\u00e9cialement am\u00e9nag\u00e9e peut \u00e9galement accueillir les h\u00e9licopt\u00e8res de secours et de ravitaillement, assurant ainsi la s\u00e9curit\u00e9 et le bien-\u00eatre de tous les occupants du refuge.<\/p>\n\n\n\n<h3 class=\"wp-block-heading\" id=\"h-gardiennage-mars-a-septembre\">Gardiennage (mars \u00e0 septembre)<\/h3>\n\n\n\n<ul class=\"wp-block-list\">\n<li>Nombre de couchages: 116<\/li>\n\n\n\n<li>Couettes et couvertures<\/li>\n\n\n\n<li>Salle hors-sac ind\u00e9pendante<\/li>\n\n\n\n<li>WC int\u00e9rieurs<\/li>\n<\/ul>\n\n\n\n<h3 class=\"wp-block-heading\" id=\"h-hors-gardiennage-automne-hiver\">Hors gardiennage (Automne\/Hiver)<\/h3>\n\n\n\n<ul class=\"wp-block-list\">\n<li>Nombre de couchages: 40<\/li>\n\n\n\n<li>Couvertures<\/li>\n<\/ul>\n\n\n\n<h2 class=\"wp-block-heading\" id=\"h-le-refuge-des-ecrins-dans-l-histoire\">Le Refuge des Ecrins dans l\u2019Histoire<\/h2>\n\n\n\n<p>En 1903, un premier refuge voit le jour dans le massif des \u00c9crins : l&rsquo;abri Caron. \u00c9rig\u00e9 au c\u0153ur du cirque du Glacier Blanc, entre les cols \u00c9mile Pic et Roche Faurio, ce refuge porte le nom d&rsquo;Ernest Caron, ancien pr\u00e9sident du Club alpin fran\u00e7ais de Brian\u00e7on et du CAF national, ainsi que pr\u00e9sident du Conseil municipal de Paris \u00e9lu en novembre 1909. Cette modeste cabane en bois, offrant seulement quelques places, est malheureusement d\u00e9truite par un incendie en 1921.<\/p>\n\n\n\n<p>D\u00e8s 1922, un second refuge Caron, l\u00e9g\u00e8rement plus grand et toujours en bois, est inaugur\u00e9. Toutefois, sa capacit\u00e9 d&rsquo;accueil de 36 personnes devient rapidement insuffisante face \u00e0 l&rsquo;essor de l&rsquo;alpinisme apr\u00e8s-guerre.<\/p>\n\n\n\n<p>Face \u00e0 cette situation, la construction d&rsquo;un nouveau refuge plus spacieux devient une n\u00e9cessit\u00e9. C&rsquo;est ainsi qu&rsquo;au printemps 1968, un ambitieux chantier d\u00e9bute. Malgr\u00e9 des conditions m\u00e9t\u00e9orologiques parfois extr\u00eames, 170 tonnes de mat\u00e9riaux sont h\u00e9liport\u00e9es pour \u00e9difier ce nouveau refuge.<\/p>\n\n\n\n<p>Le 14 septembre 1968, la derni\u00e8re pierre, pr\u00e9lev\u00e9e sur la <a href=\"https:\/\/endorfeen.com\/fr\/la-conquete-de-la-barre-des-ecrins-perle-des-alpes-francaises\/\">Barre des \u00c9crins<\/a>, est solennellement scell\u00e9e. Les travaux de finition int\u00e9rieure sont achev\u00e9s l&rsquo;ann\u00e9e suivante, et le refuge ouvre ses portes aux alpinistes le 22 juin 1969. Inaugur\u00e9 le 16 septembre 1969, ce refuge moderne remplace d\u00e9finitivement l&rsquo;ancien refuge Caron, qui est alors d\u00e9mantel\u00e9.<\/p>\n\n\n\n<h2 class=\"wp-block-heading\" id=\"h-a-quoi-s-attendre-au-refuge-des-ecrins\">A quoi s\u2019attendre au Refuge des Ecrins ?<\/h2>\n\n\n\n<p>Le refuge des Ecrins offre un confort rustique, typique des refuges de montagne. Par mauvais temps, les temp\u00e9ratures int\u00e9rieures peuvent rapidement chuter, mais le po\u00eale \u00e0 bois de la salle \u00e0 manger est allum\u00e9 au printemps et lors des journ\u00e9es pluvieuses pour r\u00e9chauffer l&rsquo;atmosph\u00e8re.<\/p>\n\n\n\n<p>Au cours des mois d&rsquo;avril, mai et parfois juin, la neige fondue sur les po\u00eales et le toit du refuge fournit une pr\u00e9cieuse ressource en eau pour la cuisine et l&rsquo;entretien des lieux. Vers la mi-juin, de l&rsquo;eau de fonte est r\u00e9cup\u00e9r\u00e9e gr\u00e2ce \u00e0 un captage situ\u00e9 en amont du refuge. La disponibilit\u00e9 de cette ressource d\u00e9pend \u00e9troitement des conditions climatiques et des temp\u00e9ratures. Le refuge dispose de quatre toilettes et deux lavabos aliment\u00e9s en eau froide, qui sont ferm\u00e9s lorsque les temp\u00e9ratures descendent en dessous de z\u00e9ro. Pour l&rsquo;eau potable, des bouteilles d&rsquo;un litre et demi sont propos\u00e9es aux visiteurs.<\/p>\n\n\n\n<figure class=\"wp-block-image size-large\"><img loading=\"lazy\" decoding=\"async\" width=\"1024\" height=\"1024\" src=\"https:\/\/endorfeen.com\/wp-content\/uploads\/2023\/03\/248965428_1895259133977125_1895574314060325166_n-1024x1024.jpg\" alt=\"\" class=\"wp-image-10518\" srcset=\"https:\/\/endorfeen.com\/wp-content\/uploads\/2023\/03\/248965428_1895259133977125_1895574314060325166_n-80x80.jpg 80w, https:\/\/endorfeen.com\/wp-content\/uploads\/2023\/03\/248965428_1895259133977125_1895574314060325166_n-150x150.jpg 150w, https:\/\/endorfeen.com\/wp-content\/uploads\/2023\/03\/248965428_1895259133977125_1895574314060325166_n-300x300.jpg 300w, https:\/\/endorfeen.com\/wp-content\/uploads\/2023\/03\/248965428_1895259133977125_1895574314060325166_n-600x600.jpg 600w, https:\/\/endorfeen.com\/wp-content\/uploads\/2023\/03\/248965428_1895259133977125_1895574314060325166_n-768x768.jpg 768w, https:\/\/endorfeen.com\/wp-content\/uploads\/2023\/03\/248965428_1895259133977125_1895574314060325166_n-1024x1024.jpg 1024w, https:\/\/endorfeen.com\/wp-content\/uploads\/2023\/03\/248965428_1895259133977125_1895574314060325166_n.jpg 1080w\" sizes=\"auto, (max-width: 1024px) 100vw, 1024px\" \/><figcaption class=\"wp-element-caption\">Credits: <a href=\"https:\/\/www.instagram.com\/nonoznatchko\/\" target=\"_blank\" rel=\"noreferrer noopener\">nonoznatchko<\/a><\/figcaption><\/figure>\n\n\n\n<p>L&rsquo;\u00e9lectricit\u00e9 du refuge provient exclusivement de panneaux solaires, qui alimentent le minimum n\u00e9cessaire pour le fonctionnement des installations (\u00e9clairage, bureautique, r\u00e9frig\u00e9ration et ustensiles de cuisine). Cependant, l&rsquo;ensoleillement irr\u00e9gulier ne permet pas de recharger les appareils photo et t\u00e9l\u00e9phones des visiteurs.<\/p>\n\n\n\n<p>C\u00f4t\u00e9 h\u00e9bergement, le refuge compte cinq dortoirs \u00e9quip\u00e9s de draps-housses, d&rsquo;oreillers et de couvertures. Les lits sont dispos\u00e9s sur deux niveaux, et les visiteurs doivent apporter leur propre sac \u00e0 viande. En hiver, lorsque le refuge n&rsquo;est pas gard\u00e9, une section de 40 places reste accessible. Quelques couvertures sont disponibles, mais il est conseill\u00e9 de pr\u00e9voir un sac de couchage chaud, car il n&rsquo;y a pas de chauffage. Les ustensiles de cuisine sont limit\u00e9s et il n&rsquo;y a pas de gaz. Une contribution fix\u00e9e par la FFCAM est demand\u00e9e pour utiliser le refuge en hiver, et une urne est \u00e0 disposition pour d\u00e9poser l&rsquo;argent.<\/p>\n\n\n\n<p>Les visiteurs sont invit\u00e9s \u00e0 redescendre leurs d\u00e9chets, tandis que ceux produits par le refuge sont tri\u00e9s et \u00e9vacu\u00e9s par h\u00e9licopt\u00e8re. La gestion du refuge vise \u00e0 limiter le nombre de rotations d&rsquo;h\u00e9licopt\u00e8re, d&rsquo;o\u00f9 l&rsquo;importance de la responsabilit\u00e9 individuelle concernant les d\u00e9chets.<\/p>\n\n\n\n<p>Il est imp\u00e9ratif de r\u00e9server votre h\u00e9bergement au refuge en avance, que ce soit en ligne ou par t\u00e9l\u00e9phone. Les places \u00e9tant limit\u00e9es, il est fortement recommand\u00e9 de pr\u00e9voir votre r\u00e9servation bien \u00e0 l&rsquo;avance.<\/p>\n\n\n\n<h2 class=\"wp-block-heading\" id=\"h-acces-au-refuge-des-ecrins\">Acc\u00e8s au Refuge des Ecrins<\/h2>\n\n\n\n<p>Le Pr\u00e9 de Madame Carle, nich\u00e9 dans le majestueux d\u00e9cor de Vallouise-Pelvoux, constitue le point de d\u00e9part id\u00e9al pour explorer les merveilles de la montagne environnante. Suivez le sentier menant au refuge du Glacier Blanc, o\u00f9 vous pourrez vous reposer et profiter de l&rsquo;incroyable panorama qui s&rsquo;offre \u00e0 vous.<\/p>\n\n\n\n<p>Au-del\u00e0 du refuge du Glacier Blanc, le sentier dispara\u00eet pour laisser place \u00e0 un itin\u00e9raire balis\u00e9 sur des rochers puis sur une moraine. Il est crucial d&rsquo;\u00eatre attentif et de rester sur le bon chemin, car la nature sauvage des lieux exige prudence et respect.<\/p>\n\n\n\n<p>L&rsquo;itin\u00e9raire classique emprunte le glacier, pr\u00e9sentant toutefois des dangers s\u00e9rieux de chutes en crevasses. Il est imp\u00e9ratif de prendre toutes les pr\u00e9cautions n\u00e9cessaires pour \u00e9voluer en s\u00e9curit\u00e9 sur le bord du glacier, notamment en traversant les ponts de neige qui enjambent les crevasses.<\/p>\n\n\n\n<p>Une alternative hors glacier est balis\u00e9e pour ceux qui souhaitent \u00e9viter les risques li\u00e9s \u00e0 la travers\u00e9e du glacier. Toutefois, nombreux sont les randonneurs qui pr\u00e9f\u00e8rent suivre la trace sur le glacier, attir\u00e9s par sa visibilit\u00e9 et son itin\u00e9raire plus direct.<\/p>\n\n\n\n<p>Peu importe le chemin choisi, cette randonn\u00e9e alpine offrira aux aventuriers \u00e9merveillement et d\u00e9fi, tout en rappelant l&rsquo;importance du respect de la montagne et de la s\u00e9curit\u00e9 lors de la d\u00e9couverte de ces paysages grandioses.<\/p>\n\n\n\n<h2 class=\"wp-block-heading\" id=\"h-quelques-ascensions-possibles-depuis-le-refuge-des-ecrins\">Quelques ascensions possibles depuis le Refuge des Ecrins<\/h2>\n\n\n\n<h3 class=\"wp-block-heading\" id=\"h-barre-des-ecrins-4-102-m\">Barre des Ecrins (4 102 m)<\/h3>\n\n\n\n<p>Perch\u00e9e \u00e0 4 101 m\u00e8tres d&rsquo;altitude, la <a href=\"https:\/\/endorfeen.com\/fr\/la-conquete-de-la-barre-des-ecrins-perle-des-alpes-francaises\/\">Barre des \u00c9crins<\/a> est un sommet embl\u00e9matique des Alpes fran\u00e7aises. Dominant majestueusement le massif des \u00c9crins, ce pic est \u00e9galement le point culminant du d\u00e9partement des Hautes-Alpes et de la r\u00e9gion du Dauphin\u00e9. La Barre des \u00c9crins se distingue comme le plus m\u00e9ridional des \u00ab\u00a04 000 alpins\u00a0\u00bb, ajoutant \u00e0 son caract\u00e8re exceptionnel.<\/p>\n\n\n\n<figure class=\"wp-block-image size-full\"><img loading=\"lazy\" decoding=\"async\" width=\"1024\" height=\"768\" src=\"https:\/\/endorfeen.com\/wp-content\/uploads\/2023\/03\/1029067274_325229424BI.jpg\" alt=\"Barre des Ecrins - voie normale\" class=\"wp-image-10501\" srcset=\"https:\/\/endorfeen.com\/wp-content\/uploads\/2023\/03\/1029067274_325229424BI-300x225.jpg 300w, https:\/\/endorfeen.com\/wp-content\/uploads\/2023\/03\/1029067274_325229424BI-400x300.jpg 400w, https:\/\/endorfeen.com\/wp-content\/uploads\/2023\/03\/1029067274_325229424BI-768x576.jpg 768w, https:\/\/endorfeen.com\/wp-content\/uploads\/2023\/03\/1029067274_325229424BI-800x600.jpg 800w, https:\/\/endorfeen.com\/wp-content\/uploads\/2023\/03\/1029067274_325229424BI.jpg 1024w\" sizes=\"auto, (max-width: 1024px) 100vw, 1024px\" \/><figcaption class=\"wp-element-caption\">Credits: David Jonglez<\/figcaption><\/figure>\n\n\n\n<p>Avant l&rsquo;annexion de la Savoie en 1860, la Barre des \u00c9crins \u00e9tait consid\u00e9r\u00e9e comme le sommet le plus \u00e9lev\u00e9 de France. Aujourd&rsquo;hui encore, elle demeure un site incontournable pour les amateurs de montagne et d&rsquo;aventure, offrant des paysages \u00e0 couper le souffle et des d\u00e9fis sportifs pour les grimpeurs chevronn\u00e9s.<\/p>\n\n\n\n<p><a href=\"https:\/\/endorfeen.com\/fr\/ascension-de-la-barre-des-ecrins-par-la-voie-normale\/\">D\u00e9couvrir la Barre des \u00c9crins<\/a>, c&rsquo;est s&rsquo;immerger dans un univers alpin o\u00f9 se m\u00ealent histoire, beaut\u00e9 naturelle et sensations fortes. Une destination de choix pour les amoureux des sommets et des panoramas d&rsquo;exception.<\/p>\n\n\n\n<h3 class=\"wp-block-heading\" id=\"h-dome-des-ecrins-4-015-m\">D\u00f4me des \u00c9crins (4 015 m)<\/h3>\n\n\n\n<p>Le d\u00f4me de neige des \u00c9crins, culminant \u00e0 4 009 m\u00e8tres d&rsquo;altitude, est un sommet alpin nich\u00e9 au pied de la Barre des \u00c9crins, \u00e0 cheval entre les d\u00e9partements fran\u00e7ais de l&rsquo;Is\u00e8re et des Hautes-Alpes. Ce sommet repr\u00e9sente une \u00e9tape incontournable pour les passionn\u00e9s de montagne souhaitant s&rsquo;initier \u00e0 la haute altitude.<\/p>\n\n\n\n<p>Entour\u00e9 par le splendide glacier Blanc, ce sommet offre un terrain d&rsquo;aventure id\u00e9al pour s&rsquo;acclimater \u00e0 l&rsquo;altitude et pr\u00e9parer des ascensions plus exigeantes. L&rsquo;ascension du d\u00f4me de neige des \u00c9crins s&rsquo;effectue g\u00e9n\u00e9ralement depuis le refuge des \u00c9crins (\u00e9galement connu sous le nom de refuge Caron), situ\u00e9 \u00e0 3 170 m\u00e8tres d&rsquo;altitude. Il faut compter trois \u00e0 quatre heures de marche pour des alpinistes entra\u00een\u00e9s.<\/p>\n\n\n\n<p>Si cette course glaciaire ne pr\u00e9sente pas de difficult\u00e9 technique majeure, elle requiert n\u00e9anmoins une certaine vigilance lors du franchissement de la rimaye sommitale, passage al\u00e9atoire qui n\u00e9cessite l&rsquo;utilisation d&rsquo;un pont de neige. Une exp\u00e9rience enrichissante pour les aventuriers en qu\u00eate de d\u00e9fis et de panoramas \u00e0 couper le souffle.<\/p>\n\n\n\n<h3 class=\"wp-block-heading\" id=\"h-pic-de-neige-cordier-3-614-m\">Pic de Neige Cordier (3 614 m)<\/h3>\n\n\n\n<p>Le Pic de Neige Cordier, avec ses 3 614 m\u00e8tres d&rsquo;altitude, est un sommet majestueux du massif des \u00c9crins. Ce pic porte le nom d&rsquo;Henri Cordier, un alpiniste \u00e9m\u00e9rite dont l&rsquo;exploit et la passion pour la montagne ont marqu\u00e9 les esprits.<\/p>\n\n\n\n<p>Ce sommet s\u00e9duisant offre aux aventuriers une occasion unique de s&rsquo;immerger dans l&rsquo;univers alpin et de rendre hommage \u00e0 un grand passionn\u00e9 de la montagne. Le Pic de Neige Cordier constitue une \u00e9tape int\u00e9ressante pour les randonneurs et les grimpeurs en qu\u00eate de nouveaux d\u00e9fis, tout en profitant des paysages grandioses du massif des \u00c9crins.<\/p>\n\n\n\n<h3 class=\"wp-block-heading\" id=\"h-pointe-louise-3-668-m\">Pointe Louise (3 668 m)<\/h3>\n\n\n\n<p>L&rsquo;ascension de la Pointe Louise par son ar\u00eate sud-est offre un itin\u00e9raire authentique et pur, r\u00e9v\u00e9lant toute la splendeur de la haute montagne. L&rsquo;approche se r\u00e9alise sur le majestueux Glacier Blanc, tandis que la descente n\u00e9cessite des comp\u00e9tences solides en alpinisme sur neige.<\/p>\n\n\n\n<p>Afin de garantir la s\u00e9curit\u00e9 des alpinistes, il est essentiel de respecter un horaire pr\u00e9cis lors de cette escalade. La descente doit s&rsquo;effectuer suffisamment t\u00f4t pour que la neige demeure stable, ajoutant une dimension suppl\u00e9mentaire au d\u00e9fi sportif de l&rsquo;ascension.<\/p>\n\n\n\n<p>L&rsquo;ar\u00eate sud-est de la Pointe Louise offre une exp\u00e9rience m\u00e9morable aux passionn\u00e9s de montagne, qui pourront mettre leurs comp\u00e9tences \u00e0 l&rsquo;\u00e9preuve tout en profitant d&rsquo;un cadre naturel grandiose.<\/p>\n\n\n\n<h3 class=\"wp-block-heading\" id=\"h-roche-faurio-3-730-m\">Roche Faurio (3 730 m)<\/h3>\n\n\n\n<p>Culminant \u00e0 3 730 m\u00e8tres d&rsquo;altitude, la Roche Faurio est un sommet imposant et embl\u00e9matique du massif des \u00c9crins. Son histoire est marqu\u00e9e par la premi\u00e8re ascension de sa voie normale, r\u00e9alis\u00e9e le 21 juin 1873 par T. Cox, F. Gardiner, R. et W.M. Pendlebury, C. Taylor, accompagn\u00e9s des guides Hans et Peter Baumann, Peter Knubel et Josef Marie Lochmatter. Cette \u00e9quipe pionni\u00e8re a gravi la montagne par un couloir rocheux du versant B\u00e9rarde, menant \u00e0 l&rsquo;ar\u00eate sud, avant de redescendre par la voie normale.<\/p>\n\n\n\n<p>La Roche Faurio offre aux alpinistes une occasion unique de marcher sur les traces de ces pr\u00e9curseurs audacieux et de s&rsquo;impr\u00e9gner de l&rsquo;histoire alpine. Avec ses panoramas spectaculaires et ses d\u00e9fis sportifs, cette ascension ravira les passionn\u00e9s de montagne \u00e0 la recherche d&rsquo;aventures authentiques et de paysages \u00e9poustouflants.<\/p>\n\n\n\n<h3 class=\"wp-block-heading\" id=\"h-barre-noire-3-751-m\">Barre Noire (3 751 m)<\/h3>\n\n\n\n<p>S&rsquo;\u00e9levant \u00e0 3 751 m\u00e8tres d&rsquo;altitude, la Barre Noire est un sommet fascinant du massif des \u00c9crins, situ\u00e9 dans le d\u00e9partement des Hautes-Alpes. Cette montagne est s\u00e9par\u00e9e de la Barre des \u00c9crins, sommet embl\u00e9matique du massif, par la br\u00e8che des \u00c9crins, un passage \u00e9troit et impressionnant.<\/p>\n\n\n\n<p>La Barre Noire offre aux alpinistes et randonneurs une exp\u00e9rience de haute montagne enrichissante, avec des panoramas grandioses et un cadre naturel exceptionnel.<\/p>\n\n\n\n<p>Cette ascension permet de d\u00e9couvrir les merveilles du massif des \u00c9crins et de se confronter \u00e0 des d\u00e9fis sportifs stimulants, tout en profitant de la beaut\u00e9 sauvage et pr\u00e9serv\u00e9e de ces montagnes majestueuses.<\/p>\n","protected":false},"excerpt":{"rendered":"<p>Le Refuge des Ecrin est perch\u00e9 \u00e0 3 170 m\u00e8tres d&rsquo;altitude, sur un \u00e9peron rocheux surplombant la rive gauche du majestueux Glacier Blanc. Il offre un panorama \u00e9poustouflant sur le sommet embl\u00e9matique du massif, la Barre des Ecrins, qui culmine \u00e0 4 102 m\u00e8tres. Pour atteindre ce havre de paix, les aventuriers devront traverser le &hellip;<\/p>\n","protected":false},"author":30,"featured_media":10514,"comment_status":"open","ping_status":"open","sticky":false,"template":"","format":"standard","meta":{"_acf_changed":false,"_genesis_hide_title":false,"_genesis_hide_breadcrumbs":false,"_genesis_hide_singular_image":false,"_genesis_hide_footer_widgets":false,"_genesis_custom_body_class":"","_genesis_custom_post_class":"","_genesis_layout":"","footnotes":""},"categories":[156],"tags":[619,743,174,178],"sponsor":[1087],"class_list":{"2":"type-post","7":"category-lieux","8":"tag-alpinisme","9":"tag-ecrins","10":"tag-randonnee","11":"tag-refuge-fr","12":"sponsor-endorfeen","13":"entry"},"yoast_head":"<!-- This site is optimized with the Yoast SEO Premium plugin v26.2 (Yoast SEO v26.2) - https:\/\/yoast.com\/wordpress\/plugins\/seo\/ -->\n<title>Refuge des Ecrins : Camp de base entre ciel et glace - endorfeen<\/title>\n<meta name=\"description\" content=\"Le Refuge des Ecrin est perch\u00e9 \u00e0 3 170 m\u00e8tres d&#039;altitude, sur un \u00e9peron rocheux surplombant la rive gauche du majestueux Glacier Blanc.\" \/>\n<meta name=\"robots\" content=\"index, follow, max-snippet:-1, max-image-preview:large, max-video-preview:-1\" \/>\n<link rel=\"canonical\" href=\"https:\/\/endorfeen.com\/fr\/le-refuge-des-ecrins-camp-de-base-entre-ciel-et-glace-pour-alpinistes-et-skieurs-de-randonnee\/\" \/>\n<meta property=\"og:locale\" content=\"fr_FR\" \/>\n<meta property=\"og:type\" content=\"article\" \/>\n<meta property=\"og:title\" content=\"Le Refuge des Ecrins : Camp de base entre ciel et glace pour alpinistes et skieurs de randonn\u00e9e\" \/>\n<meta property=\"og:description\" content=\"Le Refuge des Ecrin est perch\u00e9 \u00e0 3 170 m\u00e8tres d&#039;altitude, sur un \u00e9peron rocheux surplombant la rive gauche du majestueux Glacier Blanc.\" \/>\n<meta property=\"og:url\" content=\"https:\/\/endorfeen.com\/fr\/le-refuge-des-ecrins-camp-de-base-entre-ciel-et-glace-pour-alpinistes-et-skieurs-de-randonnee\/\" \/>\n<meta property=\"og:site_name\" content=\"endorfeen\" \/>\n<meta property=\"article:author\" content=\"http:\/\/www.facebook.com\/endorfeen-583261049007200\" \/>\n<meta property=\"article:published_time\" content=\"2023-03-27T07:00:00+00:00\" \/>\n<meta property=\"article:modified_time\" content=\"2023-08-18T10:01:55+00:00\" \/>\n<meta property=\"og:image\" content=\"https:\/\/endorfeen.com\/wp-content\/uploads\/2023\/03\/117730481_308611443904284_7358582404733606751_n.jpg\" \/>\n\t<meta property=\"og:image:width\" content=\"1080\" \/>\n\t<meta property=\"og:image:height\" content=\"1077\" \/>\n\t<meta property=\"og:image:type\" content=\"image\/jpeg\" \/>\n<meta name=\"author\" content=\"Thomas Viguier\" \/>\n<meta name=\"twitter:card\" content=\"summary_large_image\" \/>\n<meta name=\"twitter:creator\" content=\"@https:\/\/twitter.com\/endorfeen_\" \/>\n<meta name=\"twitter:label1\" content=\"\u00c9crit par\" \/>\n\t<meta name=\"twitter:data1\" content=\"Thomas Viguier\" \/>\n\t<meta name=\"twitter:label2\" content=\"Dur\u00e9e de lecture estim\u00e9e\" \/>\n\t<meta name=\"twitter:data2\" content=\"9 minutes\" \/>\n<script type=\"application\/ld+json\" class=\"yoast-schema-graph\">{\"@context\":\"https:\/\/schema.org\",\"@graph\":[{\"@type\":\"Article\",\"@id\":\"https:\/\/endorfeen.com\/fr\/le-refuge-des-ecrins-camp-de-base-entre-ciel-et-glace-pour-alpinistes-et-skieurs-de-randonnee\/#article\",\"isPartOf\":{\"@id\":\"https:\/\/endorfeen.com\/fr\/le-refuge-des-ecrins-camp-de-base-entre-ciel-et-glace-pour-alpinistes-et-skieurs-de-randonnee\/\"},\"author\":{\"name\":\"Thomas Viguier\",\"@id\":\"https:\/\/endorfeen.com\/fr\/#\/schema\/person\/76a61f8eb41d36fffdec1b376fcf19aa\"},\"headline\":\"Le Refuge des Ecrins : Camp de base entre ciel et glace pour alpinistes et skieurs de randonn\u00e9e\",\"datePublished\":\"2023-03-27T07:00:00+00:00\",\"dateModified\":\"2023-08-18T10:01:55+00:00\",\"mainEntityOfPage\":{\"@id\":\"https:\/\/endorfeen.com\/fr\/le-refuge-des-ecrins-camp-de-base-entre-ciel-et-glace-pour-alpinistes-et-skieurs-de-randonnee\/\"},\"wordCount\":2118,\"commentCount\":0,\"publisher\":{\"@id\":\"https:\/\/endorfeen.com\/fr\/#organization\"},\"image\":{\"@id\":\"https:\/\/endorfeen.com\/fr\/le-refuge-des-ecrins-camp-de-base-entre-ciel-et-glace-pour-alpinistes-et-skieurs-de-randonnee\/#primaryimage\"},\"thumbnailUrl\":\"https:\/\/endorfeen.com\/wp-content\/uploads\/2023\/03\/117730481_308611443904284_7358582404733606751_n.jpg\",\"keywords\":[\"#Alpinisme\",\"#Ecrins\",\"#randonn\u00e9e\",\"#refuge\"],\"articleSection\":[\"Lieux\"],\"inLanguage\":\"fr-FR\",\"potentialAction\":[{\"@type\":\"CommentAction\",\"name\":\"Comment\",\"target\":[\"https:\/\/endorfeen.com\/fr\/le-refuge-des-ecrins-camp-de-base-entre-ciel-et-glace-pour-alpinistes-et-skieurs-de-randonnee\/#respond\"]}]},{\"@type\":\"WebPage\",\"@id\":\"https:\/\/endorfeen.com\/fr\/le-refuge-des-ecrins-camp-de-base-entre-ciel-et-glace-pour-alpinistes-et-skieurs-de-randonnee\/\",\"url\":\"https:\/\/endorfeen.com\/fr\/le-refuge-des-ecrins-camp-de-base-entre-ciel-et-glace-pour-alpinistes-et-skieurs-de-randonnee\/\",\"name\":\"Refuge des Ecrins : Camp de base entre ciel et glace - endorfeen\",\"isPartOf\":{\"@id\":\"https:\/\/endorfeen.com\/fr\/#website\"},\"primaryImageOfPage\":{\"@id\":\"https:\/\/endorfeen.com\/fr\/le-refuge-des-ecrins-camp-de-base-entre-ciel-et-glace-pour-alpinistes-et-skieurs-de-randonnee\/#primaryimage\"},\"image\":{\"@id\":\"https:\/\/endorfeen.com\/fr\/le-refuge-des-ecrins-camp-de-base-entre-ciel-et-glace-pour-alpinistes-et-skieurs-de-randonnee\/#primaryimage\"},\"thumbnailUrl\":\"https:\/\/endorfeen.com\/wp-content\/uploads\/2023\/03\/117730481_308611443904284_7358582404733606751_n.jpg\",\"datePublished\":\"2023-03-27T07:00:00+00:00\",\"dateModified\":\"2023-08-18T10:01:55+00:00\",\"description\":\"Le Refuge des Ecrin est perch\u00e9 \u00e0 3 170 m\u00e8tres d'altitude, sur un \u00e9peron rocheux surplombant la rive gauche du majestueux Glacier Blanc.\",\"breadcrumb\":{\"@id\":\"https:\/\/endorfeen.com\/fr\/le-refuge-des-ecrins-camp-de-base-entre-ciel-et-glace-pour-alpinistes-et-skieurs-de-randonnee\/#breadcrumb\"},\"inLanguage\":\"fr-FR\",\"potentialAction\":[{\"@type\":\"ReadAction\",\"target\":[\"https:\/\/endorfeen.com\/fr\/le-refuge-des-ecrins-camp-de-base-entre-ciel-et-glace-pour-alpinistes-et-skieurs-de-randonnee\/\"]}]},{\"@type\":\"ImageObject\",\"inLanguage\":\"fr-FR\",\"@id\":\"https:\/\/endorfeen.com\/fr\/le-refuge-des-ecrins-camp-de-base-entre-ciel-et-glace-pour-alpinistes-et-skieurs-de-randonnee\/#primaryimage\",\"url\":\"https:\/\/endorfeen.com\/wp-content\/uploads\/2023\/03\/117730481_308611443904284_7358582404733606751_n.jpg\",\"contentUrl\":\"https:\/\/endorfeen.com\/wp-content\/uploads\/2023\/03\/117730481_308611443904284_7358582404733606751_n.jpg\",\"width\":1080,\"height\":1077,\"caption\":\"Credits: Matthew Reid\"},{\"@type\":\"BreadcrumbList\",\"@id\":\"https:\/\/endorfeen.com\/fr\/le-refuge-des-ecrins-camp-de-base-entre-ciel-et-glace-pour-alpinistes-et-skieurs-de-randonnee\/#breadcrumb\",\"itemListElement\":[{\"@type\":\"ListItem\",\"position\":1,\"name\":\"Home\",\"item\":\"https:\/\/endorfeen.com\/fr\/\"},{\"@type\":\"ListItem\",\"position\":2,\"name\":\"Le Refuge des Ecrins : Camp de base entre ciel et glace pour alpinistes et skieurs de randonn\u00e9e\"}]},{\"@type\":\"WebSite\",\"@id\":\"https:\/\/endorfeen.com\/fr\/#website\",\"url\":\"https:\/\/endorfeen.com\/fr\/\",\"name\":\"endorfeen\",\"description\":\"The Media For Sustainable Outdoors.\",\"publisher\":{\"@id\":\"https:\/\/endorfeen.com\/fr\/#organization\"},\"potentialAction\":[{\"@type\":\"SearchAction\",\"target\":{\"@type\":\"EntryPoint\",\"urlTemplate\":\"https:\/\/endorfeen.com\/fr\/?s={search_term_string}\"},\"query-input\":{\"@type\":\"PropertyValueSpecification\",\"valueRequired\":true,\"valueName\":\"search_term_string\"}}],\"inLanguage\":\"fr-FR\"},{\"@type\":\"Organization\",\"@id\":\"https:\/\/endorfeen.com\/fr\/#organization\",\"name\":\"endorfeen\",\"url\":\"https:\/\/endorfeen.com\/fr\/\",\"logo\":{\"@type\":\"ImageObject\",\"inLanguage\":\"fr-FR\",\"@id\":\"https:\/\/endorfeen.com\/fr\/#\/schema\/logo\/image\/\",\"url\":\"https:\/\/endorfeen.com\/wp-content\/uploads\/2022\/06\/Circle-endorfeen-site-icon-circled-1000-x-1000-300psi.png\",\"contentUrl\":\"https:\/\/endorfeen.com\/wp-content\/uploads\/2022\/06\/Circle-endorfeen-site-icon-circled-1000-x-1000-300psi.png\",\"width\":1000,\"height\":1000,\"caption\":\"endorfeen\"},\"image\":{\"@id\":\"https:\/\/endorfeen.com\/fr\/#\/schema\/logo\/image\/\"}},{\"@type\":\"Person\",\"@id\":\"https:\/\/endorfeen.com\/fr\/#\/schema\/person\/76a61f8eb41d36fffdec1b376fcf19aa\",\"name\":\"Thomas Viguier\",\"image\":{\"@type\":\"ImageObject\",\"inLanguage\":\"fr-FR\",\"@id\":\"https:\/\/endorfeen.com\/fr\/#\/schema\/person\/image\/\",\"url\":\"https:\/\/secure.gravatar.com\/avatar\/3c24e541f6f82c052219429c60a8948b1c9ad8eda6daf26af0a100594146ab1a?s=96&d=mm&r=g\",\"contentUrl\":\"https:\/\/secure.gravatar.com\/avatar\/3c24e541f6f82c052219429c60a8948b1c9ad8eda6daf26af0a100594146ab1a?s=96&d=mm&r=g\",\"caption\":\"Thomas Viguier\"},\"description\":\"Everyone has a story to tell. endorfeen is built as a collaborative platform, giving the voice to anyone with a story to tell. If you have things you want to share, register here.\",\"sameAs\":[\"https:\/\/www.endorfeen.com\/\",\"http:\/\/www.facebook.com\/endorfeen-583261049007200\",\"http:\/\/www.instagram.com\/endorfeen_\/\",\"https:\/\/fi.pinterest.com\/endorfeen_\/\",\"https:\/\/x.com\/https:\/\/twitter.com\/endorfeen_\"],\"url\":\"https:\/\/endorfeen.com\/fr\/linkto\/endorfeen-mag\/\"}]}<\/script>\n<!-- \/ Yoast SEO Premium plugin. -->","yoast_head_json":{"title":"Refuge des Ecrins : Camp de base entre ciel et glace - endorfeen","description":"Le Refuge des Ecrin est perch\u00e9 \u00e0 3 170 m\u00e8tres d'altitude, sur un \u00e9peron rocheux surplombant la rive gauche du majestueux Glacier Blanc.","robots":{"index":"index","follow":"follow","max-snippet":"max-snippet:-1","max-image-preview":"max-image-preview:large","max-video-preview":"max-video-preview:-1"},"canonical":"https:\/\/endorfeen.com\/fr\/le-refuge-des-ecrins-camp-de-base-entre-ciel-et-glace-pour-alpinistes-et-skieurs-de-randonnee\/","og_locale":"fr_FR","og_type":"article","og_title":"Le Refuge des Ecrins : Camp de base entre ciel et glace pour alpinistes et skieurs de randonn\u00e9e","og_description":"Le Refuge des Ecrin est perch\u00e9 \u00e0 3 170 m\u00e8tres d'altitude, sur un \u00e9peron rocheux surplombant la rive gauche du majestueux Glacier Blanc.","og_url":"https:\/\/endorfeen.com\/fr\/le-refuge-des-ecrins-camp-de-base-entre-ciel-et-glace-pour-alpinistes-et-skieurs-de-randonnee\/","og_site_name":"endorfeen","article_author":"http:\/\/www.facebook.com\/endorfeen-583261049007200","article_published_time":"2023-03-27T07:00:00+00:00","article_modified_time":"2023-08-18T10:01:55+00:00","og_image":[{"width":1080,"height":1077,"url":"https:\/\/endorfeen.com\/wp-content\/uploads\/2023\/03\/117730481_308611443904284_7358582404733606751_n.jpg","type":"image\/jpeg"}],"author":"Thomas Viguier","twitter_card":"summary_large_image","twitter_creator":"@https:\/\/twitter.com\/endorfeen_","twitter_misc":{"\u00c9crit par":"Thomas Viguier","Dur\u00e9e de lecture estim\u00e9e":"9 minutes"},"schema":{"@context":"https:\/\/schema.org","@graph":[{"@type":"Article","@id":"https:\/\/endorfeen.com\/fr\/le-refuge-des-ecrins-camp-de-base-entre-ciel-et-glace-pour-alpinistes-et-skieurs-de-randonnee\/#article","isPartOf":{"@id":"https:\/\/endorfeen.com\/fr\/le-refuge-des-ecrins-camp-de-base-entre-ciel-et-glace-pour-alpinistes-et-skieurs-de-randonnee\/"},"author":{"name":"Thomas Viguier","@id":"https:\/\/endorfeen.com\/fr\/#\/schema\/person\/76a61f8eb41d36fffdec1b376fcf19aa"},"headline":"Le Refuge des Ecrins : Camp de base entre ciel et glace pour alpinistes et skieurs de randonn\u00e9e","datePublished":"2023-03-27T07:00:00+00:00","dateModified":"2023-08-18T10:01:55+00:00","mainEntityOfPage":{"@id":"https:\/\/endorfeen.com\/fr\/le-refuge-des-ecrins-camp-de-base-entre-ciel-et-glace-pour-alpinistes-et-skieurs-de-randonnee\/"},"wordCount":2118,"commentCount":0,"publisher":{"@id":"https:\/\/endorfeen.com\/fr\/#organization"},"image":{"@id":"https:\/\/endorfeen.com\/fr\/le-refuge-des-ecrins-camp-de-base-entre-ciel-et-glace-pour-alpinistes-et-skieurs-de-randonnee\/#primaryimage"},"thumbnailUrl":"https:\/\/endorfeen.com\/wp-content\/uploads\/2023\/03\/117730481_308611443904284_7358582404733606751_n.jpg","keywords":["#Alpinisme","#Ecrins","#randonn\u00e9e","#refuge"],"articleSection":["Lieux"],"inLanguage":"fr-FR","potentialAction":[{"@type":"CommentAction","name":"Comment","target":["https:\/\/endorfeen.com\/fr\/le-refuge-des-ecrins-camp-de-base-entre-ciel-et-glace-pour-alpinistes-et-skieurs-de-randonnee\/#respond"]}]},{"@type":"WebPage","@id":"https:\/\/endorfeen.com\/fr\/le-refuge-des-ecrins-camp-de-base-entre-ciel-et-glace-pour-alpinistes-et-skieurs-de-randonnee\/","url":"https:\/\/endorfeen.com\/fr\/le-refuge-des-ecrins-camp-de-base-entre-ciel-et-glace-pour-alpinistes-et-skieurs-de-randonnee\/","name":"Refuge des Ecrins : Camp de base entre ciel et glace - endorfeen","isPartOf":{"@id":"https:\/\/endorfeen.com\/fr\/#website"},"primaryImageOfPage":{"@id":"https:\/\/endorfeen.com\/fr\/le-refuge-des-ecrins-camp-de-base-entre-ciel-et-glace-pour-alpinistes-et-skieurs-de-randonnee\/#primaryimage"},"image":{"@id":"https:\/\/endorfeen.com\/fr\/le-refuge-des-ecrins-camp-de-base-entre-ciel-et-glace-pour-alpinistes-et-skieurs-de-randonnee\/#primaryimage"},"thumbnailUrl":"https:\/\/endorfeen.com\/wp-content\/uploads\/2023\/03\/117730481_308611443904284_7358582404733606751_n.jpg","datePublished":"2023-03-27T07:00:00+00:00","dateModified":"2023-08-18T10:01:55+00:00","description":"Le Refuge des Ecrin est perch\u00e9 \u00e0 3 170 m\u00e8tres d'altitude, sur un \u00e9peron rocheux surplombant la rive gauche du majestueux Glacier Blanc.","breadcrumb":{"@id":"https:\/\/endorfeen.com\/fr\/le-refuge-des-ecrins-camp-de-base-entre-ciel-et-glace-pour-alpinistes-et-skieurs-de-randonnee\/#breadcrumb"},"inLanguage":"fr-FR","potentialAction":[{"@type":"ReadAction","target":["https:\/\/endorfeen.com\/fr\/le-refuge-des-ecrins-camp-de-base-entre-ciel-et-glace-pour-alpinistes-et-skieurs-de-randonnee\/"]}]},{"@type":"ImageObject","inLanguage":"fr-FR","@id":"https:\/\/endorfeen.com\/fr\/le-refuge-des-ecrins-camp-de-base-entre-ciel-et-glace-pour-alpinistes-et-skieurs-de-randonnee\/#primaryimage","url":"https:\/\/endorfeen.com\/wp-content\/uploads\/2023\/03\/117730481_308611443904284_7358582404733606751_n.jpg","contentUrl":"https:\/\/endorfeen.com\/wp-content\/uploads\/2023\/03\/117730481_308611443904284_7358582404733606751_n.jpg","width":1080,"height":1077,"caption":"Credits: Matthew Reid"},{"@type":"BreadcrumbList","@id":"https:\/\/endorfeen.com\/fr\/le-refuge-des-ecrins-camp-de-base-entre-ciel-et-glace-pour-alpinistes-et-skieurs-de-randonnee\/#breadcrumb","itemListElement":[{"@type":"ListItem","position":1,"name":"Home","item":"https:\/\/endorfeen.com\/fr\/"},{"@type":"ListItem","position":2,"name":"Le Refuge des Ecrins : Camp de base entre ciel et glace pour alpinistes et skieurs de randonn\u00e9e"}]},{"@type":"WebSite","@id":"https:\/\/endorfeen.com\/fr\/#website","url":"https:\/\/endorfeen.com\/fr\/","name":"endorfeen","description":"The Media For Sustainable Outdoors.","publisher":{"@id":"https:\/\/endorfeen.com\/fr\/#organization"},"potentialAction":[{"@type":"SearchAction","target":{"@type":"EntryPoint","urlTemplate":"https:\/\/endorfeen.com\/fr\/?s={search_term_string}"},"query-input":{"@type":"PropertyValueSpecification","valueRequired":true,"valueName":"search_term_string"}}],"inLanguage":"fr-FR"},{"@type":"Organization","@id":"https:\/\/endorfeen.com\/fr\/#organization","name":"endorfeen","url":"https:\/\/endorfeen.com\/fr\/","logo":{"@type":"ImageObject","inLanguage":"fr-FR","@id":"https:\/\/endorfeen.com\/fr\/#\/schema\/logo\/image\/","url":"https:\/\/endorfeen.com\/wp-content\/uploads\/2022\/06\/Circle-endorfeen-site-icon-circled-1000-x-1000-300psi.png","contentUrl":"https:\/\/endorfeen.com\/wp-content\/uploads\/2022\/06\/Circle-endorfeen-site-icon-circled-1000-x-1000-300psi.png","width":1000,"height":1000,"caption":"endorfeen"},"image":{"@id":"https:\/\/endorfeen.com\/fr\/#\/schema\/logo\/image\/"}},{"@type":"Person","@id":"https:\/\/endorfeen.com\/fr\/#\/schema\/person\/76a61f8eb41d36fffdec1b376fcf19aa","name":"Thomas Viguier","image":{"@type":"ImageObject","inLanguage":"fr-FR","@id":"https:\/\/endorfeen.com\/fr\/#\/schema\/person\/image\/","url":"https:\/\/secure.gravatar.com\/avatar\/3c24e541f6f82c052219429c60a8948b1c9ad8eda6daf26af0a100594146ab1a?s=96&d=mm&r=g","contentUrl":"https:\/\/secure.gravatar.com\/avatar\/3c24e541f6f82c052219429c60a8948b1c9ad8eda6daf26af0a100594146ab1a?s=96&d=mm&r=g","caption":"Thomas Viguier"},"description":"Everyone has a story to tell. endorfeen is built as a collaborative platform, giving the voice to anyone with a story to tell. If you have things you want to share, register here.","sameAs":["https:\/\/www.endorfeen.com\/","http:\/\/www.facebook.com\/endorfeen-583261049007200","http:\/\/www.instagram.com\/endorfeen_\/","https:\/\/fi.pinterest.com\/endorfeen_\/","https:\/\/x.com\/https:\/\/twitter.com\/endorfeen_"],"url":"https:\/\/endorfeen.com\/fr\/linkto\/endorfeen-mag\/"}]}},"featured_image_src":"https:\/\/endorfeen.com\/wp-content\/uploads\/2023\/03\/117730481_308611443904284_7358582404733606751_n-600x400.jpg","featured_image_src_square":"https:\/\/endorfeen.com\/wp-content\/uploads\/2023\/03\/117730481_308611443904284_7358582404733606751_n-600x600.jpg","author_info":{"display_name":"Thomas Viguier","author_link":"https:\/\/endorfeen.com\/fr\/linkto\/endorfeen-mag\/"},"acf":[],"_links":{"self":[{"href":"https:\/\/endorfeen.com\/fr\/wp-json\/wp\/v2\/posts\/10513","targetHints":{"allow":["GET"]}}],"collection":[{"href":"https:\/\/endorfeen.com\/fr\/wp-json\/wp\/v2\/posts"}],"about":[{"href":"https:\/\/endorfeen.com\/fr\/wp-json\/wp\/v2\/types\/post"}],"author":[{"embeddable":true,"href":"https:\/\/endorfeen.com\/fr\/wp-json\/wp\/v2\/users\/30"}],"replies":[{"embeddable":true,"href":"https:\/\/endorfeen.com\/fr\/wp-json\/wp\/v2\/comments?post=10513"}],"version-history":[{"count":0,"href":"https:\/\/endorfeen.com\/fr\/wp-json\/wp\/v2\/posts\/10513\/revisions"}],"wp:featuredmedia":[{"embeddable":true,"href":"https:\/\/endorfeen.com\/fr\/wp-json\/wp\/v2\/media\/10514"}],"wp:attachment":[{"href":"https:\/\/endorfeen.com\/fr\/wp-json\/wp\/v2\/media?parent=10513"}],"wp:term":[{"taxonomy":"category","embeddable":true,"href":"https:\/\/endorfeen.com\/fr\/wp-json\/wp\/v2\/categories?post=10513"},{"taxonomy":"post_tag","embeddable":true,"href":"https:\/\/endorfeen.com\/fr\/wp-json\/wp\/v2\/tags?post=10513"},{"taxonomy":"sponsor","embeddable":true,"href":"https:\/\/endorfeen.com\/fr\/wp-json\/wp\/v2\/sponsor?post=10513"}],"curies":[{"name":"wp","href":"https:\/\/api.w.org\/{rel}","templated":true}]}}