{"id":10500,"date":"2023-03-26T08:00:00","date_gmt":"2023-03-26T07:00:00","guid":{"rendered":"https:\/\/endorfeen.com\/?p=10500"},"modified":"2023-08-18T11:01:56","modified_gmt":"2023-08-18T10:01:56","slug":"ascension-de-la-barre-des-ecrins-par-la-voie-normale","status":"publish","type":"post","link":"https:\/\/endorfeen.com\/fr\/ascension-de-la-barre-des-ecrins-par-la-voie-normale\/","title":{"rendered":"Ascension de la Barre des Ecrins par la Voie Normale"},"content":{"rendered":"\n<p>L&rsquo;Ascension de la <a href=\"https:\/\/endorfeen.com\/fr\/la-conquete-de-la-barre-des-ecrins-perle-des-alpes-francaises\/\">Barre des Ecrins<\/a> par la Voie Normale est sur votre \u00ab\u00a0bucket list\u00a0\u00bb ? C&rsquo;est compr\u00e9hensible.<\/p>\n\n\n\n<p>Embl\u00e8me du massif des Ecrins et de l&rsquo;Oisans, la face nord de la <a href=\"https:\/\/endorfeen.com\/fr\/la-conquete-de-la-barre-des-ecrins-perle-des-alpes-francaises\/\">Barre des Ecrins (4102 m)<\/a> captive les aventuriers. Selon Gaston R\u00e9buffat, elle repr\u00e9sente un \u00ab \u00e9lan de glace vers le ciel \u00bb. Effectivement, le Glacier Blanc, imposant, s&rsquo;\u00e9lance vers la couronne sommitale depuis le versant nord. La partie finale de l&rsquo;ascension, sur l&rsquo;ar\u00eate ouest a\u00e9rienne et mixte, offre un spectacle d&rsquo;une beaut\u00e9 \u00e9poustouflante.<\/p>\n\n\n\n<p>Au sommet du massif des Ecrins, la <a href=\"https:\/\/endorfeen.com\/fr\/la-conquete-de-la-barre-des-ecrins-perle-des-alpes-francaises\/\">Barre des Ecrins<\/a> offre une exp\u00e9rience m\u00e9morable, avec notamment une partie rocheuse et mixte esth\u00e9tique sur son ar\u00eate ouest a\u00e9rienne. Les aventuriers b\u00e9n\u00e9ficient d&rsquo;une vue imprenable sur le massif, avec les sommets du Pelvoux \u00e0 la Meije s&rsquo;\u00e9tendant \u00e0 leurs pieds.<\/p>\n\n\n\n<figure class=\"wp-block-image size-large\"><img loading=\"lazy\" decoding=\"async\" width=\"1024\" height=\"683\" src=\"https:\/\/endorfeen.com\/wp-content\/uploads\/2023\/03\/1604142349_698483973BI-1024x683.jpg\" alt=\"\" class=\"wp-image-10505\" srcset=\"https:\/\/endorfeen.com\/wp-content\/uploads\/2023\/03\/1604142349_698483973BI-300x200.jpg 300w, https:\/\/endorfeen.com\/wp-content\/uploads\/2023\/03\/1604142349_698483973BI-600x400.jpg 600w, https:\/\/endorfeen.com\/wp-content\/uploads\/2023\/03\/1604142349_698483973BI-768x512.jpg 768w, https:\/\/endorfeen.com\/wp-content\/uploads\/2023\/03\/1604142349_698483973BI-1024x683.jpg 1024w, https:\/\/endorfeen.com\/wp-content\/uploads\/2023\/03\/1604142349_698483973BI.jpg 1500w\" sizes=\"auto, (max-width: 1024px) 100vw, 1024px\" \/><figcaption class=\"wp-element-caption\">Credits: <a href=\"https:\/\/www.camptocamp.org\/profiles\/1033421\" target=\"_blank\" rel=\"noreferrer noopener\">Stephano<\/a><\/figcaption><\/figure>\n\n\n\n<p>Pr\u00e9cisons que cette ascension rel\u00e8ve de l&rsquo;alpinisme et non de la randonn\u00e9e. La voie normale est cot\u00e9e PD (peu difficile), tandis que le Couloir Coolidge est cot\u00e9 AD (assez difficile). Les aventuriers doivent donc poss\u00e9der une solide exp\u00e9rience en alpinisme avant de s&rsquo;engager dans cette course. En cas de doute, il est fortement recommand\u00e9 de faire appel aux services d&rsquo;un guide de haute montagne.<\/p>\n\n\n\n<h2 class=\"wp-block-heading\" id=\"h-voie-normale-barre-des-ecrins\">Voie Normale &#8211; Barre des Ecrins<\/h2>\n\n\n\n<h3 class=\"wp-block-heading\" id=\"h-details-clefs\">D\u00e9tails clefs<\/h3>\n\n\n\n<ul class=\"wp-block-list\">\n<li>C\u00f4te : PD+ (Peu Difficile)<\/li>\n\n\n\n<li>D\u00e9nivel\u00e9 : c.2 500m<\/li>\n\n\n\n<li>Dur\u00e9e : 2 jours (1 nuit en refuge)<\/li>\n\n\n\n<li>Massif : Les Ecrins<\/li>\n\n\n\n<li>P\u00e9riode : de d\u00e9but juin \u00e0 fin septembre<\/li>\n<\/ul>\n\n\n\n<figure class=\"wp-block-image size-large\"><img loading=\"lazy\" decoding=\"async\" width=\"1024\" height=\"769\" src=\"https:\/\/endorfeen.com\/wp-content\/uploads\/2023\/03\/1226767756_810961395BI-1024x769.jpg\" alt=\"\" class=\"wp-image-10507\" srcset=\"https:\/\/endorfeen.com\/wp-content\/uploads\/2023\/03\/1226767756_810961395BI-300x225.jpg 300w, https:\/\/endorfeen.com\/wp-content\/uploads\/2023\/03\/1226767756_810961395BI-400x300.jpg 400w, https:\/\/endorfeen.com\/wp-content\/uploads\/2023\/03\/1226767756_810961395BI-768x577.jpg 768w, https:\/\/endorfeen.com\/wp-content\/uploads\/2023\/03\/1226767756_810961395BI-800x600.jpg 800w, https:\/\/endorfeen.com\/wp-content\/uploads\/2023\/03\/1226767756_810961395BI-1024x769.jpg 1024w, https:\/\/endorfeen.com\/wp-content\/uploads\/2023\/03\/1226767756_810961395BI.jpg 1042w\" sizes=\"auto, (max-width: 1024px) 100vw, 1024px\" \/><figcaption class=\"wp-element-caption\">Credits : <a href=\"https:\/\/www.camptocamp.org\/profiles\/6206\" target=\"_blank\" rel=\"noreferrer noopener\">Lazare Grenier<\/a><\/figcaption><\/figure>\n\n\n\n<h3 class=\"wp-block-heading\" id=\"h-apercu-du-programme-de-l-ascension\">Aper\u00e7u du programme de l\u2019ascension<\/h3>\n\n\n\n<p>L&rsquo;itin\u00e9raire historique n&rsquo;est plus emprunt\u00e9 en raison des risques accrus de chutes de s\u00e9racs. Le nouvel itin\u00e9raire, plus direct et moins expos\u00e9, est l\u00e9g\u00e8rement plus difficile, ce qui modifie le tarif en cons\u00e9quence.<\/p>\n\n\n\n<p>Le premier jour, les aventuriers rencontrent leur guide au refuge du Glacier Blanc, perch\u00e9 \u00e0 2550 m d&rsquo;altitude. Apr\u00e8s deux heures de marche sur un sentier depuis le Pr\u00e9 de Mme Carle \u00e0 1874 m, ils se pr\u00e9parent pour l&rsquo;ascension. Encord\u00e9s sur le Glacier Blanc, les alpinistes retrouvent leurs sensations, crampons aux pieds, en montant vers le refuge des \u00c9crins \u00e0 3170 m.<\/p>\n\n\n\n<p>Le deuxi\u00e8me jour, l&rsquo;exp\u00e9dition d\u00e9bute \u00e0 la lueur des lampes frontales. Environ trois heures d&rsquo;ascension m\u00e8nent \u00e0 la br\u00e8che Lory, non loin du D\u00f4me de Neige des \u00c9crins, avant d&rsquo;atteindre l&rsquo;ar\u00eate ouest de la Barre des \u00c9crins. Les alpinistes entament alors un p\u00e9riple rocheux sur une ar\u00eate tant\u00f4t facile, tant\u00f4t effil\u00e9e, avec ou sans crampons aux pieds selon les conditions. Le voyage se poursuit \u00e0 plus de 4000 m\u00e8tres d&rsquo;altitude, jusqu&rsquo;au sommet tant attendu : la Barre des \u00c9crins. \u00c0 cet instant, rien ne surplombe les alpinistes, car ils sont au point culminant.<\/p>\n\n\n\n<p>Le retour au refuge du Glacier Blanc s&rsquo;effectue en d\u00e9but d&rsquo;apr\u00e8s-midi. Apr\u00e8s un bon repas pour c\u00e9l\u00e9brer l&rsquo;ascension victorieuse, les aventuriers peuvent redescendre vers la vall\u00e9e, emportant avec eux des souvenirs inoubliables de leur conqu\u00eate de la Barre des \u00c9crins.<\/p>\n\n\n\n<h2 class=\"wp-block-heading\" id=\"h-le-niveau-demande-pour-la-barre-des-ecrins-par-la-voie-normale\">Le niveau demand\u00e9 pour la Barre des Ecrins par la Voie Normale<\/h2>\n\n\n\n<p>La majestueuse <a href=\"https:\/\/endorfeen.com\/fr\/la-conquete-de-la-barre-des-ecrins-perle-des-alpes-francaises\/\">Barre des \u00c9crins<\/a>, l&rsquo;un des sommets les plus importants des Alpes fran\u00e7aises, est une montagne exigeante qui requiert des qualit\u00e9s d&rsquo;alpiniste confirm\u00e9 et une solide exp\u00e9rience de la haute montagne. L&rsquo;ar\u00eate finale, d&rsquo;une beaut\u00e9 saisissante, est constitu\u00e9e de roches escarp\u00e9es et offre une heure d&rsquo;escalade palpitante, \u00e0 la mont\u00e9e comme \u00e0 la descente. En cas d&rsquo;enneigement important, l&rsquo;utilisation de crampons est vivement recommand\u00e9e.<\/p>\n\n\n\n<p>La voie normale de la Barre des Ecrins par la face Nord et l&rsquo;ar\u00eate ouest est une superbe course en montagne, entrecoup\u00e9e de quelques passages d&rsquo;escalade facile et d&rsquo;une travers\u00e9e d&rsquo;ar\u00eate a\u00e9rienne et esth\u00e9tique. Cette ascension est r\u00e9serv\u00e9e aux alpinistes exp\u00e9riment\u00e9s, ayant d\u00e9j\u00e0 pratiqu\u00e9 l&rsquo;alpinisme et l&rsquo;escalade dans des environnements similaires.<\/p>\n\n\n\n<p>Cette course est class\u00e9e PD+ (Peu Difficile). Elle constitue n\u00e9anmoins un v\u00e9ritable challenge pour les alpinistes chevronn\u00e9s, qui doivent faire preuve de vigilance et de concentration tout au long de l&rsquo;ascension. Les panoramas grandioses de cette r\u00e9gion montagneuse ainsi que les sensations de libert\u00e9 et d&rsquo;adr\u00e9naline ressenties pendant la course en font une exp\u00e9rience inoubliable pour les passionn\u00e9s d&rsquo;aventure et de plein air.<\/p>\n\n\n\n<h2 class=\"wp-block-heading\" id=\"h-le-meilleur-moment-pour-la-barre-des-ecrins-par-la-voie-normale\">Le meilleur moment pour La Barre des Ecrins par la Voie Normale<\/h2>\n\n\n\n<p>La p\u00e9riode id\u00e9ale pour entreprendre l&rsquo;ascension du majestueux D\u00f4me des \u00c9crins se situe \u00e0 la fin du printemps, entre avril et d\u00e9but juin.<\/p>\n\n\n\n<p>C&rsquo;est \u00e0 ce moment-l\u00e0 que la fonte de la neige est optimale, offrant un passage plus s\u00fbr sur le Glacier Blanc, tout en r\u00e9duisant les difficult\u00e9s li\u00e9es aux crevasses et \u00e0 la rimaye sommitale. Cependant, au fur et \u00e0 mesure que la saison estivale s&rsquo;installe, les pentes deviennent plus abruptes, requ\u00e9rant ainsi une expertise accrue en alpinisme. Il est \u00e9galement important de noter que la cotation r\u00e9elle de la voie normale peut \u00e9voluer au cours de la saison, pouvant passer \u00e0 PD+ (alpinisme neige\/glace\/mixte, peu difficile) \u00e0 la fin de l&rsquo;\u00e9t\u00e9 et\/ou avec de mauvaises conditions.<\/p>\n\n\n\n<p>Les temp\u00e9ratures varient consid\u00e9rablement tout au long de l&rsquo;ann\u00e9e pour l&rsquo;ascension du D\u00f4me des \u00c9crins, allant de 7\u00b0 en d\u00e9cembre \u00e0 28\u00b0 en juillet.<\/p>\n\n\n\n<p>Pendant l&rsquo;\u00e9t\u00e9, le faux plat du Glacier Blanc est particuli\u00e8rement expos\u00e9 au soleil, ce qui n\u00e9cessite une descente matinale pour \u00e9viter la neige ramollie. Les mois les plus pluvieux sont septembre, octobre et novembre, avec une moyenne pluviom\u00e9trique de 68 mm. Les vents sont g\u00e9n\u00e9ralement mod\u00e9r\u00e9s et ne d\u00e9passent que rarement les 10 km\/h. Pour profiter pleinement de cette exp\u00e9rience unique en montagne, les passionn\u00e9s d&rsquo;alpinisme doivent \u00eatre pr\u00e9par\u00e9s \u00e0 toutes les \u00e9ventualit\u00e9s et \u00eatre \u00e9quip\u00e9s en cons\u00e9quence.<\/p>\n\n\n\n<h2 class=\"wp-block-heading\" id=\"h-le-materiel-recommande\">Le mat\u00e9riel recommand\u00e9<\/h2>\n\n\n\n<h3 class=\"wp-block-heading\" id=\"h-equipement-montagne\">Equipement montagne<\/h3>\n\n\n\n<ul class=\"wp-block-list\">\n<li>Sac \u00e0 dos (35 L environ)<\/li>\n\n\n\n<li>Lunettes (Cat. 3 min) et cr\u00e8me solaire (visage et l\u00e8vres)<\/li>\n\n\n\n<li>Chaussures d\u2019alpinisme \u00e0 semelles rigides<\/li>\n\n\n\n<li>Baudrier<\/li>\n\n\n\n<li>Casque<\/li>\n\n\n\n<li>Piolet<\/li>\n\n\n\n<li>Crampons avec \u00ab anti-bottes \u00bb, r\u00e9gl\u00e9s sur les chaussures avant de monter au refuge<\/li>\n\n\n\n<li>Lampe frontale<\/li>\n\n\n\n<li>Bonnet ou bandeau type buff et casquette<\/li>\n\n\n\n<li>Gants (2 paires dont une fine)<\/li>\n\n\n\n<li>Tee-shirt (pas de coton)<\/li>\n\n\n\n<li>Sous pull technique \u00e0 manche longue type polaire ou m\u00e9rinos<\/li>\n\n\n\n<li>Veste coupe-vent et \u00e9tanche<\/li>\n\n\n\n<li>Polaire chaude ou petite doudoune<\/li>\n\n\n\n<li>Pantalon de montagne en tissu d\u00e9perlant<\/li>\n\n\n\n<li>Chaussettes chaudes<\/li>\n\n\n\n<li>Gu\u00eatres (conseill\u00e9es)<\/li>\n\n\n\n<li>Sous-v\u00eatements + chaussettes de rechange<\/li>\n\n\n\n<li>B\u00e2tons t\u00e9lescopiques (conseill\u00e9s)<\/li>\n<\/ul>\n\n\n\n<h3 class=\"wp-block-heading\" id=\"h-equipement-pour-le-refuge-nourriture-et-autres\">Equipement pour le refuge, nourriture et autres<\/h3>\n\n\n\n<ul class=\"wp-block-list\">\n<li>Thermos ou gourde (1 L minimum)<\/li>\n\n\n\n<li>Minimum pour toilette (pas de douche en refuge)<\/li>\n\n\n\n<li>Petite pharmacie adapt\u00e9e \u00e0 vos besoins (anti-ampoules, m\u00e9dicaments personnels\u2026)<\/li>\n\n\n\n<li>Vivres de course type barre de c\u00e9r\u00e9ales ou fruits secs<\/li>\n\n\n\n<li>Pic nic pour les midis (ou \u00e0 commander au refuge)<\/li>\n\n\n\n<li>Drap sac type \u00ab sac \u00e0 viande \u00bb pour le refuge<\/li>\n<\/ul>\n","protected":false},"excerpt":{"rendered":"<p>L&rsquo;Ascension de la Barre des Ecrins par la Voie Normale est sur votre \u00ab\u00a0bucket list\u00a0\u00bb ? C&rsquo;est compr\u00e9hensible. Embl\u00e8me du massif des Ecrins et de l&rsquo;Oisans, la face nord de la Barre des Ecrins (4102 m) captive les aventuriers. Selon Gaston R\u00e9buffat, elle repr\u00e9sente un \u00ab \u00e9lan de glace vers le ciel \u00bb. Effectivement, le &hellip;<\/p>\n","protected":false},"author":30,"featured_media":10501,"comment_status":"open","ping_status":"open","sticky":false,"template":"","format":"standard","meta":{"_acf_changed":false,"_genesis_hide_title":false,"_genesis_hide_breadcrumbs":false,"_genesis_hide_singular_image":false,"_genesis_hide_footer_widgets":false,"_genesis_custom_body_class":"","_genesis_custom_post_class":"","_genesis_layout":"","footnotes":""},"categories":[170,156,606],"tags":[619,743],"sponsor":[1087],"class_list":{"2":"type-post","7":"category-aventures","8":"category-lieux","9":"category-montagnes","10":"tag-alpinisme","11":"tag-ecrins","12":"sponsor-endorfeen","13":"entry"},"yoast_head":"<!-- This site is optimized with the Yoast SEO Premium plugin v26.2 (Yoast SEO v26.2) - https:\/\/yoast.com\/wordpress\/plugins\/seo\/ -->\n<title>Ascension de la Barre des Ecrins par la Voie Normale - endorfeen<\/title>\n<meta name=\"description\" content=\"Ascension de la Barre des Ecrins par la Voie Normale : Embl\u00e8me du massif des Ecrins et de l&#039;Oisans, la face nord de la Barre des Ecrins...\" \/>\n<meta name=\"robots\" content=\"index, follow, max-snippet:-1, max-image-preview:large, max-video-preview:-1\" \/>\n<link rel=\"canonical\" href=\"https:\/\/endorfeen.com\/fr\/ascension-de-la-barre-des-ecrins-par-la-voie-normale\/\" \/>\n<meta property=\"og:locale\" content=\"fr_FR\" \/>\n<meta property=\"og:type\" content=\"article\" \/>\n<meta property=\"og:title\" content=\"Ascension de la Barre des Ecrins par la Voie Normale\" \/>\n<meta property=\"og:description\" content=\"Ascension de la Barre des Ecrins par la Voie Normale : Embl\u00e8me du massif des Ecrins et de l&#039;Oisans, la face nord de la Barre des Ecrins...\" \/>\n<meta property=\"og:url\" content=\"https:\/\/endorfeen.com\/fr\/ascension-de-la-barre-des-ecrins-par-la-voie-normale\/\" \/>\n<meta property=\"og:site_name\" content=\"endorfeen\" \/>\n<meta property=\"article:author\" content=\"http:\/\/www.facebook.com\/endorfeen-583261049007200\" \/>\n<meta property=\"article:published_time\" content=\"2023-03-26T07:00:00+00:00\" \/>\n<meta property=\"article:modified_time\" content=\"2023-08-18T10:01:56+00:00\" \/>\n<meta property=\"og:image\" content=\"https:\/\/endorfeen.com\/wp-content\/uploads\/2023\/03\/1029067274_325229424BI.jpg\" \/>\n\t<meta property=\"og:image:width\" content=\"1024\" \/>\n\t<meta property=\"og:image:height\" content=\"768\" \/>\n\t<meta property=\"og:image:type\" content=\"image\/jpeg\" \/>\n<meta name=\"author\" content=\"Thomas Viguier\" \/>\n<meta name=\"twitter:card\" content=\"summary_large_image\" \/>\n<meta name=\"twitter:creator\" content=\"@https:\/\/twitter.com\/endorfeen_\" \/>\n<meta name=\"twitter:label1\" content=\"\u00c9crit par\" \/>\n\t<meta name=\"twitter:data1\" content=\"Thomas Viguier\" \/>\n\t<meta name=\"twitter:label2\" content=\"Dur\u00e9e de lecture estim\u00e9e\" \/>\n\t<meta name=\"twitter:data2\" content=\"5 minutes\" \/>\n<script type=\"application\/ld+json\" class=\"yoast-schema-graph\">{\"@context\":\"https:\/\/schema.org\",\"@graph\":[{\"@type\":\"Article\",\"@id\":\"https:\/\/endorfeen.com\/fr\/ascension-de-la-barre-des-ecrins-par-la-voie-normale\/#article\",\"isPartOf\":{\"@id\":\"https:\/\/endorfeen.com\/fr\/ascension-de-la-barre-des-ecrins-par-la-voie-normale\/\"},\"author\":{\"name\":\"Thomas Viguier\",\"@id\":\"https:\/\/endorfeen.com\/fr\/#\/schema\/person\/76a61f8eb41d36fffdec1b376fcf19aa\"},\"headline\":\"Ascension de la Barre des Ecrins par la Voie Normale\",\"datePublished\":\"2023-03-26T07:00:00+00:00\",\"dateModified\":\"2023-08-18T10:01:56+00:00\",\"mainEntityOfPage\":{\"@id\":\"https:\/\/endorfeen.com\/fr\/ascension-de-la-barre-des-ecrins-par-la-voie-normale\/\"},\"wordCount\":1195,\"commentCount\":0,\"publisher\":{\"@id\":\"https:\/\/endorfeen.com\/fr\/#organization\"},\"image\":{\"@id\":\"https:\/\/endorfeen.com\/fr\/ascension-de-la-barre-des-ecrins-par-la-voie-normale\/#primaryimage\"},\"thumbnailUrl\":\"https:\/\/endorfeen.com\/wp-content\/uploads\/2023\/03\/1029067274_325229424BI.jpg\",\"keywords\":[\"#Alpinisme\",\"#Ecrins\"],\"articleSection\":[\"Aventures\",\"Lieux\",\"Montagnes\"],\"inLanguage\":\"fr-FR\",\"potentialAction\":[{\"@type\":\"CommentAction\",\"name\":\"Comment\",\"target\":[\"https:\/\/endorfeen.com\/fr\/ascension-de-la-barre-des-ecrins-par-la-voie-normale\/#respond\"]}]},{\"@type\":\"WebPage\",\"@id\":\"https:\/\/endorfeen.com\/fr\/ascension-de-la-barre-des-ecrins-par-la-voie-normale\/\",\"url\":\"https:\/\/endorfeen.com\/fr\/ascension-de-la-barre-des-ecrins-par-la-voie-normale\/\",\"name\":\"Ascension de la Barre des Ecrins par la Voie Normale - endorfeen\",\"isPartOf\":{\"@id\":\"https:\/\/endorfeen.com\/fr\/#website\"},\"primaryImageOfPage\":{\"@id\":\"https:\/\/endorfeen.com\/fr\/ascension-de-la-barre-des-ecrins-par-la-voie-normale\/#primaryimage\"},\"image\":{\"@id\":\"https:\/\/endorfeen.com\/fr\/ascension-de-la-barre-des-ecrins-par-la-voie-normale\/#primaryimage\"},\"thumbnailUrl\":\"https:\/\/endorfeen.com\/wp-content\/uploads\/2023\/03\/1029067274_325229424BI.jpg\",\"datePublished\":\"2023-03-26T07:00:00+00:00\",\"dateModified\":\"2023-08-18T10:01:56+00:00\",\"description\":\"Ascension de la Barre des Ecrins par la Voie Normale : Embl\u00e8me du massif des Ecrins et de l'Oisans, la face nord de la Barre des Ecrins...\",\"breadcrumb\":{\"@id\":\"https:\/\/endorfeen.com\/fr\/ascension-de-la-barre-des-ecrins-par-la-voie-normale\/#breadcrumb\"},\"inLanguage\":\"fr-FR\",\"potentialAction\":[{\"@type\":\"ReadAction\",\"target\":[\"https:\/\/endorfeen.com\/fr\/ascension-de-la-barre-des-ecrins-par-la-voie-normale\/\"]}]},{\"@type\":\"ImageObject\",\"inLanguage\":\"fr-FR\",\"@id\":\"https:\/\/endorfeen.com\/fr\/ascension-de-la-barre-des-ecrins-par-la-voie-normale\/#primaryimage\",\"url\":\"https:\/\/endorfeen.com\/wp-content\/uploads\/2023\/03\/1029067274_325229424BI.jpg\",\"contentUrl\":\"https:\/\/endorfeen.com\/wp-content\/uploads\/2023\/03\/1029067274_325229424BI.jpg\",\"width\":1024,\"height\":768,\"caption\":\"Credits: David Jonglez\"},{\"@type\":\"BreadcrumbList\",\"@id\":\"https:\/\/endorfeen.com\/fr\/ascension-de-la-barre-des-ecrins-par-la-voie-normale\/#breadcrumb\",\"itemListElement\":[{\"@type\":\"ListItem\",\"position\":1,\"name\":\"Home\",\"item\":\"https:\/\/endorfeen.com\/fr\/\"},{\"@type\":\"ListItem\",\"position\":2,\"name\":\"Ascension de la Barre des Ecrins par la Voie Normale\"}]},{\"@type\":\"WebSite\",\"@id\":\"https:\/\/endorfeen.com\/fr\/#website\",\"url\":\"https:\/\/endorfeen.com\/fr\/\",\"name\":\"endorfeen\",\"description\":\"The Media For Sustainable Outdoors.\",\"publisher\":{\"@id\":\"https:\/\/endorfeen.com\/fr\/#organization\"},\"potentialAction\":[{\"@type\":\"SearchAction\",\"target\":{\"@type\":\"EntryPoint\",\"urlTemplate\":\"https:\/\/endorfeen.com\/fr\/?s={search_term_string}\"},\"query-input\":{\"@type\":\"PropertyValueSpecification\",\"valueRequired\":true,\"valueName\":\"search_term_string\"}}],\"inLanguage\":\"fr-FR\"},{\"@type\":\"Organization\",\"@id\":\"https:\/\/endorfeen.com\/fr\/#organization\",\"name\":\"endorfeen\",\"url\":\"https:\/\/endorfeen.com\/fr\/\",\"logo\":{\"@type\":\"ImageObject\",\"inLanguage\":\"fr-FR\",\"@id\":\"https:\/\/endorfeen.com\/fr\/#\/schema\/logo\/image\/\",\"url\":\"https:\/\/endorfeen.com\/wp-content\/uploads\/2022\/06\/Circle-endorfeen-site-icon-circled-1000-x-1000-300psi.png\",\"contentUrl\":\"https:\/\/endorfeen.com\/wp-content\/uploads\/2022\/06\/Circle-endorfeen-site-icon-circled-1000-x-1000-300psi.png\",\"width\":1000,\"height\":1000,\"caption\":\"endorfeen\"},\"image\":{\"@id\":\"https:\/\/endorfeen.com\/fr\/#\/schema\/logo\/image\/\"}},{\"@type\":\"Person\",\"@id\":\"https:\/\/endorfeen.com\/fr\/#\/schema\/person\/76a61f8eb41d36fffdec1b376fcf19aa\",\"name\":\"Thomas Viguier\",\"image\":{\"@type\":\"ImageObject\",\"inLanguage\":\"fr-FR\",\"@id\":\"https:\/\/endorfeen.com\/fr\/#\/schema\/person\/image\/\",\"url\":\"https:\/\/secure.gravatar.com\/avatar\/3c24e541f6f82c052219429c60a8948b1c9ad8eda6daf26af0a100594146ab1a?s=96&d=mm&r=g\",\"contentUrl\":\"https:\/\/secure.gravatar.com\/avatar\/3c24e541f6f82c052219429c60a8948b1c9ad8eda6daf26af0a100594146ab1a?s=96&d=mm&r=g\",\"caption\":\"Thomas Viguier\"},\"description\":\"Everyone has a story to tell. endorfeen is built as a collaborative platform, giving the voice to anyone with a story to tell. If you have things you want to share, register here.\",\"sameAs\":[\"https:\/\/www.endorfeen.com\/\",\"http:\/\/www.facebook.com\/endorfeen-583261049007200\",\"http:\/\/www.instagram.com\/endorfeen_\/\",\"https:\/\/fi.pinterest.com\/endorfeen_\/\",\"https:\/\/x.com\/https:\/\/twitter.com\/endorfeen_\"],\"url\":\"https:\/\/endorfeen.com\/fr\/linkto\/endorfeen-mag\/\"}]}<\/script>\n<!-- \/ Yoast SEO Premium plugin. -->","yoast_head_json":{"title":"Ascension de la Barre des Ecrins par la Voie Normale - endorfeen","description":"Ascension de la Barre des Ecrins par la Voie Normale : Embl\u00e8me du massif des Ecrins et de l'Oisans, la face nord de la Barre des Ecrins...","robots":{"index":"index","follow":"follow","max-snippet":"max-snippet:-1","max-image-preview":"max-image-preview:large","max-video-preview":"max-video-preview:-1"},"canonical":"https:\/\/endorfeen.com\/fr\/ascension-de-la-barre-des-ecrins-par-la-voie-normale\/","og_locale":"fr_FR","og_type":"article","og_title":"Ascension de la Barre des Ecrins par la Voie Normale","og_description":"Ascension de la Barre des Ecrins par la Voie Normale : Embl\u00e8me du massif des Ecrins et de l'Oisans, la face nord de la Barre des Ecrins...","og_url":"https:\/\/endorfeen.com\/fr\/ascension-de-la-barre-des-ecrins-par-la-voie-normale\/","og_site_name":"endorfeen","article_author":"http:\/\/www.facebook.com\/endorfeen-583261049007200","article_published_time":"2023-03-26T07:00:00+00:00","article_modified_time":"2023-08-18T10:01:56+00:00","og_image":[{"width":1024,"height":768,"url":"https:\/\/endorfeen.com\/wp-content\/uploads\/2023\/03\/1029067274_325229424BI.jpg","type":"image\/jpeg"}],"author":"Thomas Viguier","twitter_card":"summary_large_image","twitter_creator":"@https:\/\/twitter.com\/endorfeen_","twitter_misc":{"\u00c9crit par":"Thomas Viguier","Dur\u00e9e de lecture estim\u00e9e":"5 minutes"},"schema":{"@context":"https:\/\/schema.org","@graph":[{"@type":"Article","@id":"https:\/\/endorfeen.com\/fr\/ascension-de-la-barre-des-ecrins-par-la-voie-normale\/#article","isPartOf":{"@id":"https:\/\/endorfeen.com\/fr\/ascension-de-la-barre-des-ecrins-par-la-voie-normale\/"},"author":{"name":"Thomas Viguier","@id":"https:\/\/endorfeen.com\/fr\/#\/schema\/person\/76a61f8eb41d36fffdec1b376fcf19aa"},"headline":"Ascension de la Barre des Ecrins par la Voie Normale","datePublished":"2023-03-26T07:00:00+00:00","dateModified":"2023-08-18T10:01:56+00:00","mainEntityOfPage":{"@id":"https:\/\/endorfeen.com\/fr\/ascension-de-la-barre-des-ecrins-par-la-voie-normale\/"},"wordCount":1195,"commentCount":0,"publisher":{"@id":"https:\/\/endorfeen.com\/fr\/#organization"},"image":{"@id":"https:\/\/endorfeen.com\/fr\/ascension-de-la-barre-des-ecrins-par-la-voie-normale\/#primaryimage"},"thumbnailUrl":"https:\/\/endorfeen.com\/wp-content\/uploads\/2023\/03\/1029067274_325229424BI.jpg","keywords":["#Alpinisme","#Ecrins"],"articleSection":["Aventures","Lieux","Montagnes"],"inLanguage":"fr-FR","potentialAction":[{"@type":"CommentAction","name":"Comment","target":["https:\/\/endorfeen.com\/fr\/ascension-de-la-barre-des-ecrins-par-la-voie-normale\/#respond"]}]},{"@type":"WebPage","@id":"https:\/\/endorfeen.com\/fr\/ascension-de-la-barre-des-ecrins-par-la-voie-normale\/","url":"https:\/\/endorfeen.com\/fr\/ascension-de-la-barre-des-ecrins-par-la-voie-normale\/","name":"Ascension de la Barre des Ecrins par la Voie Normale - endorfeen","isPartOf":{"@id":"https:\/\/endorfeen.com\/fr\/#website"},"primaryImageOfPage":{"@id":"https:\/\/endorfeen.com\/fr\/ascension-de-la-barre-des-ecrins-par-la-voie-normale\/#primaryimage"},"image":{"@id":"https:\/\/endorfeen.com\/fr\/ascension-de-la-barre-des-ecrins-par-la-voie-normale\/#primaryimage"},"thumbnailUrl":"https:\/\/endorfeen.com\/wp-content\/uploads\/2023\/03\/1029067274_325229424BI.jpg","datePublished":"2023-03-26T07:00:00+00:00","dateModified":"2023-08-18T10:01:56+00:00","description":"Ascension de la Barre des Ecrins par la Voie Normale : Embl\u00e8me du massif des Ecrins et de l'Oisans, la face nord de la Barre des Ecrins...","breadcrumb":{"@id":"https:\/\/endorfeen.com\/fr\/ascension-de-la-barre-des-ecrins-par-la-voie-normale\/#breadcrumb"},"inLanguage":"fr-FR","potentialAction":[{"@type":"ReadAction","target":["https:\/\/endorfeen.com\/fr\/ascension-de-la-barre-des-ecrins-par-la-voie-normale\/"]}]},{"@type":"ImageObject","inLanguage":"fr-FR","@id":"https:\/\/endorfeen.com\/fr\/ascension-de-la-barre-des-ecrins-par-la-voie-normale\/#primaryimage","url":"https:\/\/endorfeen.com\/wp-content\/uploads\/2023\/03\/1029067274_325229424BI.jpg","contentUrl":"https:\/\/endorfeen.com\/wp-content\/uploads\/2023\/03\/1029067274_325229424BI.jpg","width":1024,"height":768,"caption":"Credits: David Jonglez"},{"@type":"BreadcrumbList","@id":"https:\/\/endorfeen.com\/fr\/ascension-de-la-barre-des-ecrins-par-la-voie-normale\/#breadcrumb","itemListElement":[{"@type":"ListItem","position":1,"name":"Home","item":"https:\/\/endorfeen.com\/fr\/"},{"@type":"ListItem","position":2,"name":"Ascension de la Barre des Ecrins par la Voie Normale"}]},{"@type":"WebSite","@id":"https:\/\/endorfeen.com\/fr\/#website","url":"https:\/\/endorfeen.com\/fr\/","name":"endorfeen","description":"The Media For Sustainable Outdoors.","publisher":{"@id":"https:\/\/endorfeen.com\/fr\/#organization"},"potentialAction":[{"@type":"SearchAction","target":{"@type":"EntryPoint","urlTemplate":"https:\/\/endorfeen.com\/fr\/?s={search_term_string}"},"query-input":{"@type":"PropertyValueSpecification","valueRequired":true,"valueName":"search_term_string"}}],"inLanguage":"fr-FR"},{"@type":"Organization","@id":"https:\/\/endorfeen.com\/fr\/#organization","name":"endorfeen","url":"https:\/\/endorfeen.com\/fr\/","logo":{"@type":"ImageObject","inLanguage":"fr-FR","@id":"https:\/\/endorfeen.com\/fr\/#\/schema\/logo\/image\/","url":"https:\/\/endorfeen.com\/wp-content\/uploads\/2022\/06\/Circle-endorfeen-site-icon-circled-1000-x-1000-300psi.png","contentUrl":"https:\/\/endorfeen.com\/wp-content\/uploads\/2022\/06\/Circle-endorfeen-site-icon-circled-1000-x-1000-300psi.png","width":1000,"height":1000,"caption":"endorfeen"},"image":{"@id":"https:\/\/endorfeen.com\/fr\/#\/schema\/logo\/image\/"}},{"@type":"Person","@id":"https:\/\/endorfeen.com\/fr\/#\/schema\/person\/76a61f8eb41d36fffdec1b376fcf19aa","name":"Thomas Viguier","image":{"@type":"ImageObject","inLanguage":"fr-FR","@id":"https:\/\/endorfeen.com\/fr\/#\/schema\/person\/image\/","url":"https:\/\/secure.gravatar.com\/avatar\/3c24e541f6f82c052219429c60a8948b1c9ad8eda6daf26af0a100594146ab1a?s=96&d=mm&r=g","contentUrl":"https:\/\/secure.gravatar.com\/avatar\/3c24e541f6f82c052219429c60a8948b1c9ad8eda6daf26af0a100594146ab1a?s=96&d=mm&r=g","caption":"Thomas Viguier"},"description":"Everyone has a story to tell. endorfeen is built as a collaborative platform, giving the voice to anyone with a story to tell. If you have things you want to share, register here.","sameAs":["https:\/\/www.endorfeen.com\/","http:\/\/www.facebook.com\/endorfeen-583261049007200","http:\/\/www.instagram.com\/endorfeen_\/","https:\/\/fi.pinterest.com\/endorfeen_\/","https:\/\/x.com\/https:\/\/twitter.com\/endorfeen_"],"url":"https:\/\/endorfeen.com\/fr\/linkto\/endorfeen-mag\/"}]}},"featured_image_src":"https:\/\/endorfeen.com\/wp-content\/uploads\/2023\/03\/1029067274_325229424BI-600x400.jpg","featured_image_src_square":"https:\/\/endorfeen.com\/wp-content\/uploads\/2023\/03\/1029067274_325229424BI-600x600.jpg","author_info":{"display_name":"Thomas Viguier","author_link":"https:\/\/endorfeen.com\/fr\/linkto\/endorfeen-mag\/"},"acf":[],"_links":{"self":[{"href":"https:\/\/endorfeen.com\/fr\/wp-json\/wp\/v2\/posts\/10500","targetHints":{"allow":["GET"]}}],"collection":[{"href":"https:\/\/endorfeen.com\/fr\/wp-json\/wp\/v2\/posts"}],"about":[{"href":"https:\/\/endorfeen.com\/fr\/wp-json\/wp\/v2\/types\/post"}],"author":[{"embeddable":true,"href":"https:\/\/endorfeen.com\/fr\/wp-json\/wp\/v2\/users\/30"}],"replies":[{"embeddable":true,"href":"https:\/\/endorfeen.com\/fr\/wp-json\/wp\/v2\/comments?post=10500"}],"version-history":[{"count":0,"href":"https:\/\/endorfeen.com\/fr\/wp-json\/wp\/v2\/posts\/10500\/revisions"}],"wp:featuredmedia":[{"embeddable":true,"href":"https:\/\/endorfeen.com\/fr\/wp-json\/wp\/v2\/media\/10501"}],"wp:attachment":[{"href":"https:\/\/endorfeen.com\/fr\/wp-json\/wp\/v2\/media?parent=10500"}],"wp:term":[{"taxonomy":"category","embeddable":true,"href":"https:\/\/endorfeen.com\/fr\/wp-json\/wp\/v2\/categories?post=10500"},{"taxonomy":"post_tag","embeddable":true,"href":"https:\/\/endorfeen.com\/fr\/wp-json\/wp\/v2\/tags?post=10500"},{"taxonomy":"sponsor","embeddable":true,"href":"https:\/\/endorfeen.com\/fr\/wp-json\/wp\/v2\/sponsor?post=10500"}],"curies":[{"name":"wp","href":"https:\/\/api.w.org\/{rel}","templated":true}]}}