{"id":10440,"date":"2023-03-30T08:00:00","date_gmt":"2023-03-30T07:00:00","guid":{"rendered":"https:\/\/endorfeen.com\/?p=10440"},"modified":"2023-08-18T11:01:52","modified_gmt":"2023-08-18T10:01:52","slug":"hannelore-schmatz-premiere-femme-a-mourir-sur-leverest","status":"publish","type":"post","link":"https:\/\/endorfeen.com\/fr\/hannelore-schmatz-premiere-femme-a-mourir-sur-leverest\/","title":{"rendered":"Hannelore Schmatz, premi\u00e8re femme \u00e0 mourir sur l&rsquo;Everest"},"content":{"rendered":"\n<p>En 1979, l&rsquo;indomptable Hannelore Schmatz a grav\u00e9 son nom dans l&rsquo;histoire en devenant la quatri\u00e8me femme \u00e0 conqu\u00e9rir le puissant Mont Everest. Pourtant, sa spectaculaire ascension vers le toit du monde serait, malheureusement, sa derni\u00e8re aventure.<\/p>\n\n\n\n<p>Allemande passionn\u00e9e de montagne, Hannelore Schmatz, accompagn\u00e9e de son \u00e9poux tout aussi aventureux, Gerhard, entreprirent en 1979 l&rsquo;exp\u00e9dition la plus audacieuse de leur vie : dompter l&rsquo;imposant Everest.<\/p>\n\n\n\n<figure class=\"wp-block-image size-full wp-block-size-full\"><img loading=\"lazy\" decoding=\"async\" width=\"994\" height=\"558\" src=\"https:\/\/endorfeen.com\/wp-content\/uploads\/2023\/03\/hannelore-schmatz-100__v-img__16__9__xl_-d31c35f8186ebeb80b0cd843a7c267a0e0c81647-1.jpg\" alt=\"Hannelore Schmatz\" class=\"wp-image-10433\" srcset=\"https:\/\/endorfeen.com\/wp-content\/uploads\/2023\/03\/hannelore-schmatz-100__v-img__16__9__xl_-d31c35f8186ebeb80b0cd843a7c267a0e0c81647-1-300x168.jpg 300w, https:\/\/endorfeen.com\/wp-content\/uploads\/2023\/03\/hannelore-schmatz-100__v-img__16__9__xl_-d31c35f8186ebeb80b0cd843a7c267a0e0c81647-1-768x431.jpg 768w, https:\/\/endorfeen.com\/wp-content\/uploads\/2023\/03\/hannelore-schmatz-100__v-img__16__9__xl_-d31c35f8186ebeb80b0cd843a7c267a0e0c81647-1.jpg 994w\" sizes=\"auto, (max-width: 994px) 100vw, 994px\" \/><figcaption class=\"wp-element-caption\">Hannelore Schmatz | DW\/Playback<\/figcaption><\/figure>\n\n\n\n<p>Le couple intr\u00e9pide a triomph\u00e9 en atteignant le sommet, mais leur descente s&rsquo;est r\u00e9v\u00e9l\u00e9e un voyage p\u00e9rilleux. Schmatz a succomb\u00e9 \u00e0 la col\u00e8re de la montagne dans un malheureux encha\u00eenement d&rsquo;\u00e9v\u00e9nements. En cons\u00e9quence, elle est devenue la premi\u00e8re femme et nationale allemande \u00e0 p\u00e9rir sur ses pentes dangereuses.<\/p>\n\n\n\n<p>Pendant de nombreuses ann\u00e9es, les restes momifi\u00e9s de Hannelore Schmatz, reconnaissables \u00e0 son sac \u00e0 dos press\u00e9 contre elle, ont servi de rappel gla\u00e7ant des risques encourus par ceux qui osaient d\u00e9fier le terrain impitoyable de l&rsquo;Everest.<\/p>\n\n\n\n<h2 class=\"wp-block-heading\" id=\"h-hannelore-schmatz-un-grimpeur-experimente\"><strong>Hannelore Schmatz<\/strong>, un <em>grimpeur exp\u00e9riment\u00e9<\/em><\/h2>\n\n\n\n<h3 class=\"wp-block-heading\" id=\"h-alpinistes-experimentes-de-l-himalaya\">Alpinistes exp\u00e9riment\u00e9s de l&rsquo;Himalaya<\/h3>\n\n\n\n<p>S&rsquo;aventurer dans le royaume de l&rsquo;impressionnant Everest est une prouesse r\u00e9serv\u00e9e aux alpinistes les plus intr\u00e9pides et exp\u00e9riment\u00e9s.<\/p>\n\n\n\n<p>Hannelore Schmatz et son mari, Gerhard Schmatz, formaient un partenariat d&rsquo;alpinisme redoutable. Gr\u00e2ce \u00e0 cela, ils \u00e9taient anim\u00e9s par le d\u00e9sir de conqu\u00e9rir les plus spectaculaires sommets du monde.<\/p>\n\n\n\n<p>Sans se d\u00e9courager et r\u00e9solus, le couple s&rsquo;est fix\u00e9 pour objectif le plus grand d\u00e9fi : l&rsquo;Everest. Ils ont demand\u00e9 un permis aux autorit\u00e9s n\u00e9palaises et se sont lanc\u00e9s dans les exigeantes pr\u00e9parations n\u00e9cessaires pour affronter ce supr\u00eame test de courage.<\/p>\n\n\n\n<h3 class=\"wp-block-heading\" id=\"h-ils-ont-gravi-quelques-sommets-avant-leur-expedition-a-l-everest\">Ils ont gravi quelques sommets avant leur exp\u00e9dition \u00e0 l&rsquo;Everest<\/h3>\n\n\n\n<p>Le couple a gravi un nouveau sommet chaque ann\u00e9e pour s&rsquo;acclimater aux conditions difficiles des hautes altitudes. Au fil du temps, les montagnes qu&rsquo;ils ont escalad\u00e9es sont devenues plus hautes. Apr\u00e8s une ascension r\u00e9ussie du Lhotse, le quatri\u00e8me plus haut sommet du monde, en juin 1977, ils ont re\u00e7u la nouvelle enthousiasmante que leur demande d&rsquo;escalader l&rsquo;Everest avait \u00e9t\u00e9 accord\u00e9e.<\/p>\n\n\n\n<h3 class=\"wp-block-heading\" id=\"h-hannelore-schmatz-avait-de-solides-competences-de-preparation-d-expedition\">Hannelore Schmatz avait de solides comp\u00e9tences de pr\u00e9paration d&rsquo;exp\u00e9dition<\/h3>\n\n\n\n<p>Hannelore, lou\u00e9e par son mari pour sa capacit\u00e9 exceptionnelle \u00e0 organiser et \u00e0 obtenir les mat\u00e9riaux de l&rsquo;exp\u00e9dition, a g\u00e9r\u00e9 minutieusement les \u00e9l\u00e9ments techniques et logistiques de leur aventure \u00e0 l&rsquo;Everest.<\/p>\n\n\n\n<p>Pendant les ann\u00e9es 1970, obtenir du mat\u00e9riel d&rsquo;escalade appropri\u00e9 \u00e0 Katmandou \u00e9tait assez difficile.<\/p>\n\n\n\n<p>L&rsquo;\u00e9quipement n\u00e9cessaire pour leur exp\u00e9dition de trois mois au sommet de l&rsquo;Everest devait \u00eatre achet\u00e9 en Europe. Pour cela, Hannelore a organis\u00e9 un entrep\u00f4t au N\u00e9pal pour stocker plusieurs tonnes d&rsquo;\u00e9quipement essentiel pour leur voyage.<\/p>\n\n\n\n<figure class=\"wp-block-image size-full is-resized wp-block-size-full\"><img loading=\"lazy\" decoding=\"async\" src=\"https:\/\/endorfeen.com\/wp-content\/uploads\/2023\/03\/09155516190287.webp\" alt=\"HANNELORE SCHMATZ\" class=\"wp-image-10435\" width=\"803\" height=\"823\" srcset=\"https:\/\/endorfeen.com\/wp-content\/uploads\/2023\/03\/09155516190287-293x300.webp 293w, https:\/\/endorfeen.com\/wp-content\/uploads\/2023\/03\/09155516190287.webp 610w\" sizes=\"auto, (max-width: 803px) 100vw, 803px\" \/><\/figure>\n\n\n\n<h2 class=\"wp-block-heading\" id=\"h-atteindre-le-sommet-de-l-everest\">Atteindre le sommet de l&rsquo;Everest<\/h2>\n\n\n\n<h3 class=\"wp-block-heading\" id=\"h-un-groupe-d-alpinistes-experimentes\">Un groupe d&rsquo;alpinistes exp\u00e9riment\u00e9s<\/h3>\n\n\n\n<p>Hannelore, Gerhard et Ray Genet \u00e9taient tous des alpinistes accomplis qui s&rsquo;\u00e9taient d\u00e9fi\u00e9s sur les plus hauts sommets du monde. Ensemble, ils se sont lanc\u00e9s dans une audacieuse exp\u00e9dition pour conqu\u00e9rir l&rsquo;Everest et retourner au camp de base avec leur \u00e9quipe.<\/p>\n\n\n\n<p>Ray Genet, affectueusement connu sous le nom de \u00ab&nbsp;Pirate&nbsp;\u00bb, \u00e9tait un alpiniste am\u00e9ricain n\u00e9 en Suisse et le guide pionnier du plus haut sommet d&rsquo;Am\u00e9rique du Nord, le Denali (Mont McKinley) en Alaska.<\/p>\n\n\n\n<p>En mai 1973, apr\u00e8s leur r\u00e9ussite de l&rsquo;exp\u00e9dition Manaslu, Gerhard et Hannelore ont demand\u00e9 l&rsquo;autorisation de gravir le Mont Everest. Lorsque leur demande a \u00e9t\u00e9 accept\u00e9e par le minist\u00e8re des Affaires \u00e9trang\u00e8res du N\u00e9pal, ils ont commenc\u00e9 leurs pr\u00e9paratifs et leur entra\u00eenement.<\/p>\n\n\n\n<p>Au cours des trois prochaines ann\u00e9es, ils ont gravi de nombreuses sommets imposants pour d\u00e9velopper leurs comp\u00e9tences et leur exp\u00e9rience en haute montagne.<\/p>\n\n\n\n<p>Gerhard, qui a dirig\u00e9 l&rsquo;exp\u00e9dition, avait 50 ans \u00e0 l&rsquo;\u00e9poque. Il a alors acquis la distinction d&rsquo;\u00eatre la personne la plus \u00e2g\u00e9e \u00e0 atteindre le sommet de l&rsquo;Everest.<\/p>\n\n\n\n<h3 class=\"wp-block-heading\" id=\"h-les-preparatifs\">Les pr\u00e9paratifs<\/h3>\n\n\n\n<p>D\u00e8s qu&rsquo;ils ont re\u00e7u l&rsquo;autorisation pour leur qu\u00eate de l&rsquo;Everest, Hannelore et Gerhard se sont mis en action, pr\u00e9parant minutieusement cette entreprise monumentale.<\/p>\n\n\n\n<p>Les comp\u00e9tences exceptionnelles de Hannelore dans la recherche et le transport des mat\u00e9riaux d&rsquo;exp\u00e9dition \u00e9taient cruciales \u00e0 cette \u00e9poque. Une nourriture et un \u00e9quipement adapt\u00e9s \u00e9taient indisponibles \u00e0 Katmandou. Tout ce dont ils et les Sherpas avaient besoin pour l&rsquo;exp\u00e9dition de trois mois devait \u00eatre achet\u00e9 en Europe et exp\u00e9di\u00e9 au N\u00e9pal.<\/p>\n\n\n\n<p>Ing\u00e9nieuse et d\u00e9termin\u00e9e, Hannelore a r\u00e9dig\u00e9 des centaines de lettres et a obtenu un camion sponsoris\u00e9 pour transporter le mat\u00e9riel. Avec l&rsquo;aide de ses collaborateurs, elle a pass\u00e9 des mois \u00e0 emballer plusieurs tonnes de mat\u00e9riel en colis de 30 kg dans un entrep\u00f4t. Elle veillait \u00e0 ce qu&rsquo;ils soient pr\u00eats \u00e0 \u00eatre transport\u00e9s par les porteurs.<\/p>\n\n\n\n<h3 class=\"wp-block-heading\" id=\"h-une-equipe-solide-entourait-hannelore-schmatz\">Une \u00e9quipe solide entourait Hannelore Schmatz<\/h3>\n\n\n\n<p>En plus de l&rsquo;\u00e9quipement, le couple a d\u00fb assembler une \u00e9quipe de grimpeurs de premier ordre.<\/p>\n\n\n\n<p>Rejoignant Hannelore et Gerhard Schmatz \u00e9taient six autres alpinistes exp\u00e9riment\u00e9s \u00e0 haute altitude&nbsp;:<\/p>\n\n\n\n<ul class=\"wp-block-list\">\n<li>N\u00e9o-Z\u00e9landais Nick Banks<\/li>\n\n\n\n<li>Hans von K\u00e4nel suisse<\/li>\n\n\n\n<li>Ray Genet am\u00e9ricain\u2014un expert de confiance qui avait grimp\u00e9 avec les Schmatz auparavant<\/li>\n\n\n\n<li>Alpinistes allemands Tilman Fischbach, G\u00fcnter Fights et Hermann Warth<\/li>\n<\/ul>\n\n\n\n<p>Hannelore \u00e9tait la seule femme dans le groupe.<\/p>\n\n\n\n<p>En juillet 1979, tout \u00e9tait pr\u00eat pour cette audacieuse entreprise. L&rsquo;exp\u00e9dition de l&rsquo;Everest des Schmatz \u00e9tait compos\u00e9e d&rsquo;une \u00e9quipe redoutable de huit alpinistes. Ils \u00e9taient soutenus par cinq Sherpas qui les guidaient dans leur ambitieuse qu\u00eate.<\/p>\n\n\n\n<h3 class=\"wp-block-heading\" id=\"h-l-expedition-de-1979\">L&rsquo;exp\u00e9dition de 1979<\/h3>\n\n\n\n<p>Pendant leur ascension, l&rsquo;\u00e9quipe a escalad\u00e9 environ 24&nbsp;606 pieds (7&nbsp;500&nbsp;m) au-dessus du niveau de la mer, s&rsquo;aventurant dans le terrain difficile connu sous le nom de \u00ab&nbsp;la bande jaune&nbsp;\u00bb.<\/p>\n\n\n\n<p>Pour atteindre le camp du South Col, ils ont travers\u00e9 le tra\u00eetre Spur de Gen\u00e8ve. Il s&rsquo;agit d&rsquo;une cr\u00eate tranchante reliant Lhotse et Everest \u00e0 une altitude de 26 200 pieds (7 985 m). Le 24 septembre 1979, le groupe a choisi d&rsquo;\u00e9tablir leur dernier camp de haute altitude au South Col.<\/p>\n\n\n\n<p>Cependant, une temp\u00eate de neige inattendue et de plusieurs jours a contraint toute l&rsquo;\u00e9quipe \u00e0 se replier au Camp III. Sans se d\u00e9courager, ils ont fait une autre tentative pour atteindre le Col du Sud, cette fois en se divisant en deux grands groupes. Hannelore Schmatz a rejoint un groupe avec d&rsquo;autres alpinistes et deux Sherpas, tandis que son mari Gerhard dirigeait l&rsquo;autre.<\/p>\n\n\n\n<p>Apr\u00e8s leur \u00e9prouvante ascension de trois jours, le groupe de Gerhard a atteint le Col du Sud avant les autres. Ensuite, ils ont install\u00e9 leur camp pour la nuit et attendaient l&rsquo;arriv\u00e9e de leurs co\u00e9quipiers.<\/p>\n\n\n\n<p>Arriv\u00e9e au Col du Sud signifiait un jalon crucial pour l&rsquo;\u00e9quipe. Voyageant par groupes de trois \u00e0 travers le paysage de montagne impitoyable, ils \u00e9taient maintenant au bord de la phase finale de leur ascension vers le sommet de l&rsquo;Everest.<\/p>\n\n\n\n<p>Tandis que le groupe de Hannelore Schmatz continuait leur trek vers le Col du Sud, l&rsquo;\u00e9quipe de Gerhard a commenc\u00e9 leur randonn\u00e9e vers le sommet t\u00f4t le matin du 1er octobre 1979.<\/p>\n\n\n\n<h3 class=\"wp-block-heading\" id=\"h-atteindre-le-sommet\">Atteindre le sommet<\/h3>\n\n\n\n<p>\u00c0 14h00, le groupe de Gerhard avait atteint le sommet sud du Mont Everest. \u00c0 50 ans, Gerhard Schmatz a grav\u00e9 son nom dans les annales de l&rsquo;alpinisme. Il est devenu la personne la plus \u00e2g\u00e9e \u00e0 se tenir au sommet du plus haut sommet du monde.<\/p>\n\n\n\n<p>Gerhard a observ\u00e9 les conditions p\u00e9rilleuses s&rsquo;\u00e9tendant de la cime sud \u00e0 la cr\u00eate alors que le groupe c\u00e9l\u00e9brait leur triomphe. Reconnaissant les risques, l&rsquo;\u00e9quipe de Gerhard a rapidement commenc\u00e9 leur descente, faisant face aux m\u00eames obstacles qui les avaient d\u00e9fi\u00e9s pendant l&rsquo;ascension.<\/p>\n\n\n\n<p>\u00c0 leur arriv\u00e9e au camp du Col du Sud \u00e0 19h ce soir-l\u00e0, ils trouv\u00e8rent le groupe de Hannelore\u2014ayant atteint le sommet de l&rsquo;Everest \u00e0 peu pr\u00e8s au m\u00eame moment que Gerhard\u2014d\u00e9j\u00e0 en train de pr\u00e9parer leur camp pour leur propre ascension vers le sommet.<\/p>\n\n\n\n<p>Gerhard et ses co\u00e9quipiers ont mis en garde Hannelore et les autres contre les conditions de neige et de glace tra\u00eetresses. En cons\u00e9quence, ils les ont exhort\u00e9s \u00e0 reconsid\u00e9rer leur ascension. Cependant, la d\u00e9termination de Hannelore \u00e9tait in\u00e9branlable, comme l&rsquo;a d\u00e9crit son mari comme \u00abindign\u00e9\u00bb, r\u00e9solu dans sa qu\u00eate de conqu\u00e9rir le puissant Everest.<\/p>\n\n\n\n<h2 class=\"wp-block-heading\" id=\"h-la-tragique-fin-de-hannelore-schmatz\">La tragique fin de Hannelore Schmatz<\/h2>\n\n\n\n<p>\u00c9puis\u00e9s par leur ascension ardue, Hannelore Schmatz et un autre alpiniste se retrouv\u00e8rent pi\u00e9g\u00e9s par l&rsquo;obscurit\u00e9 \u00e0 8 300 m\u00e8tres (27 200 pieds) juste en dessous du sommet de l&rsquo;Everest. Malgr\u00e9 l&rsquo;insistance des Sherpas \u00e0 ce qu&rsquo;ils descendent, Hannelore et l&rsquo;alpiniste am\u00e9ricain Ray Genet choisirent de se reposer et ne se relev\u00e8rent jamais. Hannelore devint la premi\u00e8re femme \u00e0 p\u00e9rir sur les pentes sup\u00e9rieures de l&rsquo;Everest.<\/p>\n\n\n\n<h3 class=\"wp-block-heading\" id=\"h-hannelore-at-reussi-a-atteindre-le-sommet\">Hannelore at r\u00e9ussi \u00e0 atteindre le sommet.<\/h3>\n\n\n\n<p>\u00c0 l&rsquo;aube, Hannelore Schmatz et son groupe ont entam\u00e9 leur ascension finale vers le sommet de l&rsquo;Everest, \u00e0 partir du point du Col Sud. Pendant ce temps, son mari, Gerhard, a commenc\u00e9 sa descente vers le Camp III alors que les conditions m\u00e9t\u00e9orologiques se sont d\u00e9t\u00e9rior\u00e9es.<\/p>\n\n\n\n<p>Alors que la journ\u00e9e avan\u00e7ait, Gerhard a re\u00e7u des nouvelles par talkie-walkie que sa femme et son \u00e9quipe avaient r\u00e9ussi \u00e0 atteindre le sommet de l&rsquo;Everest. Hannelore Schmatz \u00e9tait devenue la quatri\u00e8me femme de l&rsquo;histoire \u00e0 se tenir au sommet du plus haut sommet du monde, marquant une impressionnante r\u00e9alisation pour la montagnarde exp\u00e9riment\u00e9e.<\/p>\n\n\n\n<h3 class=\"wp-block-heading\" id=\"h-une-descente-difficile\">Une descente difficile<\/h3>\n\n\n\n<p>Tragiquement, la descente de Hannelore s&rsquo;est av\u00e9r\u00e9e p\u00e9rilleuse. Selon les membres survivants de son groupe, Hannelore et Ray Genet \u00e9taient \u00e9puis\u00e9s malgr\u00e9 leur force en escalade. Quand la nuit est tomb\u00e9e, ils ont d\u00e9cid\u00e9 de bivouaquer \u00e0 8 500 m (28 000 pieds), en d\u00e9pit des conseils de leurs guides sherpas de continuer \u00e0 avancer.<\/p>\n\n\n\n<p>Hannelore et Genet, d\u00e9termin\u00e9s \u00e0 s&rsquo;arr\u00eater et \u00e0 \u00e9tablir un bivouac (un affleurement abrit\u00e9), ont fait face \u00e0 une forte opposition de la part des Sherpas Sungdare et Ang Jangbu. Ils \u00e9taient au milieu de la redoutable Zone de la Mort, o\u00f9 les conditions p\u00e9rilleuses rendent les alpinistes extr\u00eamement vuln\u00e9rables. Les Sherpas les ont exhort\u00e9s \u00e0 continuer et \u00e0 regagner le camp de base plus s\u00fbr plus bas sur la montagne.<\/p>\n\n\n\n<h3 class=\"wp-block-heading\" id=\"h-une-zone-impitoyable\">Une zone impitoyable<\/h3>\n\n\n\n<p>Tragiquement, Ray Genet a succomb\u00e9 aux \u00e9l\u00e9ments cette nuit-l\u00e0. D\u00e9sesp\u00e9r\u00e9e mais d\u00e9termin\u00e9e, Hannelore et les deux Sherpas ont r\u00e9solu de poursuivre leur descente.<\/p>\n\n\n\n<p>Cependant, le climat impitoyable avait d\u00e9j\u00e0 eu son effet sur Hannelore. \u00c0 27 200 pieds (8 300 m), Schmatz, \u00e9puis\u00e9, s&rsquo;assit, demanda de l&rsquo;eau et s&rsquo;\u00e9teignit. Sungdare Sherpa, l&rsquo;un des guides, resta avec son corps, perdant finalement la plupart de ses doigts et orteils \u00e0 cause du gel.<\/p>\n\n\n\n<p>Dans les suites de cette trag\u00e9die, Hannelore Schmatz est devenue la premi\u00e8re femme et la premi\u00e8re Allemande \u00e0 mourir sur les pentes tra\u00eetresses de l&rsquo;Everest.<\/p>\n\n\n\n<figure class=\"wp-block-image size-large wp-block-size-large\"><img loading=\"lazy\" decoding=\"async\" width=\"1024\" height=\"540\" src=\"https:\/\/endorfeen.com\/wp-content\/uploads\/2023\/03\/hannelore-schmatz-crop-1024x540.webp\" alt=\"Corps de Hannelore Schmatz\" class=\"wp-image-10437\" srcset=\"https:\/\/endorfeen.com\/wp-content\/uploads\/2023\/03\/hannelore-schmatz-crop-300x158.webp 300w, https:\/\/endorfeen.com\/wp-content\/uploads\/2023\/03\/hannelore-schmatz-crop-768x405.webp 768w, https:\/\/endorfeen.com\/wp-content\/uploads\/2023\/03\/hannelore-schmatz-crop-1024x540.webp 1024w, https:\/\/endorfeen.com\/wp-content\/uploads\/2023\/03\/hannelore-schmatz-crop.webp 1200w\" sizes=\"auto, (max-width: 1024px) 100vw, 1024px\" \/><\/figure>\n\n\n\n<h2 class=\"wp-block-heading\" id=\"h-les-restes-de-schmatz-un-avertissement-glacant-pour-les-alpinistes\">Les restes de Schmatz : un avertissement gla\u00e7ant pour les alpinistes<\/h2>\n\n\n\n<p>Le corps de Ray Genet a disparu et n&rsquo;a jamais \u00e9t\u00e9 retrouv\u00e9. En revanche, les restes de Hannelore Schmatz \u00e9taient visibles pendant des ann\u00e9es pour ceux qui osaient s&rsquo;aventurer au sommet de l&rsquo;Everest par la route du sud. Son corps, congel\u00e9 dans une position assise, est devenu un macabre rep\u00e8re \u00e0 seulement 100 m\u00e8tres au-dessus du Camp IV. Le froid extr\u00eame et la neige ont horriblement momifi\u00e9 ses restes, avec ses yeux ouverts et ses cheveux souffl\u00e9s par le vent.<\/p>\n\n\n\n<p>La mort de Hannelore a suscit\u00e9 une notori\u00e9t\u00e9 parmi les alpinistes, en particulier en raison de l&rsquo;\u00e9tat de son corps, qui servait de rappel gla\u00e7ant de la <a href=\"https:\/\/endorfeen.com\/fr\/corps-sur-le-mont-everest\/\">nature impitoyable de l&rsquo;Everest<\/a>. V\u00eatue de son \u00e9quipement et de ses v\u00eatements d&rsquo;alpinisme, sa pose apparemment paisible a conduit d&rsquo;autres alpinistes \u00e0 la surnommer \u00abla femme allemande\u00bb.<\/p>\n\n\n\n<p>Le norv\u00e9gien Arne N\u00e6ss Jr., chef d&rsquo;exp\u00e9dition et alpiniste qui a r\u00e9ussi \u00e0 atteindre le sommet de l&rsquo;Everest en 1985, <a href=\"https:\/\/archive.nytimes.com\/www.nytimes.com\/books\/first\/g\/gammelgaard-climbing.html\">a racont\u00e9 son rencontre troublante avec le corps de Hannelore Schmatz<\/a> : la pr\u00e9sence troublante du corps de Hannelore Schmatz, assis comme si elle se reposait au-dessus du Camp IV, sert de rappel gla\u00e7ant des conditions impitoyables de la montagne. Ses yeux semblent suivre les alpinistes alors qu&rsquo;ils passent, renfor\u00e7ant le fait qu&rsquo;ils sont \u00e0 la merci de l&rsquo;environnement rude de l&rsquo;Everest.<\/p>\n\n\n\n<p>En 1984, un Sherpa et un inspecteur de police n\u00e9palais ont tent\u00e9 de r\u00e9cup\u00e9rer le corps de Hannelore Schmatz, mais tragiquement, les deux hommes sont tomb\u00e9s \u00e0 leur mort lors de cet effort. Finalement, la montagne a revendiqu\u00e9 Hannelore pour de bon. Une puissante rafale de vent a pouss\u00e9 son corps, le faisant rouler sur la face de Kangshung, o\u00f9 il a disparu de la vue, perdu \u00e0 jamais dans les \u00e9l\u00e9ments impitoyables du mont Everest.<\/p>\n\n\n\n<h2 class=\"wp-block-heading\" id=\"h-hannelore-schmatz-un-rappel-sombre-des-perils-auxquels-font-face-les-alpinistes\">Hannelore Schmatz, un rappel sombre des p\u00e9rils auxquels font face les alpinistes<\/h2>\n\n\n\n<h3 class=\"wp-block-heading\" id=\"h-hannelore-schmatz-n-est-pas-la-seule-sur-la-montagne\">Hannelore Schmatz n&rsquo;est pas la seule sur la montagne.<\/h3>\n\n\n\n<p>Avant qu&rsquo;elle ne disparaisse, le corps de Hannelore Schmatz \u00e9tait un rappel gla\u00e7ant dans la fameuse Zone de la Mort, o\u00f9 les alpinistes font face \u00e0 des niveaux d&rsquo;oxyg\u00e8ne extr\u00eamement faibles au-dessus de 24 000 pieds. <a href=\"https:\/\/endorfeen.com\/fr\/corps-sur-le-mont-everest\/\">De nombreux corps sont dispers\u00e9s sur le Mont Everest, beaucoup reposant dans la p\u00e9rilleuse Zone de la Mort<\/a>.<\/p>\n\n\n\n<p>Malgr\u00e9 la neige et la glace, l&rsquo;humidit\u00e9 relative faible de l&rsquo;Everest aide \u00e0 pr\u00e9server ces corps, qui servent maintenant d&rsquo;avertissement pour les autres alpinistes. Parmi les plus c\u00e9l\u00e8bres de ces corps &#8211; \u00e0 part celui de Hannelore &#8211; se trouve celui de George Mallory, qui a essay\u00e9 d&rsquo;atteindre le sommet en 1924. Les alpinistes ont d\u00e9couvert son corps 75 ans plus tard, en 1999.<\/p>\n\n\n\n<p>Au fil des ann\u00e9es, l&rsquo;Everest a r\u00e9clam\u00e9 la vie d&rsquo;environ 280 alpinistes. Jusqu&rsquo;en 2007, un aventurier sur dix qui s&rsquo;est aventur\u00e9 sur la plus haute montagne du monde n&rsquo;est jamais revenu pour raconter son histoire. Le taux de mortalit\u00e9 a augment\u00e9 depuis 2007, exacerb\u00e9 par une augmentation du nombre de tentatives de sommet.<\/p>\n\n\n\n<h3 class=\"wp-block-heading\" id=\"h-les-causes-generales-de-deces-sur-l-everest-sont\">Les causes g\u00e9n\u00e9rales de d\u00e9c\u00e8s sur l&rsquo;Everest sont&nbsp;:<\/h3>\n\n\n\n<p>La fatigue est en effet une cause fr\u00e9quente de d\u00e9c\u00e8s sur le mont Everest. Les alpinistes peuvent devenir trop \u00e9puis\u00e9s \u00e0 cause de l&rsquo;effort physique, du manque d&rsquo;oxyg\u00e8ne ou de la d\u00e9pense d&rsquo;\u00e9nergie excessive pour revenir en bas de la montagne apr\u00e8s avoir atteint le sommet.<\/p>\n\n\n\n<p>Cette fatigue peut entra\u00eener une perte de coordination, de confusion et d&rsquo;incoh\u00e9rence. Dans certains cas, le cerveau peut m\u00eame saigner \u00e0 l&rsquo;int\u00e9rieur, aggravant la situation.<\/p>\n\n\n\n<p>L&rsquo;\u00e9puisement et la confusion ont probablement contribu\u00e9 \u00e0 la tragique mort de Hannelore Schmatz. Malgr\u00e9 son exp\u00e9rience, elle a choisi de se reposer plut\u00f4t que de continuer vers le camp de base. La d\u00e9cision s&rsquo;est av\u00e9r\u00e9e fatale. Dans la zone de la mort impitoyable au-dessus de 24 000 pieds, la montagne l&#8217;emporte finalement si les alpinistes sont trop faibles pour continuer.<\/p>\n\n\n\n<h2 class=\"wp-block-heading\" id=\"h-conclusion\">Conclusion<\/h2>\n\n\n\n<p>Pendant des ann\u00e9es, le corps momifi\u00e9 de Schmatz est rest\u00e9 visible pour les alpinistes sur la route sud, un t\u00e9moignage gla\u00e7ant des conditions difficiles et des risques extr\u00eames li\u00e9s \u00e0 l&rsquo;ascension de la montagne. Son corps gel\u00e9, assis contre son sac \u00e0 dos, les yeux ouverts et les cheveux souffl\u00e9s par le vent, est devenu un lieu de m\u00e9moire hant\u00e9 et un avertissement s\u00e9v\u00e8re pour ceux qui osaient d\u00e9fier le puissant Everest.<\/p>\n\n\n\n<p>Bien que son corps ait fini par dispara\u00eetre, tombant du c\u00f4t\u00e9 de la Face Kangshung, le souvenir du destin de Hannelore Schmatz reste ancr\u00e9 dans les m\u00e9moires des alpinistes et des amateurs d&rsquo;aventures. Son histoire souligne l&rsquo;importance de respecter la montagne. Comprendre ses limites et prendre des d\u00e9cisions bien inform\u00e9es en naviguant dans la mortelle Zone de la Mort au-dessus de 24 000 pieds (7 500 m).<\/p>\n\n\n\n<p>\u00c0 la fin, le legs de Hannelore Schmatz est un rappel puissant des d\u00e9fis extr\u00eames et des cons\u00e9quences potentielles auxquelles sont confront\u00e9s ceux qui poursuivent leurs r\u00eaves de conqu\u00e9rir le Mont Everest.<\/p>\n","protected":false},"excerpt":{"rendered":"<p>En 1979, l&rsquo;indomptable Hannelore Schmatz a grav\u00e9 son nom dans l&rsquo;histoire en devenant la quatri\u00e8me femme \u00e0 conqu\u00e9rir le puissant Mont Everest. Pourtant, sa spectaculaire ascension vers le toit du monde serait, malheureusement, sa derni\u00e8re aventure. Allemande passionn\u00e9e de montagne, Hannelore Schmatz, accompagn\u00e9e de son \u00e9poux tout aussi aventureux, Gerhard, entreprirent en 1979 l&rsquo;exp\u00e9dition la &hellip;<\/p>\n","protected":false},"author":30,"featured_media":10429,"comment_status":"closed","ping_status":"closed","sticky":false,"template":"","format":"standard","meta":{"_acf_changed":false,"_genesis_hide_title":false,"_genesis_hide_breadcrumbs":false,"_genesis_hide_singular_image":false,"_genesis_hide_footer_widgets":false,"_genesis_custom_body_class":"","_genesis_custom_post_class":"","_genesis_layout":"","footnotes":""},"categories":[170,158],"tags":[176,619,635,173],"sponsor":[1087],"class_list":{"2":"type-post","7":"category-aventures","8":"category-prophetes","9":"tag-alpinisme-fr","10":"tag-alpinisme","11":"tag-everest-fr","12":"tag-himalaya","13":"sponsor-endorfeen","14":"entry"},"yoast_head":"<!-- This site is optimized with the Yoast SEO Premium plugin v26.2 (Yoast SEO v26.2) - https:\/\/yoast.com\/wordpress\/plugins\/seo\/ -->\n<title>Hannelore Schmatz, premi\u00e8re femme \u00e0 mourir sur l&#039;Everest - endorfeen<\/title>\n<meta name=\"description\" content=\"Hannelore Schmatz : En 1979, l&#039;indomptable Hannelore Schmatz a grav\u00e9 son nom dans l&#039;histoire en devenant la quatri\u00e8me femme \u00e0...\" \/>\n<meta name=\"robots\" content=\"index, follow, max-snippet:-1, max-image-preview:large, max-video-preview:-1\" \/>\n<link rel=\"canonical\" href=\"https:\/\/endorfeen.com\/fr\/hannelore-schmatz-premiere-femme-a-mourir-sur-leverest\/\" \/>\n<meta property=\"og:locale\" content=\"fr_FR\" \/>\n<meta property=\"og:type\" content=\"article\" \/>\n<meta property=\"og:title\" content=\"Hannelore Schmatz, premi\u00e8re femme \u00e0 mourir sur l&#039;Everest\" \/>\n<meta property=\"og:description\" content=\"Hannelore Schmatz : En 1979, l&#039;indomptable Hannelore Schmatz a grav\u00e9 son nom dans l&#039;histoire en devenant la quatri\u00e8me femme \u00e0...\" \/>\n<meta property=\"og:url\" content=\"https:\/\/endorfeen.com\/fr\/hannelore-schmatz-premiere-femme-a-mourir-sur-leverest\/\" \/>\n<meta property=\"og:site_name\" content=\"endorfeen\" \/>\n<meta property=\"article:author\" content=\"http:\/\/www.facebook.com\/endorfeen-583261049007200\" \/>\n<meta property=\"article:published_time\" content=\"2023-03-30T07:00:00+00:00\" \/>\n<meta property=\"article:modified_time\" content=\"2023-08-18T10:01:52+00:00\" \/>\n<meta property=\"og:image\" content=\"https:\/\/endorfeen.com\/wp-content\/uploads\/2023\/03\/martin-jernberg-oBX-b6ltYts-unsplash-scaled.jpg\" \/>\n\t<meta property=\"og:image:width\" content=\"2560\" \/>\n\t<meta property=\"og:image:height\" content=\"1707\" \/>\n\t<meta property=\"og:image:type\" content=\"image\/jpeg\" \/>\n<meta name=\"author\" content=\"Thomas Viguier\" \/>\n<meta name=\"twitter:card\" content=\"summary_large_image\" \/>\n<meta name=\"twitter:creator\" content=\"@https:\/\/twitter.com\/endorfeen_\" \/>\n<meta name=\"twitter:label1\" content=\"\u00c9crit par\" \/>\n\t<meta name=\"twitter:data1\" content=\"Thomas Viguier\" \/>\n\t<meta name=\"twitter:label2\" content=\"Dur\u00e9e de lecture estim\u00e9e\" \/>\n\t<meta name=\"twitter:data2\" content=\"12 minutes\" \/>\n<script type=\"application\/ld+json\" class=\"yoast-schema-graph\">{\"@context\":\"https:\/\/schema.org\",\"@graph\":[{\"@type\":\"Article\",\"@id\":\"https:\/\/endorfeen.com\/fr\/hannelore-schmatz-premiere-femme-a-mourir-sur-leverest\/#article\",\"isPartOf\":{\"@id\":\"https:\/\/endorfeen.com\/fr\/hannelore-schmatz-premiere-femme-a-mourir-sur-leverest\/\"},\"author\":{\"name\":\"Thomas Viguier\",\"@id\":\"https:\/\/endorfeen.com\/fr\/#\/schema\/person\/76a61f8eb41d36fffdec1b376fcf19aa\"},\"headline\":\"Hannelore Schmatz, premi\u00e8re femme \u00e0 mourir sur l&rsquo;Everest\",\"datePublished\":\"2023-03-30T07:00:00+00:00\",\"dateModified\":\"2023-08-18T10:01:52+00:00\",\"mainEntityOfPage\":{\"@id\":\"https:\/\/endorfeen.com\/fr\/hannelore-schmatz-premiere-femme-a-mourir-sur-leverest\/\"},\"wordCount\":2797,\"publisher\":{\"@id\":\"https:\/\/endorfeen.com\/fr\/#organization\"},\"image\":{\"@id\":\"https:\/\/endorfeen.com\/fr\/hannelore-schmatz-premiere-femme-a-mourir-sur-leverest\/#primaryimage\"},\"thumbnailUrl\":\"https:\/\/endorfeen.com\/wp-content\/uploads\/2023\/03\/martin-jernberg-oBX-b6ltYts-unsplash-scaled.jpg\",\"keywords\":[\"#Alpinisme\",\"#Alpinisme\",\"#everest\",\"#himalaya\"],\"articleSection\":[\"Aventures\",\"Proph\u00e8tes\"],\"inLanguage\":\"fr-FR\"},{\"@type\":\"WebPage\",\"@id\":\"https:\/\/endorfeen.com\/fr\/hannelore-schmatz-premiere-femme-a-mourir-sur-leverest\/\",\"url\":\"https:\/\/endorfeen.com\/fr\/hannelore-schmatz-premiere-femme-a-mourir-sur-leverest\/\",\"name\":\"Hannelore Schmatz, premi\u00e8re femme \u00e0 mourir sur l'Everest - endorfeen\",\"isPartOf\":{\"@id\":\"https:\/\/endorfeen.com\/fr\/#website\"},\"primaryImageOfPage\":{\"@id\":\"https:\/\/endorfeen.com\/fr\/hannelore-schmatz-premiere-femme-a-mourir-sur-leverest\/#primaryimage\"},\"image\":{\"@id\":\"https:\/\/endorfeen.com\/fr\/hannelore-schmatz-premiere-femme-a-mourir-sur-leverest\/#primaryimage\"},\"thumbnailUrl\":\"https:\/\/endorfeen.com\/wp-content\/uploads\/2023\/03\/martin-jernberg-oBX-b6ltYts-unsplash-scaled.jpg\",\"datePublished\":\"2023-03-30T07:00:00+00:00\",\"dateModified\":\"2023-08-18T10:01:52+00:00\",\"description\":\"Hannelore Schmatz : En 1979, l'indomptable Hannelore Schmatz a grav\u00e9 son nom dans l'histoire en devenant la quatri\u00e8me femme \u00e0...\",\"breadcrumb\":{\"@id\":\"https:\/\/endorfeen.com\/fr\/hannelore-schmatz-premiere-femme-a-mourir-sur-leverest\/#breadcrumb\"},\"inLanguage\":\"fr-FR\",\"potentialAction\":[{\"@type\":\"ReadAction\",\"target\":[\"https:\/\/endorfeen.com\/fr\/hannelore-schmatz-premiere-femme-a-mourir-sur-leverest\/\"]}]},{\"@type\":\"ImageObject\",\"inLanguage\":\"fr-FR\",\"@id\":\"https:\/\/endorfeen.com\/fr\/hannelore-schmatz-premiere-femme-a-mourir-sur-leverest\/#primaryimage\",\"url\":\"https:\/\/endorfeen.com\/wp-content\/uploads\/2023\/03\/martin-jernberg-oBX-b6ltYts-unsplash-scaled.jpg\",\"contentUrl\":\"https:\/\/endorfeen.com\/wp-content\/uploads\/2023\/03\/martin-jernberg-oBX-b6ltYts-unsplash-scaled.jpg\",\"width\":2560,\"height\":1707,\"caption\":\"Photo by Martin Jernberg\"},{\"@type\":\"BreadcrumbList\",\"@id\":\"https:\/\/endorfeen.com\/fr\/hannelore-schmatz-premiere-femme-a-mourir-sur-leverest\/#breadcrumb\",\"itemListElement\":[{\"@type\":\"ListItem\",\"position\":1,\"name\":\"Home\",\"item\":\"https:\/\/endorfeen.com\/fr\/\"},{\"@type\":\"ListItem\",\"position\":2,\"name\":\"Hannelore Schmatz, premi\u00e8re femme \u00e0 mourir sur l&#8217;Everest\"}]},{\"@type\":\"WebSite\",\"@id\":\"https:\/\/endorfeen.com\/fr\/#website\",\"url\":\"https:\/\/endorfeen.com\/fr\/\",\"name\":\"endorfeen\",\"description\":\"The Media For Sustainable Outdoors.\",\"publisher\":{\"@id\":\"https:\/\/endorfeen.com\/fr\/#organization\"},\"potentialAction\":[{\"@type\":\"SearchAction\",\"target\":{\"@type\":\"EntryPoint\",\"urlTemplate\":\"https:\/\/endorfeen.com\/fr\/?s={search_term_string}\"},\"query-input\":{\"@type\":\"PropertyValueSpecification\",\"valueRequired\":true,\"valueName\":\"search_term_string\"}}],\"inLanguage\":\"fr-FR\"},{\"@type\":\"Organization\",\"@id\":\"https:\/\/endorfeen.com\/fr\/#organization\",\"name\":\"endorfeen\",\"url\":\"https:\/\/endorfeen.com\/fr\/\",\"logo\":{\"@type\":\"ImageObject\",\"inLanguage\":\"fr-FR\",\"@id\":\"https:\/\/endorfeen.com\/fr\/#\/schema\/logo\/image\/\",\"url\":\"https:\/\/endorfeen.com\/wp-content\/uploads\/2022\/06\/Circle-endorfeen-site-icon-circled-1000-x-1000-300psi.png\",\"contentUrl\":\"https:\/\/endorfeen.com\/wp-content\/uploads\/2022\/06\/Circle-endorfeen-site-icon-circled-1000-x-1000-300psi.png\",\"width\":1000,\"height\":1000,\"caption\":\"endorfeen\"},\"image\":{\"@id\":\"https:\/\/endorfeen.com\/fr\/#\/schema\/logo\/image\/\"}},{\"@type\":\"Person\",\"@id\":\"https:\/\/endorfeen.com\/fr\/#\/schema\/person\/76a61f8eb41d36fffdec1b376fcf19aa\",\"name\":\"Thomas Viguier\",\"image\":{\"@type\":\"ImageObject\",\"inLanguage\":\"fr-FR\",\"@id\":\"https:\/\/endorfeen.com\/fr\/#\/schema\/person\/image\/\",\"url\":\"https:\/\/secure.gravatar.com\/avatar\/3c24e541f6f82c052219429c60a8948b1c9ad8eda6daf26af0a100594146ab1a?s=96&d=mm&r=g\",\"contentUrl\":\"https:\/\/secure.gravatar.com\/avatar\/3c24e541f6f82c052219429c60a8948b1c9ad8eda6daf26af0a100594146ab1a?s=96&d=mm&r=g\",\"caption\":\"Thomas Viguier\"},\"description\":\"Everyone has a story to tell. endorfeen is built as a collaborative platform, giving the voice to anyone with a story to tell. If you have things you want to share, register here.\",\"sameAs\":[\"https:\/\/www.endorfeen.com\/\",\"http:\/\/www.facebook.com\/endorfeen-583261049007200\",\"http:\/\/www.instagram.com\/endorfeen_\/\",\"https:\/\/fi.pinterest.com\/endorfeen_\/\",\"https:\/\/x.com\/https:\/\/twitter.com\/endorfeen_\"],\"url\":\"https:\/\/endorfeen.com\/fr\/linkto\/endorfeen-mag\/\"}]}<\/script>\n<!-- \/ Yoast SEO Premium plugin. -->","yoast_head_json":{"title":"Hannelore Schmatz, premi\u00e8re femme \u00e0 mourir sur l'Everest - endorfeen","description":"Hannelore Schmatz : En 1979, l'indomptable Hannelore Schmatz a grav\u00e9 son nom dans l'histoire en devenant la quatri\u00e8me femme \u00e0...","robots":{"index":"index","follow":"follow","max-snippet":"max-snippet:-1","max-image-preview":"max-image-preview:large","max-video-preview":"max-video-preview:-1"},"canonical":"https:\/\/endorfeen.com\/fr\/hannelore-schmatz-premiere-femme-a-mourir-sur-leverest\/","og_locale":"fr_FR","og_type":"article","og_title":"Hannelore Schmatz, premi\u00e8re femme \u00e0 mourir sur l'Everest","og_description":"Hannelore Schmatz : En 1979, l'indomptable Hannelore Schmatz a grav\u00e9 son nom dans l'histoire en devenant la quatri\u00e8me femme \u00e0...","og_url":"https:\/\/endorfeen.com\/fr\/hannelore-schmatz-premiere-femme-a-mourir-sur-leverest\/","og_site_name":"endorfeen","article_author":"http:\/\/www.facebook.com\/endorfeen-583261049007200","article_published_time":"2023-03-30T07:00:00+00:00","article_modified_time":"2023-08-18T10:01:52+00:00","og_image":[{"width":2560,"height":1707,"url":"https:\/\/endorfeen.com\/wp-content\/uploads\/2023\/03\/martin-jernberg-oBX-b6ltYts-unsplash-scaled.jpg","type":"image\/jpeg"}],"author":"Thomas Viguier","twitter_card":"summary_large_image","twitter_creator":"@https:\/\/twitter.com\/endorfeen_","twitter_misc":{"\u00c9crit par":"Thomas Viguier","Dur\u00e9e de lecture estim\u00e9e":"12 minutes"},"schema":{"@context":"https:\/\/schema.org","@graph":[{"@type":"Article","@id":"https:\/\/endorfeen.com\/fr\/hannelore-schmatz-premiere-femme-a-mourir-sur-leverest\/#article","isPartOf":{"@id":"https:\/\/endorfeen.com\/fr\/hannelore-schmatz-premiere-femme-a-mourir-sur-leverest\/"},"author":{"name":"Thomas Viguier","@id":"https:\/\/endorfeen.com\/fr\/#\/schema\/person\/76a61f8eb41d36fffdec1b376fcf19aa"},"headline":"Hannelore Schmatz, premi\u00e8re femme \u00e0 mourir sur l&rsquo;Everest","datePublished":"2023-03-30T07:00:00+00:00","dateModified":"2023-08-18T10:01:52+00:00","mainEntityOfPage":{"@id":"https:\/\/endorfeen.com\/fr\/hannelore-schmatz-premiere-femme-a-mourir-sur-leverest\/"},"wordCount":2797,"publisher":{"@id":"https:\/\/endorfeen.com\/fr\/#organization"},"image":{"@id":"https:\/\/endorfeen.com\/fr\/hannelore-schmatz-premiere-femme-a-mourir-sur-leverest\/#primaryimage"},"thumbnailUrl":"https:\/\/endorfeen.com\/wp-content\/uploads\/2023\/03\/martin-jernberg-oBX-b6ltYts-unsplash-scaled.jpg","keywords":["#Alpinisme","#Alpinisme","#everest","#himalaya"],"articleSection":["Aventures","Proph\u00e8tes"],"inLanguage":"fr-FR"},{"@type":"WebPage","@id":"https:\/\/endorfeen.com\/fr\/hannelore-schmatz-premiere-femme-a-mourir-sur-leverest\/","url":"https:\/\/endorfeen.com\/fr\/hannelore-schmatz-premiere-femme-a-mourir-sur-leverest\/","name":"Hannelore Schmatz, premi\u00e8re femme \u00e0 mourir sur l'Everest - endorfeen","isPartOf":{"@id":"https:\/\/endorfeen.com\/fr\/#website"},"primaryImageOfPage":{"@id":"https:\/\/endorfeen.com\/fr\/hannelore-schmatz-premiere-femme-a-mourir-sur-leverest\/#primaryimage"},"image":{"@id":"https:\/\/endorfeen.com\/fr\/hannelore-schmatz-premiere-femme-a-mourir-sur-leverest\/#primaryimage"},"thumbnailUrl":"https:\/\/endorfeen.com\/wp-content\/uploads\/2023\/03\/martin-jernberg-oBX-b6ltYts-unsplash-scaled.jpg","datePublished":"2023-03-30T07:00:00+00:00","dateModified":"2023-08-18T10:01:52+00:00","description":"Hannelore Schmatz : En 1979, l'indomptable Hannelore Schmatz a grav\u00e9 son nom dans l'histoire en devenant la quatri\u00e8me femme \u00e0...","breadcrumb":{"@id":"https:\/\/endorfeen.com\/fr\/hannelore-schmatz-premiere-femme-a-mourir-sur-leverest\/#breadcrumb"},"inLanguage":"fr-FR","potentialAction":[{"@type":"ReadAction","target":["https:\/\/endorfeen.com\/fr\/hannelore-schmatz-premiere-femme-a-mourir-sur-leverest\/"]}]},{"@type":"ImageObject","inLanguage":"fr-FR","@id":"https:\/\/endorfeen.com\/fr\/hannelore-schmatz-premiere-femme-a-mourir-sur-leverest\/#primaryimage","url":"https:\/\/endorfeen.com\/wp-content\/uploads\/2023\/03\/martin-jernberg-oBX-b6ltYts-unsplash-scaled.jpg","contentUrl":"https:\/\/endorfeen.com\/wp-content\/uploads\/2023\/03\/martin-jernberg-oBX-b6ltYts-unsplash-scaled.jpg","width":2560,"height":1707,"caption":"Photo by Martin Jernberg"},{"@type":"BreadcrumbList","@id":"https:\/\/endorfeen.com\/fr\/hannelore-schmatz-premiere-femme-a-mourir-sur-leverest\/#breadcrumb","itemListElement":[{"@type":"ListItem","position":1,"name":"Home","item":"https:\/\/endorfeen.com\/fr\/"},{"@type":"ListItem","position":2,"name":"Hannelore Schmatz, premi\u00e8re femme \u00e0 mourir sur l&#8217;Everest"}]},{"@type":"WebSite","@id":"https:\/\/endorfeen.com\/fr\/#website","url":"https:\/\/endorfeen.com\/fr\/","name":"endorfeen","description":"The Media For Sustainable Outdoors.","publisher":{"@id":"https:\/\/endorfeen.com\/fr\/#organization"},"potentialAction":[{"@type":"SearchAction","target":{"@type":"EntryPoint","urlTemplate":"https:\/\/endorfeen.com\/fr\/?s={search_term_string}"},"query-input":{"@type":"PropertyValueSpecification","valueRequired":true,"valueName":"search_term_string"}}],"inLanguage":"fr-FR"},{"@type":"Organization","@id":"https:\/\/endorfeen.com\/fr\/#organization","name":"endorfeen","url":"https:\/\/endorfeen.com\/fr\/","logo":{"@type":"ImageObject","inLanguage":"fr-FR","@id":"https:\/\/endorfeen.com\/fr\/#\/schema\/logo\/image\/","url":"https:\/\/endorfeen.com\/wp-content\/uploads\/2022\/06\/Circle-endorfeen-site-icon-circled-1000-x-1000-300psi.png","contentUrl":"https:\/\/endorfeen.com\/wp-content\/uploads\/2022\/06\/Circle-endorfeen-site-icon-circled-1000-x-1000-300psi.png","width":1000,"height":1000,"caption":"endorfeen"},"image":{"@id":"https:\/\/endorfeen.com\/fr\/#\/schema\/logo\/image\/"}},{"@type":"Person","@id":"https:\/\/endorfeen.com\/fr\/#\/schema\/person\/76a61f8eb41d36fffdec1b376fcf19aa","name":"Thomas Viguier","image":{"@type":"ImageObject","inLanguage":"fr-FR","@id":"https:\/\/endorfeen.com\/fr\/#\/schema\/person\/image\/","url":"https:\/\/secure.gravatar.com\/avatar\/3c24e541f6f82c052219429c60a8948b1c9ad8eda6daf26af0a100594146ab1a?s=96&d=mm&r=g","contentUrl":"https:\/\/secure.gravatar.com\/avatar\/3c24e541f6f82c052219429c60a8948b1c9ad8eda6daf26af0a100594146ab1a?s=96&d=mm&r=g","caption":"Thomas Viguier"},"description":"Everyone has a story to tell. endorfeen is built as a collaborative platform, giving the voice to anyone with a story to tell. If you have things you want to share, register here.","sameAs":["https:\/\/www.endorfeen.com\/","http:\/\/www.facebook.com\/endorfeen-583261049007200","http:\/\/www.instagram.com\/endorfeen_\/","https:\/\/fi.pinterest.com\/endorfeen_\/","https:\/\/x.com\/https:\/\/twitter.com\/endorfeen_"],"url":"https:\/\/endorfeen.com\/fr\/linkto\/endorfeen-mag\/"}]}},"featured_image_src":"https:\/\/endorfeen.com\/wp-content\/uploads\/2023\/03\/martin-jernberg-oBX-b6ltYts-unsplash-600x400.jpg","featured_image_src_square":"https:\/\/endorfeen.com\/wp-content\/uploads\/2023\/03\/martin-jernberg-oBX-b6ltYts-unsplash-600x600.jpg","author_info":{"display_name":"Thomas Viguier","author_link":"https:\/\/endorfeen.com\/fr\/linkto\/endorfeen-mag\/"},"acf":[],"_links":{"self":[{"href":"https:\/\/endorfeen.com\/fr\/wp-json\/wp\/v2\/posts\/10440","targetHints":{"allow":["GET"]}}],"collection":[{"href":"https:\/\/endorfeen.com\/fr\/wp-json\/wp\/v2\/posts"}],"about":[{"href":"https:\/\/endorfeen.com\/fr\/wp-json\/wp\/v2\/types\/post"}],"author":[{"embeddable":true,"href":"https:\/\/endorfeen.com\/fr\/wp-json\/wp\/v2\/users\/30"}],"replies":[{"embeddable":true,"href":"https:\/\/endorfeen.com\/fr\/wp-json\/wp\/v2\/comments?post=10440"}],"version-history":[{"count":0,"href":"https:\/\/endorfeen.com\/fr\/wp-json\/wp\/v2\/posts\/10440\/revisions"}],"wp:featuredmedia":[{"embeddable":true,"href":"https:\/\/endorfeen.com\/fr\/wp-json\/wp\/v2\/media\/10429"}],"wp:attachment":[{"href":"https:\/\/endorfeen.com\/fr\/wp-json\/wp\/v2\/media?parent=10440"}],"wp:term":[{"taxonomy":"category","embeddable":true,"href":"https:\/\/endorfeen.com\/fr\/wp-json\/wp\/v2\/categories?post=10440"},{"taxonomy":"post_tag","embeddable":true,"href":"https:\/\/endorfeen.com\/fr\/wp-json\/wp\/v2\/tags?post=10440"},{"taxonomy":"sponsor","embeddable":true,"href":"https:\/\/endorfeen.com\/fr\/wp-json\/wp\/v2\/sponsor?post=10440"}],"curies":[{"name":"wp","href":"https:\/\/api.w.org\/{rel}","templated":true}]}}