{"id":10409,"date":"2023-03-20T16:37:46","date_gmt":"2023-03-20T16:37:46","guid":{"rendered":"https:\/\/endorfeen.com\/?p=10409"},"modified":"2023-08-18T11:01:59","modified_gmt":"2023-08-18T10:01:59","slug":"fwt23-grand-finale-a-yeti-xtreme-verbier-le-showdown-ultime-arrive","status":"publish","type":"post","link":"https:\/\/endorfeen.com\/fr\/fwt23-grand-finale-a-yeti-xtreme-verbier-le-showdown-ultime-arrive\/","title":{"rendered":"FWT23 Grand Finale \u00e0 YETI Xtreme Verbier : Le Showdown Ultime Arrive"},"content":{"rendered":"\n<h3 class=\"wp-block-heading\" id=\"h-une-salle-legendaire-pour-le-fwt23-xtreme-verbier\">Une salle l\u00e9gendaire pour le FWT23 Xtreme Verbier<\/h3>\n\n\n\n<p>FWT23 Xtreme Verbier &#8211; Le point culminant tr\u00e8s attendu de la saison FWT23 approche \u00e0 grands pas, alors que des athl\u00e8tes de classe mondiale peaufinent leurs strat\u00e9gies pour la comp\u00e9tition de freeride la plus renomm\u00e9e au monde : le YETI Xtreme Verbier. Comme toujours, l&rsquo;\u00e9v\u00e9nement se d\u00e9roule sur le l\u00e9gendaire Bec des Rosses, berceau du Freeride World Tour et son foyer durable.<\/p>\n\n\n\n<p>Cette formidale face offre aux athl\u00e8tes audacieux jusqu&rsquo;\u00e0 600 m\u00e8tres verticaux de terrain difficile, avec des pentes d\u00e9passant les 50 degr\u00e9s au milieu d&rsquo;un labyrinthe de caract\u00e9ristiques techniques. C&rsquo;est le d\u00e9fi ultime pour tout freerider et une fa\u00e7on spectaculaire de clore une saison palpitante.<\/p>\n\n\n\n<figure class=\"wp-block-gallery has-nested-images columns-default is-cropped wp-block-gallery-1 is-layout-flex wp-block-gallery-is-layout-flex\">\n<figure class=\"wp-block-image size-large\"><img loading=\"lazy\" decoding=\"async\" width=\"683\" height=\"1024\" data-id=\"10403\" src=\"https:\/\/endorfeen.com\/wp-content\/uploads\/2023\/03\/FWT22_BAQUIERA_BERET_JBERNARD_1B8A8241-683x1024.jpg\" alt=\" class=\" class=\"wp-image-10403\" srcset=\"https:\/\/endorfeen.com\/wp-content\/uploads\/2023\/03\/FWT22_BAQUIERA_BERET_JBERNARD_1B8A8241-200x300.jpg 200w, https:\/\/endorfeen.com\/wp-content\/uploads\/2023\/03\/FWT22_BAQUIERA_BERET_JBERNARD_1B8A8241-683x1024.jpg 683w, https:\/\/endorfeen.com\/wp-content\/uploads\/2023\/03\/FWT22_BAQUIERA_BERET_JBERNARD_1B8A8241-768x1152.jpg 768w, https:\/\/endorfeen.com\/wp-content\/uploads\/2023\/03\/FWT22_BAQUIERA_BERET_JBERNARD_1B8A8241-1024x1536.jpg 1024w, https:\/\/endorfeen.com\/wp-content\/uploads\/2023\/03\/FWT22_BAQUIERA_BERET_JBERNARD_1B8A8241.jpg 1366w\" sizes=\"auto, (max-width: 683px) 100vw, 683px\" \/><figcaption class=\"wp-element-caption\">\u00a9 Freeride World Tour \/ Jeremy Bernard<\/figcaption><\/figure>\n\n\n\n<figure class=\"wp-block-image size-large\"><img loading=\"lazy\" decoding=\"async\" width=\"1024\" height=\"683\" data-id=\"10401\" src=\"https:\/\/endorfeen.com\/wp-content\/uploads\/2023\/03\/FWT23_ORDINO_JBERNARD_7829-1024x683.jpg\" alt=\" class=\" class=\"wp-image-10401\" srcset=\"https:\/\/endorfeen.com\/wp-content\/uploads\/2023\/03\/FWT23_ORDINO_JBERNARD_7829-300x200.jpg 300w, https:\/\/endorfeen.com\/wp-content\/uploads\/2023\/03\/FWT23_ORDINO_JBERNARD_7829-600x400.jpg 600w, https:\/\/endorfeen.com\/wp-content\/uploads\/2023\/03\/FWT23_ORDINO_JBERNARD_7829-768x512.jpg 768w, https:\/\/endorfeen.com\/wp-content\/uploads\/2023\/03\/FWT23_ORDINO_JBERNARD_7829-1024x683.jpg 1024w, https:\/\/endorfeen.com\/wp-content\/uploads\/2023\/03\/FWT23_ORDINO_JBERNARD_7829-1536x1024.jpg 1536w, https:\/\/endorfeen.com\/wp-content\/uploads\/2023\/03\/FWT23_ORDINO_JBERNARD_7829.jpg 1680w\" sizes=\"auto, (max-width: 1024px) 100vw, 1024px\" \/><figcaption class=\"wp-element-caption\">\u00a9 Freeride World Tour \/ Jeremy Bernard<\/figcaption><\/figure>\n\n\n\n<figure class=\"wp-block-image size-large\"><img loading=\"lazy\" decoding=\"async\" width=\"1024\" height=\"683\" data-id=\"10399\" src=\"https:\/\/endorfeen.com\/wp-content\/uploads\/2023\/03\/FWT22_VERBIER_CLEDERER_T5A6252-1024x683.jpg\" alt=\" class=\" class=\"wp-image-10399\" srcset=\"https:\/\/endorfeen.com\/wp-content\/uploads\/2023\/03\/FWT22_VERBIER_CLEDERER_T5A6252-300x200.jpg 300w, https:\/\/endorfeen.com\/wp-content\/uploads\/2023\/03\/FWT22_VERBIER_CLEDERER_T5A6252-600x400.jpg 600w, https:\/\/endorfeen.com\/wp-content\/uploads\/2023\/03\/FWT22_VERBIER_CLEDERER_T5A6252-768x512.jpg 768w, https:\/\/endorfeen.com\/wp-content\/uploads\/2023\/03\/FWT22_VERBIER_CLEDERER_T5A6252-1024x683.jpg 1024w, https:\/\/endorfeen.com\/wp-content\/uploads\/2023\/03\/FWT22_VERBIER_CLEDERER_T5A6252-1536x1024.jpg 1536w, https:\/\/endorfeen.com\/wp-content\/uploads\/2023\/03\/FWT22_VERBIER_CLEDERER_T5A6252.jpg 1680w\" sizes=\"auto, (max-width: 1024px) 100vw, 1024px\" \/><figcaption class=\"wp-element-caption\">\u00a9 Freeride World Tour \/ Jeremy Bernard<\/figcaption><\/figure>\n\n\n\n<figure class=\"wp-block-image size-large\"><img loading=\"lazy\" decoding=\"async\" width=\"683\" height=\"1024\" data-id=\"10397\" src=\"https:\/\/endorfeen.com\/wp-content\/uploads\/2023\/03\/FWT22_VERBIER_CLEDERER_T5A5891-683x1024.jpg\" alt=\"FWT23 XTREME Verbier\" class=\"wp-image-10397\" srcset=\"https:\/\/endorfeen.com\/wp-content\/uploads\/2023\/03\/FWT22_VERBIER_CLEDERER_T5A5891-200x300.jpg 200w, https:\/\/endorfeen.com\/wp-content\/uploads\/2023\/03\/FWT22_VERBIER_CLEDERER_T5A5891-683x1024.jpg 683w, https:\/\/endorfeen.com\/wp-content\/uploads\/2023\/03\/FWT22_VERBIER_CLEDERER_T5A5891-768x1152.jpg 768w, https:\/\/endorfeen.com\/wp-content\/uploads\/2023\/03\/FWT22_VERBIER_CLEDERER_T5A5891-1024x1536.jpg 1024w, https:\/\/endorfeen.com\/wp-content\/uploads\/2023\/03\/FWT22_VERBIER_CLEDERER_T5A5891.jpg 1365w\" sizes=\"auto, (max-width: 683px) 100vw, 683px\" \/><figcaption class=\"wp-element-caption\">\u00a9 Freeride World Tour \/ Jeremy Bernard<\/figcaption><\/figure>\n<\/figure>\n\n\n\n<h3 class=\"wp-block-heading\" id=\"h-neige-fraiche-et-conditions-parfaites-pour-la-grande-finale-a-fwt23-xtreme-verbier\">Neige fra\u00eeche et conditions parfaites pour la grande finale \u00e0 FWT23 Xtreme Verbier<\/h3>\n\n\n\n<p>Le Bec des Rosses est maintenant recouvert d&rsquo;une couche fra\u00eeche de neige, gr\u00e2ce aux r\u00e9centes chutes de neige qui ont cr\u00e9\u00e9 des conditions id\u00e9ales pour un affrontement final \u00e9pique.<\/p>\n\n\n\n<p>La fen\u00eatre m\u00e9t\u00e9orologique pour l&rsquo;\u00e9v\u00e9nement s&rsquo;\u00e9tend du 25 mars au 2 avril, offrant un temps suffisant pour une comp\u00e9tition s\u00fbre et inoubliable dans des conditions optimales.<\/p>\n\n\n\n<h3 class=\"wp-block-heading\" id=\"h-athletes-bourdonnants-et-competition-feroce\">Athl\u00e8tes bourdonnants et comp\u00e9tition f\u00e9roce<\/h3>\n\n\n\n<p>Les athl\u00e8tes sont pleins d&rsquo;excitation suite \u00e0 une comp\u00e9tition remarquable en Autriche. Les classements finaux et le tr\u00e8s convoit\u00e9 titre mondial FWT seront d\u00e9termin\u00e9s par les trois meilleurs r\u00e9sultats de chaque coureur, leur permettant de jeter leurs deux plus faibles scores.<\/p>\n\n\n\n<p>Katie Anderson (CAN) a d\u00e9j\u00e0 triomph\u00e9 dans la cat\u00e9gorie des femmes de snowboard, alors que les autres disciplines restent serr\u00e9es. Dans le snowboard masculin, Ludovic Guillot-Diat (FRA) conserve une l\u00e9g\u00e8re avance sur Jonathan Penfield (USA), alors que Justine Dufour-Lapointe (CAN) vise \u00e0 s\u00e9curiser le deuxi\u00e8me titre de champion du monde pour le Canada dans la cat\u00e9gorie des femmes de ski.<\/p>\n\n\n\n<p>La cat\u00e9gorie des hommes de ski est particuli\u00e8rement serr\u00e9e, avec Valentin Rainer (AUT) juste devant un groupe d\u00e9termin\u00e9 d&rsquo;athl\u00e8tes, dont le champion du monde en titre Maxime Chabloz (SUI) et le candidat tardif Andrew Pollard (USA).<\/p>\n\n\n\n<h3 class=\"wp-block-heading\" id=\"h-jokers-prets-a-secouer-les-choses\">Jokers pr\u00eats \u00e0 secouer les choses<\/h3>\n\n\n\n<p>Cinq participants wildcard, chacun avec leur propre histoire sur le Bec, rejoindront le roster d\u00e9j\u00e0 impressionnant et sans aucun doute d\u00e9fieront les concurrents r\u00e9guliers.<\/p>\n\n\n\n<p>Ancien champion du monde FWT et vainqueur de Xtreme Verbier 2021 Victor De Le Rue (FRA) est pr\u00eat \u00e0 faire son retour tr\u00e8s attendu apr\u00e8s sa r\u00e9cup\u00e9ration d&rsquo;une blessure. La rider locale de Verbier Sybille Blanjean (SUI) sera \u00e9galement de retour pour d\u00e9fendre son titre de Xtreme Verbier, tandis que Leo Slemett (FRA) de Chamonix revient pour prouver qu&rsquo;il est toujours une force \u00e0 prendre en compte. Reine Barkered (SWE), le plus ancien athl\u00e8te FWT avec 15 ans sur la tourn\u00e9e, va tenter une derni\u00e8re fois d&rsquo;ajouter plus d&rsquo;accolades \u00e0 sa collection.<\/p>\n\n\n\n<p>Enfin, Marion Haerty (FRA), l&rsquo;une des plus grandes riders de l&rsquo;histoire de FWT avec un incroyable quatre titres mondiaux, fera son retour apr\u00e8s une blessure et visera un autre podium.<\/p>\n\n\n\n<h3 class=\"wp-block-heading\" id=\"h-attrapez-toute-l-action-en-direct\">Attrapez toute l&rsquo;action EN DIRECT !<\/h3>\n\n\n\n<p>Ne manquez pas un instant du YETI Xtreme Verbier, qui sera diffus\u00e9 EN DIRECT sur le site Web de <a href=\"https:\/\/endorfeen.com\/the-freeride-world-tour\/\">Freeride World Tour<\/a> \u00e0 l&rsquo;adresse <a href=\"http:\/\/www.freerideworldtour.com\/\">www.freerideworldtour.com<\/a>. Avec des options de rediffusion conviviales, vous pouvez profiter de chaque moment \u00e9poustouflant. En attendant, suivez les cha\u00eenes de m\u00e9dias sociaux de la FWT pour les mises \u00e0 jour et les nouvelles des athl\u00e8tes alors que le d\u00e9compte de la saison continue.<\/p>\n","protected":false},"excerpt":{"rendered":"<p>Une salle l\u00e9gendaire pour le FWT23 Xtreme Verbier FWT23 Xtreme Verbier &#8211; Le point culminant tr\u00e8s attendu de la saison FWT23 approche \u00e0 grands pas, alors que des athl\u00e8tes de classe mondiale peaufinent leurs strat\u00e9gies pour la comp\u00e9tition de freeride la plus renomm\u00e9e au monde : le YETI Xtreme Verbier. Comme toujours, l&rsquo;\u00e9v\u00e9nement se d\u00e9roule &hellip;<\/p>\n","protected":false},"author":30,"featured_media":10396,"comment_status":"closed","ping_status":"closed","sticky":false,"template":"","format":"standard","meta":{"_acf_changed":false,"_genesis_hide_title":false,"_genesis_hide_breadcrumbs":false,"_genesis_hide_singular_image":false,"_genesis_hide_footer_widgets":false,"_genesis_custom_body_class":"","_genesis_custom_post_class":"","_genesis_layout":"","footnotes":""},"categories":[170],"tags":[162,638,615,730],"sponsor":[1087],"class_list":{"2":"type-post","7":"category-aventures","8":"tag-freeride-fr","9":"tag-freerideworldtour-fr","10":"tag-fwt23-fr","11":"tag-verbier-fr","12":"sponsor-endorfeen","13":"entry"},"yoast_head":"<!-- This site is optimized with the Yoast SEO Premium plugin v26.2 (Yoast SEO v26.2) - https:\/\/yoast.com\/wordpress\/plugins\/seo\/ -->\n<title>FWT23 Grand Finale \u00e0 YETI Xtreme Verbier : Le Showdown Ultime Arrive - endorfeen<\/title>\n<meta name=\"description\" content=\"FWT23 Xtreme Verbier : FWT23 Xtreme Verbier - Le point culminant tr\u00e8s attendu de la saison FWT23 approche \u00e0 grands pas, alors que des...\" \/>\n<meta name=\"robots\" content=\"index, follow, max-snippet:-1, max-image-preview:large, max-video-preview:-1\" \/>\n<link rel=\"canonical\" href=\"https:\/\/endorfeen.com\/fr\/fwt23-grand-finale-a-yeti-xtreme-verbier-le-showdown-ultime-arrive\/\" \/>\n<meta property=\"og:locale\" content=\"fr_FR\" \/>\n<meta property=\"og:type\" content=\"article\" \/>\n<meta property=\"og:title\" content=\"FWT23 Grand Finale \u00e0 YETI Xtreme Verbier : Le Showdown Ultime Arrive\" \/>\n<meta property=\"og:description\" content=\"FWT23 Xtreme Verbier : FWT23 Xtreme Verbier - Le point culminant tr\u00e8s attendu de la saison FWT23 approche \u00e0 grands pas, alors que des...\" \/>\n<meta property=\"og:url\" content=\"https:\/\/endorfeen.com\/fr\/fwt23-grand-finale-a-yeti-xtreme-verbier-le-showdown-ultime-arrive\/\" \/>\n<meta property=\"og:site_name\" content=\"endorfeen\" \/>\n<meta property=\"article:author\" content=\"http:\/\/www.facebook.com\/endorfeen-583261049007200\" \/>\n<meta property=\"article:published_time\" content=\"2023-03-20T16:37:46+00:00\" \/>\n<meta property=\"article:modified_time\" content=\"2023-08-18T10:01:59+00:00\" \/>\n<meta property=\"og:image\" content=\"https:\/\/endorfeen.com\/wp-content\/uploads\/2023\/03\/FWT22_VERBIER_JBERNARD_1B8A9919-1.jpg\" \/>\n\t<meta property=\"og:image:width\" content=\"1680\" \/>\n\t<meta property=\"og:image:height\" content=\"1120\" \/>\n\t<meta property=\"og:image:type\" content=\"image\/jpeg\" \/>\n<meta name=\"author\" content=\"Thomas Viguier\" \/>\n<meta name=\"twitter:card\" content=\"summary_large_image\" \/>\n<meta name=\"twitter:creator\" content=\"@https:\/\/twitter.com\/endorfeen_\" \/>\n<meta name=\"twitter:label1\" content=\"\u00c9crit par\" \/>\n\t<meta name=\"twitter:data1\" content=\"Thomas Viguier\" \/>\n\t<meta name=\"twitter:label2\" content=\"Dur\u00e9e de lecture estim\u00e9e\" \/>\n\t<meta name=\"twitter:data2\" content=\"4 minutes\" \/>\n<script type=\"application\/ld+json\" class=\"yoast-schema-graph\">{\"@context\":\"https:\/\/schema.org\",\"@graph\":[{\"@type\":\"Article\",\"@id\":\"https:\/\/endorfeen.com\/fr\/fwt23-grand-finale-a-yeti-xtreme-verbier-le-showdown-ultime-arrive\/#article\",\"isPartOf\":{\"@id\":\"https:\/\/endorfeen.com\/fr\/fwt23-grand-finale-a-yeti-xtreme-verbier-le-showdown-ultime-arrive\/\"},\"author\":{\"name\":\"Thomas Viguier\",\"@id\":\"https:\/\/endorfeen.com\/fr\/#\/schema\/person\/76a61f8eb41d36fffdec1b376fcf19aa\"},\"headline\":\"FWT23 Grand Finale \u00e0 YETI Xtreme Verbier : Le Showdown Ultime Arrive\",\"datePublished\":\"2023-03-20T16:37:46+00:00\",\"dateModified\":\"2023-08-18T10:01:59+00:00\",\"mainEntityOfPage\":{\"@id\":\"https:\/\/endorfeen.com\/fr\/fwt23-grand-finale-a-yeti-xtreme-verbier-le-showdown-ultime-arrive\/\"},\"wordCount\":646,\"publisher\":{\"@id\":\"https:\/\/endorfeen.com\/fr\/#organization\"},\"image\":{\"@id\":\"https:\/\/endorfeen.com\/fr\/fwt23-grand-finale-a-yeti-xtreme-verbier-le-showdown-ultime-arrive\/#primaryimage\"},\"thumbnailUrl\":\"https:\/\/endorfeen.com\/wp-content\/uploads\/2023\/03\/FWT22_VERBIER_JBERNARD_1B8A9919-1.jpg\",\"keywords\":[\"#freeride\",\"#freerideworldtour\",\"#FWT23\",\"#Verbier\"],\"articleSection\":[\"Aventures\"],\"inLanguage\":\"fr-FR\"},{\"@type\":\"WebPage\",\"@id\":\"https:\/\/endorfeen.com\/fr\/fwt23-grand-finale-a-yeti-xtreme-verbier-le-showdown-ultime-arrive\/\",\"url\":\"https:\/\/endorfeen.com\/fr\/fwt23-grand-finale-a-yeti-xtreme-verbier-le-showdown-ultime-arrive\/\",\"name\":\"FWT23 Grand Finale \u00e0 YETI Xtreme Verbier : Le Showdown Ultime Arrive - endorfeen\",\"isPartOf\":{\"@id\":\"https:\/\/endorfeen.com\/fr\/#website\"},\"primaryImageOfPage\":{\"@id\":\"https:\/\/endorfeen.com\/fr\/fwt23-grand-finale-a-yeti-xtreme-verbier-le-showdown-ultime-arrive\/#primaryimage\"},\"image\":{\"@id\":\"https:\/\/endorfeen.com\/fr\/fwt23-grand-finale-a-yeti-xtreme-verbier-le-showdown-ultime-arrive\/#primaryimage\"},\"thumbnailUrl\":\"https:\/\/endorfeen.com\/wp-content\/uploads\/2023\/03\/FWT22_VERBIER_JBERNARD_1B8A9919-1.jpg\",\"datePublished\":\"2023-03-20T16:37:46+00:00\",\"dateModified\":\"2023-08-18T10:01:59+00:00\",\"description\":\"FWT23 Xtreme Verbier : FWT23 Xtreme Verbier - Le point culminant tr\u00e8s attendu de la saison FWT23 approche \u00e0 grands pas, alors que des...\",\"breadcrumb\":{\"@id\":\"https:\/\/endorfeen.com\/fr\/fwt23-grand-finale-a-yeti-xtreme-verbier-le-showdown-ultime-arrive\/#breadcrumb\"},\"inLanguage\":\"fr-FR\",\"potentialAction\":[{\"@type\":\"ReadAction\",\"target\":[\"https:\/\/endorfeen.com\/fr\/fwt23-grand-finale-a-yeti-xtreme-verbier-le-showdown-ultime-arrive\/\"]}]},{\"@type\":\"ImageObject\",\"inLanguage\":\"fr-FR\",\"@id\":\"https:\/\/endorfeen.com\/fr\/fwt23-grand-finale-a-yeti-xtreme-verbier-le-showdown-ultime-arrive\/#primaryimage\",\"url\":\"https:\/\/endorfeen.com\/wp-content\/uploads\/2023\/03\/FWT22_VERBIER_JBERNARD_1B8A9919-1.jpg\",\"contentUrl\":\"https:\/\/endorfeen.com\/wp-content\/uploads\/2023\/03\/FWT22_VERBIER_JBERNARD_1B8A9919-1.jpg\",\"width\":1680,\"height\":1120,\"caption\":\"\u00a9 Freeride World Tour \/ Jeremy Bernard\"},{\"@type\":\"BreadcrumbList\",\"@id\":\"https:\/\/endorfeen.com\/fr\/fwt23-grand-finale-a-yeti-xtreme-verbier-le-showdown-ultime-arrive\/#breadcrumb\",\"itemListElement\":[{\"@type\":\"ListItem\",\"position\":1,\"name\":\"Home\",\"item\":\"https:\/\/endorfeen.com\/fr\/\"},{\"@type\":\"ListItem\",\"position\":2,\"name\":\"FWT23 Grand Finale \u00e0 YETI Xtreme Verbier : Le Showdown Ultime Arrive\"}]},{\"@type\":\"WebSite\",\"@id\":\"https:\/\/endorfeen.com\/fr\/#website\",\"url\":\"https:\/\/endorfeen.com\/fr\/\",\"name\":\"endorfeen\",\"description\":\"The Media For Sustainable Outdoors.\",\"publisher\":{\"@id\":\"https:\/\/endorfeen.com\/fr\/#organization\"},\"potentialAction\":[{\"@type\":\"SearchAction\",\"target\":{\"@type\":\"EntryPoint\",\"urlTemplate\":\"https:\/\/endorfeen.com\/fr\/?s={search_term_string}\"},\"query-input\":{\"@type\":\"PropertyValueSpecification\",\"valueRequired\":true,\"valueName\":\"search_term_string\"}}],\"inLanguage\":\"fr-FR\"},{\"@type\":\"Organization\",\"@id\":\"https:\/\/endorfeen.com\/fr\/#organization\",\"name\":\"endorfeen\",\"url\":\"https:\/\/endorfeen.com\/fr\/\",\"logo\":{\"@type\":\"ImageObject\",\"inLanguage\":\"fr-FR\",\"@id\":\"https:\/\/endorfeen.com\/fr\/#\/schema\/logo\/image\/\",\"url\":\"https:\/\/endorfeen.com\/wp-content\/uploads\/2022\/06\/Circle-endorfeen-site-icon-circled-1000-x-1000-300psi.png\",\"contentUrl\":\"https:\/\/endorfeen.com\/wp-content\/uploads\/2022\/06\/Circle-endorfeen-site-icon-circled-1000-x-1000-300psi.png\",\"width\":1000,\"height\":1000,\"caption\":\"endorfeen\"},\"image\":{\"@id\":\"https:\/\/endorfeen.com\/fr\/#\/schema\/logo\/image\/\"}},{\"@type\":\"Person\",\"@id\":\"https:\/\/endorfeen.com\/fr\/#\/schema\/person\/76a61f8eb41d36fffdec1b376fcf19aa\",\"name\":\"Thomas Viguier\",\"image\":{\"@type\":\"ImageObject\",\"inLanguage\":\"fr-FR\",\"@id\":\"https:\/\/endorfeen.com\/fr\/#\/schema\/person\/image\/\",\"url\":\"https:\/\/secure.gravatar.com\/avatar\/3c24e541f6f82c052219429c60a8948b1c9ad8eda6daf26af0a100594146ab1a?s=96&d=mm&r=g\",\"contentUrl\":\"https:\/\/secure.gravatar.com\/avatar\/3c24e541f6f82c052219429c60a8948b1c9ad8eda6daf26af0a100594146ab1a?s=96&d=mm&r=g\",\"caption\":\"Thomas Viguier\"},\"description\":\"Everyone has a story to tell. endorfeen is built as a collaborative platform, giving the voice to anyone with a story to tell. If you have things you want to share, register here.\",\"sameAs\":[\"https:\/\/www.endorfeen.com\/\",\"http:\/\/www.facebook.com\/endorfeen-583261049007200\",\"http:\/\/www.instagram.com\/endorfeen_\/\",\"https:\/\/fi.pinterest.com\/endorfeen_\/\",\"https:\/\/x.com\/https:\/\/twitter.com\/endorfeen_\"],\"url\":\"https:\/\/endorfeen.com\/fr\/linkto\/endorfeen-mag\/\"}]}<\/script>\n<!-- \/ Yoast SEO Premium plugin. -->","yoast_head_json":{"title":"FWT23 Grand Finale \u00e0 YETI Xtreme Verbier : Le Showdown Ultime Arrive - endorfeen","description":"FWT23 Xtreme Verbier : FWT23 Xtreme Verbier - Le point culminant tr\u00e8s attendu de la saison FWT23 approche \u00e0 grands pas, alors que des...","robots":{"index":"index","follow":"follow","max-snippet":"max-snippet:-1","max-image-preview":"max-image-preview:large","max-video-preview":"max-video-preview:-1"},"canonical":"https:\/\/endorfeen.com\/fr\/fwt23-grand-finale-a-yeti-xtreme-verbier-le-showdown-ultime-arrive\/","og_locale":"fr_FR","og_type":"article","og_title":"FWT23 Grand Finale \u00e0 YETI Xtreme Verbier : Le Showdown Ultime Arrive","og_description":"FWT23 Xtreme Verbier : FWT23 Xtreme Verbier - Le point culminant tr\u00e8s attendu de la saison FWT23 approche \u00e0 grands pas, alors que des...","og_url":"https:\/\/endorfeen.com\/fr\/fwt23-grand-finale-a-yeti-xtreme-verbier-le-showdown-ultime-arrive\/","og_site_name":"endorfeen","article_author":"http:\/\/www.facebook.com\/endorfeen-583261049007200","article_published_time":"2023-03-20T16:37:46+00:00","article_modified_time":"2023-08-18T10:01:59+00:00","og_image":[{"width":1680,"height":1120,"url":"https:\/\/endorfeen.com\/wp-content\/uploads\/2023\/03\/FWT22_VERBIER_JBERNARD_1B8A9919-1.jpg","type":"image\/jpeg"}],"author":"Thomas Viguier","twitter_card":"summary_large_image","twitter_creator":"@https:\/\/twitter.com\/endorfeen_","twitter_misc":{"\u00c9crit par":"Thomas Viguier","Dur\u00e9e de lecture estim\u00e9e":"4 minutes"},"schema":{"@context":"https:\/\/schema.org","@graph":[{"@type":"Article","@id":"https:\/\/endorfeen.com\/fr\/fwt23-grand-finale-a-yeti-xtreme-verbier-le-showdown-ultime-arrive\/#article","isPartOf":{"@id":"https:\/\/endorfeen.com\/fr\/fwt23-grand-finale-a-yeti-xtreme-verbier-le-showdown-ultime-arrive\/"},"author":{"name":"Thomas Viguier","@id":"https:\/\/endorfeen.com\/fr\/#\/schema\/person\/76a61f8eb41d36fffdec1b376fcf19aa"},"headline":"FWT23 Grand Finale \u00e0 YETI Xtreme Verbier : Le Showdown Ultime Arrive","datePublished":"2023-03-20T16:37:46+00:00","dateModified":"2023-08-18T10:01:59+00:00","mainEntityOfPage":{"@id":"https:\/\/endorfeen.com\/fr\/fwt23-grand-finale-a-yeti-xtreme-verbier-le-showdown-ultime-arrive\/"},"wordCount":646,"publisher":{"@id":"https:\/\/endorfeen.com\/fr\/#organization"},"image":{"@id":"https:\/\/endorfeen.com\/fr\/fwt23-grand-finale-a-yeti-xtreme-verbier-le-showdown-ultime-arrive\/#primaryimage"},"thumbnailUrl":"https:\/\/endorfeen.com\/wp-content\/uploads\/2023\/03\/FWT22_VERBIER_JBERNARD_1B8A9919-1.jpg","keywords":["#freeride","#freerideworldtour","#FWT23","#Verbier"],"articleSection":["Aventures"],"inLanguage":"fr-FR"},{"@type":"WebPage","@id":"https:\/\/endorfeen.com\/fr\/fwt23-grand-finale-a-yeti-xtreme-verbier-le-showdown-ultime-arrive\/","url":"https:\/\/endorfeen.com\/fr\/fwt23-grand-finale-a-yeti-xtreme-verbier-le-showdown-ultime-arrive\/","name":"FWT23 Grand Finale \u00e0 YETI Xtreme Verbier : Le Showdown Ultime Arrive - endorfeen","isPartOf":{"@id":"https:\/\/endorfeen.com\/fr\/#website"},"primaryImageOfPage":{"@id":"https:\/\/endorfeen.com\/fr\/fwt23-grand-finale-a-yeti-xtreme-verbier-le-showdown-ultime-arrive\/#primaryimage"},"image":{"@id":"https:\/\/endorfeen.com\/fr\/fwt23-grand-finale-a-yeti-xtreme-verbier-le-showdown-ultime-arrive\/#primaryimage"},"thumbnailUrl":"https:\/\/endorfeen.com\/wp-content\/uploads\/2023\/03\/FWT22_VERBIER_JBERNARD_1B8A9919-1.jpg","datePublished":"2023-03-20T16:37:46+00:00","dateModified":"2023-08-18T10:01:59+00:00","description":"FWT23 Xtreme Verbier : FWT23 Xtreme Verbier - Le point culminant tr\u00e8s attendu de la saison FWT23 approche \u00e0 grands pas, alors que des...","breadcrumb":{"@id":"https:\/\/endorfeen.com\/fr\/fwt23-grand-finale-a-yeti-xtreme-verbier-le-showdown-ultime-arrive\/#breadcrumb"},"inLanguage":"fr-FR","potentialAction":[{"@type":"ReadAction","target":["https:\/\/endorfeen.com\/fr\/fwt23-grand-finale-a-yeti-xtreme-verbier-le-showdown-ultime-arrive\/"]}]},{"@type":"ImageObject","inLanguage":"fr-FR","@id":"https:\/\/endorfeen.com\/fr\/fwt23-grand-finale-a-yeti-xtreme-verbier-le-showdown-ultime-arrive\/#primaryimage","url":"https:\/\/endorfeen.com\/wp-content\/uploads\/2023\/03\/FWT22_VERBIER_JBERNARD_1B8A9919-1.jpg","contentUrl":"https:\/\/endorfeen.com\/wp-content\/uploads\/2023\/03\/FWT22_VERBIER_JBERNARD_1B8A9919-1.jpg","width":1680,"height":1120,"caption":"\u00a9 Freeride World Tour \/ Jeremy Bernard"},{"@type":"BreadcrumbList","@id":"https:\/\/endorfeen.com\/fr\/fwt23-grand-finale-a-yeti-xtreme-verbier-le-showdown-ultime-arrive\/#breadcrumb","itemListElement":[{"@type":"ListItem","position":1,"name":"Home","item":"https:\/\/endorfeen.com\/fr\/"},{"@type":"ListItem","position":2,"name":"FWT23 Grand Finale \u00e0 YETI Xtreme Verbier : Le Showdown Ultime Arrive"}]},{"@type":"WebSite","@id":"https:\/\/endorfeen.com\/fr\/#website","url":"https:\/\/endorfeen.com\/fr\/","name":"endorfeen","description":"The Media For Sustainable Outdoors.","publisher":{"@id":"https:\/\/endorfeen.com\/fr\/#organization"},"potentialAction":[{"@type":"SearchAction","target":{"@type":"EntryPoint","urlTemplate":"https:\/\/endorfeen.com\/fr\/?s={search_term_string}"},"query-input":{"@type":"PropertyValueSpecification","valueRequired":true,"valueName":"search_term_string"}}],"inLanguage":"fr-FR"},{"@type":"Organization","@id":"https:\/\/endorfeen.com\/fr\/#organization","name":"endorfeen","url":"https:\/\/endorfeen.com\/fr\/","logo":{"@type":"ImageObject","inLanguage":"fr-FR","@id":"https:\/\/endorfeen.com\/fr\/#\/schema\/logo\/image\/","url":"https:\/\/endorfeen.com\/wp-content\/uploads\/2022\/06\/Circle-endorfeen-site-icon-circled-1000-x-1000-300psi.png","contentUrl":"https:\/\/endorfeen.com\/wp-content\/uploads\/2022\/06\/Circle-endorfeen-site-icon-circled-1000-x-1000-300psi.png","width":1000,"height":1000,"caption":"endorfeen"},"image":{"@id":"https:\/\/endorfeen.com\/fr\/#\/schema\/logo\/image\/"}},{"@type":"Person","@id":"https:\/\/endorfeen.com\/fr\/#\/schema\/person\/76a61f8eb41d36fffdec1b376fcf19aa","name":"Thomas Viguier","image":{"@type":"ImageObject","inLanguage":"fr-FR","@id":"https:\/\/endorfeen.com\/fr\/#\/schema\/person\/image\/","url":"https:\/\/secure.gravatar.com\/avatar\/3c24e541f6f82c052219429c60a8948b1c9ad8eda6daf26af0a100594146ab1a?s=96&d=mm&r=g","contentUrl":"https:\/\/secure.gravatar.com\/avatar\/3c24e541f6f82c052219429c60a8948b1c9ad8eda6daf26af0a100594146ab1a?s=96&d=mm&r=g","caption":"Thomas Viguier"},"description":"Everyone has a story to tell. endorfeen is built as a collaborative platform, giving the voice to anyone with a story to tell. If you have things you want to share, register here.","sameAs":["https:\/\/www.endorfeen.com\/","http:\/\/www.facebook.com\/endorfeen-583261049007200","http:\/\/www.instagram.com\/endorfeen_\/","https:\/\/fi.pinterest.com\/endorfeen_\/","https:\/\/x.com\/https:\/\/twitter.com\/endorfeen_"],"url":"https:\/\/endorfeen.com\/fr\/linkto\/endorfeen-mag\/"}]}},"featured_image_src":"https:\/\/endorfeen.com\/wp-content\/uploads\/2023\/03\/FWT22_VERBIER_JBERNARD_1B8A9919-1-600x400.jpg","featured_image_src_square":"https:\/\/endorfeen.com\/wp-content\/uploads\/2023\/03\/FWT22_VERBIER_JBERNARD_1B8A9919-1-600x600.jpg","author_info":{"display_name":"Thomas Viguier","author_link":"https:\/\/endorfeen.com\/fr\/linkto\/endorfeen-mag\/"},"acf":[],"_links":{"self":[{"href":"https:\/\/endorfeen.com\/fr\/wp-json\/wp\/v2\/posts\/10409","targetHints":{"allow":["GET"]}}],"collection":[{"href":"https:\/\/endorfeen.com\/fr\/wp-json\/wp\/v2\/posts"}],"about":[{"href":"https:\/\/endorfeen.com\/fr\/wp-json\/wp\/v2\/types\/post"}],"author":[{"embeddable":true,"href":"https:\/\/endorfeen.com\/fr\/wp-json\/wp\/v2\/users\/30"}],"replies":[{"embeddable":true,"href":"https:\/\/endorfeen.com\/fr\/wp-json\/wp\/v2\/comments?post=10409"}],"version-history":[{"count":0,"href":"https:\/\/endorfeen.com\/fr\/wp-json\/wp\/v2\/posts\/10409\/revisions"}],"wp:featuredmedia":[{"embeddable":true,"href":"https:\/\/endorfeen.com\/fr\/wp-json\/wp\/v2\/media\/10396"}],"wp:attachment":[{"href":"https:\/\/endorfeen.com\/fr\/wp-json\/wp\/v2\/media?parent=10409"}],"wp:term":[{"taxonomy":"category","embeddable":true,"href":"https:\/\/endorfeen.com\/fr\/wp-json\/wp\/v2\/categories?post=10409"},{"taxonomy":"post_tag","embeddable":true,"href":"https:\/\/endorfeen.com\/fr\/wp-json\/wp\/v2\/tags?post=10409"},{"taxonomy":"sponsor","embeddable":true,"href":"https:\/\/endorfeen.com\/fr\/wp-json\/wp\/v2\/sponsor?post=10409"}],"curies":[{"name":"wp","href":"https:\/\/api.w.org\/{rel}","templated":true}]}}