{"id":10263,"date":"2023-03-12T15:18:04","date_gmt":"2023-03-12T15:18:04","guid":{"rendered":"https:\/\/endorfeen.com\/?p=10263"},"modified":"2023-08-18T11:02:06","modified_gmt":"2023-08-18T10:02:06","slug":"pierra-menta-2023-d4-derniere-etape","status":"publish","type":"post","link":"https:\/\/endorfeen.com\/fr\/pierra-menta-2023-d4-derniere-etape\/","title":{"rendered":"Pierra Menta 2023 J4 &#8211; Derni\u00e8re \u00e9tape"},"content":{"rendered":"\n<p>Pierra Menta 2023 D4 &#8211; La 37e \u00e9dition de <a href=\"https:\/\/endorfeen.com\/fr\/la-pierra-menta-legende-et-defi-du-ski-alpinisme\/\">la Pierra Menta<\/a> a pris fin avec succ\u00e8s malgr\u00e9 une \u00e9tape annul\u00e9e la veille en raison des conditions m\u00e9t\u00e9orologiques impr\u00e9visibles. <\/p>\n\n\n\n<p>La course de ski-alpinisme s&rsquo;est d\u00e9roul\u00e9e comme pr\u00e9vu lors de la quatri\u00e8me journ\u00e9e, mais avec une \u00e9preuve adapt\u00e9e pour s&rsquo;adapter aux conditions m\u00e9t\u00e9orologiques toujours changeantes. Axelle Gachet-Mollaret et \u00c9mily Harrop ont remport\u00e9 la victoire sans surprise, tandis que Boscacci et Magnini ont remport\u00e9 une fois de plus la victoire devant les Ar\u00eachois et la paire \u00c9quy et Jacquemoud.<\/p>\n\n\n\n<p>Malgr\u00e9 le classement r\u00e9duit et le format modifi\u00e9, <a href=\"https:\/\/endorfeen.com\/fr\/la-pierra-menta-legende-et-defi-du-ski-alpinisme\/\">la Pierra Menta<\/a> a su pr\u00e9server son esprit d&rsquo;origine, ce qui est essentiel pour cette grande course de ski-alpinisme.<\/p>\n\n\n\n<figure class=\"wp-block-image size-large\"><img loading=\"lazy\" decoding=\"async\" width=\"1024\" height=\"683\" src=\"https:\/\/endorfeen.com\/wp-content\/uploads\/2023\/03\/jocelynchavy_pierramenta-5589-1024x683.jpg\" alt=\"\" class=\"wp-image-10266\" srcset=\"https:\/\/endorfeen.com\/wp-content\/uploads\/2023\/03\/jocelynchavy_pierramenta-5589-300x200.jpg 300w, https:\/\/endorfeen.com\/wp-content\/uploads\/2023\/03\/jocelynchavy_pierramenta-5589-600x400.jpg 600w, https:\/\/endorfeen.com\/wp-content\/uploads\/2023\/03\/jocelynchavy_pierramenta-5589-768x512.jpg 768w, https:\/\/endorfeen.com\/wp-content\/uploads\/2023\/03\/jocelynchavy_pierramenta-5589-1024x683.jpg 1024w, https:\/\/endorfeen.com\/wp-content\/uploads\/2023\/03\/jocelynchavy_pierramenta-5589-1536x1024.jpg 1536w, https:\/\/endorfeen.com\/wp-content\/uploads\/2023\/03\/jocelynchavy_pierramenta-5589-scaled.jpg 2048w\" sizes=\"auto, (max-width: 1024px) 100vw, 1024px\" \/><figcaption class=\"wp-element-caption\">Michele Boscacci Davide Magnini Pierra Menta 2023 \u00a9Jocelyn Chavy<\/figcaption><\/figure>\n\n\n\n<p>Axelle Gachet-Mollaret et \u00c9mily Harrop ont domin\u00e9 la comp\u00e9tition chez les femmes en remportant toutes les \u00e9tapes et en terminant \u00e0 la 21e place au classement g\u00e9n\u00e9ral. Les s\u0153urs L\u00e9na et Candice Bonnel ont termin\u00e9 \u00e0 la deuxi\u00e8me place, suivies des Italiennes Martina Valmassoi et Elena Nicolini. Aucune chance n&rsquo;a \u00e9t\u00e9 laiss\u00e9e \u00e0 leurs concurrentes par ces deux skieuses talentueuses.<\/p>\n\n\n\n<h3 class=\"wp-block-heading\" id=\"h-pierra-menta-2023-d4-des-problemes-de-meteo-forcant-un-ajustement\">Pierra Menta 2023 D4 &#8211; Des probl\u00e8mes de m\u00e9t\u00e9o for\u00e7ant un ajustement<\/h3>\n\n\n\n<p><a href=\"https:\/\/endorfeen.com\/fr\/pierra-menta-2023-j3-3e-etape-annulee\/\">Suite \u00e0 l&rsquo;annulation de la troisi\u00e8me \u00e9tape<\/a> en raison de la m\u00e9t\u00e9o difficile, on ne savait pas \u00e0 quoi s&rsquo;attendre pour la derni\u00e8re \u00e9tape de <a href=\"https:\/\/endorfeen.com\/fr\/la-pierra-menta-legende-et-defi-du-ski-alpinisme\/\">la Pierra Menta<\/a>. Les conditions m\u00e9t\u00e9orologiques instables et les risques d&rsquo;avalanches ont contraint l&rsquo;organisation \u00e0 proposer une \u00e9preuve diff\u00e9rente pour cette \u00e9tape. <\/p>\n\n\n\n<p>Ainsi, un sprint en contre-la-montre par \u00e9quipe sur une distance de 600 m de d\u00e9nivel\u00e9 sur le domaine skiable a \u00e9t\u00e9 organis\u00e9.<\/p>\n\n\n\n<p>Le format de la derni\u00e8re \u00e9tape de <a href=\"https:\/\/endorfeen.com\/fr\/la-pierra-menta-legende-et-defi-du-ski-alpinisme\/\">la Pierra Menta<\/a> \u00e9tait diff\u00e9rent des \u00e9ditions pr\u00e9c\u00e9dentes, avec une distance moins importante de 2 500 m\u00e8tres de d\u00e9nivel\u00e9 positif habituels. Cependant, ce format avait d\u00e9j\u00e0 \u00e9t\u00e9 utilis\u00e9 \u00e0 plusieurs reprises, notamment lors de prologues pr\u00e9c\u00e9dents. <\/p>\n\n\n\n<p>Lors du briefing du soir avant la course, l&#8217;embl\u00e9matique speaker italien Silvano Gadin a tenu \u00e0 saluer le courage des b\u00e9n\u00e9voles et du staff face aux conditions m\u00e9t\u00e9orologiques difficiles, en \u00e9voquant ses souvenirs d&rsquo;une \u00e9dition pass\u00e9e de la Mezzalama. Il a \u00e9galement d\u00e9di\u00e9 cette course du samedi \u00ab\u00a0\u00e0 la jeunesse\u00a0\u00bb, qui devait initialement commencer le vendredi. Cette derni\u00e8re \u00e9tape esp\u00e9rait ainsi apaiser les esprits, ravir les jeunes et \u00e9prouver une derni\u00e8re fois les jambes des coureurs.<\/p>\n\n\n\n<h3 class=\"wp-block-heading\">Axelle Gachet-Mollaret et Emily Harrop ont domin\u00e9 la Pierra Menta et sont devenues les reines de cette comp\u00e9tition<\/h3>\n\n\n\n<p>La quatri\u00e8me et derni\u00e8re \u00e9tape de <a href=\"https:\/\/endorfeen.com\/fr\/la-pierra-menta-legende-et-defi-du-ski-alpinisme\/\">la Pierra Menta<\/a> s&rsquo;est d\u00e9roul\u00e9e samedi, malgr\u00e9 l&rsquo;annulation de la troisi\u00e8me \u00e9tape pr\u00e9vue vendredi, sur un parcours r\u00e9duit, permettant ainsi de couronner les leaders du classement provisoire.<\/p>\n\n\n\n<p>Les skieuses fran\u00e7aises Emily Harrop et Axelle Gachet-Mollaret ont \u00e9t\u00e9 les grandes dominatrices de la comp\u00e9tition chez les femmes, laissant peu de chance \u00e0 leurs concurrentes.<\/p>\n\n\n\n<figure class=\"wp-block-image size-large\"><img loading=\"lazy\" decoding=\"async\" width=\"1024\" height=\"683\" src=\"https:\/\/endorfeen.com\/wp-content\/uploads\/2023\/03\/jocelynchavy_pierramenta-6113-1024x683.jpg\" alt=\"\" class=\"wp-image-10268\" srcset=\"https:\/\/endorfeen.com\/wp-content\/uploads\/2023\/03\/jocelynchavy_pierramenta-6113-300x200.jpg 300w, https:\/\/endorfeen.com\/wp-content\/uploads\/2023\/03\/jocelynchavy_pierramenta-6113-600x400.jpg 600w, https:\/\/endorfeen.com\/wp-content\/uploads\/2023\/03\/jocelynchavy_pierramenta-6113-768x512.jpg 768w, https:\/\/endorfeen.com\/wp-content\/uploads\/2023\/03\/jocelynchavy_pierramenta-6113-1024x683.jpg 1024w, https:\/\/endorfeen.com\/wp-content\/uploads\/2023\/03\/jocelynchavy_pierramenta-6113-1536x1024.jpg 1536w, https:\/\/endorfeen.com\/wp-content\/uploads\/2023\/03\/jocelynchavy_pierramenta-6113-scaled.jpg 2048w\" sizes=\"auto, (max-width: 1024px) 100vw, 1024px\" \/><figcaption class=\"wp-element-caption\">\u00a9\ufe0f Jocelyn Chavy<\/figcaption><\/figure>\n\n\n\n<p>Il n&rsquo;y a pas vraiment eu de comp\u00e9tition chez les femmes, pour cette Pierra Menta. En raison de l&rsquo;absence de leurs principales concurrentes en Coupe du Monde (notamment les \u00e9quipes italiennes) Axelle Gachet-Mollaret et Emily Harrop, r\u00e9cemment sacr\u00e9es championnes du monde par \u00e9quipe, ont rapidement pris les devants d\u00e8s le premier round en prenant une avance de 11 minutes sur leurs poursuivantes les plus proches.<\/p>\n\n\n\n<p>Les deux skieuses ont maintenu leur domination tout au long de la comp\u00e9tition en remportant chaque \u00e9tape, y compris celle du jour, avec une avance de plus de quatre minutes sur leurs poursuivantes malgr\u00e9 le parcours r\u00e9duit de seulement 600 m\u00e8tres de d\u00e9nivel\u00e9.<\/p>\n\n\n\n<figure class=\"wp-block-image size-large\"><img loading=\"lazy\" decoding=\"async\" width=\"1024\" height=\"683\" src=\"https:\/\/endorfeen.com\/wp-content\/uploads\/2023\/03\/jocelynchavy_pierramenta-6061-1024x683.jpg\" alt=\"\" class=\"wp-image-10270\" srcset=\"https:\/\/endorfeen.com\/wp-content\/uploads\/2023\/03\/jocelynchavy_pierramenta-6061-300x200.jpg 300w, https:\/\/endorfeen.com\/wp-content\/uploads\/2023\/03\/jocelynchavy_pierramenta-6061-600x400.jpg 600w, https:\/\/endorfeen.com\/wp-content\/uploads\/2023\/03\/jocelynchavy_pierramenta-6061-768x512.jpg 768w, https:\/\/endorfeen.com\/wp-content\/uploads\/2023\/03\/jocelynchavy_pierramenta-6061-1024x683.jpg 1024w, https:\/\/endorfeen.com\/wp-content\/uploads\/2023\/03\/jocelynchavy_pierramenta-6061-1536x1024.jpg 1536w, https:\/\/endorfeen.com\/wp-content\/uploads\/2023\/03\/jocelynchavy_pierramenta-6061-scaled.jpg 2048w\" sizes=\"auto, (max-width: 1024px) 100vw, 1024px\" \/><figcaption class=\"wp-element-caption\">Elena Nicolini Martina Valmassoi &#8211; \u00a9\ufe0f Jocelyn Chavy<\/figcaption><\/figure>\n\n\n\n<p>\u00c0 l&rsquo;arriv\u00e9e, elles ont remport\u00e9 l&rsquo;or avec une avance impressionnante de 31 minutes sur un autre duo fran\u00e7ais, L\u00e9na et Candice Bonnel, et une \u00e9quipe italienne (+ 51 minutes) compos\u00e9e de Martina Valmassoi et Elena Nicolini.<\/p>\n\n\n\n<h3 class=\"wp-block-heading\">Xavier Gachet et William Bon Mardion n&rsquo;ont pas r\u00e9ussi \u00e0 se hisser suffisamment haut au classement g\u00e9n\u00e9ral<\/h3>\n\n\n\n<p>Les Italiens Michele Boscacci et Davide Magnini ont remport\u00e9 la comp\u00e9tition masculine lors de la 37e \u00e9dition de <a href=\"https:\/\/endorfeen.com\/fr\/la-pierra-menta-legende-et-defi-du-ski-alpinisme\/\">la Pierra Menta<\/a>, malgr\u00e9 les espoirs plac\u00e9s dans les skieurs locaux Xavier Gachet et William Bon Mardion, qui ont termin\u00e9 \u00e0 la cinqui\u00e8me place lors de la premi\u00e8re \u00e9tape avant de remporter deux victoires au cours des deux jours suivants. <\/p>\n\n\n\n<p>Cependant, Gachet et Bon Mardion ont d\u00e9croch\u00e9 leur cinqui\u00e8me m\u00e9daille d&rsquo;argent ensemble. Samuel \u00c9quy et Math\u00e9o Jacquemoud ont termin\u00e9 troisi\u00e8mes de mani\u00e8re r\u00e9guli\u00e8re tout au long de la comp\u00e9tition.<\/p>\n\n\n\n<figure class=\"wp-block-image size-large\"><img loading=\"lazy\" decoding=\"async\" width=\"1024\" height=\"683\" src=\"https:\/\/endorfeen.com\/wp-content\/uploads\/2023\/03\/jocelynchavy_pierramenta-6103-1024x683.jpg\" alt=\"\" class=\"wp-image-10272\" srcset=\"https:\/\/endorfeen.com\/wp-content\/uploads\/2023\/03\/jocelynchavy_pierramenta-6103-300x200.jpg 300w, https:\/\/endorfeen.com\/wp-content\/uploads\/2023\/03\/jocelynchavy_pierramenta-6103-600x400.jpg 600w, https:\/\/endorfeen.com\/wp-content\/uploads\/2023\/03\/jocelynchavy_pierramenta-6103-768x512.jpg 768w, https:\/\/endorfeen.com\/wp-content\/uploads\/2023\/03\/jocelynchavy_pierramenta-6103-1024x683.jpg 1024w, https:\/\/endorfeen.com\/wp-content\/uploads\/2023\/03\/jocelynchavy_pierramenta-6103-1536x1024.jpg 1536w, https:\/\/endorfeen.com\/wp-content\/uploads\/2023\/03\/jocelynchavy_pierramenta-6103-scaled.jpg 2048w\" sizes=\"auto, (max-width: 1024px) 100vw, 1024px\" \/><figcaption class=\"wp-element-caption\">\u00a9\ufe0f Jocelyn Chavy<\/figcaption><\/figure>\n\n\n\n<p>Une fois de plus, les locaux William Bon Mardion (d\u00e9j\u00e0 vainqueur en 2013) et Xavier Gachet ont manqu\u00e9 de peu leur chance de remporter leur premi\u00e8re Pierra Menta ensemble. <\/p>\n\n\n\n<p>Des probl\u00e8mes mat\u00e9riels lors de la premi\u00e8re \u00e9tape les ont rel\u00e9gu\u00e9s \u00e0 cinq minutes de la premi\u00e8re \u00e9quipe, alors qu&rsquo;ils \u00e9taient en t\u00eate \u00e0 mi-parcours. <\/p>\n\n\n\n<p>Malgr\u00e9 la r\u00e9duction de la derni\u00e8re \u00e9tape et l&rsquo;annulation de la troisi\u00e8me \u00e9tape, les skieurs locaux Xavier Gachet et William Bon Mardion n&rsquo;ont pas r\u00e9ussi \u00e0 rattraper l&rsquo;\u00e9quipe italienne tr\u00e8s r\u00e9guli\u00e8re compos\u00e9e de Michele Boscacci et Davide Magnini, qui ont remport\u00e9 respectivement leur quatri\u00e8me et deuxi\u00e8me victoires lors de cette comp\u00e9tition.<\/p>\n\n\n\n<p>Les deux skieurs de l&rsquo;Ar\u00eache ont remport\u00e9 la deuxi\u00e8me place une fois de plus lors de cette \u00e9dition, tout comme en 2022, malgr\u00e9 deux victoires d&rsquo;\u00e9tapes, dont la derni\u00e8re \u00e9preuve tr\u00e8s courte et stressante.<\/p>\n\n\n\n<p>L&rsquo;\u00e9quipe fran\u00e7aise class\u00e9e troisi\u00e8me au g\u00e9n\u00e9ral, compos\u00e9e de Math\u00e9o Jacquemoud (d\u00e9j\u00e0 vainqueur de l&rsquo;\u00e9preuve en 2013 et 2016) et Samuel Equy, n&rsquo;a pas r\u00e9ussi \u00e0 faire mieux que l&rsquo;ann\u00e9e pr\u00e9c\u00e9dente et n&rsquo;a pas eu l&rsquo;opportunit\u00e9 de s&rsquo;exprimer pleinement lors de cette 37e \u00e9dition particuli\u00e8re de <a href=\"https:\/\/endorfeen.com\/fr\/la-pierra-menta-legende-et-defi-du-ski-alpinisme\/\">la Pierra Menta<\/a>.<\/p>\n\n\n\n<h3 class=\"wp-block-heading\">R\u00e9sultat Pierra Menta 2023 D4 &#8211; Hommes<\/h3>\n\n\n\n<ol class=\"wp-block-list\">\n<li>IT MICHELE BOSCACCI + IT DAVIDE MAGNINI &#8211; 05:40:32.0<\/li>\n\n\n\n<li>FR XAVIER GACHET + FR WILLIAM BON MARDION &#8211; +00:02:23.0<\/li>\n\n\n\n<li>FR SAMUEL EQUY + FR MATH\u00c9O JACQUEMOUD &#8211; +00:02:31.0<\/li>\n\n\n\n<li>IT NADIR MAGUET + IT MATTEO EYDALLIN &#8211; +00:04:18.0<\/li>\n\n\n\n<li>AT JAKOB HERRMANN + CH MARTIN ANTHAMATTEN &#8211; +00:05:34.0<\/li>\n\n\n\n<li>IT WILLIAM BOFFELLI + IT ALEX OBERBACHER &#8211; +00:18:30.0<\/li>\n\n\n\n<li>FR ALEXIS S\u00c9VENNEC + FR ANSELME DAMEVIN &#8211; +00:19:48.0<\/li>\n\n\n\n<li>FR AUR\u00c9LIEN DUNAND-PALLAZ + FR JULIEN MICHELON &#8211; +00:24:50.0<\/li>\n\n\n\n<li>FR GERMAIN GRANGIER + FR VALENTIN CLARYS &#8211; +00:30:21.0<\/li>\n\n\n\n<li>FR SIMON BELLABOUVIER + FR NO\u00c9 ROGIER &#8211; +00:36:31.0<\/li>\n<\/ol>\n\n\n\n<h3 class=\"wp-block-heading\">R\u00e9sultat Pierra Menta 2023 D4 &#8211; Femmes<\/h3>\n\n\n\n<ol class=\"wp-block-list\">\n<li>FR AXELLE GACHET-MOLLARET + FR EMILY HARROP &#8211; 06:38:49.0<\/li>\n\n\n\n<li>FR CANDICE BONNEL + FR L\u00c9NA BONNEL &#8211; +00:31:14.0<\/li>\n\n\n\n<li>IT MARTINA VALMASSOI + IT ELENA NICOLINI &#8211; +00:51:56.0<\/li>\n\n\n\n<li>CA KYLEE OHLER + US REA KOLBL &#8211; +01:14:03.0<\/li>\n\n\n\n<li>PL ANNA TYBOR + FR ELISE PONCET &#8211; +01:27:38.0<\/li>\n\n\n\n<li>FR LAURIE RENOTON + FR PERRINE GINDRE &#8211; +01:42:32.0<\/li>\n\n\n\n<li>FR ROMANE LAFARGE + FR SOPHIE MOLLARD &#8211; +01:51:44.0<\/li>\n\n\n\n<li>FR MARIE CHARLOTTE IRATZOQUY + US GRACE STABERG &#8211; +02:07:19.0<\/li>\n\n\n\n<li>DE JACQUELINE BRANDL + AT BIANCA SOMAVILLA &#8211; +02:21:00.0<\/li>\n\n\n\n<li>IT KATRIN BIELER + FR M\u00c9LANIE ROUSSET &#8211; +02:21:30.0<\/li>\n<\/ol>\n","protected":false},"excerpt":{"rendered":"<p>Pierra Menta 2023 D4 &#8211; La 37e \u00e9dition de la Pierra Menta a pris fin avec succ\u00e8s malgr\u00e9 une \u00e9tape annul\u00e9e la veille en raison des conditions m\u00e9t\u00e9orologiques impr\u00e9visibles. La course de ski-alpinisme s&rsquo;est d\u00e9roul\u00e9e comme pr\u00e9vu lors de la quatri\u00e8me journ\u00e9e, mais avec une \u00e9preuve adapt\u00e9e pour s&rsquo;adapter aux conditions m\u00e9t\u00e9orologiques toujours changeantes. Axelle &hellip;<\/p>\n","protected":false},"author":30,"featured_media":10264,"comment_status":"open","ping_status":"open","sticky":false,"template":"","format":"standard","meta":{"_acf_changed":false,"_genesis_hide_title":false,"_genesis_hide_breadcrumbs":false,"_genesis_hide_singular_image":false,"_genesis_hide_footer_widgets":false,"_genesis_custom_body_class":"","_genesis_custom_post_class":"","_genesis_layout":"","footnotes":""},"categories":[170],"tags":[717],"sponsor":[1087],"class_list":{"2":"type-post","7":"category-aventures","8":"tag-ski-alpinisme","9":"sponsor-endorfeen","10":"entry"},"yoast_head":"<!-- This site is optimized with the Yoast SEO Premium plugin v26.2 (Yoast SEO v26.2) - https:\/\/yoast.com\/wordpress\/plugins\/seo\/ -->\n<title>Pierra Menta 2023 J4 - Derni\u00e8re \u00e9tape - endorfeen<\/title>\n<meta name=\"description\" content=\"Pierra Menta 2023 J4 - La 37e \u00e9dition de la Pierra Menta a pris fin avec succ\u00e8s malgr\u00e9 une \u00e9tape annul\u00e9e la veille en raison des condi...\" \/>\n<meta name=\"robots\" content=\"index, follow, max-snippet:-1, max-image-preview:large, max-video-preview:-1\" \/>\n<link rel=\"canonical\" href=\"https:\/\/endorfeen.com\/fr\/pierra-menta-2023-d4-derniere-etape\/\" \/>\n<meta property=\"og:locale\" content=\"fr_FR\" \/>\n<meta property=\"og:type\" content=\"article\" \/>\n<meta property=\"og:title\" content=\"Pierra Menta 2023 J4 - Derni\u00e8re \u00e9tape\" \/>\n<meta property=\"og:description\" content=\"Pierra Menta 2023 J4 - La 37e \u00e9dition de la Pierra Menta a pris fin avec succ\u00e8s malgr\u00e9 une \u00e9tape annul\u00e9e la veille en raison des condi...\" \/>\n<meta property=\"og:url\" content=\"https:\/\/endorfeen.com\/fr\/pierra-menta-2023-d4-derniere-etape\/\" \/>\n<meta property=\"og:site_name\" content=\"endorfeen\" \/>\n<meta property=\"article:author\" content=\"http:\/\/www.facebook.com\/endorfeen-583261049007200\" \/>\n<meta property=\"article:published_time\" content=\"2023-03-12T15:18:04+00:00\" \/>\n<meta property=\"article:modified_time\" content=\"2023-08-18T10:02:06+00:00\" \/>\n<meta property=\"og:image\" content=\"https:\/\/endorfeen.com\/wp-content\/uploads\/2023\/03\/jocelynchavy_pierramenta-6198-scaled.jpg\" \/>\n\t<meta property=\"og:image:width\" content=\"2560\" \/>\n\t<meta property=\"og:image:height\" content=\"1707\" \/>\n\t<meta property=\"og:image:type\" content=\"image\/jpeg\" \/>\n<meta name=\"author\" content=\"Thomas Viguier\" \/>\n<meta name=\"twitter:card\" content=\"summary_large_image\" \/>\n<meta name=\"twitter:creator\" content=\"@https:\/\/twitter.com\/endorfeen_\" \/>\n<meta name=\"twitter:label1\" content=\"\u00c9crit par\" \/>\n\t<meta name=\"twitter:data1\" content=\"Thomas Viguier\" \/>\n\t<meta name=\"twitter:label2\" content=\"Dur\u00e9e de lecture estim\u00e9e\" \/>\n\t<meta name=\"twitter:data2\" content=\"6 minutes\" \/>\n<script type=\"application\/ld+json\" class=\"yoast-schema-graph\">{\"@context\":\"https:\/\/schema.org\",\"@graph\":[{\"@type\":\"Article\",\"@id\":\"https:\/\/endorfeen.com\/fr\/pierra-menta-2023-d4-derniere-etape\/#article\",\"isPartOf\":{\"@id\":\"https:\/\/endorfeen.com\/fr\/pierra-menta-2023-d4-derniere-etape\/\"},\"author\":{\"name\":\"Thomas Viguier\",\"@id\":\"https:\/\/endorfeen.com\/fr\/#\/schema\/person\/76a61f8eb41d36fffdec1b376fcf19aa\"},\"headline\":\"Pierra Menta 2023 J4 &#8211; Derni\u00e8re \u00e9tape\",\"datePublished\":\"2023-03-12T15:18:04+00:00\",\"dateModified\":\"2023-08-18T10:02:06+00:00\",\"mainEntityOfPage\":{\"@id\":\"https:\/\/endorfeen.com\/fr\/pierra-menta-2023-d4-derniere-etape\/\"},\"wordCount\":1202,\"commentCount\":0,\"publisher\":{\"@id\":\"https:\/\/endorfeen.com\/fr\/#organization\"},\"image\":{\"@id\":\"https:\/\/endorfeen.com\/fr\/pierra-menta-2023-d4-derniere-etape\/#primaryimage\"},\"thumbnailUrl\":\"https:\/\/endorfeen.com\/wp-content\/uploads\/2023\/03\/jocelynchavy_pierramenta-6198-scaled.jpg\",\"keywords\":[\"#Ski-Alpinisme\"],\"articleSection\":[\"Aventures\"],\"inLanguage\":\"fr-FR\",\"potentialAction\":[{\"@type\":\"CommentAction\",\"name\":\"Comment\",\"target\":[\"https:\/\/endorfeen.com\/fr\/pierra-menta-2023-d4-derniere-etape\/#respond\"]}]},{\"@type\":\"WebPage\",\"@id\":\"https:\/\/endorfeen.com\/fr\/pierra-menta-2023-d4-derniere-etape\/\",\"url\":\"https:\/\/endorfeen.com\/fr\/pierra-menta-2023-d4-derniere-etape\/\",\"name\":\"Pierra Menta 2023 J4 - Derni\u00e8re \u00e9tape - endorfeen\",\"isPartOf\":{\"@id\":\"https:\/\/endorfeen.com\/fr\/#website\"},\"primaryImageOfPage\":{\"@id\":\"https:\/\/endorfeen.com\/fr\/pierra-menta-2023-d4-derniere-etape\/#primaryimage\"},\"image\":{\"@id\":\"https:\/\/endorfeen.com\/fr\/pierra-menta-2023-d4-derniere-etape\/#primaryimage\"},\"thumbnailUrl\":\"https:\/\/endorfeen.com\/wp-content\/uploads\/2023\/03\/jocelynchavy_pierramenta-6198-scaled.jpg\",\"datePublished\":\"2023-03-12T15:18:04+00:00\",\"dateModified\":\"2023-08-18T10:02:06+00:00\",\"description\":\"Pierra Menta 2023 J4 - La 37e \u00e9dition de la Pierra Menta a pris fin avec succ\u00e8s malgr\u00e9 une \u00e9tape annul\u00e9e la veille en raison des condi...\",\"breadcrumb\":{\"@id\":\"https:\/\/endorfeen.com\/fr\/pierra-menta-2023-d4-derniere-etape\/#breadcrumb\"},\"inLanguage\":\"fr-FR\",\"potentialAction\":[{\"@type\":\"ReadAction\",\"target\":[\"https:\/\/endorfeen.com\/fr\/pierra-menta-2023-d4-derniere-etape\/\"]}]},{\"@type\":\"ImageObject\",\"inLanguage\":\"fr-FR\",\"@id\":\"https:\/\/endorfeen.com\/fr\/pierra-menta-2023-d4-derniere-etape\/#primaryimage\",\"url\":\"https:\/\/endorfeen.com\/wp-content\/uploads\/2023\/03\/jocelynchavy_pierramenta-6198-scaled.jpg\",\"contentUrl\":\"https:\/\/endorfeen.com\/wp-content\/uploads\/2023\/03\/jocelynchavy_pierramenta-6198-scaled.jpg\",\"width\":2048,\"height\":1366,\"caption\":\"\u00a9\ufe0f Jocelyn Chavy\"},{\"@type\":\"BreadcrumbList\",\"@id\":\"https:\/\/endorfeen.com\/fr\/pierra-menta-2023-d4-derniere-etape\/#breadcrumb\",\"itemListElement\":[{\"@type\":\"ListItem\",\"position\":1,\"name\":\"Home\",\"item\":\"https:\/\/endorfeen.com\/fr\/\"},{\"@type\":\"ListItem\",\"position\":2,\"name\":\"Pierra Menta 2023 J4 &#8211; Derni\u00e8re \u00e9tape\"}]},{\"@type\":\"WebSite\",\"@id\":\"https:\/\/endorfeen.com\/fr\/#website\",\"url\":\"https:\/\/endorfeen.com\/fr\/\",\"name\":\"endorfeen\",\"description\":\"The Media For Sustainable Outdoors.\",\"publisher\":{\"@id\":\"https:\/\/endorfeen.com\/fr\/#organization\"},\"potentialAction\":[{\"@type\":\"SearchAction\",\"target\":{\"@type\":\"EntryPoint\",\"urlTemplate\":\"https:\/\/endorfeen.com\/fr\/?s={search_term_string}\"},\"query-input\":{\"@type\":\"PropertyValueSpecification\",\"valueRequired\":true,\"valueName\":\"search_term_string\"}}],\"inLanguage\":\"fr-FR\"},{\"@type\":\"Organization\",\"@id\":\"https:\/\/endorfeen.com\/fr\/#organization\",\"name\":\"endorfeen\",\"url\":\"https:\/\/endorfeen.com\/fr\/\",\"logo\":{\"@type\":\"ImageObject\",\"inLanguage\":\"fr-FR\",\"@id\":\"https:\/\/endorfeen.com\/fr\/#\/schema\/logo\/image\/\",\"url\":\"https:\/\/endorfeen.com\/wp-content\/uploads\/2022\/06\/Circle-endorfeen-site-icon-circled-1000-x-1000-300psi.png\",\"contentUrl\":\"https:\/\/endorfeen.com\/wp-content\/uploads\/2022\/06\/Circle-endorfeen-site-icon-circled-1000-x-1000-300psi.png\",\"width\":1000,\"height\":1000,\"caption\":\"endorfeen\"},\"image\":{\"@id\":\"https:\/\/endorfeen.com\/fr\/#\/schema\/logo\/image\/\"}},{\"@type\":\"Person\",\"@id\":\"https:\/\/endorfeen.com\/fr\/#\/schema\/person\/76a61f8eb41d36fffdec1b376fcf19aa\",\"name\":\"Thomas Viguier\",\"image\":{\"@type\":\"ImageObject\",\"inLanguage\":\"fr-FR\",\"@id\":\"https:\/\/endorfeen.com\/fr\/#\/schema\/person\/image\/\",\"url\":\"https:\/\/secure.gravatar.com\/avatar\/3c24e541f6f82c052219429c60a8948b1c9ad8eda6daf26af0a100594146ab1a?s=96&d=mm&r=g\",\"contentUrl\":\"https:\/\/secure.gravatar.com\/avatar\/3c24e541f6f82c052219429c60a8948b1c9ad8eda6daf26af0a100594146ab1a?s=96&d=mm&r=g\",\"caption\":\"Thomas Viguier\"},\"description\":\"Everyone has a story to tell. endorfeen is built as a collaborative platform, giving the voice to anyone with a story to tell. If you have things you want to share, register here.\",\"sameAs\":[\"https:\/\/www.endorfeen.com\/\",\"http:\/\/www.facebook.com\/endorfeen-583261049007200\",\"http:\/\/www.instagram.com\/endorfeen_\/\",\"https:\/\/fi.pinterest.com\/endorfeen_\/\",\"https:\/\/x.com\/https:\/\/twitter.com\/endorfeen_\"],\"url\":\"https:\/\/endorfeen.com\/fr\/linkto\/endorfeen-mag\/\"}]}<\/script>\n<!-- \/ Yoast SEO Premium plugin. -->","yoast_head_json":{"title":"Pierra Menta 2023 J4 - Derni\u00e8re \u00e9tape - endorfeen","description":"Pierra Menta 2023 J4 - La 37e \u00e9dition de la Pierra Menta a pris fin avec succ\u00e8s malgr\u00e9 une \u00e9tape annul\u00e9e la veille en raison des condi...","robots":{"index":"index","follow":"follow","max-snippet":"max-snippet:-1","max-image-preview":"max-image-preview:large","max-video-preview":"max-video-preview:-1"},"canonical":"https:\/\/endorfeen.com\/fr\/pierra-menta-2023-d4-derniere-etape\/","og_locale":"fr_FR","og_type":"article","og_title":"Pierra Menta 2023 J4 - Derni\u00e8re \u00e9tape","og_description":"Pierra Menta 2023 J4 - La 37e \u00e9dition de la Pierra Menta a pris fin avec succ\u00e8s malgr\u00e9 une \u00e9tape annul\u00e9e la veille en raison des condi...","og_url":"https:\/\/endorfeen.com\/fr\/pierra-menta-2023-d4-derniere-etape\/","og_site_name":"endorfeen","article_author":"http:\/\/www.facebook.com\/endorfeen-583261049007200","article_published_time":"2023-03-12T15:18:04+00:00","article_modified_time":"2023-08-18T10:02:06+00:00","og_image":[{"width":2560,"height":1707,"url":"https:\/\/endorfeen.com\/wp-content\/uploads\/2023\/03\/jocelynchavy_pierramenta-6198-scaled.jpg","type":"image\/jpeg"}],"author":"Thomas Viguier","twitter_card":"summary_large_image","twitter_creator":"@https:\/\/twitter.com\/endorfeen_","twitter_misc":{"\u00c9crit par":"Thomas Viguier","Dur\u00e9e de lecture estim\u00e9e":"6 minutes"},"schema":{"@context":"https:\/\/schema.org","@graph":[{"@type":"Article","@id":"https:\/\/endorfeen.com\/fr\/pierra-menta-2023-d4-derniere-etape\/#article","isPartOf":{"@id":"https:\/\/endorfeen.com\/fr\/pierra-menta-2023-d4-derniere-etape\/"},"author":{"name":"Thomas Viguier","@id":"https:\/\/endorfeen.com\/fr\/#\/schema\/person\/76a61f8eb41d36fffdec1b376fcf19aa"},"headline":"Pierra Menta 2023 J4 &#8211; Derni\u00e8re \u00e9tape","datePublished":"2023-03-12T15:18:04+00:00","dateModified":"2023-08-18T10:02:06+00:00","mainEntityOfPage":{"@id":"https:\/\/endorfeen.com\/fr\/pierra-menta-2023-d4-derniere-etape\/"},"wordCount":1202,"commentCount":0,"publisher":{"@id":"https:\/\/endorfeen.com\/fr\/#organization"},"image":{"@id":"https:\/\/endorfeen.com\/fr\/pierra-menta-2023-d4-derniere-etape\/#primaryimage"},"thumbnailUrl":"https:\/\/endorfeen.com\/wp-content\/uploads\/2023\/03\/jocelynchavy_pierramenta-6198-scaled.jpg","keywords":["#Ski-Alpinisme"],"articleSection":["Aventures"],"inLanguage":"fr-FR","potentialAction":[{"@type":"CommentAction","name":"Comment","target":["https:\/\/endorfeen.com\/fr\/pierra-menta-2023-d4-derniere-etape\/#respond"]}]},{"@type":"WebPage","@id":"https:\/\/endorfeen.com\/fr\/pierra-menta-2023-d4-derniere-etape\/","url":"https:\/\/endorfeen.com\/fr\/pierra-menta-2023-d4-derniere-etape\/","name":"Pierra Menta 2023 J4 - Derni\u00e8re \u00e9tape - endorfeen","isPartOf":{"@id":"https:\/\/endorfeen.com\/fr\/#website"},"primaryImageOfPage":{"@id":"https:\/\/endorfeen.com\/fr\/pierra-menta-2023-d4-derniere-etape\/#primaryimage"},"image":{"@id":"https:\/\/endorfeen.com\/fr\/pierra-menta-2023-d4-derniere-etape\/#primaryimage"},"thumbnailUrl":"https:\/\/endorfeen.com\/wp-content\/uploads\/2023\/03\/jocelynchavy_pierramenta-6198-scaled.jpg","datePublished":"2023-03-12T15:18:04+00:00","dateModified":"2023-08-18T10:02:06+00:00","description":"Pierra Menta 2023 J4 - La 37e \u00e9dition de la Pierra Menta a pris fin avec succ\u00e8s malgr\u00e9 une \u00e9tape annul\u00e9e la veille en raison des condi...","breadcrumb":{"@id":"https:\/\/endorfeen.com\/fr\/pierra-menta-2023-d4-derniere-etape\/#breadcrumb"},"inLanguage":"fr-FR","potentialAction":[{"@type":"ReadAction","target":["https:\/\/endorfeen.com\/fr\/pierra-menta-2023-d4-derniere-etape\/"]}]},{"@type":"ImageObject","inLanguage":"fr-FR","@id":"https:\/\/endorfeen.com\/fr\/pierra-menta-2023-d4-derniere-etape\/#primaryimage","url":"https:\/\/endorfeen.com\/wp-content\/uploads\/2023\/03\/jocelynchavy_pierramenta-6198-scaled.jpg","contentUrl":"https:\/\/endorfeen.com\/wp-content\/uploads\/2023\/03\/jocelynchavy_pierramenta-6198-scaled.jpg","width":2048,"height":1366,"caption":"\u00a9\ufe0f Jocelyn Chavy"},{"@type":"BreadcrumbList","@id":"https:\/\/endorfeen.com\/fr\/pierra-menta-2023-d4-derniere-etape\/#breadcrumb","itemListElement":[{"@type":"ListItem","position":1,"name":"Home","item":"https:\/\/endorfeen.com\/fr\/"},{"@type":"ListItem","position":2,"name":"Pierra Menta 2023 J4 &#8211; Derni\u00e8re \u00e9tape"}]},{"@type":"WebSite","@id":"https:\/\/endorfeen.com\/fr\/#website","url":"https:\/\/endorfeen.com\/fr\/","name":"endorfeen","description":"The Media For Sustainable Outdoors.","publisher":{"@id":"https:\/\/endorfeen.com\/fr\/#organization"},"potentialAction":[{"@type":"SearchAction","target":{"@type":"EntryPoint","urlTemplate":"https:\/\/endorfeen.com\/fr\/?s={search_term_string}"},"query-input":{"@type":"PropertyValueSpecification","valueRequired":true,"valueName":"search_term_string"}}],"inLanguage":"fr-FR"},{"@type":"Organization","@id":"https:\/\/endorfeen.com\/fr\/#organization","name":"endorfeen","url":"https:\/\/endorfeen.com\/fr\/","logo":{"@type":"ImageObject","inLanguage":"fr-FR","@id":"https:\/\/endorfeen.com\/fr\/#\/schema\/logo\/image\/","url":"https:\/\/endorfeen.com\/wp-content\/uploads\/2022\/06\/Circle-endorfeen-site-icon-circled-1000-x-1000-300psi.png","contentUrl":"https:\/\/endorfeen.com\/wp-content\/uploads\/2022\/06\/Circle-endorfeen-site-icon-circled-1000-x-1000-300psi.png","width":1000,"height":1000,"caption":"endorfeen"},"image":{"@id":"https:\/\/endorfeen.com\/fr\/#\/schema\/logo\/image\/"}},{"@type":"Person","@id":"https:\/\/endorfeen.com\/fr\/#\/schema\/person\/76a61f8eb41d36fffdec1b376fcf19aa","name":"Thomas Viguier","image":{"@type":"ImageObject","inLanguage":"fr-FR","@id":"https:\/\/endorfeen.com\/fr\/#\/schema\/person\/image\/","url":"https:\/\/secure.gravatar.com\/avatar\/3c24e541f6f82c052219429c60a8948b1c9ad8eda6daf26af0a100594146ab1a?s=96&d=mm&r=g","contentUrl":"https:\/\/secure.gravatar.com\/avatar\/3c24e541f6f82c052219429c60a8948b1c9ad8eda6daf26af0a100594146ab1a?s=96&d=mm&r=g","caption":"Thomas Viguier"},"description":"Everyone has a story to tell. endorfeen is built as a collaborative platform, giving the voice to anyone with a story to tell. If you have things you want to share, register here.","sameAs":["https:\/\/www.endorfeen.com\/","http:\/\/www.facebook.com\/endorfeen-583261049007200","http:\/\/www.instagram.com\/endorfeen_\/","https:\/\/fi.pinterest.com\/endorfeen_\/","https:\/\/x.com\/https:\/\/twitter.com\/endorfeen_"],"url":"https:\/\/endorfeen.com\/fr\/linkto\/endorfeen-mag\/"}]}},"featured_image_src":"https:\/\/endorfeen.com\/wp-content\/uploads\/2023\/03\/jocelynchavy_pierramenta-6198-600x400.jpg","featured_image_src_square":"https:\/\/endorfeen.com\/wp-content\/uploads\/2023\/03\/jocelynchavy_pierramenta-6198-600x600.jpg","author_info":{"display_name":"Thomas Viguier","author_link":"https:\/\/endorfeen.com\/fr\/linkto\/endorfeen-mag\/"},"acf":[],"_links":{"self":[{"href":"https:\/\/endorfeen.com\/fr\/wp-json\/wp\/v2\/posts\/10263","targetHints":{"allow":["GET"]}}],"collection":[{"href":"https:\/\/endorfeen.com\/fr\/wp-json\/wp\/v2\/posts"}],"about":[{"href":"https:\/\/endorfeen.com\/fr\/wp-json\/wp\/v2\/types\/post"}],"author":[{"embeddable":true,"href":"https:\/\/endorfeen.com\/fr\/wp-json\/wp\/v2\/users\/30"}],"replies":[{"embeddable":true,"href":"https:\/\/endorfeen.com\/fr\/wp-json\/wp\/v2\/comments?post=10263"}],"version-history":[{"count":0,"href":"https:\/\/endorfeen.com\/fr\/wp-json\/wp\/v2\/posts\/10263\/revisions"}],"wp:featuredmedia":[{"embeddable":true,"href":"https:\/\/endorfeen.com\/fr\/wp-json\/wp\/v2\/media\/10264"}],"wp:attachment":[{"href":"https:\/\/endorfeen.com\/fr\/wp-json\/wp\/v2\/media?parent=10263"}],"wp:term":[{"taxonomy":"category","embeddable":true,"href":"https:\/\/endorfeen.com\/fr\/wp-json\/wp\/v2\/categories?post=10263"},{"taxonomy":"post_tag","embeddable":true,"href":"https:\/\/endorfeen.com\/fr\/wp-json\/wp\/v2\/tags?post=10263"},{"taxonomy":"sponsor","embeddable":true,"href":"https:\/\/endorfeen.com\/fr\/wp-json\/wp\/v2\/sponsor?post=10263"}],"curies":[{"name":"wp","href":"https:\/\/api.w.org\/{rel}","templated":true}]}}