{"id":10214,"date":"2023-03-14T19:26:00","date_gmt":"2023-03-14T19:26:00","guid":{"rendered":"https:\/\/endorfeen.com\/?p=10214"},"modified":"2023-08-18T11:02:05","modified_gmt":"2023-08-18T10:02:05","slug":"la-marmolada-brisee-par-le-rechauffement-climatique","status":"publish","type":"post","link":"https:\/\/endorfeen.com\/fr\/la-marmolada-brisee-par-le-rechauffement-climatique\/","title":{"rendered":"La Marmolada bris\u00e9e par le r\u00e9chauffement climatique"},"content":{"rendered":"\n<h2 class=\"wp-block-heading\" id=\"h-la-marmolada-la-montagne\">La Marmolada, la montagne<\/h2>\n\n\n\n<p>La Marmolada est le plus haut et le plus renomm\u00e9 des massifs des Dolomites, situ\u00e9 au nord de la r\u00e9gion de V\u00e9n\u00e9tie. On peut y acc\u00e9der facilement depuis le Val di Fassa, Canazei ou la vall\u00e9e de Cordevole. La Marmolada est une immense pente ascendante qui s&rsquo;\u00e9l\u00e8ve doucement depuis le Lac de Fedaia.<\/p>\n\n\n\n<p>La Marmolada, qui abrite la Punta Penia culminant \u00e0 3 342 m\u00e8tres, est le sommet le plus \u00e9lev\u00e9 des Dolomites. Ces montagnes uniques au monde sont situ\u00e9es entre la r\u00e9gion de V\u00e9n\u00e9tie et le Trentin-Haut-Adige, et ont \u00e9t\u00e9 inscrites au Patrimoine Naturel de l&rsquo;UNESCO en 2009. La Marmolada a \u00e9t\u00e9 marqu\u00e9e par la guerre entre 1915 et 1917, et abrite aujourd&rsquo;hui le mus\u00e9e le plus haut d&rsquo;Europe en m\u00e9moire des nombreux disparus sur ses rochers.<\/p>\n\n\n\n<p>Initialement recouvert de for\u00eats, la v\u00e9g\u00e9tation \u00e0 mi-hauteur s&rsquo;est peu \u00e0 peu r\u00e9duite pour laisser place \u00e0 une v\u00e9g\u00e9tation plus clairsem\u00e9e vers 2000 m\u00e8tres d&rsquo;altitude. Au sommet se trouve un glacier, offrant la possibilit\u00e9 de skier en \u00e9t\u00e9, accessible par t\u00e9l\u00e9ph\u00e9rique.<\/p>\n\n\n\n<p>Au pied du massif se trouve Malga Ciap\u00e8la, une petite cuvette entour\u00e9e de montagnes, situ\u00e9e au sommet du Val Pettorina dans la commune de Rocca Pietore, \u00e0 une altitude de 1 450 m\u00e8tres. Depuis Malga Ciap\u00e8la, il est possible de prendre le t\u00e9l\u00e9ph\u00e9rique qui vous m\u00e8nera au sommet de la Marmolada, la Reine des Dolomites.<\/p>\n\n\n\n<figure class=\"wp-block-image size-large\"><img loading=\"lazy\" decoding=\"async\" width=\"1024\" height=\"768\" src=\"https:\/\/endorfeen.com\/wp-content\/uploads\/2023\/03\/giacomo-berardi-PimgnoSe8UQ-unsplash-1024x768.jpg\" alt=\"\" class=\"wp-image-10217\" srcset=\"https:\/\/endorfeen.com\/wp-content\/uploads\/2023\/03\/giacomo-berardi-PimgnoSe8UQ-unsplash-300x225.jpg 300w, https:\/\/endorfeen.com\/wp-content\/uploads\/2023\/03\/giacomo-berardi-PimgnoSe8UQ-unsplash-400x300.jpg 400w, https:\/\/endorfeen.com\/wp-content\/uploads\/2023\/03\/giacomo-berardi-PimgnoSe8UQ-unsplash-768x576.jpg 768w, https:\/\/endorfeen.com\/wp-content\/uploads\/2023\/03\/giacomo-berardi-PimgnoSe8UQ-unsplash-800x600.jpg 800w, https:\/\/endorfeen.com\/wp-content\/uploads\/2023\/03\/giacomo-berardi-PimgnoSe8UQ-unsplash-1024x768.jpg 1024w, https:\/\/endorfeen.com\/wp-content\/uploads\/2023\/03\/giacomo-berardi-PimgnoSe8UQ-unsplash-1200x900.jpg 1200w, https:\/\/endorfeen.com\/wp-content\/uploads\/2023\/03\/giacomo-berardi-PimgnoSe8UQ-unsplash-1536x1152.jpg 1536w, https:\/\/endorfeen.com\/wp-content\/uploads\/2023\/03\/giacomo-berardi-PimgnoSe8UQ-unsplash-scaled.jpg 2048w\" sizes=\"auto, (max-width: 1024px) 100vw, 1024px\" \/><figcaption class=\"wp-element-caption\">Photo: <a href=\"https:\/\/unsplash.com\/@giacbrd?utm_source=unsplash&amp;utm_medium=referral&amp;utm_content=creditCopyText\">Giacomo Berardi<\/a><\/figcaption><\/figure>\n\n\n\n<h2 class=\"wp-block-heading\" id=\"h-le-telepherique\">Le t\u00e9l\u00e9ph\u00e9rique<\/h2>\n\n\n\n<p>La remont\u00e9e m\u00e9canique situ\u00e9e sur la Marmolada est compos\u00e9e de trois lignes de t\u00e9l\u00e9ph\u00e9riques.<\/p>\n\n\n\n<p>Banc d&rsquo;Antermoia, la premi\u00e8re station, est situ\u00e9e \u00e0 2 350 m\u00e8tres d&rsquo;altitude ; la deuxi\u00e8me, nomm\u00e9e Serauta, se trouve \u00e0 2 950 m\u00e8tres ; et la troisi\u00e8me, nomm\u00e9e Punta Rocca, est situ\u00e9e \u00e0 3 265 m\u00e8tres d&rsquo;altitude. La Punta Penia, culminant \u00e0 3 343 m\u00e8tres, est le plus haut sommet des Dolomites. Le t\u00e9l\u00e9ph\u00e9rique parcourt un d\u00e9nivel\u00e9 de 1 815 m\u00e8tres.<\/p>\n\n\n\n<p>Ces installations, \u00e9rig\u00e9es en 1965, ont subi une r\u00e9novation compl\u00e8te en 2004.<\/p>\n\n\n\n<h2 class=\"wp-block-heading\" id=\"h-la-fonte-des-glaces-un-drame-a-la-marmolata\">La fonte des glaces, un drame \u00e0 la Marmolata<\/h2>\n\n\n\n<p>Le 3 juillet 2022, il faisait une temp\u00e9rature de 10\u00b0C, des tonnes de glace et de roche se sont d\u00e9tach\u00e9es du sommet de la Marmolada, situ\u00e9 \u00e0 une altitude de plus de 3 000 m\u00e8tres. <\/p>\n\n\n\n<p>La montagne, surnomm\u00e9e la \u00ab\u00a0reine des Dolomites\u00a0\u00bb et appr\u00e9ci\u00e9e des randonneurs parcourant les Alpes italiennes depuis toujours, a finalement c\u00e9d\u00e9 face \u00e0 des temp\u00e9ratures anormalement \u00e9lev\u00e9es pour la saison et \u00e0 des \u00e9pisodes de s\u00e9cheresse r\u00e9currents.<\/p>\n\n\n\n<figure class=\"wp-block-embed is-type-video is-provider-youtube wp-block-embed-youtube wp-embed-aspect-16-9 wp-has-aspect-ratio\"><div class=\"wp-block-embed__wrapper\">\n<iframe loading=\"lazy\" title=\"Marmolada, le immagini del crollo del ghiacciaio\" width=\"800\" height=\"450\" src=\"https:\/\/www.youtube.com\/embed\/c8U5r-Gx-Bo?feature=oembed\" frameborder=\"0\" allow=\"accelerometer; autoplay; clipboard-write; encrypted-media; gyroscope; picture-in-picture; web-share\" allowfullscreen><\/iframe>\n<\/div><\/figure>\n\n\n\n<p>L&rsquo;\u00e9v\u00e9nement a caus\u00e9 la mort de 11 personnes et de nombreuses autres ont \u00e9t\u00e9 bless\u00e9es. Bien que cet \u00e9pisode puisse sembler exceptionnellement violent, il s&rsquo;inscrit pourtant dans la continuit\u00e9 des pr\u00e9visions du <a href=\"https:\/\/www.ipcc.ch\/languages-2\/francais\/\" target=\"_blank\" rel=\"noreferrer noopener\">Groupe d&rsquo;experts intergouvernemental sur l&rsquo;\u00e9volution du climat (GIEC)<\/a> qui a publi\u00e9 \u00e0 l&rsquo;hiver 2021 une \u00e9tude sur les impacts observ\u00e9s et pr\u00e9vus du changement climatique dans les r\u00e9gions de montagne. <\/p>\n\n\n\n<p>C&rsquo;est une triste illustration des perturbations en cours et \u00e0 venir si l&rsquo;humanit\u00e9 ne prend pas rapidement des mesures radicales pour changer de cap.<\/p>\n\n\n\n<p>Les images sont frappantes et le bruit qui les accompagne est assourdissant : la rupture partielle du glacier de la Marmolada, survenue ce dimanche 3 juillet, a rapidement \u00e9t\u00e9 relay\u00e9e sur les r\u00e9seaux sociaux et dans les m\u00e9dias italiens. On peut y voir des tonnes de glace et de roche d\u00e9valant la vall\u00e9e \u00e0 une vitesse sup\u00e9rieure \u00e0 300 km\/h, emportant tout sur leur passage, y compris des randonneurs qui \u00e9taient venus explorer les sommets italiens.<\/p>\n\n\n\n<h2 class=\"wp-block-heading\" id=\"h-les-signaux-avant-coureurs\">Les signaux avant-coureurs<\/h2>\n\n\n\n<p>Le trou b\u00e9ant laiss\u00e9 par l&rsquo;effondrement se trouve au niveau d&rsquo;une des cimes du massif, appel\u00e9e la Punta Rocca, situ\u00e9e \u00e0 une altitude de 3 309 m\u00e8tres, qui est le point culminant d&rsquo;un itin\u00e9raire fr\u00e9quemment emprunt\u00e9 par les randonneurs. Les temp\u00e9ratures sur la face nord, o\u00f9 se trouve le glacier, \u00e9taient d&rsquo;environ 10 degr\u00e9s Celsius quelques heures avant la trag\u00e9die.<\/p>\n\n\n\n<p>Pourtant, d&rsquo;autres personnes avaient d\u00e9j\u00e0 remarqu\u00e9 certains signes avant-coureurs. C&rsquo;est notamment le cas de l&rsquo;alpiniste Reinhold Messner, n\u00e9 \u00e0 quelques kilom\u00e8tres de la Marmolada et c\u00e9l\u00e8bre dans le monde entier pour avoir \u00e9t\u00e9 la premi\u00e8re personne \u00e0 avoir gravi les quatorze sommets de plus de 8 000 m\u00e8tres de la plan\u00e8te. <\/p>\n\n\n\n<p>Lors d&rsquo;une interview sur une cha\u00eene de t\u00e9l\u00e9vision nationale italienne, il a comment\u00e9 l&rsquo;\u00e9v\u00e9nement en disant : \u00ab\u00a0Avec le r\u00e9chauffement climatique, et en particulier les temp\u00e9ratures \u00e9lev\u00e9es de ces derni\u00e8res semaines, la glace devient tr\u00e8s fine par endroits, ce n&rsquo;est plus le glacier d&rsquo;il y a cinquante ans\u00a0\u00bb.<\/p>\n\n\n\n<h2 class=\"wp-block-heading\" id=\"h-une-consequence-directe-du-rechauffement-climatique\">Une cons\u00e9quence directe du r\u00e9chauffement climatique<\/h2>\n\n\n\n<p>Ce climat exceptionnel a clairement acc\u00e9l\u00e9r\u00e9 la fonte des neiges d\u00e9j\u00e0 constat\u00e9e depuis plusieurs ann\u00e9es. \u00ab\u00a0Ce glacier a perdu 30% de son volume de glace en dix ans. Si rien ne change, nous pensons qu&rsquo;il aura compl\u00e8tement disparu d&rsquo;ici 2042\u00a0\u00bb, a d\u00e9clar\u00e9 Jacopo Gabrieli, glaciologue \u00e0 l&rsquo;Institut des sciences polaires de Venise.<\/p>\n\n\n\n<p>\u00ab\u00a0Le glacier, tel que nous le voyons aujourd&rsquo;hui, a la m\u00eame taille qu&rsquo;en septembre apr\u00e8s un \u00e9t\u00e9 sec. Avec ces temp\u00e9ratures, une poche d&rsquo;eau s&rsquo;est form\u00e9e sous le glacier et quand le s\u00e9rac s&rsquo;est d\u00e9tach\u00e9, il n&rsquo;a trouv\u00e9 aucun support et a gliss\u00e9 \u00e0 grande vitesse. <\/p>\n\n\n\n<p>Nous pouvons clairement observer les effets des temp\u00e9ratures excessives qui persistent depuis plusieurs mois !\u00a0\u00bb, a expliqu\u00e9 Jacopo Gabrieli, glaciologue \u00e0 l&rsquo;Institut des sciences polaires de Venise.<\/p>\n\n\n\n<p>Le rapport du Groupe d&rsquo;experts intergouvernemental sur l&rsquo;\u00e9volution du climat (GIEC) publi\u00e9 le 1er mars met en avant la fonte des glaces et des neiges comme l&rsquo;une des 10 menaces majeures provoqu\u00e9es par le r\u00e9chauffement climatique, perturbant les \u00e9cosyst\u00e8mes et mettant en p\u00e9ril certaines infrastructures. Le GIEC pr\u00e9cise que les glaciers en Scandinavie, en Europe centrale et dans le Caucase pourraient perdre entre 60 et 80% de leur masse d&rsquo;ici la fin du si\u00e8cle.<\/p>\n\n\n\n<h2 class=\"wp-block-heading\" id=\"h-un-brin-d-histoire\">Un brin d\u2019Histoire<\/h2>\n\n\n\n<h3 class=\"wp-block-heading\" id=\"h-les-evenements-marquants-du-19e-siecle\">Les \u00e9v\u00e9nements marquants du 19e si\u00e8cle<\/h3>\n\n\n\n<p>En 1802, don Giuseppe Terza, chapelain de Pieve di Livinallongo, a effectu\u00e9 la premi\u00e8re tentative pour escalader la Marmolada, mais il a malheureusement disparu dans une crevasse le 2 ao\u00fbt.<\/p>\n\n\n\n<p>1856, Pellegrino Pellegrini, consid\u00e9r\u00e9 comme le premier guide des Dolomites, a men\u00e9 Gian Antonio de Manzoni, Antonio Marmolada, Pietro Mugna et don Lorenzo Nicolai au sommet du Pizzo Serauta le 26 ao\u00fbt.<\/p>\n\n\n\n<p>En 1860, John Ball, John Birkbeck p\u00e8re et Victor Tairraz ont conquis la Punta Rocca.<\/p>\n\n\n\n<p>1861, la Punta Rocca a \u00e9t\u00e9 escalad\u00e9e pour la deuxi\u00e8me fois par Pellegrino Pellegrini et Anthon von Ruthner.<\/p>\n\n\n\n<p>En 1862, la Punta Rocca a \u00e9t\u00e9 escalad\u00e9e pour la troisi\u00e8me fois par Pellegrino Pellegrini, un porteur et Paul Grohmann. Ils ont retrouv\u00e9 le thermom\u00e8tre laiss\u00e9 au sommet par Ball et Birkbeck fin juillet.<\/p>\n\n\n\n<p>Le 28 septembre 1864, Paul Grohmann, Pellegrino Pellegrini, Angelo Dimai et Fulgenzio Dimai ont r\u00e9alis\u00e9 la premi\u00e8re ascension de la Punta Penia par le versant Nord, marquant ainsi une \u00e9tape importante dans l&rsquo;histoire de l&rsquo;escalade de la Marmolada.<\/p>\n\n\n\n<p>Le 2 juin 1865, Fran\u00e7ois Devouassoud, G. H. Fox, Douglas William Freshfield, Peter Michel et Francis Fox Tuckett ont r\u00e9alis\u00e9 la deuxi\u00e8me ascension de la Punta Penia, confirmant ainsi la faisabilit\u00e9 de cette ascension et contribuant \u00e0 l&rsquo;essor de l&rsquo;alpinisme dans les Dolomites.<\/p>\n\n\n\n<p>Le 17 juin 1872, Christian Lauener, Santo Siorpaes et F.F. Tuckett ont parcouru l&rsquo;ar\u00eate Ouest de la Marmolada, marquant ainsi une nouvelle \u00e9tape importante dans l&rsquo;histoire de l&rsquo;escalade de cette montagne embl\u00e9matique des Dolomites.<\/p>\n\n\n\n<p>Le 31 juillet 1878, Clemente Callegari, Alberto de Falkner, Giovanni Battista Della Santa et Cesare Tom\u00e8 ont escalad\u00e9 le versant Ouest de la Marmolada, ouvrant ainsi une nouvelle voie d&rsquo;ascension de cette montagne mythique des Dolomites.<\/p>\n\n\n\n<p>Le 5 ao\u00fbt 1882, Emil Zsigmondy, Otto Zsigmondy et Ludwig Purtscheller ont r\u00e9alis\u00e9 la premi\u00e8re travers\u00e9e de la Marmolada, de la Punta Rocca \u00e0 la Punta Penia, sans prendre la cr\u00eate. Cette prouesse d&rsquo;alpinisme a \u00e9t\u00e9 une \u00e9tape importante dans l&rsquo;exploration de la Marmolada et a contribu\u00e9 \u00e0 l&rsquo;essor de l&rsquo;alpinisme dans les Dolomites.<\/p>\n\n\n\n<h3 class=\"wp-block-heading\" id=\"h-la-marmolada-au-20e-siecle\">La Marmolada au 20e si\u00e8cle<\/h3>\n\n\n\n<p>En 1901, Michele Bettaga et Bortolo Zagonel ont escalad\u00e9 la face Sud de la Marmolada, ouvrant ainsi une nouvelle voie d&rsquo;ascension de cette montagne embl\u00e9matique des Dolomites. Cette r\u00e9alisation a \u00e9t\u00e9 salu\u00e9e comme une prouesse technique et a contribu\u00e9 \u00e0 renforcer la r\u00e9putation de la Marmolada en tant que sommet majeur de l&rsquo;alpinisme.<\/p>\n\n\n\n<p>En 1929, Demeter Christomannos, Luigi Micheluzzi et Roberto Peratoner ont escalad\u00e9 le pilier Sud de la Punta Penia de la Marmolada, marquant ainsi une nouvelle \u00e9tape dans l&rsquo;histoire de l&rsquo;escalade de cette montagne embl\u00e9matique des Dolomites. Cette r\u00e9alisation a \u00e9t\u00e9 consid\u00e9r\u00e9e comme une prouesse technique remarquable et a contribu\u00e9 \u00e0 renforcer la r\u00e9putation de la Marmolada en tant que sommet majeur de l&rsquo;alpinisme.<\/p>\n\n\n\n<p>Du 29 au 31 ao\u00fbt 1936, Gino Sold\u00e0 et Umberto Conforto ont r\u00e9alis\u00e9 l&rsquo;ascension de la face Sud-Est de la Punta Penia de la Marmolada. Ils ont r\u00e9ussi \u00e0 gravir cette paroi impressionnante en trente-six heures d&rsquo;escalade, marquant ainsi une nouvelle \u00e9tape dans l&rsquo;histoire de l&rsquo;escalade de la Marmolada. Cette r\u00e9alisation a \u00e9t\u00e9 salu\u00e9e comme une prouesse technique remarquable et a contribu\u00e9 \u00e0 renforcer la r\u00e9putation de la Marmolada en tant que sommet majeur de l&rsquo;alpinisme.<\/p>\n\n\n\n<p>En 1936, Giovanni Battista Vinatzer et Ettore Castiglioni ont escalad\u00e9 la face Sud de la Punta Rocca de la Marmolada, marquant ainsi une nouvelle \u00e9tape dans l&rsquo;histoire de l&rsquo;escalade de cette montagne embl\u00e9matique des Dolomites. Cette r\u00e9alisation a \u00e9t\u00e9 salu\u00e9e comme une prouesse technique remarquable et a contribu\u00e9 \u00e0 renforcer la r\u00e9putation de la Marmolada en tant que sommet majeur de l&rsquo;alpinisme.<\/p>\n\n\n\n<p>En 1964, Armando Aste et Franco Solina ont ouvert la voie de l&rsquo;Id\u00e9al \u00e0 la Punta Ombretta de la Marmolada, marquant ainsi une nouvelle \u00e9tape dans l&rsquo;histoire de l&rsquo;escalade de cette montagne embl\u00e9matique des Dolomites. Ils ont r\u00e9ussi \u00e0 gravir cette voie en cinquante-quatre heures et avec cinq bivouacs, ce qui a \u00e9t\u00e9 salu\u00e9 comme une prouesse technique et endurante remarquable. Cette r\u00e9alisation a contribu\u00e9 \u00e0 renforcer la r\u00e9putation de la Marmolada en tant que sommet majeur de l&rsquo;alpinisme.<\/p>\n\n\n\n<p>En 1969, Reinhold Messner a r\u00e9alis\u00e9 une variante de la voie Vinatzer en sortant directement, en solo, de la paroi Sud de la Punta Rocca de la Marmolada. Cette ascension a \u00e9t\u00e9 salu\u00e9e comme une prouesse technique et d&rsquo;endurance exceptionnelle, contribuant \u00e0 renforcer la r\u00e9putation de Messner en tant qu&rsquo;alpiniste de renom et la r\u00e9putation de la Marmolada en tant que sommet majeur de l&rsquo;alpinisme.<\/p>\n","protected":false},"excerpt":{"rendered":"<p>La Marmolada, la montagne La Marmolada est le plus haut et le plus renomm\u00e9 des massifs des Dolomites, situ\u00e9 au nord de la r\u00e9gion de V\u00e9n\u00e9tie. On peut y acc\u00e9der facilement depuis le Val di Fassa, Canazei ou la vall\u00e9e de Cordevole. La Marmolada est une immense pente ascendante qui s&rsquo;\u00e9l\u00e8ve doucement depuis le Lac &hellip;<\/p>\n","protected":false},"author":30,"featured_media":10215,"comment_status":"open","ping_status":"open","sticky":false,"template":"","format":"standard","meta":{"_acf_changed":false,"_genesis_hide_title":false,"_genesis_hide_breadcrumbs":false,"_genesis_hide_singular_image":false,"_genesis_hide_footer_widgets":false,"_genesis_custom_body_class":"","_genesis_custom_post_class":"","_genesis_layout":"","footnotes":""},"categories":[261,156,606,606,156,261,610],"tags":[262,719,263],"sponsor":[1087],"class_list":{"2":"type-post","7":"category-durabilite","8":"category-lieux","9":"category-montagnes","13":"category-terre","14":"tag-climat","15":"tag-dolomites","16":"tag-durabilite","17":"sponsor-endorfeen","18":"entry"},"yoast_head":"<!-- This site is optimized with the Yoast SEO Premium plugin v26.2 (Yoast SEO v26.2) - https:\/\/yoast.com\/wordpress\/plugins\/seo\/ -->\n<title>La Marmolada bris\u00e9e par le r\u00e9chauffement climatique - endorfeen<\/title>\n<meta name=\"description\" content=\"La Marmolada est le plus haut et le plus renomm\u00e9 des massifs des Dolomites, situ\u00e9 au nord de la r\u00e9gion de V\u00e9n\u00e9tie. On peut y acc\u00e9der...\" \/>\n<meta name=\"robots\" content=\"index, follow, max-snippet:-1, max-image-preview:large, max-video-preview:-1\" \/>\n<link rel=\"canonical\" href=\"https:\/\/endorfeen.com\/fr\/la-marmolada-brisee-par-le-rechauffement-climatique\/\" \/>\n<meta property=\"og:locale\" content=\"fr_FR\" \/>\n<meta property=\"og:type\" content=\"article\" \/>\n<meta property=\"og:title\" content=\"La Marmolada bris\u00e9e par le r\u00e9chauffement climatique\" \/>\n<meta property=\"og:description\" content=\"La Marmolada est le plus haut et le plus renomm\u00e9 des massifs des Dolomites, situ\u00e9 au nord de la r\u00e9gion de V\u00e9n\u00e9tie. On peut y acc\u00e9der...\" \/>\n<meta property=\"og:url\" content=\"https:\/\/endorfeen.com\/fr\/la-marmolada-brisee-par-le-rechauffement-climatique\/\" \/>\n<meta property=\"og:site_name\" content=\"endorfeen\" \/>\n<meta property=\"article:author\" content=\"http:\/\/www.facebook.com\/endorfeen-583261049007200\" \/>\n<meta property=\"article:published_time\" content=\"2023-03-14T19:26:00+00:00\" \/>\n<meta property=\"article:modified_time\" content=\"2023-08-18T10:02:05+00:00\" \/>\n<meta property=\"og:image\" content=\"https:\/\/endorfeen.com\/wp-content\/uploads\/2023\/03\/marco-bonomo-Sa7787z58VQ-unsplash-scaled.jpg\" \/>\n\t<meta property=\"og:image:width\" content=\"2560\" \/>\n\t<meta property=\"og:image:height\" content=\"1708\" \/>\n\t<meta property=\"og:image:type\" content=\"image\/jpeg\" \/>\n<meta name=\"author\" content=\"Thomas Viguier\" \/>\n<meta name=\"twitter:card\" content=\"summary_large_image\" \/>\n<meta name=\"twitter:creator\" content=\"@https:\/\/twitter.com\/endorfeen_\" \/>\n<meta name=\"twitter:label1\" content=\"\u00c9crit par\" \/>\n\t<meta name=\"twitter:data1\" content=\"Thomas Viguier\" \/>\n\t<meta name=\"twitter:label2\" content=\"Dur\u00e9e de lecture estim\u00e9e\" \/>\n\t<meta name=\"twitter:data2\" content=\"8 minutes\" \/>\n<script type=\"application\/ld+json\" class=\"yoast-schema-graph\">{\"@context\":\"https:\/\/schema.org\",\"@graph\":[{\"@type\":\"Article\",\"@id\":\"https:\/\/endorfeen.com\/fr\/la-marmolada-brisee-par-le-rechauffement-climatique\/#article\",\"isPartOf\":{\"@id\":\"https:\/\/endorfeen.com\/fr\/la-marmolada-brisee-par-le-rechauffement-climatique\/\"},\"author\":{\"name\":\"Thomas Viguier\",\"@id\":\"https:\/\/endorfeen.com\/fr\/#\/schema\/person\/76a61f8eb41d36fffdec1b376fcf19aa\"},\"headline\":\"La Marmolada bris\u00e9e par le r\u00e9chauffement climatique\",\"datePublished\":\"2023-03-14T19:26:00+00:00\",\"dateModified\":\"2023-08-18T10:02:05+00:00\",\"mainEntityOfPage\":{\"@id\":\"https:\/\/endorfeen.com\/fr\/la-marmolada-brisee-par-le-rechauffement-climatique\/\"},\"wordCount\":1853,\"commentCount\":0,\"publisher\":{\"@id\":\"https:\/\/endorfeen.com\/fr\/#organization\"},\"image\":{\"@id\":\"https:\/\/endorfeen.com\/fr\/la-marmolada-brisee-par-le-rechauffement-climatique\/#primaryimage\"},\"thumbnailUrl\":\"https:\/\/endorfeen.com\/wp-content\/uploads\/2023\/03\/marco-bonomo-Sa7787z58VQ-unsplash-scaled.jpg\",\"keywords\":[\"#climat\",\"#Dolomites\",\"#durabilit\u00e9\"],\"articleSection\":[\"Durabilit\u00e9\",\"Lieux\",\"Montagnes\",\"Montagnes\",\"Lieux\",\"Durabilit\u00e9\",\"Terre\"],\"inLanguage\":\"fr-FR\",\"potentialAction\":[{\"@type\":\"CommentAction\",\"name\":\"Comment\",\"target\":[\"https:\/\/endorfeen.com\/fr\/la-marmolada-brisee-par-le-rechauffement-climatique\/#respond\"]}]},{\"@type\":\"WebPage\",\"@id\":\"https:\/\/endorfeen.com\/fr\/la-marmolada-brisee-par-le-rechauffement-climatique\/\",\"url\":\"https:\/\/endorfeen.com\/fr\/la-marmolada-brisee-par-le-rechauffement-climatique\/\",\"name\":\"La Marmolada bris\u00e9e par le r\u00e9chauffement climatique - endorfeen\",\"isPartOf\":{\"@id\":\"https:\/\/endorfeen.com\/fr\/#website\"},\"primaryImageOfPage\":{\"@id\":\"https:\/\/endorfeen.com\/fr\/la-marmolada-brisee-par-le-rechauffement-climatique\/#primaryimage\"},\"image\":{\"@id\":\"https:\/\/endorfeen.com\/fr\/la-marmolada-brisee-par-le-rechauffement-climatique\/#primaryimage\"},\"thumbnailUrl\":\"https:\/\/endorfeen.com\/wp-content\/uploads\/2023\/03\/marco-bonomo-Sa7787z58VQ-unsplash-scaled.jpg\",\"datePublished\":\"2023-03-14T19:26:00+00:00\",\"dateModified\":\"2023-08-18T10:02:05+00:00\",\"description\":\"La Marmolada est le plus haut et le plus renomm\u00e9 des massifs des Dolomites, situ\u00e9 au nord de la r\u00e9gion de V\u00e9n\u00e9tie. On peut y acc\u00e9der...\",\"breadcrumb\":{\"@id\":\"https:\/\/endorfeen.com\/fr\/la-marmolada-brisee-par-le-rechauffement-climatique\/#breadcrumb\"},\"inLanguage\":\"fr-FR\",\"potentialAction\":[{\"@type\":\"ReadAction\",\"target\":[\"https:\/\/endorfeen.com\/fr\/la-marmolada-brisee-par-le-rechauffement-climatique\/\"]}]},{\"@type\":\"ImageObject\",\"inLanguage\":\"fr-FR\",\"@id\":\"https:\/\/endorfeen.com\/fr\/la-marmolada-brisee-par-le-rechauffement-climatique\/#primaryimage\",\"url\":\"https:\/\/endorfeen.com\/wp-content\/uploads\/2023\/03\/marco-bonomo-Sa7787z58VQ-unsplash-scaled.jpg\",\"contentUrl\":\"https:\/\/endorfeen.com\/wp-content\/uploads\/2023\/03\/marco-bonomo-Sa7787z58VQ-unsplash-scaled.jpg\",\"width\":2048,\"height\":1366,\"caption\":\"Photo by Marco Bonomo on Unsplash\"},{\"@type\":\"BreadcrumbList\",\"@id\":\"https:\/\/endorfeen.com\/fr\/la-marmolada-brisee-par-le-rechauffement-climatique\/#breadcrumb\",\"itemListElement\":[{\"@type\":\"ListItem\",\"position\":1,\"name\":\"Home\",\"item\":\"https:\/\/endorfeen.com\/fr\/\"},{\"@type\":\"ListItem\",\"position\":2,\"name\":\"La Marmolada bris\u00e9e par le r\u00e9chauffement climatique\"}]},{\"@type\":\"WebSite\",\"@id\":\"https:\/\/endorfeen.com\/fr\/#website\",\"url\":\"https:\/\/endorfeen.com\/fr\/\",\"name\":\"endorfeen\",\"description\":\"The Media For Sustainable Outdoors.\",\"publisher\":{\"@id\":\"https:\/\/endorfeen.com\/fr\/#organization\"},\"potentialAction\":[{\"@type\":\"SearchAction\",\"target\":{\"@type\":\"EntryPoint\",\"urlTemplate\":\"https:\/\/endorfeen.com\/fr\/?s={search_term_string}\"},\"query-input\":{\"@type\":\"PropertyValueSpecification\",\"valueRequired\":true,\"valueName\":\"search_term_string\"}}],\"inLanguage\":\"fr-FR\"},{\"@type\":\"Organization\",\"@id\":\"https:\/\/endorfeen.com\/fr\/#organization\",\"name\":\"endorfeen\",\"url\":\"https:\/\/endorfeen.com\/fr\/\",\"logo\":{\"@type\":\"ImageObject\",\"inLanguage\":\"fr-FR\",\"@id\":\"https:\/\/endorfeen.com\/fr\/#\/schema\/logo\/image\/\",\"url\":\"https:\/\/endorfeen.com\/wp-content\/uploads\/2022\/06\/Circle-endorfeen-site-icon-circled-1000-x-1000-300psi.png\",\"contentUrl\":\"https:\/\/endorfeen.com\/wp-content\/uploads\/2022\/06\/Circle-endorfeen-site-icon-circled-1000-x-1000-300psi.png\",\"width\":1000,\"height\":1000,\"caption\":\"endorfeen\"},\"image\":{\"@id\":\"https:\/\/endorfeen.com\/fr\/#\/schema\/logo\/image\/\"}},{\"@type\":\"Person\",\"@id\":\"https:\/\/endorfeen.com\/fr\/#\/schema\/person\/76a61f8eb41d36fffdec1b376fcf19aa\",\"name\":\"Thomas Viguier\",\"image\":{\"@type\":\"ImageObject\",\"inLanguage\":\"fr-FR\",\"@id\":\"https:\/\/endorfeen.com\/fr\/#\/schema\/person\/image\/\",\"url\":\"https:\/\/secure.gravatar.com\/avatar\/3c24e541f6f82c052219429c60a8948b1c9ad8eda6daf26af0a100594146ab1a?s=96&d=mm&r=g\",\"contentUrl\":\"https:\/\/secure.gravatar.com\/avatar\/3c24e541f6f82c052219429c60a8948b1c9ad8eda6daf26af0a100594146ab1a?s=96&d=mm&r=g\",\"caption\":\"Thomas Viguier\"},\"description\":\"Everyone has a story to tell. endorfeen is built as a collaborative platform, giving the voice to anyone with a story to tell. If you have things you want to share, register here.\",\"sameAs\":[\"https:\/\/www.endorfeen.com\/\",\"http:\/\/www.facebook.com\/endorfeen-583261049007200\",\"http:\/\/www.instagram.com\/endorfeen_\/\",\"https:\/\/fi.pinterest.com\/endorfeen_\/\",\"https:\/\/x.com\/https:\/\/twitter.com\/endorfeen_\"],\"url\":\"https:\/\/endorfeen.com\/fr\/linkto\/endorfeen-mag\/\"}]}<\/script>\n<!-- \/ Yoast SEO Premium plugin. -->","yoast_head_json":{"title":"La Marmolada bris\u00e9e par le r\u00e9chauffement climatique - endorfeen","description":"La Marmolada est le plus haut et le plus renomm\u00e9 des massifs des Dolomites, situ\u00e9 au nord de la r\u00e9gion de V\u00e9n\u00e9tie. On peut y acc\u00e9der...","robots":{"index":"index","follow":"follow","max-snippet":"max-snippet:-1","max-image-preview":"max-image-preview:large","max-video-preview":"max-video-preview:-1"},"canonical":"https:\/\/endorfeen.com\/fr\/la-marmolada-brisee-par-le-rechauffement-climatique\/","og_locale":"fr_FR","og_type":"article","og_title":"La Marmolada bris\u00e9e par le r\u00e9chauffement climatique","og_description":"La Marmolada est le plus haut et le plus renomm\u00e9 des massifs des Dolomites, situ\u00e9 au nord de la r\u00e9gion de V\u00e9n\u00e9tie. On peut y acc\u00e9der...","og_url":"https:\/\/endorfeen.com\/fr\/la-marmolada-brisee-par-le-rechauffement-climatique\/","og_site_name":"endorfeen","article_author":"http:\/\/www.facebook.com\/endorfeen-583261049007200","article_published_time":"2023-03-14T19:26:00+00:00","article_modified_time":"2023-08-18T10:02:05+00:00","og_image":[{"width":2560,"height":1708,"url":"https:\/\/endorfeen.com\/wp-content\/uploads\/2023\/03\/marco-bonomo-Sa7787z58VQ-unsplash-scaled.jpg","type":"image\/jpeg"}],"author":"Thomas Viguier","twitter_card":"summary_large_image","twitter_creator":"@https:\/\/twitter.com\/endorfeen_","twitter_misc":{"\u00c9crit par":"Thomas Viguier","Dur\u00e9e de lecture estim\u00e9e":"8 minutes"},"schema":{"@context":"https:\/\/schema.org","@graph":[{"@type":"Article","@id":"https:\/\/endorfeen.com\/fr\/la-marmolada-brisee-par-le-rechauffement-climatique\/#article","isPartOf":{"@id":"https:\/\/endorfeen.com\/fr\/la-marmolada-brisee-par-le-rechauffement-climatique\/"},"author":{"name":"Thomas Viguier","@id":"https:\/\/endorfeen.com\/fr\/#\/schema\/person\/76a61f8eb41d36fffdec1b376fcf19aa"},"headline":"La Marmolada bris\u00e9e par le r\u00e9chauffement climatique","datePublished":"2023-03-14T19:26:00+00:00","dateModified":"2023-08-18T10:02:05+00:00","mainEntityOfPage":{"@id":"https:\/\/endorfeen.com\/fr\/la-marmolada-brisee-par-le-rechauffement-climatique\/"},"wordCount":1853,"commentCount":0,"publisher":{"@id":"https:\/\/endorfeen.com\/fr\/#organization"},"image":{"@id":"https:\/\/endorfeen.com\/fr\/la-marmolada-brisee-par-le-rechauffement-climatique\/#primaryimage"},"thumbnailUrl":"https:\/\/endorfeen.com\/wp-content\/uploads\/2023\/03\/marco-bonomo-Sa7787z58VQ-unsplash-scaled.jpg","keywords":["#climat","#Dolomites","#durabilit\u00e9"],"articleSection":["Durabilit\u00e9","Lieux","Montagnes","Montagnes","Lieux","Durabilit\u00e9","Terre"],"inLanguage":"fr-FR","potentialAction":[{"@type":"CommentAction","name":"Comment","target":["https:\/\/endorfeen.com\/fr\/la-marmolada-brisee-par-le-rechauffement-climatique\/#respond"]}]},{"@type":"WebPage","@id":"https:\/\/endorfeen.com\/fr\/la-marmolada-brisee-par-le-rechauffement-climatique\/","url":"https:\/\/endorfeen.com\/fr\/la-marmolada-brisee-par-le-rechauffement-climatique\/","name":"La Marmolada bris\u00e9e par le r\u00e9chauffement climatique - endorfeen","isPartOf":{"@id":"https:\/\/endorfeen.com\/fr\/#website"},"primaryImageOfPage":{"@id":"https:\/\/endorfeen.com\/fr\/la-marmolada-brisee-par-le-rechauffement-climatique\/#primaryimage"},"image":{"@id":"https:\/\/endorfeen.com\/fr\/la-marmolada-brisee-par-le-rechauffement-climatique\/#primaryimage"},"thumbnailUrl":"https:\/\/endorfeen.com\/wp-content\/uploads\/2023\/03\/marco-bonomo-Sa7787z58VQ-unsplash-scaled.jpg","datePublished":"2023-03-14T19:26:00+00:00","dateModified":"2023-08-18T10:02:05+00:00","description":"La Marmolada est le plus haut et le plus renomm\u00e9 des massifs des Dolomites, situ\u00e9 au nord de la r\u00e9gion de V\u00e9n\u00e9tie. On peut y acc\u00e9der...","breadcrumb":{"@id":"https:\/\/endorfeen.com\/fr\/la-marmolada-brisee-par-le-rechauffement-climatique\/#breadcrumb"},"inLanguage":"fr-FR","potentialAction":[{"@type":"ReadAction","target":["https:\/\/endorfeen.com\/fr\/la-marmolada-brisee-par-le-rechauffement-climatique\/"]}]},{"@type":"ImageObject","inLanguage":"fr-FR","@id":"https:\/\/endorfeen.com\/fr\/la-marmolada-brisee-par-le-rechauffement-climatique\/#primaryimage","url":"https:\/\/endorfeen.com\/wp-content\/uploads\/2023\/03\/marco-bonomo-Sa7787z58VQ-unsplash-scaled.jpg","contentUrl":"https:\/\/endorfeen.com\/wp-content\/uploads\/2023\/03\/marco-bonomo-Sa7787z58VQ-unsplash-scaled.jpg","width":2048,"height":1366,"caption":"Photo by Marco Bonomo on Unsplash"},{"@type":"BreadcrumbList","@id":"https:\/\/endorfeen.com\/fr\/la-marmolada-brisee-par-le-rechauffement-climatique\/#breadcrumb","itemListElement":[{"@type":"ListItem","position":1,"name":"Home","item":"https:\/\/endorfeen.com\/fr\/"},{"@type":"ListItem","position":2,"name":"La Marmolada bris\u00e9e par le r\u00e9chauffement climatique"}]},{"@type":"WebSite","@id":"https:\/\/endorfeen.com\/fr\/#website","url":"https:\/\/endorfeen.com\/fr\/","name":"endorfeen","description":"The Media For Sustainable Outdoors.","publisher":{"@id":"https:\/\/endorfeen.com\/fr\/#organization"},"potentialAction":[{"@type":"SearchAction","target":{"@type":"EntryPoint","urlTemplate":"https:\/\/endorfeen.com\/fr\/?s={search_term_string}"},"query-input":{"@type":"PropertyValueSpecification","valueRequired":true,"valueName":"search_term_string"}}],"inLanguage":"fr-FR"},{"@type":"Organization","@id":"https:\/\/endorfeen.com\/fr\/#organization","name":"endorfeen","url":"https:\/\/endorfeen.com\/fr\/","logo":{"@type":"ImageObject","inLanguage":"fr-FR","@id":"https:\/\/endorfeen.com\/fr\/#\/schema\/logo\/image\/","url":"https:\/\/endorfeen.com\/wp-content\/uploads\/2022\/06\/Circle-endorfeen-site-icon-circled-1000-x-1000-300psi.png","contentUrl":"https:\/\/endorfeen.com\/wp-content\/uploads\/2022\/06\/Circle-endorfeen-site-icon-circled-1000-x-1000-300psi.png","width":1000,"height":1000,"caption":"endorfeen"},"image":{"@id":"https:\/\/endorfeen.com\/fr\/#\/schema\/logo\/image\/"}},{"@type":"Person","@id":"https:\/\/endorfeen.com\/fr\/#\/schema\/person\/76a61f8eb41d36fffdec1b376fcf19aa","name":"Thomas Viguier","image":{"@type":"ImageObject","inLanguage":"fr-FR","@id":"https:\/\/endorfeen.com\/fr\/#\/schema\/person\/image\/","url":"https:\/\/secure.gravatar.com\/avatar\/3c24e541f6f82c052219429c60a8948b1c9ad8eda6daf26af0a100594146ab1a?s=96&d=mm&r=g","contentUrl":"https:\/\/secure.gravatar.com\/avatar\/3c24e541f6f82c052219429c60a8948b1c9ad8eda6daf26af0a100594146ab1a?s=96&d=mm&r=g","caption":"Thomas Viguier"},"description":"Everyone has a story to tell. endorfeen is built as a collaborative platform, giving the voice to anyone with a story to tell. If you have things you want to share, register here.","sameAs":["https:\/\/www.endorfeen.com\/","http:\/\/www.facebook.com\/endorfeen-583261049007200","http:\/\/www.instagram.com\/endorfeen_\/","https:\/\/fi.pinterest.com\/endorfeen_\/","https:\/\/x.com\/https:\/\/twitter.com\/endorfeen_"],"url":"https:\/\/endorfeen.com\/fr\/linkto\/endorfeen-mag\/"}]}},"featured_image_src":"https:\/\/endorfeen.com\/wp-content\/uploads\/2023\/03\/marco-bonomo-Sa7787z58VQ-unsplash-600x400.jpg","featured_image_src_square":"https:\/\/endorfeen.com\/wp-content\/uploads\/2023\/03\/marco-bonomo-Sa7787z58VQ-unsplash-600x600.jpg","author_info":{"display_name":"Thomas Viguier","author_link":"https:\/\/endorfeen.com\/fr\/linkto\/endorfeen-mag\/"},"acf":[],"_links":{"self":[{"href":"https:\/\/endorfeen.com\/fr\/wp-json\/wp\/v2\/posts\/10214","targetHints":{"allow":["GET"]}}],"collection":[{"href":"https:\/\/endorfeen.com\/fr\/wp-json\/wp\/v2\/posts"}],"about":[{"href":"https:\/\/endorfeen.com\/fr\/wp-json\/wp\/v2\/types\/post"}],"author":[{"embeddable":true,"href":"https:\/\/endorfeen.com\/fr\/wp-json\/wp\/v2\/users\/30"}],"replies":[{"embeddable":true,"href":"https:\/\/endorfeen.com\/fr\/wp-json\/wp\/v2\/comments?post=10214"}],"version-history":[{"count":0,"href":"https:\/\/endorfeen.com\/fr\/wp-json\/wp\/v2\/posts\/10214\/revisions"}],"wp:featuredmedia":[{"embeddable":true,"href":"https:\/\/endorfeen.com\/fr\/wp-json\/wp\/v2\/media\/10215"}],"wp:attachment":[{"href":"https:\/\/endorfeen.com\/fr\/wp-json\/wp\/v2\/media?parent=10214"}],"wp:term":[{"taxonomy":"category","embeddable":true,"href":"https:\/\/endorfeen.com\/fr\/wp-json\/wp\/v2\/categories?post=10214"},{"taxonomy":"post_tag","embeddable":true,"href":"https:\/\/endorfeen.com\/fr\/wp-json\/wp\/v2\/tags?post=10214"},{"taxonomy":"sponsor","embeddable":true,"href":"https:\/\/endorfeen.com\/fr\/wp-json\/wp\/v2\/sponsor?post=10214"}],"curies":[{"name":"wp","href":"https:\/\/api.w.org\/{rel}","templated":true}]}}