{"id":10181,"date":"2023-03-10T15:23:03","date_gmt":"2023-03-10T15:23:03","guid":{"rendered":"https:\/\/endorfeen.com\/?p=10181"},"modified":"2023-08-18T11:02:11","modified_gmt":"2023-08-18T10:02:11","slug":"pierra-menta-2023-j2-la-deuxieme-journee","status":"publish","type":"post","link":"https:\/\/endorfeen.com\/fr\/pierra-menta-2023-j2-la-deuxieme-journee\/","title":{"rendered":"Pierra Menta 2023 J2 &#8211; la deuxi\u00e8me journ\u00e9e"},"content":{"rendered":"\n<p>Pierra Menta 2023 J2 &#8211; Apr\u00e8s la neige, les coureurs ont \u00e9t\u00e9 accueillis par le soleil lors de la deuxi\u00e8me \u00e9tape de <a href=\"https:\/\/endorfeen.com\/fr\/la-pierra-menta-legende-et-defi-du-ski-alpinisme\/\">la Pierra Menta<\/a>. Cette \u00e9tape comportait 2610 m\u00e8tres de d\u00e9nivel\u00e9 positif et plus de 25 km dans la r\u00e9gion du Col de la Forclaz. <\/p>\n\n\n\n<p>Alors que la comp\u00e9tition reste incertaine dans la cat\u00e9gorie masculine, les fran\u00e7aises Axelle Mollaret et \u00c9mily Harrop ont largement domin\u00e9 la cat\u00e9gorie f\u00e9minine.<\/p>\n\n\n\n<h3 class=\"wp-block-heading\" id=\"h-pierra-menta-2023-j2-axelle-gachet-mollaret-emily-harrop-en-leaders\">Pierra Menta 2023 J2 &#8211; Axelle Gachet-Mollaret &amp; \u00c9mily Harrop en leaders<\/h3>\n\n\n\n<p><a href=\"https:\/\/endorfeen.com\/fr\/pierra-menta-2023-j1-retour-sur-le-premier-jour-de-course\/\">Apr\u00e8s avoir impressionn\u00e9 lors de la premi\u00e8re \u00e9tape<\/a>, les femmes exceptionnelles de <a href=\"https:\/\/endorfeen.com\/fr\/la-pierra-menta-legende-et-defi-du-ski-alpinisme\/\">la Pierra Menta<\/a> ont confirm\u00e9 leur r\u00e9putation en prenant \u00e0 nouveau la premi\u00e8re place lors de cette deuxi\u00e8me \u00e9tape.<\/p>\n\n\n\n<figure class=\"wp-block-image size-large\"><img loading=\"lazy\" decoding=\"async\" width=\"1024\" height=\"683\" src=\"https:\/\/endorfeen.com\/wp-content\/uploads\/2023\/03\/jocelynchavy_pierramenta-2972-1024x683.jpg\" alt=\"\" class=\"wp-image-10187\" srcset=\"https:\/\/endorfeen.com\/wp-content\/uploads\/2023\/03\/jocelynchavy_pierramenta-2972-300x200.jpg 300w, https:\/\/endorfeen.com\/wp-content\/uploads\/2023\/03\/jocelynchavy_pierramenta-2972-600x400.jpg 600w, https:\/\/endorfeen.com\/wp-content\/uploads\/2023\/03\/jocelynchavy_pierramenta-2972-768x512.jpg 768w, https:\/\/endorfeen.com\/wp-content\/uploads\/2023\/03\/jocelynchavy_pierramenta-2972-1024x683.jpg 1024w, https:\/\/endorfeen.com\/wp-content\/uploads\/2023\/03\/jocelynchavy_pierramenta-2972-1536x1025.jpg 1536w, https:\/\/endorfeen.com\/wp-content\/uploads\/2023\/03\/jocelynchavy_pierramenta-2972-scaled.jpg 2048w\" sizes=\"auto, (max-width: 1024px) 100vw, 1024px\" \/><figcaption class=\"wp-element-caption\">Emily Harrop Axelle Gachet Mollaret Pierra Menta 2023 \u00a9Jocelyn Chavy<\/figcaption><\/figure>\n\n\n\n<p>Le duo fran\u00e7ais ne semble pas du tout inquiet : apr\u00e8s avoir remport\u00e9 la premi\u00e8re \u00e9tape avec plus de 11 minutes d&rsquo;avance, les deux Fran\u00e7aises ont creus\u00e9 l&rsquo;\u00e9cart lors de la deuxi\u00e8me \u00e9tape longue et ont pris une avance de 16 minutes sur leurs compatriotes Candice et L\u00e9na Bonnel, qui les poursuivaient.<\/p>\n\n\n\n<p>Les deux Fran\u00e7aises, toutes deux championnes du monde par \u00e9quipe r\u00e9cemment, devraient pouvoir g\u00e9rer la fin de la course et remporter la victoire en fin de semaine, sauf en cas d&rsquo;incident majeur (elles ont maintenant une avance de pr\u00e8s de 27 minutes). Les Italiennes Martina Valmassoi et Elena Nicolini compl\u00e8tent actuellement le podium.<\/p>\n\n\n\n<figure class=\"wp-block-pullquote\"><blockquote><p>\u00ab\u00a0\u00c7a va \u00eatre une belle \u00e9tape, nous allons faire les choses calmement sans faire de<br>b\u00eatises.\u00a0\u00bb<\/p><cite>Axelle Gachet-Mollaret<\/cite><\/blockquote><\/figure>\n\n\n\n<h3 class=\"wp-block-heading\">Le duo d&rsquo;Ar\u00eaches, qui a remport\u00e9 cette deuxi\u00e8me \u00e9tape, a \u00e9t\u00e9 suivi de pr\u00e8s par les Italiens.<\/h3>\n\n\n\n<p>Les coureurs ont pris le d\u00e9part de cette deuxi\u00e8me \u00e9tape de <a href=\"https:\/\/endorfeen.com\/fr\/la-pierra-menta-legende-et-defi-du-ski-alpinisme\/\">la Pierra Menta<\/a> sous le soleil du Beaufortain \u00e0 8h00, au son traditionnel des cloches, avant de s&rsquo;affronter.<\/p>\n\n\n\n<p>Les Italiens Nadir Maguet et Matteo Eydallin, qui \u00e9taient en t\u00eate la veille, ont \u00e9t\u00e9 d\u00e9tr\u00f4n\u00e9s aujourd&rsquo;hui par les locaux William Bon Mardion et Xavier Gachet, qui ont franchi la ligne d&rsquo;arriv\u00e9e en 2h37&rsquo;40\u00a0\u00bb, d\u00e9crochant ainsi la premi\u00e8re place du podium. Tr\u00e8s efficaces en descente, Gachet et Bon Mardion ont pu faire valoir leur exp\u00e9rience et creuser progressivement l&rsquo;\u00e9cart sur leurs poursuivants.<\/p>\n\n\n\n<figure class=\"wp-block-image size-large\"><img loading=\"lazy\" decoding=\"async\" width=\"1024\" height=\"683\" src=\"https:\/\/endorfeen.com\/wp-content\/uploads\/2023\/03\/jocelynchavy_pierramenta-5296-1-1024x683.jpg\" alt=\"\" class=\"wp-image-10189\" srcset=\"https:\/\/endorfeen.com\/wp-content\/uploads\/2023\/03\/jocelynchavy_pierramenta-5296-1-300x200.jpg 300w, https:\/\/endorfeen.com\/wp-content\/uploads\/2023\/03\/jocelynchavy_pierramenta-5296-1-600x400.jpg 600w, https:\/\/endorfeen.com\/wp-content\/uploads\/2023\/03\/jocelynchavy_pierramenta-5296-1-768x512.jpg 768w, https:\/\/endorfeen.com\/wp-content\/uploads\/2023\/03\/jocelynchavy_pierramenta-5296-1-1024x683.jpg 1024w, https:\/\/endorfeen.com\/wp-content\/uploads\/2023\/03\/jocelynchavy_pierramenta-5296-1-1536x1024.jpg 1536w, https:\/\/endorfeen.com\/wp-content\/uploads\/2023\/03\/jocelynchavy_pierramenta-5296-1-scaled.jpg 2048w\" sizes=\"auto, (max-width: 1024px) 100vw, 1024px\" \/><figcaption class=\"wp-element-caption\">\u00a9\ufe0f Jocelyn Chavy<\/figcaption><\/figure>\n\n\n\n<p>Apr\u00e8s une premi\u00e8re journ\u00e9e catastrophique due \u00e0 de gros probl\u00e8mes mat\u00e9riels alors qu&rsquo;ils \u00e9taient en t\u00eate de la course, les deux Ar\u00eachois, Xavier Gachet et William Bon Mardion, ont r\u00e9ussi \u00e0 revenir aux avant-postes lors de cette deuxi\u00e8me \u00e9tape, apr\u00e8s une lutte acharn\u00e9e avec l&rsquo;\u00e9quipe italienne Boscacci\/Magnini.<\/p>\n\n\n\n<p>Une magnifique performance pour les deux membres du club d&rsquo;Ar\u00eaches-Beaufort qui se sont battus tout au long de cette \u00e9tape et ont r\u00e9ussi \u00e0 remonter 3 places au classement. William Bon Mardion, d\u00e9j\u00e0 vainqueur en 2013, s&rsquo;aligne pour la deuxi\u00e8me fois aux c\u00f4t\u00e9s de Xavier Gachet. Leur objectif est clair : remporter la 37\u00e8me \u00e9dition de <a href=\"https:\/\/endorfeen.com\/fr\/la-pierra-menta-legende-et-defi-du-ski-alpinisme\/\">la Pierra Menta<\/a> !<\/p>\n\n\n\n<p>Gr\u00e2ce \u00e0 cette victoire, ils ont r\u00e9ussi \u00e0 passer de la 5\u00e8me place au classement g\u00e9n\u00e9ral provisoire \u00e0 la 3\u00e8me place (\u00e0 3&rsquo;04 de la t\u00eate de course), devanc\u00e9s d\u00e9sormais par une autre \u00e9quipe fran\u00e7aise, Math\u00e9o Jacquemoud et Samuel Equy (3\u00e8me sur les deux \u00e9tapes et \u00e0 2&rsquo;24 de la t\u00eate de course), ainsi que l&rsquo;\u00e9quipe italienne, Michele Boscacci et Davide Magnini, qui \u00e9tait en t\u00eate du classement g\u00e9n\u00e9ral apr\u00e8s avoir termin\u00e9 2\u00e8me mercredi et jeudi.<\/p>\n\n\n\n<h3 class=\"wp-block-heading\">Pierra Menta 2023 J2 &#8211; les r\u00e9sultats de la journ\u00e9e<\/h3>\n\n\n\n<h4 class=\"wp-block-heading\">Classement homme<\/h4>\n\n\n\n<ol class=\"wp-block-list\">\n<li>(FR) Xavier Gachet &#8211; &amp; William Bon Mardion &#8211; 2:37:40<\/li>\n\n\n\n<li>(ITA) Michele Boscacci &amp; Davide Magnigni &#8211; 2:37:42<\/li>\n\n\n\n<li>(FR) Samuel \u00c9quy &amp; Math\u00e9o Jacquemoud &#8211; 2:39:42<\/li>\n\n\n\n<li>(FR) Jakob Herrmann &amp; Martin Anthamatten &#8211; 2:40:36<\/li>\n\n\n\n<li>(ITA) Nadir Maguet &amp; Matteo Eydallin &#8211; 2:41:45<\/li>\n\n\n\n<li>(ITA) William Boffelli &amp; Alex Oberbacher &#8211; 2:50:16<\/li>\n\n\n\n<li>(FR) Aur\u00e9lien Dunand Pallaz &amp; Julien Michelon &#8211; 2:51:01<\/li>\n\n\n\n<li>(FR) Alexis Sevennec &amp; Anselme Damevin &#8211; 2:51:57<\/li>\n\n\n\n<li>(FR) Germain Grangier &amp; Valentin Clarys &#8211; 2:52:03<\/li>\n\n\n\n<li>(SD-B) Petter Engdahl &amp; Jonathan Albon &#8211; 2:54:13<\/li>\n<\/ol>\n\n\n\n<h4 class=\"wp-block-heading\">Classement femme<\/h4>\n\n\n\n<ol class=\"wp-block-list\">\n<li>(FR) Axelle Mollaret &amp; \u00c9mily Harrop &#8211; 3:04:42<\/li>\n\n\n\n<li>(FR) Candine Bonnel &amp; L\u00e9na Bonnel &#8211; 3:20:32<\/li>\n\n\n\n<li>(ITA) Martina Valmassoi &amp; Elena Nicolini &#8211; 3:32:21<\/li>\n\n\n\n<li>(AM) Kylee Ohler &amp; Rea Kolbl &#8211; 3:38:42<\/li>\n\n\n\n<li>(FR) Anna Tybor &amp; \u00c9lise Poncet &#8211; 3:50:07<\/li>\n\n\n\n<li>(FR) Laurie Renoton &amp; P\u00e9rine Gindre &#8211; 4:07:47<\/li>\n\n\n\n<li>(FR) Marie Charlotte Iratzoquy &amp; Grace Staberg &#8211; 4:15:16<\/li>\n\n\n\n<li>(FR) Romane Lafarge &amp; Sophie Mollard &#8211; 4:16:33<\/li>\n\n\n\n<li>(FR) Katrin Bieler &amp; M\u00e9lanie Rousset &#8211; 4:20:28<\/li>\n\n\n\n<li>(AL) Jacqueline Brandl &amp; Bianca Somavilla &#8211; 4:21:29<\/li>\n<\/ol>\n\n\n\n<figure class=\"wp-block-image size-large\"><img loading=\"lazy\" decoding=\"async\" width=\"1024\" height=\"683\" src=\"https:\/\/endorfeen.com\/wp-content\/uploads\/2023\/03\/jocelynchavy_pierramenta-5461-1024x683.jpg\" alt=\"\" class=\"wp-image-10191\" srcset=\"https:\/\/endorfeen.com\/wp-content\/uploads\/2023\/03\/jocelynchavy_pierramenta-5461-300x200.jpg 300w, https:\/\/endorfeen.com\/wp-content\/uploads\/2023\/03\/jocelynchavy_pierramenta-5461-600x400.jpg 600w, https:\/\/endorfeen.com\/wp-content\/uploads\/2023\/03\/jocelynchavy_pierramenta-5461-768x512.jpg 768w, https:\/\/endorfeen.com\/wp-content\/uploads\/2023\/03\/jocelynchavy_pierramenta-5461-1024x683.jpg 1024w, https:\/\/endorfeen.com\/wp-content\/uploads\/2023\/03\/jocelynchavy_pierramenta-5461-1536x1024.jpg 1536w, https:\/\/endorfeen.com\/wp-content\/uploads\/2023\/03\/jocelynchavy_pierramenta-5461-scaled.jpg 2048w\" sizes=\"auto, (max-width: 1024px) 100vw, 1024px\" \/><figcaption class=\"wp-element-caption\">\u00a9\ufe0f Jocelyn Chavy<\/figcaption><\/figure>\n","protected":false},"excerpt":{"rendered":"<p>Pierra Menta 2023 J2 &#8211; Apr\u00e8s la neige, les coureurs ont \u00e9t\u00e9 accueillis par le soleil lors de la deuxi\u00e8me \u00e9tape de la Pierra Menta. Cette \u00e9tape comportait 2610 m\u00e8tres de d\u00e9nivel\u00e9 positif et plus de 25 km dans la r\u00e9gion du Col de la Forclaz. Alors que la comp\u00e9tition reste incertaine dans la cat\u00e9gorie &hellip;<\/p>\n","protected":false},"author":30,"featured_media":10185,"comment_status":"open","ping_status":"open","sticky":false,"template":"","format":"standard","meta":{"_acf_changed":false,"_genesis_hide_title":false,"_genesis_hide_breadcrumbs":false,"_genesis_hide_singular_image":false,"_genesis_hide_footer_widgets":false,"_genesis_custom_body_class":"","_genesis_custom_post_class":"","_genesis_layout":"","footnotes":""},"categories":[170],"tags":[717],"sponsor":[1087],"class_list":{"2":"type-post","7":"category-aventures","8":"tag-ski-alpinisme","9":"sponsor-endorfeen","10":"entry"},"yoast_head":"<!-- This site is optimized with the Yoast SEO Premium plugin v26.2 (Yoast SEO v26.2) - https:\/\/yoast.com\/wordpress\/plugins\/seo\/ -->\n<title>Pierra Menta 2023 J2 - la deuxi\u00e8me journ\u00e9e - endorfeen<\/title>\n<meta name=\"description\" content=\"Pierra Menta 2023 J2: Apr\u00e8s la neige, les coureurs ont \u00e9t\u00e9 accueillis par le soleil lors de la deuxi\u00e8me \u00e9tape de la Pierra Menta. Cette...\" \/>\n<meta name=\"robots\" content=\"index, follow, max-snippet:-1, max-image-preview:large, max-video-preview:-1\" \/>\n<link rel=\"canonical\" href=\"https:\/\/endorfeen.com\/fr\/pierra-menta-2023-j2-la-deuxieme-journee\/\" \/>\n<meta property=\"og:locale\" content=\"fr_FR\" \/>\n<meta property=\"og:type\" content=\"article\" \/>\n<meta property=\"og:title\" content=\"Pierra Menta 2023 J2 - la deuxi\u00e8me journ\u00e9e\" \/>\n<meta property=\"og:description\" content=\"Pierra Menta 2023 J2: Apr\u00e8s la neige, les coureurs ont \u00e9t\u00e9 accueillis par le soleil lors de la deuxi\u00e8me \u00e9tape de la Pierra Menta. Cette...\" \/>\n<meta property=\"og:url\" content=\"https:\/\/endorfeen.com\/fr\/pierra-menta-2023-j2-la-deuxieme-journee\/\" \/>\n<meta property=\"og:site_name\" content=\"endorfeen\" \/>\n<meta property=\"article:author\" content=\"http:\/\/www.facebook.com\/endorfeen-583261049007200\" \/>\n<meta property=\"article:published_time\" content=\"2023-03-10T15:23:03+00:00\" \/>\n<meta property=\"article:modified_time\" content=\"2023-08-18T10:02:11+00:00\" \/>\n<meta property=\"og:image\" content=\"https:\/\/endorfeen.com\/wp-content\/uploads\/2023\/03\/jocelynchavy_pierramenta-5296-scaled.jpg\" \/>\n\t<meta property=\"og:image:width\" content=\"2560\" \/>\n\t<meta property=\"og:image:height\" content=\"1707\" \/>\n\t<meta property=\"og:image:type\" content=\"image\/jpeg\" \/>\n<meta name=\"author\" content=\"Thomas Viguier\" \/>\n<meta name=\"twitter:card\" content=\"summary_large_image\" \/>\n<meta name=\"twitter:creator\" content=\"@https:\/\/twitter.com\/endorfeen_\" \/>\n<meta name=\"twitter:label1\" content=\"\u00c9crit par\" \/>\n\t<meta name=\"twitter:data1\" content=\"Thomas Viguier\" \/>\n\t<meta name=\"twitter:label2\" content=\"Dur\u00e9e de lecture estim\u00e9e\" \/>\n\t<meta name=\"twitter:data2\" content=\"4 minutes\" \/>\n<script type=\"application\/ld+json\" class=\"yoast-schema-graph\">{\"@context\":\"https:\/\/schema.org\",\"@graph\":[{\"@type\":\"Article\",\"@id\":\"https:\/\/endorfeen.com\/fr\/pierra-menta-2023-j2-la-deuxieme-journee\/#article\",\"isPartOf\":{\"@id\":\"https:\/\/endorfeen.com\/fr\/pierra-menta-2023-j2-la-deuxieme-journee\/\"},\"author\":{\"name\":\"Thomas Viguier\",\"@id\":\"https:\/\/endorfeen.com\/fr\/#\/schema\/person\/76a61f8eb41d36fffdec1b376fcf19aa\"},\"headline\":\"Pierra Menta 2023 J2 &#8211; la deuxi\u00e8me journ\u00e9e\",\"datePublished\":\"2023-03-10T15:23:03+00:00\",\"dateModified\":\"2023-08-18T10:02:11+00:00\",\"mainEntityOfPage\":{\"@id\":\"https:\/\/endorfeen.com\/fr\/pierra-menta-2023-j2-la-deuxieme-journee\/\"},\"wordCount\":773,\"commentCount\":0,\"publisher\":{\"@id\":\"https:\/\/endorfeen.com\/fr\/#organization\"},\"image\":{\"@id\":\"https:\/\/endorfeen.com\/fr\/pierra-menta-2023-j2-la-deuxieme-journee\/#primaryimage\"},\"thumbnailUrl\":\"https:\/\/endorfeen.com\/wp-content\/uploads\/2023\/03\/jocelynchavy_pierramenta-5296-scaled.jpg\",\"keywords\":[\"#Ski-Alpinisme\"],\"articleSection\":[\"Aventures\"],\"inLanguage\":\"fr-FR\",\"potentialAction\":[{\"@type\":\"CommentAction\",\"name\":\"Comment\",\"target\":[\"https:\/\/endorfeen.com\/fr\/pierra-menta-2023-j2-la-deuxieme-journee\/#respond\"]}]},{\"@type\":\"WebPage\",\"@id\":\"https:\/\/endorfeen.com\/fr\/pierra-menta-2023-j2-la-deuxieme-journee\/\",\"url\":\"https:\/\/endorfeen.com\/fr\/pierra-menta-2023-j2-la-deuxieme-journee\/\",\"name\":\"Pierra Menta 2023 J2 - la deuxi\u00e8me journ\u00e9e - endorfeen\",\"isPartOf\":{\"@id\":\"https:\/\/endorfeen.com\/fr\/#website\"},\"primaryImageOfPage\":{\"@id\":\"https:\/\/endorfeen.com\/fr\/pierra-menta-2023-j2-la-deuxieme-journee\/#primaryimage\"},\"image\":{\"@id\":\"https:\/\/endorfeen.com\/fr\/pierra-menta-2023-j2-la-deuxieme-journee\/#primaryimage\"},\"thumbnailUrl\":\"https:\/\/endorfeen.com\/wp-content\/uploads\/2023\/03\/jocelynchavy_pierramenta-5296-scaled.jpg\",\"datePublished\":\"2023-03-10T15:23:03+00:00\",\"dateModified\":\"2023-08-18T10:02:11+00:00\",\"description\":\"Pierra Menta 2023 J2: Apr\u00e8s la neige, les coureurs ont \u00e9t\u00e9 accueillis par le soleil lors de la deuxi\u00e8me \u00e9tape de la Pierra Menta. Cette...\",\"breadcrumb\":{\"@id\":\"https:\/\/endorfeen.com\/fr\/pierra-menta-2023-j2-la-deuxieme-journee\/#breadcrumb\"},\"inLanguage\":\"fr-FR\",\"potentialAction\":[{\"@type\":\"ReadAction\",\"target\":[\"https:\/\/endorfeen.com\/fr\/pierra-menta-2023-j2-la-deuxieme-journee\/\"]}]},{\"@type\":\"ImageObject\",\"inLanguage\":\"fr-FR\",\"@id\":\"https:\/\/endorfeen.com\/fr\/pierra-menta-2023-j2-la-deuxieme-journee\/#primaryimage\",\"url\":\"https:\/\/endorfeen.com\/wp-content\/uploads\/2023\/03\/jocelynchavy_pierramenta-5296-scaled.jpg\",\"contentUrl\":\"https:\/\/endorfeen.com\/wp-content\/uploads\/2023\/03\/jocelynchavy_pierramenta-5296-scaled.jpg\",\"width\":2048,\"height\":1366,\"caption\":\"\u00a9\ufe0f Jocelyn Chavy\"},{\"@type\":\"BreadcrumbList\",\"@id\":\"https:\/\/endorfeen.com\/fr\/pierra-menta-2023-j2-la-deuxieme-journee\/#breadcrumb\",\"itemListElement\":[{\"@type\":\"ListItem\",\"position\":1,\"name\":\"Home\",\"item\":\"https:\/\/endorfeen.com\/fr\/\"},{\"@type\":\"ListItem\",\"position\":2,\"name\":\"Pierra Menta 2023 J2 &#8211; la deuxi\u00e8me journ\u00e9e\"}]},{\"@type\":\"WebSite\",\"@id\":\"https:\/\/endorfeen.com\/fr\/#website\",\"url\":\"https:\/\/endorfeen.com\/fr\/\",\"name\":\"endorfeen\",\"description\":\"The Media For Sustainable Outdoors.\",\"publisher\":{\"@id\":\"https:\/\/endorfeen.com\/fr\/#organization\"},\"potentialAction\":[{\"@type\":\"SearchAction\",\"target\":{\"@type\":\"EntryPoint\",\"urlTemplate\":\"https:\/\/endorfeen.com\/fr\/?s={search_term_string}\"},\"query-input\":{\"@type\":\"PropertyValueSpecification\",\"valueRequired\":true,\"valueName\":\"search_term_string\"}}],\"inLanguage\":\"fr-FR\"},{\"@type\":\"Organization\",\"@id\":\"https:\/\/endorfeen.com\/fr\/#organization\",\"name\":\"endorfeen\",\"url\":\"https:\/\/endorfeen.com\/fr\/\",\"logo\":{\"@type\":\"ImageObject\",\"inLanguage\":\"fr-FR\",\"@id\":\"https:\/\/endorfeen.com\/fr\/#\/schema\/logo\/image\/\",\"url\":\"https:\/\/endorfeen.com\/wp-content\/uploads\/2022\/06\/Circle-endorfeen-site-icon-circled-1000-x-1000-300psi.png\",\"contentUrl\":\"https:\/\/endorfeen.com\/wp-content\/uploads\/2022\/06\/Circle-endorfeen-site-icon-circled-1000-x-1000-300psi.png\",\"width\":1000,\"height\":1000,\"caption\":\"endorfeen\"},\"image\":{\"@id\":\"https:\/\/endorfeen.com\/fr\/#\/schema\/logo\/image\/\"}},{\"@type\":\"Person\",\"@id\":\"https:\/\/endorfeen.com\/fr\/#\/schema\/person\/76a61f8eb41d36fffdec1b376fcf19aa\",\"name\":\"Thomas Viguier\",\"image\":{\"@type\":\"ImageObject\",\"inLanguage\":\"fr-FR\",\"@id\":\"https:\/\/endorfeen.com\/fr\/#\/schema\/person\/image\/\",\"url\":\"https:\/\/secure.gravatar.com\/avatar\/3c24e541f6f82c052219429c60a8948b1c9ad8eda6daf26af0a100594146ab1a?s=96&d=mm&r=g\",\"contentUrl\":\"https:\/\/secure.gravatar.com\/avatar\/3c24e541f6f82c052219429c60a8948b1c9ad8eda6daf26af0a100594146ab1a?s=96&d=mm&r=g\",\"caption\":\"Thomas Viguier\"},\"description\":\"Everyone has a story to tell. endorfeen is built as a collaborative platform, giving the voice to anyone with a story to tell. If you have things you want to share, register here.\",\"sameAs\":[\"https:\/\/www.endorfeen.com\/\",\"http:\/\/www.facebook.com\/endorfeen-583261049007200\",\"http:\/\/www.instagram.com\/endorfeen_\/\",\"https:\/\/fi.pinterest.com\/endorfeen_\/\",\"https:\/\/x.com\/https:\/\/twitter.com\/endorfeen_\"],\"url\":\"https:\/\/endorfeen.com\/fr\/linkto\/endorfeen-mag\/\"}]}<\/script>\n<!-- \/ Yoast SEO Premium plugin. -->","yoast_head_json":{"title":"Pierra Menta 2023 J2 - la deuxi\u00e8me journ\u00e9e - endorfeen","description":"Pierra Menta 2023 J2: Apr\u00e8s la neige, les coureurs ont \u00e9t\u00e9 accueillis par le soleil lors de la deuxi\u00e8me \u00e9tape de la Pierra Menta. Cette...","robots":{"index":"index","follow":"follow","max-snippet":"max-snippet:-1","max-image-preview":"max-image-preview:large","max-video-preview":"max-video-preview:-1"},"canonical":"https:\/\/endorfeen.com\/fr\/pierra-menta-2023-j2-la-deuxieme-journee\/","og_locale":"fr_FR","og_type":"article","og_title":"Pierra Menta 2023 J2 - la deuxi\u00e8me journ\u00e9e","og_description":"Pierra Menta 2023 J2: Apr\u00e8s la neige, les coureurs ont \u00e9t\u00e9 accueillis par le soleil lors de la deuxi\u00e8me \u00e9tape de la Pierra Menta. Cette...","og_url":"https:\/\/endorfeen.com\/fr\/pierra-menta-2023-j2-la-deuxieme-journee\/","og_site_name":"endorfeen","article_author":"http:\/\/www.facebook.com\/endorfeen-583261049007200","article_published_time":"2023-03-10T15:23:03+00:00","article_modified_time":"2023-08-18T10:02:11+00:00","og_image":[{"width":2560,"height":1707,"url":"https:\/\/endorfeen.com\/wp-content\/uploads\/2023\/03\/jocelynchavy_pierramenta-5296-scaled.jpg","type":"image\/jpeg"}],"author":"Thomas Viguier","twitter_card":"summary_large_image","twitter_creator":"@https:\/\/twitter.com\/endorfeen_","twitter_misc":{"\u00c9crit par":"Thomas Viguier","Dur\u00e9e de lecture estim\u00e9e":"4 minutes"},"schema":{"@context":"https:\/\/schema.org","@graph":[{"@type":"Article","@id":"https:\/\/endorfeen.com\/fr\/pierra-menta-2023-j2-la-deuxieme-journee\/#article","isPartOf":{"@id":"https:\/\/endorfeen.com\/fr\/pierra-menta-2023-j2-la-deuxieme-journee\/"},"author":{"name":"Thomas Viguier","@id":"https:\/\/endorfeen.com\/fr\/#\/schema\/person\/76a61f8eb41d36fffdec1b376fcf19aa"},"headline":"Pierra Menta 2023 J2 &#8211; la deuxi\u00e8me journ\u00e9e","datePublished":"2023-03-10T15:23:03+00:00","dateModified":"2023-08-18T10:02:11+00:00","mainEntityOfPage":{"@id":"https:\/\/endorfeen.com\/fr\/pierra-menta-2023-j2-la-deuxieme-journee\/"},"wordCount":773,"commentCount":0,"publisher":{"@id":"https:\/\/endorfeen.com\/fr\/#organization"},"image":{"@id":"https:\/\/endorfeen.com\/fr\/pierra-menta-2023-j2-la-deuxieme-journee\/#primaryimage"},"thumbnailUrl":"https:\/\/endorfeen.com\/wp-content\/uploads\/2023\/03\/jocelynchavy_pierramenta-5296-scaled.jpg","keywords":["#Ski-Alpinisme"],"articleSection":["Aventures"],"inLanguage":"fr-FR","potentialAction":[{"@type":"CommentAction","name":"Comment","target":["https:\/\/endorfeen.com\/fr\/pierra-menta-2023-j2-la-deuxieme-journee\/#respond"]}]},{"@type":"WebPage","@id":"https:\/\/endorfeen.com\/fr\/pierra-menta-2023-j2-la-deuxieme-journee\/","url":"https:\/\/endorfeen.com\/fr\/pierra-menta-2023-j2-la-deuxieme-journee\/","name":"Pierra Menta 2023 J2 - la deuxi\u00e8me journ\u00e9e - endorfeen","isPartOf":{"@id":"https:\/\/endorfeen.com\/fr\/#website"},"primaryImageOfPage":{"@id":"https:\/\/endorfeen.com\/fr\/pierra-menta-2023-j2-la-deuxieme-journee\/#primaryimage"},"image":{"@id":"https:\/\/endorfeen.com\/fr\/pierra-menta-2023-j2-la-deuxieme-journee\/#primaryimage"},"thumbnailUrl":"https:\/\/endorfeen.com\/wp-content\/uploads\/2023\/03\/jocelynchavy_pierramenta-5296-scaled.jpg","datePublished":"2023-03-10T15:23:03+00:00","dateModified":"2023-08-18T10:02:11+00:00","description":"Pierra Menta 2023 J2: Apr\u00e8s la neige, les coureurs ont \u00e9t\u00e9 accueillis par le soleil lors de la deuxi\u00e8me \u00e9tape de la Pierra Menta. Cette...","breadcrumb":{"@id":"https:\/\/endorfeen.com\/fr\/pierra-menta-2023-j2-la-deuxieme-journee\/#breadcrumb"},"inLanguage":"fr-FR","potentialAction":[{"@type":"ReadAction","target":["https:\/\/endorfeen.com\/fr\/pierra-menta-2023-j2-la-deuxieme-journee\/"]}]},{"@type":"ImageObject","inLanguage":"fr-FR","@id":"https:\/\/endorfeen.com\/fr\/pierra-menta-2023-j2-la-deuxieme-journee\/#primaryimage","url":"https:\/\/endorfeen.com\/wp-content\/uploads\/2023\/03\/jocelynchavy_pierramenta-5296-scaled.jpg","contentUrl":"https:\/\/endorfeen.com\/wp-content\/uploads\/2023\/03\/jocelynchavy_pierramenta-5296-scaled.jpg","width":2048,"height":1366,"caption":"\u00a9\ufe0f Jocelyn Chavy"},{"@type":"BreadcrumbList","@id":"https:\/\/endorfeen.com\/fr\/pierra-menta-2023-j2-la-deuxieme-journee\/#breadcrumb","itemListElement":[{"@type":"ListItem","position":1,"name":"Home","item":"https:\/\/endorfeen.com\/fr\/"},{"@type":"ListItem","position":2,"name":"Pierra Menta 2023 J2 &#8211; la deuxi\u00e8me journ\u00e9e"}]},{"@type":"WebSite","@id":"https:\/\/endorfeen.com\/fr\/#website","url":"https:\/\/endorfeen.com\/fr\/","name":"endorfeen","description":"The Media For Sustainable Outdoors.","publisher":{"@id":"https:\/\/endorfeen.com\/fr\/#organization"},"potentialAction":[{"@type":"SearchAction","target":{"@type":"EntryPoint","urlTemplate":"https:\/\/endorfeen.com\/fr\/?s={search_term_string}"},"query-input":{"@type":"PropertyValueSpecification","valueRequired":true,"valueName":"search_term_string"}}],"inLanguage":"fr-FR"},{"@type":"Organization","@id":"https:\/\/endorfeen.com\/fr\/#organization","name":"endorfeen","url":"https:\/\/endorfeen.com\/fr\/","logo":{"@type":"ImageObject","inLanguage":"fr-FR","@id":"https:\/\/endorfeen.com\/fr\/#\/schema\/logo\/image\/","url":"https:\/\/endorfeen.com\/wp-content\/uploads\/2022\/06\/Circle-endorfeen-site-icon-circled-1000-x-1000-300psi.png","contentUrl":"https:\/\/endorfeen.com\/wp-content\/uploads\/2022\/06\/Circle-endorfeen-site-icon-circled-1000-x-1000-300psi.png","width":1000,"height":1000,"caption":"endorfeen"},"image":{"@id":"https:\/\/endorfeen.com\/fr\/#\/schema\/logo\/image\/"}},{"@type":"Person","@id":"https:\/\/endorfeen.com\/fr\/#\/schema\/person\/76a61f8eb41d36fffdec1b376fcf19aa","name":"Thomas Viguier","image":{"@type":"ImageObject","inLanguage":"fr-FR","@id":"https:\/\/endorfeen.com\/fr\/#\/schema\/person\/image\/","url":"https:\/\/secure.gravatar.com\/avatar\/3c24e541f6f82c052219429c60a8948b1c9ad8eda6daf26af0a100594146ab1a?s=96&d=mm&r=g","contentUrl":"https:\/\/secure.gravatar.com\/avatar\/3c24e541f6f82c052219429c60a8948b1c9ad8eda6daf26af0a100594146ab1a?s=96&d=mm&r=g","caption":"Thomas Viguier"},"description":"Everyone has a story to tell. endorfeen is built as a collaborative platform, giving the voice to anyone with a story to tell. If you have things you want to share, register here.","sameAs":["https:\/\/www.endorfeen.com\/","http:\/\/www.facebook.com\/endorfeen-583261049007200","http:\/\/www.instagram.com\/endorfeen_\/","https:\/\/fi.pinterest.com\/endorfeen_\/","https:\/\/x.com\/https:\/\/twitter.com\/endorfeen_"],"url":"https:\/\/endorfeen.com\/fr\/linkto\/endorfeen-mag\/"}]}},"featured_image_src":"https:\/\/endorfeen.com\/wp-content\/uploads\/2023\/03\/jocelynchavy_pierramenta-5296-600x400.jpg","featured_image_src_square":"https:\/\/endorfeen.com\/wp-content\/uploads\/2023\/03\/jocelynchavy_pierramenta-5296-600x600.jpg","author_info":{"display_name":"Thomas Viguier","author_link":"https:\/\/endorfeen.com\/fr\/linkto\/endorfeen-mag\/"},"acf":[],"_links":{"self":[{"href":"https:\/\/endorfeen.com\/fr\/wp-json\/wp\/v2\/posts\/10181","targetHints":{"allow":["GET"]}}],"collection":[{"href":"https:\/\/endorfeen.com\/fr\/wp-json\/wp\/v2\/posts"}],"about":[{"href":"https:\/\/endorfeen.com\/fr\/wp-json\/wp\/v2\/types\/post"}],"author":[{"embeddable":true,"href":"https:\/\/endorfeen.com\/fr\/wp-json\/wp\/v2\/users\/30"}],"replies":[{"embeddable":true,"href":"https:\/\/endorfeen.com\/fr\/wp-json\/wp\/v2\/comments?post=10181"}],"version-history":[{"count":0,"href":"https:\/\/endorfeen.com\/fr\/wp-json\/wp\/v2\/posts\/10181\/revisions"}],"wp:featuredmedia":[{"embeddable":true,"href":"https:\/\/endorfeen.com\/fr\/wp-json\/wp\/v2\/media\/10185"}],"wp:attachment":[{"href":"https:\/\/endorfeen.com\/fr\/wp-json\/wp\/v2\/media?parent=10181"}],"wp:term":[{"taxonomy":"category","embeddable":true,"href":"https:\/\/endorfeen.com\/fr\/wp-json\/wp\/v2\/categories?post=10181"},{"taxonomy":"post_tag","embeddable":true,"href":"https:\/\/endorfeen.com\/fr\/wp-json\/wp\/v2\/tags?post=10181"},{"taxonomy":"sponsor","embeddable":true,"href":"https:\/\/endorfeen.com\/fr\/wp-json\/wp\/v2\/sponsor?post=10181"}],"curies":[{"name":"wp","href":"https:\/\/api.w.org\/{rel}","templated":true}]}}