{"id":10170,"date":"2023-03-10T18:24:39","date_gmt":"2023-03-10T18:24:39","guid":{"rendered":"https:\/\/endorfeen.com\/?p=10170"},"modified":"2023-08-18T11:02:07","modified_gmt":"2023-08-18T10:02:07","slug":"marc-andre-leclerc-un-alpiniste-discret","status":"publish","type":"post","link":"https:\/\/endorfeen.com\/fr\/marc-andre-leclerc-un-alpiniste-discret\/","title":{"rendered":"Marc-Andr\u00e9 Leclerc, un alpiniste discret"},"content":{"rendered":"\n<p>Marc-Andr\u00e9 Leclerc est devenu une personnalit\u00e9 connue dans le monde de l&rsquo;escalade, avec la sortie du film the Alpinist en 2021, mais cela aurait pu \u00eatre tr\u00e8s diff\u00e9rent. <\/p>\n\n\n\n<p>De nature solitaire, peu int\u00e9ress\u00e9 par la c\u00e9l\u00e9brit\u00e9 et fuyant les cam\u00e9ras, Marc-Andr\u00e9 pr\u00e9f\u00e9rait grimper dans une relative obscurit\u00e9 \u00e0 un niveau incroyablement \u00e9lev\u00e9. Il aurait pu continuer ainsi.<\/p>\n\n\n\n<p>M\u00eame lorsque les gens ont commenc\u00e9 \u00e0 le remarquer \u00e0 partir de 2015, Marc-Andr\u00e9 s&rsquo;est consacr\u00e9 \u00e0 l&rsquo;escalade pour sa passion. Malgr\u00e9 son talent prodigieux, il n&rsquo;\u00e9tait pas motiv\u00e9 par la richesse, la gloire ou la couverture m\u00e9diatique. Son h\u00e9ritage durable pourrait autant avoir \u00e0 voir avec son attitude que ses exploits. La poursuite de l&rsquo;aventure \u00e9tait sa priorit\u00e9. <\/p>\n\n\n\n<h2 class=\"wp-block-heading\" id=\"h-marc-andre-leclerc-son-enfance\">Marc-Andr\u00e9 Leclerc &#8211; son enfance<\/h2>\n\n\n\n<h3 class=\"wp-block-heading\" id=\"h-fait-pour-le-grand-air\">Fait pour le grand air<\/h3>\n\n\n\n<p>Marc-Andr\u00e9 Leclerc voit le jour le 10 octobre 1992 \u00e0 Fraser Valley, Nanaimo, BC, Canada. Il est le fils de Michelle Kuipers et de Serge Leclerc. Diagnostiqu\u00e9 avec un <a href=\"https:\/\/www.cdc.gov\/ncbddd\/adhd\/facts.html\" target=\"_blank\" rel=\"noreferrer noopener\">TDAH<\/a>, il a du mal \u00e0 s&rsquo;adapter \u00e0 l&rsquo;\u00e9cole au d\u00e9but de sa scolarit\u00e9. Sa m\u00e8re prend alors la d\u00e9cision de l&rsquo;\u00e9duquer \u00e0 la maison pour la majeure partie de son \u00e9ducation \u00e9l\u00e9mentaire. <\/p>\n\n\n\n<p>Cependant, ces le\u00e7ons formelles ne durent souvent pas tr\u00e8s longtemps car sa m\u00e8re l&#8217;emm\u00e8ne r\u00e9guli\u00e8rement \u00e0 la montagne ou en for\u00eat pour observer les roches et les plantes. Ces exp\u00e9riences marquent profond\u00e9ment le jeune gar\u00e7on et l&rsquo;inspirent durablement.<\/p>\n\n\n\n<p>Leclerc \u00e9tait un grand lecteur et d\u00e8s l&rsquo;\u00e2ge de quatre ans, il connaissait l&rsquo;histoire de la conqu\u00eate de l&rsquo;Everest par Edmund Hillary et Tenzing Norgay en 1953. \u00ab\u00a0Il a toujours \u00e9t\u00e9 fascin\u00e9 par les montagnes\u00a0\u00bb, explique Michelle Kuipers. <\/p>\n\n\n\n<p>En raison de ses difficult\u00e9s sociales, il \u00e9tait \u00e9duqu\u00e9 \u00e0 domicile une partie de sa jeunesse. Malgr\u00e9 cela, il \u00e9tait intellectuellement et physiquement pr\u00e9coce.<\/p>\n\n\n\n<h3 class=\"wp-block-heading\" id=\"h-l-escalade-une-histoire-d-amour\">L\u2019escalade, une histoire d\u2019amour<\/h3>\n\n\n\n<p>Son histoire d&rsquo;amour avec l&rsquo;escalade d\u00e9bute lorsque son grand-p\u00e8re lui offre le livre de Chris Bonnington, \u00ab\u00a0Quest for Adventure\u00a0\u00bb, qui le marque profond\u00e9ment en lui montrant des images d&rsquo;individus minuscules escaladant des parois de neige et de glace imposantes, stimulant ainsi son imagination. <\/p>\n\n\n\n<figure class=\"wp-block-image size-large\"><img loading=\"lazy\" decoding=\"async\" width=\"1024\" height=\"614\" src=\"https:\/\/endorfeen.com\/wp-content\/uploads\/2023\/03\/Marc-Andre-Leclerc-1024x614.webp\" alt=\"\" class=\"wp-image-10173\" srcset=\"https:\/\/endorfeen.com\/wp-content\/uploads\/2023\/03\/Marc-Andre-Leclerc-300x180.webp 300w, https:\/\/endorfeen.com\/wp-content\/uploads\/2023\/03\/Marc-Andre-Leclerc-768x461.webp 768w, https:\/\/endorfeen.com\/wp-content\/uploads\/2023\/03\/Marc-Andre-Leclerc-1024x614.webp 1024w, https:\/\/endorfeen.com\/wp-content\/uploads\/2023\/03\/Marc-Andre-Leclerc-1536x922.webp 1536w, https:\/\/endorfeen.com\/wp-content\/uploads\/2023\/03\/Marc-Andre-Leclerc-scaled.webp 2048w\" sizes=\"auto, (max-width: 1024px) 100vw, 1024px\" \/><figcaption class=\"wp-element-caption\">Photograph: Jonathan Griffith<\/figcaption><\/figure>\n\n\n\n<p>\u00c0 l&rsquo;\u00e2ge de neuf ans, il d\u00e9couvre l&rsquo;escalade sur un mur dans un centre commercial. Plus tard cette m\u00eame ann\u00e9e, il s&rsquo;inscrit r\u00e9guli\u00e8rement au gymnase Project Climbing \u00e0 Abbotsford, en Colombie-Britannique, pour grimper.<\/p>\n\n\n\n<p>En 2005, la famille de Marc-Andr\u00e9 Leclerc d\u00e9m\u00e9nage pr\u00e8s des Cascade Mountains, \u00e0 Agassiz. C&rsquo;est l\u00e0 que Marc-Andr\u00e9 commence \u00e0 pratiquer l&rsquo;escalade en se rendant en v\u00e9lo aux Harrison Bluffs o\u00f9 il passe la nuit. Il d\u00e9bute seul, en chaussures de sport et sans entra\u00eenement formel. Plus tard, avec un ami, il apprend \u00e0 manier les pitons et les syst\u00e8mes de corde en lisant de vieux livres.<\/p>\n\n\n\n<p>\u00c0 l&rsquo;\u00e2ge de 14 ans, il travaillait dans la construction avec son p\u00e8re pour se payer son \u00e9quipement d&rsquo;escalade. Un an plus tard, il fixait des anneaux de levage dans les poutres de sa chambre au sous-sol et s&rsquo;y suspendait avec ses piolets.<\/p>\n\n\n\n<p>\u00c0 l&rsquo;\u00e2ge de 15 ans, sa m\u00e8re lui offre un exemplaire de \u00ab\u00a0Mountaineering: The Freedom of the Hills\u00a0\u00bb, ce qui pousse Marc-Andr\u00e9 \u00e0 rejoindre la British Columbia Mountaineering Society. Rapidement, il commence \u00e0 participer \u00e0 des comp\u00e9titions et \u00e0 dominer dans sa cat\u00e9gorie d&rsquo;\u00e2ge. Apr\u00e8s avoir termin\u00e9 ses \u00e9tudes secondaires, il d\u00e9m\u00e9nage \u00e0 Squamish, en Colombie-Britannique, consid\u00e9r\u00e9e comme la Mecque canadienne de l&rsquo;escalade.<\/p>\n\n\n\n<h3 class=\"wp-block-heading\" id=\"h-sa-rencontre-avec-brette-harrington\">Sa rencontre avec Brette Harrington<\/h3>\n\n\n\n<p>Une fois \u00e0 Squamish, il trouve sa place au sein de la communaut\u00e9 marginale de grimpeurs. Pendant plusieurs ann\u00e9es, il m\u00e8ne une vie de dirtbag, en grimpant des voies difficiles et en faisant la f\u00eate. <\/p>\n\n\n\n<p>Il vit m\u00eame un temps dans une cage d&rsquo;escalier, qui devient plus accueillante apr\u00e8s sa rencontre avec sa petite amie, <a href=\"https:\/\/endorfeen.com\/fr\/defiant-la-gravite-le-voyage-inspirant-de-brette-harrington\/\">Brette Harrington<\/a>, elle-m\u00eame une adepte chevronn\u00e9e de l&rsquo;escalade libre.<\/p>\n\n\n\n<figure class=\"wp-block-image size-large\"><img loading=\"lazy\" decoding=\"async\" width=\"1024\" height=\"682\" src=\"https:\/\/endorfeen.com\/wp-content\/uploads\/2023\/03\/Brette-and-Marc-Andre-1024x682.webp\" alt=\"\" class=\"wp-image-10171\" srcset=\"https:\/\/endorfeen.com\/wp-content\/uploads\/2023\/03\/Brette-and-Marc-Andre-300x200.webp 300w, https:\/\/endorfeen.com\/wp-content\/uploads\/2023\/03\/Brette-and-Marc-Andre-600x400.webp 600w, https:\/\/endorfeen.com\/wp-content\/uploads\/2023\/03\/Brette-and-Marc-Andre-768x512.webp 768w, https:\/\/endorfeen.com\/wp-content\/uploads\/2023\/03\/Brette-and-Marc-Andre-1024x682.webp 1024w, https:\/\/endorfeen.com\/wp-content\/uploads\/2023\/03\/Brette-and-Marc-Andre-1536x1024.webp 1536w, https:\/\/endorfeen.com\/wp-content\/uploads\/2023\/03\/Brette-and-Marc-Andre.webp 2000w\" sizes=\"auto, (max-width: 1024px) 100vw, 1024px\" \/><figcaption class=\"wp-element-caption\">Red Bull Media House<\/figcaption><\/figure>\n\n\n\n<p>Son amour pour sa petite amie est tr\u00e8s fort. D\u00e8s les premiers jours de leur relation, Harrington et Leclerc \u00e9taient ins\u00e9parables. Ils ont v\u00e9cu ensemble dans une cage d&rsquo;escalier, dans les bois, et ont grimp\u00e9 sans rel\u00e2che. <\/p>\n\n\n\n<p>\u00ab\u00a0Marc est int\u00e9ress\u00e9 par les exp\u00e9riences intenses, vivre pleinement\u00a0\u00bb, d\u00e9clare Harrington de mani\u00e8re concise dans le film the Alpinist. Elle admet qu&rsquo;elle \u00e9tait similaire et que leur besoin mutuel de vivre au bord du pr\u00e9cipice explique en partie leur profonde affection l&rsquo;un pour l&rsquo;autre. \u00ab\u00a0Nous \u00e9tions sur la m\u00eame longueur d&rsquo;onde en termes d&rsquo;intensit\u00e9\u00a0\u00bb, confie-t-elle. <\/p>\n\n\n\n<figure class=\"wp-block-pullquote\"><blockquote><p>\u00ab\u00a0Les ascensions que j&rsquo;ai r\u00e9alis\u00e9es dans des endroits extr\u00eames par mauvais temps ont \u00e9t\u00e9 les exp\u00e9riences les plus significatives de ma vie. J&rsquo;aime ce genre de choses.\u201d<\/p><cite>Brette Harrington<\/cite><\/blockquote><\/figure>\n\n\n\n<h2 class=\"wp-block-heading\" id=\"h-le-style-marc-andre-leclerc-un-style-d-escalade-bien-particulier-retranscrit-dans-le-film-the-alpinist\">Le style \u201cMarc-Andr\u00e9 Leclerc\u201d, un style d\u2019escalade bien particulier, retranscrit dans le film the Alpinist<\/h2>\n\n\n\n<h3 class=\"wp-block-heading\" id=\"h-la-comparaison-avec-alex-honnold\">La comparaison avec Alex Honnold<\/h3>\n\n\n\n<p>De la m\u00eame mani\u00e8re qu&rsquo;Alex Honnold, Marc-Andr\u00e9 Leclerc sera probablement connu (en dehors de la communaut\u00e9 des grimpeurs) pour ses escalades libres en solo et ses premi\u00e8res ascensions en solo.<\/p>\n\n\n\n<p>Marc-Andr\u00e9 Leclerc a r\u00e9alis\u00e9 ses ascensions en solo int\u00e9gral \u00e0 vue sur des voies qu&rsquo;il n&rsquo;avait jamais explor\u00e9es auparavant. Alex Honnold, quant \u00e0 lui, a pratiqu\u00e9 \u00e0 maintes reprises l&rsquo;itin\u00e9raire qu&rsquo;il a emprunt\u00e9 en solo sur El Capitan pour le film <a href=\"https:\/\/www.youtube.com\/watch?v=urRVZ4SW7WU&amp;ab_channel=NationalGeographic\" target=\"_blank\" rel=\"noreferrer noopener\">Free Solo<\/a>, en utilisant une corde. Leclerc, lui, arrivait en bas d&rsquo;une montagne et partait \u00e0 l&rsquo;aventure dans l&rsquo;inconnu.<\/p>\n\n\n\n<p>Rien n&rsquo;avait \u00e9t\u00e9 r\u00e9p\u00e9t\u00e9, rien n&rsquo;avait \u00e9t\u00e9 \u00e9quip\u00e9 ou pr\u00e9par\u00e9 \u00e0 l&rsquo;avance. L&rsquo;escalade alpine en solo int\u00e9gral \u00e0 vue est le summum dans le monde complexe de l&rsquo;escalade. Il n&rsquo;y a pas de marge d&rsquo;erreur, pas de filet &#8211; il n&rsquo;y a que vous. C&rsquo;est comme \u00eatre un archer et devoir toucher la cible \u00e0 chaque fl\u00e8che ou \u00eatre ex\u00e9cut\u00e9. C&rsquo;est \u00e7a, l&rsquo;escalade en solo int\u00e9gral, alpin, \u00e0 vue.<\/p>\n\n\n\n<p>Le spectateur moyen pourrait voir en Leclerc un drogu\u00e9 de l&rsquo;adr\u00e9naline, une id\u00e9e fausse courante chez les non-grimpeurs. En r\u00e9alit\u00e9, l&rsquo;adr\u00e9naline est l&rsquo;ennemi d&rsquo;une bonne escalade. Si vous \u00eates pris de peur, votre amygdale \u00ab\u00a0reptilienne\u00a0\u00bb &#8211; l&rsquo;une des parties les plus primitives de votre cerveau &#8211; prend le contr\u00f4le, rel\u00e9guant votre cortex c\u00e9r\u00e9bral au second plan dans le processus de d\u00e9cision, ce qui peut vous conduire \u00e0 faire des choses stupides. Une grande partie de l&rsquo;escalade consiste \u00e0 apprendre \u00e0 contr\u00f4ler sa peur. <\/p>\n\n\n\n<p>Les meilleurs grimpeurs \u00e9teignent leur peur comme s&rsquo;ils appuyaient sur un interrupteur.<\/p>\n\n\n\n<h3 class=\"wp-block-heading\" id=\"h-un-grimpeur-complet\">Un grimpeur complet<\/h3>\n\n\n\n<p>En observant Marc-Andr\u00e9 grimper dans toutes les saisons et dans des conditions terrifiantes, il est \u00e9vident que son approche et son arsenal de comp\u00e9tences sont diff\u00e9rents.<\/p>\n\n\n\n<p>Dans un premier temps, il semble prendre plaisir \u00e0 ce qu&rsquo;il fait. Il passe facilement de l&rsquo;escalade \u00e0 mains nues aux piolets, m\u00eame dans les situations les plus difficiles. Ses mouvements semblent sans effort et (presque) sans cons\u00e9quence. Son escalade est une expression de la joie. Si l&rsquo;escalade est un art, ce jeune homme \u00e9tait sans aucun doute un grand ma\u00eetre.<\/p>\n\n\n\n<p>Il se concentre sur le moment pr\u00e9sent et ne pense qu&rsquo;\u00e0 l&rsquo;aventure, ce qui le rend pr\u00eat et capable de passer d&rsquo;un environnement \u00e0 l&rsquo;autre. Que ce soit sur la roche, la glace ou la neige, Leclerc pouvait tout escalader en une seule ascension et par tous les temps.<\/p>\n\n\n\n<p>Sa sp\u00e9cialit\u00e9 \u00e9tait l&rsquo;alpinisme, et toutes les comp\u00e9tences n\u00e9cessaires pour trouver une nouvelle voie dans une paroi de roche et de glace effrayante ont fait de lui un alpiniste pratiquement in\u00e9gal\u00e9.<\/p>\n\n\n\n<h3 class=\"wp-block-heading\" id=\"h-une-perspective-differente\">Une perspective diff\u00e9rente<\/h3>\n\n\n\n<p>En regardant Marc-Andr\u00e9 escalader ou en l&rsquo;\u00e9coutant parler de la montagne, on peut voir sa puret\u00e9 et sa joie transpara\u00eetre. Alors que l&rsquo;escalade continue de se d\u00e9velopper et que de plus en plus de jeunes la voient comme un sport comp\u00e9titif en salle, Leclerc apporte une perspective diff\u00e9rente.<\/p>\n\n\n\n<figure class=\"wp-block-image size-large\"><img loading=\"lazy\" decoding=\"async\" width=\"1024\" height=\"576\" src=\"https:\/\/endorfeen.com\/wp-content\/uploads\/2023\/03\/MV5BNzI0MzUzODItMDhlZS00MGFlLWIxOTUtMDY2YThmZmI1NTY0XkEyXkFqcGdeQVRoaXJkUGFydHlJbmdlc3Rpb25Xb3JrZmxvdw@@._V1_-1024x576.jpg\" alt=\"\" class=\"wp-image-10177\" srcset=\"https:\/\/endorfeen.com\/wp-content\/uploads\/2023\/03\/MV5BNzI0MzUzODItMDhlZS00MGFlLWIxOTUtMDY2YThmZmI1NTY0XkEyXkFqcGdeQVRoaXJkUGFydHlJbmdlc3Rpb25Xb3JrZmxvdw@@._V1_-300x169.jpg 300w, https:\/\/endorfeen.com\/wp-content\/uploads\/2023\/03\/MV5BNzI0MzUzODItMDhlZS00MGFlLWIxOTUtMDY2YThmZmI1NTY0XkEyXkFqcGdeQVRoaXJkUGFydHlJbmdlc3Rpb25Xb3JrZmxvdw@@._V1_-768x432.jpg 768w, https:\/\/endorfeen.com\/wp-content\/uploads\/2023\/03\/MV5BNzI0MzUzODItMDhlZS00MGFlLWIxOTUtMDY2YThmZmI1NTY0XkEyXkFqcGdeQVRoaXJkUGFydHlJbmdlc3Rpb25Xb3JrZmxvdw@@._V1_-1024x576.jpg 1024w, https:\/\/endorfeen.com\/wp-content\/uploads\/2023\/03\/MV5BNzI0MzUzODItMDhlZS00MGFlLWIxOTUtMDY2YThmZmI1NTY0XkEyXkFqcGdeQVRoaXJkUGFydHlJbmdlc3Rpb25Xb3JrZmxvdw@@._V1_-1536x864.jpg 1536w, https:\/\/endorfeen.com\/wp-content\/uploads\/2023\/03\/MV5BNzI0MzUzODItMDhlZS00MGFlLWIxOTUtMDY2YThmZmI1NTY0XkEyXkFqcGdeQVRoaXJkUGFydHlJbmdlc3Rpb25Xb3JrZmxvdw@@._V1_.jpg 1920w\" sizes=\"auto, (max-width: 1024px) 100vw, 1024px\" \/><figcaption class=\"wp-element-caption\">Photo : The Alpinist Marc Andr\u00e9 Leclerc<\/figcaption><\/figure>\n\n\n\n<p>The Alpinist vous laissera bouche b\u00e9e devant les exploits et l&rsquo;audace de Leclerc, mais contrairement \u00e0 d&rsquo;autres bons films d&rsquo;aventure, ce n&rsquo;est pas le c\u0153ur de l&rsquo;histoire. C&rsquo;est le portrait d&rsquo;un jeune homme devenant un artiste. Leclerc nous permet d&rsquo;assister \u00e0 un \u00e9veil &#8211; physique, intellectuel et \u00e9motionnel &#8211; de l&rsquo;esprit humain. \u00c0 force de travail acharn\u00e9 et d&rsquo;intensit\u00e9, il devient celui qu&rsquo;il r\u00eavait de devenir, sous nos yeux.<\/p>\n\n\n\n<h2 class=\"wp-block-heading\" id=\"h-une-selection-du-palmares-connu-de-marc-andre-leclerc\">Une s\u00e9lection du Palmar\u00e8s, connu, de Marc-Andr\u00e9 Leclerc<\/h2>\n\n\n\n<p>Il est difficile de dresser une liste des ascensions remarquables de Leclerc, \u00e9tant donn\u00e9 qu&rsquo;il a \u00e9vit\u00e9 la c\u00e9l\u00e9brit\u00e9. Nous ne connaissons que les exploits qu&rsquo;il a choisi de partager, ceux qui ont \u00e9t\u00e9 t\u00e9moign\u00e9s par d&rsquo;autres ou qui ont \u00e9t\u00e9 mentionn\u00e9s dans des magazines d&rsquo;escalade.<\/p>\n\n\n\n<p>En r\u00e9alit\u00e9, il est possible qu&rsquo;il ait r\u00e9alis\u00e9 bien d&rsquo;autres voies que personne n&rsquo;a jamais entendues parler. Et c&rsquo;est peut-\u00eatre ainsi que \u00e7a devrait \u00eatre.<\/p>\n\n\n\n<ul class=\"wp-block-list\">\n<li>Mont Slesse, Cascade Range &#8211; Solo int\u00e9gral (2015)<\/li>\n\n\n\n<li>Directa de la Mentira \u2013 Cerro Torre North Face &#8211; Premi\u00e8re (2015)<\/li>\n\n\n\n<li>Ascension en solo du mur de Muir sur El Capitan (2015)<\/li>\n\n\n\n<li>Reverse Torre Traverse, Patagonie \u2013 Premi\u00e8re Ascension (2015)<\/li>\n\n\n\n<li>Le Tire &#8211; bouchon \u2013 Cerro Torre, Patagonie, Premi\u00e8re Ascension Solo (2015)<\/li>\n\n\n\n<li>Tomahawk\/Exocet Link Up \u2013 Aguja Standhardt, Patagonie, \u2013 Solo int\u00e9gral \u00e0 vue (2015)<\/li>\n\n\n\n<li>Mont Robson, Rocheuses canadiennes \u2013 Infinite Patience &#8211; Premi\u00e8re ascension en solo (2016)<\/li>\n\n\n\n<li>Mont Tuzo, Rocheuses canadiennes \u2013 Face nord -est &#8211; Premi\u00e8re Ascension du visage (2016)<\/li>\n\n\n\n<li>Pilier Est \u2013 Torre Egger, Patagonie, Premi\u00e8re ascension hivernale en solo (2016)<\/li>\n\n\n\n<li>Ha Ling Peak, Mount Lawrence Grassi \u2212 Solo int\u00e9gral (2017)<\/li>\n\n\n\n<li>Echo Canyon \u2212 Grand \u00e9tage &#8211; Premi\u00e8re ascension en solo int\u00e9gral (2017)<\/li>\n\n\n\n<li>Rim Wall, Rocheuses canadiennes \u2212 Pinko (5.10). Premi\u00e8re ascension en solo int\u00e9gral (2017)<\/li>\n\n\n\n<li>Face nord de la tour principale, Mendenhall Towers. Premi\u00e8re Ascension (2018)<\/li>\n<\/ul>\n\n\n\n<h2 class=\"wp-block-heading\" id=\"h-the-alpinist-un-film-captivant\">The Alpinist, un film captivant<\/h2>\n\n\n\n<figure class=\"wp-block-embed is-type-video is-provider-youtube wp-block-embed-youtube wp-embed-aspect-16-9 wp-has-aspect-ratio\"><div class=\"wp-block-embed__wrapper\">\n<iframe loading=\"lazy\" title=\"The Alpinist | Official Trailer |   In Theaters Nationwide September 10\" width=\"800\" height=\"450\" src=\"https:\/\/www.youtube.com\/embed\/SRpVyzagXLQ?feature=oembed\" frameborder=\"0\" allow=\"accelerometer; autoplay; clipboard-write; encrypted-media; gyroscope; picture-in-picture; web-share\" allowfullscreen><\/iframe>\n<\/div><\/figure>\n\n\n\n<h3 class=\"wp-block-heading\" id=\"h-les-documentaristes\">Les documentaristes<\/h3>\n\n\n\n<p>Apr\u00e8s la sortie du documentaire Free Solo, l&rsquo;escalade en solo int\u00e9gral a suscit\u00e9 un nouvel int\u00e9r\u00eat. Mortimer et Rosen ont r\u00e9alis\u00e9 que l&rsquo;histoire d&rsquo;un grimpeur inconnu accomplissant des performances exceptionnelles pour le simple plaisir de le faire serait fascinante.<\/p>\n\n\n\n<p>Les deux cin\u00e9astes ont consid\u00e9r\u00e9 que l&rsquo;escalade myst\u00e9rieuse de Marc-Andr\u00e9 Leclerc m\u00e9ritait d&rsquo;\u00eatre port\u00e9e \u00e0 l&rsquo;attention du public.<\/p>\n\n\n\n<p>Les documentaristes Nick Rosen et Peter Mortimer \u00e9taient d\u00e9j\u00e0 des habitu\u00e9s du monde de l&rsquo;escalade, ayant travaill\u00e9 sur plusieurs projets tels que Valley Uprising, First Ascent, The Dawn Wall et la s\u00e9rie Reel Rock.<\/p>\n\n\n\n<p>Cependant, bien qu&rsquo;\u00e9tant immerg\u00e9s dans la communaut\u00e9 des grimpeurs, aucun des deux ne connaissait personnellement Marc-Andr\u00e9 Leclerc. Ils ont simplement entendu parler de lui par le biais de r\u00e9cits de tiers, mais ces r\u00e9cits suffisaient pour faire \u00e9tat de son talent remarquable. C&rsquo;est ainsi que les r\u00e9alisateurs ont d\u00e9cid\u00e9 de mettre en lumi\u00e8re l&rsquo;histoire de Leclerc dans leur documentaire L&rsquo;Alpiniste.<\/p>\n\n\n\n<p>L&rsquo;Alpiniste est un documentaire captivant qui met en avant le portrait de Marc-Andr\u00e9 Leclerc. Bien que ses ascensions soient incroyablement stressantes, la relation de Leclerc avec l&rsquo;escalade est la v\u00e9ritable vedette du film. Le mot \u00ab\u00a0sport\u00a0\u00bb ne semble m\u00eame pas appropri\u00e9 pour d\u00e9crire ce qu&rsquo;il fait.<\/p>\n\n\n\n<h3 class=\"wp-block-heading\" id=\"h-la-grace\">La gr\u00e2ce<\/h3>\n\n\n\n<p>En observant Leclerc grimper dans The Alpinist, on ne peut pas nier que ses mouvements sont gracieux et fluides, qu&rsquo;il s&rsquo;agisse d&rsquo;escalade sur glace, mixte ou rocheuse. Il n&rsquo;y a pas de gestes brusques ni d&rsquo;\u00e9tirements exag\u00e9r\u00e9s, ni m\u00eame de d\u00e9sespoir.<\/p>\n\n\n\n<p>On peut voir une lenteur presque paresseuse, comme un danseur moderne ex\u00e9cutant une figure complexe. Mon mentor me disait souvent qu&rsquo;en escalade, pour grimper vite, il fallait grimper lentement. L&rsquo;exp\u00e9rience acquise cr\u00e9e de la confiance, et la confiance cr\u00e9e un esprit calme. Un corps calme est alors capable de grimper de fa\u00e7on \u00e9tonnante.<\/p>\n\n\n\n<p>Parfois, un athl\u00e8te se d\u00e9place avec une gr\u00e2ce animale que la plupart des gens ne peuvent pas atteindre en raison de leur propre conscience de soi. C&rsquo;est cette qualit\u00e9, ainsi que la personnalit\u00e9 de Leclerc, qui constituent les aspects les plus int\u00e9ressants de ce documentaire.<\/p>\n\n\n\n<p>On y voit \u00e9galement des s\u00e9quences d&rsquo;escalade sur roche et sur glace de Leclerc et de Harrington, ainsi que des commentaires de c\u00e9l\u00e8bres grimpeurs tels qu&rsquo;Honnold, Serfas, Messner et Blanchard, entre autres.<\/p>\n\n\n\n<h2 class=\"wp-block-heading\" id=\"h-une-fin-tragique\">Une fin tragique<\/h2>\n\n\n\n<p>Le 5 mars 2018, Marc-Andr\u00e9 Leclerc et son partenaire Ryan Johnson, \u00e2g\u00e9 de 34 ans, ont r\u00e9ussi \u00e0 grimper une nouvelle voie sur la face nord des Mendenhall Towers, pr\u00e8s de Juneau, en Alaska.<\/p>\n\n\n\n<p>Les deux alpinistes ont \u00e9t\u00e9 d\u00e9pos\u00e9s pr\u00e8s de la cr\u00eate de la montagne le 4 mars. Le lendemain, Marc-Andr\u00e9 Leclerc a publi\u00e9 une photo sur son compte Instagram montrant leur avanc\u00e9e vers le sommet de 2100 m\u00e8tres.<\/p>\n\n\n\n<p>Leur plan \u00e9tait de retourner au camp de base deux jours plus tard. Cependant, les autorit\u00e9s ont indiqu\u00e9 qu&rsquo;il n&rsquo;y avait eu aucune nouvelle des deux hommes depuis le 5 mars. Selon leur itin\u00e9raire, les deux grimpeurs auraient d\u00fb rentrer \u00e0 Juneau le mercredi soir suivant, le 7 mars.<\/p>\n\n\n\n<p>Apr\u00e8s que la petite amie de Marc-Andr\u00e9 Leclerc n&rsquo;ait pas r\u00e9ussi \u00e0 le contacter \u00e0 l&rsquo;heure convenue, elle a alert\u00e9 les autorit\u00e9s.<\/p>\n\n\n\n<p>La recherche a \u00e9t\u00e9 interrompue pendant plusieurs jours en raison des mauvaises conditions m\u00e9t\u00e9orologiques, mais lorsque la temp\u00eate s&rsquo;est finalement calm\u00e9e, les \u00e9quipes ont d\u00e9couvert des cordes au bas de la voie de descente des grimpeurs, sugg\u00e9rant qu&rsquo;ils avaient peut-\u00eatre \u00e9t\u00e9 victimes d&rsquo;une avalanche, d&rsquo;une chute de pierres ou d&rsquo;une corniche. Leurs corps n&rsquo;ont jamais \u00e9t\u00e9 retrouv\u00e9s.<\/p>\n\n\n\n<p>Marc-Andr\u00e9 Leclerc sera connu comme un alpiniste visionnaire, un aventurier, un ma\u00eetre de la glace et du rocher. Sa vie est \u00e9galement marqu\u00e9e par un certain myst\u00e8re. Une grande partie de son travail a \u00e9t\u00e9 r\u00e9alis\u00e9e seul, sans public ni cam\u00e9ra. Il n\u2019est pas possible de pr\u00e9dire quel sera son h\u00e9ritage. Leclerc a grimp\u00e9 dans toutes les disciplines \u00e0 un niveau \u00e9lev\u00e9, souvent dans des conditions extr\u00eames, mais il n&rsquo;a jamais cherch\u00e9 la reconnaissance ou la c\u00e9l\u00e9brit\u00e9. Sa passion pour l&rsquo;escalade \u00e9tait sa principale motivation.<\/p>\n","protected":false},"excerpt":{"rendered":"<p>Marc-Andr\u00e9 Leclerc est devenu une personnalit\u00e9 connue dans le monde de l&rsquo;escalade, avec la sortie du film the Alpinist en 2021, mais cela aurait pu \u00eatre tr\u00e8s diff\u00e9rent. De nature solitaire, peu int\u00e9ress\u00e9 par la c\u00e9l\u00e9brit\u00e9 et fuyant les cam\u00e9ras, Marc-Andr\u00e9 pr\u00e9f\u00e9rait grimper dans une relative obscurit\u00e9 \u00e0 un niveau incroyablement \u00e9lev\u00e9. Il aurait pu &hellip;<\/p>\n","protected":false},"author":30,"featured_media":10175,"comment_status":"open","ping_status":"open","sticky":false,"template":"","format":"standard","meta":{"_acf_changed":false,"_genesis_hide_title":false,"_genesis_hide_breadcrumbs":false,"_genesis_hide_singular_image":false,"_genesis_hide_footer_widgets":false,"_genesis_custom_body_class":"","_genesis_custom_post_class":"","_genesis_layout":"","footnotes":""},"categories":[158],"tags":[353,619],"sponsor":[1087],"class_list":{"2":"type-post","7":"category-prophetes","8":"tag-alaska-fr","9":"tag-alpinisme","10":"sponsor-endorfeen","11":"entry"},"yoast_head":"<!-- This site is optimized with the Yoast SEO Premium plugin v26.2 (Yoast SEO v26.2) - https:\/\/yoast.com\/wordpress\/plugins\/seo\/ -->\n<title>Marc-Andr\u00e9 Leclerc, un alpiniste discret - endorfeen<\/title>\n<meta name=\"description\" content=\"Marc-Andr\u00e9 Leclerc est devenu une personnalit\u00e9 connue dans le monde de l&#039;escalade, avec la sortie du film the Alpinist en 2021, mais...\" \/>\n<meta name=\"robots\" content=\"index, follow, max-snippet:-1, max-image-preview:large, max-video-preview:-1\" \/>\n<link rel=\"canonical\" href=\"https:\/\/endorfeen.com\/fr\/marc-andre-leclerc-un-alpiniste-discret\/\" \/>\n<meta property=\"og:locale\" content=\"fr_FR\" \/>\n<meta property=\"og:type\" content=\"article\" \/>\n<meta property=\"og:title\" content=\"Marc-Andr\u00e9 Leclerc, un alpiniste discret\" \/>\n<meta property=\"og:description\" content=\"Marc-Andr\u00e9 Leclerc est devenu une personnalit\u00e9 connue dans le monde de l&#039;escalade, avec la sortie du film the Alpinist en 2021, mais...\" \/>\n<meta property=\"og:url\" content=\"https:\/\/endorfeen.com\/fr\/marc-andre-leclerc-un-alpiniste-discret\/\" \/>\n<meta property=\"og:site_name\" content=\"endorfeen\" \/>\n<meta property=\"article:author\" content=\"http:\/\/www.facebook.com\/endorfeen-583261049007200\" \/>\n<meta property=\"article:published_time\" content=\"2023-03-10T18:24:39+00:00\" \/>\n<meta property=\"article:modified_time\" content=\"2023-08-18T10:02:07+00:00\" \/>\n<meta property=\"og:image\" content=\"https:\/\/endorfeen.com\/wp-content\/uploads\/2023\/03\/the-alpinist-poster.jpg\" \/>\n\t<meta property=\"og:image:width\" content=\"1040\" \/>\n\t<meta property=\"og:image:height\" content=\"578\" \/>\n\t<meta property=\"og:image:type\" content=\"image\/jpeg\" \/>\n<meta name=\"author\" content=\"Thomas Viguier\" \/>\n<meta name=\"twitter:card\" content=\"summary_large_image\" \/>\n<meta name=\"twitter:creator\" content=\"@https:\/\/twitter.com\/endorfeen_\" \/>\n<meta name=\"twitter:label1\" content=\"\u00c9crit par\" \/>\n\t<meta name=\"twitter:data1\" content=\"Thomas Viguier\" \/>\n\t<meta name=\"twitter:label2\" content=\"Dur\u00e9e de lecture estim\u00e9e\" \/>\n\t<meta name=\"twitter:data2\" content=\"11 minutes\" \/>\n<script type=\"application\/ld+json\" class=\"yoast-schema-graph\">{\"@context\":\"https:\/\/schema.org\",\"@graph\":[{\"@type\":\"Article\",\"@id\":\"https:\/\/endorfeen.com\/fr\/marc-andre-leclerc-un-alpiniste-discret\/#article\",\"isPartOf\":{\"@id\":\"https:\/\/endorfeen.com\/fr\/marc-andre-leclerc-un-alpiniste-discret\/\"},\"author\":{\"name\":\"Thomas Viguier\",\"@id\":\"https:\/\/endorfeen.com\/fr\/#\/schema\/person\/76a61f8eb41d36fffdec1b376fcf19aa\"},\"headline\":\"Marc-Andr\u00e9 Leclerc, un alpiniste discret\",\"datePublished\":\"2023-03-10T18:24:39+00:00\",\"dateModified\":\"2023-08-18T10:02:07+00:00\",\"mainEntityOfPage\":{\"@id\":\"https:\/\/endorfeen.com\/fr\/marc-andre-leclerc-un-alpiniste-discret\/\"},\"wordCount\":2484,\"commentCount\":0,\"publisher\":{\"@id\":\"https:\/\/endorfeen.com\/fr\/#organization\"},\"image\":{\"@id\":\"https:\/\/endorfeen.com\/fr\/marc-andre-leclerc-un-alpiniste-discret\/#primaryimage\"},\"thumbnailUrl\":\"https:\/\/endorfeen.com\/wp-content\/uploads\/2023\/03\/the-alpinist-poster.jpg\",\"keywords\":[\"#alaska\",\"#Alpinisme\"],\"articleSection\":[\"Proph\u00e8tes\"],\"inLanguage\":\"fr-FR\",\"potentialAction\":[{\"@type\":\"CommentAction\",\"name\":\"Comment\",\"target\":[\"https:\/\/endorfeen.com\/fr\/marc-andre-leclerc-un-alpiniste-discret\/#respond\"]}]},{\"@type\":\"WebPage\",\"@id\":\"https:\/\/endorfeen.com\/fr\/marc-andre-leclerc-un-alpiniste-discret\/\",\"url\":\"https:\/\/endorfeen.com\/fr\/marc-andre-leclerc-un-alpiniste-discret\/\",\"name\":\"Marc-Andr\u00e9 Leclerc, un alpiniste discret - endorfeen\",\"isPartOf\":{\"@id\":\"https:\/\/endorfeen.com\/fr\/#website\"},\"primaryImageOfPage\":{\"@id\":\"https:\/\/endorfeen.com\/fr\/marc-andre-leclerc-un-alpiniste-discret\/#primaryimage\"},\"image\":{\"@id\":\"https:\/\/endorfeen.com\/fr\/marc-andre-leclerc-un-alpiniste-discret\/#primaryimage\"},\"thumbnailUrl\":\"https:\/\/endorfeen.com\/wp-content\/uploads\/2023\/03\/the-alpinist-poster.jpg\",\"datePublished\":\"2023-03-10T18:24:39+00:00\",\"dateModified\":\"2023-08-18T10:02:07+00:00\",\"description\":\"Marc-Andr\u00e9 Leclerc est devenu une personnalit\u00e9 connue dans le monde de l'escalade, avec la sortie du film the Alpinist en 2021, mais...\",\"breadcrumb\":{\"@id\":\"https:\/\/endorfeen.com\/fr\/marc-andre-leclerc-un-alpiniste-discret\/#breadcrumb\"},\"inLanguage\":\"fr-FR\",\"potentialAction\":[{\"@type\":\"ReadAction\",\"target\":[\"https:\/\/endorfeen.com\/fr\/marc-andre-leclerc-un-alpiniste-discret\/\"]}]},{\"@type\":\"ImageObject\",\"inLanguage\":\"fr-FR\",\"@id\":\"https:\/\/endorfeen.com\/fr\/marc-andre-leclerc-un-alpiniste-discret\/#primaryimage\",\"url\":\"https:\/\/endorfeen.com\/wp-content\/uploads\/2023\/03\/the-alpinist-poster.jpg\",\"contentUrl\":\"https:\/\/endorfeen.com\/wp-content\/uploads\/2023\/03\/the-alpinist-poster.jpg\",\"width\":1040,\"height\":578,\"caption\":\"the Alpinist Marc Andr\u00e9 Leclerc\"},{\"@type\":\"BreadcrumbList\",\"@id\":\"https:\/\/endorfeen.com\/fr\/marc-andre-leclerc-un-alpiniste-discret\/#breadcrumb\",\"itemListElement\":[{\"@type\":\"ListItem\",\"position\":1,\"name\":\"Home\",\"item\":\"https:\/\/endorfeen.com\/fr\/\"},{\"@type\":\"ListItem\",\"position\":2,\"name\":\"Marc-Andr\u00e9 Leclerc, un alpiniste discret\"}]},{\"@type\":\"WebSite\",\"@id\":\"https:\/\/endorfeen.com\/fr\/#website\",\"url\":\"https:\/\/endorfeen.com\/fr\/\",\"name\":\"endorfeen\",\"description\":\"The Media For Sustainable Outdoors.\",\"publisher\":{\"@id\":\"https:\/\/endorfeen.com\/fr\/#organization\"},\"potentialAction\":[{\"@type\":\"SearchAction\",\"target\":{\"@type\":\"EntryPoint\",\"urlTemplate\":\"https:\/\/endorfeen.com\/fr\/?s={search_term_string}\"},\"query-input\":{\"@type\":\"PropertyValueSpecification\",\"valueRequired\":true,\"valueName\":\"search_term_string\"}}],\"inLanguage\":\"fr-FR\"},{\"@type\":\"Organization\",\"@id\":\"https:\/\/endorfeen.com\/fr\/#organization\",\"name\":\"endorfeen\",\"url\":\"https:\/\/endorfeen.com\/fr\/\",\"logo\":{\"@type\":\"ImageObject\",\"inLanguage\":\"fr-FR\",\"@id\":\"https:\/\/endorfeen.com\/fr\/#\/schema\/logo\/image\/\",\"url\":\"https:\/\/endorfeen.com\/wp-content\/uploads\/2022\/06\/Circle-endorfeen-site-icon-circled-1000-x-1000-300psi.png\",\"contentUrl\":\"https:\/\/endorfeen.com\/wp-content\/uploads\/2022\/06\/Circle-endorfeen-site-icon-circled-1000-x-1000-300psi.png\",\"width\":1000,\"height\":1000,\"caption\":\"endorfeen\"},\"image\":{\"@id\":\"https:\/\/endorfeen.com\/fr\/#\/schema\/logo\/image\/\"}},{\"@type\":\"Person\",\"@id\":\"https:\/\/endorfeen.com\/fr\/#\/schema\/person\/76a61f8eb41d36fffdec1b376fcf19aa\",\"name\":\"Thomas Viguier\",\"image\":{\"@type\":\"ImageObject\",\"inLanguage\":\"fr-FR\",\"@id\":\"https:\/\/endorfeen.com\/fr\/#\/schema\/person\/image\/\",\"url\":\"https:\/\/secure.gravatar.com\/avatar\/3c24e541f6f82c052219429c60a8948b1c9ad8eda6daf26af0a100594146ab1a?s=96&d=mm&r=g\",\"contentUrl\":\"https:\/\/secure.gravatar.com\/avatar\/3c24e541f6f82c052219429c60a8948b1c9ad8eda6daf26af0a100594146ab1a?s=96&d=mm&r=g\",\"caption\":\"Thomas Viguier\"},\"description\":\"Everyone has a story to tell. endorfeen is built as a collaborative platform, giving the voice to anyone with a story to tell. If you have things you want to share, register here.\",\"sameAs\":[\"https:\/\/www.endorfeen.com\/\",\"http:\/\/www.facebook.com\/endorfeen-583261049007200\",\"http:\/\/www.instagram.com\/endorfeen_\/\",\"https:\/\/fi.pinterest.com\/endorfeen_\/\",\"https:\/\/x.com\/https:\/\/twitter.com\/endorfeen_\"],\"url\":\"https:\/\/endorfeen.com\/fr\/linkto\/endorfeen-mag\/\"}]}<\/script>\n<!-- \/ Yoast SEO Premium plugin. -->","yoast_head_json":{"title":"Marc-Andr\u00e9 Leclerc, un alpiniste discret - endorfeen","description":"Marc-Andr\u00e9 Leclerc est devenu une personnalit\u00e9 connue dans le monde de l'escalade, avec la sortie du film the Alpinist en 2021, mais...","robots":{"index":"index","follow":"follow","max-snippet":"max-snippet:-1","max-image-preview":"max-image-preview:large","max-video-preview":"max-video-preview:-1"},"canonical":"https:\/\/endorfeen.com\/fr\/marc-andre-leclerc-un-alpiniste-discret\/","og_locale":"fr_FR","og_type":"article","og_title":"Marc-Andr\u00e9 Leclerc, un alpiniste discret","og_description":"Marc-Andr\u00e9 Leclerc est devenu une personnalit\u00e9 connue dans le monde de l'escalade, avec la sortie du film the Alpinist en 2021, mais...","og_url":"https:\/\/endorfeen.com\/fr\/marc-andre-leclerc-un-alpiniste-discret\/","og_site_name":"endorfeen","article_author":"http:\/\/www.facebook.com\/endorfeen-583261049007200","article_published_time":"2023-03-10T18:24:39+00:00","article_modified_time":"2023-08-18T10:02:07+00:00","og_image":[{"width":1040,"height":578,"url":"https:\/\/endorfeen.com\/wp-content\/uploads\/2023\/03\/the-alpinist-poster.jpg","type":"image\/jpeg"}],"author":"Thomas Viguier","twitter_card":"summary_large_image","twitter_creator":"@https:\/\/twitter.com\/endorfeen_","twitter_misc":{"\u00c9crit par":"Thomas Viguier","Dur\u00e9e de lecture estim\u00e9e":"11 minutes"},"schema":{"@context":"https:\/\/schema.org","@graph":[{"@type":"Article","@id":"https:\/\/endorfeen.com\/fr\/marc-andre-leclerc-un-alpiniste-discret\/#article","isPartOf":{"@id":"https:\/\/endorfeen.com\/fr\/marc-andre-leclerc-un-alpiniste-discret\/"},"author":{"name":"Thomas Viguier","@id":"https:\/\/endorfeen.com\/fr\/#\/schema\/person\/76a61f8eb41d36fffdec1b376fcf19aa"},"headline":"Marc-Andr\u00e9 Leclerc, un alpiniste discret","datePublished":"2023-03-10T18:24:39+00:00","dateModified":"2023-08-18T10:02:07+00:00","mainEntityOfPage":{"@id":"https:\/\/endorfeen.com\/fr\/marc-andre-leclerc-un-alpiniste-discret\/"},"wordCount":2484,"commentCount":0,"publisher":{"@id":"https:\/\/endorfeen.com\/fr\/#organization"},"image":{"@id":"https:\/\/endorfeen.com\/fr\/marc-andre-leclerc-un-alpiniste-discret\/#primaryimage"},"thumbnailUrl":"https:\/\/endorfeen.com\/wp-content\/uploads\/2023\/03\/the-alpinist-poster.jpg","keywords":["#alaska","#Alpinisme"],"articleSection":["Proph\u00e8tes"],"inLanguage":"fr-FR","potentialAction":[{"@type":"CommentAction","name":"Comment","target":["https:\/\/endorfeen.com\/fr\/marc-andre-leclerc-un-alpiniste-discret\/#respond"]}]},{"@type":"WebPage","@id":"https:\/\/endorfeen.com\/fr\/marc-andre-leclerc-un-alpiniste-discret\/","url":"https:\/\/endorfeen.com\/fr\/marc-andre-leclerc-un-alpiniste-discret\/","name":"Marc-Andr\u00e9 Leclerc, un alpiniste discret - endorfeen","isPartOf":{"@id":"https:\/\/endorfeen.com\/fr\/#website"},"primaryImageOfPage":{"@id":"https:\/\/endorfeen.com\/fr\/marc-andre-leclerc-un-alpiniste-discret\/#primaryimage"},"image":{"@id":"https:\/\/endorfeen.com\/fr\/marc-andre-leclerc-un-alpiniste-discret\/#primaryimage"},"thumbnailUrl":"https:\/\/endorfeen.com\/wp-content\/uploads\/2023\/03\/the-alpinist-poster.jpg","datePublished":"2023-03-10T18:24:39+00:00","dateModified":"2023-08-18T10:02:07+00:00","description":"Marc-Andr\u00e9 Leclerc est devenu une personnalit\u00e9 connue dans le monde de l'escalade, avec la sortie du film the Alpinist en 2021, mais...","breadcrumb":{"@id":"https:\/\/endorfeen.com\/fr\/marc-andre-leclerc-un-alpiniste-discret\/#breadcrumb"},"inLanguage":"fr-FR","potentialAction":[{"@type":"ReadAction","target":["https:\/\/endorfeen.com\/fr\/marc-andre-leclerc-un-alpiniste-discret\/"]}]},{"@type":"ImageObject","inLanguage":"fr-FR","@id":"https:\/\/endorfeen.com\/fr\/marc-andre-leclerc-un-alpiniste-discret\/#primaryimage","url":"https:\/\/endorfeen.com\/wp-content\/uploads\/2023\/03\/the-alpinist-poster.jpg","contentUrl":"https:\/\/endorfeen.com\/wp-content\/uploads\/2023\/03\/the-alpinist-poster.jpg","width":1040,"height":578,"caption":"the Alpinist Marc Andr\u00e9 Leclerc"},{"@type":"BreadcrumbList","@id":"https:\/\/endorfeen.com\/fr\/marc-andre-leclerc-un-alpiniste-discret\/#breadcrumb","itemListElement":[{"@type":"ListItem","position":1,"name":"Home","item":"https:\/\/endorfeen.com\/fr\/"},{"@type":"ListItem","position":2,"name":"Marc-Andr\u00e9 Leclerc, un alpiniste discret"}]},{"@type":"WebSite","@id":"https:\/\/endorfeen.com\/fr\/#website","url":"https:\/\/endorfeen.com\/fr\/","name":"endorfeen","description":"The Media For Sustainable Outdoors.","publisher":{"@id":"https:\/\/endorfeen.com\/fr\/#organization"},"potentialAction":[{"@type":"SearchAction","target":{"@type":"EntryPoint","urlTemplate":"https:\/\/endorfeen.com\/fr\/?s={search_term_string}"},"query-input":{"@type":"PropertyValueSpecification","valueRequired":true,"valueName":"search_term_string"}}],"inLanguage":"fr-FR"},{"@type":"Organization","@id":"https:\/\/endorfeen.com\/fr\/#organization","name":"endorfeen","url":"https:\/\/endorfeen.com\/fr\/","logo":{"@type":"ImageObject","inLanguage":"fr-FR","@id":"https:\/\/endorfeen.com\/fr\/#\/schema\/logo\/image\/","url":"https:\/\/endorfeen.com\/wp-content\/uploads\/2022\/06\/Circle-endorfeen-site-icon-circled-1000-x-1000-300psi.png","contentUrl":"https:\/\/endorfeen.com\/wp-content\/uploads\/2022\/06\/Circle-endorfeen-site-icon-circled-1000-x-1000-300psi.png","width":1000,"height":1000,"caption":"endorfeen"},"image":{"@id":"https:\/\/endorfeen.com\/fr\/#\/schema\/logo\/image\/"}},{"@type":"Person","@id":"https:\/\/endorfeen.com\/fr\/#\/schema\/person\/76a61f8eb41d36fffdec1b376fcf19aa","name":"Thomas Viguier","image":{"@type":"ImageObject","inLanguage":"fr-FR","@id":"https:\/\/endorfeen.com\/fr\/#\/schema\/person\/image\/","url":"https:\/\/secure.gravatar.com\/avatar\/3c24e541f6f82c052219429c60a8948b1c9ad8eda6daf26af0a100594146ab1a?s=96&d=mm&r=g","contentUrl":"https:\/\/secure.gravatar.com\/avatar\/3c24e541f6f82c052219429c60a8948b1c9ad8eda6daf26af0a100594146ab1a?s=96&d=mm&r=g","caption":"Thomas Viguier"},"description":"Everyone has a story to tell. endorfeen is built as a collaborative platform, giving the voice to anyone with a story to tell. If you have things you want to share, register here.","sameAs":["https:\/\/www.endorfeen.com\/","http:\/\/www.facebook.com\/endorfeen-583261049007200","http:\/\/www.instagram.com\/endorfeen_\/","https:\/\/fi.pinterest.com\/endorfeen_\/","https:\/\/x.com\/https:\/\/twitter.com\/endorfeen_"],"url":"https:\/\/endorfeen.com\/fr\/linkto\/endorfeen-mag\/"}]}},"featured_image_src":"https:\/\/endorfeen.com\/wp-content\/uploads\/2023\/03\/the-alpinist-poster-600x400.jpg","featured_image_src_square":"https:\/\/endorfeen.com\/wp-content\/uploads\/2023\/03\/the-alpinist-poster-600x578.jpg","author_info":{"display_name":"Thomas Viguier","author_link":"https:\/\/endorfeen.com\/fr\/linkto\/endorfeen-mag\/"},"acf":[],"_links":{"self":[{"href":"https:\/\/endorfeen.com\/fr\/wp-json\/wp\/v2\/posts\/10170","targetHints":{"allow":["GET"]}}],"collection":[{"href":"https:\/\/endorfeen.com\/fr\/wp-json\/wp\/v2\/posts"}],"about":[{"href":"https:\/\/endorfeen.com\/fr\/wp-json\/wp\/v2\/types\/post"}],"author":[{"embeddable":true,"href":"https:\/\/endorfeen.com\/fr\/wp-json\/wp\/v2\/users\/30"}],"replies":[{"embeddable":true,"href":"https:\/\/endorfeen.com\/fr\/wp-json\/wp\/v2\/comments?post=10170"}],"version-history":[{"count":0,"href":"https:\/\/endorfeen.com\/fr\/wp-json\/wp\/v2\/posts\/10170\/revisions"}],"wp:featuredmedia":[{"embeddable":true,"href":"https:\/\/endorfeen.com\/fr\/wp-json\/wp\/v2\/media\/10175"}],"wp:attachment":[{"href":"https:\/\/endorfeen.com\/fr\/wp-json\/wp\/v2\/media?parent=10170"}],"wp:term":[{"taxonomy":"category","embeddable":true,"href":"https:\/\/endorfeen.com\/fr\/wp-json\/wp\/v2\/categories?post=10170"},{"taxonomy":"post_tag","embeddable":true,"href":"https:\/\/endorfeen.com\/fr\/wp-json\/wp\/v2\/tags?post=10170"},{"taxonomy":"sponsor","embeddable":true,"href":"https:\/\/endorfeen.com\/fr\/wp-json\/wp\/v2\/sponsor?post=10170"}],"curies":[{"name":"wp","href":"https:\/\/api.w.org\/{rel}","templated":true}]}}