{"id":10156,"date":"2023-03-09T16:13:41","date_gmt":"2023-03-09T16:13:41","guid":{"rendered":"https:\/\/endorfeen.com\/?p=10156"},"modified":"2023-08-18T11:02:12","modified_gmt":"2023-08-18T10:02:12","slug":"pierra-menta-2023-j1-retour-sur-le-premier-jour-de-course","status":"publish","type":"post","link":"https:\/\/endorfeen.com\/fr\/pierra-menta-2023-j1-retour-sur-le-premier-jour-de-course\/","title":{"rendered":"Pierra Menta 2023 J1 &#8211; Retour sur le Premier jour de course"},"content":{"rendered":"\n<p>A 7:30, la premi\u00e8re \u00e9tape de la 37\u00e8me \u00e9dition de <a href=\"https:\/\/endorfeen.com\/fr\/la-pierra-menta-legende-et-defi-du-ski-alpinisme\/\">la Pierra Menta<\/a> a d\u00e9but\u00e9 avec 212 \u00e9quipes. <a href=\"https:\/\/endorfeen.com\/fr\/la-pierra-menta-legende-et-defi-du-ski-alpinisme\/\">La Pierra Menta<\/a> est la course de ski-alpinisme la plus connue au monde et se d\u00e9roule chaque ann\u00e9e \u00e0 Ar\u00eaches-Beaufort. <\/p>\n\n\n\n<p>Les coureurs ont commenc\u00e9 leur ascension vers les sommets de la Legette et du Grand Mont sous la neige. Ils ont d\u00fb gravir un d\u00e9nivel\u00e9 positif cumul\u00e9 de 2 550 m\u00e8tres sur une distance de pr\u00e8s de 20 kilom\u00e8tres. <\/p>\n\n\n\n<p>Malgr\u00e9 des conditions m\u00e9t\u00e9orologiques difficiles, Axelle Gachet-Mollaret, la meilleure coureuse de cette discipline, et sa partenaire Emily Harrop ont pris la t\u00eate du classement apr\u00e8s la premi\u00e8re journ\u00e9e. <\/p>\n\n\n\n<figure class=\"wp-block-image size-large\"><img loading=\"lazy\" decoding=\"async\" width=\"1024\" height=\"683\" src=\"https:\/\/endorfeen.com\/wp-content\/uploads\/2023\/03\/jocelynchavy_pierramenta-4388-1024x683.jpg\" alt=\"\" class=\"wp-image-10159\" srcset=\"https:\/\/endorfeen.com\/wp-content\/uploads\/2023\/03\/jocelynchavy_pierramenta-4388-300x200.jpg 300w, https:\/\/endorfeen.com\/wp-content\/uploads\/2023\/03\/jocelynchavy_pierramenta-4388-600x400.jpg 600w, https:\/\/endorfeen.com\/wp-content\/uploads\/2023\/03\/jocelynchavy_pierramenta-4388-768x512.jpg 768w, https:\/\/endorfeen.com\/wp-content\/uploads\/2023\/03\/jocelynchavy_pierramenta-4388-1024x683.jpg 1024w, https:\/\/endorfeen.com\/wp-content\/uploads\/2023\/03\/jocelynchavy_pierramenta-4388-1536x1024.jpg 1536w, https:\/\/endorfeen.com\/wp-content\/uploads\/2023\/03\/jocelynchavy_pierramenta-4388-scaled.jpg 2048w\" sizes=\"auto, (max-width: 1024px) 100vw, 1024px\" \/><figcaption class=\"wp-element-caption\">\u00a9Jocelyn Chavy<\/figcaption><\/figure>\n\n\n\n<p>Les meilleurs coureurs fran\u00e7ais, Samuel \u00c9quy et Math\u00e9o Jacquemoud, occupent actuellement la troisi\u00e8me place du classement provisoire.<\/p>\n\n\n\n<h3 class=\"wp-block-heading\" id=\"h-pierra-menta-2023-j1-les-femmes-sont-a-l-honneur-pour-cette-premiere-journee\"><mark>Pierra Menta 2023 J1<\/mark> &#8211; Les femmes sont \u00e0 l&rsquo;honneur pour cette premi\u00e8re journ\u00e9e<\/h3>\n\n\n\n<p>Il est inutile de la pr\u00e9senter. La fran\u00e7aise, Axelle Gachet-Mollaret est triple championne du monde de ski-alpinisme. Elle a remport\u00e9 sans surprise la premi\u00e8re \u00e9tape de <a href=\"https:\/\/endorfeen.com\/fr\/la-pierra-menta-legende-et-defi-du-ski-alpinisme\/\">la Pierra Menta<\/a>. \u00c0 l&rsquo;occasion de la Journ\u00e9e internationale des femmes, Axelle Gachet-Mollaret et \u00c9mily Harrop ont franchi la ligne d&rsquo;arriv\u00e9e en souriant.<\/p>\n\n\n\n<figure class=\"wp-block-image size-large\"><img loading=\"lazy\" decoding=\"async\" width=\"1024\" height=\"683\" src=\"https:\/\/endorfeen.com\/wp-content\/uploads\/2023\/03\/jocelynchavy_pierramenta-4200-1024x683.jpg\" alt=\"\" class=\"wp-image-10161\" srcset=\"https:\/\/endorfeen.com\/wp-content\/uploads\/2023\/03\/jocelynchavy_pierramenta-4200-300x200.jpg 300w, https:\/\/endorfeen.com\/wp-content\/uploads\/2023\/03\/jocelynchavy_pierramenta-4200-600x400.jpg 600w, https:\/\/endorfeen.com\/wp-content\/uploads\/2023\/03\/jocelynchavy_pierramenta-4200-768x512.jpg 768w, https:\/\/endorfeen.com\/wp-content\/uploads\/2023\/03\/jocelynchavy_pierramenta-4200-1024x683.jpg 1024w, https:\/\/endorfeen.com\/wp-content\/uploads\/2023\/03\/jocelynchavy_pierramenta-4200-1536x1024.jpg 1536w, https:\/\/endorfeen.com\/wp-content\/uploads\/2023\/03\/jocelynchavy_pierramenta-4200-scaled.jpg 2048w\" sizes=\"auto, (max-width: 1024px) 100vw, 1024px\" \/><figcaption class=\"wp-element-caption\">Axelle gachet mollaret \u00a9Jocelyn Chavy<\/figcaption><\/figure>\n\n\n\n<p>Apr\u00e8s avoir remport\u00e9 un nouveau titre de championne du monde sur la Verticale, Axelle Gachet-Mollaret et \u00c9mily Harrop, deux femmes puissantes dans la discipline, abordent <a href=\"https:\/\/endorfeen.com\/fr\/la-pierra-menta-legende-et-defi-du-ski-alpinisme\/\">la Pierra Menta<\/a> avec une grande confiance. Elles ont impos\u00e9 leur rythme d\u00e8s le d\u00e9but de la course avec 11 minutes d&rsquo;avance sur les s\u0153urs Bonnel. Elles sont d\u00e9termin\u00e9es \u00e0 confirmer leur statut de favorites. Leur objectif est de remporter cette 37\u00e8me \u00e9dition de <a href=\"https:\/\/endorfeen.com\/fr\/la-pierra-menta-legende-et-defi-du-ski-alpinisme\/\">la Pierra Menta<\/a> !<\/p>\n\n\n\n<figure class=\"wp-block-pullquote\"><blockquote><p>\u00ab\u00a0On esp\u00e9rait d\u00e9buter aussi fort. Avec cette m\u00e9t\u00e9o pas super rigolote, il peut toujours se passer des choses. On a une belle avance, mais il reste trois jours de course, dont deux journ\u00e9es qui s\u2019annoncent \u00ab\u00a0gal\u00e8res\u00a0\u00bb.<\/p><cite>Axelle Gachet Mollaret<\/cite><\/blockquote><\/figure>\n\n\n\n<h3 class=\"wp-block-heading\" id=\"h-le-podium-a-ete-pris-par-l-equipe-de-l-armee-italienne-le-duo-samuel-equy-matheo-jacquemoud-juste-derriere\">Le podium a \u00e9t\u00e9 pris par l&rsquo;\u00e9quipe de l&rsquo;arm\u00e9e italienne, le duo Samuel \u00c9quy &amp; Math\u00e9o Jacquemoud juste derri\u00e8re<\/h3>\n\n\n\n<p>Pour cette Pierra Menta 2023 J1, les Italiens ont respect\u00e9 leur engagement. Ils ont domin\u00e9 pendant toute la dur\u00e9e de la course. Cependant, ils sont toujours sous la pression du duo fran\u00e7ais compos\u00e9 de Samuel \u00c9quy et Math\u00e9o Jacquemoud.<\/p>\n\n\n\n<p>Matteo Eydallin et Michele Boscacci, qui ont gagn\u00e9 ensemble l&rsquo;\u00e9dition 2022, sont maintenant adversaires. Nadir Maguet et Matteo Eydallin ont remport\u00e9 la premi\u00e8re \u00e9tape en 2&rsquo;25&Prime;40, suivis de Davide Magnigni et Michele Boscacci en 2&rsquo;27&Prime;42.<\/p>\n\n\n\n<figure class=\"wp-block-image size-large is-resized\"><img loading=\"lazy\" decoding=\"async\" src=\"https:\/\/endorfeen.com\/wp-content\/uploads\/2023\/03\/jocelynchavy_pierramenta-3980-683x1024.jpg\" alt=\"\" class=\"wp-image-10163\" width=\"805\" height=\"1207\" srcset=\"https:\/\/endorfeen.com\/wp-content\/uploads\/2023\/03\/jocelynchavy_pierramenta-3980-200x300.jpg 200w, https:\/\/endorfeen.com\/wp-content\/uploads\/2023\/03\/jocelynchavy_pierramenta-3980-683x1024.jpg 683w, https:\/\/endorfeen.com\/wp-content\/uploads\/2023\/03\/jocelynchavy_pierramenta-3980-768x1152.jpg 768w, https:\/\/endorfeen.com\/wp-content\/uploads\/2023\/03\/jocelynchavy_pierramenta-3980-1024x1536.jpg 1024w, https:\/\/endorfeen.com\/wp-content\/uploads\/2023\/03\/jocelynchavy_pierramenta-3980-scaled.jpg 1366w\" sizes=\"auto, (max-width: 805px) 100vw, 805px\" \/><figcaption class=\"wp-element-caption\">Martin Anthamatten \u00a9Jocelyn Chavy<\/figcaption><\/figure>\n\n\n\n<p>Ils \u00e9taient attendus pour se battre pour la victoire et ils ont r\u00e9pondu pr\u00e9sent ! Samuel \u00c9quy de l&rsquo;Is\u00e8re et Math\u00e9o Jacquemoud de Haute-Savoie, qui ont remport\u00e9 le championnat de France par \u00e9quipes en f\u00e9vrier \u00e0 Superd\u00e9voluy, la Belle \u00c9toile et la Grande Trace, ont d\u00e9croch\u00e9 aujourd&rsquo;hui la troisi\u00e8me place. Malgr\u00e9 une premi\u00e8re partie de course difficile dans des conditions physiques et mentales \u00e9prouvantes, le duo fran\u00e7ais s&rsquo;est accroch\u00e9 jusqu&rsquo;\u00e0 la fin et a finalement termin\u00e9 sur la troisi\u00e8me marche du podium.<\/p>\n\n\n\n<h3 class=\"wp-block-heading\" id=\"h-resultat-pierra-menta-2023-d1-classement-homme\">R\u00e9sultat Pierra Menta 2023 &#8211; D1 &#8211; classement homme<\/h3>\n\n\n\n<ol class=\"wp-block-list\">\n<li>(ITA) Nadir Maguet &amp; Matteo Eydallin &#8211; 2:25:40<\/li>\n\n\n\n<li>(ITA) Michele Boscacci &amp; Davide Magnigni &#8211; 2:27:42<\/li>\n\n\n\n<li>(FR) Samuel \u00c9quy &amp; Math\u00e9o Jacquemoud &#8211; 2:28:06<\/li>\n\n\n\n<li>(FR) Jakob Herrmann &amp; Martin Anthamatten &#8211; 2:28:45<\/li>\n\n\n\n<li>(FR) Xavier Gachet &#8211; &amp; William Bon Mardion &#8211; 3:30:48<\/li>\n\n\n\n<li>(ITA) William Boffelli &amp; Alex Oberbacher &#8211; 2:31:41<\/li>\n\n\n\n<li>(FR) Alexis Sevennec &amp; Anselme Damevin &#8211; 2:33:23<\/li>\n\n\n\n<li>(FR) Aur\u00e9lien Dunand Pallaz &amp; Julien Michelon &#8211; 2:36:01 <\/li>\n\n\n\n<li>(FR) Germain Grangier &amp; Valentin Clarys &#8211; 2:40:16<\/li>\n\n\n\n<li>(FR) Simon Bellabouvier &amp; No\u00e9 Rogier &#8211; 2:41:24<\/li>\n<\/ol>\n\n\n\n<h3 class=\"wp-block-heading\">Classement femme<\/h3>\n\n\n\n<ol class=\"wp-block-list\">\n<li>(FR) Axelle Mollaret &amp; \u00c9mily Harrop &#8211; 2:54:33<\/li>\n\n\n\n<li>(FR) Candine Bonnel &amp; L\u00e9na Bonnel &#8211; 3:05:52<\/li>\n\n\n\n<li>(ITA) Martina Valmassoi &amp; Elena Nicolini &#8211; 3:12:47<\/li>\n\n\n\n<li>(FR) Romane Lafarge &amp; Sophie Mollard &#8211; 3:27:00<\/li>\n\n\n\n<li>(AM) Kylee Ohler &amp; Rea Kolbl &#8211; 3:29:04<\/li>\n\n\n\n<li>(FR) Laurie Renoton &amp; P\u00e9rine Gindre &#8211; 3:29:08<\/li>\n\n\n\n<li>(FR) Anna Tybor &amp; \u00c9lise Poncet &#8211; 3:29:16<\/li>\n\n\n\n<li>(FR) Marie Charlotte Iratzoquy &amp; Grace Staberg &#8211; 3:43:43<\/li>\n\n\n\n<li>(AL) Jacqueline Brandl &amp; Bianca Somavilla &#8211; 3:47:31<\/li>\n\n\n\n<li>(IT-FR) Katrin Bieler &amp; M\u00e9lanie Rousset &#8211; 3:50:20<\/li>\n<\/ol>\n","protected":false},"excerpt":{"rendered":"<p>A 7:30, la premi\u00e8re \u00e9tape de la 37\u00e8me \u00e9dition de la Pierra Menta a d\u00e9but\u00e9 avec 212 \u00e9quipes. La Pierra Menta est la course de ski-alpinisme la plus connue au monde et se d\u00e9roule chaque ann\u00e9e \u00e0 Ar\u00eaches-Beaufort. Les coureurs ont commenc\u00e9 leur ascension vers les sommets de la Legette et du Grand Mont sous &hellip;<\/p>\n","protected":false},"author":30,"featured_media":10157,"comment_status":"open","ping_status":"open","sticky":false,"template":"","format":"standard","meta":{"_acf_changed":false,"_genesis_hide_title":false,"_genesis_hide_breadcrumbs":false,"_genesis_hide_singular_image":false,"_genesis_hide_footer_widgets":false,"_genesis_custom_body_class":"","_genesis_custom_post_class":"","_genesis_layout":"","footnotes":""},"categories":[170,170],"tags":[717],"sponsor":[1087],"class_list":{"2":"type-post","7":"category-aventures","9":"tag-ski-alpinisme","10":"sponsor-endorfeen","11":"entry"},"yoast_head":"<!-- This site is optimized with the Yoast SEO Premium plugin v26.2 (Yoast SEO v26.2) - https:\/\/yoast.com\/wordpress\/plugins\/seo\/ -->\n<title>Pierra Menta 2023 J1 - Retour - endorfeen<\/title>\n<meta name=\"description\" content=\"Pierra Menta 2023 J1: A 7:30, la premi\u00e8re \u00e9tape de la 37\u00e8me \u00e9dition de la course a d\u00e9but\u00e9 avec 212 \u00e9quipes. La course est la...\" \/>\n<meta name=\"robots\" content=\"index, follow, max-snippet:-1, max-image-preview:large, max-video-preview:-1\" \/>\n<link rel=\"canonical\" href=\"https:\/\/endorfeen.com\/fr\/pierra-menta-2023-j1-retour-sur-le-premier-jour-de-course\/\" \/>\n<meta property=\"og:locale\" content=\"fr_FR\" \/>\n<meta property=\"og:type\" content=\"article\" \/>\n<meta property=\"og:title\" content=\"Pierra Menta 2023 J1 - Retour sur le Premier jour de course\" \/>\n<meta property=\"og:description\" content=\"Pierra Menta 2023 J1: A 7:30, la premi\u00e8re \u00e9tape de la 37\u00e8me \u00e9dition de la course a d\u00e9but\u00e9 avec 212 \u00e9quipes. La course est la...\" \/>\n<meta property=\"og:url\" content=\"https:\/\/endorfeen.com\/fr\/pierra-menta-2023-j1-retour-sur-le-premier-jour-de-course\/\" \/>\n<meta property=\"og:site_name\" content=\"endorfeen\" \/>\n<meta property=\"article:author\" content=\"http:\/\/www.facebook.com\/endorfeen-583261049007200\" \/>\n<meta property=\"article:published_time\" content=\"2023-03-09T16:13:41+00:00\" \/>\n<meta property=\"article:modified_time\" content=\"2023-08-18T10:02:12+00:00\" \/>\n<meta property=\"og:image\" content=\"https:\/\/endorfeen.com\/wp-content\/uploads\/2023\/03\/jocelynchavy_pierramenta-4493-scaled.jpg\" \/>\n\t<meta property=\"og:image:width\" content=\"2560\" \/>\n\t<meta property=\"og:image:height\" content=\"1707\" \/>\n\t<meta property=\"og:image:type\" content=\"image\/jpeg\" \/>\n<meta name=\"author\" content=\"Thomas Viguier\" \/>\n<meta name=\"twitter:card\" content=\"summary_large_image\" \/>\n<meta name=\"twitter:creator\" content=\"@https:\/\/twitter.com\/endorfeen_\" \/>\n<meta name=\"twitter:label1\" content=\"\u00c9crit par\" \/>\n\t<meta name=\"twitter:data1\" content=\"Thomas Viguier\" \/>\n\t<meta name=\"twitter:label2\" content=\"Dur\u00e9e de lecture estim\u00e9e\" \/>\n\t<meta name=\"twitter:data2\" content=\"4 minutes\" \/>\n<script type=\"application\/ld+json\" class=\"yoast-schema-graph\">{\"@context\":\"https:\/\/schema.org\",\"@graph\":[{\"@type\":\"Article\",\"@id\":\"https:\/\/endorfeen.com\/fr\/pierra-menta-2023-j1-retour-sur-le-premier-jour-de-course\/#article\",\"isPartOf\":{\"@id\":\"https:\/\/endorfeen.com\/fr\/pierra-menta-2023-j1-retour-sur-le-premier-jour-de-course\/\"},\"author\":{\"name\":\"Thomas Viguier\",\"@id\":\"https:\/\/endorfeen.com\/fr\/#\/schema\/person\/76a61f8eb41d36fffdec1b376fcf19aa\"},\"headline\":\"Pierra Menta 2023 J1 &#8211; Retour sur le Premier jour de course\",\"datePublished\":\"2023-03-09T16:13:41+00:00\",\"dateModified\":\"2023-08-18T10:02:12+00:00\",\"mainEntityOfPage\":{\"@id\":\"https:\/\/endorfeen.com\/fr\/pierra-menta-2023-j1-retour-sur-le-premier-jour-de-course\/\"},\"wordCount\":702,\"commentCount\":0,\"publisher\":{\"@id\":\"https:\/\/endorfeen.com\/fr\/#organization\"},\"image\":{\"@id\":\"https:\/\/endorfeen.com\/fr\/pierra-menta-2023-j1-retour-sur-le-premier-jour-de-course\/#primaryimage\"},\"thumbnailUrl\":\"https:\/\/endorfeen.com\/wp-content\/uploads\/2023\/03\/jocelynchavy_pierramenta-4493-scaled.jpg\",\"keywords\":[\"#Ski-Alpinisme\"],\"articleSection\":[\"Aventures\",\"Aventures\"],\"inLanguage\":\"fr-FR\",\"potentialAction\":[{\"@type\":\"CommentAction\",\"name\":\"Comment\",\"target\":[\"https:\/\/endorfeen.com\/fr\/pierra-menta-2023-j1-retour-sur-le-premier-jour-de-course\/#respond\"]}]},{\"@type\":\"WebPage\",\"@id\":\"https:\/\/endorfeen.com\/fr\/pierra-menta-2023-j1-retour-sur-le-premier-jour-de-course\/\",\"url\":\"https:\/\/endorfeen.com\/fr\/pierra-menta-2023-j1-retour-sur-le-premier-jour-de-course\/\",\"name\":\"Pierra Menta 2023 J1 - Retour - endorfeen\",\"isPartOf\":{\"@id\":\"https:\/\/endorfeen.com\/fr\/#website\"},\"primaryImageOfPage\":{\"@id\":\"https:\/\/endorfeen.com\/fr\/pierra-menta-2023-j1-retour-sur-le-premier-jour-de-course\/#primaryimage\"},\"image\":{\"@id\":\"https:\/\/endorfeen.com\/fr\/pierra-menta-2023-j1-retour-sur-le-premier-jour-de-course\/#primaryimage\"},\"thumbnailUrl\":\"https:\/\/endorfeen.com\/wp-content\/uploads\/2023\/03\/jocelynchavy_pierramenta-4493-scaled.jpg\",\"datePublished\":\"2023-03-09T16:13:41+00:00\",\"dateModified\":\"2023-08-18T10:02:12+00:00\",\"description\":\"Pierra Menta 2023 J1: A 7:30, la premi\u00e8re \u00e9tape de la 37\u00e8me \u00e9dition de la course a d\u00e9but\u00e9 avec 212 \u00e9quipes. La course est la...\",\"breadcrumb\":{\"@id\":\"https:\/\/endorfeen.com\/fr\/pierra-menta-2023-j1-retour-sur-le-premier-jour-de-course\/#breadcrumb\"},\"inLanguage\":\"fr-FR\",\"potentialAction\":[{\"@type\":\"ReadAction\",\"target\":[\"https:\/\/endorfeen.com\/fr\/pierra-menta-2023-j1-retour-sur-le-premier-jour-de-course\/\"]}]},{\"@type\":\"ImageObject\",\"inLanguage\":\"fr-FR\",\"@id\":\"https:\/\/endorfeen.com\/fr\/pierra-menta-2023-j1-retour-sur-le-premier-jour-de-course\/#primaryimage\",\"url\":\"https:\/\/endorfeen.com\/wp-content\/uploads\/2023\/03\/jocelynchavy_pierramenta-4493-scaled.jpg\",\"contentUrl\":\"https:\/\/endorfeen.com\/wp-content\/uploads\/2023\/03\/jocelynchavy_pierramenta-4493-scaled.jpg\",\"width\":2048,\"height\":1366,\"caption\":\"Maguet, Eydallin, Boscacci, Magnini, italian winners stage 1 Pierra Menta \u00a9jocelyn Chavy\"},{\"@type\":\"BreadcrumbList\",\"@id\":\"https:\/\/endorfeen.com\/fr\/pierra-menta-2023-j1-retour-sur-le-premier-jour-de-course\/#breadcrumb\",\"itemListElement\":[{\"@type\":\"ListItem\",\"position\":1,\"name\":\"Home\",\"item\":\"https:\/\/endorfeen.com\/fr\/\"},{\"@type\":\"ListItem\",\"position\":2,\"name\":\"Pierra Menta 2023 J1 &#8211; Retour sur le Premier jour de course\"}]},{\"@type\":\"WebSite\",\"@id\":\"https:\/\/endorfeen.com\/fr\/#website\",\"url\":\"https:\/\/endorfeen.com\/fr\/\",\"name\":\"endorfeen\",\"description\":\"The Media For Sustainable Outdoors.\",\"publisher\":{\"@id\":\"https:\/\/endorfeen.com\/fr\/#organization\"},\"potentialAction\":[{\"@type\":\"SearchAction\",\"target\":{\"@type\":\"EntryPoint\",\"urlTemplate\":\"https:\/\/endorfeen.com\/fr\/?s={search_term_string}\"},\"query-input\":{\"@type\":\"PropertyValueSpecification\",\"valueRequired\":true,\"valueName\":\"search_term_string\"}}],\"inLanguage\":\"fr-FR\"},{\"@type\":\"Organization\",\"@id\":\"https:\/\/endorfeen.com\/fr\/#organization\",\"name\":\"endorfeen\",\"url\":\"https:\/\/endorfeen.com\/fr\/\",\"logo\":{\"@type\":\"ImageObject\",\"inLanguage\":\"fr-FR\",\"@id\":\"https:\/\/endorfeen.com\/fr\/#\/schema\/logo\/image\/\",\"url\":\"https:\/\/endorfeen.com\/wp-content\/uploads\/2022\/06\/Circle-endorfeen-site-icon-circled-1000-x-1000-300psi.png\",\"contentUrl\":\"https:\/\/endorfeen.com\/wp-content\/uploads\/2022\/06\/Circle-endorfeen-site-icon-circled-1000-x-1000-300psi.png\",\"width\":1000,\"height\":1000,\"caption\":\"endorfeen\"},\"image\":{\"@id\":\"https:\/\/endorfeen.com\/fr\/#\/schema\/logo\/image\/\"}},{\"@type\":\"Person\",\"@id\":\"https:\/\/endorfeen.com\/fr\/#\/schema\/person\/76a61f8eb41d36fffdec1b376fcf19aa\",\"name\":\"Thomas Viguier\",\"image\":{\"@type\":\"ImageObject\",\"inLanguage\":\"fr-FR\",\"@id\":\"https:\/\/endorfeen.com\/fr\/#\/schema\/person\/image\/\",\"url\":\"https:\/\/secure.gravatar.com\/avatar\/3c24e541f6f82c052219429c60a8948b1c9ad8eda6daf26af0a100594146ab1a?s=96&d=mm&r=g\",\"contentUrl\":\"https:\/\/secure.gravatar.com\/avatar\/3c24e541f6f82c052219429c60a8948b1c9ad8eda6daf26af0a100594146ab1a?s=96&d=mm&r=g\",\"caption\":\"Thomas Viguier\"},\"description\":\"Everyone has a story to tell. endorfeen is built as a collaborative platform, giving the voice to anyone with a story to tell. If you have things you want to share, register here.\",\"sameAs\":[\"https:\/\/www.endorfeen.com\/\",\"http:\/\/www.facebook.com\/endorfeen-583261049007200\",\"http:\/\/www.instagram.com\/endorfeen_\/\",\"https:\/\/fi.pinterest.com\/endorfeen_\/\",\"https:\/\/x.com\/https:\/\/twitter.com\/endorfeen_\"],\"url\":\"https:\/\/endorfeen.com\/fr\/linkto\/endorfeen-mag\/\"}]}<\/script>\n<!-- \/ Yoast SEO Premium plugin. -->","yoast_head_json":{"title":"Pierra Menta 2023 J1 - Retour - endorfeen","description":"Pierra Menta 2023 J1: A 7:30, la premi\u00e8re \u00e9tape de la 37\u00e8me \u00e9dition de la course a d\u00e9but\u00e9 avec 212 \u00e9quipes. La course est la...","robots":{"index":"index","follow":"follow","max-snippet":"max-snippet:-1","max-image-preview":"max-image-preview:large","max-video-preview":"max-video-preview:-1"},"canonical":"https:\/\/endorfeen.com\/fr\/pierra-menta-2023-j1-retour-sur-le-premier-jour-de-course\/","og_locale":"fr_FR","og_type":"article","og_title":"Pierra Menta 2023 J1 - Retour sur le Premier jour de course","og_description":"Pierra Menta 2023 J1: A 7:30, la premi\u00e8re \u00e9tape de la 37\u00e8me \u00e9dition de la course a d\u00e9but\u00e9 avec 212 \u00e9quipes. La course est la...","og_url":"https:\/\/endorfeen.com\/fr\/pierra-menta-2023-j1-retour-sur-le-premier-jour-de-course\/","og_site_name":"endorfeen","article_author":"http:\/\/www.facebook.com\/endorfeen-583261049007200","article_published_time":"2023-03-09T16:13:41+00:00","article_modified_time":"2023-08-18T10:02:12+00:00","og_image":[{"width":2560,"height":1707,"url":"https:\/\/endorfeen.com\/wp-content\/uploads\/2023\/03\/jocelynchavy_pierramenta-4493-scaled.jpg","type":"image\/jpeg"}],"author":"Thomas Viguier","twitter_card":"summary_large_image","twitter_creator":"@https:\/\/twitter.com\/endorfeen_","twitter_misc":{"\u00c9crit par":"Thomas Viguier","Dur\u00e9e de lecture estim\u00e9e":"4 minutes"},"schema":{"@context":"https:\/\/schema.org","@graph":[{"@type":"Article","@id":"https:\/\/endorfeen.com\/fr\/pierra-menta-2023-j1-retour-sur-le-premier-jour-de-course\/#article","isPartOf":{"@id":"https:\/\/endorfeen.com\/fr\/pierra-menta-2023-j1-retour-sur-le-premier-jour-de-course\/"},"author":{"name":"Thomas Viguier","@id":"https:\/\/endorfeen.com\/fr\/#\/schema\/person\/76a61f8eb41d36fffdec1b376fcf19aa"},"headline":"Pierra Menta 2023 J1 &#8211; Retour sur le Premier jour de course","datePublished":"2023-03-09T16:13:41+00:00","dateModified":"2023-08-18T10:02:12+00:00","mainEntityOfPage":{"@id":"https:\/\/endorfeen.com\/fr\/pierra-menta-2023-j1-retour-sur-le-premier-jour-de-course\/"},"wordCount":702,"commentCount":0,"publisher":{"@id":"https:\/\/endorfeen.com\/fr\/#organization"},"image":{"@id":"https:\/\/endorfeen.com\/fr\/pierra-menta-2023-j1-retour-sur-le-premier-jour-de-course\/#primaryimage"},"thumbnailUrl":"https:\/\/endorfeen.com\/wp-content\/uploads\/2023\/03\/jocelynchavy_pierramenta-4493-scaled.jpg","keywords":["#Ski-Alpinisme"],"articleSection":["Aventures","Aventures"],"inLanguage":"fr-FR","potentialAction":[{"@type":"CommentAction","name":"Comment","target":["https:\/\/endorfeen.com\/fr\/pierra-menta-2023-j1-retour-sur-le-premier-jour-de-course\/#respond"]}]},{"@type":"WebPage","@id":"https:\/\/endorfeen.com\/fr\/pierra-menta-2023-j1-retour-sur-le-premier-jour-de-course\/","url":"https:\/\/endorfeen.com\/fr\/pierra-menta-2023-j1-retour-sur-le-premier-jour-de-course\/","name":"Pierra Menta 2023 J1 - Retour - endorfeen","isPartOf":{"@id":"https:\/\/endorfeen.com\/fr\/#website"},"primaryImageOfPage":{"@id":"https:\/\/endorfeen.com\/fr\/pierra-menta-2023-j1-retour-sur-le-premier-jour-de-course\/#primaryimage"},"image":{"@id":"https:\/\/endorfeen.com\/fr\/pierra-menta-2023-j1-retour-sur-le-premier-jour-de-course\/#primaryimage"},"thumbnailUrl":"https:\/\/endorfeen.com\/wp-content\/uploads\/2023\/03\/jocelynchavy_pierramenta-4493-scaled.jpg","datePublished":"2023-03-09T16:13:41+00:00","dateModified":"2023-08-18T10:02:12+00:00","description":"Pierra Menta 2023 J1: A 7:30, la premi\u00e8re \u00e9tape de la 37\u00e8me \u00e9dition de la course a d\u00e9but\u00e9 avec 212 \u00e9quipes. La course est la...","breadcrumb":{"@id":"https:\/\/endorfeen.com\/fr\/pierra-menta-2023-j1-retour-sur-le-premier-jour-de-course\/#breadcrumb"},"inLanguage":"fr-FR","potentialAction":[{"@type":"ReadAction","target":["https:\/\/endorfeen.com\/fr\/pierra-menta-2023-j1-retour-sur-le-premier-jour-de-course\/"]}]},{"@type":"ImageObject","inLanguage":"fr-FR","@id":"https:\/\/endorfeen.com\/fr\/pierra-menta-2023-j1-retour-sur-le-premier-jour-de-course\/#primaryimage","url":"https:\/\/endorfeen.com\/wp-content\/uploads\/2023\/03\/jocelynchavy_pierramenta-4493-scaled.jpg","contentUrl":"https:\/\/endorfeen.com\/wp-content\/uploads\/2023\/03\/jocelynchavy_pierramenta-4493-scaled.jpg","width":2048,"height":1366,"caption":"Maguet, Eydallin, Boscacci, Magnini, italian winners stage 1 Pierra Menta \u00a9jocelyn Chavy"},{"@type":"BreadcrumbList","@id":"https:\/\/endorfeen.com\/fr\/pierra-menta-2023-j1-retour-sur-le-premier-jour-de-course\/#breadcrumb","itemListElement":[{"@type":"ListItem","position":1,"name":"Home","item":"https:\/\/endorfeen.com\/fr\/"},{"@type":"ListItem","position":2,"name":"Pierra Menta 2023 J1 &#8211; Retour sur le Premier jour de course"}]},{"@type":"WebSite","@id":"https:\/\/endorfeen.com\/fr\/#website","url":"https:\/\/endorfeen.com\/fr\/","name":"endorfeen","description":"The Media For Sustainable Outdoors.","publisher":{"@id":"https:\/\/endorfeen.com\/fr\/#organization"},"potentialAction":[{"@type":"SearchAction","target":{"@type":"EntryPoint","urlTemplate":"https:\/\/endorfeen.com\/fr\/?s={search_term_string}"},"query-input":{"@type":"PropertyValueSpecification","valueRequired":true,"valueName":"search_term_string"}}],"inLanguage":"fr-FR"},{"@type":"Organization","@id":"https:\/\/endorfeen.com\/fr\/#organization","name":"endorfeen","url":"https:\/\/endorfeen.com\/fr\/","logo":{"@type":"ImageObject","inLanguage":"fr-FR","@id":"https:\/\/endorfeen.com\/fr\/#\/schema\/logo\/image\/","url":"https:\/\/endorfeen.com\/wp-content\/uploads\/2022\/06\/Circle-endorfeen-site-icon-circled-1000-x-1000-300psi.png","contentUrl":"https:\/\/endorfeen.com\/wp-content\/uploads\/2022\/06\/Circle-endorfeen-site-icon-circled-1000-x-1000-300psi.png","width":1000,"height":1000,"caption":"endorfeen"},"image":{"@id":"https:\/\/endorfeen.com\/fr\/#\/schema\/logo\/image\/"}},{"@type":"Person","@id":"https:\/\/endorfeen.com\/fr\/#\/schema\/person\/76a61f8eb41d36fffdec1b376fcf19aa","name":"Thomas Viguier","image":{"@type":"ImageObject","inLanguage":"fr-FR","@id":"https:\/\/endorfeen.com\/fr\/#\/schema\/person\/image\/","url":"https:\/\/secure.gravatar.com\/avatar\/3c24e541f6f82c052219429c60a8948b1c9ad8eda6daf26af0a100594146ab1a?s=96&d=mm&r=g","contentUrl":"https:\/\/secure.gravatar.com\/avatar\/3c24e541f6f82c052219429c60a8948b1c9ad8eda6daf26af0a100594146ab1a?s=96&d=mm&r=g","caption":"Thomas Viguier"},"description":"Everyone has a story to tell. endorfeen is built as a collaborative platform, giving the voice to anyone with a story to tell. If you have things you want to share, register here.","sameAs":["https:\/\/www.endorfeen.com\/","http:\/\/www.facebook.com\/endorfeen-583261049007200","http:\/\/www.instagram.com\/endorfeen_\/","https:\/\/fi.pinterest.com\/endorfeen_\/","https:\/\/x.com\/https:\/\/twitter.com\/endorfeen_"],"url":"https:\/\/endorfeen.com\/fr\/linkto\/endorfeen-mag\/"}]}},"featured_image_src":"https:\/\/endorfeen.com\/wp-content\/uploads\/2023\/03\/jocelynchavy_pierramenta-4493-600x400.jpg","featured_image_src_square":"https:\/\/endorfeen.com\/wp-content\/uploads\/2023\/03\/jocelynchavy_pierramenta-4493-600x600.jpg","author_info":{"display_name":"Thomas Viguier","author_link":"https:\/\/endorfeen.com\/fr\/linkto\/endorfeen-mag\/"},"acf":[],"_links":{"self":[{"href":"https:\/\/endorfeen.com\/fr\/wp-json\/wp\/v2\/posts\/10156","targetHints":{"allow":["GET"]}}],"collection":[{"href":"https:\/\/endorfeen.com\/fr\/wp-json\/wp\/v2\/posts"}],"about":[{"href":"https:\/\/endorfeen.com\/fr\/wp-json\/wp\/v2\/types\/post"}],"author":[{"embeddable":true,"href":"https:\/\/endorfeen.com\/fr\/wp-json\/wp\/v2\/users\/30"}],"replies":[{"embeddable":true,"href":"https:\/\/endorfeen.com\/fr\/wp-json\/wp\/v2\/comments?post=10156"}],"version-history":[{"count":0,"href":"https:\/\/endorfeen.com\/fr\/wp-json\/wp\/v2\/posts\/10156\/revisions"}],"wp:featuredmedia":[{"embeddable":true,"href":"https:\/\/endorfeen.com\/fr\/wp-json\/wp\/v2\/media\/10157"}],"wp:attachment":[{"href":"https:\/\/endorfeen.com\/fr\/wp-json\/wp\/v2\/media?parent=10156"}],"wp:term":[{"taxonomy":"category","embeddable":true,"href":"https:\/\/endorfeen.com\/fr\/wp-json\/wp\/v2\/categories?post=10156"},{"taxonomy":"post_tag","embeddable":true,"href":"https:\/\/endorfeen.com\/fr\/wp-json\/wp\/v2\/tags?post=10156"},{"taxonomy":"sponsor","embeddable":true,"href":"https:\/\/endorfeen.com\/fr\/wp-json\/wp\/v2\/sponsor?post=10156"}],"curies":[{"name":"wp","href":"https:\/\/api.w.org\/{rel}","templated":true}]}}