{"id":10143,"date":"2023-03-07T10:15:22","date_gmt":"2023-03-07T10:15:22","guid":{"rendered":"https:\/\/endorfeen.com\/?p=10143"},"modified":"2023-08-18T11:02:14","modified_gmt":"2023-08-18T10:02:14","slug":"compte-a-rebours-pour-les-finales-de-fwt23-et-le-fieberbrunn-pro","status":"publish","type":"post","link":"https:\/\/endorfeen.com\/fr\/compte-a-rebours-pour-les-finales-de-fwt23-et-le-fieberbrunn-pro\/","title":{"rendered":"Compte \u00e0 rebours pour les finales du FWT23 et le Fieberbrunn Pro"},"content":{"rendered":"\n<p>FWT23 Fieberbrunn Pro. Les finales de FWT23 d\u00e9buteront \u00e0 Fieberbrunn, en Autriche. La fen\u00eatre m\u00e9t\u00e9orologique est esp\u00e9rons-le fix\u00e9e du 11 au 17 mars.<\/p>\n\n\n\n<h2 class=\"wp-block-heading\" id=\"h-fwt23-fieberbrunn-pro-in-the-final-stages-of-the-tour\">FWT23 Fieberbrunn Pro, in the final stages of the Tour<\/h2>\n\n\n\n<p>Le 3 mars 2023, \u00e0 Pully, en Suisse, il a \u00e9t\u00e9 annonc\u00e9 que la saison 2023 du Freeride World Tour a atteint sa derni\u00e8re \u00e9tape apr\u00e8s trois \u00e9v\u00e9nements r\u00e9ussis. Les meilleurs coureurs restants s&rsquo;affronteront lors des FWT Finals. Le premier \u00e9v\u00e9nement des finales aura lieu \u00e0 Fieberbrunn, en Autriche, o\u00f9 les riders devront affronter le difficile Wildseeloder.<\/p>\n\n\n\n<p>Heureusement, les pr\u00e9visions pr\u00e9voient de la neige fra\u00eeche la semaine prochaine. C&rsquo;est un soulagement apr\u00e8s une saison extr\u00eamement s\u00e8che en Europe. L&rsquo;\u00e9v\u00e9nement proposera \u00e0 nouveau un format de deux meilleures descentes. Cela permettra aux riders de d\u00e9montrer leurs comp\u00e9tences en montagne et leurs astuces avec deux chances d&rsquo;impressionner le monde.<\/p>\n\n\n\n<figure class=\"wp-block-image size-large\"><img loading=\"lazy\" decoding=\"async\" width=\"1024\" height=\"683\" src=\"https:\/\/endorfeen.com\/wp-content\/uploads\/2023\/03\/FWT22_FIEBERBRUNN_JBERNARD_1B8A3961-1024x683.jpg\" alt=\"FWT23 Fieberbrunn Pro\" class=\"wp-image-10141\" srcset=\"https:\/\/endorfeen.com\/wp-content\/uploads\/2023\/03\/FWT22_FIEBERBRUNN_JBERNARD_1B8A3961-300x200.jpg 300w, https:\/\/endorfeen.com\/wp-content\/uploads\/2023\/03\/FWT22_FIEBERBRUNN_JBERNARD_1B8A3961-600x400.jpg 600w, https:\/\/endorfeen.com\/wp-content\/uploads\/2023\/03\/FWT22_FIEBERBRUNN_JBERNARD_1B8A3961-768x512.jpg 768w, https:\/\/endorfeen.com\/wp-content\/uploads\/2023\/03\/FWT22_FIEBERBRUNN_JBERNARD_1B8A3961-1024x683.jpg 1024w, https:\/\/endorfeen.com\/wp-content\/uploads\/2023\/03\/FWT22_FIEBERBRUNN_JBERNARD_1B8A3961-1536x1024.jpg 1536w, https:\/\/endorfeen.com\/wp-content\/uploads\/2023\/03\/FWT22_FIEBERBRUNN_JBERNARD_1B8A3961.jpg 1680w\" sizes=\"auto, (max-width: 1024px) 100vw, 1024px\" \/><figcaption class=\"wp-element-caption\">\u00a9 Freeride World Tour \/ Jeremy Bernard<\/figcaption><\/figure>\n\n\n\n<h2 class=\"wp-block-heading\">Un classement serr\u00e9<\/h2>\n\n\n\n<p>La comp\u00e9tition pour les titres mondiaux est toujours tr\u00e8s disput\u00e9e, en particulier dans les cat\u00e9gories ski. <a href=\"https:\/\/www.freerideworldtour.com\/rider\/addison-rafford\" target=\"_blank\" rel=\"noreferrer noopener\">Addison Rafford<\/a> (USA) d\u00e9tient un l\u00e9ger avantage sur <a href=\"https:\/\/www.freerideworldtour.com\/rider\/molly-armanino\" target=\"_blank\" rel=\"noreferrer noopener\">Molly Armanino <\/a>(USA), tandis que d&rsquo;autres concurrents sont en poursuite rapproch\u00e9e. <a href=\"https:\/\/www.freerideworldtour.com\/rider\/valentin-rainer\" target=\"_blank\" rel=\"noreferrer noopener\">Valentin Rainer<\/a> (AUT) entre dans l&rsquo;\u00e9v\u00e9nement en tant que grand favori. Il devrait se sentir \u00e0 l&rsquo;aise \u00e0 la fois sur la montagne et dans le maillot d&rsquo;or. Il va aussi courir dans sa ville natale de Fieberbrunn.<\/p>\n\n\n\n<p>Cependant, il devra surpasser Max Hitzig (GER). L&rsquo;Allemand a remport\u00e9 la victoire lors de cet \u00e9v\u00e9nement l&rsquo;ann\u00e9e derni\u00e8re et n&rsquo;est qu&rsquo;\u00e0 720 points derri\u00e8re au classement g\u00e9n\u00e9ral.<\/p>\n\n\n\n<p>Dans la cat\u00e9gorie snowboard hommes, <a href=\"https:\/\/www.freerideworldtour.com\/rider\/ludovic-guillot-diat\" target=\"_blank\" rel=\"noreferrer noopener\">Ludovic Guillot-Diat<\/a> (FRA) est en t\u00eate. Attention au nouveau venu, Liam Rivera (MEX), qui n&rsquo;est pas loin derri\u00e8re.<\/p>\n\n\n\n<p>Dans la cat\u00e9gorie snowboard femmes, <a href=\"https:\/\/www.freerideworldtour.com\/rider\/katie-anderson\" target=\"_blank\" rel=\"noreferrer noopener\">Katie Anderson<\/a> (CAN) d\u00e9tient une avance plus confortable de plus de 5 000 points. D&rsquo;autres concurrentes sont encore \u00e0 port\u00e9e de frappe.<\/p>\n\n\n\n<h2 class=\"wp-block-heading\">Deux wildcards int\u00e9ressantes aux FWT23 Fieberbrunn Pro.<\/h2>\n\n\n\n<p>Pour ajouter de l&rsquo;excitation \u00e0 la comp\u00e9tition, il a \u00e9t\u00e9 annonc\u00e9 que deux professionnelles exp\u00e9riment\u00e9es du FWT reviendront \u00e0 l&rsquo;\u00e9v\u00e9nement en tant que wildcards : <a href=\"https:\/\/www.freerideworldtour.com\/rider\/arianna-tricomi\" target=\"_blank\" rel=\"noreferrer noopener\">Arianna Tricomi<\/a> (ITA) et <a href=\"https:\/\/www.freerideworldtour.com\/rider\/manuela-mandl\" target=\"_blank\" rel=\"noreferrer noopener\">Manuela Mandl<\/a> (AUT). Arianna est une triple championne du monde du FWT. Elle a remport\u00e9 le titre en 2018, 2019 et 2020, ce qui devrait avoir un impact significatif sur la cat\u00e9gorie ski femmes.<\/p>\n\n\n\n<p>Manuela a \u00e9galement un titre de championne du monde au FWT \u00e0 son actif. Elle sera une fois de plus l&rsquo;une des meilleures riders, difficile \u00e0 battre sur sa montagne natale. <a href=\"https:\/\/www.freerideworldtour.com\/rider\/ryan-wachendorfer\" target=\"_blank\" rel=\"noreferrer noopener\">Ryan Wachendorfer<\/a> (USA) se joindra \u00e9galement \u00e0 la liste des snowboarders hommes pour l&rsquo;\u00e9v\u00e9nement, mais malheureusement, <a href=\"https:\/\/www.freerideworldtour.com\/rider\/dennis-ranalter\" target=\"_blank\" rel=\"noreferrer noopener\">Dennis Ranalter<\/a> (AUT) ne participera pas pour des raisons personnelles.<\/p>\n","protected":false},"excerpt":{"rendered":"<p>FWT23 Fieberbrunn Pro. Les finales de FWT23 d\u00e9buteront \u00e0 Fieberbrunn, en Autriche. La fen\u00eatre m\u00e9t\u00e9orologique est esp\u00e9rons-le fix\u00e9e du 11 au 17 mars. FWT23 Fieberbrunn Pro, in the final stages of the Tour Le 3 mars 2023, \u00e0 Pully, en Suisse, il a \u00e9t\u00e9 annonc\u00e9 que la saison 2023 du Freeride World Tour a atteint &hellip;<\/p>\n","protected":false},"author":30,"featured_media":10140,"comment_status":"closed","ping_status":"closed","sticky":false,"template":"","format":"standard","meta":{"_acf_changed":false,"_genesis_hide_title":false,"_genesis_hide_breadcrumbs":false,"_genesis_hide_singular_image":false,"_genesis_hide_footer_widgets":false,"_genesis_custom_body_class":"","_genesis_custom_post_class":"","_genesis_layout":"","footnotes":""},"categories":[170],"tags":[711,162,638,615,664],"sponsor":[1087],"class_list":{"2":"type-post","7":"category-aventures","8":"tag-fieberbrunn-fr","9":"tag-freeride-fr","10":"tag-freerideworldtour-fr","11":"tag-fwt23-fr","12":"tag-horspiste","13":"sponsor-endorfeen","14":"entry"},"yoast_head":"<!-- This site is optimized with the Yoast SEO Premium plugin v26.2 (Yoast SEO v26.2) - https:\/\/yoast.com\/wordpress\/plugins\/seo\/ -->\n<title>Compte \u00e0 rebours pour les finales du FWT23 et le Fieberbrunn Pro - endorfeen<\/title>\n<meta name=\"description\" content=\"FWT23 Fieberbrunn Pro: \u00c0 partir de la semaine prochaine, les finales de FWT23 d\u00e9buteront \u00e0 Fieberbrunn, en Autriche, et la fen\u00eatre m\u00e9t\u00e9o...\" \/>\n<meta name=\"robots\" content=\"index, follow, max-snippet:-1, max-image-preview:large, max-video-preview:-1\" \/>\n<link rel=\"canonical\" href=\"https:\/\/endorfeen.com\/fr\/compte-a-rebours-pour-les-finales-de-fwt23-et-le-fieberbrunn-pro\/\" \/>\n<meta property=\"og:locale\" content=\"fr_FR\" \/>\n<meta property=\"og:type\" content=\"article\" \/>\n<meta property=\"og:title\" content=\"Compte \u00e0 rebours pour les finales du FWT23 et le Fieberbrunn Pro\" \/>\n<meta property=\"og:description\" content=\"FWT23 Fieberbrunn Pro: \u00c0 partir de la semaine prochaine, les finales de FWT23 d\u00e9buteront \u00e0 Fieberbrunn, en Autriche, et la fen\u00eatre m\u00e9t\u00e9o...\" \/>\n<meta property=\"og:url\" content=\"https:\/\/endorfeen.com\/fr\/compte-a-rebours-pour-les-finales-de-fwt23-et-le-fieberbrunn-pro\/\" \/>\n<meta property=\"og:site_name\" content=\"endorfeen\" \/>\n<meta property=\"article:author\" content=\"http:\/\/www.facebook.com\/endorfeen-583261049007200\" \/>\n<meta property=\"article:published_time\" content=\"2023-03-07T10:15:22+00:00\" \/>\n<meta property=\"article:modified_time\" content=\"2023-08-18T10:02:14+00:00\" \/>\n<meta property=\"og:image\" content=\"https:\/\/endorfeen.com\/wp-content\/uploads\/2023\/03\/FWT22_BAQUIERA_BERET_JBERNARD_1B8A6511_FACE_CHACK.jpg\" \/>\n\t<meta property=\"og:image:width\" content=\"1680\" \/>\n\t<meta property=\"og:image:height\" content=\"1120\" \/>\n\t<meta property=\"og:image:type\" content=\"image\/jpeg\" \/>\n<meta name=\"author\" content=\"Thomas Viguier\" \/>\n<meta name=\"twitter:card\" content=\"summary_large_image\" \/>\n<meta name=\"twitter:creator\" content=\"@https:\/\/twitter.com\/endorfeen_\" \/>\n<meta name=\"twitter:label1\" content=\"\u00c9crit par\" \/>\n\t<meta name=\"twitter:data1\" content=\"Thomas Viguier\" \/>\n\t<meta name=\"twitter:label2\" content=\"Dur\u00e9e de lecture estim\u00e9e\" \/>\n\t<meta name=\"twitter:data2\" content=\"3 minutes\" \/>\n<script type=\"application\/ld+json\" class=\"yoast-schema-graph\">{\"@context\":\"https:\/\/schema.org\",\"@graph\":[{\"@type\":\"Article\",\"@id\":\"https:\/\/endorfeen.com\/fr\/compte-a-rebours-pour-les-finales-de-fwt23-et-le-fieberbrunn-pro\/#article\",\"isPartOf\":{\"@id\":\"https:\/\/endorfeen.com\/fr\/compte-a-rebours-pour-les-finales-de-fwt23-et-le-fieberbrunn-pro\/\"},\"author\":{\"name\":\"Thomas Viguier\",\"@id\":\"https:\/\/endorfeen.com\/fr\/#\/schema\/person\/76a61f8eb41d36fffdec1b376fcf19aa\"},\"headline\":\"Compte \u00e0 rebours pour les finales du FWT23 et le Fieberbrunn Pro\",\"datePublished\":\"2023-03-07T10:15:22+00:00\",\"dateModified\":\"2023-08-18T10:02:14+00:00\",\"mainEntityOfPage\":{\"@id\":\"https:\/\/endorfeen.com\/fr\/compte-a-rebours-pour-les-finales-de-fwt23-et-le-fieberbrunn-pro\/\"},\"wordCount\":476,\"publisher\":{\"@id\":\"https:\/\/endorfeen.com\/fr\/#organization\"},\"image\":{\"@id\":\"https:\/\/endorfeen.com\/fr\/compte-a-rebours-pour-les-finales-de-fwt23-et-le-fieberbrunn-pro\/#primaryimage\"},\"thumbnailUrl\":\"https:\/\/endorfeen.com\/wp-content\/uploads\/2023\/03\/FWT22_BAQUIERA_BERET_JBERNARD_1B8A6511_FACE_CHACK.jpg\",\"keywords\":[\"#Fieberbrunn\",\"#freeride\",\"#freerideworldtour\",\"#FWT23\",\"#HorsPiste\"],\"articleSection\":[\"Aventures\"],\"inLanguage\":\"fr-FR\"},{\"@type\":\"WebPage\",\"@id\":\"https:\/\/endorfeen.com\/fr\/compte-a-rebours-pour-les-finales-de-fwt23-et-le-fieberbrunn-pro\/\",\"url\":\"https:\/\/endorfeen.com\/fr\/compte-a-rebours-pour-les-finales-de-fwt23-et-le-fieberbrunn-pro\/\",\"name\":\"Compte \u00e0 rebours pour les finales du FWT23 et le Fieberbrunn Pro - endorfeen\",\"isPartOf\":{\"@id\":\"https:\/\/endorfeen.com\/fr\/#website\"},\"primaryImageOfPage\":{\"@id\":\"https:\/\/endorfeen.com\/fr\/compte-a-rebours-pour-les-finales-de-fwt23-et-le-fieberbrunn-pro\/#primaryimage\"},\"image\":{\"@id\":\"https:\/\/endorfeen.com\/fr\/compte-a-rebours-pour-les-finales-de-fwt23-et-le-fieberbrunn-pro\/#primaryimage\"},\"thumbnailUrl\":\"https:\/\/endorfeen.com\/wp-content\/uploads\/2023\/03\/FWT22_BAQUIERA_BERET_JBERNARD_1B8A6511_FACE_CHACK.jpg\",\"datePublished\":\"2023-03-07T10:15:22+00:00\",\"dateModified\":\"2023-08-18T10:02:14+00:00\",\"description\":\"FWT23 Fieberbrunn Pro: \u00c0 partir de la semaine prochaine, les finales de FWT23 d\u00e9buteront \u00e0 Fieberbrunn, en Autriche, et la fen\u00eatre m\u00e9t\u00e9o...\",\"breadcrumb\":{\"@id\":\"https:\/\/endorfeen.com\/fr\/compte-a-rebours-pour-les-finales-de-fwt23-et-le-fieberbrunn-pro\/#breadcrumb\"},\"inLanguage\":\"fr-FR\",\"potentialAction\":[{\"@type\":\"ReadAction\",\"target\":[\"https:\/\/endorfeen.com\/fr\/compte-a-rebours-pour-les-finales-de-fwt23-et-le-fieberbrunn-pro\/\"]}]},{\"@type\":\"ImageObject\",\"inLanguage\":\"fr-FR\",\"@id\":\"https:\/\/endorfeen.com\/fr\/compte-a-rebours-pour-les-finales-de-fwt23-et-le-fieberbrunn-pro\/#primaryimage\",\"url\":\"https:\/\/endorfeen.com\/wp-content\/uploads\/2023\/03\/FWT22_BAQUIERA_BERET_JBERNARD_1B8A6511_FACE_CHACK.jpg\",\"contentUrl\":\"https:\/\/endorfeen.com\/wp-content\/uploads\/2023\/03\/FWT22_BAQUIERA_BERET_JBERNARD_1B8A6511_FACE_CHACK.jpg\",\"width\":1680,\"height\":1120,\"caption\":\"\u00a9 Freeride World Tour \/ Jeremy Bernard\"},{\"@type\":\"BreadcrumbList\",\"@id\":\"https:\/\/endorfeen.com\/fr\/compte-a-rebours-pour-les-finales-de-fwt23-et-le-fieberbrunn-pro\/#breadcrumb\",\"itemListElement\":[{\"@type\":\"ListItem\",\"position\":1,\"name\":\"Home\",\"item\":\"https:\/\/endorfeen.com\/fr\/\"},{\"@type\":\"ListItem\",\"position\":2,\"name\":\"Compte \u00e0 rebours pour les finales du FWT23 et le Fieberbrunn Pro\"}]},{\"@type\":\"WebSite\",\"@id\":\"https:\/\/endorfeen.com\/fr\/#website\",\"url\":\"https:\/\/endorfeen.com\/fr\/\",\"name\":\"endorfeen\",\"description\":\"The Media For Sustainable Outdoors.\",\"publisher\":{\"@id\":\"https:\/\/endorfeen.com\/fr\/#organization\"},\"potentialAction\":[{\"@type\":\"SearchAction\",\"target\":{\"@type\":\"EntryPoint\",\"urlTemplate\":\"https:\/\/endorfeen.com\/fr\/?s={search_term_string}\"},\"query-input\":{\"@type\":\"PropertyValueSpecification\",\"valueRequired\":true,\"valueName\":\"search_term_string\"}}],\"inLanguage\":\"fr-FR\"},{\"@type\":\"Organization\",\"@id\":\"https:\/\/endorfeen.com\/fr\/#organization\",\"name\":\"endorfeen\",\"url\":\"https:\/\/endorfeen.com\/fr\/\",\"logo\":{\"@type\":\"ImageObject\",\"inLanguage\":\"fr-FR\",\"@id\":\"https:\/\/endorfeen.com\/fr\/#\/schema\/logo\/image\/\",\"url\":\"https:\/\/endorfeen.com\/wp-content\/uploads\/2022\/06\/Circle-endorfeen-site-icon-circled-1000-x-1000-300psi.png\",\"contentUrl\":\"https:\/\/endorfeen.com\/wp-content\/uploads\/2022\/06\/Circle-endorfeen-site-icon-circled-1000-x-1000-300psi.png\",\"width\":1000,\"height\":1000,\"caption\":\"endorfeen\"},\"image\":{\"@id\":\"https:\/\/endorfeen.com\/fr\/#\/schema\/logo\/image\/\"}},{\"@type\":\"Person\",\"@id\":\"https:\/\/endorfeen.com\/fr\/#\/schema\/person\/76a61f8eb41d36fffdec1b376fcf19aa\",\"name\":\"Thomas Viguier\",\"image\":{\"@type\":\"ImageObject\",\"inLanguage\":\"fr-FR\",\"@id\":\"https:\/\/endorfeen.com\/fr\/#\/schema\/person\/image\/\",\"url\":\"https:\/\/secure.gravatar.com\/avatar\/3c24e541f6f82c052219429c60a8948b1c9ad8eda6daf26af0a100594146ab1a?s=96&d=mm&r=g\",\"contentUrl\":\"https:\/\/secure.gravatar.com\/avatar\/3c24e541f6f82c052219429c60a8948b1c9ad8eda6daf26af0a100594146ab1a?s=96&d=mm&r=g\",\"caption\":\"Thomas Viguier\"},\"description\":\"Everyone has a story to tell. endorfeen is built as a collaborative platform, giving the voice to anyone with a story to tell. If you have things you want to share, register here.\",\"sameAs\":[\"https:\/\/www.endorfeen.com\/\",\"http:\/\/www.facebook.com\/endorfeen-583261049007200\",\"http:\/\/www.instagram.com\/endorfeen_\/\",\"https:\/\/fi.pinterest.com\/endorfeen_\/\",\"https:\/\/x.com\/https:\/\/twitter.com\/endorfeen_\"],\"url\":\"https:\/\/endorfeen.com\/fr\/linkto\/endorfeen-mag\/\"}]}<\/script>\n<!-- \/ Yoast SEO Premium plugin. -->","yoast_head_json":{"title":"Compte \u00e0 rebours pour les finales du FWT23 et le Fieberbrunn Pro - endorfeen","description":"FWT23 Fieberbrunn Pro: \u00c0 partir de la semaine prochaine, les finales de FWT23 d\u00e9buteront \u00e0 Fieberbrunn, en Autriche, et la fen\u00eatre m\u00e9t\u00e9o...","robots":{"index":"index","follow":"follow","max-snippet":"max-snippet:-1","max-image-preview":"max-image-preview:large","max-video-preview":"max-video-preview:-1"},"canonical":"https:\/\/endorfeen.com\/fr\/compte-a-rebours-pour-les-finales-de-fwt23-et-le-fieberbrunn-pro\/","og_locale":"fr_FR","og_type":"article","og_title":"Compte \u00e0 rebours pour les finales du FWT23 et le Fieberbrunn Pro","og_description":"FWT23 Fieberbrunn Pro: \u00c0 partir de la semaine prochaine, les finales de FWT23 d\u00e9buteront \u00e0 Fieberbrunn, en Autriche, et la fen\u00eatre m\u00e9t\u00e9o...","og_url":"https:\/\/endorfeen.com\/fr\/compte-a-rebours-pour-les-finales-de-fwt23-et-le-fieberbrunn-pro\/","og_site_name":"endorfeen","article_author":"http:\/\/www.facebook.com\/endorfeen-583261049007200","article_published_time":"2023-03-07T10:15:22+00:00","article_modified_time":"2023-08-18T10:02:14+00:00","og_image":[{"width":1680,"height":1120,"url":"https:\/\/endorfeen.com\/wp-content\/uploads\/2023\/03\/FWT22_BAQUIERA_BERET_JBERNARD_1B8A6511_FACE_CHACK.jpg","type":"image\/jpeg"}],"author":"Thomas Viguier","twitter_card":"summary_large_image","twitter_creator":"@https:\/\/twitter.com\/endorfeen_","twitter_misc":{"\u00c9crit par":"Thomas Viguier","Dur\u00e9e de lecture estim\u00e9e":"3 minutes"},"schema":{"@context":"https:\/\/schema.org","@graph":[{"@type":"Article","@id":"https:\/\/endorfeen.com\/fr\/compte-a-rebours-pour-les-finales-de-fwt23-et-le-fieberbrunn-pro\/#article","isPartOf":{"@id":"https:\/\/endorfeen.com\/fr\/compte-a-rebours-pour-les-finales-de-fwt23-et-le-fieberbrunn-pro\/"},"author":{"name":"Thomas Viguier","@id":"https:\/\/endorfeen.com\/fr\/#\/schema\/person\/76a61f8eb41d36fffdec1b376fcf19aa"},"headline":"Compte \u00e0 rebours pour les finales du FWT23 et le Fieberbrunn Pro","datePublished":"2023-03-07T10:15:22+00:00","dateModified":"2023-08-18T10:02:14+00:00","mainEntityOfPage":{"@id":"https:\/\/endorfeen.com\/fr\/compte-a-rebours-pour-les-finales-de-fwt23-et-le-fieberbrunn-pro\/"},"wordCount":476,"publisher":{"@id":"https:\/\/endorfeen.com\/fr\/#organization"},"image":{"@id":"https:\/\/endorfeen.com\/fr\/compte-a-rebours-pour-les-finales-de-fwt23-et-le-fieberbrunn-pro\/#primaryimage"},"thumbnailUrl":"https:\/\/endorfeen.com\/wp-content\/uploads\/2023\/03\/FWT22_BAQUIERA_BERET_JBERNARD_1B8A6511_FACE_CHACK.jpg","keywords":["#Fieberbrunn","#freeride","#freerideworldtour","#FWT23","#HorsPiste"],"articleSection":["Aventures"],"inLanguage":"fr-FR"},{"@type":"WebPage","@id":"https:\/\/endorfeen.com\/fr\/compte-a-rebours-pour-les-finales-de-fwt23-et-le-fieberbrunn-pro\/","url":"https:\/\/endorfeen.com\/fr\/compte-a-rebours-pour-les-finales-de-fwt23-et-le-fieberbrunn-pro\/","name":"Compte \u00e0 rebours pour les finales du FWT23 et le Fieberbrunn Pro - endorfeen","isPartOf":{"@id":"https:\/\/endorfeen.com\/fr\/#website"},"primaryImageOfPage":{"@id":"https:\/\/endorfeen.com\/fr\/compte-a-rebours-pour-les-finales-de-fwt23-et-le-fieberbrunn-pro\/#primaryimage"},"image":{"@id":"https:\/\/endorfeen.com\/fr\/compte-a-rebours-pour-les-finales-de-fwt23-et-le-fieberbrunn-pro\/#primaryimage"},"thumbnailUrl":"https:\/\/endorfeen.com\/wp-content\/uploads\/2023\/03\/FWT22_BAQUIERA_BERET_JBERNARD_1B8A6511_FACE_CHACK.jpg","datePublished":"2023-03-07T10:15:22+00:00","dateModified":"2023-08-18T10:02:14+00:00","description":"FWT23 Fieberbrunn Pro: \u00c0 partir de la semaine prochaine, les finales de FWT23 d\u00e9buteront \u00e0 Fieberbrunn, en Autriche, et la fen\u00eatre m\u00e9t\u00e9o...","breadcrumb":{"@id":"https:\/\/endorfeen.com\/fr\/compte-a-rebours-pour-les-finales-de-fwt23-et-le-fieberbrunn-pro\/#breadcrumb"},"inLanguage":"fr-FR","potentialAction":[{"@type":"ReadAction","target":["https:\/\/endorfeen.com\/fr\/compte-a-rebours-pour-les-finales-de-fwt23-et-le-fieberbrunn-pro\/"]}]},{"@type":"ImageObject","inLanguage":"fr-FR","@id":"https:\/\/endorfeen.com\/fr\/compte-a-rebours-pour-les-finales-de-fwt23-et-le-fieberbrunn-pro\/#primaryimage","url":"https:\/\/endorfeen.com\/wp-content\/uploads\/2023\/03\/FWT22_BAQUIERA_BERET_JBERNARD_1B8A6511_FACE_CHACK.jpg","contentUrl":"https:\/\/endorfeen.com\/wp-content\/uploads\/2023\/03\/FWT22_BAQUIERA_BERET_JBERNARD_1B8A6511_FACE_CHACK.jpg","width":1680,"height":1120,"caption":"\u00a9 Freeride World Tour \/ Jeremy Bernard"},{"@type":"BreadcrumbList","@id":"https:\/\/endorfeen.com\/fr\/compte-a-rebours-pour-les-finales-de-fwt23-et-le-fieberbrunn-pro\/#breadcrumb","itemListElement":[{"@type":"ListItem","position":1,"name":"Home","item":"https:\/\/endorfeen.com\/fr\/"},{"@type":"ListItem","position":2,"name":"Compte \u00e0 rebours pour les finales du FWT23 et le Fieberbrunn Pro"}]},{"@type":"WebSite","@id":"https:\/\/endorfeen.com\/fr\/#website","url":"https:\/\/endorfeen.com\/fr\/","name":"endorfeen","description":"The Media For Sustainable Outdoors.","publisher":{"@id":"https:\/\/endorfeen.com\/fr\/#organization"},"potentialAction":[{"@type":"SearchAction","target":{"@type":"EntryPoint","urlTemplate":"https:\/\/endorfeen.com\/fr\/?s={search_term_string}"},"query-input":{"@type":"PropertyValueSpecification","valueRequired":true,"valueName":"search_term_string"}}],"inLanguage":"fr-FR"},{"@type":"Organization","@id":"https:\/\/endorfeen.com\/fr\/#organization","name":"endorfeen","url":"https:\/\/endorfeen.com\/fr\/","logo":{"@type":"ImageObject","inLanguage":"fr-FR","@id":"https:\/\/endorfeen.com\/fr\/#\/schema\/logo\/image\/","url":"https:\/\/endorfeen.com\/wp-content\/uploads\/2022\/06\/Circle-endorfeen-site-icon-circled-1000-x-1000-300psi.png","contentUrl":"https:\/\/endorfeen.com\/wp-content\/uploads\/2022\/06\/Circle-endorfeen-site-icon-circled-1000-x-1000-300psi.png","width":1000,"height":1000,"caption":"endorfeen"},"image":{"@id":"https:\/\/endorfeen.com\/fr\/#\/schema\/logo\/image\/"}},{"@type":"Person","@id":"https:\/\/endorfeen.com\/fr\/#\/schema\/person\/76a61f8eb41d36fffdec1b376fcf19aa","name":"Thomas Viguier","image":{"@type":"ImageObject","inLanguage":"fr-FR","@id":"https:\/\/endorfeen.com\/fr\/#\/schema\/person\/image\/","url":"https:\/\/secure.gravatar.com\/avatar\/3c24e541f6f82c052219429c60a8948b1c9ad8eda6daf26af0a100594146ab1a?s=96&d=mm&r=g","contentUrl":"https:\/\/secure.gravatar.com\/avatar\/3c24e541f6f82c052219429c60a8948b1c9ad8eda6daf26af0a100594146ab1a?s=96&d=mm&r=g","caption":"Thomas Viguier"},"description":"Everyone has a story to tell. endorfeen is built as a collaborative platform, giving the voice to anyone with a story to tell. If you have things you want to share, register here.","sameAs":["https:\/\/www.endorfeen.com\/","http:\/\/www.facebook.com\/endorfeen-583261049007200","http:\/\/www.instagram.com\/endorfeen_\/","https:\/\/fi.pinterest.com\/endorfeen_\/","https:\/\/x.com\/https:\/\/twitter.com\/endorfeen_"],"url":"https:\/\/endorfeen.com\/fr\/linkto\/endorfeen-mag\/"}]}},"featured_image_src":"https:\/\/endorfeen.com\/wp-content\/uploads\/2023\/03\/FWT22_BAQUIERA_BERET_JBERNARD_1B8A6511_FACE_CHACK-600x400.jpg","featured_image_src_square":"https:\/\/endorfeen.com\/wp-content\/uploads\/2023\/03\/FWT22_BAQUIERA_BERET_JBERNARD_1B8A6511_FACE_CHACK-600x600.jpg","author_info":{"display_name":"Thomas Viguier","author_link":"https:\/\/endorfeen.com\/fr\/linkto\/endorfeen-mag\/"},"acf":[],"_links":{"self":[{"href":"https:\/\/endorfeen.com\/fr\/wp-json\/wp\/v2\/posts\/10143","targetHints":{"allow":["GET"]}}],"collection":[{"href":"https:\/\/endorfeen.com\/fr\/wp-json\/wp\/v2\/posts"}],"about":[{"href":"https:\/\/endorfeen.com\/fr\/wp-json\/wp\/v2\/types\/post"}],"author":[{"embeddable":true,"href":"https:\/\/endorfeen.com\/fr\/wp-json\/wp\/v2\/users\/30"}],"replies":[{"embeddable":true,"href":"https:\/\/endorfeen.com\/fr\/wp-json\/wp\/v2\/comments?post=10143"}],"version-history":[{"count":0,"href":"https:\/\/endorfeen.com\/fr\/wp-json\/wp\/v2\/posts\/10143\/revisions"}],"wp:featuredmedia":[{"embeddable":true,"href":"https:\/\/endorfeen.com\/fr\/wp-json\/wp\/v2\/media\/10140"}],"wp:attachment":[{"href":"https:\/\/endorfeen.com\/fr\/wp-json\/wp\/v2\/media?parent=10143"}],"wp:term":[{"taxonomy":"category","embeddable":true,"href":"https:\/\/endorfeen.com\/fr\/wp-json\/wp\/v2\/categories?post=10143"},{"taxonomy":"post_tag","embeddable":true,"href":"https:\/\/endorfeen.com\/fr\/wp-json\/wp\/v2\/tags?post=10143"},{"taxonomy":"sponsor","embeddable":true,"href":"https:\/\/endorfeen.com\/fr\/wp-json\/wp\/v2\/sponsor?post=10143"}],"curies":[{"name":"wp","href":"https:\/\/api.w.org\/{rel}","templated":true}]}}