{"id":10136,"date":"2022-04-08T08:00:00","date_gmt":"2022-04-08T07:00:00","guid":{"rendered":"https:\/\/endorfeen.com\/?p=10136"},"modified":"2023-08-18T11:02:41","modified_gmt":"2023-08-18T10:02:41","slug":"considerations-cles-sur-le-pergelisol","status":"publish","type":"post","link":"https:\/\/endorfeen.com\/fr\/considerations-cles-sur-le-pergelisol\/","title":{"rendered":"Consid\u00e9rations cl\u00e9s sur le perg\u00e9lisol"},"content":{"rendered":"\n<h2 class=\"wp-block-heading\" id=\"h-qu-est-ce-que-le-pergelisol\">Qu&rsquo;est-ce que le perg\u00e9lisol?<\/h2>\n\n\n\n<p>Le perg\u00e9lisol est un sol qui g\u00e8le et reste gel\u00e9 toute l&rsquo;ann\u00e9e pendant au moins deux ann\u00e9es cons\u00e9cutives.<\/p>\n\n\n\n<h3 class=\"wp-block-heading\" id=\"h-sol-gele\">Sol gel\u00e9<\/h3>\n\n\n\n<p>On le trouve dans les climats froids de hautes latitudes ou de hautes altitudes o\u00f9 le sol ne d\u00e9g\u00e8le pas enti\u00e8rement, m\u00eame en \u00e9t\u00e9. Le perg\u00e9lisol se compose de roches, de s\u00e9diments et de sol. Il contient des quantit\u00e9s variables de glace, qui agit comme un ciment pour lier les diff\u00e9rents mat\u00e9riaux ensemble.<\/p>\n\n\n\n<p>La plupart de la couche actuelle de sol gel\u00e9 s&rsquo;est form\u00e9e pendant ou depuis la derni\u00e8re \u00e8re glaciaire. Au-dessus de cette couche de glace, il y a une fine couche de sol appel\u00e9e couche active. Elle d\u00e9g\u00e8le chaque \u00e9t\u00e9 et se reg\u00e8le chaque hiver. Elle peut varier de 30 \u00e0 200 cm. En revanche, le perg\u00e9lisol peut aller jusqu&rsquo;\u00e0 1 500 m\u00e8tres de profondeur.<\/p>\n\n\n\n<p>Les cycles de gel et de d\u00e9gel r\u00e9p\u00e9t\u00e9s de la couche active des sols peuvent produire des motifs int\u00e9ressants sur le terrain. Par exemple, les polygones de coin de glace indiquent souvent la pr\u00e9sence de perg\u00e9lisol. Dans certains endroits, les conditions de froid extr\u00eame provoquent la contraction et la fissuration du sol gel\u00e9 au printemps. Pendant la fonte des neiges, les fissures se remplissent d&rsquo;eau, qui g\u00e8le dans le perg\u00e9lisol, formant une fine veine de glace verticale.<\/p>\n\n\n\n<h3 class=\"wp-block-heading\" id=\"h-un-processus-long\">Un processus long<\/h3>\n\n\n\n<p>L&rsquo;hiver suivant, le sol se contractera et se fissurera \u00e0 nouveau le long de la veine de glace existante. L&rsquo;eau remplira \u00e0 nouveau cette fissure, qui g\u00e8lera et \u00e9largira la veine de glace. Ce processus se poursuit pendant des si\u00e8cles, des mill\u00e9naires, voire des dizaines de mill\u00e9naires, formant les c\u00e9l\u00e8bres coins de glace. Actuellement, le perg\u00e9lisol se trouve dans environ <a href=\"https:\/\/nsidc.org\/cryosphere\/sotc\/permafrost.html#:~:text=Permafrost%20regions%20occupy%20approximately%2022.79,%C2%B0N%20in%20the%20Himalayas.\" target=\"_blank\" rel=\"noreferrer noopener\">25% de la surface terrestre expos\u00e9e dans l&rsquo;h\u00e9misph\u00e8re Nord<\/a> et sous les mers peu profondes, inond\u00e9es apr\u00e8s la derni\u00e8re \u00e8re glaciaire. On peut trouver des sols constamment gel\u00e9s dans de vastes r\u00e9gions de Russie, du Canada, d&rsquo;Alaska, de Chine et du Groenland.<\/p>\n\n\n\n<p>En Europe, le perg\u00e9lisol peut \u00eatre trouv\u00e9 en Scandinavie et dans les r\u00e9gions de montagne \u00e9lev\u00e9es en Allemagne, uniquement sur le soakspitzer. Cependant, l&rsquo;augmentation des temp\u00e9ratures mondiales a entra\u00een\u00e9 la lente d\u00e9gradation du perg\u00e9lisol dans le monde entier, avec des cons\u00e9quences graves.<\/p>\n\n\n\n<h2 class=\"wp-block-heading\" id=\"h-que-se-passe-t-il-lorsque-le-pergelisol-degele\">Que se passe-t-il lorsque le perg\u00e9lisol d\u00e9g\u00e8le?<\/h2>\n\n\n\n<p>En raison du <a href=\"https:\/\/endorfeen.com\/fr\/quest-ce-que-le-changement-climatique\/\">changement climatique<\/a>, le d\u00e9gel du perg\u00e9lisol a un impact massif sur les \u00e9cosyst\u00e8mes locaux, les \u00e9conomies, les paysages et la topographie. Les \u00e9t\u00e9s arctiques deviennent plus chauds et plus longs. Cela cause la p\u00e9n\u00e9tration de plus en plus profonde de la couche active dans le sol gel\u00e9 chaque ann\u00e9e. Si la couche active atteint une profondeur trop importante, elle ne peut pas geler enti\u00e8rement pendant l&rsquo;hiver. Cela cause le recul du perg\u00e9lisol chaque ann\u00e9e.<\/p>\n\n\n\n<figure class=\"wp-block-image alignwide size-full wp-block-\"><img loading=\"lazy\" decoding=\"async\" width=\"899\" height=\"650\" src=\"https:\/\/endorfeen.com\/wp-content\/uploads\/2022\/04\/permafrost3.png\" alt=\"Effet du d\u00e9gel du perg\u00e9lisol\" class=\"wp-image-2668\" srcset=\"https:\/\/endorfeen.com\/wp-content\/uploads\/2022\/04\/permafrost3-300x217.png 300w, https:\/\/endorfeen.com\/wp-content\/uploads\/2022\/04\/permafrost3-768x555.png 768w, https:\/\/endorfeen.com\/wp-content\/uploads\/2022\/04\/permafrost3.png 899w\" sizes=\"auto, (max-width: 899px) 100vw, 899px\" \/><figcaption class=\"wp-element-caption\">Un bloc qui est tomb\u00e9 dans l&rsquo;oc\u00e9an sur la c\u00f4te arctique de l&rsquo;Alaska. Cr\u00e9dit : United States Geological Survey<\/figcaption><\/figure>\n\n\n\n<p>Le perg\u00e9lisol contient de l&rsquo;eau gel\u00e9e, qui agit comme un ciment, liant les s\u00e9diments l\u00e2ches ensemble. Lorsque cette glace fond, le sol devient faible et instable.<\/p>\n\n\n\n<p>Les littoraux affaiblis, aggrav\u00e9s par le retrait de la glace de mer, des eaux plus chaudes et des saisons de temp\u00eate plus longues, deviennent plus vuln\u00e9rables \u00e0 l&rsquo;\u00e9rosion. Par cons\u00e9quent, dans les villes construites sur ce sol gel\u00e9, l&rsquo;infrastructure a \u00e9t\u00e9 construite en supposant que la base solide du perg\u00e9lisol ne changerait pas.<\/p>\n\n\n\n<p>Les sols qui fondent peuvent d\u00e9placer et faire s&rsquo;effondrer les fondations, endommageant voire d\u00e9truisant l&rsquo;infrastructure. Cela perturbe les services quotidiens et co\u00fbte des centaines de millions d&rsquo;euros aux \u00e9conomies nationales en raison des relocalisations ou de l&rsquo;augmentation des co\u00fbts de r\u00e9paration. De plus, dans les hautes altitudes et les terrains montagneux escarp\u00e9s, le d\u00e9gel du perg\u00e9lisol augmente le risque de chutes de rochers et de glissements de terrain, d\u00e9clenchant des dangers suppl\u00e9mentaires.<\/p>\n\n\n\n<p>La perte de perg\u00e9lisol a \u00e9galement un impact consid\u00e9rable sur l&rsquo;\u00e9cosyst\u00e8me. Il est imperm\u00e9able \u00e0 l&rsquo;eau. Lorsqu&rsquo;il dispara\u00eet sous des \u00e9tendues d&rsquo;eau, il peut faire suinter l&rsquo;eau au-dessus de lui \u00e0 travers le sol, entra\u00eenant la perte d&rsquo;innombrables lacs et zones humides. Le d\u00e9gel du perg\u00e9lisol pourrait entra\u00eener des cons\u00e9quences encore plus importantes, affectant la plan\u00e8te enti\u00e8re : l&rsquo;acc\u00e9l\u00e9ration du r\u00e9chauffement climatique.<\/p>\n\n\n\n<h2 class=\"wp-block-heading\" id=\"h-pourquoi-peut-il-accelerer-le-changement-climatique\">Pourquoi peut-il acc\u00e9l\u00e9rer le changement climatique ?<\/h2>\n\n\n\n<p>Des mati\u00e8res organiques, telles que des restes d&rsquo;animaux et de plantes, ont \u00e9t\u00e9 enterr\u00e9es et gel\u00e9es dans le perg\u00e9lisol pendant et depuis la derni\u00e8re \u00e8re glaciaire.<\/p>\n\n\n\n<p>Le perg\u00e9lisol a gel\u00e9 cette mati\u00e8re organique pendant des milliers d&rsquo;ann\u00e9es et l&rsquo;a pr\u00e9serv\u00e9e. Tout comme un gigantesque cong\u00e9lateur, le perg\u00e9lisol conserve cette mati\u00e8re organique pr\u00e9serv\u00e9e jusqu&rsquo;\u00e0 ce jour.<\/p>\n\n\n\n<p>Le sol qui d\u00e9g\u00e8le expose la mati\u00e8re organique aux microbes. Ils vont d\u00e9composer la mati\u00e8re organique \u00e0 base de carbone, lib\u00e9rant du dioxyde de carbone ou du m\u00e9thane dans l&rsquo;atmosph\u00e8re. Le dioxyde de carbone et le m\u00e9thane sont des gaz \u00e0 effet de serre qui emprisonnent la chaleur dans l&rsquo;atmosph\u00e8re, augmentant les temp\u00e9ratures mondiales. L&rsquo;augmentation des temp\u00e9ratures entra\u00eenerait ensuite un d\u00e9gel acc\u00e9l\u00e9r\u00e9. Cela cr\u00e9e un cycle de r\u00e9troaction appel\u00e9 \u00ab cycle de r\u00e9troaction carbone-perg\u00e9lisol \u00bb. Ce processus est irr\u00e9versible \u00e0 court terme \u00e0 l&rsquo;\u00e9chelle humaine.<\/p>\n\n\n\n<p>La mati\u00e8re organique dans le perg\u00e9lisol s&rsquo;est accumul\u00e9e pendant des dizaines de milliers d&rsquo;ann\u00e9es. Elle a contribu\u00e9 \u00e0 r\u00e9duire la teneur en carbone de l&rsquo;atmosph\u00e8re de l&rsquo;\u00e8re glaciaire. Mais maintenant, des portions de cette quantit\u00e9 massive de carbone sont lib\u00e9r\u00e9es en quelques d\u00e9cennies. Les climats plus chauds favorisent la croissance des plantes, et la v\u00e9g\u00e9tation accrue \u00e9limine une partie du dioxyde de carbone. Malheureusement, cet impact positif ne peut pas compenser pleinement les \u00e9missions de carbone bien plus <a href=\"https:\/\/www.nature.com\/articles\/s41561-019-0526-0\" target=\"_blank\" rel=\"noreferrer noopener\">importantes provenant du d\u00e9gel du perg\u00e9lisol<\/a>.<\/p>\n\n\n\n<p>Les r\u00e9gions de perg\u00e9lisol peuvent contenir environ 1 500 gigatonnes de carbone sous forme de mati\u00e8re organique gel\u00e9e. C&rsquo;est pr\u00e8s de deux fois plus que ce qui se trouve actuellement dans l&rsquo;atmosph\u00e8re.<\/p>\n\n\n\n<p>Nous estimons qu&rsquo;une grande partie de la mati\u00e8re organique gel\u00e9e pourrait d\u00e9geler et se d\u00e9composer. Cela entra\u00eenerait la lib\u00e9ration de gaz \u00e0 effet de serre suppl\u00e9mentaires dans l&rsquo;atmosph\u00e8re au cours des d\u00e9cennies suivantes.<\/p>\n\n\n\n<h2 class=\"wp-block-heading\" id=\"h-comment-pouvons-nous-mieux-comprendre-les-changements\">Comment pouvons-nous mieux comprendre les changements ?<\/h2>\n\n\n\n<h3 class=\"wp-block-heading\" id=\"h-comprendre-les-risques-du-degel-du-pergelisol\">Comprendre les risques du d\u00e9gel du perg\u00e9lisol.<\/h3>\n\n\n\n<p>Le d\u00e9gel du perg\u00e9lisol comporte de nombreux risques connus. Les effets et les dommages initiaux ont d\u00e9j\u00e0 \u00e9t\u00e9 observ\u00e9s dans de nombreuses r\u00e9gions. Cependant, l&rsquo;ampleur, le calendrier et l&rsquo;urgence de certaines de ces menaces restent incertains en raison de trop nombreuses variables changeantes. Les paysages constamment changeants, par exemple, produisent souvent des effets vari\u00e9s et oppos\u00e9s, que ce soit en raison de l&rsquo;augmentation de la v\u00e9g\u00e9tation due \u00e0 un climat plus chaud ou de l&rsquo;augmentation de la couverture neigeuse, qui isole le sol des temp\u00e9ratures d&rsquo;air froides.<\/p>\n\n\n\n<p>Dans certaines r\u00e9gions, les chercheurs ont observ\u00e9 une augmentation de l&rsquo;\u00e9paisseur de la couche active tandis que les temp\u00e9ratures du perg\u00e9lisol restent essentiellement inchang\u00e9es.<\/p>\n\n\n\n<p>La couche active est stable dans d&rsquo;autres zones, tandis que le sol sous-jacent se r\u00e9chauffe rapidement. De plus, les observations r\u00e9centes pourraient changer notre compr\u00e9hension ant\u00e9rieure. Par exemple, de grands crat\u00e8res se sont form\u00e9s en Sib\u00e9rie ; les scientifiques supposent que le gaz naturel s&rsquo;est accumul\u00e9 sous des couches de perg\u00e9lisol imperm\u00e9ables et a finalement \u00e9clat\u00e9 en une explosion, laissant derri\u00e8re lui un trou \u00e9norme. Cependant, il reste encore beaucoup \u00e0 apprendre sur cette partie gel\u00e9e du sol.<\/p>\n\n\n\n<figure class=\"wp-block-image size-large wp-block-\"><img loading=\"lazy\" decoding=\"async\" width=\"1024\" height=\"683\" src=\"https:\/\/endorfeen.com\/wp-content\/uploads\/2022\/04\/Thawing_permafrost_pillars-1024x683.jpeg\" alt=\"Paysage de toundra polygonale et lacs en \u00e9t\u00e9 (Getty Images)\" class=\"wp-image-2674\" srcset=\"https:\/\/endorfeen.com\/wp-content\/uploads\/2022\/04\/Thawing_permafrost_pillars-300x200.jpeg 300w, https:\/\/endorfeen.com\/wp-content\/uploads\/2022\/04\/Thawing_permafrost_pillars-600x400.jpeg 600w, https:\/\/endorfeen.com\/wp-content\/uploads\/2022\/04\/Thawing_permafrost_pillars-768x512.jpeg 768w, https:\/\/endorfeen.com\/wp-content\/uploads\/2022\/04\/Thawing_permafrost_pillars-1024x683.jpeg 1024w, https:\/\/endorfeen.com\/wp-content\/uploads\/2022\/04\/Thawing_permafrost_pillars-1536x1024.jpeg 1536w, https:\/\/endorfeen.com\/wp-content\/uploads\/2022\/04\/Thawing_permafrost_pillars.jpeg 1920w\" sizes=\"auto, (max-width: 1024px) 100vw, 1024px\" \/><figcaption class=\"wp-element-caption\">Paysage de toundra polygonale et lacs en \u00e9t\u00e9 (<a href=\"https:\/\/www.esa.int\/Applications\/Observing_the_Earth\/Permafrost_thaw_could_release_bacteria_and_viruses\" target=\"_blank\" rel=\"noreferrer noopener nofollow\">Getty Images<\/a>)<\/figcaption><\/figure>\n\n\n\n<h3 class=\"wp-block-heading\">Organisations<\/h3>\n\n\n\n<p>Dans le but de mieux comprendre, les chercheurs en climatologie et en g\u00e9osciences ont cr\u00e9\u00e9 le <a href=\"https:\/\/gtnp.arcticportal.org\/\" target=\"_blank\" rel=\"noreferrer noopener\">R\u00e9seau terrestre mondial pour le perg\u00e9lisol<\/a>. L&rsquo;objectif est d&rsquo;organiser et de g\u00e9rer un r\u00e9seau mondial d&rsquo;observations pour surveiller les changements.<\/p>\n\n\n\n<p>Ces r\u00e9seaux collectent des donn\u00e9es dans une base de donn\u00e9es centralis\u00e9e et les mettent \u00e0 disposition du public. Cela fournit aux chercheurs int\u00e9ress\u00e9s du monde entier des informations pr\u00e9cieuses sur l&rsquo;\u00e9tendue, la distribution, la vuln\u00e9rabilit\u00e9 et le comportement du perg\u00e9lisol.<\/p>\n\n\n\n<p>Cependant, il est n\u00e9cessaire de mesurer r\u00e9guli\u00e8rement davantage de param\u00e8tres cl\u00e9s pour mieux surveiller l&rsquo;\u00e9tat du perg\u00e9lisol. Le perg\u00e9lisol dans le monde a commenc\u00e9 \u00e0 changer. Il ne semble plus si permanent. La communaut\u00e9 internationale doit prendre en compte ces changements imminents. Gr\u00e2ce \u00e0 l&rsquo;action coordonn\u00e9e des gouvernements nationaux et des organisations internationales, nous pouvons disposer des outils et des connaissances pour g\u00e9rer les impacts de la d\u00e9gradation du perg\u00e9lisol dans un climat en r\u00e9chauffement.<\/p>\n","protected":false},"excerpt":{"rendered":"<p>Qu&rsquo;est-ce que le perg\u00e9lisol? Le perg\u00e9lisol est un sol qui g\u00e8le et reste gel\u00e9 toute l&rsquo;ann\u00e9e pendant au moins deux ann\u00e9es cons\u00e9cutives. Sol gel\u00e9 On le trouve dans les climats froids de hautes latitudes ou de hautes altitudes o\u00f9 le sol ne d\u00e9g\u00e8le pas enti\u00e8rement, m\u00eame en \u00e9t\u00e9. Le perg\u00e9lisol se compose de roches, de &hellip;<\/p>\n","protected":false},"author":30,"featured_media":2667,"comment_status":"closed","ping_status":"closed","sticky":false,"template":"","format":"standard","meta":{"_acf_changed":false,"_genesis_hide_title":false,"_genesis_hide_breadcrumbs":false,"_genesis_hide_singular_image":false,"_genesis_hide_footer_widgets":false,"_genesis_custom_body_class":"","_genesis_custom_post_class":"","_genesis_layout":"","footnotes":""},"categories":[261,610],"tags":[262,169,268,181],"sponsor":[1087],"class_list":{"2":"type-post","7":"category-durabilite","8":"category-terre","9":"tag-climat","10":"tag-montagnes","11":"tag-pergelisol","12":"tag-montagnes-fr","13":"sponsor-endorfeen","14":"entry"},"yoast_head":"<!-- This site is optimized with the Yoast SEO Premium plugin v26.2 (Yoast SEO v26.2) - https:\/\/yoast.com\/wordpress\/plugins\/seo\/ -->\n<title>Consid\u00e9rations cl\u00e9s sur le perg\u00e9lisol - endorfeen<\/title>\n<meta name=\"description\" content=\"Pourquoi le perg\u00e9lisol est-il important ? Le perg\u00e9lisol est du sol gel\u00e9, qui reste gel\u00e9 toute l&#039;ann\u00e9e pendant au moins deux ann\u00e9es...\" \/>\n<meta name=\"robots\" content=\"index, follow, max-snippet:-1, max-image-preview:large, max-video-preview:-1\" \/>\n<link rel=\"canonical\" href=\"https:\/\/endorfeen.com\/fr\/considerations-cles-sur-le-pergelisol\/\" \/>\n<meta property=\"og:locale\" content=\"fr_FR\" \/>\n<meta property=\"og:type\" content=\"article\" \/>\n<meta property=\"og:title\" content=\"Consid\u00e9rations cl\u00e9s sur le perg\u00e9lisol\" \/>\n<meta property=\"og:description\" content=\"Pourquoi le perg\u00e9lisol est-il important ? Le perg\u00e9lisol est du sol gel\u00e9, qui reste gel\u00e9 toute l&#039;ann\u00e9e pendant au moins deux ann\u00e9es...\" \/>\n<meta property=\"og:url\" content=\"https:\/\/endorfeen.com\/fr\/considerations-cles-sur-le-pergelisol\/\" \/>\n<meta property=\"og:site_name\" content=\"endorfeen\" \/>\n<meta property=\"article:author\" content=\"http:\/\/www.facebook.com\/endorfeen-583261049007200\" \/>\n<meta property=\"article:published_time\" content=\"2022-04-08T07:00:00+00:00\" \/>\n<meta property=\"article:modified_time\" content=\"2023-08-18T10:02:41+00:00\" \/>\n<meta property=\"og:image\" content=\"https:\/\/endorfeen.com\/wp-content\/uploads\/2022\/04\/lucas-marcomini-05ydp71EkpU-unsplash.jpg\" \/>\n\t<meta property=\"og:image:width\" content=\"2000\" \/>\n\t<meta property=\"og:image:height\" content=\"1354\" \/>\n\t<meta property=\"og:image:type\" content=\"image\/jpeg\" \/>\n<meta name=\"author\" content=\"Thomas Viguier\" \/>\n<meta name=\"twitter:card\" content=\"summary_large_image\" \/>\n<meta name=\"twitter:creator\" content=\"@https:\/\/twitter.com\/endorfeen_\" \/>\n<meta name=\"twitter:label1\" content=\"\u00c9crit par\" \/>\n\t<meta name=\"twitter:data1\" content=\"Thomas Viguier\" \/>\n\t<meta name=\"twitter:label2\" content=\"Dur\u00e9e de lecture estim\u00e9e\" \/>\n\t<meta name=\"twitter:data2\" content=\"7 minutes\" \/>\n<script type=\"application\/ld+json\" class=\"yoast-schema-graph\">{\"@context\":\"https:\/\/schema.org\",\"@graph\":[{\"@type\":\"Article\",\"@id\":\"https:\/\/endorfeen.com\/fr\/considerations-cles-sur-le-pergelisol\/#article\",\"isPartOf\":{\"@id\":\"https:\/\/endorfeen.com\/fr\/considerations-cles-sur-le-pergelisol\/\"},\"author\":{\"name\":\"Thomas Viguier\",\"@id\":\"https:\/\/endorfeen.com\/fr\/#\/schema\/person\/76a61f8eb41d36fffdec1b376fcf19aa\"},\"headline\":\"Consid\u00e9rations cl\u00e9s sur le perg\u00e9lisol\",\"datePublished\":\"2022-04-08T07:00:00+00:00\",\"dateModified\":\"2023-08-18T10:02:41+00:00\",\"mainEntityOfPage\":{\"@id\":\"https:\/\/endorfeen.com\/fr\/considerations-cles-sur-le-pergelisol\/\"},\"wordCount\":1600,\"publisher\":{\"@id\":\"https:\/\/endorfeen.com\/fr\/#organization\"},\"image\":{\"@id\":\"https:\/\/endorfeen.com\/fr\/considerations-cles-sur-le-pergelisol\/#primaryimage\"},\"thumbnailUrl\":\"https:\/\/endorfeen.com\/wp-content\/uploads\/2022\/04\/lucas-marcomini-05ydp71EkpU-unsplash.jpg\",\"keywords\":[\"#climat\",\"#montagnes\",\"#pergelisol\",\"Montagnes\"],\"articleSection\":[\"Durabilit\u00e9\",\"Terre\"],\"inLanguage\":\"fr-FR\"},{\"@type\":\"WebPage\",\"@id\":\"https:\/\/endorfeen.com\/fr\/considerations-cles-sur-le-pergelisol\/\",\"url\":\"https:\/\/endorfeen.com\/fr\/considerations-cles-sur-le-pergelisol\/\",\"name\":\"Consid\u00e9rations cl\u00e9s sur le perg\u00e9lisol - endorfeen\",\"isPartOf\":{\"@id\":\"https:\/\/endorfeen.com\/fr\/#website\"},\"primaryImageOfPage\":{\"@id\":\"https:\/\/endorfeen.com\/fr\/considerations-cles-sur-le-pergelisol\/#primaryimage\"},\"image\":{\"@id\":\"https:\/\/endorfeen.com\/fr\/considerations-cles-sur-le-pergelisol\/#primaryimage\"},\"thumbnailUrl\":\"https:\/\/endorfeen.com\/wp-content\/uploads\/2022\/04\/lucas-marcomini-05ydp71EkpU-unsplash.jpg\",\"datePublished\":\"2022-04-08T07:00:00+00:00\",\"dateModified\":\"2023-08-18T10:02:41+00:00\",\"description\":\"Pourquoi le perg\u00e9lisol est-il important ? Le perg\u00e9lisol est du sol gel\u00e9, qui reste gel\u00e9 toute l'ann\u00e9e pendant au moins deux ann\u00e9es...\",\"breadcrumb\":{\"@id\":\"https:\/\/endorfeen.com\/fr\/considerations-cles-sur-le-pergelisol\/#breadcrumb\"},\"inLanguage\":\"fr-FR\",\"potentialAction\":[{\"@type\":\"ReadAction\",\"target\":[\"https:\/\/endorfeen.com\/fr\/considerations-cles-sur-le-pergelisol\/\"]}]},{\"@type\":\"ImageObject\",\"inLanguage\":\"fr-FR\",\"@id\":\"https:\/\/endorfeen.com\/fr\/considerations-cles-sur-le-pergelisol\/#primaryimage\",\"url\":\"https:\/\/endorfeen.com\/wp-content\/uploads\/2022\/04\/lucas-marcomini-05ydp71EkpU-unsplash.jpg\",\"contentUrl\":\"https:\/\/endorfeen.com\/wp-content\/uploads\/2022\/04\/lucas-marcomini-05ydp71EkpU-unsplash.jpg\",\"width\":2000,\"height\":1354,\"caption\":\"Glacier by Lucas Marcomini\"},{\"@type\":\"BreadcrumbList\",\"@id\":\"https:\/\/endorfeen.com\/fr\/considerations-cles-sur-le-pergelisol\/#breadcrumb\",\"itemListElement\":[{\"@type\":\"ListItem\",\"position\":1,\"name\":\"Home\",\"item\":\"https:\/\/endorfeen.com\/fr\/\"},{\"@type\":\"ListItem\",\"position\":2,\"name\":\"Consid\u00e9rations cl\u00e9s sur le perg\u00e9lisol\"}]},{\"@type\":\"WebSite\",\"@id\":\"https:\/\/endorfeen.com\/fr\/#website\",\"url\":\"https:\/\/endorfeen.com\/fr\/\",\"name\":\"endorfeen\",\"description\":\"The Media For Sustainable Outdoors.\",\"publisher\":{\"@id\":\"https:\/\/endorfeen.com\/fr\/#organization\"},\"potentialAction\":[{\"@type\":\"SearchAction\",\"target\":{\"@type\":\"EntryPoint\",\"urlTemplate\":\"https:\/\/endorfeen.com\/fr\/?s={search_term_string}\"},\"query-input\":{\"@type\":\"PropertyValueSpecification\",\"valueRequired\":true,\"valueName\":\"search_term_string\"}}],\"inLanguage\":\"fr-FR\"},{\"@type\":\"Organization\",\"@id\":\"https:\/\/endorfeen.com\/fr\/#organization\",\"name\":\"endorfeen\",\"url\":\"https:\/\/endorfeen.com\/fr\/\",\"logo\":{\"@type\":\"ImageObject\",\"inLanguage\":\"fr-FR\",\"@id\":\"https:\/\/endorfeen.com\/fr\/#\/schema\/logo\/image\/\",\"url\":\"https:\/\/endorfeen.com\/wp-content\/uploads\/2022\/06\/Circle-endorfeen-site-icon-circled-1000-x-1000-300psi.png\",\"contentUrl\":\"https:\/\/endorfeen.com\/wp-content\/uploads\/2022\/06\/Circle-endorfeen-site-icon-circled-1000-x-1000-300psi.png\",\"width\":1000,\"height\":1000,\"caption\":\"endorfeen\"},\"image\":{\"@id\":\"https:\/\/endorfeen.com\/fr\/#\/schema\/logo\/image\/\"}},{\"@type\":\"Person\",\"@id\":\"https:\/\/endorfeen.com\/fr\/#\/schema\/person\/76a61f8eb41d36fffdec1b376fcf19aa\",\"name\":\"Thomas Viguier\",\"image\":{\"@type\":\"ImageObject\",\"inLanguage\":\"fr-FR\",\"@id\":\"https:\/\/endorfeen.com\/fr\/#\/schema\/person\/image\/\",\"url\":\"https:\/\/secure.gravatar.com\/avatar\/3c24e541f6f82c052219429c60a8948b1c9ad8eda6daf26af0a100594146ab1a?s=96&d=mm&r=g\",\"contentUrl\":\"https:\/\/secure.gravatar.com\/avatar\/3c24e541f6f82c052219429c60a8948b1c9ad8eda6daf26af0a100594146ab1a?s=96&d=mm&r=g\",\"caption\":\"Thomas Viguier\"},\"description\":\"Everyone has a story to tell. endorfeen is built as a collaborative platform, giving the voice to anyone with a story to tell. If you have things you want to share, register here.\",\"sameAs\":[\"https:\/\/www.endorfeen.com\/\",\"http:\/\/www.facebook.com\/endorfeen-583261049007200\",\"http:\/\/www.instagram.com\/endorfeen_\/\",\"https:\/\/fi.pinterest.com\/endorfeen_\/\",\"https:\/\/x.com\/https:\/\/twitter.com\/endorfeen_\"],\"url\":\"https:\/\/endorfeen.com\/fr\/linkto\/endorfeen-mag\/\"}]}<\/script>\n<!-- \/ Yoast SEO Premium plugin. -->","yoast_head_json":{"title":"Consid\u00e9rations cl\u00e9s sur le perg\u00e9lisol - endorfeen","description":"Pourquoi le perg\u00e9lisol est-il important ? Le perg\u00e9lisol est du sol gel\u00e9, qui reste gel\u00e9 toute l'ann\u00e9e pendant au moins deux ann\u00e9es...","robots":{"index":"index","follow":"follow","max-snippet":"max-snippet:-1","max-image-preview":"max-image-preview:large","max-video-preview":"max-video-preview:-1"},"canonical":"https:\/\/endorfeen.com\/fr\/considerations-cles-sur-le-pergelisol\/","og_locale":"fr_FR","og_type":"article","og_title":"Consid\u00e9rations cl\u00e9s sur le perg\u00e9lisol","og_description":"Pourquoi le perg\u00e9lisol est-il important ? Le perg\u00e9lisol est du sol gel\u00e9, qui reste gel\u00e9 toute l'ann\u00e9e pendant au moins deux ann\u00e9es...","og_url":"https:\/\/endorfeen.com\/fr\/considerations-cles-sur-le-pergelisol\/","og_site_name":"endorfeen","article_author":"http:\/\/www.facebook.com\/endorfeen-583261049007200","article_published_time":"2022-04-08T07:00:00+00:00","article_modified_time":"2023-08-18T10:02:41+00:00","og_image":[{"width":2000,"height":1354,"url":"https:\/\/endorfeen.com\/wp-content\/uploads\/2022\/04\/lucas-marcomini-05ydp71EkpU-unsplash.jpg","type":"image\/jpeg"}],"author":"Thomas Viguier","twitter_card":"summary_large_image","twitter_creator":"@https:\/\/twitter.com\/endorfeen_","twitter_misc":{"\u00c9crit par":"Thomas Viguier","Dur\u00e9e de lecture estim\u00e9e":"7 minutes"},"schema":{"@context":"https:\/\/schema.org","@graph":[{"@type":"Article","@id":"https:\/\/endorfeen.com\/fr\/considerations-cles-sur-le-pergelisol\/#article","isPartOf":{"@id":"https:\/\/endorfeen.com\/fr\/considerations-cles-sur-le-pergelisol\/"},"author":{"name":"Thomas Viguier","@id":"https:\/\/endorfeen.com\/fr\/#\/schema\/person\/76a61f8eb41d36fffdec1b376fcf19aa"},"headline":"Consid\u00e9rations cl\u00e9s sur le perg\u00e9lisol","datePublished":"2022-04-08T07:00:00+00:00","dateModified":"2023-08-18T10:02:41+00:00","mainEntityOfPage":{"@id":"https:\/\/endorfeen.com\/fr\/considerations-cles-sur-le-pergelisol\/"},"wordCount":1600,"publisher":{"@id":"https:\/\/endorfeen.com\/fr\/#organization"},"image":{"@id":"https:\/\/endorfeen.com\/fr\/considerations-cles-sur-le-pergelisol\/#primaryimage"},"thumbnailUrl":"https:\/\/endorfeen.com\/wp-content\/uploads\/2022\/04\/lucas-marcomini-05ydp71EkpU-unsplash.jpg","keywords":["#climat","#montagnes","#pergelisol","Montagnes"],"articleSection":["Durabilit\u00e9","Terre"],"inLanguage":"fr-FR"},{"@type":"WebPage","@id":"https:\/\/endorfeen.com\/fr\/considerations-cles-sur-le-pergelisol\/","url":"https:\/\/endorfeen.com\/fr\/considerations-cles-sur-le-pergelisol\/","name":"Consid\u00e9rations cl\u00e9s sur le perg\u00e9lisol - endorfeen","isPartOf":{"@id":"https:\/\/endorfeen.com\/fr\/#website"},"primaryImageOfPage":{"@id":"https:\/\/endorfeen.com\/fr\/considerations-cles-sur-le-pergelisol\/#primaryimage"},"image":{"@id":"https:\/\/endorfeen.com\/fr\/considerations-cles-sur-le-pergelisol\/#primaryimage"},"thumbnailUrl":"https:\/\/endorfeen.com\/wp-content\/uploads\/2022\/04\/lucas-marcomini-05ydp71EkpU-unsplash.jpg","datePublished":"2022-04-08T07:00:00+00:00","dateModified":"2023-08-18T10:02:41+00:00","description":"Pourquoi le perg\u00e9lisol est-il important ? Le perg\u00e9lisol est du sol gel\u00e9, qui reste gel\u00e9 toute l'ann\u00e9e pendant au moins deux ann\u00e9es...","breadcrumb":{"@id":"https:\/\/endorfeen.com\/fr\/considerations-cles-sur-le-pergelisol\/#breadcrumb"},"inLanguage":"fr-FR","potentialAction":[{"@type":"ReadAction","target":["https:\/\/endorfeen.com\/fr\/considerations-cles-sur-le-pergelisol\/"]}]},{"@type":"ImageObject","inLanguage":"fr-FR","@id":"https:\/\/endorfeen.com\/fr\/considerations-cles-sur-le-pergelisol\/#primaryimage","url":"https:\/\/endorfeen.com\/wp-content\/uploads\/2022\/04\/lucas-marcomini-05ydp71EkpU-unsplash.jpg","contentUrl":"https:\/\/endorfeen.com\/wp-content\/uploads\/2022\/04\/lucas-marcomini-05ydp71EkpU-unsplash.jpg","width":2000,"height":1354,"caption":"Glacier by Lucas Marcomini"},{"@type":"BreadcrumbList","@id":"https:\/\/endorfeen.com\/fr\/considerations-cles-sur-le-pergelisol\/#breadcrumb","itemListElement":[{"@type":"ListItem","position":1,"name":"Home","item":"https:\/\/endorfeen.com\/fr\/"},{"@type":"ListItem","position":2,"name":"Consid\u00e9rations cl\u00e9s sur le perg\u00e9lisol"}]},{"@type":"WebSite","@id":"https:\/\/endorfeen.com\/fr\/#website","url":"https:\/\/endorfeen.com\/fr\/","name":"endorfeen","description":"The Media For Sustainable Outdoors.","publisher":{"@id":"https:\/\/endorfeen.com\/fr\/#organization"},"potentialAction":[{"@type":"SearchAction","target":{"@type":"EntryPoint","urlTemplate":"https:\/\/endorfeen.com\/fr\/?s={search_term_string}"},"query-input":{"@type":"PropertyValueSpecification","valueRequired":true,"valueName":"search_term_string"}}],"inLanguage":"fr-FR"},{"@type":"Organization","@id":"https:\/\/endorfeen.com\/fr\/#organization","name":"endorfeen","url":"https:\/\/endorfeen.com\/fr\/","logo":{"@type":"ImageObject","inLanguage":"fr-FR","@id":"https:\/\/endorfeen.com\/fr\/#\/schema\/logo\/image\/","url":"https:\/\/endorfeen.com\/wp-content\/uploads\/2022\/06\/Circle-endorfeen-site-icon-circled-1000-x-1000-300psi.png","contentUrl":"https:\/\/endorfeen.com\/wp-content\/uploads\/2022\/06\/Circle-endorfeen-site-icon-circled-1000-x-1000-300psi.png","width":1000,"height":1000,"caption":"endorfeen"},"image":{"@id":"https:\/\/endorfeen.com\/fr\/#\/schema\/logo\/image\/"}},{"@type":"Person","@id":"https:\/\/endorfeen.com\/fr\/#\/schema\/person\/76a61f8eb41d36fffdec1b376fcf19aa","name":"Thomas Viguier","image":{"@type":"ImageObject","inLanguage":"fr-FR","@id":"https:\/\/endorfeen.com\/fr\/#\/schema\/person\/image\/","url":"https:\/\/secure.gravatar.com\/avatar\/3c24e541f6f82c052219429c60a8948b1c9ad8eda6daf26af0a100594146ab1a?s=96&d=mm&r=g","contentUrl":"https:\/\/secure.gravatar.com\/avatar\/3c24e541f6f82c052219429c60a8948b1c9ad8eda6daf26af0a100594146ab1a?s=96&d=mm&r=g","caption":"Thomas Viguier"},"description":"Everyone has a story to tell. endorfeen is built as a collaborative platform, giving the voice to anyone with a story to tell. If you have things you want to share, register here.","sameAs":["https:\/\/www.endorfeen.com\/","http:\/\/www.facebook.com\/endorfeen-583261049007200","http:\/\/www.instagram.com\/endorfeen_\/","https:\/\/fi.pinterest.com\/endorfeen_\/","https:\/\/x.com\/https:\/\/twitter.com\/endorfeen_"],"url":"https:\/\/endorfeen.com\/fr\/linkto\/endorfeen-mag\/"}]}},"featured_image_src":"https:\/\/endorfeen.com\/wp-content\/uploads\/2022\/04\/lucas-marcomini-05ydp71EkpU-unsplash-600x400.jpg","featured_image_src_square":"https:\/\/endorfeen.com\/wp-content\/uploads\/2022\/04\/lucas-marcomini-05ydp71EkpU-unsplash-600x600.jpg","author_info":{"display_name":"Thomas Viguier","author_link":"https:\/\/endorfeen.com\/fr\/linkto\/endorfeen-mag\/"},"acf":[],"_links":{"self":[{"href":"https:\/\/endorfeen.com\/fr\/wp-json\/wp\/v2\/posts\/10136","targetHints":{"allow":["GET"]}}],"collection":[{"href":"https:\/\/endorfeen.com\/fr\/wp-json\/wp\/v2\/posts"}],"about":[{"href":"https:\/\/endorfeen.com\/fr\/wp-json\/wp\/v2\/types\/post"}],"author":[{"embeddable":true,"href":"https:\/\/endorfeen.com\/fr\/wp-json\/wp\/v2\/users\/30"}],"replies":[{"embeddable":true,"href":"https:\/\/endorfeen.com\/fr\/wp-json\/wp\/v2\/comments?post=10136"}],"version-history":[{"count":0,"href":"https:\/\/endorfeen.com\/fr\/wp-json\/wp\/v2\/posts\/10136\/revisions"}],"wp:featuredmedia":[{"embeddable":true,"href":"https:\/\/endorfeen.com\/fr\/wp-json\/wp\/v2\/media\/2667"}],"wp:attachment":[{"href":"https:\/\/endorfeen.com\/fr\/wp-json\/wp\/v2\/media?parent=10136"}],"wp:term":[{"taxonomy":"category","embeddable":true,"href":"https:\/\/endorfeen.com\/fr\/wp-json\/wp\/v2\/categories?post=10136"},{"taxonomy":"post_tag","embeddable":true,"href":"https:\/\/endorfeen.com\/fr\/wp-json\/wp\/v2\/tags?post=10136"},{"taxonomy":"sponsor","embeddable":true,"href":"https:\/\/endorfeen.com\/fr\/wp-json\/wp\/v2\/sponsor?post=10136"}],"curies":[{"name":"wp","href":"https:\/\/api.w.org\/{rel}","templated":true}]}}